{"id":188929,"date":"2026-09-02T09:09:10","date_gmt":"2026-09-02T09:09:10","guid":{"rendered":"https:\/\/raed.academy\/?p=188929"},"modified":"2026-09-02T09:09:10","modified_gmt":"2026-09-02T09:09:10","slug":"set-decades-vetllant-per-la-seguretat-viaria","status":"publish","type":"post","link":"https:\/\/raed.academy\/ca\/set-decades-vetllant-per-la-seguretat-viaria\/","title":{"rendered":"Set d\u00e8cades vetllant per la seguretat vi\u00e0ria"},"content":{"rendered":"<div id=\"attachment_181478\" style=\"width: 240px\" class=\"wp-caption alignleft\"><img loading=\"lazy\" decoding=\"async\" aria-describedby=\"caption-attachment-181478\" class=\"wp-image-181478 size-full\" src=\"https:\/\/raed.academy\/wp-content\/uploads\/2026\/03\/Dr-Francisco-Lopez-Munoz-imgcp-0.73.webp\" alt=\"Francisco L\u00f3pez Mu\u00f1oz\" width=\"230\" height=\"317\" \/><p id=\"caption-attachment-181478\" class=\"wp-caption-text\">Dr. Francisco L\u00f3pez Mu\u00f1oz<\/p><\/div>\n<p><a href=\"https:\/\/raed.academy\/academicos\/dr-francisco-lopez-munoz\/\" target=\"_blank\" rel=\"noopener noreferrer\"><em><strong>Francisco L\u00f3pez Mu\u00f1oz<\/strong><\/em><\/a>, catedr\u00e0tic de Farmacologia i vicerector d&#8217;Investigaci\u00f3, Ci\u00e8ncia i Doctorat de la <strong>Universitat Camilo Jos\u00e9 Cela<\/strong>, acad\u00e8mic corresponent de la <strong>Real Acad\u00e8mia de Medicina del Pa\u00eds Basc <\/strong>i d&#8217;altres acad\u00e8mies nacionals i internacionals i acad\u00e8mic de n\u00famero de la <strong>Real Acad\u00e8mia Europea de Doctors<\/strong> (RAED), aborda el naixement de la seguretat vi\u00e0ria a Espanya en l&#8217;article <strong>&#8220;Creaci\u00f3 de l&#8217;Agrupaci\u00f3 de Tr\u00e0nsit de la Gu\u00e0rdia Civil&#8221;<\/strong>, aparegut aquest mes d&#8217;agost a la secci\u00f3 d&#8217;efem\u00e8rides que publica l&#8217;<strong>Acad\u00e8mia de les Ci\u00e8ncies i les Arts Militars<\/strong>, de la qual \u00e9s membre corresponent. L&#8217;expert va publicar recentment en aquesta mateixa secci\u00f3 l&#8217;article <strong>&#8220;L&#8217;atemptat terrorista de la pla\u00e7a de la Rep\u00fablica Dominicana contra la Gu\u00e0rdia Civil i el canvi de paradigma en la lluita contra ETA&#8221;<\/strong>, rememorant un dels actes m\u00e9s violents de la banda terrorista.<\/p>\n<p>L&#8217;acad\u00e8mic recorda com el 26 d&#8217;agost de 1959 es va crear oficialment l&#8217;<strong>Agrupaci\u00f3 de Tr\u00e0nsit<\/strong> de la <strong>Gu\u00e0rdia Civil<\/strong>, una fita clau en la modernitzaci\u00f3 de la seguretat vi\u00e0ria a Espanya. Encara que la vigil\u00e0ncia de camins i comunicacions terrestres formava part de les missions del cos des de la seva fundaci\u00f3 el 1844, el fort creixement del parc automobil\u00edstic durant els anys cinquanta va fer imprescindible una estructura especialitzada i permanent. Els seus antecedents m\u00e9s immediats, assenyala, es remunten al <strong>Cos de Vigilants de Camins<\/strong> de 1929 i, despr\u00e9s de la Guerra Civil, al <strong>Cos de Policia Armada i de Tr\u00e0nsit<\/strong> de 1941. Tanmateix, els elevats \u00edndexs d&#8217;accidentalitat, amb m\u00e9s de 1.700 morts en sinistres relacionats amb el tr\u00e0nsit el 1958, i els assajos pilot iniciats el 1953 a les carreteres d&#8217;acc\u00e9s a Madrid van impulsar una reforma profunda.<\/p>\n<p>L&#8217;Agrupaci\u00f3 va n\u00e9ixer amb una plantilla de 402 gu\u00e0rdies civils, sota el comandament d&#8217;un coronel, i estava integrada per motoristes vestits amb cascos verds, jaquetes de cuir marr\u00f3 i botes de muntar; especialistes en atestats, conductors i mec\u00e0nics. El seu primer servei operatiu es va realitzar la nit del 5 al 6 de setembre de 1959 a la carretera N-V, entre Madrid i Talavera de la Reina, i ja en aquella jornada va salvar la vida d&#8217;una menor greument malalta, simbolitzant la seva doble vocaci\u00f3 preventiva i humanit\u00e0ria. Mesos despr\u00e9s, el 21 de desembre, el <strong>Sector de Madrid<\/strong> va escortar el president nord-americ\u00e0 <strong>Dwight Eisenhower<\/strong> durant la seva visita a Espanya. Per a l&#8217;expert, l&#8217;Agrupaci\u00f3 va professionalitzar la vigil\u00e0ncia del tr\u00e0nsit, va homogene\u00eftzar procediments de regulaci\u00f3, investigaci\u00f3 d&#8217;accidents i auxili, i es va convertir amb el temps en un instrument essencial de les pol\u00edtiques de seguretat vi\u00e0ria.<\/p>\n<p><img loading=\"lazy\" decoding=\"async\" class=\"size-full wp-image-188873 alignright\" src=\"https:\/\/raed.academy\/wp-content\/uploads\/2026\/08\/seguridad-vial-conos-de-trafico-carretera-shutt-1.67.webp\" alt=\"\" width=\"600\" height=\"360\" srcset=\"https:\/\/raed.academy\/wp-content\/uploads\/2026\/08\/seguridad-vial-conos-de-trafico-carretera-shutt-1.67.webp 600w, https:\/\/raed.academy\/wp-content\/uploads\/2026\/08\/seguridad-vial-conos-de-trafico-carretera-shutt-1.67-440x264.webp 440w\" sizes=\"(max-width: 600px) 100vw, 600px\" \/>Reconegut divulgador de la hist\u00f2ria contempor\u00e0nia, la literatura espanyola dels Segles d&#8217;Or i la medicina i farmacologia, L\u00f3pez Mu\u00f1oz \u00e9s doctor en Medicina i Cirurgia i doctor en Llengua i Literatura Espanyoles, especialista en Medicina Farmac\u00e8utica i diplomat en Estudis sobre l&#8217;Holocaust per l&#8217;<strong>Escola Internacional per als Estudis de l&#8217;Holocaust<\/strong> de Yad Vashem, a Jerusalem. \u00c9s investigador de l&#8217;<strong>Institut de Recerca Hospital 12 de Octubre <\/strong>de Madrid, membre del <strong>Consell Rector<\/strong> de l&#8217;<strong>Institut de Recerca Sanit\u00e0ria HM Hospitales<\/strong> i de l&#8217;<strong>Institut d&#8217;Estudis Medievals i del Segle d&#8217;Or Miguel de Cervantes<\/strong> de la <strong>Universitat d&#8217;Alcal\u00e1 de Henares<\/strong>, vocal del <strong>Consell de Ci\u00e8ncia i Tecnologia de la Comunitat de Madrid<\/strong>, assessor cient\u00edfic del <strong>Comit\u00e8 Iberoameric\u00e0 d&#8217;\u00c8tica i Bio\u00e8tica<\/strong>, membre del <strong>Comit\u00e8 d&#8217;Observaci\u00f3<\/strong> de l&#8217;<strong>Observatori de Drets Humans d&#8217;Espanya<\/strong>, del <strong>Cap\u00edtol Espanyol<\/strong> del <strong>Club de Roma<\/strong> i membre d&#8217;honor de la <strong>Fundaci\u00f3 Ghandi-Mandela<\/strong>.<\/p>\n<p>Ha participat en nombroses investigacions i \u00e9s autor de monografies i articles en les seves \u00e0rees de recerca. Recentment ha estat<span class=\"TextRun SCXW182166074 BCX0\" lang=\"ES-ES\" xml:lang=\"ES-ES\" data-contrast=\"auto\"><span class=\"NormalTextRun SCXW182166074 BCX0\"> nomenat de forma honor\u00edfica coronel de Kentucky i<\/span><\/span> <strong>Gu\u00e0rdia Civil Honorari<\/strong>, coincidint amb el 25\u00e8 aniversari de la creaci\u00f3 d&#8217;aquesta figura, la m\u00e0xima distinci\u00f3 civil del cos, que s&#8217;atorga de forma excepcional, i el passat 20 de mar\u00e7 va ser reconegut amb la <strong>Medalla al M\u00e8rit en la Ciberdefensa<\/strong> que atorga l&#8217;<strong>Associaci\u00f3 Professional de Perits de Noves Tecnologies<\/strong>.<\/p>\n<h2><a href=\"https:\/\/www.acami.es\/efemerides\/26-de-agosto-de-1959\/\" target=\"_blank\" rel=\"noopener\">Llegir l&#8217;article<\/a><\/h2>\n","protected":false},"excerpt":{"rendered":"<p>Francisco L\u00f3pez Mu\u00f1oz aborda el naixement de la seguretat vi\u00e0ria a Espanya a l&#8217;article &#8220;Creaci\u00f3n de la Agrupaci\u00f3n de Tr\u00e1fico de la Guardia Civil&#8221;<\/p>\n","protected":false},"author":16,"featured_media":188874,"comment_status":"closed","ping_status":"closed","sticky":false,"template":"","format":"standard","meta":{"_et_pb_use_builder":"","_et_pb_old_content":"","_et_gb_content_width":"","footnotes":""},"categories":[242,404],"tags":[],"class_list":["post-188929","post","type-post","status-publish","format-standard","has-post-thumbnail","hentry","category-categ-historia","category-historia-nacional-ca","et-has-post-format-content","et_post_format-et-post-format-standard"],"yoast_head":"<!-- This site is optimized with the Yoast SEO plugin v28.4 - https:\/\/yoast.com\/product\/yoast-seo-wordpress\/ -->\n<title>Set d\u00e8cades vetllant per la seguretat vi\u00e0ria - Reial Acad\u00e8mia Europea de Doctors<\/title>\n<meta name=\"description\" content=\"Francisco L\u00f3pez Mu\u00f1oz aborda el naixement de la seguretat vi\u00e0ria a Espanya a l&#039;article &quot;Creaci\u00f3n de la Agrupaci\u00f3n de Tr\u00e1fico de la Guardia Civil&quot;\" \/>\n<meta name=\"robots\" content=\"index, follow, max-snippet:-1, max-image-preview:large, max-video-preview:-1\" \/>\n<link rel=\"canonical\" href=\"https:\/\/raed.academy\/ca\/set-decades-vetllant-per-la-seguretat-viaria\/\" \/>\n<meta property=\"og:locale\" content=\"ca_ES\" \/>\n<meta property=\"og:type\" content=\"article\" \/>\n<meta property=\"og:title\" content=\"Set d\u00e8cades vetllant per la seguretat vi\u00e0ria - Reial Acad\u00e8mia Europea de Doctors\" \/>\n<meta property=\"og:description\" content=\"Francisco L\u00f3pez Mu\u00f1oz aborda el naixement de la seguretat vi\u00e0ria a Espanya a l&#039;article &quot;Creaci\u00f3n de la Agrupaci\u00f3n de Tr\u00e1fico de la Guardia Civil&quot;\" \/>\n<meta property=\"og:url\" content=\"https:\/\/raed.academy\/ca\/set-decades-vetllant-per-la-seguretat-viaria\/\" \/>\n<meta property=\"og:site_name\" content=\"Reial Acad\u00e8mia Europea de Doctors\" \/>\n<meta property=\"article:publisher\" content=\"http:\/\/fb.me\/raed.academy\" \/>\n<meta property=\"article:published_time\" content=\"2026-09-02T09:09:10+00:00\" \/>\n<meta property=\"og:image\" content=\"https:\/\/raed.academy\/wp-content\/uploads\/2026\/08\/seguridad-vial-conos-de-trafico-carretera-shutt-1.67.webp\" \/>\n\t<meta property=\"og:image:width\" content=\"600\" \/>\n\t<meta property=\"og:image:height\" content=\"360\" \/>\n\t<meta property=\"og:image:type\" content=\"image\/webp\" \/>\n<meta name=\"author\" content=\"Javier Rodr\u00edguez Sicilia\" \/>\n<meta name=\"twitter:card\" content=\"summary_large_image\" \/>\n<meta name=\"twitter:creator\" content=\"@raedacademy\" \/>\n<meta name=\"twitter:site\" content=\"@raedacademy\" \/>\n<meta name=\"twitter:label1\" content=\"Written by\" \/>\n\t<meta name=\"twitter:data1\" content=\"Javier Rodr\u00edguez Sicilia\" \/>\n\t<meta name=\"twitter:label2\" content=\"Est. reading time\" \/>\n\t<meta name=\"twitter:data2\" content=\"4 minutes\" \/>\n<script type=\"application\/ld+json\" class=\"yoast-schema-graph\">{\"@context\":\"https:\\\/\\\/schema.org\",\"@graph\":[{\"@type\":\"Article\",\"@id\":\"https:\\\/\\\/raed.academy\\\/ca\\\/set-decades-vetllant-per-la-seguretat-viaria\\\/#article\",\"isPartOf\":{\"@id\":\"https:\\\/\\\/raed.academy\\\/ca\\\/set-decades-vetllant-per-la-seguretat-viaria\\\/\"},\"author\":{\"name\":\"Javier Rodr\u00edguez Sicilia\",\"@id\":\"https:\\\/\\\/raed.academy\\\/ca\\\/#\\\/schema\\\/person\\\/31af80688d8a2644644f48b63aa77ee1\"},\"headline\":\"Set d\u00e8cades vetllant per la seguretat vi\u00e0ria\",\"datePublished\":\"2026-09-02T09:09:10+00:00\",\"mainEntityOfPage\":{\"@id\":\"https:\\\/\\\/raed.academy\\\/ca\\\/set-decades-vetllant-per-la-seguretat-viaria\\\/\"},\"wordCount\":744,\"publisher\":{\"@id\":\"https:\\\/\\\/raed.academy\\\/ca\\\/#organization\"},\"image\":{\"@id\":\"https:\\\/\\\/raed.academy\\\/ca\\\/set-decades-vetllant-per-la-seguretat-viaria\\\/#primaryimage\"},\"thumbnailUrl\":\"https:\\\/\\\/raed.academy\\\/wp-content\\\/uploads\\\/2026\\\/08\\\/seguridad-vial-conos-de-trafico-carretera-shutt-1.67.webp\",\"articleSection\":[\"Hist\u00f2ria\",\"Hist\u00f2ria nacional\"],\"inLanguage\":\"ca-ES\"},{\"@type\":\"WebPage\",\"@id\":\"https:\\\/\\\/raed.academy\\\/ca\\\/set-decades-vetllant-per-la-seguretat-viaria\\\/\",\"url\":\"https:\\\/\\\/raed.academy\\\/ca\\\/set-decades-vetllant-per-la-seguretat-viaria\\\/\",\"name\":\"Set d\u00e8cades vetllant per la seguretat vi\u00e0ria - Reial Acad\u00e8mia Europea de Doctors\",\"isPartOf\":{\"@id\":\"https:\\\/\\\/raed.academy\\\/ca\\\/#website\"},\"primaryImageOfPage\":{\"@id\":\"https:\\\/\\\/raed.academy\\\/ca\\\/set-decades-vetllant-per-la-seguretat-viaria\\\/#primaryimage\"},\"image\":{\"@id\":\"https:\\\/\\\/raed.academy\\\/ca\\\/set-decades-vetllant-per-la-seguretat-viaria\\\/#primaryimage\"},\"thumbnailUrl\":\"https:\\\/\\\/raed.academy\\\/wp-content\\\/uploads\\\/2026\\\/08\\\/seguridad-vial-conos-de-trafico-carretera-shutt-1.67.webp\",\"datePublished\":\"2026-09-02T09:09:10+00:00\",\"description\":\"Francisco L\u00f3pez Mu\u00f1oz aborda el naixement de la seguretat vi\u00e0ria a Espanya a l'article \\\"Creaci\u00f3n de la Agrupaci\u00f3n de Tr\u00e1fico de la Guardia Civil\\\"\",\"breadcrumb\":{\"@id\":\"https:\\\/\\\/raed.academy\\\/ca\\\/set-decades-vetllant-per-la-seguretat-viaria\\\/#breadcrumb\"},\"inLanguage\":\"ca-ES\",\"potentialAction\":[{\"@type\":\"ReadAction\",\"target\":[\"https:\\\/\\\/raed.academy\\\/ca\\\/set-decades-vetllant-per-la-seguretat-viaria\\\/\"]}]},{\"@type\":\"ImageObject\",\"inLanguage\":\"ca-ES\",\"@id\":\"https:\\\/\\\/raed.academy\\\/ca\\\/set-decades-vetllant-per-la-seguretat-viaria\\\/#primaryimage\",\"url\":\"https:\\\/\\\/raed.academy\\\/wp-content\\\/uploads\\\/2026\\\/08\\\/seguridad-vial-conos-de-trafico-carretera-shutt-1.67.webp\",\"contentUrl\":\"https:\\\/\\\/raed.academy\\\/wp-content\\\/uploads\\\/2026\\\/08\\\/seguridad-vial-conos-de-trafico-carretera-shutt-1.67.webp\",\"width\":600,\"height\":360},{\"@type\":\"BreadcrumbList\",\"@id\":\"https:\\\/\\\/raed.academy\\\/ca\\\/set-decades-vetllant-per-la-seguretat-viaria\\\/#breadcrumb\",\"itemListElement\":[{\"@type\":\"ListItem\",\"position\":1,\"name\":\"Inicio\",\"item\":\"https:\\\/\\\/raed.academy\\\/ca\\\/\"},{\"@type\":\"ListItem\",\"position\":2,\"name\":\"Set d\u00e8cades vetllant per la seguretat vi\u00e0ria\"}]},{\"@type\":\"WebSite\",\"@id\":\"https:\\\/\\\/raed.academy\\\/ca\\\/#website\",\"url\":\"https:\\\/\\\/raed.academy\\\/ca\\\/\",\"name\":\"Reial Acad\u00e8mia Europea de Doctors\",\"description\":\"Corporaci\u00f3n de derecho p\u00fablico de car\u00e1cter cient\u00edfico, t\u00e9cnico y art\u00edstico, que tiene por objeto la investigaci\u00f3n, el estudio, el fomento y la extensi\u00f3n del conocimiento en su sentido m\u00e1s amplio\",\"publisher\":{\"@id\":\"https:\\\/\\\/raed.academy\\\/ca\\\/#organization\"},\"potentialAction\":[{\"@type\":\"SearchAction\",\"target\":{\"@type\":\"EntryPoint\",\"urlTemplate\":\"https:\\\/\\\/raed.academy\\\/ca\\\/?s={search_term_string}\"},\"query-input\":{\"@type\":\"PropertyValueSpecification\",\"valueRequired\":true,\"valueName\":\"search_term_string\"}}],\"inLanguage\":\"ca-ES\"},{\"@type\":\"Organization\",\"@id\":\"https:\\\/\\\/raed.academy\\\/ca\\\/#organization\",\"name\":\"Real Academia Europea de Doctores\",\"url\":\"https:\\\/\\\/raed.academy\\\/ca\\\/\",\"logo\":{\"@type\":\"ImageObject\",\"inLanguage\":\"ca-ES\",\"@id\":\"https:\\\/\\\/raed.academy\\\/ca\\\/#\\\/schema\\\/logo\\\/image\\\/\",\"url\":\"https:\\\/\\\/raed.academy\\\/wp-content\\\/uploads\\\/2017\\\/01\\\/cropped-logo_raed.png\",\"contentUrl\":\"https:\\\/\\\/raed.academy\\\/wp-content\\\/uploads\\\/2017\\\/01\\\/cropped-logo_raed.png\",\"width\":512,\"height\":512,\"caption\":\"Real Academia Europea de Doctores\"},\"image\":{\"@id\":\"https:\\\/\\\/raed.academy\\\/ca\\\/#\\\/schema\\\/logo\\\/image\\\/\"},\"sameAs\":[\"http:\\\/\\\/fb.me\\\/raed.academy\",\"https:\\\/\\\/x.com\\\/raedacademy\",\"https:\\\/\\\/www.instagram.com\\\/raed.academy\\\/\",\"https:\\\/\\\/www.youtube.com\\\/channel\\\/UCUYQwW2KrdirNWihxMDObwg\"]},{\"@type\":\"Person\",\"@id\":\"https:\\\/\\\/raed.academy\\\/ca\\\/#\\\/schema\\\/person\\\/31af80688d8a2644644f48b63aa77ee1\",\"name\":\"Javier Rodr\u00edguez Sicilia\",\"image\":{\"@type\":\"ImageObject\",\"inLanguage\":\"ca-ES\",\"@id\":\"https:\\\/\\\/secure.gravatar.com\\\/avatar\\\/702200af99a88a3d626bc9ca2ee9361fa6e582e4455b1e641d8576c963ca66d5?s=96&d=mm&r=g\",\"url\":\"https:\\\/\\\/secure.gravatar.com\\\/avatar\\\/702200af99a88a3d626bc9ca2ee9361fa6e582e4455b1e641d8576c963ca66d5?s=96&d=mm&r=g\",\"contentUrl\":\"https:\\\/\\\/secure.gravatar.com\\\/avatar\\\/702200af99a88a3d626bc9ca2ee9361fa6e582e4455b1e641d8576c963ca66d5?s=96&d=mm&r=g\",\"caption\":\"Javier Rodr\u00edguez Sicilia\"}}]}<\/script>\n<!-- \/ Yoast SEO plugin. -->","yoast_head_json":{"title":"Set d\u00e8cades vetllant per la seguretat vi\u00e0ria - Reial Acad\u00e8mia Europea de Doctors","description":"Francisco L\u00f3pez Mu\u00f1oz aborda el naixement de la seguretat vi\u00e0ria a Espanya a l'article \"Creaci\u00f3n de la Agrupaci\u00f3n de Tr\u00e1fico de la Guardia Civil\"","robots":{"index":"index","follow":"follow","max-snippet":"max-snippet:-1","max-image-preview":"max-image-preview:large","max-video-preview":"max-video-preview:-1"},"canonical":"https:\/\/raed.academy\/ca\/set-decades-vetllant-per-la-seguretat-viaria\/","og_locale":"ca_ES","og_type":"article","og_title":"Set d\u00e8cades vetllant per la seguretat vi\u00e0ria - Reial Acad\u00e8mia Europea de Doctors","og_description":"Francisco L\u00f3pez Mu\u00f1oz aborda el naixement de la seguretat vi\u00e0ria a Espanya a l'article \"Creaci\u00f3n de la Agrupaci\u00f3n de Tr\u00e1fico de la Guardia Civil\"","og_url":"https:\/\/raed.academy\/ca\/set-decades-vetllant-per-la-seguretat-viaria\/","og_site_name":"Reial Acad\u00e8mia Europea de Doctors","article_publisher":"http:\/\/fb.me\/raed.academy","article_published_time":"2026-09-02T09:09:10+00:00","og_image":[{"width":600,"height":360,"url":"https:\/\/raed.academy\/wp-content\/uploads\/2026\/08\/seguridad-vial-conos-de-trafico-carretera-shutt-1.67.webp","type":"image\/webp"}],"author":"Javier Rodr\u00edguez Sicilia","twitter_card":"summary_large_image","twitter_creator":"@raedacademy","twitter_site":"@raedacademy","twitter_misc":{"Written by":"Javier Rodr\u00edguez Sicilia","Est. reading time":"4 minutes"},"schema":{"@context":"https:\/\/schema.org","@graph":[{"@type":"Article","@id":"https:\/\/raed.academy\/ca\/set-decades-vetllant-per-la-seguretat-viaria\/#article","isPartOf":{"@id":"https:\/\/raed.academy\/ca\/set-decades-vetllant-per-la-seguretat-viaria\/"},"author":{"name":"Javier Rodr\u00edguez Sicilia","@id":"https:\/\/raed.academy\/ca\/#\/schema\/person\/31af80688d8a2644644f48b63aa77ee1"},"headline":"Set d\u00e8cades vetllant per la seguretat vi\u00e0ria","datePublished":"2026-09-02T09:09:10+00:00","mainEntityOfPage":{"@id":"https:\/\/raed.academy\/ca\/set-decades-vetllant-per-la-seguretat-viaria\/"},"wordCount":744,"publisher":{"@id":"https:\/\/raed.academy\/ca\/#organization"},"image":{"@id":"https:\/\/raed.academy\/ca\/set-decades-vetllant-per-la-seguretat-viaria\/#primaryimage"},"thumbnailUrl":"https:\/\/raed.academy\/wp-content\/uploads\/2026\/08\/seguridad-vial-conos-de-trafico-carretera-shutt-1.67.webp","articleSection":["Hist\u00f2ria","Hist\u00f2ria nacional"],"inLanguage":"ca-ES"},{"@type":"WebPage","@id":"https:\/\/raed.academy\/ca\/set-decades-vetllant-per-la-seguretat-viaria\/","url":"https:\/\/raed.academy\/ca\/set-decades-vetllant-per-la-seguretat-viaria\/","name":"Set d\u00e8cades vetllant per la seguretat vi\u00e0ria - Reial Acad\u00e8mia Europea de Doctors","isPartOf":{"@id":"https:\/\/raed.academy\/ca\/#website"},"primaryImageOfPage":{"@id":"https:\/\/raed.academy\/ca\/set-decades-vetllant-per-la-seguretat-viaria\/#primaryimage"},"image":{"@id":"https:\/\/raed.academy\/ca\/set-decades-vetllant-per-la-seguretat-viaria\/#primaryimage"},"thumbnailUrl":"https:\/\/raed.academy\/wp-content\/uploads\/2026\/08\/seguridad-vial-conos-de-trafico-carretera-shutt-1.67.webp","datePublished":"2026-09-02T09:09:10+00:00","description":"Francisco L\u00f3pez Mu\u00f1oz aborda el naixement de la seguretat vi\u00e0ria a Espanya a l'article \"Creaci\u00f3n de la Agrupaci\u00f3n de Tr\u00e1fico de la Guardia Civil\"","breadcrumb":{"@id":"https:\/\/raed.academy\/ca\/set-decades-vetllant-per-la-seguretat-viaria\/#breadcrumb"},"inLanguage":"ca-ES","potentialAction":[{"@type":"ReadAction","target":["https:\/\/raed.academy\/ca\/set-decades-vetllant-per-la-seguretat-viaria\/"]}]},{"@type":"ImageObject","inLanguage":"ca-ES","@id":"https:\/\/raed.academy\/ca\/set-decades-vetllant-per-la-seguretat-viaria\/#primaryimage","url":"https:\/\/raed.academy\/wp-content\/uploads\/2026\/08\/seguridad-vial-conos-de-trafico-carretera-shutt-1.67.webp","contentUrl":"https:\/\/raed.academy\/wp-content\/uploads\/2026\/08\/seguridad-vial-conos-de-trafico-carretera-shutt-1.67.webp","width":600,"height":360},{"@type":"BreadcrumbList","@id":"https:\/\/raed.academy\/ca\/set-decades-vetllant-per-la-seguretat-viaria\/#breadcrumb","itemListElement":[{"@type":"ListItem","position":1,"name":"Inicio","item":"https:\/\/raed.academy\/ca\/"},{"@type":"ListItem","position":2,"name":"Set d\u00e8cades vetllant per la seguretat vi\u00e0ria"}]},{"@type":"WebSite","@id":"https:\/\/raed.academy\/ca\/#website","url":"https:\/\/raed.academy\/ca\/","name":"Reial Acad\u00e8mia Europea de Doctors","description":"Corporaci\u00f3n de derecho p\u00fablico de car\u00e1cter cient\u00edfico, t\u00e9cnico y art\u00edstico, que tiene por objeto la investigaci\u00f3n, el estudio, el fomento y la extensi\u00f3n del conocimiento en su sentido m\u00e1s amplio","publisher":{"@id":"https:\/\/raed.academy\/ca\/#organization"},"potentialAction":[{"@type":"SearchAction","target":{"@type":"EntryPoint","urlTemplate":"https:\/\/raed.academy\/ca\/?s={search_term_string}"},"query-input":{"@type":"PropertyValueSpecification","valueRequired":true,"valueName":"search_term_string"}}],"inLanguage":"ca-ES"},{"@type":"Organization","@id":"https:\/\/raed.academy\/ca\/#organization","name":"Real Academia Europea de Doctores","url":"https:\/\/raed.academy\/ca\/","logo":{"@type":"ImageObject","inLanguage":"ca-ES","@id":"https:\/\/raed.academy\/ca\/#\/schema\/logo\/image\/","url":"https:\/\/raed.academy\/wp-content\/uploads\/2017\/01\/cropped-logo_raed.png","contentUrl":"https:\/\/raed.academy\/wp-content\/uploads\/2017\/01\/cropped-logo_raed.png","width":512,"height":512,"caption":"Real Academia Europea de Doctores"},"image":{"@id":"https:\/\/raed.academy\/ca\/#\/schema\/logo\/image\/"},"sameAs":["http:\/\/fb.me\/raed.academy","https:\/\/x.com\/raedacademy","https:\/\/www.instagram.com\/raed.academy\/","https:\/\/www.youtube.com\/channel\/UCUYQwW2KrdirNWihxMDObwg"]},{"@type":"Person","@id":"https:\/\/raed.academy\/ca\/#\/schema\/person\/31af80688d8a2644644f48b63aa77ee1","name":"Javier Rodr\u00edguez Sicilia","image":{"@type":"ImageObject","inLanguage":"ca-ES","@id":"https:\/\/secure.gravatar.com\/avatar\/702200af99a88a3d626bc9ca2ee9361fa6e582e4455b1e641d8576c963ca66d5?s=96&d=mm&r=g","url":"https:\/\/secure.gravatar.com\/avatar\/702200af99a88a3d626bc9ca2ee9361fa6e582e4455b1e641d8576c963ca66d5?s=96&d=mm&r=g","contentUrl":"https:\/\/secure.gravatar.com\/avatar\/702200af99a88a3d626bc9ca2ee9361fa6e582e4455b1e641d8576c963ca66d5?s=96&d=mm&r=g","caption":"Javier Rodr\u00edguez Sicilia"}}]}},"_links":{"self":[{"href":"https:\/\/raed.academy\/ca\/wp-json\/wp\/v2\/posts\/188929","targetHints":{"allow":["GET"]}}],"collection":[{"href":"https:\/\/raed.academy\/ca\/wp-json\/wp\/v2\/posts"}],"about":[{"href":"https:\/\/raed.academy\/ca\/wp-json\/wp\/v2\/types\/post"}],"author":[{"embeddable":true,"href":"https:\/\/raed.academy\/ca\/wp-json\/wp\/v2\/users\/16"}],"replies":[{"embeddable":true,"href":"https:\/\/raed.academy\/ca\/wp-json\/wp\/v2\/comments?post=188929"}],"version-history":[{"count":2,"href":"https:\/\/raed.academy\/ca\/wp-json\/wp\/v2\/posts\/188929\/revisions"}],"predecessor-version":[{"id":188933,"href":"https:\/\/raed.academy\/ca\/wp-json\/wp\/v2\/posts\/188929\/revisions\/188933"}],"wp:featuredmedia":[{"embeddable":true,"href":"https:\/\/raed.academy\/ca\/wp-json\/wp\/v2\/media\/188874"}],"wp:attachment":[{"href":"https:\/\/raed.academy\/ca\/wp-json\/wp\/v2\/media?parent=188929"}],"wp:term":[{"taxonomy":"category","embeddable":true,"href":"https:\/\/raed.academy\/ca\/wp-json\/wp\/v2\/categories?post=188929"},{"taxonomy":"post_tag","embeddable":true,"href":"https:\/\/raed.academy\/ca\/wp-json\/wp\/v2\/tags?post=188929"}],"curies":[{"name":"wp","href":"https:\/\/api.w.org\/{rel}","templated":true}]}}