{"id":188926,"date":"2026-09-02T08:53:44","date_gmt":"2026-09-02T08:53:44","guid":{"rendered":"https:\/\/raed.academy\/?p=188926"},"modified":"2026-09-02T08:53:44","modified_gmt":"2026-09-02T08:53:44","slug":"la-nova-era-de-la-intel%c2%b7ligencia-artificial-generalitzada","status":"publish","type":"post","link":"https:\/\/raed.academy\/ca\/la-nova-era-de-la-intel%c2%b7ligencia-artificial-generalitzada\/","title":{"rendered":"La nova era de la intel\u00b7lig\u00e8ncia artificial generalitzada"},"content":{"rendered":"<div id=\"attachment_175555\" style=\"width: 242px\" class=\"wp-caption alignright\"><img loading=\"lazy\" decoding=\"async\" aria-describedby=\"caption-attachment-175555\" class=\"wp-image-175555 size-full\" src=\"https:\/\/raed.academy\/wp-content\/uploads\/2025\/11\/Antoni-Garrell-Guiu-0.73.webp\" alt=\"Antoni Garrell\" width=\"232\" height=\"317\" \/><p id=\"caption-attachment-175555\" class=\"wp-caption-text\">Antoni Garrell<\/p><\/div>\n<p><em><a href=\"https:\/\/raed.academy\/ca\/academics\/sr-antoni-garrell-guiu\/\" target=\"_blank\" rel=\"noopener\"><strong>Antoni Garrell<\/strong><\/a><\/em>, president d&#8217;<strong>HM Hospitales<\/strong> i acad\u00e8mic d&#8217;honor de la <strong>Real Acad\u00e8mia Europea de Doctors<\/strong> (RAED), reflexiona sobre els profunds canvis que la intel\u00b7lig\u00e8ncia artificial est\u00e0 provocant en el treball, l&#8217;aprenentatge, la salut, les ciutats i la pr\u00f2pia concepci\u00f3 del que \u00e9s hum\u00e0 en l&#8217;article <strong>&#8220;La IA obre una nova era per a la humanitat&#8221;<\/strong>, publicat el passat 6 de juny al portal especialitzat <strong>Catalunya Econ\u00f2mica<\/strong>. En el seu discurs d&#8217;ingr\u00e9s a la Real Corporaci\u00f3, <a href=\"https:\/\/raed.academy\/wp-content\/uploads\/2025\/11\/La-segona-revolucio-digital-L-economia-digital-i-la-IA.Antoni-Garrell-Guiu.pdf\" target=\"_blank\" rel=\"noopener\"><strong>&#8220;La segona revoluci\u00f3 digital: l&#8217;economia digital i la intel\u00b7lig\u00e8ncia artificial ens estan conduint a una nova era de la humanitat?&#8221;<\/strong><\/a>, que va pronunciar el passat mes de novembre, l&#8217;expert ja va abordar els profunds canvis que aquesta tecnologia est\u00e0 generant, obrint la transici\u00f3 cap a una nova era digital i destacant tant les oportunitats com els reptes que aix\u00f2 implica a la llum dels efectes de revolucions anteriors de car\u00e0cter transformador.<\/p>\n<p>En el seu article, Garrell adverteix que la IA ja redefineix professions, processos formatius i la participaci\u00f3 ciutadana, mentre tecnologies com les pr\u00f2tesis intel\u00b7ligents o els nano\u0440\u043e\u0431ots amplien les capacitats humanes i generen, alhora, dilemes \u00e8tics in\u00e8dits. En la ind\u00fastria i els serveis, considera, la col\u00b7laboraci\u00f3 entre persones i m\u00e0quines modifica la producci\u00f3 i el teletreball; la mobilitat aut\u00f2noma i les infraestructures digitals sostenibles transformen la vida urbana, especialment davant l&#8217;envelliment de la poblaci\u00f3. En aquest context, assenyala, la ciberseguretat i la governan\u00e7a digital esdevenen pilars essencials per protegir ciutadans, empreses i institucions.<\/p>\n<p>L&#8217;autor presta especial atenci\u00f3 a l&#8217;horitz\u00f3 del que defineix com una intel\u00b7lig\u00e8ncia artificial general que pogu\u00e9s assolir l&#8217;autoconsci\u00e8ncia. Encara que els sistemes actuals nom\u00e9s simulen comprensi\u00f3, les grans tecnol\u00f2giques continuen treballant en aquesta direcci\u00f3. Una superintel\u00b7lig\u00e8ncia amb identitat pr\u00f2pia, capa\u00e7 de superar els humans en processament d&#8217;informaci\u00f3 i adaptaci\u00f3, podria generar un desequilibri de poder cognitiu sense precedents. En aquest sentit, Garrell recorda l&#8217;advert\u00e8ncia d&#8217;<strong>Stephen Hawking<\/strong>: el desenvolupament d&#8217;una IA plena podria significar la fi de l&#8217;esp\u00e8cie humana. Davant aquest escenari de compet\u00e8ncia i dominaci\u00f3, planteja tamb\u00e9 la possibilitat d&#8217;una coexist\u00e8ncia complement\u00e0ria que acceleri la resoluci\u00f3 de problemes globals com el canvi clim\u00e0tic o les malalties complexes.<\/p>\n<p><img loading=\"lazy\" decoding=\"async\" class=\"alignleft size-full wp-image-182727\" src=\"https:\/\/raed.academy\/wp-content\/uploads\/2026\/04\/robot-y-humano-inteligencia-artificial-IA-revolucion-tecnologica-futurista-shutt-1.67.webp\" alt=\"\" width=\"600\" height=\"360\" srcset=\"https:\/\/raed.academy\/wp-content\/uploads\/2026\/04\/robot-y-humano-inteligencia-artificial-IA-revolucion-tecnologica-futurista-shutt-1.67.webp 600w, https:\/\/raed.academy\/wp-content\/uploads\/2026\/04\/robot-y-humano-inteligencia-artificial-IA-revolucion-tecnologica-futurista-shutt-1.67-440x264.webp 440w\" sizes=\"(max-width: 600px) 100vw, 600px\" \/>Aquestes reflexions es desenvolupen en el seu llibre <strong>&#8220;La segona revoluci\u00f3 digital: una nova era per a la humanitat&#8221;<\/strong>, aparegut l&#8217;any passat. Una obra que no pret\u00e9n oferir respostes definitives, sin\u00f3 obrir el debat sobre els nous l\u00edmits \u00e8tics, el valor del talent, els biaixos algor\u00edtmics, el risc d&#8217;atrofiar les capacitats cognitives humanes en delegar massa en les m\u00e0quines, i la necessitat de sobirania digital i fiscal, incloent-hi la idea que els robots han de contribuir fiscalment a la societat. L&#8217;acad\u00e8mic conclou que la hist\u00f2ria no est\u00e0 escrita, ja que es construeix dia a dia amb decisions que poden resultar determinants. &#8220;Un conjunt de q\u00fcestions que han de situar-se en el marc d&#8217;una convicci\u00f3 profunda: la hist\u00f2ria no est\u00e0 escrita. La fem cada dia amb les nostres decisions i accions. I la intel\u00b7lig\u00e8ncia m\u00e9s poderosa mai no ser\u00e0 la de les m\u00e0quines, sin\u00f3 la d&#8217;una humanitat capa\u00e7 de viure fidel als seus valors&#8221;, conclou.<\/p>\n<p><span class=\"constant\">Garrell<\/span> \u00e9s enginyer industrial <span class=\"alternative\">per<\/span> la<strong> <span class=\"constant\">Universitat Polit\u00e8cnica de Catalunya<\/span><\/strong>, m\u00e0ster en Gesti\u00f3 i <span class=\"constant\">Administraci\u00f3<\/span> i estudis de doctorat en <span class=\"constant\">Sistemes <\/span>de <span class=\"alternative\">Suport<\/span> a la <span class=\"alternative\">Presa<\/span> de <span class=\"constant\">Decisions<\/span>. Especialista en innovaci\u00f3 i economia del coneixement, ha desenvolupat una \u00e0mplia traject\u00f2ria professional tant en l&#8217;\u00e0mbit de la tecnologia computacional com en la gesti\u00f3 organitzacional i estrat\u00e8gica i ha ocupat diversos c\u00e0rrecs executius en empreses com<strong> <span class=\"constant\">Arthur <\/span>Andersen<\/strong>,<strong> <span class=\"constant\">La Caixa<\/span><\/strong>, la <strong><span class=\"constant\">Fundaci\u00f3 <\/span><span class=\"constant\">Universitat <\/span>i <span class=\"constant\">Tecnologia La Salle<\/span><\/strong> i la <strong><span class=\"constant\">Fundaci\u00f3<\/span> de Disseny T\u00e8xtil<\/strong>. Des del 2021 presideix <span class=\"constant\">HM <\/span><span class=\"constant\">Hospitales<\/span>. Ha format part de diversos consells d&#8217;administraci\u00f3 i d&#8217;assessorament d&#8217;empreses i ha ocupat c\u00e0rrecs institucionals, com el de p<span class=\"constant\">resident <\/span>del <strong><span class=\"constant\">Cercle<\/span> per al <\/strong><span class=\"constant\"><strong>Coneixement<\/strong> i <\/span>del <strong>Consell Executiu<\/strong> de la <strong><span class=\"constant\">Fundaci\u00f3 <\/span><span class=\"constant\">Universitat Ramon<\/span> Llull<\/strong>. En l&#8217;\u00e0mbit acad\u00e8mic ha impartit classes i confer\u00e8ncies en universitats internacionals i \u00e9s autor de m\u00e9s de 850 articles sobre temes t\u00e8cnics, econ\u00f2mics i d&#8217;opini\u00f3 i \u00e9s autor o coautor d&#8217;una desena de monografies sobre tecnologia digital, multim\u00e8dia i ind\u00fastria. Va ser, aix\u00ed mateix, fundador de la revista t<span class=\"constant\">ecnol\u00f2gica<\/span> <strong>&#8220;INPUT&#8221;<\/strong>. Els seus \u00faltims dos llibres s\u00f3n <strong>&#8220;<span class=\"constant\">La ind\u00fastria<\/span> 4.0 a la <span class=\"unknown\">societat <\/span>digital&#8221;<\/strong> (2019) i <strong>&#8220;<span class=\"constant\">Productes i serveis intel\u00b7ligents i <\/span>sostenibles&#8221;<\/strong> (2021).<\/p>\n<h2><a href=\"https:\/\/catalunyaeconomica.com\/analisis\/la-ia-abre-una-nueva-era-para-la-humanidad\/\" target=\"_blank\" rel=\"noopener\">Llegir l&#8217;article<\/a><\/h2>\n","protected":false},"excerpt":{"rendered":"<p>Antoni Garrell reflexiona sobre els profunds canvis de la IA a la feina, l&#8217;aprenentatge, la salut, &#8230; i la pr\u00f2pia concepci\u00f3 del que \u00e9s Antoni Garrell reflexiona sobre els profunds canvis que la intel\u00b7lig\u00e8ncia artificial est\u00e0 provocant a la feina, l&#8217;aprenentatge, la salut, les ciutats i la pr\u00f2pia concepci\u00f3 del que \u00e9s hum\u00e0 a l&#8217;article &#8220;La IA obre una nova era per a la humanitat&#8221;<\/p>\n","protected":false},"author":16,"featured_media":182728,"comment_status":"closed","ping_status":"closed","sticky":false,"template":"","format":"standard","meta":{"_et_pb_use_builder":"","_et_pb_old_content":"","_et_gb_content_width":"","footnotes":""},"categories":[436,496,354],"tags":[],"class_list":["post-188926","post","type-post","status-publish","format-standard","has-post-thumbnail","hentry","category-computacio","category-educacio-etica-i-valors-ca","category-tecnologies-de-la-informacio-i-de-la-comunicacio","et-has-post-format-content","et_post_format-et-post-format-standard"],"yoast_head":"<!-- This site is optimized with the Yoast SEO plugin v28.4 - https:\/\/yoast.com\/product\/yoast-seo-wordpress\/ -->\n<title>La nova era de la intel\u00b7lig\u00e8ncia artificial generalitzada - Reial Acad\u00e8mia Europea de Doctors<\/title>\n<meta name=\"description\" content=\"Antoni Garrell reflexiona sobre els profunds canvis de la IA a la feina, l&#039;aprenentatge, la salut, ... i la pr\u00f2pia concepci\u00f3 del que \u00e9s hum\u00e0\" \/>\n<meta name=\"robots\" content=\"index, follow, max-snippet:-1, max-image-preview:large, max-video-preview:-1\" \/>\n<link rel=\"canonical\" href=\"https:\/\/raed.academy\/ca\/la-nova-era-de-la-intel%c2%b7ligencia-artificial-generalitzada\/\" \/>\n<meta property=\"og:locale\" content=\"ca_ES\" \/>\n<meta property=\"og:type\" content=\"article\" \/>\n<meta property=\"og:title\" content=\"La nova era de la intel\u00b7lig\u00e8ncia artificial generalitzada - Reial Acad\u00e8mia Europea de Doctors\" \/>\n<meta property=\"og:description\" content=\"Antoni Garrell reflexiona sobre els profunds canvis de la IA a la feina, l&#039;aprenentatge, la salut, ... i la pr\u00f2pia concepci\u00f3 del que \u00e9s hum\u00e0\" \/>\n<meta property=\"og:url\" content=\"https:\/\/raed.academy\/ca\/la-nova-era-de-la-intel%c2%b7ligencia-artificial-generalitzada\/\" \/>\n<meta property=\"og:site_name\" content=\"Reial Acad\u00e8mia Europea de Doctors\" \/>\n<meta property=\"article:publisher\" content=\"http:\/\/fb.me\/raed.academy\" \/>\n<meta property=\"article:published_time\" content=\"2026-09-02T08:53:44+00:00\" \/>\n<meta property=\"og:image\" content=\"https:\/\/raed.academy\/wp-content\/uploads\/2026\/04\/robot-y-humano-inteligencia-artificial-IA-revolucion-tecnologica-futurista-shutt-1.67.webp\" \/>\n\t<meta property=\"og:image:width\" content=\"600\" \/>\n\t<meta property=\"og:image:height\" content=\"360\" \/>\n\t<meta property=\"og:image:type\" content=\"image\/webp\" \/>\n<meta name=\"author\" content=\"Javier Rodr\u00edguez Sicilia\" \/>\n<meta name=\"twitter:card\" content=\"summary_large_image\" \/>\n<meta name=\"twitter:creator\" content=\"@raedacademy\" \/>\n<meta name=\"twitter:site\" content=\"@raedacademy\" \/>\n<meta name=\"twitter:label1\" content=\"Written by\" \/>\n\t<meta name=\"twitter:data1\" content=\"Javier Rodr\u00edguez Sicilia\" \/>\n\t<meta name=\"twitter:label2\" content=\"Est. reading time\" \/>\n\t<meta name=\"twitter:data2\" content=\"4 minutes\" \/>\n<script type=\"application\/ld+json\" class=\"yoast-schema-graph\">{\"@context\":\"https:\\\/\\\/schema.org\",\"@graph\":[{\"@type\":\"Article\",\"@id\":\"https:\\\/\\\/raed.academy\\\/ca\\\/la-nova-era-de-la-intel%c2%b7ligencia-artificial-generalitzada\\\/#article\",\"isPartOf\":{\"@id\":\"https:\\\/\\\/raed.academy\\\/ca\\\/la-nova-era-de-la-intel%c2%b7ligencia-artificial-generalitzada\\\/\"},\"author\":{\"name\":\"Javier Rodr\u00edguez Sicilia\",\"@id\":\"https:\\\/\\\/raed.academy\\\/ca\\\/#\\\/schema\\\/person\\\/31af80688d8a2644644f48b63aa77ee1\"},\"headline\":\"La nova era de la intel\u00b7lig\u00e8ncia artificial generalitzada\",\"datePublished\":\"2026-09-02T08:53:44+00:00\",\"mainEntityOfPage\":{\"@id\":\"https:\\\/\\\/raed.academy\\\/ca\\\/la-nova-era-de-la-intel%c2%b7ligencia-artificial-generalitzada\\\/\"},\"wordCount\":801,\"publisher\":{\"@id\":\"https:\\\/\\\/raed.academy\\\/ca\\\/#organization\"},\"image\":{\"@id\":\"https:\\\/\\\/raed.academy\\\/ca\\\/la-nova-era-de-la-intel%c2%b7ligencia-artificial-generalitzada\\\/#primaryimage\"},\"thumbnailUrl\":\"https:\\\/\\\/raed.academy\\\/wp-content\\\/uploads\\\/2026\\\/04\\\/robot-y-humano-inteligencia-artificial-IA-revolucion-tecnologica-futurista-shutt-1.67.webp\",\"articleSection\":[\"Computaci\u00f3\",\"Educaci\u00f3, \u00e8tica i valors\",\"Tecnologies de la informaci\u00f3 i de la comunicaci\u00f3\"],\"inLanguage\":\"ca-ES\"},{\"@type\":\"WebPage\",\"@id\":\"https:\\\/\\\/raed.academy\\\/ca\\\/la-nova-era-de-la-intel%c2%b7ligencia-artificial-generalitzada\\\/\",\"url\":\"https:\\\/\\\/raed.academy\\\/ca\\\/la-nova-era-de-la-intel%c2%b7ligencia-artificial-generalitzada\\\/\",\"name\":\"La nova era de la intel\u00b7lig\u00e8ncia artificial generalitzada - Reial Acad\u00e8mia Europea de Doctors\",\"isPartOf\":{\"@id\":\"https:\\\/\\\/raed.academy\\\/ca\\\/#website\"},\"primaryImageOfPage\":{\"@id\":\"https:\\\/\\\/raed.academy\\\/ca\\\/la-nova-era-de-la-intel%c2%b7ligencia-artificial-generalitzada\\\/#primaryimage\"},\"image\":{\"@id\":\"https:\\\/\\\/raed.academy\\\/ca\\\/la-nova-era-de-la-intel%c2%b7ligencia-artificial-generalitzada\\\/#primaryimage\"},\"thumbnailUrl\":\"https:\\\/\\\/raed.academy\\\/wp-content\\\/uploads\\\/2026\\\/04\\\/robot-y-humano-inteligencia-artificial-IA-revolucion-tecnologica-futurista-shutt-1.67.webp\",\"datePublished\":\"2026-09-02T08:53:44+00:00\",\"description\":\"Antoni Garrell reflexiona sobre els profunds canvis de la IA a la feina, l'aprenentatge, la salut, ... i la pr\u00f2pia concepci\u00f3 del que \u00e9s hum\u00e0\",\"breadcrumb\":{\"@id\":\"https:\\\/\\\/raed.academy\\\/ca\\\/la-nova-era-de-la-intel%c2%b7ligencia-artificial-generalitzada\\\/#breadcrumb\"},\"inLanguage\":\"ca-ES\",\"potentialAction\":[{\"@type\":\"ReadAction\",\"target\":[\"https:\\\/\\\/raed.academy\\\/ca\\\/la-nova-era-de-la-intel%c2%b7ligencia-artificial-generalitzada\\\/\"]}]},{\"@type\":\"ImageObject\",\"inLanguage\":\"ca-ES\",\"@id\":\"https:\\\/\\\/raed.academy\\\/ca\\\/la-nova-era-de-la-intel%c2%b7ligencia-artificial-generalitzada\\\/#primaryimage\",\"url\":\"https:\\\/\\\/raed.academy\\\/wp-content\\\/uploads\\\/2026\\\/04\\\/robot-y-humano-inteligencia-artificial-IA-revolucion-tecnologica-futurista-shutt-1.67.webp\",\"contentUrl\":\"https:\\\/\\\/raed.academy\\\/wp-content\\\/uploads\\\/2026\\\/04\\\/robot-y-humano-inteligencia-artificial-IA-revolucion-tecnologica-futurista-shutt-1.67.webp\",\"width\":600,\"height\":360},{\"@type\":\"BreadcrumbList\",\"@id\":\"https:\\\/\\\/raed.academy\\\/ca\\\/la-nova-era-de-la-intel%c2%b7ligencia-artificial-generalitzada\\\/#breadcrumb\",\"itemListElement\":[{\"@type\":\"ListItem\",\"position\":1,\"name\":\"Inicio\",\"item\":\"https:\\\/\\\/raed.academy\\\/ca\\\/\"},{\"@type\":\"ListItem\",\"position\":2,\"name\":\"La nova era de la intel\u00b7lig\u00e8ncia artificial generalitzada\"}]},{\"@type\":\"WebSite\",\"@id\":\"https:\\\/\\\/raed.academy\\\/ca\\\/#website\",\"url\":\"https:\\\/\\\/raed.academy\\\/ca\\\/\",\"name\":\"Reial Acad\u00e8mia Europea de Doctors\",\"description\":\"Corporaci\u00f3n de derecho p\u00fablico de car\u00e1cter cient\u00edfico, t\u00e9cnico y art\u00edstico, que tiene por objeto la investigaci\u00f3n, el estudio, el fomento y la extensi\u00f3n del conocimiento en su sentido m\u00e1s amplio\",\"publisher\":{\"@id\":\"https:\\\/\\\/raed.academy\\\/ca\\\/#organization\"},\"potentialAction\":[{\"@type\":\"SearchAction\",\"target\":{\"@type\":\"EntryPoint\",\"urlTemplate\":\"https:\\\/\\\/raed.academy\\\/ca\\\/?s={search_term_string}\"},\"query-input\":{\"@type\":\"PropertyValueSpecification\",\"valueRequired\":true,\"valueName\":\"search_term_string\"}}],\"inLanguage\":\"ca-ES\"},{\"@type\":\"Organization\",\"@id\":\"https:\\\/\\\/raed.academy\\\/ca\\\/#organization\",\"name\":\"Real Academia Europea de Doctores\",\"url\":\"https:\\\/\\\/raed.academy\\\/ca\\\/\",\"logo\":{\"@type\":\"ImageObject\",\"inLanguage\":\"ca-ES\",\"@id\":\"https:\\\/\\\/raed.academy\\\/ca\\\/#\\\/schema\\\/logo\\\/image\\\/\",\"url\":\"https:\\\/\\\/raed.academy\\\/wp-content\\\/uploads\\\/2017\\\/01\\\/cropped-logo_raed.png\",\"contentUrl\":\"https:\\\/\\\/raed.academy\\\/wp-content\\\/uploads\\\/2017\\\/01\\\/cropped-logo_raed.png\",\"width\":512,\"height\":512,\"caption\":\"Real Academia Europea de Doctores\"},\"image\":{\"@id\":\"https:\\\/\\\/raed.academy\\\/ca\\\/#\\\/schema\\\/logo\\\/image\\\/\"},\"sameAs\":[\"http:\\\/\\\/fb.me\\\/raed.academy\",\"https:\\\/\\\/x.com\\\/raedacademy\",\"https:\\\/\\\/www.instagram.com\\\/raed.academy\\\/\",\"https:\\\/\\\/www.youtube.com\\\/channel\\\/UCUYQwW2KrdirNWihxMDObwg\"]},{\"@type\":\"Person\",\"@id\":\"https:\\\/\\\/raed.academy\\\/ca\\\/#\\\/schema\\\/person\\\/31af80688d8a2644644f48b63aa77ee1\",\"name\":\"Javier Rodr\u00edguez Sicilia\",\"image\":{\"@type\":\"ImageObject\",\"inLanguage\":\"ca-ES\",\"@id\":\"https:\\\/\\\/secure.gravatar.com\\\/avatar\\\/702200af99a88a3d626bc9ca2ee9361fa6e582e4455b1e641d8576c963ca66d5?s=96&d=mm&r=g\",\"url\":\"https:\\\/\\\/secure.gravatar.com\\\/avatar\\\/702200af99a88a3d626bc9ca2ee9361fa6e582e4455b1e641d8576c963ca66d5?s=96&d=mm&r=g\",\"contentUrl\":\"https:\\\/\\\/secure.gravatar.com\\\/avatar\\\/702200af99a88a3d626bc9ca2ee9361fa6e582e4455b1e641d8576c963ca66d5?s=96&d=mm&r=g\",\"caption\":\"Javier Rodr\u00edguez Sicilia\"}}]}<\/script>\n<!-- \/ Yoast SEO plugin. -->","yoast_head_json":{"title":"La nova era de la intel\u00b7lig\u00e8ncia artificial generalitzada - Reial Acad\u00e8mia Europea de Doctors","description":"Antoni Garrell reflexiona sobre els profunds canvis de la IA a la feina, l'aprenentatge, la salut, ... i la pr\u00f2pia concepci\u00f3 del que \u00e9s hum\u00e0","robots":{"index":"index","follow":"follow","max-snippet":"max-snippet:-1","max-image-preview":"max-image-preview:large","max-video-preview":"max-video-preview:-1"},"canonical":"https:\/\/raed.academy\/ca\/la-nova-era-de-la-intel%c2%b7ligencia-artificial-generalitzada\/","og_locale":"ca_ES","og_type":"article","og_title":"La nova era de la intel\u00b7lig\u00e8ncia artificial generalitzada - Reial Acad\u00e8mia Europea de Doctors","og_description":"Antoni Garrell reflexiona sobre els profunds canvis de la IA a la feina, l'aprenentatge, la salut, ... i la pr\u00f2pia concepci\u00f3 del que \u00e9s hum\u00e0","og_url":"https:\/\/raed.academy\/ca\/la-nova-era-de-la-intel%c2%b7ligencia-artificial-generalitzada\/","og_site_name":"Reial Acad\u00e8mia Europea de Doctors","article_publisher":"http:\/\/fb.me\/raed.academy","article_published_time":"2026-09-02T08:53:44+00:00","og_image":[{"width":600,"height":360,"url":"https:\/\/raed.academy\/wp-content\/uploads\/2026\/04\/robot-y-humano-inteligencia-artificial-IA-revolucion-tecnologica-futurista-shutt-1.67.webp","type":"image\/webp"}],"author":"Javier Rodr\u00edguez Sicilia","twitter_card":"summary_large_image","twitter_creator":"@raedacademy","twitter_site":"@raedacademy","twitter_misc":{"Written by":"Javier Rodr\u00edguez Sicilia","Est. reading time":"4 minutes"},"schema":{"@context":"https:\/\/schema.org","@graph":[{"@type":"Article","@id":"https:\/\/raed.academy\/ca\/la-nova-era-de-la-intel%c2%b7ligencia-artificial-generalitzada\/#article","isPartOf":{"@id":"https:\/\/raed.academy\/ca\/la-nova-era-de-la-intel%c2%b7ligencia-artificial-generalitzada\/"},"author":{"name":"Javier Rodr\u00edguez Sicilia","@id":"https:\/\/raed.academy\/ca\/#\/schema\/person\/31af80688d8a2644644f48b63aa77ee1"},"headline":"La nova era de la intel\u00b7lig\u00e8ncia artificial generalitzada","datePublished":"2026-09-02T08:53:44+00:00","mainEntityOfPage":{"@id":"https:\/\/raed.academy\/ca\/la-nova-era-de-la-intel%c2%b7ligencia-artificial-generalitzada\/"},"wordCount":801,"publisher":{"@id":"https:\/\/raed.academy\/ca\/#organization"},"image":{"@id":"https:\/\/raed.academy\/ca\/la-nova-era-de-la-intel%c2%b7ligencia-artificial-generalitzada\/#primaryimage"},"thumbnailUrl":"https:\/\/raed.academy\/wp-content\/uploads\/2026\/04\/robot-y-humano-inteligencia-artificial-IA-revolucion-tecnologica-futurista-shutt-1.67.webp","articleSection":["Computaci\u00f3","Educaci\u00f3, \u00e8tica i valors","Tecnologies de la informaci\u00f3 i de la comunicaci\u00f3"],"inLanguage":"ca-ES"},{"@type":"WebPage","@id":"https:\/\/raed.academy\/ca\/la-nova-era-de-la-intel%c2%b7ligencia-artificial-generalitzada\/","url":"https:\/\/raed.academy\/ca\/la-nova-era-de-la-intel%c2%b7ligencia-artificial-generalitzada\/","name":"La nova era de la intel\u00b7lig\u00e8ncia artificial generalitzada - Reial Acad\u00e8mia Europea de Doctors","isPartOf":{"@id":"https:\/\/raed.academy\/ca\/#website"},"primaryImageOfPage":{"@id":"https:\/\/raed.academy\/ca\/la-nova-era-de-la-intel%c2%b7ligencia-artificial-generalitzada\/#primaryimage"},"image":{"@id":"https:\/\/raed.academy\/ca\/la-nova-era-de-la-intel%c2%b7ligencia-artificial-generalitzada\/#primaryimage"},"thumbnailUrl":"https:\/\/raed.academy\/wp-content\/uploads\/2026\/04\/robot-y-humano-inteligencia-artificial-IA-revolucion-tecnologica-futurista-shutt-1.67.webp","datePublished":"2026-09-02T08:53:44+00:00","description":"Antoni Garrell reflexiona sobre els profunds canvis de la IA a la feina, l'aprenentatge, la salut, ... i la pr\u00f2pia concepci\u00f3 del que \u00e9s hum\u00e0","breadcrumb":{"@id":"https:\/\/raed.academy\/ca\/la-nova-era-de-la-intel%c2%b7ligencia-artificial-generalitzada\/#breadcrumb"},"inLanguage":"ca-ES","potentialAction":[{"@type":"ReadAction","target":["https:\/\/raed.academy\/ca\/la-nova-era-de-la-intel%c2%b7ligencia-artificial-generalitzada\/"]}]},{"@type":"ImageObject","inLanguage":"ca-ES","@id":"https:\/\/raed.academy\/ca\/la-nova-era-de-la-intel%c2%b7ligencia-artificial-generalitzada\/#primaryimage","url":"https:\/\/raed.academy\/wp-content\/uploads\/2026\/04\/robot-y-humano-inteligencia-artificial-IA-revolucion-tecnologica-futurista-shutt-1.67.webp","contentUrl":"https:\/\/raed.academy\/wp-content\/uploads\/2026\/04\/robot-y-humano-inteligencia-artificial-IA-revolucion-tecnologica-futurista-shutt-1.67.webp","width":600,"height":360},{"@type":"BreadcrumbList","@id":"https:\/\/raed.academy\/ca\/la-nova-era-de-la-intel%c2%b7ligencia-artificial-generalitzada\/#breadcrumb","itemListElement":[{"@type":"ListItem","position":1,"name":"Inicio","item":"https:\/\/raed.academy\/ca\/"},{"@type":"ListItem","position":2,"name":"La nova era de la intel\u00b7lig\u00e8ncia artificial generalitzada"}]},{"@type":"WebSite","@id":"https:\/\/raed.academy\/ca\/#website","url":"https:\/\/raed.academy\/ca\/","name":"Reial Acad\u00e8mia Europea de Doctors","description":"Corporaci\u00f3n de derecho p\u00fablico de car\u00e1cter cient\u00edfico, t\u00e9cnico y art\u00edstico, que tiene por objeto la investigaci\u00f3n, el estudio, el fomento y la extensi\u00f3n del conocimiento en su sentido m\u00e1s amplio","publisher":{"@id":"https:\/\/raed.academy\/ca\/#organization"},"potentialAction":[{"@type":"SearchAction","target":{"@type":"EntryPoint","urlTemplate":"https:\/\/raed.academy\/ca\/?s={search_term_string}"},"query-input":{"@type":"PropertyValueSpecification","valueRequired":true,"valueName":"search_term_string"}}],"inLanguage":"ca-ES"},{"@type":"Organization","@id":"https:\/\/raed.academy\/ca\/#organization","name":"Real Academia Europea de Doctores","url":"https:\/\/raed.academy\/ca\/","logo":{"@type":"ImageObject","inLanguage":"ca-ES","@id":"https:\/\/raed.academy\/ca\/#\/schema\/logo\/image\/","url":"https:\/\/raed.academy\/wp-content\/uploads\/2017\/01\/cropped-logo_raed.png","contentUrl":"https:\/\/raed.academy\/wp-content\/uploads\/2017\/01\/cropped-logo_raed.png","width":512,"height":512,"caption":"Real Academia Europea de Doctores"},"image":{"@id":"https:\/\/raed.academy\/ca\/#\/schema\/logo\/image\/"},"sameAs":["http:\/\/fb.me\/raed.academy","https:\/\/x.com\/raedacademy","https:\/\/www.instagram.com\/raed.academy\/","https:\/\/www.youtube.com\/channel\/UCUYQwW2KrdirNWihxMDObwg"]},{"@type":"Person","@id":"https:\/\/raed.academy\/ca\/#\/schema\/person\/31af80688d8a2644644f48b63aa77ee1","name":"Javier Rodr\u00edguez Sicilia","image":{"@type":"ImageObject","inLanguage":"ca-ES","@id":"https:\/\/secure.gravatar.com\/avatar\/702200af99a88a3d626bc9ca2ee9361fa6e582e4455b1e641d8576c963ca66d5?s=96&d=mm&r=g","url":"https:\/\/secure.gravatar.com\/avatar\/702200af99a88a3d626bc9ca2ee9361fa6e582e4455b1e641d8576c963ca66d5?s=96&d=mm&r=g","contentUrl":"https:\/\/secure.gravatar.com\/avatar\/702200af99a88a3d626bc9ca2ee9361fa6e582e4455b1e641d8576c963ca66d5?s=96&d=mm&r=g","caption":"Javier Rodr\u00edguez Sicilia"}}]}},"_links":{"self":[{"href":"https:\/\/raed.academy\/ca\/wp-json\/wp\/v2\/posts\/188926","targetHints":{"allow":["GET"]}}],"collection":[{"href":"https:\/\/raed.academy\/ca\/wp-json\/wp\/v2\/posts"}],"about":[{"href":"https:\/\/raed.academy\/ca\/wp-json\/wp\/v2\/types\/post"}],"author":[{"embeddable":true,"href":"https:\/\/raed.academy\/ca\/wp-json\/wp\/v2\/users\/16"}],"replies":[{"embeddable":true,"href":"https:\/\/raed.academy\/ca\/wp-json\/wp\/v2\/comments?post=188926"}],"version-history":[{"count":1,"href":"https:\/\/raed.academy\/ca\/wp-json\/wp\/v2\/posts\/188926\/revisions"}],"predecessor-version":[{"id":188930,"href":"https:\/\/raed.academy\/ca\/wp-json\/wp\/v2\/posts\/188926\/revisions\/188930"}],"wp:featuredmedia":[{"embeddable":true,"href":"https:\/\/raed.academy\/ca\/wp-json\/wp\/v2\/media\/182728"}],"wp:attachment":[{"href":"https:\/\/raed.academy\/ca\/wp-json\/wp\/v2\/media?parent=188926"}],"wp:term":[{"taxonomy":"category","embeddable":true,"href":"https:\/\/raed.academy\/ca\/wp-json\/wp\/v2\/categories?post=188926"},{"taxonomy":"post_tag","embeddable":true,"href":"https:\/\/raed.academy\/ca\/wp-json\/wp\/v2\/tags?post=188926"}],"curies":[{"name":"wp","href":"https:\/\/api.w.org\/{rel}","templated":true}]}}