{"id":188924,"date":"2026-09-02T08:33:18","date_gmt":"2026-09-02T08:33:18","guid":{"rendered":"https:\/\/raed.academy\/?p=188924"},"modified":"2026-09-02T08:48:43","modified_gmt":"2026-09-02T08:48:43","slug":"per-que-ens-matem","status":"publish","type":"post","link":"https:\/\/raed.academy\/ca\/per-que-ens-matem\/","title":{"rendered":"Per qu\u00e8 ens matem?"},"content":{"rendered":"<div id=\"attachment_154712\" style=\"width: 510px\" class=\"wp-caption aligncenter\"><img loading=\"lazy\" decoding=\"async\" aria-describedby=\"caption-attachment-154712\" class=\"wp-image-154712 size-full\" src=\"https:\/\/raed.academy\/wp-content\/uploads\/2024\/11\/Pedro-Rocamora-Garcia-Valls-dst.webp\" alt=\"\" width=\"500\" height=\"300\" srcset=\"https:\/\/raed.academy\/wp-content\/uploads\/2024\/11\/Pedro-Rocamora-Garcia-Valls-dst.webp 500w, https:\/\/raed.academy\/wp-content\/uploads\/2024\/11\/Pedro-Rocamora-Garcia-Valls-dst-440x264.webp 440w\" sizes=\"(max-width: 500px) 100vw, 500px\" \/><p id=\"caption-attachment-154712\" class=\"wp-caption-text\">Dr. Pedro Rocamora<\/p><\/div>\n<p><em><a href=\"https:\/\/raed.academy\/dr-pedro-rocamora-garcia-valls\/\"><strong>Pedro Rocamora<\/strong><\/a><\/em>, acad\u00e8mic de n\u00famero i expresident de la <strong>Real Acad\u00e8mia de Doctors d&#8217;Espanya<\/strong> i acad\u00e8mic d&#8217;honor de la <strong>Real Acad\u00e8mia Europea de Doctors<\/strong> (RAED), va prendre possessi\u00f3 com a acad\u00e8mic d&#8217;honor de la <strong>Real Acad\u00e8mia de Ci\u00e8ncies Veterin\u00e0ries<\/strong> d&#8217;Espanya en el marc d&#8217;una solemne cerim\u00f2nia celebrada el passat 25 de maig a la seu madrilenya de la Real Corporaci\u00f3 que va estar encap\u00e7alada pel seu president, <strong>Salvio Jim\u00e9nez<\/strong>. Reconegut per les seves aportacions interdisciplin\u00e0ries a l&#8217;etologia comparada de primats i humans en la g\u00e8nesi dels mecanismes ritualitzats d&#8217;inhibici\u00f3 de l&#8217;agressivitat, el recipiendari va llegir el discurs <strong>&#8220;Per qu\u00e8 ens matem? Etologia del conflicte en primats i en humans&#8221;<\/strong>.<\/p>\n<p>El nou acad\u00e8mic d&#8217;honor va abordar l&#8217;agressivitat i el conflicte des d&#8217;una mirada interdisciplin\u00e0ria que uneix etologia, neuroci\u00e8ncia, psicologia i filosofia del dret, amb el prop\u00f2sit d&#8217;entendre per qu\u00e8 els mecanismes naturals de contenci\u00f3 de la viol\u00e8ncia, presents en altres primats, es debiliten o es transformen en l&#8217;esp\u00e8cie humana. Despr\u00e9s d&#8217;analitzar el paper de la cultura i les normes socials com a fre a les reaccions instintives, va destacar la doble funci\u00f3 del dret: preventiva, en intentar inhibir les conductes il\u00b7l\u00edcites, i sancionadora, quan aquestes conductes es produeixen. Per a Rocamora, els mecanismes que en els primats eviten que ens matem entre nosaltres s&#8217;han transformat, en el cas hum\u00e0, en sistemes normatius i institucionals. Comprendre aquesta transformaci\u00f3, des de l&#8217;etologia, la neuroci\u00e8ncia i el dret, \u00e9s essencial per entendre tant l&#8217;origen de la viol\u00e8ncia com les eines per contenir-la.<\/p>\n<p><img loading=\"lazy\" decoding=\"async\" class=\"alignleft size-full wp-image-188863\" src=\"https:\/\/raed.academy\/wp-content\/uploads\/2026\/08\/agresividad-violencia-maltrato-shutt-1.67.webp\" alt=\"\" width=\"600\" height=\"360\" srcset=\"https:\/\/raed.academy\/wp-content\/uploads\/2026\/08\/agresividad-violencia-maltrato-shutt-1.67.webp 600w, https:\/\/raed.academy\/wp-content\/uploads\/2026\/08\/agresividad-violencia-maltrato-shutt-1.67-440x264.webp 440w\" sizes=\"(max-width: 600px) 100vw, 600px\" \/>Expert aix\u00ed mateix en an\u00e0lisi neurocient\u00edfica, Rocamora \u00e9s doctor en Dret i en Medicina-Neuroci\u00e8ncia per la <strong>Universitat Complutense de Madrid<\/strong> i doctor en Psicologia per la<strong> Universitat Nacional d&#8217;Educaci\u00f3 a Dist\u00e0ncia<\/strong>. \u00c9s autor d&#8217;obres de refer\u00e8ncia en aquests \u00e0mbits com <strong>&#8220;Agressivitat i dret&#8221;<\/strong>, on explora les arrels de l&#8217;agressi\u00f3 humana, argumentant que tant els factors gen\u00e8tics com els ambientals tenen un paper crucial en el comportament agressiu recolzant-se en la teoria de la frustraci\u00f3-agressi\u00f3, o <strong>&#8220;Psicologia de la suggesti\u00f3 en Freud&#8221;<\/strong>, on analitza el concepte de suggesti\u00f3 i les seves implicacions en la psicologia i les din\u00e0miques socials i critica les idees err\u00f2nies comunes sobre el treball de qui est\u00e0 considerat el pare de la psicoan\u00e0lisi amb la hipnosi. Aix\u00ed mateix investiga la consci\u00e8ncia des d&#8217;una perspectiva neurocient\u00edfica a l&#8217;obra <strong>&#8220;Consci\u00e8ncia i psiquisme. An\u00e0lisi neurocient\u00edfica de la condici\u00f3 humana&#8221;<\/strong>, on analitzen el seu concepte, funcions, alteracions i relaci\u00f3 amb els processos ps\u00edquics i explica com la neuroci\u00e8ncia ha contribu\u00eft a entendre la relaci\u00f3 entre l&#8217;activitat cerebral i la consci\u00e8ncia.<\/p>\n<p>Rocamora va ingressar a la RAED el novembre de 2024 amb el discurs d&#8217;ingr\u00e9s <strong>&#8220;Neuroci\u00e8ncia i dret penal&#8221;<\/strong>, en qu\u00e8 va abordar diversos aspectes legals sobre la pena privativa de llibertat, les psicopatologies de la reclusi\u00f3, les teories psicosocials de la viol\u00e8ncia i els factors psicopatog\u00e8nics i delict\u00f2gens, reivindicant la necessitat d&#8217;abordar la investigaci\u00f3 en aquests \u00e0mbits des d&#8217;un punt de vista pluridisciplinari. \u00c9s membre d&#8217;honor de la <strong>Societat Hipnol\u00f2gica Cient\u00edfica<\/strong> per les seves investigacions sobre psicologia de la suggesti\u00f3 i va mer\u00e8ixer la <strong>Medalla d&#8217;Or al M\u00e8rit en les Belles Arts<\/strong> i la <strong>Medalla d&#8217;Or al M\u00e8rit Doctoral<\/strong> de la Real Acad\u00e8mia de Doctors d&#8217;Espanya.<\/p>\n<p><iframe loading=\"lazy\" title=\"Ingreso del Acad\u00e9mico de Honor, Excmo. Sr. D. Pedro Rocamora Garc\u00eda-Valls (25\/05\/2026)\" width=\"1080\" height=\"608\" src=\"https:\/\/www.youtube.com\/embed\/DUYtFe7vZ3Y?feature=oembed\" frameborder=\"0\" allow=\"accelerometer; autoplay; clipboard-write; encrypted-media; gyroscope; picture-in-picture; web-share\" referrerpolicy=\"strict-origin-when-cross-origin\" allowfullscreen><\/iframe><\/p>\n<p>&nbsp;<\/p>\n","protected":false},"excerpt":{"rendered":"<p>Pedro Rocamora ingressa com a acad\u00e8mic d&#8217;honor de la Reial Acad\u00e8mia de Ci\u00e8ncies Veterin\u00e0ries d&#8217;Espanya, amb el discurs &#8220;\u00bfPor qu\u00e9 nos matamos? Etolog\u00eda del conflicto en primates y en humanos&#8221;<\/p>\n","protected":false},"author":16,"featured_media":188864,"comment_status":"closed","ping_status":"closed","sticky":false,"template":"","format":"standard","meta":{"_et_pb_use_builder":"","_et_pb_old_content":"","_et_gb_content_width":"","footnotes":""},"categories":[247,332,225,168],"tags":[],"class_list":["post-188924","post","type-post","status-publish","format-standard","has-post-thumbnail","hentry","category-antropologia-ca","category-biologia-ca","category-dret","category-premis-distincions-i-nomenaments","et-has-post-format-content","et_post_format-et-post-format-standard"],"yoast_head":"<!-- This site is optimized with the Yoast SEO plugin v28.4 - https:\/\/yoast.com\/product\/yoast-seo-wordpress\/ -->\n<title>Per qu\u00e8 ens matem? - Reial Acad\u00e8mia Europea de Doctors<\/title>\n<meta name=\"description\" content=\"Pedro Rocamora ingressa a la RACVE, amb el discurs &quot;Per qu\u00e8 ens matem? Etologia del conflicte en primats i en humans&quot;\" \/>\n<meta name=\"robots\" content=\"index, follow, max-snippet:-1, max-image-preview:large, max-video-preview:-1\" \/>\n<link rel=\"canonical\" href=\"https:\/\/raed.academy\/ca\/per-que-ens-matem\/\" \/>\n<meta property=\"og:locale\" content=\"ca_ES\" \/>\n<meta property=\"og:type\" content=\"article\" \/>\n<meta property=\"og:title\" content=\"Per qu\u00e8 ens matem? - Reial Acad\u00e8mia Europea de Doctors\" \/>\n<meta property=\"og:description\" content=\"Pedro Rocamora ingressa a la RACVE, amb el discurs &quot;Per qu\u00e8 ens matem? Etologia del conflicte en primats i en humans&quot;\" \/>\n<meta property=\"og:url\" content=\"https:\/\/raed.academy\/ca\/per-que-ens-matem\/\" \/>\n<meta property=\"og:site_name\" content=\"Reial Acad\u00e8mia Europea de Doctors\" \/>\n<meta property=\"article:publisher\" content=\"http:\/\/fb.me\/raed.academy\" \/>\n<meta property=\"article:published_time\" content=\"2026-09-02T08:33:18+00:00\" \/>\n<meta property=\"article:modified_time\" content=\"2026-09-02T08:48:43+00:00\" \/>\n<meta property=\"og:image\" content=\"https:\/\/raed.academy\/wp-content\/uploads\/2026\/08\/agresividad-violencia-maltrato-shutt-1.67.webp\" \/>\n\t<meta property=\"og:image:width\" content=\"600\" \/>\n\t<meta property=\"og:image:height\" content=\"360\" \/>\n\t<meta property=\"og:image:type\" content=\"image\/webp\" \/>\n<meta name=\"author\" content=\"Javier Rodr\u00edguez Sicilia\" \/>\n<meta name=\"twitter:card\" content=\"summary_large_image\" \/>\n<meta name=\"twitter:creator\" content=\"@raedacademy\" \/>\n<meta name=\"twitter:site\" content=\"@raedacademy\" \/>\n<meta name=\"twitter:label1\" content=\"Written by\" \/>\n\t<meta name=\"twitter:data1\" content=\"Javier Rodr\u00edguez Sicilia\" \/>\n\t<meta name=\"twitter:label2\" content=\"Est. reading time\" \/>\n\t<meta name=\"twitter:data2\" content=\"4 minutes\" \/>\n<script type=\"application\/ld+json\" class=\"yoast-schema-graph\">{\"@context\":\"https:\\\/\\\/schema.org\",\"@graph\":[{\"@type\":\"Article\",\"@id\":\"https:\\\/\\\/raed.academy\\\/ca\\\/per-que-ens-matem\\\/#article\",\"isPartOf\":{\"@id\":\"https:\\\/\\\/raed.academy\\\/ca\\\/per-que-ens-matem\\\/\"},\"author\":{\"name\":\"Javier Rodr\u00edguez Sicilia\",\"@id\":\"https:\\\/\\\/raed.academy\\\/ca\\\/#\\\/schema\\\/person\\\/31af80688d8a2644644f48b63aa77ee1\"},\"headline\":\"Per qu\u00e8 ens matem?\",\"datePublished\":\"2026-09-02T08:33:18+00:00\",\"dateModified\":\"2026-09-02T08:48:43+00:00\",\"mainEntityOfPage\":{\"@id\":\"https:\\\/\\\/raed.academy\\\/ca\\\/per-que-ens-matem\\\/\"},\"wordCount\":632,\"publisher\":{\"@id\":\"https:\\\/\\\/raed.academy\\\/ca\\\/#organization\"},\"image\":{\"@id\":\"https:\\\/\\\/raed.academy\\\/ca\\\/per-que-ens-matem\\\/#primaryimage\"},\"thumbnailUrl\":\"https:\\\/\\\/raed.academy\\\/wp-content\\\/uploads\\\/2026\\\/08\\\/agresividad-violencia-maltrato-shutt-1.67.webp\",\"articleSection\":[\"Antropologia\",\"Biologia\",\"Dret\",\"Premis, distincions i nomenaments\"],\"inLanguage\":\"ca-ES\"},{\"@type\":\"WebPage\",\"@id\":\"https:\\\/\\\/raed.academy\\\/ca\\\/per-que-ens-matem\\\/\",\"url\":\"https:\\\/\\\/raed.academy\\\/ca\\\/per-que-ens-matem\\\/\",\"name\":\"Per qu\u00e8 ens matem? - Reial Acad\u00e8mia Europea de Doctors\",\"isPartOf\":{\"@id\":\"https:\\\/\\\/raed.academy\\\/ca\\\/#website\"},\"primaryImageOfPage\":{\"@id\":\"https:\\\/\\\/raed.academy\\\/ca\\\/per-que-ens-matem\\\/#primaryimage\"},\"image\":{\"@id\":\"https:\\\/\\\/raed.academy\\\/ca\\\/per-que-ens-matem\\\/#primaryimage\"},\"thumbnailUrl\":\"https:\\\/\\\/raed.academy\\\/wp-content\\\/uploads\\\/2026\\\/08\\\/agresividad-violencia-maltrato-shutt-1.67.webp\",\"datePublished\":\"2026-09-02T08:33:18+00:00\",\"dateModified\":\"2026-09-02T08:48:43+00:00\",\"description\":\"Pedro Rocamora ingressa a la RACVE, amb el discurs \\\"Per qu\u00e8 ens matem? Etologia del conflicte en primats i en humans\\\"\",\"breadcrumb\":{\"@id\":\"https:\\\/\\\/raed.academy\\\/ca\\\/per-que-ens-matem\\\/#breadcrumb\"},\"inLanguage\":\"ca-ES\",\"potentialAction\":[{\"@type\":\"ReadAction\",\"target\":[\"https:\\\/\\\/raed.academy\\\/ca\\\/per-que-ens-matem\\\/\"]}]},{\"@type\":\"ImageObject\",\"inLanguage\":\"ca-ES\",\"@id\":\"https:\\\/\\\/raed.academy\\\/ca\\\/per-que-ens-matem\\\/#primaryimage\",\"url\":\"https:\\\/\\\/raed.academy\\\/wp-content\\\/uploads\\\/2026\\\/08\\\/agresividad-violencia-maltrato-shutt-1.67.webp\",\"contentUrl\":\"https:\\\/\\\/raed.academy\\\/wp-content\\\/uploads\\\/2026\\\/08\\\/agresividad-violencia-maltrato-shutt-1.67.webp\",\"width\":600,\"height\":360},{\"@type\":\"BreadcrumbList\",\"@id\":\"https:\\\/\\\/raed.academy\\\/ca\\\/per-que-ens-matem\\\/#breadcrumb\",\"itemListElement\":[{\"@type\":\"ListItem\",\"position\":1,\"name\":\"Inicio\",\"item\":\"https:\\\/\\\/raed.academy\\\/ca\\\/\"},{\"@type\":\"ListItem\",\"position\":2,\"name\":\"Per qu\u00e8 ens matem?\"}]},{\"@type\":\"WebSite\",\"@id\":\"https:\\\/\\\/raed.academy\\\/ca\\\/#website\",\"url\":\"https:\\\/\\\/raed.academy\\\/ca\\\/\",\"name\":\"Reial Acad\u00e8mia Europea de Doctors\",\"description\":\"Corporaci\u00f3n de derecho p\u00fablico de car\u00e1cter cient\u00edfico, t\u00e9cnico y art\u00edstico, que tiene por objeto la investigaci\u00f3n, el estudio, el fomento y la extensi\u00f3n del conocimiento en su sentido m\u00e1s amplio\",\"publisher\":{\"@id\":\"https:\\\/\\\/raed.academy\\\/ca\\\/#organization\"},\"potentialAction\":[{\"@type\":\"SearchAction\",\"target\":{\"@type\":\"EntryPoint\",\"urlTemplate\":\"https:\\\/\\\/raed.academy\\\/ca\\\/?s={search_term_string}\"},\"query-input\":{\"@type\":\"PropertyValueSpecification\",\"valueRequired\":true,\"valueName\":\"search_term_string\"}}],\"inLanguage\":\"ca-ES\"},{\"@type\":\"Organization\",\"@id\":\"https:\\\/\\\/raed.academy\\\/ca\\\/#organization\",\"name\":\"Real Academia Europea de Doctores\",\"url\":\"https:\\\/\\\/raed.academy\\\/ca\\\/\",\"logo\":{\"@type\":\"ImageObject\",\"inLanguage\":\"ca-ES\",\"@id\":\"https:\\\/\\\/raed.academy\\\/ca\\\/#\\\/schema\\\/logo\\\/image\\\/\",\"url\":\"https:\\\/\\\/raed.academy\\\/wp-content\\\/uploads\\\/2017\\\/01\\\/cropped-logo_raed.png\",\"contentUrl\":\"https:\\\/\\\/raed.academy\\\/wp-content\\\/uploads\\\/2017\\\/01\\\/cropped-logo_raed.png\",\"width\":512,\"height\":512,\"caption\":\"Real Academia Europea de Doctores\"},\"image\":{\"@id\":\"https:\\\/\\\/raed.academy\\\/ca\\\/#\\\/schema\\\/logo\\\/image\\\/\"},\"sameAs\":[\"http:\\\/\\\/fb.me\\\/raed.academy\",\"https:\\\/\\\/x.com\\\/raedacademy\",\"https:\\\/\\\/www.instagram.com\\\/raed.academy\\\/\",\"https:\\\/\\\/www.youtube.com\\\/channel\\\/UCUYQwW2KrdirNWihxMDObwg\"]},{\"@type\":\"Person\",\"@id\":\"https:\\\/\\\/raed.academy\\\/ca\\\/#\\\/schema\\\/person\\\/31af80688d8a2644644f48b63aa77ee1\",\"name\":\"Javier Rodr\u00edguez Sicilia\",\"image\":{\"@type\":\"ImageObject\",\"inLanguage\":\"ca-ES\",\"@id\":\"https:\\\/\\\/secure.gravatar.com\\\/avatar\\\/702200af99a88a3d626bc9ca2ee9361fa6e582e4455b1e641d8576c963ca66d5?s=96&d=mm&r=g\",\"url\":\"https:\\\/\\\/secure.gravatar.com\\\/avatar\\\/702200af99a88a3d626bc9ca2ee9361fa6e582e4455b1e641d8576c963ca66d5?s=96&d=mm&r=g\",\"contentUrl\":\"https:\\\/\\\/secure.gravatar.com\\\/avatar\\\/702200af99a88a3d626bc9ca2ee9361fa6e582e4455b1e641d8576c963ca66d5?s=96&d=mm&r=g\",\"caption\":\"Javier Rodr\u00edguez Sicilia\"}}]}<\/script>\n<!-- \/ Yoast SEO plugin. -->","yoast_head_json":{"title":"Per qu\u00e8 ens matem? - Reial Acad\u00e8mia Europea de Doctors","description":"Pedro Rocamora ingressa a la RACVE, amb el discurs \"Per qu\u00e8 ens matem? Etologia del conflicte en primats i en humans\"","robots":{"index":"index","follow":"follow","max-snippet":"max-snippet:-1","max-image-preview":"max-image-preview:large","max-video-preview":"max-video-preview:-1"},"canonical":"https:\/\/raed.academy\/ca\/per-que-ens-matem\/","og_locale":"ca_ES","og_type":"article","og_title":"Per qu\u00e8 ens matem? - Reial Acad\u00e8mia Europea de Doctors","og_description":"Pedro Rocamora ingressa a la RACVE, amb el discurs \"Per qu\u00e8 ens matem? Etologia del conflicte en primats i en humans\"","og_url":"https:\/\/raed.academy\/ca\/per-que-ens-matem\/","og_site_name":"Reial Acad\u00e8mia Europea de Doctors","article_publisher":"http:\/\/fb.me\/raed.academy","article_published_time":"2026-09-02T08:33:18+00:00","article_modified_time":"2026-09-02T08:48:43+00:00","og_image":[{"width":600,"height":360,"url":"https:\/\/raed.academy\/wp-content\/uploads\/2026\/08\/agresividad-violencia-maltrato-shutt-1.67.webp","type":"image\/webp"}],"author":"Javier Rodr\u00edguez Sicilia","twitter_card":"summary_large_image","twitter_creator":"@raedacademy","twitter_site":"@raedacademy","twitter_misc":{"Written by":"Javier Rodr\u00edguez Sicilia","Est. reading time":"4 minutes"},"schema":{"@context":"https:\/\/schema.org","@graph":[{"@type":"Article","@id":"https:\/\/raed.academy\/ca\/per-que-ens-matem\/#article","isPartOf":{"@id":"https:\/\/raed.academy\/ca\/per-que-ens-matem\/"},"author":{"name":"Javier Rodr\u00edguez Sicilia","@id":"https:\/\/raed.academy\/ca\/#\/schema\/person\/31af80688d8a2644644f48b63aa77ee1"},"headline":"Per qu\u00e8 ens matem?","datePublished":"2026-09-02T08:33:18+00:00","dateModified":"2026-09-02T08:48:43+00:00","mainEntityOfPage":{"@id":"https:\/\/raed.academy\/ca\/per-que-ens-matem\/"},"wordCount":632,"publisher":{"@id":"https:\/\/raed.academy\/ca\/#organization"},"image":{"@id":"https:\/\/raed.academy\/ca\/per-que-ens-matem\/#primaryimage"},"thumbnailUrl":"https:\/\/raed.academy\/wp-content\/uploads\/2026\/08\/agresividad-violencia-maltrato-shutt-1.67.webp","articleSection":["Antropologia","Biologia","Dret","Premis, distincions i nomenaments"],"inLanguage":"ca-ES"},{"@type":"WebPage","@id":"https:\/\/raed.academy\/ca\/per-que-ens-matem\/","url":"https:\/\/raed.academy\/ca\/per-que-ens-matem\/","name":"Per qu\u00e8 ens matem? - Reial Acad\u00e8mia Europea de Doctors","isPartOf":{"@id":"https:\/\/raed.academy\/ca\/#website"},"primaryImageOfPage":{"@id":"https:\/\/raed.academy\/ca\/per-que-ens-matem\/#primaryimage"},"image":{"@id":"https:\/\/raed.academy\/ca\/per-que-ens-matem\/#primaryimage"},"thumbnailUrl":"https:\/\/raed.academy\/wp-content\/uploads\/2026\/08\/agresividad-violencia-maltrato-shutt-1.67.webp","datePublished":"2026-09-02T08:33:18+00:00","dateModified":"2026-09-02T08:48:43+00:00","description":"Pedro Rocamora ingressa a la RACVE, amb el discurs \"Per qu\u00e8 ens matem? Etologia del conflicte en primats i en humans\"","breadcrumb":{"@id":"https:\/\/raed.academy\/ca\/per-que-ens-matem\/#breadcrumb"},"inLanguage":"ca-ES","potentialAction":[{"@type":"ReadAction","target":["https:\/\/raed.academy\/ca\/per-que-ens-matem\/"]}]},{"@type":"ImageObject","inLanguage":"ca-ES","@id":"https:\/\/raed.academy\/ca\/per-que-ens-matem\/#primaryimage","url":"https:\/\/raed.academy\/wp-content\/uploads\/2026\/08\/agresividad-violencia-maltrato-shutt-1.67.webp","contentUrl":"https:\/\/raed.academy\/wp-content\/uploads\/2026\/08\/agresividad-violencia-maltrato-shutt-1.67.webp","width":600,"height":360},{"@type":"BreadcrumbList","@id":"https:\/\/raed.academy\/ca\/per-que-ens-matem\/#breadcrumb","itemListElement":[{"@type":"ListItem","position":1,"name":"Inicio","item":"https:\/\/raed.academy\/ca\/"},{"@type":"ListItem","position":2,"name":"Per qu\u00e8 ens matem?"}]},{"@type":"WebSite","@id":"https:\/\/raed.academy\/ca\/#website","url":"https:\/\/raed.academy\/ca\/","name":"Reial Acad\u00e8mia Europea de Doctors","description":"Corporaci\u00f3n de derecho p\u00fablico de car\u00e1cter cient\u00edfico, t\u00e9cnico y art\u00edstico, que tiene por objeto la investigaci\u00f3n, el estudio, el fomento y la extensi\u00f3n del conocimiento en su sentido m\u00e1s amplio","publisher":{"@id":"https:\/\/raed.academy\/ca\/#organization"},"potentialAction":[{"@type":"SearchAction","target":{"@type":"EntryPoint","urlTemplate":"https:\/\/raed.academy\/ca\/?s={search_term_string}"},"query-input":{"@type":"PropertyValueSpecification","valueRequired":true,"valueName":"search_term_string"}}],"inLanguage":"ca-ES"},{"@type":"Organization","@id":"https:\/\/raed.academy\/ca\/#organization","name":"Real Academia Europea de Doctores","url":"https:\/\/raed.academy\/ca\/","logo":{"@type":"ImageObject","inLanguage":"ca-ES","@id":"https:\/\/raed.academy\/ca\/#\/schema\/logo\/image\/","url":"https:\/\/raed.academy\/wp-content\/uploads\/2017\/01\/cropped-logo_raed.png","contentUrl":"https:\/\/raed.academy\/wp-content\/uploads\/2017\/01\/cropped-logo_raed.png","width":512,"height":512,"caption":"Real Academia Europea de Doctores"},"image":{"@id":"https:\/\/raed.academy\/ca\/#\/schema\/logo\/image\/"},"sameAs":["http:\/\/fb.me\/raed.academy","https:\/\/x.com\/raedacademy","https:\/\/www.instagram.com\/raed.academy\/","https:\/\/www.youtube.com\/channel\/UCUYQwW2KrdirNWihxMDObwg"]},{"@type":"Person","@id":"https:\/\/raed.academy\/ca\/#\/schema\/person\/31af80688d8a2644644f48b63aa77ee1","name":"Javier Rodr\u00edguez Sicilia","image":{"@type":"ImageObject","inLanguage":"ca-ES","@id":"https:\/\/secure.gravatar.com\/avatar\/702200af99a88a3d626bc9ca2ee9361fa6e582e4455b1e641d8576c963ca66d5?s=96&d=mm&r=g","url":"https:\/\/secure.gravatar.com\/avatar\/702200af99a88a3d626bc9ca2ee9361fa6e582e4455b1e641d8576c963ca66d5?s=96&d=mm&r=g","contentUrl":"https:\/\/secure.gravatar.com\/avatar\/702200af99a88a3d626bc9ca2ee9361fa6e582e4455b1e641d8576c963ca66d5?s=96&d=mm&r=g","caption":"Javier Rodr\u00edguez Sicilia"}}]}},"_links":{"self":[{"href":"https:\/\/raed.academy\/ca\/wp-json\/wp\/v2\/posts\/188924","targetHints":{"allow":["GET"]}}],"collection":[{"href":"https:\/\/raed.academy\/ca\/wp-json\/wp\/v2\/posts"}],"about":[{"href":"https:\/\/raed.academy\/ca\/wp-json\/wp\/v2\/types\/post"}],"author":[{"embeddable":true,"href":"https:\/\/raed.academy\/ca\/wp-json\/wp\/v2\/users\/16"}],"replies":[{"embeddable":true,"href":"https:\/\/raed.academy\/ca\/wp-json\/wp\/v2\/comments?post=188924"}],"version-history":[{"count":2,"href":"https:\/\/raed.academy\/ca\/wp-json\/wp\/v2\/posts\/188924\/revisions"}],"predecessor-version":[{"id":188928,"href":"https:\/\/raed.academy\/ca\/wp-json\/wp\/v2\/posts\/188924\/revisions\/188928"}],"wp:featuredmedia":[{"embeddable":true,"href":"https:\/\/raed.academy\/ca\/wp-json\/wp\/v2\/media\/188864"}],"wp:attachment":[{"href":"https:\/\/raed.academy\/ca\/wp-json\/wp\/v2\/media?parent=188924"}],"wp:term":[{"taxonomy":"category","embeddable":true,"href":"https:\/\/raed.academy\/ca\/wp-json\/wp\/v2\/categories?post=188924"},{"taxonomy":"post_tag","embeddable":true,"href":"https:\/\/raed.academy\/ca\/wp-json\/wp\/v2\/tags?post=188924"}],"curies":[{"name":"wp","href":"https:\/\/api.w.org\/{rel}","templated":true}]}}