{"id":188922,"date":"2026-09-02T08:02:48","date_gmt":"2026-09-02T08:02:48","guid":{"rendered":"https:\/\/raed.academy\/?p=188922"},"modified":"2026-09-02T08:02:48","modified_gmt":"2026-09-02T08:02:48","slug":"ara-i-sempre-italia","status":"publish","type":"post","link":"https:\/\/raed.academy\/ca\/ara-i-sempre-italia\/","title":{"rendered":"Ara i sempre, It\u00e0lia"},"content":{"rendered":"<div id=\"attachment_107809\" style=\"width: 613px\" class=\"wp-caption aligncenter\"><img loading=\"lazy\" decoding=\"async\" aria-describedby=\"caption-attachment-107809\" class=\"wp-image-107809\" src=\"https:\/\/raed.academy\/wp-content\/uploads\/2021\/11\/Debate-Quimeras-Hombre-mono-mito-realidad-y-bioetica-Joaquin-Callabed.webp\" alt=\"Joaqu\u00edn Callabed Carracedo en el debate Quimeras Hombre-mono: mito, realidad y bio\u00e9tica\" width=\"603\" height=\"402\" srcset=\"https:\/\/raed.academy\/wp-content\/uploads\/2021\/11\/Debate-Quimeras-Hombre-mono-mito-realidad-y-bioetica-Joaquin-Callabed.webp 800w, https:\/\/raed.academy\/wp-content\/uploads\/2021\/11\/Debate-Quimeras-Hombre-mono-mito-realidad-y-bioetica-Joaquin-Callabed-768x512.webp 768w\" sizes=\"(max-width: 603px) 100vw, 603px\" \/><p id=\"caption-attachment-107809\" class=\"wp-caption-text\">Dr. Joaqu\u00edn Callabed<\/p><\/div>\n<p><a href=\"https:\/\/raed.academy\/academicos\/dr-joaquin-callabed-carracedo\/\" target=\"_blank\" rel=\"noopener\"><em><strong>Joaqu\u00edn Callabed<\/strong><\/em><\/a>, president del <strong>Club de Pediatria Social<\/strong>, acad\u00e8mic corresponent de la <strong>Real Acad\u00e8mia de Medicina de Catalunya<\/strong> i de la <strong>Real Acad\u00e8mia de Farm\u00e0cia de Catalunya<\/strong> i acad\u00e8mic de n\u00famero i vicepresident de la Secci\u00f3 de Ci\u00e8ncies de la Salut de la <strong>Real Acad\u00e8mia Europea de Doctors<\/strong> (RAED), comparteix amb la comunitat acad\u00e8mica una nova s\u00e8rie d&#8217;articles en qu\u00e8 repr\u00e8n la seva erudici\u00f3 i fascinaci\u00f3 per It\u00e0lia i el seu llegat cultural i cient\u00edfic. Es tracta, en concret, de <strong>&#8220;El moviment art\u00edstic de l&#8217;Escola de Siena&#8221;<\/strong>, <strong>&#8220;Les aportacions m\u00e9s importants de Flor\u00e8ncia a les humanitats i a les ci\u00e8ncies&#8221;<\/strong>, <strong>&#8220;L&#8217;Acad\u00e8mia Pontaniana de N\u00e0pols&#8221; <\/strong>i<strong> &#8220;La fascinaci\u00f3 de N\u00e0pols<\/strong><strong><span class=\"TextRun SCXW202311704 BCX0\" lang=\"ES-ES\" xml:lang=\"ES-ES\" data-contrast=\"auto\"><span class=\"NormalTextRun SpellingErrorV2Themed SCXW202311704 BCX0\">&#8220;<\/span><\/span><\/strong>, publicats entre els passats mesos de juny i juliol a la secci\u00f3 <strong>&#8220;Lectores expertos&#8221;<\/strong> de l&#8217;edici\u00f3 digital del diari <strong>&#8220;La Vanguardia&#8221;<\/strong>, de la comunitat de lectors del qual forma part activa.<\/p>\n<p>A &#8220;El moviment art\u00edstic de l&#8217;Escola de Siena&#8221;, l&#8217;expert repassa la hist\u00f2ria d&#8217;un moviment art\u00edstic fonamental als albors del Renaixement itali\u00e0, entre els segles XIV i XV, una evoluci\u00f3 subtil de l&#8217;art g\u00f2tic i la tradici\u00f3 bizantina. &#8220;A difer\u00e8ncia del naturalisme tridimensional i rotund de Flor\u00e8ncia, amb el <strong>Giotto<\/strong>, l&#8217;estil sien\u00e8s va humanitzar els rostres i va aportar profunditat, per\u00f2 va mantenir una marcada eleg\u00e0ncia lineal, fons daurats i un lirisme decoratiu. L&#8217;Escola Florentina va assentar les bases del Renaixement mitjan\u00e7ant la ci\u00e8ncia, l&#8217;anatomia i la perspectiva tridimensional. L&#8217;Escola Sienesa es va mantenir fidel a l&#8217;espiritualitat g\u00f2tica i al refinament l\u00edric. Va mantenir l&#8217;anomenada &#8216;resist\u00e8ncia g\u00f2tica'&#8221;, resumeix.<\/p>\n<p>Per la seva banda, a &#8220;Les aportacions m\u00e9s importants de Flor\u00e8ncia a les humanitats i a les ci\u00e8ncies&#8221;, Callabed recorda com l&#8217;humanisme florent\u00ed va transformar la mentalitat europea en despla\u00e7ar el teocentrisme medieval. &#8220;El seu impacte va assentar les bases de la modernitat en revaloritzar la ra\u00f3, la cultura cl\u00e0ssica grecollatina i el potencial hum\u00e0, influint en el pensament, l&#8217;educaci\u00f3 i l&#8217;art en tot el continent. Flor\u00e8ncia es va convertir en el bressol de l&#8217;humanisme gr\u00e0cies a la florida de les arts liberals i al suport de grans mecenes. Tamb\u00e9 s\u00f3n molt importants les seves aportacions a les ci\u00e8ncies en astronomia, matem\u00e0tiques, societats cient\u00edfiques, enginyeria i ci\u00e8ncies naturals&#8221;, assenyala abans de citar algunes de les seves figures clau.<\/p>\n<p><img loading=\"lazy\" decoding=\"async\" class=\"size-full wp-image-165367 alignleft\" src=\"https:\/\/raed.academy\/wp-content\/uploads\/2025\/06\/rio-Tiber-y-Basilica-de-San-Pedro-Roma-Italia-no-atrib-pixabay.com-dst.webp\" alt=\"\" width=\"600\" height=\"360\" srcset=\"https:\/\/raed.academy\/wp-content\/uploads\/2025\/06\/rio-Tiber-y-Basilica-de-San-Pedro-Roma-Italia-no-atrib-pixabay.com-dst.webp 600w, https:\/\/raed.academy\/wp-content\/uploads\/2025\/06\/rio-Tiber-y-Basilica-de-San-Pedro-Roma-Italia-no-atrib-pixabay.com-dst-440x264.webp 440w\" sizes=\"(max-width: 600px) 100vw, 600px\" \/>A &#8220;L&#8217;Acad\u00e8mia Pontaniana de N\u00e0pols&#8221;, el president del Club de Pediatria Social presenta el que considera un dels primers i m\u00e9s influents focus de l&#8217;humanisme renaixentista al sud d&#8217;Europa. &#8220;Fundada originalment a mitjan segle XV sota l&#8217;auspici del rei<strong> Alfons V<\/strong> d&#8217;Arag\u00f3, aquesta instituci\u00f3 va revolucionar el panorama intel\u00b7lectual en transformar les tert\u00falies informals en una estructura acad\u00e8mica dedicada a la reflexi\u00f3 cient\u00edfica, liter\u00e0ria i art\u00edstica. Nascuda a la cort aragonesa amb el nom de Porticus Antonianus, va ser institu\u00efda pel poeta i historiador humanista <strong>Antonio Beccadelli<\/strong>, conegut com &#8216;il Panormita'&#8221;, rememora.<\/p>\n<p>Finalment, a &#8220;La fascinaci\u00f3 de N\u00e0pols&#8221;, l&#8217;acad\u00e8mic aborda la hist\u00f2ria d&#8217;una ciutat en qu\u00e8 convergeixen la cultura grega, l&#8217;ordre rom\u00e0 i el llegat espanyol, celebrant una recent visita. &#8220;Segons la mitologia, <strong>Part\u00e9nope<\/strong>, filla de <strong>Cal\u00b7l\u00edope<\/strong> i del riu <strong>Aqueloos<\/strong>, va ser condemnada pels d\u00e9us per no haver sabut seduir <strong>Ulisses<\/strong> i va anar a morir a les costes de N\u00e0pols. Roma hi va deixar intactes la seva llengua i la seva cultura. <strong>C\u00e8sar August<\/strong>, <strong>Cicer\u00f3<\/strong> i <strong>Ner\u00f3<\/strong> van quedar fascinats per aquest vestigi de cultura hel\u00b7l\u00e8nica que va continuar vivint davant els seus ulls. <strong>Alfons V<\/strong> d&#8217;Arag\u00f3 va arribar a aquestes terres el 1443 i hi va entrar amb la seva cort d&#8217;humanistes. A la seva biblioteca s&#8217;hi reunien celebritats com <strong>Lorenzo Valla<\/strong> i <strong>Antonio Beccadelli<\/strong>. Cada dia es llegia els cl\u00e0ssics. Va ser l&#8217;origen de l&#8217;Acad\u00e8mia que va passar a anomenar-se de Pontano. El rei Alfons tamb\u00e9 va quedar sedu\u00eft per aquesta terra&#8221;, conclou.<\/p>\n<p><strong><a href=\"https:\/\/www.lavanguardia.com\/participacion\/red-lectores\/20260721\/11596413\/movimiento-artistico-escuela-siena.html\" target=\"_blank\" rel=\"noopener\">Llegir &#8220;El moviment art\u00edstic de l&#8217;Escola de Siena&#8221;<\/a><br \/>\n<\/strong><strong><a href=\"https:\/\/www.lavanguardia.com\/participacion\/red-lectores\/20260701\/11579056\/aportaciones-mas-importantes-florencia-humanidades-ciencias.html\" target=\"_blank\" rel=\"noopener\">Llegir &#8220;Les aportacions m\u00e9s importants de Flor\u00e8ncia a les humanitats i a les ci\u00e8ncies&#8221;<\/a><br \/>\n<\/strong><strong><a href=\"https:\/\/www.lavanguardia.com\/participacion\/red-lectores\/20260621\/11569095\/academia-pontaniana-napoles.html\" target=\"_blank\" rel=\"noopener\">Llegir &#8220;L&#8217;Acad\u00e8mia Pontaniana de N\u00e0pols&#8221;<\/a><br \/>\n<\/strong><a href=\"https:\/\/www.lavanguardia.com\/participacion\/lectores-corresponsales\/20260613\/11562016\/fascinacion-napoles.html\" target=\"_blank\" rel=\"noopener\"><strong>Llegir &#8220;La fascinaci\u00f3 de N\u00e0pols<\/strong><strong><span class=\"TextRun SCXW202311704 BCX0\" lang=\"ES-ES\" xml:lang=\"ES-ES\" data-contrast=\"auto\"><span class=\"NormalTextRun SpellingErrorV2Themed SCXW202311704 BCX0\">&#8220;<\/span><\/span><\/strong><\/a><\/p>\n","protected":false},"excerpt":{"rendered":"<p>Joaqu\u00edn Callabed repr\u00e8n la seva erudici\u00f3 i fascinaci\u00f3 per It\u00e0lia i el seu llegat cultural i cient\u00edfic, als seus \u00faltims articles: &#8220;El moviment art\u00edstic de l&#8217;Escola de Siena&#8221;, &#8220;Les aportacions m\u00e9s importants de Flor\u00e8ncia a les humanitats ia les ci\u00e8ncies&#8221;, &#8220;L&#8217;Acad\u00e8mia Pontaniana de N\u00e0pols&#8221; i &#8220;La fascinaci\u00f3 de N\u00e0pols&#8221;<\/p>\n","protected":false},"author":16,"featured_media":165368,"comment_status":"closed","ping_status":"closed","sticky":false,"template":"","format":"standard","meta":{"_et_pb_use_builder":"","_et_pb_old_content":"","_et_gb_content_width":"","footnotes":""},"categories":[229,242,401],"tags":[],"class_list":["post-188922","post","type-post","status-publish","format-standard","has-post-thumbnail","hentry","category-art","category-categ-historia","category-historia-de-lart-i-patrimoni-cultural","et-has-post-format-content","et_post_format-et-post-format-standard"],"yoast_head":"<!-- This site is optimized with the Yoast SEO plugin v28.4 - https:\/\/yoast.com\/product\/yoast-seo-wordpress\/ -->\n<title>Ara i sempre, It\u00e0lia - Reial Acad\u00e8mia Europea de Doctors<\/title>\n<meta name=\"description\" content=\"Joaqu\u00edn Callabed repr\u00e8n la seva erudici\u00f3 i fascinaci\u00f3 per It\u00e0lia i el seu llegat cultural i cient\u00edfic, als seus \u00faltims articles\" \/>\n<meta name=\"robots\" content=\"index, follow, max-snippet:-1, max-image-preview:large, max-video-preview:-1\" \/>\n<link rel=\"canonical\" href=\"https:\/\/raed.academy\/ca\/ara-i-sempre-italia\/\" \/>\n<meta property=\"og:locale\" content=\"ca_ES\" \/>\n<meta property=\"og:type\" content=\"article\" \/>\n<meta property=\"og:title\" content=\"Ara i sempre, It\u00e0lia - Reial Acad\u00e8mia Europea de Doctors\" \/>\n<meta property=\"og:description\" content=\"Joaqu\u00edn Callabed repr\u00e8n la seva erudici\u00f3 i fascinaci\u00f3 per It\u00e0lia i el seu llegat cultural i cient\u00edfic, als seus \u00faltims articles\" \/>\n<meta property=\"og:url\" content=\"https:\/\/raed.academy\/ca\/ara-i-sempre-italia\/\" \/>\n<meta property=\"og:site_name\" content=\"Reial Acad\u00e8mia Europea de Doctors\" \/>\n<meta property=\"article:publisher\" content=\"http:\/\/fb.me\/raed.academy\" \/>\n<meta property=\"article:published_time\" content=\"2026-09-02T08:02:48+00:00\" \/>\n<meta property=\"og:image\" content=\"https:\/\/raed.academy\/wp-content\/uploads\/2025\/06\/rio-Tiber-y-Basilica-de-San-Pedro-Roma-Italia-no-atrib-pixabay.com-dst.webp\" \/>\n\t<meta property=\"og:image:width\" content=\"600\" \/>\n\t<meta property=\"og:image:height\" content=\"360\" \/>\n\t<meta property=\"og:image:type\" content=\"image\/webp\" \/>\n<meta name=\"author\" content=\"Javier Rodr\u00edguez Sicilia\" \/>\n<meta name=\"twitter:card\" content=\"summary_large_image\" \/>\n<meta name=\"twitter:creator\" content=\"@raedacademy\" \/>\n<meta name=\"twitter:site\" content=\"@raedacademy\" \/>\n<meta name=\"twitter:label1\" content=\"Written by\" \/>\n\t<meta name=\"twitter:data1\" content=\"Javier Rodr\u00edguez Sicilia\" \/>\n\t<meta name=\"twitter:label2\" content=\"Est. reading time\" \/>\n\t<meta name=\"twitter:data2\" content=\"4 minutes\" \/>\n<script type=\"application\/ld+json\" class=\"yoast-schema-graph\">{\"@context\":\"https:\\\/\\\/schema.org\",\"@graph\":[{\"@type\":\"Article\",\"@id\":\"https:\\\/\\\/raed.academy\\\/ca\\\/ara-i-sempre-italia\\\/#article\",\"isPartOf\":{\"@id\":\"https:\\\/\\\/raed.academy\\\/ca\\\/ara-i-sempre-italia\\\/\"},\"author\":{\"name\":\"Javier Rodr\u00edguez Sicilia\",\"@id\":\"https:\\\/\\\/raed.academy\\\/ca\\\/#\\\/schema\\\/person\\\/31af80688d8a2644644f48b63aa77ee1\"},\"headline\":\"Ara i sempre, It\u00e0lia\",\"datePublished\":\"2026-09-02T08:02:48+00:00\",\"mainEntityOfPage\":{\"@id\":\"https:\\\/\\\/raed.academy\\\/ca\\\/ara-i-sempre-italia\\\/\"},\"wordCount\":770,\"publisher\":{\"@id\":\"https:\\\/\\\/raed.academy\\\/ca\\\/#organization\"},\"image\":{\"@id\":\"https:\\\/\\\/raed.academy\\\/ca\\\/ara-i-sempre-italia\\\/#primaryimage\"},\"thumbnailUrl\":\"https:\\\/\\\/raed.academy\\\/wp-content\\\/uploads\\\/2025\\\/06\\\/rio-Tiber-y-Basilica-de-San-Pedro-Roma-Italia-no-atrib-pixabay.com-dst.webp\",\"articleSection\":[\"Art\",\"Hist\u00f2ria\",\"Hist\u00f2ria de l'art i patrimoni cultural\"],\"inLanguage\":\"ca-ES\"},{\"@type\":\"WebPage\",\"@id\":\"https:\\\/\\\/raed.academy\\\/ca\\\/ara-i-sempre-italia\\\/\",\"url\":\"https:\\\/\\\/raed.academy\\\/ca\\\/ara-i-sempre-italia\\\/\",\"name\":\"Ara i sempre, It\u00e0lia - Reial Acad\u00e8mia Europea de Doctors\",\"isPartOf\":{\"@id\":\"https:\\\/\\\/raed.academy\\\/ca\\\/#website\"},\"primaryImageOfPage\":{\"@id\":\"https:\\\/\\\/raed.academy\\\/ca\\\/ara-i-sempre-italia\\\/#primaryimage\"},\"image\":{\"@id\":\"https:\\\/\\\/raed.academy\\\/ca\\\/ara-i-sempre-italia\\\/#primaryimage\"},\"thumbnailUrl\":\"https:\\\/\\\/raed.academy\\\/wp-content\\\/uploads\\\/2025\\\/06\\\/rio-Tiber-y-Basilica-de-San-Pedro-Roma-Italia-no-atrib-pixabay.com-dst.webp\",\"datePublished\":\"2026-09-02T08:02:48+00:00\",\"description\":\"Joaqu\u00edn Callabed repr\u00e8n la seva erudici\u00f3 i fascinaci\u00f3 per It\u00e0lia i el seu llegat cultural i cient\u00edfic, als seus \u00faltims articles\",\"breadcrumb\":{\"@id\":\"https:\\\/\\\/raed.academy\\\/ca\\\/ara-i-sempre-italia\\\/#breadcrumb\"},\"inLanguage\":\"ca-ES\",\"potentialAction\":[{\"@type\":\"ReadAction\",\"target\":[\"https:\\\/\\\/raed.academy\\\/ca\\\/ara-i-sempre-italia\\\/\"]}]},{\"@type\":\"ImageObject\",\"inLanguage\":\"ca-ES\",\"@id\":\"https:\\\/\\\/raed.academy\\\/ca\\\/ara-i-sempre-italia\\\/#primaryimage\",\"url\":\"https:\\\/\\\/raed.academy\\\/wp-content\\\/uploads\\\/2025\\\/06\\\/rio-Tiber-y-Basilica-de-San-Pedro-Roma-Italia-no-atrib-pixabay.com-dst.webp\",\"contentUrl\":\"https:\\\/\\\/raed.academy\\\/wp-content\\\/uploads\\\/2025\\\/06\\\/rio-Tiber-y-Basilica-de-San-Pedro-Roma-Italia-no-atrib-pixabay.com-dst.webp\",\"width\":600,\"height\":360},{\"@type\":\"BreadcrumbList\",\"@id\":\"https:\\\/\\\/raed.academy\\\/ca\\\/ara-i-sempre-italia\\\/#breadcrumb\",\"itemListElement\":[{\"@type\":\"ListItem\",\"position\":1,\"name\":\"Inicio\",\"item\":\"https:\\\/\\\/raed.academy\\\/ca\\\/\"},{\"@type\":\"ListItem\",\"position\":2,\"name\":\"Ara i sempre, It\u00e0lia\"}]},{\"@type\":\"WebSite\",\"@id\":\"https:\\\/\\\/raed.academy\\\/ca\\\/#website\",\"url\":\"https:\\\/\\\/raed.academy\\\/ca\\\/\",\"name\":\"Reial Acad\u00e8mia Europea de Doctors\",\"description\":\"Corporaci\u00f3n de derecho p\u00fablico de car\u00e1cter cient\u00edfico, t\u00e9cnico y art\u00edstico, que tiene por objeto la investigaci\u00f3n, el estudio, el fomento y la extensi\u00f3n del conocimiento en su sentido m\u00e1s amplio\",\"publisher\":{\"@id\":\"https:\\\/\\\/raed.academy\\\/ca\\\/#organization\"},\"potentialAction\":[{\"@type\":\"SearchAction\",\"target\":{\"@type\":\"EntryPoint\",\"urlTemplate\":\"https:\\\/\\\/raed.academy\\\/ca\\\/?s={search_term_string}\"},\"query-input\":{\"@type\":\"PropertyValueSpecification\",\"valueRequired\":true,\"valueName\":\"search_term_string\"}}],\"inLanguage\":\"ca-ES\"},{\"@type\":\"Organization\",\"@id\":\"https:\\\/\\\/raed.academy\\\/ca\\\/#organization\",\"name\":\"Real Academia Europea de Doctores\",\"url\":\"https:\\\/\\\/raed.academy\\\/ca\\\/\",\"logo\":{\"@type\":\"ImageObject\",\"inLanguage\":\"ca-ES\",\"@id\":\"https:\\\/\\\/raed.academy\\\/ca\\\/#\\\/schema\\\/logo\\\/image\\\/\",\"url\":\"https:\\\/\\\/raed.academy\\\/wp-content\\\/uploads\\\/2017\\\/01\\\/cropped-logo_raed.png\",\"contentUrl\":\"https:\\\/\\\/raed.academy\\\/wp-content\\\/uploads\\\/2017\\\/01\\\/cropped-logo_raed.png\",\"width\":512,\"height\":512,\"caption\":\"Real Academia Europea de Doctores\"},\"image\":{\"@id\":\"https:\\\/\\\/raed.academy\\\/ca\\\/#\\\/schema\\\/logo\\\/image\\\/\"},\"sameAs\":[\"http:\\\/\\\/fb.me\\\/raed.academy\",\"https:\\\/\\\/x.com\\\/raedacademy\",\"https:\\\/\\\/www.instagram.com\\\/raed.academy\\\/\",\"https:\\\/\\\/www.youtube.com\\\/channel\\\/UCUYQwW2KrdirNWihxMDObwg\"]},{\"@type\":\"Person\",\"@id\":\"https:\\\/\\\/raed.academy\\\/ca\\\/#\\\/schema\\\/person\\\/31af80688d8a2644644f48b63aa77ee1\",\"name\":\"Javier Rodr\u00edguez Sicilia\",\"image\":{\"@type\":\"ImageObject\",\"inLanguage\":\"ca-ES\",\"@id\":\"https:\\\/\\\/secure.gravatar.com\\\/avatar\\\/702200af99a88a3d626bc9ca2ee9361fa6e582e4455b1e641d8576c963ca66d5?s=96&d=mm&r=g\",\"url\":\"https:\\\/\\\/secure.gravatar.com\\\/avatar\\\/702200af99a88a3d626bc9ca2ee9361fa6e582e4455b1e641d8576c963ca66d5?s=96&d=mm&r=g\",\"contentUrl\":\"https:\\\/\\\/secure.gravatar.com\\\/avatar\\\/702200af99a88a3d626bc9ca2ee9361fa6e582e4455b1e641d8576c963ca66d5?s=96&d=mm&r=g\",\"caption\":\"Javier Rodr\u00edguez Sicilia\"}}]}<\/script>\n<!-- \/ Yoast SEO plugin. -->","yoast_head_json":{"title":"Ara i sempre, It\u00e0lia - Reial Acad\u00e8mia Europea de Doctors","description":"Joaqu\u00edn Callabed repr\u00e8n la seva erudici\u00f3 i fascinaci\u00f3 per It\u00e0lia i el seu llegat cultural i cient\u00edfic, als seus \u00faltims articles","robots":{"index":"index","follow":"follow","max-snippet":"max-snippet:-1","max-image-preview":"max-image-preview:large","max-video-preview":"max-video-preview:-1"},"canonical":"https:\/\/raed.academy\/ca\/ara-i-sempre-italia\/","og_locale":"ca_ES","og_type":"article","og_title":"Ara i sempre, It\u00e0lia - Reial Acad\u00e8mia Europea de Doctors","og_description":"Joaqu\u00edn Callabed repr\u00e8n la seva erudici\u00f3 i fascinaci\u00f3 per It\u00e0lia i el seu llegat cultural i cient\u00edfic, als seus \u00faltims articles","og_url":"https:\/\/raed.academy\/ca\/ara-i-sempre-italia\/","og_site_name":"Reial Acad\u00e8mia Europea de Doctors","article_publisher":"http:\/\/fb.me\/raed.academy","article_published_time":"2026-09-02T08:02:48+00:00","og_image":[{"width":600,"height":360,"url":"https:\/\/raed.academy\/wp-content\/uploads\/2025\/06\/rio-Tiber-y-Basilica-de-San-Pedro-Roma-Italia-no-atrib-pixabay.com-dst.webp","type":"image\/webp"}],"author":"Javier Rodr\u00edguez Sicilia","twitter_card":"summary_large_image","twitter_creator":"@raedacademy","twitter_site":"@raedacademy","twitter_misc":{"Written by":"Javier Rodr\u00edguez Sicilia","Est. reading time":"4 minutes"},"schema":{"@context":"https:\/\/schema.org","@graph":[{"@type":"Article","@id":"https:\/\/raed.academy\/ca\/ara-i-sempre-italia\/#article","isPartOf":{"@id":"https:\/\/raed.academy\/ca\/ara-i-sempre-italia\/"},"author":{"name":"Javier Rodr\u00edguez Sicilia","@id":"https:\/\/raed.academy\/ca\/#\/schema\/person\/31af80688d8a2644644f48b63aa77ee1"},"headline":"Ara i sempre, It\u00e0lia","datePublished":"2026-09-02T08:02:48+00:00","mainEntityOfPage":{"@id":"https:\/\/raed.academy\/ca\/ara-i-sempre-italia\/"},"wordCount":770,"publisher":{"@id":"https:\/\/raed.academy\/ca\/#organization"},"image":{"@id":"https:\/\/raed.academy\/ca\/ara-i-sempre-italia\/#primaryimage"},"thumbnailUrl":"https:\/\/raed.academy\/wp-content\/uploads\/2025\/06\/rio-Tiber-y-Basilica-de-San-Pedro-Roma-Italia-no-atrib-pixabay.com-dst.webp","articleSection":["Art","Hist\u00f2ria","Hist\u00f2ria de l'art i patrimoni cultural"],"inLanguage":"ca-ES"},{"@type":"WebPage","@id":"https:\/\/raed.academy\/ca\/ara-i-sempre-italia\/","url":"https:\/\/raed.academy\/ca\/ara-i-sempre-italia\/","name":"Ara i sempre, It\u00e0lia - Reial Acad\u00e8mia Europea de Doctors","isPartOf":{"@id":"https:\/\/raed.academy\/ca\/#website"},"primaryImageOfPage":{"@id":"https:\/\/raed.academy\/ca\/ara-i-sempre-italia\/#primaryimage"},"image":{"@id":"https:\/\/raed.academy\/ca\/ara-i-sempre-italia\/#primaryimage"},"thumbnailUrl":"https:\/\/raed.academy\/wp-content\/uploads\/2025\/06\/rio-Tiber-y-Basilica-de-San-Pedro-Roma-Italia-no-atrib-pixabay.com-dst.webp","datePublished":"2026-09-02T08:02:48+00:00","description":"Joaqu\u00edn Callabed repr\u00e8n la seva erudici\u00f3 i fascinaci\u00f3 per It\u00e0lia i el seu llegat cultural i cient\u00edfic, als seus \u00faltims articles","breadcrumb":{"@id":"https:\/\/raed.academy\/ca\/ara-i-sempre-italia\/#breadcrumb"},"inLanguage":"ca-ES","potentialAction":[{"@type":"ReadAction","target":["https:\/\/raed.academy\/ca\/ara-i-sempre-italia\/"]}]},{"@type":"ImageObject","inLanguage":"ca-ES","@id":"https:\/\/raed.academy\/ca\/ara-i-sempre-italia\/#primaryimage","url":"https:\/\/raed.academy\/wp-content\/uploads\/2025\/06\/rio-Tiber-y-Basilica-de-San-Pedro-Roma-Italia-no-atrib-pixabay.com-dst.webp","contentUrl":"https:\/\/raed.academy\/wp-content\/uploads\/2025\/06\/rio-Tiber-y-Basilica-de-San-Pedro-Roma-Italia-no-atrib-pixabay.com-dst.webp","width":600,"height":360},{"@type":"BreadcrumbList","@id":"https:\/\/raed.academy\/ca\/ara-i-sempre-italia\/#breadcrumb","itemListElement":[{"@type":"ListItem","position":1,"name":"Inicio","item":"https:\/\/raed.academy\/ca\/"},{"@type":"ListItem","position":2,"name":"Ara i sempre, It\u00e0lia"}]},{"@type":"WebSite","@id":"https:\/\/raed.academy\/ca\/#website","url":"https:\/\/raed.academy\/ca\/","name":"Reial Acad\u00e8mia Europea de Doctors","description":"Corporaci\u00f3n de derecho p\u00fablico de car\u00e1cter cient\u00edfico, t\u00e9cnico y art\u00edstico, que tiene por objeto la investigaci\u00f3n, el estudio, el fomento y la extensi\u00f3n del conocimiento en su sentido m\u00e1s amplio","publisher":{"@id":"https:\/\/raed.academy\/ca\/#organization"},"potentialAction":[{"@type":"SearchAction","target":{"@type":"EntryPoint","urlTemplate":"https:\/\/raed.academy\/ca\/?s={search_term_string}"},"query-input":{"@type":"PropertyValueSpecification","valueRequired":true,"valueName":"search_term_string"}}],"inLanguage":"ca-ES"},{"@type":"Organization","@id":"https:\/\/raed.academy\/ca\/#organization","name":"Real Academia Europea de Doctores","url":"https:\/\/raed.academy\/ca\/","logo":{"@type":"ImageObject","inLanguage":"ca-ES","@id":"https:\/\/raed.academy\/ca\/#\/schema\/logo\/image\/","url":"https:\/\/raed.academy\/wp-content\/uploads\/2017\/01\/cropped-logo_raed.png","contentUrl":"https:\/\/raed.academy\/wp-content\/uploads\/2017\/01\/cropped-logo_raed.png","width":512,"height":512,"caption":"Real Academia Europea de Doctores"},"image":{"@id":"https:\/\/raed.academy\/ca\/#\/schema\/logo\/image\/"},"sameAs":["http:\/\/fb.me\/raed.academy","https:\/\/x.com\/raedacademy","https:\/\/www.instagram.com\/raed.academy\/","https:\/\/www.youtube.com\/channel\/UCUYQwW2KrdirNWihxMDObwg"]},{"@type":"Person","@id":"https:\/\/raed.academy\/ca\/#\/schema\/person\/31af80688d8a2644644f48b63aa77ee1","name":"Javier Rodr\u00edguez Sicilia","image":{"@type":"ImageObject","inLanguage":"ca-ES","@id":"https:\/\/secure.gravatar.com\/avatar\/702200af99a88a3d626bc9ca2ee9361fa6e582e4455b1e641d8576c963ca66d5?s=96&d=mm&r=g","url":"https:\/\/secure.gravatar.com\/avatar\/702200af99a88a3d626bc9ca2ee9361fa6e582e4455b1e641d8576c963ca66d5?s=96&d=mm&r=g","contentUrl":"https:\/\/secure.gravatar.com\/avatar\/702200af99a88a3d626bc9ca2ee9361fa6e582e4455b1e641d8576c963ca66d5?s=96&d=mm&r=g","caption":"Javier Rodr\u00edguez Sicilia"}}]}},"_links":{"self":[{"href":"https:\/\/raed.academy\/ca\/wp-json\/wp\/v2\/posts\/188922","targetHints":{"allow":["GET"]}}],"collection":[{"href":"https:\/\/raed.academy\/ca\/wp-json\/wp\/v2\/posts"}],"about":[{"href":"https:\/\/raed.academy\/ca\/wp-json\/wp\/v2\/types\/post"}],"author":[{"embeddable":true,"href":"https:\/\/raed.academy\/ca\/wp-json\/wp\/v2\/users\/16"}],"replies":[{"embeddable":true,"href":"https:\/\/raed.academy\/ca\/wp-json\/wp\/v2\/comments?post=188922"}],"version-history":[{"count":1,"href":"https:\/\/raed.academy\/ca\/wp-json\/wp\/v2\/posts\/188922\/revisions"}],"predecessor-version":[{"id":188923,"href":"https:\/\/raed.academy\/ca\/wp-json\/wp\/v2\/posts\/188922\/revisions\/188923"}],"wp:featuredmedia":[{"embeddable":true,"href":"https:\/\/raed.academy\/ca\/wp-json\/wp\/v2\/media\/165368"}],"wp:attachment":[{"href":"https:\/\/raed.academy\/ca\/wp-json\/wp\/v2\/media?parent=188922"}],"wp:term":[{"taxonomy":"category","embeddable":true,"href":"https:\/\/raed.academy\/ca\/wp-json\/wp\/v2\/categories?post=188922"},{"taxonomy":"post_tag","embeddable":true,"href":"https:\/\/raed.academy\/ca\/wp-json\/wp\/v2\/tags?post=188922"}],"curies":[{"name":"wp","href":"https:\/\/api.w.org\/{rel}","templated":true}]}}