{"id":181898,"date":"2026-03-11T18:00:38","date_gmt":"2026-03-11T18:00:38","guid":{"rendered":"https:\/\/raed.academy\/?p=181898"},"modified":"2026-03-13T09:40:08","modified_gmt":"2026-03-13T09:40:08","slug":"formacio-recerca-i-transferencia-de-coneixement","status":"publish","type":"post","link":"https:\/\/raed.academy\/ca\/formacio-recerca-i-transferencia-de-coneixement\/","title":{"rendered":"Formaci\u00f3, recerca i transfer\u00e8ncia de coneixement"},"content":{"rendered":"<div id=\"attachment_181944\" style=\"width: 610px\" class=\"wp-caption aligncenter\"><img loading=\"lazy\" decoding=\"async\" aria-describedby=\"caption-attachment-181944\" class=\"wp-image-181944 size-full\" src=\"https:\/\/raed.academy\/wp-content\/uploads\/2026\/03\/Dr-Alfonso-Mendiz-Noguero-imgcp-1.67.webp\" sizes=\"(max-width: 600px) 100vw, 600px\" srcset=\"https:\/\/raed.academy\/wp-content\/uploads\/2026\/03\/Dr-Alfonso-Mendiz-Noguero-imgcp-1.67.webp 600w, https:\/\/raed.academy\/wp-content\/uploads\/2026\/03\/Dr-Alfonso-Mendiz-Noguero-imgcp-1.67-440x264.webp 440w\" alt=\"Alfonso M\u00e9ndiz\" width=\"600\" height=\"360\" aria-describedby=\"caption-attachment-181944\" \/><p id=\"caption-attachment-181944\" class=\"wp-caption-text\">Dr. Alfonso M\u00e9ndiz<\/p><\/div>\n<p><a href=\"https:\/\/raed.academy\/ca\/academics\/dr-alfonso-mendiz-noguero\/\" target=\"_blank\" rel=\"noopener\"><em><strong>Alfonso M\u00e9ndiz<\/strong><\/em><\/a>, rector de la\u00a0<strong>Universitat\u00a0Internacional de\u00a0Catalunya\u00a0<\/strong>i acad\u00e8mic de n\u00famero de la <strong>Reial Acad\u00e8mia Europea de Doctors<\/strong> (RAED), va rubricar el passat 3 de mar\u00e7 al costat de la directora de Desenvolupament de Negoci d&#8217;<strong>Arquia Banca<\/strong>, <strong>\u00c1gata Viloca<\/strong>, un conveni per impulsar conjuntament projectes acad\u00e8mics i cient\u00edfics, amb especial \u00e8mfasi a la <strong>Barcelona School of Architecture<\/strong> del centre. L&#8217;acord firmat entre ambdues institucions permetr\u00e0 desenvolupar iniciatives conjuntes en formaci\u00f3, recerca i transfer\u00e8ncia de coneixement, refor\u00e7ant la connexi\u00f3 entre universitat i sector professional i generant noves oportunitats per a estudiants i professionals. Arquia Banca \u00e9s una entitat especialitzada en serveis financers per a perfils professionals.<\/p>\n<p>Despr\u00e9s de la formalitzaci\u00f3 de l&#8217;acord, M\u00e9ndiz i Viloca van destacar la import\u00e0ncia de generar sinergies que afavoreixin el desenvolupament de projectes innovadors i aportin valor tant a la comunitat universit\u00e0ria com al teixit professional subratllant que aquest acord obre noves oportunitats de col\u00b7laboraci\u00f3 entre la universitat i l&#8217;\u00e0mbit professional, fomentant projectes que connectin la formaci\u00f3 acad\u00e8mica amb els reptes reals del m\u00f3n laboral, enriquint l&#8217;experi\u00e8ncia dels estudiants i enfortint el vincle amb institucions que comparteixen la voluntat d&#8217;impulsar el coneixement i la innovaci\u00f3.<\/p>\n<p>&#8220;Aquest acord marc amb Universitat Internacional de Catalunya i la col\u00b7laboraci\u00f3 amb la Barcelona School of Architecture refor\u00e7a el nostre comprom\u00eds hist\u00f2ric amb els professionals des de l&#8217;inici de la seva carrera. Per a nosaltres \u00e9s clau ser presents en el moment en qu\u00e8 els futurs arquitectes estan finalitzant la seva formaci\u00f3 i a punt d&#8217;incorporar-se al m\u00f3n laboral, acompanyant-los des del primer pas i facilitant la seva transici\u00f3 al mercat professional. Volem impulsar iniciatives conjuntes de formaci\u00f3 i transfer\u00e8ncia de coneixement, contribuir al seu desenvolupament i oferir solucions financeres adaptades a aquesta etapa decisiva de la seva carrera&#8221;, va assenyalar la directora de Desenvolupament de Negoci d&#8217;Arquia Banca.<\/p>\n<div id=\"attachment_178140\" style=\"width: 1029px\" class=\"wp-caption aligncenter\"><img loading=\"lazy\" decoding=\"async\" aria-describedby=\"caption-attachment-178140\" class=\"size-full wp-image-178140\" src=\"https:\/\/raed.academy\/wp-content\/uploads\/2026\/01\/Campus-Salud-Sant-Cugat-Universidad-Internacional-de-Cataluna-UIC-Barcelona-CCBYSA4.0-dst.webp\" alt=\"Universitat Internacional de Catalunya (UIC)\" width=\"1019\" height=\"610\" srcset=\"https:\/\/raed.academy\/wp-content\/uploads\/2026\/01\/Campus-Salud-Sant-Cugat-Universidad-Internacional-de-Cataluna-UIC-Barcelona-CCBYSA4.0-dst.webp 1019w, https:\/\/raed.academy\/wp-content\/uploads\/2026\/01\/Campus-Salud-Sant-Cugat-Universidad-Internacional-de-Cataluna-UIC-Barcelona-CCBYSA4.0-dst-768x460.webp 768w, https:\/\/raed.academy\/wp-content\/uploads\/2026\/01\/Campus-Salud-Sant-Cugat-Universidad-Internacional-de-Cataluna-UIC-Barcelona-CCBYSA4.0-dst-627x376.webp 627w, https:\/\/raed.academy\/wp-content\/uploads\/2026\/01\/Campus-Salud-Sant-Cugat-Universidad-Internacional-de-Cataluna-UIC-Barcelona-CCBYSA4.0-dst-440x264.webp 440w\" sizes=\"(max-width: 1019px) 100vw, 1019px\" \/><p id=\"caption-attachment-178140\" class=\"wp-caption-text\"><a href=\"https:\/\/commons.wikimedia.org\/wiki\/File:Campus_Salud_Sant_Cugat_(UIC_Barcelona).jpg\">Nmeseguer<\/a>, <a href=\"https:\/\/creativecommons.org\/licenses\/by-sa\/4.0\">CC BY-SA 4.0<\/a>, via Wikimedia Commons<\/p><\/div>\n<p>Aquesta alian\u00e7a estableix diferents modalitats de col\u00b7laboraci\u00f3 entre les dues institucions. Entre elles, destaquen la realitzaci\u00f3 conjunta de programes cient\u00edfics i projectes espec\u00edfics, l&#8217;organitzaci\u00f3 de cursos, seminaris i confer\u00e8ncies, aix\u00ed com la cooperaci\u00f3 a publicacions acad\u00e8miques i l&#8217;intercanvi d&#8217;informaci\u00f3 i assessorament en \u00e0mbits d\u2019inter\u00e8s com\u00fa. A m\u00e9s, l&#8217;acord contempla el reconeixement de cr\u00e8dits per a activitats formatives impulsades per Arquia Banca que resultin rellevants per als estudiants de la Barcelona School of Architecture. La firma d&#8217;aquest conveni s&#8217;emmarca a l&#8217;estrat\u00e8gia de la universitat d&#8217;impulsar aliances amb institucions i empreses que permetin fomentar la innovaci\u00f3, la recerca aplicada i la formaci\u00f3 de professionals preparats per afrontar els reptes de l&#8217;entorn laboral i social.<\/p>\n<p>La Universitat Internacional de Catalunya va n\u00e9ixer el 1997 amb l&#8217;objectiu d\u2019oferir una formaci\u00f3 universit\u00e0ria de qualitat i promoure la investigaci\u00f3 com a servei a la societat. Vinculada al m\u00f3n empresarial i amb un marcat car\u00e0cter internacional, d\u00f3na 16 graus, 17 dobles graus, 45 dobles titulacions internacionals i una \u00e0mplia oferta de programes de postgrau als seus dos campus, situats a Barcelona i Sant Cugat del Vall\u00e8s. Com a part del seu comprom\u00eds amb la societat, la universitat tamb\u00e9 compta amb tres cl\u00edniques universit\u00e0ries.<\/p>\n<p>M\u00e9ndiz va ser deg\u00e0 de la Facultat de Comunicaci\u00f3 i director del programa de doctorat de la Universitat Internacional de Catalunya i al llarg de la seva vasta traject\u00f2ria com a docent ha impartit classes, a m\u00e9s d&#8217;en aquest centre, a la<strong> Universitat de Navarra<\/strong> i la <strong>Universitat de M\u00e0laga<\/strong>. Ha dirigit 32 tesis doctorals i ha publicat m\u00e9s de 120 articles especialitzats i 17 monografies de refer\u00e8ncia a les seves principals l\u00ednies d&#8217;investigaci\u00f3, que inclouen la publicitat, l&#8217;educaci\u00f3 en valors i la influ\u00e8ncia social dels mitjans audiovisuals. A m\u00e9s, ha treballat en projectes internacionals en cinema i comunicaci\u00f3. Analitza aspectes de l&#8217;actualitat en el seu blog personal\u00a0<a href=\"https:\/\/www.alfonsomendiz.com\/\" target=\"_blank\" rel=\"noopener\"><strong>alfonsomendiz.com<\/strong><\/a>.<\/p>\n","protected":false},"excerpt":{"rendered":"<p>Alfonso M\u00e9ndiz i \u00c1gata Viloca signen un conveni entre les seves respectives institucions, la Universitat Internacional de Catalunya i Arquia Banca, per impulsar conjuntament projectes acad\u00e8mics i cient\u00edfics, amb un \u00e8mfasi especial a la Barcelona School of Architecture del centre<\/p>\n","protected":false},"author":12,"featured_media":181844,"comment_status":"closed","ping_status":"closed","sticky":false,"template":"","format":"standard","meta":{"_et_pb_use_builder":"","_et_pb_old_content":"","_et_gb_content_width":"","footnotes":""},"categories":[478,316],"tags":[],"class_list":["post-181898","post","type-post","status-publish","format-standard","has-post-thumbnail","hentry","category-arquitectura-ca","category-docencia-ca","et-has-post-format-content","et_post_format-et-post-format-standard"],"yoast_head":"<!-- This site is optimized with the Yoast SEO plugin v27.4 - https:\/\/yoast.com\/product\/yoast-seo-wordpress\/ -->\n<title>Formaci\u00f3, recerca i transfer\u00e8ncia de coneixement - Reial Acad\u00e8mia Europea de Doctors<\/title>\n<meta name=\"description\" content=\"Alfonso M\u00e9ndiz i \u00c1gata Viloca signen un conveni entre les seves respectives institucions, la UIC i Arquia Banca, per impulsar conjuntament projectes acad\u00e8mics i cient\u00edfics\" \/>\n<meta name=\"robots\" content=\"index, follow, max-snippet:-1, max-image-preview:large, max-video-preview:-1\" \/>\n<link rel=\"canonical\" href=\"https:\/\/raed.academy\/ca\/formacio-recerca-i-transferencia-de-coneixement\/\" \/>\n<meta property=\"og:locale\" content=\"ca_ES\" \/>\n<meta property=\"og:type\" content=\"article\" \/>\n<meta property=\"og:title\" content=\"Formaci\u00f3, recerca i transfer\u00e8ncia de coneixement - Reial Acad\u00e8mia Europea de Doctors\" \/>\n<meta property=\"og:description\" content=\"Alfonso M\u00e9ndiz i \u00c1gata Viloca signen un conveni entre les seves respectives institucions, la UIC i Arquia Banca, per impulsar conjuntament projectes acad\u00e8mics i cient\u00edfics\" \/>\n<meta property=\"og:url\" content=\"https:\/\/raed.academy\/ca\/formacio-recerca-i-transferencia-de-coneixement\/\" \/>\n<meta property=\"og:site_name\" content=\"Reial Acad\u00e8mia Europea de Doctors\" \/>\n<meta property=\"article:publisher\" content=\"http:\/\/fb.me\/raed.academy\" \/>\n<meta property=\"article:published_time\" content=\"2026-03-11T18:00:38+00:00\" \/>\n<meta property=\"article:modified_time\" content=\"2026-03-13T09:40:08+00:00\" \/>\n<meta property=\"og:image\" content=\"https:\/\/raed.academy\/wp-content\/uploads\/2026\/01\/Campus-Salud-Sant-Cugat-Universidad-Internacional-de-Cataluna-UIC-Barcelona-CCBYSA4.0-dst.webp\" \/>\n\t<meta property=\"og:image:width\" content=\"1019\" \/>\n\t<meta property=\"og:image:height\" content=\"610\" \/>\n\t<meta property=\"og:image:type\" content=\"image\/webp\" \/>\n<meta name=\"author\" content=\"RAED\" \/>\n<meta name=\"twitter:card\" content=\"summary_large_image\" \/>\n<meta name=\"twitter:creator\" content=\"@raedacademy\" \/>\n<meta name=\"twitter:site\" content=\"@raedacademy\" \/>\n<meta name=\"twitter:label1\" content=\"Written by\" \/>\n\t<meta name=\"twitter:data1\" content=\"RAED\" \/>\n\t<meta name=\"twitter:label2\" content=\"Est. reading time\" \/>\n\t<meta name=\"twitter:data2\" content=\"4 minutes\" \/>\n<script type=\"application\/ld+json\" class=\"yoast-schema-graph\">{\"@context\":\"https:\\\/\\\/schema.org\",\"@graph\":[{\"@type\":\"Article\",\"@id\":\"https:\\\/\\\/raed.academy\\\/ca\\\/formacio-recerca-i-transferencia-de-coneixement\\\/#article\",\"isPartOf\":{\"@id\":\"https:\\\/\\\/raed.academy\\\/ca\\\/formacio-recerca-i-transferencia-de-coneixement\\\/\"},\"author\":{\"name\":\"RAED\",\"@id\":\"https:\\\/\\\/raed.academy\\\/ca\\\/#\\\/schema\\\/person\\\/5a755da80d1d979fd66ba745c8702927\"},\"headline\":\"Formaci\u00f3, recerca i transfer\u00e8ncia de coneixement\",\"datePublished\":\"2026-03-11T18:00:38+00:00\",\"dateModified\":\"2026-03-13T09:40:08+00:00\",\"mainEntityOfPage\":{\"@id\":\"https:\\\/\\\/raed.academy\\\/ca\\\/formacio-recerca-i-transferencia-de-coneixement\\\/\"},\"wordCount\":704,\"publisher\":{\"@id\":\"https:\\\/\\\/raed.academy\\\/ca\\\/#organization\"},\"image\":{\"@id\":\"https:\\\/\\\/raed.academy\\\/ca\\\/formacio-recerca-i-transferencia-de-coneixement\\\/#primaryimage\"},\"thumbnailUrl\":\"https:\\\/\\\/raed.academy\\\/wp-content\\\/uploads\\\/2026\\\/01\\\/Campus-Salud-Sant-Cugat-Universidad-Internacional-de-Cataluna-UIC-Barcelona-CCBYSA4.0-dst.webp\",\"articleSection\":[\"Arquitectura\",\"Doc\u00e8ncia\"],\"inLanguage\":\"ca-ES\"},{\"@type\":\"WebPage\",\"@id\":\"https:\\\/\\\/raed.academy\\\/ca\\\/formacio-recerca-i-transferencia-de-coneixement\\\/\",\"url\":\"https:\\\/\\\/raed.academy\\\/ca\\\/formacio-recerca-i-transferencia-de-coneixement\\\/\",\"name\":\"Formaci\u00f3, recerca i transfer\u00e8ncia de coneixement - Reial Acad\u00e8mia Europea de Doctors\",\"isPartOf\":{\"@id\":\"https:\\\/\\\/raed.academy\\\/ca\\\/#website\"},\"primaryImageOfPage\":{\"@id\":\"https:\\\/\\\/raed.academy\\\/ca\\\/formacio-recerca-i-transferencia-de-coneixement\\\/#primaryimage\"},\"image\":{\"@id\":\"https:\\\/\\\/raed.academy\\\/ca\\\/formacio-recerca-i-transferencia-de-coneixement\\\/#primaryimage\"},\"thumbnailUrl\":\"https:\\\/\\\/raed.academy\\\/wp-content\\\/uploads\\\/2026\\\/01\\\/Campus-Salud-Sant-Cugat-Universidad-Internacional-de-Cataluna-UIC-Barcelona-CCBYSA4.0-dst.webp\",\"datePublished\":\"2026-03-11T18:00:38+00:00\",\"dateModified\":\"2026-03-13T09:40:08+00:00\",\"description\":\"Alfonso M\u00e9ndiz i \u00c1gata Viloca signen un conveni entre les seves respectives institucions, la UIC i Arquia Banca, per impulsar conjuntament projectes acad\u00e8mics i cient\u00edfics\",\"breadcrumb\":{\"@id\":\"https:\\\/\\\/raed.academy\\\/ca\\\/formacio-recerca-i-transferencia-de-coneixement\\\/#breadcrumb\"},\"inLanguage\":\"ca-ES\",\"potentialAction\":[{\"@type\":\"ReadAction\",\"target\":[\"https:\\\/\\\/raed.academy\\\/ca\\\/formacio-recerca-i-transferencia-de-coneixement\\\/\"]}]},{\"@type\":\"ImageObject\",\"inLanguage\":\"ca-ES\",\"@id\":\"https:\\\/\\\/raed.academy\\\/ca\\\/formacio-recerca-i-transferencia-de-coneixement\\\/#primaryimage\",\"url\":\"https:\\\/\\\/raed.academy\\\/wp-content\\\/uploads\\\/2026\\\/01\\\/Campus-Salud-Sant-Cugat-Universidad-Internacional-de-Cataluna-UIC-Barcelona-CCBYSA4.0-dst.webp\",\"contentUrl\":\"https:\\\/\\\/raed.academy\\\/wp-content\\\/uploads\\\/2026\\\/01\\\/Campus-Salud-Sant-Cugat-Universidad-Internacional-de-Cataluna-UIC-Barcelona-CCBYSA4.0-dst.webp\",\"width\":1019,\"height\":610,\"caption\":\"Nmeseguer, CC BY-SA 4.0, via Wikimedia Commons\"},{\"@type\":\"BreadcrumbList\",\"@id\":\"https:\\\/\\\/raed.academy\\\/ca\\\/formacio-recerca-i-transferencia-de-coneixement\\\/#breadcrumb\",\"itemListElement\":[{\"@type\":\"ListItem\",\"position\":1,\"name\":\"Inicio\",\"item\":\"https:\\\/\\\/raed.academy\\\/ca\\\/\"},{\"@type\":\"ListItem\",\"position\":2,\"name\":\"Formaci\u00f3, recerca i transfer\u00e8ncia de coneixement\"}]},{\"@type\":\"WebSite\",\"@id\":\"https:\\\/\\\/raed.academy\\\/ca\\\/#website\",\"url\":\"https:\\\/\\\/raed.academy\\\/ca\\\/\",\"name\":\"Reial Acad\u00e8mia Europea de Doctors\",\"description\":\"Corporaci\u00f3n de derecho p\u00fablico de car\u00e1cter cient\u00edfico, t\u00e9cnico y art\u00edstico, que tiene por objeto la investigaci\u00f3n, el estudio, el fomento y la extensi\u00f3n del conocimiento en su sentido m\u00e1s amplio\",\"publisher\":{\"@id\":\"https:\\\/\\\/raed.academy\\\/ca\\\/#organization\"},\"potentialAction\":[{\"@type\":\"SearchAction\",\"target\":{\"@type\":\"EntryPoint\",\"urlTemplate\":\"https:\\\/\\\/raed.academy\\\/ca\\\/?s={search_term_string}\"},\"query-input\":{\"@type\":\"PropertyValueSpecification\",\"valueRequired\":true,\"valueName\":\"search_term_string\"}}],\"inLanguage\":\"ca-ES\"},{\"@type\":\"Organization\",\"@id\":\"https:\\\/\\\/raed.academy\\\/ca\\\/#organization\",\"name\":\"Real Academia Europea de Doctores\",\"url\":\"https:\\\/\\\/raed.academy\\\/ca\\\/\",\"logo\":{\"@type\":\"ImageObject\",\"inLanguage\":\"ca-ES\",\"@id\":\"https:\\\/\\\/raed.academy\\\/ca\\\/#\\\/schema\\\/logo\\\/image\\\/\",\"url\":\"https:\\\/\\\/raed.academy\\\/wp-content\\\/uploads\\\/2017\\\/01\\\/cropped-logo_raed.png\",\"contentUrl\":\"https:\\\/\\\/raed.academy\\\/wp-content\\\/uploads\\\/2017\\\/01\\\/cropped-logo_raed.png\",\"width\":512,\"height\":512,\"caption\":\"Real Academia Europea de Doctores\"},\"image\":{\"@id\":\"https:\\\/\\\/raed.academy\\\/ca\\\/#\\\/schema\\\/logo\\\/image\\\/\"},\"sameAs\":[\"http:\\\/\\\/fb.me\\\/raed.academy\",\"https:\\\/\\\/x.com\\\/raedacademy\",\"https:\\\/\\\/www.instagram.com\\\/raed.academy\\\/\",\"https:\\\/\\\/www.youtube.com\\\/channel\\\/UCUYQwW2KrdirNWihxMDObwg\"]},{\"@type\":\"Person\",\"@id\":\"https:\\\/\\\/raed.academy\\\/ca\\\/#\\\/schema\\\/person\\\/5a755da80d1d979fd66ba745c8702927\",\"name\":\"RAED\",\"image\":{\"@type\":\"ImageObject\",\"inLanguage\":\"ca-ES\",\"@id\":\"https:\\\/\\\/secure.gravatar.com\\\/avatar\\\/19fdfdc0d67fb9c45714b703a2ac82251c4fcea3637f002ac3c9b74c0183583c?s=96&d=mm&r=g\",\"url\":\"https:\\\/\\\/secure.gravatar.com\\\/avatar\\\/19fdfdc0d67fb9c45714b703a2ac82251c4fcea3637f002ac3c9b74c0183583c?s=96&d=mm&r=g\",\"contentUrl\":\"https:\\\/\\\/secure.gravatar.com\\\/avatar\\\/19fdfdc0d67fb9c45714b703a2ac82251c4fcea3637f002ac3c9b74c0183583c?s=96&d=mm&r=g\",\"caption\":\"RAED\"}}]}<\/script>\n<!-- \/ Yoast SEO plugin. -->","yoast_head_json":{"title":"Formaci\u00f3, recerca i transfer\u00e8ncia de coneixement - Reial Acad\u00e8mia Europea de Doctors","description":"Alfonso M\u00e9ndiz i \u00c1gata Viloca signen un conveni entre les seves respectives institucions, la UIC i Arquia Banca, per impulsar conjuntament projectes acad\u00e8mics i cient\u00edfics","robots":{"index":"index","follow":"follow","max-snippet":"max-snippet:-1","max-image-preview":"max-image-preview:large","max-video-preview":"max-video-preview:-1"},"canonical":"https:\/\/raed.academy\/ca\/formacio-recerca-i-transferencia-de-coneixement\/","og_locale":"ca_ES","og_type":"article","og_title":"Formaci\u00f3, recerca i transfer\u00e8ncia de coneixement - Reial Acad\u00e8mia Europea de Doctors","og_description":"Alfonso M\u00e9ndiz i \u00c1gata Viloca signen un conveni entre les seves respectives institucions, la UIC i Arquia Banca, per impulsar conjuntament projectes acad\u00e8mics i cient\u00edfics","og_url":"https:\/\/raed.academy\/ca\/formacio-recerca-i-transferencia-de-coneixement\/","og_site_name":"Reial Acad\u00e8mia Europea de Doctors","article_publisher":"http:\/\/fb.me\/raed.academy","article_published_time":"2026-03-11T18:00:38+00:00","article_modified_time":"2026-03-13T09:40:08+00:00","og_image":[{"width":1019,"height":610,"url":"https:\/\/raed.academy\/wp-content\/uploads\/2026\/01\/Campus-Salud-Sant-Cugat-Universidad-Internacional-de-Cataluna-UIC-Barcelona-CCBYSA4.0-dst.webp","type":"image\/webp"}],"author":"RAED","twitter_card":"summary_large_image","twitter_creator":"@raedacademy","twitter_site":"@raedacademy","twitter_misc":{"Written by":"RAED","Est. reading time":"4 minutes"},"schema":{"@context":"https:\/\/schema.org","@graph":[{"@type":"Article","@id":"https:\/\/raed.academy\/ca\/formacio-recerca-i-transferencia-de-coneixement\/#article","isPartOf":{"@id":"https:\/\/raed.academy\/ca\/formacio-recerca-i-transferencia-de-coneixement\/"},"author":{"name":"RAED","@id":"https:\/\/raed.academy\/ca\/#\/schema\/person\/5a755da80d1d979fd66ba745c8702927"},"headline":"Formaci\u00f3, recerca i transfer\u00e8ncia de coneixement","datePublished":"2026-03-11T18:00:38+00:00","dateModified":"2026-03-13T09:40:08+00:00","mainEntityOfPage":{"@id":"https:\/\/raed.academy\/ca\/formacio-recerca-i-transferencia-de-coneixement\/"},"wordCount":704,"publisher":{"@id":"https:\/\/raed.academy\/ca\/#organization"},"image":{"@id":"https:\/\/raed.academy\/ca\/formacio-recerca-i-transferencia-de-coneixement\/#primaryimage"},"thumbnailUrl":"https:\/\/raed.academy\/wp-content\/uploads\/2026\/01\/Campus-Salud-Sant-Cugat-Universidad-Internacional-de-Cataluna-UIC-Barcelona-CCBYSA4.0-dst.webp","articleSection":["Arquitectura","Doc\u00e8ncia"],"inLanguage":"ca-ES"},{"@type":"WebPage","@id":"https:\/\/raed.academy\/ca\/formacio-recerca-i-transferencia-de-coneixement\/","url":"https:\/\/raed.academy\/ca\/formacio-recerca-i-transferencia-de-coneixement\/","name":"Formaci\u00f3, recerca i transfer\u00e8ncia de coneixement - Reial Acad\u00e8mia Europea de Doctors","isPartOf":{"@id":"https:\/\/raed.academy\/ca\/#website"},"primaryImageOfPage":{"@id":"https:\/\/raed.academy\/ca\/formacio-recerca-i-transferencia-de-coneixement\/#primaryimage"},"image":{"@id":"https:\/\/raed.academy\/ca\/formacio-recerca-i-transferencia-de-coneixement\/#primaryimage"},"thumbnailUrl":"https:\/\/raed.academy\/wp-content\/uploads\/2026\/01\/Campus-Salud-Sant-Cugat-Universidad-Internacional-de-Cataluna-UIC-Barcelona-CCBYSA4.0-dst.webp","datePublished":"2026-03-11T18:00:38+00:00","dateModified":"2026-03-13T09:40:08+00:00","description":"Alfonso M\u00e9ndiz i \u00c1gata Viloca signen un conveni entre les seves respectives institucions, la UIC i Arquia Banca, per impulsar conjuntament projectes acad\u00e8mics i cient\u00edfics","breadcrumb":{"@id":"https:\/\/raed.academy\/ca\/formacio-recerca-i-transferencia-de-coneixement\/#breadcrumb"},"inLanguage":"ca-ES","potentialAction":[{"@type":"ReadAction","target":["https:\/\/raed.academy\/ca\/formacio-recerca-i-transferencia-de-coneixement\/"]}]},{"@type":"ImageObject","inLanguage":"ca-ES","@id":"https:\/\/raed.academy\/ca\/formacio-recerca-i-transferencia-de-coneixement\/#primaryimage","url":"https:\/\/raed.academy\/wp-content\/uploads\/2026\/01\/Campus-Salud-Sant-Cugat-Universidad-Internacional-de-Cataluna-UIC-Barcelona-CCBYSA4.0-dst.webp","contentUrl":"https:\/\/raed.academy\/wp-content\/uploads\/2026\/01\/Campus-Salud-Sant-Cugat-Universidad-Internacional-de-Cataluna-UIC-Barcelona-CCBYSA4.0-dst.webp","width":1019,"height":610,"caption":"Nmeseguer, CC BY-SA 4.0, via Wikimedia Commons"},{"@type":"BreadcrumbList","@id":"https:\/\/raed.academy\/ca\/formacio-recerca-i-transferencia-de-coneixement\/#breadcrumb","itemListElement":[{"@type":"ListItem","position":1,"name":"Inicio","item":"https:\/\/raed.academy\/ca\/"},{"@type":"ListItem","position":2,"name":"Formaci\u00f3, recerca i transfer\u00e8ncia de coneixement"}]},{"@type":"WebSite","@id":"https:\/\/raed.academy\/ca\/#website","url":"https:\/\/raed.academy\/ca\/","name":"Reial Acad\u00e8mia Europea de Doctors","description":"Corporaci\u00f3n de derecho p\u00fablico de car\u00e1cter cient\u00edfico, t\u00e9cnico y art\u00edstico, que tiene por objeto la investigaci\u00f3n, el estudio, el fomento y la extensi\u00f3n del conocimiento en su sentido m\u00e1s amplio","publisher":{"@id":"https:\/\/raed.academy\/ca\/#organization"},"potentialAction":[{"@type":"SearchAction","target":{"@type":"EntryPoint","urlTemplate":"https:\/\/raed.academy\/ca\/?s={search_term_string}"},"query-input":{"@type":"PropertyValueSpecification","valueRequired":true,"valueName":"search_term_string"}}],"inLanguage":"ca-ES"},{"@type":"Organization","@id":"https:\/\/raed.academy\/ca\/#organization","name":"Real Academia Europea de Doctores","url":"https:\/\/raed.academy\/ca\/","logo":{"@type":"ImageObject","inLanguage":"ca-ES","@id":"https:\/\/raed.academy\/ca\/#\/schema\/logo\/image\/","url":"https:\/\/raed.academy\/wp-content\/uploads\/2017\/01\/cropped-logo_raed.png","contentUrl":"https:\/\/raed.academy\/wp-content\/uploads\/2017\/01\/cropped-logo_raed.png","width":512,"height":512,"caption":"Real Academia Europea de Doctores"},"image":{"@id":"https:\/\/raed.academy\/ca\/#\/schema\/logo\/image\/"},"sameAs":["http:\/\/fb.me\/raed.academy","https:\/\/x.com\/raedacademy","https:\/\/www.instagram.com\/raed.academy\/","https:\/\/www.youtube.com\/channel\/UCUYQwW2KrdirNWihxMDObwg"]},{"@type":"Person","@id":"https:\/\/raed.academy\/ca\/#\/schema\/person\/5a755da80d1d979fd66ba745c8702927","name":"RAED","image":{"@type":"ImageObject","inLanguage":"ca-ES","@id":"https:\/\/secure.gravatar.com\/avatar\/19fdfdc0d67fb9c45714b703a2ac82251c4fcea3637f002ac3c9b74c0183583c?s=96&d=mm&r=g","url":"https:\/\/secure.gravatar.com\/avatar\/19fdfdc0d67fb9c45714b703a2ac82251c4fcea3637f002ac3c9b74c0183583c?s=96&d=mm&r=g","contentUrl":"https:\/\/secure.gravatar.com\/avatar\/19fdfdc0d67fb9c45714b703a2ac82251c4fcea3637f002ac3c9b74c0183583c?s=96&d=mm&r=g","caption":"RAED"}}]}},"_links":{"self":[{"href":"https:\/\/raed.academy\/ca\/wp-json\/wp\/v2\/posts\/181898","targetHints":{"allow":["GET"]}}],"collection":[{"href":"https:\/\/raed.academy\/ca\/wp-json\/wp\/v2\/posts"}],"about":[{"href":"https:\/\/raed.academy\/ca\/wp-json\/wp\/v2\/types\/post"}],"author":[{"embeddable":true,"href":"https:\/\/raed.academy\/ca\/wp-json\/wp\/v2\/users\/12"}],"replies":[{"embeddable":true,"href":"https:\/\/raed.academy\/ca\/wp-json\/wp\/v2\/comments?post=181898"}],"version-history":[{"count":3,"href":"https:\/\/raed.academy\/ca\/wp-json\/wp\/v2\/posts\/181898\/revisions"}],"predecessor-version":[{"id":181957,"href":"https:\/\/raed.academy\/ca\/wp-json\/wp\/v2\/posts\/181898\/revisions\/181957"}],"wp:featuredmedia":[{"embeddable":true,"href":"https:\/\/raed.academy\/ca\/wp-json\/wp\/v2\/media\/181844"}],"wp:attachment":[{"href":"https:\/\/raed.academy\/ca\/wp-json\/wp\/v2\/media?parent=181898"}],"wp:term":[{"taxonomy":"category","embeddable":true,"href":"https:\/\/raed.academy\/ca\/wp-json\/wp\/v2\/categories?post=181898"},{"taxonomy":"post_tag","embeddable":true,"href":"https:\/\/raed.academy\/ca\/wp-json\/wp\/v2\/tags?post=181898"}],"curies":[{"name":"wp","href":"https:\/\/api.w.org\/{rel}","templated":true}]}}