{"id":181895,"date":"2026-03-13T09:58:50","date_gmt":"2026-03-13T09:58:50","guid":{"rendered":"https:\/\/raed.academy\/?p=181895"},"modified":"2026-03-13T10:08:39","modified_gmt":"2026-03-13T10:08:39","slug":"nutricio-i-salut-un-model-integral","status":"publish","type":"post","link":"https:\/\/raed.academy\/ca\/nutricio-i-salut-un-model-integral\/","title":{"rendered":"Nutrici\u00f3 i salut, un model integral"},"content":{"rendered":"<div id=\"attachment_181853\" style=\"width: 240px\" class=\"wp-caption alignright\"><img loading=\"lazy\" decoding=\"async\" aria-describedby=\"caption-attachment-181853\" class=\"wp-image-181853 size-full\" src=\"https:\/\/raed.academy\/wp-content\/uploads\/2026\/03\/Dr-Rafael-Urrialde-de-Andres-imgcp-0.73.webp\" alt=\"Rafael Urrialde\" width=\"230\" height=\"317\" aria-describedby=\"caption-attachment-181853\" \/><p id=\"caption-attachment-181853\" class=\"wp-caption-text\">Dr. Rafael Urrialde<\/p><\/div>\n<p><a href=\"https:\/\/raed.academy\/ca\/academics\/dr-rafael-urrialde-de-andres\/\" target=\"_blank\" rel=\"noopener\"><em><strong>Rafael Urrialde<\/strong><\/em><\/a>, professor del Departament de Gen\u00e8tica, Fisiologia i Microbiologia de la <strong>Universitat Complutense de Madrid<\/strong> i del Departament de Ci\u00e8ncies Farmac\u00e8utiques i de la Salut de la<strong> Universitat CEU-San Pablo<\/strong>, president de la<strong> Comissi\u00f3 Cient\u00edfica<\/strong> de la <strong>Societat Espanyola de Medicina de l&#8217;Esport<\/strong>, secretari de la <strong>Fundaci\u00f3 Espanyola de Nutrici\u00f3<\/strong>, acad\u00e8mic d&#8217;honor de l&#8217;<strong>Acad\u00e8mia Espanyola de Nutrici\u00f3 i Ci\u00e8ncies de l&#8217;Alimentaci\u00f3<\/strong> i acad\u00e8mic de n\u00famero i membre de la<strong> Junta de Govern<\/strong> de la <strong>Reial Acad\u00e8mia Europea de Doctors<\/strong> (RAED), incideix en el concepte d&#8217;alimentaci\u00f3 hol\u00edstica basada a les 8S (segura, saludable, sostenible, satisfact\u00f2ria, suficient, social, solid\u00e0ria i sobirana) desenvolupat en diversos dels seus estudis, a l&#8217;article <em><strong>&#8220;<\/strong><span class=\"TextRun SCXW234154338 BCX0\" lang=\"ES-ES\" xml:lang=\"ES-ES\" data-contrast=\"none\"><span class=\"NormalTextRun SCXW234154338 BCX0\"><strong>Sistema f\u00edsico, social y emocional del constructo sobre Alimentaci\u00f3n 8S&#8221;<\/strong><\/span><\/span><\/em>, publicat per la <strong>C\u00e0tedra de Gastronomia Mediterr\u00e0nia<\/strong> al seu web corporatiu. L&#8217;expert vincula aquest model a l&#8217;enfocament d&#8217;una sola salut (One Health), basat en la interacci\u00f3 de la salut humana, animal i vegetal, incloses i interseccionades amb la salut ambiental i amb una visi\u00f3 d&#8217;afectaci\u00f3 mundial, un concepte base global.<\/p>\n<p>Segons explica el mateix acad\u00e8mic, els principis d&#8217;una alimentaci\u00f3 8S busquen una alimentaci\u00f3 equilibrada, variada, moderada, justa i sostenible, en harmonia amb les necessitats humanes i ambientals. Est\u00e0 formada per una s\u00e8rie de principis que inclouen unes estrat\u00e8gies, accions i activitats que impliquen garantir la innocu\u00eftat d&#8217;aliments i begudes a tota la cadena aliment\u00e0ria, amb informaci\u00f3 clara sobre riscos, caracter\u00edstiques, conservaci\u00f3 i consum (alimentaci\u00f3 segura); promou una relaci\u00f3 equilibrada entre alimentaci\u00f3 i salut, ajustant-se a necessitats nutricionals a diferents etapes de la vida i tamb\u00e9 inclou l&#8217;educaci\u00f3 aliment\u00e0ria i l&#8217;\u00fas de compostos bioactius (alimentaci\u00f3 saludable); minimitza l&#8217;impacte ambiental, fomenta l&#8217;economia circular i evita la sobreexplotaci\u00f3 de recursos, aix\u00ed com cerca reduir desaprofitaments i prioritzar la sostenibilitat social, ambiental i econ\u00f2mica (alimentaci\u00f3 sostenible); assegura que l&#8217;alimentaci\u00f3 sigui agradable en l&#8217;\u00e0mbit sensorial i emocional, respectant guies aliment\u00e0ries i tradicions culturals (alimentaci\u00f3 satisfact\u00f2ria); garanteix l&#8217;acc\u00e9s a aliments i aigua adequats per a tots, evitant tant d\u00e8ficits com excessos que comprometin la salut (prou alimentaci\u00f3); fomenta el consum responsable i col\u00b7lectiu, valorant les tradicions culturals i les estructures socials (alimentaci\u00f3 social); prioritza l&#8217;acc\u00e9s a aliments per a les poblacions vulnerables i busca disminuir el desaprofitament alimentari, a m\u00e9s de promoure preus justos per a agricultors i ramaders, enfortint economies locals i creant un impacte positiu en la societat (alimentaci\u00f3 solid\u00e0ria) i defensa sistemes alimentaris locals i nacionals, garantint acc\u00e9s a aliments segurs i adaptats culturalment, refor\u00e7ant les economies locals, connectant productors i consumidors de manera sostenible i equitativa (sobirania aliment\u00e0ria).<\/p>\n<div id=\"attachment_181850\" style=\"width: 610px\" class=\"wp-caption alignleft\"><img loading=\"lazy\" decoding=\"async\" aria-describedby=\"caption-attachment-181850\" class=\"wp-image-181850 size-full\" src=\"https:\/\/raed.academy\/wp-content\/uploads\/2026\/03\/vegetales-hortalizas-alimentacion-nutricion-saludable-8S-pixabay.com-no-atrb-1.67.webp\" sizes=\"(max-width: 600px) 100vw, 600px\" srcset=\"https:\/\/raed.academy\/wp-content\/uploads\/2026\/03\/vegetales-hortalizas-alimentacion-nutricion-saludable-8S-pixabay.com-no-atrb-1.67.webp 600w, https:\/\/raed.academy\/wp-content\/uploads\/2026\/03\/vegetales-hortalizas-alimentacion-nutricion-saludable-8S-pixabay.com-no-atrb-1.67-440x264.webp 440w\" alt=\"\" width=\"600\" height=\"360\" aria-describedby=\"caption-attachment-181850\" \/><p id=\"caption-attachment-181850\" class=\"wp-caption-text\">Imatge de <a href=\"https:\/\/pixabay.com\/es\/users\/publicdomainarchive-262011\/?utm_source=link-attribution&amp;utm_medium=referral&amp;utm_campaign=image&amp;utm_content=349667\">PublicDomainArchive<\/a> a\u00a0<a href=\"https:\/\/pixabay.com\/es\/\/?utm_source=link-attribution&amp;utm_medium=referral&amp;utm_campaign=image&amp;utm_content=349667\">Pixabay<\/a><\/p><\/div>\n<p>&#8220;Els sistemes alimentaris cada cop s\u00f3n m\u00e9s complexos i aix\u00f2 fa que existeixin factors end\u00f2gens i ex\u00f2gens del mateix sistema que cal tenir en compte des d&#8217;una perspectiva metodol\u00f2gica. Aquest enfocament de l&#8217;alimentaci\u00f3 8S proposa que es dugui a terme una avaluaci\u00f3 transversal de la innocu\u00eftat aliment\u00e0ria mitjan\u00e7ant el control de l&#8217;an\u00e0lisi del risc com a base de la seguretat aliment\u00e0ria a tota la cadena d&#8217;aliment\u00e0ria, incloent-hi la tra\u00e7abilitat, la informaci\u00f3 aliment\u00e0ria facilitada al consumidor, incl\u00f2s l&#8217;etiquetatge, i la comunicaci\u00f3 del risc basada a l&#8217;evid\u00e8ncia cient\u00edfica sobre la identificaci\u00f3 dels perills espec\u00edfics i els seus riscos associats. Tot aix\u00f2 contribueix a la mitigaci\u00f3 d\u2019esdeveniments adversos i a l\u2019enfortiment de la vigil\u00e0ncia tecnicosanit\u00e0ria dels productes alimentaris que arriben a la poblaci\u00f3 humana i la mateixa t\u00e9 acc\u00e9s a ells&#8221;, introdueix el mateix expert les seves tesis abans d&#8217;abordar, un per un, els vuit elements a qu\u00e8 al\u00b7ludeix.<\/p>\n<p>Reconegut expert en la regulaci\u00f3 aliment\u00e0ria, Urrialde \u00e9s autor i coautor de publicacions cient\u00edfiques relacionades amb l&#8217;educaci\u00f3 nutricional. Va ser cap de Salut i Seguretat Aliment\u00e0ria a <strong>Puleva Food<\/strong>, director de l&#8217;\u00c0rea de Sanitat i Alimentaci\u00f3 en la <strong>Uni\u00f3 de Consumidors d&#8217;Espanya<\/strong>, coordinador t\u00e8cnic de la revista <strong>&#8220;Ciudadano&#8221;<\/strong>, director de Salut i Nutrici\u00f3 de<strong> Coca-Cola Iberia<\/strong>, t\u00e8cnic d&#8217;an\u00e0lisi de l&#8217;<strong>Institut del Fred<\/strong> del <strong>Consell Superior d&#8217;Investigacions Cient\u00edfiques<\/strong> i col\u00b7laborador de la <strong>C\u00e0tedra de Fisiologia Vegetal<\/strong> de la Facultat de Ci\u00e8ncies Biol\u00f2giques de la Universitat Complutense de Madrid. L&#8217;acad\u00e8mic forma part, a m\u00e9s, del <strong>Comit\u00e8 Editorial<\/strong> del portal especialitzat <strong>K\u00f3moda News<\/strong>, mereixedor del <strong>Premi a l&#8217;Excel\u00b7l\u00e8ncia en Relacions P\u00fabliques<\/strong> en la categoria &#8220;Lluita contra les &#8216;Fake News'&#8221; que atorga l&#8217;<strong>Associaci\u00f3 Internacional de Relacions P\u00fabliques<\/strong>.<\/p>\n<h2><a href=\"https:\/\/cgastromed.org\/8s\" target=\"_blank\" rel=\"noopener\">Llegiu l&#8217;article<\/a><\/h2>\n","protected":false},"excerpt":{"rendered":"<p>Rafael Urrialde incideix en el concepte d&#8217;alimentaci\u00f3 hol\u00edstica basada en les 8S (segura, saludable, sostenible, satisfact\u00f2ria, suficient, social, solid\u00e0ria i sobirana) desenvolupat en diversos estudis, a l&#8217;article &#8220;Sistema f\u00edsico, social y emocional del constructo sobre Alimentaci\u00f3n 8S&#8221;<\/p>\n","protected":false},"author":12,"featured_media":181851,"comment_status":"closed","ping_status":"closed","sticky":false,"template":"","format":"standard","meta":{"_et_pb_use_builder":"","_et_pb_old_content":"","_et_gb_content_width":"","footnotes":""},"categories":[237,332,416,455,347,310,213,499],"tags":[],"class_list":["post-181895","post","type-post","status-publish","format-standard","has-post-thumbnail","hentry","category-alimentacio-i-nutricio","category-biologia-ca","category-canvi-climatic","category-ciencies-de-la-salut","category-gastronomia-ca","category-medi-ambient","category-medicina-i-cirurgia","category-veterinaria-ca","et-has-post-format-content","et_post_format-et-post-format-standard"],"yoast_head":"<!-- This site is optimized with the Yoast SEO plugin v27.4 - https:\/\/yoast.com\/product\/yoast-seo-wordpress\/ -->\n<title>Nutrici\u00f3 i salut, un model integral - Reial Acad\u00e8mia Europea de Doctors<\/title>\n<meta name=\"description\" content=\"Rafael Urrialde incideix en el concepte d&#039;alimentaci\u00f3 hol\u00edstica basada en les 8S (segura, saludable, sostenible, satisfact\u00f2ria, suficient, social, solid\u00e0ria i sobirana)\" \/>\n<meta name=\"robots\" content=\"index, follow, max-snippet:-1, max-image-preview:large, max-video-preview:-1\" \/>\n<link rel=\"canonical\" href=\"https:\/\/raed.academy\/ca\/nutricio-i-salut-un-model-integral\/\" \/>\n<meta property=\"og:locale\" content=\"ca_ES\" \/>\n<meta property=\"og:type\" content=\"article\" \/>\n<meta property=\"og:title\" content=\"Nutrici\u00f3 i salut, un model integral - Reial Acad\u00e8mia Europea de Doctors\" \/>\n<meta property=\"og:description\" content=\"Rafael Urrialde incideix en el concepte d&#039;alimentaci\u00f3 hol\u00edstica basada en les 8S (segura, saludable, sostenible, satisfact\u00f2ria, suficient, social, solid\u00e0ria i sobirana)\" \/>\n<meta property=\"og:url\" content=\"https:\/\/raed.academy\/ca\/nutricio-i-salut-un-model-integral\/\" \/>\n<meta property=\"og:site_name\" content=\"Reial Acad\u00e8mia Europea de Doctors\" \/>\n<meta property=\"article:publisher\" content=\"http:\/\/fb.me\/raed.academy\" \/>\n<meta property=\"article:published_time\" content=\"2026-03-13T09:58:50+00:00\" \/>\n<meta property=\"article:modified_time\" content=\"2026-03-13T10:08:39+00:00\" \/>\n<meta property=\"og:image\" content=\"https:\/\/raed.academy\/wp-content\/uploads\/2026\/03\/vegetales-hortalizas-alimentacion-nutricion-saludable-8S-pixabay.com-no-atrb-1.67.webp\" \/>\n\t<meta property=\"og:image:width\" content=\"600\" \/>\n\t<meta property=\"og:image:height\" content=\"360\" \/>\n\t<meta property=\"og:image:type\" content=\"image\/webp\" \/>\n<meta name=\"author\" content=\"RAED\" \/>\n<meta name=\"twitter:card\" content=\"summary_large_image\" \/>\n<meta name=\"twitter:creator\" content=\"@raedacademy\" \/>\n<meta name=\"twitter:site\" content=\"@raedacademy\" \/>\n<meta name=\"twitter:label1\" content=\"Written by\" \/>\n\t<meta name=\"twitter:data1\" content=\"RAED\" \/>\n\t<meta name=\"twitter:label2\" content=\"Est. reading time\" \/>\n\t<meta name=\"twitter:data2\" content=\"4 minutes\" \/>\n<script type=\"application\/ld+json\" class=\"yoast-schema-graph\">{\"@context\":\"https:\\\/\\\/schema.org\",\"@graph\":[{\"@type\":\"Article\",\"@id\":\"https:\\\/\\\/raed.academy\\\/ca\\\/nutricio-i-salut-un-model-integral\\\/#article\",\"isPartOf\":{\"@id\":\"https:\\\/\\\/raed.academy\\\/ca\\\/nutricio-i-salut-un-model-integral\\\/\"},\"author\":{\"name\":\"RAED\",\"@id\":\"https:\\\/\\\/raed.academy\\\/ca\\\/#\\\/schema\\\/person\\\/5a755da80d1d979fd66ba745c8702927\"},\"headline\":\"Nutrici\u00f3 i salut, un model integral\",\"datePublished\":\"2026-03-13T09:58:50+00:00\",\"dateModified\":\"2026-03-13T10:08:39+00:00\",\"mainEntityOfPage\":{\"@id\":\"https:\\\/\\\/raed.academy\\\/ca\\\/nutricio-i-salut-un-model-integral\\\/\"},\"wordCount\":827,\"publisher\":{\"@id\":\"https:\\\/\\\/raed.academy\\\/ca\\\/#organization\"},\"image\":{\"@id\":\"https:\\\/\\\/raed.academy\\\/ca\\\/nutricio-i-salut-un-model-integral\\\/#primaryimage\"},\"thumbnailUrl\":\"https:\\\/\\\/raed.academy\\\/wp-content\\\/uploads\\\/2026\\\/03\\\/vegetales-hortalizas-alimentacion-nutricion-saludable-8S-pixabay.com-no-atrb-1.67.webp\",\"articleSection\":[\"Alimentaci\u00f3 i nutrici\u00f3\",\"Biologia\",\"Canvi clim\u00e0tic\",\"Ci\u00e8ncies de la salut\",\"Gastronomia\",\"Medi ambient\",\"Medicina i cirurgia\",\"Veterinaria\"],\"inLanguage\":\"ca-ES\"},{\"@type\":\"WebPage\",\"@id\":\"https:\\\/\\\/raed.academy\\\/ca\\\/nutricio-i-salut-un-model-integral\\\/\",\"url\":\"https:\\\/\\\/raed.academy\\\/ca\\\/nutricio-i-salut-un-model-integral\\\/\",\"name\":\"Nutrici\u00f3 i salut, un model integral - Reial Acad\u00e8mia Europea de Doctors\",\"isPartOf\":{\"@id\":\"https:\\\/\\\/raed.academy\\\/ca\\\/#website\"},\"primaryImageOfPage\":{\"@id\":\"https:\\\/\\\/raed.academy\\\/ca\\\/nutricio-i-salut-un-model-integral\\\/#primaryimage\"},\"image\":{\"@id\":\"https:\\\/\\\/raed.academy\\\/ca\\\/nutricio-i-salut-un-model-integral\\\/#primaryimage\"},\"thumbnailUrl\":\"https:\\\/\\\/raed.academy\\\/wp-content\\\/uploads\\\/2026\\\/03\\\/vegetales-hortalizas-alimentacion-nutricion-saludable-8S-pixabay.com-no-atrb-1.67.webp\",\"datePublished\":\"2026-03-13T09:58:50+00:00\",\"dateModified\":\"2026-03-13T10:08:39+00:00\",\"description\":\"Rafael Urrialde incideix en el concepte d'alimentaci\u00f3 hol\u00edstica basada en les 8S (segura, saludable, sostenible, satisfact\u00f2ria, suficient, social, solid\u00e0ria i sobirana)\",\"breadcrumb\":{\"@id\":\"https:\\\/\\\/raed.academy\\\/ca\\\/nutricio-i-salut-un-model-integral\\\/#breadcrumb\"},\"inLanguage\":\"ca-ES\",\"potentialAction\":[{\"@type\":\"ReadAction\",\"target\":[\"https:\\\/\\\/raed.academy\\\/ca\\\/nutricio-i-salut-un-model-integral\\\/\"]}]},{\"@type\":\"ImageObject\",\"inLanguage\":\"ca-ES\",\"@id\":\"https:\\\/\\\/raed.academy\\\/ca\\\/nutricio-i-salut-un-model-integral\\\/#primaryimage\",\"url\":\"https:\\\/\\\/raed.academy\\\/wp-content\\\/uploads\\\/2026\\\/03\\\/vegetales-hortalizas-alimentacion-nutricion-saludable-8S-pixabay.com-no-atrb-1.67.webp\",\"contentUrl\":\"https:\\\/\\\/raed.academy\\\/wp-content\\\/uploads\\\/2026\\\/03\\\/vegetales-hortalizas-alimentacion-nutricion-saludable-8S-pixabay.com-no-atrb-1.67.webp\",\"width\":600,\"height\":360},{\"@type\":\"BreadcrumbList\",\"@id\":\"https:\\\/\\\/raed.academy\\\/ca\\\/nutricio-i-salut-un-model-integral\\\/#breadcrumb\",\"itemListElement\":[{\"@type\":\"ListItem\",\"position\":1,\"name\":\"Inicio\",\"item\":\"https:\\\/\\\/raed.academy\\\/ca\\\/\"},{\"@type\":\"ListItem\",\"position\":2,\"name\":\"Nutrici\u00f3 i salut, un model integral\"}]},{\"@type\":\"WebSite\",\"@id\":\"https:\\\/\\\/raed.academy\\\/ca\\\/#website\",\"url\":\"https:\\\/\\\/raed.academy\\\/ca\\\/\",\"name\":\"Reial Acad\u00e8mia Europea de Doctors\",\"description\":\"Corporaci\u00f3n de derecho p\u00fablico de car\u00e1cter cient\u00edfico, t\u00e9cnico y art\u00edstico, que tiene por objeto la investigaci\u00f3n, el estudio, el fomento y la extensi\u00f3n del conocimiento en su sentido m\u00e1s amplio\",\"publisher\":{\"@id\":\"https:\\\/\\\/raed.academy\\\/ca\\\/#organization\"},\"potentialAction\":[{\"@type\":\"SearchAction\",\"target\":{\"@type\":\"EntryPoint\",\"urlTemplate\":\"https:\\\/\\\/raed.academy\\\/ca\\\/?s={search_term_string}\"},\"query-input\":{\"@type\":\"PropertyValueSpecification\",\"valueRequired\":true,\"valueName\":\"search_term_string\"}}],\"inLanguage\":\"ca-ES\"},{\"@type\":\"Organization\",\"@id\":\"https:\\\/\\\/raed.academy\\\/ca\\\/#organization\",\"name\":\"Real Academia Europea de Doctores\",\"url\":\"https:\\\/\\\/raed.academy\\\/ca\\\/\",\"logo\":{\"@type\":\"ImageObject\",\"inLanguage\":\"ca-ES\",\"@id\":\"https:\\\/\\\/raed.academy\\\/ca\\\/#\\\/schema\\\/logo\\\/image\\\/\",\"url\":\"https:\\\/\\\/raed.academy\\\/wp-content\\\/uploads\\\/2017\\\/01\\\/cropped-logo_raed.png\",\"contentUrl\":\"https:\\\/\\\/raed.academy\\\/wp-content\\\/uploads\\\/2017\\\/01\\\/cropped-logo_raed.png\",\"width\":512,\"height\":512,\"caption\":\"Real Academia Europea de Doctores\"},\"image\":{\"@id\":\"https:\\\/\\\/raed.academy\\\/ca\\\/#\\\/schema\\\/logo\\\/image\\\/\"},\"sameAs\":[\"http:\\\/\\\/fb.me\\\/raed.academy\",\"https:\\\/\\\/x.com\\\/raedacademy\",\"https:\\\/\\\/www.instagram.com\\\/raed.academy\\\/\",\"https:\\\/\\\/www.youtube.com\\\/channel\\\/UCUYQwW2KrdirNWihxMDObwg\"]},{\"@type\":\"Person\",\"@id\":\"https:\\\/\\\/raed.academy\\\/ca\\\/#\\\/schema\\\/person\\\/5a755da80d1d979fd66ba745c8702927\",\"name\":\"RAED\",\"image\":{\"@type\":\"ImageObject\",\"inLanguage\":\"ca-ES\",\"@id\":\"https:\\\/\\\/secure.gravatar.com\\\/avatar\\\/19fdfdc0d67fb9c45714b703a2ac82251c4fcea3637f002ac3c9b74c0183583c?s=96&d=mm&r=g\",\"url\":\"https:\\\/\\\/secure.gravatar.com\\\/avatar\\\/19fdfdc0d67fb9c45714b703a2ac82251c4fcea3637f002ac3c9b74c0183583c?s=96&d=mm&r=g\",\"contentUrl\":\"https:\\\/\\\/secure.gravatar.com\\\/avatar\\\/19fdfdc0d67fb9c45714b703a2ac82251c4fcea3637f002ac3c9b74c0183583c?s=96&d=mm&r=g\",\"caption\":\"RAED\"}}]}<\/script>\n<!-- \/ Yoast SEO plugin. -->","yoast_head_json":{"title":"Nutrici\u00f3 i salut, un model integral - Reial Acad\u00e8mia Europea de Doctors","description":"Rafael Urrialde incideix en el concepte d'alimentaci\u00f3 hol\u00edstica basada en les 8S (segura, saludable, sostenible, satisfact\u00f2ria, suficient, social, solid\u00e0ria i sobirana)","robots":{"index":"index","follow":"follow","max-snippet":"max-snippet:-1","max-image-preview":"max-image-preview:large","max-video-preview":"max-video-preview:-1"},"canonical":"https:\/\/raed.academy\/ca\/nutricio-i-salut-un-model-integral\/","og_locale":"ca_ES","og_type":"article","og_title":"Nutrici\u00f3 i salut, un model integral - Reial Acad\u00e8mia Europea de Doctors","og_description":"Rafael Urrialde incideix en el concepte d'alimentaci\u00f3 hol\u00edstica basada en les 8S (segura, saludable, sostenible, satisfact\u00f2ria, suficient, social, solid\u00e0ria i sobirana)","og_url":"https:\/\/raed.academy\/ca\/nutricio-i-salut-un-model-integral\/","og_site_name":"Reial Acad\u00e8mia Europea de Doctors","article_publisher":"http:\/\/fb.me\/raed.academy","article_published_time":"2026-03-13T09:58:50+00:00","article_modified_time":"2026-03-13T10:08:39+00:00","og_image":[{"width":600,"height":360,"url":"https:\/\/raed.academy\/wp-content\/uploads\/2026\/03\/vegetales-hortalizas-alimentacion-nutricion-saludable-8S-pixabay.com-no-atrb-1.67.webp","type":"image\/webp"}],"author":"RAED","twitter_card":"summary_large_image","twitter_creator":"@raedacademy","twitter_site":"@raedacademy","twitter_misc":{"Written by":"RAED","Est. reading time":"4 minutes"},"schema":{"@context":"https:\/\/schema.org","@graph":[{"@type":"Article","@id":"https:\/\/raed.academy\/ca\/nutricio-i-salut-un-model-integral\/#article","isPartOf":{"@id":"https:\/\/raed.academy\/ca\/nutricio-i-salut-un-model-integral\/"},"author":{"name":"RAED","@id":"https:\/\/raed.academy\/ca\/#\/schema\/person\/5a755da80d1d979fd66ba745c8702927"},"headline":"Nutrici\u00f3 i salut, un model integral","datePublished":"2026-03-13T09:58:50+00:00","dateModified":"2026-03-13T10:08:39+00:00","mainEntityOfPage":{"@id":"https:\/\/raed.academy\/ca\/nutricio-i-salut-un-model-integral\/"},"wordCount":827,"publisher":{"@id":"https:\/\/raed.academy\/ca\/#organization"},"image":{"@id":"https:\/\/raed.academy\/ca\/nutricio-i-salut-un-model-integral\/#primaryimage"},"thumbnailUrl":"https:\/\/raed.academy\/wp-content\/uploads\/2026\/03\/vegetales-hortalizas-alimentacion-nutricion-saludable-8S-pixabay.com-no-atrb-1.67.webp","articleSection":["Alimentaci\u00f3 i nutrici\u00f3","Biologia","Canvi clim\u00e0tic","Ci\u00e8ncies de la salut","Gastronomia","Medi ambient","Medicina i cirurgia","Veterinaria"],"inLanguage":"ca-ES"},{"@type":"WebPage","@id":"https:\/\/raed.academy\/ca\/nutricio-i-salut-un-model-integral\/","url":"https:\/\/raed.academy\/ca\/nutricio-i-salut-un-model-integral\/","name":"Nutrici\u00f3 i salut, un model integral - Reial Acad\u00e8mia Europea de Doctors","isPartOf":{"@id":"https:\/\/raed.academy\/ca\/#website"},"primaryImageOfPage":{"@id":"https:\/\/raed.academy\/ca\/nutricio-i-salut-un-model-integral\/#primaryimage"},"image":{"@id":"https:\/\/raed.academy\/ca\/nutricio-i-salut-un-model-integral\/#primaryimage"},"thumbnailUrl":"https:\/\/raed.academy\/wp-content\/uploads\/2026\/03\/vegetales-hortalizas-alimentacion-nutricion-saludable-8S-pixabay.com-no-atrb-1.67.webp","datePublished":"2026-03-13T09:58:50+00:00","dateModified":"2026-03-13T10:08:39+00:00","description":"Rafael Urrialde incideix en el concepte d'alimentaci\u00f3 hol\u00edstica basada en les 8S (segura, saludable, sostenible, satisfact\u00f2ria, suficient, social, solid\u00e0ria i sobirana)","breadcrumb":{"@id":"https:\/\/raed.academy\/ca\/nutricio-i-salut-un-model-integral\/#breadcrumb"},"inLanguage":"ca-ES","potentialAction":[{"@type":"ReadAction","target":["https:\/\/raed.academy\/ca\/nutricio-i-salut-un-model-integral\/"]}]},{"@type":"ImageObject","inLanguage":"ca-ES","@id":"https:\/\/raed.academy\/ca\/nutricio-i-salut-un-model-integral\/#primaryimage","url":"https:\/\/raed.academy\/wp-content\/uploads\/2026\/03\/vegetales-hortalizas-alimentacion-nutricion-saludable-8S-pixabay.com-no-atrb-1.67.webp","contentUrl":"https:\/\/raed.academy\/wp-content\/uploads\/2026\/03\/vegetales-hortalizas-alimentacion-nutricion-saludable-8S-pixabay.com-no-atrb-1.67.webp","width":600,"height":360},{"@type":"BreadcrumbList","@id":"https:\/\/raed.academy\/ca\/nutricio-i-salut-un-model-integral\/#breadcrumb","itemListElement":[{"@type":"ListItem","position":1,"name":"Inicio","item":"https:\/\/raed.academy\/ca\/"},{"@type":"ListItem","position":2,"name":"Nutrici\u00f3 i salut, un model integral"}]},{"@type":"WebSite","@id":"https:\/\/raed.academy\/ca\/#website","url":"https:\/\/raed.academy\/ca\/","name":"Reial Acad\u00e8mia Europea de Doctors","description":"Corporaci\u00f3n de derecho p\u00fablico de car\u00e1cter cient\u00edfico, t\u00e9cnico y art\u00edstico, que tiene por objeto la investigaci\u00f3n, el estudio, el fomento y la extensi\u00f3n del conocimiento en su sentido m\u00e1s amplio","publisher":{"@id":"https:\/\/raed.academy\/ca\/#organization"},"potentialAction":[{"@type":"SearchAction","target":{"@type":"EntryPoint","urlTemplate":"https:\/\/raed.academy\/ca\/?s={search_term_string}"},"query-input":{"@type":"PropertyValueSpecification","valueRequired":true,"valueName":"search_term_string"}}],"inLanguage":"ca-ES"},{"@type":"Organization","@id":"https:\/\/raed.academy\/ca\/#organization","name":"Real Academia Europea de Doctores","url":"https:\/\/raed.academy\/ca\/","logo":{"@type":"ImageObject","inLanguage":"ca-ES","@id":"https:\/\/raed.academy\/ca\/#\/schema\/logo\/image\/","url":"https:\/\/raed.academy\/wp-content\/uploads\/2017\/01\/cropped-logo_raed.png","contentUrl":"https:\/\/raed.academy\/wp-content\/uploads\/2017\/01\/cropped-logo_raed.png","width":512,"height":512,"caption":"Real Academia Europea de Doctores"},"image":{"@id":"https:\/\/raed.academy\/ca\/#\/schema\/logo\/image\/"},"sameAs":["http:\/\/fb.me\/raed.academy","https:\/\/x.com\/raedacademy","https:\/\/www.instagram.com\/raed.academy\/","https:\/\/www.youtube.com\/channel\/UCUYQwW2KrdirNWihxMDObwg"]},{"@type":"Person","@id":"https:\/\/raed.academy\/ca\/#\/schema\/person\/5a755da80d1d979fd66ba745c8702927","name":"RAED","image":{"@type":"ImageObject","inLanguage":"ca-ES","@id":"https:\/\/secure.gravatar.com\/avatar\/19fdfdc0d67fb9c45714b703a2ac82251c4fcea3637f002ac3c9b74c0183583c?s=96&d=mm&r=g","url":"https:\/\/secure.gravatar.com\/avatar\/19fdfdc0d67fb9c45714b703a2ac82251c4fcea3637f002ac3c9b74c0183583c?s=96&d=mm&r=g","contentUrl":"https:\/\/secure.gravatar.com\/avatar\/19fdfdc0d67fb9c45714b703a2ac82251c4fcea3637f002ac3c9b74c0183583c?s=96&d=mm&r=g","caption":"RAED"}}]}},"_links":{"self":[{"href":"https:\/\/raed.academy\/ca\/wp-json\/wp\/v2\/posts\/181895","targetHints":{"allow":["GET"]}}],"collection":[{"href":"https:\/\/raed.academy\/ca\/wp-json\/wp\/v2\/posts"}],"about":[{"href":"https:\/\/raed.academy\/ca\/wp-json\/wp\/v2\/types\/post"}],"author":[{"embeddable":true,"href":"https:\/\/raed.academy\/ca\/wp-json\/wp\/v2\/users\/12"}],"replies":[{"embeddable":true,"href":"https:\/\/raed.academy\/ca\/wp-json\/wp\/v2\/comments?post=181895"}],"version-history":[{"count":4,"href":"https:\/\/raed.academy\/ca\/wp-json\/wp\/v2\/posts\/181895\/revisions"}],"predecessor-version":[{"id":181961,"href":"https:\/\/raed.academy\/ca\/wp-json\/wp\/v2\/posts\/181895\/revisions\/181961"}],"wp:featuredmedia":[{"embeddable":true,"href":"https:\/\/raed.academy\/ca\/wp-json\/wp\/v2\/media\/181851"}],"wp:attachment":[{"href":"https:\/\/raed.academy\/ca\/wp-json\/wp\/v2\/media?parent=181895"}],"wp:term":[{"taxonomy":"category","embeddable":true,"href":"https:\/\/raed.academy\/ca\/wp-json\/wp\/v2\/categories?post=181895"},{"taxonomy":"post_tag","embeddable":true,"href":"https:\/\/raed.academy\/ca\/wp-json\/wp\/v2\/tags?post=181895"}],"curies":[{"name":"wp","href":"https:\/\/api.w.org\/{rel}","templated":true}]}}