{"id":180862,"date":"2026-02-19T13:19:05","date_gmt":"2026-02-19T13:19:05","guid":{"rendered":"https:\/\/raed.academy\/?p=180862"},"modified":"2026-02-19T13:19:05","modified_gmt":"2026-02-19T13:19:05","slug":"demografia-reproduccio-i-epigenetica-un-present-projectat-al-futur","status":"publish","type":"post","link":"https:\/\/raed.academy\/ca\/demografia-reproduccio-i-epigenetica-un-present-projectat-al-futur\/","title":{"rendered":"Demografia, reproducci\u00f3 i epigen\u00e8tica, un present projectat al futur"},"content":{"rendered":"<p><img loading=\"lazy\" decoding=\"async\" class=\"aligncenter size-full wp-image-165277\" src=\"https:\/\/raed.academy\/wp-content\/uploads\/2025\/06\/shutt-fecundacion-fertilidad-ovulo-y-espermatozoides-2.91.webp\" alt=\"\" width=\"1600\" height=\"550\" srcset=\"https:\/\/raed.academy\/wp-content\/uploads\/2025\/06\/shutt-fecundacion-fertilidad-ovulo-y-espermatozoides-2.91.webp 1600w, https:\/\/raed.academy\/wp-content\/uploads\/2025\/06\/shutt-fecundacion-fertilidad-ovulo-y-espermatozoides-2.91-768x264.webp 768w, https:\/\/raed.academy\/wp-content\/uploads\/2025\/06\/shutt-fecundacion-fertilidad-ovulo-y-espermatozoides-2.91-1536x528.webp 1536w, https:\/\/raed.academy\/wp-content\/uploads\/2025\/06\/shutt-fecundacion-fertilidad-ovulo-y-espermatozoides-2.91-1080x371.webp 1080w\" sizes=\"(max-width: 1600px) 100vw, 1600px\" \/><\/p>\n<p><a href=\"https:\/\/raed.academy\/ca\/academics\/dr-joaquim-gironella-coll\/\" target=\"_blank\" rel=\"noopener\"><em><strong>Joaquim Gironella<\/strong><\/em><\/a>, reconegut ur\u00f2leg, codirector m\u00e8dic del centre\u00a0<strong>Laser Medical Rent<\/strong> i acad\u00e8mic de n\u00famero i vicepresident de la <strong>Reial Acad\u00e8mia Europea de Doctors<\/strong> (RAED), va protagonitzar el passat 2 de febrer una de les sessions de l&#8217;<strong>Aula Telem\u00e0tica<\/strong> de l&#8217;<strong>Acad\u00e8mia de Ci\u00e8ncies, Enginyeries i Humanitats de Lanzarote<\/strong>, de la que \u00e9s acad\u00e8mic corresponent. Sota el t\u00edtol <strong>&#8220;<span class=\"TextRun SCXW206653189 BCX0\" lang=\"ES-ES\" xml:lang=\"ES-ES\" data-contrast=\"auto\"><span class=\"NormalTextRun SCXW206653189 BCX0\">Demograf\u00eda, reproducci\u00f3n y epigen\u00e9tica<\/span><\/span>&#8220;<\/strong>, l&#8217;expert va reflexionar sobre l&#8217;impacte dels canvis demogr\u00e0fics actuals i la seva relaci\u00f3 amb la reproducci\u00f3 humana i l&#8217;epigen\u00e8tica, destacant que les societats occidentals experimenten un acusat descens de la natalitat i un progressiu envelliment de la poblaci\u00f3. L&#8217;Aula Telem\u00e0tica \u00e9s dirigida per <a href=\"https:\/\/raed.academy\/ca\/academics\/dr-jose-ramon-calvo-fernandez\/\" target=\"_blank\" rel=\"noopener\"><em><strong>Jos\u00e9 Ram\u00f3n Calvo<\/strong><\/em><\/a>, acad\u00e8mic de n\u00famero i president de l&#8217;<strong>Institut de Cooperaci\u00f3 Internacional<\/strong> de la RAED i acad\u00e8mic i vicepresident de l&#8217;Acad\u00e8mia de Lanzarote.<\/p>\n<div id=\"attachment_144440\" style=\"width: 565px\" class=\"wp-caption alignleft\"><img loading=\"lazy\" decoding=\"async\" aria-describedby=\"caption-attachment-144440\" class=\"wp-image-144440\" src=\"https:\/\/raed.academy\/wp-content\/uploads\/2014\/07\/Dr-Joaquim-Gironella-ponencia-IV-acto-internacional-1.67.webp\" sizes=\"(max-width: 555px) 100vw, 555px\" srcset=\"https:\/\/raed.academy\/wp-content\/uploads\/2014\/07\/Dr-Joaquim-Gironella-ponencia-IV-acto-internacional-1.67.webp 700w, https:\/\/raed.academy\/wp-content\/uploads\/2014\/07\/Dr-Joaquim-Gironella-ponencia-IV-acto-internacional-1.67-627x376.webp 627w, https:\/\/raed.academy\/wp-content\/uploads\/2014\/07\/Dr-Joaquim-Gironella-ponencia-IV-acto-internacional-1.67-440x264.webp 440w\" alt=\"Joaquim Gironella\" width=\"555\" height=\"333\" aria-describedby=\"caption-attachment-144440\" \/><p id=\"caption-attachment-144440\" class=\"wp-caption-text\">Dr. Joaquim Gironella<\/p><\/div>\n<p>Per a l&#8217;acad\u00e8mic, aquesta transformaci\u00f3 demogr\u00e0fica respon a factors socials, econ\u00f2mics i culturals, com el retard a l&#8217;edat de reproducci\u00f3, la inestabilitat laboral i els canvis en el model familiar, una tend\u00e8ncia que planteja importants reptes per a la sostenibilitat del sistema social i l&#8217;equilibri entre generacions. Gironella va introduir en la seva intervenci\u00f3 el concepte d&#8217;epigen\u00e8tica per subratllar que el desenvolupament hum\u00e0 no dep\u00e8n \u00fanicament de la informaci\u00f3 gen\u00e8tica heretada, sin\u00f3 tamb\u00e9 de la influ\u00e8ncia de l&#8217;entorn. Factors com l&#8217;alimentaci\u00f3, l&#8217;ambient, l&#8217;estr\u00e8s o les condicions de vida poden modificar l&#8217;expressi\u00f3 dels gens i afectar la salut i el desenvolupament de les persones sense alterar l&#8217;ADN per si mateix. &#8220;No heretem nom\u00e9s els gens; heretem tamb\u00e9 la forma en qu\u00e8 l&#8217;ambient ha influ\u00eft en aquests gens&#8221;, va explicar.<\/p>\n<p>Aix\u00ed mateix, l&#8217;expert va destacar la import\u00e0ncia de les primeres etapes de la vida, especialment el per\u00edode prenatal i la infantesa, com fases decisives en la configuraci\u00f3 biol\u00f2gica i funcional de l&#8217;individu. Aquestes condicions inicials poden influir a l&#8217;aparici\u00f3 futura de malalties i en la qualitat de vida. A les seves conclusions, el ponent va assenyalar que la reproducci\u00f3 humana i l&#8217;evoluci\u00f3 demogr\u00e0fica s&#8217;han d&#8217;entendre des d&#8217;una perspectiva integral que combini biologia, medicina i entorn social, subratllant la responsabilitat col\u00b7lectiva en la creaci\u00f3 de condicions favorables per a les futures generacions.<\/p>\n<p>&#8220;L&#8217;epigen\u00e8tica ens obliga a replantejar la idea d&#8217;her\u00e8ncia, perqu\u00e8 no transmetem \u00fanicament una seq\u00fc\u00e8ncia d&#8217;ADN, sin\u00f3 tamb\u00e9 l&#8217;empremta de les condicions en qu\u00e8 vivim. Aix\u00f2 significa que la reproducci\u00f3 humana no \u00e9s nom\u00e9s un proc\u00e9s biol\u00f2gic, sin\u00f3 tamb\u00e9 un fenomen profundament condicionat per l&#8217;entorn, i ens recorda la responsabilitat que tenim com a societat en crear condicions favorables per a la vida. Sabem que les condicions de vida poden modificar l&#8217;expressi\u00f3 gen\u00e8tica i que aquests canvis poden transmetre&#8217;s. Aix\u00f2 ens obliga a entendre la reproducci\u00f3 humana no nom\u00e9s com un proc\u00e9s biol\u00f2gic, sin\u00f3 com un proc\u00e9s condicionat per l&#8217;ambient i amb implicacions per a les generacions venidores&#8221;, va concloure.<\/p>\n<p><iframe loading=\"lazy\" title=\"Demograf\u00eda, reproducci\u00f3n y epigen\u00e9tica\" width=\"1080\" height=\"810\" src=\"https:\/\/www.youtube.com\/embed\/m1ByQeaBMoE?feature=oembed\" frameborder=\"0\" allow=\"accelerometer; autoplay; clipboard-write; encrypted-media; gyroscope; picture-in-picture; web-share\" referrerpolicy=\"strict-origin-when-cross-origin\" allowfullscreen><\/iframe><\/p>\n<p>&nbsp;<\/p>\n","protected":false},"excerpt":{"rendered":"<p>Joaquim Gironella reflexiona, durant la seva exposici\u00f3 &#8220;Demograf\u00eda, reproducci\u00f3n y epigen\u00e9tica&#8221;, sobre l&#8217;impacte dels canvis demogr\u00e0fics actuals i la seva relaci\u00f3 amb la reproducci\u00f3 humana i l&#8217;epigen\u00e8tica, destacant que les societats occidentals experimenten un acusat descens de la natalitat i un envelliment progressiu de la poblaci\u00f3<\/p>\n","protected":false},"author":12,"featured_media":165275,"comment_status":"closed","ping_status":"closed","sticky":false,"template":"","format":"standard","meta":{"_et_pb_use_builder":"","_et_pb_old_content":"","_et_gb_content_width":"","footnotes":""},"categories":[237,332,455,310,213,457,481,492],"tags":[],"class_list":["post-180862","post","type-post","status-publish","format-standard","has-post-thumbnail","hentry","category-alimentacio-i-nutricio","category-biologia-ca","category-ciencies-de-la-salut","category-medi-ambient","category-medicina-i-cirurgia","category-sexologia-ca","category-sociologia-ca","category-trobades-cientifiques-i-congressos","et-has-post-format-content","et_post_format-et-post-format-standard"],"yoast_head":"<!-- This site is optimized with the Yoast SEO plugin v27.5 - https:\/\/yoast.com\/product\/yoast-seo-wordpress\/ -->\n<title>Demografia, reproducci\u00f3 i epigen\u00e8tica, un present projectat al futur - Reial Acad\u00e8mia Europea de Doctors<\/title>\n<meta name=\"description\" content=\"Joaquim Gironella reflexiona sobre l&#039;impacte dels canvis demogr\u00e0fics actuals i la seva relaci\u00f3 amb la reproducci\u00f3 humana i l&#039;epigen\u00e8tica\" \/>\n<meta name=\"robots\" content=\"index, follow, max-snippet:-1, max-image-preview:large, max-video-preview:-1\" \/>\n<link rel=\"canonical\" href=\"https:\/\/raed.academy\/ca\/demografia-reproduccio-i-epigenetica-un-present-projectat-al-futur\/\" \/>\n<meta property=\"og:locale\" content=\"ca_ES\" \/>\n<meta property=\"og:type\" content=\"article\" \/>\n<meta property=\"og:title\" content=\"Demografia, reproducci\u00f3 i epigen\u00e8tica, un present projectat al futur - Reial Acad\u00e8mia Europea de Doctors\" \/>\n<meta property=\"og:description\" content=\"Joaquim Gironella reflexiona sobre l&#039;impacte dels canvis demogr\u00e0fics actuals i la seva relaci\u00f3 amb la reproducci\u00f3 humana i l&#039;epigen\u00e8tica\" \/>\n<meta property=\"og:url\" content=\"https:\/\/raed.academy\/ca\/demografia-reproduccio-i-epigenetica-un-present-projectat-al-futur\/\" \/>\n<meta property=\"og:site_name\" content=\"Reial Acad\u00e8mia Europea de Doctors\" \/>\n<meta property=\"article:publisher\" content=\"http:\/\/fb.me\/raed.academy\" \/>\n<meta property=\"article:published_time\" content=\"2026-02-19T13:19:05+00:00\" \/>\n<meta property=\"og:image\" content=\"https:\/\/raed.academy\/wp-content\/uploads\/2025\/06\/shutt-fecundacion-fertilidad-ovulo-y-espermatozoides-dst.webp\" \/>\n\t<meta property=\"og:image:width\" content=\"600\" \/>\n\t<meta property=\"og:image:height\" content=\"360\" \/>\n\t<meta property=\"og:image:type\" content=\"image\/webp\" \/>\n<meta name=\"author\" content=\"RAED\" \/>\n<meta name=\"twitter:card\" content=\"summary_large_image\" \/>\n<meta name=\"twitter:creator\" content=\"@raedacademy\" \/>\n<meta name=\"twitter:site\" content=\"@raedacademy\" \/>\n<meta name=\"twitter:label1\" content=\"Written by\" \/>\n\t<meta name=\"twitter:data1\" content=\"RAED\" \/>\n\t<meta name=\"twitter:label2\" content=\"Est. reading time\" \/>\n\t<meta name=\"twitter:data2\" content=\"3 minutes\" \/>\n<script type=\"application\/ld+json\" class=\"yoast-schema-graph\">{\"@context\":\"https:\\\/\\\/schema.org\",\"@graph\":[{\"@type\":\"Article\",\"@id\":\"https:\\\/\\\/raed.academy\\\/ca\\\/demografia-reproduccio-i-epigenetica-un-present-projectat-al-futur\\\/#article\",\"isPartOf\":{\"@id\":\"https:\\\/\\\/raed.academy\\\/ca\\\/demografia-reproduccio-i-epigenetica-un-present-projectat-al-futur\\\/\"},\"author\":{\"name\":\"RAED\",\"@id\":\"https:\\\/\\\/raed.academy\\\/ca\\\/#\\\/schema\\\/person\\\/5a755da80d1d979fd66ba745c8702927\"},\"headline\":\"Demografia, reproducci\u00f3 i epigen\u00e8tica, un present projectat al futur\",\"datePublished\":\"2026-02-19T13:19:05+00:00\",\"mainEntityOfPage\":{\"@id\":\"https:\\\/\\\/raed.academy\\\/ca\\\/demografia-reproduccio-i-epigenetica-un-present-projectat-al-futur\\\/\"},\"wordCount\":568,\"publisher\":{\"@id\":\"https:\\\/\\\/raed.academy\\\/ca\\\/#organization\"},\"image\":{\"@id\":\"https:\\\/\\\/raed.academy\\\/ca\\\/demografia-reproduccio-i-epigenetica-un-present-projectat-al-futur\\\/#primaryimage\"},\"thumbnailUrl\":\"https:\\\/\\\/raed.academy\\\/wp-content\\\/uploads\\\/2025\\\/06\\\/shutt-fecundacion-fertilidad-ovulo-y-espermatozoides-dst.webp\",\"articleSection\":[\"Alimentaci\u00f3 i nutrici\u00f3\",\"Biologia\",\"Ci\u00e8ncies de la salut\",\"Medi ambient\",\"Medicina i cirurgia\",\"Sexologia\",\"Sociologia\",\"Trobades Cient\u00edfiques i Congressos\"],\"inLanguage\":\"ca-ES\"},{\"@type\":\"WebPage\",\"@id\":\"https:\\\/\\\/raed.academy\\\/ca\\\/demografia-reproduccio-i-epigenetica-un-present-projectat-al-futur\\\/\",\"url\":\"https:\\\/\\\/raed.academy\\\/ca\\\/demografia-reproduccio-i-epigenetica-un-present-projectat-al-futur\\\/\",\"name\":\"Demografia, reproducci\u00f3 i epigen\u00e8tica, un present projectat al futur - Reial Acad\u00e8mia Europea de Doctors\",\"isPartOf\":{\"@id\":\"https:\\\/\\\/raed.academy\\\/ca\\\/#website\"},\"primaryImageOfPage\":{\"@id\":\"https:\\\/\\\/raed.academy\\\/ca\\\/demografia-reproduccio-i-epigenetica-un-present-projectat-al-futur\\\/#primaryimage\"},\"image\":{\"@id\":\"https:\\\/\\\/raed.academy\\\/ca\\\/demografia-reproduccio-i-epigenetica-un-present-projectat-al-futur\\\/#primaryimage\"},\"thumbnailUrl\":\"https:\\\/\\\/raed.academy\\\/wp-content\\\/uploads\\\/2025\\\/06\\\/shutt-fecundacion-fertilidad-ovulo-y-espermatozoides-dst.webp\",\"datePublished\":\"2026-02-19T13:19:05+00:00\",\"description\":\"Joaquim Gironella reflexiona sobre l'impacte dels canvis demogr\u00e0fics actuals i la seva relaci\u00f3 amb la reproducci\u00f3 humana i l'epigen\u00e8tica\",\"breadcrumb\":{\"@id\":\"https:\\\/\\\/raed.academy\\\/ca\\\/demografia-reproduccio-i-epigenetica-un-present-projectat-al-futur\\\/#breadcrumb\"},\"inLanguage\":\"ca-ES\",\"potentialAction\":[{\"@type\":\"ReadAction\",\"target\":[\"https:\\\/\\\/raed.academy\\\/ca\\\/demografia-reproduccio-i-epigenetica-un-present-projectat-al-futur\\\/\"]}]},{\"@type\":\"ImageObject\",\"inLanguage\":\"ca-ES\",\"@id\":\"https:\\\/\\\/raed.academy\\\/ca\\\/demografia-reproduccio-i-epigenetica-un-present-projectat-al-futur\\\/#primaryimage\",\"url\":\"https:\\\/\\\/raed.academy\\\/wp-content\\\/uploads\\\/2025\\\/06\\\/shutt-fecundacion-fertilidad-ovulo-y-espermatozoides-dst.webp\",\"contentUrl\":\"https:\\\/\\\/raed.academy\\\/wp-content\\\/uploads\\\/2025\\\/06\\\/shutt-fecundacion-fertilidad-ovulo-y-espermatozoides-dst.webp\",\"width\":600,\"height\":360},{\"@type\":\"BreadcrumbList\",\"@id\":\"https:\\\/\\\/raed.academy\\\/ca\\\/demografia-reproduccio-i-epigenetica-un-present-projectat-al-futur\\\/#breadcrumb\",\"itemListElement\":[{\"@type\":\"ListItem\",\"position\":1,\"name\":\"Inicio\",\"item\":\"https:\\\/\\\/raed.academy\\\/ca\\\/\"},{\"@type\":\"ListItem\",\"position\":2,\"name\":\"Demografia, reproducci\u00f3 i epigen\u00e8tica, un present projectat al futur\"}]},{\"@type\":\"WebSite\",\"@id\":\"https:\\\/\\\/raed.academy\\\/ca\\\/#website\",\"url\":\"https:\\\/\\\/raed.academy\\\/ca\\\/\",\"name\":\"Reial Acad\u00e8mia Europea de Doctors\",\"description\":\"Corporaci\u00f3n de derecho p\u00fablico de car\u00e1cter cient\u00edfico, t\u00e9cnico y art\u00edstico, que tiene por objeto la investigaci\u00f3n, el estudio, el fomento y la extensi\u00f3n del conocimiento en su sentido m\u00e1s amplio\",\"publisher\":{\"@id\":\"https:\\\/\\\/raed.academy\\\/ca\\\/#organization\"},\"potentialAction\":[{\"@type\":\"SearchAction\",\"target\":{\"@type\":\"EntryPoint\",\"urlTemplate\":\"https:\\\/\\\/raed.academy\\\/ca\\\/?s={search_term_string}\"},\"query-input\":{\"@type\":\"PropertyValueSpecification\",\"valueRequired\":true,\"valueName\":\"search_term_string\"}}],\"inLanguage\":\"ca-ES\"},{\"@type\":\"Organization\",\"@id\":\"https:\\\/\\\/raed.academy\\\/ca\\\/#organization\",\"name\":\"Real Academia Europea de Doctores\",\"url\":\"https:\\\/\\\/raed.academy\\\/ca\\\/\",\"logo\":{\"@type\":\"ImageObject\",\"inLanguage\":\"ca-ES\",\"@id\":\"https:\\\/\\\/raed.academy\\\/ca\\\/#\\\/schema\\\/logo\\\/image\\\/\",\"url\":\"https:\\\/\\\/raed.academy\\\/wp-content\\\/uploads\\\/2017\\\/01\\\/cropped-logo_raed.png\",\"contentUrl\":\"https:\\\/\\\/raed.academy\\\/wp-content\\\/uploads\\\/2017\\\/01\\\/cropped-logo_raed.png\",\"width\":512,\"height\":512,\"caption\":\"Real Academia Europea de Doctores\"},\"image\":{\"@id\":\"https:\\\/\\\/raed.academy\\\/ca\\\/#\\\/schema\\\/logo\\\/image\\\/\"},\"sameAs\":[\"http:\\\/\\\/fb.me\\\/raed.academy\",\"https:\\\/\\\/x.com\\\/raedacademy\",\"https:\\\/\\\/www.instagram.com\\\/raed.academy\\\/\",\"https:\\\/\\\/www.youtube.com\\\/channel\\\/UCUYQwW2KrdirNWihxMDObwg\"]},{\"@type\":\"Person\",\"@id\":\"https:\\\/\\\/raed.academy\\\/ca\\\/#\\\/schema\\\/person\\\/5a755da80d1d979fd66ba745c8702927\",\"name\":\"RAED\",\"image\":{\"@type\":\"ImageObject\",\"inLanguage\":\"ca-ES\",\"@id\":\"https:\\\/\\\/secure.gravatar.com\\\/avatar\\\/19fdfdc0d67fb9c45714b703a2ac82251c4fcea3637f002ac3c9b74c0183583c?s=96&d=mm&r=g\",\"url\":\"https:\\\/\\\/secure.gravatar.com\\\/avatar\\\/19fdfdc0d67fb9c45714b703a2ac82251c4fcea3637f002ac3c9b74c0183583c?s=96&d=mm&r=g\",\"contentUrl\":\"https:\\\/\\\/secure.gravatar.com\\\/avatar\\\/19fdfdc0d67fb9c45714b703a2ac82251c4fcea3637f002ac3c9b74c0183583c?s=96&d=mm&r=g\",\"caption\":\"RAED\"}}]}<\/script>\n<!-- \/ Yoast SEO plugin. -->","yoast_head_json":{"title":"Demografia, reproducci\u00f3 i epigen\u00e8tica, un present projectat al futur - Reial Acad\u00e8mia Europea de Doctors","description":"Joaquim Gironella reflexiona sobre l'impacte dels canvis demogr\u00e0fics actuals i la seva relaci\u00f3 amb la reproducci\u00f3 humana i l'epigen\u00e8tica","robots":{"index":"index","follow":"follow","max-snippet":"max-snippet:-1","max-image-preview":"max-image-preview:large","max-video-preview":"max-video-preview:-1"},"canonical":"https:\/\/raed.academy\/ca\/demografia-reproduccio-i-epigenetica-un-present-projectat-al-futur\/","og_locale":"ca_ES","og_type":"article","og_title":"Demografia, reproducci\u00f3 i epigen\u00e8tica, un present projectat al futur - Reial Acad\u00e8mia Europea de Doctors","og_description":"Joaquim Gironella reflexiona sobre l'impacte dels canvis demogr\u00e0fics actuals i la seva relaci\u00f3 amb la reproducci\u00f3 humana i l'epigen\u00e8tica","og_url":"https:\/\/raed.academy\/ca\/demografia-reproduccio-i-epigenetica-un-present-projectat-al-futur\/","og_site_name":"Reial Acad\u00e8mia Europea de Doctors","article_publisher":"http:\/\/fb.me\/raed.academy","article_published_time":"2026-02-19T13:19:05+00:00","og_image":[{"width":600,"height":360,"url":"https:\/\/raed.academy\/wp-content\/uploads\/2025\/06\/shutt-fecundacion-fertilidad-ovulo-y-espermatozoides-dst.webp","type":"image\/webp"}],"author":"RAED","twitter_card":"summary_large_image","twitter_creator":"@raedacademy","twitter_site":"@raedacademy","twitter_misc":{"Written by":"RAED","Est. reading time":"3 minutes"},"schema":{"@context":"https:\/\/schema.org","@graph":[{"@type":"Article","@id":"https:\/\/raed.academy\/ca\/demografia-reproduccio-i-epigenetica-un-present-projectat-al-futur\/#article","isPartOf":{"@id":"https:\/\/raed.academy\/ca\/demografia-reproduccio-i-epigenetica-un-present-projectat-al-futur\/"},"author":{"name":"RAED","@id":"https:\/\/raed.academy\/ca\/#\/schema\/person\/5a755da80d1d979fd66ba745c8702927"},"headline":"Demografia, reproducci\u00f3 i epigen\u00e8tica, un present projectat al futur","datePublished":"2026-02-19T13:19:05+00:00","mainEntityOfPage":{"@id":"https:\/\/raed.academy\/ca\/demografia-reproduccio-i-epigenetica-un-present-projectat-al-futur\/"},"wordCount":568,"publisher":{"@id":"https:\/\/raed.academy\/ca\/#organization"},"image":{"@id":"https:\/\/raed.academy\/ca\/demografia-reproduccio-i-epigenetica-un-present-projectat-al-futur\/#primaryimage"},"thumbnailUrl":"https:\/\/raed.academy\/wp-content\/uploads\/2025\/06\/shutt-fecundacion-fertilidad-ovulo-y-espermatozoides-dst.webp","articleSection":["Alimentaci\u00f3 i nutrici\u00f3","Biologia","Ci\u00e8ncies de la salut","Medi ambient","Medicina i cirurgia","Sexologia","Sociologia","Trobades Cient\u00edfiques i Congressos"],"inLanguage":"ca-ES"},{"@type":"WebPage","@id":"https:\/\/raed.academy\/ca\/demografia-reproduccio-i-epigenetica-un-present-projectat-al-futur\/","url":"https:\/\/raed.academy\/ca\/demografia-reproduccio-i-epigenetica-un-present-projectat-al-futur\/","name":"Demografia, reproducci\u00f3 i epigen\u00e8tica, un present projectat al futur - Reial Acad\u00e8mia Europea de Doctors","isPartOf":{"@id":"https:\/\/raed.academy\/ca\/#website"},"primaryImageOfPage":{"@id":"https:\/\/raed.academy\/ca\/demografia-reproduccio-i-epigenetica-un-present-projectat-al-futur\/#primaryimage"},"image":{"@id":"https:\/\/raed.academy\/ca\/demografia-reproduccio-i-epigenetica-un-present-projectat-al-futur\/#primaryimage"},"thumbnailUrl":"https:\/\/raed.academy\/wp-content\/uploads\/2025\/06\/shutt-fecundacion-fertilidad-ovulo-y-espermatozoides-dst.webp","datePublished":"2026-02-19T13:19:05+00:00","description":"Joaquim Gironella reflexiona sobre l'impacte dels canvis demogr\u00e0fics actuals i la seva relaci\u00f3 amb la reproducci\u00f3 humana i l'epigen\u00e8tica","breadcrumb":{"@id":"https:\/\/raed.academy\/ca\/demografia-reproduccio-i-epigenetica-un-present-projectat-al-futur\/#breadcrumb"},"inLanguage":"ca-ES","potentialAction":[{"@type":"ReadAction","target":["https:\/\/raed.academy\/ca\/demografia-reproduccio-i-epigenetica-un-present-projectat-al-futur\/"]}]},{"@type":"ImageObject","inLanguage":"ca-ES","@id":"https:\/\/raed.academy\/ca\/demografia-reproduccio-i-epigenetica-un-present-projectat-al-futur\/#primaryimage","url":"https:\/\/raed.academy\/wp-content\/uploads\/2025\/06\/shutt-fecundacion-fertilidad-ovulo-y-espermatozoides-dst.webp","contentUrl":"https:\/\/raed.academy\/wp-content\/uploads\/2025\/06\/shutt-fecundacion-fertilidad-ovulo-y-espermatozoides-dst.webp","width":600,"height":360},{"@type":"BreadcrumbList","@id":"https:\/\/raed.academy\/ca\/demografia-reproduccio-i-epigenetica-un-present-projectat-al-futur\/#breadcrumb","itemListElement":[{"@type":"ListItem","position":1,"name":"Inicio","item":"https:\/\/raed.academy\/ca\/"},{"@type":"ListItem","position":2,"name":"Demografia, reproducci\u00f3 i epigen\u00e8tica, un present projectat al futur"}]},{"@type":"WebSite","@id":"https:\/\/raed.academy\/ca\/#website","url":"https:\/\/raed.academy\/ca\/","name":"Reial Acad\u00e8mia Europea de Doctors","description":"Corporaci\u00f3n de derecho p\u00fablico de car\u00e1cter cient\u00edfico, t\u00e9cnico y art\u00edstico, que tiene por objeto la investigaci\u00f3n, el estudio, el fomento y la extensi\u00f3n del conocimiento en su sentido m\u00e1s amplio","publisher":{"@id":"https:\/\/raed.academy\/ca\/#organization"},"potentialAction":[{"@type":"SearchAction","target":{"@type":"EntryPoint","urlTemplate":"https:\/\/raed.academy\/ca\/?s={search_term_string}"},"query-input":{"@type":"PropertyValueSpecification","valueRequired":true,"valueName":"search_term_string"}}],"inLanguage":"ca-ES"},{"@type":"Organization","@id":"https:\/\/raed.academy\/ca\/#organization","name":"Real Academia Europea de Doctores","url":"https:\/\/raed.academy\/ca\/","logo":{"@type":"ImageObject","inLanguage":"ca-ES","@id":"https:\/\/raed.academy\/ca\/#\/schema\/logo\/image\/","url":"https:\/\/raed.academy\/wp-content\/uploads\/2017\/01\/cropped-logo_raed.png","contentUrl":"https:\/\/raed.academy\/wp-content\/uploads\/2017\/01\/cropped-logo_raed.png","width":512,"height":512,"caption":"Real Academia Europea de Doctores"},"image":{"@id":"https:\/\/raed.academy\/ca\/#\/schema\/logo\/image\/"},"sameAs":["http:\/\/fb.me\/raed.academy","https:\/\/x.com\/raedacademy","https:\/\/www.instagram.com\/raed.academy\/","https:\/\/www.youtube.com\/channel\/UCUYQwW2KrdirNWihxMDObwg"]},{"@type":"Person","@id":"https:\/\/raed.academy\/ca\/#\/schema\/person\/5a755da80d1d979fd66ba745c8702927","name":"RAED","image":{"@type":"ImageObject","inLanguage":"ca-ES","@id":"https:\/\/secure.gravatar.com\/avatar\/19fdfdc0d67fb9c45714b703a2ac82251c4fcea3637f002ac3c9b74c0183583c?s=96&d=mm&r=g","url":"https:\/\/secure.gravatar.com\/avatar\/19fdfdc0d67fb9c45714b703a2ac82251c4fcea3637f002ac3c9b74c0183583c?s=96&d=mm&r=g","contentUrl":"https:\/\/secure.gravatar.com\/avatar\/19fdfdc0d67fb9c45714b703a2ac82251c4fcea3637f002ac3c9b74c0183583c?s=96&d=mm&r=g","caption":"RAED"}}]}},"_links":{"self":[{"href":"https:\/\/raed.academy\/ca\/wp-json\/wp\/v2\/posts\/180862","targetHints":{"allow":["GET"]}}],"collection":[{"href":"https:\/\/raed.academy\/ca\/wp-json\/wp\/v2\/posts"}],"about":[{"href":"https:\/\/raed.academy\/ca\/wp-json\/wp\/v2\/types\/post"}],"author":[{"embeddable":true,"href":"https:\/\/raed.academy\/ca\/wp-json\/wp\/v2\/users\/12"}],"replies":[{"embeddable":true,"href":"https:\/\/raed.academy\/ca\/wp-json\/wp\/v2\/comments?post=180862"}],"version-history":[{"count":3,"href":"https:\/\/raed.academy\/ca\/wp-json\/wp\/v2\/posts\/180862\/revisions"}],"predecessor-version":[{"id":180932,"href":"https:\/\/raed.academy\/ca\/wp-json\/wp\/v2\/posts\/180862\/revisions\/180932"}],"wp:featuredmedia":[{"embeddable":true,"href":"https:\/\/raed.academy\/ca\/wp-json\/wp\/v2\/media\/165275"}],"wp:attachment":[{"href":"https:\/\/raed.academy\/ca\/wp-json\/wp\/v2\/media?parent=180862"}],"wp:term":[{"taxonomy":"category","embeddable":true,"href":"https:\/\/raed.academy\/ca\/wp-json\/wp\/v2\/categories?post=180862"},{"taxonomy":"post_tag","embeddable":true,"href":"https:\/\/raed.academy\/ca\/wp-json\/wp\/v2\/tags?post=180862"}],"curies":[{"name":"wp","href":"https:\/\/api.w.org\/{rel}","templated":true}]}}