{"id":180849,"date":"2026-02-19T12:57:20","date_gmt":"2026-02-19T12:57:20","guid":{"rendered":"https:\/\/raed.academy\/?p=180849"},"modified":"2026-02-19T17:10:55","modified_gmt":"2026-02-19T17:10:55","slug":"competitivitat-i-salaris-dignes-van-de-la-ma","status":"publish","type":"post","link":"https:\/\/raed.academy\/ca\/competitivitat-i-salaris-dignes-van-de-la-ma\/","title":{"rendered":"Competitivitat i salaris dignes van plegats"},"content":{"rendered":"<div id=\"attachment_180827\" style=\"width: 610px\" class=\"wp-caption aligncenter\"><img loading=\"lazy\" decoding=\"async\" aria-describedby=\"caption-attachment-180827\" class=\"wp-image-180827 size-full\" src=\"https:\/\/raed.academy\/wp-content\/uploads\/2026\/02\/Agustin-Moreno-Ruz-1.67.webp\" sizes=\"(max-width: 600px) 100vw, 600px\" srcset=\"https:\/\/raed.academy\/wp-content\/uploads\/2026\/02\/Agustin-Moreno-Ruz-1.67.webp 600w, https:\/\/raed.academy\/wp-content\/uploads\/2026\/02\/Agustin-Moreno-Ruz-1.67-440x264.webp 440w\" alt=\"Agustin Moreno Ruz\" width=\"600\" height=\"360\" aria-describedby=\"caption-attachment-180827\" \/><p id=\"caption-attachment-180827\" class=\"wp-caption-text\">Dr. Agustin Moreno Ruz<\/p><\/div>\n<p><strong>Agust\u00edn Moreno Ruz<\/strong>, professor de la Facultat d&#8217;Economia i Empresa de la <strong>Universitat de Barcelona<\/strong> i col\u00b7laborador habitual de la <strong>Reial Acad\u00e8mia Europea de Doctors<\/strong> (RAED), ha publicat al n\u00famero 92 de la revista especialitzada <strong>&#8220;T\u00e9cnica Contable y Financiera&#8221;<\/strong>, corresponent a gener del 2026, l&#8217;article <strong>&#8220;Sostenibilidad, fuerza laboral y fondo de comercio interno de la empresa&#8221;<\/strong>, en el qual assenyala com la productivitat i el rendiment han de servir com a base objectiva per a la fixaci\u00f3 d&#8217;uns salaris dignes, ja que la seva conjunci\u00f3 ha de permetre que l&#8217;empresa guanyi valor al seu fons de comer\u00e7 intern. En aquesta mateixa l\u00ednia, l&#8217;expert va publicar a les \u00faltimes edicions d&#8217;aquesta mateixa revista els articles <strong>&#8220;La sostenibilidad en el fondo de comercio interno. Los costes en la econom\u00eda circular&#8221;<\/strong>, en el qual se centrava a les normes europees d&#8217;informaci\u00f3 sobre sostenibilitat, i <strong>&#8220;La sostenibilidad, la entrop\u00eda y el fondo de comercio interno&#8221;<\/strong>, en el qual incidia a la necessitat que la sostenibilitat no suposi una c\u00e0rrega per a l&#8217;empresa, sin\u00f3 una oportunitat per millorar la seva efici\u00e8ncia, rendibilitat i valor intern.<\/p>\n<p>L&#8217;expert analitza ara la relaci\u00f3 entre sostenibilitat empresarial, for\u00e7a laboral i el valor intangible intern de l&#8217;empresa al context de la normativa europea sobre salaris dignes i transpar\u00e8ncia social. En aquest sentit, apunta que la Uni\u00f3 Europea impulsa un marc normatiu que obliga els estats membre i les empreses a garantir salaris m\u00ednims adequats, orientats a assegurar un nivell de vida digne, reduir la pobresa laboral i fomentar la cohesi\u00f3 social. Aquests salaris s&#8217;han de fixar en funci\u00f3 de criteris objectius, especialment la productivitat, l&#8217;evoluci\u00f3 econ\u00f2mica i l&#8217;efici\u00e8ncia del treball. L&#8217;autor destaca que la for\u00e7a laboral constitueix un element essencial del valor intern de l&#8217;empresa, ja que el personal no nom\u00e9s representa un cost comptable, sin\u00f3 una inversi\u00f3 amb un retorn que es materialitza en forma de productivitat, innovaci\u00f3 i competitivitat. Per aix\u00f2, la remuneraci\u00f3 ha d&#8217;evolucionar de forma variable i a l&#8217;al\u00e7a conforme a l&#8217;aportaci\u00f3 objectiva del treballador, m\u00e9s enll\u00e0 del salari m\u00ednim legal.<\/p>\n<p><img loading=\"lazy\" decoding=\"async\" class=\"size-full wp-image-180787 alignright\" src=\"https:\/\/raed.academy\/wp-content\/uploads\/2026\/02\/ChatGPT-fuerza-labora-fondo-de-comercio-interno-de-la-empresa-crecimiento-intangible-valor-empresarial-1.67.webp\" sizes=\"(max-width: 600px) 100vw, 600px\" srcset=\"https:\/\/raed.academy\/wp-content\/uploads\/2026\/02\/ChatGPT-fuerza-labora-fondo-de-comercio-interno-de-la-empresa-crecimiento-intangible-valor-empresarial-1.67.webp 600w, https:\/\/raed.academy\/wp-content\/uploads\/2026\/02\/ChatGPT-fuerza-labora-fondo-de-comercio-interno-de-la-empresa-crecimiento-intangible-valor-empresarial-1.67-440x264.webp 440w\" alt=\"\" width=\"600\" height=\"360\" \/>L&#8217;acad\u00e8mic assenyala que la legislaci\u00f3 europea sobre sostenibilitat empresarial exigeix que les empreses informin sobre aspectes clau de la gesti\u00f3 del seu personal, com la formaci\u00f3, el desenvolupament de capacitats, la revisi\u00f3 peri\u00f2dica del rendiment i l&#8217;exist\u00e8ncia de salaris adequats. Aquestes avaluacions han de basar-se en criteris coneguts pel treballador i realitzar-se almenys un cop a l&#8217;any, i aix\u00f2 permet mesurar la qualitat i efic\u00e0cia de la for\u00e7a laboral. Per a Moreno Ruz, el creixement empresarial dep\u00e8n de tenir treballadors qualificats, motivats i ben integrats a equips, aix\u00ed com de sistemes organitzatius eficients que aprofitin les seves capacitats. La formaci\u00f3 cont\u00ednua, la correcta selecci\u00f3 de personal i el reconeixement del seu valor contribueixen a enfortir el fons de comer\u00e7 intern de l&#8217;empresa, ent\u00e8s com el conjunt d&#8217;actius intangibles que augmenten el seu valor i competitivitat. Per aix\u00f2 l&#8217;autor acaba que una pol\u00edtica empresarial centrada en salaris dignes, desenvolupament professional i gesti\u00f3 eficient del talent no nom\u00e9s millora les condicions laborals, sin\u00f3 que tamb\u00e9 genera riquesa, enforteix l&#8217;ocupaci\u00f3 i augmenta el valor sostenible de l&#8217;empresa.<\/p>\n<p>Moreno Ruz \u00e9s una figura acad\u00e8mica de refer\u00e8ncia pels seus estudis sobre el valor comptable d&#8217;aquest fons de comer\u00e7 intern atenent les exig\u00e8ncies dels mercats i inversors, per\u00f2 tamb\u00e9 el correcte funcionament de l\u2019empresa. Doctor en Ci\u00e8ncies Econ\u00f2miques, Comptabilitat Superior i Auditoria per la <strong>Universitat Rey Juan Carlos I<\/strong>, advoca per adaptar la comptabilitat als requisits del mercat i ampliar el seu camp de recerca, indagar en la gesti\u00f3 de l&#8217;empresa des de tot punt de vista per observar les necessitats a cobrir i la resposta comptable adequada.<\/p>\n","protected":false},"excerpt":{"rendered":"<p>Agust\u00edn Moreno Ruz assenyala com la productivitat i el rendiment han de servir com a base objectiva per a la fixaci\u00f3 d&#8217;aquests salaris dignes, a l&#8217;article &#8220;Sostenibilidad, fuerza laboral y fondo de comercio interno de la empresa&#8221;<\/p>\n","protected":false},"author":12,"featured_media":180788,"comment_status":"closed","ping_status":"closed","sticky":false,"template":"","format":"standard","meta":{"_et_pb_use_builder":"","_et_pb_old_content":"","_et_gb_content_width":"","footnotes":""},"categories":[225,233],"tags":[],"class_list":["post-180849","post","type-post","status-publish","format-standard","has-post-thumbnail","hentry","category-dret","category-economiques-i-empresarials","et-has-post-format-content","et_post_format-et-post-format-standard"],"yoast_head":"<!-- This site is optimized with the Yoast SEO plugin v27.5 - https:\/\/yoast.com\/product\/yoast-seo-wordpress\/ -->\n<title>Competitivitat i salaris dignes van plegats - Reial Acad\u00e8mia Europea de Doctors<\/title>\n<meta name=\"description\" content=\"Agust\u00edn Moreno Ruz assenyala com la productivitat i el rendiment han de servir com a base objectiva per a la fixaci\u00f3 d&#039;aquests salaris dignes\" \/>\n<meta name=\"robots\" content=\"index, follow, max-snippet:-1, max-image-preview:large, max-video-preview:-1\" \/>\n<link rel=\"canonical\" href=\"https:\/\/raed.academy\/ca\/competitivitat-i-salaris-dignes-van-de-la-ma\/\" \/>\n<meta property=\"og:locale\" content=\"ca_ES\" \/>\n<meta property=\"og:type\" content=\"article\" \/>\n<meta property=\"og:title\" content=\"Competitivitat i salaris dignes van plegats - Reial Acad\u00e8mia Europea de Doctors\" \/>\n<meta property=\"og:description\" content=\"Agust\u00edn Moreno Ruz assenyala com la productivitat i el rendiment han de servir com a base objectiva per a la fixaci\u00f3 d&#039;aquests salaris dignes\" \/>\n<meta property=\"og:url\" content=\"https:\/\/raed.academy\/ca\/competitivitat-i-salaris-dignes-van-de-la-ma\/\" \/>\n<meta property=\"og:site_name\" content=\"Reial Acad\u00e8mia Europea de Doctors\" \/>\n<meta property=\"article:publisher\" content=\"http:\/\/fb.me\/raed.academy\" \/>\n<meta property=\"article:published_time\" content=\"2026-02-19T12:57:20+00:00\" \/>\n<meta property=\"article:modified_time\" content=\"2026-02-19T17:10:55+00:00\" \/>\n<meta property=\"og:image\" content=\"https:\/\/raed.academy\/wp-content\/uploads\/2026\/02\/ChatGPT-fuerza-labora-fondo-de-comercio-interno-de-la-empresa-crecimiento-intangible-valor-empresarial-1.67.webp\" \/>\n\t<meta property=\"og:image:width\" content=\"600\" \/>\n\t<meta property=\"og:image:height\" content=\"360\" \/>\n\t<meta property=\"og:image:type\" content=\"image\/webp\" \/>\n<meta name=\"author\" content=\"RAED\" \/>\n<meta name=\"twitter:card\" content=\"summary_large_image\" \/>\n<meta name=\"twitter:creator\" content=\"@raedacademy\" \/>\n<meta name=\"twitter:site\" content=\"@raedacademy\" \/>\n<meta name=\"twitter:label1\" content=\"Written by\" \/>\n\t<meta name=\"twitter:data1\" content=\"RAED\" \/>\n\t<meta name=\"twitter:label2\" content=\"Est. reading time\" \/>\n\t<meta name=\"twitter:data2\" content=\"4 minutes\" \/>\n<script type=\"application\/ld+json\" class=\"yoast-schema-graph\">{\"@context\":\"https:\\\/\\\/schema.org\",\"@graph\":[{\"@type\":\"Article\",\"@id\":\"https:\\\/\\\/raed.academy\\\/ca\\\/competitivitat-i-salaris-dignes-van-de-la-ma\\\/#article\",\"isPartOf\":{\"@id\":\"https:\\\/\\\/raed.academy\\\/ca\\\/competitivitat-i-salaris-dignes-van-de-la-ma\\\/\"},\"author\":{\"name\":\"RAED\",\"@id\":\"https:\\\/\\\/raed.academy\\\/ca\\\/#\\\/schema\\\/person\\\/5a755da80d1d979fd66ba745c8702927\"},\"headline\":\"Competitivitat i salaris dignes van plegats\",\"datePublished\":\"2026-02-19T12:57:20+00:00\",\"dateModified\":\"2026-02-19T17:10:55+00:00\",\"mainEntityOfPage\":{\"@id\":\"https:\\\/\\\/raed.academy\\\/ca\\\/competitivitat-i-salaris-dignes-van-de-la-ma\\\/\"},\"wordCount\":676,\"publisher\":{\"@id\":\"https:\\\/\\\/raed.academy\\\/ca\\\/#organization\"},\"image\":{\"@id\":\"https:\\\/\\\/raed.academy\\\/ca\\\/competitivitat-i-salaris-dignes-van-de-la-ma\\\/#primaryimage\"},\"thumbnailUrl\":\"https:\\\/\\\/raed.academy\\\/wp-content\\\/uploads\\\/2026\\\/02\\\/ChatGPT-fuerza-labora-fondo-de-comercio-interno-de-la-empresa-crecimiento-intangible-valor-empresarial-1.67.webp\",\"articleSection\":[\"Dret\",\"Econ\u00f2miques i Empresarials\"],\"inLanguage\":\"ca-ES\"},{\"@type\":\"WebPage\",\"@id\":\"https:\\\/\\\/raed.academy\\\/ca\\\/competitivitat-i-salaris-dignes-van-de-la-ma\\\/\",\"url\":\"https:\\\/\\\/raed.academy\\\/ca\\\/competitivitat-i-salaris-dignes-van-de-la-ma\\\/\",\"name\":\"Competitivitat i salaris dignes van plegats - Reial Acad\u00e8mia Europea de Doctors\",\"isPartOf\":{\"@id\":\"https:\\\/\\\/raed.academy\\\/ca\\\/#website\"},\"primaryImageOfPage\":{\"@id\":\"https:\\\/\\\/raed.academy\\\/ca\\\/competitivitat-i-salaris-dignes-van-de-la-ma\\\/#primaryimage\"},\"image\":{\"@id\":\"https:\\\/\\\/raed.academy\\\/ca\\\/competitivitat-i-salaris-dignes-van-de-la-ma\\\/#primaryimage\"},\"thumbnailUrl\":\"https:\\\/\\\/raed.academy\\\/wp-content\\\/uploads\\\/2026\\\/02\\\/ChatGPT-fuerza-labora-fondo-de-comercio-interno-de-la-empresa-crecimiento-intangible-valor-empresarial-1.67.webp\",\"datePublished\":\"2026-02-19T12:57:20+00:00\",\"dateModified\":\"2026-02-19T17:10:55+00:00\",\"description\":\"Agust\u00edn Moreno Ruz assenyala com la productivitat i el rendiment han de servir com a base objectiva per a la fixaci\u00f3 d'aquests salaris dignes\",\"breadcrumb\":{\"@id\":\"https:\\\/\\\/raed.academy\\\/ca\\\/competitivitat-i-salaris-dignes-van-de-la-ma\\\/#breadcrumb\"},\"inLanguage\":\"ca-ES\",\"potentialAction\":[{\"@type\":\"ReadAction\",\"target\":[\"https:\\\/\\\/raed.academy\\\/ca\\\/competitivitat-i-salaris-dignes-van-de-la-ma\\\/\"]}]},{\"@type\":\"ImageObject\",\"inLanguage\":\"ca-ES\",\"@id\":\"https:\\\/\\\/raed.academy\\\/ca\\\/competitivitat-i-salaris-dignes-van-de-la-ma\\\/#primaryimage\",\"url\":\"https:\\\/\\\/raed.academy\\\/wp-content\\\/uploads\\\/2026\\\/02\\\/ChatGPT-fuerza-labora-fondo-de-comercio-interno-de-la-empresa-crecimiento-intangible-valor-empresarial-1.67.webp\",\"contentUrl\":\"https:\\\/\\\/raed.academy\\\/wp-content\\\/uploads\\\/2026\\\/02\\\/ChatGPT-fuerza-labora-fondo-de-comercio-interno-de-la-empresa-crecimiento-intangible-valor-empresarial-1.67.webp\",\"width\":600,\"height\":360},{\"@type\":\"BreadcrumbList\",\"@id\":\"https:\\\/\\\/raed.academy\\\/ca\\\/competitivitat-i-salaris-dignes-van-de-la-ma\\\/#breadcrumb\",\"itemListElement\":[{\"@type\":\"ListItem\",\"position\":1,\"name\":\"Inicio\",\"item\":\"https:\\\/\\\/raed.academy\\\/ca\\\/\"},{\"@type\":\"ListItem\",\"position\":2,\"name\":\"Competitivitat i salaris dignes van plegats\"}]},{\"@type\":\"WebSite\",\"@id\":\"https:\\\/\\\/raed.academy\\\/ca\\\/#website\",\"url\":\"https:\\\/\\\/raed.academy\\\/ca\\\/\",\"name\":\"Reial Acad\u00e8mia Europea de Doctors\",\"description\":\"Corporaci\u00f3n de derecho p\u00fablico de car\u00e1cter cient\u00edfico, t\u00e9cnico y art\u00edstico, que tiene por objeto la investigaci\u00f3n, el estudio, el fomento y la extensi\u00f3n del conocimiento en su sentido m\u00e1s amplio\",\"publisher\":{\"@id\":\"https:\\\/\\\/raed.academy\\\/ca\\\/#organization\"},\"potentialAction\":[{\"@type\":\"SearchAction\",\"target\":{\"@type\":\"EntryPoint\",\"urlTemplate\":\"https:\\\/\\\/raed.academy\\\/ca\\\/?s={search_term_string}\"},\"query-input\":{\"@type\":\"PropertyValueSpecification\",\"valueRequired\":true,\"valueName\":\"search_term_string\"}}],\"inLanguage\":\"ca-ES\"},{\"@type\":\"Organization\",\"@id\":\"https:\\\/\\\/raed.academy\\\/ca\\\/#organization\",\"name\":\"Real Academia Europea de Doctores\",\"url\":\"https:\\\/\\\/raed.academy\\\/ca\\\/\",\"logo\":{\"@type\":\"ImageObject\",\"inLanguage\":\"ca-ES\",\"@id\":\"https:\\\/\\\/raed.academy\\\/ca\\\/#\\\/schema\\\/logo\\\/image\\\/\",\"url\":\"https:\\\/\\\/raed.academy\\\/wp-content\\\/uploads\\\/2017\\\/01\\\/cropped-logo_raed.png\",\"contentUrl\":\"https:\\\/\\\/raed.academy\\\/wp-content\\\/uploads\\\/2017\\\/01\\\/cropped-logo_raed.png\",\"width\":512,\"height\":512,\"caption\":\"Real Academia Europea de Doctores\"},\"image\":{\"@id\":\"https:\\\/\\\/raed.academy\\\/ca\\\/#\\\/schema\\\/logo\\\/image\\\/\"},\"sameAs\":[\"http:\\\/\\\/fb.me\\\/raed.academy\",\"https:\\\/\\\/x.com\\\/raedacademy\",\"https:\\\/\\\/www.instagram.com\\\/raed.academy\\\/\",\"https:\\\/\\\/www.youtube.com\\\/channel\\\/UCUYQwW2KrdirNWihxMDObwg\"]},{\"@type\":\"Person\",\"@id\":\"https:\\\/\\\/raed.academy\\\/ca\\\/#\\\/schema\\\/person\\\/5a755da80d1d979fd66ba745c8702927\",\"name\":\"RAED\",\"image\":{\"@type\":\"ImageObject\",\"inLanguage\":\"ca-ES\",\"@id\":\"https:\\\/\\\/secure.gravatar.com\\\/avatar\\\/19fdfdc0d67fb9c45714b703a2ac82251c4fcea3637f002ac3c9b74c0183583c?s=96&d=mm&r=g\",\"url\":\"https:\\\/\\\/secure.gravatar.com\\\/avatar\\\/19fdfdc0d67fb9c45714b703a2ac82251c4fcea3637f002ac3c9b74c0183583c?s=96&d=mm&r=g\",\"contentUrl\":\"https:\\\/\\\/secure.gravatar.com\\\/avatar\\\/19fdfdc0d67fb9c45714b703a2ac82251c4fcea3637f002ac3c9b74c0183583c?s=96&d=mm&r=g\",\"caption\":\"RAED\"}}]}<\/script>\n<!-- \/ Yoast SEO plugin. -->","yoast_head_json":{"title":"Competitivitat i salaris dignes van plegats - Reial Acad\u00e8mia Europea de Doctors","description":"Agust\u00edn Moreno Ruz assenyala com la productivitat i el rendiment han de servir com a base objectiva per a la fixaci\u00f3 d'aquests salaris dignes","robots":{"index":"index","follow":"follow","max-snippet":"max-snippet:-1","max-image-preview":"max-image-preview:large","max-video-preview":"max-video-preview:-1"},"canonical":"https:\/\/raed.academy\/ca\/competitivitat-i-salaris-dignes-van-de-la-ma\/","og_locale":"ca_ES","og_type":"article","og_title":"Competitivitat i salaris dignes van plegats - Reial Acad\u00e8mia Europea de Doctors","og_description":"Agust\u00edn Moreno Ruz assenyala com la productivitat i el rendiment han de servir com a base objectiva per a la fixaci\u00f3 d'aquests salaris dignes","og_url":"https:\/\/raed.academy\/ca\/competitivitat-i-salaris-dignes-van-de-la-ma\/","og_site_name":"Reial Acad\u00e8mia Europea de Doctors","article_publisher":"http:\/\/fb.me\/raed.academy","article_published_time":"2026-02-19T12:57:20+00:00","article_modified_time":"2026-02-19T17:10:55+00:00","og_image":[{"width":600,"height":360,"url":"https:\/\/raed.academy\/wp-content\/uploads\/2026\/02\/ChatGPT-fuerza-labora-fondo-de-comercio-interno-de-la-empresa-crecimiento-intangible-valor-empresarial-1.67.webp","type":"image\/webp"}],"author":"RAED","twitter_card":"summary_large_image","twitter_creator":"@raedacademy","twitter_site":"@raedacademy","twitter_misc":{"Written by":"RAED","Est. reading time":"4 minutes"},"schema":{"@context":"https:\/\/schema.org","@graph":[{"@type":"Article","@id":"https:\/\/raed.academy\/ca\/competitivitat-i-salaris-dignes-van-de-la-ma\/#article","isPartOf":{"@id":"https:\/\/raed.academy\/ca\/competitivitat-i-salaris-dignes-van-de-la-ma\/"},"author":{"name":"RAED","@id":"https:\/\/raed.academy\/ca\/#\/schema\/person\/5a755da80d1d979fd66ba745c8702927"},"headline":"Competitivitat i salaris dignes van plegats","datePublished":"2026-02-19T12:57:20+00:00","dateModified":"2026-02-19T17:10:55+00:00","mainEntityOfPage":{"@id":"https:\/\/raed.academy\/ca\/competitivitat-i-salaris-dignes-van-de-la-ma\/"},"wordCount":676,"publisher":{"@id":"https:\/\/raed.academy\/ca\/#organization"},"image":{"@id":"https:\/\/raed.academy\/ca\/competitivitat-i-salaris-dignes-van-de-la-ma\/#primaryimage"},"thumbnailUrl":"https:\/\/raed.academy\/wp-content\/uploads\/2026\/02\/ChatGPT-fuerza-labora-fondo-de-comercio-interno-de-la-empresa-crecimiento-intangible-valor-empresarial-1.67.webp","articleSection":["Dret","Econ\u00f2miques i Empresarials"],"inLanguage":"ca-ES"},{"@type":"WebPage","@id":"https:\/\/raed.academy\/ca\/competitivitat-i-salaris-dignes-van-de-la-ma\/","url":"https:\/\/raed.academy\/ca\/competitivitat-i-salaris-dignes-van-de-la-ma\/","name":"Competitivitat i salaris dignes van plegats - Reial Acad\u00e8mia Europea de Doctors","isPartOf":{"@id":"https:\/\/raed.academy\/ca\/#website"},"primaryImageOfPage":{"@id":"https:\/\/raed.academy\/ca\/competitivitat-i-salaris-dignes-van-de-la-ma\/#primaryimage"},"image":{"@id":"https:\/\/raed.academy\/ca\/competitivitat-i-salaris-dignes-van-de-la-ma\/#primaryimage"},"thumbnailUrl":"https:\/\/raed.academy\/wp-content\/uploads\/2026\/02\/ChatGPT-fuerza-labora-fondo-de-comercio-interno-de-la-empresa-crecimiento-intangible-valor-empresarial-1.67.webp","datePublished":"2026-02-19T12:57:20+00:00","dateModified":"2026-02-19T17:10:55+00:00","description":"Agust\u00edn Moreno Ruz assenyala com la productivitat i el rendiment han de servir com a base objectiva per a la fixaci\u00f3 d'aquests salaris dignes","breadcrumb":{"@id":"https:\/\/raed.academy\/ca\/competitivitat-i-salaris-dignes-van-de-la-ma\/#breadcrumb"},"inLanguage":"ca-ES","potentialAction":[{"@type":"ReadAction","target":["https:\/\/raed.academy\/ca\/competitivitat-i-salaris-dignes-van-de-la-ma\/"]}]},{"@type":"ImageObject","inLanguage":"ca-ES","@id":"https:\/\/raed.academy\/ca\/competitivitat-i-salaris-dignes-van-de-la-ma\/#primaryimage","url":"https:\/\/raed.academy\/wp-content\/uploads\/2026\/02\/ChatGPT-fuerza-labora-fondo-de-comercio-interno-de-la-empresa-crecimiento-intangible-valor-empresarial-1.67.webp","contentUrl":"https:\/\/raed.academy\/wp-content\/uploads\/2026\/02\/ChatGPT-fuerza-labora-fondo-de-comercio-interno-de-la-empresa-crecimiento-intangible-valor-empresarial-1.67.webp","width":600,"height":360},{"@type":"BreadcrumbList","@id":"https:\/\/raed.academy\/ca\/competitivitat-i-salaris-dignes-van-de-la-ma\/#breadcrumb","itemListElement":[{"@type":"ListItem","position":1,"name":"Inicio","item":"https:\/\/raed.academy\/ca\/"},{"@type":"ListItem","position":2,"name":"Competitivitat i salaris dignes van plegats"}]},{"@type":"WebSite","@id":"https:\/\/raed.academy\/ca\/#website","url":"https:\/\/raed.academy\/ca\/","name":"Reial Acad\u00e8mia Europea de Doctors","description":"Corporaci\u00f3n de derecho p\u00fablico de car\u00e1cter cient\u00edfico, t\u00e9cnico y art\u00edstico, que tiene por objeto la investigaci\u00f3n, el estudio, el fomento y la extensi\u00f3n del conocimiento en su sentido m\u00e1s amplio","publisher":{"@id":"https:\/\/raed.academy\/ca\/#organization"},"potentialAction":[{"@type":"SearchAction","target":{"@type":"EntryPoint","urlTemplate":"https:\/\/raed.academy\/ca\/?s={search_term_string}"},"query-input":{"@type":"PropertyValueSpecification","valueRequired":true,"valueName":"search_term_string"}}],"inLanguage":"ca-ES"},{"@type":"Organization","@id":"https:\/\/raed.academy\/ca\/#organization","name":"Real Academia Europea de Doctores","url":"https:\/\/raed.academy\/ca\/","logo":{"@type":"ImageObject","inLanguage":"ca-ES","@id":"https:\/\/raed.academy\/ca\/#\/schema\/logo\/image\/","url":"https:\/\/raed.academy\/wp-content\/uploads\/2017\/01\/cropped-logo_raed.png","contentUrl":"https:\/\/raed.academy\/wp-content\/uploads\/2017\/01\/cropped-logo_raed.png","width":512,"height":512,"caption":"Real Academia Europea de Doctores"},"image":{"@id":"https:\/\/raed.academy\/ca\/#\/schema\/logo\/image\/"},"sameAs":["http:\/\/fb.me\/raed.academy","https:\/\/x.com\/raedacademy","https:\/\/www.instagram.com\/raed.academy\/","https:\/\/www.youtube.com\/channel\/UCUYQwW2KrdirNWihxMDObwg"]},{"@type":"Person","@id":"https:\/\/raed.academy\/ca\/#\/schema\/person\/5a755da80d1d979fd66ba745c8702927","name":"RAED","image":{"@type":"ImageObject","inLanguage":"ca-ES","@id":"https:\/\/secure.gravatar.com\/avatar\/19fdfdc0d67fb9c45714b703a2ac82251c4fcea3637f002ac3c9b74c0183583c?s=96&d=mm&r=g","url":"https:\/\/secure.gravatar.com\/avatar\/19fdfdc0d67fb9c45714b703a2ac82251c4fcea3637f002ac3c9b74c0183583c?s=96&d=mm&r=g","contentUrl":"https:\/\/secure.gravatar.com\/avatar\/19fdfdc0d67fb9c45714b703a2ac82251c4fcea3637f002ac3c9b74c0183583c?s=96&d=mm&r=g","caption":"RAED"}}]}},"_links":{"self":[{"href":"https:\/\/raed.academy\/ca\/wp-json\/wp\/v2\/posts\/180849","targetHints":{"allow":["GET"]}}],"collection":[{"href":"https:\/\/raed.academy\/ca\/wp-json\/wp\/v2\/posts"}],"about":[{"href":"https:\/\/raed.academy\/ca\/wp-json\/wp\/v2\/types\/post"}],"author":[{"embeddable":true,"href":"https:\/\/raed.academy\/ca\/wp-json\/wp\/v2\/users\/12"}],"replies":[{"embeddable":true,"href":"https:\/\/raed.academy\/ca\/wp-json\/wp\/v2\/comments?post=180849"}],"version-history":[{"count":5,"href":"https:\/\/raed.academy\/ca\/wp-json\/wp\/v2\/posts\/180849\/revisions"}],"predecessor-version":[{"id":180973,"href":"https:\/\/raed.academy\/ca\/wp-json\/wp\/v2\/posts\/180849\/revisions\/180973"}],"wp:featuredmedia":[{"embeddable":true,"href":"https:\/\/raed.academy\/ca\/wp-json\/wp\/v2\/media\/180788"}],"wp:attachment":[{"href":"https:\/\/raed.academy\/ca\/wp-json\/wp\/v2\/media?parent=180849"}],"wp:term":[{"taxonomy":"category","embeddable":true,"href":"https:\/\/raed.academy\/ca\/wp-json\/wp\/v2\/categories?post=180849"},{"taxonomy":"post_tag","embeddable":true,"href":"https:\/\/raed.academy\/ca\/wp-json\/wp\/v2\/tags?post=180849"}],"curies":[{"name":"wp","href":"https:\/\/api.w.org\/{rel}","templated":true}]}}