{"id":179696,"date":"2026-01-30T11:14:36","date_gmt":"2026-01-30T11:14:36","guid":{"rendered":"https:\/\/raed.academy\/?p=179696"},"modified":"2026-02-11T15:15:22","modified_gmt":"2026-02-11T15:15:22","slug":"el-futur-es-quantic","status":"publish","type":"post","link":"https:\/\/raed.academy\/ca\/el-futur-es-quantic\/","title":{"rendered":"El futur \u00e9s qu\u00e0ntic"},"content":{"rendered":"<p>[et_pb_section fb_built=&#8221;1&#8243; fullwidth=&#8221;on&#8221; _builder_version=&#8221;4.27.5&#8243; _module_preset=&#8221;default&#8221; global_colors_info=&#8221;{}&#8221;][et_pb_fullwidth_image src=&#8221;https:\/\/raed.academy\/wp-content\/uploads\/2025\/11\/shutt-computacion-cuantica-tecnologia-digital-Big-Data-IA-codigo-binario-bits-2.91.webp&#8221; title_text=&#8221;shutt-computacion-cuantica-tecnologia-digital-Big-Data-IA-codigo-binario-bits-2.91&#8243; _builder_version=&#8221;4.27.5&#8243; _module_preset=&#8221;default&#8221; global_colors_info=&#8221;{}&#8221;][\/et_pb_fullwidth_image][\/et_pb_section][et_pb_section fb_built=&#8221;1&#8243; _builder_version=&#8221;4.16&#8243; global_colors_info=&#8221;{}&#8221;][et_pb_row use_custom_gutter=&#8221;on&#8221; gutter_width=&#8221;1&#8243; _builder_version=&#8221;4.27.5&#8243; background_size=&#8221;initial&#8221; background_position=&#8221;top_left&#8221; background_repeat=&#8221;repeat&#8221; max_width=&#8221;1400px&#8221; global_colors_info=&#8221;{}&#8221;][et_pb_column type=&#8221;4_4&#8243; _builder_version=&#8221;4.16&#8243; custom_padding=&#8221;|||&#8221; global_colors_info=&#8221;{}&#8221; custom_padding__hover=&#8221;|||&#8221;][et_pb_text _builder_version=&#8221;4.27.5&#8243; background_size=&#8221;initial&#8221; background_position=&#8221;top_left&#8221; background_repeat=&#8221;repeat&#8221; global_colors_info=&#8221;{}&#8221;]<\/p>\n<p><a href=\"https:\/\/raed.academy\/ca\/academics\/dr-victor-canivell-cretchley\/\" target=\"_blank\" rel=\"noopener\"><em><strong>Victor Canivell<\/strong><\/em><\/a>, doctor en F\u00edsica\u00a0Qu\u00e0ntica, va ingressar com a acad\u00e8mic corresponent de la <strong>Reial Acad\u00e8mia Europea de\u00a0Doctors<\/strong> (RAED) durant una solemne cerim\u00f2nia que es va celebrar el passat 28 de gener a <strong>Foment del Treball<\/strong>, seu acad\u00e8mica. El recipiendari va llegir el discurs d&#8217;ingr\u00e9s <a href=\"https:\/\/raed.academy\/wp-content\/uploads\/2026\/01\/El-futuro-es-cuantico-la-disrupcion-que-viene-tras-la-IA-y-su-impacto-en-la-economia-de-Victor-Canivell-Cretchley.pdf\" target=\"_blank\" rel=\"noopener\"><strong>&#8220;El futur \u00e9s qu\u00e0ntic: la disrupci\u00f3 que ve despr\u00e9s de la IA i el seu impacte a l&#8217;economia&#8221;<\/strong><\/a>, en el qual afirma que el m\u00f3n ja \u00e9s &#8220;qu\u00e0ntic&#8221;, des dels semiconductors fins a les resson\u00e0ncies magn\u00e8tiques, per\u00f2 que la veritable revoluci\u00f3 ha d&#8217;arribar amb la computaci\u00f3 qu\u00e0ntica, una tecnologia capa\u00e7 de multiplicar exponencialment la capacitat de c\u00e0lcul i reduir de forma dr\u00e0stica el consum energ\u00e8tic dels centres de dades. Li va respondre en nom de la Reial Corporaci\u00f3 l&#8217;acad\u00e8mica numer\u00e0ria i reconeguda divulgadora cient\u00edfica <a href=\"https:\/\/raed.academy\/ca\/academics\/dra-sonia-fernandez-vidal\/\" target=\"_blank\" rel=\"noopener\"><em><strong>S\u00f2nia Fern\u00e1ndez-Vidal<\/strong><\/em><\/a>.<\/p>\n<div id=\"attachment_179488\" style=\"width: 240px\" class=\"wp-caption alignleft\"><img loading=\"lazy\" decoding=\"async\" aria-describedby=\"caption-attachment-179488\" class=\"wp-image-179488 size-full\" src=\"https:\/\/raed.academy\/wp-content\/uploads\/2026\/01\/Dr-Victor-Canivell-Cretchley-0.73.jpg\" alt=\"Victor Canivell\" width=\"230\" height=\"317\" aria-describedby=\"caption-attachment-179488\" \/><p id=\"caption-attachment-179488\" class=\"wp-caption-text\">Dr. Victor Canivell<\/p><\/div>\n<p>L&#8217;expert va explicar que en les albors del desenvolupament d&#8217;aquesta nova tecnologia, que promet ser disruptiva, els primers sistemes ja operen en centres de supercomputaci\u00f3 i anticipen aplicacions d&#8217;alt valor en optimitzaci\u00f3, qu\u00edmica, materials, finances i ciberseguretat. En aquest punt, va alertar que precisament un dels efectes m\u00e9s sensibles d&#8217;aquesta transici\u00f3 \u00e9s que els futurs ordinadors qu\u00e0ntics podran trencar els sistemes de xifratge actuals, un extrem que ha convertit la qu\u00e0ntica en una prioritat geopol\u00edtica. S&#8217;hi suma un creixent inter\u00e8s econ\u00f2mic, reflectit en la forta revaloritzaci\u00f3 bors\u00e0ria de les empreses del sector i en les inversions de les grans tecnol\u00f2giques i de les administracions p\u00fabliques.<\/p>\n<p>Canivell va alertar del retard d&#8217;Europa, i amb ella Espanya, en la creaci\u00f3 de grans empreses tractores en aquest \u00e0mbit, encara que va assegurar que encara hi ha marge per revertir aquesta situaci\u00f3 amb la inversi\u00f3 necess\u00e0ria. En aquest sentit, va destacar el paper de Barcelona com un pol emergent, amb la instal\u00b7laci\u00f3 dels primers computadors qu\u00e0ntics d&#8217;Espanya i un ecosistema de startups i institucions cient\u00edfiques en expansi\u00f3. Perqu\u00e8, per al nou acad\u00e8mic, la computaci\u00f3 qu\u00e0ntica no substituir\u00e0 a la inform\u00e0tica cl\u00e0ssica, sin\u00f3 que la complementar\u00e0 en sistemes h\u00edbrids. El seu desplegament ple s&#8217;espera en un horitz\u00f3 d&#8217;entre cinc i 15 anys, un marge que, segons l&#8217;autor, s&#8217;ha d&#8217;aprofitar per preparar empreses, governs i centres de recerca. En qualsevol cas, va avan\u00e7ar que aquesta revoluci\u00f3 qu\u00e0ntica superar\u00e0 la que ja deixa sentir la intel\u00b7lig\u00e8ncia artificial.<\/p>\n<p>&#8220;Ning\u00fa no podia imaginar en els principis de la computaci\u00f3 que acabar\u00edem tenint xips barats amb una gran integraci\u00f3 per construir computadors molt potents, que s&#8217;inventaria internet, que s&#8217;inventaria <strong>Google<\/strong> i les xarxes socials, els tel\u00e8fons m\u00f2bils i molts altres serveis, de manera que, a l&#8217;actualitat, la jove ind\u00fastria TIC seria la base de tota l&#8217;economia i, per tant, de la societat. Avui, el sector TIC est\u00e0 entrant en una d\u00e8cada prodigiosa amb la qu\u00e0ntica i la intel\u00b7lig\u00e8ncia artificial. En all\u00f2 que tots coincidim, \u00e9s que la computaci\u00f3 qu\u00e0ntica i la IA acceleraran el m\u00f3n. Confiem en el fet que per b\u00e9. El millor encara est\u00e0 per inventar!&#8221;, va concloure el recipiendari.<\/p>\n<p>El nou acad\u00e8mic ha dirigit la seva traject\u00f2ria professional a c\u00e0rrecs de direcci\u00f3 al sector de la inform\u00e0tica i les telecomunicacions. Despr\u00e9s de m\u00e9s de vint anys en c\u00e0rrecs executius en multinacionals nord-americanes com ara <strong>Hewlett-Packard<\/strong>,<strong> Silicon Graphics<\/strong>, <strong>3Com<\/strong> i <strong>Perkin-Elmer<\/strong> va tornar a Espanya per dirigir diverses startups de seguretat inform\u00e0tica i de bioinform\u00e0tica. \u00c9s fundador i president de l&#8217;startup espanyola de computaci\u00f3 qu\u00e0ntica <strong>Qilimanjaro Quantum Tech<\/strong>, una de les l\u00edders europees del sector. \u00c9s membre de la <strong>Reial Societat Espanyola de F\u00edsica<\/strong> i de la <strong>Societat de F\u00edsica dels Estats Units<\/strong>. Entre altres reconeixements, ha rebut el <strong>Premi Emprenedor de l&#8217;Any 2024<\/strong> per part de l&#8217;<strong>Associaci\u00f3 Catalana d&#8217;Enginyeria de Telecomunicaci\u00f3 i Tecnologies Digitals<\/strong>.<\/p>\n<h2><a href=\"https:\/\/raed.academy\/wp-content\/uploads\/2026\/01\/El-futuro-es-cuantico-la-disrupcion-que-viene-tras-la-IA-y-su-impacto-en-la-economia-de-Victor-Canivell-Cretchley.pdf\" target=\"_blank\" rel=\"noopener\">Discurs d&#8217;ingr\u00e9s &#8220;El futur \u00e9s qu\u00e0ntic: la disrupci\u00f3 que ve despr\u00e9s de la IA i el seu impacte a l&#8217;economia&#8221;<\/a><\/h2>\n<p>[\/et_pb_text][et_pb_divider show_divider=&#8221;off&#8221; _builder_version=&#8221;4.27.5&#8243; _module_preset=&#8221;default&#8221; custom_margin=&#8221;60px||||false|false&#8221; global_colors_info=&#8221;{}&#8221;][\/et_pb_divider][et_pb_video src=&#8221;https:\/\/youtu.be\/i0V7imhJYSk&#8221; _builder_version=&#8221;4.27.5&#8243; _module_preset=&#8221;default&#8221; global_colors_info=&#8221;{}&#8221;][\/et_pb_video][et_pb_divider show_divider=&#8221;off&#8221; _builder_version=&#8221;4.27.5&#8243; _module_preset=&#8221;default&#8221; custom_margin=&#8221;60px||||false|false&#8221; global_colors_info=&#8221;{}&#8221;][\/et_pb_divider][et_pb_gallery gallery_ids=&#8221;179511,179512,179513,179514,179515,179516,179517,179518,179519,179520,179521,179522&#8243; posts_number=&#8221;12&#8243; show_title_and_caption=&#8221;off&#8221; show_pagination=&#8221;off&#8221; module_class=&#8221;galeria-pad-1&#8243; _builder_version=&#8221;4.27.5&#8243; _module_preset=&#8221;default&#8221; global_colors_info=&#8221;{}&#8221;][\/et_pb_gallery][\/et_pb_column][\/et_pb_row][\/et_pb_section]<\/p>\n","protected":false},"excerpt":{"rendered":"<p>Victor Canivell sost\u00e9, durant el seu ingr\u00e9s a la RAED, que el m\u00f3n ja \u00e9s &#8220;qu\u00e0ntic&#8221;, per\u00f2 que la veritable revoluci\u00f3 encara ha d&#8217;arribar amb la computaci\u00f3 qu\u00e0ntica, una tecnologia capa\u00e7 de multiplicar exponencialment la capacitat de c\u00e0lcul i reduir de forma dr\u00e0stica el consum energ\u00e8tic dels centres de dades<\/p>\n","protected":false},"author":12,"featured_media":176250,"comment_status":"closed","ping_status":"closed","sticky":false,"template":"","format":"standard","meta":{"_et_pb_use_builder":"on","_et_pb_old_content":"","_et_gb_content_width":"","footnotes":""},"categories":[436,354],"tags":[],"class_list":["post-179696","post","type-post","status-publish","format-standard","has-post-thumbnail","hentry","category-computacio","category-tecnologies-de-la-informacio-i-de-la-comunicacio","et-has-post-format-content","et_post_format-et-post-format-standard"],"yoast_head":"<!-- This site is optimized with the Yoast SEO plugin v27.5 - https:\/\/yoast.com\/product\/yoast-seo-wordpress\/ -->\n<title>El futur \u00e9s qu\u00e0ntic - Reial Acad\u00e8mia Europea de Doctors<\/title>\n<meta name=\"description\" content=\"La veritable revoluci\u00f3 encara ha d&#039;arribar amb la computaci\u00f3 qu\u00e0ntica, una tecnologia capa\u00e7 de multiplicar exponencialment la capacitat de c\u00e0lcul\" \/>\n<meta name=\"robots\" content=\"index, follow, max-snippet:-1, max-image-preview:large, max-video-preview:-1\" \/>\n<link rel=\"canonical\" href=\"https:\/\/raed.academy\/ca\/el-futur-es-quantic\/\" \/>\n<meta property=\"og:locale\" content=\"ca_ES\" \/>\n<meta property=\"og:type\" content=\"article\" \/>\n<meta property=\"og:title\" content=\"El futur \u00e9s qu\u00e0ntic - Reial Acad\u00e8mia Europea de Doctors\" \/>\n<meta property=\"og:description\" content=\"La veritable revoluci\u00f3 encara ha d&#039;arribar amb la computaci\u00f3 qu\u00e0ntica, una tecnologia capa\u00e7 de multiplicar exponencialment la capacitat de c\u00e0lcul\" \/>\n<meta property=\"og:url\" content=\"https:\/\/raed.academy\/ca\/el-futur-es-quantic\/\" \/>\n<meta property=\"og:site_name\" content=\"Reial Acad\u00e8mia Europea de Doctors\" \/>\n<meta property=\"article:publisher\" content=\"http:\/\/fb.me\/raed.academy\" \/>\n<meta property=\"article:published_time\" content=\"2026-01-30T11:14:36+00:00\" \/>\n<meta property=\"article:modified_time\" content=\"2026-02-11T15:15:22+00:00\" \/>\n<meta property=\"og:image\" content=\"https:\/\/raed.academy\/wp-content\/uploads\/2025\/11\/shutt-computacion-cuantica-tecnologia-digital-Big-Data-IA-codigo-binario-bits-1.17.webp\" \/>\n\t<meta property=\"og:image:width\" content=\"350\" \/>\n\t<meta property=\"og:image:height\" content=\"300\" \/>\n\t<meta property=\"og:image:type\" content=\"image\/webp\" \/>\n<meta name=\"author\" content=\"RAED\" \/>\n<meta name=\"twitter:card\" content=\"summary_large_image\" \/>\n<meta name=\"twitter:creator\" content=\"@raedacademy\" \/>\n<meta name=\"twitter:site\" content=\"@raedacademy\" \/>\n<meta name=\"twitter:label1\" content=\"Written by\" \/>\n\t<meta name=\"twitter:data1\" content=\"RAED\" \/>\n\t<meta name=\"twitter:label2\" content=\"Est. reading time\" \/>\n\t<meta name=\"twitter:data2\" content=\"6 minutes\" \/>\n<script type=\"application\/ld+json\" class=\"yoast-schema-graph\">{\"@context\":\"https:\\\/\\\/schema.org\",\"@graph\":[{\"@type\":\"Article\",\"@id\":\"https:\\\/\\\/raed.academy\\\/ca\\\/el-futur-es-quantic\\\/#article\",\"isPartOf\":{\"@id\":\"https:\\\/\\\/raed.academy\\\/ca\\\/el-futur-es-quantic\\\/\"},\"author\":{\"name\":\"RAED\",\"@id\":\"https:\\\/\\\/raed.academy\\\/ca\\\/#\\\/schema\\\/person\\\/5a755da80d1d979fd66ba745c8702927\"},\"headline\":\"El futur \u00e9s qu\u00e0ntic\",\"datePublished\":\"2026-01-30T11:14:36+00:00\",\"dateModified\":\"2026-02-11T15:15:22+00:00\",\"mainEntityOfPage\":{\"@id\":\"https:\\\/\\\/raed.academy\\\/ca\\\/el-futur-es-quantic\\\/\"},\"wordCount\":948,\"publisher\":{\"@id\":\"https:\\\/\\\/raed.academy\\\/ca\\\/#organization\"},\"image\":{\"@id\":\"https:\\\/\\\/raed.academy\\\/ca\\\/el-futur-es-quantic\\\/#primaryimage\"},\"thumbnailUrl\":\"https:\\\/\\\/raed.academy\\\/wp-content\\\/uploads\\\/2025\\\/11\\\/shutt-computacion-cuantica-tecnologia-digital-Big-Data-IA-codigo-binario-bits-1.17.webp\",\"articleSection\":[\"Computaci\u00f3\",\"Tecnologies de la informaci\u00f3 i de la comunicaci\u00f3\"],\"inLanguage\":\"ca-ES\"},{\"@type\":\"WebPage\",\"@id\":\"https:\\\/\\\/raed.academy\\\/ca\\\/el-futur-es-quantic\\\/\",\"url\":\"https:\\\/\\\/raed.academy\\\/ca\\\/el-futur-es-quantic\\\/\",\"name\":\"El futur \u00e9s qu\u00e0ntic - Reial Acad\u00e8mia Europea de Doctors\",\"isPartOf\":{\"@id\":\"https:\\\/\\\/raed.academy\\\/ca\\\/#website\"},\"primaryImageOfPage\":{\"@id\":\"https:\\\/\\\/raed.academy\\\/ca\\\/el-futur-es-quantic\\\/#primaryimage\"},\"image\":{\"@id\":\"https:\\\/\\\/raed.academy\\\/ca\\\/el-futur-es-quantic\\\/#primaryimage\"},\"thumbnailUrl\":\"https:\\\/\\\/raed.academy\\\/wp-content\\\/uploads\\\/2025\\\/11\\\/shutt-computacion-cuantica-tecnologia-digital-Big-Data-IA-codigo-binario-bits-1.17.webp\",\"datePublished\":\"2026-01-30T11:14:36+00:00\",\"dateModified\":\"2026-02-11T15:15:22+00:00\",\"description\":\"La veritable revoluci\u00f3 encara ha d'arribar amb la computaci\u00f3 qu\u00e0ntica, una tecnologia capa\u00e7 de multiplicar exponencialment la capacitat de c\u00e0lcul\",\"breadcrumb\":{\"@id\":\"https:\\\/\\\/raed.academy\\\/ca\\\/el-futur-es-quantic\\\/#breadcrumb\"},\"inLanguage\":\"ca-ES\",\"potentialAction\":[{\"@type\":\"ReadAction\",\"target\":[\"https:\\\/\\\/raed.academy\\\/ca\\\/el-futur-es-quantic\\\/\"]}]},{\"@type\":\"ImageObject\",\"inLanguage\":\"ca-ES\",\"@id\":\"https:\\\/\\\/raed.academy\\\/ca\\\/el-futur-es-quantic\\\/#primaryimage\",\"url\":\"https:\\\/\\\/raed.academy\\\/wp-content\\\/uploads\\\/2025\\\/11\\\/shutt-computacion-cuantica-tecnologia-digital-Big-Data-IA-codigo-binario-bits-1.17.webp\",\"contentUrl\":\"https:\\\/\\\/raed.academy\\\/wp-content\\\/uploads\\\/2025\\\/11\\\/shutt-computacion-cuantica-tecnologia-digital-Big-Data-IA-codigo-binario-bits-1.17.webp\",\"width\":350,\"height\":300},{\"@type\":\"BreadcrumbList\",\"@id\":\"https:\\\/\\\/raed.academy\\\/ca\\\/el-futur-es-quantic\\\/#breadcrumb\",\"itemListElement\":[{\"@type\":\"ListItem\",\"position\":1,\"name\":\"Inicio\",\"item\":\"https:\\\/\\\/raed.academy\\\/ca\\\/\"},{\"@type\":\"ListItem\",\"position\":2,\"name\":\"El futur \u00e9s qu\u00e0ntic\"}]},{\"@type\":\"WebSite\",\"@id\":\"https:\\\/\\\/raed.academy\\\/ca\\\/#website\",\"url\":\"https:\\\/\\\/raed.academy\\\/ca\\\/\",\"name\":\"Reial Acad\u00e8mia Europea de Doctors\",\"description\":\"Corporaci\u00f3n de derecho p\u00fablico de car\u00e1cter cient\u00edfico, t\u00e9cnico y art\u00edstico, que tiene por objeto la investigaci\u00f3n, el estudio, el fomento y la extensi\u00f3n del conocimiento en su sentido m\u00e1s amplio\",\"publisher\":{\"@id\":\"https:\\\/\\\/raed.academy\\\/ca\\\/#organization\"},\"potentialAction\":[{\"@type\":\"SearchAction\",\"target\":{\"@type\":\"EntryPoint\",\"urlTemplate\":\"https:\\\/\\\/raed.academy\\\/ca\\\/?s={search_term_string}\"},\"query-input\":{\"@type\":\"PropertyValueSpecification\",\"valueRequired\":true,\"valueName\":\"search_term_string\"}}],\"inLanguage\":\"ca-ES\"},{\"@type\":\"Organization\",\"@id\":\"https:\\\/\\\/raed.academy\\\/ca\\\/#organization\",\"name\":\"Real Academia Europea de Doctores\",\"url\":\"https:\\\/\\\/raed.academy\\\/ca\\\/\",\"logo\":{\"@type\":\"ImageObject\",\"inLanguage\":\"ca-ES\",\"@id\":\"https:\\\/\\\/raed.academy\\\/ca\\\/#\\\/schema\\\/logo\\\/image\\\/\",\"url\":\"https:\\\/\\\/raed.academy\\\/wp-content\\\/uploads\\\/2017\\\/01\\\/cropped-logo_raed.png\",\"contentUrl\":\"https:\\\/\\\/raed.academy\\\/wp-content\\\/uploads\\\/2017\\\/01\\\/cropped-logo_raed.png\",\"width\":512,\"height\":512,\"caption\":\"Real Academia Europea de Doctores\"},\"image\":{\"@id\":\"https:\\\/\\\/raed.academy\\\/ca\\\/#\\\/schema\\\/logo\\\/image\\\/\"},\"sameAs\":[\"http:\\\/\\\/fb.me\\\/raed.academy\",\"https:\\\/\\\/x.com\\\/raedacademy\",\"https:\\\/\\\/www.instagram.com\\\/raed.academy\\\/\",\"https:\\\/\\\/www.youtube.com\\\/channel\\\/UCUYQwW2KrdirNWihxMDObwg\"]},{\"@type\":\"Person\",\"@id\":\"https:\\\/\\\/raed.academy\\\/ca\\\/#\\\/schema\\\/person\\\/5a755da80d1d979fd66ba745c8702927\",\"name\":\"RAED\",\"image\":{\"@type\":\"ImageObject\",\"inLanguage\":\"ca-ES\",\"@id\":\"https:\\\/\\\/secure.gravatar.com\\\/avatar\\\/19fdfdc0d67fb9c45714b703a2ac82251c4fcea3637f002ac3c9b74c0183583c?s=96&d=mm&r=g\",\"url\":\"https:\\\/\\\/secure.gravatar.com\\\/avatar\\\/19fdfdc0d67fb9c45714b703a2ac82251c4fcea3637f002ac3c9b74c0183583c?s=96&d=mm&r=g\",\"contentUrl\":\"https:\\\/\\\/secure.gravatar.com\\\/avatar\\\/19fdfdc0d67fb9c45714b703a2ac82251c4fcea3637f002ac3c9b74c0183583c?s=96&d=mm&r=g\",\"caption\":\"RAED\"}}]}<\/script>\n<!-- \/ Yoast SEO plugin. -->","yoast_head_json":{"title":"El futur \u00e9s qu\u00e0ntic - Reial Acad\u00e8mia Europea de Doctors","description":"La veritable revoluci\u00f3 encara ha d'arribar amb la computaci\u00f3 qu\u00e0ntica, una tecnologia capa\u00e7 de multiplicar exponencialment la capacitat de c\u00e0lcul","robots":{"index":"index","follow":"follow","max-snippet":"max-snippet:-1","max-image-preview":"max-image-preview:large","max-video-preview":"max-video-preview:-1"},"canonical":"https:\/\/raed.academy\/ca\/el-futur-es-quantic\/","og_locale":"ca_ES","og_type":"article","og_title":"El futur \u00e9s qu\u00e0ntic - Reial Acad\u00e8mia Europea de Doctors","og_description":"La veritable revoluci\u00f3 encara ha d'arribar amb la computaci\u00f3 qu\u00e0ntica, una tecnologia capa\u00e7 de multiplicar exponencialment la capacitat de c\u00e0lcul","og_url":"https:\/\/raed.academy\/ca\/el-futur-es-quantic\/","og_site_name":"Reial Acad\u00e8mia Europea de Doctors","article_publisher":"http:\/\/fb.me\/raed.academy","article_published_time":"2026-01-30T11:14:36+00:00","article_modified_time":"2026-02-11T15:15:22+00:00","og_image":[{"width":350,"height":300,"url":"https:\/\/raed.academy\/wp-content\/uploads\/2025\/11\/shutt-computacion-cuantica-tecnologia-digital-Big-Data-IA-codigo-binario-bits-1.17.webp","type":"image\/webp"}],"author":"RAED","twitter_card":"summary_large_image","twitter_creator":"@raedacademy","twitter_site":"@raedacademy","twitter_misc":{"Written by":"RAED","Est. reading time":"6 minutes"},"schema":{"@context":"https:\/\/schema.org","@graph":[{"@type":"Article","@id":"https:\/\/raed.academy\/ca\/el-futur-es-quantic\/#article","isPartOf":{"@id":"https:\/\/raed.academy\/ca\/el-futur-es-quantic\/"},"author":{"name":"RAED","@id":"https:\/\/raed.academy\/ca\/#\/schema\/person\/5a755da80d1d979fd66ba745c8702927"},"headline":"El futur \u00e9s qu\u00e0ntic","datePublished":"2026-01-30T11:14:36+00:00","dateModified":"2026-02-11T15:15:22+00:00","mainEntityOfPage":{"@id":"https:\/\/raed.academy\/ca\/el-futur-es-quantic\/"},"wordCount":948,"publisher":{"@id":"https:\/\/raed.academy\/ca\/#organization"},"image":{"@id":"https:\/\/raed.academy\/ca\/el-futur-es-quantic\/#primaryimage"},"thumbnailUrl":"https:\/\/raed.academy\/wp-content\/uploads\/2025\/11\/shutt-computacion-cuantica-tecnologia-digital-Big-Data-IA-codigo-binario-bits-1.17.webp","articleSection":["Computaci\u00f3","Tecnologies de la informaci\u00f3 i de la comunicaci\u00f3"],"inLanguage":"ca-ES"},{"@type":"WebPage","@id":"https:\/\/raed.academy\/ca\/el-futur-es-quantic\/","url":"https:\/\/raed.academy\/ca\/el-futur-es-quantic\/","name":"El futur \u00e9s qu\u00e0ntic - Reial Acad\u00e8mia Europea de Doctors","isPartOf":{"@id":"https:\/\/raed.academy\/ca\/#website"},"primaryImageOfPage":{"@id":"https:\/\/raed.academy\/ca\/el-futur-es-quantic\/#primaryimage"},"image":{"@id":"https:\/\/raed.academy\/ca\/el-futur-es-quantic\/#primaryimage"},"thumbnailUrl":"https:\/\/raed.academy\/wp-content\/uploads\/2025\/11\/shutt-computacion-cuantica-tecnologia-digital-Big-Data-IA-codigo-binario-bits-1.17.webp","datePublished":"2026-01-30T11:14:36+00:00","dateModified":"2026-02-11T15:15:22+00:00","description":"La veritable revoluci\u00f3 encara ha d'arribar amb la computaci\u00f3 qu\u00e0ntica, una tecnologia capa\u00e7 de multiplicar exponencialment la capacitat de c\u00e0lcul","breadcrumb":{"@id":"https:\/\/raed.academy\/ca\/el-futur-es-quantic\/#breadcrumb"},"inLanguage":"ca-ES","potentialAction":[{"@type":"ReadAction","target":["https:\/\/raed.academy\/ca\/el-futur-es-quantic\/"]}]},{"@type":"ImageObject","inLanguage":"ca-ES","@id":"https:\/\/raed.academy\/ca\/el-futur-es-quantic\/#primaryimage","url":"https:\/\/raed.academy\/wp-content\/uploads\/2025\/11\/shutt-computacion-cuantica-tecnologia-digital-Big-Data-IA-codigo-binario-bits-1.17.webp","contentUrl":"https:\/\/raed.academy\/wp-content\/uploads\/2025\/11\/shutt-computacion-cuantica-tecnologia-digital-Big-Data-IA-codigo-binario-bits-1.17.webp","width":350,"height":300},{"@type":"BreadcrumbList","@id":"https:\/\/raed.academy\/ca\/el-futur-es-quantic\/#breadcrumb","itemListElement":[{"@type":"ListItem","position":1,"name":"Inicio","item":"https:\/\/raed.academy\/ca\/"},{"@type":"ListItem","position":2,"name":"El futur \u00e9s qu\u00e0ntic"}]},{"@type":"WebSite","@id":"https:\/\/raed.academy\/ca\/#website","url":"https:\/\/raed.academy\/ca\/","name":"Reial Acad\u00e8mia Europea de Doctors","description":"Corporaci\u00f3n de derecho p\u00fablico de car\u00e1cter cient\u00edfico, t\u00e9cnico y art\u00edstico, que tiene por objeto la investigaci\u00f3n, el estudio, el fomento y la extensi\u00f3n del conocimiento en su sentido m\u00e1s amplio","publisher":{"@id":"https:\/\/raed.academy\/ca\/#organization"},"potentialAction":[{"@type":"SearchAction","target":{"@type":"EntryPoint","urlTemplate":"https:\/\/raed.academy\/ca\/?s={search_term_string}"},"query-input":{"@type":"PropertyValueSpecification","valueRequired":true,"valueName":"search_term_string"}}],"inLanguage":"ca-ES"},{"@type":"Organization","@id":"https:\/\/raed.academy\/ca\/#organization","name":"Real Academia Europea de Doctores","url":"https:\/\/raed.academy\/ca\/","logo":{"@type":"ImageObject","inLanguage":"ca-ES","@id":"https:\/\/raed.academy\/ca\/#\/schema\/logo\/image\/","url":"https:\/\/raed.academy\/wp-content\/uploads\/2017\/01\/cropped-logo_raed.png","contentUrl":"https:\/\/raed.academy\/wp-content\/uploads\/2017\/01\/cropped-logo_raed.png","width":512,"height":512,"caption":"Real Academia Europea de Doctores"},"image":{"@id":"https:\/\/raed.academy\/ca\/#\/schema\/logo\/image\/"},"sameAs":["http:\/\/fb.me\/raed.academy","https:\/\/x.com\/raedacademy","https:\/\/www.instagram.com\/raed.academy\/","https:\/\/www.youtube.com\/channel\/UCUYQwW2KrdirNWihxMDObwg"]},{"@type":"Person","@id":"https:\/\/raed.academy\/ca\/#\/schema\/person\/5a755da80d1d979fd66ba745c8702927","name":"RAED","image":{"@type":"ImageObject","inLanguage":"ca-ES","@id":"https:\/\/secure.gravatar.com\/avatar\/19fdfdc0d67fb9c45714b703a2ac82251c4fcea3637f002ac3c9b74c0183583c?s=96&d=mm&r=g","url":"https:\/\/secure.gravatar.com\/avatar\/19fdfdc0d67fb9c45714b703a2ac82251c4fcea3637f002ac3c9b74c0183583c?s=96&d=mm&r=g","contentUrl":"https:\/\/secure.gravatar.com\/avatar\/19fdfdc0d67fb9c45714b703a2ac82251c4fcea3637f002ac3c9b74c0183583c?s=96&d=mm&r=g","caption":"RAED"}}]}},"_links":{"self":[{"href":"https:\/\/raed.academy\/ca\/wp-json\/wp\/v2\/posts\/179696","targetHints":{"allow":["GET"]}}],"collection":[{"href":"https:\/\/raed.academy\/ca\/wp-json\/wp\/v2\/posts"}],"about":[{"href":"https:\/\/raed.academy\/ca\/wp-json\/wp\/v2\/types\/post"}],"author":[{"embeddable":true,"href":"https:\/\/raed.academy\/ca\/wp-json\/wp\/v2\/users\/12"}],"replies":[{"embeddable":true,"href":"https:\/\/raed.academy\/ca\/wp-json\/wp\/v2\/comments?post=179696"}],"version-history":[{"count":5,"href":"https:\/\/raed.academy\/ca\/wp-json\/wp\/v2\/posts\/179696\/revisions"}],"predecessor-version":[{"id":180175,"href":"https:\/\/raed.academy\/ca\/wp-json\/wp\/v2\/posts\/179696\/revisions\/180175"}],"wp:featuredmedia":[{"embeddable":true,"href":"https:\/\/raed.academy\/ca\/wp-json\/wp\/v2\/media\/176250"}],"wp:attachment":[{"href":"https:\/\/raed.academy\/ca\/wp-json\/wp\/v2\/media?parent=179696"}],"wp:term":[{"taxonomy":"category","embeddable":true,"href":"https:\/\/raed.academy\/ca\/wp-json\/wp\/v2\/categories?post=179696"},{"taxonomy":"post_tag","embeddable":true,"href":"https:\/\/raed.academy\/ca\/wp-json\/wp\/v2\/tags?post=179696"}],"curies":[{"name":"wp","href":"https:\/\/api.w.org\/{rel}","templated":true}]}}