{"id":177875,"date":"2026-01-04T10:53:59","date_gmt":"2026-01-04T10:53:59","guid":{"rendered":"https:\/\/raed.academy\/?p=177875"},"modified":"2026-01-04T10:53:59","modified_gmt":"2026-01-04T10:53:59","slug":"un-annus-horribilis-per-a-lestat-de-dret","status":"publish","type":"post","link":"https:\/\/raed.academy\/ca\/un-annus-horribilis-per-a-lestat-de-dret\/","title":{"rendered":"Un Annus Horribilis per a l&#8217;Estat de dret"},"content":{"rendered":"<div id=\"attachment_110725\" style=\"width: 356px\" class=\"wp-caption aligncenter\"><img loading=\"lazy\" decoding=\"async\" aria-describedby=\"caption-attachment-110725\" class=\"wp-image-110725\" src=\"https:\/\/raed.academy\/wp-content\/uploads\/2022\/01\/Teresa-Freixes.webp\" sizes=\"(max-width: 346px) 100vw, 346px\" srcset=\"https:\/\/raed.academy\/wp-content\/uploads\/2022\/01\/Teresa-Freixes.webp 370w, https:\/\/raed.academy\/wp-content\/uploads\/2022\/01\/Teresa-Freixes-150x150.webp 150w, https:\/\/raed.academy\/wp-content\/uploads\/2022\/01\/Teresa-Freixes-300x300.webp 300w\" alt=\"Teresa Freixes\" width=\"346\" height=\"346\" aria-describedby=\"caption-attachment-110725\" \/><p id=\"caption-attachment-110725\" class=\"wp-caption-text\">Dra. Teresa Freixes<\/p><\/div>\n<p><a href=\"https:\/\/raed.academy\/ca\/academics\/dra-teresa-freixes-sanjuan\/\" target=\"_blank\" rel=\"noopener\"><em><strong>Teresa Freixes<\/strong><\/em><\/a>, catedr\u00e0tica Jean Monnet ad personam, presidenta de l&#8217;organitzaci\u00f3 internacional <strong>Citizens pro Europe<\/strong>, vicepresidenta de la plataforma ciutadana<strong> Societat Civil Catalana<\/strong> i acad\u00e8mica de n\u00famero i vicepresidenta de la <strong>Junta de Govern<\/strong> de la<strong> Reial Acad\u00e8mia Europea de Doctors<\/strong> (RAED), reflexiona sobre l&#8217;actualitat pol\u00edtica espanyola i internacional als articles <strong>&#8220;<span class=\"NormalTextRun SpellingErrorV2Themed SCXW203956670 BCX0\">To<\/span><span class=\"NormalTextRun SCXW203956670 BCX0\">talitaris<\/span><span class=\"NormalTextRun SpellingErrorV2Themed SCXW203956670 BCX0\">m<\/span><span class=\"NormalTextRun SpellingErrorV2Themed SCXW203956670 BCX0\">o, aut<\/span><span class=\"NormalTextRun SCXW203956670 BCX0\">ocracia y populismo&#8221;<\/span><\/strong><span class=\"NormalTextRun SCXW203956670 BCX0\">,<\/span><strong><span class=\"NormalTextRun SCXW203956670 BCX0\"> &#8220;El TJUE y los tribunales constitucionales&#8221;<\/span><\/strong><span class=\"NormalTextRun SpellingErrorV2Themed SCXW203956670 BCX0\">,<\/span><strong><span class=\"NormalTextRun SpellingErrorV2Themed SCXW203956670 BCX0\"> &#8220;El <\/span><span class=\"NormalTextRun SCXW203956670 BCX0\">discurso del Rey&#8221;<\/span><\/strong><span class=\"NormalTextRun SCXW203956670 BCX0\">, <\/span><strong><span class=\"NormalTextRun SCXW203956670 BCX0\">&#8220;Ex<\/span><span class=\"NormalTextRun SpellingErrorV2Themed SCXW203956670 BCX0\">tremadur<\/span><span class=\"NormalTextRun SCXW203956670 BCX0\">a ha hablado&#8221;<\/span><\/strong><span class=\"NormalTextRun SCXW203956670 BCX0\"> i<\/span><strong><span class=\"NormalTextRun SCXW203956670 BCX0\"> &#8220;Fuegos artificiales o eslab\u00f3n de la voladura<\/span><\/strong><strong>&#8220;<\/strong>, publicats al llarg de desembre al portal especialitzat <strong>Art\u00edculo 14<\/strong> i el diari digitals <strong>The Objective<\/strong>. D&#8217;altra banda, Freixes va dirigir aquest mateix mes de desembre el <strong>Seminari Doctoral Premi Europeu Carles V d&#8217;Estudis Pluridisciplinaris sobre l&#8217;Europa Contempor\u00e0nia-F\u00f2rum Europeu de la Discapacitat<\/strong>, que es va celebrar al Reial Monestir de Santa Mar\u00eda de Guadalupe sota el t\u00edtol <strong>&#8220;Unidos en la diversidad: el impacto de la Uni\u00f3n Europea en la vida de las personas con discapacidad&#8221;<\/strong> i que va aplegar investigadors d&#8217;Espanya, Alemanya, B\u00e8lgica, Espanya, Fran\u00e7a, S\u00e8rbia i Col\u00f2mbia.<\/p>\n<p>A &#8220;Totalitarismo, autocracia y populismo&#8221;, la vicepresidenta de la RAED considera que el <strong>Govern<\/strong> de <strong>Pedro S\u00e1nchez<\/strong> ha desvirtuat la democr\u00e0cia espanyola for\u00e7ant les seves institucions i la separaci\u00f3 de poders. &#8220;La qualificaci\u00f3 de totalitari pot semblar, si no s&#8217;aprofundeix al seu significat, alarmista o malintencionada, quan es pret\u00e9n aplicar respecte del que avui passa a Espanya, quan l&#8217;esperp\u00e8ntica descomposici\u00f3 del r\u00e8gim sanchista, clara als ulls de qualsevol persona m\u00ednimament informada, no \u00e9s percebuda pels fidels seguidors d&#8217;aquest, que perpetuen tamb\u00e9 un relat falsari, fonamentat especialment en impedir que a Espanya no governi ning\u00fa que no siguin ells. Han passat de la colonitzaci\u00f3 de les institucions a l&#8217;ensopiment social, redre\u00e7at amb unes dosis de populisme il\u00b7liberal, defensant aquell totalitarisme que ha arribat a envair l&#8217;espectre no nom\u00e9s pol\u00edtic, sin\u00f3 tamb\u00e9 social i econ\u00f2mic. Els falta poc per caure definitivament del burro, doncs estan caient a retalls per golfs, bavosos, lladres i corruptes, per\u00f2 falta el detonant que ens permeti transitar cap al relleu democr\u00e0tic&#8221;, considera.<\/p>\n<p>Per la seva part, a &#8220;El TJUE y los tribunales constitucionales&#8221;, l&#8217;experta destaca el paper de la just\u00edcia europea com a garant de l&#8217;Estat de dret als pa\u00efsos membre. &#8220;Europa, la Uni\u00f3 Europea, est\u00e0 donant cada cop m\u00e9s import\u00e0ncia a les garanties de l&#8217;Estat de dret, com a valor de la UE. No respon ja nom\u00e9s a les q\u00fcestions prejudicials presentades per jutges interns, sin\u00f3 que s\u00f3n ja les mateixes institucions europees les que vetllen pel que s&#8217;ha de complir respecte als indicadors establerts tant per ella mateixa com per la <strong>Comissi\u00f3 de Ven\u00e8cia<\/strong>. Tenim pendent, a m\u00e9s del nomenament de quatre membres del <strong>Tribunal Constitucional<\/strong>, la reforma de la llei org\u00e0nica del Poder Judicial per adaptar el <strong>Consell General del Poder Judicial<\/strong> als est\u00e0ndards europeus, ja que aix\u00ed es va acordar en el di\u00e0leg estructurat entre la <strong>Comissi\u00f3 Europea<\/strong>, el <strong>PSOE<\/strong> i el <strong>PP<\/strong>, amb el comprom\u00eds que aquesta q\u00fcesti\u00f3 hauria d&#8217;estar resolta al menor breu termini possible. Fa ja m\u00e9s d&#8217;un any i en aix\u00f2 encara hi som, malgrat que la Comissi\u00f3 de Ven\u00e8cia s&#8217;ha posicionat clarament al respecte, demandant l&#8217;adaptaci\u00f3 i establint criteris concrets en alguns punts, sense que apareguin a l&#8217;horitz\u00f3 signes favorables a tal compliment&#8221;, explica.<\/p>\n<p>A &#8220;El discurso del Rey&#8221;, l&#8217;acad\u00e8mica es refereix al discurs de Nadal que va pronunciar <strong>Felip VI<\/strong>. &#8220;El rebuig als atacs a la <strong>Constituci\u00f3<\/strong>, a l&#8217;Estat de dret, als valors de la Transici\u00f3, \u00e9s subjacent a la defensa que el Rei ha fet de tot el que ens uneix davant els extremismes, radicalismes i populismes, lamentant alhora la p\u00e8rdua de confian\u00e7a a la pol\u00edtica que la creixent crispaci\u00f3 ha vingut instaurant, de dalt a baix, aixecant murs i perpetuant, quan no creant, ranc\u00fanies. I ho ha fet des del Palau Reial, per primera vegada a peu dret, precisament des de la Sala de Columnes en la qual es va firmar l&#8217;adhesi\u00f3 a les llavors Comunitats Europees, avui Uni\u00f3 Europea&#8221;, detalla.<\/p>\n<p><img loading=\"lazy\" decoding=\"async\" class=\"size-full wp-image-104924 alignright\" src=\"https:\/\/raed.academy\/wp-content\/uploads\/2021\/07\/Tribunal-Constitucional-dst.jpg\" sizes=\"(max-width: 600px) 100vw, 600px\" srcset=\"https:\/\/raed.academy\/wp-content\/uploads\/2021\/07\/Tribunal-Constitucional-dst.jpg 600w, https:\/\/raed.academy\/wp-content\/uploads\/2021\/07\/Tribunal-Constitucional-dst-440x264.jpg 440w\" alt=\"\" width=\"600\" height=\"360\" aria-describedby=\"caption-attachment-104924\" \/>Freixes dedica l&#8217;article &#8220;Extremadura ha hablado&#8221; a les recents eleccions anticipades celebrades en aquesta comunitat aut\u00f2noma, expressant el seu desig per tal que s&#8217;assoleixi un acord de governabilitat sense prejudicis. &#8220;Esperem que <strong>Mar\u00eda Guardiola<\/strong> no hagi de rec\u00f3rrer a tornar a dissoldre l&#8217;<strong>Assemblea d&#8217;Extremadura<\/strong>, com va afirmar durant la campanya electoral si no aconseguia els seus objectius de governabilitat. A altres contextos, a altres pa\u00efsos, on el respecte al guanyador de les eleccions, sigui qui sigui, comporta facilitar-li la formaci\u00f3 del govern, tindr\u00edem davant nosaltres un escenari en el qual el segon partit m\u00e9s votat, sigui el que sigui tamb\u00e9, encap\u00e7alaria les opcions col\u00b7laboratives oferint, b\u00e9 sigui una coalici\u00f3 governamental, un suport parlamentari o, com a m\u00ednim, una abstenci\u00f3 que permet\u00e9s formar govern. Tamb\u00e9 podria aplicar-se la mateixa regla al tercer partit en lli\u00e7a. Aix\u00f2, amb els n\u00fameros davant, \u00e9s perfectament possible a Extremadura, ja que el PP t\u00e9 m\u00e9s escons que tota l&#8217;esquerra junta&#8221;, afirma.<\/p>\n<p>Finalment, a &#8220;Fuegos artificiales o eslab\u00f3n de la voladura&#8221;, la presidenta de Citizens pro Europe reflexiona sobre la debilitat de l&#8217;Executiu de Pedro S\u00e1nchez. &#8220;Quant m\u00e9s durar\u00e0 aquesta situaci\u00f3? S\u00e1nchez afirma que val la pena governar (estar en el govern haur\u00edem de dir) malgrat tot el que passa. Segurament a ell s\u00ed que li val la pena ja que, en cas de cessar al c\u00e0rrec, cessaria bona part de l&#8217;ocupaci\u00f3 institucional protagonitzada pels seus. I amb aix\u00f2, deixaria d&#8217;existir la possibilitat d&#8217;intentar interferir als assumptes, econ\u00f2mics i judicials, sobre els quals, si no pot controlar-los directament, anir\u00e0 creant els relats necessaris (no se sap si suficients) perqu\u00e8 la posada en pr\u00e0ctica del seu manual de resist\u00e8ncia segueixi el seu curs fins que algun detonant, ara per ara desconegut, torni la paraula a la ciutadania. No sabem, doncs, si el que veiem s\u00f3n focs d&#8217;artifici i distracci\u00f3 o si continua responent al que pot ser considerat com una de les etapes de demolici\u00f3 sistem\u00e0tica que el seu full de ruta cont\u00e9&#8221;, conclou.<\/p>\n<ul>\n<li>\n<h3><a href=\"https:\/\/theobjective.com\/elsubjetivo\/opinion\/2025-12-14\/totalitarismo-autocracia-y-populismo\/\" target=\"_blank\" rel=\"noopener\">Llegiu &#8220;Totalitarismo, autocracia y populismo&#8221;<\/a><\/h3>\n<\/li>\n<li>\n<h3><a href=\"https:\/\/theobjective.com\/elsubjetivo\/opinion\/2025-12-28\/tjue-tribunales-constitucionales\/\" target=\"_blank\" rel=\"noopener\">Llegiu &#8220;El TJUE y los tribunales constitucionales&#8221;<\/a><\/h3>\n<\/li>\n<li>\n<h3><a href=\"https:\/\/www.articulo14.es\/opinion\/discurso-del-rey-opinion-teresa-freixes-20251225.html\" target=\"_blank\" rel=\"noopener\">Llegiu &#8220;El discurso del Rey&#8221;<\/a><\/h3>\n<\/li>\n<li>\n<h3><a href=\"https:\/\/www.articulo14.es\/opinion\/extremadura-ha-hablado-elecciones-gallardo-vox-guardiola-20251224.html?fbclid=IwdGRjcAO4ctljbGNrA7hyr2V4dG4DYWVtAjExAHNydGMGYXBwX2lkDDM1MDY4NTUzMTcyOAABHoniKtzIXpmz6sTCTkbASXyjax_5CeQHV7vnifS2Zu28aZQ4tIyCuLa0WlTH_aem_tlkNWvDpIohsPBF2Is-lCg\" target=\"_blank\" rel=\"noopener\">Llegiu &#8220;Extremadura ha hablado&#8221;<\/a><\/h3>\n<\/li>\n<li>\n<h3><a href=\"https:\/\/www.articulo14.es\/opinion\/fuegos-artificiales-o-eslabon-de-la-voladura-20251216.html\" target=\"_blank\" rel=\"noopener\">Llegiu &#8220;Fuegos artificiales o eslab\u00f3n de la voladura&#8221;<\/a><\/h3>\n<\/li>\n<\/ul>\n","protected":false},"excerpt":{"rendered":"<p>Teresa Freixes reflexiona sobre l&#8217;actualitat pol\u00edtica espanyola i internacional als articles &#8220;Totalitarismo, autocracia y populismo&#8221;, &#8220;El TJUE y los tribunales constitucionales&#8221;, &#8220;El discurso del Rey&#8221;, &#8220;Extremadura ha hablado&#8221; i &#8220;Fuegos artificiales o eslab\u00f3n de la voladura&#8221;<\/p>\n","protected":false},"author":12,"featured_media":0,"comment_status":"closed","ping_status":"closed","sticky":false,"template":"","format":"standard","meta":{"_et_pb_use_builder":"","_et_pb_old_content":"","_et_gb_content_width":"","footnotes":""},"categories":[350,225,242,404,487],"tags":[],"class_list":["post-177875","post","type-post","status-publish","format-standard","hentry","category-ciencies-politiques","category-dret","category-categ-historia","category-historia-nacional-ca","category-monarquia-ca","et-doesnt-have-format-content","et_post_format-et-post-format-standard"],"yoast_head":"<!-- This site is optimized with the Yoast SEO plugin v27.5 - https:\/\/yoast.com\/product\/yoast-seo-wordpress\/ -->\n<title>Un Annus Horribilis per a l&#039;Estat de dret - Reial Acad\u00e8mia Europea de Doctors<\/title>\n<meta name=\"description\" content=\"Teresa Freixes reflexiona sobre l&#039;actualitat pol\u00edtica espanyola i internacional en els seus darrers articles\" \/>\n<meta name=\"robots\" content=\"index, follow, max-snippet:-1, max-image-preview:large, max-video-preview:-1\" \/>\n<link rel=\"canonical\" href=\"https:\/\/raed.academy\/ca\/un-annus-horribilis-per-a-lestat-de-dret\/\" \/>\n<meta property=\"og:locale\" content=\"ca_ES\" \/>\n<meta property=\"og:type\" content=\"article\" \/>\n<meta property=\"og:title\" content=\"Un Annus Horribilis per a l&#039;Estat de dret - Reial Acad\u00e8mia Europea de Doctors\" \/>\n<meta property=\"og:description\" content=\"Teresa Freixes reflexiona sobre l&#039;actualitat pol\u00edtica espanyola i internacional en els seus darrers articles\" \/>\n<meta property=\"og:url\" content=\"https:\/\/raed.academy\/ca\/un-annus-horribilis-per-a-lestat-de-dret\/\" \/>\n<meta property=\"og:site_name\" content=\"Reial Acad\u00e8mia Europea de Doctors\" \/>\n<meta property=\"article:publisher\" content=\"http:\/\/fb.me\/raed.academy\" \/>\n<meta property=\"article:published_time\" content=\"2026-01-04T10:53:59+00:00\" \/>\n<meta property=\"og:image\" content=\"https:\/\/raed.academy\/wp-content\/uploads\/2021\/07\/Tribunal-Constitucional-dst.jpg\" \/>\n\t<meta property=\"og:image:width\" content=\"600\" \/>\n\t<meta property=\"og:image:height\" content=\"360\" \/>\n\t<meta property=\"og:image:type\" content=\"image\/jpeg\" \/>\n<meta name=\"author\" content=\"RAED\" \/>\n<meta name=\"twitter:card\" content=\"summary_large_image\" \/>\n<meta name=\"twitter:creator\" content=\"@raedacademy\" \/>\n<meta name=\"twitter:site\" content=\"@raedacademy\" \/>\n<meta name=\"twitter:label1\" content=\"Written by\" \/>\n\t<meta name=\"twitter:data1\" content=\"RAED\" \/>\n\t<meta name=\"twitter:label2\" content=\"Est. reading time\" \/>\n\t<meta name=\"twitter:data2\" content=\"6 minutes\" \/>\n<script type=\"application\/ld+json\" class=\"yoast-schema-graph\">{\"@context\":\"https:\\\/\\\/schema.org\",\"@graph\":[{\"@type\":\"Article\",\"@id\":\"https:\\\/\\\/raed.academy\\\/ca\\\/un-annus-horribilis-per-a-lestat-de-dret\\\/#article\",\"isPartOf\":{\"@id\":\"https:\\\/\\\/raed.academy\\\/ca\\\/un-annus-horribilis-per-a-lestat-de-dret\\\/\"},\"author\":{\"name\":\"RAED\",\"@id\":\"https:\\\/\\\/raed.academy\\\/ca\\\/#\\\/schema\\\/person\\\/5a755da80d1d979fd66ba745c8702927\"},\"headline\":\"Un Annus Horribilis per a l&#8217;Estat de dret\",\"datePublished\":\"2026-01-04T10:53:59+00:00\",\"mainEntityOfPage\":{\"@id\":\"https:\\\/\\\/raed.academy\\\/ca\\\/un-annus-horribilis-per-a-lestat-de-dret\\\/\"},\"wordCount\":1137,\"publisher\":{\"@id\":\"https:\\\/\\\/raed.academy\\\/ca\\\/#organization\"},\"image\":{\"@id\":\"https:\\\/\\\/raed.academy\\\/ca\\\/un-annus-horribilis-per-a-lestat-de-dret\\\/#primaryimage\"},\"thumbnailUrl\":\"https:\\\/\\\/raed.academy\\\/wp-content\\\/uploads\\\/2022\\\/01\\\/Teresa-Freixes.webp\",\"articleSection\":[\"Ci\u00e8ncies pol\u00edtiques\",\"Dret\",\"Hist\u00f2ria\",\"Hist\u00f2ria nacional\",\"Monarquia\"],\"inLanguage\":\"ca-ES\"},{\"@type\":\"WebPage\",\"@id\":\"https:\\\/\\\/raed.academy\\\/ca\\\/un-annus-horribilis-per-a-lestat-de-dret\\\/\",\"url\":\"https:\\\/\\\/raed.academy\\\/ca\\\/un-annus-horribilis-per-a-lestat-de-dret\\\/\",\"name\":\"Un Annus Horribilis per a l'Estat de dret - Reial Acad\u00e8mia Europea de Doctors\",\"isPartOf\":{\"@id\":\"https:\\\/\\\/raed.academy\\\/ca\\\/#website\"},\"primaryImageOfPage\":{\"@id\":\"https:\\\/\\\/raed.academy\\\/ca\\\/un-annus-horribilis-per-a-lestat-de-dret\\\/#primaryimage\"},\"image\":{\"@id\":\"https:\\\/\\\/raed.academy\\\/ca\\\/un-annus-horribilis-per-a-lestat-de-dret\\\/#primaryimage\"},\"thumbnailUrl\":\"https:\\\/\\\/raed.academy\\\/wp-content\\\/uploads\\\/2022\\\/01\\\/Teresa-Freixes.webp\",\"datePublished\":\"2026-01-04T10:53:59+00:00\",\"description\":\"Teresa Freixes reflexiona sobre l'actualitat pol\u00edtica espanyola i internacional en els seus darrers articles\",\"breadcrumb\":{\"@id\":\"https:\\\/\\\/raed.academy\\\/ca\\\/un-annus-horribilis-per-a-lestat-de-dret\\\/#breadcrumb\"},\"inLanguage\":\"ca-ES\",\"potentialAction\":[{\"@type\":\"ReadAction\",\"target\":[\"https:\\\/\\\/raed.academy\\\/ca\\\/un-annus-horribilis-per-a-lestat-de-dret\\\/\"]}]},{\"@type\":\"ImageObject\",\"inLanguage\":\"ca-ES\",\"@id\":\"https:\\\/\\\/raed.academy\\\/ca\\\/un-annus-horribilis-per-a-lestat-de-dret\\\/#primaryimage\",\"url\":\"https:\\\/\\\/raed.academy\\\/wp-content\\\/uploads\\\/2022\\\/01\\\/Teresa-Freixes.webp\",\"contentUrl\":\"https:\\\/\\\/raed.academy\\\/wp-content\\\/uploads\\\/2022\\\/01\\\/Teresa-Freixes.webp\"},{\"@type\":\"BreadcrumbList\",\"@id\":\"https:\\\/\\\/raed.academy\\\/ca\\\/un-annus-horribilis-per-a-lestat-de-dret\\\/#breadcrumb\",\"itemListElement\":[{\"@type\":\"ListItem\",\"position\":1,\"name\":\"Inicio\",\"item\":\"https:\\\/\\\/raed.academy\\\/ca\\\/\"},{\"@type\":\"ListItem\",\"position\":2,\"name\":\"Un Annus Horribilis per a l&#8217;Estat de dret\"}]},{\"@type\":\"WebSite\",\"@id\":\"https:\\\/\\\/raed.academy\\\/ca\\\/#website\",\"url\":\"https:\\\/\\\/raed.academy\\\/ca\\\/\",\"name\":\"Reial Acad\u00e8mia Europea de Doctors\",\"description\":\"Corporaci\u00f3n de derecho p\u00fablico de car\u00e1cter cient\u00edfico, t\u00e9cnico y art\u00edstico, que tiene por objeto la investigaci\u00f3n, el estudio, el fomento y la extensi\u00f3n del conocimiento en su sentido m\u00e1s amplio\",\"publisher\":{\"@id\":\"https:\\\/\\\/raed.academy\\\/ca\\\/#organization\"},\"potentialAction\":[{\"@type\":\"SearchAction\",\"target\":{\"@type\":\"EntryPoint\",\"urlTemplate\":\"https:\\\/\\\/raed.academy\\\/ca\\\/?s={search_term_string}\"},\"query-input\":{\"@type\":\"PropertyValueSpecification\",\"valueRequired\":true,\"valueName\":\"search_term_string\"}}],\"inLanguage\":\"ca-ES\"},{\"@type\":\"Organization\",\"@id\":\"https:\\\/\\\/raed.academy\\\/ca\\\/#organization\",\"name\":\"Real Academia Europea de Doctores\",\"url\":\"https:\\\/\\\/raed.academy\\\/ca\\\/\",\"logo\":{\"@type\":\"ImageObject\",\"inLanguage\":\"ca-ES\",\"@id\":\"https:\\\/\\\/raed.academy\\\/ca\\\/#\\\/schema\\\/logo\\\/image\\\/\",\"url\":\"https:\\\/\\\/raed.academy\\\/wp-content\\\/uploads\\\/2017\\\/01\\\/cropped-logo_raed.png\",\"contentUrl\":\"https:\\\/\\\/raed.academy\\\/wp-content\\\/uploads\\\/2017\\\/01\\\/cropped-logo_raed.png\",\"width\":512,\"height\":512,\"caption\":\"Real Academia Europea de Doctores\"},\"image\":{\"@id\":\"https:\\\/\\\/raed.academy\\\/ca\\\/#\\\/schema\\\/logo\\\/image\\\/\"},\"sameAs\":[\"http:\\\/\\\/fb.me\\\/raed.academy\",\"https:\\\/\\\/x.com\\\/raedacademy\",\"https:\\\/\\\/www.instagram.com\\\/raed.academy\\\/\",\"https:\\\/\\\/www.youtube.com\\\/channel\\\/UCUYQwW2KrdirNWihxMDObwg\"]},{\"@type\":\"Person\",\"@id\":\"https:\\\/\\\/raed.academy\\\/ca\\\/#\\\/schema\\\/person\\\/5a755da80d1d979fd66ba745c8702927\",\"name\":\"RAED\",\"image\":{\"@type\":\"ImageObject\",\"inLanguage\":\"ca-ES\",\"@id\":\"https:\\\/\\\/secure.gravatar.com\\\/avatar\\\/19fdfdc0d67fb9c45714b703a2ac82251c4fcea3637f002ac3c9b74c0183583c?s=96&d=mm&r=g\",\"url\":\"https:\\\/\\\/secure.gravatar.com\\\/avatar\\\/19fdfdc0d67fb9c45714b703a2ac82251c4fcea3637f002ac3c9b74c0183583c?s=96&d=mm&r=g\",\"contentUrl\":\"https:\\\/\\\/secure.gravatar.com\\\/avatar\\\/19fdfdc0d67fb9c45714b703a2ac82251c4fcea3637f002ac3c9b74c0183583c?s=96&d=mm&r=g\",\"caption\":\"RAED\"}}]}<\/script>\n<!-- \/ Yoast SEO plugin. -->","yoast_head_json":{"title":"Un Annus Horribilis per a l'Estat de dret - Reial Acad\u00e8mia Europea de Doctors","description":"Teresa Freixes reflexiona sobre l'actualitat pol\u00edtica espanyola i internacional en els seus darrers articles","robots":{"index":"index","follow":"follow","max-snippet":"max-snippet:-1","max-image-preview":"max-image-preview:large","max-video-preview":"max-video-preview:-1"},"canonical":"https:\/\/raed.academy\/ca\/un-annus-horribilis-per-a-lestat-de-dret\/","og_locale":"ca_ES","og_type":"article","og_title":"Un Annus Horribilis per a l'Estat de dret - Reial Acad\u00e8mia Europea de Doctors","og_description":"Teresa Freixes reflexiona sobre l'actualitat pol\u00edtica espanyola i internacional en els seus darrers articles","og_url":"https:\/\/raed.academy\/ca\/un-annus-horribilis-per-a-lestat-de-dret\/","og_site_name":"Reial Acad\u00e8mia Europea de Doctors","article_publisher":"http:\/\/fb.me\/raed.academy","article_published_time":"2026-01-04T10:53:59+00:00","og_image":[{"width":600,"height":360,"url":"https:\/\/raed.academy\/wp-content\/uploads\/2021\/07\/Tribunal-Constitucional-dst.jpg","type":"image\/jpeg"}],"author":"RAED","twitter_card":"summary_large_image","twitter_creator":"@raedacademy","twitter_site":"@raedacademy","twitter_misc":{"Written by":"RAED","Est. reading time":"6 minutes"},"schema":{"@context":"https:\/\/schema.org","@graph":[{"@type":"Article","@id":"https:\/\/raed.academy\/ca\/un-annus-horribilis-per-a-lestat-de-dret\/#article","isPartOf":{"@id":"https:\/\/raed.academy\/ca\/un-annus-horribilis-per-a-lestat-de-dret\/"},"author":{"name":"RAED","@id":"https:\/\/raed.academy\/ca\/#\/schema\/person\/5a755da80d1d979fd66ba745c8702927"},"headline":"Un Annus Horribilis per a l&#8217;Estat de dret","datePublished":"2026-01-04T10:53:59+00:00","mainEntityOfPage":{"@id":"https:\/\/raed.academy\/ca\/un-annus-horribilis-per-a-lestat-de-dret\/"},"wordCount":1137,"publisher":{"@id":"https:\/\/raed.academy\/ca\/#organization"},"image":{"@id":"https:\/\/raed.academy\/ca\/un-annus-horribilis-per-a-lestat-de-dret\/#primaryimage"},"thumbnailUrl":"https:\/\/raed.academy\/wp-content\/uploads\/2022\/01\/Teresa-Freixes.webp","articleSection":["Ci\u00e8ncies pol\u00edtiques","Dret","Hist\u00f2ria","Hist\u00f2ria nacional","Monarquia"],"inLanguage":"ca-ES"},{"@type":"WebPage","@id":"https:\/\/raed.academy\/ca\/un-annus-horribilis-per-a-lestat-de-dret\/","url":"https:\/\/raed.academy\/ca\/un-annus-horribilis-per-a-lestat-de-dret\/","name":"Un Annus Horribilis per a l'Estat de dret - Reial Acad\u00e8mia Europea de Doctors","isPartOf":{"@id":"https:\/\/raed.academy\/ca\/#website"},"primaryImageOfPage":{"@id":"https:\/\/raed.academy\/ca\/un-annus-horribilis-per-a-lestat-de-dret\/#primaryimage"},"image":{"@id":"https:\/\/raed.academy\/ca\/un-annus-horribilis-per-a-lestat-de-dret\/#primaryimage"},"thumbnailUrl":"https:\/\/raed.academy\/wp-content\/uploads\/2022\/01\/Teresa-Freixes.webp","datePublished":"2026-01-04T10:53:59+00:00","description":"Teresa Freixes reflexiona sobre l'actualitat pol\u00edtica espanyola i internacional en els seus darrers articles","breadcrumb":{"@id":"https:\/\/raed.academy\/ca\/un-annus-horribilis-per-a-lestat-de-dret\/#breadcrumb"},"inLanguage":"ca-ES","potentialAction":[{"@type":"ReadAction","target":["https:\/\/raed.academy\/ca\/un-annus-horribilis-per-a-lestat-de-dret\/"]}]},{"@type":"ImageObject","inLanguage":"ca-ES","@id":"https:\/\/raed.academy\/ca\/un-annus-horribilis-per-a-lestat-de-dret\/#primaryimage","url":"https:\/\/raed.academy\/wp-content\/uploads\/2022\/01\/Teresa-Freixes.webp","contentUrl":"https:\/\/raed.academy\/wp-content\/uploads\/2022\/01\/Teresa-Freixes.webp"},{"@type":"BreadcrumbList","@id":"https:\/\/raed.academy\/ca\/un-annus-horribilis-per-a-lestat-de-dret\/#breadcrumb","itemListElement":[{"@type":"ListItem","position":1,"name":"Inicio","item":"https:\/\/raed.academy\/ca\/"},{"@type":"ListItem","position":2,"name":"Un Annus Horribilis per a l&#8217;Estat de dret"}]},{"@type":"WebSite","@id":"https:\/\/raed.academy\/ca\/#website","url":"https:\/\/raed.academy\/ca\/","name":"Reial Acad\u00e8mia Europea de Doctors","description":"Corporaci\u00f3n de derecho p\u00fablico de car\u00e1cter cient\u00edfico, t\u00e9cnico y art\u00edstico, que tiene por objeto la investigaci\u00f3n, el estudio, el fomento y la extensi\u00f3n del conocimiento en su sentido m\u00e1s amplio","publisher":{"@id":"https:\/\/raed.academy\/ca\/#organization"},"potentialAction":[{"@type":"SearchAction","target":{"@type":"EntryPoint","urlTemplate":"https:\/\/raed.academy\/ca\/?s={search_term_string}"},"query-input":{"@type":"PropertyValueSpecification","valueRequired":true,"valueName":"search_term_string"}}],"inLanguage":"ca-ES"},{"@type":"Organization","@id":"https:\/\/raed.academy\/ca\/#organization","name":"Real Academia Europea de Doctores","url":"https:\/\/raed.academy\/ca\/","logo":{"@type":"ImageObject","inLanguage":"ca-ES","@id":"https:\/\/raed.academy\/ca\/#\/schema\/logo\/image\/","url":"https:\/\/raed.academy\/wp-content\/uploads\/2017\/01\/cropped-logo_raed.png","contentUrl":"https:\/\/raed.academy\/wp-content\/uploads\/2017\/01\/cropped-logo_raed.png","width":512,"height":512,"caption":"Real Academia Europea de Doctores"},"image":{"@id":"https:\/\/raed.academy\/ca\/#\/schema\/logo\/image\/"},"sameAs":["http:\/\/fb.me\/raed.academy","https:\/\/x.com\/raedacademy","https:\/\/www.instagram.com\/raed.academy\/","https:\/\/www.youtube.com\/channel\/UCUYQwW2KrdirNWihxMDObwg"]},{"@type":"Person","@id":"https:\/\/raed.academy\/ca\/#\/schema\/person\/5a755da80d1d979fd66ba745c8702927","name":"RAED","image":{"@type":"ImageObject","inLanguage":"ca-ES","@id":"https:\/\/secure.gravatar.com\/avatar\/19fdfdc0d67fb9c45714b703a2ac82251c4fcea3637f002ac3c9b74c0183583c?s=96&d=mm&r=g","url":"https:\/\/secure.gravatar.com\/avatar\/19fdfdc0d67fb9c45714b703a2ac82251c4fcea3637f002ac3c9b74c0183583c?s=96&d=mm&r=g","contentUrl":"https:\/\/secure.gravatar.com\/avatar\/19fdfdc0d67fb9c45714b703a2ac82251c4fcea3637f002ac3c9b74c0183583c?s=96&d=mm&r=g","caption":"RAED"}}]}},"_links":{"self":[{"href":"https:\/\/raed.academy\/ca\/wp-json\/wp\/v2\/posts\/177875","targetHints":{"allow":["GET"]}}],"collection":[{"href":"https:\/\/raed.academy\/ca\/wp-json\/wp\/v2\/posts"}],"about":[{"href":"https:\/\/raed.academy\/ca\/wp-json\/wp\/v2\/types\/post"}],"author":[{"embeddable":true,"href":"https:\/\/raed.academy\/ca\/wp-json\/wp\/v2\/users\/12"}],"replies":[{"embeddable":true,"href":"https:\/\/raed.academy\/ca\/wp-json\/wp\/v2\/comments?post=177875"}],"version-history":[{"count":3,"href":"https:\/\/raed.academy\/ca\/wp-json\/wp\/v2\/posts\/177875\/revisions"}],"predecessor-version":[{"id":177937,"href":"https:\/\/raed.academy\/ca\/wp-json\/wp\/v2\/posts\/177875\/revisions\/177937"}],"wp:attachment":[{"href":"https:\/\/raed.academy\/ca\/wp-json\/wp\/v2\/media?parent=177875"}],"wp:term":[{"taxonomy":"category","embeddable":true,"href":"https:\/\/raed.academy\/ca\/wp-json\/wp\/v2\/categories?post=177875"},{"taxonomy":"post_tag","embeddable":true,"href":"https:\/\/raed.academy\/ca\/wp-json\/wp\/v2\/tags?post=177875"}],"curies":[{"name":"wp","href":"https:\/\/api.w.org\/{rel}","templated":true}]}}