{"id":177059,"date":"2025-12-14T09:27:32","date_gmt":"2025-12-14T09:27:32","guid":{"rendered":"https:\/\/raed.academy\/?p=177059"},"modified":"2025-12-14T09:27:32","modified_gmt":"2025-12-14T09:27:32","slug":"el-valor-transformador-de-leducacio","status":"publish","type":"post","link":"https:\/\/raed.academy\/ca\/el-valor-transformador-de-leducacio\/","title":{"rendered":"El valor transformador de l&#8217;educaci\u00f3"},"content":{"rendered":"<div id=\"attachment_148629\" style=\"width: 510px\" class=\"wp-caption aligncenter\"><img loading=\"lazy\" decoding=\"async\" aria-describedby=\"caption-attachment-148629\" class=\"wp-image-148629 size-full\" src=\"https:\/\/raed.academy\/wp-content\/uploads\/2024\/05\/Rosalia-Arteaga-dst.webp\" sizes=\"(max-width: 500px) 100vw, 500px\" srcset=\"https:\/\/raed.academy\/wp-content\/uploads\/2024\/05\/Rosalia-Arteaga-dst.webp 500w, https:\/\/raed.academy\/wp-content\/uploads\/2024\/05\/Rosalia-Arteaga-dst-440x264.webp 440w\" alt=\"Rosal\u00eda Arteaga\" width=\"500\" height=\"300\" aria-describedby=\"caption-attachment-148629\" \/><p id=\"caption-attachment-148629\" class=\"wp-caption-text\">Dra. Rosal\u00eda Arteaga<\/p><\/div>\n<p><a href=\"https:\/\/raed.academy\/ca\/academics\/dra-rosalia-arteaga-serrano\/\" target=\"_blank\" rel=\"noopener\"><em><strong>Rosal\u00eda Arteaga<\/strong><\/em><\/a>, expresidenta i exministra d&#8217;Educaci\u00f3 de l&#8217;Equador, presidenta de la <strong>Fundaci\u00f3 per al Desenvolupament d&#8217;Am\u00e8rica Llatina<\/strong>, reconeguda activista per l&#8217;educaci\u00f3 i la infantesa i acad\u00e8mica d&#8217;honor i membre del <strong>Senat<\/strong> de la <strong>Reial Academia Europea de Doctors<\/strong> (RAED), ha estat reconeguda com a doctora honoris causa per la <strong>Universitat Laica Eloy Alfaro de Manab\u00ed<\/strong>, a l&#8217;Equador. La cerim\u00f2nia es va realitzar el passat 13 de novembre al campus que el centre t\u00e9 al municipi de Manta, en el qual es va destacar la traject\u00f2ria excepcional de l&#8217;exmandat\u00e0ria equatoriana i la seva aportaci\u00f3 inavaluable a l&#8217;educaci\u00f3, la cultura i el servei p\u00fablic en l&#8217;\u00e0mbit nacional i internacional.<\/p>\n<p>Durant la seva intervenci\u00f3, l&#8217;orador convidat, l&#8217;economista <strong>Alberto Dahik<\/strong>, va expressar la seva profunda satisfacci\u00f3 en retre homenatge a Arteaga, recordant que aquest reconeixement acad\u00e8mic es confereix exclusivament als qui han demostrat m\u00e8rits extraordinaris en \u00e0mbits com les lletres, les arts, la ci\u00e8ncia, la pol\u00edtica o els serveis a la humanitat. &#8220;Arteaga ha dedicat gran part de la seva vida professional a l&#8217;educaci\u00f3 i la societat, exercint com a presidenta, vicepresidenta, ministra i liderant pol\u00edtiques orientades a la infantesa i la joventut. La seva honestedat material i intel\u00b7lectual, aix\u00ed com el seu comprom\u00eds amb el futur del pa\u00eds, van ser ressaltats com a elements centrals de la seva traject\u00f2ria. Aix\u00ed mateix, es va recordar el seu paper determinant en moments cr\u00edtics per a l&#8217;Equador, mostrant serenitat, integritat i un profund sentit de responsabilitat c\u00edvica. La seva conducta exemplar va contribuir a preservar l\u2019estabilitat nacional en temps desafiadors&#8221;, es va destacar al solemne acte.<\/p>\n<p><img loading=\"lazy\" decoding=\"async\" class=\"size-full wp-image-177083 alignright\" src=\"https:\/\/raed.academy\/wp-content\/uploads\/2025\/12\/ULEAM-Universidad-Laica-Eloy-Alfaro-de-Manabi-Ecuador-dst.webp\" sizes=\"(max-width: 600px) 100vw, 600px\" srcset=\"https:\/\/raed.academy\/wp-content\/uploads\/2025\/12\/ULEAM-Universidad-Laica-Eloy-Alfaro-de-Manabi-Ecuador-dst.webp 600w, https:\/\/raed.academy\/wp-content\/uploads\/2025\/12\/ULEAM-Universidad-Laica-Eloy-Alfaro-de-Manabi-Ecuador-dst-440x264.webp 440w\" alt=\"\" width=\"600\" height=\"360\" \/>D&#8217;altra banda, l&#8217;acad\u00e8mica d&#8217;honor va participar l&#8217;11 de novembre al <strong>F\u00f2rum Comprom\u00eds Empresarial amb l&#8217;Educaci\u00f3<\/strong> que es va celebrar al <strong>Wyndham Guayaquil Puerto Santa Ana<\/strong>, a aquesta ciutat costanera equatoriana. Arteaga va presentar la pon\u00e8ncia <strong>&#8220;C\u00f3mo la educaci\u00f3n puede cambiar al Ecuador&#8221;<\/strong>. &#8220;L&#8217;educaci\u00f3 \u00e9s l&#8217;\u00fanica activitat humana que pot aportar francament i positivament, amb serenitat i efic\u00e0cia, a enfrontar els reptes que ens ofereix cada nou dia&#8221;, va afirmar. A la trobada van participar diferents representants del Ministeri d&#8217;Educaci\u00f3 de l&#8217;Equador i d&#8217;institucions del sector educatiu del pa\u00eds i estudiants, aix\u00ed com els representants de diverses empreses i fundacions presents.<\/p>\n<p>L&#8217;acad\u00e8mica d&#8217;honor va ser reconeguda dins del marc de la 24a edici\u00f3 de la <strong>Cimera Mundial sobre Inversi\u00f3 en Family Offices<\/strong>, celebrada Miami els passats 18 i 19 de febrer, per la seva destacada traject\u00f2ria en la promoci\u00f3 de la igualtat i l&#8217;educaci\u00f3, i designada ambaixadora global de <strong>Waterkeeper Alliance<\/strong>, un moviment global que uneix a m\u00e9s de 300 organitzacions i afiliats de tot el m\u00f3n, mobilitzant l&#8217;acci\u00f3 ciutadana per combatre problemes com la contaminaci\u00f3 i el canvi clim\u00e0tic. El moviment patrulla i protegeix prop de 15,5 milions de quil\u00f2metres quadrats de rius, llacs i costes a les Am\u00e8riques, Europa, Austr\u00e0lia, \u00c0sia i l&#8217;\u00c0frica. Per a l&#8217;organitzaci\u00f3, la seva experi\u00e8ncia i assoliments amplien el seu abast al brindar una perspectiva \u00fanica des d&#8217;Am\u00e8rica Llatina, una regi\u00f3 cr\u00edtica per a la conservaci\u00f3 global. L&#8217;acad\u00e8mica es converteix aix\u00ed en un pont entre cultures i comunitats, fomentant la cooperaci\u00f3 internacional en la lluita per garantir un futur sostenible i aigua neta per a tothom.<\/p>\n<p>Al llarg de m\u00e9s de dues d\u00e8cades, Arteaga ha liderat transformacions al camp de l&#8217;educaci\u00f3 i la cultura a l\u2019Equador. A m\u00e9s de ser ministra d&#8217;Educaci\u00f3, s&#8217;ha destacat pel seu lideratge en temes educatius des de la societat civil, el seu comprom\u00eds amb la democr\u00e0cia, la sostenibilitat ambiental i la seva capacitat per identificar problemes i dissenyar iniciatives innovadores, per generar un impacte social que l&#8217;actual model d&#8217;ensenyament en l\u00ednia potenciat per la pand\u00e8mia ara afavoreix. L&#8217;acad\u00e8mica va refor\u00e7ar aquesta imatge despr\u00e9s de la seva candidatura a la <strong>Secretaria General Iberoamericana<\/strong>, organitzaci\u00f3 creada l&#8217;any 2003 que aplega els 22 pa\u00efsos que conformen la comunitat iberoamericana, i a la <strong>Secretaria General<\/strong> de l&#8217;<strong>Organitzaci\u00f3 de les Nacions Unides<\/strong> a proposta de l&#8217;organitzaci\u00f3 juvenil <strong>Forward<\/strong>. Una candidatura popular que l&#8217;ONU no va arribar a formalitzar malgrat que preveu aquest tipus d\u2019iniciatives als seus reglaments, per\u00f2 que va permetre l&#8217;acad\u00e8mica d&#8217;honor reivindicar el paper de la societat civil i m\u00e9s en particular de la joventut iberoamericana.<\/p>\n","protected":false},"excerpt":{"rendered":"<p>Rosal\u00eda Arteaga, expresidenta i exministra d&#8217;Educaci\u00f3 d&#8217;Equador, \u00e9s reconeguda com a doctora honoris causa per la Universitat Laica Eloy Alfaro de Manab\u00ed d&#8217;Equador<\/p>\n","protected":false},"author":12,"featured_media":177084,"comment_status":"closed","ping_status":"closed","sticky":false,"template":"","format":"standard","meta":{"_et_pb_use_builder":"","_et_pb_old_content":"","_et_gb_content_width":"","footnotes":""},"categories":[496,168,492],"tags":[],"class_list":["post-177059","post","type-post","status-publish","format-standard","has-post-thumbnail","hentry","category-educacio-etica-i-valors-ca","category-premis-distincions-i-nomenaments","category-trobades-cientifiques-i-congressos","et-has-post-format-content","et_post_format-et-post-format-standard"],"yoast_head":"<!-- This site is optimized with the Yoast SEO plugin v27.4 - https:\/\/yoast.com\/product\/yoast-seo-wordpress\/ -->\n<title>El valor transformador de l&#039;educaci\u00f3 - Reial Acad\u00e8mia Europea de Doctors<\/title>\n<meta name=\"description\" content=\"Rosal\u00eda Arteaga, reconeguda com a doctora honoris causa per la Universitat Laica Eloy Alfaro de Manab\u00ed d&#039;Equador\" \/>\n<meta name=\"robots\" content=\"index, follow, max-snippet:-1, max-image-preview:large, max-video-preview:-1\" \/>\n<link rel=\"canonical\" href=\"https:\/\/raed.academy\/ca\/el-valor-transformador-de-leducacio\/\" \/>\n<meta property=\"og:locale\" content=\"ca_ES\" \/>\n<meta property=\"og:type\" content=\"article\" \/>\n<meta property=\"og:title\" content=\"El valor transformador de l&#039;educaci\u00f3 - Reial Acad\u00e8mia Europea de Doctors\" \/>\n<meta property=\"og:description\" content=\"Rosal\u00eda Arteaga, reconeguda com a doctora honoris causa per la Universitat Laica Eloy Alfaro de Manab\u00ed d&#039;Equador\" \/>\n<meta property=\"og:url\" content=\"https:\/\/raed.academy\/ca\/el-valor-transformador-de-leducacio\/\" \/>\n<meta property=\"og:site_name\" content=\"Reial Acad\u00e8mia Europea de Doctors\" \/>\n<meta property=\"article:publisher\" content=\"http:\/\/fb.me\/raed.academy\" \/>\n<meta property=\"article:published_time\" content=\"2025-12-14T09:27:32+00:00\" \/>\n<meta property=\"og:image\" content=\"https:\/\/raed.academy\/wp-content\/uploads\/2025\/12\/ULEAM-Universidad-Laica-Eloy-Alfaro-de-Manabi-Ecuador-dst.webp\" \/>\n\t<meta property=\"og:image:width\" content=\"600\" \/>\n\t<meta property=\"og:image:height\" content=\"360\" \/>\n\t<meta property=\"og:image:type\" content=\"image\/webp\" \/>\n<meta name=\"author\" content=\"RAED\" \/>\n<meta name=\"twitter:card\" content=\"summary_large_image\" \/>\n<meta name=\"twitter:creator\" content=\"@raedacademy\" \/>\n<meta name=\"twitter:site\" content=\"@raedacademy\" \/>\n<meta name=\"twitter:label1\" content=\"Written by\" \/>\n\t<meta name=\"twitter:data1\" content=\"RAED\" \/>\n\t<meta name=\"twitter:label2\" content=\"Est. reading time\" \/>\n\t<meta name=\"twitter:data2\" content=\"4 minutes\" \/>\n<script type=\"application\/ld+json\" class=\"yoast-schema-graph\">{\"@context\":\"https:\\\/\\\/schema.org\",\"@graph\":[{\"@type\":\"Article\",\"@id\":\"https:\\\/\\\/raed.academy\\\/ca\\\/el-valor-transformador-de-leducacio\\\/#article\",\"isPartOf\":{\"@id\":\"https:\\\/\\\/raed.academy\\\/ca\\\/el-valor-transformador-de-leducacio\\\/\"},\"author\":{\"name\":\"RAED\",\"@id\":\"https:\\\/\\\/raed.academy\\\/ca\\\/#\\\/schema\\\/person\\\/5a755da80d1d979fd66ba745c8702927\"},\"headline\":\"El valor transformador de l&#8217;educaci\u00f3\",\"datePublished\":\"2025-12-14T09:27:32+00:00\",\"mainEntityOfPage\":{\"@id\":\"https:\\\/\\\/raed.academy\\\/ca\\\/el-valor-transformador-de-leducacio\\\/\"},\"wordCount\":789,\"publisher\":{\"@id\":\"https:\\\/\\\/raed.academy\\\/ca\\\/#organization\"},\"image\":{\"@id\":\"https:\\\/\\\/raed.academy\\\/ca\\\/el-valor-transformador-de-leducacio\\\/#primaryimage\"},\"thumbnailUrl\":\"https:\\\/\\\/raed.academy\\\/wp-content\\\/uploads\\\/2025\\\/12\\\/ULEAM-Universidad-Laica-Eloy-Alfaro-de-Manabi-Ecuador-dst.webp\",\"articleSection\":[\"Educaci\u00f3, \u00e8tica i valors\",\"Premis, distincions i nomenaments\",\"Trobades Cient\u00edfiques i Congressos\"],\"inLanguage\":\"ca-ES\"},{\"@type\":\"WebPage\",\"@id\":\"https:\\\/\\\/raed.academy\\\/ca\\\/el-valor-transformador-de-leducacio\\\/\",\"url\":\"https:\\\/\\\/raed.academy\\\/ca\\\/el-valor-transformador-de-leducacio\\\/\",\"name\":\"El valor transformador de l'educaci\u00f3 - Reial Acad\u00e8mia Europea de Doctors\",\"isPartOf\":{\"@id\":\"https:\\\/\\\/raed.academy\\\/ca\\\/#website\"},\"primaryImageOfPage\":{\"@id\":\"https:\\\/\\\/raed.academy\\\/ca\\\/el-valor-transformador-de-leducacio\\\/#primaryimage\"},\"image\":{\"@id\":\"https:\\\/\\\/raed.academy\\\/ca\\\/el-valor-transformador-de-leducacio\\\/#primaryimage\"},\"thumbnailUrl\":\"https:\\\/\\\/raed.academy\\\/wp-content\\\/uploads\\\/2025\\\/12\\\/ULEAM-Universidad-Laica-Eloy-Alfaro-de-Manabi-Ecuador-dst.webp\",\"datePublished\":\"2025-12-14T09:27:32+00:00\",\"description\":\"Rosal\u00eda Arteaga, reconeguda com a doctora honoris causa per la Universitat Laica Eloy Alfaro de Manab\u00ed d'Equador\",\"breadcrumb\":{\"@id\":\"https:\\\/\\\/raed.academy\\\/ca\\\/el-valor-transformador-de-leducacio\\\/#breadcrumb\"},\"inLanguage\":\"ca-ES\",\"potentialAction\":[{\"@type\":\"ReadAction\",\"target\":[\"https:\\\/\\\/raed.academy\\\/ca\\\/el-valor-transformador-de-leducacio\\\/\"]}]},{\"@type\":\"ImageObject\",\"inLanguage\":\"ca-ES\",\"@id\":\"https:\\\/\\\/raed.academy\\\/ca\\\/el-valor-transformador-de-leducacio\\\/#primaryimage\",\"url\":\"https:\\\/\\\/raed.academy\\\/wp-content\\\/uploads\\\/2025\\\/12\\\/ULEAM-Universidad-Laica-Eloy-Alfaro-de-Manabi-Ecuador-dst.webp\",\"contentUrl\":\"https:\\\/\\\/raed.academy\\\/wp-content\\\/uploads\\\/2025\\\/12\\\/ULEAM-Universidad-Laica-Eloy-Alfaro-de-Manabi-Ecuador-dst.webp\",\"width\":600,\"height\":360},{\"@type\":\"BreadcrumbList\",\"@id\":\"https:\\\/\\\/raed.academy\\\/ca\\\/el-valor-transformador-de-leducacio\\\/#breadcrumb\",\"itemListElement\":[{\"@type\":\"ListItem\",\"position\":1,\"name\":\"Inicio\",\"item\":\"https:\\\/\\\/raed.academy\\\/ca\\\/\"},{\"@type\":\"ListItem\",\"position\":2,\"name\":\"El valor transformador de l&#8217;educaci\u00f3\"}]},{\"@type\":\"WebSite\",\"@id\":\"https:\\\/\\\/raed.academy\\\/ca\\\/#website\",\"url\":\"https:\\\/\\\/raed.academy\\\/ca\\\/\",\"name\":\"Reial Acad\u00e8mia Europea de Doctors\",\"description\":\"Corporaci\u00f3n de derecho p\u00fablico de car\u00e1cter cient\u00edfico, t\u00e9cnico y art\u00edstico, que tiene por objeto la investigaci\u00f3n, el estudio, el fomento y la extensi\u00f3n del conocimiento en su sentido m\u00e1s amplio\",\"publisher\":{\"@id\":\"https:\\\/\\\/raed.academy\\\/ca\\\/#organization\"},\"potentialAction\":[{\"@type\":\"SearchAction\",\"target\":{\"@type\":\"EntryPoint\",\"urlTemplate\":\"https:\\\/\\\/raed.academy\\\/ca\\\/?s={search_term_string}\"},\"query-input\":{\"@type\":\"PropertyValueSpecification\",\"valueRequired\":true,\"valueName\":\"search_term_string\"}}],\"inLanguage\":\"ca-ES\"},{\"@type\":\"Organization\",\"@id\":\"https:\\\/\\\/raed.academy\\\/ca\\\/#organization\",\"name\":\"Real Academia Europea de Doctores\",\"url\":\"https:\\\/\\\/raed.academy\\\/ca\\\/\",\"logo\":{\"@type\":\"ImageObject\",\"inLanguage\":\"ca-ES\",\"@id\":\"https:\\\/\\\/raed.academy\\\/ca\\\/#\\\/schema\\\/logo\\\/image\\\/\",\"url\":\"https:\\\/\\\/raed.academy\\\/wp-content\\\/uploads\\\/2017\\\/01\\\/cropped-logo_raed.png\",\"contentUrl\":\"https:\\\/\\\/raed.academy\\\/wp-content\\\/uploads\\\/2017\\\/01\\\/cropped-logo_raed.png\",\"width\":512,\"height\":512,\"caption\":\"Real Academia Europea de Doctores\"},\"image\":{\"@id\":\"https:\\\/\\\/raed.academy\\\/ca\\\/#\\\/schema\\\/logo\\\/image\\\/\"},\"sameAs\":[\"http:\\\/\\\/fb.me\\\/raed.academy\",\"https:\\\/\\\/x.com\\\/raedacademy\",\"https:\\\/\\\/www.instagram.com\\\/raed.academy\\\/\",\"https:\\\/\\\/www.youtube.com\\\/channel\\\/UCUYQwW2KrdirNWihxMDObwg\"]},{\"@type\":\"Person\",\"@id\":\"https:\\\/\\\/raed.academy\\\/ca\\\/#\\\/schema\\\/person\\\/5a755da80d1d979fd66ba745c8702927\",\"name\":\"RAED\",\"image\":{\"@type\":\"ImageObject\",\"inLanguage\":\"ca-ES\",\"@id\":\"https:\\\/\\\/secure.gravatar.com\\\/avatar\\\/19fdfdc0d67fb9c45714b703a2ac82251c4fcea3637f002ac3c9b74c0183583c?s=96&d=mm&r=g\",\"url\":\"https:\\\/\\\/secure.gravatar.com\\\/avatar\\\/19fdfdc0d67fb9c45714b703a2ac82251c4fcea3637f002ac3c9b74c0183583c?s=96&d=mm&r=g\",\"contentUrl\":\"https:\\\/\\\/secure.gravatar.com\\\/avatar\\\/19fdfdc0d67fb9c45714b703a2ac82251c4fcea3637f002ac3c9b74c0183583c?s=96&d=mm&r=g\",\"caption\":\"RAED\"}}]}<\/script>\n<!-- \/ Yoast SEO plugin. -->","yoast_head_json":{"title":"El valor transformador de l'educaci\u00f3 - Reial Acad\u00e8mia Europea de Doctors","description":"Rosal\u00eda Arteaga, reconeguda com a doctora honoris causa per la Universitat Laica Eloy Alfaro de Manab\u00ed d'Equador","robots":{"index":"index","follow":"follow","max-snippet":"max-snippet:-1","max-image-preview":"max-image-preview:large","max-video-preview":"max-video-preview:-1"},"canonical":"https:\/\/raed.academy\/ca\/el-valor-transformador-de-leducacio\/","og_locale":"ca_ES","og_type":"article","og_title":"El valor transformador de l'educaci\u00f3 - Reial Acad\u00e8mia Europea de Doctors","og_description":"Rosal\u00eda Arteaga, reconeguda com a doctora honoris causa per la Universitat Laica Eloy Alfaro de Manab\u00ed d'Equador","og_url":"https:\/\/raed.academy\/ca\/el-valor-transformador-de-leducacio\/","og_site_name":"Reial Acad\u00e8mia Europea de Doctors","article_publisher":"http:\/\/fb.me\/raed.academy","article_published_time":"2025-12-14T09:27:32+00:00","og_image":[{"width":600,"height":360,"url":"https:\/\/raed.academy\/wp-content\/uploads\/2025\/12\/ULEAM-Universidad-Laica-Eloy-Alfaro-de-Manabi-Ecuador-dst.webp","type":"image\/webp"}],"author":"RAED","twitter_card":"summary_large_image","twitter_creator":"@raedacademy","twitter_site":"@raedacademy","twitter_misc":{"Written by":"RAED","Est. reading time":"4 minutes"},"schema":{"@context":"https:\/\/schema.org","@graph":[{"@type":"Article","@id":"https:\/\/raed.academy\/ca\/el-valor-transformador-de-leducacio\/#article","isPartOf":{"@id":"https:\/\/raed.academy\/ca\/el-valor-transformador-de-leducacio\/"},"author":{"name":"RAED","@id":"https:\/\/raed.academy\/ca\/#\/schema\/person\/5a755da80d1d979fd66ba745c8702927"},"headline":"El valor transformador de l&#8217;educaci\u00f3","datePublished":"2025-12-14T09:27:32+00:00","mainEntityOfPage":{"@id":"https:\/\/raed.academy\/ca\/el-valor-transformador-de-leducacio\/"},"wordCount":789,"publisher":{"@id":"https:\/\/raed.academy\/ca\/#organization"},"image":{"@id":"https:\/\/raed.academy\/ca\/el-valor-transformador-de-leducacio\/#primaryimage"},"thumbnailUrl":"https:\/\/raed.academy\/wp-content\/uploads\/2025\/12\/ULEAM-Universidad-Laica-Eloy-Alfaro-de-Manabi-Ecuador-dst.webp","articleSection":["Educaci\u00f3, \u00e8tica i valors","Premis, distincions i nomenaments","Trobades Cient\u00edfiques i Congressos"],"inLanguage":"ca-ES"},{"@type":"WebPage","@id":"https:\/\/raed.academy\/ca\/el-valor-transformador-de-leducacio\/","url":"https:\/\/raed.academy\/ca\/el-valor-transformador-de-leducacio\/","name":"El valor transformador de l'educaci\u00f3 - Reial Acad\u00e8mia Europea de Doctors","isPartOf":{"@id":"https:\/\/raed.academy\/ca\/#website"},"primaryImageOfPage":{"@id":"https:\/\/raed.academy\/ca\/el-valor-transformador-de-leducacio\/#primaryimage"},"image":{"@id":"https:\/\/raed.academy\/ca\/el-valor-transformador-de-leducacio\/#primaryimage"},"thumbnailUrl":"https:\/\/raed.academy\/wp-content\/uploads\/2025\/12\/ULEAM-Universidad-Laica-Eloy-Alfaro-de-Manabi-Ecuador-dst.webp","datePublished":"2025-12-14T09:27:32+00:00","description":"Rosal\u00eda Arteaga, reconeguda com a doctora honoris causa per la Universitat Laica Eloy Alfaro de Manab\u00ed d'Equador","breadcrumb":{"@id":"https:\/\/raed.academy\/ca\/el-valor-transformador-de-leducacio\/#breadcrumb"},"inLanguage":"ca-ES","potentialAction":[{"@type":"ReadAction","target":["https:\/\/raed.academy\/ca\/el-valor-transformador-de-leducacio\/"]}]},{"@type":"ImageObject","inLanguage":"ca-ES","@id":"https:\/\/raed.academy\/ca\/el-valor-transformador-de-leducacio\/#primaryimage","url":"https:\/\/raed.academy\/wp-content\/uploads\/2025\/12\/ULEAM-Universidad-Laica-Eloy-Alfaro-de-Manabi-Ecuador-dst.webp","contentUrl":"https:\/\/raed.academy\/wp-content\/uploads\/2025\/12\/ULEAM-Universidad-Laica-Eloy-Alfaro-de-Manabi-Ecuador-dst.webp","width":600,"height":360},{"@type":"BreadcrumbList","@id":"https:\/\/raed.academy\/ca\/el-valor-transformador-de-leducacio\/#breadcrumb","itemListElement":[{"@type":"ListItem","position":1,"name":"Inicio","item":"https:\/\/raed.academy\/ca\/"},{"@type":"ListItem","position":2,"name":"El valor transformador de l&#8217;educaci\u00f3"}]},{"@type":"WebSite","@id":"https:\/\/raed.academy\/ca\/#website","url":"https:\/\/raed.academy\/ca\/","name":"Reial Acad\u00e8mia Europea de Doctors","description":"Corporaci\u00f3n de derecho p\u00fablico de car\u00e1cter cient\u00edfico, t\u00e9cnico y art\u00edstico, que tiene por objeto la investigaci\u00f3n, el estudio, el fomento y la extensi\u00f3n del conocimiento en su sentido m\u00e1s amplio","publisher":{"@id":"https:\/\/raed.academy\/ca\/#organization"},"potentialAction":[{"@type":"SearchAction","target":{"@type":"EntryPoint","urlTemplate":"https:\/\/raed.academy\/ca\/?s={search_term_string}"},"query-input":{"@type":"PropertyValueSpecification","valueRequired":true,"valueName":"search_term_string"}}],"inLanguage":"ca-ES"},{"@type":"Organization","@id":"https:\/\/raed.academy\/ca\/#organization","name":"Real Academia Europea de Doctores","url":"https:\/\/raed.academy\/ca\/","logo":{"@type":"ImageObject","inLanguage":"ca-ES","@id":"https:\/\/raed.academy\/ca\/#\/schema\/logo\/image\/","url":"https:\/\/raed.academy\/wp-content\/uploads\/2017\/01\/cropped-logo_raed.png","contentUrl":"https:\/\/raed.academy\/wp-content\/uploads\/2017\/01\/cropped-logo_raed.png","width":512,"height":512,"caption":"Real Academia Europea de Doctores"},"image":{"@id":"https:\/\/raed.academy\/ca\/#\/schema\/logo\/image\/"},"sameAs":["http:\/\/fb.me\/raed.academy","https:\/\/x.com\/raedacademy","https:\/\/www.instagram.com\/raed.academy\/","https:\/\/www.youtube.com\/channel\/UCUYQwW2KrdirNWihxMDObwg"]},{"@type":"Person","@id":"https:\/\/raed.academy\/ca\/#\/schema\/person\/5a755da80d1d979fd66ba745c8702927","name":"RAED","image":{"@type":"ImageObject","inLanguage":"ca-ES","@id":"https:\/\/secure.gravatar.com\/avatar\/19fdfdc0d67fb9c45714b703a2ac82251c4fcea3637f002ac3c9b74c0183583c?s=96&d=mm&r=g","url":"https:\/\/secure.gravatar.com\/avatar\/19fdfdc0d67fb9c45714b703a2ac82251c4fcea3637f002ac3c9b74c0183583c?s=96&d=mm&r=g","contentUrl":"https:\/\/secure.gravatar.com\/avatar\/19fdfdc0d67fb9c45714b703a2ac82251c4fcea3637f002ac3c9b74c0183583c?s=96&d=mm&r=g","caption":"RAED"}}]}},"_links":{"self":[{"href":"https:\/\/raed.academy\/ca\/wp-json\/wp\/v2\/posts\/177059","targetHints":{"allow":["GET"]}}],"collection":[{"href":"https:\/\/raed.academy\/ca\/wp-json\/wp\/v2\/posts"}],"about":[{"href":"https:\/\/raed.academy\/ca\/wp-json\/wp\/v2\/types\/post"}],"author":[{"embeddable":true,"href":"https:\/\/raed.academy\/ca\/wp-json\/wp\/v2\/users\/12"}],"replies":[{"embeddable":true,"href":"https:\/\/raed.academy\/ca\/wp-json\/wp\/v2\/comments?post=177059"}],"version-history":[{"count":3,"href":"https:\/\/raed.academy\/ca\/wp-json\/wp\/v2\/posts\/177059\/revisions"}],"predecessor-version":[{"id":177174,"href":"https:\/\/raed.academy\/ca\/wp-json\/wp\/v2\/posts\/177059\/revisions\/177174"}],"wp:featuredmedia":[{"embeddable":true,"href":"https:\/\/raed.academy\/ca\/wp-json\/wp\/v2\/media\/177084"}],"wp:attachment":[{"href":"https:\/\/raed.academy\/ca\/wp-json\/wp\/v2\/media?parent=177059"}],"wp:term":[{"taxonomy":"category","embeddable":true,"href":"https:\/\/raed.academy\/ca\/wp-json\/wp\/v2\/categories?post=177059"},{"taxonomy":"post_tag","embeddable":true,"href":"https:\/\/raed.academy\/ca\/wp-json\/wp\/v2\/tags?post=177059"}],"curies":[{"name":"wp","href":"https:\/\/api.w.org\/{rel}","templated":true}]}}