{"id":176894,"date":"2025-12-07T13:35:22","date_gmt":"2025-12-07T13:35:22","guid":{"rendered":"https:\/\/raed.academy\/?p=176894"},"modified":"2025-12-07T13:37:02","modified_gmt":"2025-12-07T13:37:02","slug":"els-reptes-del-mon-actual-de-leconomia-a-la-religio","status":"publish","type":"post","link":"https:\/\/raed.academy\/ca\/els-reptes-del-mon-actual-de-leconomia-a-la-religio\/","title":{"rendered":"Els reptes del m\u00f3n actual: de l&#8217;economia a la religi\u00f3"},"content":{"rendered":"<p><img loading=\"lazy\" decoding=\"async\" class=\"aligncenter size-full wp-image-93868\" src=\"https:\/\/raed.academy\/wp-content\/uploads\/2020\/09\/religiones-carrusel.jpg\" alt=\"\" width=\"1600\" height=\"550\" srcset=\"https:\/\/raed.academy\/wp-content\/uploads\/2020\/09\/religiones-carrusel.jpg 1600w, https:\/\/raed.academy\/wp-content\/uploads\/2020\/09\/religiones-carrusel-768x264.jpg 768w, https:\/\/raed.academy\/wp-content\/uploads\/2020\/09\/religiones-carrusel-1536x528.jpg 1536w, https:\/\/raed.academy\/wp-content\/uploads\/2020\/09\/religiones-carrusel-1080x371.jpg 1080w\" sizes=\"(max-width: 1600px) 100vw, 1600px\" \/><\/p>\n<p><a href=\"https:\/\/raed.academy\/ca\/academics\/dr-francisco-gonzalez-de-posada\/\" target=\"_blank\" rel=\"noopener\"><em><strong>Francisco Gonz\u00e1lez de Posada<\/strong><\/em><\/a>, catedr\u00e0tic de\u00a0Fonaments\u00a0F\u00edsics\u00a0de la\u00a0<strong>Universitat\u00a0Polit\u00e8cnica\u00a0de Madrid<\/strong> i acad\u00e8mic d&#8217;honor de la <strong>Reial Acad\u00e8mia Europea de Doctors<\/strong> (RAED), i <a href=\"https:\/\/raed.academy\/ca\/academics\/dr-jaume-llopis-casellas\/\" target=\"_blank\" rel=\"noopener\"><em><strong>Jaume Llopis<\/strong><\/em><\/a>, professor em\u00e8rit d&#8217;<strong>IESE Business School<\/strong> i acad\u00e8mic de n\u00famero i vicepresident de la <strong>Junta de Govern<\/strong> de la RAED, van participar els passats 20 i 21 de novembre a una sessi\u00f3 extraordin\u00e0ria de l&#8217;<strong>Aula Telem\u00e0tica<\/strong> de l&#8217;<strong>Acad\u00e8mia de Ci\u00e8ncies, Enginyeries i Humanitats de Lanzarote<\/strong> dedicada al cicle <strong>&#8220;Jornadas de reflexi\u00f3n del mundo actual&#8221;<\/strong>, en el qual reconeguts experts analitzen l&#8217;actualitat geopol\u00edtica des de diverses perspectives.<\/p>\n<div id=\"attachment_163463\" style=\"width: 526px\" class=\"wp-caption alignright\"><img loading=\"lazy\" decoding=\"async\" aria-describedby=\"caption-attachment-163463\" class=\"wp-image-163463\" src=\"https:\/\/raed.academy\/wp-content\/uploads\/2025\/04\/Dr-Francisco-Gonzalez-de-Posada-dst.webp\" sizes=\"(max-width: 516px) 100vw, 516px\" srcset=\"https:\/\/raed.academy\/wp-content\/uploads\/2025\/04\/Dr-Francisco-Gonzalez-de-Posada-dst.webp 800w, https:\/\/raed.academy\/wp-content\/uploads\/2025\/04\/Dr-Francisco-Gonzalez-de-Posada-dst-768x461.webp 768w, https:\/\/raed.academy\/wp-content\/uploads\/2025\/04\/Dr-Francisco-Gonzalez-de-Posada-dst-627x376.webp 627w, https:\/\/raed.academy\/wp-content\/uploads\/2025\/04\/Dr-Francisco-Gonzalez-de-Posada-dst-440x264.webp 440w\" alt=\"Francisco Gonz\u00e1lez de Posada\" width=\"516\" height=\"310\" aria-describedby=\"caption-attachment-163463\" \/><p id=\"caption-attachment-163463\" class=\"wp-caption-text\">Dr. Francisco Gonz\u00e1lez de Posada<\/p><\/div>\n<p>Com a anteriors sessions, Gonz\u00e1lez de Posada va abordar la perspectiva religiosa, en tant que Llopis ho va fer amb l&#8217;econ\u00f2mica. Se&#8217;ls van sumar<strong> Manuel Medina<\/strong>, catedr\u00e0tic de Dret Internacional i Relacions Internacionals i exdiputat i exeurodiputat, que va analitzar la perspectiva geopol\u00edtica; el tinent general de l&#8217;<strong>Ex\u00e8rcit de l&#8217;Aire i de l&#8217;Espai Juan Antonio Carrasco<\/strong>, excap de l&#8217;<strong>Estat Major Conjunt de la Defensa<\/strong>, que es va encarregar de la perspectiva militar; <strong>Juan Jes\u00fas Gonz\u00e1lez Torres<\/strong>, enginyer agr\u00f2nom i empresari, que va tractar la perspectiva \u00e8tica, i <strong>Jos\u00e9 Luis Gonz\u00e1lez de Rivera Revuelta<\/strong>, catedr\u00e0tic de Psiquiatria i Psicologia M\u00e8dica, encarregat d&#8217;abordar la perspectiva psicologicopsiqui\u00e0trica.<\/p>\n<p>President de l&#8217;Acad\u00e8mia de Lanzarote, Gonz\u00e1lez de Posada va actuar tamb\u00e9 de moderador de les sessions i va exposar la divisi\u00f3 que la religi\u00f3 ha fet hist\u00f2ricament del m\u00f3n occidental. No ja entre religions de tradicions pr\u00f2pies, sin\u00f3 els cismes que ha viscut el cristianisme al cor d&#8217;Europa i el rebuig de la religi\u00f3 des de la ra\u00f3 que va implicar la Il\u00b7lustraci\u00f3 al segle XVIII, amb la separaci\u00f3 entre Esgl\u00e9sia i Estat que es va instal\u00b7lar ja llavors, apartant la religi\u00f3 a Occident a l&#8217;\u00e0mbit privat, al contrari de la qual cosa succeeix en altres llocs del m\u00f3n, ara globalitzat. El ponent va concloure amb la mateixa renovaci\u00f3 del cristianisme que va suposar ja entrat el segle XX el<strong> Concili Vatic\u00e0 II<\/strong>. Malgrat la seva cont\u00ednua crisi al llarg dels segles, Gonz\u00e1lez de Posada va evidenciar el ressorgiment de la religi\u00f3 al m\u00f3n actual de la m\u00e0 dels moviments conservadors que defensen la tradici\u00f3.<\/p>\n<div id=\"attachment_128695\" style=\"width: 462px\" class=\"wp-caption alignleft\"><img loading=\"lazy\" decoding=\"async\" aria-describedby=\"caption-attachment-128695\" class=\"wp-image-128695\" src=\"https:\/\/raed.academy\/wp-content\/uploads\/2023\/02\/6-Jaume-Llopis-sesion-en-sede-del-Parlamento-Europeo-Bruselas.webp\" sizes=\"(max-width: 452px) 100vw, 452px\" srcset=\"https:\/\/raed.academy\/wp-content\/uploads\/2023\/02\/6-Jaume-Llopis-sesion-en-sede-del-Parlamento-Europeo-Bruselas.webp 850w, https:\/\/raed.academy\/wp-content\/uploads\/2023\/02\/6-Jaume-Llopis-sesion-en-sede-del-Parlamento-Europeo-Bruselas-768x576.webp 768w, https:\/\/raed.academy\/wp-content\/uploads\/2023\/02\/6-Jaume-Llopis-sesion-en-sede-del-Parlamento-Europeo-Bruselas-400x300.webp 400w\" alt=\"Jaume Llopis\" width=\"452\" height=\"339\" aria-describedby=\"caption-attachment-128695\" \/><p id=\"caption-attachment-128695\" class=\"wp-caption-text\">Dr. Jaume Llopis<\/p><\/div>\n<p>Per la seva part, Llopis va presentar un panorama econ\u00f2mic en el qual s&#8217;entreveu un per\u00edode de creixement limitat, en qu\u00e8 l&#8217;economia global mostra signes de creixement baix o moderat. Un creixement, a m\u00e9s, desigual amb evidents difer\u00e8ncies entre regions i economies emergents respecte a les avan\u00e7ades. En aquest sentit, l&#8217;expert va apuntar que les pol\u00edtiques fiscals, les tensions geopol\u00edtiques, una menor demanda externa o la volatilitat dels preus del petroli s\u00f3n alguns factors que influeixen en les difer\u00e8ncies. Llopis va alertar dels riscos que per a l&#8217;estabilitat econ\u00f2mica mundial tenen l&#8217;actual guerra aranzel\u00e0ria oberta per l&#8217;Administraci\u00f3 Trump, el deute p\u00fablic elevat, la reducci\u00f3 del consum i les correccions financeres desordenades, amb les cada vegada m\u00e9s freq\u00fcents caigudes sobtades dels mercats financers. Per reconduir aquesta situaci\u00f3, l&#8217;acad\u00e8mic va plantejar la necessitat d&#8217;impulsar un creixement econ\u00f2mic m\u00e9s s\u00f2lid, equilibrat i sostenible, i redefinir els mecanismes de redistribuci\u00f3 i un nou enfocament de riquesa. Finalment, va incidir al paper que la intel\u00b7lig\u00e8ncia artificial tindr\u00e0 sobre l&#8217;economia com a tecnologia disruptiva.<\/p>\n<p>Gonz\u00e1lez de Posada \u00e9s enginyer i doctor de Camins, Canals i Ports per la Universitat Polit\u00e8cnica de Madrid, llicenciat en Filosofia i Lletres per la <strong>Universitat Pontif\u00edcia de Salamanca<\/strong> i llicenciat en Ci\u00e8ncies F\u00edsiques per la Universitat Complutense de Madrid. Fou reconegut amb la <strong>Medalla d&#8217;Honor al Foment de la Invenci\u00f3<\/strong> i fou aix\u00ed mateix rector de la Universitat de Cant\u00e0bria. \u00c9s acad\u00e8mic de n\u00famero de la <strong>Reial Acad\u00e8mia de Doctors d&#8217;Espanya<\/strong> i membre de l&#8217;<strong>Acad\u00e8mia Mundial d&#8217;Arts i Ci\u00e8ncies<\/strong>, acad\u00e8mic corresponent de la <strong>Reial Acad\u00e8mia de Belles Arts de Cadis<\/strong>, de la <strong>Reial Acad\u00e8mia de Belles Arts de San Fernando<\/strong> i la <strong>Reial Acad\u00e8mia de Ci\u00e8ncies, Belles Arts i Bones Lletres d&#8217;\u00c8cija<\/strong> i acad\u00e8mic d&#8217;honor de l&#8217;<strong>Acad\u00e8mia de Ci\u00e8ncies M\u00e8diques de Cant\u00e0bria<\/strong>, de la <strong>Reial Acad\u00e8mia de Cultura Valenciana<\/strong>, de la <strong>Reial Acad\u00e8mia de Medicina i Cirurgia de Cadis<\/strong> i de la <strong>Reial Acad\u00e8mia de Medicina de Can\u00e0ries<\/strong>.<\/p>\n<p>Per la seva part, Llopis ha desenvolupat una llarga i exitosa traject\u00f2ria al m\u00f3n de la gesti\u00f3 empresarial en empreses com <strong>Moulinex<\/strong>, <strong>Nestl\u00e9<\/strong>, <strong>La Uni\u00f3n y el F\u00e9nix Espa\u00f1ol<\/strong> i <strong>Borges International Group<\/strong>. De la seva vasta traject\u00f2ria acad\u00e8mica, al seu magisteri a IESE se sumen els seus cursos com a professor convidat a les escoles de negocis <strong>IPADE<\/strong> (M\u00e8xic), <strong>AESE<\/strong> (Portugal), <strong>IDE<\/strong> (Equador), <strong>INCAE<\/strong> (Nicaragua), <strong>IEEM<\/strong> (Uruguai), <strong>MDE<\/strong> (Costa d&#8217;Ivori), l&#8217;<strong>Institut San Telmo<\/strong> de Sevilla, i <strong>EADA<\/strong>, a Barcelona. \u00c9s autor de llibres de refer\u00e8ncia a l&#8217;\u00e0mbit de la gesti\u00f3 empresarial.<\/p>\n<p><iframe loading=\"lazy\" title=\"Aula Mundo Actual. Sesi\u00f3n LI: Jornadas de reflexi\u00f3n sobre el \u2018Mundo Actual\u2019. Parte I.\" width=\"1080\" height=\"608\" src=\"https:\/\/www.youtube.com\/embed\/Xz0o8RKKU3Q?feature=oembed\" frameborder=\"0\" allow=\"accelerometer; autoplay; clipboard-write; encrypted-media; gyroscope; picture-in-picture; web-share\" referrerpolicy=\"strict-origin-when-cross-origin\" allowfullscreen><\/iframe><\/p>\n<p><iframe loading=\"lazy\" title=\"Aula Mundo Actual. Sesi\u00f3n LI: Jornadas de reflexi\u00f3n sobre el \u2018Mundo Actual\u2019. Parte II\" width=\"1080\" height=\"608\" src=\"https:\/\/www.youtube.com\/embed\/0xnUDlf9PzQ?feature=oembed\" frameborder=\"0\" allow=\"accelerometer; autoplay; clipboard-write; encrypted-media; gyroscope; picture-in-picture; web-share\" referrerpolicy=\"strict-origin-when-cross-origin\" allowfullscreen><\/iframe><\/p>\n","protected":false},"excerpt":{"rendered":"<p>El portal especialitzat Animal&#8217;s Health dedica un ampli reportatge a la sessi\u00f3 cient\u00edfica &#8220;Vacunes i salut individual i col\u00b7lectiva, un equilibri necessari&#8221;, organitzada per la RAFC, la RAED i l&#8217;ACVC, el qual va abordar, des d&#8217;un punt de vista pluridisciplinar, la salut humana i animal, abanderant el concepte One Health (una sola salut)<\/p>\n","protected":false},"author":12,"featured_media":93796,"comment_status":"closed","ping_status":"closed","sticky":false,"template":"","format":"standard","meta":{"_et_pb_use_builder":"off","_et_pb_old_content":"","_et_gb_content_width":"","footnotes":""},"categories":[350,380,304,242,354,252,492],"tags":[],"class_list":["post-176894","post","type-post","status-publish","format-standard","has-post-thumbnail","hentry","category-ciencies-politiques","category-conflictes-bellics","category-economia-i-politica-ca","category-categ-historia","category-tecnologies-de-la-informacio-i-de-la-comunicacio","category-teologia-ca","category-trobades-cientifiques-i-congressos","et-has-post-format-content","et_post_format-et-post-format-standard"],"yoast_head":"<!-- This site is optimized with the Yoast SEO plugin v27.4 - https:\/\/yoast.com\/product\/yoast-seo-wordpress\/ -->\n<title>Els reptes del m\u00f3n actual: de l&#039;economia a la religi\u00f3 - Reial Acad\u00e8mia Europea de Doctors<\/title>\n<meta name=\"description\" content=\"El portal especialitzat Animal&#039;s Health dedica un ampli reportatge a la sessi\u00f3 cient\u00edfica &quot;Vacunes i salut individual i col\u00b7lectiva, un equilibri necessari&quot;\" \/>\n<meta name=\"robots\" content=\"index, follow, max-snippet:-1, max-image-preview:large, max-video-preview:-1\" \/>\n<link rel=\"canonical\" href=\"https:\/\/raed.academy\/ca\/els-reptes-del-mon-actual-de-leconomia-a-la-religio\/\" \/>\n<meta property=\"og:locale\" content=\"ca_ES\" \/>\n<meta property=\"og:type\" content=\"article\" \/>\n<meta property=\"og:title\" content=\"Els reptes del m\u00f3n actual: de l&#039;economia a la religi\u00f3 - Reial Acad\u00e8mia Europea de Doctors\" \/>\n<meta property=\"og:description\" content=\"El portal especialitzat Animal&#039;s Health dedica un ampli reportatge a la sessi\u00f3 cient\u00edfica &quot;Vacunes i salut individual i col\u00b7lectiva, un equilibri necessari&quot;\" \/>\n<meta property=\"og:url\" content=\"https:\/\/raed.academy\/ca\/els-reptes-del-mon-actual-de-leconomia-a-la-religio\/\" \/>\n<meta property=\"og:site_name\" content=\"Reial Acad\u00e8mia Europea de Doctors\" \/>\n<meta property=\"article:publisher\" content=\"http:\/\/fb.me\/raed.academy\" \/>\n<meta property=\"article:published_time\" content=\"2025-12-07T13:35:22+00:00\" \/>\n<meta property=\"article:modified_time\" content=\"2025-12-07T13:37:02+00:00\" \/>\n<meta property=\"og:image\" content=\"https:\/\/raed.academy\/wp-content\/uploads\/2020\/09\/religiones-dstNtc.jpg\" \/>\n\t<meta property=\"og:image:width\" content=\"500\" \/>\n\t<meta property=\"og:image:height\" content=\"300\" \/>\n\t<meta property=\"og:image:type\" content=\"image\/jpeg\" \/>\n<meta name=\"author\" content=\"RAED\" \/>\n<meta name=\"twitter:card\" content=\"summary_large_image\" \/>\n<meta name=\"twitter:creator\" content=\"@raedacademy\" \/>\n<meta name=\"twitter:site\" content=\"@raedacademy\" \/>\n<meta name=\"twitter:label1\" content=\"Written by\" \/>\n\t<meta name=\"twitter:data1\" content=\"RAED\" \/>\n\t<meta name=\"twitter:label2\" content=\"Est. reading time\" \/>\n\t<meta name=\"twitter:data2\" content=\"5 minutes\" \/>\n<script type=\"application\/ld+json\" class=\"yoast-schema-graph\">{\"@context\":\"https:\\\/\\\/schema.org\",\"@graph\":[{\"@type\":\"Article\",\"@id\":\"https:\\\/\\\/raed.academy\\\/ca\\\/els-reptes-del-mon-actual-de-leconomia-a-la-religio\\\/#article\",\"isPartOf\":{\"@id\":\"https:\\\/\\\/raed.academy\\\/ca\\\/els-reptes-del-mon-actual-de-leconomia-a-la-religio\\\/\"},\"author\":{\"name\":\"RAED\",\"@id\":\"https:\\\/\\\/raed.academy\\\/ca\\\/#\\\/schema\\\/person\\\/5a755da80d1d979fd66ba745c8702927\"},\"headline\":\"Els reptes del m\u00f3n actual: de l&#8217;economia a la religi\u00f3\",\"datePublished\":\"2025-12-07T13:35:22+00:00\",\"dateModified\":\"2025-12-07T13:37:02+00:00\",\"mainEntityOfPage\":{\"@id\":\"https:\\\/\\\/raed.academy\\\/ca\\\/els-reptes-del-mon-actual-de-leconomia-a-la-religio\\\/\"},\"wordCount\":943,\"publisher\":{\"@id\":\"https:\\\/\\\/raed.academy\\\/ca\\\/#organization\"},\"image\":{\"@id\":\"https:\\\/\\\/raed.academy\\\/ca\\\/els-reptes-del-mon-actual-de-leconomia-a-la-religio\\\/#primaryimage\"},\"thumbnailUrl\":\"https:\\\/\\\/raed.academy\\\/wp-content\\\/uploads\\\/2020\\\/09\\\/religiones-dstNtc.jpg\",\"articleSection\":[\"Ci\u00e8ncies pol\u00edtiques\",\"Conflictes b\u00e8l\u00b7lics\",\"Economia i pol\u00edtica\",\"Hist\u00f2ria\",\"Tecnologies de la informaci\u00f3 i de la comunicaci\u00f3\",\"Teologia\",\"Trobades Cient\u00edfiques i Congressos\"],\"inLanguage\":\"ca-ES\"},{\"@type\":\"WebPage\",\"@id\":\"https:\\\/\\\/raed.academy\\\/ca\\\/els-reptes-del-mon-actual-de-leconomia-a-la-religio\\\/\",\"url\":\"https:\\\/\\\/raed.academy\\\/ca\\\/els-reptes-del-mon-actual-de-leconomia-a-la-religio\\\/\",\"name\":\"Els reptes del m\u00f3n actual: de l'economia a la religi\u00f3 - Reial Acad\u00e8mia Europea de Doctors\",\"isPartOf\":{\"@id\":\"https:\\\/\\\/raed.academy\\\/ca\\\/#website\"},\"primaryImageOfPage\":{\"@id\":\"https:\\\/\\\/raed.academy\\\/ca\\\/els-reptes-del-mon-actual-de-leconomia-a-la-religio\\\/#primaryimage\"},\"image\":{\"@id\":\"https:\\\/\\\/raed.academy\\\/ca\\\/els-reptes-del-mon-actual-de-leconomia-a-la-religio\\\/#primaryimage\"},\"thumbnailUrl\":\"https:\\\/\\\/raed.academy\\\/wp-content\\\/uploads\\\/2020\\\/09\\\/religiones-dstNtc.jpg\",\"datePublished\":\"2025-12-07T13:35:22+00:00\",\"dateModified\":\"2025-12-07T13:37:02+00:00\",\"description\":\"El portal especialitzat Animal's Health dedica un ampli reportatge a la sessi\u00f3 cient\u00edfica \\\"Vacunes i salut individual i col\u00b7lectiva, un equilibri necessari\\\"\",\"breadcrumb\":{\"@id\":\"https:\\\/\\\/raed.academy\\\/ca\\\/els-reptes-del-mon-actual-de-leconomia-a-la-religio\\\/#breadcrumb\"},\"inLanguage\":\"ca-ES\",\"potentialAction\":[{\"@type\":\"ReadAction\",\"target\":[\"https:\\\/\\\/raed.academy\\\/ca\\\/els-reptes-del-mon-actual-de-leconomia-a-la-religio\\\/\"]}]},{\"@type\":\"ImageObject\",\"inLanguage\":\"ca-ES\",\"@id\":\"https:\\\/\\\/raed.academy\\\/ca\\\/els-reptes-del-mon-actual-de-leconomia-a-la-religio\\\/#primaryimage\",\"url\":\"https:\\\/\\\/raed.academy\\\/wp-content\\\/uploads\\\/2020\\\/09\\\/religiones-dstNtc.jpg\",\"contentUrl\":\"https:\\\/\\\/raed.academy\\\/wp-content\\\/uploads\\\/2020\\\/09\\\/religiones-dstNtc.jpg\",\"width\":500,\"height\":300},{\"@type\":\"BreadcrumbList\",\"@id\":\"https:\\\/\\\/raed.academy\\\/ca\\\/els-reptes-del-mon-actual-de-leconomia-a-la-religio\\\/#breadcrumb\",\"itemListElement\":[{\"@type\":\"ListItem\",\"position\":1,\"name\":\"Inicio\",\"item\":\"https:\\\/\\\/raed.academy\\\/ca\\\/\"},{\"@type\":\"ListItem\",\"position\":2,\"name\":\"Els reptes del m\u00f3n actual: de l&#8217;economia a la religi\u00f3\"}]},{\"@type\":\"WebSite\",\"@id\":\"https:\\\/\\\/raed.academy\\\/ca\\\/#website\",\"url\":\"https:\\\/\\\/raed.academy\\\/ca\\\/\",\"name\":\"Reial Acad\u00e8mia Europea de Doctors\",\"description\":\"Corporaci\u00f3n de derecho p\u00fablico de car\u00e1cter cient\u00edfico, t\u00e9cnico y art\u00edstico, que tiene por objeto la investigaci\u00f3n, el estudio, el fomento y la extensi\u00f3n del conocimiento en su sentido m\u00e1s amplio\",\"publisher\":{\"@id\":\"https:\\\/\\\/raed.academy\\\/ca\\\/#organization\"},\"potentialAction\":[{\"@type\":\"SearchAction\",\"target\":{\"@type\":\"EntryPoint\",\"urlTemplate\":\"https:\\\/\\\/raed.academy\\\/ca\\\/?s={search_term_string}\"},\"query-input\":{\"@type\":\"PropertyValueSpecification\",\"valueRequired\":true,\"valueName\":\"search_term_string\"}}],\"inLanguage\":\"ca-ES\"},{\"@type\":\"Organization\",\"@id\":\"https:\\\/\\\/raed.academy\\\/ca\\\/#organization\",\"name\":\"Real Academia Europea de Doctores\",\"url\":\"https:\\\/\\\/raed.academy\\\/ca\\\/\",\"logo\":{\"@type\":\"ImageObject\",\"inLanguage\":\"ca-ES\",\"@id\":\"https:\\\/\\\/raed.academy\\\/ca\\\/#\\\/schema\\\/logo\\\/image\\\/\",\"url\":\"https:\\\/\\\/raed.academy\\\/wp-content\\\/uploads\\\/2017\\\/01\\\/cropped-logo_raed.png\",\"contentUrl\":\"https:\\\/\\\/raed.academy\\\/wp-content\\\/uploads\\\/2017\\\/01\\\/cropped-logo_raed.png\",\"width\":512,\"height\":512,\"caption\":\"Real Academia Europea de Doctores\"},\"image\":{\"@id\":\"https:\\\/\\\/raed.academy\\\/ca\\\/#\\\/schema\\\/logo\\\/image\\\/\"},\"sameAs\":[\"http:\\\/\\\/fb.me\\\/raed.academy\",\"https:\\\/\\\/x.com\\\/raedacademy\",\"https:\\\/\\\/www.instagram.com\\\/raed.academy\\\/\",\"https:\\\/\\\/www.youtube.com\\\/channel\\\/UCUYQwW2KrdirNWihxMDObwg\"]},{\"@type\":\"Person\",\"@id\":\"https:\\\/\\\/raed.academy\\\/ca\\\/#\\\/schema\\\/person\\\/5a755da80d1d979fd66ba745c8702927\",\"name\":\"RAED\",\"image\":{\"@type\":\"ImageObject\",\"inLanguage\":\"ca-ES\",\"@id\":\"https:\\\/\\\/secure.gravatar.com\\\/avatar\\\/19fdfdc0d67fb9c45714b703a2ac82251c4fcea3637f002ac3c9b74c0183583c?s=96&d=mm&r=g\",\"url\":\"https:\\\/\\\/secure.gravatar.com\\\/avatar\\\/19fdfdc0d67fb9c45714b703a2ac82251c4fcea3637f002ac3c9b74c0183583c?s=96&d=mm&r=g\",\"contentUrl\":\"https:\\\/\\\/secure.gravatar.com\\\/avatar\\\/19fdfdc0d67fb9c45714b703a2ac82251c4fcea3637f002ac3c9b74c0183583c?s=96&d=mm&r=g\",\"caption\":\"RAED\"}}]}<\/script>\n<!-- \/ Yoast SEO plugin. -->","yoast_head_json":{"title":"Els reptes del m\u00f3n actual: de l'economia a la religi\u00f3 - Reial Acad\u00e8mia Europea de Doctors","description":"El portal especialitzat Animal's Health dedica un ampli reportatge a la sessi\u00f3 cient\u00edfica \"Vacunes i salut individual i col\u00b7lectiva, un equilibri necessari\"","robots":{"index":"index","follow":"follow","max-snippet":"max-snippet:-1","max-image-preview":"max-image-preview:large","max-video-preview":"max-video-preview:-1"},"canonical":"https:\/\/raed.academy\/ca\/els-reptes-del-mon-actual-de-leconomia-a-la-religio\/","og_locale":"ca_ES","og_type":"article","og_title":"Els reptes del m\u00f3n actual: de l'economia a la religi\u00f3 - Reial Acad\u00e8mia Europea de Doctors","og_description":"El portal especialitzat Animal's Health dedica un ampli reportatge a la sessi\u00f3 cient\u00edfica \"Vacunes i salut individual i col\u00b7lectiva, un equilibri necessari\"","og_url":"https:\/\/raed.academy\/ca\/els-reptes-del-mon-actual-de-leconomia-a-la-religio\/","og_site_name":"Reial Acad\u00e8mia Europea de Doctors","article_publisher":"http:\/\/fb.me\/raed.academy","article_published_time":"2025-12-07T13:35:22+00:00","article_modified_time":"2025-12-07T13:37:02+00:00","og_image":[{"width":500,"height":300,"url":"https:\/\/raed.academy\/wp-content\/uploads\/2020\/09\/religiones-dstNtc.jpg","type":"image\/jpeg"}],"author":"RAED","twitter_card":"summary_large_image","twitter_creator":"@raedacademy","twitter_site":"@raedacademy","twitter_misc":{"Written by":"RAED","Est. reading time":"5 minutes"},"schema":{"@context":"https:\/\/schema.org","@graph":[{"@type":"Article","@id":"https:\/\/raed.academy\/ca\/els-reptes-del-mon-actual-de-leconomia-a-la-religio\/#article","isPartOf":{"@id":"https:\/\/raed.academy\/ca\/els-reptes-del-mon-actual-de-leconomia-a-la-religio\/"},"author":{"name":"RAED","@id":"https:\/\/raed.academy\/ca\/#\/schema\/person\/5a755da80d1d979fd66ba745c8702927"},"headline":"Els reptes del m\u00f3n actual: de l&#8217;economia a la religi\u00f3","datePublished":"2025-12-07T13:35:22+00:00","dateModified":"2025-12-07T13:37:02+00:00","mainEntityOfPage":{"@id":"https:\/\/raed.academy\/ca\/els-reptes-del-mon-actual-de-leconomia-a-la-religio\/"},"wordCount":943,"publisher":{"@id":"https:\/\/raed.academy\/ca\/#organization"},"image":{"@id":"https:\/\/raed.academy\/ca\/els-reptes-del-mon-actual-de-leconomia-a-la-religio\/#primaryimage"},"thumbnailUrl":"https:\/\/raed.academy\/wp-content\/uploads\/2020\/09\/religiones-dstNtc.jpg","articleSection":["Ci\u00e8ncies pol\u00edtiques","Conflictes b\u00e8l\u00b7lics","Economia i pol\u00edtica","Hist\u00f2ria","Tecnologies de la informaci\u00f3 i de la comunicaci\u00f3","Teologia","Trobades Cient\u00edfiques i Congressos"],"inLanguage":"ca-ES"},{"@type":"WebPage","@id":"https:\/\/raed.academy\/ca\/els-reptes-del-mon-actual-de-leconomia-a-la-religio\/","url":"https:\/\/raed.academy\/ca\/els-reptes-del-mon-actual-de-leconomia-a-la-religio\/","name":"Els reptes del m\u00f3n actual: de l'economia a la religi\u00f3 - Reial Acad\u00e8mia Europea de Doctors","isPartOf":{"@id":"https:\/\/raed.academy\/ca\/#website"},"primaryImageOfPage":{"@id":"https:\/\/raed.academy\/ca\/els-reptes-del-mon-actual-de-leconomia-a-la-religio\/#primaryimage"},"image":{"@id":"https:\/\/raed.academy\/ca\/els-reptes-del-mon-actual-de-leconomia-a-la-religio\/#primaryimage"},"thumbnailUrl":"https:\/\/raed.academy\/wp-content\/uploads\/2020\/09\/religiones-dstNtc.jpg","datePublished":"2025-12-07T13:35:22+00:00","dateModified":"2025-12-07T13:37:02+00:00","description":"El portal especialitzat Animal's Health dedica un ampli reportatge a la sessi\u00f3 cient\u00edfica \"Vacunes i salut individual i col\u00b7lectiva, un equilibri necessari\"","breadcrumb":{"@id":"https:\/\/raed.academy\/ca\/els-reptes-del-mon-actual-de-leconomia-a-la-religio\/#breadcrumb"},"inLanguage":"ca-ES","potentialAction":[{"@type":"ReadAction","target":["https:\/\/raed.academy\/ca\/els-reptes-del-mon-actual-de-leconomia-a-la-religio\/"]}]},{"@type":"ImageObject","inLanguage":"ca-ES","@id":"https:\/\/raed.academy\/ca\/els-reptes-del-mon-actual-de-leconomia-a-la-religio\/#primaryimage","url":"https:\/\/raed.academy\/wp-content\/uploads\/2020\/09\/religiones-dstNtc.jpg","contentUrl":"https:\/\/raed.academy\/wp-content\/uploads\/2020\/09\/religiones-dstNtc.jpg","width":500,"height":300},{"@type":"BreadcrumbList","@id":"https:\/\/raed.academy\/ca\/els-reptes-del-mon-actual-de-leconomia-a-la-religio\/#breadcrumb","itemListElement":[{"@type":"ListItem","position":1,"name":"Inicio","item":"https:\/\/raed.academy\/ca\/"},{"@type":"ListItem","position":2,"name":"Els reptes del m\u00f3n actual: de l&#8217;economia a la religi\u00f3"}]},{"@type":"WebSite","@id":"https:\/\/raed.academy\/ca\/#website","url":"https:\/\/raed.academy\/ca\/","name":"Reial Acad\u00e8mia Europea de Doctors","description":"Corporaci\u00f3n de derecho p\u00fablico de car\u00e1cter cient\u00edfico, t\u00e9cnico y art\u00edstico, que tiene por objeto la investigaci\u00f3n, el estudio, el fomento y la extensi\u00f3n del conocimiento en su sentido m\u00e1s amplio","publisher":{"@id":"https:\/\/raed.academy\/ca\/#organization"},"potentialAction":[{"@type":"SearchAction","target":{"@type":"EntryPoint","urlTemplate":"https:\/\/raed.academy\/ca\/?s={search_term_string}"},"query-input":{"@type":"PropertyValueSpecification","valueRequired":true,"valueName":"search_term_string"}}],"inLanguage":"ca-ES"},{"@type":"Organization","@id":"https:\/\/raed.academy\/ca\/#organization","name":"Real Academia Europea de Doctores","url":"https:\/\/raed.academy\/ca\/","logo":{"@type":"ImageObject","inLanguage":"ca-ES","@id":"https:\/\/raed.academy\/ca\/#\/schema\/logo\/image\/","url":"https:\/\/raed.academy\/wp-content\/uploads\/2017\/01\/cropped-logo_raed.png","contentUrl":"https:\/\/raed.academy\/wp-content\/uploads\/2017\/01\/cropped-logo_raed.png","width":512,"height":512,"caption":"Real Academia Europea de Doctores"},"image":{"@id":"https:\/\/raed.academy\/ca\/#\/schema\/logo\/image\/"},"sameAs":["http:\/\/fb.me\/raed.academy","https:\/\/x.com\/raedacademy","https:\/\/www.instagram.com\/raed.academy\/","https:\/\/www.youtube.com\/channel\/UCUYQwW2KrdirNWihxMDObwg"]},{"@type":"Person","@id":"https:\/\/raed.academy\/ca\/#\/schema\/person\/5a755da80d1d979fd66ba745c8702927","name":"RAED","image":{"@type":"ImageObject","inLanguage":"ca-ES","@id":"https:\/\/secure.gravatar.com\/avatar\/19fdfdc0d67fb9c45714b703a2ac82251c4fcea3637f002ac3c9b74c0183583c?s=96&d=mm&r=g","url":"https:\/\/secure.gravatar.com\/avatar\/19fdfdc0d67fb9c45714b703a2ac82251c4fcea3637f002ac3c9b74c0183583c?s=96&d=mm&r=g","contentUrl":"https:\/\/secure.gravatar.com\/avatar\/19fdfdc0d67fb9c45714b703a2ac82251c4fcea3637f002ac3c9b74c0183583c?s=96&d=mm&r=g","caption":"RAED"}}]}},"_links":{"self":[{"href":"https:\/\/raed.academy\/ca\/wp-json\/wp\/v2\/posts\/176894","targetHints":{"allow":["GET"]}}],"collection":[{"href":"https:\/\/raed.academy\/ca\/wp-json\/wp\/v2\/posts"}],"about":[{"href":"https:\/\/raed.academy\/ca\/wp-json\/wp\/v2\/types\/post"}],"author":[{"embeddable":true,"href":"https:\/\/raed.academy\/ca\/wp-json\/wp\/v2\/users\/12"}],"replies":[{"embeddable":true,"href":"https:\/\/raed.academy\/ca\/wp-json\/wp\/v2\/comments?post=176894"}],"version-history":[{"count":3,"href":"https:\/\/raed.academy\/ca\/wp-json\/wp\/v2\/posts\/176894\/revisions"}],"predecessor-version":[{"id":176948,"href":"https:\/\/raed.academy\/ca\/wp-json\/wp\/v2\/posts\/176894\/revisions\/176948"}],"wp:featuredmedia":[{"embeddable":true,"href":"https:\/\/raed.academy\/ca\/wp-json\/wp\/v2\/media\/93796"}],"wp:attachment":[{"href":"https:\/\/raed.academy\/ca\/wp-json\/wp\/v2\/media?parent=176894"}],"wp:term":[{"taxonomy":"category","embeddable":true,"href":"https:\/\/raed.academy\/ca\/wp-json\/wp\/v2\/categories?post=176894"},{"taxonomy":"post_tag","embeddable":true,"href":"https:\/\/raed.academy\/ca\/wp-json\/wp\/v2\/tags?post=176894"}],"curies":[{"name":"wp","href":"https:\/\/api.w.org\/{rel}","templated":true}]}}