{"id":176850,"date":"2025-12-07T16:35:50","date_gmt":"2025-12-07T16:35:50","guid":{"rendered":"https:\/\/raed.academy\/?p=176850"},"modified":"2025-12-07T16:35:50","modified_gmt":"2025-12-07T16:35:50","slug":"de-la-salut-individual-al-be-comu","status":"publish","type":"post","link":"https:\/\/raed.academy\/ca\/de-la-salut-individual-al-be-comu\/","title":{"rendered":"De la salut individual al b\u00e9 com\u00fa"},"content":{"rendered":"<div id=\"attachment_155780\" style=\"width: 253px\" class=\"wp-caption alignright\"><img loading=\"lazy\" decoding=\"async\" aria-describedby=\"caption-attachment-155780\" class=\"wp-image-155780\" src=\"https:\/\/raed.academy\/wp-content\/uploads\/2024\/11\/Enric-Canela.webp\" alt=\"Enric Canela\" width=\"243\" height=\"347\" aria-describedby=\"caption-attachment-155780\" \/><p id=\"caption-attachment-155780\" class=\"wp-caption-text\">Enric Canela<\/p><\/div>\n<p><strong>Enric Canela<\/strong>, catedr\u00e0tic em\u00e8rit de Bioqu\u00edmica i\u00a0Biologia\u00a0Molecular de la\u00a0<strong>Universitat\u00a0de Barcelona<\/strong> i col\u00b7laborador de la <strong>Reial Acad\u00e8mia Europea de\u00a0Doctors\u00a0<\/strong>(RAED), comparteix amb la comunitat acad\u00e8mica l&#8217;\u00faltim article que ha publicat en el seu blog, <a href=\"https:\/\/www.enriccanela.cat\/\" target=\"_blank\" rel=\"noopener\"><strong>enriccanela.cat<\/strong><\/a>, un espai divulgatiu dedicat a la salut i el benestar, a m\u00e9s de les seves \u00faltimes publicacions al diari <strong>&#8220;El Punt-Avui&#8221;<\/strong>, on es focalitza en la formaci\u00f3 i la recerrca, i al portal informatiu <strong>El Mat\u00ed Digital<\/strong>. Es tracta, en concret, de les entrades <strong>&#8220;Viure amb el sol&#8221;<\/strong>, <strong>&#8220;L&#8217;edat del cor&#8221;<\/strong> i<strong> &#8220;El risc de la melatonina&#8221;<\/strong> i l&#8217;article <strong>&#8220;Incapa\u00e7os de cr\u00e9ixer&#8221;<\/strong>, apareguts entre els passats 26 d&#8217;octubre i 30 de novembre.<\/p>\n<p>A &#8220;Viure amb el sol&#8221;, l&#8217;expert aborda el debat sobre el canvi d&#8217;hora que es realitza coincidint amb els solsticis d&#8217;estiu i hivern, posicionant-se al costat dels partidaris de no haver d&#8217;avan\u00e7ar o endarrerir m\u00e9s el rellotge. &#8220;Som majoria en la Uni\u00f3 Europea els qui pensem que \u00e9s un desgavell canviar d&#8217;hora dues vegades a l&#8217;any i alterar els ritmes fisiol\u00f2gics per una decisi\u00f3 administrativa sense sentit. \u00c9s evident que els canvis d&#8217;horari s\u00f3n perjudicials per a la salut. Unes persones les afecta m\u00e9s que d&#8217;altres. Hi ha qui no es ressent massa perqu\u00e8, sense cap obligaci\u00f3 laboral o social, modifica de forma progressiva els horaris en els quals dina, es lleva o se&#8217;n va al llit. Els qui m\u00e9s el pateixen s\u00f3n els nens i tamb\u00e9, a causa del canvi de ritme de la llar, els gossos i els gats&#8221;, reflexiona.<\/p>\n<p>D&#8217;altra banda, a &#8220;L&#8217;edat del cor&#8221;, Canela reflexiona sobre l&#8217;\u00fas d&#8217;estatines per combatre els elevats \u00edndexs de colesterol i l&#8217;alternativa de diagn\u00f2stics que poden oferir dades m\u00e9s precises sobre l&#8217;estat cardiovascular i optimitzar els diagn\u00f2stics. &#8220;El marcador m\u00e9s prec\u00eds per estimar l&#8217;edat vascular real \u00e9s el &#8216;CAC Score&#8217;, que mesura la quantitat de calci (unitats Agatston) a les art\u00e8ries coron\u00e0ries. Reflecteix la malaltia real, no el risc te\u00f2ric, indicant l&#8217;edat que tindria una persona mitjana amb la mateixa c\u00e0rrega d&#8217;alteroesclerosi. Nom\u00e9s \u00e9s necessari un TC card\u00edac no contrastat sincronitzat amb un electrocardiograma. El CAC \u00e9s especialment \u00fatil en pacients de risc intermedi, perqu\u00e8 ajuda a decidir si \u00e9s necessari intensificar o evitar la medicaci\u00f3, evitant sobretratamientos en persones amb risc te\u00f2ric elevat, per\u00f2 malaltia real m\u00ednima. Tot i aix\u00f2, el CAC no substitueix completament la valoraci\u00f3 de risc; \u00e9s una eina addicional que el metge sempre hauria de tenir&#8221;, explica.<\/p>\n<p><img loading=\"lazy\" decoding=\"async\" class=\"alignleft size-full wp-image-70670\" src=\"https:\/\/raed.academy\/wp-content\/uploads\/2019\/04\/dejemos-de-perder-el-tiempo-dstNtc-e1739440332582.jpg\" sizes=\"(max-width: 500px) 100vw, 500px\" srcset=\"https:\/\/raed.academy\/wp-content\/uploads\/2019\/04\/dejemos-de-perder-el-tiempo-dstNtc-e1739440332582.jpg 500w, https:\/\/raed.academy\/wp-content\/uploads\/2019\/04\/dejemos-de-perder-el-tiempo-dstNtc-e1739440332582-440x264.jpg 440w\" alt=\"\" width=\"500\" height=\"300\" \/>A &#8220;El risc de la melatonina&#8221; incideix en el controvertit \u00fas d&#8217;una altra subst\u00e0ncia, normalment sense control m\u00e8dic, per agafar el son. &#8220;Les hormones nom\u00e9s han de prendre&#8217;s amb recepta i sota estricte control m\u00e8dic. Els metges poden receptar corticoides, estr\u00f2gens, testosterona o tiroxina. No s\u00f3n micronutrients, tot i que els aliments animals contenen petites quantitats, les hormones sempre s\u00f3n a la carn de l&#8217;animal. Suplementar-se amb la majoria de les hormones \u00e9s un risc potencial. Sorprenentment, s&#8217;ha donat un ab\u00fas d&#8217;una hormona, la melatonina. \u00c9s conegut que la melatonina \u00e9s una hormona, antioxidant, que al cervell regula els cicles circadiarios. Tot i que no indueix el son, est\u00e0 lligada al cicle de vig\u00edlia-son i se secreta per la gl\u00e0ndula pineal quan la retina deixa de rebre la llum solar, especialment la part blava de l&#8217;espectre&#8221;, assenyala.<\/p>\n<p>Finalment, a &#8220;Incapa\u00e7os de cr\u00e9ixer&#8221;, apel\u00b7la a l&#8217;administraci\u00f3 catalana a afavorir la consolidaci\u00f3 i creixement de la innovaci\u00f3. &#8220;Catalunya pot construir un ecosistema globalment competitiu sense perdre identitat si el govern impulsa aliances entre empreses locals, promoci\u00f3 internacional coordinada, suport a l&#8217;exportaci\u00f3 i desenvolupament de patents i R+D amb les universitats i centres tecnol\u00f2gics, refor\u00e7ant la coordinaci\u00f3 entre pol\u00edtiques p\u00fabliques i iniciativa privada. Per millorar la competitivitat s\u00f3n necessaris programes de relleu directiu, acceleradores i centres d&#8217;escalabilitat per a pimes, compra p\u00fablica innovadora, incentius fiscals i financers a la reindustrialitzaci\u00f3 i digitalitzaci\u00f3 i consorcis sectorials d&#8217;exportaci\u00f3 que sumin capacitats i permetin competir amb massa cr\u00edtica&#8221;, considera.<\/p>\n<ul>\n<li>\n<h3><span class=\"TextRun SCXW169212709 BCX0\" lang=\"ES-ES\" xml:lang=\"ES-ES\" data-contrast=\"auto\"><span class=\"NormalTextRun SCXW169212709 BCX0\"><a href=\"https:\/\/elmati.cat\/viure-amb-el-sol\/\" target=\"_blank\" rel=\"noopener\">Llegiu &#8220;Viure amb el sol&#8221;<\/a><\/span><\/span><\/h3>\n<\/li>\n<li>\n<h3><span class=\"TextRun SCXW169212709 BCX0\" lang=\"ES-ES\" xml:lang=\"ES-ES\" data-contrast=\"auto\"><span class=\"NormalTextRun SCXW169212709 BCX0\"><a href=\"https:\/\/www.enriccanela.cat\/index.php\/2025\/11\/14\/ledat-del-cor\/\" target=\"_blank\" rel=\"noopener\">Llegiu &#8220;L&#8217;edat del cor&#8221;<\/a><\/span><\/span><\/h3>\n<\/li>\n<li>\n<h3><span class=\"TextRun SCXW169212709 BCX0\" lang=\"ES-ES\" xml:lang=\"ES-ES\" data-contrast=\"auto\"><span class=\"NormalTextRun SpellingErrorV2Themed SCXW169212709 BCX0\"><a href=\"https:\/\/elmati.cat\/el-risc-de-la-melatonina\/\" target=\"_blank\" rel=\"noopener\">Llegiu &#8220;El risc de la melatonina&#8221;<\/a><\/span><\/span><\/h3>\n<\/li>\n<li>\n<h3><a href=\"https:\/\/www.elpuntavui.cat\/opinio\/article\/8-articles\/2599262-incapacos-de-creixer.html\" target=\"_blank\" rel=\"noopener\">Llegiu &#8220;<span class=\"TextRun SCXW169212709 BCX0\" lang=\"ES-ES\" xml:lang=\"ES-ES\" data-contrast=\"auto\"><span class=\"NormalTextRun SpellingErrorV2Themed SCXW169212709 BCX0\">Incapa\u00e7os<\/span><span class=\"NormalTextRun SCXW169212709 BCX0\"> de <\/span><span class=\"NormalTextRun SpellingErrorV2Themed SCXW169212709 BCX0\">cr\u00e9ixer<\/span><\/span>&#8220;<\/a><\/h3>\n<\/li>\n<\/ul>\n","protected":false},"excerpt":{"rendered":"<p>\u00daltims articles d&#8217;Enric Canela, popular divulgador sobre salut i benestar: &#8220;Viure amb el sol&#8221;, &#8220;L&#8217;edat del cor&#8221;, &#8220;El cingle de la melatonina&#8221; i &#8220;Incapa\u00e7os de cr\u00e9ixer&#8221;<\/p>\n","protected":false},"author":12,"featured_media":176963,"comment_status":"closed","ping_status":"closed","sticky":false,"template":"","format":"standard","meta":{"_et_pb_use_builder":"","_et_pb_old_content":"","_et_gb_content_width":"","footnotes":""},"categories":[237,332,455,442,350,304,213],"tags":[],"class_list":["post-176850","post","type-post","status-publish","format-standard","has-post-thumbnail","hentry","category-alimentacio-i-nutricio","category-biologia-ca","category-ciencies-de-la-salut","category-ciencies-farmaceutiques-ciencies-de-la-salut","category-ciencies-politiques","category-economia-i-politica-ca","category-medicina-i-cirurgia","et-has-post-format-content","et_post_format-et-post-format-standard"],"yoast_head":"<!-- This site is optimized with the Yoast SEO plugin v27.4 - https:\/\/yoast.com\/product\/yoast-seo-wordpress\/ -->\n<title>De la salut individual al b\u00e9 com\u00fa - Reial Acad\u00e8mia Europea de Doctors<\/title>\n<meta name=\"description\" content=\"\u00daltims articles d&#039;Enric Canela, popular divulgador sobre salut i benestar: &quot;Viure amb el sol&quot;, &quot;L&#039;edat del cor&quot;, &quot;El cingle de la melatonina&quot; i &quot;Incapa\u00e7os de cr\u00e9ixer&quot;\" \/>\n<meta name=\"robots\" content=\"index, follow, max-snippet:-1, max-image-preview:large, max-video-preview:-1\" \/>\n<link rel=\"canonical\" href=\"https:\/\/raed.academy\/ca\/de-la-salut-individual-al-be-comu\/\" \/>\n<meta property=\"og:locale\" content=\"ca_ES\" \/>\n<meta property=\"og:type\" content=\"article\" \/>\n<meta property=\"og:title\" content=\"De la salut individual al b\u00e9 com\u00fa - Reial Acad\u00e8mia Europea de Doctors\" \/>\n<meta property=\"og:description\" content=\"\u00daltims articles d&#039;Enric Canela, popular divulgador sobre salut i benestar: &quot;Viure amb el sol&quot;, &quot;L&#039;edat del cor&quot;, &quot;El cingle de la melatonina&quot; i &quot;Incapa\u00e7os de cr\u00e9ixer&quot;\" \/>\n<meta property=\"og:url\" content=\"https:\/\/raed.academy\/ca\/de-la-salut-individual-al-be-comu\/\" \/>\n<meta property=\"og:site_name\" content=\"Reial Acad\u00e8mia Europea de Doctors\" \/>\n<meta property=\"article:publisher\" content=\"http:\/\/fb.me\/raed.academy\" \/>\n<meta property=\"article:published_time\" content=\"2025-12-07T16:35:50+00:00\" \/>\n<meta property=\"og:image\" content=\"https:\/\/raed.academy\/wp-content\/uploads\/2019\/04\/dejemos-de-perder-el-tiempo-dstNtc-e1739440332582.jpg\" \/>\n\t<meta property=\"og:image:width\" content=\"500\" \/>\n\t<meta property=\"og:image:height\" content=\"300\" \/>\n\t<meta property=\"og:image:type\" content=\"image\/jpeg\" \/>\n<meta name=\"author\" content=\"RAED\" \/>\n<meta name=\"twitter:card\" content=\"summary_large_image\" \/>\n<meta name=\"twitter:creator\" content=\"@raedacademy\" \/>\n<meta name=\"twitter:site\" content=\"@raedacademy\" \/>\n<meta name=\"twitter:label1\" content=\"Written by\" \/>\n\t<meta name=\"twitter:data1\" content=\"RAED\" \/>\n\t<meta name=\"twitter:label2\" content=\"Est. reading time\" \/>\n\t<meta name=\"twitter:data2\" content=\"4 minutes\" \/>\n<script type=\"application\/ld+json\" class=\"yoast-schema-graph\">{\"@context\":\"https:\\\/\\\/schema.org\",\"@graph\":[{\"@type\":\"Article\",\"@id\":\"https:\\\/\\\/raed.academy\\\/ca\\\/de-la-salut-individual-al-be-comu\\\/#article\",\"isPartOf\":{\"@id\":\"https:\\\/\\\/raed.academy\\\/ca\\\/de-la-salut-individual-al-be-comu\\\/\"},\"author\":{\"name\":\"RAED\",\"@id\":\"https:\\\/\\\/raed.academy\\\/ca\\\/#\\\/schema\\\/person\\\/5a755da80d1d979fd66ba745c8702927\"},\"headline\":\"De la salut individual al b\u00e9 com\u00fa\",\"datePublished\":\"2025-12-07T16:35:50+00:00\",\"mainEntityOfPage\":{\"@id\":\"https:\\\/\\\/raed.academy\\\/ca\\\/de-la-salut-individual-al-be-comu\\\/\"},\"wordCount\":765,\"publisher\":{\"@id\":\"https:\\\/\\\/raed.academy\\\/ca\\\/#organization\"},\"image\":{\"@id\":\"https:\\\/\\\/raed.academy\\\/ca\\\/de-la-salut-individual-al-be-comu\\\/#primaryimage\"},\"thumbnailUrl\":\"https:\\\/\\\/raed.academy\\\/wp-content\\\/uploads\\\/2019\\\/04\\\/dejemos-de-perder-el-tiempo-dstNtc-e1739440332582.jpg\",\"articleSection\":[\"Alimentaci\u00f3 i nutrici\u00f3\",\"Biologia\",\"Ci\u00e8ncies de la salut\",\"Ci\u00e8ncies Farmac\u00e8utiques\",\"Ci\u00e8ncies pol\u00edtiques\",\"Economia i pol\u00edtica\",\"Medicina i cirurgia\"],\"inLanguage\":\"ca-ES\"},{\"@type\":\"WebPage\",\"@id\":\"https:\\\/\\\/raed.academy\\\/ca\\\/de-la-salut-individual-al-be-comu\\\/\",\"url\":\"https:\\\/\\\/raed.academy\\\/ca\\\/de-la-salut-individual-al-be-comu\\\/\",\"name\":\"De la salut individual al b\u00e9 com\u00fa - Reial Acad\u00e8mia Europea de Doctors\",\"isPartOf\":{\"@id\":\"https:\\\/\\\/raed.academy\\\/ca\\\/#website\"},\"primaryImageOfPage\":{\"@id\":\"https:\\\/\\\/raed.academy\\\/ca\\\/de-la-salut-individual-al-be-comu\\\/#primaryimage\"},\"image\":{\"@id\":\"https:\\\/\\\/raed.academy\\\/ca\\\/de-la-salut-individual-al-be-comu\\\/#primaryimage\"},\"thumbnailUrl\":\"https:\\\/\\\/raed.academy\\\/wp-content\\\/uploads\\\/2019\\\/04\\\/dejemos-de-perder-el-tiempo-dstNtc-e1739440332582.jpg\",\"datePublished\":\"2025-12-07T16:35:50+00:00\",\"description\":\"\u00daltims articles d'Enric Canela, popular divulgador sobre salut i benestar: \\\"Viure amb el sol\\\", \\\"L'edat del cor\\\", \\\"El cingle de la melatonina\\\" i \\\"Incapa\u00e7os de cr\u00e9ixer\\\"\",\"breadcrumb\":{\"@id\":\"https:\\\/\\\/raed.academy\\\/ca\\\/de-la-salut-individual-al-be-comu\\\/#breadcrumb\"},\"inLanguage\":\"ca-ES\",\"potentialAction\":[{\"@type\":\"ReadAction\",\"target\":[\"https:\\\/\\\/raed.academy\\\/ca\\\/de-la-salut-individual-al-be-comu\\\/\"]}]},{\"@type\":\"ImageObject\",\"inLanguage\":\"ca-ES\",\"@id\":\"https:\\\/\\\/raed.academy\\\/ca\\\/de-la-salut-individual-al-be-comu\\\/#primaryimage\",\"url\":\"https:\\\/\\\/raed.academy\\\/wp-content\\\/uploads\\\/2019\\\/04\\\/dejemos-de-perder-el-tiempo-dstNtc-e1739440332582.jpg\",\"contentUrl\":\"https:\\\/\\\/raed.academy\\\/wp-content\\\/uploads\\\/2019\\\/04\\\/dejemos-de-perder-el-tiempo-dstNtc-e1739440332582.jpg\",\"width\":500,\"height\":300},{\"@type\":\"BreadcrumbList\",\"@id\":\"https:\\\/\\\/raed.academy\\\/ca\\\/de-la-salut-individual-al-be-comu\\\/#breadcrumb\",\"itemListElement\":[{\"@type\":\"ListItem\",\"position\":1,\"name\":\"Inicio\",\"item\":\"https:\\\/\\\/raed.academy\\\/ca\\\/\"},{\"@type\":\"ListItem\",\"position\":2,\"name\":\"De la salut individual al b\u00e9 com\u00fa\"}]},{\"@type\":\"WebSite\",\"@id\":\"https:\\\/\\\/raed.academy\\\/ca\\\/#website\",\"url\":\"https:\\\/\\\/raed.academy\\\/ca\\\/\",\"name\":\"Reial Acad\u00e8mia Europea de Doctors\",\"description\":\"Corporaci\u00f3n de derecho p\u00fablico de car\u00e1cter cient\u00edfico, t\u00e9cnico y art\u00edstico, que tiene por objeto la investigaci\u00f3n, el estudio, el fomento y la extensi\u00f3n del conocimiento en su sentido m\u00e1s amplio\",\"publisher\":{\"@id\":\"https:\\\/\\\/raed.academy\\\/ca\\\/#organization\"},\"potentialAction\":[{\"@type\":\"SearchAction\",\"target\":{\"@type\":\"EntryPoint\",\"urlTemplate\":\"https:\\\/\\\/raed.academy\\\/ca\\\/?s={search_term_string}\"},\"query-input\":{\"@type\":\"PropertyValueSpecification\",\"valueRequired\":true,\"valueName\":\"search_term_string\"}}],\"inLanguage\":\"ca-ES\"},{\"@type\":\"Organization\",\"@id\":\"https:\\\/\\\/raed.academy\\\/ca\\\/#organization\",\"name\":\"Real Academia Europea de Doctores\",\"url\":\"https:\\\/\\\/raed.academy\\\/ca\\\/\",\"logo\":{\"@type\":\"ImageObject\",\"inLanguage\":\"ca-ES\",\"@id\":\"https:\\\/\\\/raed.academy\\\/ca\\\/#\\\/schema\\\/logo\\\/image\\\/\",\"url\":\"https:\\\/\\\/raed.academy\\\/wp-content\\\/uploads\\\/2017\\\/01\\\/cropped-logo_raed.png\",\"contentUrl\":\"https:\\\/\\\/raed.academy\\\/wp-content\\\/uploads\\\/2017\\\/01\\\/cropped-logo_raed.png\",\"width\":512,\"height\":512,\"caption\":\"Real Academia Europea de Doctores\"},\"image\":{\"@id\":\"https:\\\/\\\/raed.academy\\\/ca\\\/#\\\/schema\\\/logo\\\/image\\\/\"},\"sameAs\":[\"http:\\\/\\\/fb.me\\\/raed.academy\",\"https:\\\/\\\/x.com\\\/raedacademy\",\"https:\\\/\\\/www.instagram.com\\\/raed.academy\\\/\",\"https:\\\/\\\/www.youtube.com\\\/channel\\\/UCUYQwW2KrdirNWihxMDObwg\"]},{\"@type\":\"Person\",\"@id\":\"https:\\\/\\\/raed.academy\\\/ca\\\/#\\\/schema\\\/person\\\/5a755da80d1d979fd66ba745c8702927\",\"name\":\"RAED\",\"image\":{\"@type\":\"ImageObject\",\"inLanguage\":\"ca-ES\",\"@id\":\"https:\\\/\\\/secure.gravatar.com\\\/avatar\\\/19fdfdc0d67fb9c45714b703a2ac82251c4fcea3637f002ac3c9b74c0183583c?s=96&d=mm&r=g\",\"url\":\"https:\\\/\\\/secure.gravatar.com\\\/avatar\\\/19fdfdc0d67fb9c45714b703a2ac82251c4fcea3637f002ac3c9b74c0183583c?s=96&d=mm&r=g\",\"contentUrl\":\"https:\\\/\\\/secure.gravatar.com\\\/avatar\\\/19fdfdc0d67fb9c45714b703a2ac82251c4fcea3637f002ac3c9b74c0183583c?s=96&d=mm&r=g\",\"caption\":\"RAED\"}}]}<\/script>\n<!-- \/ Yoast SEO plugin. -->","yoast_head_json":{"title":"De la salut individual al b\u00e9 com\u00fa - Reial Acad\u00e8mia Europea de Doctors","description":"\u00daltims articles d'Enric Canela, popular divulgador sobre salut i benestar: \"Viure amb el sol\", \"L'edat del cor\", \"El cingle de la melatonina\" i \"Incapa\u00e7os de cr\u00e9ixer\"","robots":{"index":"index","follow":"follow","max-snippet":"max-snippet:-1","max-image-preview":"max-image-preview:large","max-video-preview":"max-video-preview:-1"},"canonical":"https:\/\/raed.academy\/ca\/de-la-salut-individual-al-be-comu\/","og_locale":"ca_ES","og_type":"article","og_title":"De la salut individual al b\u00e9 com\u00fa - Reial Acad\u00e8mia Europea de Doctors","og_description":"\u00daltims articles d'Enric Canela, popular divulgador sobre salut i benestar: \"Viure amb el sol\", \"L'edat del cor\", \"El cingle de la melatonina\" i \"Incapa\u00e7os de cr\u00e9ixer\"","og_url":"https:\/\/raed.academy\/ca\/de-la-salut-individual-al-be-comu\/","og_site_name":"Reial Acad\u00e8mia Europea de Doctors","article_publisher":"http:\/\/fb.me\/raed.academy","article_published_time":"2025-12-07T16:35:50+00:00","og_image":[{"width":500,"height":300,"url":"https:\/\/raed.academy\/wp-content\/uploads\/2019\/04\/dejemos-de-perder-el-tiempo-dstNtc-e1739440332582.jpg","type":"image\/jpeg"}],"author":"RAED","twitter_card":"summary_large_image","twitter_creator":"@raedacademy","twitter_site":"@raedacademy","twitter_misc":{"Written by":"RAED","Est. reading time":"4 minutes"},"schema":{"@context":"https:\/\/schema.org","@graph":[{"@type":"Article","@id":"https:\/\/raed.academy\/ca\/de-la-salut-individual-al-be-comu\/#article","isPartOf":{"@id":"https:\/\/raed.academy\/ca\/de-la-salut-individual-al-be-comu\/"},"author":{"name":"RAED","@id":"https:\/\/raed.academy\/ca\/#\/schema\/person\/5a755da80d1d979fd66ba745c8702927"},"headline":"De la salut individual al b\u00e9 com\u00fa","datePublished":"2025-12-07T16:35:50+00:00","mainEntityOfPage":{"@id":"https:\/\/raed.academy\/ca\/de-la-salut-individual-al-be-comu\/"},"wordCount":765,"publisher":{"@id":"https:\/\/raed.academy\/ca\/#organization"},"image":{"@id":"https:\/\/raed.academy\/ca\/de-la-salut-individual-al-be-comu\/#primaryimage"},"thumbnailUrl":"https:\/\/raed.academy\/wp-content\/uploads\/2019\/04\/dejemos-de-perder-el-tiempo-dstNtc-e1739440332582.jpg","articleSection":["Alimentaci\u00f3 i nutrici\u00f3","Biologia","Ci\u00e8ncies de la salut","Ci\u00e8ncies Farmac\u00e8utiques","Ci\u00e8ncies pol\u00edtiques","Economia i pol\u00edtica","Medicina i cirurgia"],"inLanguage":"ca-ES"},{"@type":"WebPage","@id":"https:\/\/raed.academy\/ca\/de-la-salut-individual-al-be-comu\/","url":"https:\/\/raed.academy\/ca\/de-la-salut-individual-al-be-comu\/","name":"De la salut individual al b\u00e9 com\u00fa - Reial Acad\u00e8mia Europea de Doctors","isPartOf":{"@id":"https:\/\/raed.academy\/ca\/#website"},"primaryImageOfPage":{"@id":"https:\/\/raed.academy\/ca\/de-la-salut-individual-al-be-comu\/#primaryimage"},"image":{"@id":"https:\/\/raed.academy\/ca\/de-la-salut-individual-al-be-comu\/#primaryimage"},"thumbnailUrl":"https:\/\/raed.academy\/wp-content\/uploads\/2019\/04\/dejemos-de-perder-el-tiempo-dstNtc-e1739440332582.jpg","datePublished":"2025-12-07T16:35:50+00:00","description":"\u00daltims articles d'Enric Canela, popular divulgador sobre salut i benestar: \"Viure amb el sol\", \"L'edat del cor\", \"El cingle de la melatonina\" i \"Incapa\u00e7os de cr\u00e9ixer\"","breadcrumb":{"@id":"https:\/\/raed.academy\/ca\/de-la-salut-individual-al-be-comu\/#breadcrumb"},"inLanguage":"ca-ES","potentialAction":[{"@type":"ReadAction","target":["https:\/\/raed.academy\/ca\/de-la-salut-individual-al-be-comu\/"]}]},{"@type":"ImageObject","inLanguage":"ca-ES","@id":"https:\/\/raed.academy\/ca\/de-la-salut-individual-al-be-comu\/#primaryimage","url":"https:\/\/raed.academy\/wp-content\/uploads\/2019\/04\/dejemos-de-perder-el-tiempo-dstNtc-e1739440332582.jpg","contentUrl":"https:\/\/raed.academy\/wp-content\/uploads\/2019\/04\/dejemos-de-perder-el-tiempo-dstNtc-e1739440332582.jpg","width":500,"height":300},{"@type":"BreadcrumbList","@id":"https:\/\/raed.academy\/ca\/de-la-salut-individual-al-be-comu\/#breadcrumb","itemListElement":[{"@type":"ListItem","position":1,"name":"Inicio","item":"https:\/\/raed.academy\/ca\/"},{"@type":"ListItem","position":2,"name":"De la salut individual al b\u00e9 com\u00fa"}]},{"@type":"WebSite","@id":"https:\/\/raed.academy\/ca\/#website","url":"https:\/\/raed.academy\/ca\/","name":"Reial Acad\u00e8mia Europea de Doctors","description":"Corporaci\u00f3n de derecho p\u00fablico de car\u00e1cter cient\u00edfico, t\u00e9cnico y art\u00edstico, que tiene por objeto la investigaci\u00f3n, el estudio, el fomento y la extensi\u00f3n del conocimiento en su sentido m\u00e1s amplio","publisher":{"@id":"https:\/\/raed.academy\/ca\/#organization"},"potentialAction":[{"@type":"SearchAction","target":{"@type":"EntryPoint","urlTemplate":"https:\/\/raed.academy\/ca\/?s={search_term_string}"},"query-input":{"@type":"PropertyValueSpecification","valueRequired":true,"valueName":"search_term_string"}}],"inLanguage":"ca-ES"},{"@type":"Organization","@id":"https:\/\/raed.academy\/ca\/#organization","name":"Real Academia Europea de Doctores","url":"https:\/\/raed.academy\/ca\/","logo":{"@type":"ImageObject","inLanguage":"ca-ES","@id":"https:\/\/raed.academy\/ca\/#\/schema\/logo\/image\/","url":"https:\/\/raed.academy\/wp-content\/uploads\/2017\/01\/cropped-logo_raed.png","contentUrl":"https:\/\/raed.academy\/wp-content\/uploads\/2017\/01\/cropped-logo_raed.png","width":512,"height":512,"caption":"Real Academia Europea de Doctores"},"image":{"@id":"https:\/\/raed.academy\/ca\/#\/schema\/logo\/image\/"},"sameAs":["http:\/\/fb.me\/raed.academy","https:\/\/x.com\/raedacademy","https:\/\/www.instagram.com\/raed.academy\/","https:\/\/www.youtube.com\/channel\/UCUYQwW2KrdirNWihxMDObwg"]},{"@type":"Person","@id":"https:\/\/raed.academy\/ca\/#\/schema\/person\/5a755da80d1d979fd66ba745c8702927","name":"RAED","image":{"@type":"ImageObject","inLanguage":"ca-ES","@id":"https:\/\/secure.gravatar.com\/avatar\/19fdfdc0d67fb9c45714b703a2ac82251c4fcea3637f002ac3c9b74c0183583c?s=96&d=mm&r=g","url":"https:\/\/secure.gravatar.com\/avatar\/19fdfdc0d67fb9c45714b703a2ac82251c4fcea3637f002ac3c9b74c0183583c?s=96&d=mm&r=g","contentUrl":"https:\/\/secure.gravatar.com\/avatar\/19fdfdc0d67fb9c45714b703a2ac82251c4fcea3637f002ac3c9b74c0183583c?s=96&d=mm&r=g","caption":"RAED"}}]}},"_links":{"self":[{"href":"https:\/\/raed.academy\/ca\/wp-json\/wp\/v2\/posts\/176850","targetHints":{"allow":["GET"]}}],"collection":[{"href":"https:\/\/raed.academy\/ca\/wp-json\/wp\/v2\/posts"}],"about":[{"href":"https:\/\/raed.academy\/ca\/wp-json\/wp\/v2\/types\/post"}],"author":[{"embeddable":true,"href":"https:\/\/raed.academy\/ca\/wp-json\/wp\/v2\/users\/12"}],"replies":[{"embeddable":true,"href":"https:\/\/raed.academy\/ca\/wp-json\/wp\/v2\/comments?post=176850"}],"version-history":[{"count":3,"href":"https:\/\/raed.academy\/ca\/wp-json\/wp\/v2\/posts\/176850\/revisions"}],"predecessor-version":[{"id":176964,"href":"https:\/\/raed.academy\/ca\/wp-json\/wp\/v2\/posts\/176850\/revisions\/176964"}],"wp:featuredmedia":[{"embeddable":true,"href":"https:\/\/raed.academy\/ca\/wp-json\/wp\/v2\/media\/176963"}],"wp:attachment":[{"href":"https:\/\/raed.academy\/ca\/wp-json\/wp\/v2\/media?parent=176850"}],"wp:term":[{"taxonomy":"category","embeddable":true,"href":"https:\/\/raed.academy\/ca\/wp-json\/wp\/v2\/categories?post=176850"},{"taxonomy":"post_tag","embeddable":true,"href":"https:\/\/raed.academy\/ca\/wp-json\/wp\/v2\/tags?post=176850"}],"curies":[{"name":"wp","href":"https:\/\/api.w.org\/{rel}","templated":true}]}}