{"id":175575,"date":"2025-11-17T16:52:02","date_gmt":"2025-11-17T16:52:02","guid":{"rendered":"https:\/\/raed.academy\/?p=175575"},"modified":"2025-11-17T16:52:02","modified_gmt":"2025-11-17T16:52:02","slug":"dos-testimonis-duna-vida-intensa","status":"publish","type":"post","link":"https:\/\/raed.academy\/ca\/dos-testimonis-duna-vida-intensa\/","title":{"rendered":"Dos testimonis d&#8217;una vida intensa"},"content":{"rendered":"<p><img loading=\"lazy\" decoding=\"async\" class=\"aligncenter size-full wp-image-173350\" src=\"https:\/\/raed.academy\/wp-content\/uploads\/2025\/10\/fresco-del-ninfeo-subterraneo-de-la-Villa-Livia-Museo-Nacional-Romano-2.91.webp\" alt=\"\" width=\"1600\" height=\"550\" srcset=\"https:\/\/raed.academy\/wp-content\/uploads\/2025\/10\/fresco-del-ninfeo-subterraneo-de-la-Villa-Livia-Museo-Nacional-Romano-2.91.webp 1600w, https:\/\/raed.academy\/wp-content\/uploads\/2025\/10\/fresco-del-ninfeo-subterraneo-de-la-Villa-Livia-Museo-Nacional-Romano-2.91-768x264.webp 768w, https:\/\/raed.academy\/wp-content\/uploads\/2025\/10\/fresco-del-ninfeo-subterraneo-de-la-Villa-Livia-Museo-Nacional-Romano-2.91-1536x528.webp 1536w, https:\/\/raed.academy\/wp-content\/uploads\/2025\/10\/fresco-del-ninfeo-subterraneo-de-la-Villa-Livia-Museo-Nacional-Romano-2.91-1080x371.webp 1080w\" sizes=\"(max-width: 1600px) 100vw, 1600px\" \/><\/p>\n<p><a href=\"https:\/\/raed.academy\/ca\/academics\/dr-frederic-borras-pamies\/\" target=\"_blank\" rel=\"noopener\"><em><strong>Frederic Borr\u00e0s<\/strong><\/em><\/a>, president d&#8217;honor del <strong>Col\u00b7legi de Censors Jurats de Comptes de Catalunya<\/strong> i acad\u00e8mic de n\u00famero de la <strong>Reial Acad\u00e8mia Europea de Doctors<\/strong> (RAED), i <a href=\"https:\/\/raed.academy\/academicos\/dra-mariangela-vilallonga-vives\/\" target=\"_blank\" rel=\"noopener\"><em><strong>Mari\u00e0ngela Vilallonga<\/strong><\/em><\/a>, catedr\u00e0tica em\u00e8rita de Filologia Cl\u00e0ssica de la <strong>Universitat de Girona<\/strong>, presidenta de la <strong>Fundaci\u00f3 Prudenci Bertrana<\/strong> i tamb\u00e9 acad\u00e8mica de n\u00famero de la RAED, van presentar dimarts passat, 11 de novembre, les seves dues \u00faltimes obres, <strong>&#8220;Pinceladas de vida&#8221;<\/strong> i <strong>&#8220;Retrat interior&#8221;<\/strong>, respectivament, en un acte conjunt organitzat per la RAED i el<strong> C\u00edrculo Ecuestre<\/strong> de Barcelona que es va celebrar a la seu d&#8217;aquesta hist\u00f2rica entitat catalana. A la sessi\u00f3 van intervenir <strong>Anna Gener<\/strong>, membre de la <strong>Junta de Govern<\/strong> del C\u00edrculo, i <a href=\"https:\/\/raed.academy\/academicos\/dr-alfredo-rocafort-nicolau\/\" target=\"_blank\" rel=\"noopener\"><em><strong>Alfredo Rocafort<\/strong><\/em><\/a>, president de la Junta de Govern de la Reial Acad\u00e8mia, per donar pas als dos autors, que van presentar alternativament cadascun l&#8217;obra de l&#8217;altre. Una connexi\u00f3 que ja els va portar a comissariar recentment de forma conjunta l&#8217;exposici\u00f3 <strong>&#8220;Entre dos segles&#8221;<\/strong> al <strong>Museu de Tortosa<\/strong>.<\/p>\n<div id=\"attachment_34726\" style=\"width: 210px\" class=\"wp-caption alignright\"><img loading=\"lazy\" decoding=\"async\" aria-describedby=\"caption-attachment-34726\" class=\"wp-image-34726 size-full\" src=\"https:\/\/raed.academy\/wp-content\/uploads\/2017\/09\/Frederic-Borras-Pamies-informacion-financiera.jpg\" sizes=\"(max-width: 200px) 100vw, 200px\" srcset=\"https:\/\/raed.academy\/wp-content\/uploads\/2017\/09\/Frederic-Borras-Pamies-informacion-financiera.jpg 200w, https:\/\/raed.academy\/wp-content\/uploads\/2017\/09\/Frederic-Borras-Pamies-informacion-financiera-150x150.jpg 150w\" alt=\"Frederic Borr\u00e0s P\u00e0mies - improving the quality of the audit\" width=\"200\" height=\"200\" aria-describedby=\"caption-attachment-34726\" \/><p id=\"caption-attachment-34726\" class=\"wp-caption-text\">Dr. Frederic Borr\u00e0s<\/p><\/div>\n<p>El nou llibre de Frederic Borr\u00e0s narra experi\u00e8ncies, pensaments i relats que ha anat recollint al llarg de la seva dilatada carrera professional, per\u00f2 tamb\u00e9 de la seva vida personal. &#8220;Al llarg dels onze cap\u00edtols en qu\u00e8 ha dividit l&#8217;obra desfilen amics, viatges, gastronomia, pensessis, penes, alegries, canvis, records professionals i privats, tot el que l&#8217;autor ha buscat al fons de la seva ment i del seu cor per abocar-lo sobre el paper&#8221;, va assenyalar Vilallonga. Per la seva part, el poemari d&#8217;aquesta recull una s\u00e8rie de composicions que van ser escrites entre Girona i Nova York durant els anys 2003 i 2009 i van quedar guardades fins ara en un arxiu del seu ordinador. Despr\u00e9s de deixar algunes de les seves responsabilitats professionals, l&#8217;acad\u00e8mica ha volgut donar a con\u00e8ixer el fruit d&#8217;una etapa de la seva vida, el retrat interior de la seva cinquantena, amb una s\u00e8rie de composicions que la cr\u00edtica ja destaca per la seva eleg\u00e0ncia i for\u00e7a.<\/p>\n<p>Primer professional espanyol en formar part del\u00a0<strong>Comit\u00e8\u00a0Transnacional<\/strong> de la<strong> Federaci\u00f3 Internacional d&#8217;Auditors<\/strong>, Borr\u00e0s analitza al seu llibre unes d\u00e8cades que han canviat el m\u00f3n a trav\u00e9s de les seves experi\u00e8ncies i relacions professionals, a m\u00e9s de compartir els seus aprenentatges com a amant de l&#8217;art i la gastronomia. Per la seva part, de la seva etapa neoyorkina, Vilallonga havia publicat ja el llibre<strong> &#8220;Aix\u00f2 no \u00e9s Barcelona: Visions catalans de Nova York&#8221;<\/strong>, una obra que recull el testimoni escrit d&#8217;un centenar d&#8217;autors catalans, en alguns casos an\u00f2nims, de les seves impressions sobre la ciutat de Nova York. Abans d&#8217;aix\u00f2, la ciutat havia estat protagonista en el seu estudi sobre els <strong>Jocs Florals<\/strong> que s&#8217;hi van celebrar el 1956.<\/p>\n<div id=\"attachment_69355\" style=\"width: 237px\" class=\"wp-caption alignleft\"><img loading=\"lazy\" decoding=\"async\" aria-describedby=\"caption-attachment-69355\" class=\"wp-image-69355\" src=\"https:\/\/raed.academy\/wp-content\/uploads\/2019\/03\/0.Mariangela-Vilallonga.jpg\" alt=\"Dra. Mariangela Vilallonga\" width=\"227\" height=\"176\" aria-describedby=\"caption-attachment-69355\" \/><p id=\"caption-attachment-69355\" class=\"wp-caption-text\">Dra. Mari\u00e0ngela Vilallonga<\/p><\/div>\n<p>Borr\u00e0s \u00e9s membre del<strong>\u00a0Consell\u00a0Global<\/strong> de l&#8217;<strong>Associaci\u00f3 per al Creixement Corporatiu<\/strong>, la principal comunitat de professionals dedicats a les fusions, adquisicions i creixement corporatiu en l&#8217;\u00e0mbit internacional. Recentment va ser reconegut com a membre d&#8217;honor d&#8217;<strong>IECnet<\/strong>, una de les principals firmes internacionals d&#8217;auditoria, assessorament fiscal i consultoria despr\u00e9s d&#8217;una llarga i exitosa traject\u00f2ria en la firma, on va ocupar durant vuit anys una cadira al seu<strong> Consell d&#8217;Administraci\u00f3<\/strong> i la <strong>Presid\u00e8ncia<\/strong> de la Pr\u00e0ctica d&#8217;Auditoria. L&#8217;acad\u00e8mic va treballar durant gaireb\u00e9 quatre d\u00e8cades en la firma <strong>KPMG<\/strong>, on va arribar a ser soci encarregat de les oficines de Barcelona, Girona, Palma i Andorra.<\/p>\n<p>Vilallonga, per la seva part, va alternar els seus \u00faltims cursos com a docent amb el c\u00e0rrec de consellera de Cultura de la <strong>Generalitat de\u00a0Catalunya<\/strong>, una responsabilitat que va assumir despr\u00e9s de deixar la vicepresid\u00e8ncia de l&#8217;<strong>Institut d\u2019Estudis Catalans<\/strong>. \u00c9s, a m\u00e9s, consellera del grup editorial <strong>Grup62<\/strong>. El 2016 va ser reconeguda amb la <strong>Creu de Sant Jordi<\/strong>, la m\u00e0xima distinci\u00f3 que atorga la Generalitat, per les seves recerques en literatura human\u00edstica llatina de la Corona d&#8217;Arag\u00f3.<\/p>\n","protected":false},"excerpt":{"rendered":"<p>Frederic Borr\u00e0s i Mari\u00e0ngela Vilallonga presenten les seves dues darreres obres, &#8220;Pinceladas de vida&#8221; i &#8220;Retrat interior&#8221;, respectivament, en un acte conjunt organitzat per la RAED i el Cercle Eq\u00fcestre de Barcelona que es va celebrar a la seu d&#8217;aquesta hist\u00f2rica entitat catalana<\/p>\n","protected":false},"author":12,"featured_media":173354,"comment_status":"closed","ping_status":"closed","sticky":false,"template":"","format":"standard","meta":{"_et_pb_use_builder":"","_et_pb_old_content":"","_et_gb_content_width":"","footnotes":""},"categories":[229,233,242,404,439],"tags":[],"class_list":["post-175575","post","type-post","status-publish","format-standard","has-post-thumbnail","hentry","category-art","category-economiques-i-empresarials","category-categ-historia","category-historia-nacional-ca","category-literatura-ca","et-has-post-format-content","et_post_format-et-post-format-standard"],"yoast_head":"<!-- This site is optimized with the Yoast SEO plugin v27.4 - https:\/\/yoast.com\/product\/yoast-seo-wordpress\/ -->\n<title>Dos testimonis d&#039;una vida intensa - Reial Acad\u00e8mia Europea de Doctors<\/title>\n<meta name=\"description\" content=\"Frederic Borr\u00e0s i Mari\u00e0ngela Vilallonga presenten les seves dues darreres obres, &quot;Pinceladas de vida&quot; i &quot;Retrat interior&quot;, respectivament\" \/>\n<meta name=\"robots\" content=\"index, follow, max-snippet:-1, max-image-preview:large, max-video-preview:-1\" \/>\n<link rel=\"canonical\" href=\"https:\/\/raed.academy\/ca\/dos-testimonis-duna-vida-intensa\/\" \/>\n<meta property=\"og:locale\" content=\"ca_ES\" \/>\n<meta property=\"og:type\" content=\"article\" \/>\n<meta property=\"og:title\" content=\"Dos testimonis d&#039;una vida intensa - Reial Acad\u00e8mia Europea de Doctors\" \/>\n<meta property=\"og:description\" content=\"Frederic Borr\u00e0s i Mari\u00e0ngela Vilallonga presenten les seves dues darreres obres, &quot;Pinceladas de vida&quot; i &quot;Retrat interior&quot;, respectivament\" \/>\n<meta property=\"og:url\" content=\"https:\/\/raed.academy\/ca\/dos-testimonis-duna-vida-intensa\/\" \/>\n<meta property=\"og:site_name\" content=\"Reial Acad\u00e8mia Europea de Doctors\" \/>\n<meta property=\"article:publisher\" content=\"http:\/\/fb.me\/raed.academy\" \/>\n<meta property=\"article:published_time\" content=\"2025-11-17T16:52:02+00:00\" \/>\n<meta property=\"og:image\" content=\"https:\/\/raed.academy\/wp-content\/uploads\/2025\/10\/fresco-del-ninfeo-subterraneo-de-la-Villa-Livia-Museo-Nacional-Romano-1.67.webp\" \/>\n\t<meta property=\"og:image:width\" content=\"800\" \/>\n\t<meta property=\"og:image:height\" content=\"480\" \/>\n\t<meta property=\"og:image:type\" content=\"image\/webp\" \/>\n<meta name=\"author\" content=\"RAED\" \/>\n<meta name=\"twitter:card\" content=\"summary_large_image\" \/>\n<meta name=\"twitter:creator\" content=\"@raedacademy\" \/>\n<meta name=\"twitter:site\" content=\"@raedacademy\" \/>\n<meta name=\"twitter:label1\" content=\"Written by\" \/>\n\t<meta name=\"twitter:data1\" content=\"RAED\" \/>\n\t<meta name=\"twitter:label2\" content=\"Est. reading time\" \/>\n\t<meta name=\"twitter:data2\" content=\"4 minutes\" \/>\n<script type=\"application\/ld+json\" class=\"yoast-schema-graph\">{\"@context\":\"https:\\\/\\\/schema.org\",\"@graph\":[{\"@type\":\"Article\",\"@id\":\"https:\\\/\\\/raed.academy\\\/ca\\\/dos-testimonis-duna-vida-intensa\\\/#article\",\"isPartOf\":{\"@id\":\"https:\\\/\\\/raed.academy\\\/ca\\\/dos-testimonis-duna-vida-intensa\\\/\"},\"author\":{\"name\":\"RAED\",\"@id\":\"https:\\\/\\\/raed.academy\\\/ca\\\/#\\\/schema\\\/person\\\/5a755da80d1d979fd66ba745c8702927\"},\"headline\":\"Dos testimonis d&#8217;una vida intensa\",\"datePublished\":\"2025-11-17T16:52:02+00:00\",\"mainEntityOfPage\":{\"@id\":\"https:\\\/\\\/raed.academy\\\/ca\\\/dos-testimonis-duna-vida-intensa\\\/\"},\"wordCount\":718,\"publisher\":{\"@id\":\"https:\\\/\\\/raed.academy\\\/ca\\\/#organization\"},\"image\":{\"@id\":\"https:\\\/\\\/raed.academy\\\/ca\\\/dos-testimonis-duna-vida-intensa\\\/#primaryimage\"},\"thumbnailUrl\":\"https:\\\/\\\/raed.academy\\\/wp-content\\\/uploads\\\/2025\\\/10\\\/fresco-del-ninfeo-subterraneo-de-la-Villa-Livia-Museo-Nacional-Romano-1.67.webp\",\"articleSection\":[\"Art\",\"Econ\u00f2miques i Empresarials\",\"Hist\u00f2ria\",\"Hist\u00f2ria nacional\",\"Literatura\"],\"inLanguage\":\"ca-ES\"},{\"@type\":\"WebPage\",\"@id\":\"https:\\\/\\\/raed.academy\\\/ca\\\/dos-testimonis-duna-vida-intensa\\\/\",\"url\":\"https:\\\/\\\/raed.academy\\\/ca\\\/dos-testimonis-duna-vida-intensa\\\/\",\"name\":\"Dos testimonis d'una vida intensa - Reial Acad\u00e8mia Europea de Doctors\",\"isPartOf\":{\"@id\":\"https:\\\/\\\/raed.academy\\\/ca\\\/#website\"},\"primaryImageOfPage\":{\"@id\":\"https:\\\/\\\/raed.academy\\\/ca\\\/dos-testimonis-duna-vida-intensa\\\/#primaryimage\"},\"image\":{\"@id\":\"https:\\\/\\\/raed.academy\\\/ca\\\/dos-testimonis-duna-vida-intensa\\\/#primaryimage\"},\"thumbnailUrl\":\"https:\\\/\\\/raed.academy\\\/wp-content\\\/uploads\\\/2025\\\/10\\\/fresco-del-ninfeo-subterraneo-de-la-Villa-Livia-Museo-Nacional-Romano-1.67.webp\",\"datePublished\":\"2025-11-17T16:52:02+00:00\",\"description\":\"Frederic Borr\u00e0s i Mari\u00e0ngela Vilallonga presenten les seves dues darreres obres, \\\"Pinceladas de vida\\\" i \\\"Retrat interior\\\", respectivament\",\"breadcrumb\":{\"@id\":\"https:\\\/\\\/raed.academy\\\/ca\\\/dos-testimonis-duna-vida-intensa\\\/#breadcrumb\"},\"inLanguage\":\"ca-ES\",\"potentialAction\":[{\"@type\":\"ReadAction\",\"target\":[\"https:\\\/\\\/raed.academy\\\/ca\\\/dos-testimonis-duna-vida-intensa\\\/\"]}]},{\"@type\":\"ImageObject\",\"inLanguage\":\"ca-ES\",\"@id\":\"https:\\\/\\\/raed.academy\\\/ca\\\/dos-testimonis-duna-vida-intensa\\\/#primaryimage\",\"url\":\"https:\\\/\\\/raed.academy\\\/wp-content\\\/uploads\\\/2025\\\/10\\\/fresco-del-ninfeo-subterraneo-de-la-Villa-Livia-Museo-Nacional-Romano-1.67.webp\",\"contentUrl\":\"https:\\\/\\\/raed.academy\\\/wp-content\\\/uploads\\\/2025\\\/10\\\/fresco-del-ninfeo-subterraneo-de-la-Villa-Livia-Museo-Nacional-Romano-1.67.webp\",\"width\":800,\"height\":480},{\"@type\":\"BreadcrumbList\",\"@id\":\"https:\\\/\\\/raed.academy\\\/ca\\\/dos-testimonis-duna-vida-intensa\\\/#breadcrumb\",\"itemListElement\":[{\"@type\":\"ListItem\",\"position\":1,\"name\":\"Inicio\",\"item\":\"https:\\\/\\\/raed.academy\\\/ca\\\/\"},{\"@type\":\"ListItem\",\"position\":2,\"name\":\"Dos testimonis d&#8217;una vida intensa\"}]},{\"@type\":\"WebSite\",\"@id\":\"https:\\\/\\\/raed.academy\\\/ca\\\/#website\",\"url\":\"https:\\\/\\\/raed.academy\\\/ca\\\/\",\"name\":\"Reial Acad\u00e8mia Europea de Doctors\",\"description\":\"Corporaci\u00f3n de derecho p\u00fablico de car\u00e1cter cient\u00edfico, t\u00e9cnico y art\u00edstico, que tiene por objeto la investigaci\u00f3n, el estudio, el fomento y la extensi\u00f3n del conocimiento en su sentido m\u00e1s amplio\",\"publisher\":{\"@id\":\"https:\\\/\\\/raed.academy\\\/ca\\\/#organization\"},\"potentialAction\":[{\"@type\":\"SearchAction\",\"target\":{\"@type\":\"EntryPoint\",\"urlTemplate\":\"https:\\\/\\\/raed.academy\\\/ca\\\/?s={search_term_string}\"},\"query-input\":{\"@type\":\"PropertyValueSpecification\",\"valueRequired\":true,\"valueName\":\"search_term_string\"}}],\"inLanguage\":\"ca-ES\"},{\"@type\":\"Organization\",\"@id\":\"https:\\\/\\\/raed.academy\\\/ca\\\/#organization\",\"name\":\"Real Academia Europea de Doctores\",\"url\":\"https:\\\/\\\/raed.academy\\\/ca\\\/\",\"logo\":{\"@type\":\"ImageObject\",\"inLanguage\":\"ca-ES\",\"@id\":\"https:\\\/\\\/raed.academy\\\/ca\\\/#\\\/schema\\\/logo\\\/image\\\/\",\"url\":\"https:\\\/\\\/raed.academy\\\/wp-content\\\/uploads\\\/2017\\\/01\\\/cropped-logo_raed.png\",\"contentUrl\":\"https:\\\/\\\/raed.academy\\\/wp-content\\\/uploads\\\/2017\\\/01\\\/cropped-logo_raed.png\",\"width\":512,\"height\":512,\"caption\":\"Real Academia Europea de Doctores\"},\"image\":{\"@id\":\"https:\\\/\\\/raed.academy\\\/ca\\\/#\\\/schema\\\/logo\\\/image\\\/\"},\"sameAs\":[\"http:\\\/\\\/fb.me\\\/raed.academy\",\"https:\\\/\\\/x.com\\\/raedacademy\",\"https:\\\/\\\/www.instagram.com\\\/raed.academy\\\/\",\"https:\\\/\\\/www.youtube.com\\\/channel\\\/UCUYQwW2KrdirNWihxMDObwg\"]},{\"@type\":\"Person\",\"@id\":\"https:\\\/\\\/raed.academy\\\/ca\\\/#\\\/schema\\\/person\\\/5a755da80d1d979fd66ba745c8702927\",\"name\":\"RAED\",\"image\":{\"@type\":\"ImageObject\",\"inLanguage\":\"ca-ES\",\"@id\":\"https:\\\/\\\/secure.gravatar.com\\\/avatar\\\/19fdfdc0d67fb9c45714b703a2ac82251c4fcea3637f002ac3c9b74c0183583c?s=96&d=mm&r=g\",\"url\":\"https:\\\/\\\/secure.gravatar.com\\\/avatar\\\/19fdfdc0d67fb9c45714b703a2ac82251c4fcea3637f002ac3c9b74c0183583c?s=96&d=mm&r=g\",\"contentUrl\":\"https:\\\/\\\/secure.gravatar.com\\\/avatar\\\/19fdfdc0d67fb9c45714b703a2ac82251c4fcea3637f002ac3c9b74c0183583c?s=96&d=mm&r=g\",\"caption\":\"RAED\"}}]}<\/script>\n<!-- \/ Yoast SEO plugin. -->","yoast_head_json":{"title":"Dos testimonis d'una vida intensa - Reial Acad\u00e8mia Europea de Doctors","description":"Frederic Borr\u00e0s i Mari\u00e0ngela Vilallonga presenten les seves dues darreres obres, \"Pinceladas de vida\" i \"Retrat interior\", respectivament","robots":{"index":"index","follow":"follow","max-snippet":"max-snippet:-1","max-image-preview":"max-image-preview:large","max-video-preview":"max-video-preview:-1"},"canonical":"https:\/\/raed.academy\/ca\/dos-testimonis-duna-vida-intensa\/","og_locale":"ca_ES","og_type":"article","og_title":"Dos testimonis d'una vida intensa - Reial Acad\u00e8mia Europea de Doctors","og_description":"Frederic Borr\u00e0s i Mari\u00e0ngela Vilallonga presenten les seves dues darreres obres, \"Pinceladas de vida\" i \"Retrat interior\", respectivament","og_url":"https:\/\/raed.academy\/ca\/dos-testimonis-duna-vida-intensa\/","og_site_name":"Reial Acad\u00e8mia Europea de Doctors","article_publisher":"http:\/\/fb.me\/raed.academy","article_published_time":"2025-11-17T16:52:02+00:00","og_image":[{"width":800,"height":480,"url":"https:\/\/raed.academy\/wp-content\/uploads\/2025\/10\/fresco-del-ninfeo-subterraneo-de-la-Villa-Livia-Museo-Nacional-Romano-1.67.webp","type":"image\/webp"}],"author":"RAED","twitter_card":"summary_large_image","twitter_creator":"@raedacademy","twitter_site":"@raedacademy","twitter_misc":{"Written by":"RAED","Est. reading time":"4 minutes"},"schema":{"@context":"https:\/\/schema.org","@graph":[{"@type":"Article","@id":"https:\/\/raed.academy\/ca\/dos-testimonis-duna-vida-intensa\/#article","isPartOf":{"@id":"https:\/\/raed.academy\/ca\/dos-testimonis-duna-vida-intensa\/"},"author":{"name":"RAED","@id":"https:\/\/raed.academy\/ca\/#\/schema\/person\/5a755da80d1d979fd66ba745c8702927"},"headline":"Dos testimonis d&#8217;una vida intensa","datePublished":"2025-11-17T16:52:02+00:00","mainEntityOfPage":{"@id":"https:\/\/raed.academy\/ca\/dos-testimonis-duna-vida-intensa\/"},"wordCount":718,"publisher":{"@id":"https:\/\/raed.academy\/ca\/#organization"},"image":{"@id":"https:\/\/raed.academy\/ca\/dos-testimonis-duna-vida-intensa\/#primaryimage"},"thumbnailUrl":"https:\/\/raed.academy\/wp-content\/uploads\/2025\/10\/fresco-del-ninfeo-subterraneo-de-la-Villa-Livia-Museo-Nacional-Romano-1.67.webp","articleSection":["Art","Econ\u00f2miques i Empresarials","Hist\u00f2ria","Hist\u00f2ria nacional","Literatura"],"inLanguage":"ca-ES"},{"@type":"WebPage","@id":"https:\/\/raed.academy\/ca\/dos-testimonis-duna-vida-intensa\/","url":"https:\/\/raed.academy\/ca\/dos-testimonis-duna-vida-intensa\/","name":"Dos testimonis d'una vida intensa - Reial Acad\u00e8mia Europea de Doctors","isPartOf":{"@id":"https:\/\/raed.academy\/ca\/#website"},"primaryImageOfPage":{"@id":"https:\/\/raed.academy\/ca\/dos-testimonis-duna-vida-intensa\/#primaryimage"},"image":{"@id":"https:\/\/raed.academy\/ca\/dos-testimonis-duna-vida-intensa\/#primaryimage"},"thumbnailUrl":"https:\/\/raed.academy\/wp-content\/uploads\/2025\/10\/fresco-del-ninfeo-subterraneo-de-la-Villa-Livia-Museo-Nacional-Romano-1.67.webp","datePublished":"2025-11-17T16:52:02+00:00","description":"Frederic Borr\u00e0s i Mari\u00e0ngela Vilallonga presenten les seves dues darreres obres, \"Pinceladas de vida\" i \"Retrat interior\", respectivament","breadcrumb":{"@id":"https:\/\/raed.academy\/ca\/dos-testimonis-duna-vida-intensa\/#breadcrumb"},"inLanguage":"ca-ES","potentialAction":[{"@type":"ReadAction","target":["https:\/\/raed.academy\/ca\/dos-testimonis-duna-vida-intensa\/"]}]},{"@type":"ImageObject","inLanguage":"ca-ES","@id":"https:\/\/raed.academy\/ca\/dos-testimonis-duna-vida-intensa\/#primaryimage","url":"https:\/\/raed.academy\/wp-content\/uploads\/2025\/10\/fresco-del-ninfeo-subterraneo-de-la-Villa-Livia-Museo-Nacional-Romano-1.67.webp","contentUrl":"https:\/\/raed.academy\/wp-content\/uploads\/2025\/10\/fresco-del-ninfeo-subterraneo-de-la-Villa-Livia-Museo-Nacional-Romano-1.67.webp","width":800,"height":480},{"@type":"BreadcrumbList","@id":"https:\/\/raed.academy\/ca\/dos-testimonis-duna-vida-intensa\/#breadcrumb","itemListElement":[{"@type":"ListItem","position":1,"name":"Inicio","item":"https:\/\/raed.academy\/ca\/"},{"@type":"ListItem","position":2,"name":"Dos testimonis d&#8217;una vida intensa"}]},{"@type":"WebSite","@id":"https:\/\/raed.academy\/ca\/#website","url":"https:\/\/raed.academy\/ca\/","name":"Reial Acad\u00e8mia Europea de Doctors","description":"Corporaci\u00f3n de derecho p\u00fablico de car\u00e1cter cient\u00edfico, t\u00e9cnico y art\u00edstico, que tiene por objeto la investigaci\u00f3n, el estudio, el fomento y la extensi\u00f3n del conocimiento en su sentido m\u00e1s amplio","publisher":{"@id":"https:\/\/raed.academy\/ca\/#organization"},"potentialAction":[{"@type":"SearchAction","target":{"@type":"EntryPoint","urlTemplate":"https:\/\/raed.academy\/ca\/?s={search_term_string}"},"query-input":{"@type":"PropertyValueSpecification","valueRequired":true,"valueName":"search_term_string"}}],"inLanguage":"ca-ES"},{"@type":"Organization","@id":"https:\/\/raed.academy\/ca\/#organization","name":"Real Academia Europea de Doctores","url":"https:\/\/raed.academy\/ca\/","logo":{"@type":"ImageObject","inLanguage":"ca-ES","@id":"https:\/\/raed.academy\/ca\/#\/schema\/logo\/image\/","url":"https:\/\/raed.academy\/wp-content\/uploads\/2017\/01\/cropped-logo_raed.png","contentUrl":"https:\/\/raed.academy\/wp-content\/uploads\/2017\/01\/cropped-logo_raed.png","width":512,"height":512,"caption":"Real Academia Europea de Doctores"},"image":{"@id":"https:\/\/raed.academy\/ca\/#\/schema\/logo\/image\/"},"sameAs":["http:\/\/fb.me\/raed.academy","https:\/\/x.com\/raedacademy","https:\/\/www.instagram.com\/raed.academy\/","https:\/\/www.youtube.com\/channel\/UCUYQwW2KrdirNWihxMDObwg"]},{"@type":"Person","@id":"https:\/\/raed.academy\/ca\/#\/schema\/person\/5a755da80d1d979fd66ba745c8702927","name":"RAED","image":{"@type":"ImageObject","inLanguage":"ca-ES","@id":"https:\/\/secure.gravatar.com\/avatar\/19fdfdc0d67fb9c45714b703a2ac82251c4fcea3637f002ac3c9b74c0183583c?s=96&d=mm&r=g","url":"https:\/\/secure.gravatar.com\/avatar\/19fdfdc0d67fb9c45714b703a2ac82251c4fcea3637f002ac3c9b74c0183583c?s=96&d=mm&r=g","contentUrl":"https:\/\/secure.gravatar.com\/avatar\/19fdfdc0d67fb9c45714b703a2ac82251c4fcea3637f002ac3c9b74c0183583c?s=96&d=mm&r=g","caption":"RAED"}}]}},"_links":{"self":[{"href":"https:\/\/raed.academy\/ca\/wp-json\/wp\/v2\/posts\/175575","targetHints":{"allow":["GET"]}}],"collection":[{"href":"https:\/\/raed.academy\/ca\/wp-json\/wp\/v2\/posts"}],"about":[{"href":"https:\/\/raed.academy\/ca\/wp-json\/wp\/v2\/types\/post"}],"author":[{"embeddable":true,"href":"https:\/\/raed.academy\/ca\/wp-json\/wp\/v2\/users\/12"}],"replies":[{"embeddable":true,"href":"https:\/\/raed.academy\/ca\/wp-json\/wp\/v2\/comments?post=175575"}],"version-history":[{"count":3,"href":"https:\/\/raed.academy\/ca\/wp-json\/wp\/v2\/posts\/175575\/revisions"}],"predecessor-version":[{"id":175777,"href":"https:\/\/raed.academy\/ca\/wp-json\/wp\/v2\/posts\/175575\/revisions\/175777"}],"wp:featuredmedia":[{"embeddable":true,"href":"https:\/\/raed.academy\/ca\/wp-json\/wp\/v2\/media\/173354"}],"wp:attachment":[{"href":"https:\/\/raed.academy\/ca\/wp-json\/wp\/v2\/media?parent=175575"}],"wp:term":[{"taxonomy":"category","embeddable":true,"href":"https:\/\/raed.academy\/ca\/wp-json\/wp\/v2\/categories?post=175575"},{"taxonomy":"post_tag","embeddable":true,"href":"https:\/\/raed.academy\/ca\/wp-json\/wp\/v2\/tags?post=175575"}],"curies":[{"name":"wp","href":"https:\/\/api.w.org\/{rel}","templated":true}]}}