{"id":175546,"date":"2025-11-17T13:02:01","date_gmt":"2025-11-17T13:02:01","guid":{"rendered":"https:\/\/raed.academy\/?p=175546"},"modified":"2025-11-17T13:02:59","modified_gmt":"2025-11-17T13:02:59","slug":"els-colors-de-la-tardor-al-montseny","status":"publish","type":"post","link":"https:\/\/raed.academy\/ca\/els-colors-de-la-tardor-al-montseny\/","title":{"rendered":"Els colors de la tardor al Montseny"},"content":{"rendered":"<p>[et_pb_section fb_built=&#8221;1&#8243; _builder_version=&#8221;4.16&#8243; global_colors_info=&#8221;{}&#8221;][et_pb_row use_custom_gutter=&#8221;on&#8221; gutter_width=&#8221;1&#8243; _builder_version=&#8221;4.27.4&#8243; background_size=&#8221;initial&#8221; background_position=&#8221;top_left&#8221; background_repeat=&#8221;repeat&#8221; max_width=&#8221;1400px&#8221; global_colors_info=&#8221;{}&#8221;][et_pb_column type=&#8221;4_4&#8243; _builder_version=&#8221;4.16&#8243; custom_padding=&#8221;|||&#8221; global_colors_info=&#8221;{}&#8221; custom_padding__hover=&#8221;|||&#8221;][et_pb_text _builder_version=&#8221;4.27.4&#8243; background_size=&#8221;initial&#8221; background_position=&#8221;top_left&#8221; background_repeat=&#8221;repeat&#8221; hover_enabled=&#8221;0&#8243; global_colors_info=&#8221;{}&#8221; sticky_enabled=&#8221;0&#8243;]<div id=\"attachment_119950\" style=\"width: 510px\" class=\"wp-caption aligncenter\"><img loading=\"lazy\" decoding=\"async\" aria-describedby=\"caption-attachment-119950\" class=\"size-full wp-image-119950\" src=\"https:\/\/raed.academy\/wp-content\/uploads\/2022\/06\/Luis-Pons-Puiggros-dst.webp\" alt=\"Luis Pons Puiggros\" width=\"500\" height=\"300\" srcset=\"https:\/\/raed.academy\/wp-content\/uploads\/2022\/06\/Luis-Pons-Puiggros-dst.webp 500w, https:\/\/raed.academy\/wp-content\/uploads\/2022\/06\/Luis-Pons-Puiggros-dst-440x264.webp 440w\" sizes=\"(max-width: 500px) 100vw, 500px\" \/><p id=\"caption-attachment-119950\" class=\"wp-caption-text\">Dr. Luis Pons Puiggros<\/p><\/div><\/p>\n<p><a href=\"https:\/\/raed.academy\/ca\/academics\/dr-luis-pons-puiggros\/\" target=\"_blank\" rel=\"noopener\"><em><strong>Luis Pons<\/strong><\/em><\/a>, acad\u00e8mic corresponent de la <strong>Reial Acad\u00e8mia Europea de\u00a0Doctors\u00a0<\/strong>(RAED), comparteix amb la comunitat acad\u00e8mica la fotogaler\u00eda <strong>&#8220;<\/strong><span class=\"TextRun SCXW67063743 BCX0\" lang=\"ES-ES\" xml:lang=\"ES-ES\" data-contrast=\"auto\"><span class=\"NormalTextRun SCXW67063743 BCX0\"><strong>Los colores del oto\u00f1o en el Montseny&#8221;<\/strong><\/span><\/span>, publicada el passat 2 de novembre a la secci\u00f3 <strong>&#8220;Las fotos de los lectores&#8221;<\/strong> de l&#8217;edici\u00f3 digital del diari <strong>&#8220;La Vanguardia&#8221;<\/strong>. &#8220;L&#8217;espectacle de color de les arbredes del Montseny apareix nom\u00e9s a pocs quil\u00f2metres abans d&#8217;arribar a Santa Fe del Montseny des de Sant Celoni, per una carretera sinuosa i complicada a trav\u00e9s de boscos de full perenne i amb precipicis preocupants&#8221;, introdueix el mateix autor les imatges.<\/p>\n<p>Per al fot\u00f2graf, les sensacions que transmet aquest canvi d&#8217;estaci\u00f3 en plena natura, a pocs quil\u00f2metres de Barcelona, b\u00e9 mereix una visita i suposa en si mateix un privilegi a l&#8217;abast de la m\u00e0. &#8220;Continuant la carretera, fins a entrar a la prov\u00edncia de Girona, es pot gaudir d&#8217;un colorit meravell\u00f3s, amb encatifat de fulles caigudes, i que val la pena de gaudir i traslladar a la fotografia, que en aquest cas dif\u00edcilment reflecteix tota la bellesa que, en tot cas, ha de preservar-se&#8221;, conclou el breu text de Pons que acompanya a les seves instant\u00e0nies.<\/p>\n<p>L&#8217;acad\u00e8mic \u00e9s un dels fot\u00f2grafs habituals en aquesta secci\u00f3, on ha publicat diverses s\u00e8ries fotogr\u00e0fiques, de diverses tem\u00e0tiques, que han tingut una gran acollida entre els lectors del diari. Entre les seves \u00faltimes galeries destaquen\u00a0<a href=\"https:\/\/www.lavanguardia.com\/participacion\/las-fotos-de-los-lectores\/20220218\/8067671\/torre-calatrava.html\" target=\"_blank\" rel=\"noopener\"><strong>&#8220;El Chupa Chups de la torre de Collserola&#8221;<\/strong><\/a>, <a href=\"https:\/\/raed.academy\/ca\/els-llums-i-colors-que-va-deixar-la-revetlla-de-sant-joan-a-barcelona\/\"><strong>&#8220;Las im\u00e1genes de la verbena de Sant Joan&#8221;<\/strong><\/a>, <a href=\"https:\/\/raed.academy\/ca\/un-espectacle-unic-per-acomiadar-el-2020\/\"><strong>&#8220;\u00bfC\u00f3mo se vieron los fuegos artificiales de A\u00f1o Nuevo en Barcelona?&#8221;<\/strong><\/a>, <a href=\"https:\/\/raed.academy\/ca\/diagonal-mar-refugi-de-la-biodiversitat\/\"><strong>&#8220;Gu\u00eda para identificar las aves de Diagonal Mar&#8221;<\/strong><\/a>, <a href=\"https:\/\/raed.academy\/ca\/la-lluna-i-la-torre-glories\/\"><strong>&#8220;Cuando la luna crece junto a la Torre Gl\u00f2ries&#8221;<\/strong><\/a>, <strong><a href=\"https:\/\/www.lavanguardia.com\/participacion\/las-fotos-de-los-lectores\/20220313\/8115528\/exposicion-barcelona-frida-kahlo.html\" target=\"_blank\" rel=\"noopener\">&#8220;El universo creativo de Frida Kahlo, en monocrom\u00eda y en color&#8221;<\/a><\/strong>, <a href=\"https:\/\/www.lavanguardia.com\/participacion\/las-fotos-de-los-lectores\/20220422\/8214338\/resurgen-carteristas-barcelona.html\" target=\"_blank\" rel=\"noopener\"><strong>&#8220;\u00bfResurgen los carteristas en Barcelona?&#8221;<\/strong><\/a>, <a href=\"https:\/\/www.lavanguardia.com\/participacion\/las-fotos-de-los-lectores\/20220609\/8325995\/libelulas-vuelven-barcelona.html\" target=\"_blank\" rel=\"noopener\"><strong>&#8220;Las lib\u00e9lulas vuelven a Barcelona&#8221;<\/strong><\/a>,\u00a0<strong><a href=\"https:\/\/raed.academy\/ca\/una-espectacular-pluja-destels\/\" target=\"_blank\" rel=\"noopener\">&#8220;La V\u00eda L\u00e1ctea con meteoritos en la Cerdanya&#8221;<\/a><\/strong>, <a href=\"https:\/\/raed.academy\/ca\/els-paisatges-que-van-inspirar-becquer\/\" target=\"_blank\" rel=\"noopener\"><strong>&#8220;Los escenarios de &#8216;El rayo de luna&#8217; de B\u00e9cquer&#8221;<\/strong><\/a>, <a href=\"https:\/\/www.lavanguardia.com\/participacion\/las-fotos-de-los-lectores\/20250711\/10878952\/luna-ciervo-posa-rapita.html\"><strong>&#8220;La luna del ciervo se posa en La R\u00e0pita&#8221; <\/strong><\/a>o <a href=\"https:\/\/www.lavanguardia.com\/participacion\/las-fotos-de-los-lectores\/20250713\/10884543\/efecto-omega-luna-delta-ebro.html\"><strong>&#8220;Efecto omega de la luna en el Delta del Ebro&#8221;<\/strong><\/a>.<\/p>\n<p>Luis Pons va descobrir la fotografia a la d\u00e8cada dels anys 80 del segle passat, portat tant pel seu inter\u00e8s pel proc\u00e9s qu\u00edmic que suposava la revelaci\u00f3 dels negatius en la fotografia de paper com per la seva proximitat amb les seccions de fotografia dels diaris <strong>&#8220;El Pa\u00eds&#8221; i<\/strong> <strong>&#8220;Avui&#8221;<\/strong>, on va treballar com a directiu, com explicava als acad\u00e8mics que al llarg d&#8217;aquests \u00faltims anys han seguit de prop la seva feina. D&#8217;aqu\u00ed va fer el salt cap a la fotografia digital.<\/p>\n<h2><a href=\"https:\/\/www.lavanguardia.com\/participacion\/las-fotos-de-los-lectores\/20251102\/11221960\/colores-otono-montseny.html\" target=\"_blank\" rel=\"noopener\">Veieu la fotogaleria<\/a><\/h2>\n<p>[\/et_pb_text][et_pb_gallery gallery_ids=&#8221;175347,175350,175353&#8243; posts_number=&#8221;3&#8243; show_title_and_caption=&#8221;off&#8221; show_pagination=&#8221;off&#8221; module_class=&#8221;galeria-pad-1&#8243; _builder_version=&#8221;4.27.4&#8243; _module_preset=&#8221;default&#8221; custom_css_gallery_item=&#8221;width: 33.33% !important;||margin: 0 !important;||clear: none !important;&#8221; global_colors_info=&#8221;{}&#8221;][\/et_pb_gallery][\/et_pb_column][\/et_pb_row][\/et_pb_section]<\/p>\n","protected":false},"excerpt":{"rendered":"<p>Luis Pons comparteix amb la comunitat acad\u00e8mica la fotogaleria &#8220;Los colores del oto\u00f1o en el Montseny&#8221;. &#8220;L&#8217;espectacle de color de les arbredes del Montseny apareix nom\u00e9s a pocs quil\u00f2metres abans d&#8217;arribar a Santa Fe del Montseny des de Sant Celoni, per una carretera sinuosa i complicada a trav\u00e9s de boscos de fulla perenne i amb precipicis preocupants&#8221;<\/p>\n","protected":false},"author":12,"featured_media":175356,"comment_status":"closed","ping_status":"closed","sticky":false,"template":"","format":"standard","meta":{"_et_pb_use_builder":"on","_et_pb_old_content":"","_et_gb_content_width":"","footnotes":""},"categories":[229,430,310],"tags":[],"class_list":["post-175546","post","type-post","status-publish","format-standard","has-post-thumbnail","hentry","category-art","category-fotografia-ca","category-medi-ambient","et-has-post-format-content","et_post_format-et-post-format-standard"],"yoast_head":"<!-- This site is optimized with the Yoast SEO plugin v27.5 - https:\/\/yoast.com\/product\/yoast-seo-wordpress\/ -->\n<title>Els colors de la tardor al Montseny - Reial Acad\u00e8mia Europea de Doctors<\/title>\n<meta name=\"description\" content=\"Luis Pons comparteix amb la comunitat acad\u00e8mica la fotogaleria &quot;Los colores del oto\u00f1o en el Montseny&quot;\" \/>\n<meta name=\"robots\" content=\"index, follow, max-snippet:-1, max-image-preview:large, max-video-preview:-1\" \/>\n<link rel=\"canonical\" href=\"https:\/\/raed.academy\/ca\/els-colors-de-la-tardor-al-montseny\/\" \/>\n<meta property=\"og:locale\" content=\"ca_ES\" \/>\n<meta property=\"og:type\" content=\"article\" \/>\n<meta property=\"og:title\" content=\"Els colors de la tardor al Montseny - Reial Acad\u00e8mia Europea de Doctors\" \/>\n<meta property=\"og:description\" content=\"Luis Pons comparteix amb la comunitat acad\u00e8mica la fotogaleria &quot;Los colores del oto\u00f1o en el Montseny&quot;\" \/>\n<meta property=\"og:url\" content=\"https:\/\/raed.academy\/ca\/els-colors-de-la-tardor-al-montseny\/\" \/>\n<meta property=\"og:site_name\" content=\"Reial Acad\u00e8mia Europea de Doctors\" \/>\n<meta property=\"article:publisher\" content=\"http:\/\/fb.me\/raed.academy\" \/>\n<meta property=\"article:published_time\" content=\"2025-11-17T13:02:01+00:00\" \/>\n<meta property=\"article:modified_time\" content=\"2025-11-17T13:02:59+00:00\" \/>\n<meta property=\"og:image\" content=\"https:\/\/raed.academy\/wp-content\/uploads\/2025\/11\/fotogaleria-Luis-Pons-Los-colores-del-otono-en-el-Montseny-1.67.webp\" \/>\n\t<meta property=\"og:image:width\" content=\"800\" \/>\n\t<meta property=\"og:image:height\" content=\"480\" \/>\n\t<meta property=\"og:image:type\" content=\"image\/webp\" \/>\n<meta name=\"author\" content=\"RAED\" \/>\n<meta name=\"twitter:card\" content=\"summary_large_image\" \/>\n<meta name=\"twitter:creator\" content=\"@raedacademy\" \/>\n<meta name=\"twitter:site\" content=\"@raedacademy\" \/>\n<meta name=\"twitter:label1\" content=\"Written by\" \/>\n\t<meta name=\"twitter:data1\" content=\"RAED\" \/>\n\t<meta name=\"twitter:label2\" content=\"Est. reading time\" \/>\n\t<meta name=\"twitter:data2\" content=\"3 minutes\" \/>\n<script type=\"application\/ld+json\" class=\"yoast-schema-graph\">{\"@context\":\"https:\\\/\\\/schema.org\",\"@graph\":[{\"@type\":\"Article\",\"@id\":\"https:\\\/\\\/raed.academy\\\/ca\\\/els-colors-de-la-tardor-al-montseny\\\/#article\",\"isPartOf\":{\"@id\":\"https:\\\/\\\/raed.academy\\\/ca\\\/els-colors-de-la-tardor-al-montseny\\\/\"},\"author\":{\"name\":\"RAED\",\"@id\":\"https:\\\/\\\/raed.academy\\\/ca\\\/#\\\/schema\\\/person\\\/5a755da80d1d979fd66ba745c8702927\"},\"headline\":\"Els colors de la tardor al Montseny\",\"datePublished\":\"2025-11-17T13:02:01+00:00\",\"dateModified\":\"2025-11-17T13:02:59+00:00\",\"mainEntityOfPage\":{\"@id\":\"https:\\\/\\\/raed.academy\\\/ca\\\/els-colors-de-la-tardor-al-montseny\\\/\"},\"wordCount\":599,\"publisher\":{\"@id\":\"https:\\\/\\\/raed.academy\\\/ca\\\/#organization\"},\"image\":{\"@id\":\"https:\\\/\\\/raed.academy\\\/ca\\\/els-colors-de-la-tardor-al-montseny\\\/#primaryimage\"},\"thumbnailUrl\":\"https:\\\/\\\/raed.academy\\\/wp-content\\\/uploads\\\/2025\\\/11\\\/fotogaleria-Luis-Pons-Los-colores-del-otono-en-el-Montseny-1.67.webp\",\"articleSection\":[\"Art\",\"Fotografia\",\"Medi ambient\"],\"inLanguage\":\"ca-ES\"},{\"@type\":\"WebPage\",\"@id\":\"https:\\\/\\\/raed.academy\\\/ca\\\/els-colors-de-la-tardor-al-montseny\\\/\",\"url\":\"https:\\\/\\\/raed.academy\\\/ca\\\/els-colors-de-la-tardor-al-montseny\\\/\",\"name\":\"Els colors de la tardor al Montseny - Reial Acad\u00e8mia Europea de Doctors\",\"isPartOf\":{\"@id\":\"https:\\\/\\\/raed.academy\\\/ca\\\/#website\"},\"primaryImageOfPage\":{\"@id\":\"https:\\\/\\\/raed.academy\\\/ca\\\/els-colors-de-la-tardor-al-montseny\\\/#primaryimage\"},\"image\":{\"@id\":\"https:\\\/\\\/raed.academy\\\/ca\\\/els-colors-de-la-tardor-al-montseny\\\/#primaryimage\"},\"thumbnailUrl\":\"https:\\\/\\\/raed.academy\\\/wp-content\\\/uploads\\\/2025\\\/11\\\/fotogaleria-Luis-Pons-Los-colores-del-otono-en-el-Montseny-1.67.webp\",\"datePublished\":\"2025-11-17T13:02:01+00:00\",\"dateModified\":\"2025-11-17T13:02:59+00:00\",\"description\":\"Luis Pons comparteix amb la comunitat acad\u00e8mica la fotogaleria \\\"Los colores del oto\u00f1o en el Montseny\\\"\",\"breadcrumb\":{\"@id\":\"https:\\\/\\\/raed.academy\\\/ca\\\/els-colors-de-la-tardor-al-montseny\\\/#breadcrumb\"},\"inLanguage\":\"ca-ES\",\"potentialAction\":[{\"@type\":\"ReadAction\",\"target\":[\"https:\\\/\\\/raed.academy\\\/ca\\\/els-colors-de-la-tardor-al-montseny\\\/\"]}]},{\"@type\":\"ImageObject\",\"inLanguage\":\"ca-ES\",\"@id\":\"https:\\\/\\\/raed.academy\\\/ca\\\/els-colors-de-la-tardor-al-montseny\\\/#primaryimage\",\"url\":\"https:\\\/\\\/raed.academy\\\/wp-content\\\/uploads\\\/2025\\\/11\\\/fotogaleria-Luis-Pons-Los-colores-del-otono-en-el-Montseny-1.67.webp\",\"contentUrl\":\"https:\\\/\\\/raed.academy\\\/wp-content\\\/uploads\\\/2025\\\/11\\\/fotogaleria-Luis-Pons-Los-colores-del-otono-en-el-Montseny-1.67.webp\",\"width\":800,\"height\":480},{\"@type\":\"BreadcrumbList\",\"@id\":\"https:\\\/\\\/raed.academy\\\/ca\\\/els-colors-de-la-tardor-al-montseny\\\/#breadcrumb\",\"itemListElement\":[{\"@type\":\"ListItem\",\"position\":1,\"name\":\"Inicio\",\"item\":\"https:\\\/\\\/raed.academy\\\/ca\\\/\"},{\"@type\":\"ListItem\",\"position\":2,\"name\":\"Els colors de la tardor al Montseny\"}]},{\"@type\":\"WebSite\",\"@id\":\"https:\\\/\\\/raed.academy\\\/ca\\\/#website\",\"url\":\"https:\\\/\\\/raed.academy\\\/ca\\\/\",\"name\":\"Reial Acad\u00e8mia Europea de Doctors\",\"description\":\"Corporaci\u00f3n de derecho p\u00fablico de car\u00e1cter cient\u00edfico, t\u00e9cnico y art\u00edstico, que tiene por objeto la investigaci\u00f3n, el estudio, el fomento y la extensi\u00f3n del conocimiento en su sentido m\u00e1s amplio\",\"publisher\":{\"@id\":\"https:\\\/\\\/raed.academy\\\/ca\\\/#organization\"},\"potentialAction\":[{\"@type\":\"SearchAction\",\"target\":{\"@type\":\"EntryPoint\",\"urlTemplate\":\"https:\\\/\\\/raed.academy\\\/ca\\\/?s={search_term_string}\"},\"query-input\":{\"@type\":\"PropertyValueSpecification\",\"valueRequired\":true,\"valueName\":\"search_term_string\"}}],\"inLanguage\":\"ca-ES\"},{\"@type\":\"Organization\",\"@id\":\"https:\\\/\\\/raed.academy\\\/ca\\\/#organization\",\"name\":\"Real Academia Europea de Doctores\",\"url\":\"https:\\\/\\\/raed.academy\\\/ca\\\/\",\"logo\":{\"@type\":\"ImageObject\",\"inLanguage\":\"ca-ES\",\"@id\":\"https:\\\/\\\/raed.academy\\\/ca\\\/#\\\/schema\\\/logo\\\/image\\\/\",\"url\":\"https:\\\/\\\/raed.academy\\\/wp-content\\\/uploads\\\/2017\\\/01\\\/cropped-logo_raed.png\",\"contentUrl\":\"https:\\\/\\\/raed.academy\\\/wp-content\\\/uploads\\\/2017\\\/01\\\/cropped-logo_raed.png\",\"width\":512,\"height\":512,\"caption\":\"Real Academia Europea de Doctores\"},\"image\":{\"@id\":\"https:\\\/\\\/raed.academy\\\/ca\\\/#\\\/schema\\\/logo\\\/image\\\/\"},\"sameAs\":[\"http:\\\/\\\/fb.me\\\/raed.academy\",\"https:\\\/\\\/x.com\\\/raedacademy\",\"https:\\\/\\\/www.instagram.com\\\/raed.academy\\\/\",\"https:\\\/\\\/www.youtube.com\\\/channel\\\/UCUYQwW2KrdirNWihxMDObwg\"]},{\"@type\":\"Person\",\"@id\":\"https:\\\/\\\/raed.academy\\\/ca\\\/#\\\/schema\\\/person\\\/5a755da80d1d979fd66ba745c8702927\",\"name\":\"RAED\",\"image\":{\"@type\":\"ImageObject\",\"inLanguage\":\"ca-ES\",\"@id\":\"https:\\\/\\\/secure.gravatar.com\\\/avatar\\\/19fdfdc0d67fb9c45714b703a2ac82251c4fcea3637f002ac3c9b74c0183583c?s=96&d=mm&r=g\",\"url\":\"https:\\\/\\\/secure.gravatar.com\\\/avatar\\\/19fdfdc0d67fb9c45714b703a2ac82251c4fcea3637f002ac3c9b74c0183583c?s=96&d=mm&r=g\",\"contentUrl\":\"https:\\\/\\\/secure.gravatar.com\\\/avatar\\\/19fdfdc0d67fb9c45714b703a2ac82251c4fcea3637f002ac3c9b74c0183583c?s=96&d=mm&r=g\",\"caption\":\"RAED\"}}]}<\/script>\n<!-- \/ Yoast SEO plugin. -->","yoast_head_json":{"title":"Els colors de la tardor al Montseny - Reial Acad\u00e8mia Europea de Doctors","description":"Luis Pons comparteix amb la comunitat acad\u00e8mica la fotogaleria \"Los colores del oto\u00f1o en el Montseny\"","robots":{"index":"index","follow":"follow","max-snippet":"max-snippet:-1","max-image-preview":"max-image-preview:large","max-video-preview":"max-video-preview:-1"},"canonical":"https:\/\/raed.academy\/ca\/els-colors-de-la-tardor-al-montseny\/","og_locale":"ca_ES","og_type":"article","og_title":"Els colors de la tardor al Montseny - Reial Acad\u00e8mia Europea de Doctors","og_description":"Luis Pons comparteix amb la comunitat acad\u00e8mica la fotogaleria \"Los colores del oto\u00f1o en el Montseny\"","og_url":"https:\/\/raed.academy\/ca\/els-colors-de-la-tardor-al-montseny\/","og_site_name":"Reial Acad\u00e8mia Europea de Doctors","article_publisher":"http:\/\/fb.me\/raed.academy","article_published_time":"2025-11-17T13:02:01+00:00","article_modified_time":"2025-11-17T13:02:59+00:00","og_image":[{"width":800,"height":480,"url":"https:\/\/raed.academy\/wp-content\/uploads\/2025\/11\/fotogaleria-Luis-Pons-Los-colores-del-otono-en-el-Montseny-1.67.webp","type":"image\/webp"}],"author":"RAED","twitter_card":"summary_large_image","twitter_creator":"@raedacademy","twitter_site":"@raedacademy","twitter_misc":{"Written by":"RAED","Est. reading time":"3 minutes"},"schema":{"@context":"https:\/\/schema.org","@graph":[{"@type":"Article","@id":"https:\/\/raed.academy\/ca\/els-colors-de-la-tardor-al-montseny\/#article","isPartOf":{"@id":"https:\/\/raed.academy\/ca\/els-colors-de-la-tardor-al-montseny\/"},"author":{"name":"RAED","@id":"https:\/\/raed.academy\/ca\/#\/schema\/person\/5a755da80d1d979fd66ba745c8702927"},"headline":"Els colors de la tardor al Montseny","datePublished":"2025-11-17T13:02:01+00:00","dateModified":"2025-11-17T13:02:59+00:00","mainEntityOfPage":{"@id":"https:\/\/raed.academy\/ca\/els-colors-de-la-tardor-al-montseny\/"},"wordCount":599,"publisher":{"@id":"https:\/\/raed.academy\/ca\/#organization"},"image":{"@id":"https:\/\/raed.academy\/ca\/els-colors-de-la-tardor-al-montseny\/#primaryimage"},"thumbnailUrl":"https:\/\/raed.academy\/wp-content\/uploads\/2025\/11\/fotogaleria-Luis-Pons-Los-colores-del-otono-en-el-Montseny-1.67.webp","articleSection":["Art","Fotografia","Medi ambient"],"inLanguage":"ca-ES"},{"@type":"WebPage","@id":"https:\/\/raed.academy\/ca\/els-colors-de-la-tardor-al-montseny\/","url":"https:\/\/raed.academy\/ca\/els-colors-de-la-tardor-al-montseny\/","name":"Els colors de la tardor al Montseny - Reial Acad\u00e8mia Europea de Doctors","isPartOf":{"@id":"https:\/\/raed.academy\/ca\/#website"},"primaryImageOfPage":{"@id":"https:\/\/raed.academy\/ca\/els-colors-de-la-tardor-al-montseny\/#primaryimage"},"image":{"@id":"https:\/\/raed.academy\/ca\/els-colors-de-la-tardor-al-montseny\/#primaryimage"},"thumbnailUrl":"https:\/\/raed.academy\/wp-content\/uploads\/2025\/11\/fotogaleria-Luis-Pons-Los-colores-del-otono-en-el-Montseny-1.67.webp","datePublished":"2025-11-17T13:02:01+00:00","dateModified":"2025-11-17T13:02:59+00:00","description":"Luis Pons comparteix amb la comunitat acad\u00e8mica la fotogaleria \"Los colores del oto\u00f1o en el Montseny\"","breadcrumb":{"@id":"https:\/\/raed.academy\/ca\/els-colors-de-la-tardor-al-montseny\/#breadcrumb"},"inLanguage":"ca-ES","potentialAction":[{"@type":"ReadAction","target":["https:\/\/raed.academy\/ca\/els-colors-de-la-tardor-al-montseny\/"]}]},{"@type":"ImageObject","inLanguage":"ca-ES","@id":"https:\/\/raed.academy\/ca\/els-colors-de-la-tardor-al-montseny\/#primaryimage","url":"https:\/\/raed.academy\/wp-content\/uploads\/2025\/11\/fotogaleria-Luis-Pons-Los-colores-del-otono-en-el-Montseny-1.67.webp","contentUrl":"https:\/\/raed.academy\/wp-content\/uploads\/2025\/11\/fotogaleria-Luis-Pons-Los-colores-del-otono-en-el-Montseny-1.67.webp","width":800,"height":480},{"@type":"BreadcrumbList","@id":"https:\/\/raed.academy\/ca\/els-colors-de-la-tardor-al-montseny\/#breadcrumb","itemListElement":[{"@type":"ListItem","position":1,"name":"Inicio","item":"https:\/\/raed.academy\/ca\/"},{"@type":"ListItem","position":2,"name":"Els colors de la tardor al Montseny"}]},{"@type":"WebSite","@id":"https:\/\/raed.academy\/ca\/#website","url":"https:\/\/raed.academy\/ca\/","name":"Reial Acad\u00e8mia Europea de Doctors","description":"Corporaci\u00f3n de derecho p\u00fablico de car\u00e1cter cient\u00edfico, t\u00e9cnico y art\u00edstico, que tiene por objeto la investigaci\u00f3n, el estudio, el fomento y la extensi\u00f3n del conocimiento en su sentido m\u00e1s amplio","publisher":{"@id":"https:\/\/raed.academy\/ca\/#organization"},"potentialAction":[{"@type":"SearchAction","target":{"@type":"EntryPoint","urlTemplate":"https:\/\/raed.academy\/ca\/?s={search_term_string}"},"query-input":{"@type":"PropertyValueSpecification","valueRequired":true,"valueName":"search_term_string"}}],"inLanguage":"ca-ES"},{"@type":"Organization","@id":"https:\/\/raed.academy\/ca\/#organization","name":"Real Academia Europea de Doctores","url":"https:\/\/raed.academy\/ca\/","logo":{"@type":"ImageObject","inLanguage":"ca-ES","@id":"https:\/\/raed.academy\/ca\/#\/schema\/logo\/image\/","url":"https:\/\/raed.academy\/wp-content\/uploads\/2017\/01\/cropped-logo_raed.png","contentUrl":"https:\/\/raed.academy\/wp-content\/uploads\/2017\/01\/cropped-logo_raed.png","width":512,"height":512,"caption":"Real Academia Europea de Doctores"},"image":{"@id":"https:\/\/raed.academy\/ca\/#\/schema\/logo\/image\/"},"sameAs":["http:\/\/fb.me\/raed.academy","https:\/\/x.com\/raedacademy","https:\/\/www.instagram.com\/raed.academy\/","https:\/\/www.youtube.com\/channel\/UCUYQwW2KrdirNWihxMDObwg"]},{"@type":"Person","@id":"https:\/\/raed.academy\/ca\/#\/schema\/person\/5a755da80d1d979fd66ba745c8702927","name":"RAED","image":{"@type":"ImageObject","inLanguage":"ca-ES","@id":"https:\/\/secure.gravatar.com\/avatar\/19fdfdc0d67fb9c45714b703a2ac82251c4fcea3637f002ac3c9b74c0183583c?s=96&d=mm&r=g","url":"https:\/\/secure.gravatar.com\/avatar\/19fdfdc0d67fb9c45714b703a2ac82251c4fcea3637f002ac3c9b74c0183583c?s=96&d=mm&r=g","contentUrl":"https:\/\/secure.gravatar.com\/avatar\/19fdfdc0d67fb9c45714b703a2ac82251c4fcea3637f002ac3c9b74c0183583c?s=96&d=mm&r=g","caption":"RAED"}}]}},"_links":{"self":[{"href":"https:\/\/raed.academy\/ca\/wp-json\/wp\/v2\/posts\/175546","targetHints":{"allow":["GET"]}}],"collection":[{"href":"https:\/\/raed.academy\/ca\/wp-json\/wp\/v2\/posts"}],"about":[{"href":"https:\/\/raed.academy\/ca\/wp-json\/wp\/v2\/types\/post"}],"author":[{"embeddable":true,"href":"https:\/\/raed.academy\/ca\/wp-json\/wp\/v2\/users\/12"}],"replies":[{"embeddable":true,"href":"https:\/\/raed.academy\/ca\/wp-json\/wp\/v2\/comments?post=175546"}],"version-history":[{"count":4,"href":"https:\/\/raed.academy\/ca\/wp-json\/wp\/v2\/posts\/175546\/revisions"}],"predecessor-version":[{"id":175746,"href":"https:\/\/raed.academy\/ca\/wp-json\/wp\/v2\/posts\/175546\/revisions\/175746"}],"wp:featuredmedia":[{"embeddable":true,"href":"https:\/\/raed.academy\/ca\/wp-json\/wp\/v2\/media\/175356"}],"wp:attachment":[{"href":"https:\/\/raed.academy\/ca\/wp-json\/wp\/v2\/media?parent=175546"}],"wp:term":[{"taxonomy":"category","embeddable":true,"href":"https:\/\/raed.academy\/ca\/wp-json\/wp\/v2\/categories?post=175546"},{"taxonomy":"post_tag","embeddable":true,"href":"https:\/\/raed.academy\/ca\/wp-json\/wp\/v2\/tags?post=175546"}],"curies":[{"name":"wp","href":"https:\/\/api.w.org\/{rel}","templated":true}]}}