{"id":174247,"date":"2025-10-31T20:04:15","date_gmt":"2025-10-31T20:04:15","guid":{"rendered":"https:\/\/raed.academy\/?p=174247"},"modified":"2025-11-07T07:14:50","modified_gmt":"2025-11-07T07:14:50","slug":"reptes-i-amenaces-per-a-la-competitivitat-empresarial","status":"publish","type":"post","link":"https:\/\/raed.academy\/ca\/reptes-i-amenaces-per-a-la-competitivitat-empresarial\/","title":{"rendered":"Reptes i amenaces per a la competitivitat empresarial"},"content":{"rendered":"<div id=\"attachment_92751\" style=\"width: 299px\" class=\"wp-caption alignright\"><img loading=\"lazy\" decoding=\"async\" aria-describedby=\"caption-attachment-92751\" class=\"wp-image-92751\" src=\"https:\/\/raed.academy\/wp-content\/uploads\/2020\/07\/Jaume-Llopis.jpg\" alt=\"Dr. Jaume Llopis\" width=\"289\" height=\"399\" aria-describedby=\"caption-attachment-92751\" \/><p id=\"caption-attachment-92751\" class=\"wp-caption-text\">Dr. Jaume Llopis<\/p><\/div>\n<p><a href=\"https:\/\/raed.academy\/ca\/academics\/dr-jaume-llopis-casellas\/\" target=\"_blank\" rel=\"noopener\"><em><strong>Jaume Llopis<\/strong><\/em><\/a>, professor em\u00e8rit d&#8217;<strong>IESE Business School<\/strong> i acad\u00e8mic numerari i vicepresident de la <strong>Junta de Govern<\/strong> de la <strong>Reial Acad\u00e8mia Europea de Doctors<\/strong> (RAED), va participar en la sessi\u00f3 que el <strong>Club Rotary Metropolit\u00e0 del Camp de Tarragona<\/strong> va celebrar el passat 17 de setembre al restaurant de l&#8217;hotel boutique<strong> Mas Passamaner<\/strong> de la Seva del Camp amb la confer\u00e8ncia <strong>&#8220;Reptes i amenaces per a la competitivitat empresarial&#8221;<\/strong>, en la qual va abordar la necessitat de l&#8217;empresa actual d&#8217;adaptar-se a les innovacions tecnol\u00f2giques i al m\u00f3n digital, apostar decididament per la sostenibilitat i configurar mecanismes de control per intervenir davant episodis d&#8217;inestabilitat econ\u00f2mica i financera i riscos de ciberseguretat.<\/p>\n<p>Per al ponent, la innovaci\u00f3 cont\u00ednua i l&#8217;agilitat empresarial han de ser entre les prioritats del gestor empresarial actual, qui ha de vetllar per la formaci\u00f3 cont\u00ednua del personal de l&#8217;empresa i el desenvolupament del capital hum\u00e0. Aix\u00ed mateix, ha d&#8217;explorar totes les aliances estrat\u00e8giques i de col\u00b7laboraci\u00f3 que puguin crear valor, fomentar pol\u00edtiques de gesti\u00f3 del risc i resili\u00e8ncia organitzativa i establir la sostenibilitat sempre com un avantatge competitiu a l&#8217;estrat\u00e8gia empresarial. &#8220;Les empreses competeixen en un entorn global i canviant i la digitalitzaci\u00f3 i la sostenibilitat han esdevingut reptes i oportunitats clau en un entorn empresarial en el qual el talent hum\u00e0 continua sent un actiu estrat\u00e8gic fonamental. En aquest context, l&#8217;agilitat a la presa de decisions, la innovaci\u00f3 i la col\u00b7laboraci\u00f3 marquen la difer\u00e8ncia competitiva, tot i que sempre cal estar alerta davant amenaces com la inestabilitat econ\u00f2mica i la ciberseguretat, que requereixen un valor com la resili\u00e8ncia, que \u00e9s necessari conrear al model de gesti\u00f3 actual&#8221;, va afirmar l&#8217;expert.<\/p>\n<p>Llopis va destacar altres estrat\u00e8gies com la internacionalitzaci\u00f3, fonamental per compensar la caiguda de la demanda interna, diversificar els riscos i aprofitar els avantatges de l&#8217;esglaonament compensant la saturaci\u00f3 del mercat dom\u00e8stic en mercats menys madurs i amb m\u00e9s potencial de creixement. En aquest sentit, va aconsellar l&#8217;exploraci\u00f3 de diverses vies com l&#8217;exportaci\u00f3, la inversi\u00f3 directa mitjan\u00e7ant una filial pr\u00f2pia o la compra d&#8217;una empresa local, la creaci\u00f3 d&#8217;una &#8216;Joint Venture&#8217; amb socis locals o estrangers, els acords de llic\u00e8ncies o franqu\u00edcies o b\u00e9 la subcontractaci\u00f3 d&#8217;activitats o funcions a l&#8217;exterior. &#8220;No hi ha patrons establerts, sin\u00f3 vestits a mida. Cada empresa ha de tra\u00e7ar el seu propi cam\u00ed i continuar-lo, adaptant l&#8217;estrat\u00e8gia al seu punt de partida i a les capacitats i recursos que tingui o pugui aconseguir&#8221;, va assenyalar.<\/p>\n<p><img loading=\"lazy\" decoding=\"async\" class=\"size-full wp-image-152192 alignleft\" src=\"https:\/\/raed.academy\/wp-content\/uploads\/2024\/07\/shutt-negocios-activos-intangibles-empresas-economia-dst.webp\" sizes=\"(max-width: 600px) 100vw, 600px\" srcset=\"https:\/\/raed.academy\/wp-content\/uploads\/2024\/07\/shutt-negocios-activos-intangibles-empresas-economia-dst.webp 600w, https:\/\/raed.academy\/wp-content\/uploads\/2024\/07\/shutt-negocios-activos-intangibles-empresas-economia-dst-440x264.webp 440w\" alt=\"\" width=\"600\" height=\"360\" \/>De la mateixa forma, va presentar el que considera les bases o punt de la nova direcci\u00f3 general, marcades per la transformaci\u00f3 de l&#8217;entorn competitiu i les exig\u00e8ncies de consumidors, empleats i resta de grups d&#8217;inter\u00e8s. &#8220;S&#8217;imposen nous estils de lideratge i noves prioritats directives. No es tracta de qu\u00e8 es fa, sin\u00f3 de com i per qu\u00e8 es fa. S&#8217;imposa la creaci\u00f3 d&#8217;una identitat corporativa potent i atractiva. \u00c9s important crear una cultura empresarial que pugui atreure i captar el millor talent, fidelitzar els consumidors i ser un referent de bones pr\u00e0ctiques empresarials. Les noves generacions d&#8217;empleats demanden l\u00edders propers, emp\u00e0tics i m\u00e9s humans. Posar el focus en les persones i en el desenvolupament del talent \u00e9s la clau per a la rendibilitat i l&#8217;\u00e8xit a llarg termini. Cal aprendre a aprendre, incorporar sistem\u00e0ticament nous coneixements i habilitats. La velocitat, aix\u00ed mateix, s&#8217;ha convertit en un factor cr\u00edtic per la competitivitat empresarial. I per tenir-la cal descentralitzar la presa de decisions, fomentar la iniciativa individual i l&#8217;emprenedoria col\u00b7lectiva i simplificar processos&#8221;, va considerar.<\/p>\n<p>Llopis ha desenvolupat una llarga i exitosa traject\u00f2ria al m\u00f3n de la gesti\u00f3 empresarial a empreses com <strong>Moulinex<\/strong>, <strong>Nestl\u00e9<\/strong>, <strong>La Uni\u00f3n y el F\u00e9nix Espa\u00f1ol<\/strong> i <strong>Borges International Group<\/strong>. De la seva vasta traject\u00f2ria acad\u00e8mica, al seu magisteri a IESE se sumen els seus cursos com a professor convidat a les escoles de negocis <strong>IPADE<\/strong> (M\u00e8xic), <strong>AESE<\/strong> (Portugal), <strong>IDE<\/strong> (Equador), <strong>INCAE<\/strong> (Nicaragua), <strong>IEEM<\/strong> (Uruguai), <strong>MDE<\/strong> (Costa d&#8217;Ivori), l&#8217;<strong>Institut San Telmo<\/strong> de Sevilla, i <strong>EADA<\/strong>, a Barcelona. \u00c9s autor de llibres de refer\u00e8ncia a l&#8217;\u00e0mbit de la gesti\u00f3 empresarial.<\/p>\n","protected":false},"excerpt":{"rendered":"<p>Jaume Llopis aborda la necessitat de l&#8217;empresa actual d&#8217;adaptar-se a les innovacions tecnol\u00f2giques i al m\u00f3n digital, apostar decididament per la sostenibilitat i configurar mecanismes de control per intervenir davant d&#8217;episodis d&#8217;inestabilitat econ\u00f2mica i financera i riscos de ciberseguretat<\/p>\n","protected":false},"author":12,"featured_media":144404,"comment_status":"closed","ping_status":"closed","sticky":false,"template":"","format":"standard","meta":{"_et_pb_use_builder":"","_et_pb_old_content":"","_et_gb_content_width":"","footnotes":""},"categories":[233,492],"tags":[],"class_list":["post-174247","post","type-post","status-publish","format-standard","has-post-thumbnail","hentry","category-economiques-i-empresarials","category-trobades-cientifiques-i-congressos","et-has-post-format-content","et_post_format-et-post-format-standard"],"yoast_head":"<!-- This site is optimized with the Yoast SEO plugin v27.4 - https:\/\/yoast.com\/product\/yoast-seo-wordpress\/ -->\n<title>Reptes i amenaces per a la competitivitat empresarial - Reial Acad\u00e8mia Europea de Doctors<\/title>\n<meta name=\"description\" content=\"Jaume Llopis aborda la necessitat de l&#039;empresa actual d&#039;adaptar-se a les innovacions tecnol\u00f2giques i al m\u00f3n digital\" \/>\n<meta name=\"robots\" content=\"index, follow, max-snippet:-1, max-image-preview:large, max-video-preview:-1\" \/>\n<link rel=\"canonical\" href=\"https:\/\/raed.academy\/ca\/reptes-i-amenaces-per-a-la-competitivitat-empresarial\/\" \/>\n<meta property=\"og:locale\" content=\"ca_ES\" \/>\n<meta property=\"og:type\" content=\"article\" \/>\n<meta property=\"og:title\" content=\"Reptes i amenaces per a la competitivitat empresarial - Reial Acad\u00e8mia Europea de Doctors\" \/>\n<meta property=\"og:description\" content=\"Jaume Llopis aborda la necessitat de l&#039;empresa actual d&#039;adaptar-se a les innovacions tecnol\u00f2giques i al m\u00f3n digital\" \/>\n<meta property=\"og:url\" content=\"https:\/\/raed.academy\/ca\/reptes-i-amenaces-per-a-la-competitivitat-empresarial\/\" \/>\n<meta property=\"og:site_name\" content=\"Reial Acad\u00e8mia Europea de Doctors\" \/>\n<meta property=\"article:publisher\" content=\"http:\/\/fb.me\/raed.academy\" \/>\n<meta property=\"article:published_time\" content=\"2025-10-31T20:04:15+00:00\" \/>\n<meta property=\"article:modified_time\" content=\"2025-11-07T07:14:50+00:00\" \/>\n<meta property=\"og:image\" content=\"https:\/\/raed.academy\/wp-content\/uploads\/2014\/07\/shutt-negocios-activos-intangibles-empresas-RV2023-1.78.webp\" \/>\n\t<meta property=\"og:image:width\" content=\"1600\" \/>\n\t<meta property=\"og:image:height\" content=\"900\" \/>\n\t<meta property=\"og:image:type\" content=\"image\/webp\" \/>\n<meta name=\"author\" content=\"RAED\" \/>\n<meta name=\"twitter:card\" content=\"summary_large_image\" \/>\n<meta name=\"twitter:creator\" content=\"@raedacademy\" \/>\n<meta name=\"twitter:site\" content=\"@raedacademy\" \/>\n<meta name=\"twitter:label1\" content=\"Written by\" \/>\n\t<meta name=\"twitter:data1\" content=\"RAED\" \/>\n\t<meta name=\"twitter:label2\" content=\"Est. reading time\" \/>\n\t<meta name=\"twitter:data2\" content=\"4 minutes\" \/>\n<script type=\"application\/ld+json\" class=\"yoast-schema-graph\">{\"@context\":\"https:\\\/\\\/schema.org\",\"@graph\":[{\"@type\":\"Article\",\"@id\":\"https:\\\/\\\/raed.academy\\\/ca\\\/reptes-i-amenaces-per-a-la-competitivitat-empresarial\\\/#article\",\"isPartOf\":{\"@id\":\"https:\\\/\\\/raed.academy\\\/ca\\\/reptes-i-amenaces-per-a-la-competitivitat-empresarial\\\/\"},\"author\":{\"name\":\"RAED\",\"@id\":\"https:\\\/\\\/raed.academy\\\/ca\\\/#\\\/schema\\\/person\\\/5a755da80d1d979fd66ba745c8702927\"},\"headline\":\"Reptes i amenaces per a la competitivitat empresarial\",\"datePublished\":\"2025-10-31T20:04:15+00:00\",\"dateModified\":\"2025-11-07T07:14:50+00:00\",\"mainEntityOfPage\":{\"@id\":\"https:\\\/\\\/raed.academy\\\/ca\\\/reptes-i-amenaces-per-a-la-competitivitat-empresarial\\\/\"},\"wordCount\":760,\"publisher\":{\"@id\":\"https:\\\/\\\/raed.academy\\\/ca\\\/#organization\"},\"image\":{\"@id\":\"https:\\\/\\\/raed.academy\\\/ca\\\/reptes-i-amenaces-per-a-la-competitivitat-empresarial\\\/#primaryimage\"},\"thumbnailUrl\":\"https:\\\/\\\/raed.academy\\\/wp-content\\\/uploads\\\/2014\\\/07\\\/shutt-negocios-activos-intangibles-empresas-RV2023-1.78.webp\",\"articleSection\":[\"Econ\u00f2miques i Empresarials\",\"Trobades Cient\u00edfiques i Congressos\"],\"inLanguage\":\"ca-ES\"},{\"@type\":\"WebPage\",\"@id\":\"https:\\\/\\\/raed.academy\\\/ca\\\/reptes-i-amenaces-per-a-la-competitivitat-empresarial\\\/\",\"url\":\"https:\\\/\\\/raed.academy\\\/ca\\\/reptes-i-amenaces-per-a-la-competitivitat-empresarial\\\/\",\"name\":\"Reptes i amenaces per a la competitivitat empresarial - Reial Acad\u00e8mia Europea de Doctors\",\"isPartOf\":{\"@id\":\"https:\\\/\\\/raed.academy\\\/ca\\\/#website\"},\"primaryImageOfPage\":{\"@id\":\"https:\\\/\\\/raed.academy\\\/ca\\\/reptes-i-amenaces-per-a-la-competitivitat-empresarial\\\/#primaryimage\"},\"image\":{\"@id\":\"https:\\\/\\\/raed.academy\\\/ca\\\/reptes-i-amenaces-per-a-la-competitivitat-empresarial\\\/#primaryimage\"},\"thumbnailUrl\":\"https:\\\/\\\/raed.academy\\\/wp-content\\\/uploads\\\/2014\\\/07\\\/shutt-negocios-activos-intangibles-empresas-RV2023-1.78.webp\",\"datePublished\":\"2025-10-31T20:04:15+00:00\",\"dateModified\":\"2025-11-07T07:14:50+00:00\",\"description\":\"Jaume Llopis aborda la necessitat de l'empresa actual d'adaptar-se a les innovacions tecnol\u00f2giques i al m\u00f3n digital\",\"breadcrumb\":{\"@id\":\"https:\\\/\\\/raed.academy\\\/ca\\\/reptes-i-amenaces-per-a-la-competitivitat-empresarial\\\/#breadcrumb\"},\"inLanguage\":\"ca-ES\",\"potentialAction\":[{\"@type\":\"ReadAction\",\"target\":[\"https:\\\/\\\/raed.academy\\\/ca\\\/reptes-i-amenaces-per-a-la-competitivitat-empresarial\\\/\"]}]},{\"@type\":\"ImageObject\",\"inLanguage\":\"ca-ES\",\"@id\":\"https:\\\/\\\/raed.academy\\\/ca\\\/reptes-i-amenaces-per-a-la-competitivitat-empresarial\\\/#primaryimage\",\"url\":\"https:\\\/\\\/raed.academy\\\/wp-content\\\/uploads\\\/2014\\\/07\\\/shutt-negocios-activos-intangibles-empresas-RV2023-1.78.webp\",\"contentUrl\":\"https:\\\/\\\/raed.academy\\\/wp-content\\\/uploads\\\/2014\\\/07\\\/shutt-negocios-activos-intangibles-empresas-RV2023-1.78.webp\",\"width\":1600,\"height\":900},{\"@type\":\"BreadcrumbList\",\"@id\":\"https:\\\/\\\/raed.academy\\\/ca\\\/reptes-i-amenaces-per-a-la-competitivitat-empresarial\\\/#breadcrumb\",\"itemListElement\":[{\"@type\":\"ListItem\",\"position\":1,\"name\":\"Inicio\",\"item\":\"https:\\\/\\\/raed.academy\\\/ca\\\/\"},{\"@type\":\"ListItem\",\"position\":2,\"name\":\"Reptes i amenaces per a la competitivitat empresarial\"}]},{\"@type\":\"WebSite\",\"@id\":\"https:\\\/\\\/raed.academy\\\/ca\\\/#website\",\"url\":\"https:\\\/\\\/raed.academy\\\/ca\\\/\",\"name\":\"Reial Acad\u00e8mia Europea de Doctors\",\"description\":\"Corporaci\u00f3n de derecho p\u00fablico de car\u00e1cter cient\u00edfico, t\u00e9cnico y art\u00edstico, que tiene por objeto la investigaci\u00f3n, el estudio, el fomento y la extensi\u00f3n del conocimiento en su sentido m\u00e1s amplio\",\"publisher\":{\"@id\":\"https:\\\/\\\/raed.academy\\\/ca\\\/#organization\"},\"potentialAction\":[{\"@type\":\"SearchAction\",\"target\":{\"@type\":\"EntryPoint\",\"urlTemplate\":\"https:\\\/\\\/raed.academy\\\/ca\\\/?s={search_term_string}\"},\"query-input\":{\"@type\":\"PropertyValueSpecification\",\"valueRequired\":true,\"valueName\":\"search_term_string\"}}],\"inLanguage\":\"ca-ES\"},{\"@type\":\"Organization\",\"@id\":\"https:\\\/\\\/raed.academy\\\/ca\\\/#organization\",\"name\":\"Real Academia Europea de Doctores\",\"url\":\"https:\\\/\\\/raed.academy\\\/ca\\\/\",\"logo\":{\"@type\":\"ImageObject\",\"inLanguage\":\"ca-ES\",\"@id\":\"https:\\\/\\\/raed.academy\\\/ca\\\/#\\\/schema\\\/logo\\\/image\\\/\",\"url\":\"https:\\\/\\\/raed.academy\\\/wp-content\\\/uploads\\\/2017\\\/01\\\/cropped-logo_raed.png\",\"contentUrl\":\"https:\\\/\\\/raed.academy\\\/wp-content\\\/uploads\\\/2017\\\/01\\\/cropped-logo_raed.png\",\"width\":512,\"height\":512,\"caption\":\"Real Academia Europea de Doctores\"},\"image\":{\"@id\":\"https:\\\/\\\/raed.academy\\\/ca\\\/#\\\/schema\\\/logo\\\/image\\\/\"},\"sameAs\":[\"http:\\\/\\\/fb.me\\\/raed.academy\",\"https:\\\/\\\/x.com\\\/raedacademy\",\"https:\\\/\\\/www.instagram.com\\\/raed.academy\\\/\",\"https:\\\/\\\/www.youtube.com\\\/channel\\\/UCUYQwW2KrdirNWihxMDObwg\"]},{\"@type\":\"Person\",\"@id\":\"https:\\\/\\\/raed.academy\\\/ca\\\/#\\\/schema\\\/person\\\/5a755da80d1d979fd66ba745c8702927\",\"name\":\"RAED\",\"image\":{\"@type\":\"ImageObject\",\"inLanguage\":\"ca-ES\",\"@id\":\"https:\\\/\\\/secure.gravatar.com\\\/avatar\\\/19fdfdc0d67fb9c45714b703a2ac82251c4fcea3637f002ac3c9b74c0183583c?s=96&d=mm&r=g\",\"url\":\"https:\\\/\\\/secure.gravatar.com\\\/avatar\\\/19fdfdc0d67fb9c45714b703a2ac82251c4fcea3637f002ac3c9b74c0183583c?s=96&d=mm&r=g\",\"contentUrl\":\"https:\\\/\\\/secure.gravatar.com\\\/avatar\\\/19fdfdc0d67fb9c45714b703a2ac82251c4fcea3637f002ac3c9b74c0183583c?s=96&d=mm&r=g\",\"caption\":\"RAED\"}}]}<\/script>\n<!-- \/ Yoast SEO plugin. -->","yoast_head_json":{"title":"Reptes i amenaces per a la competitivitat empresarial - Reial Acad\u00e8mia Europea de Doctors","description":"Jaume Llopis aborda la necessitat de l'empresa actual d'adaptar-se a les innovacions tecnol\u00f2giques i al m\u00f3n digital","robots":{"index":"index","follow":"follow","max-snippet":"max-snippet:-1","max-image-preview":"max-image-preview:large","max-video-preview":"max-video-preview:-1"},"canonical":"https:\/\/raed.academy\/ca\/reptes-i-amenaces-per-a-la-competitivitat-empresarial\/","og_locale":"ca_ES","og_type":"article","og_title":"Reptes i amenaces per a la competitivitat empresarial - Reial Acad\u00e8mia Europea de Doctors","og_description":"Jaume Llopis aborda la necessitat de l'empresa actual d'adaptar-se a les innovacions tecnol\u00f2giques i al m\u00f3n digital","og_url":"https:\/\/raed.academy\/ca\/reptes-i-amenaces-per-a-la-competitivitat-empresarial\/","og_site_name":"Reial Acad\u00e8mia Europea de Doctors","article_publisher":"http:\/\/fb.me\/raed.academy","article_published_time":"2025-10-31T20:04:15+00:00","article_modified_time":"2025-11-07T07:14:50+00:00","og_image":[{"width":1600,"height":900,"url":"https:\/\/raed.academy\/wp-content\/uploads\/2014\/07\/shutt-negocios-activos-intangibles-empresas-RV2023-1.78.webp","type":"image\/webp"}],"author":"RAED","twitter_card":"summary_large_image","twitter_creator":"@raedacademy","twitter_site":"@raedacademy","twitter_misc":{"Written by":"RAED","Est. reading time":"4 minutes"},"schema":{"@context":"https:\/\/schema.org","@graph":[{"@type":"Article","@id":"https:\/\/raed.academy\/ca\/reptes-i-amenaces-per-a-la-competitivitat-empresarial\/#article","isPartOf":{"@id":"https:\/\/raed.academy\/ca\/reptes-i-amenaces-per-a-la-competitivitat-empresarial\/"},"author":{"name":"RAED","@id":"https:\/\/raed.academy\/ca\/#\/schema\/person\/5a755da80d1d979fd66ba745c8702927"},"headline":"Reptes i amenaces per a la competitivitat empresarial","datePublished":"2025-10-31T20:04:15+00:00","dateModified":"2025-11-07T07:14:50+00:00","mainEntityOfPage":{"@id":"https:\/\/raed.academy\/ca\/reptes-i-amenaces-per-a-la-competitivitat-empresarial\/"},"wordCount":760,"publisher":{"@id":"https:\/\/raed.academy\/ca\/#organization"},"image":{"@id":"https:\/\/raed.academy\/ca\/reptes-i-amenaces-per-a-la-competitivitat-empresarial\/#primaryimage"},"thumbnailUrl":"https:\/\/raed.academy\/wp-content\/uploads\/2014\/07\/shutt-negocios-activos-intangibles-empresas-RV2023-1.78.webp","articleSection":["Econ\u00f2miques i Empresarials","Trobades Cient\u00edfiques i Congressos"],"inLanguage":"ca-ES"},{"@type":"WebPage","@id":"https:\/\/raed.academy\/ca\/reptes-i-amenaces-per-a-la-competitivitat-empresarial\/","url":"https:\/\/raed.academy\/ca\/reptes-i-amenaces-per-a-la-competitivitat-empresarial\/","name":"Reptes i amenaces per a la competitivitat empresarial - Reial Acad\u00e8mia Europea de Doctors","isPartOf":{"@id":"https:\/\/raed.academy\/ca\/#website"},"primaryImageOfPage":{"@id":"https:\/\/raed.academy\/ca\/reptes-i-amenaces-per-a-la-competitivitat-empresarial\/#primaryimage"},"image":{"@id":"https:\/\/raed.academy\/ca\/reptes-i-amenaces-per-a-la-competitivitat-empresarial\/#primaryimage"},"thumbnailUrl":"https:\/\/raed.academy\/wp-content\/uploads\/2014\/07\/shutt-negocios-activos-intangibles-empresas-RV2023-1.78.webp","datePublished":"2025-10-31T20:04:15+00:00","dateModified":"2025-11-07T07:14:50+00:00","description":"Jaume Llopis aborda la necessitat de l'empresa actual d'adaptar-se a les innovacions tecnol\u00f2giques i al m\u00f3n digital","breadcrumb":{"@id":"https:\/\/raed.academy\/ca\/reptes-i-amenaces-per-a-la-competitivitat-empresarial\/#breadcrumb"},"inLanguage":"ca-ES","potentialAction":[{"@type":"ReadAction","target":["https:\/\/raed.academy\/ca\/reptes-i-amenaces-per-a-la-competitivitat-empresarial\/"]}]},{"@type":"ImageObject","inLanguage":"ca-ES","@id":"https:\/\/raed.academy\/ca\/reptes-i-amenaces-per-a-la-competitivitat-empresarial\/#primaryimage","url":"https:\/\/raed.academy\/wp-content\/uploads\/2014\/07\/shutt-negocios-activos-intangibles-empresas-RV2023-1.78.webp","contentUrl":"https:\/\/raed.academy\/wp-content\/uploads\/2014\/07\/shutt-negocios-activos-intangibles-empresas-RV2023-1.78.webp","width":1600,"height":900},{"@type":"BreadcrumbList","@id":"https:\/\/raed.academy\/ca\/reptes-i-amenaces-per-a-la-competitivitat-empresarial\/#breadcrumb","itemListElement":[{"@type":"ListItem","position":1,"name":"Inicio","item":"https:\/\/raed.academy\/ca\/"},{"@type":"ListItem","position":2,"name":"Reptes i amenaces per a la competitivitat empresarial"}]},{"@type":"WebSite","@id":"https:\/\/raed.academy\/ca\/#website","url":"https:\/\/raed.academy\/ca\/","name":"Reial Acad\u00e8mia Europea de Doctors","description":"Corporaci\u00f3n de derecho p\u00fablico de car\u00e1cter cient\u00edfico, t\u00e9cnico y art\u00edstico, que tiene por objeto la investigaci\u00f3n, el estudio, el fomento y la extensi\u00f3n del conocimiento en su sentido m\u00e1s amplio","publisher":{"@id":"https:\/\/raed.academy\/ca\/#organization"},"potentialAction":[{"@type":"SearchAction","target":{"@type":"EntryPoint","urlTemplate":"https:\/\/raed.academy\/ca\/?s={search_term_string}"},"query-input":{"@type":"PropertyValueSpecification","valueRequired":true,"valueName":"search_term_string"}}],"inLanguage":"ca-ES"},{"@type":"Organization","@id":"https:\/\/raed.academy\/ca\/#organization","name":"Real Academia Europea de Doctores","url":"https:\/\/raed.academy\/ca\/","logo":{"@type":"ImageObject","inLanguage":"ca-ES","@id":"https:\/\/raed.academy\/ca\/#\/schema\/logo\/image\/","url":"https:\/\/raed.academy\/wp-content\/uploads\/2017\/01\/cropped-logo_raed.png","contentUrl":"https:\/\/raed.academy\/wp-content\/uploads\/2017\/01\/cropped-logo_raed.png","width":512,"height":512,"caption":"Real Academia Europea de Doctores"},"image":{"@id":"https:\/\/raed.academy\/ca\/#\/schema\/logo\/image\/"},"sameAs":["http:\/\/fb.me\/raed.academy","https:\/\/x.com\/raedacademy","https:\/\/www.instagram.com\/raed.academy\/","https:\/\/www.youtube.com\/channel\/UCUYQwW2KrdirNWihxMDObwg"]},{"@type":"Person","@id":"https:\/\/raed.academy\/ca\/#\/schema\/person\/5a755da80d1d979fd66ba745c8702927","name":"RAED","image":{"@type":"ImageObject","inLanguage":"ca-ES","@id":"https:\/\/secure.gravatar.com\/avatar\/19fdfdc0d67fb9c45714b703a2ac82251c4fcea3637f002ac3c9b74c0183583c?s=96&d=mm&r=g","url":"https:\/\/secure.gravatar.com\/avatar\/19fdfdc0d67fb9c45714b703a2ac82251c4fcea3637f002ac3c9b74c0183583c?s=96&d=mm&r=g","contentUrl":"https:\/\/secure.gravatar.com\/avatar\/19fdfdc0d67fb9c45714b703a2ac82251c4fcea3637f002ac3c9b74c0183583c?s=96&d=mm&r=g","caption":"RAED"}}]}},"_links":{"self":[{"href":"https:\/\/raed.academy\/ca\/wp-json\/wp\/v2\/posts\/174247","targetHints":{"allow":["GET"]}}],"collection":[{"href":"https:\/\/raed.academy\/ca\/wp-json\/wp\/v2\/posts"}],"about":[{"href":"https:\/\/raed.academy\/ca\/wp-json\/wp\/v2\/types\/post"}],"author":[{"embeddable":true,"href":"https:\/\/raed.academy\/ca\/wp-json\/wp\/v2\/users\/12"}],"replies":[{"embeddable":true,"href":"https:\/\/raed.academy\/ca\/wp-json\/wp\/v2\/comments?post=174247"}],"version-history":[{"count":3,"href":"https:\/\/raed.academy\/ca\/wp-json\/wp\/v2\/posts\/174247\/revisions"}],"predecessor-version":[{"id":174364,"href":"https:\/\/raed.academy\/ca\/wp-json\/wp\/v2\/posts\/174247\/revisions\/174364"}],"wp:featuredmedia":[{"embeddable":true,"href":"https:\/\/raed.academy\/ca\/wp-json\/wp\/v2\/media\/144404"}],"wp:attachment":[{"href":"https:\/\/raed.academy\/ca\/wp-json\/wp\/v2\/media?parent=174247"}],"wp:term":[{"taxonomy":"category","embeddable":true,"href":"https:\/\/raed.academy\/ca\/wp-json\/wp\/v2\/categories?post=174247"},{"taxonomy":"post_tag","embeddable":true,"href":"https:\/\/raed.academy\/ca\/wp-json\/wp\/v2\/tags?post=174247"}],"curies":[{"name":"wp","href":"https:\/\/api.w.org\/{rel}","templated":true}]}}