{"id":173046,"date":"2025-10-17T10:33:28","date_gmt":"2025-10-17T10:33:28","guid":{"rendered":"https:\/\/raed.academy\/?p=173046"},"modified":"2025-10-17T10:43:06","modified_gmt":"2025-10-17T10:43:06","slug":"la-democracia-amenacada","status":"publish","type":"post","link":"https:\/\/raed.academy\/ca\/la-democracia-amenacada\/","title":{"rendered":"La democr\u00e0cia amena\u00e7ada"},"content":{"rendered":"<p><img loading=\"lazy\" decoding=\"async\" class=\"size-full wp-image-169825 aligncenter\" src=\"https:\/\/raed.academy\/wp-content\/uploads\/2025\/09\/shutt-congreso-de-los-diputados-parlamento-gobierno-Espana-Tribunal-Constitucional-2.91.webp\" alt=\"\" width=\"1600\" height=\"550\" srcset=\"https:\/\/raed.academy\/wp-content\/uploads\/2025\/09\/shutt-congreso-de-los-diputados-parlamento-gobierno-Espana-Tribunal-Constitucional-2.91.webp 1600w, https:\/\/raed.academy\/wp-content\/uploads\/2025\/09\/shutt-congreso-de-los-diputados-parlamento-gobierno-Espana-Tribunal-Constitucional-2.91-768x264.webp 768w, https:\/\/raed.academy\/wp-content\/uploads\/2025\/09\/shutt-congreso-de-los-diputados-parlamento-gobierno-Espana-Tribunal-Constitucional-2.91-1536x528.webp 1536w, https:\/\/raed.academy\/wp-content\/uploads\/2025\/09\/shutt-congreso-de-los-diputados-parlamento-gobierno-Espana-Tribunal-Constitucional-2.91-1080x371.webp 1080w\" sizes=\"(max-width: 1600px) 100vw, 1600px\" \/><\/p>\n<p><a href=\"https:\/\/raed.academy\/ca\/academics\/dra-teresa-freixes-sanjuan\/\" target=\"_blank\" rel=\"noopener\"><em><strong>Teresa Freixes<\/strong><\/em><\/a>, catedr\u00e0tica Jean Monnet ad personam, presidenta de l&#8217;organitzaci\u00f3 internacional <strong>Citizens pro Europe<\/strong>, vicepresidenta de la plataforma ciutadana <strong>Societat Civil Catalana<\/strong> i acad\u00e8mica numer\u00e0ria i vicepresidenta de la <strong>Junta de Govern<\/strong> de la <strong>Reial Acad\u00e8mia Europea de Doctors<\/strong> (RAED), reflexiona sobre l&#8217;actualitat pol\u00edtica espanyola i internacional als articles <strong>&#8220;Apoteosis sem\u00e1ntica: relato y opini\u00f3n sincronizada&#8221;<\/strong>, <strong>&#8220;A prop\u00f3sito de Moldavia&#8221;<\/strong>, <strong>&#8220;Presupuestos Generales y Constituci\u00f3n mutante&#8221;<\/strong> i <strong>&#8220;A Trump lo que es de Trump&#8221;<\/strong>, publicats entre els mesos de setembre i octubre al portal especialitzat <strong>Art\u00edculo 14<\/strong> i als diaris digitals<strong> The Objective<\/strong> i <strong>El Imparcial<\/strong>. La reconeguda jurista ha participat tamb\u00e9 en la<strong> IV Jornada per l&#8217;Estat de Dret<\/strong> celebrada pel <strong>F\u00f2rum Judicial Independent<\/strong> el 17 d&#8217;octubre al <strong>Tribunal Superior de Just\u00edcia de Madrid<\/strong>.<\/p>\n<p>A &#8220;Apoteosis sem\u00e1ntica: relato y opini\u00f3n sincronizada&#8221;, la vicepresidenta de la Reial Acad\u00e8mia considera que la pol\u00edtica espanyola viu de relats prefabricats que es repeteixen fins a la sacietat, dirigits a crear una opini\u00f3 p\u00fablica polaritzada que justifiqui les pol\u00edtiques governamentals i condicions el pluralisme. &#8220;Alguns, ara amb poder, institucional i de carrer, fent assajos generals de mobilitzaci\u00f3 i ocupant foto i pressupost, estan marcant els relats de moda segons la seva pr\u00f2pia conveni\u00e8ncia. Tots ells o, almenys, els que trepitgen moqueta institucional, a m\u00e9s de no comptar amb cap rigor i lluny d&#8217;exhibir coher\u00e8ncia entre el que prediquen i el que practiquen, estan sent tamb\u00e9 esp\u00e8cimens tergiversadors. Amb l&#8217;apoteosi sem\u00e0ntica que ens envaeix, dirigida en el fons a trencar les bases de la democr\u00e0cia que tant ens va costar configurar, estem contribuint, mitjan\u00e7ant la banalitzaci\u00f3 dels conceptes, a la desintegraci\u00f3 de les institucions i la violaci\u00f3 dels drets&#8221;, considera.<\/p>\n<p>Per la seva part, a &#8220;A prop\u00f3sito de Moldavia&#8221;, es q\u00fcestiona sobre el paper de la Uni\u00f3 Europea en el futur de Mold\u00e0via despr\u00e9s de les recents eleccions parlament\u00e0ries que han revalidat la majoria del <strong>Govern<\/strong> europeista malgrat les inger\u00e8ncies russes i el pes de Moscou en algunes de les seves regions. Freixes coneix de primera m\u00e0 la situaci\u00f3 del pa\u00eds, ja que va participar com a integrant d&#8217;una delegaci\u00f3 de juristes de la <strong>Comissi\u00f3 Europea<\/strong> que va oferir assessorament per a la transici\u00f3 democr\u00e0tica del seu model judicial. &#8220;No s\u00e9 qu\u00e8 passar\u00e0 ara a Mold\u00e0via. Pel que llegeixo en aquests dies els prorussos continuen mirant cap a Crimea com a model a continuar a la Transn\u00edstria. Els moldaus ruman\u00f2fons, al contrari, miren cap a la Uni\u00f3 Europea i volen estr\u00e8nyer lla\u00e7os amb ella. El <strong>Parlament<\/strong> ha estat assaltat a diverses ocasions, els diputats dels dos b\u00e0ndols han arribat a les mans i tinc la impressi\u00f3 que la R\u00fassia de <strong>Vlad\u00edmir Putin<\/strong>, com sempre que pot desestabilitzar a la Uni\u00f3 Europea, o almenys intentar-ho, no mirar\u00e0 ara cap a cap altra banda&#8221;, explica.<\/p>\n<div id=\"attachment_157831\" style=\"width: 610px\" class=\"wp-caption alignright\"><img loading=\"lazy\" decoding=\"async\" aria-describedby=\"caption-attachment-157831\" class=\"wp-image-157831 size-full\" src=\"https:\/\/raed.academy\/wp-content\/uploads\/2025\/01\/Teresa-Freixes-dst.webp\" sizes=\"(max-width: 600px) 100vw, 600px\" srcset=\"https:\/\/raed.academy\/wp-content\/uploads\/2025\/01\/Teresa-Freixes-dst.webp 600w, https:\/\/raed.academy\/wp-content\/uploads\/2025\/01\/Teresa-Freixes-dst-440x264.webp 440w\" alt=\"Teresa Freixes\" width=\"600\" height=\"360\" aria-describedby=\"caption-attachment-157831\" \/><p id=\"caption-attachment-157831\" class=\"wp-caption-text\">Dra. Teresa Freixes<\/p><\/div>\n<p>A &#8220;Presupuestos Generales y Constituci\u00f3n mutante&#8221;, la presidenta de Citizens pro Europe es pregunta per la legitimitat de l&#8217;Executiu de <strong>Pedro S\u00e1nchez<\/strong> de governar sistem\u00e0ticament sense ni tan sols presentar els <strong>Pressupostos Generals de l&#8217;Estat<\/strong> a la seva aprovaci\u00f3 per les <strong>Corts<\/strong>. &#8220;Per tres vegades, els ciutadans complim amb l&#8217;obligaci\u00f3 constitucional de contribuir, segons l&#8217;article 31 de la <strong>Constituci\u00f3<\/strong>, al sosteniment de les despeses p\u00fabliques, all\u00f2 que cal per establir els ingressos que han de constar en el pressupost, sense que aquesta contribuci\u00f3 ciutadana es vegi corresposta amb l&#8217;establiment de les despeses per part de l&#8217;Executiu, perqu\u00e8 el pressupost \u00e9s, ras i curt, inexistent. Aquest consentiment expr\u00e9s que, per segles, ha legitimat la recaptaci\u00f3 dels fons per part del governant, queda directament violat per aquest quan no el sotmet a l&#8217;aprovaci\u00f3 dels representants de la sobirania. \u00bfAmb quina legitimitat recapten i gasten el recaptat si falta el consentiment primordial, que \u00e9s un principi b\u00e0sic en totes les democr\u00e0cies?&#8221;, assenyala.<\/p>\n<p>Finalment, a &#8220;A Trump lo que es de Trump&#8221;, l&#8217;acad\u00e8mica reconeix el paper del president dels Estats Units en la consecuci\u00f3 de l&#8217;alto el foc a Gaza que obre l&#8217;esperan\u00e7a d&#8217;un futur en pau en una de les regions m\u00e9s calentes del m\u00f3n. &#8220;Alguns afirmaran que el que est\u00e0 coent \u00e9s un mal acord, perqu\u00e8 no respon al que volen per a aquella zona o perqu\u00e8 no els serveix com a element d&#8217;agitaci\u00f3 pol\u00edtica interna. Per\u00f2 no oblidem que, de vegades, els mals acords han finalitzat guerres i han donat pas a la conformaci\u00f3 de plans que, a la fi, han resultat, sin\u00f3 bons, acceptables al context al qual han estat adoptats. Tot i aix\u00f2, queda molt per fer, no nom\u00e9s materialment, sin\u00f3 tamb\u00e9 des de la configuraci\u00f3 jur\u00eddica antigament conjuminada, d&#8217;haver-se acceptat el pla primigeni de les <strong>Nacions Unides<\/strong>, el respecte dels drets de les persones presents al territori i la necessitat de canviar el marc mental dels qui no veuen cap altra possibilitat que la viol\u00e8ncia per aconseguir els seus objectius&#8221;, afirma.<\/p>\n<p>Pel que fa a la IV Jornada per l&#8217;Estat de Dret, Freixes ha participat en el seu primer panell, que ha portat per t\u00edtol <strong>&#8220;Amnist\u00eda y Estado de derecho&#8221;<\/strong>, al costat de l&#8217;exeurodiputada <strong>Maite Pagazaurtund\u00faa<\/strong> i el magistrat del <strong>Tribunal Superior de Just\u00edcia de Castella-la Manxa Jaime Lozano<\/strong>. La sessi\u00f3 ha estat moderada per la magistrada de l&#8217;<strong>Audi\u00e8ncia Provincial de Biscaia Cristina de Vicente<\/strong>.<\/p>\n<ul>\n<li>\n<h3><a href=\"https:\/\/www.articulo14.es\/opinion\/apoteosis-semantica-relato-y-opinion-sincronizada-20250930.html\" target=\"_blank\" rel=\"noopener\">Llegiu &#8220;Apoteosis sem\u00e1ntica: relato y opini\u00f3n sincronizada&#8221;<\/a><\/h3>\n<\/li>\n<li>\n<h3><a href=\"https:\/\/theobjective.com\/elsubjetivo\/opinion\/2025-10-02\/proposito-moldavia-articulo-freixes\/\" target=\"_blank\" rel=\"noopener\">Llegiu &#8220;A prop\u00f3sito de Moldavia&#8221;<\/a><\/h3>\n<\/li>\n<li>\n<h3><a href=\"https:\/\/www.elimparcial.es\/noticia\/288574\/opinion\/presupuestos-generales-y-constitucion-mutante.html\" target=\"_blank\" rel=\"noopener\">Llegiu &#8220;Presupuestos Generales y Constituci\u00f3n mutante&#8221;<\/a><\/h3>\n<\/li>\n<li>\n<h3><a href=\"https:\/\/www.articulo14.es\/opinion\/a-trump-lo-que-es-de-trump-20251014.html\" target=\"_blank\" rel=\"noopener\">Llegiu &#8220;A Trump lo que es de Trump&#8221;<\/a><\/h3>\n<\/li>\n<\/ul>\n","protected":false},"excerpt":{"rendered":"<p>Teresa Freixes reflexiona sobre l&#8217;actualitat pol\u00edtica espanyola i internacional en els \u00faltims articles: &#8220;Apoteosis sem\u00e1ntica: relato y opini\u00f3n sincronizada&#8221;, &#8220;A prop\u00f3sito de Moldavia&#8221;, &#8220;Presupuestos Generales y Constituci\u00f3n mutante&#8221; i &#8220;A Trump lo que es de Trump&#8221;<\/p>\n","protected":false},"author":12,"featured_media":169823,"comment_status":"closed","ping_status":"closed","sticky":false,"template":"","format":"standard","meta":{"_et_pb_use_builder":"","_et_pb_old_content":"","_et_gb_content_width":"","footnotes":""},"categories":[350,380,225,242,492],"tags":[],"class_list":["post-173046","post","type-post","status-publish","format-standard","has-post-thumbnail","hentry","category-ciencies-politiques","category-conflictes-bellics","category-dret","category-categ-historia","category-trobades-cientifiques-i-congressos","et-has-post-format-content","et_post_format-et-post-format-standard"],"yoast_head":"<!-- This site is optimized with the Yoast SEO plugin v27.4 - https:\/\/yoast.com\/product\/yoast-seo-wordpress\/ -->\n<title>La democr\u00e0cia amena\u00e7ada - Reial Acad\u00e8mia Europea de Doctors<\/title>\n<meta name=\"description\" content=\"Teresa Freixes reflexiona sobre l&#039;actualitat pol\u00edtica espanyola i internacional en els \u00faltims articles\" \/>\n<meta name=\"robots\" content=\"index, follow, max-snippet:-1, max-image-preview:large, max-video-preview:-1\" \/>\n<link rel=\"canonical\" href=\"https:\/\/raed.academy\/ca\/la-democracia-amenacada\/\" \/>\n<meta property=\"og:locale\" content=\"ca_ES\" \/>\n<meta property=\"og:type\" content=\"article\" \/>\n<meta property=\"og:title\" content=\"La democr\u00e0cia amena\u00e7ada - Reial Acad\u00e8mia Europea de Doctors\" \/>\n<meta property=\"og:description\" content=\"Teresa Freixes reflexiona sobre l&#039;actualitat pol\u00edtica espanyola i internacional en els \u00faltims articles\" \/>\n<meta property=\"og:url\" content=\"https:\/\/raed.academy\/ca\/la-democracia-amenacada\/\" \/>\n<meta property=\"og:site_name\" content=\"Reial Acad\u00e8mia Europea de Doctors\" \/>\n<meta property=\"article:publisher\" content=\"http:\/\/fb.me\/raed.academy\" \/>\n<meta property=\"article:published_time\" content=\"2025-10-17T10:33:28+00:00\" \/>\n<meta property=\"article:modified_time\" content=\"2025-10-17T10:43:06+00:00\" \/>\n<meta property=\"og:image\" content=\"https:\/\/raed.academy\/wp-content\/uploads\/2025\/09\/shutt-congreso-de-los-diputados-parlamento-gobierno-Espana-Tribunal-Constitucional-1.67.webp\" \/>\n\t<meta property=\"og:image:width\" content=\"800\" \/>\n\t<meta property=\"og:image:height\" content=\"480\" \/>\n\t<meta property=\"og:image:type\" content=\"image\/webp\" \/>\n<meta name=\"author\" content=\"RAED\" \/>\n<meta name=\"twitter:card\" content=\"summary_large_image\" \/>\n<meta name=\"twitter:creator\" content=\"@raedacademy\" \/>\n<meta name=\"twitter:site\" content=\"@raedacademy\" \/>\n<meta name=\"twitter:label1\" content=\"Written by\" \/>\n\t<meta name=\"twitter:data1\" content=\"RAED\" \/>\n\t<meta name=\"twitter:label2\" content=\"Est. reading time\" \/>\n\t<meta name=\"twitter:data2\" content=\"5 minutes\" \/>\n<script type=\"application\/ld+json\" class=\"yoast-schema-graph\">{\"@context\":\"https:\\\/\\\/schema.org\",\"@graph\":[{\"@type\":\"Article\",\"@id\":\"https:\\\/\\\/raed.academy\\\/ca\\\/la-democracia-amenacada\\\/#article\",\"isPartOf\":{\"@id\":\"https:\\\/\\\/raed.academy\\\/ca\\\/la-democracia-amenacada\\\/\"},\"author\":{\"name\":\"RAED\",\"@id\":\"https:\\\/\\\/raed.academy\\\/ca\\\/#\\\/schema\\\/person\\\/5a755da80d1d979fd66ba745c8702927\"},\"headline\":\"La democr\u00e0cia amena\u00e7ada\",\"datePublished\":\"2025-10-17T10:33:28+00:00\",\"dateModified\":\"2025-10-17T10:43:06+00:00\",\"mainEntityOfPage\":{\"@id\":\"https:\\\/\\\/raed.academy\\\/ca\\\/la-democracia-amenacada\\\/\"},\"wordCount\":980,\"publisher\":{\"@id\":\"https:\\\/\\\/raed.academy\\\/ca\\\/#organization\"},\"image\":{\"@id\":\"https:\\\/\\\/raed.academy\\\/ca\\\/la-democracia-amenacada\\\/#primaryimage\"},\"thumbnailUrl\":\"https:\\\/\\\/raed.academy\\\/wp-content\\\/uploads\\\/2025\\\/09\\\/shutt-congreso-de-los-diputados-parlamento-gobierno-Espana-Tribunal-Constitucional-1.67.webp\",\"articleSection\":[\"Ci\u00e8ncies pol\u00edtiques\",\"Conflictes b\u00e8l\u00b7lics\",\"Dret\",\"Hist\u00f2ria\",\"Trobades Cient\u00edfiques i Congressos\"],\"inLanguage\":\"ca-ES\"},{\"@type\":\"WebPage\",\"@id\":\"https:\\\/\\\/raed.academy\\\/ca\\\/la-democracia-amenacada\\\/\",\"url\":\"https:\\\/\\\/raed.academy\\\/ca\\\/la-democracia-amenacada\\\/\",\"name\":\"La democr\u00e0cia amena\u00e7ada - Reial Acad\u00e8mia Europea de Doctors\",\"isPartOf\":{\"@id\":\"https:\\\/\\\/raed.academy\\\/ca\\\/#website\"},\"primaryImageOfPage\":{\"@id\":\"https:\\\/\\\/raed.academy\\\/ca\\\/la-democracia-amenacada\\\/#primaryimage\"},\"image\":{\"@id\":\"https:\\\/\\\/raed.academy\\\/ca\\\/la-democracia-amenacada\\\/#primaryimage\"},\"thumbnailUrl\":\"https:\\\/\\\/raed.academy\\\/wp-content\\\/uploads\\\/2025\\\/09\\\/shutt-congreso-de-los-diputados-parlamento-gobierno-Espana-Tribunal-Constitucional-1.67.webp\",\"datePublished\":\"2025-10-17T10:33:28+00:00\",\"dateModified\":\"2025-10-17T10:43:06+00:00\",\"description\":\"Teresa Freixes reflexiona sobre l'actualitat pol\u00edtica espanyola i internacional en els \u00faltims articles\",\"breadcrumb\":{\"@id\":\"https:\\\/\\\/raed.academy\\\/ca\\\/la-democracia-amenacada\\\/#breadcrumb\"},\"inLanguage\":\"ca-ES\",\"potentialAction\":[{\"@type\":\"ReadAction\",\"target\":[\"https:\\\/\\\/raed.academy\\\/ca\\\/la-democracia-amenacada\\\/\"]}]},{\"@type\":\"ImageObject\",\"inLanguage\":\"ca-ES\",\"@id\":\"https:\\\/\\\/raed.academy\\\/ca\\\/la-democracia-amenacada\\\/#primaryimage\",\"url\":\"https:\\\/\\\/raed.academy\\\/wp-content\\\/uploads\\\/2025\\\/09\\\/shutt-congreso-de-los-diputados-parlamento-gobierno-Espana-Tribunal-Constitucional-1.67.webp\",\"contentUrl\":\"https:\\\/\\\/raed.academy\\\/wp-content\\\/uploads\\\/2025\\\/09\\\/shutt-congreso-de-los-diputados-parlamento-gobierno-Espana-Tribunal-Constitucional-1.67.webp\",\"width\":800,\"height\":480},{\"@type\":\"BreadcrumbList\",\"@id\":\"https:\\\/\\\/raed.academy\\\/ca\\\/la-democracia-amenacada\\\/#breadcrumb\",\"itemListElement\":[{\"@type\":\"ListItem\",\"position\":1,\"name\":\"Inicio\",\"item\":\"https:\\\/\\\/raed.academy\\\/ca\\\/\"},{\"@type\":\"ListItem\",\"position\":2,\"name\":\"La democr\u00e0cia amena\u00e7ada\"}]},{\"@type\":\"WebSite\",\"@id\":\"https:\\\/\\\/raed.academy\\\/ca\\\/#website\",\"url\":\"https:\\\/\\\/raed.academy\\\/ca\\\/\",\"name\":\"Reial Acad\u00e8mia Europea de Doctors\",\"description\":\"Corporaci\u00f3n de derecho p\u00fablico de car\u00e1cter cient\u00edfico, t\u00e9cnico y art\u00edstico, que tiene por objeto la investigaci\u00f3n, el estudio, el fomento y la extensi\u00f3n del conocimiento en su sentido m\u00e1s amplio\",\"publisher\":{\"@id\":\"https:\\\/\\\/raed.academy\\\/ca\\\/#organization\"},\"potentialAction\":[{\"@type\":\"SearchAction\",\"target\":{\"@type\":\"EntryPoint\",\"urlTemplate\":\"https:\\\/\\\/raed.academy\\\/ca\\\/?s={search_term_string}\"},\"query-input\":{\"@type\":\"PropertyValueSpecification\",\"valueRequired\":true,\"valueName\":\"search_term_string\"}}],\"inLanguage\":\"ca-ES\"},{\"@type\":\"Organization\",\"@id\":\"https:\\\/\\\/raed.academy\\\/ca\\\/#organization\",\"name\":\"Real Academia Europea de Doctores\",\"url\":\"https:\\\/\\\/raed.academy\\\/ca\\\/\",\"logo\":{\"@type\":\"ImageObject\",\"inLanguage\":\"ca-ES\",\"@id\":\"https:\\\/\\\/raed.academy\\\/ca\\\/#\\\/schema\\\/logo\\\/image\\\/\",\"url\":\"https:\\\/\\\/raed.academy\\\/wp-content\\\/uploads\\\/2017\\\/01\\\/cropped-logo_raed.png\",\"contentUrl\":\"https:\\\/\\\/raed.academy\\\/wp-content\\\/uploads\\\/2017\\\/01\\\/cropped-logo_raed.png\",\"width\":512,\"height\":512,\"caption\":\"Real Academia Europea de Doctores\"},\"image\":{\"@id\":\"https:\\\/\\\/raed.academy\\\/ca\\\/#\\\/schema\\\/logo\\\/image\\\/\"},\"sameAs\":[\"http:\\\/\\\/fb.me\\\/raed.academy\",\"https:\\\/\\\/x.com\\\/raedacademy\",\"https:\\\/\\\/www.instagram.com\\\/raed.academy\\\/\",\"https:\\\/\\\/www.youtube.com\\\/channel\\\/UCUYQwW2KrdirNWihxMDObwg\"]},{\"@type\":\"Person\",\"@id\":\"https:\\\/\\\/raed.academy\\\/ca\\\/#\\\/schema\\\/person\\\/5a755da80d1d979fd66ba745c8702927\",\"name\":\"RAED\",\"image\":{\"@type\":\"ImageObject\",\"inLanguage\":\"ca-ES\",\"@id\":\"https:\\\/\\\/secure.gravatar.com\\\/avatar\\\/19fdfdc0d67fb9c45714b703a2ac82251c4fcea3637f002ac3c9b74c0183583c?s=96&d=mm&r=g\",\"url\":\"https:\\\/\\\/secure.gravatar.com\\\/avatar\\\/19fdfdc0d67fb9c45714b703a2ac82251c4fcea3637f002ac3c9b74c0183583c?s=96&d=mm&r=g\",\"contentUrl\":\"https:\\\/\\\/secure.gravatar.com\\\/avatar\\\/19fdfdc0d67fb9c45714b703a2ac82251c4fcea3637f002ac3c9b74c0183583c?s=96&d=mm&r=g\",\"caption\":\"RAED\"}}]}<\/script>\n<!-- \/ Yoast SEO plugin. -->","yoast_head_json":{"title":"La democr\u00e0cia amena\u00e7ada - Reial Acad\u00e8mia Europea de Doctors","description":"Teresa Freixes reflexiona sobre l'actualitat pol\u00edtica espanyola i internacional en els \u00faltims articles","robots":{"index":"index","follow":"follow","max-snippet":"max-snippet:-1","max-image-preview":"max-image-preview:large","max-video-preview":"max-video-preview:-1"},"canonical":"https:\/\/raed.academy\/ca\/la-democracia-amenacada\/","og_locale":"ca_ES","og_type":"article","og_title":"La democr\u00e0cia amena\u00e7ada - Reial Acad\u00e8mia Europea de Doctors","og_description":"Teresa Freixes reflexiona sobre l'actualitat pol\u00edtica espanyola i internacional en els \u00faltims articles","og_url":"https:\/\/raed.academy\/ca\/la-democracia-amenacada\/","og_site_name":"Reial Acad\u00e8mia Europea de Doctors","article_publisher":"http:\/\/fb.me\/raed.academy","article_published_time":"2025-10-17T10:33:28+00:00","article_modified_time":"2025-10-17T10:43:06+00:00","og_image":[{"width":800,"height":480,"url":"https:\/\/raed.academy\/wp-content\/uploads\/2025\/09\/shutt-congreso-de-los-diputados-parlamento-gobierno-Espana-Tribunal-Constitucional-1.67.webp","type":"image\/webp"}],"author":"RAED","twitter_card":"summary_large_image","twitter_creator":"@raedacademy","twitter_site":"@raedacademy","twitter_misc":{"Written by":"RAED","Est. reading time":"5 minutes"},"schema":{"@context":"https:\/\/schema.org","@graph":[{"@type":"Article","@id":"https:\/\/raed.academy\/ca\/la-democracia-amenacada\/#article","isPartOf":{"@id":"https:\/\/raed.academy\/ca\/la-democracia-amenacada\/"},"author":{"name":"RAED","@id":"https:\/\/raed.academy\/ca\/#\/schema\/person\/5a755da80d1d979fd66ba745c8702927"},"headline":"La democr\u00e0cia amena\u00e7ada","datePublished":"2025-10-17T10:33:28+00:00","dateModified":"2025-10-17T10:43:06+00:00","mainEntityOfPage":{"@id":"https:\/\/raed.academy\/ca\/la-democracia-amenacada\/"},"wordCount":980,"publisher":{"@id":"https:\/\/raed.academy\/ca\/#organization"},"image":{"@id":"https:\/\/raed.academy\/ca\/la-democracia-amenacada\/#primaryimage"},"thumbnailUrl":"https:\/\/raed.academy\/wp-content\/uploads\/2025\/09\/shutt-congreso-de-los-diputados-parlamento-gobierno-Espana-Tribunal-Constitucional-1.67.webp","articleSection":["Ci\u00e8ncies pol\u00edtiques","Conflictes b\u00e8l\u00b7lics","Dret","Hist\u00f2ria","Trobades Cient\u00edfiques i Congressos"],"inLanguage":"ca-ES"},{"@type":"WebPage","@id":"https:\/\/raed.academy\/ca\/la-democracia-amenacada\/","url":"https:\/\/raed.academy\/ca\/la-democracia-amenacada\/","name":"La democr\u00e0cia amena\u00e7ada - Reial Acad\u00e8mia Europea de Doctors","isPartOf":{"@id":"https:\/\/raed.academy\/ca\/#website"},"primaryImageOfPage":{"@id":"https:\/\/raed.academy\/ca\/la-democracia-amenacada\/#primaryimage"},"image":{"@id":"https:\/\/raed.academy\/ca\/la-democracia-amenacada\/#primaryimage"},"thumbnailUrl":"https:\/\/raed.academy\/wp-content\/uploads\/2025\/09\/shutt-congreso-de-los-diputados-parlamento-gobierno-Espana-Tribunal-Constitucional-1.67.webp","datePublished":"2025-10-17T10:33:28+00:00","dateModified":"2025-10-17T10:43:06+00:00","description":"Teresa Freixes reflexiona sobre l'actualitat pol\u00edtica espanyola i internacional en els \u00faltims articles","breadcrumb":{"@id":"https:\/\/raed.academy\/ca\/la-democracia-amenacada\/#breadcrumb"},"inLanguage":"ca-ES","potentialAction":[{"@type":"ReadAction","target":["https:\/\/raed.academy\/ca\/la-democracia-amenacada\/"]}]},{"@type":"ImageObject","inLanguage":"ca-ES","@id":"https:\/\/raed.academy\/ca\/la-democracia-amenacada\/#primaryimage","url":"https:\/\/raed.academy\/wp-content\/uploads\/2025\/09\/shutt-congreso-de-los-diputados-parlamento-gobierno-Espana-Tribunal-Constitucional-1.67.webp","contentUrl":"https:\/\/raed.academy\/wp-content\/uploads\/2025\/09\/shutt-congreso-de-los-diputados-parlamento-gobierno-Espana-Tribunal-Constitucional-1.67.webp","width":800,"height":480},{"@type":"BreadcrumbList","@id":"https:\/\/raed.academy\/ca\/la-democracia-amenacada\/#breadcrumb","itemListElement":[{"@type":"ListItem","position":1,"name":"Inicio","item":"https:\/\/raed.academy\/ca\/"},{"@type":"ListItem","position":2,"name":"La democr\u00e0cia amena\u00e7ada"}]},{"@type":"WebSite","@id":"https:\/\/raed.academy\/ca\/#website","url":"https:\/\/raed.academy\/ca\/","name":"Reial Acad\u00e8mia Europea de Doctors","description":"Corporaci\u00f3n de derecho p\u00fablico de car\u00e1cter cient\u00edfico, t\u00e9cnico y art\u00edstico, que tiene por objeto la investigaci\u00f3n, el estudio, el fomento y la extensi\u00f3n del conocimiento en su sentido m\u00e1s amplio","publisher":{"@id":"https:\/\/raed.academy\/ca\/#organization"},"potentialAction":[{"@type":"SearchAction","target":{"@type":"EntryPoint","urlTemplate":"https:\/\/raed.academy\/ca\/?s={search_term_string}"},"query-input":{"@type":"PropertyValueSpecification","valueRequired":true,"valueName":"search_term_string"}}],"inLanguage":"ca-ES"},{"@type":"Organization","@id":"https:\/\/raed.academy\/ca\/#organization","name":"Real Academia Europea de Doctores","url":"https:\/\/raed.academy\/ca\/","logo":{"@type":"ImageObject","inLanguage":"ca-ES","@id":"https:\/\/raed.academy\/ca\/#\/schema\/logo\/image\/","url":"https:\/\/raed.academy\/wp-content\/uploads\/2017\/01\/cropped-logo_raed.png","contentUrl":"https:\/\/raed.academy\/wp-content\/uploads\/2017\/01\/cropped-logo_raed.png","width":512,"height":512,"caption":"Real Academia Europea de Doctores"},"image":{"@id":"https:\/\/raed.academy\/ca\/#\/schema\/logo\/image\/"},"sameAs":["http:\/\/fb.me\/raed.academy","https:\/\/x.com\/raedacademy","https:\/\/www.instagram.com\/raed.academy\/","https:\/\/www.youtube.com\/channel\/UCUYQwW2KrdirNWihxMDObwg"]},{"@type":"Person","@id":"https:\/\/raed.academy\/ca\/#\/schema\/person\/5a755da80d1d979fd66ba745c8702927","name":"RAED","image":{"@type":"ImageObject","inLanguage":"ca-ES","@id":"https:\/\/secure.gravatar.com\/avatar\/19fdfdc0d67fb9c45714b703a2ac82251c4fcea3637f002ac3c9b74c0183583c?s=96&d=mm&r=g","url":"https:\/\/secure.gravatar.com\/avatar\/19fdfdc0d67fb9c45714b703a2ac82251c4fcea3637f002ac3c9b74c0183583c?s=96&d=mm&r=g","contentUrl":"https:\/\/secure.gravatar.com\/avatar\/19fdfdc0d67fb9c45714b703a2ac82251c4fcea3637f002ac3c9b74c0183583c?s=96&d=mm&r=g","caption":"RAED"}}]}},"_links":{"self":[{"href":"https:\/\/raed.academy\/ca\/wp-json\/wp\/v2\/posts\/173046","targetHints":{"allow":["GET"]}}],"collection":[{"href":"https:\/\/raed.academy\/ca\/wp-json\/wp\/v2\/posts"}],"about":[{"href":"https:\/\/raed.academy\/ca\/wp-json\/wp\/v2\/types\/post"}],"author":[{"embeddable":true,"href":"https:\/\/raed.academy\/ca\/wp-json\/wp\/v2\/users\/12"}],"replies":[{"embeddable":true,"href":"https:\/\/raed.academy\/ca\/wp-json\/wp\/v2\/comments?post=173046"}],"version-history":[{"count":4,"href":"https:\/\/raed.academy\/ca\/wp-json\/wp\/v2\/posts\/173046\/revisions"}],"predecessor-version":[{"id":173089,"href":"https:\/\/raed.academy\/ca\/wp-json\/wp\/v2\/posts\/173046\/revisions\/173089"}],"wp:featuredmedia":[{"embeddable":true,"href":"https:\/\/raed.academy\/ca\/wp-json\/wp\/v2\/media\/169823"}],"wp:attachment":[{"href":"https:\/\/raed.academy\/ca\/wp-json\/wp\/v2\/media?parent=173046"}],"wp:term":[{"taxonomy":"category","embeddable":true,"href":"https:\/\/raed.academy\/ca\/wp-json\/wp\/v2\/categories?post=173046"},{"taxonomy":"post_tag","embeddable":true,"href":"https:\/\/raed.academy\/ca\/wp-json\/wp\/v2\/tags?post=173046"}],"curies":[{"name":"wp","href":"https:\/\/api.w.org\/{rel}","templated":true}]}}