{"id":173008,"date":"2025-10-17T09:04:40","date_gmt":"2025-10-17T09:04:40","guid":{"rendered":"https:\/\/raed.academy\/?p=173008"},"modified":"2025-10-17T09:04:40","modified_gmt":"2025-10-17T09:04:40","slug":"a-la-cuina-del-lideratge-corporatiu","status":"publish","type":"post","link":"https:\/\/raed.academy\/ca\/a-la-cuina-del-lideratge-corporatiu\/","title":{"rendered":"A la cuina del lideratge corporatiu"},"content":{"rendered":"<div id=\"attachment_118083\" style=\"width: 510px\" class=\"wp-caption alignleft\"><img loading=\"lazy\" decoding=\"async\" aria-describedby=\"caption-attachment-118083\" class=\"wp-image-118083 size-full\" src=\"https:\/\/raed.academy\/wp-content\/uploads\/2022\/05\/Francisco-Marco-Fernandez-dst.jpg\" sizes=\"(max-width: 500px) 100vw, 500px\" srcset=\"https:\/\/raed.academy\/wp-content\/uploads\/2022\/05\/Francisco-Marco-Fernandez-dst.jpg 500w, https:\/\/raed.academy\/wp-content\/uploads\/2022\/05\/Francisco-Marco-Fernandez-dst-440x264.jpg 440w\" alt=\"Francisco Marco Fern\u00e1ndez\" width=\"500\" height=\"300\" aria-describedby=\"caption-attachment-118083\" \/><p id=\"caption-attachment-118083\" class=\"wp-caption-text\">Dr. Francisco Marco<\/p><\/div>\n<p><a href=\"https:\/\/raed.academy\/ca\/academics\/dr-francisco-marco-fernandez\/\" target=\"_blank\" rel=\"noopener\"><em><strong>Francisco Marco<\/strong><\/em><\/a>, reconegut expert en el dret a la privacitat, director de l&#8217;ag\u00e8ncia de detectius <strong>M\u00e9todo 3<\/strong> i acad\u00e8mic corresponent de la<strong> Reial Acad\u00e8mia Europea de Doctors<\/strong> (RAED), ha estat designat per la revista &#8220;Forbes&#8221; al costat de la seva firma <strong>Marco &amp; Co.<\/strong>, que va fundar i dirigeix, com a integrant de la seva llista <strong>Top 50 Advisory del Corporate Spain<\/strong>. Es tracta d&#8217;un prestigi\u00f3s r\u00e0nquing que estructura i ordena als actors clau d&#8217;aquest sector en nou grans categories, des de la banca d&#8217;inversi\u00f3 fins als bufets d&#8217;advocats, passant per consultores estrat\u00e8giques i firmes especialitzades en comunicaci\u00f3 i afers p\u00fablics per tal d&#8217;oferir una radiografia \u00fanica del talent i els serveis que, des de l&#8217;ombra, sostenen el lideratge empresarial a Espanya.<\/p>\n<p>&#8220;La intel\u00b7lig\u00e8ncia corporativa \u00e9s coneixement estrat\u00e8gic per anticipar moviments de mercat i riscos emergents; i assegurar un avantatge competitiu basat en el coneixement i en l&#8217;an\u00e0lisi no evident d&#8217;oportunitats i amenaces. Tres firmes lideren aquesta pr\u00e0ctica a primer nivell corporatiu al nostre pa\u00eds: <strong>Juan De la Torre<\/strong> (fundador i president), amb <strong>Intelligence Bureau<\/strong>; Francisco Marco (fundador i president), amb Marco &amp; Co., i <strong>David Jim\u00e9nez-Ayala<\/strong> (Managing Director per a Espanya), amb <strong>Kroll Espa\u00f1a<\/strong>&#8220;, explica la publicaci\u00f3.<\/p>\n<p>Per a &#8220;Forbes&#8221;, a l&#8217;ecosistema de Corporate Spain destaquen firmes altament especialitzades que ofereixen un assessorament que va molt m\u00e9s enll\u00e0 de la t\u00e8cnica. Es tracta de companyies i despatxos que marquen el pols de les decisions estrat\u00e8giques de les grans corporacions i dels grups que conformen l&#8217;\u00edndex borsari <strong>Ibex 35<\/strong>, situant-se com a consellers de refer\u00e8ncia per a presidents, CEO i inversors. &#8220;La seva influ\u00e8ncia transcendeix el terreny jur\u00eddic i financer: s\u00f3n els qui exerceixen d&#8217;arquitectes ocults del poder corporatiu a Espanya, orientant fusions, operacions de mercat i moviments estrat\u00e8gics que defineixen l&#8217;economia nacional. Aquestes firmes i professionals s\u00f3n, en conseq\u00fc\u00e8ncia, protagonistes de primer nivell al Corporate Spain&#8221;, explica la publicaci\u00f3.<\/p>\n<p>&#8220;Aquest reconeixement destaca la nostra tasca dins de l&#8217;\u00e0mbit de la intel\u00b7lig\u00e8ncia corporativa, entesa com la capacitat d&#8217;anticipar riscos, detectar oportunitats i convertir la informaci\u00f3 en avantatge competitiu. A Marco &amp; Co. creiem que el coneixement \u00e9s poder nom\u00e9s quan es transforma en estrat\u00e8gia, i que la confidencialitat i la precisi\u00f3 s\u00f3n els pilars de tota decisi\u00f3 intel\u00b7ligent. Gr\u00e0cies a tot el nostre equip per fer-ho possible i als nostres clients per la seva confian\u00e7a. Continuem treballant per oferir intel\u00b7lig\u00e8ncia real en un m\u00f3n on la informaci\u00f3 \u00e9s or&#8221;, es va congratular el mateix Marco despr\u00e9s de con\u00e8ixer la seva inclusi\u00f3 en aquesta selecta i limitada llista.<\/p>\n<p>L&#8217;acad\u00e8mic dirigeix des dels 25 anys un dels grups d&#8217;intel\u00b7lig\u00e8ncia empresarial m\u00e9s grans espanyol. Va ser impulsor de la inclusi\u00f3 de la figura de l&#8217;investigador a la llei d&#8217;Enjudiciament Civil, \u00e9s membre de l&#8217;<strong>Associaci\u00f3 Internacional d&#8217;Analistes de Frau Certificats<\/strong> i autor de m\u00e9s d&#8217;una desena de llibres de divulgaci\u00f3, tres d&#8217;ells n\u00famero u de vendes a Espanya. L&#8217;any 2000 va mer\u00e8ixer el <strong>Premi Nacional de Doctrina<\/strong> pel treball <strong>&#8220;La monitorizaci\u00f3n del correo electr\u00f3nico en la empresa&#8221;<\/strong>. El mes de mar\u00e7 passat va presentar al costat de la periodista <strong>Mayka Navarro<\/strong> el llibre<strong> &#8220;La fugida&#8221;<\/strong> (Columna), una obra en la que narren l&#8217;episodi de la reaparici\u00f3 a Barcelona de l&#8217;expresident de la <strong>Generalitat de Catalunya Carles Puigdemont<\/strong> per a la celebraci\u00f3 d&#8217;un m\u00edting, i la seva posterior fugida sense aconseguir ser detingut malgrat que sobre ell cau una ordre d&#8217;arrest en trobar-se fugit de la just\u00edcia. En aquest mateix \u00e0mbit de la investigaci\u00f3 pol\u00edtica, judicial i de successos, Marco ha estat coautor dels best-sellers <strong>&#8220;El m\u00e9todo&#8221;<\/strong>, <strong>&#8220;Operaci\u00f3 Catalunya&#8221;<\/strong> o <strong>&#8220;La Espa\u00f1a inventada&#8221;<\/strong>, i ha publicat a m\u00e9s de les novel\u00b7les <strong>&#8220;La preparadora de juicios&#8221;<\/strong>,<strong> &#8220;Realpolitik&#8221;<\/strong> i <strong>&#8220;Los secretos de Alba&#8221;<\/strong>.<\/p>\n<p>Precursor d&#8217;estudis sobre la protecci\u00f3 dels drets personals a les xarxes i la privacitat digital, Marco va ingressar com a acad\u00e8mic corresponent de la RAED el juny del 2022 amb el discurs <a href=\"https:\/\/raed.academy\/wp-content\/uploads\/2022\/06\/libro-ingreso-RAED-Dr-Francisco-Marco-Fernandez-cmpr.pdf\"><strong>&#8220;Dissociats (desdoblats). El futur social de la humanitat&#8221;<\/strong><\/a>, en el qual va abordar l&#8217;estat de la privacitat i la llibertat s l&#8217;actual context de digitalitzaci\u00f3 i hiperconnexi\u00f3, analitzant el poder efectiu d&#8217;empreses tecnol\u00f2giques com ara <strong>Google<\/strong> i les grans corporacions o els governs que han fet del processament, gesti\u00f3 i an\u00e0lisi de dades part de les seves pol\u00edtiques de control, com \u00e9s el cas del r\u00e8gim xin\u00e8s.<\/p>\n","protected":false},"excerpt":{"rendered":"<p>Francisco Marco, designat per la revista &#8220;Forbes&#8221; juntament amb la seva firma Marco &#038; Co., que va fundar i dirigeix, com a integrant de la seva llista Top 50 Advisory del Corporate Spain<\/p>\n","protected":false},"author":12,"featured_media":118084,"comment_status":"closed","ping_status":"closed","sticky":false,"template":"","format":"standard","meta":{"_et_pb_use_builder":"","_et_pb_old_content":"","_et_gb_content_width":"","footnotes":""},"categories":[233,168],"tags":[],"class_list":["post-173008","post","type-post","status-publish","format-standard","has-post-thumbnail","hentry","category-economiques-i-empresarials","category-premis-distincions-i-nomenaments","et-has-post-format-content","et_post_format-et-post-format-standard"],"yoast_head":"<!-- This site is optimized with the Yoast SEO plugin v27.4 - https:\/\/yoast.com\/product\/yoast-seo-wordpress\/ -->\n<title>A la cuina del lideratge corporatiu - Reial Acad\u00e8mia Europea de Doctors<\/title>\n<meta name=\"description\" content=\"Francisco Marco, designat per la revista &quot;Forbes&quot; juntament amb la seva firma Marco &amp; Co., que va fundar i dirigeix, com a integrant de la seva llista Top 50 Advisory del Corporate Spain\" \/>\n<meta name=\"robots\" content=\"index, follow, max-snippet:-1, max-image-preview:large, max-video-preview:-1\" \/>\n<link rel=\"canonical\" href=\"https:\/\/raed.academy\/ca\/a-la-cuina-del-lideratge-corporatiu\/\" \/>\n<meta property=\"og:locale\" content=\"ca_ES\" \/>\n<meta property=\"og:type\" content=\"article\" \/>\n<meta property=\"og:title\" content=\"A la cuina del lideratge corporatiu - Reial Acad\u00e8mia Europea de Doctors\" \/>\n<meta property=\"og:description\" content=\"Francisco Marco, designat per la revista &quot;Forbes&quot; juntament amb la seva firma Marco &amp; Co., que va fundar i dirigeix, com a integrant de la seva llista Top 50 Advisory del Corporate Spain\" \/>\n<meta property=\"og:url\" content=\"https:\/\/raed.academy\/ca\/a-la-cuina-del-lideratge-corporatiu\/\" \/>\n<meta property=\"og:site_name\" content=\"Reial Acad\u00e8mia Europea de Doctors\" \/>\n<meta property=\"article:publisher\" content=\"http:\/\/fb.me\/raed.academy\" \/>\n<meta property=\"article:published_time\" content=\"2025-10-17T09:04:40+00:00\" \/>\n<meta property=\"og:image\" content=\"https:\/\/raed.academy\/wp-content\/uploads\/2022\/05\/Francisco-Marco-Fernandez-dst.jpg\" \/>\n\t<meta property=\"og:image:width\" content=\"500\" \/>\n\t<meta property=\"og:image:height\" content=\"300\" \/>\n\t<meta property=\"og:image:type\" content=\"image\/jpeg\" \/>\n<meta name=\"author\" content=\"RAED\" \/>\n<meta name=\"twitter:card\" content=\"summary_large_image\" \/>\n<meta name=\"twitter:creator\" content=\"@raedacademy\" \/>\n<meta name=\"twitter:site\" content=\"@raedacademy\" \/>\n<meta name=\"twitter:label1\" content=\"Written by\" \/>\n\t<meta name=\"twitter:data1\" content=\"RAED\" \/>\n\t<meta name=\"twitter:label2\" content=\"Est. reading time\" \/>\n\t<meta name=\"twitter:data2\" content=\"4 minutes\" \/>\n<script type=\"application\/ld+json\" class=\"yoast-schema-graph\">{\"@context\":\"https:\\\/\\\/schema.org\",\"@graph\":[{\"@type\":\"Article\",\"@id\":\"https:\\\/\\\/raed.academy\\\/ca\\\/a-la-cuina-del-lideratge-corporatiu\\\/#article\",\"isPartOf\":{\"@id\":\"https:\\\/\\\/raed.academy\\\/ca\\\/a-la-cuina-del-lideratge-corporatiu\\\/\"},\"author\":{\"name\":\"RAED\",\"@id\":\"https:\\\/\\\/raed.academy\\\/ca\\\/#\\\/schema\\\/person\\\/5a755da80d1d979fd66ba745c8702927\"},\"headline\":\"A la cuina del lideratge corporatiu\",\"datePublished\":\"2025-10-17T09:04:40+00:00\",\"mainEntityOfPage\":{\"@id\":\"https:\\\/\\\/raed.academy\\\/ca\\\/a-la-cuina-del-lideratge-corporatiu\\\/\"},\"wordCount\":808,\"publisher\":{\"@id\":\"https:\\\/\\\/raed.academy\\\/ca\\\/#organization\"},\"image\":{\"@id\":\"https:\\\/\\\/raed.academy\\\/ca\\\/a-la-cuina-del-lideratge-corporatiu\\\/#primaryimage\"},\"thumbnailUrl\":\"https:\\\/\\\/raed.academy\\\/wp-content\\\/uploads\\\/2022\\\/05\\\/Francisco-Marco-Fernandez-dst.jpg\",\"articleSection\":[\"Econ\u00f2miques i Empresarials\",\"Premis, distincions i nomenaments\"],\"inLanguage\":\"ca-ES\"},{\"@type\":\"WebPage\",\"@id\":\"https:\\\/\\\/raed.academy\\\/ca\\\/a-la-cuina-del-lideratge-corporatiu\\\/\",\"url\":\"https:\\\/\\\/raed.academy\\\/ca\\\/a-la-cuina-del-lideratge-corporatiu\\\/\",\"name\":\"A la cuina del lideratge corporatiu - Reial Acad\u00e8mia Europea de Doctors\",\"isPartOf\":{\"@id\":\"https:\\\/\\\/raed.academy\\\/ca\\\/#website\"},\"primaryImageOfPage\":{\"@id\":\"https:\\\/\\\/raed.academy\\\/ca\\\/a-la-cuina-del-lideratge-corporatiu\\\/#primaryimage\"},\"image\":{\"@id\":\"https:\\\/\\\/raed.academy\\\/ca\\\/a-la-cuina-del-lideratge-corporatiu\\\/#primaryimage\"},\"thumbnailUrl\":\"https:\\\/\\\/raed.academy\\\/wp-content\\\/uploads\\\/2022\\\/05\\\/Francisco-Marco-Fernandez-dst.jpg\",\"datePublished\":\"2025-10-17T09:04:40+00:00\",\"description\":\"Francisco Marco, designat per la revista \\\"Forbes\\\" juntament amb la seva firma Marco & Co., que va fundar i dirigeix, com a integrant de la seva llista Top 50 Advisory del Corporate Spain\",\"breadcrumb\":{\"@id\":\"https:\\\/\\\/raed.academy\\\/ca\\\/a-la-cuina-del-lideratge-corporatiu\\\/#breadcrumb\"},\"inLanguage\":\"ca-ES\",\"potentialAction\":[{\"@type\":\"ReadAction\",\"target\":[\"https:\\\/\\\/raed.academy\\\/ca\\\/a-la-cuina-del-lideratge-corporatiu\\\/\"]}]},{\"@type\":\"ImageObject\",\"inLanguage\":\"ca-ES\",\"@id\":\"https:\\\/\\\/raed.academy\\\/ca\\\/a-la-cuina-del-lideratge-corporatiu\\\/#primaryimage\",\"url\":\"https:\\\/\\\/raed.academy\\\/wp-content\\\/uploads\\\/2022\\\/05\\\/Francisco-Marco-Fernandez-dst.jpg\",\"contentUrl\":\"https:\\\/\\\/raed.academy\\\/wp-content\\\/uploads\\\/2022\\\/05\\\/Francisco-Marco-Fernandez-dst.jpg\",\"width\":500,\"height\":300,\"caption\":\"Francisco Marco Fern\u00e1ndez\"},{\"@type\":\"BreadcrumbList\",\"@id\":\"https:\\\/\\\/raed.academy\\\/ca\\\/a-la-cuina-del-lideratge-corporatiu\\\/#breadcrumb\",\"itemListElement\":[{\"@type\":\"ListItem\",\"position\":1,\"name\":\"Inicio\",\"item\":\"https:\\\/\\\/raed.academy\\\/ca\\\/\"},{\"@type\":\"ListItem\",\"position\":2,\"name\":\"A la cuina del lideratge corporatiu\"}]},{\"@type\":\"WebSite\",\"@id\":\"https:\\\/\\\/raed.academy\\\/ca\\\/#website\",\"url\":\"https:\\\/\\\/raed.academy\\\/ca\\\/\",\"name\":\"Reial Acad\u00e8mia Europea de Doctors\",\"description\":\"Corporaci\u00f3n de derecho p\u00fablico de car\u00e1cter cient\u00edfico, t\u00e9cnico y art\u00edstico, que tiene por objeto la investigaci\u00f3n, el estudio, el fomento y la extensi\u00f3n del conocimiento en su sentido m\u00e1s amplio\",\"publisher\":{\"@id\":\"https:\\\/\\\/raed.academy\\\/ca\\\/#organization\"},\"potentialAction\":[{\"@type\":\"SearchAction\",\"target\":{\"@type\":\"EntryPoint\",\"urlTemplate\":\"https:\\\/\\\/raed.academy\\\/ca\\\/?s={search_term_string}\"},\"query-input\":{\"@type\":\"PropertyValueSpecification\",\"valueRequired\":true,\"valueName\":\"search_term_string\"}}],\"inLanguage\":\"ca-ES\"},{\"@type\":\"Organization\",\"@id\":\"https:\\\/\\\/raed.academy\\\/ca\\\/#organization\",\"name\":\"Real Academia Europea de Doctores\",\"url\":\"https:\\\/\\\/raed.academy\\\/ca\\\/\",\"logo\":{\"@type\":\"ImageObject\",\"inLanguage\":\"ca-ES\",\"@id\":\"https:\\\/\\\/raed.academy\\\/ca\\\/#\\\/schema\\\/logo\\\/image\\\/\",\"url\":\"https:\\\/\\\/raed.academy\\\/wp-content\\\/uploads\\\/2017\\\/01\\\/cropped-logo_raed.png\",\"contentUrl\":\"https:\\\/\\\/raed.academy\\\/wp-content\\\/uploads\\\/2017\\\/01\\\/cropped-logo_raed.png\",\"width\":512,\"height\":512,\"caption\":\"Real Academia Europea de Doctores\"},\"image\":{\"@id\":\"https:\\\/\\\/raed.academy\\\/ca\\\/#\\\/schema\\\/logo\\\/image\\\/\"},\"sameAs\":[\"http:\\\/\\\/fb.me\\\/raed.academy\",\"https:\\\/\\\/x.com\\\/raedacademy\",\"https:\\\/\\\/www.instagram.com\\\/raed.academy\\\/\",\"https:\\\/\\\/www.youtube.com\\\/channel\\\/UCUYQwW2KrdirNWihxMDObwg\"]},{\"@type\":\"Person\",\"@id\":\"https:\\\/\\\/raed.academy\\\/ca\\\/#\\\/schema\\\/person\\\/5a755da80d1d979fd66ba745c8702927\",\"name\":\"RAED\",\"image\":{\"@type\":\"ImageObject\",\"inLanguage\":\"ca-ES\",\"@id\":\"https:\\\/\\\/secure.gravatar.com\\\/avatar\\\/19fdfdc0d67fb9c45714b703a2ac82251c4fcea3637f002ac3c9b74c0183583c?s=96&d=mm&r=g\",\"url\":\"https:\\\/\\\/secure.gravatar.com\\\/avatar\\\/19fdfdc0d67fb9c45714b703a2ac82251c4fcea3637f002ac3c9b74c0183583c?s=96&d=mm&r=g\",\"contentUrl\":\"https:\\\/\\\/secure.gravatar.com\\\/avatar\\\/19fdfdc0d67fb9c45714b703a2ac82251c4fcea3637f002ac3c9b74c0183583c?s=96&d=mm&r=g\",\"caption\":\"RAED\"}}]}<\/script>\n<!-- \/ Yoast SEO plugin. -->","yoast_head_json":{"title":"A la cuina del lideratge corporatiu - Reial Acad\u00e8mia Europea de Doctors","description":"Francisco Marco, designat per la revista \"Forbes\" juntament amb la seva firma Marco & Co., que va fundar i dirigeix, com a integrant de la seva llista Top 50 Advisory del Corporate Spain","robots":{"index":"index","follow":"follow","max-snippet":"max-snippet:-1","max-image-preview":"max-image-preview:large","max-video-preview":"max-video-preview:-1"},"canonical":"https:\/\/raed.academy\/ca\/a-la-cuina-del-lideratge-corporatiu\/","og_locale":"ca_ES","og_type":"article","og_title":"A la cuina del lideratge corporatiu - Reial Acad\u00e8mia Europea de Doctors","og_description":"Francisco Marco, designat per la revista \"Forbes\" juntament amb la seva firma Marco & Co., que va fundar i dirigeix, com a integrant de la seva llista Top 50 Advisory del Corporate Spain","og_url":"https:\/\/raed.academy\/ca\/a-la-cuina-del-lideratge-corporatiu\/","og_site_name":"Reial Acad\u00e8mia Europea de Doctors","article_publisher":"http:\/\/fb.me\/raed.academy","article_published_time":"2025-10-17T09:04:40+00:00","og_image":[{"width":500,"height":300,"url":"https:\/\/raed.academy\/wp-content\/uploads\/2022\/05\/Francisco-Marco-Fernandez-dst.jpg","type":"image\/jpeg"}],"author":"RAED","twitter_card":"summary_large_image","twitter_creator":"@raedacademy","twitter_site":"@raedacademy","twitter_misc":{"Written by":"RAED","Est. reading time":"4 minutes"},"schema":{"@context":"https:\/\/schema.org","@graph":[{"@type":"Article","@id":"https:\/\/raed.academy\/ca\/a-la-cuina-del-lideratge-corporatiu\/#article","isPartOf":{"@id":"https:\/\/raed.academy\/ca\/a-la-cuina-del-lideratge-corporatiu\/"},"author":{"name":"RAED","@id":"https:\/\/raed.academy\/ca\/#\/schema\/person\/5a755da80d1d979fd66ba745c8702927"},"headline":"A la cuina del lideratge corporatiu","datePublished":"2025-10-17T09:04:40+00:00","mainEntityOfPage":{"@id":"https:\/\/raed.academy\/ca\/a-la-cuina-del-lideratge-corporatiu\/"},"wordCount":808,"publisher":{"@id":"https:\/\/raed.academy\/ca\/#organization"},"image":{"@id":"https:\/\/raed.academy\/ca\/a-la-cuina-del-lideratge-corporatiu\/#primaryimage"},"thumbnailUrl":"https:\/\/raed.academy\/wp-content\/uploads\/2022\/05\/Francisco-Marco-Fernandez-dst.jpg","articleSection":["Econ\u00f2miques i Empresarials","Premis, distincions i nomenaments"],"inLanguage":"ca-ES"},{"@type":"WebPage","@id":"https:\/\/raed.academy\/ca\/a-la-cuina-del-lideratge-corporatiu\/","url":"https:\/\/raed.academy\/ca\/a-la-cuina-del-lideratge-corporatiu\/","name":"A la cuina del lideratge corporatiu - Reial Acad\u00e8mia Europea de Doctors","isPartOf":{"@id":"https:\/\/raed.academy\/ca\/#website"},"primaryImageOfPage":{"@id":"https:\/\/raed.academy\/ca\/a-la-cuina-del-lideratge-corporatiu\/#primaryimage"},"image":{"@id":"https:\/\/raed.academy\/ca\/a-la-cuina-del-lideratge-corporatiu\/#primaryimage"},"thumbnailUrl":"https:\/\/raed.academy\/wp-content\/uploads\/2022\/05\/Francisco-Marco-Fernandez-dst.jpg","datePublished":"2025-10-17T09:04:40+00:00","description":"Francisco Marco, designat per la revista \"Forbes\" juntament amb la seva firma Marco & Co., que va fundar i dirigeix, com a integrant de la seva llista Top 50 Advisory del Corporate Spain","breadcrumb":{"@id":"https:\/\/raed.academy\/ca\/a-la-cuina-del-lideratge-corporatiu\/#breadcrumb"},"inLanguage":"ca-ES","potentialAction":[{"@type":"ReadAction","target":["https:\/\/raed.academy\/ca\/a-la-cuina-del-lideratge-corporatiu\/"]}]},{"@type":"ImageObject","inLanguage":"ca-ES","@id":"https:\/\/raed.academy\/ca\/a-la-cuina-del-lideratge-corporatiu\/#primaryimage","url":"https:\/\/raed.academy\/wp-content\/uploads\/2022\/05\/Francisco-Marco-Fernandez-dst.jpg","contentUrl":"https:\/\/raed.academy\/wp-content\/uploads\/2022\/05\/Francisco-Marco-Fernandez-dst.jpg","width":500,"height":300,"caption":"Francisco Marco Fern\u00e1ndez"},{"@type":"BreadcrumbList","@id":"https:\/\/raed.academy\/ca\/a-la-cuina-del-lideratge-corporatiu\/#breadcrumb","itemListElement":[{"@type":"ListItem","position":1,"name":"Inicio","item":"https:\/\/raed.academy\/ca\/"},{"@type":"ListItem","position":2,"name":"A la cuina del lideratge corporatiu"}]},{"@type":"WebSite","@id":"https:\/\/raed.academy\/ca\/#website","url":"https:\/\/raed.academy\/ca\/","name":"Reial Acad\u00e8mia Europea de Doctors","description":"Corporaci\u00f3n de derecho p\u00fablico de car\u00e1cter cient\u00edfico, t\u00e9cnico y art\u00edstico, que tiene por objeto la investigaci\u00f3n, el estudio, el fomento y la extensi\u00f3n del conocimiento en su sentido m\u00e1s amplio","publisher":{"@id":"https:\/\/raed.academy\/ca\/#organization"},"potentialAction":[{"@type":"SearchAction","target":{"@type":"EntryPoint","urlTemplate":"https:\/\/raed.academy\/ca\/?s={search_term_string}"},"query-input":{"@type":"PropertyValueSpecification","valueRequired":true,"valueName":"search_term_string"}}],"inLanguage":"ca-ES"},{"@type":"Organization","@id":"https:\/\/raed.academy\/ca\/#organization","name":"Real Academia Europea de Doctores","url":"https:\/\/raed.academy\/ca\/","logo":{"@type":"ImageObject","inLanguage":"ca-ES","@id":"https:\/\/raed.academy\/ca\/#\/schema\/logo\/image\/","url":"https:\/\/raed.academy\/wp-content\/uploads\/2017\/01\/cropped-logo_raed.png","contentUrl":"https:\/\/raed.academy\/wp-content\/uploads\/2017\/01\/cropped-logo_raed.png","width":512,"height":512,"caption":"Real Academia Europea de Doctores"},"image":{"@id":"https:\/\/raed.academy\/ca\/#\/schema\/logo\/image\/"},"sameAs":["http:\/\/fb.me\/raed.academy","https:\/\/x.com\/raedacademy","https:\/\/www.instagram.com\/raed.academy\/","https:\/\/www.youtube.com\/channel\/UCUYQwW2KrdirNWihxMDObwg"]},{"@type":"Person","@id":"https:\/\/raed.academy\/ca\/#\/schema\/person\/5a755da80d1d979fd66ba745c8702927","name":"RAED","image":{"@type":"ImageObject","inLanguage":"ca-ES","@id":"https:\/\/secure.gravatar.com\/avatar\/19fdfdc0d67fb9c45714b703a2ac82251c4fcea3637f002ac3c9b74c0183583c?s=96&d=mm&r=g","url":"https:\/\/secure.gravatar.com\/avatar\/19fdfdc0d67fb9c45714b703a2ac82251c4fcea3637f002ac3c9b74c0183583c?s=96&d=mm&r=g","contentUrl":"https:\/\/secure.gravatar.com\/avatar\/19fdfdc0d67fb9c45714b703a2ac82251c4fcea3637f002ac3c9b74c0183583c?s=96&d=mm&r=g","caption":"RAED"}}]}},"_links":{"self":[{"href":"https:\/\/raed.academy\/ca\/wp-json\/wp\/v2\/posts\/173008","targetHints":{"allow":["GET"]}}],"collection":[{"href":"https:\/\/raed.academy\/ca\/wp-json\/wp\/v2\/posts"}],"about":[{"href":"https:\/\/raed.academy\/ca\/wp-json\/wp\/v2\/types\/post"}],"author":[{"embeddable":true,"href":"https:\/\/raed.academy\/ca\/wp-json\/wp\/v2\/users\/12"}],"replies":[{"embeddable":true,"href":"https:\/\/raed.academy\/ca\/wp-json\/wp\/v2\/comments?post=173008"}],"version-history":[{"count":3,"href":"https:\/\/raed.academy\/ca\/wp-json\/wp\/v2\/posts\/173008\/revisions"}],"predecessor-version":[{"id":173044,"href":"https:\/\/raed.academy\/ca\/wp-json\/wp\/v2\/posts\/173008\/revisions\/173044"}],"wp:featuredmedia":[{"embeddable":true,"href":"https:\/\/raed.academy\/ca\/wp-json\/wp\/v2\/media\/118084"}],"wp:attachment":[{"href":"https:\/\/raed.academy\/ca\/wp-json\/wp\/v2\/media?parent=173008"}],"wp:term":[{"taxonomy":"category","embeddable":true,"href":"https:\/\/raed.academy\/ca\/wp-json\/wp\/v2\/categories?post=173008"},{"taxonomy":"post_tag","embeddable":true,"href":"https:\/\/raed.academy\/ca\/wp-json\/wp\/v2\/tags?post=173008"}],"curies":[{"name":"wp","href":"https:\/\/api.w.org\/{rel}","templated":true}]}}