{"id":170834,"date":"2025-10-06T09:24:23","date_gmt":"2025-10-06T09:24:23","guid":{"rendered":"https:\/\/raed.academy\/?p=170834"},"modified":"2025-10-06T09:24:23","modified_gmt":"2025-10-06T09:24:23","slug":"quin-es-el-sentit-de-la-vida","status":"publish","type":"post","link":"https:\/\/raed.academy\/ca\/quin-es-el-sentit-de-la-vida\/","title":{"rendered":"Quin \u00e9s el sentit de la vida"},"content":{"rendered":"<div id=\"attachment_164609\" style=\"width: 233px\" class=\"wp-caption alignleft\"><img loading=\"lazy\" decoding=\"async\" aria-describedby=\"caption-attachment-164609\" class=\"wp-image-164609\" src=\"https:\/\/raed.academy\/wp-content\/uploads\/2025\/05\/Dr-Manuel-Sans-Segarra-230x317px.jpg\" alt=\"Manuel Sans Segarra\" width=\"223\" height=\"307\" aria-describedby=\"caption-attachment-164609\" \/><p id=\"caption-attachment-164609\" class=\"wp-caption-text\">Dr. Manuel Sans Segarra<\/p><\/div>\n<p><a href=\"https:\/\/raed.academy\/ca\/academics\/dr-manuel-sans-segarra\/\" target=\"_blank\" rel=\"noopener\"><em><strong>Manuel Sans Segarra<\/strong><\/em><\/a>, president de la\u00a0Secci\u00f3\u00a0S\u00e8nior\u00a0del\u00a0<strong>Col\u00b7legi\u00a0Oficial de\u00a0Metges\u00a0de Barcelona<\/strong> i acad\u00e8mic numerari de la <strong>Reial Acad\u00e8mia Europea de\u00a0Doctors\u00a0<\/strong>(RAED), protagonitza una s\u00e8rie de reportatges publicats al llarg dels mesos d&#8217;agost i setembre en publicacions de refer\u00e8ncia com el suplement dominical <strong>&#8220;Magazine&#8221;<\/strong> del diari<strong> &#8220;La Vanguardia&#8221;<\/strong>, el portal informatiu <strong>Infobae<\/strong>, la revista <strong>&#8220;Men&#8217;sHealth&#8221;<\/strong>, el portal especialitzat <strong>Infosalus<\/strong> i el diari <strong>&#8220;El Confidencial&#8221;<\/strong>, a m\u00e9s de la seva aparici\u00f3 en el programa televisiu<strong> &#8220;Col\u00b7lapse&#8221;<\/strong> de <strong>TV3<\/strong>. En tots aquests impactes medi\u00e0tics, l&#8217;acad\u00e8mic aborda tant la dimensi\u00f3 m\u00e9s espiritual de l&#8217;\u00e9sser hum\u00e0 com la seva transcend\u00e8ncia a una consci\u00e8ncia universal i compartida, aspecte que ha tractat en els seus estudis i que resumeix a les obres de recent aparici\u00f3 <strong>&#8220;La supraconciencia: vida despu\u00e9s de la vida&#8221;<\/strong> i <strong>&#8220;Ego y supraconciencia: buscando el sentido de la vida&#8221;<\/strong>, totes dues editades per <strong>Planeta<\/strong>.<\/p>\n<p>A &#8220;Magazine&#8221; de &#8220;La Vanguardia&#8221;, el periodista <strong>Marc Garc\u00eda<\/strong> recull una distesa conversa que l&#8217;expert va mantenir amb <strong>Pablo d&#8217;Ors<\/strong>, sacerdot, escriptor i un dels grans referents actuals en espiritualitat cristiana i meditaci\u00f3, en la qual tots dos van abordar la import\u00e0ncia de l&#8217;amor propi i la meditaci\u00f3 com eines per comprendre la vida i l&#8217;espiritualitat. &#8220;Sans Segarra va posar \u00e8mfasi en la meditaci\u00f3 com un medi per con\u00e8ixer-se i desenvolupar-se interiorment: &#8216;Evidentment, com has definit molt b\u00e9, \u00e9s fonamental la meditaci\u00f3 per arribar a con\u00e8ixer-nos, mirar-nos al nostre interior, con\u00e8ixer-nos b\u00e9, estimar-nos i poder estimar els altres. Per\u00f2 l\u00f2gicament t\u00e9 una part t\u00e8cnica, la meditaci\u00f3&#8217;, va explicar el doctor abans de preguntar al sacerdot per la t\u00e8cnica de meditaci\u00f3 que ell aconsella&#8221;, resumeix el reportatge una de les intervencions destacades de l&#8217;acad\u00e8mic.<\/p>\n<p>Per la seva part, a Infobae, Sans Segarra explica que l&#8217;ego \u00e9s un plaer temporal que no aconseguir\u00e0 mai fer feli\u00e7 a ning\u00fa i que la veritable felicitat no dep\u00e8n de l&#8217;exterior, apel\u00b7lant a la meditaci\u00f3 i el coneixement interior. &#8220;Els h\u00e0bits negatius, on hi ha una tend\u00e8ncia a l&#8217;ego, no proporcionaran mai la veritable felicitat. Segons el doctor Sans Segarra, l&#8217;associaci\u00f3 entre plaer i felicitat \u00e9s un error molt greu. L&#8217;individualisme produeix una falsa sensaci\u00f3 de dopamina al cervell, no obstant aix\u00f2, l&#8217;aut\u00e8ntica felicitat \u00e9s una cosa que dep\u00e8n molt m\u00e9s de la capacitat de les persones de viure per a l&#8217;exterior des de la seva pr\u00f2pia emocionalitat i empatia interna. Aquesta perspectiva respon a un pensar-sentir on els temps per a l&#8217;amor, les cures, la fam\u00edlia i els amics es prioritzen, davant plaers terrenals que han de veure exclusivament amb el jo&#8221;, resumeix la publicaci\u00f3 les tesis de l&#8217;expert.<\/p>\n<p>&#8220;Men&#8217;sHealth&#8221; remet al podcast <strong>&#8220;Tengo un plan&#8221;<\/strong>, on l\u2019acad\u00e8mic aconsella mantenir el cos i la ment sempre actius i evitar la simple recepci\u00f3 passiva d&#8217;est\u00edmuls. &#8220;En primer lloc, vida guareix basada en una alimentaci\u00f3 equilibrada, qualitativament i quantitativament, i en l&#8217;esport. \u00c9s fonamental. El que m\u00e9s t&#8217;agradi, per\u00f2 de manera constant i repetida. En segon lloc, cal promoure l&#8217;activitat intel\u00b7lectual com llegir, estudiar, memoritzar, tocar un instrument, viatjar o jugar. I en tercer lloc, \u00e9s b\u00e0sic fomentar les relacions socials perqu\u00e8 es produeixi un intercanvi energ\u00e8tic&#8221;, assenyala.<\/p>\n<p>Sans Segarra es refereix a Infosalus a les denominades experi\u00e8ncies properes a la mort, que ha vingut estudiant des que a la seva \u00e8poca com a facultatiu va aconseguir documentar cinc casos cl\u00ednics de pacients en estat de mort cl\u00ednica, per\u00f2 que van recobrar la vida en col\u00b7laboraci\u00f3 amb el seu equip m\u00e8dic. &#8220;Estudiant les experi\u00e8ncies properes a la mort, Sans Segarra mant\u00e9 que &#8216;un pot demostrar cient\u00edficament que la mort \u00e9s un tr\u00e0nsit i que despr\u00e9s de la mort f\u00edsica la nostra exist\u00e8ncia continua en una altra dimensi\u00f3 energ\u00e8tica. Ens fonamentem en la mec\u00e0nica qu\u00e0ntica, en la f\u00edsica te\u00f2rica, acceptant que l&#8217;element estructural de l&#8217;univers no \u00e9s la mat\u00e8ria, sin\u00f3 que tot \u00e9s energia; de manera que en morir deixem el cos, que \u00e9s com un vestit, per\u00f2 la nostra aut\u00e8ntica identitat, la supraconsci\u00e8ncia o esperit perviu sempre'&#8221;, recull la publicaci\u00f3.<\/p>\n<p><img loading=\"lazy\" decoding=\"async\" class=\"size-full wp-image-170729 alignright\" src=\"https:\/\/raed.academy\/wp-content\/uploads\/2025\/10\/DALL\u00b7E-2025-04-03-transicion-conciencia-mas-alla-de-la-muerte-fisica-1.67.webp\" sizes=\"(max-width: 600px) 100vw, 600px\" srcset=\"https:\/\/raed.academy\/wp-content\/uploads\/2025\/10\/DALL\u00b7E-2025-04-03-transicion-conciencia-mas-alla-de-la-muerte-fisica-1.67.webp 600w, https:\/\/raed.academy\/wp-content\/uploads\/2025\/10\/DALL\u00b7E-2025-04-03-transicion-conciencia-mas-alla-de-la-muerte-fisica-1.67-440x264.webp 440w\" alt=\"\" width=\"600\" height=\"360\" \/>A &#8220;El Confidencial&#8221;, el facultatiu i divulgador incideix en l&#8217;actitud positiva com a estrat\u00e8gia de creixement personal. &#8220;Per a Sans Segarra, la capacitat d&#8217;agrair reflecteix molt m\u00e9s que bones maneres. Segons va explicar, qui sap recon\u00e8ixer i valorar els altres demostra qualitats humanes essencials: empatia, altruisme i bondat. &#8216;El que sap donar les gr\u00e0cies \u00e9s una persona emp\u00e0tica, altruista, bondadosa i amorosa. Sap estimar&#8217;, va subratllar. L&#8217;especialista va destacar que l&#8217;agra\u00efment \u00e9s una eina poderosa de connexi\u00f3 social. Lluny de ser un simple formalisme, constitueix una manera de construir vincles i de recon\u00e8ixer el que els altres aporten a la nostra vida quotidiana&#8221;, recull el text.<\/p>\n<p>Finalment, a l&#8217;espai televisiu &#8220;Col\u00b7lapse&#8221;, l&#8217;acad\u00e8mic es va referir a un greu problema que aborda la societat espanyola: el su\u00efcidi, que s&#8217;ha convertit en la principal causa de mort entre els 15 i els 35 anys. &#8220;Jo pregunto a aquests joves: Per qu\u00e8 feu aix\u00f2? I tots em responen el mateix: &#8216;Tenim tot el material. Aconseguir qualsevol cosa material ens dona moments de plaer, per\u00f2 al plaer li segueix el patiment. I al patiment, una sensaci\u00f3 de buit de falta de sentit'&#8221;, va explicar Sans Segarra al programa.<\/p>\n<p>Pioner en l&#8217;\u00fas de la laparosc\u00f2pia en cirurgia general, antic cap de Cirurgia Digestiva de l&#8217;<strong>Hospital Universitari de Bellvitge<\/strong>, professor de Cirurgia General i Digestiva de la Facultat de Medicina i Ci\u00e8ncies de la Salut de la <strong>Universitat de Barcelona<\/strong> i <strong>Premi a l&#8217;Excel\u00b7l\u00e8ncia Professional<\/strong> del <strong>Col\u00b7legi Oficial de Metges de Barcelona<\/strong>, Sans Segarra va ingressar en la RAED el passat 6 de maig amb el discurs <a href=\"https:\/\/raed.academy\/wp-content\/uploads\/2025\/05\/La-supraconciencia-nuestra-realidad-existencial-por-Manuel-Sans-Segarra.pdf\" target=\"_blank\" rel=\"noopener\"><strong>&#8220;La supraconsci\u00e8ncia. La nostra realitat existencial&#8221;<\/strong><\/a>.<\/p>\n<ul>\n<li>\n<h3><a href=\"https:\/\/www.lavanguardia.com\/magazine\/bienestar\/20250819\/10985493\/manuel-sans-segarra-doctor-si-no-nos-amamos-no-podemos-amar-a-los-demas-y-si-no-lo-hacemos-no-nos-enteramos-de-que-va-la-vida-pmv.html\" target=\"_blank\" rel=\"noopener\">Llegiu el reportatge de &#8220;Magazine&#8221;<\/a><\/h3>\n<\/li>\n<li>\n<h3><a href=\"https:\/\/www.infobae.com\/espana\/2025\/09\/18\/manuel-sans-segarra-doctor-nunca-en-la-vida-se-puede-ser-feliz-con-un-ego-desmedido\/\" target=\"_blank\" rel=\"noopener\">Llegiu el reportatge d&#8217;Infobae<\/a><\/h3>\n<\/li>\n<li>\n<h3><a href=\"https:\/\/www.menshealth.com\/es\/salud-bienestar\/a66046285\/manuel-sans-segarra-medico-y-cirujano-lo-peor-que-puede-hacer-un-ser-humano-es-ser-sedentario\/\" target=\"_blank\" rel=\"noopener\">Llegiu el reportatge de &#8220;Men&#8217;sHealth&#8221;<\/a><\/h3>\n<\/li>\n<li>\n<h3><a href=\"https:\/\/www.infosalus.com\/salud-investigacion\/noticia-manuel-sans-segarra-medico-cirujano-todos-podemos-vivir-experiencia-cercana-muerte-20250921075948.html\" target=\"_blank\" rel=\"noopener\">Llegiu el reportatge d&#8217;Infosalus<\/a><\/h3>\n<\/li>\n<li>\n<h3><a href=\"https:\/\/www.elconfidencial.com\/alma-corazon-vida\/2025-09-23\/manuel-segarra-psiquiatra-gratitud-ciceron-1qrt_4212603\/\" target=\"_blank\" rel=\"noopener\">Llegiu el reportatge d'&#8221;El Confidencial&#8221;<\/a><\/h3>\n<\/li>\n<li>\n<h3><a href=\"https:\/\/www.3cat.cat\/3cat\/t4xc1-27092025\/video\/6360633\/\" target=\"_blank\" rel=\"noopener\">Veieu el programa televisiu &#8220;Col\u00b7lapse&#8221;<\/a><\/h3>\n<\/li>\n<\/ul>\n","protected":false},"excerpt":{"rendered":"<p>Manuel Sans Segarra aborda tanto la dimensi\u00f3n m\u00e1s espiritual del ser humano como su trascendencia a una conciencia universal y compartida, en una serie de reportajes publicados a lo largo de los meses de agosto y septiembre en publicaciones de referencia<\/p>\n","protected":false},"author":12,"featured_media":170730,"comment_status":"closed","ping_status":"closed","sticky":false,"template":"","format":"standard","meta":{"_et_pb_use_builder":"","_et_pb_old_content":"","_et_gb_content_width":"","footnotes":""},"categories":[332,455,298,344,506,472],"tags":[],"class_list":["post-170834","post","type-post","status-publish","format-standard","has-post-thumbnail","hentry","category-biologia-ca","category-ciencies-de-la-salut","category-fisica-ca","category-fisica-de-particules","category-medicina-legal-y-forense-ca","category-psiquiatria-i-psicologia","et-has-post-format-content","et_post_format-et-post-format-standard"],"yoast_head":"<!-- This site is optimized with the Yoast SEO plugin v27.4 - https:\/\/yoast.com\/product\/yoast-seo-wordpress\/ -->\n<title>Quin \u00e9s el sentit de la vida - Reial Acad\u00e8mia Europea de Doctors<\/title>\n<meta name=\"description\" content=\"Manuel Sans Segarra aborda, en les \u00faltimes publicacions, la supraconci\u00e8ncia i les experi\u00e8ncies properes a la mort\" \/>\n<meta name=\"robots\" content=\"index, follow, max-snippet:-1, max-image-preview:large, max-video-preview:-1\" \/>\n<link rel=\"canonical\" href=\"https:\/\/raed.academy\/ca\/quin-es-el-sentit-de-la-vida\/\" \/>\n<meta property=\"og:locale\" content=\"ca_ES\" \/>\n<meta property=\"og:type\" content=\"article\" \/>\n<meta property=\"og:title\" content=\"Quin \u00e9s el sentit de la vida - Reial Acad\u00e8mia Europea de Doctors\" \/>\n<meta property=\"og:description\" content=\"Manuel Sans Segarra aborda, en les \u00faltimes publicacions, la supraconci\u00e8ncia i les experi\u00e8ncies properes a la mort\" \/>\n<meta property=\"og:url\" content=\"https:\/\/raed.academy\/ca\/quin-es-el-sentit-de-la-vida\/\" \/>\n<meta property=\"og:site_name\" content=\"Reial Acad\u00e8mia Europea de Doctors\" \/>\n<meta property=\"article:publisher\" content=\"http:\/\/fb.me\/raed.academy\" \/>\n<meta property=\"article:published_time\" content=\"2025-10-06T09:24:23+00:00\" \/>\n<meta property=\"og:image\" content=\"https:\/\/raed.academy\/wp-content\/uploads\/2025\/10\/DALL\u00b7E-2025-04-03-transicion-conciencia-mas-alla-de-la-muerte-fisica-1.67.webp\" \/>\n\t<meta property=\"og:image:width\" content=\"600\" \/>\n\t<meta property=\"og:image:height\" content=\"360\" \/>\n\t<meta property=\"og:image:type\" content=\"image\/webp\" \/>\n<meta name=\"author\" content=\"RAED\" \/>\n<meta name=\"twitter:card\" content=\"summary_large_image\" \/>\n<meta name=\"twitter:creator\" content=\"@raedacademy\" \/>\n<meta name=\"twitter:site\" content=\"@raedacademy\" \/>\n<meta name=\"twitter:label1\" content=\"Written by\" \/>\n\t<meta name=\"twitter:data1\" content=\"RAED\" \/>\n\t<meta name=\"twitter:label2\" content=\"Est. reading time\" \/>\n\t<meta name=\"twitter:data2\" content=\"6 minutes\" \/>\n<script type=\"application\/ld+json\" class=\"yoast-schema-graph\">{\"@context\":\"https:\\\/\\\/schema.org\",\"@graph\":[{\"@type\":\"Article\",\"@id\":\"https:\\\/\\\/raed.academy\\\/ca\\\/quin-es-el-sentit-de-la-vida\\\/#article\",\"isPartOf\":{\"@id\":\"https:\\\/\\\/raed.academy\\\/ca\\\/quin-es-el-sentit-de-la-vida\\\/\"},\"author\":{\"name\":\"RAED\",\"@id\":\"https:\\\/\\\/raed.academy\\\/ca\\\/#\\\/schema\\\/person\\\/5a755da80d1d979fd66ba745c8702927\"},\"headline\":\"Quin \u00e9s el sentit de la vida\",\"datePublished\":\"2025-10-06T09:24:23+00:00\",\"mainEntityOfPage\":{\"@id\":\"https:\\\/\\\/raed.academy\\\/ca\\\/quin-es-el-sentit-de-la-vida\\\/\"},\"wordCount\":1082,\"publisher\":{\"@id\":\"https:\\\/\\\/raed.academy\\\/ca\\\/#organization\"},\"image\":{\"@id\":\"https:\\\/\\\/raed.academy\\\/ca\\\/quin-es-el-sentit-de-la-vida\\\/#primaryimage\"},\"thumbnailUrl\":\"https:\\\/\\\/raed.academy\\\/wp-content\\\/uploads\\\/2025\\\/10\\\/DALL\u00b7E-2025-04-03-transicion-conciencia-mas-alla-de-la-muerte-fisica-1.67.webp\",\"articleSection\":[\"Biologia\",\"Ci\u00e8ncies de la salut\",\"F\u00edsica\",\"F\u00edsica de part\u00edcules\",\"Medicina Legal y Forense\",\"Psiquiatria i Psicologia\"],\"inLanguage\":\"ca-ES\"},{\"@type\":\"WebPage\",\"@id\":\"https:\\\/\\\/raed.academy\\\/ca\\\/quin-es-el-sentit-de-la-vida\\\/\",\"url\":\"https:\\\/\\\/raed.academy\\\/ca\\\/quin-es-el-sentit-de-la-vida\\\/\",\"name\":\"Quin \u00e9s el sentit de la vida - Reial Acad\u00e8mia Europea de Doctors\",\"isPartOf\":{\"@id\":\"https:\\\/\\\/raed.academy\\\/ca\\\/#website\"},\"primaryImageOfPage\":{\"@id\":\"https:\\\/\\\/raed.academy\\\/ca\\\/quin-es-el-sentit-de-la-vida\\\/#primaryimage\"},\"image\":{\"@id\":\"https:\\\/\\\/raed.academy\\\/ca\\\/quin-es-el-sentit-de-la-vida\\\/#primaryimage\"},\"thumbnailUrl\":\"https:\\\/\\\/raed.academy\\\/wp-content\\\/uploads\\\/2025\\\/10\\\/DALL\u00b7E-2025-04-03-transicion-conciencia-mas-alla-de-la-muerte-fisica-1.67.webp\",\"datePublished\":\"2025-10-06T09:24:23+00:00\",\"description\":\"Manuel Sans Segarra aborda, en les \u00faltimes publicacions, la supraconci\u00e8ncia i les experi\u00e8ncies properes a la mort\",\"breadcrumb\":{\"@id\":\"https:\\\/\\\/raed.academy\\\/ca\\\/quin-es-el-sentit-de-la-vida\\\/#breadcrumb\"},\"inLanguage\":\"ca-ES\",\"potentialAction\":[{\"@type\":\"ReadAction\",\"target\":[\"https:\\\/\\\/raed.academy\\\/ca\\\/quin-es-el-sentit-de-la-vida\\\/\"]}]},{\"@type\":\"ImageObject\",\"inLanguage\":\"ca-ES\",\"@id\":\"https:\\\/\\\/raed.academy\\\/ca\\\/quin-es-el-sentit-de-la-vida\\\/#primaryimage\",\"url\":\"https:\\\/\\\/raed.academy\\\/wp-content\\\/uploads\\\/2025\\\/10\\\/DALL\u00b7E-2025-04-03-transicion-conciencia-mas-alla-de-la-muerte-fisica-1.67.webp\",\"contentUrl\":\"https:\\\/\\\/raed.academy\\\/wp-content\\\/uploads\\\/2025\\\/10\\\/DALL\u00b7E-2025-04-03-transicion-conciencia-mas-alla-de-la-muerte-fisica-1.67.webp\",\"width\":600,\"height\":360},{\"@type\":\"BreadcrumbList\",\"@id\":\"https:\\\/\\\/raed.academy\\\/ca\\\/quin-es-el-sentit-de-la-vida\\\/#breadcrumb\",\"itemListElement\":[{\"@type\":\"ListItem\",\"position\":1,\"name\":\"Inicio\",\"item\":\"https:\\\/\\\/raed.academy\\\/ca\\\/\"},{\"@type\":\"ListItem\",\"position\":2,\"name\":\"Quin \u00e9s el sentit de la vida\"}]},{\"@type\":\"WebSite\",\"@id\":\"https:\\\/\\\/raed.academy\\\/ca\\\/#website\",\"url\":\"https:\\\/\\\/raed.academy\\\/ca\\\/\",\"name\":\"Reial Acad\u00e8mia Europea de Doctors\",\"description\":\"Corporaci\u00f3n de derecho p\u00fablico de car\u00e1cter cient\u00edfico, t\u00e9cnico y art\u00edstico, que tiene por objeto la investigaci\u00f3n, el estudio, el fomento y la extensi\u00f3n del conocimiento en su sentido m\u00e1s amplio\",\"publisher\":{\"@id\":\"https:\\\/\\\/raed.academy\\\/ca\\\/#organization\"},\"potentialAction\":[{\"@type\":\"SearchAction\",\"target\":{\"@type\":\"EntryPoint\",\"urlTemplate\":\"https:\\\/\\\/raed.academy\\\/ca\\\/?s={search_term_string}\"},\"query-input\":{\"@type\":\"PropertyValueSpecification\",\"valueRequired\":true,\"valueName\":\"search_term_string\"}}],\"inLanguage\":\"ca-ES\"},{\"@type\":\"Organization\",\"@id\":\"https:\\\/\\\/raed.academy\\\/ca\\\/#organization\",\"name\":\"Real Academia Europea de Doctores\",\"url\":\"https:\\\/\\\/raed.academy\\\/ca\\\/\",\"logo\":{\"@type\":\"ImageObject\",\"inLanguage\":\"ca-ES\",\"@id\":\"https:\\\/\\\/raed.academy\\\/ca\\\/#\\\/schema\\\/logo\\\/image\\\/\",\"url\":\"https:\\\/\\\/raed.academy\\\/wp-content\\\/uploads\\\/2017\\\/01\\\/cropped-logo_raed.png\",\"contentUrl\":\"https:\\\/\\\/raed.academy\\\/wp-content\\\/uploads\\\/2017\\\/01\\\/cropped-logo_raed.png\",\"width\":512,\"height\":512,\"caption\":\"Real Academia Europea de Doctores\"},\"image\":{\"@id\":\"https:\\\/\\\/raed.academy\\\/ca\\\/#\\\/schema\\\/logo\\\/image\\\/\"},\"sameAs\":[\"http:\\\/\\\/fb.me\\\/raed.academy\",\"https:\\\/\\\/x.com\\\/raedacademy\",\"https:\\\/\\\/www.instagram.com\\\/raed.academy\\\/\",\"https:\\\/\\\/www.youtube.com\\\/channel\\\/UCUYQwW2KrdirNWihxMDObwg\"]},{\"@type\":\"Person\",\"@id\":\"https:\\\/\\\/raed.academy\\\/ca\\\/#\\\/schema\\\/person\\\/5a755da80d1d979fd66ba745c8702927\",\"name\":\"RAED\",\"image\":{\"@type\":\"ImageObject\",\"inLanguage\":\"ca-ES\",\"@id\":\"https:\\\/\\\/secure.gravatar.com\\\/avatar\\\/19fdfdc0d67fb9c45714b703a2ac82251c4fcea3637f002ac3c9b74c0183583c?s=96&d=mm&r=g\",\"url\":\"https:\\\/\\\/secure.gravatar.com\\\/avatar\\\/19fdfdc0d67fb9c45714b703a2ac82251c4fcea3637f002ac3c9b74c0183583c?s=96&d=mm&r=g\",\"contentUrl\":\"https:\\\/\\\/secure.gravatar.com\\\/avatar\\\/19fdfdc0d67fb9c45714b703a2ac82251c4fcea3637f002ac3c9b74c0183583c?s=96&d=mm&r=g\",\"caption\":\"RAED\"}}]}<\/script>\n<!-- \/ Yoast SEO plugin. -->","yoast_head_json":{"title":"Quin \u00e9s el sentit de la vida - Reial Acad\u00e8mia Europea de Doctors","description":"Manuel Sans Segarra aborda, en les \u00faltimes publicacions, la supraconci\u00e8ncia i les experi\u00e8ncies properes a la mort","robots":{"index":"index","follow":"follow","max-snippet":"max-snippet:-1","max-image-preview":"max-image-preview:large","max-video-preview":"max-video-preview:-1"},"canonical":"https:\/\/raed.academy\/ca\/quin-es-el-sentit-de-la-vida\/","og_locale":"ca_ES","og_type":"article","og_title":"Quin \u00e9s el sentit de la vida - Reial Acad\u00e8mia Europea de Doctors","og_description":"Manuel Sans Segarra aborda, en les \u00faltimes publicacions, la supraconci\u00e8ncia i les experi\u00e8ncies properes a la mort","og_url":"https:\/\/raed.academy\/ca\/quin-es-el-sentit-de-la-vida\/","og_site_name":"Reial Acad\u00e8mia Europea de Doctors","article_publisher":"http:\/\/fb.me\/raed.academy","article_published_time":"2025-10-06T09:24:23+00:00","og_image":[{"width":600,"height":360,"url":"https:\/\/raed.academy\/wp-content\/uploads\/2025\/10\/DALL\u00b7E-2025-04-03-transicion-conciencia-mas-alla-de-la-muerte-fisica-1.67.webp","type":"image\/webp"}],"author":"RAED","twitter_card":"summary_large_image","twitter_creator":"@raedacademy","twitter_site":"@raedacademy","twitter_misc":{"Written by":"RAED","Est. reading time":"6 minutes"},"schema":{"@context":"https:\/\/schema.org","@graph":[{"@type":"Article","@id":"https:\/\/raed.academy\/ca\/quin-es-el-sentit-de-la-vida\/#article","isPartOf":{"@id":"https:\/\/raed.academy\/ca\/quin-es-el-sentit-de-la-vida\/"},"author":{"name":"RAED","@id":"https:\/\/raed.academy\/ca\/#\/schema\/person\/5a755da80d1d979fd66ba745c8702927"},"headline":"Quin \u00e9s el sentit de la vida","datePublished":"2025-10-06T09:24:23+00:00","mainEntityOfPage":{"@id":"https:\/\/raed.academy\/ca\/quin-es-el-sentit-de-la-vida\/"},"wordCount":1082,"publisher":{"@id":"https:\/\/raed.academy\/ca\/#organization"},"image":{"@id":"https:\/\/raed.academy\/ca\/quin-es-el-sentit-de-la-vida\/#primaryimage"},"thumbnailUrl":"https:\/\/raed.academy\/wp-content\/uploads\/2025\/10\/DALL\u00b7E-2025-04-03-transicion-conciencia-mas-alla-de-la-muerte-fisica-1.67.webp","articleSection":["Biologia","Ci\u00e8ncies de la salut","F\u00edsica","F\u00edsica de part\u00edcules","Medicina Legal y Forense","Psiquiatria i Psicologia"],"inLanguage":"ca-ES"},{"@type":"WebPage","@id":"https:\/\/raed.academy\/ca\/quin-es-el-sentit-de-la-vida\/","url":"https:\/\/raed.academy\/ca\/quin-es-el-sentit-de-la-vida\/","name":"Quin \u00e9s el sentit de la vida - Reial Acad\u00e8mia Europea de Doctors","isPartOf":{"@id":"https:\/\/raed.academy\/ca\/#website"},"primaryImageOfPage":{"@id":"https:\/\/raed.academy\/ca\/quin-es-el-sentit-de-la-vida\/#primaryimage"},"image":{"@id":"https:\/\/raed.academy\/ca\/quin-es-el-sentit-de-la-vida\/#primaryimage"},"thumbnailUrl":"https:\/\/raed.academy\/wp-content\/uploads\/2025\/10\/DALL\u00b7E-2025-04-03-transicion-conciencia-mas-alla-de-la-muerte-fisica-1.67.webp","datePublished":"2025-10-06T09:24:23+00:00","description":"Manuel Sans Segarra aborda, en les \u00faltimes publicacions, la supraconci\u00e8ncia i les experi\u00e8ncies properes a la mort","breadcrumb":{"@id":"https:\/\/raed.academy\/ca\/quin-es-el-sentit-de-la-vida\/#breadcrumb"},"inLanguage":"ca-ES","potentialAction":[{"@type":"ReadAction","target":["https:\/\/raed.academy\/ca\/quin-es-el-sentit-de-la-vida\/"]}]},{"@type":"ImageObject","inLanguage":"ca-ES","@id":"https:\/\/raed.academy\/ca\/quin-es-el-sentit-de-la-vida\/#primaryimage","url":"https:\/\/raed.academy\/wp-content\/uploads\/2025\/10\/DALL\u00b7E-2025-04-03-transicion-conciencia-mas-alla-de-la-muerte-fisica-1.67.webp","contentUrl":"https:\/\/raed.academy\/wp-content\/uploads\/2025\/10\/DALL\u00b7E-2025-04-03-transicion-conciencia-mas-alla-de-la-muerte-fisica-1.67.webp","width":600,"height":360},{"@type":"BreadcrumbList","@id":"https:\/\/raed.academy\/ca\/quin-es-el-sentit-de-la-vida\/#breadcrumb","itemListElement":[{"@type":"ListItem","position":1,"name":"Inicio","item":"https:\/\/raed.academy\/ca\/"},{"@type":"ListItem","position":2,"name":"Quin \u00e9s el sentit de la vida"}]},{"@type":"WebSite","@id":"https:\/\/raed.academy\/ca\/#website","url":"https:\/\/raed.academy\/ca\/","name":"Reial Acad\u00e8mia Europea de Doctors","description":"Corporaci\u00f3n de derecho p\u00fablico de car\u00e1cter cient\u00edfico, t\u00e9cnico y art\u00edstico, que tiene por objeto la investigaci\u00f3n, el estudio, el fomento y la extensi\u00f3n del conocimiento en su sentido m\u00e1s amplio","publisher":{"@id":"https:\/\/raed.academy\/ca\/#organization"},"potentialAction":[{"@type":"SearchAction","target":{"@type":"EntryPoint","urlTemplate":"https:\/\/raed.academy\/ca\/?s={search_term_string}"},"query-input":{"@type":"PropertyValueSpecification","valueRequired":true,"valueName":"search_term_string"}}],"inLanguage":"ca-ES"},{"@type":"Organization","@id":"https:\/\/raed.academy\/ca\/#organization","name":"Real Academia Europea de Doctores","url":"https:\/\/raed.academy\/ca\/","logo":{"@type":"ImageObject","inLanguage":"ca-ES","@id":"https:\/\/raed.academy\/ca\/#\/schema\/logo\/image\/","url":"https:\/\/raed.academy\/wp-content\/uploads\/2017\/01\/cropped-logo_raed.png","contentUrl":"https:\/\/raed.academy\/wp-content\/uploads\/2017\/01\/cropped-logo_raed.png","width":512,"height":512,"caption":"Real Academia Europea de Doctores"},"image":{"@id":"https:\/\/raed.academy\/ca\/#\/schema\/logo\/image\/"},"sameAs":["http:\/\/fb.me\/raed.academy","https:\/\/x.com\/raedacademy","https:\/\/www.instagram.com\/raed.academy\/","https:\/\/www.youtube.com\/channel\/UCUYQwW2KrdirNWihxMDObwg"]},{"@type":"Person","@id":"https:\/\/raed.academy\/ca\/#\/schema\/person\/5a755da80d1d979fd66ba745c8702927","name":"RAED","image":{"@type":"ImageObject","inLanguage":"ca-ES","@id":"https:\/\/secure.gravatar.com\/avatar\/19fdfdc0d67fb9c45714b703a2ac82251c4fcea3637f002ac3c9b74c0183583c?s=96&d=mm&r=g","url":"https:\/\/secure.gravatar.com\/avatar\/19fdfdc0d67fb9c45714b703a2ac82251c4fcea3637f002ac3c9b74c0183583c?s=96&d=mm&r=g","contentUrl":"https:\/\/secure.gravatar.com\/avatar\/19fdfdc0d67fb9c45714b703a2ac82251c4fcea3637f002ac3c9b74c0183583c?s=96&d=mm&r=g","caption":"RAED"}}]}},"_links":{"self":[{"href":"https:\/\/raed.academy\/ca\/wp-json\/wp\/v2\/posts\/170834","targetHints":{"allow":["GET"]}}],"collection":[{"href":"https:\/\/raed.academy\/ca\/wp-json\/wp\/v2\/posts"}],"about":[{"href":"https:\/\/raed.academy\/ca\/wp-json\/wp\/v2\/types\/post"}],"author":[{"embeddable":true,"href":"https:\/\/raed.academy\/ca\/wp-json\/wp\/v2\/users\/12"}],"replies":[{"embeddable":true,"href":"https:\/\/raed.academy\/ca\/wp-json\/wp\/v2\/comments?post=170834"}],"version-history":[{"count":3,"href":"https:\/\/raed.academy\/ca\/wp-json\/wp\/v2\/posts\/170834\/revisions"}],"predecessor-version":[{"id":171339,"href":"https:\/\/raed.academy\/ca\/wp-json\/wp\/v2\/posts\/170834\/revisions\/171339"}],"wp:featuredmedia":[{"embeddable":true,"href":"https:\/\/raed.academy\/ca\/wp-json\/wp\/v2\/media\/170730"}],"wp:attachment":[{"href":"https:\/\/raed.academy\/ca\/wp-json\/wp\/v2\/media?parent=170834"}],"wp:term":[{"taxonomy":"category","embeddable":true,"href":"https:\/\/raed.academy\/ca\/wp-json\/wp\/v2\/categories?post=170834"},{"taxonomy":"post_tag","embeddable":true,"href":"https:\/\/raed.academy\/ca\/wp-json\/wp\/v2\/tags?post=170834"}],"curies":[{"name":"wp","href":"https:\/\/api.w.org\/{rel}","templated":true}]}}