{"id":169898,"date":"2025-09-29T08:25:16","date_gmt":"2025-09-29T08:25:16","guid":{"rendered":"https:\/\/raed.academy\/?p=169898"},"modified":"2025-09-29T08:25:16","modified_gmt":"2025-09-29T08:25:16","slug":"de-la-societat-de-la-informacio-a-la-de-la-desinformacio","status":"publish","type":"post","link":"https:\/\/raed.academy\/ca\/de-la-societat-de-la-informacio-a-la-de-la-desinformacio\/","title":{"rendered":"De la societat de la informaci\u00f3 a la de la desinformaci\u00f3"},"content":{"rendered":"<div id=\"attachment_159694\" style=\"width: 483px\" class=\"wp-caption aligncenter\"><img loading=\"lazy\" decoding=\"async\" aria-describedby=\"caption-attachment-159694\" class=\"wp-image-159694\" src=\"https:\/\/raed.academy\/wp-content\/uploads\/2025\/02\/Fernando-Onega-dst.webp\" alt=\"Fernando \u00d3nega\" width=\"473\" height=\"284\" srcset=\"https:\/\/raed.academy\/wp-content\/uploads\/2025\/02\/Fernando-Onega-dst.webp 600w, https:\/\/raed.academy\/wp-content\/uploads\/2025\/02\/Fernando-Onega-dst-440x264.webp 440w\" sizes=\"(max-width: 473px) 100vw, 473px\" \/><p id=\"caption-attachment-159694\" class=\"wp-caption-text\">Sr. Fernando \u00d3nega<\/p><\/div>\n<p><a href=\"https:\/\/raed.academy\/ca\/academics\/sr-fernando-onega-lopez\/\" target=\"_blank\" rel=\"noopener\"><em><strong>Fernando \u00d3nega<\/strong><\/em><\/a>, reconegut periodista, president del portal especialitzat\u00a0<strong>65ym\u00e1s\u00a0<\/strong>i acad\u00e8mic d&#8217;honor de la <strong>Reial Acad\u00e8mia Europea de Doctors<\/strong> (RAED), comparteix amb la comunitat acad\u00e8mica l&#8217;emotiu discurs que va oferir durant la recepci\u00f3 del <strong>Premi d&#8217;Honor<\/strong> <strong>de l&#8217;Associaci\u00f3 de Premsa de Madrid<\/strong>, el mes de maig passat, en un acte presidit pels Reis <strong>Felip VI<\/strong> i <strong>Letizia<\/strong>, a l&#8217;<strong>Auditori Caja de M\u00fasica<\/strong> de l&#8217;espai <strong>CentroCentro<\/strong>, actual seu de l&#8217;<strong>Ajuntament de Madrid<\/strong>. L&#8217;acte va comptar tamb\u00e9 amb la pres\u00e8ncia de l&#8217;alcalde de Madrid,<strong> Jos\u00e9 Luis Mart\u00ednez-Almeida<\/strong>; el ministre de la Presid\u00e8ncia, Just\u00edcia i Relacions amb les Corts, <strong>F\u00e9lix Bola\u00f1os<\/strong>; el delegat del <strong>Govern<\/strong> a la Comunitat de Madrid, <strong>Francisco Mart\u00edn Aguirre<\/strong>, i la delegada de Cultura, Turisme i Esport de l&#8217;Ajuntament de Madrid, <strong>Marta Rivera de la Cruz<\/strong>. El jurat va destacar d&#8217;\u00d3nega les seves sis d\u00e8cades d&#8217;exercici de la professi\u00f3 i el seu comprom\u00eds tant amb el rigor period\u00edstic com amb la llibertat de premsa en plena transici\u00f3 democr\u00e0tica.<\/p>\n<p>Cap de premsa de la\u00a0<strong>Presid\u00e8ncia\u00a0<\/strong>del\u00a0<strong>Govern\u00a0<\/strong>durant el mandat d&#8217;<strong>Adolfo Su\u00e1rez<\/strong> i autor de bona part dels seus discursos, \u00d3nega ha treballat en diferents mitjans escrits i audiovisuals. A la r\u00e0dio, va inaugurar el g\u00e8nere radiof\u00f2nic de la tribuna pol\u00edtica en plena transici\u00f3 en el programa <strong>&#8220;Hora 25&#8221;<\/strong> de la<strong> Cadena Ser<\/strong>. Despr\u00e9s ha estat director d&#8217;informatius de la mateixa cadena, aix\u00ed com de la <strong>Cadena Cope<\/strong>, a m\u00e9s de director general d&#8217;<strong>Onda Cero<\/strong>. En aquesta mateixa emissora, va col\u00b7laborar amb <strong>Luis del Olmo<\/strong> i amb <strong>Carlos Herrera<\/strong>. En premsa escrita va publicar el seu primer article als 13 anys a <strong>&#8220;La Noche&#8221;<\/strong> de Santiago de Compostela. Dos anys despr\u00e9s ja firmava una p\u00e0gina setmanal i feia entrevistes a <strong>&#8220;El Progreso&#8221;<\/strong> de Lugo. Va dirigir el diari <strong>&#8220;Ya&#8221;<\/strong>, va fundar el confidencial i l&#8217;ag\u00e8ncia<strong> &#8220;Off the record&#8221;<\/strong> i actualment \u00e9s columnista als diaris <strong>&#8220;La Vanguardia&#8221;<\/strong> i <strong>&#8220;La Voz de Galicia&#8221;<\/strong>. En televisi\u00f3, va ser director de diversos programes a <strong>Televisi\u00f3 Espanyola<\/strong>, aix\u00ed com director de relacions externes de la cadena p\u00fablica. Tamb\u00e9 va presentar els espais informatius de <strong>Telecinco<\/strong> i <strong>Antena3<\/strong>. \u00c9s autor de diversos llibres, entre els quals destaquen <strong>&#8220;El term\u00f3metro de la vida&#8221;<\/strong>, <strong>&#8220;Puedo prometer y prometo&#8221;<\/strong>, <strong>&#8220;Juan Carlos I&#8221;<\/strong> y <strong>&#8220;Qu\u00e9 nos ha pasado, Espa\u00f1a&#8221;<\/strong>. Al llarg de la seva traject\u00f2ria tamb\u00e9 ha rebut m\u00e9s d&#8217;un centenar de guardons.<\/p>\n<h3>Discurs de Fernando \u00d3nega<\/h3>\n<p>Confesso davant v\u00f3s, majestats, que la carn \u00e9s tan feble com deia el catecisme. I com la carn \u00e9s tan feble, ahir vaig caure en una temptaci\u00f3: vaig decidir posar-me en el costat bo del vers d&#8217;<strong>Antonio Machado<\/strong> (&#8220;de deu caps, nou \/ envesteixen i un en pensa&#8221;) i em va semblar que un discurs com aquest calia pensar-ho. Tampoc molt, perqu\u00e8 pensar en aquest pa\u00eds sol ser pecat mal compatible amb la lit\u00fargia de la crispaci\u00f3.<\/p>\n<p>A m\u00e9s, et poses a pensar imaginant que fas una cosa innocent, i als qui creiem en meigas i altres governants, comencem a veure fantasmes. El m\u00e9s aclaparador, qui soc jo per parlar en nom de ning\u00fa. Qui soc jo per parlar en nom de <strong>Vicente Vall\u00e9s<\/strong>, que et deixa mut cada nit en interpretar l&#8217;actualitat i em va trepitjar la floreta en dir-me que el meu premi engrandeix el seu, quan ell sap que \u00e9s a l&#8217;inrev\u00e9s. Qui soc jo per saber qu\u00e8 n&#8217;opina <strong>Ana del Barrio<\/strong>, gran cronista dels quixots que ensopeguen amb els molins madrilenys d&#8217;<strong>Isabel D\u00edaz Ayuso<\/strong> i Jos\u00e9 Luis Mart\u00ednez-Almeida. I qui soc per imaginar qu\u00e8 diria <strong>Irene Dorta<\/strong>, tan jove i tan magistral periodista d&#8217;investigaci\u00f3. Nom\u00e9s acudeixo a la mem\u00f2ria per recordar que una tal <strong>Letizia Ortiz Rocasolano<\/strong> va guanyar el seu mateix premi, llavors anomenat <strong>Mariano Jos\u00e9 de Larra<\/strong>, fa 24 anys, gaireb\u00e9 al segle passat. Qu\u00e8 dic? Gaireb\u00e9 al mil\u00b7lenni passat!<\/p>\n<p>Feta aquesta confessi\u00f3, comen\u00e7o per un mat\u00eds:\u00a0<strong>Manu Leguineche\u00a0<\/strong>va escriure que &#8220;s\u00f3n molts els que viuen dels premis&#8221;. Crec que no es referia a aquests, perqu\u00e8 viure, el que es diu viure, \u00e9s a dir, arribar a fi de mes, fins i tot prendre una copa aquesta nit, \u00e9s gaireb\u00e9 com la jornada laboral de<strong> Yolanda D\u00edaz<\/strong>: la m\u00e9s bonica de les utopies.<\/p>\n<p>El que jo vull proclamar \u00e9s que, si existeix la gl\u00f2ria, la gl\u00f2ria \u00e9s aix\u00f2.<strong>\u00a0Josep\u00a0Pla<\/strong>, que havia de tenir un rampell masclista, imaginava la gl\u00f2ria com un &#8220;estar envoltat de senyores que parlen posant la boca en forma de cul de gallina&#8221;. Perdoneu-me, per\u00f2 la frase \u00e9s textual. Doncs veur\u00e0 vost\u00e8, mestre Pla: pensant, pensant, la gl\u00f2ria \u00e9s que en una professi\u00f3 ca\u00efnita et premi\u00efn companys d\u2019ofici m\u00e9s il\u00b7lustres que tu i et lliurin el premi ni m\u00e9s ni menys que els Reis d&#8217;Espanya, amb el superministre F\u00e9lix Bola\u00f1os de testimoni excepcional i Almeida d&#8217;amfitri\u00f3.<\/p>\n<p>I aquesta gl\u00f2ria no encongeix, per\u00f2 es fa ef\u00edmera, si es recorda a l&#8217;enorme <strong>Fernando Fern\u00e1n G\u00f3mez<\/strong> i un dels seus dits, gaireb\u00e9 tan celebrat com els seus c\u00e8lebres &#8220;a la merda!&#8221;. En recollir un premi, Fern\u00e1n G\u00f3mez sostenia aquest punyent realisme: &#8220;A mi m&#8217;\u00e9s igual. Total, l&#8217;any que ve se&#8217;l donaran a un altre&#8221;.<\/p>\n<p>Ficat en exercicis d&#8217;humilitat, torno a la saviesa de Leguineche, per un dit necess\u00e0riament citable aquests dies: la premsa no \u00e9s el quart poder; el quart poder \u00e9s la xafarderia. Aix\u00f2 val per a una redacci\u00f3, per a Sarsuela, Moncloa, o aquesta Casa de Cibeles. La xafarderia, motor de l&#8217;opini\u00f3 p\u00fablica! La xafarderia, guia de la democr\u00e0cia! Fins a Televisi\u00f3 Espanyola ho considera un b\u00e9 d&#8217;Estat que cal alimentar.<\/p>\n<p>En pensar es descobreixen coses que he de dir, perqu\u00e8 si no les dic, la gent creu que vius com l&#8217;alcalde quan no est\u00e9n la roba a casa -ara estendr\u00e0 bolquers- o la presidenta Ayuso, quan no aconsegueix comprar fruita. Aquelles coses pitjors s\u00f3n les &#8216;fake&#8217;, les m\u00e0quines del fang i els fabricants de falsedats l&#8217;espectre dels quals sobresalta <strong>Pedro S\u00e1nchez<\/strong> i Bola\u00f1os com si topessin amb el jutge <strong>Juan Carlos Peinado<\/strong>.<\/p>\n<p>Aix\u00f2 em condueix al que\u00a0<strong>Jordi Juan<\/strong>, director de &#8220;La Vanguardia&#8221;, escriu avui mateix: que el nostre ofici \u00e9s el millor del m\u00f3n. Pot ser, director. Per\u00f2 viu una transici\u00f3 desconcertant. I no \u00e9s per la tecnologia. \u00c9s per la seva ess\u00e8ncia. \u00c9s perqu\u00e8 estem passant de la societat de la informaci\u00f3 (recordeu quan ens havia de fer feli\u00e7os?) a la societat de la desinformaci\u00f3.<\/p>\n<p>\u00c9s que all\u00e0 hi ha les xarxes, que signifiquen llibertat a l&#8217;abast de tots i la llibertat \u00e9s democr\u00e0cia. Per\u00f2 temeu-les, perqu\u00e8 estan suplantant als mitjans. Poden treure ofici i pa al periodista de sempre. I alarmeu-vos, perqu\u00e8 he llegit a <strong>M\u00e0rius Carol<\/strong> que els reporters passen m\u00e9s hores buscant not\u00edcies a les xarxes que al carrer, els jutjats i els bars, que \u00e9s on \u00e9s la informaci\u00f3. Vaig escoltar l\u00edders de la televisi\u00f3 que no presumien de la seva audi\u00e8ncia, sin\u00f3 d&#8217;haver estat &#8216;trending topic&#8217;. \u00c9s el triomf de l&#8217;escombriaire d&#8217;idiotes, que diria <strong>Umberto Eco<\/strong>.<\/p>\n<p>En aquella lluminosa penombra apareixen &#8216;influencers&#8217; que competeixen amb poderosos emporis de publicitat. Famosos amb m\u00e9s seguidors que tots els diaris espanyols junts. Espontanis de l&#8217;opini\u00f3 amb m\u00e9s influ\u00e8ncia a l&#8217;economia que les borses i m\u00e9s influ\u00e8ncia en la pol\u00edtica que molts partits. Poderosos que volen fabricar i guanyar el relat per derrotar la veritat. Triomf de la mentida, amb la qual ja es guanyen eleccions. Deteriorament del sistema democr\u00e0tic. Davant tot plegat, el meu pensador de cap\u00e7alera, <strong>Manuel Cruz<\/strong>, planteja una greu q\u00fcesti\u00f3: &#8220;Els professionals de la comunicaci\u00f3 estan obligats a preguntar-se qu\u00e8 han fet malament per perdre l&#8217;autoritat moral en la transmissi\u00f3 de la veritat&#8221;.<\/p>\n<p>La meva resposta parteix de la\u00a0trucada\u00a0del\u00a0Rei\u00a0Felip\u00a0a la dignitat en el seu \u00faltim missatge de\u00a0Nadal\u00a0i el\u00a0<strong>Premi\u00a0Carlemany<\/strong>. &#8220;Dignitat, aquella paraula tan devaluada&#8221;, va escriure<strong>\u00a0Carlos Boyero<\/strong>. Malgrat tal devaluaci\u00f3, l&#8217;hem escoltat, senyor: lluitem per la dignitat. Aquesta \u00e9s una missi\u00f3 de tota la societat i de les associacions de la premsa, comen\u00e7ant per aquesta de Madrid que explica amb actius com <strong>Vicente<\/strong>, <strong>Irene<\/strong> i <strong>Ana<\/strong> i la presid\u00e8ncia d&#8217;una dona de la talla de <strong>Mar\u00eda Rey<\/strong>.<\/p>\n<p>De la seva m\u00e0 o per lliure, lluitem contra els poderosos que alimenten la desinformaci\u00f3, perqu\u00e8 creuen que aix\u00ed prolongaran els seus privilegis. Combatem l&#8217;anonimat d&#8217;internet, perqu\u00e8 l&#8217;anonimat \u00e9s de covards, o de delinq\u00fcents potencials, o d&#8217;organitzacions que amaguen la seva identitat per fer malb\u00e9 a l&#8217;adversari i al diferent. Assumim la petici\u00f3 de <strong>Lle\u00f3 XIV<\/strong>: &#8220;Desarmem la comunicaci\u00f3 de tot prejudici, ressentiment, fanatisme i odi&#8221;.<\/p>\n<p>I deixeu-me exclamar: Ombr\u00edvol moment hist\u00f2ric en qu\u00e8 s&#8217;acaba de celebrar el <strong>Dia de la Llibertat d&#8217;Expressi\u00f3<\/strong> amb aquests titulars: r\u00e8cord de periodistes assassinats l&#8217;any passat i &#8220;la llibertat d&#8217;expressi\u00f3 est\u00e0 en retroc\u00e9s&#8221;! Pat\u00e8tic balan\u00e7 de les llibertats, si a m\u00e9s <strong>Bill Clinton<\/strong> avisa que, quan el ciutad\u00e0 no sap el que \u00e9s veritat i el que \u00e9s mentida, est\u00e0 en perill la democr\u00e0cia! Trist m\u00f3n el condemnat a la por de l&#8217;engany dels qui dominen la seva economia i governen els seus drets! Fosc horitz\u00f3 per la den\u00fancia de <strong>Jos\u00e9 Antonio Marina<\/strong> que el signe d&#8217;aquest segle \u00e9s cridar l&#8217;atenci\u00f3 com sigui i negar-se a aprendre, perqu\u00e8 tot \u00e9s a internet! Nom\u00e9s ens falta que la intel\u00b7lig\u00e8ncia artificial escrigui editorials\u2026 si no els est\u00e0 escrivint ja.<\/p>\n<p>Per\u00f2 anoto una petici\u00f3 de <strong>Jordi Bast\u00e9<\/strong>: &#8220;Fes-me somiar, no em mostris les teves ombres&#8221;. Aix\u00ed que dic: Alegre i esperan\u00e7ador m\u00f3n en el qual sempre guanyen l&#8217;honradesa i la qualitat i avui em permet llan\u00e7ar un somni! El somni de fer de la premsa, dels mitjans informatius, de vosaltres, companys, de tots nosaltres, el port refugi de la veritat! Potser aquesta sigui l&#8217;aut\u00e8ntica llibertat d&#8217;expressi\u00f3.<\/p>\n<p>Quan\u00a0<strong>Bono<\/strong>, el cantant d&#8217;<strong>U2<\/strong>, proposa &#8220;de lluitar contra aquella sensaci\u00f3 general que el m\u00f3n est\u00e0 fotut&#8221;, torno a l&#8217;origen de les meves paraules sobre el pecat de pensar i m&#8217;emparo una altra vegada en Antonio Machado: &#8220;Confiem, (confiem!) \/ que no ser\u00e0 veritat \/ res del que pensem&#8221;. Estimats amics, amigues, companys, autoritats, majestats: sempre tenen ra\u00f3 els poetes; facin-los cas, que en alguna cosa cal confiar.<\/p>\n<p>I estimats membres del jurat dels Premis de l&#8217;Associaci\u00f3 de la Premsa de Madrid: en nom de Vicente Vall\u00e9s, Ana del Barrio, Irene Dorta i aquest escrivent, gr\u00e0cies per honrar-nos tant. I un dubte que copio d&#8217;alg\u00fa m\u00e9s enginy\u00f3s que jo: ignoro per qu\u00e8 diem &#8220;fallo&#8221; a alguna cosa que ha estat tan just, tan correcte i tan merescut com donar-nos aquesta distinci\u00f3.<\/p>\n<p><iframe loading=\"lazy\" title=\"Discurso de Fernando \u00d3nega en la entrega de los Premios APM de Periodismo 2024\" width=\"1080\" height=\"608\" src=\"https:\/\/www.youtube.com\/embed\/M7Ogeanmy2I?feature=oembed\" frameborder=\"0\" allow=\"accelerometer; autoplay; clipboard-write; encrypted-media; gyroscope; picture-in-picture; web-share\" referrerpolicy=\"strict-origin-when-cross-origin\" allowfullscreen><\/iframe><\/p>\n","protected":false},"excerpt":{"rendered":"<p>Fernando \u00d3nega comparteix el discurs que va oferir durant la recepci\u00f3 del Premi d&#8217;Honor de l&#8217;Associaci\u00f3 de Premsa de Madrid<\/p>\n","protected":false},"author":12,"featured_media":159695,"comment_status":"closed","ping_status":"closed","sticky":false,"template":"","format":"standard","meta":{"_et_pb_use_builder":"","_et_pb_old_content":"","_et_gb_content_width":"","footnotes":""},"categories":[176,387,496,168],"tags":[],"class_list":["post-169898","post","type-post","status-publish","format-standard","has-post-thumbnail","hentry","category-academics-a-la-societat","category-ciencies-de-la-comunicacio","category-educacio-etica-i-valors-ca","category-premis-distincions-i-nomenaments","et-has-post-format-content","et_post_format-et-post-format-standard"],"yoast_head":"<!-- This site is optimized with the Yoast SEO plugin v27.4 - https:\/\/yoast.com\/product\/yoast-seo-wordpress\/ -->\n<title>De la societat de la informaci\u00f3 a la de la desinformaci\u00f3 - Reial Acad\u00e8mia Europea de Doctors<\/title>\n<meta name=\"description\" content=\"Fernando \u00d3nega comparteix el discurs que va oferir durant la recepci\u00f3 del Premi d&#039;Honor de l&#039;Associaci\u00f3 de Premsa de Madrid\" \/>\n<meta name=\"robots\" content=\"index, follow, max-snippet:-1, max-image-preview:large, max-video-preview:-1\" \/>\n<link rel=\"canonical\" href=\"https:\/\/raed.academy\/ca\/de-la-societat-de-la-informacio-a-la-de-la-desinformacio\/\" \/>\n<meta property=\"og:locale\" content=\"ca_ES\" \/>\n<meta property=\"og:type\" content=\"article\" \/>\n<meta property=\"og:title\" content=\"De la societat de la informaci\u00f3 a la de la desinformaci\u00f3 - Reial Acad\u00e8mia Europea de Doctors\" \/>\n<meta property=\"og:description\" content=\"Fernando \u00d3nega comparteix el discurs que va oferir durant la recepci\u00f3 del Premi d&#039;Honor de l&#039;Associaci\u00f3 de Premsa de Madrid\" \/>\n<meta property=\"og:url\" content=\"https:\/\/raed.academy\/ca\/de-la-societat-de-la-informacio-a-la-de-la-desinformacio\/\" \/>\n<meta property=\"og:site_name\" content=\"Reial Acad\u00e8mia Europea de Doctors\" \/>\n<meta property=\"article:publisher\" content=\"http:\/\/fb.me\/raed.academy\" \/>\n<meta property=\"article:published_time\" content=\"2025-09-29T08:25:16+00:00\" \/>\n<meta property=\"og:image\" content=\"https:\/\/raed.academy\/wp-content\/uploads\/2025\/02\/Fernando-Onega-dst.webp\" \/>\n\t<meta property=\"og:image:width\" content=\"600\" \/>\n\t<meta property=\"og:image:height\" content=\"360\" \/>\n\t<meta property=\"og:image:type\" content=\"image\/webp\" \/>\n<meta name=\"author\" content=\"RAED\" \/>\n<meta name=\"twitter:card\" content=\"summary_large_image\" \/>\n<meta name=\"twitter:creator\" content=\"@raedacademy\" \/>\n<meta name=\"twitter:site\" content=\"@raedacademy\" \/>\n<meta name=\"twitter:label1\" content=\"Written by\" \/>\n\t<meta name=\"twitter:data1\" content=\"RAED\" \/>\n\t<meta name=\"twitter:label2\" content=\"Est. reading time\" \/>\n\t<meta name=\"twitter:data2\" content=\"9 minutes\" \/>\n<script type=\"application\/ld+json\" class=\"yoast-schema-graph\">{\"@context\":\"https:\\\/\\\/schema.org\",\"@graph\":[{\"@type\":\"Article\",\"@id\":\"https:\\\/\\\/raed.academy\\\/ca\\\/de-la-societat-de-la-informacio-a-la-de-la-desinformacio\\\/#article\",\"isPartOf\":{\"@id\":\"https:\\\/\\\/raed.academy\\\/ca\\\/de-la-societat-de-la-informacio-a-la-de-la-desinformacio\\\/\"},\"author\":{\"name\":\"RAED\",\"@id\":\"https:\\\/\\\/raed.academy\\\/ca\\\/#\\\/schema\\\/person\\\/5a755da80d1d979fd66ba745c8702927\"},\"headline\":\"De la societat de la informaci\u00f3 a la de la desinformaci\u00f3\",\"datePublished\":\"2025-09-29T08:25:16+00:00\",\"mainEntityOfPage\":{\"@id\":\"https:\\\/\\\/raed.academy\\\/ca\\\/de-la-societat-de-la-informacio-a-la-de-la-desinformacio\\\/\"},\"wordCount\":1930,\"publisher\":{\"@id\":\"https:\\\/\\\/raed.academy\\\/ca\\\/#organization\"},\"image\":{\"@id\":\"https:\\\/\\\/raed.academy\\\/ca\\\/de-la-societat-de-la-informacio-a-la-de-la-desinformacio\\\/#primaryimage\"},\"thumbnailUrl\":\"https:\\\/\\\/raed.academy\\\/wp-content\\\/uploads\\\/2025\\\/02\\\/Fernando-Onega-dst.webp\",\"articleSection\":[\"Acad\u00e8mics a la societat\",\"Ci\u00e8ncies de la comunicaci\u00f3\",\"Educaci\u00f3, \u00e8tica i valors\",\"Premis, distincions i nomenaments\"],\"inLanguage\":\"ca-ES\"},{\"@type\":\"WebPage\",\"@id\":\"https:\\\/\\\/raed.academy\\\/ca\\\/de-la-societat-de-la-informacio-a-la-de-la-desinformacio\\\/\",\"url\":\"https:\\\/\\\/raed.academy\\\/ca\\\/de-la-societat-de-la-informacio-a-la-de-la-desinformacio\\\/\",\"name\":\"De la societat de la informaci\u00f3 a la de la desinformaci\u00f3 - Reial Acad\u00e8mia Europea de Doctors\",\"isPartOf\":{\"@id\":\"https:\\\/\\\/raed.academy\\\/ca\\\/#website\"},\"primaryImageOfPage\":{\"@id\":\"https:\\\/\\\/raed.academy\\\/ca\\\/de-la-societat-de-la-informacio-a-la-de-la-desinformacio\\\/#primaryimage\"},\"image\":{\"@id\":\"https:\\\/\\\/raed.academy\\\/ca\\\/de-la-societat-de-la-informacio-a-la-de-la-desinformacio\\\/#primaryimage\"},\"thumbnailUrl\":\"https:\\\/\\\/raed.academy\\\/wp-content\\\/uploads\\\/2025\\\/02\\\/Fernando-Onega-dst.webp\",\"datePublished\":\"2025-09-29T08:25:16+00:00\",\"description\":\"Fernando \u00d3nega comparteix el discurs que va oferir durant la recepci\u00f3 del Premi d'Honor de l'Associaci\u00f3 de Premsa de Madrid\",\"breadcrumb\":{\"@id\":\"https:\\\/\\\/raed.academy\\\/ca\\\/de-la-societat-de-la-informacio-a-la-de-la-desinformacio\\\/#breadcrumb\"},\"inLanguage\":\"ca-ES\",\"potentialAction\":[{\"@type\":\"ReadAction\",\"target\":[\"https:\\\/\\\/raed.academy\\\/ca\\\/de-la-societat-de-la-informacio-a-la-de-la-desinformacio\\\/\"]}]},{\"@type\":\"ImageObject\",\"inLanguage\":\"ca-ES\",\"@id\":\"https:\\\/\\\/raed.academy\\\/ca\\\/de-la-societat-de-la-informacio-a-la-de-la-desinformacio\\\/#primaryimage\",\"url\":\"https:\\\/\\\/raed.academy\\\/wp-content\\\/uploads\\\/2025\\\/02\\\/Fernando-Onega-dst.webp\",\"contentUrl\":\"https:\\\/\\\/raed.academy\\\/wp-content\\\/uploads\\\/2025\\\/02\\\/Fernando-Onega-dst.webp\",\"width\":600,\"height\":360},{\"@type\":\"BreadcrumbList\",\"@id\":\"https:\\\/\\\/raed.academy\\\/ca\\\/de-la-societat-de-la-informacio-a-la-de-la-desinformacio\\\/#breadcrumb\",\"itemListElement\":[{\"@type\":\"ListItem\",\"position\":1,\"name\":\"Inicio\",\"item\":\"https:\\\/\\\/raed.academy\\\/ca\\\/\"},{\"@type\":\"ListItem\",\"position\":2,\"name\":\"De la societat de la informaci\u00f3 a la de la desinformaci\u00f3\"}]},{\"@type\":\"WebSite\",\"@id\":\"https:\\\/\\\/raed.academy\\\/ca\\\/#website\",\"url\":\"https:\\\/\\\/raed.academy\\\/ca\\\/\",\"name\":\"Reial Acad\u00e8mia Europea de Doctors\",\"description\":\"Corporaci\u00f3n de derecho p\u00fablico de car\u00e1cter cient\u00edfico, t\u00e9cnico y art\u00edstico, que tiene por objeto la investigaci\u00f3n, el estudio, el fomento y la extensi\u00f3n del conocimiento en su sentido m\u00e1s amplio\",\"publisher\":{\"@id\":\"https:\\\/\\\/raed.academy\\\/ca\\\/#organization\"},\"potentialAction\":[{\"@type\":\"SearchAction\",\"target\":{\"@type\":\"EntryPoint\",\"urlTemplate\":\"https:\\\/\\\/raed.academy\\\/ca\\\/?s={search_term_string}\"},\"query-input\":{\"@type\":\"PropertyValueSpecification\",\"valueRequired\":true,\"valueName\":\"search_term_string\"}}],\"inLanguage\":\"ca-ES\"},{\"@type\":\"Organization\",\"@id\":\"https:\\\/\\\/raed.academy\\\/ca\\\/#organization\",\"name\":\"Real Academia Europea de Doctores\",\"url\":\"https:\\\/\\\/raed.academy\\\/ca\\\/\",\"logo\":{\"@type\":\"ImageObject\",\"inLanguage\":\"ca-ES\",\"@id\":\"https:\\\/\\\/raed.academy\\\/ca\\\/#\\\/schema\\\/logo\\\/image\\\/\",\"url\":\"https:\\\/\\\/raed.academy\\\/wp-content\\\/uploads\\\/2017\\\/01\\\/cropped-logo_raed.png\",\"contentUrl\":\"https:\\\/\\\/raed.academy\\\/wp-content\\\/uploads\\\/2017\\\/01\\\/cropped-logo_raed.png\",\"width\":512,\"height\":512,\"caption\":\"Real Academia Europea de Doctores\"},\"image\":{\"@id\":\"https:\\\/\\\/raed.academy\\\/ca\\\/#\\\/schema\\\/logo\\\/image\\\/\"},\"sameAs\":[\"http:\\\/\\\/fb.me\\\/raed.academy\",\"https:\\\/\\\/x.com\\\/raedacademy\",\"https:\\\/\\\/www.instagram.com\\\/raed.academy\\\/\",\"https:\\\/\\\/www.youtube.com\\\/channel\\\/UCUYQwW2KrdirNWihxMDObwg\"]},{\"@type\":\"Person\",\"@id\":\"https:\\\/\\\/raed.academy\\\/ca\\\/#\\\/schema\\\/person\\\/5a755da80d1d979fd66ba745c8702927\",\"name\":\"RAED\",\"image\":{\"@type\":\"ImageObject\",\"inLanguage\":\"ca-ES\",\"@id\":\"https:\\\/\\\/secure.gravatar.com\\\/avatar\\\/19fdfdc0d67fb9c45714b703a2ac82251c4fcea3637f002ac3c9b74c0183583c?s=96&d=mm&r=g\",\"url\":\"https:\\\/\\\/secure.gravatar.com\\\/avatar\\\/19fdfdc0d67fb9c45714b703a2ac82251c4fcea3637f002ac3c9b74c0183583c?s=96&d=mm&r=g\",\"contentUrl\":\"https:\\\/\\\/secure.gravatar.com\\\/avatar\\\/19fdfdc0d67fb9c45714b703a2ac82251c4fcea3637f002ac3c9b74c0183583c?s=96&d=mm&r=g\",\"caption\":\"RAED\"}}]}<\/script>\n<!-- \/ Yoast SEO plugin. -->","yoast_head_json":{"title":"De la societat de la informaci\u00f3 a la de la desinformaci\u00f3 - Reial Acad\u00e8mia Europea de Doctors","description":"Fernando \u00d3nega comparteix el discurs que va oferir durant la recepci\u00f3 del Premi d'Honor de l'Associaci\u00f3 de Premsa de Madrid","robots":{"index":"index","follow":"follow","max-snippet":"max-snippet:-1","max-image-preview":"max-image-preview:large","max-video-preview":"max-video-preview:-1"},"canonical":"https:\/\/raed.academy\/ca\/de-la-societat-de-la-informacio-a-la-de-la-desinformacio\/","og_locale":"ca_ES","og_type":"article","og_title":"De la societat de la informaci\u00f3 a la de la desinformaci\u00f3 - Reial Acad\u00e8mia Europea de Doctors","og_description":"Fernando \u00d3nega comparteix el discurs que va oferir durant la recepci\u00f3 del Premi d'Honor de l'Associaci\u00f3 de Premsa de Madrid","og_url":"https:\/\/raed.academy\/ca\/de-la-societat-de-la-informacio-a-la-de-la-desinformacio\/","og_site_name":"Reial Acad\u00e8mia Europea de Doctors","article_publisher":"http:\/\/fb.me\/raed.academy","article_published_time":"2025-09-29T08:25:16+00:00","og_image":[{"width":600,"height":360,"url":"https:\/\/raed.academy\/wp-content\/uploads\/2025\/02\/Fernando-Onega-dst.webp","type":"image\/webp"}],"author":"RAED","twitter_card":"summary_large_image","twitter_creator":"@raedacademy","twitter_site":"@raedacademy","twitter_misc":{"Written by":"RAED","Est. reading time":"9 minutes"},"schema":{"@context":"https:\/\/schema.org","@graph":[{"@type":"Article","@id":"https:\/\/raed.academy\/ca\/de-la-societat-de-la-informacio-a-la-de-la-desinformacio\/#article","isPartOf":{"@id":"https:\/\/raed.academy\/ca\/de-la-societat-de-la-informacio-a-la-de-la-desinformacio\/"},"author":{"name":"RAED","@id":"https:\/\/raed.academy\/ca\/#\/schema\/person\/5a755da80d1d979fd66ba745c8702927"},"headline":"De la societat de la informaci\u00f3 a la de la desinformaci\u00f3","datePublished":"2025-09-29T08:25:16+00:00","mainEntityOfPage":{"@id":"https:\/\/raed.academy\/ca\/de-la-societat-de-la-informacio-a-la-de-la-desinformacio\/"},"wordCount":1930,"publisher":{"@id":"https:\/\/raed.academy\/ca\/#organization"},"image":{"@id":"https:\/\/raed.academy\/ca\/de-la-societat-de-la-informacio-a-la-de-la-desinformacio\/#primaryimage"},"thumbnailUrl":"https:\/\/raed.academy\/wp-content\/uploads\/2025\/02\/Fernando-Onega-dst.webp","articleSection":["Acad\u00e8mics a la societat","Ci\u00e8ncies de la comunicaci\u00f3","Educaci\u00f3, \u00e8tica i valors","Premis, distincions i nomenaments"],"inLanguage":"ca-ES"},{"@type":"WebPage","@id":"https:\/\/raed.academy\/ca\/de-la-societat-de-la-informacio-a-la-de-la-desinformacio\/","url":"https:\/\/raed.academy\/ca\/de-la-societat-de-la-informacio-a-la-de-la-desinformacio\/","name":"De la societat de la informaci\u00f3 a la de la desinformaci\u00f3 - Reial Acad\u00e8mia Europea de Doctors","isPartOf":{"@id":"https:\/\/raed.academy\/ca\/#website"},"primaryImageOfPage":{"@id":"https:\/\/raed.academy\/ca\/de-la-societat-de-la-informacio-a-la-de-la-desinformacio\/#primaryimage"},"image":{"@id":"https:\/\/raed.academy\/ca\/de-la-societat-de-la-informacio-a-la-de-la-desinformacio\/#primaryimage"},"thumbnailUrl":"https:\/\/raed.academy\/wp-content\/uploads\/2025\/02\/Fernando-Onega-dst.webp","datePublished":"2025-09-29T08:25:16+00:00","description":"Fernando \u00d3nega comparteix el discurs que va oferir durant la recepci\u00f3 del Premi d'Honor de l'Associaci\u00f3 de Premsa de Madrid","breadcrumb":{"@id":"https:\/\/raed.academy\/ca\/de-la-societat-de-la-informacio-a-la-de-la-desinformacio\/#breadcrumb"},"inLanguage":"ca-ES","potentialAction":[{"@type":"ReadAction","target":["https:\/\/raed.academy\/ca\/de-la-societat-de-la-informacio-a-la-de-la-desinformacio\/"]}]},{"@type":"ImageObject","inLanguage":"ca-ES","@id":"https:\/\/raed.academy\/ca\/de-la-societat-de-la-informacio-a-la-de-la-desinformacio\/#primaryimage","url":"https:\/\/raed.academy\/wp-content\/uploads\/2025\/02\/Fernando-Onega-dst.webp","contentUrl":"https:\/\/raed.academy\/wp-content\/uploads\/2025\/02\/Fernando-Onega-dst.webp","width":600,"height":360},{"@type":"BreadcrumbList","@id":"https:\/\/raed.academy\/ca\/de-la-societat-de-la-informacio-a-la-de-la-desinformacio\/#breadcrumb","itemListElement":[{"@type":"ListItem","position":1,"name":"Inicio","item":"https:\/\/raed.academy\/ca\/"},{"@type":"ListItem","position":2,"name":"De la societat de la informaci\u00f3 a la de la desinformaci\u00f3"}]},{"@type":"WebSite","@id":"https:\/\/raed.academy\/ca\/#website","url":"https:\/\/raed.academy\/ca\/","name":"Reial Acad\u00e8mia Europea de Doctors","description":"Corporaci\u00f3n de derecho p\u00fablico de car\u00e1cter cient\u00edfico, t\u00e9cnico y art\u00edstico, que tiene por objeto la investigaci\u00f3n, el estudio, el fomento y la extensi\u00f3n del conocimiento en su sentido m\u00e1s amplio","publisher":{"@id":"https:\/\/raed.academy\/ca\/#organization"},"potentialAction":[{"@type":"SearchAction","target":{"@type":"EntryPoint","urlTemplate":"https:\/\/raed.academy\/ca\/?s={search_term_string}"},"query-input":{"@type":"PropertyValueSpecification","valueRequired":true,"valueName":"search_term_string"}}],"inLanguage":"ca-ES"},{"@type":"Organization","@id":"https:\/\/raed.academy\/ca\/#organization","name":"Real Academia Europea de Doctores","url":"https:\/\/raed.academy\/ca\/","logo":{"@type":"ImageObject","inLanguage":"ca-ES","@id":"https:\/\/raed.academy\/ca\/#\/schema\/logo\/image\/","url":"https:\/\/raed.academy\/wp-content\/uploads\/2017\/01\/cropped-logo_raed.png","contentUrl":"https:\/\/raed.academy\/wp-content\/uploads\/2017\/01\/cropped-logo_raed.png","width":512,"height":512,"caption":"Real Academia Europea de Doctores"},"image":{"@id":"https:\/\/raed.academy\/ca\/#\/schema\/logo\/image\/"},"sameAs":["http:\/\/fb.me\/raed.academy","https:\/\/x.com\/raedacademy","https:\/\/www.instagram.com\/raed.academy\/","https:\/\/www.youtube.com\/channel\/UCUYQwW2KrdirNWihxMDObwg"]},{"@type":"Person","@id":"https:\/\/raed.academy\/ca\/#\/schema\/person\/5a755da80d1d979fd66ba745c8702927","name":"RAED","image":{"@type":"ImageObject","inLanguage":"ca-ES","@id":"https:\/\/secure.gravatar.com\/avatar\/19fdfdc0d67fb9c45714b703a2ac82251c4fcea3637f002ac3c9b74c0183583c?s=96&d=mm&r=g","url":"https:\/\/secure.gravatar.com\/avatar\/19fdfdc0d67fb9c45714b703a2ac82251c4fcea3637f002ac3c9b74c0183583c?s=96&d=mm&r=g","contentUrl":"https:\/\/secure.gravatar.com\/avatar\/19fdfdc0d67fb9c45714b703a2ac82251c4fcea3637f002ac3c9b74c0183583c?s=96&d=mm&r=g","caption":"RAED"}}]}},"_links":{"self":[{"href":"https:\/\/raed.academy\/ca\/wp-json\/wp\/v2\/posts\/169898","targetHints":{"allow":["GET"]}}],"collection":[{"href":"https:\/\/raed.academy\/ca\/wp-json\/wp\/v2\/posts"}],"about":[{"href":"https:\/\/raed.academy\/ca\/wp-json\/wp\/v2\/types\/post"}],"author":[{"embeddable":true,"href":"https:\/\/raed.academy\/ca\/wp-json\/wp\/v2\/users\/12"}],"replies":[{"embeddable":true,"href":"https:\/\/raed.academy\/ca\/wp-json\/wp\/v2\/comments?post=169898"}],"version-history":[{"count":3,"href":"https:\/\/raed.academy\/ca\/wp-json\/wp\/v2\/posts\/169898\/revisions"}],"predecessor-version":[{"id":170119,"href":"https:\/\/raed.academy\/ca\/wp-json\/wp\/v2\/posts\/169898\/revisions\/170119"}],"wp:featuredmedia":[{"embeddable":true,"href":"https:\/\/raed.academy\/ca\/wp-json\/wp\/v2\/media\/159695"}],"wp:attachment":[{"href":"https:\/\/raed.academy\/ca\/wp-json\/wp\/v2\/media?parent=169898"}],"wp:term":[{"taxonomy":"category","embeddable":true,"href":"https:\/\/raed.academy\/ca\/wp-json\/wp\/v2\/categories?post=169898"},{"taxonomy":"post_tag","embeddable":true,"href":"https:\/\/raed.academy\/ca\/wp-json\/wp\/v2\/tags?post=169898"}],"curies":[{"name":"wp","href":"https:\/\/api.w.org\/{rel}","templated":true}]}}