{"id":168351,"date":"2025-09-19T13:56:28","date_gmt":"2025-09-19T13:56:28","guid":{"rendered":"https:\/\/raed.academy\/?p=168351"},"modified":"2025-09-19T13:56:28","modified_gmt":"2025-09-19T13:56:28","slug":"el-cami-cap-a-la-simbiosi-entre-les-intel%c2%b7ligencies-humana-i-artificial","status":"publish","type":"post","link":"https:\/\/raed.academy\/ca\/el-cami-cap-a-la-simbiosi-entre-les-intel%c2%b7ligencies-humana-i-artificial\/","title":{"rendered":"El cam\u00ed cap a la simbiosi entre les intel\u00b7lig\u00e8ncies humana i artificial"},"content":{"rendered":"<p><img loading=\"lazy\" decoding=\"async\" class=\"aligncenter size-full wp-image-133892\" src=\"https:\/\/raed.academy\/wp-content\/uploads\/2023\/06\/shutt_inteligencia-artificial-robots-2.91.webp\" alt=\"\" width=\"1600\" height=\"550\" srcset=\"https:\/\/raed.academy\/wp-content\/uploads\/2023\/06\/shutt_inteligencia-artificial-robots-2.91.webp 1600w, https:\/\/raed.academy\/wp-content\/uploads\/2023\/06\/shutt_inteligencia-artificial-robots-2.91-768x264.webp 768w, https:\/\/raed.academy\/wp-content\/uploads\/2023\/06\/shutt_inteligencia-artificial-robots-2.91-1536x528.webp 1536w, https:\/\/raed.academy\/wp-content\/uploads\/2023\/06\/shutt_inteligencia-artificial-robots-2.91-1080x371.webp 1080w\" sizes=\"(max-width: 1600px) 100vw, 1600px\" \/><\/p>\n<p><a href=\"https:\/\/raed.academy\/ca\/academics\/dra-cecilia-kindelan-amorrich\/\" target=\"_blank\" rel=\"noopener\"><em><strong>Cecilia Kindel\u00e1n<\/strong><\/em><\/a>, professora de comunicaci\u00f3 i directora dels programes <strong>EMBA<\/strong> i <strong>PIDD<\/strong> d&#8217;<strong>ESIC Business &amp; Marketing School<\/strong> i acad\u00e8mica numer\u00e0ria de la <strong>Reial Acad\u00e8mia Europea de Doctors<\/strong> (RAED), va participar el passat 9 de setembre a l&#8217;<strong>Aula Telem\u00e0tica<\/strong> de l&#8217;<strong>Acad\u00e8mia de Ci\u00e8ncies, Enginyeries i Humanitats de Lanzarote<\/strong>, de la qual \u00e9s acad\u00e8mica corresponent, amb la confer\u00e8ncia <strong>&#8220;Convergencia de la inteligencia humana y de las m\u00e1quinas&#8221;<\/strong>, en la qual va analitzar els or\u00edgens de la intel\u00b7lig\u00e8ncia artificial, les seves conflu\u00e8ncies amb la intel\u00b7lig\u00e8ncia humana i la hipot\u00e8tica connexi\u00f3 entre totes dues, que va definir com a possible -i desitjable- &#8220;simbiosi productiva&#8221;. La sessi\u00f3 va ser presentada i moderada per <a href=\"https:\/\/raed.academy\/ca\/academics\/dr-jose-ramon-calvo-fernandez\/\" target=\"_blank\" rel=\"noopener\"><em><strong>Jos\u00e9 Ram\u00f3n Calvo<\/strong><\/em><\/a>, acad\u00e8mic corresponent de la <strong>Reial Acad\u00e8mia de Medicina del Pa\u00eds Basc<\/strong>, acad\u00e8mic numerari i president de l&#8217;<strong>Institut de Cooperaci\u00f3 Internacional<\/strong> de la RAED i, al seu torn, vicepresident de l&#8217;Acad\u00e8mia de Lanzarote.<\/p>\n<p>La ponent va iniciar la seva exposici\u00f3 parlant dels mecanismes neurol\u00f2gics del cervell hum\u00e0, recordant la creaci\u00f3 de la intel\u00b7lig\u00e8ncia artificial des dels seus primers models en les albors del segle XX, el seu desenvolupament a l&#8217;abric de la computaci\u00f3, les seves perspectives actuals, la possibilitat que superi a la intel\u00b7lig\u00e8ncia humana en els aspectes en els quals encara no ho ha fet i, finalment, el cam\u00ed apuntat d&#8217;una possible simbiosi que contempli la complementarietat entre \u00e9sser hum\u00e0 i m\u00e0quina sense rebutjar ni renunciar al potencial de les dues intel\u00b7lig\u00e8ncies. En aquest punt va destacar la import\u00e0ncia de continuar investigant per desentranyar alguns dels misteris que per a la ci\u00e8ncia encara suposen aspectes del cervell hum\u00e0 com la consci\u00e8ncia i la subjectivitat.<\/p>\n<p>&nbsp;<\/p>\n<div id=\"attachment_162915\" style=\"width: 753px\" class=\"wp-caption aligncenter\"><img loading=\"lazy\" decoding=\"async\" aria-describedby=\"caption-attachment-162915\" class=\"wp-image-162915\" src=\"https:\/\/raed.academy\/wp-content\/uploads\/2025\/04\/Cecilia-Kindelan-ponencia-en-Universidad-de-Sharjah-Emiratos-Arabes.webp\" sizes=\"(max-width: 743px) 100vw, 743px\" srcset=\"https:\/\/raed.academy\/wp-content\/uploads\/2025\/04\/Cecilia-Kindelan-ponencia-en-Universidad-de-Sharjah-Emiratos-Arabes.webp 1400w, https:\/\/raed.academy\/wp-content\/uploads\/2025\/04\/Cecilia-Kindelan-ponencia-en-Universidad-de-Sharjah-Emiratos-Arabes-768x512.webp 768w, https:\/\/raed.academy\/wp-content\/uploads\/2025\/04\/Cecilia-Kindelan-ponencia-en-Universidad-de-Sharjah-Emiratos-Arabes-1080x720.webp 1080w\" alt=\"Dra. Cecilia Kindel\u00e1n\" width=\"743\" height=\"495\" aria-describedby=\"caption-attachment-162915\" \/><p id=\"caption-attachment-162915\" class=\"wp-caption-text\">Dra. Cecilia Kindel\u00e1n<\/p><\/div>\n<p>Kindel\u00e1n va destacar algunes dades sobre el funcionament del cervell hum\u00e0, concloent que la tecnologia actual no pot encara replicar ni aproximar-se a la combinaci\u00f3 \u00f2ptima de pot\u00e8ncia, efici\u00e8ncia i capacitat adaptativa de la intel\u00b7lig\u00e8ncia humana. El cervell, de fet, ha estat des del principi el model que van provar de continuar ja els pioners en el desenvolupament de la intel\u00b7lig\u00e8ncia artificial, com ara <strong>Geoffrey Hinton<\/strong>, <strong>Alan Turing<\/strong> i<strong> Marvin Minsky<\/strong>, i que continuen utilitzant els investigadors actuals. Aix\u00ed mateix, els errors i deteriorament que pot presentar el cervell hum\u00e0 tamb\u00e9 suposen un model d&#8217;aprenentatge per al cervell digital.<\/p>\n<p>Sobre les difer\u00e8ncies entre els dos sistemes, Kindel\u00e1n va destacar que les eines creades a partir de models d&#8217;intel\u00b7lig\u00e8ncia artificial es limiten a imitar, ja que manquen de consci\u00e8ncia i aprenen a partir de dades, tot i que aquestes es generin en temps real. En aquest sentit, va apuntar els seus avantatges, que parteixen de la seva productivitat, processament massiu de dades i precisi\u00f3 infal\u00b7lible, aspectes en els quals la intel\u00b7lig\u00e8ncia humana \u00e9s molt m\u00e9s limitada. Els seus l\u00edmits actuals, tot i aix\u00f2, s\u00f3n precisament aquest raonament lineal, que fa a aquestes eines mancar d&#8217;un sentit com\u00fa real, presentar problemes amb pensaments abstractes i una depend\u00e8ncia extrema de les dades pr\u00e8vies. En dependre d&#8217;elles, la intel\u00b7lig\u00e8ncia artificial, ara com ara, no t\u00e9 capacitat creativa, d&#8217;innovar, de la mateixa forma que tampoc no pot empatitzar amb l&#8217;\u00e9sser hum\u00e0.<\/p>\n<p>L&#8217;experta va explicar que, per provar de pal\u00b7liar aquestes limitacions, les \u00faltimes investigacions en intel\u00b7lig\u00e8ncia artificial han impulsat el que ja es coneix com a revoluci\u00f3 del cervell digital, que consisteix en la creaci\u00f3 de xarxes neuronals artificials que imiten les connexions de les neurones del cervell hum\u00e0 i que han aconseguit el desenvolupament d&#8217;un aprenentatge profund gr\u00e0cies a models amb m\u00faltiples capes de processament que poden descobrir representacions molt complexes i abstractes i d&#8217;extreure conceptes a partir de dades brutes i similar a aquell processament jer\u00e0rquic cerebral. Aquests mecanismes, va explicar, poden detallar el seu proc\u00e9s de raonament pas a pas, fent-ho comprensible per als \u00e9ssers humans. En paral\u00b7lel, es desenvolupen organoides intel\u00b7ligents, que s\u00f3n cervells biol\u00f2gics que comencen a interactuar en entorns computacionals, trencant una frontera entre neuroci\u00e8ncia i computaci\u00f3 que planteja els primers problemes \u00e8tics.<\/p>\n<p>Pel que fa a la simbiosi entre la intel\u00b7lig\u00e8ncia humana i la intel\u00b7lig\u00e8ncia artificial, l&#8217;acad\u00e8mica va apuntar com possibilitats els diversos nivells que ja s&#8217;entreveuen, que van des d&#8217;una integraci\u00f3 neuronal directa a una amplificaci\u00f3 cognitiva, una cognici\u00f3 distribu\u00efda o la creaci\u00f3 d&#8217;una intel\u00b7lig\u00e8ncia col\u00b7lectiva h\u00edbrida, formant un ecosistema intel\u00b7ligent global amb capacitats superiors a la suma de cada una de les parts. En aquest punt va posar com a exemples alguns dels aven\u00e7os de projectes com <strong>Neuralink<\/strong> i els seus competidors. L&#8217;experta va acabar apuntant els desafiaments \u00e8tics que planteja aquesta evoluci\u00f3 cient\u00edfica i tecnol\u00f2gica, com ara l&#8217;acc\u00e9s equitatiu als productes que es desenvolupin, l&#8217;autonomia mental, la privacitat neuronal o la identitat personal.<\/p>\n<p><iframe loading=\"lazy\" title=\"Convergencia de la inteligencia humana y de las m\u00e1quinas\" width=\"1080\" height=\"810\" src=\"https:\/\/www.youtube.com\/embed\/0iHqe_gQV8U?feature=oembed\" frameborder=\"0\" allow=\"accelerometer; autoplay; clipboard-write; encrypted-media; gyroscope; picture-in-picture; web-share\" referrerpolicy=\"strict-origin-when-cross-origin\" allowfullscreen><\/iframe><\/p>\n","protected":false},"excerpt":{"rendered":"<p>Cecilia Kindel\u00e1n analitza els or\u00edgens de la intel\u00b7lig\u00e8ncia artificial, les seves conflu\u00e8ncies amb la intel\u00b7lig\u00e8ncia humana i la hipot\u00e8tica connexi\u00f3 entre totes dues, durant la confer\u00e8ncia &#8220;Convergencia de la inteligencia humana y de las m\u00e1quinas&#8221;<\/p>\n","protected":false},"author":12,"featured_media":133807,"comment_status":"closed","ping_status":"closed","sticky":false,"template":"","format":"standard","meta":{"_et_pb_use_builder":"","_et_pb_old_content":"","_et_gb_content_width":"","footnotes":""},"categories":[332,436,325,354],"tags":[],"class_list":["post-168351","post","type-post","status-publish","format-standard","has-post-thumbnail","hentry","category-biologia-ca","category-computacio","category-enginyeria-industrial","category-tecnologies-de-la-informacio-i-de-la-comunicacio","et-has-post-format-content","et_post_format-et-post-format-standard"],"yoast_head":"<!-- This site is optimized with the Yoast SEO plugin v27.5 - https:\/\/yoast.com\/product\/yoast-seo-wordpress\/ -->\n<title>El cam\u00ed cap a la simbiosi entre les intel\u00b7lig\u00e8ncies humana i artificial - Reial Acad\u00e8mia Europea de Doctors<\/title>\n<meta name=\"description\" content=\"Cecilia Kindel\u00e1n analitza els or\u00edgens de la intel\u00b7lig\u00e8ncia artificial, les seves conflu\u00e8ncies amb la intel\u00b7lig\u00e8ncia humana i la hipot\u00e8tica connexi\u00f3 entre totes dues\" \/>\n<meta name=\"robots\" content=\"index, follow, max-snippet:-1, max-image-preview:large, max-video-preview:-1\" \/>\n<link rel=\"canonical\" href=\"https:\/\/raed.academy\/ca\/el-cami-cap-a-la-simbiosi-entre-les-intel%c2%b7ligencies-humana-i-artificial\/\" \/>\n<meta property=\"og:locale\" content=\"ca_ES\" \/>\n<meta property=\"og:type\" content=\"article\" \/>\n<meta property=\"og:title\" content=\"El cam\u00ed cap a la simbiosi entre les intel\u00b7lig\u00e8ncies humana i artificial - Reial Acad\u00e8mia Europea de Doctors\" \/>\n<meta property=\"og:description\" content=\"Cecilia Kindel\u00e1n analitza els or\u00edgens de la intel\u00b7lig\u00e8ncia artificial, les seves conflu\u00e8ncies amb la intel\u00b7lig\u00e8ncia humana i la hipot\u00e8tica connexi\u00f3 entre totes dues\" \/>\n<meta property=\"og:url\" content=\"https:\/\/raed.academy\/ca\/el-cami-cap-a-la-simbiosi-entre-les-intel%c2%b7ligencies-humana-i-artificial\/\" \/>\n<meta property=\"og:site_name\" content=\"Reial Acad\u00e8mia Europea de Doctors\" \/>\n<meta property=\"article:publisher\" content=\"http:\/\/fb.me\/raed.academy\" \/>\n<meta property=\"article:published_time\" content=\"2025-09-19T13:56:28+00:00\" \/>\n<meta property=\"og:image\" content=\"https:\/\/raed.academy\/wp-content\/uploads\/2023\/06\/Inteligencia-Artificial-Comprada-Shutterstock-DST.webp\" \/>\n\t<meta property=\"og:image:width\" content=\"600\" \/>\n\t<meta property=\"og:image:height\" content=\"359\" \/>\n\t<meta property=\"og:image:type\" content=\"image\/webp\" \/>\n<meta name=\"author\" content=\"RAED\" \/>\n<meta name=\"twitter:card\" content=\"summary_large_image\" \/>\n<meta name=\"twitter:creator\" content=\"@raedacademy\" \/>\n<meta name=\"twitter:site\" content=\"@raedacademy\" \/>\n<meta name=\"twitter:label1\" content=\"Written by\" \/>\n\t<meta name=\"twitter:data1\" content=\"RAED\" \/>\n\t<meta name=\"twitter:label2\" content=\"Est. reading time\" \/>\n\t<meta name=\"twitter:data2\" content=\"5 minutes\" \/>\n<script type=\"application\/ld+json\" class=\"yoast-schema-graph\">{\"@context\":\"https:\\\/\\\/schema.org\",\"@graph\":[{\"@type\":\"Article\",\"@id\":\"https:\\\/\\\/raed.academy\\\/ca\\\/el-cami-cap-a-la-simbiosi-entre-les-intel%c2%b7ligencies-humana-i-artificial\\\/#article\",\"isPartOf\":{\"@id\":\"https:\\\/\\\/raed.academy\\\/ca\\\/el-cami-cap-a-la-simbiosi-entre-les-intel%c2%b7ligencies-humana-i-artificial\\\/\"},\"author\":{\"name\":\"RAED\",\"@id\":\"https:\\\/\\\/raed.academy\\\/ca\\\/#\\\/schema\\\/person\\\/5a755da80d1d979fd66ba745c8702927\"},\"headline\":\"El cam\u00ed cap a la simbiosi entre les intel\u00b7lig\u00e8ncies humana i artificial\",\"datePublished\":\"2025-09-19T13:56:28+00:00\",\"mainEntityOfPage\":{\"@id\":\"https:\\\/\\\/raed.academy\\\/ca\\\/el-cami-cap-a-la-simbiosi-entre-les-intel%c2%b7ligencies-humana-i-artificial\\\/\"},\"wordCount\":895,\"publisher\":{\"@id\":\"https:\\\/\\\/raed.academy\\\/ca\\\/#organization\"},\"image\":{\"@id\":\"https:\\\/\\\/raed.academy\\\/ca\\\/el-cami-cap-a-la-simbiosi-entre-les-intel%c2%b7ligencies-humana-i-artificial\\\/#primaryimage\"},\"thumbnailUrl\":\"https:\\\/\\\/raed.academy\\\/wp-content\\\/uploads\\\/2023\\\/06\\\/Inteligencia-Artificial-Comprada-Shutterstock-DST.webp\",\"articleSection\":[\"Biologia\",\"Computaci\u00f3\",\"Enginyeria industrial\",\"Tecnologies de la informaci\u00f3 i de la comunicaci\u00f3\"],\"inLanguage\":\"ca-ES\"},{\"@type\":\"WebPage\",\"@id\":\"https:\\\/\\\/raed.academy\\\/ca\\\/el-cami-cap-a-la-simbiosi-entre-les-intel%c2%b7ligencies-humana-i-artificial\\\/\",\"url\":\"https:\\\/\\\/raed.academy\\\/ca\\\/el-cami-cap-a-la-simbiosi-entre-les-intel%c2%b7ligencies-humana-i-artificial\\\/\",\"name\":\"El cam\u00ed cap a la simbiosi entre les intel\u00b7lig\u00e8ncies humana i artificial - Reial Acad\u00e8mia Europea de Doctors\",\"isPartOf\":{\"@id\":\"https:\\\/\\\/raed.academy\\\/ca\\\/#website\"},\"primaryImageOfPage\":{\"@id\":\"https:\\\/\\\/raed.academy\\\/ca\\\/el-cami-cap-a-la-simbiosi-entre-les-intel%c2%b7ligencies-humana-i-artificial\\\/#primaryimage\"},\"image\":{\"@id\":\"https:\\\/\\\/raed.academy\\\/ca\\\/el-cami-cap-a-la-simbiosi-entre-les-intel%c2%b7ligencies-humana-i-artificial\\\/#primaryimage\"},\"thumbnailUrl\":\"https:\\\/\\\/raed.academy\\\/wp-content\\\/uploads\\\/2023\\\/06\\\/Inteligencia-Artificial-Comprada-Shutterstock-DST.webp\",\"datePublished\":\"2025-09-19T13:56:28+00:00\",\"description\":\"Cecilia Kindel\u00e1n analitza els or\u00edgens de la intel\u00b7lig\u00e8ncia artificial, les seves conflu\u00e8ncies amb la intel\u00b7lig\u00e8ncia humana i la hipot\u00e8tica connexi\u00f3 entre totes dues\",\"breadcrumb\":{\"@id\":\"https:\\\/\\\/raed.academy\\\/ca\\\/el-cami-cap-a-la-simbiosi-entre-les-intel%c2%b7ligencies-humana-i-artificial\\\/#breadcrumb\"},\"inLanguage\":\"ca-ES\",\"potentialAction\":[{\"@type\":\"ReadAction\",\"target\":[\"https:\\\/\\\/raed.academy\\\/ca\\\/el-cami-cap-a-la-simbiosi-entre-les-intel%c2%b7ligencies-humana-i-artificial\\\/\"]}]},{\"@type\":\"ImageObject\",\"inLanguage\":\"ca-ES\",\"@id\":\"https:\\\/\\\/raed.academy\\\/ca\\\/el-cami-cap-a-la-simbiosi-entre-les-intel%c2%b7ligencies-humana-i-artificial\\\/#primaryimage\",\"url\":\"https:\\\/\\\/raed.academy\\\/wp-content\\\/uploads\\\/2023\\\/06\\\/Inteligencia-Artificial-Comprada-Shutterstock-DST.webp\",\"contentUrl\":\"https:\\\/\\\/raed.academy\\\/wp-content\\\/uploads\\\/2023\\\/06\\\/Inteligencia-Artificial-Comprada-Shutterstock-DST.webp\",\"width\":600,\"height\":359},{\"@type\":\"BreadcrumbList\",\"@id\":\"https:\\\/\\\/raed.academy\\\/ca\\\/el-cami-cap-a-la-simbiosi-entre-les-intel%c2%b7ligencies-humana-i-artificial\\\/#breadcrumb\",\"itemListElement\":[{\"@type\":\"ListItem\",\"position\":1,\"name\":\"Inicio\",\"item\":\"https:\\\/\\\/raed.academy\\\/ca\\\/\"},{\"@type\":\"ListItem\",\"position\":2,\"name\":\"El cam\u00ed cap a la simbiosi entre les intel\u00b7lig\u00e8ncies humana i artificial\"}]},{\"@type\":\"WebSite\",\"@id\":\"https:\\\/\\\/raed.academy\\\/ca\\\/#website\",\"url\":\"https:\\\/\\\/raed.academy\\\/ca\\\/\",\"name\":\"Reial Acad\u00e8mia Europea de Doctors\",\"description\":\"Corporaci\u00f3n de derecho p\u00fablico de car\u00e1cter cient\u00edfico, t\u00e9cnico y art\u00edstico, que tiene por objeto la investigaci\u00f3n, el estudio, el fomento y la extensi\u00f3n del conocimiento en su sentido m\u00e1s amplio\",\"publisher\":{\"@id\":\"https:\\\/\\\/raed.academy\\\/ca\\\/#organization\"},\"potentialAction\":[{\"@type\":\"SearchAction\",\"target\":{\"@type\":\"EntryPoint\",\"urlTemplate\":\"https:\\\/\\\/raed.academy\\\/ca\\\/?s={search_term_string}\"},\"query-input\":{\"@type\":\"PropertyValueSpecification\",\"valueRequired\":true,\"valueName\":\"search_term_string\"}}],\"inLanguage\":\"ca-ES\"},{\"@type\":\"Organization\",\"@id\":\"https:\\\/\\\/raed.academy\\\/ca\\\/#organization\",\"name\":\"Real Academia Europea de Doctores\",\"url\":\"https:\\\/\\\/raed.academy\\\/ca\\\/\",\"logo\":{\"@type\":\"ImageObject\",\"inLanguage\":\"ca-ES\",\"@id\":\"https:\\\/\\\/raed.academy\\\/ca\\\/#\\\/schema\\\/logo\\\/image\\\/\",\"url\":\"https:\\\/\\\/raed.academy\\\/wp-content\\\/uploads\\\/2017\\\/01\\\/cropped-logo_raed.png\",\"contentUrl\":\"https:\\\/\\\/raed.academy\\\/wp-content\\\/uploads\\\/2017\\\/01\\\/cropped-logo_raed.png\",\"width\":512,\"height\":512,\"caption\":\"Real Academia Europea de Doctores\"},\"image\":{\"@id\":\"https:\\\/\\\/raed.academy\\\/ca\\\/#\\\/schema\\\/logo\\\/image\\\/\"},\"sameAs\":[\"http:\\\/\\\/fb.me\\\/raed.academy\",\"https:\\\/\\\/x.com\\\/raedacademy\",\"https:\\\/\\\/www.instagram.com\\\/raed.academy\\\/\",\"https:\\\/\\\/www.youtube.com\\\/channel\\\/UCUYQwW2KrdirNWihxMDObwg\"]},{\"@type\":\"Person\",\"@id\":\"https:\\\/\\\/raed.academy\\\/ca\\\/#\\\/schema\\\/person\\\/5a755da80d1d979fd66ba745c8702927\",\"name\":\"RAED\",\"image\":{\"@type\":\"ImageObject\",\"inLanguage\":\"ca-ES\",\"@id\":\"https:\\\/\\\/secure.gravatar.com\\\/avatar\\\/19fdfdc0d67fb9c45714b703a2ac82251c4fcea3637f002ac3c9b74c0183583c?s=96&d=mm&r=g\",\"url\":\"https:\\\/\\\/secure.gravatar.com\\\/avatar\\\/19fdfdc0d67fb9c45714b703a2ac82251c4fcea3637f002ac3c9b74c0183583c?s=96&d=mm&r=g\",\"contentUrl\":\"https:\\\/\\\/secure.gravatar.com\\\/avatar\\\/19fdfdc0d67fb9c45714b703a2ac82251c4fcea3637f002ac3c9b74c0183583c?s=96&d=mm&r=g\",\"caption\":\"RAED\"}}]}<\/script>\n<!-- \/ Yoast SEO plugin. -->","yoast_head_json":{"title":"El cam\u00ed cap a la simbiosi entre les intel\u00b7lig\u00e8ncies humana i artificial - Reial Acad\u00e8mia Europea de Doctors","description":"Cecilia Kindel\u00e1n analitza els or\u00edgens de la intel\u00b7lig\u00e8ncia artificial, les seves conflu\u00e8ncies amb la intel\u00b7lig\u00e8ncia humana i la hipot\u00e8tica connexi\u00f3 entre totes dues","robots":{"index":"index","follow":"follow","max-snippet":"max-snippet:-1","max-image-preview":"max-image-preview:large","max-video-preview":"max-video-preview:-1"},"canonical":"https:\/\/raed.academy\/ca\/el-cami-cap-a-la-simbiosi-entre-les-intel%c2%b7ligencies-humana-i-artificial\/","og_locale":"ca_ES","og_type":"article","og_title":"El cam\u00ed cap a la simbiosi entre les intel\u00b7lig\u00e8ncies humana i artificial - Reial Acad\u00e8mia Europea de Doctors","og_description":"Cecilia Kindel\u00e1n analitza els or\u00edgens de la intel\u00b7lig\u00e8ncia artificial, les seves conflu\u00e8ncies amb la intel\u00b7lig\u00e8ncia humana i la hipot\u00e8tica connexi\u00f3 entre totes dues","og_url":"https:\/\/raed.academy\/ca\/el-cami-cap-a-la-simbiosi-entre-les-intel%c2%b7ligencies-humana-i-artificial\/","og_site_name":"Reial Acad\u00e8mia Europea de Doctors","article_publisher":"http:\/\/fb.me\/raed.academy","article_published_time":"2025-09-19T13:56:28+00:00","og_image":[{"width":600,"height":359,"url":"https:\/\/raed.academy\/wp-content\/uploads\/2023\/06\/Inteligencia-Artificial-Comprada-Shutterstock-DST.webp","type":"image\/webp"}],"author":"RAED","twitter_card":"summary_large_image","twitter_creator":"@raedacademy","twitter_site":"@raedacademy","twitter_misc":{"Written by":"RAED","Est. reading time":"5 minutes"},"schema":{"@context":"https:\/\/schema.org","@graph":[{"@type":"Article","@id":"https:\/\/raed.academy\/ca\/el-cami-cap-a-la-simbiosi-entre-les-intel%c2%b7ligencies-humana-i-artificial\/#article","isPartOf":{"@id":"https:\/\/raed.academy\/ca\/el-cami-cap-a-la-simbiosi-entre-les-intel%c2%b7ligencies-humana-i-artificial\/"},"author":{"name":"RAED","@id":"https:\/\/raed.academy\/ca\/#\/schema\/person\/5a755da80d1d979fd66ba745c8702927"},"headline":"El cam\u00ed cap a la simbiosi entre les intel\u00b7lig\u00e8ncies humana i artificial","datePublished":"2025-09-19T13:56:28+00:00","mainEntityOfPage":{"@id":"https:\/\/raed.academy\/ca\/el-cami-cap-a-la-simbiosi-entre-les-intel%c2%b7ligencies-humana-i-artificial\/"},"wordCount":895,"publisher":{"@id":"https:\/\/raed.academy\/ca\/#organization"},"image":{"@id":"https:\/\/raed.academy\/ca\/el-cami-cap-a-la-simbiosi-entre-les-intel%c2%b7ligencies-humana-i-artificial\/#primaryimage"},"thumbnailUrl":"https:\/\/raed.academy\/wp-content\/uploads\/2023\/06\/Inteligencia-Artificial-Comprada-Shutterstock-DST.webp","articleSection":["Biologia","Computaci\u00f3","Enginyeria industrial","Tecnologies de la informaci\u00f3 i de la comunicaci\u00f3"],"inLanguage":"ca-ES"},{"@type":"WebPage","@id":"https:\/\/raed.academy\/ca\/el-cami-cap-a-la-simbiosi-entre-les-intel%c2%b7ligencies-humana-i-artificial\/","url":"https:\/\/raed.academy\/ca\/el-cami-cap-a-la-simbiosi-entre-les-intel%c2%b7ligencies-humana-i-artificial\/","name":"El cam\u00ed cap a la simbiosi entre les intel\u00b7lig\u00e8ncies humana i artificial - Reial Acad\u00e8mia Europea de Doctors","isPartOf":{"@id":"https:\/\/raed.academy\/ca\/#website"},"primaryImageOfPage":{"@id":"https:\/\/raed.academy\/ca\/el-cami-cap-a-la-simbiosi-entre-les-intel%c2%b7ligencies-humana-i-artificial\/#primaryimage"},"image":{"@id":"https:\/\/raed.academy\/ca\/el-cami-cap-a-la-simbiosi-entre-les-intel%c2%b7ligencies-humana-i-artificial\/#primaryimage"},"thumbnailUrl":"https:\/\/raed.academy\/wp-content\/uploads\/2023\/06\/Inteligencia-Artificial-Comprada-Shutterstock-DST.webp","datePublished":"2025-09-19T13:56:28+00:00","description":"Cecilia Kindel\u00e1n analitza els or\u00edgens de la intel\u00b7lig\u00e8ncia artificial, les seves conflu\u00e8ncies amb la intel\u00b7lig\u00e8ncia humana i la hipot\u00e8tica connexi\u00f3 entre totes dues","breadcrumb":{"@id":"https:\/\/raed.academy\/ca\/el-cami-cap-a-la-simbiosi-entre-les-intel%c2%b7ligencies-humana-i-artificial\/#breadcrumb"},"inLanguage":"ca-ES","potentialAction":[{"@type":"ReadAction","target":["https:\/\/raed.academy\/ca\/el-cami-cap-a-la-simbiosi-entre-les-intel%c2%b7ligencies-humana-i-artificial\/"]}]},{"@type":"ImageObject","inLanguage":"ca-ES","@id":"https:\/\/raed.academy\/ca\/el-cami-cap-a-la-simbiosi-entre-les-intel%c2%b7ligencies-humana-i-artificial\/#primaryimage","url":"https:\/\/raed.academy\/wp-content\/uploads\/2023\/06\/Inteligencia-Artificial-Comprada-Shutterstock-DST.webp","contentUrl":"https:\/\/raed.academy\/wp-content\/uploads\/2023\/06\/Inteligencia-Artificial-Comprada-Shutterstock-DST.webp","width":600,"height":359},{"@type":"BreadcrumbList","@id":"https:\/\/raed.academy\/ca\/el-cami-cap-a-la-simbiosi-entre-les-intel%c2%b7ligencies-humana-i-artificial\/#breadcrumb","itemListElement":[{"@type":"ListItem","position":1,"name":"Inicio","item":"https:\/\/raed.academy\/ca\/"},{"@type":"ListItem","position":2,"name":"El cam\u00ed cap a la simbiosi entre les intel\u00b7lig\u00e8ncies humana i artificial"}]},{"@type":"WebSite","@id":"https:\/\/raed.academy\/ca\/#website","url":"https:\/\/raed.academy\/ca\/","name":"Reial Acad\u00e8mia Europea de Doctors","description":"Corporaci\u00f3n de derecho p\u00fablico de car\u00e1cter cient\u00edfico, t\u00e9cnico y art\u00edstico, que tiene por objeto la investigaci\u00f3n, el estudio, el fomento y la extensi\u00f3n del conocimiento en su sentido m\u00e1s amplio","publisher":{"@id":"https:\/\/raed.academy\/ca\/#organization"},"potentialAction":[{"@type":"SearchAction","target":{"@type":"EntryPoint","urlTemplate":"https:\/\/raed.academy\/ca\/?s={search_term_string}"},"query-input":{"@type":"PropertyValueSpecification","valueRequired":true,"valueName":"search_term_string"}}],"inLanguage":"ca-ES"},{"@type":"Organization","@id":"https:\/\/raed.academy\/ca\/#organization","name":"Real Academia Europea de Doctores","url":"https:\/\/raed.academy\/ca\/","logo":{"@type":"ImageObject","inLanguage":"ca-ES","@id":"https:\/\/raed.academy\/ca\/#\/schema\/logo\/image\/","url":"https:\/\/raed.academy\/wp-content\/uploads\/2017\/01\/cropped-logo_raed.png","contentUrl":"https:\/\/raed.academy\/wp-content\/uploads\/2017\/01\/cropped-logo_raed.png","width":512,"height":512,"caption":"Real Academia Europea de Doctores"},"image":{"@id":"https:\/\/raed.academy\/ca\/#\/schema\/logo\/image\/"},"sameAs":["http:\/\/fb.me\/raed.academy","https:\/\/x.com\/raedacademy","https:\/\/www.instagram.com\/raed.academy\/","https:\/\/www.youtube.com\/channel\/UCUYQwW2KrdirNWihxMDObwg"]},{"@type":"Person","@id":"https:\/\/raed.academy\/ca\/#\/schema\/person\/5a755da80d1d979fd66ba745c8702927","name":"RAED","image":{"@type":"ImageObject","inLanguage":"ca-ES","@id":"https:\/\/secure.gravatar.com\/avatar\/19fdfdc0d67fb9c45714b703a2ac82251c4fcea3637f002ac3c9b74c0183583c?s=96&d=mm&r=g","url":"https:\/\/secure.gravatar.com\/avatar\/19fdfdc0d67fb9c45714b703a2ac82251c4fcea3637f002ac3c9b74c0183583c?s=96&d=mm&r=g","contentUrl":"https:\/\/secure.gravatar.com\/avatar\/19fdfdc0d67fb9c45714b703a2ac82251c4fcea3637f002ac3c9b74c0183583c?s=96&d=mm&r=g","caption":"RAED"}}]}},"_links":{"self":[{"href":"https:\/\/raed.academy\/ca\/wp-json\/wp\/v2\/posts\/168351","targetHints":{"allow":["GET"]}}],"collection":[{"href":"https:\/\/raed.academy\/ca\/wp-json\/wp\/v2\/posts"}],"about":[{"href":"https:\/\/raed.academy\/ca\/wp-json\/wp\/v2\/types\/post"}],"author":[{"embeddable":true,"href":"https:\/\/raed.academy\/ca\/wp-json\/wp\/v2\/users\/12"}],"replies":[{"embeddable":true,"href":"https:\/\/raed.academy\/ca\/wp-json\/wp\/v2\/comments?post=168351"}],"version-history":[{"count":3,"href":"https:\/\/raed.academy\/ca\/wp-json\/wp\/v2\/posts\/168351\/revisions"}],"predecessor-version":[{"id":168415,"href":"https:\/\/raed.academy\/ca\/wp-json\/wp\/v2\/posts\/168351\/revisions\/168415"}],"wp:featuredmedia":[{"embeddable":true,"href":"https:\/\/raed.academy\/ca\/wp-json\/wp\/v2\/media\/133807"}],"wp:attachment":[{"href":"https:\/\/raed.academy\/ca\/wp-json\/wp\/v2\/media?parent=168351"}],"wp:term":[{"taxonomy":"category","embeddable":true,"href":"https:\/\/raed.academy\/ca\/wp-json\/wp\/v2\/categories?post=168351"},{"taxonomy":"post_tag","embeddable":true,"href":"https:\/\/raed.academy\/ca\/wp-json\/wp\/v2\/tags?post=168351"}],"curies":[{"name":"wp","href":"https:\/\/api.w.org\/{rel}","templated":true}]}}