{"id":168342,"date":"2025-09-19T13:38:37","date_gmt":"2025-09-19T13:38:37","guid":{"rendered":"https:\/\/raed.academy\/?p=168342"},"modified":"2025-09-19T13:38:37","modified_gmt":"2025-09-19T13:38:37","slug":"el-poder-dels-drons-al-camp-de-batalla","status":"publish","type":"post","link":"https:\/\/raed.academy\/ca\/el-poder-dels-drons-al-camp-de-batalla\/","title":{"rendered":"El poder dels drons al camp de batalla"},"content":{"rendered":"<div id=\"attachment_168220\" style=\"width: 670px\" class=\"wp-caption aligncenter\"><img loading=\"lazy\" decoding=\"async\" aria-describedby=\"caption-attachment-168220\" class=\"wp-image-168220 \" src=\"https:\/\/raed.academy\/wp-content\/uploads\/2025\/09\/Jesus-Alberto-Garcia-Riesco-1.67.webp\" alt=\"Jes\u00fas Alberto Garc\u00eda\" width=\"660\" height=\"396\" srcset=\"https:\/\/raed.academy\/wp-content\/uploads\/2025\/09\/Jesus-Alberto-Garcia-Riesco-1.67.webp 800w, https:\/\/raed.academy\/wp-content\/uploads\/2025\/09\/Jesus-Alberto-Garcia-Riesco-1.67-768x461.webp 768w, https:\/\/raed.academy\/wp-content\/uploads\/2025\/09\/Jesus-Alberto-Garcia-Riesco-1.67-627x376.webp 627w, https:\/\/raed.academy\/wp-content\/uploads\/2025\/09\/Jesus-Alberto-Garcia-Riesco-1.67-440x264.webp 440w\" sizes=\"(max-width: 660px) 100vw, 660px\" \/><p id=\"caption-attachment-168220\" class=\"wp-caption-text\">Sr. Jes\u00fas Alberto Garc\u00eda Riesco<\/p><\/div>\n<p><strong>Jes\u00fas Alberto Garc\u00eda Riesco<\/strong>, coronel de l&#8217;<strong>Ex\u00e8rcit de Terra,<\/strong> polit\u00f2leg i col\u00b7laborador de la <strong>Reial Acad\u00e8mia Europea de Doctors<\/strong> (RAED), reflexiona a l&#8217;article <em><strong>&#8220;Drones y moral de combate&#8221;<\/strong><\/em>, publicat al diari digital <strong>La Cr\u00edtica<\/strong> el passat 14 d&#8217;agost, sobre com aquestes naus no tripulades de petites dimensions per\u00f2 notable poder ofensiu han canviat la manera de fer la guerra convencional, la qual cosa suposa un terrible cop a la moral de combat de l&#8217;adversari, ja que desenvolupen una por persistent entre els combatents, els seus bombardejos sobre la rereguarda enemiga s\u00f3n aterridors i aporten a les operacions especials un potencial amena\u00e7ador. Davant d&#8217;ells nom\u00e9s cal millorar les defenses a\u00e8ries i dominar l&#8217;espectre electromagn\u00e8tic.<\/p>\n<p>&#8220;La freda recerca de soldats que se senten peces de cacera activa una por persistent pr\u00f2pia de qui se sap sempre amena\u00e7at. El so dels drons altera el comportament perqu\u00e8 \u00e9s impossible determinar a qui estan rastrejant. La pres\u00e8ncia gaireb\u00e9 cont\u00ednua de drons crea ansietat anticipat\u00f2ria, una forma de trastorn d&#8217;estr\u00e8s postreum\u00e0tic. Les \u00e0rees de rereguarda tampoc no s\u00f3n segures, ja que els drons estenen les zones de perill m\u00e9s enll\u00e0 de l&#8217;abast de l&#8217;artilleria. Les unitats log\u00edstiques queden immobilitats i no poden fer els subministraments ni evacuar els ferits&#8221;, explica l&#8217;expert en un article amb clara vocaci\u00f3 divulgadora.<\/p>\n<p>Per a Garc\u00eda Riesco, una altra dimensi\u00f3 rellevant d&#8217;aquest armament \u00e9s la desconnexi\u00f3 f\u00edsica i emocional entre l&#8217;operador i l&#8217;objectiu. En dirigir drons des de llocs remots, els soldats poden sentir una esp\u00e8cie de deshumanitzaci\u00f3 en la seva intervenci\u00f3, comparant-ho amb la dist\u00e0ncia emocional dels videojocs. Aquella separaci\u00f3 impossibilita la comprensi\u00f3 plena de les conseq\u00fc\u00e8ncies de les seves accions, el que pot generar sentiments de culpa o angoixa.<\/p>\n<p><img loading=\"lazy\" decoding=\"async\" class=\"wp-image-168224 size-full alignright\" src=\"https:\/\/raed.academy\/wp-content\/uploads\/2025\/09\/dron-de-combate-avion-militar-CC0-pxhere.com-1.67.webp\" sizes=\"(max-width: 600px) 100vw, 600px\" srcset=\"https:\/\/raed.academy\/wp-content\/uploads\/2025\/09\/dron-de-combate-avion-militar-CC0-pxhere.com-1.67.webp 600w, https:\/\/raed.academy\/wp-content\/uploads\/2025\/09\/dron-de-combate-avion-militar-CC0-pxhere.com-1.67-440x264.webp 440w\" alt=\"\" width=\"600\" height=\"360\" aria-describedby=\"caption-attachment-168224\" \/>Finalment, es planteja que els aven\u00e7os tecnol\u00f2gics en armament requereixen una revisi\u00f3 \u00e8tica urgent del concepte cl\u00e0ssic de moral de combat. La guerra contempor\u00e0nia, amb la seva desvinculaci\u00f3 f\u00edsica entre agressor i agredit, posa en dubte valors militars tradicionals; el text crida a reflexionar sobre com preservar els principis \u00e8tics en conflictes en els quals la precisi\u00f3 tecnol\u00f2gica conviu amb el terror invisible.<\/p>\n<p>&#8220;Els drons creen una constant ansietat que erosiona substancialment la moral de combat dels atacats, per la qual cosa un primer pas imprescindible \u00e9s disposar d&#8217;una defensa a\u00e8ria fiable i de cert domini de l&#8217;espectre electromagn\u00e8tic. Sense protecci\u00f3, en la l\u00ednia del front els soldats no veuen el dron ni s\u00f3n capa\u00e7os de fer-lo caure abans del mortal atac; tampoc no poden sortir dels seus b\u00fanquers. A les ciutats, el so dels eixams terroritza una poblaci\u00f3 que passa les nits en refugis improvisats. Els operadors de drons, en romandre desconnectats de l&#8217;enemic, es deshumanitzen fins al punt de considerar que hi s\u00f3n al m\u00f3n fictici del videojoc, el que afecta la seva moral i suggereix que les noves tecnologies canvien el sistema de valors militars de manera que fan que l&#8217;\u00e8tica militar tradicional sigui inaplicable&#8221;, conclou Garc\u00eda Riesco.<\/p>\n<h2><a href=\"https:\/\/lacritica.eu\/noticia\/3912\/nuestras-firmas\/drones-y-moral-de-combate.html\" target=\"_blank\" rel=\"noopener\">Llegiu l&#8217;article<\/a><\/h2>\n","protected":false},"excerpt":{"rendered":"<p>Jes\u00fas Alberto Garc\u00eda Riesco exposa, a &#8220;Drones y moral de combate&#8221;, com aquestes naus no tripulades de petites dimensions per\u00f2 notable poder ofensiu han canviat la manera de fer la guerra convencional, fet que suposa un terrible cop a la moral de combat de l&#8217;adversari.<\/p>\n","protected":false},"author":12,"featured_media":168225,"comment_status":"closed","ping_status":"closed","sticky":false,"template":"","format":"standard","meta":{"_et_pb_use_builder":"","_et_pb_old_content":"","_et_gb_content_width":"","footnotes":""},"categories":[380,242,451,354],"tags":[],"class_list":["post-168342","post","type-post","status-publish","format-standard","has-post-thumbnail","hentry","category-conflictes-bellics","category-categ-historia","category-psicologia-ca","category-tecnologies-de-la-informacio-i-de-la-comunicacio","et-has-post-format-content","et_post_format-et-post-format-standard"],"yoast_head":"<!-- This site is optimized with the Yoast SEO plugin v27.5 - https:\/\/yoast.com\/product\/yoast-seo-wordpress\/ -->\n<title>El poder dels drons al camp de batalla - Reial Acad\u00e8mia Europea de Doctors<\/title>\n<meta name=\"description\" content=\"Com els dons han canviat la manera de fer la guerra convencional, i aix\u00f2 ha suposat un cop terrible a la moral de combat de l&#039;adversari\" \/>\n<meta name=\"robots\" content=\"index, follow, max-snippet:-1, max-image-preview:large, max-video-preview:-1\" \/>\n<link rel=\"canonical\" href=\"https:\/\/raed.academy\/ca\/el-poder-dels-drons-al-camp-de-batalla\/\" \/>\n<meta property=\"og:locale\" content=\"ca_ES\" \/>\n<meta property=\"og:type\" content=\"article\" \/>\n<meta property=\"og:title\" content=\"El poder dels drons al camp de batalla - Reial Acad\u00e8mia Europea de Doctors\" \/>\n<meta property=\"og:description\" content=\"Com els dons han canviat la manera de fer la guerra convencional, i aix\u00f2 ha suposat un cop terrible a la moral de combat de l&#039;adversari\" \/>\n<meta property=\"og:url\" content=\"https:\/\/raed.academy\/ca\/el-poder-dels-drons-al-camp-de-batalla\/\" \/>\n<meta property=\"og:site_name\" content=\"Reial Acad\u00e8mia Europea de Doctors\" \/>\n<meta property=\"article:publisher\" content=\"http:\/\/fb.me\/raed.academy\" \/>\n<meta property=\"article:published_time\" content=\"2025-09-19T13:38:37+00:00\" \/>\n<meta property=\"og:image\" content=\"https:\/\/raed.academy\/wp-content\/uploads\/2025\/09\/dron-de-combate-avion-militar-CC0-pxhere.com-1.67.webp\" \/>\n\t<meta property=\"og:image:width\" content=\"600\" \/>\n\t<meta property=\"og:image:height\" content=\"360\" \/>\n\t<meta property=\"og:image:type\" content=\"image\/webp\" \/>\n<meta name=\"author\" content=\"RAED\" \/>\n<meta name=\"twitter:card\" content=\"summary_large_image\" \/>\n<meta name=\"twitter:creator\" content=\"@raedacademy\" \/>\n<meta name=\"twitter:site\" content=\"@raedacademy\" \/>\n<meta name=\"twitter:label1\" content=\"Written by\" \/>\n\t<meta name=\"twitter:data1\" content=\"RAED\" \/>\n\t<meta name=\"twitter:label2\" content=\"Est. reading time\" \/>\n\t<meta name=\"twitter:data2\" content=\"3 minutes\" \/>\n<script type=\"application\/ld+json\" class=\"yoast-schema-graph\">{\"@context\":\"https:\\\/\\\/schema.org\",\"@graph\":[{\"@type\":\"Article\",\"@id\":\"https:\\\/\\\/raed.academy\\\/ca\\\/el-poder-dels-drons-al-camp-de-batalla\\\/#article\",\"isPartOf\":{\"@id\":\"https:\\\/\\\/raed.academy\\\/ca\\\/el-poder-dels-drons-al-camp-de-batalla\\\/\"},\"author\":{\"name\":\"RAED\",\"@id\":\"https:\\\/\\\/raed.academy\\\/ca\\\/#\\\/schema\\\/person\\\/5a755da80d1d979fd66ba745c8702927\"},\"headline\":\"El poder dels drons al camp de batalla\",\"datePublished\":\"2025-09-19T13:38:37+00:00\",\"mainEntityOfPage\":{\"@id\":\"https:\\\/\\\/raed.academy\\\/ca\\\/el-poder-dels-drons-al-camp-de-batalla\\\/\"},\"wordCount\":564,\"publisher\":{\"@id\":\"https:\\\/\\\/raed.academy\\\/ca\\\/#organization\"},\"image\":{\"@id\":\"https:\\\/\\\/raed.academy\\\/ca\\\/el-poder-dels-drons-al-camp-de-batalla\\\/#primaryimage\"},\"thumbnailUrl\":\"https:\\\/\\\/raed.academy\\\/wp-content\\\/uploads\\\/2025\\\/09\\\/dron-de-combate-avion-militar-CC0-pxhere.com-1.67.webp\",\"articleSection\":[\"Conflictes b\u00e8l\u00b7lics\",\"Hist\u00f2ria\",\"Psicologia\",\"Tecnologies de la informaci\u00f3 i de la comunicaci\u00f3\"],\"inLanguage\":\"ca-ES\"},{\"@type\":\"WebPage\",\"@id\":\"https:\\\/\\\/raed.academy\\\/ca\\\/el-poder-dels-drons-al-camp-de-batalla\\\/\",\"url\":\"https:\\\/\\\/raed.academy\\\/ca\\\/el-poder-dels-drons-al-camp-de-batalla\\\/\",\"name\":\"El poder dels drons al camp de batalla - Reial Acad\u00e8mia Europea de Doctors\",\"isPartOf\":{\"@id\":\"https:\\\/\\\/raed.academy\\\/ca\\\/#website\"},\"primaryImageOfPage\":{\"@id\":\"https:\\\/\\\/raed.academy\\\/ca\\\/el-poder-dels-drons-al-camp-de-batalla\\\/#primaryimage\"},\"image\":{\"@id\":\"https:\\\/\\\/raed.academy\\\/ca\\\/el-poder-dels-drons-al-camp-de-batalla\\\/#primaryimage\"},\"thumbnailUrl\":\"https:\\\/\\\/raed.academy\\\/wp-content\\\/uploads\\\/2025\\\/09\\\/dron-de-combate-avion-militar-CC0-pxhere.com-1.67.webp\",\"datePublished\":\"2025-09-19T13:38:37+00:00\",\"description\":\"Com els dons han canviat la manera de fer la guerra convencional, i aix\u00f2 ha suposat un cop terrible a la moral de combat de l'adversari\",\"breadcrumb\":{\"@id\":\"https:\\\/\\\/raed.academy\\\/ca\\\/el-poder-dels-drons-al-camp-de-batalla\\\/#breadcrumb\"},\"inLanguage\":\"ca-ES\",\"potentialAction\":[{\"@type\":\"ReadAction\",\"target\":[\"https:\\\/\\\/raed.academy\\\/ca\\\/el-poder-dels-drons-al-camp-de-batalla\\\/\"]}]},{\"@type\":\"ImageObject\",\"inLanguage\":\"ca-ES\",\"@id\":\"https:\\\/\\\/raed.academy\\\/ca\\\/el-poder-dels-drons-al-camp-de-batalla\\\/#primaryimage\",\"url\":\"https:\\\/\\\/raed.academy\\\/wp-content\\\/uploads\\\/2025\\\/09\\\/dron-de-combate-avion-militar-CC0-pxhere.com-1.67.webp\",\"contentUrl\":\"https:\\\/\\\/raed.academy\\\/wp-content\\\/uploads\\\/2025\\\/09\\\/dron-de-combate-avion-militar-CC0-pxhere.com-1.67.webp\",\"width\":600,\"height\":360},{\"@type\":\"BreadcrumbList\",\"@id\":\"https:\\\/\\\/raed.academy\\\/ca\\\/el-poder-dels-drons-al-camp-de-batalla\\\/#breadcrumb\",\"itemListElement\":[{\"@type\":\"ListItem\",\"position\":1,\"name\":\"Inicio\",\"item\":\"https:\\\/\\\/raed.academy\\\/ca\\\/\"},{\"@type\":\"ListItem\",\"position\":2,\"name\":\"El poder dels drons al camp de batalla\"}]},{\"@type\":\"WebSite\",\"@id\":\"https:\\\/\\\/raed.academy\\\/ca\\\/#website\",\"url\":\"https:\\\/\\\/raed.academy\\\/ca\\\/\",\"name\":\"Reial Acad\u00e8mia Europea de Doctors\",\"description\":\"Corporaci\u00f3n de derecho p\u00fablico de car\u00e1cter cient\u00edfico, t\u00e9cnico y art\u00edstico, que tiene por objeto la investigaci\u00f3n, el estudio, el fomento y la extensi\u00f3n del conocimiento en su sentido m\u00e1s amplio\",\"publisher\":{\"@id\":\"https:\\\/\\\/raed.academy\\\/ca\\\/#organization\"},\"potentialAction\":[{\"@type\":\"SearchAction\",\"target\":{\"@type\":\"EntryPoint\",\"urlTemplate\":\"https:\\\/\\\/raed.academy\\\/ca\\\/?s={search_term_string}\"},\"query-input\":{\"@type\":\"PropertyValueSpecification\",\"valueRequired\":true,\"valueName\":\"search_term_string\"}}],\"inLanguage\":\"ca-ES\"},{\"@type\":\"Organization\",\"@id\":\"https:\\\/\\\/raed.academy\\\/ca\\\/#organization\",\"name\":\"Real Academia Europea de Doctores\",\"url\":\"https:\\\/\\\/raed.academy\\\/ca\\\/\",\"logo\":{\"@type\":\"ImageObject\",\"inLanguage\":\"ca-ES\",\"@id\":\"https:\\\/\\\/raed.academy\\\/ca\\\/#\\\/schema\\\/logo\\\/image\\\/\",\"url\":\"https:\\\/\\\/raed.academy\\\/wp-content\\\/uploads\\\/2017\\\/01\\\/cropped-logo_raed.png\",\"contentUrl\":\"https:\\\/\\\/raed.academy\\\/wp-content\\\/uploads\\\/2017\\\/01\\\/cropped-logo_raed.png\",\"width\":512,\"height\":512,\"caption\":\"Real Academia Europea de Doctores\"},\"image\":{\"@id\":\"https:\\\/\\\/raed.academy\\\/ca\\\/#\\\/schema\\\/logo\\\/image\\\/\"},\"sameAs\":[\"http:\\\/\\\/fb.me\\\/raed.academy\",\"https:\\\/\\\/x.com\\\/raedacademy\",\"https:\\\/\\\/www.instagram.com\\\/raed.academy\\\/\",\"https:\\\/\\\/www.youtube.com\\\/channel\\\/UCUYQwW2KrdirNWihxMDObwg\"]},{\"@type\":\"Person\",\"@id\":\"https:\\\/\\\/raed.academy\\\/ca\\\/#\\\/schema\\\/person\\\/5a755da80d1d979fd66ba745c8702927\",\"name\":\"RAED\",\"image\":{\"@type\":\"ImageObject\",\"inLanguage\":\"ca-ES\",\"@id\":\"https:\\\/\\\/secure.gravatar.com\\\/avatar\\\/19fdfdc0d67fb9c45714b703a2ac82251c4fcea3637f002ac3c9b74c0183583c?s=96&d=mm&r=g\",\"url\":\"https:\\\/\\\/secure.gravatar.com\\\/avatar\\\/19fdfdc0d67fb9c45714b703a2ac82251c4fcea3637f002ac3c9b74c0183583c?s=96&d=mm&r=g\",\"contentUrl\":\"https:\\\/\\\/secure.gravatar.com\\\/avatar\\\/19fdfdc0d67fb9c45714b703a2ac82251c4fcea3637f002ac3c9b74c0183583c?s=96&d=mm&r=g\",\"caption\":\"RAED\"}}]}<\/script>\n<!-- \/ Yoast SEO plugin. -->","yoast_head_json":{"title":"El poder dels drons al camp de batalla - Reial Acad\u00e8mia Europea de Doctors","description":"Com els dons han canviat la manera de fer la guerra convencional, i aix\u00f2 ha suposat un cop terrible a la moral de combat de l'adversari","robots":{"index":"index","follow":"follow","max-snippet":"max-snippet:-1","max-image-preview":"max-image-preview:large","max-video-preview":"max-video-preview:-1"},"canonical":"https:\/\/raed.academy\/ca\/el-poder-dels-drons-al-camp-de-batalla\/","og_locale":"ca_ES","og_type":"article","og_title":"El poder dels drons al camp de batalla - Reial Acad\u00e8mia Europea de Doctors","og_description":"Com els dons han canviat la manera de fer la guerra convencional, i aix\u00f2 ha suposat un cop terrible a la moral de combat de l'adversari","og_url":"https:\/\/raed.academy\/ca\/el-poder-dels-drons-al-camp-de-batalla\/","og_site_name":"Reial Acad\u00e8mia Europea de Doctors","article_publisher":"http:\/\/fb.me\/raed.academy","article_published_time":"2025-09-19T13:38:37+00:00","og_image":[{"width":600,"height":360,"url":"https:\/\/raed.academy\/wp-content\/uploads\/2025\/09\/dron-de-combate-avion-militar-CC0-pxhere.com-1.67.webp","type":"image\/webp"}],"author":"RAED","twitter_card":"summary_large_image","twitter_creator":"@raedacademy","twitter_site":"@raedacademy","twitter_misc":{"Written by":"RAED","Est. reading time":"3 minutes"},"schema":{"@context":"https:\/\/schema.org","@graph":[{"@type":"Article","@id":"https:\/\/raed.academy\/ca\/el-poder-dels-drons-al-camp-de-batalla\/#article","isPartOf":{"@id":"https:\/\/raed.academy\/ca\/el-poder-dels-drons-al-camp-de-batalla\/"},"author":{"name":"RAED","@id":"https:\/\/raed.academy\/ca\/#\/schema\/person\/5a755da80d1d979fd66ba745c8702927"},"headline":"El poder dels drons al camp de batalla","datePublished":"2025-09-19T13:38:37+00:00","mainEntityOfPage":{"@id":"https:\/\/raed.academy\/ca\/el-poder-dels-drons-al-camp-de-batalla\/"},"wordCount":564,"publisher":{"@id":"https:\/\/raed.academy\/ca\/#organization"},"image":{"@id":"https:\/\/raed.academy\/ca\/el-poder-dels-drons-al-camp-de-batalla\/#primaryimage"},"thumbnailUrl":"https:\/\/raed.academy\/wp-content\/uploads\/2025\/09\/dron-de-combate-avion-militar-CC0-pxhere.com-1.67.webp","articleSection":["Conflictes b\u00e8l\u00b7lics","Hist\u00f2ria","Psicologia","Tecnologies de la informaci\u00f3 i de la comunicaci\u00f3"],"inLanguage":"ca-ES"},{"@type":"WebPage","@id":"https:\/\/raed.academy\/ca\/el-poder-dels-drons-al-camp-de-batalla\/","url":"https:\/\/raed.academy\/ca\/el-poder-dels-drons-al-camp-de-batalla\/","name":"El poder dels drons al camp de batalla - Reial Acad\u00e8mia Europea de Doctors","isPartOf":{"@id":"https:\/\/raed.academy\/ca\/#website"},"primaryImageOfPage":{"@id":"https:\/\/raed.academy\/ca\/el-poder-dels-drons-al-camp-de-batalla\/#primaryimage"},"image":{"@id":"https:\/\/raed.academy\/ca\/el-poder-dels-drons-al-camp-de-batalla\/#primaryimage"},"thumbnailUrl":"https:\/\/raed.academy\/wp-content\/uploads\/2025\/09\/dron-de-combate-avion-militar-CC0-pxhere.com-1.67.webp","datePublished":"2025-09-19T13:38:37+00:00","description":"Com els dons han canviat la manera de fer la guerra convencional, i aix\u00f2 ha suposat un cop terrible a la moral de combat de l'adversari","breadcrumb":{"@id":"https:\/\/raed.academy\/ca\/el-poder-dels-drons-al-camp-de-batalla\/#breadcrumb"},"inLanguage":"ca-ES","potentialAction":[{"@type":"ReadAction","target":["https:\/\/raed.academy\/ca\/el-poder-dels-drons-al-camp-de-batalla\/"]}]},{"@type":"ImageObject","inLanguage":"ca-ES","@id":"https:\/\/raed.academy\/ca\/el-poder-dels-drons-al-camp-de-batalla\/#primaryimage","url":"https:\/\/raed.academy\/wp-content\/uploads\/2025\/09\/dron-de-combate-avion-militar-CC0-pxhere.com-1.67.webp","contentUrl":"https:\/\/raed.academy\/wp-content\/uploads\/2025\/09\/dron-de-combate-avion-militar-CC0-pxhere.com-1.67.webp","width":600,"height":360},{"@type":"BreadcrumbList","@id":"https:\/\/raed.academy\/ca\/el-poder-dels-drons-al-camp-de-batalla\/#breadcrumb","itemListElement":[{"@type":"ListItem","position":1,"name":"Inicio","item":"https:\/\/raed.academy\/ca\/"},{"@type":"ListItem","position":2,"name":"El poder dels drons al camp de batalla"}]},{"@type":"WebSite","@id":"https:\/\/raed.academy\/ca\/#website","url":"https:\/\/raed.academy\/ca\/","name":"Reial Acad\u00e8mia Europea de Doctors","description":"Corporaci\u00f3n de derecho p\u00fablico de car\u00e1cter cient\u00edfico, t\u00e9cnico y art\u00edstico, que tiene por objeto la investigaci\u00f3n, el estudio, el fomento y la extensi\u00f3n del conocimiento en su sentido m\u00e1s amplio","publisher":{"@id":"https:\/\/raed.academy\/ca\/#organization"},"potentialAction":[{"@type":"SearchAction","target":{"@type":"EntryPoint","urlTemplate":"https:\/\/raed.academy\/ca\/?s={search_term_string}"},"query-input":{"@type":"PropertyValueSpecification","valueRequired":true,"valueName":"search_term_string"}}],"inLanguage":"ca-ES"},{"@type":"Organization","@id":"https:\/\/raed.academy\/ca\/#organization","name":"Real Academia Europea de Doctores","url":"https:\/\/raed.academy\/ca\/","logo":{"@type":"ImageObject","inLanguage":"ca-ES","@id":"https:\/\/raed.academy\/ca\/#\/schema\/logo\/image\/","url":"https:\/\/raed.academy\/wp-content\/uploads\/2017\/01\/cropped-logo_raed.png","contentUrl":"https:\/\/raed.academy\/wp-content\/uploads\/2017\/01\/cropped-logo_raed.png","width":512,"height":512,"caption":"Real Academia Europea de Doctores"},"image":{"@id":"https:\/\/raed.academy\/ca\/#\/schema\/logo\/image\/"},"sameAs":["http:\/\/fb.me\/raed.academy","https:\/\/x.com\/raedacademy","https:\/\/www.instagram.com\/raed.academy\/","https:\/\/www.youtube.com\/channel\/UCUYQwW2KrdirNWihxMDObwg"]},{"@type":"Person","@id":"https:\/\/raed.academy\/ca\/#\/schema\/person\/5a755da80d1d979fd66ba745c8702927","name":"RAED","image":{"@type":"ImageObject","inLanguage":"ca-ES","@id":"https:\/\/secure.gravatar.com\/avatar\/19fdfdc0d67fb9c45714b703a2ac82251c4fcea3637f002ac3c9b74c0183583c?s=96&d=mm&r=g","url":"https:\/\/secure.gravatar.com\/avatar\/19fdfdc0d67fb9c45714b703a2ac82251c4fcea3637f002ac3c9b74c0183583c?s=96&d=mm&r=g","contentUrl":"https:\/\/secure.gravatar.com\/avatar\/19fdfdc0d67fb9c45714b703a2ac82251c4fcea3637f002ac3c9b74c0183583c?s=96&d=mm&r=g","caption":"RAED"}}]}},"_links":{"self":[{"href":"https:\/\/raed.academy\/ca\/wp-json\/wp\/v2\/posts\/168342","targetHints":{"allow":["GET"]}}],"collection":[{"href":"https:\/\/raed.academy\/ca\/wp-json\/wp\/v2\/posts"}],"about":[{"href":"https:\/\/raed.academy\/ca\/wp-json\/wp\/v2\/types\/post"}],"author":[{"embeddable":true,"href":"https:\/\/raed.academy\/ca\/wp-json\/wp\/v2\/users\/12"}],"replies":[{"embeddable":true,"href":"https:\/\/raed.academy\/ca\/wp-json\/wp\/v2\/comments?post=168342"}],"version-history":[{"count":3,"href":"https:\/\/raed.academy\/ca\/wp-json\/wp\/v2\/posts\/168342\/revisions"}],"predecessor-version":[{"id":168391,"href":"https:\/\/raed.academy\/ca\/wp-json\/wp\/v2\/posts\/168342\/revisions\/168391"}],"wp:featuredmedia":[{"embeddable":true,"href":"https:\/\/raed.academy\/ca\/wp-json\/wp\/v2\/media\/168225"}],"wp:attachment":[{"href":"https:\/\/raed.academy\/ca\/wp-json\/wp\/v2\/media?parent=168342"}],"wp:term":[{"taxonomy":"category","embeddable":true,"href":"https:\/\/raed.academy\/ca\/wp-json\/wp\/v2\/categories?post=168342"},{"taxonomy":"post_tag","embeddable":true,"href":"https:\/\/raed.academy\/ca\/wp-json\/wp\/v2\/tags?post=168342"}],"curies":[{"name":"wp","href":"https:\/\/api.w.org\/{rel}","templated":true}]}}