{"id":167099,"date":"2025-08-11T13:37:55","date_gmt":"2025-08-11T13:37:55","guid":{"rendered":"https:\/\/raed.academy\/?p=167099"},"modified":"2025-08-11T13:37:55","modified_gmt":"2025-08-11T13:37:55","slug":"el-bon-menjar-i-el-bon-saber","status":"publish","type":"post","link":"https:\/\/raed.academy\/ca\/el-bon-menjar-i-el-bon-saber\/","title":{"rendered":"El bon menjar i el bon saber"},"content":{"rendered":"<div id=\"attachment_154802\" style=\"width: 287px\" class=\"wp-caption alignleft\"><img loading=\"lazy\" decoding=\"async\" aria-describedby=\"caption-attachment-154802\" class=\"wp-image-154802\" src=\"https:\/\/raed.academy\/wp-content\/uploads\/2024\/11\/Sara-Castellvi-de-Simon.webp\" alt=\"Sara Castellv\u00ed\" width=\"277\" height=\"416\" aria-describedby=\"caption-attachment-154802\" \/><p id=\"caption-attachment-154802\" class=\"wp-caption-text\">Sara Castellv\u00ed<\/p><\/div>\n<p><strong>Sara Castellv\u00ed<\/strong>, acad\u00e8mica numer\u00e0ria de l&#8217;<strong>Acad\u00e8mia Catalana de Gastronomia i Nutrici\u00f3<\/strong> i col\u00b7laboradora de la <strong>Reial Acad\u00e8mia Europea de Doctors<\/strong> (RAED), va presentar el mes de juliol passat el catorz\u00e8 lliurament de l&#8217;obra <strong>&#8220;El buen comer. Apuntes hist\u00f3ricos y culturales&#8221;<\/strong>, on recull les \u00faltimes publicacions del seu popular <a href=\"https:\/\/elbloggastronomicodesara.blogspot.com\/\" target=\"_blank\" rel=\"noopener\"><strong>Blog Gastron\u00f3mico de Sara<\/strong><\/a>, dedicat, m\u00e9s que a receptes, a la hist\u00f2ria i a les viv\u00e8ncies gastron\u00f2miques. Un llibre que se suma a tres obres de refer\u00e8ncia m\u00e9s en la mat\u00e8ria: <strong>&#8220;Perlas gastron\u00f3micas. Nombres propios en el buen comer&#8221;<\/strong>, <strong>&#8220;Porc, porc ib\u00e8ric i tipus de pernil. Hist\u00f2ria, crian\u00e7a i elaboraci\u00f3&#8221;<\/strong> i <strong>&#8220;Vinos dulces del mundo y cuatro quesos azules&#8221;<\/strong>. Actualment, l&#8217;experta est\u00e0 preparant dos llibres m\u00e9s que aborden altres aspectes de la gastronomia: sobre salses i sobre sopes del m\u00f3n.<\/p>\n<p>En aquest lliurament, Castellv\u00ed aborda al llarg de m\u00e9s de 500 p\u00e0gines des de receptes que converteix la triperia en una exquisidesa com els pedrers amb card a la M\u00e9diel o els secrets i conservaci\u00f3 dels populars tom\u00e0quets de penjar, als \u00faltims moviments als restaurants de refer\u00e8ncia de Barcelona, on dinar a Girona o Tarragona o descobrir els millors restaurants parisencs que no sempre apareixen en les guies gastron\u00f2miques.<\/p>\n<p><img loading=\"lazy\" decoding=\"async\" class=\" wp-image-134044 alignright\" src=\"https:\/\/raed.academy\/wp-content\/uploads\/2023\/06\/Nutricion-Gastronomia-Alianza-de-Exito-Licencia-Pixabay-DST.webp\" sizes=\"(max-width: 558px) 100vw, 558px\" srcset=\"https:\/\/raed.academy\/wp-content\/uploads\/2023\/06\/Nutricion-Gastronomia-Alianza-de-Exito-Licencia-Pixabay-DST.webp 600w, https:\/\/raed.academy\/wp-content\/uploads\/2023\/06\/Nutricion-Gastronomia-Alianza-de-Exito-Licencia-Pixabay-DST-440x264.webp 440w\" alt=\"\" width=\"558\" height=\"334\" \/>Aix\u00ed mateix, convida el lector a visitar la poc coneguda Fiesta de les Cebolles Rellenes d&#8217;Ast\u00faries, les encara menys conegudes festes de l&#8217;absenta, el Festival de la Lavanda de Brihuega, el llet\u00f3 xurro de Pal\u00e8ncia o fer la vista enrere per endinsar-se a l\u2019antiga cuina de la Lliga Hanse\u00e0tica o degustar els pebrots de Torquemada. A m\u00e9s d&#8217;oferir savis consells per gaudir dels vins d&#8217;It\u00e0lia o Austr\u00e0lia, del vi dol\u00e7 de Lanzarote, dels diferents tipus d&#8217;amaretto o de les begudes espirituoses mexicanes m\u00e9s enll\u00e0 del tequila.<\/p>\n<p>Historiadora i divulgadora, Castellv\u00ed \u00e9s tamb\u00e9 membre corresponent de l&#8217;<strong>Acad\u00e8mia Gastron\u00f2mica de M\u00e0laga<\/strong>, pertany a la <strong>Confraria de Cavallers del Tastevin de Borgonya<\/strong> i \u00e9s comanadora de la<strong> Comand\u00e0ncia del Vi de Bordeus<\/strong>. Va n\u00e9ixer i viu a Barcelona, t\u00e9 quatre fills m\u00e8dics -un d&#8217;ells, l&#8217;acad\u00e8mic numerari de la RAED <a href=\"https:\/\/raed.academy\/ca\/academics\/dr-jose-maria-simon-castellvi\/\" target=\"_blank\" rel=\"noopener\"><em><strong>Jos\u00e9 Mar\u00eda Sim\u00f3n Castellv\u00ed<\/strong><\/em><\/a>-, parla sis idiomes i les seves grans aficions s\u00f3n la fam\u00edlia, la lectura i la cuina. Li interessa especialment la hist\u00f2ria de l&#8217;art culinari i del bon menjar. Li agrada comunicar el que els bons vins i les viandes exquisides poden aconseguir tant gastron\u00f2micament com socialment, sense oblidar-se de la salut.<\/p>\n","protected":false},"excerpt":{"rendered":"<p>Sara Castellv\u00ed recull les \u00faltimes publicacions del seu popular Blog Gastron\u00f2mic de Sara, a la catorzena entrega de l&#8217;obra &#8220;El buen comer. Apuntes hist\u00f3ricos y culturales&#8221;<\/p>\n","protected":false},"author":12,"featured_media":134045,"comment_status":"closed","ping_status":"closed","sticky":false,"template":"","format":"standard","meta":{"_et_pb_use_builder":"","_et_pb_old_content":"","_et_gb_content_width":"","footnotes":""},"categories":[347,242],"tags":[],"class_list":["post-167099","post","type-post","status-publish","format-standard","has-post-thumbnail","hentry","category-gastronomia-ca","category-categ-historia","et-has-post-format-content","et_post_format-et-post-format-standard"],"yoast_head":"<!-- This site is optimized with the Yoast SEO plugin v27.4 - https:\/\/yoast.com\/product\/yoast-seo-wordpress\/ -->\n<title>El bon menjar i el bon saber - Reial Acad\u00e8mia Europea de Doctors<\/title>\n<meta name=\"description\" content=\"Sara Castellv\u00ed recull les \u00faltimes publicacions del seu popular Blog Gastron\u00f2mic de Sara, a l&#039;obra &quot;El buen comer. Apuntes hist\u00f3ricos y culturales&quot;\" \/>\n<meta name=\"robots\" content=\"index, follow, max-snippet:-1, max-image-preview:large, max-video-preview:-1\" \/>\n<link rel=\"canonical\" href=\"https:\/\/raed.academy\/ca\/el-bon-menjar-i-el-bon-saber\/\" \/>\n<meta property=\"og:locale\" content=\"ca_ES\" \/>\n<meta property=\"og:type\" content=\"article\" \/>\n<meta property=\"og:title\" content=\"El bon menjar i el bon saber - Reial Acad\u00e8mia Europea de Doctors\" \/>\n<meta property=\"og:description\" content=\"Sara Castellv\u00ed recull les \u00faltimes publicacions del seu popular Blog Gastron\u00f2mic de Sara, a l&#039;obra &quot;El buen comer. Apuntes hist\u00f3ricos y culturales&quot;\" \/>\n<meta property=\"og:url\" content=\"https:\/\/raed.academy\/ca\/el-bon-menjar-i-el-bon-saber\/\" \/>\n<meta property=\"og:site_name\" content=\"Reial Acad\u00e8mia Europea de Doctors\" \/>\n<meta property=\"article:publisher\" content=\"http:\/\/fb.me\/raed.academy\" \/>\n<meta property=\"article:published_time\" content=\"2025-08-11T13:37:55+00:00\" \/>\n<meta property=\"og:image\" content=\"https:\/\/raed.academy\/wp-content\/uploads\/2023\/06\/Nutricion-Gastronomia-Alianza-de-Exito-Licencia-Pixabay-DST.webp\" \/>\n\t<meta property=\"og:image:width\" content=\"600\" \/>\n\t<meta property=\"og:image:height\" content=\"359\" \/>\n\t<meta property=\"og:image:type\" content=\"image\/webp\" \/>\n<meta name=\"author\" content=\"RAED\" \/>\n<meta name=\"twitter:card\" content=\"summary_large_image\" \/>\n<meta name=\"twitter:creator\" content=\"@raedacademy\" \/>\n<meta name=\"twitter:site\" content=\"@raedacademy\" \/>\n<meta name=\"twitter:label1\" content=\"Written by\" \/>\n\t<meta name=\"twitter:data1\" content=\"RAED\" \/>\n\t<meta name=\"twitter:label2\" content=\"Est. reading time\" \/>\n\t<meta name=\"twitter:data2\" content=\"3 minutes\" \/>\n<script type=\"application\/ld+json\" class=\"yoast-schema-graph\">{\"@context\":\"https:\\\/\\\/schema.org\",\"@graph\":[{\"@type\":\"Article\",\"@id\":\"https:\\\/\\\/raed.academy\\\/ca\\\/el-bon-menjar-i-el-bon-saber\\\/#article\",\"isPartOf\":{\"@id\":\"https:\\\/\\\/raed.academy\\\/ca\\\/el-bon-menjar-i-el-bon-saber\\\/\"},\"author\":{\"name\":\"RAED\",\"@id\":\"https:\\\/\\\/raed.academy\\\/ca\\\/#\\\/schema\\\/person\\\/5a755da80d1d979fd66ba745c8702927\"},\"headline\":\"El bon menjar i el bon saber\",\"datePublished\":\"2025-08-11T13:37:55+00:00\",\"mainEntityOfPage\":{\"@id\":\"https:\\\/\\\/raed.academy\\\/ca\\\/el-bon-menjar-i-el-bon-saber\\\/\"},\"wordCount\":463,\"publisher\":{\"@id\":\"https:\\\/\\\/raed.academy\\\/ca\\\/#organization\"},\"image\":{\"@id\":\"https:\\\/\\\/raed.academy\\\/ca\\\/el-bon-menjar-i-el-bon-saber\\\/#primaryimage\"},\"thumbnailUrl\":\"https:\\\/\\\/raed.academy\\\/wp-content\\\/uploads\\\/2023\\\/06\\\/Nutricion-Gastronomia-Alianza-de-Exito-Licencia-Pixabay-DST.webp\",\"articleSection\":[\"Gastronomia\",\"Hist\u00f2ria\"],\"inLanguage\":\"ca-ES\"},{\"@type\":\"WebPage\",\"@id\":\"https:\\\/\\\/raed.academy\\\/ca\\\/el-bon-menjar-i-el-bon-saber\\\/\",\"url\":\"https:\\\/\\\/raed.academy\\\/ca\\\/el-bon-menjar-i-el-bon-saber\\\/\",\"name\":\"El bon menjar i el bon saber - Reial Acad\u00e8mia Europea de Doctors\",\"isPartOf\":{\"@id\":\"https:\\\/\\\/raed.academy\\\/ca\\\/#website\"},\"primaryImageOfPage\":{\"@id\":\"https:\\\/\\\/raed.academy\\\/ca\\\/el-bon-menjar-i-el-bon-saber\\\/#primaryimage\"},\"image\":{\"@id\":\"https:\\\/\\\/raed.academy\\\/ca\\\/el-bon-menjar-i-el-bon-saber\\\/#primaryimage\"},\"thumbnailUrl\":\"https:\\\/\\\/raed.academy\\\/wp-content\\\/uploads\\\/2023\\\/06\\\/Nutricion-Gastronomia-Alianza-de-Exito-Licencia-Pixabay-DST.webp\",\"datePublished\":\"2025-08-11T13:37:55+00:00\",\"description\":\"Sara Castellv\u00ed recull les \u00faltimes publicacions del seu popular Blog Gastron\u00f2mic de Sara, a l'obra \\\"El buen comer. Apuntes hist\u00f3ricos y culturales\\\"\",\"breadcrumb\":{\"@id\":\"https:\\\/\\\/raed.academy\\\/ca\\\/el-bon-menjar-i-el-bon-saber\\\/#breadcrumb\"},\"inLanguage\":\"ca-ES\",\"potentialAction\":[{\"@type\":\"ReadAction\",\"target\":[\"https:\\\/\\\/raed.academy\\\/ca\\\/el-bon-menjar-i-el-bon-saber\\\/\"]}]},{\"@type\":\"ImageObject\",\"inLanguage\":\"ca-ES\",\"@id\":\"https:\\\/\\\/raed.academy\\\/ca\\\/el-bon-menjar-i-el-bon-saber\\\/#primaryimage\",\"url\":\"https:\\\/\\\/raed.academy\\\/wp-content\\\/uploads\\\/2023\\\/06\\\/Nutricion-Gastronomia-Alianza-de-Exito-Licencia-Pixabay-DST.webp\",\"contentUrl\":\"https:\\\/\\\/raed.academy\\\/wp-content\\\/uploads\\\/2023\\\/06\\\/Nutricion-Gastronomia-Alianza-de-Exito-Licencia-Pixabay-DST.webp\",\"width\":600,\"height\":359},{\"@type\":\"BreadcrumbList\",\"@id\":\"https:\\\/\\\/raed.academy\\\/ca\\\/el-bon-menjar-i-el-bon-saber\\\/#breadcrumb\",\"itemListElement\":[{\"@type\":\"ListItem\",\"position\":1,\"name\":\"Inicio\",\"item\":\"https:\\\/\\\/raed.academy\\\/ca\\\/\"},{\"@type\":\"ListItem\",\"position\":2,\"name\":\"El bon menjar i el bon saber\"}]},{\"@type\":\"WebSite\",\"@id\":\"https:\\\/\\\/raed.academy\\\/ca\\\/#website\",\"url\":\"https:\\\/\\\/raed.academy\\\/ca\\\/\",\"name\":\"Reial Acad\u00e8mia Europea de Doctors\",\"description\":\"Corporaci\u00f3n de derecho p\u00fablico de car\u00e1cter cient\u00edfico, t\u00e9cnico y art\u00edstico, que tiene por objeto la investigaci\u00f3n, el estudio, el fomento y la extensi\u00f3n del conocimiento en su sentido m\u00e1s amplio\",\"publisher\":{\"@id\":\"https:\\\/\\\/raed.academy\\\/ca\\\/#organization\"},\"potentialAction\":[{\"@type\":\"SearchAction\",\"target\":{\"@type\":\"EntryPoint\",\"urlTemplate\":\"https:\\\/\\\/raed.academy\\\/ca\\\/?s={search_term_string}\"},\"query-input\":{\"@type\":\"PropertyValueSpecification\",\"valueRequired\":true,\"valueName\":\"search_term_string\"}}],\"inLanguage\":\"ca-ES\"},{\"@type\":\"Organization\",\"@id\":\"https:\\\/\\\/raed.academy\\\/ca\\\/#organization\",\"name\":\"Real Academia Europea de Doctores\",\"url\":\"https:\\\/\\\/raed.academy\\\/ca\\\/\",\"logo\":{\"@type\":\"ImageObject\",\"inLanguage\":\"ca-ES\",\"@id\":\"https:\\\/\\\/raed.academy\\\/ca\\\/#\\\/schema\\\/logo\\\/image\\\/\",\"url\":\"https:\\\/\\\/raed.academy\\\/wp-content\\\/uploads\\\/2017\\\/01\\\/cropped-logo_raed.png\",\"contentUrl\":\"https:\\\/\\\/raed.academy\\\/wp-content\\\/uploads\\\/2017\\\/01\\\/cropped-logo_raed.png\",\"width\":512,\"height\":512,\"caption\":\"Real Academia Europea de Doctores\"},\"image\":{\"@id\":\"https:\\\/\\\/raed.academy\\\/ca\\\/#\\\/schema\\\/logo\\\/image\\\/\"},\"sameAs\":[\"http:\\\/\\\/fb.me\\\/raed.academy\",\"https:\\\/\\\/x.com\\\/raedacademy\",\"https:\\\/\\\/www.instagram.com\\\/raed.academy\\\/\",\"https:\\\/\\\/www.youtube.com\\\/channel\\\/UCUYQwW2KrdirNWihxMDObwg\"]},{\"@type\":\"Person\",\"@id\":\"https:\\\/\\\/raed.academy\\\/ca\\\/#\\\/schema\\\/person\\\/5a755da80d1d979fd66ba745c8702927\",\"name\":\"RAED\",\"image\":{\"@type\":\"ImageObject\",\"inLanguage\":\"ca-ES\",\"@id\":\"https:\\\/\\\/secure.gravatar.com\\\/avatar\\\/19fdfdc0d67fb9c45714b703a2ac82251c4fcea3637f002ac3c9b74c0183583c?s=96&d=mm&r=g\",\"url\":\"https:\\\/\\\/secure.gravatar.com\\\/avatar\\\/19fdfdc0d67fb9c45714b703a2ac82251c4fcea3637f002ac3c9b74c0183583c?s=96&d=mm&r=g\",\"contentUrl\":\"https:\\\/\\\/secure.gravatar.com\\\/avatar\\\/19fdfdc0d67fb9c45714b703a2ac82251c4fcea3637f002ac3c9b74c0183583c?s=96&d=mm&r=g\",\"caption\":\"RAED\"}}]}<\/script>\n<!-- \/ Yoast SEO plugin. -->","yoast_head_json":{"title":"El bon menjar i el bon saber - Reial Acad\u00e8mia Europea de Doctors","description":"Sara Castellv\u00ed recull les \u00faltimes publicacions del seu popular Blog Gastron\u00f2mic de Sara, a l'obra \"El buen comer. Apuntes hist\u00f3ricos y culturales\"","robots":{"index":"index","follow":"follow","max-snippet":"max-snippet:-1","max-image-preview":"max-image-preview:large","max-video-preview":"max-video-preview:-1"},"canonical":"https:\/\/raed.academy\/ca\/el-bon-menjar-i-el-bon-saber\/","og_locale":"ca_ES","og_type":"article","og_title":"El bon menjar i el bon saber - Reial Acad\u00e8mia Europea de Doctors","og_description":"Sara Castellv\u00ed recull les \u00faltimes publicacions del seu popular Blog Gastron\u00f2mic de Sara, a l'obra \"El buen comer. Apuntes hist\u00f3ricos y culturales\"","og_url":"https:\/\/raed.academy\/ca\/el-bon-menjar-i-el-bon-saber\/","og_site_name":"Reial Acad\u00e8mia Europea de Doctors","article_publisher":"http:\/\/fb.me\/raed.academy","article_published_time":"2025-08-11T13:37:55+00:00","og_image":[{"width":600,"height":359,"url":"https:\/\/raed.academy\/wp-content\/uploads\/2023\/06\/Nutricion-Gastronomia-Alianza-de-Exito-Licencia-Pixabay-DST.webp","type":"image\/webp"}],"author":"RAED","twitter_card":"summary_large_image","twitter_creator":"@raedacademy","twitter_site":"@raedacademy","twitter_misc":{"Written by":"RAED","Est. reading time":"3 minutes"},"schema":{"@context":"https:\/\/schema.org","@graph":[{"@type":"Article","@id":"https:\/\/raed.academy\/ca\/el-bon-menjar-i-el-bon-saber\/#article","isPartOf":{"@id":"https:\/\/raed.academy\/ca\/el-bon-menjar-i-el-bon-saber\/"},"author":{"name":"RAED","@id":"https:\/\/raed.academy\/ca\/#\/schema\/person\/5a755da80d1d979fd66ba745c8702927"},"headline":"El bon menjar i el bon saber","datePublished":"2025-08-11T13:37:55+00:00","mainEntityOfPage":{"@id":"https:\/\/raed.academy\/ca\/el-bon-menjar-i-el-bon-saber\/"},"wordCount":463,"publisher":{"@id":"https:\/\/raed.academy\/ca\/#organization"},"image":{"@id":"https:\/\/raed.academy\/ca\/el-bon-menjar-i-el-bon-saber\/#primaryimage"},"thumbnailUrl":"https:\/\/raed.academy\/wp-content\/uploads\/2023\/06\/Nutricion-Gastronomia-Alianza-de-Exito-Licencia-Pixabay-DST.webp","articleSection":["Gastronomia","Hist\u00f2ria"],"inLanguage":"ca-ES"},{"@type":"WebPage","@id":"https:\/\/raed.academy\/ca\/el-bon-menjar-i-el-bon-saber\/","url":"https:\/\/raed.academy\/ca\/el-bon-menjar-i-el-bon-saber\/","name":"El bon menjar i el bon saber - Reial Acad\u00e8mia Europea de Doctors","isPartOf":{"@id":"https:\/\/raed.academy\/ca\/#website"},"primaryImageOfPage":{"@id":"https:\/\/raed.academy\/ca\/el-bon-menjar-i-el-bon-saber\/#primaryimage"},"image":{"@id":"https:\/\/raed.academy\/ca\/el-bon-menjar-i-el-bon-saber\/#primaryimage"},"thumbnailUrl":"https:\/\/raed.academy\/wp-content\/uploads\/2023\/06\/Nutricion-Gastronomia-Alianza-de-Exito-Licencia-Pixabay-DST.webp","datePublished":"2025-08-11T13:37:55+00:00","description":"Sara Castellv\u00ed recull les \u00faltimes publicacions del seu popular Blog Gastron\u00f2mic de Sara, a l'obra \"El buen comer. Apuntes hist\u00f3ricos y culturales\"","breadcrumb":{"@id":"https:\/\/raed.academy\/ca\/el-bon-menjar-i-el-bon-saber\/#breadcrumb"},"inLanguage":"ca-ES","potentialAction":[{"@type":"ReadAction","target":["https:\/\/raed.academy\/ca\/el-bon-menjar-i-el-bon-saber\/"]}]},{"@type":"ImageObject","inLanguage":"ca-ES","@id":"https:\/\/raed.academy\/ca\/el-bon-menjar-i-el-bon-saber\/#primaryimage","url":"https:\/\/raed.academy\/wp-content\/uploads\/2023\/06\/Nutricion-Gastronomia-Alianza-de-Exito-Licencia-Pixabay-DST.webp","contentUrl":"https:\/\/raed.academy\/wp-content\/uploads\/2023\/06\/Nutricion-Gastronomia-Alianza-de-Exito-Licencia-Pixabay-DST.webp","width":600,"height":359},{"@type":"BreadcrumbList","@id":"https:\/\/raed.academy\/ca\/el-bon-menjar-i-el-bon-saber\/#breadcrumb","itemListElement":[{"@type":"ListItem","position":1,"name":"Inicio","item":"https:\/\/raed.academy\/ca\/"},{"@type":"ListItem","position":2,"name":"El bon menjar i el bon saber"}]},{"@type":"WebSite","@id":"https:\/\/raed.academy\/ca\/#website","url":"https:\/\/raed.academy\/ca\/","name":"Reial Acad\u00e8mia Europea de Doctors","description":"Corporaci\u00f3n de derecho p\u00fablico de car\u00e1cter cient\u00edfico, t\u00e9cnico y art\u00edstico, que tiene por objeto la investigaci\u00f3n, el estudio, el fomento y la extensi\u00f3n del conocimiento en su sentido m\u00e1s amplio","publisher":{"@id":"https:\/\/raed.academy\/ca\/#organization"},"potentialAction":[{"@type":"SearchAction","target":{"@type":"EntryPoint","urlTemplate":"https:\/\/raed.academy\/ca\/?s={search_term_string}"},"query-input":{"@type":"PropertyValueSpecification","valueRequired":true,"valueName":"search_term_string"}}],"inLanguage":"ca-ES"},{"@type":"Organization","@id":"https:\/\/raed.academy\/ca\/#organization","name":"Real Academia Europea de Doctores","url":"https:\/\/raed.academy\/ca\/","logo":{"@type":"ImageObject","inLanguage":"ca-ES","@id":"https:\/\/raed.academy\/ca\/#\/schema\/logo\/image\/","url":"https:\/\/raed.academy\/wp-content\/uploads\/2017\/01\/cropped-logo_raed.png","contentUrl":"https:\/\/raed.academy\/wp-content\/uploads\/2017\/01\/cropped-logo_raed.png","width":512,"height":512,"caption":"Real Academia Europea de Doctores"},"image":{"@id":"https:\/\/raed.academy\/ca\/#\/schema\/logo\/image\/"},"sameAs":["http:\/\/fb.me\/raed.academy","https:\/\/x.com\/raedacademy","https:\/\/www.instagram.com\/raed.academy\/","https:\/\/www.youtube.com\/channel\/UCUYQwW2KrdirNWihxMDObwg"]},{"@type":"Person","@id":"https:\/\/raed.academy\/ca\/#\/schema\/person\/5a755da80d1d979fd66ba745c8702927","name":"RAED","image":{"@type":"ImageObject","inLanguage":"ca-ES","@id":"https:\/\/secure.gravatar.com\/avatar\/19fdfdc0d67fb9c45714b703a2ac82251c4fcea3637f002ac3c9b74c0183583c?s=96&d=mm&r=g","url":"https:\/\/secure.gravatar.com\/avatar\/19fdfdc0d67fb9c45714b703a2ac82251c4fcea3637f002ac3c9b74c0183583c?s=96&d=mm&r=g","contentUrl":"https:\/\/secure.gravatar.com\/avatar\/19fdfdc0d67fb9c45714b703a2ac82251c4fcea3637f002ac3c9b74c0183583c?s=96&d=mm&r=g","caption":"RAED"}}]}},"_links":{"self":[{"href":"https:\/\/raed.academy\/ca\/wp-json\/wp\/v2\/posts\/167099","targetHints":{"allow":["GET"]}}],"collection":[{"href":"https:\/\/raed.academy\/ca\/wp-json\/wp\/v2\/posts"}],"about":[{"href":"https:\/\/raed.academy\/ca\/wp-json\/wp\/v2\/types\/post"}],"author":[{"embeddable":true,"href":"https:\/\/raed.academy\/ca\/wp-json\/wp\/v2\/users\/12"}],"replies":[{"embeddable":true,"href":"https:\/\/raed.academy\/ca\/wp-json\/wp\/v2\/comments?post=167099"}],"version-history":[{"count":4,"href":"https:\/\/raed.academy\/ca\/wp-json\/wp\/v2\/posts\/167099\/revisions"}],"predecessor-version":[{"id":167158,"href":"https:\/\/raed.academy\/ca\/wp-json\/wp\/v2\/posts\/167099\/revisions\/167158"}],"wp:featuredmedia":[{"embeddable":true,"href":"https:\/\/raed.academy\/ca\/wp-json\/wp\/v2\/media\/134045"}],"wp:attachment":[{"href":"https:\/\/raed.academy\/ca\/wp-json\/wp\/v2\/media?parent=167099"}],"wp:term":[{"taxonomy":"category","embeddable":true,"href":"https:\/\/raed.academy\/ca\/wp-json\/wp\/v2\/categories?post=167099"},{"taxonomy":"post_tag","embeddable":true,"href":"https:\/\/raed.academy\/ca\/wp-json\/wp\/v2\/tags?post=167099"}],"curies":[{"name":"wp","href":"https:\/\/api.w.org\/{rel}","templated":true}]}}