{"id":166233,"date":"2025-07-21T11:44:00","date_gmt":"2025-07-21T11:44:00","guid":{"rendered":"https:\/\/raed.academy\/?p=166233"},"modified":"2025-07-21T11:44:00","modified_gmt":"2025-07-21T11:44:00","slug":"la-fundacio-cajasol-reforca-els-seus-vincles-amb-la-raed","status":"publish","type":"post","link":"https:\/\/raed.academy\/ca\/la-fundacio-cajasol-reforca-els-seus-vincles-amb-la-raed\/","title":{"rendered":"La Fundaci\u00f3 Cajasol refor\u00e7a els seus vincles amb la RAED"},"content":{"rendered":"<div id=\"attachment_119600\" style=\"width: 670px\" class=\"wp-caption aligncenter\"><img loading=\"lazy\" decoding=\"async\" aria-describedby=\"caption-attachment-119600\" class=\" wp-image-119600\" src=\"https:\/\/raed.academy\/wp-content\/uploads\/2022\/06\/08-06-2022-Presentacion-del-proyecto-2022-Retos-Vitales-para-una-nueva-era-15.webp\" alt=\"Dr. Antonio Pulido\" width=\"660\" height=\"395\" srcset=\"https:\/\/raed.academy\/wp-content\/uploads\/2022\/06\/08-06-2022-Presentacion-del-proyecto-2022-Retos-Vitales-para-una-nueva-era-15.webp 700w, https:\/\/raed.academy\/wp-content\/uploads\/2022\/06\/08-06-2022-Presentacion-del-proyecto-2022-Retos-Vitales-para-una-nueva-era-15-627x376.webp 627w, https:\/\/raed.academy\/wp-content\/uploads\/2022\/06\/08-06-2022-Presentacion-del-proyecto-2022-Retos-Vitales-para-una-nueva-era-15-440x264.webp 440w\" sizes=\"(max-width: 660px) 100vw, 660px\" \/><p id=\"caption-attachment-119600\" class=\"wp-caption-text\">Dr. Antonio Pulido<\/p><\/div>\n<p><a href=\"https:\/\/raed.academy\/ca\/academics\/dr-antonio-pulido-gutierrez\/\" target=\"_blank\" rel=\"noopener\"><em><strong>Antonio Pulido<\/strong><\/em><\/a>, president de la\u00a0<strong><span class=\"constant\">Fundaci\u00f3<\/span>\u00a0Cajasol<\/strong> i acad\u00e8mic numerari i membre del\u00a0<span class=\"constant\"><strong>Senat<\/strong> de la <strong>Reial Acad\u00e8mia Europea de Doctors <\/strong><\/span>(<span class=\"constant\">RAED<\/span>), va presentar el passat 2 de juliol a Sevilla la\u00a0<strong><span class=\"constant\">Mem\u00f2ria<\/span>\u00a0<\/strong>de la fundaci\u00f3 corresponent a l&#8217;any 2024, destacant el refor\u00e7 de les seves aliances amb institucions com ara el <strong><span class=\"constant\">Teatro Real<\/span><\/strong>\u00a0de Madrid, el <strong>Museu del Prado<\/strong>, la\u00a0<strong><span class=\"constant\">Reial Acad\u00e8mia Espanyola<\/span><\/strong>, la<strong> <span class=\"constant\">Fundaci\u00f3 <\/span>Princesa de Girona<\/strong> o la mateixa <span class=\"constant\">RAED<\/span>, amb la\u00a0<span class=\"alternative\">qual<\/span> mant\u00e9 una estreta i fruct\u00edfera relaci\u00f3 des de fa anys i amb la qual treballa m\u00e0 a m\u00e0 donant el seu suport a projectes <span class=\"alternative\">com<\/span>\u00a0<strong><span class=\"constant\">Reptes<\/span>\u00a0<span class=\"constant\">Vitals<\/span>\u00a0per a una\u00a0<span class=\"constant\">Nova<\/span>\u00a0Era<\/strong>. La seu acad\u00e8mica, de fet, encap\u00e7ala l&#8217;apartat de l&#8217;informe referit a la pres\u00e8ncia de la <span class=\"constant\">Fundaci\u00f3<\/span> Cajasol fora d&#8217;<span class=\"constant\">Andalusia<\/span>, on t\u00e9 el seu principal \u00e0mbit d&#8217;actuaci\u00f3.<\/p>\n<p>Les xifres de la <span class=\"constant\">Mem\u00f2ria<\/span> consoliden a la fundaci\u00f3 com un referent social i cultural amb m\u00e9s d&#8217;un mili\u00f3 i mig de beneficiaris en activitats culturals, m\u00e9s d&#8217;un mili\u00f3 en programes d&#8217;emprenedoria i foment empresarial, m\u00e9s de mig mili\u00f3 de persones en acci\u00f3 social, educaci\u00f3 i <span class=\"alternative\">ocupaci\u00f3<\/span>, i m\u00e9s de 65.000 de beneficiades als \u00e0mbits de l&#8217;esport, la salut i el medi ambient. Pulido va destacar durant la seva intervenci\u00f3 a la presentaci\u00f3 el comprom\u00eds de l&#8217;entitat de continuar treballant m\u00e9s enll\u00e0 d&#8217;<span class=\"constant\">Andalusia<\/span>. &#8220;Per aix\u00f2\u00a0<span class=\"alternative\">col\u00b7laborem<\/span> amb les institucions culturals m\u00e9s importants d&#8217;aquest pa\u00eds, el que ha fet que la nostra projecci\u00f3 en aquest sentit sigui cada cop m\u00e9s important. A m\u00e9s, a aix\u00f2 se li suma el lideratge a les xarxes socials, en les quals <span class=\"alternative\">treballem<\/span> i estem destacant de forma molt evident, els nombres no enganyen. A m\u00e9s, cada vegada tenim una pres\u00e8ncia internacional m\u00e9s <span class=\"alternative\">gran mitjan\u00e7ant<\/span>\u00a0projectes de cooperaci\u00f3 al desenvolupament en els quals\u00a0<span class=\"alternative\">col\u00b7laborem<\/span> i volem continuar treballant aquest 2025&#8243;, va afirmar l&#8217;acad\u00e8mic.<\/p>\n<p>En representaci\u00f3 de la fundaci\u00f3, el seu president ha estat en aquest per\u00edode present en escenaris internacionals significatius com Roma, on va ser rebut pel <span class=\"constant\">Papa <strong>Francesc<\/strong><\/span>; a Par\u00eds, fent suport a la desfilada de <strong>Juana Mart\u00edn<\/strong> a la <strong><span class=\"constant\">Setmana<\/span> de l&#8217;Alta Costura<\/strong> de la capital francesa; a les ciutats de l&#8217;<span class=\"constant\">Havana<\/span> i Miami, refor\u00e7ant la pres\u00e8ncia cultural i social de l&#8217;entitat a <span class=\"constant\">Iberoam\u00e8rica<\/span>, i a la\u00a0<span class=\"constant\">Costa d&#8217;Ivori<\/span>, on l&#8217;entitat ha contribu\u00eft a programes d&#8217;atenci\u00f3 oftalmol\u00f2gica. &#8220;Hem fet un gran esfor\u00e7, un desplegament extraordinari de centenars d&#8217;activitats que hem resumit en aquesta <span class=\"constant\">Mem\u00f2ria<\/span>\u00a0per rendir comptes de la nostra\u00a0<span class=\"alternative\">feina<\/span>\u00a0i com a\u00a0<span class=\"alternative\">reconeixement<\/span> al p\u00fablic que ens segueix cada vegada m\u00e9s, al nostre equip i totes les persones i entitats que col\u00b7laboren amb nosaltres perqu\u00e8 puguem millorar cada any&#8221;, explica el\u00a0<span class=\"alternative\">mateix<\/span>\u00a0Pulido al document.<\/p>\n<p><img loading=\"lazy\" decoding=\"async\" class=\"alignleft size-full wp-image-105591\" src=\"https:\/\/raed.academy\/wp-content\/uploads\/2021\/09\/fundacion-cajasol-dst.jpg\" alt=\"\" width=\"400\" height=\"240\" \/>Al llarg del 2024 la\u00a0<span class=\"constant\">Fundaci\u00f3<\/span> Cajasol ha celebrat la primera edici\u00f3 dels<strong> <span class=\"constant\">Premis <\/span>del <span class=\"constant\">Flamenc <\/span>Cajasol<\/strong>, una gala que va reunir les grans figures d&#8217;aquest art declarat Patrimoni de la Humanitat; o les nombroses <strong><span class=\"alternative\">Trobades<\/span>\u00a0a Cajasol<\/strong>, que han acollit a personalitats del m\u00f3n de la cultura, el pensament, la literatura i l&#8217;art, reafirmant el paper de la fundaci\u00f3 com a f\u00f2rum obert al di\u00e0leg plural i la reflexi\u00f3. El cicle <strong><span class=\"constant\">Lletres<\/span>\u00a0a Sevilla<\/strong>, una de les\u00a0<span class=\"alternative\">trobades<\/span> m\u00e9s importants d&#8217;<span class=\"constant\">Espanya<\/span>, ha continuat consolidant el seu paper com a f\u00f2rum de reflexi\u00f3 sobre els grans temes del present. A m\u00e9s, l&#8217;entitat ha desenvolupat altres cicles ja tradicionals <span class=\"alternative\">com ara <\/span> <strong>&#8220;Gozos de Diciembre&#8221;<\/strong>, centrat al <span class=\"constant\">Nadal<\/span>, o <strong>&#8220;Tramos de Cuaresma&#8221;<\/strong>, vinculat a la\u00a0<span class=\"constant\">Setmana Santa<\/span>, aix\u00ed com el 25 aniversari dels\u00a0<strong><span class=\"constant\">Dijous<\/span>\u00a0<span class=\"constant\">Flamencs<\/span><\/strong>. Al terreny expositiu, la fundaci\u00f3 va organitzar 36 exposicions que van rebre m\u00e9s de 200.000 visitants, entre les quals van destacar <strong>&#8220;Botero. Sensualidad y melancol\u00eda&#8221;<\/strong>, <strong>&#8220;Salustiano + Semana Santa&#8221;<\/strong>,<strong> &#8220;Juan Vald\u00e9s. Pinturas&#8221;<\/strong> o <strong>&#8220;Pasi\u00f3n y Gloria. Pedro Rold\u00e1n y las Hermandades de Sevilla&#8221;<\/strong>.<\/p>\n","protected":false},"excerpt":{"rendered":"<p>Antonio Pulido presenta la Mem\u00f2ria de la Fundaci\u00f3 Cajasol de l&#8217;any 2024, destacant el refor\u00e7 de les seves aliances amb diferents institucions com la mateixa RAED, amb la qual mant\u00e9 una estreta relaci\u00f3 i amb qu\u00e8 treballa m\u00e0 a m\u00e0 donant suport a projectes com Reptes Vitals per a una Nova Era<\/p>\n","protected":false},"author":12,"featured_media":105592,"comment_status":"closed","ping_status":"closed","sticky":false,"template":"","format":"standard","meta":{"_et_pb_use_builder":"","_et_pb_old_content":"","_et_gb_content_width":"","footnotes":""},"categories":[229,496,401,439,217,410,433,371,492],"tags":[],"class_list":["post-166233","post","type-post","status-publish","format-standard","has-post-thumbnail","hentry","category-art","category-educacio-etica-i-valors-ca","category-historia-de-lart-i-patrimoni-cultural","category-literatura-ca","category-missions-humanitaries-ong-fundacions","category-musica-ca","category-pintura-ca","category-reptes-vitals-per-a-una-nova-era","category-trobades-cientifiques-i-congressos","et-has-post-format-content","et_post_format-et-post-format-standard"],"yoast_head":"<!-- This site is optimized with the Yoast SEO plugin v27.4 - https:\/\/yoast.com\/product\/yoast-seo-wordpress\/ -->\n<title>La Fundaci\u00f3 Cajasol refor\u00e7a els seus vincles amb la RAED - Reial Acad\u00e8mia Europea de Doctors<\/title>\n<meta name=\"description\" content=\"Antonio Pulido presenta la Mem\u00f2ria de la Fundaci\u00f3 Cajasol del 2024 i destaca el refor\u00e7 de la seva alian\u00e7a amb la RAED, a qui recolza i amb qui treballa m\u00e0 a m\u00e0\" \/>\n<meta name=\"robots\" content=\"index, follow, max-snippet:-1, max-image-preview:large, max-video-preview:-1\" \/>\n<link rel=\"canonical\" href=\"https:\/\/raed.academy\/ca\/la-fundacio-cajasol-reforca-els-seus-vincles-amb-la-raed\/\" \/>\n<meta property=\"og:locale\" content=\"ca_ES\" \/>\n<meta property=\"og:type\" content=\"article\" \/>\n<meta property=\"og:title\" content=\"La Fundaci\u00f3 Cajasol refor\u00e7a els seus vincles amb la RAED - Reial Acad\u00e8mia Europea de Doctors\" \/>\n<meta property=\"og:description\" content=\"Antonio Pulido presenta la Mem\u00f2ria de la Fundaci\u00f3 Cajasol del 2024 i destaca el refor\u00e7 de la seva alian\u00e7a amb la RAED, a qui recolza i amb qui treballa m\u00e0 a m\u00e0\" \/>\n<meta property=\"og:url\" content=\"https:\/\/raed.academy\/ca\/la-fundacio-cajasol-reforca-els-seus-vincles-amb-la-raed\/\" \/>\n<meta property=\"og:site_name\" content=\"Reial Acad\u00e8mia Europea de Doctors\" \/>\n<meta property=\"article:publisher\" content=\"http:\/\/fb.me\/raed.academy\" \/>\n<meta property=\"article:published_time\" content=\"2025-07-21T11:44:00+00:00\" \/>\n<meta property=\"og:image\" content=\"https:\/\/raed.academy\/wp-content\/uploads\/2021\/09\/fundacion-cajasol-dst.jpg\" \/>\n\t<meta property=\"og:image:width\" content=\"400\" \/>\n\t<meta property=\"og:image:height\" content=\"240\" \/>\n\t<meta property=\"og:image:type\" content=\"image\/jpeg\" \/>\n<meta name=\"author\" content=\"RAED\" \/>\n<meta name=\"twitter:card\" content=\"summary_large_image\" \/>\n<meta name=\"twitter:creator\" content=\"@raedacademy\" \/>\n<meta name=\"twitter:site\" content=\"@raedacademy\" \/>\n<meta name=\"twitter:label1\" content=\"Written by\" \/>\n\t<meta name=\"twitter:data1\" content=\"RAED\" \/>\n\t<meta name=\"twitter:label2\" content=\"Est. reading time\" \/>\n\t<meta name=\"twitter:data2\" content=\"4 minutes\" \/>\n<script type=\"application\/ld+json\" class=\"yoast-schema-graph\">{\"@context\":\"https:\\\/\\\/schema.org\",\"@graph\":[{\"@type\":\"Article\",\"@id\":\"https:\\\/\\\/raed.academy\\\/ca\\\/la-fundacio-cajasol-reforca-els-seus-vincles-amb-la-raed\\\/#article\",\"isPartOf\":{\"@id\":\"https:\\\/\\\/raed.academy\\\/ca\\\/la-fundacio-cajasol-reforca-els-seus-vincles-amb-la-raed\\\/\"},\"author\":{\"name\":\"RAED\",\"@id\":\"https:\\\/\\\/raed.academy\\\/ca\\\/#\\\/schema\\\/person\\\/5a755da80d1d979fd66ba745c8702927\"},\"headline\":\"La Fundaci\u00f3 Cajasol refor\u00e7a els seus vincles amb la RAED\",\"datePublished\":\"2025-07-21T11:44:00+00:00\",\"mainEntityOfPage\":{\"@id\":\"https:\\\/\\\/raed.academy\\\/ca\\\/la-fundacio-cajasol-reforca-els-seus-vincles-amb-la-raed\\\/\"},\"wordCount\":699,\"publisher\":{\"@id\":\"https:\\\/\\\/raed.academy\\\/ca\\\/#organization\"},\"image\":{\"@id\":\"https:\\\/\\\/raed.academy\\\/ca\\\/la-fundacio-cajasol-reforca-els-seus-vincles-amb-la-raed\\\/#primaryimage\"},\"thumbnailUrl\":\"https:\\\/\\\/raed.academy\\\/wp-content\\\/uploads\\\/2021\\\/09\\\/fundacion-cajasol-dst.jpg\",\"articleSection\":[\"Art\",\"Educaci\u00f3, \u00e8tica i valors\",\"Hist\u00f2ria de l'art i patrimoni cultural\",\"Literatura\",\"Missions humanit\u00e0ries, ONGs y fundacions\",\"M\u00fasica\",\"Pintura\",\"Reptes Vitals per a una nova era\",\"Trobades Cient\u00edfiques i Congressos\"],\"inLanguage\":\"ca-ES\"},{\"@type\":\"WebPage\",\"@id\":\"https:\\\/\\\/raed.academy\\\/ca\\\/la-fundacio-cajasol-reforca-els-seus-vincles-amb-la-raed\\\/\",\"url\":\"https:\\\/\\\/raed.academy\\\/ca\\\/la-fundacio-cajasol-reforca-els-seus-vincles-amb-la-raed\\\/\",\"name\":\"La Fundaci\u00f3 Cajasol refor\u00e7a els seus vincles amb la RAED - Reial Acad\u00e8mia Europea de Doctors\",\"isPartOf\":{\"@id\":\"https:\\\/\\\/raed.academy\\\/ca\\\/#website\"},\"primaryImageOfPage\":{\"@id\":\"https:\\\/\\\/raed.academy\\\/ca\\\/la-fundacio-cajasol-reforca-els-seus-vincles-amb-la-raed\\\/#primaryimage\"},\"image\":{\"@id\":\"https:\\\/\\\/raed.academy\\\/ca\\\/la-fundacio-cajasol-reforca-els-seus-vincles-amb-la-raed\\\/#primaryimage\"},\"thumbnailUrl\":\"https:\\\/\\\/raed.academy\\\/wp-content\\\/uploads\\\/2021\\\/09\\\/fundacion-cajasol-dst.jpg\",\"datePublished\":\"2025-07-21T11:44:00+00:00\",\"description\":\"Antonio Pulido presenta la Mem\u00f2ria de la Fundaci\u00f3 Cajasol del 2024 i destaca el refor\u00e7 de la seva alian\u00e7a amb la RAED, a qui recolza i amb qui treballa m\u00e0 a m\u00e0\",\"breadcrumb\":{\"@id\":\"https:\\\/\\\/raed.academy\\\/ca\\\/la-fundacio-cajasol-reforca-els-seus-vincles-amb-la-raed\\\/#breadcrumb\"},\"inLanguage\":\"ca-ES\",\"potentialAction\":[{\"@type\":\"ReadAction\",\"target\":[\"https:\\\/\\\/raed.academy\\\/ca\\\/la-fundacio-cajasol-reforca-els-seus-vincles-amb-la-raed\\\/\"]}]},{\"@type\":\"ImageObject\",\"inLanguage\":\"ca-ES\",\"@id\":\"https:\\\/\\\/raed.academy\\\/ca\\\/la-fundacio-cajasol-reforca-els-seus-vincles-amb-la-raed\\\/#primaryimage\",\"url\":\"https:\\\/\\\/raed.academy\\\/wp-content\\\/uploads\\\/2021\\\/09\\\/fundacion-cajasol-dst.jpg\",\"contentUrl\":\"https:\\\/\\\/raed.academy\\\/wp-content\\\/uploads\\\/2021\\\/09\\\/fundacion-cajasol-dst.jpg\",\"width\":400,\"height\":240},{\"@type\":\"BreadcrumbList\",\"@id\":\"https:\\\/\\\/raed.academy\\\/ca\\\/la-fundacio-cajasol-reforca-els-seus-vincles-amb-la-raed\\\/#breadcrumb\",\"itemListElement\":[{\"@type\":\"ListItem\",\"position\":1,\"name\":\"Inicio\",\"item\":\"https:\\\/\\\/raed.academy\\\/ca\\\/\"},{\"@type\":\"ListItem\",\"position\":2,\"name\":\"La Fundaci\u00f3 Cajasol refor\u00e7a els seus vincles amb la RAED\"}]},{\"@type\":\"WebSite\",\"@id\":\"https:\\\/\\\/raed.academy\\\/ca\\\/#website\",\"url\":\"https:\\\/\\\/raed.academy\\\/ca\\\/\",\"name\":\"Reial Acad\u00e8mia Europea de Doctors\",\"description\":\"Corporaci\u00f3n de derecho p\u00fablico de car\u00e1cter cient\u00edfico, t\u00e9cnico y art\u00edstico, que tiene por objeto la investigaci\u00f3n, el estudio, el fomento y la extensi\u00f3n del conocimiento en su sentido m\u00e1s amplio\",\"publisher\":{\"@id\":\"https:\\\/\\\/raed.academy\\\/ca\\\/#organization\"},\"potentialAction\":[{\"@type\":\"SearchAction\",\"target\":{\"@type\":\"EntryPoint\",\"urlTemplate\":\"https:\\\/\\\/raed.academy\\\/ca\\\/?s={search_term_string}\"},\"query-input\":{\"@type\":\"PropertyValueSpecification\",\"valueRequired\":true,\"valueName\":\"search_term_string\"}}],\"inLanguage\":\"ca-ES\"},{\"@type\":\"Organization\",\"@id\":\"https:\\\/\\\/raed.academy\\\/ca\\\/#organization\",\"name\":\"Real Academia Europea de Doctores\",\"url\":\"https:\\\/\\\/raed.academy\\\/ca\\\/\",\"logo\":{\"@type\":\"ImageObject\",\"inLanguage\":\"ca-ES\",\"@id\":\"https:\\\/\\\/raed.academy\\\/ca\\\/#\\\/schema\\\/logo\\\/image\\\/\",\"url\":\"https:\\\/\\\/raed.academy\\\/wp-content\\\/uploads\\\/2017\\\/01\\\/cropped-logo_raed.png\",\"contentUrl\":\"https:\\\/\\\/raed.academy\\\/wp-content\\\/uploads\\\/2017\\\/01\\\/cropped-logo_raed.png\",\"width\":512,\"height\":512,\"caption\":\"Real Academia Europea de Doctores\"},\"image\":{\"@id\":\"https:\\\/\\\/raed.academy\\\/ca\\\/#\\\/schema\\\/logo\\\/image\\\/\"},\"sameAs\":[\"http:\\\/\\\/fb.me\\\/raed.academy\",\"https:\\\/\\\/x.com\\\/raedacademy\",\"https:\\\/\\\/www.instagram.com\\\/raed.academy\\\/\",\"https:\\\/\\\/www.youtube.com\\\/channel\\\/UCUYQwW2KrdirNWihxMDObwg\"]},{\"@type\":\"Person\",\"@id\":\"https:\\\/\\\/raed.academy\\\/ca\\\/#\\\/schema\\\/person\\\/5a755da80d1d979fd66ba745c8702927\",\"name\":\"RAED\",\"image\":{\"@type\":\"ImageObject\",\"inLanguage\":\"ca-ES\",\"@id\":\"https:\\\/\\\/secure.gravatar.com\\\/avatar\\\/19fdfdc0d67fb9c45714b703a2ac82251c4fcea3637f002ac3c9b74c0183583c?s=96&d=mm&r=g\",\"url\":\"https:\\\/\\\/secure.gravatar.com\\\/avatar\\\/19fdfdc0d67fb9c45714b703a2ac82251c4fcea3637f002ac3c9b74c0183583c?s=96&d=mm&r=g\",\"contentUrl\":\"https:\\\/\\\/secure.gravatar.com\\\/avatar\\\/19fdfdc0d67fb9c45714b703a2ac82251c4fcea3637f002ac3c9b74c0183583c?s=96&d=mm&r=g\",\"caption\":\"RAED\"}}]}<\/script>\n<!-- \/ Yoast SEO plugin. -->","yoast_head_json":{"title":"La Fundaci\u00f3 Cajasol refor\u00e7a els seus vincles amb la RAED - Reial Acad\u00e8mia Europea de Doctors","description":"Antonio Pulido presenta la Mem\u00f2ria de la Fundaci\u00f3 Cajasol del 2024 i destaca el refor\u00e7 de la seva alian\u00e7a amb la RAED, a qui recolza i amb qui treballa m\u00e0 a m\u00e0","robots":{"index":"index","follow":"follow","max-snippet":"max-snippet:-1","max-image-preview":"max-image-preview:large","max-video-preview":"max-video-preview:-1"},"canonical":"https:\/\/raed.academy\/ca\/la-fundacio-cajasol-reforca-els-seus-vincles-amb-la-raed\/","og_locale":"ca_ES","og_type":"article","og_title":"La Fundaci\u00f3 Cajasol refor\u00e7a els seus vincles amb la RAED - Reial Acad\u00e8mia Europea de Doctors","og_description":"Antonio Pulido presenta la Mem\u00f2ria de la Fundaci\u00f3 Cajasol del 2024 i destaca el refor\u00e7 de la seva alian\u00e7a amb la RAED, a qui recolza i amb qui treballa m\u00e0 a m\u00e0","og_url":"https:\/\/raed.academy\/ca\/la-fundacio-cajasol-reforca-els-seus-vincles-amb-la-raed\/","og_site_name":"Reial Acad\u00e8mia Europea de Doctors","article_publisher":"http:\/\/fb.me\/raed.academy","article_published_time":"2025-07-21T11:44:00+00:00","og_image":[{"width":400,"height":240,"url":"https:\/\/raed.academy\/wp-content\/uploads\/2021\/09\/fundacion-cajasol-dst.jpg","type":"image\/jpeg"}],"author":"RAED","twitter_card":"summary_large_image","twitter_creator":"@raedacademy","twitter_site":"@raedacademy","twitter_misc":{"Written by":"RAED","Est. reading time":"4 minutes"},"schema":{"@context":"https:\/\/schema.org","@graph":[{"@type":"Article","@id":"https:\/\/raed.academy\/ca\/la-fundacio-cajasol-reforca-els-seus-vincles-amb-la-raed\/#article","isPartOf":{"@id":"https:\/\/raed.academy\/ca\/la-fundacio-cajasol-reforca-els-seus-vincles-amb-la-raed\/"},"author":{"name":"RAED","@id":"https:\/\/raed.academy\/ca\/#\/schema\/person\/5a755da80d1d979fd66ba745c8702927"},"headline":"La Fundaci\u00f3 Cajasol refor\u00e7a els seus vincles amb la RAED","datePublished":"2025-07-21T11:44:00+00:00","mainEntityOfPage":{"@id":"https:\/\/raed.academy\/ca\/la-fundacio-cajasol-reforca-els-seus-vincles-amb-la-raed\/"},"wordCount":699,"publisher":{"@id":"https:\/\/raed.academy\/ca\/#organization"},"image":{"@id":"https:\/\/raed.academy\/ca\/la-fundacio-cajasol-reforca-els-seus-vincles-amb-la-raed\/#primaryimage"},"thumbnailUrl":"https:\/\/raed.academy\/wp-content\/uploads\/2021\/09\/fundacion-cajasol-dst.jpg","articleSection":["Art","Educaci\u00f3, \u00e8tica i valors","Hist\u00f2ria de l'art i patrimoni cultural","Literatura","Missions humanit\u00e0ries, ONGs y fundacions","M\u00fasica","Pintura","Reptes Vitals per a una nova era","Trobades Cient\u00edfiques i Congressos"],"inLanguage":"ca-ES"},{"@type":"WebPage","@id":"https:\/\/raed.academy\/ca\/la-fundacio-cajasol-reforca-els-seus-vincles-amb-la-raed\/","url":"https:\/\/raed.academy\/ca\/la-fundacio-cajasol-reforca-els-seus-vincles-amb-la-raed\/","name":"La Fundaci\u00f3 Cajasol refor\u00e7a els seus vincles amb la RAED - Reial Acad\u00e8mia Europea de Doctors","isPartOf":{"@id":"https:\/\/raed.academy\/ca\/#website"},"primaryImageOfPage":{"@id":"https:\/\/raed.academy\/ca\/la-fundacio-cajasol-reforca-els-seus-vincles-amb-la-raed\/#primaryimage"},"image":{"@id":"https:\/\/raed.academy\/ca\/la-fundacio-cajasol-reforca-els-seus-vincles-amb-la-raed\/#primaryimage"},"thumbnailUrl":"https:\/\/raed.academy\/wp-content\/uploads\/2021\/09\/fundacion-cajasol-dst.jpg","datePublished":"2025-07-21T11:44:00+00:00","description":"Antonio Pulido presenta la Mem\u00f2ria de la Fundaci\u00f3 Cajasol del 2024 i destaca el refor\u00e7 de la seva alian\u00e7a amb la RAED, a qui recolza i amb qui treballa m\u00e0 a m\u00e0","breadcrumb":{"@id":"https:\/\/raed.academy\/ca\/la-fundacio-cajasol-reforca-els-seus-vincles-amb-la-raed\/#breadcrumb"},"inLanguage":"ca-ES","potentialAction":[{"@type":"ReadAction","target":["https:\/\/raed.academy\/ca\/la-fundacio-cajasol-reforca-els-seus-vincles-amb-la-raed\/"]}]},{"@type":"ImageObject","inLanguage":"ca-ES","@id":"https:\/\/raed.academy\/ca\/la-fundacio-cajasol-reforca-els-seus-vincles-amb-la-raed\/#primaryimage","url":"https:\/\/raed.academy\/wp-content\/uploads\/2021\/09\/fundacion-cajasol-dst.jpg","contentUrl":"https:\/\/raed.academy\/wp-content\/uploads\/2021\/09\/fundacion-cajasol-dst.jpg","width":400,"height":240},{"@type":"BreadcrumbList","@id":"https:\/\/raed.academy\/ca\/la-fundacio-cajasol-reforca-els-seus-vincles-amb-la-raed\/#breadcrumb","itemListElement":[{"@type":"ListItem","position":1,"name":"Inicio","item":"https:\/\/raed.academy\/ca\/"},{"@type":"ListItem","position":2,"name":"La Fundaci\u00f3 Cajasol refor\u00e7a els seus vincles amb la RAED"}]},{"@type":"WebSite","@id":"https:\/\/raed.academy\/ca\/#website","url":"https:\/\/raed.academy\/ca\/","name":"Reial Acad\u00e8mia Europea de Doctors","description":"Corporaci\u00f3n de derecho p\u00fablico de car\u00e1cter cient\u00edfico, t\u00e9cnico y art\u00edstico, que tiene por objeto la investigaci\u00f3n, el estudio, el fomento y la extensi\u00f3n del conocimiento en su sentido m\u00e1s amplio","publisher":{"@id":"https:\/\/raed.academy\/ca\/#organization"},"potentialAction":[{"@type":"SearchAction","target":{"@type":"EntryPoint","urlTemplate":"https:\/\/raed.academy\/ca\/?s={search_term_string}"},"query-input":{"@type":"PropertyValueSpecification","valueRequired":true,"valueName":"search_term_string"}}],"inLanguage":"ca-ES"},{"@type":"Organization","@id":"https:\/\/raed.academy\/ca\/#organization","name":"Real Academia Europea de Doctores","url":"https:\/\/raed.academy\/ca\/","logo":{"@type":"ImageObject","inLanguage":"ca-ES","@id":"https:\/\/raed.academy\/ca\/#\/schema\/logo\/image\/","url":"https:\/\/raed.academy\/wp-content\/uploads\/2017\/01\/cropped-logo_raed.png","contentUrl":"https:\/\/raed.academy\/wp-content\/uploads\/2017\/01\/cropped-logo_raed.png","width":512,"height":512,"caption":"Real Academia Europea de Doctores"},"image":{"@id":"https:\/\/raed.academy\/ca\/#\/schema\/logo\/image\/"},"sameAs":["http:\/\/fb.me\/raed.academy","https:\/\/x.com\/raedacademy","https:\/\/www.instagram.com\/raed.academy\/","https:\/\/www.youtube.com\/channel\/UCUYQwW2KrdirNWihxMDObwg"]},{"@type":"Person","@id":"https:\/\/raed.academy\/ca\/#\/schema\/person\/5a755da80d1d979fd66ba745c8702927","name":"RAED","image":{"@type":"ImageObject","inLanguage":"ca-ES","@id":"https:\/\/secure.gravatar.com\/avatar\/19fdfdc0d67fb9c45714b703a2ac82251c4fcea3637f002ac3c9b74c0183583c?s=96&d=mm&r=g","url":"https:\/\/secure.gravatar.com\/avatar\/19fdfdc0d67fb9c45714b703a2ac82251c4fcea3637f002ac3c9b74c0183583c?s=96&d=mm&r=g","contentUrl":"https:\/\/secure.gravatar.com\/avatar\/19fdfdc0d67fb9c45714b703a2ac82251c4fcea3637f002ac3c9b74c0183583c?s=96&d=mm&r=g","caption":"RAED"}}]}},"_links":{"self":[{"href":"https:\/\/raed.academy\/ca\/wp-json\/wp\/v2\/posts\/166233","targetHints":{"allow":["GET"]}}],"collection":[{"href":"https:\/\/raed.academy\/ca\/wp-json\/wp\/v2\/posts"}],"about":[{"href":"https:\/\/raed.academy\/ca\/wp-json\/wp\/v2\/types\/post"}],"author":[{"embeddable":true,"href":"https:\/\/raed.academy\/ca\/wp-json\/wp\/v2\/users\/12"}],"replies":[{"embeddable":true,"href":"https:\/\/raed.academy\/ca\/wp-json\/wp\/v2\/comments?post=166233"}],"version-history":[{"count":0,"href":"https:\/\/raed.academy\/ca\/wp-json\/wp\/v2\/posts\/166233\/revisions"}],"wp:featuredmedia":[{"embeddable":true,"href":"https:\/\/raed.academy\/ca\/wp-json\/wp\/v2\/media\/105592"}],"wp:attachment":[{"href":"https:\/\/raed.academy\/ca\/wp-json\/wp\/v2\/media?parent=166233"}],"wp:term":[{"taxonomy":"category","embeddable":true,"href":"https:\/\/raed.academy\/ca\/wp-json\/wp\/v2\/categories?post=166233"},{"taxonomy":"post_tag","embeddable":true,"href":"https:\/\/raed.academy\/ca\/wp-json\/wp\/v2\/tags?post=166233"}],"curies":[{"name":"wp","href":"https:\/\/api.w.org\/{rel}","templated":true}]}}