{"id":166226,"date":"2025-07-21T11:30:02","date_gmt":"2025-07-21T11:30:02","guid":{"rendered":"https:\/\/raed.academy\/?p=166226"},"modified":"2025-07-21T11:30:02","modified_gmt":"2025-07-21T11:30:02","slug":"europa-i-lamnistia","status":"publish","type":"post","link":"https:\/\/raed.academy\/ca\/europa-i-lamnistia\/","title":{"rendered":"Europa i l&#8217;amnistia"},"content":{"rendered":"<div id=\"attachment_68073\" style=\"width: 510px\" class=\"wp-caption aligncenter\"><img loading=\"lazy\" decoding=\"async\" aria-describedby=\"caption-attachment-68073\" class=\"wp-image-68073 size-full\" src=\"https:\/\/raed.academy\/wp-content\/uploads\/2019\/03\/Teresa-Freixes.jpg\" alt=\"Teresa Freixes\" width=\"500\" height=\"320\" \/><p id=\"caption-attachment-68073\" class=\"wp-caption-text\">Dra. Teresa Freixes<\/p><\/div>\n<p><a href=\"https:\/\/raed.academy\/ca\/academics\/dra-teresa-freixes-sanjuan\/\" target=\"_blank\" rel=\"noopener\"><em><strong>Teresa Freixes<\/strong><\/em><\/a>, catedr\u00e0tica Jean Monnet ad personam, presidenta de l&#8217;organitzaci\u00f3 internacional <strong>Citizens pro Europe<\/strong> i acad\u00e8mica numer\u00e0ria i vicepresidenta de la <strong>Junta de Govern<\/strong> de la <strong>Reial Acad\u00e8mia Europea de Doctors<\/strong> (RAED), protagonitza una entrevista emesa el passat 23 de juny pel programa radiof\u00f2nic <strong>&#8220;Hoy por hoy-Norte de Extremadura&#8221;<\/strong> de la <strong>Cadena Ser <\/strong>al Reial Monestir Jer\u00f2nim de Yuste amb motiu de la celebraci\u00f3 del <strong>XIV Seminari Doctoral Carles V<\/strong>, impulsat per la <strong>Fundaci\u00f3 Acad\u00e8mia Europea i Iberoamericana de Yuste<\/strong> que ella mateixa ha codirigit. Una cita acad\u00e8mica de refer\u00e8ncia internacional que dona continu\u00eftat al <strong>Premi Europeu Carles V<\/strong> atorgat el 2021 a l&#8217;excancellera alemanya <strong>Angela Merkel<\/strong>, el llegat de la qual ha inspirat aquesta edici\u00f3. Aix\u00ed mateix, l&#8217;experta jurista apareix en un reportatge publicat el 29 de juny pel diari digital <strong>El Debate<\/strong> en relaci\u00f3 a l&#8217;aval que el <strong>Tribunal Constitucional<\/strong> ha atorgat a la llei d&#8217;Amnistia i les conseq\u00fc\u00e8ncies que pot tenir sobre l&#8217;expresident de la <strong>Generalitat de Catalunya Carles Puigdemont<\/strong>.<\/p>\n<p>En les seves declaracions a la Cadena Ser, la vicepresidenta de la RAED ofereix alguns detalls sobre aquest seminari internacional pluridisciplinari que s&#8217;ha celebrat sota el t\u00edtol gen\u00e8ric <strong>&#8220;La fortuna de estar unidos: garantizar y fortalecer la cohesi\u00f3n de Europa&#8221;<\/strong> amb l&#8217;objectiu de refor\u00e7ar la identitat i l&#8217;\u00e0mbit d&#8217;actuaci\u00f3 europeus. &#8220;Europa continua sent un referent internacional. El problema no \u00e9s si necessitem m\u00e9s o menys Europa: la gran majoria pensa que necessitem m\u00e9s Europa, no menys. En un m\u00f3n en transformaci\u00f3 accelerada, amb guerres a les fronteres d&#8217;Europa i desafiaments econ\u00f2mics sense precedents, \u00e9s crucial refor\u00e7ar els valors fundacionals de la Uni\u00f3&#8221;, va assenyalar.<\/p>\n<p>Els alumnes beneficiats amb les beques d&#8217;aquest seminari van debatre sobre la contribuci\u00f3 de les institucions europees al llarg de la hist\u00f2ria al proc\u00e9s d&#8217;integraci\u00f3 europea, el paper de les institucions i organismes europeus versus el paper dels estats en el desenvolupament de la solidaritat i la cohesi\u00f3 territorial europea, la contribuci\u00f3 de la cultura, l&#8217;educaci\u00f3 i la societat civil per fomentar les pol\u00edtiques de cohesi\u00f3, l&#8217;evoluci\u00f3 del funcionament de les institucions durant el proc\u00e9s de construcci\u00f3 i integraci\u00f3 o el paper de les dones en el proc\u00e9s d&#8217;integraci\u00f3, entre altres l\u00ednies de treball.<\/p>\n<p><img loading=\"lazy\" decoding=\"async\" class=\"alignright size-full wp-image-110731\" src=\"https:\/\/raed.academy\/wp-content\/uploads\/2022\/01\/mapa-europa-con-bandera-UE-dst.webp\" sizes=\"(max-width: 600px) 100vw, 600px\" srcset=\"https:\/\/raed.academy\/wp-content\/uploads\/2022\/01\/mapa-europa-con-bandera-UE-dst.webp 600w, https:\/\/raed.academy\/wp-content\/uploads\/2022\/01\/mapa-europa-con-bandera-UE-dst-440x264.webp 440w\" alt=\"\" width=\"600\" height=\"360\" \/>Per la seva part, a <em>El Debate<\/em>, Freixes considera que en el cas concret de Puigdemont no hi cap l&#8217;amnistia, ja que nom\u00e9s es pot amnistiar quan ja hi ha hagut una resoluci\u00f3 pr\u00e8via jurisdiccional, i en aquest cas, el pol\u00edtic encara es troba fugit de la just\u00edcia espanyola. D&#8217;altra banda, assenyala l&#8217;experta jurista, el <strong>Tribunal Suprem<\/strong> ent\u00e9n que la llei d&#8217;Amnistia no cobreix la malversaci\u00f3 de fons p\u00fablics, un delicte del qual tamb\u00e9 est\u00e0 acusat l&#8217;expresident de la Generalitat. &#8220;Si el senyor Puigdemont t\u00e9 ganes de tornar a fer el numeret com ja va fer venint a Barcelona, a jugar al ratol\u00ed i al gat, si el cacen o no el cacen, doncs b\u00e9, que ho faci, per\u00f2 corre el seu risc&#8221;, afirma l&#8217;entrevistada.<\/p>\n<p>Aix\u00ed mateix, recorda l&#8217;acad\u00e8mica, hi ha un altre assumpte fonamental en aquest cas, com ho \u00e9s la q\u00fcesti\u00f3 prejudicial presentada pel <strong>Tribunal de Comptes<\/strong> davant el <strong>Tribunal de Just\u00edcia de la Uni\u00f3 Europea<\/strong> a proposta de la plataforma ciutadana <strong>Societat Civil Catalana<\/strong>, de la qual Freixes \u00e9s ara vicepresidenta. Pel que fa als arguments del Tribunal Constitucional, l&#8217;experta considera que el fet de no estar recollida a la <strong>Constituci\u00f3<\/strong> de forma expressa la prohibici\u00f3 d&#8217;una amnistia i escudar-se en aix\u00f2 no \u00e9s m\u00e9s que una &#8220;aberraci\u00f3 jur\u00eddica&#8221;. &#8220;A veure, \u00bf\u00e9s que potser la mateixa Constituci\u00f3 ens diu expressament que no podem matar? Per\u00f2 tenim un <strong>Codi Penal<\/strong> que castiga l&#8217;assassinat i l&#8217;homicidi en tots els seus graus. Evidentment, la Constituci\u00f3 no pot regular-ho tot&#8221;, conclou.<\/p>\n<ul>\n<li>\n<h3><a href=\"https:\/\/cadenaser.com\/extremadura\/2025\/06\/23\/el-real-monasterio-de-yuste-acoge-un-nuevo-seminario-doctoral-en-torno-al-legado-europeo-de-angela-merkel-ser-norte-de-extremadura\/\" target=\"_blank\" rel=\"noopener\">Escolteu l&#8217;entrevista de la Cadena Ser<\/a><\/h3>\n<\/li>\n<li>\n<h3><a href=\"https:\/\/www.eldebate.com\/espana\/cataluna\/20250629\/catedratica-derecho-constitucional-sobre-retorno-puigdemont-no-como-casa_311793.html\" target=\"_blank\" rel=\"noopener\">Llegiu el reportatge d&#8217;El Debate<\/a><\/h3>\n<\/li>\n<\/ul>\n","protected":false},"excerpt":{"rendered":"<p>Entrevista a Teresa Freixes a &#8220;Hoy por hoy-Norte de Extremadura&#8221; de la Cadena Ser: &#8220;En un m\u00f3n en transformaci\u00f3 accelerada, amb guerres a les fronteres d&#8217;Europa i desafiaments econ\u00f2mics sense precedents, \u00e9s crucial refor\u00e7ar els valors fundacionals de la Uni\u00f3&#8221;<\/p>\n","protected":false},"author":12,"featured_media":110732,"comment_status":"closed","ping_status":"closed","sticky":false,"template":"","format":"standard","meta":{"_et_pb_use_builder":"","_et_pb_old_content":"","_et_gb_content_width":"","footnotes":""},"categories":[350,316,225,509,492],"tags":[],"class_list":["post-166226","post","type-post","status-publish","format-standard","has-post-thumbnail","hentry","category-ciencies-politiques","category-docencia-ca","category-dret","category-dret-penal","category-trobades-cientifiques-i-congressos","et-has-post-format-content","et_post_format-et-post-format-standard"],"yoast_head":"<!-- This site is optimized with the Yoast SEO plugin v27.4 - https:\/\/yoast.com\/product\/yoast-seo-wordpress\/ -->\n<title>Europa i l&#039;amnistia - Reial Acad\u00e8mia Europea de Doctors<\/title>\n<meta name=\"description\" content=\"Teresa Freixes: En un m\u00f3n en transformaci\u00f3 accelerada, amb guerres a les fronteres d&#039;Europa i desafiaments econ\u00f2mics sense precedents, \u00e9s crucial refor\u00e7ar els valors fundacionals de la Uni\u00f3\" \/>\n<meta name=\"robots\" content=\"index, follow, max-snippet:-1, max-image-preview:large, max-video-preview:-1\" \/>\n<link rel=\"canonical\" href=\"https:\/\/raed.academy\/ca\/europa-i-lamnistia\/\" \/>\n<meta property=\"og:locale\" content=\"ca_ES\" \/>\n<meta property=\"og:type\" content=\"article\" \/>\n<meta property=\"og:title\" content=\"Europa i l&#039;amnistia - Reial Acad\u00e8mia Europea de Doctors\" \/>\n<meta property=\"og:description\" content=\"Teresa Freixes: En un m\u00f3n en transformaci\u00f3 accelerada, amb guerres a les fronteres d&#039;Europa i desafiaments econ\u00f2mics sense precedents, \u00e9s crucial refor\u00e7ar els valors fundacionals de la Uni\u00f3\" \/>\n<meta property=\"og:url\" content=\"https:\/\/raed.academy\/ca\/europa-i-lamnistia\/\" \/>\n<meta property=\"og:site_name\" content=\"Reial Acad\u00e8mia Europea de Doctors\" \/>\n<meta property=\"article:publisher\" content=\"http:\/\/fb.me\/raed.academy\" \/>\n<meta property=\"article:published_time\" content=\"2025-07-21T11:30:02+00:00\" \/>\n<meta property=\"og:image\" content=\"https:\/\/raed.academy\/wp-content\/uploads\/2022\/01\/mapa-europa-con-bandera-UE-dst.webp\" \/>\n\t<meta property=\"og:image:width\" content=\"600\" \/>\n\t<meta property=\"og:image:height\" content=\"360\" \/>\n\t<meta property=\"og:image:type\" content=\"image\/webp\" \/>\n<meta name=\"author\" content=\"RAED\" \/>\n<meta name=\"twitter:card\" content=\"summary_large_image\" \/>\n<meta name=\"twitter:creator\" content=\"@raedacademy\" \/>\n<meta name=\"twitter:site\" content=\"@raedacademy\" \/>\n<meta name=\"twitter:label1\" content=\"Written by\" \/>\n\t<meta name=\"twitter:data1\" content=\"RAED\" \/>\n\t<meta name=\"twitter:label2\" content=\"Est. reading time\" \/>\n\t<meta name=\"twitter:data2\" content=\"4 minutes\" \/>\n<script type=\"application\/ld+json\" class=\"yoast-schema-graph\">{\"@context\":\"https:\\\/\\\/schema.org\",\"@graph\":[{\"@type\":\"Article\",\"@id\":\"https:\\\/\\\/raed.academy\\\/ca\\\/europa-i-lamnistia\\\/#article\",\"isPartOf\":{\"@id\":\"https:\\\/\\\/raed.academy\\\/ca\\\/europa-i-lamnistia\\\/\"},\"author\":{\"name\":\"RAED\",\"@id\":\"https:\\\/\\\/raed.academy\\\/ca\\\/#\\\/schema\\\/person\\\/5a755da80d1d979fd66ba745c8702927\"},\"headline\":\"Europa i l&#8217;amnistia\",\"datePublished\":\"2025-07-21T11:30:02+00:00\",\"mainEntityOfPage\":{\"@id\":\"https:\\\/\\\/raed.academy\\\/ca\\\/europa-i-lamnistia\\\/\"},\"wordCount\":699,\"publisher\":{\"@id\":\"https:\\\/\\\/raed.academy\\\/ca\\\/#organization\"},\"image\":{\"@id\":\"https:\\\/\\\/raed.academy\\\/ca\\\/europa-i-lamnistia\\\/#primaryimage\"},\"thumbnailUrl\":\"https:\\\/\\\/raed.academy\\\/wp-content\\\/uploads\\\/2022\\\/01\\\/mapa-europa-con-bandera-UE-dst.webp\",\"articleSection\":[\"Ci\u00e8ncies pol\u00edtiques\",\"Doc\u00e8ncia\",\"Dret\",\"Dret Penal\",\"Trobades Cient\u00edfiques i Congressos\"],\"inLanguage\":\"ca-ES\"},{\"@type\":\"WebPage\",\"@id\":\"https:\\\/\\\/raed.academy\\\/ca\\\/europa-i-lamnistia\\\/\",\"url\":\"https:\\\/\\\/raed.academy\\\/ca\\\/europa-i-lamnistia\\\/\",\"name\":\"Europa i l'amnistia - Reial Acad\u00e8mia Europea de Doctors\",\"isPartOf\":{\"@id\":\"https:\\\/\\\/raed.academy\\\/ca\\\/#website\"},\"primaryImageOfPage\":{\"@id\":\"https:\\\/\\\/raed.academy\\\/ca\\\/europa-i-lamnistia\\\/#primaryimage\"},\"image\":{\"@id\":\"https:\\\/\\\/raed.academy\\\/ca\\\/europa-i-lamnistia\\\/#primaryimage\"},\"thumbnailUrl\":\"https:\\\/\\\/raed.academy\\\/wp-content\\\/uploads\\\/2022\\\/01\\\/mapa-europa-con-bandera-UE-dst.webp\",\"datePublished\":\"2025-07-21T11:30:02+00:00\",\"description\":\"Teresa Freixes: En un m\u00f3n en transformaci\u00f3 accelerada, amb guerres a les fronteres d'Europa i desafiaments econ\u00f2mics sense precedents, \u00e9s crucial refor\u00e7ar els valors fundacionals de la Uni\u00f3\",\"breadcrumb\":{\"@id\":\"https:\\\/\\\/raed.academy\\\/ca\\\/europa-i-lamnistia\\\/#breadcrumb\"},\"inLanguage\":\"ca-ES\",\"potentialAction\":[{\"@type\":\"ReadAction\",\"target\":[\"https:\\\/\\\/raed.academy\\\/ca\\\/europa-i-lamnistia\\\/\"]}]},{\"@type\":\"ImageObject\",\"inLanguage\":\"ca-ES\",\"@id\":\"https:\\\/\\\/raed.academy\\\/ca\\\/europa-i-lamnistia\\\/#primaryimage\",\"url\":\"https:\\\/\\\/raed.academy\\\/wp-content\\\/uploads\\\/2022\\\/01\\\/mapa-europa-con-bandera-UE-dst.webp\",\"contentUrl\":\"https:\\\/\\\/raed.academy\\\/wp-content\\\/uploads\\\/2022\\\/01\\\/mapa-europa-con-bandera-UE-dst.webp\",\"width\":600,\"height\":360},{\"@type\":\"BreadcrumbList\",\"@id\":\"https:\\\/\\\/raed.academy\\\/ca\\\/europa-i-lamnistia\\\/#breadcrumb\",\"itemListElement\":[{\"@type\":\"ListItem\",\"position\":1,\"name\":\"Inicio\",\"item\":\"https:\\\/\\\/raed.academy\\\/ca\\\/\"},{\"@type\":\"ListItem\",\"position\":2,\"name\":\"Europa i l&#8217;amnistia\"}]},{\"@type\":\"WebSite\",\"@id\":\"https:\\\/\\\/raed.academy\\\/ca\\\/#website\",\"url\":\"https:\\\/\\\/raed.academy\\\/ca\\\/\",\"name\":\"Reial Acad\u00e8mia Europea de Doctors\",\"description\":\"Corporaci\u00f3n de derecho p\u00fablico de car\u00e1cter cient\u00edfico, t\u00e9cnico y art\u00edstico, que tiene por objeto la investigaci\u00f3n, el estudio, el fomento y la extensi\u00f3n del conocimiento en su sentido m\u00e1s amplio\",\"publisher\":{\"@id\":\"https:\\\/\\\/raed.academy\\\/ca\\\/#organization\"},\"potentialAction\":[{\"@type\":\"SearchAction\",\"target\":{\"@type\":\"EntryPoint\",\"urlTemplate\":\"https:\\\/\\\/raed.academy\\\/ca\\\/?s={search_term_string}\"},\"query-input\":{\"@type\":\"PropertyValueSpecification\",\"valueRequired\":true,\"valueName\":\"search_term_string\"}}],\"inLanguage\":\"ca-ES\"},{\"@type\":\"Organization\",\"@id\":\"https:\\\/\\\/raed.academy\\\/ca\\\/#organization\",\"name\":\"Real Academia Europea de Doctores\",\"url\":\"https:\\\/\\\/raed.academy\\\/ca\\\/\",\"logo\":{\"@type\":\"ImageObject\",\"inLanguage\":\"ca-ES\",\"@id\":\"https:\\\/\\\/raed.academy\\\/ca\\\/#\\\/schema\\\/logo\\\/image\\\/\",\"url\":\"https:\\\/\\\/raed.academy\\\/wp-content\\\/uploads\\\/2017\\\/01\\\/cropped-logo_raed.png\",\"contentUrl\":\"https:\\\/\\\/raed.academy\\\/wp-content\\\/uploads\\\/2017\\\/01\\\/cropped-logo_raed.png\",\"width\":512,\"height\":512,\"caption\":\"Real Academia Europea de Doctores\"},\"image\":{\"@id\":\"https:\\\/\\\/raed.academy\\\/ca\\\/#\\\/schema\\\/logo\\\/image\\\/\"},\"sameAs\":[\"http:\\\/\\\/fb.me\\\/raed.academy\",\"https:\\\/\\\/x.com\\\/raedacademy\",\"https:\\\/\\\/www.instagram.com\\\/raed.academy\\\/\",\"https:\\\/\\\/www.youtube.com\\\/channel\\\/UCUYQwW2KrdirNWihxMDObwg\"]},{\"@type\":\"Person\",\"@id\":\"https:\\\/\\\/raed.academy\\\/ca\\\/#\\\/schema\\\/person\\\/5a755da80d1d979fd66ba745c8702927\",\"name\":\"RAED\",\"image\":{\"@type\":\"ImageObject\",\"inLanguage\":\"ca-ES\",\"@id\":\"https:\\\/\\\/secure.gravatar.com\\\/avatar\\\/19fdfdc0d67fb9c45714b703a2ac82251c4fcea3637f002ac3c9b74c0183583c?s=96&d=mm&r=g\",\"url\":\"https:\\\/\\\/secure.gravatar.com\\\/avatar\\\/19fdfdc0d67fb9c45714b703a2ac82251c4fcea3637f002ac3c9b74c0183583c?s=96&d=mm&r=g\",\"contentUrl\":\"https:\\\/\\\/secure.gravatar.com\\\/avatar\\\/19fdfdc0d67fb9c45714b703a2ac82251c4fcea3637f002ac3c9b74c0183583c?s=96&d=mm&r=g\",\"caption\":\"RAED\"}}]}<\/script>\n<!-- \/ Yoast SEO plugin. -->","yoast_head_json":{"title":"Europa i l'amnistia - Reial Acad\u00e8mia Europea de Doctors","description":"Teresa Freixes: En un m\u00f3n en transformaci\u00f3 accelerada, amb guerres a les fronteres d'Europa i desafiaments econ\u00f2mics sense precedents, \u00e9s crucial refor\u00e7ar els valors fundacionals de la Uni\u00f3","robots":{"index":"index","follow":"follow","max-snippet":"max-snippet:-1","max-image-preview":"max-image-preview:large","max-video-preview":"max-video-preview:-1"},"canonical":"https:\/\/raed.academy\/ca\/europa-i-lamnistia\/","og_locale":"ca_ES","og_type":"article","og_title":"Europa i l'amnistia - Reial Acad\u00e8mia Europea de Doctors","og_description":"Teresa Freixes: En un m\u00f3n en transformaci\u00f3 accelerada, amb guerres a les fronteres d'Europa i desafiaments econ\u00f2mics sense precedents, \u00e9s crucial refor\u00e7ar els valors fundacionals de la Uni\u00f3","og_url":"https:\/\/raed.academy\/ca\/europa-i-lamnistia\/","og_site_name":"Reial Acad\u00e8mia Europea de Doctors","article_publisher":"http:\/\/fb.me\/raed.academy","article_published_time":"2025-07-21T11:30:02+00:00","og_image":[{"width":600,"height":360,"url":"https:\/\/raed.academy\/wp-content\/uploads\/2022\/01\/mapa-europa-con-bandera-UE-dst.webp","type":"image\/webp"}],"author":"RAED","twitter_card":"summary_large_image","twitter_creator":"@raedacademy","twitter_site":"@raedacademy","twitter_misc":{"Written by":"RAED","Est. reading time":"4 minutes"},"schema":{"@context":"https:\/\/schema.org","@graph":[{"@type":"Article","@id":"https:\/\/raed.academy\/ca\/europa-i-lamnistia\/#article","isPartOf":{"@id":"https:\/\/raed.academy\/ca\/europa-i-lamnistia\/"},"author":{"name":"RAED","@id":"https:\/\/raed.academy\/ca\/#\/schema\/person\/5a755da80d1d979fd66ba745c8702927"},"headline":"Europa i l&#8217;amnistia","datePublished":"2025-07-21T11:30:02+00:00","mainEntityOfPage":{"@id":"https:\/\/raed.academy\/ca\/europa-i-lamnistia\/"},"wordCount":699,"publisher":{"@id":"https:\/\/raed.academy\/ca\/#organization"},"image":{"@id":"https:\/\/raed.academy\/ca\/europa-i-lamnistia\/#primaryimage"},"thumbnailUrl":"https:\/\/raed.academy\/wp-content\/uploads\/2022\/01\/mapa-europa-con-bandera-UE-dst.webp","articleSection":["Ci\u00e8ncies pol\u00edtiques","Doc\u00e8ncia","Dret","Dret Penal","Trobades Cient\u00edfiques i Congressos"],"inLanguage":"ca-ES"},{"@type":"WebPage","@id":"https:\/\/raed.academy\/ca\/europa-i-lamnistia\/","url":"https:\/\/raed.academy\/ca\/europa-i-lamnistia\/","name":"Europa i l'amnistia - Reial Acad\u00e8mia Europea de Doctors","isPartOf":{"@id":"https:\/\/raed.academy\/ca\/#website"},"primaryImageOfPage":{"@id":"https:\/\/raed.academy\/ca\/europa-i-lamnistia\/#primaryimage"},"image":{"@id":"https:\/\/raed.academy\/ca\/europa-i-lamnistia\/#primaryimage"},"thumbnailUrl":"https:\/\/raed.academy\/wp-content\/uploads\/2022\/01\/mapa-europa-con-bandera-UE-dst.webp","datePublished":"2025-07-21T11:30:02+00:00","description":"Teresa Freixes: En un m\u00f3n en transformaci\u00f3 accelerada, amb guerres a les fronteres d'Europa i desafiaments econ\u00f2mics sense precedents, \u00e9s crucial refor\u00e7ar els valors fundacionals de la Uni\u00f3","breadcrumb":{"@id":"https:\/\/raed.academy\/ca\/europa-i-lamnistia\/#breadcrumb"},"inLanguage":"ca-ES","potentialAction":[{"@type":"ReadAction","target":["https:\/\/raed.academy\/ca\/europa-i-lamnistia\/"]}]},{"@type":"ImageObject","inLanguage":"ca-ES","@id":"https:\/\/raed.academy\/ca\/europa-i-lamnistia\/#primaryimage","url":"https:\/\/raed.academy\/wp-content\/uploads\/2022\/01\/mapa-europa-con-bandera-UE-dst.webp","contentUrl":"https:\/\/raed.academy\/wp-content\/uploads\/2022\/01\/mapa-europa-con-bandera-UE-dst.webp","width":600,"height":360},{"@type":"BreadcrumbList","@id":"https:\/\/raed.academy\/ca\/europa-i-lamnistia\/#breadcrumb","itemListElement":[{"@type":"ListItem","position":1,"name":"Inicio","item":"https:\/\/raed.academy\/ca\/"},{"@type":"ListItem","position":2,"name":"Europa i l&#8217;amnistia"}]},{"@type":"WebSite","@id":"https:\/\/raed.academy\/ca\/#website","url":"https:\/\/raed.academy\/ca\/","name":"Reial Acad\u00e8mia Europea de Doctors","description":"Corporaci\u00f3n de derecho p\u00fablico de car\u00e1cter cient\u00edfico, t\u00e9cnico y art\u00edstico, que tiene por objeto la investigaci\u00f3n, el estudio, el fomento y la extensi\u00f3n del conocimiento en su sentido m\u00e1s amplio","publisher":{"@id":"https:\/\/raed.academy\/ca\/#organization"},"potentialAction":[{"@type":"SearchAction","target":{"@type":"EntryPoint","urlTemplate":"https:\/\/raed.academy\/ca\/?s={search_term_string}"},"query-input":{"@type":"PropertyValueSpecification","valueRequired":true,"valueName":"search_term_string"}}],"inLanguage":"ca-ES"},{"@type":"Organization","@id":"https:\/\/raed.academy\/ca\/#organization","name":"Real Academia Europea de Doctores","url":"https:\/\/raed.academy\/ca\/","logo":{"@type":"ImageObject","inLanguage":"ca-ES","@id":"https:\/\/raed.academy\/ca\/#\/schema\/logo\/image\/","url":"https:\/\/raed.academy\/wp-content\/uploads\/2017\/01\/cropped-logo_raed.png","contentUrl":"https:\/\/raed.academy\/wp-content\/uploads\/2017\/01\/cropped-logo_raed.png","width":512,"height":512,"caption":"Real Academia Europea de Doctores"},"image":{"@id":"https:\/\/raed.academy\/ca\/#\/schema\/logo\/image\/"},"sameAs":["http:\/\/fb.me\/raed.academy","https:\/\/x.com\/raedacademy","https:\/\/www.instagram.com\/raed.academy\/","https:\/\/www.youtube.com\/channel\/UCUYQwW2KrdirNWihxMDObwg"]},{"@type":"Person","@id":"https:\/\/raed.academy\/ca\/#\/schema\/person\/5a755da80d1d979fd66ba745c8702927","name":"RAED","image":{"@type":"ImageObject","inLanguage":"ca-ES","@id":"https:\/\/secure.gravatar.com\/avatar\/19fdfdc0d67fb9c45714b703a2ac82251c4fcea3637f002ac3c9b74c0183583c?s=96&d=mm&r=g","url":"https:\/\/secure.gravatar.com\/avatar\/19fdfdc0d67fb9c45714b703a2ac82251c4fcea3637f002ac3c9b74c0183583c?s=96&d=mm&r=g","contentUrl":"https:\/\/secure.gravatar.com\/avatar\/19fdfdc0d67fb9c45714b703a2ac82251c4fcea3637f002ac3c9b74c0183583c?s=96&d=mm&r=g","caption":"RAED"}}]}},"_links":{"self":[{"href":"https:\/\/raed.academy\/ca\/wp-json\/wp\/v2\/posts\/166226","targetHints":{"allow":["GET"]}}],"collection":[{"href":"https:\/\/raed.academy\/ca\/wp-json\/wp\/v2\/posts"}],"about":[{"href":"https:\/\/raed.academy\/ca\/wp-json\/wp\/v2\/types\/post"}],"author":[{"embeddable":true,"href":"https:\/\/raed.academy\/ca\/wp-json\/wp\/v2\/users\/12"}],"replies":[{"embeddable":true,"href":"https:\/\/raed.academy\/ca\/wp-json\/wp\/v2\/comments?post=166226"}],"version-history":[{"count":0,"href":"https:\/\/raed.academy\/ca\/wp-json\/wp\/v2\/posts\/166226\/revisions"}],"wp:featuredmedia":[{"embeddable":true,"href":"https:\/\/raed.academy\/ca\/wp-json\/wp\/v2\/media\/110732"}],"wp:attachment":[{"href":"https:\/\/raed.academy\/ca\/wp-json\/wp\/v2\/media?parent=166226"}],"wp:term":[{"taxonomy":"category","embeddable":true,"href":"https:\/\/raed.academy\/ca\/wp-json\/wp\/v2\/categories?post=166226"},{"taxonomy":"post_tag","embeddable":true,"href":"https:\/\/raed.academy\/ca\/wp-json\/wp\/v2\/tags?post=166226"}],"curies":[{"name":"wp","href":"https:\/\/api.w.org\/{rel}","templated":true}]}}