{"id":165411,"date":"2025-06-21T10:47:33","date_gmt":"2025-06-21T10:47:33","guid":{"rendered":"https:\/\/raed.academy\/?p=165411"},"modified":"2025-06-21T10:47:33","modified_gmt":"2025-06-21T10:47:33","slug":"einstein-freud-strindberg-tots-de-lloguer","status":"publish","type":"post","link":"https:\/\/raed.academy\/ca\/einstein-freud-strindberg-tots-de-lloguer\/","title":{"rendered":"Einstein, Freud, Strindberg&#8230; tots de lloguer"},"content":{"rendered":"<div id=\"attachment_68173\" style=\"width: 510px\" class=\"wp-caption aligncenter\"><img loading=\"lazy\" decoding=\"async\" aria-describedby=\"caption-attachment-68173\" class=\"wp-image-68173 size-full\" src=\"https:\/\/raed.academy\/wp-content\/uploads\/2019\/03\/Jos\u00e9-Mar\u00eda-Bov\u00e9-Montero.jpg\" alt=\"Jos\u00e9 Mar\u00eda Bov\u00e9\" width=\"500\" height=\"333\" \/><p id=\"caption-attachment-68173\" class=\"wp-caption-text\">Dr. Jos\u00e9 Mar\u00eda Bov\u00e9<\/p><\/div>\n<p><a href=\"https:\/\/raed.academy\/ca\/academics\/dr-josep-maria-bove-montero\/\" target=\"_blank\" rel=\"noopener\"><em><strong>Jos\u00e9 Mar\u00eda Bov\u00e9<\/strong><\/em><\/a>, president de la firma d&#8217;auditoria <strong>Bov\u00e9 Montero y Asociados<\/strong>, c\u00f2nsol general honorari d&#8217;\u00c0ustria per a Catalunya i l&#8217;Arag\u00f3 i acad\u00e8mic numerari de la <strong>Reial Acad\u00e8mia Europea de Doctors<\/strong> (RAED), reflexiona sobre el model d&#8217;habitatge social austr\u00edac a l&#8217;article <strong>&#8220;Albert Einstein, Sigmund Freud, August Strindberg&#8230; y vivienda p\u00fablica&#8221;<\/strong>, que va publicar el passat 5 de juny al diari d&#8217;informaci\u00f3 econ\u00f2mica <strong>&#8220;Expansi\u00f3n&#8221;<\/strong>. L&#8217;expert va intervenir recentment al programa <strong>&#8220;Con I de Inmobiliario&#8221;<\/strong> de <strong>Radio Intereconom\u00eda<\/strong>, en el qual va abordar el <strong>Congr\u00e9s Nacional d&#8217;Arquitectura Avan\u00e7ada i Construcci\u00f3 4.0 Rebuild<\/strong>, que es va celebrar a <strong>Ifema Madrid<\/strong> i en el qual va participar amb la pon\u00e8ncia <strong>&#8220;El fen\u00f3meno de la vivienda social en Viena&#8221;<\/strong>. \u00c0ustria, pa\u00eds convidat en aquesta edici\u00f3, va esdevenir l&#8217;epicentre de les propostes m\u00e9s innovadores en sostenibilitat, digitalitzaci\u00f3 i benestar social.<\/p>\n<p>&#8220;Qu\u00e8 comparteixen figures tan dispars com ara <strong>Sigmund Freud<\/strong>, <strong>Albert Einstein<\/strong>, <strong>Karl Marx<\/strong>, <strong>August Strindberg<\/strong>, <strong>Rosa Albach-Retty<\/strong>, <strong>Oskar Werner<\/strong>, <strong>Margarete Sch\u00fctte-Lihotzky<\/strong> i<strong> Viktor Adler<\/strong>? Sabieu que, d&#8217;alguna manera, elles i ells tenen relaci\u00f3 amb una de les possibles respostes al greu problema de l&#8217;habitatge que pateixen moltes de les grans capitals europees i globals? Aquests personatges c\u00e8lebres, a m\u00e9s de molts d&#8217;altres, donen el seu nom a complexos residencials de protecci\u00f3 oficial destinats al lloguer d&#8217;habitatge habitual a la capital d&#8217;\u00c0ustria, Viena&#8221;, comen\u00e7a Bov\u00e9 el seu article.<\/p>\n<p>L&#8217;acad\u00e8mic assenyala la fita que al pa\u00eds centreeuropeu va suposar la promulgaci\u00f3 de la llei de Protecci\u00f3 dels Inquilins el 1922, quan la prioritat per a la capital austr\u00edaca, aix\u00ed com per a altres ciutats, va ser l&#8217;impuls de la construcci\u00f3 i gesti\u00f3 de pisos socials a partir de la consideraci\u00f3 que l&#8217;habitatge era un tema d&#8217;inter\u00e8s p\u00fablic. &#8220;Cada any, la capital austr\u00edaca inverteix prop de 200 milions d&#8217;euros en la renovaci\u00f3 del parc p\u00fablic d&#8217;habitatges (actualment s&#8217;estan renovant 247 edificis, que sumen m\u00e9s de 17.000 pisos), una xifra que ascendeix 500 milions d&#8217;euros si sumem la construcci\u00f3 d&#8217;habitatge nou (a ra\u00f3 de 10.000 habitatges subvencionats constru\u00efts anualment) i la rehabilitaci\u00f3 del parc urb\u00e0. M\u00e9s encara, en consideraci\u00f3 als col\u00b7lectius m\u00e9s vulnerables, des de l&#8217;any 2020 la ciutat compta amb un programa per a les fam\u00edlies monoparentals dotat amb m\u00e9s de 76.000 habitatges que, al seu torn, disposen de serveis especialitzats (guarderies i zones enjardinades, entre d&#8217;altres)&#8221;, detalla.<\/p>\n<p>El c\u00f2nsol general honorari d&#8217;\u00c0ustria explica que, en l&#8217;actualitat, prop d&#8217;un mili\u00f3 de vienesos gaudeixen d&#8217;aquest privilegi. &#8220;S\u00f3n s\u00edmbols culturals, hist\u00f2rics i socials que reflecteixen la diversitat i la vitalitat d&#8217;una ciutat que brinda a altres metr\u00f2polis europees i internacionals un cas de bones pr\u00e0ctiques en mat\u00e8ria residencial en el seu prop\u00f2sit d&#8217;oferir condicions d&#8217;habitabilitat accessible que, en el context d&#8217;una urbs en continu creixement, s&#8217;adaptin a les necessitats canviants de la poblaci\u00f3, siguin compatibles amb una alta qualitat de vida i exerceixin com a tractores de sostenibilitat i innovaci\u00f3 i impulsores de la necess\u00e0ria cohesi\u00f3 social. Qualsevol iniciativa que redundi en aquests objectius estar\u00e0 orientada al b\u00e9 com\u00fa i a l&#8217;inter\u00e8s general en benefici de la ciutadania del nostre pa\u00eds i de l&#8217;espai europeu com\u00fa&#8221;, conclou.<\/p>\n<p><img loading=\"lazy\" decoding=\"async\" class=\"size-full wp-image-133791 alignright\" src=\"https:\/\/raed.academy\/wp-content\/uploads\/2023\/05\/Derecho-a-la-propiedad-y-vivienda-Dominio-Publico-DST.webp\" sizes=\"(max-width: 600px) 100vw, 600px\" srcset=\"https:\/\/raed.academy\/wp-content\/uploads\/2023\/05\/Derecho-a-la-propiedad-y-vivienda-Dominio-Publico-DST.webp 600w, https:\/\/raed.academy\/wp-content\/uploads\/2023\/05\/Derecho-a-la-propiedad-y-vivienda-Dominio-Publico-DST-440x264.webp 440w\" alt=\"\" width=\"600\" height=\"360\" \/>Al capdavant del <strong>Consolat Honorari d&#8217;\u00c0ustria<\/strong> <strong>a Barcelona<\/strong>, l&#8217;acad\u00e8mic va organitzar el 2019 al costat de <strong>Foment de Treball<\/strong> i <strong>Advantage Austria<\/strong> la jornada t\u00e8cnica <strong>&#8220;La Motxilla Austr\u00edaca. Els fons de pensions ocupacionals i els r\u00e8gims d\u2019indemnitzaci\u00f3 per acomiadament&#8221;<\/strong>. La denominada Motxilla Austr\u00edaca \u00e9s un fons de capitalitzaci\u00f3 individual implementat el 2003 en aquell pa\u00eds orientat cap a la jubilaci\u00f3 o una indemnitzaci\u00f3 per acomiadament o baixa volunt\u00e0ria i garantit al 100% per l&#8217;Estat. Per a Bov\u00e9, el sistema austr\u00edac no nom\u00e9s permetria a Espanya reduir el d\u00e8ficit galopant de la <strong>Seguretat Social<\/strong>, sin\u00f3 que garantiria la viabilitat de l&#8217;actual sistema p\u00fablic de pensions i minimitzaria les tensions que es produeixen en el model espanyol en conjuntures econ\u00f2miques o laborals desfavorables. Bov\u00e9 ha estat reconegut amb la <strong>Gran Ins\u00edgnia d&#8217;Honor al M\u00e8rit de la Rep\u00fablica d&#8217;\u00c0ustria<\/strong>, una de les distincions de m\u00e9s rang i una de les primeres ordres que s&#8217;atorga a \u00c0ustria a persones que destaquen pels seus assoliments a les \u00e0rees pol\u00edtica, econ\u00f2mica, cultural, intel\u00b7lectual o al treball voluntari. El <strong>Govern<\/strong> austr\u00edac la confereix de forma excepcional per honrar aquells que hagin prestat serveis meritoris al pa\u00eds.<\/p>\n<h2><a href=\"https:\/\/bovemontero.com\/wp-content\/uploads\/2025\/06\/Jose-Maria-Bove_-Modelo-de-vivienda-Vienes_-Expansion.pdf\" target=\"_blank\" rel=\"noopener\">Llegiu l&#8217;article<\/a><\/h2>\n","protected":false},"excerpt":{"rendered":"<p>Jos\u00e9 Mar\u00eda Bov\u00e9 reflexiona sobre el model d&#8217;habitatge social austr\u00edac a l&#8217;article &#8220;Albert Einstein, Sigmund Freud, August Strindberg&#8230; i habitatge p\u00fablic&#8221;, publicat al diari d&#8217;informaci\u00f3 econ\u00f2mica &#8220;Expansi\u00f3n&#8221;<\/p>\n","protected":false},"author":12,"featured_media":133792,"comment_status":"closed","ping_status":"closed","sticky":false,"template":"","format":"standard","meta":{"_et_pb_use_builder":"","_et_pb_old_content":"","_et_gb_content_width":"","footnotes":""},"categories":[350,242],"tags":[],"class_list":["post-165411","post","type-post","status-publish","format-standard","has-post-thumbnail","hentry","category-ciencies-politiques","category-categ-historia","et-has-post-format-content","et_post_format-et-post-format-standard"],"yoast_head":"<!-- This site is optimized with the Yoast SEO plugin v27.4 - https:\/\/yoast.com\/product\/yoast-seo-wordpress\/ -->\n<title>Einstein, Freud, Strindberg... tots de lloguer - Reial Acad\u00e8mia Europea de Doctors<\/title>\n<meta name=\"description\" content=\"Jos\u00e9 Mar\u00eda Bov\u00e9 reflexiona sobre el model d&#039;habitatge social austr\u00edac a l&#039;article &quot;Albert Einstein, Sigmund Freud, August Strindberg... i habitatge p\u00fablic&quot;\" \/>\n<meta name=\"robots\" content=\"index, follow, max-snippet:-1, max-image-preview:large, max-video-preview:-1\" \/>\n<link rel=\"canonical\" href=\"https:\/\/raed.academy\/ca\/einstein-freud-strindberg-tots-de-lloguer\/\" \/>\n<meta property=\"og:locale\" content=\"ca_ES\" \/>\n<meta property=\"og:type\" content=\"article\" \/>\n<meta property=\"og:title\" content=\"Einstein, Freud, Strindberg... tots de lloguer - Reial Acad\u00e8mia Europea de Doctors\" \/>\n<meta property=\"og:description\" content=\"Jos\u00e9 Mar\u00eda Bov\u00e9 reflexiona sobre el model d&#039;habitatge social austr\u00edac a l&#039;article &quot;Albert Einstein, Sigmund Freud, August Strindberg... i habitatge p\u00fablic&quot;\" \/>\n<meta property=\"og:url\" content=\"https:\/\/raed.academy\/ca\/einstein-freud-strindberg-tots-de-lloguer\/\" \/>\n<meta property=\"og:site_name\" content=\"Reial Acad\u00e8mia Europea de Doctors\" \/>\n<meta property=\"article:publisher\" content=\"http:\/\/fb.me\/raed.academy\" \/>\n<meta property=\"article:published_time\" content=\"2025-06-21T10:47:33+00:00\" \/>\n<meta property=\"og:image\" content=\"https:\/\/raed.academy\/wp-content\/uploads\/2023\/05\/Derecho-a-la-propiedad-y-vivienda-Dominio-Publico-DST.webp\" \/>\n\t<meta property=\"og:image:width\" content=\"600\" \/>\n\t<meta property=\"og:image:height\" content=\"360\" \/>\n\t<meta property=\"og:image:type\" content=\"image\/webp\" \/>\n<meta name=\"author\" content=\"RAED\" \/>\n<meta name=\"twitter:card\" content=\"summary_large_image\" \/>\n<meta name=\"twitter:creator\" content=\"@raedacademy\" \/>\n<meta name=\"twitter:site\" content=\"@raedacademy\" \/>\n<meta name=\"twitter:label1\" content=\"Written by\" \/>\n\t<meta name=\"twitter:data1\" content=\"RAED\" \/>\n\t<meta name=\"twitter:label2\" content=\"Est. reading time\" \/>\n\t<meta name=\"twitter:data2\" content=\"4 minutes\" \/>\n<script type=\"application\/ld+json\" class=\"yoast-schema-graph\">{\"@context\":\"https:\\\/\\\/schema.org\",\"@graph\":[{\"@type\":\"Article\",\"@id\":\"https:\\\/\\\/raed.academy\\\/ca\\\/einstein-freud-strindberg-tots-de-lloguer\\\/#article\",\"isPartOf\":{\"@id\":\"https:\\\/\\\/raed.academy\\\/ca\\\/einstein-freud-strindberg-tots-de-lloguer\\\/\"},\"author\":{\"name\":\"RAED\",\"@id\":\"https:\\\/\\\/raed.academy\\\/ca\\\/#\\\/schema\\\/person\\\/5a755da80d1d979fd66ba745c8702927\"},\"headline\":\"Einstein, Freud, Strindberg&#8230; tots de lloguer\",\"datePublished\":\"2025-06-21T10:47:33+00:00\",\"mainEntityOfPage\":{\"@id\":\"https:\\\/\\\/raed.academy\\\/ca\\\/einstein-freud-strindberg-tots-de-lloguer\\\/\"},\"wordCount\":812,\"publisher\":{\"@id\":\"https:\\\/\\\/raed.academy\\\/ca\\\/#organization\"},\"image\":{\"@id\":\"https:\\\/\\\/raed.academy\\\/ca\\\/einstein-freud-strindberg-tots-de-lloguer\\\/#primaryimage\"},\"thumbnailUrl\":\"https:\\\/\\\/raed.academy\\\/wp-content\\\/uploads\\\/2023\\\/05\\\/Derecho-a-la-propiedad-y-vivienda-Dominio-Publico-DST.webp\",\"articleSection\":[\"Ci\u00e8ncies pol\u00edtiques\",\"Hist\u00f2ria\"],\"inLanguage\":\"ca-ES\"},{\"@type\":\"WebPage\",\"@id\":\"https:\\\/\\\/raed.academy\\\/ca\\\/einstein-freud-strindberg-tots-de-lloguer\\\/\",\"url\":\"https:\\\/\\\/raed.academy\\\/ca\\\/einstein-freud-strindberg-tots-de-lloguer\\\/\",\"name\":\"Einstein, Freud, Strindberg... tots de lloguer - Reial Acad\u00e8mia Europea de Doctors\",\"isPartOf\":{\"@id\":\"https:\\\/\\\/raed.academy\\\/ca\\\/#website\"},\"primaryImageOfPage\":{\"@id\":\"https:\\\/\\\/raed.academy\\\/ca\\\/einstein-freud-strindberg-tots-de-lloguer\\\/#primaryimage\"},\"image\":{\"@id\":\"https:\\\/\\\/raed.academy\\\/ca\\\/einstein-freud-strindberg-tots-de-lloguer\\\/#primaryimage\"},\"thumbnailUrl\":\"https:\\\/\\\/raed.academy\\\/wp-content\\\/uploads\\\/2023\\\/05\\\/Derecho-a-la-propiedad-y-vivienda-Dominio-Publico-DST.webp\",\"datePublished\":\"2025-06-21T10:47:33+00:00\",\"description\":\"Jos\u00e9 Mar\u00eda Bov\u00e9 reflexiona sobre el model d'habitatge social austr\u00edac a l'article \\\"Albert Einstein, Sigmund Freud, August Strindberg... i habitatge p\u00fablic\\\"\",\"breadcrumb\":{\"@id\":\"https:\\\/\\\/raed.academy\\\/ca\\\/einstein-freud-strindberg-tots-de-lloguer\\\/#breadcrumb\"},\"inLanguage\":\"ca-ES\",\"potentialAction\":[{\"@type\":\"ReadAction\",\"target\":[\"https:\\\/\\\/raed.academy\\\/ca\\\/einstein-freud-strindberg-tots-de-lloguer\\\/\"]}]},{\"@type\":\"ImageObject\",\"inLanguage\":\"ca-ES\",\"@id\":\"https:\\\/\\\/raed.academy\\\/ca\\\/einstein-freud-strindberg-tots-de-lloguer\\\/#primaryimage\",\"url\":\"https:\\\/\\\/raed.academy\\\/wp-content\\\/uploads\\\/2023\\\/05\\\/Derecho-a-la-propiedad-y-vivienda-Dominio-Publico-DST.webp\",\"contentUrl\":\"https:\\\/\\\/raed.academy\\\/wp-content\\\/uploads\\\/2023\\\/05\\\/Derecho-a-la-propiedad-y-vivienda-Dominio-Publico-DST.webp\",\"width\":600,\"height\":360},{\"@type\":\"BreadcrumbList\",\"@id\":\"https:\\\/\\\/raed.academy\\\/ca\\\/einstein-freud-strindberg-tots-de-lloguer\\\/#breadcrumb\",\"itemListElement\":[{\"@type\":\"ListItem\",\"position\":1,\"name\":\"Inicio\",\"item\":\"https:\\\/\\\/raed.academy\\\/ca\\\/\"},{\"@type\":\"ListItem\",\"position\":2,\"name\":\"Einstein, Freud, Strindberg&#8230; tots de lloguer\"}]},{\"@type\":\"WebSite\",\"@id\":\"https:\\\/\\\/raed.academy\\\/ca\\\/#website\",\"url\":\"https:\\\/\\\/raed.academy\\\/ca\\\/\",\"name\":\"Reial Acad\u00e8mia Europea de Doctors\",\"description\":\"Corporaci\u00f3n de derecho p\u00fablico de car\u00e1cter cient\u00edfico, t\u00e9cnico y art\u00edstico, que tiene por objeto la investigaci\u00f3n, el estudio, el fomento y la extensi\u00f3n del conocimiento en su sentido m\u00e1s amplio\",\"publisher\":{\"@id\":\"https:\\\/\\\/raed.academy\\\/ca\\\/#organization\"},\"potentialAction\":[{\"@type\":\"SearchAction\",\"target\":{\"@type\":\"EntryPoint\",\"urlTemplate\":\"https:\\\/\\\/raed.academy\\\/ca\\\/?s={search_term_string}\"},\"query-input\":{\"@type\":\"PropertyValueSpecification\",\"valueRequired\":true,\"valueName\":\"search_term_string\"}}],\"inLanguage\":\"ca-ES\"},{\"@type\":\"Organization\",\"@id\":\"https:\\\/\\\/raed.academy\\\/ca\\\/#organization\",\"name\":\"Real Academia Europea de Doctores\",\"url\":\"https:\\\/\\\/raed.academy\\\/ca\\\/\",\"logo\":{\"@type\":\"ImageObject\",\"inLanguage\":\"ca-ES\",\"@id\":\"https:\\\/\\\/raed.academy\\\/ca\\\/#\\\/schema\\\/logo\\\/image\\\/\",\"url\":\"https:\\\/\\\/raed.academy\\\/wp-content\\\/uploads\\\/2017\\\/01\\\/cropped-logo_raed.png\",\"contentUrl\":\"https:\\\/\\\/raed.academy\\\/wp-content\\\/uploads\\\/2017\\\/01\\\/cropped-logo_raed.png\",\"width\":512,\"height\":512,\"caption\":\"Real Academia Europea de Doctores\"},\"image\":{\"@id\":\"https:\\\/\\\/raed.academy\\\/ca\\\/#\\\/schema\\\/logo\\\/image\\\/\"},\"sameAs\":[\"http:\\\/\\\/fb.me\\\/raed.academy\",\"https:\\\/\\\/x.com\\\/raedacademy\",\"https:\\\/\\\/www.instagram.com\\\/raed.academy\\\/\",\"https:\\\/\\\/www.youtube.com\\\/channel\\\/UCUYQwW2KrdirNWihxMDObwg\"]},{\"@type\":\"Person\",\"@id\":\"https:\\\/\\\/raed.academy\\\/ca\\\/#\\\/schema\\\/person\\\/5a755da80d1d979fd66ba745c8702927\",\"name\":\"RAED\",\"image\":{\"@type\":\"ImageObject\",\"inLanguage\":\"ca-ES\",\"@id\":\"https:\\\/\\\/secure.gravatar.com\\\/avatar\\\/19fdfdc0d67fb9c45714b703a2ac82251c4fcea3637f002ac3c9b74c0183583c?s=96&d=mm&r=g\",\"url\":\"https:\\\/\\\/secure.gravatar.com\\\/avatar\\\/19fdfdc0d67fb9c45714b703a2ac82251c4fcea3637f002ac3c9b74c0183583c?s=96&d=mm&r=g\",\"contentUrl\":\"https:\\\/\\\/secure.gravatar.com\\\/avatar\\\/19fdfdc0d67fb9c45714b703a2ac82251c4fcea3637f002ac3c9b74c0183583c?s=96&d=mm&r=g\",\"caption\":\"RAED\"}}]}<\/script>\n<!-- \/ Yoast SEO plugin. -->","yoast_head_json":{"title":"Einstein, Freud, Strindberg... tots de lloguer - Reial Acad\u00e8mia Europea de Doctors","description":"Jos\u00e9 Mar\u00eda Bov\u00e9 reflexiona sobre el model d'habitatge social austr\u00edac a l'article \"Albert Einstein, Sigmund Freud, August Strindberg... i habitatge p\u00fablic\"","robots":{"index":"index","follow":"follow","max-snippet":"max-snippet:-1","max-image-preview":"max-image-preview:large","max-video-preview":"max-video-preview:-1"},"canonical":"https:\/\/raed.academy\/ca\/einstein-freud-strindberg-tots-de-lloguer\/","og_locale":"ca_ES","og_type":"article","og_title":"Einstein, Freud, Strindberg... tots de lloguer - Reial Acad\u00e8mia Europea de Doctors","og_description":"Jos\u00e9 Mar\u00eda Bov\u00e9 reflexiona sobre el model d'habitatge social austr\u00edac a l'article \"Albert Einstein, Sigmund Freud, August Strindberg... i habitatge p\u00fablic\"","og_url":"https:\/\/raed.academy\/ca\/einstein-freud-strindberg-tots-de-lloguer\/","og_site_name":"Reial Acad\u00e8mia Europea de Doctors","article_publisher":"http:\/\/fb.me\/raed.academy","article_published_time":"2025-06-21T10:47:33+00:00","og_image":[{"width":600,"height":360,"url":"https:\/\/raed.academy\/wp-content\/uploads\/2023\/05\/Derecho-a-la-propiedad-y-vivienda-Dominio-Publico-DST.webp","type":"image\/webp"}],"author":"RAED","twitter_card":"summary_large_image","twitter_creator":"@raedacademy","twitter_site":"@raedacademy","twitter_misc":{"Written by":"RAED","Est. reading time":"4 minutes"},"schema":{"@context":"https:\/\/schema.org","@graph":[{"@type":"Article","@id":"https:\/\/raed.academy\/ca\/einstein-freud-strindberg-tots-de-lloguer\/#article","isPartOf":{"@id":"https:\/\/raed.academy\/ca\/einstein-freud-strindberg-tots-de-lloguer\/"},"author":{"name":"RAED","@id":"https:\/\/raed.academy\/ca\/#\/schema\/person\/5a755da80d1d979fd66ba745c8702927"},"headline":"Einstein, Freud, Strindberg&#8230; tots de lloguer","datePublished":"2025-06-21T10:47:33+00:00","mainEntityOfPage":{"@id":"https:\/\/raed.academy\/ca\/einstein-freud-strindberg-tots-de-lloguer\/"},"wordCount":812,"publisher":{"@id":"https:\/\/raed.academy\/ca\/#organization"},"image":{"@id":"https:\/\/raed.academy\/ca\/einstein-freud-strindberg-tots-de-lloguer\/#primaryimage"},"thumbnailUrl":"https:\/\/raed.academy\/wp-content\/uploads\/2023\/05\/Derecho-a-la-propiedad-y-vivienda-Dominio-Publico-DST.webp","articleSection":["Ci\u00e8ncies pol\u00edtiques","Hist\u00f2ria"],"inLanguage":"ca-ES"},{"@type":"WebPage","@id":"https:\/\/raed.academy\/ca\/einstein-freud-strindberg-tots-de-lloguer\/","url":"https:\/\/raed.academy\/ca\/einstein-freud-strindberg-tots-de-lloguer\/","name":"Einstein, Freud, Strindberg... tots de lloguer - Reial Acad\u00e8mia Europea de Doctors","isPartOf":{"@id":"https:\/\/raed.academy\/ca\/#website"},"primaryImageOfPage":{"@id":"https:\/\/raed.academy\/ca\/einstein-freud-strindberg-tots-de-lloguer\/#primaryimage"},"image":{"@id":"https:\/\/raed.academy\/ca\/einstein-freud-strindberg-tots-de-lloguer\/#primaryimage"},"thumbnailUrl":"https:\/\/raed.academy\/wp-content\/uploads\/2023\/05\/Derecho-a-la-propiedad-y-vivienda-Dominio-Publico-DST.webp","datePublished":"2025-06-21T10:47:33+00:00","description":"Jos\u00e9 Mar\u00eda Bov\u00e9 reflexiona sobre el model d'habitatge social austr\u00edac a l'article \"Albert Einstein, Sigmund Freud, August Strindberg... i habitatge p\u00fablic\"","breadcrumb":{"@id":"https:\/\/raed.academy\/ca\/einstein-freud-strindberg-tots-de-lloguer\/#breadcrumb"},"inLanguage":"ca-ES","potentialAction":[{"@type":"ReadAction","target":["https:\/\/raed.academy\/ca\/einstein-freud-strindberg-tots-de-lloguer\/"]}]},{"@type":"ImageObject","inLanguage":"ca-ES","@id":"https:\/\/raed.academy\/ca\/einstein-freud-strindberg-tots-de-lloguer\/#primaryimage","url":"https:\/\/raed.academy\/wp-content\/uploads\/2023\/05\/Derecho-a-la-propiedad-y-vivienda-Dominio-Publico-DST.webp","contentUrl":"https:\/\/raed.academy\/wp-content\/uploads\/2023\/05\/Derecho-a-la-propiedad-y-vivienda-Dominio-Publico-DST.webp","width":600,"height":360},{"@type":"BreadcrumbList","@id":"https:\/\/raed.academy\/ca\/einstein-freud-strindberg-tots-de-lloguer\/#breadcrumb","itemListElement":[{"@type":"ListItem","position":1,"name":"Inicio","item":"https:\/\/raed.academy\/ca\/"},{"@type":"ListItem","position":2,"name":"Einstein, Freud, Strindberg&#8230; tots de lloguer"}]},{"@type":"WebSite","@id":"https:\/\/raed.academy\/ca\/#website","url":"https:\/\/raed.academy\/ca\/","name":"Reial Acad\u00e8mia Europea de Doctors","description":"Corporaci\u00f3n de derecho p\u00fablico de car\u00e1cter cient\u00edfico, t\u00e9cnico y art\u00edstico, que tiene por objeto la investigaci\u00f3n, el estudio, el fomento y la extensi\u00f3n del conocimiento en su sentido m\u00e1s amplio","publisher":{"@id":"https:\/\/raed.academy\/ca\/#organization"},"potentialAction":[{"@type":"SearchAction","target":{"@type":"EntryPoint","urlTemplate":"https:\/\/raed.academy\/ca\/?s={search_term_string}"},"query-input":{"@type":"PropertyValueSpecification","valueRequired":true,"valueName":"search_term_string"}}],"inLanguage":"ca-ES"},{"@type":"Organization","@id":"https:\/\/raed.academy\/ca\/#organization","name":"Real Academia Europea de Doctores","url":"https:\/\/raed.academy\/ca\/","logo":{"@type":"ImageObject","inLanguage":"ca-ES","@id":"https:\/\/raed.academy\/ca\/#\/schema\/logo\/image\/","url":"https:\/\/raed.academy\/wp-content\/uploads\/2017\/01\/cropped-logo_raed.png","contentUrl":"https:\/\/raed.academy\/wp-content\/uploads\/2017\/01\/cropped-logo_raed.png","width":512,"height":512,"caption":"Real Academia Europea de Doctores"},"image":{"@id":"https:\/\/raed.academy\/ca\/#\/schema\/logo\/image\/"},"sameAs":["http:\/\/fb.me\/raed.academy","https:\/\/x.com\/raedacademy","https:\/\/www.instagram.com\/raed.academy\/","https:\/\/www.youtube.com\/channel\/UCUYQwW2KrdirNWihxMDObwg"]},{"@type":"Person","@id":"https:\/\/raed.academy\/ca\/#\/schema\/person\/5a755da80d1d979fd66ba745c8702927","name":"RAED","image":{"@type":"ImageObject","inLanguage":"ca-ES","@id":"https:\/\/secure.gravatar.com\/avatar\/19fdfdc0d67fb9c45714b703a2ac82251c4fcea3637f002ac3c9b74c0183583c?s=96&d=mm&r=g","url":"https:\/\/secure.gravatar.com\/avatar\/19fdfdc0d67fb9c45714b703a2ac82251c4fcea3637f002ac3c9b74c0183583c?s=96&d=mm&r=g","contentUrl":"https:\/\/secure.gravatar.com\/avatar\/19fdfdc0d67fb9c45714b703a2ac82251c4fcea3637f002ac3c9b74c0183583c?s=96&d=mm&r=g","caption":"RAED"}}]}},"_links":{"self":[{"href":"https:\/\/raed.academy\/ca\/wp-json\/wp\/v2\/posts\/165411","targetHints":{"allow":["GET"]}}],"collection":[{"href":"https:\/\/raed.academy\/ca\/wp-json\/wp\/v2\/posts"}],"about":[{"href":"https:\/\/raed.academy\/ca\/wp-json\/wp\/v2\/types\/post"}],"author":[{"embeddable":true,"href":"https:\/\/raed.academy\/ca\/wp-json\/wp\/v2\/users\/12"}],"replies":[{"embeddable":true,"href":"https:\/\/raed.academy\/ca\/wp-json\/wp\/v2\/comments?post=165411"}],"version-history":[{"count":0,"href":"https:\/\/raed.academy\/ca\/wp-json\/wp\/v2\/posts\/165411\/revisions"}],"wp:featuredmedia":[{"embeddable":true,"href":"https:\/\/raed.academy\/ca\/wp-json\/wp\/v2\/media\/133792"}],"wp:attachment":[{"href":"https:\/\/raed.academy\/ca\/wp-json\/wp\/v2\/media?parent=165411"}],"wp:term":[{"taxonomy":"category","embeddable":true,"href":"https:\/\/raed.academy\/ca\/wp-json\/wp\/v2\/categories?post=165411"},{"taxonomy":"post_tag","embeddable":true,"href":"https:\/\/raed.academy\/ca\/wp-json\/wp\/v2\/tags?post=165411"}],"curies":[{"name":"wp","href":"https:\/\/api.w.org\/{rel}","templated":true}]}}