{"id":165107,"date":"2025-06-16T09:29:21","date_gmt":"2025-06-16T09:29:21","guid":{"rendered":"https:\/\/raed.academy\/?p=165107"},"modified":"2025-06-16T09:29:21","modified_gmt":"2025-06-16T09:29:21","slug":"alimentacio-biblica-i-dieta-mediterrania","status":"publish","type":"post","link":"https:\/\/raed.academy\/ca\/alimentacio-biblica-i-dieta-mediterrania\/","title":{"rendered":"Alimentaci\u00f3 b\u00edblica i dieta mediterr\u00e0nia"},"content":{"rendered":"<div id=\"attachment_113823\" style=\"width: 610px\" class=\"wp-caption aligncenter\"><img loading=\"lazy\" decoding=\"async\" aria-describedby=\"caption-attachment-113823\" class=\"wp-image-113823 size-full\" src=\"https:\/\/raed.academy\/wp-content\/uploads\/2022\/03\/August-Corominas-Vilardell.webp\" alt=\"August Corominas Vilardell\" width=\"600\" height=\"450\" srcset=\"https:\/\/raed.academy\/wp-content\/uploads\/2022\/03\/August-Corominas-Vilardell.webp 600w, https:\/\/raed.academy\/wp-content\/uploads\/2022\/03\/August-Corominas-Vilardell-400x300.webp 400w\" sizes=\"(max-width: 600px) 100vw, 600px\" \/><p id=\"caption-attachment-113823\" class=\"wp-caption-text\">Dr. August Corominas<\/p><\/div>\n<p><a href=\"https:\/\/raed.academy\/ca\/academics\/dr-august-corominas-vilardell\/\" target=\"_blank\" rel=\"noopener\"><em><strong>August Corominas<\/strong><\/em><\/a>, professor de Fisiologia Humana de la <strong>Universitat de M\u00farcia<\/strong> i de la <strong>Universitat Aut\u00f2noma de Barcelona<\/strong> i acad\u00e8mic em\u00e8rit de la <strong>Reial Acad\u00e8mia Europea de Doctors<\/strong> (RAED), comparteix amb la comunitat acad\u00e8mica l&#8217;article <strong>&#8220;Alimentaci\u00f3 b\u00edblica: aliments purs i aliments impurs&#8221;<\/strong>, en el que aborda l&#8217;alimentaci\u00f3 de l&#8217;antic poble d&#8217;Israel i els preceptes del judaisme, l&#8217;eliminaci\u00f3 dels aliments prohibits o impurs del cristianisme i la relaci\u00f3 d&#8217;aquest per\u00edode amb l\u2019actual dieta mediterr\u00e0nia.\u00a0L&#8217;acad\u00e8mic ha compartit recentment en aquesta publicaci\u00f3 els articles <a href=\"https:\/\/raed.academy\/ca\/la-maldat-de-putin\/\" target=\"_blank\" rel=\"noopener\"><strong>&#8220;La maldat de Putin&#8221;<\/strong><\/a>, <a href=\"https:\/\/raed.academy\/ca\/nova-apocalipsi-i-batalla-de-larmagedo\/\" target=\"_blank\" rel=\"noopener\"><strong>&#8220;Nou apocalipsi i batalla d&#8217;Armagedon&#8221;<\/strong><\/a>, <a href=\"https:\/\/raed.academy\/ca\/ser-vell-o-no\/\" target=\"_blank\" rel=\"noopener\"><strong>&#8220;Ser vell o no&#8221;<\/strong><\/a>, <a href=\"https:\/\/raed.academy\/ca\/medicina-anti-aging-les-claus-de-la-longevitat\/\" target=\"_blank\" rel=\"noopener\"><strong>&#8220;Anti-Aging&#8221;<\/strong><\/a>,\u00a0 <a href=\"https:\/\/raed.academy\/ca\/el-grafe-i-la-millora-dels-diagnostics-medics\/\" target=\"_blank\" rel=\"noopener\"><strong>&#8220;Graf\u00e8: un element de gran futur tecnol\u00f2gic&#8221;<\/strong><\/a>, <a href=\"https:\/\/raed.academy\/ca\/estadistica-dhiroshima\/\" target=\"_blank\" rel=\"noopener\"><strong>&#8220;Estad\u00edstica d&#8217;Hiroshima&#8221;<\/strong><\/a>\u00a0i <a href=\"https:\/\/raed.academy\/ca\/viure-a-la-lluna\/\" target=\"_blank\" rel=\"noopener\"><strong>&#8220;Viure a la Lluna&#8221;<\/strong><\/a>, <a href=\"https:\/\/raed.academy\/ca\/els-beneficis-de-la-cultura-i-la-dieta-mediterranies\/\" target=\"_blank\" rel=\"noopener\"><strong>&#8220;La dieta mediter\u00e0nia&#8221;<\/strong><\/a>, <a href=\"https:\/\/raed.academy\/ca\/els-dificils-inicis-de-can-ruti\/\" target=\"_blank\" rel=\"noopener\"><strong>&#8220;Els dif\u00edcils inicis de Can Ruti&#8221;<\/strong><\/a>, <a href=\"https:\/\/raed.academy\/ca\/els-secrets-de-la-longevitat-i-les-zones-blaves\/\" target=\"_blank\" rel=\"noopener\"><strong>Els secrets de la longevitat i les &#8216;zones blaves&#8217;<\/strong><\/a>, <a href=\"https:\/\/raed.academy\/ca\/atencio-a-les-caigudes-de-nit-i-de-dia\/\" target=\"_blank\" rel=\"noopener\"><strong>&#8220;Atenci\u00f3 a les caigudes, de nit i de dia&#8221;<\/strong><\/a>,\u00a0<a href=\"https:\/\/raed.academy\/ca\/la-bona-vida-i-la-vida-bona\/\" target=\"_blank\" rel=\"noopener\"><strong>&#8220;La bona vida i la vida bona&#8221;<\/strong><\/a>, <a href=\"https:\/\/raed.academy\/ca\/vida-biologica-i-vida-quantica\/\" target=\"_blank\" rel=\"noopener\"><strong>&#8220;Vida biol\u00f2gica i Vida Qu\u00e0ntica&#8221;<\/strong><\/a>, <a href=\"https:\/\/raed.academy\/ca\/lera-dels-hospitals-intel%c2%b7ligents\/\" target=\"_blank\" rel=\"noopener\"><strong>&#8220;Hospitals intel\u00b7ligents&#8221;<\/strong><\/a>, <a href=\"https:\/\/raed.academy\/ca\/cosmonautica-i-medicina-espacial\/\" target=\"_blank\" rel=\"noopener\"><strong>&#8220;Cosmon\u00e0utica i medicina espacial&#8221;<\/strong><\/a>, <a href=\"https:\/\/raed.academy\/ca\/el-maltractament-i-la-seva-gestio\/\" target=\"_blank\" rel=\"noopener\"><strong>&#8220;El maltractament i la seva gesti\u00f3&#8221;<\/strong><\/a>, <a href=\"https:\/\/raed.academy\/ca\/biologia-quantica\/\" target=\"_blank\" rel=\"noopener\"><strong>&#8220;Biologia qu\u00e0ntica&#8221;<\/strong><\/a>, <a href=\"https:\/\/raed.academy\/ca\/lexemple-del-negre-de-banyoles\/\" target=\"_blank\" rel=\"noopener\"><strong>&#8220;El negre de Banyoles (boixim\u00e0 o hotentot)&#8221;<\/strong><\/a>, <a href=\"https:\/\/raed.academy\/ca\/polidactilia-la-peculiaritat-de-tenir-sis-dits\/\" target=\"_blank\" rel=\"noopener\"><strong>&#8220;Polidact\u00edlia&#8221;<\/strong><\/a>, <a href=\"https:\/\/raed.academy\/ca\/ladolescencia-una-edat-critica\/\" target=\"_blank\" rel=\"noopener\"><strong>&#8220;Adolesc\u00e8ncia, edat cr\u00edtica de la vida humana&#8221;<\/strong><\/a> i <a href=\"https:\/\/raed.academy\/ca\/de-les-sirenes-a-les-actuals-quimeres\/\" target=\"_blank\" rel=\"noopener\"><strong>&#8220;Les sirenes, il\u00b7lusi\u00f3 de navegants i homes de mar&#8221;<\/strong><\/a>. A m\u00e9s \u00e9s autor d&#8217;un dels cap\u00edtols del llibre <strong>&#8220;Vitalidad al envejecer. Si lo deseas, puedes vivir m\u00e1s a\u00f1os con salud&#8221;<\/strong>, editat per la Reial Corporaci\u00f3 amb el suport de <strong>Vichy Catal\u00e1n<\/strong>.<\/p>\n<h2>Alimentaci\u00f3 b\u00edblica: aliments purs i aliments impurs<\/h2>\n<p><img loading=\"lazy\" decoding=\"async\" class=\"alignleft size-full wp-image-165091\" src=\"https:\/\/raed.academy\/wp-content\/uploads\/2025\/06\/Alimentacion-biblica-antiguo-pueblo-Israel-cGPT.webp\" alt=\"\" width=\"433\" height=\"650\" \/>En la tradici\u00f3 b\u00edblica, especialment a l&#8217;<strong>Antic Testament<\/strong>, s&#8217;estableix una distinci\u00f3 entre aliments purs i impurs, principalment al llibre del <strong>Lev\u00edtic<\/strong> (cap\u00edtol 11) i al <strong>Deuteronomi<\/strong> (cap\u00edtol 14). Aquesta classificaci\u00f3 tenia un prop\u00f2sit religi\u00f3s i sanitari, i formava part del codi de santedat del poble d&#8217;Israel.<\/p>\n<h3>Aliments purs (permesos)<\/h3>\n<p>Aquests eren els aliments que els israelites podien consumir. Es consideraven aptes per al poble sant per complir certes caracter\u00edstiques f\u00edsiques.<\/p>\n<p>Animals terrestres: han de tenir pe\u00fclla fesa i\u00a0remugar\u00a0(vaca, ovella, cabra, c\u00e9rvol).<\/p>\n<p>Animals aqu\u00e0tics: han de tenir aletes i escames (truita, salm\u00f3, carpa).<\/p>\n<p>Aus: no totes s\u00f3n llistades, per\u00f2 es permet en general aus no rapaces (colom, gallina, guatlla).<\/p>\n<p>Insectes: algunes llagostes eren permeses (llagosta, grill).<\/p>\n<h3>Aliments impurs (prohibits)<\/h3>\n<p>Aquests es consideraven inapropiats per raons de puresa ritual o per representar desordre en la\u00a0natura.<\/p>\n<p>Animals terrestres: que no\u00a0remuguen\u00a0o no tenen la pe\u00fclla fesa (porc, camell, llebre).<\/p>\n<p>Animals aqu\u00e0tics: que no tenen aletes ni escames (mariscos, pop, anguila, cranc).<\/p>\n<p>Aus: carronyaires o rapa\u00e7os (voltor, \u00e0guila, corb,\u00a0mussol).<\/p>\n<p>R\u00e8ptils i insectes: tots els r\u00e8ptils i la majoria dels insectes eren impurs (sargantanes, serps, paneroles).<\/p>\n<h2>Tradici\u00f3 cristiana<\/h2>\n<p>A la tradici\u00f3 b\u00edblica, especialment a l&#8217;Antic Testament, s&#8217;estableix una distinci\u00f3 entre aliments purs i impurs. Aquesta classificaci\u00f3 tenia un prop\u00f2sit religi\u00f3s i sanitari, i formava part del codi de santedat del poble d&#8217;Israel. Separar el sant del prof\u00e0, l&#8217;ordenat del ca\u00f2tic. Alguns creuen que reflectien normes d&#8217;higiene de l&#8217;\u00e8poca. Marcaven una difer\u00e8ncia entre Israel i altres nacions.<\/p>\n<p>Al cristianisme, tot i aix\u00f2, no hi ha els aliments prohibits. Al <strong>Nou Testament<\/strong>, especialment a <strong>Fets<\/strong>, 10 i <strong>Marc<\/strong>, 7:15 es declara que tots els aliments s\u00f3n nets. Aquesta nova visi\u00f3 elimina les restriccions aliment\u00e0ries per als cristians, destacant m\u00e9s la puresa interior que l&#8217;externa.<\/p>\n<p>La comparaci\u00f3 entre la dieta b\u00edblica i la dieta mediterr\u00e0nia actual revela similituds notables als seus fonaments nutricionals, encara que tamb\u00e9 existeixen difer\u00e8ncies clares per context hist\u00f2ric, cultural i disponibilitat d&#8217;aliments.<\/p>\n<p>Dieta b\u00edblica: Antic Orient Mitj\u00e0 (segles XX-X a.C.). Cereals (blat, ordi), llegums (llenties), fruites, verdures, oli d&#8217;oliva, peix, be, aus, poca carn vermella, greixos animals limitats, mel, fruites seques (d\u00e0tils, figues), llet de cabra i ovella, iogurt, formatges artesanals, vi (a vegades i amb car\u00e0cter sagrat). Menjars rituals, significat espiritual i comunitari i dejuni freq\u00fcent per raons religioses o escassetat.<\/p>\n<p>Dieta mediterr\u00e0nia actual: pa\u00efsos de la Mediterr\u00e0nia (segles XX-XXI). Fruites, verdures, llegums, cereals integrals, fruits secs, oli d&#8217;oliva, peix blau, aus, ous, molt poca carn vermella, pocs greixos saturats, sucre moderat, principalment de fruites fresques i seques, iogurt, formatges amb moderaci\u00f3, vi negre (consum moderat i social). Menjars socials, centrats en la fam\u00edlia i el plaer i dejuni ocasional per raons de salut o religi\u00f3.<\/p>\n<p>Similituds destacades: alta pres\u00e8ncia d&#8217;aliments d&#8217;origen vegetal, \u00fas de l&#8217;oli d&#8217;oliva com a greix principal, consum moderat de carn i vi, gran valor simb\u00f2lic i social del menjar.<\/p>\n<p>Difer\u00e8ncies notables: la dieta b\u00edblica era m\u00e9s austera, basada en l&#8217;autosufici\u00e8ncia agr\u00edcola i disponibilitat local. La mediterr\u00e0nia actual incorpora m\u00e9s varietat i t\u00e8cniques modernes de conservaci\u00f3 i cocci\u00f3. La dimensi\u00f3 espiritual era central en la dieta b\u00edblica, a la mediterr\u00e0nia predomina la salut i el gaudi.<\/p>\n","protected":false},"excerpt":{"rendered":"<p>August Corominas aborda l&#8217;alimentaci\u00f3 de l&#8217;antic poble d&#8217;Israel i els preceptes del judaisme, l&#8217;eliminaci\u00f3 dels aliments prohibits o impurs del cristianisme i la relaci\u00f3 d&#8217;aquest per\u00edode amb l&#8217;actual dieta mediterr\u00e0nia, a l&#8217;article &#8220;Alimentaci\u00f3 b\u00edblica: aliments purs i aliments impurs&#8221;<\/p>\n","protected":false},"author":12,"featured_media":165095,"comment_status":"closed","ping_status":"closed","sticky":false,"template":"","format":"standard","meta":{"_et_pb_use_builder":"","_et_pb_old_content":"","_et_gb_content_width":"","footnotes":""},"categories":[237,347,242,252],"tags":[],"class_list":["post-165107","post","type-post","status-publish","format-standard","has-post-thumbnail","hentry","category-alimentacio-i-nutricio","category-gastronomia-ca","category-categ-historia","category-teologia-ca","et-has-post-format-content","et_post_format-et-post-format-standard"],"yoast_head":"<!-- This site is optimized with the Yoast SEO plugin v27.5 - https:\/\/yoast.com\/product\/yoast-seo-wordpress\/ -->\n<title>Alimentaci\u00f3 b\u00edblica i dieta mediterr\u00e0nia - Reial Acad\u00e8mia Europea de Doctors<\/title>\n<meta name=\"description\" content=\"L&#039;alimentaci\u00f3 de l&#039;antic poble d&#039;Israel i la relaci\u00f3 d&#039;aquest per\u00edode amb la dieta mediterr\u00e0nia, a &quot;Alimentaci\u00f3 b\u00edblica: aliments purs i aliments impurs&quot;\" \/>\n<meta name=\"robots\" content=\"index, follow, max-snippet:-1, max-image-preview:large, max-video-preview:-1\" \/>\n<link rel=\"canonical\" href=\"https:\/\/raed.academy\/ca\/alimentacio-biblica-i-dieta-mediterrania\/\" \/>\n<meta property=\"og:locale\" content=\"ca_ES\" \/>\n<meta property=\"og:type\" content=\"article\" \/>\n<meta property=\"og:title\" content=\"Alimentaci\u00f3 b\u00edblica i dieta mediterr\u00e0nia - Reial Acad\u00e8mia Europea de Doctors\" \/>\n<meta property=\"og:description\" content=\"L&#039;alimentaci\u00f3 de l&#039;antic poble d&#039;Israel i la relaci\u00f3 d&#039;aquest per\u00edode amb la dieta mediterr\u00e0nia, a &quot;Alimentaci\u00f3 b\u00edblica: aliments purs i aliments impurs&quot;\" \/>\n<meta property=\"og:url\" content=\"https:\/\/raed.academy\/ca\/alimentacio-biblica-i-dieta-mediterrania\/\" \/>\n<meta property=\"og:site_name\" content=\"Reial Acad\u00e8mia Europea de Doctors\" \/>\n<meta property=\"article:publisher\" content=\"http:\/\/fb.me\/raed.academy\" \/>\n<meta property=\"article:published_time\" content=\"2025-06-16T09:29:21+00:00\" \/>\n<meta property=\"og:image\" content=\"https:\/\/raed.academy\/wp-content\/uploads\/2025\/06\/Alimentacion-biblica-antiguo-pueblo-Israel-cGPT-dst.webp\" \/>\n\t<meta property=\"og:image:width\" content=\"500\" \/>\n\t<meta property=\"og:image:height\" content=\"300\" \/>\n\t<meta property=\"og:image:type\" content=\"image\/webp\" \/>\n<meta name=\"author\" content=\"RAED\" \/>\n<meta name=\"twitter:card\" content=\"summary_large_image\" \/>\n<meta name=\"twitter:creator\" content=\"@raedacademy\" \/>\n<meta name=\"twitter:site\" content=\"@raedacademy\" \/>\n<meta name=\"twitter:label1\" content=\"Written by\" \/>\n\t<meta name=\"twitter:data1\" content=\"RAED\" \/>\n\t<meta name=\"twitter:label2\" content=\"Est. reading time\" \/>\n\t<meta name=\"twitter:data2\" content=\"5 minutes\" \/>\n<script type=\"application\/ld+json\" class=\"yoast-schema-graph\">{\"@context\":\"https:\\\/\\\/schema.org\",\"@graph\":[{\"@type\":\"Article\",\"@id\":\"https:\\\/\\\/raed.academy\\\/ca\\\/alimentacio-biblica-i-dieta-mediterrania\\\/#article\",\"isPartOf\":{\"@id\":\"https:\\\/\\\/raed.academy\\\/ca\\\/alimentacio-biblica-i-dieta-mediterrania\\\/\"},\"author\":{\"name\":\"RAED\",\"@id\":\"https:\\\/\\\/raed.academy\\\/ca\\\/#\\\/schema\\\/person\\\/5a755da80d1d979fd66ba745c8702927\"},\"headline\":\"Alimentaci\u00f3 b\u00edblica i dieta mediterr\u00e0nia\",\"datePublished\":\"2025-06-16T09:29:21+00:00\",\"mainEntityOfPage\":{\"@id\":\"https:\\\/\\\/raed.academy\\\/ca\\\/alimentacio-biblica-i-dieta-mediterrania\\\/\"},\"wordCount\":870,\"publisher\":{\"@id\":\"https:\\\/\\\/raed.academy\\\/ca\\\/#organization\"},\"image\":{\"@id\":\"https:\\\/\\\/raed.academy\\\/ca\\\/alimentacio-biblica-i-dieta-mediterrania\\\/#primaryimage\"},\"thumbnailUrl\":\"https:\\\/\\\/raed.academy\\\/wp-content\\\/uploads\\\/2025\\\/06\\\/Alimentacion-biblica-antiguo-pueblo-Israel-cGPT-dst.webp\",\"articleSection\":[\"Alimentaci\u00f3 i nutrici\u00f3\",\"Gastronomia\",\"Hist\u00f2ria\",\"Teologia\"],\"inLanguage\":\"ca-ES\"},{\"@type\":\"WebPage\",\"@id\":\"https:\\\/\\\/raed.academy\\\/ca\\\/alimentacio-biblica-i-dieta-mediterrania\\\/\",\"url\":\"https:\\\/\\\/raed.academy\\\/ca\\\/alimentacio-biblica-i-dieta-mediterrania\\\/\",\"name\":\"Alimentaci\u00f3 b\u00edblica i dieta mediterr\u00e0nia - Reial Acad\u00e8mia Europea de Doctors\",\"isPartOf\":{\"@id\":\"https:\\\/\\\/raed.academy\\\/ca\\\/#website\"},\"primaryImageOfPage\":{\"@id\":\"https:\\\/\\\/raed.academy\\\/ca\\\/alimentacio-biblica-i-dieta-mediterrania\\\/#primaryimage\"},\"image\":{\"@id\":\"https:\\\/\\\/raed.academy\\\/ca\\\/alimentacio-biblica-i-dieta-mediterrania\\\/#primaryimage\"},\"thumbnailUrl\":\"https:\\\/\\\/raed.academy\\\/wp-content\\\/uploads\\\/2025\\\/06\\\/Alimentacion-biblica-antiguo-pueblo-Israel-cGPT-dst.webp\",\"datePublished\":\"2025-06-16T09:29:21+00:00\",\"description\":\"L'alimentaci\u00f3 de l'antic poble d'Israel i la relaci\u00f3 d'aquest per\u00edode amb la dieta mediterr\u00e0nia, a \\\"Alimentaci\u00f3 b\u00edblica: aliments purs i aliments impurs\\\"\",\"breadcrumb\":{\"@id\":\"https:\\\/\\\/raed.academy\\\/ca\\\/alimentacio-biblica-i-dieta-mediterrania\\\/#breadcrumb\"},\"inLanguage\":\"ca-ES\",\"potentialAction\":[{\"@type\":\"ReadAction\",\"target\":[\"https:\\\/\\\/raed.academy\\\/ca\\\/alimentacio-biblica-i-dieta-mediterrania\\\/\"]}]},{\"@type\":\"ImageObject\",\"inLanguage\":\"ca-ES\",\"@id\":\"https:\\\/\\\/raed.academy\\\/ca\\\/alimentacio-biblica-i-dieta-mediterrania\\\/#primaryimage\",\"url\":\"https:\\\/\\\/raed.academy\\\/wp-content\\\/uploads\\\/2025\\\/06\\\/Alimentacion-biblica-antiguo-pueblo-Israel-cGPT-dst.webp\",\"contentUrl\":\"https:\\\/\\\/raed.academy\\\/wp-content\\\/uploads\\\/2025\\\/06\\\/Alimentacion-biblica-antiguo-pueblo-Israel-cGPT-dst.webp\",\"width\":500,\"height\":300},{\"@type\":\"BreadcrumbList\",\"@id\":\"https:\\\/\\\/raed.academy\\\/ca\\\/alimentacio-biblica-i-dieta-mediterrania\\\/#breadcrumb\",\"itemListElement\":[{\"@type\":\"ListItem\",\"position\":1,\"name\":\"Inicio\",\"item\":\"https:\\\/\\\/raed.academy\\\/ca\\\/\"},{\"@type\":\"ListItem\",\"position\":2,\"name\":\"Alimentaci\u00f3 b\u00edblica i dieta mediterr\u00e0nia\"}]},{\"@type\":\"WebSite\",\"@id\":\"https:\\\/\\\/raed.academy\\\/ca\\\/#website\",\"url\":\"https:\\\/\\\/raed.academy\\\/ca\\\/\",\"name\":\"Reial Acad\u00e8mia Europea de Doctors\",\"description\":\"Corporaci\u00f3n de derecho p\u00fablico de car\u00e1cter cient\u00edfico, t\u00e9cnico y art\u00edstico, que tiene por objeto la investigaci\u00f3n, el estudio, el fomento y la extensi\u00f3n del conocimiento en su sentido m\u00e1s amplio\",\"publisher\":{\"@id\":\"https:\\\/\\\/raed.academy\\\/ca\\\/#organization\"},\"potentialAction\":[{\"@type\":\"SearchAction\",\"target\":{\"@type\":\"EntryPoint\",\"urlTemplate\":\"https:\\\/\\\/raed.academy\\\/ca\\\/?s={search_term_string}\"},\"query-input\":{\"@type\":\"PropertyValueSpecification\",\"valueRequired\":true,\"valueName\":\"search_term_string\"}}],\"inLanguage\":\"ca-ES\"},{\"@type\":\"Organization\",\"@id\":\"https:\\\/\\\/raed.academy\\\/ca\\\/#organization\",\"name\":\"Real Academia Europea de Doctores\",\"url\":\"https:\\\/\\\/raed.academy\\\/ca\\\/\",\"logo\":{\"@type\":\"ImageObject\",\"inLanguage\":\"ca-ES\",\"@id\":\"https:\\\/\\\/raed.academy\\\/ca\\\/#\\\/schema\\\/logo\\\/image\\\/\",\"url\":\"https:\\\/\\\/raed.academy\\\/wp-content\\\/uploads\\\/2017\\\/01\\\/cropped-logo_raed.png\",\"contentUrl\":\"https:\\\/\\\/raed.academy\\\/wp-content\\\/uploads\\\/2017\\\/01\\\/cropped-logo_raed.png\",\"width\":512,\"height\":512,\"caption\":\"Real Academia Europea de Doctores\"},\"image\":{\"@id\":\"https:\\\/\\\/raed.academy\\\/ca\\\/#\\\/schema\\\/logo\\\/image\\\/\"},\"sameAs\":[\"http:\\\/\\\/fb.me\\\/raed.academy\",\"https:\\\/\\\/x.com\\\/raedacademy\",\"https:\\\/\\\/www.instagram.com\\\/raed.academy\\\/\",\"https:\\\/\\\/www.youtube.com\\\/channel\\\/UCUYQwW2KrdirNWihxMDObwg\"]},{\"@type\":\"Person\",\"@id\":\"https:\\\/\\\/raed.academy\\\/ca\\\/#\\\/schema\\\/person\\\/5a755da80d1d979fd66ba745c8702927\",\"name\":\"RAED\",\"image\":{\"@type\":\"ImageObject\",\"inLanguage\":\"ca-ES\",\"@id\":\"https:\\\/\\\/secure.gravatar.com\\\/avatar\\\/19fdfdc0d67fb9c45714b703a2ac82251c4fcea3637f002ac3c9b74c0183583c?s=96&d=mm&r=g\",\"url\":\"https:\\\/\\\/secure.gravatar.com\\\/avatar\\\/19fdfdc0d67fb9c45714b703a2ac82251c4fcea3637f002ac3c9b74c0183583c?s=96&d=mm&r=g\",\"contentUrl\":\"https:\\\/\\\/secure.gravatar.com\\\/avatar\\\/19fdfdc0d67fb9c45714b703a2ac82251c4fcea3637f002ac3c9b74c0183583c?s=96&d=mm&r=g\",\"caption\":\"RAED\"}}]}<\/script>\n<!-- \/ Yoast SEO plugin. -->","yoast_head_json":{"title":"Alimentaci\u00f3 b\u00edblica i dieta mediterr\u00e0nia - Reial Acad\u00e8mia Europea de Doctors","description":"L'alimentaci\u00f3 de l'antic poble d'Israel i la relaci\u00f3 d'aquest per\u00edode amb la dieta mediterr\u00e0nia, a \"Alimentaci\u00f3 b\u00edblica: aliments purs i aliments impurs\"","robots":{"index":"index","follow":"follow","max-snippet":"max-snippet:-1","max-image-preview":"max-image-preview:large","max-video-preview":"max-video-preview:-1"},"canonical":"https:\/\/raed.academy\/ca\/alimentacio-biblica-i-dieta-mediterrania\/","og_locale":"ca_ES","og_type":"article","og_title":"Alimentaci\u00f3 b\u00edblica i dieta mediterr\u00e0nia - Reial Acad\u00e8mia Europea de Doctors","og_description":"L'alimentaci\u00f3 de l'antic poble d'Israel i la relaci\u00f3 d'aquest per\u00edode amb la dieta mediterr\u00e0nia, a \"Alimentaci\u00f3 b\u00edblica: aliments purs i aliments impurs\"","og_url":"https:\/\/raed.academy\/ca\/alimentacio-biblica-i-dieta-mediterrania\/","og_site_name":"Reial Acad\u00e8mia Europea de Doctors","article_publisher":"http:\/\/fb.me\/raed.academy","article_published_time":"2025-06-16T09:29:21+00:00","og_image":[{"width":500,"height":300,"url":"https:\/\/raed.academy\/wp-content\/uploads\/2025\/06\/Alimentacion-biblica-antiguo-pueblo-Israel-cGPT-dst.webp","type":"image\/webp"}],"author":"RAED","twitter_card":"summary_large_image","twitter_creator":"@raedacademy","twitter_site":"@raedacademy","twitter_misc":{"Written by":"RAED","Est. reading time":"5 minutes"},"schema":{"@context":"https:\/\/schema.org","@graph":[{"@type":"Article","@id":"https:\/\/raed.academy\/ca\/alimentacio-biblica-i-dieta-mediterrania\/#article","isPartOf":{"@id":"https:\/\/raed.academy\/ca\/alimentacio-biblica-i-dieta-mediterrania\/"},"author":{"name":"RAED","@id":"https:\/\/raed.academy\/ca\/#\/schema\/person\/5a755da80d1d979fd66ba745c8702927"},"headline":"Alimentaci\u00f3 b\u00edblica i dieta mediterr\u00e0nia","datePublished":"2025-06-16T09:29:21+00:00","mainEntityOfPage":{"@id":"https:\/\/raed.academy\/ca\/alimentacio-biblica-i-dieta-mediterrania\/"},"wordCount":870,"publisher":{"@id":"https:\/\/raed.academy\/ca\/#organization"},"image":{"@id":"https:\/\/raed.academy\/ca\/alimentacio-biblica-i-dieta-mediterrania\/#primaryimage"},"thumbnailUrl":"https:\/\/raed.academy\/wp-content\/uploads\/2025\/06\/Alimentacion-biblica-antiguo-pueblo-Israel-cGPT-dst.webp","articleSection":["Alimentaci\u00f3 i nutrici\u00f3","Gastronomia","Hist\u00f2ria","Teologia"],"inLanguage":"ca-ES"},{"@type":"WebPage","@id":"https:\/\/raed.academy\/ca\/alimentacio-biblica-i-dieta-mediterrania\/","url":"https:\/\/raed.academy\/ca\/alimentacio-biblica-i-dieta-mediterrania\/","name":"Alimentaci\u00f3 b\u00edblica i dieta mediterr\u00e0nia - Reial Acad\u00e8mia Europea de Doctors","isPartOf":{"@id":"https:\/\/raed.academy\/ca\/#website"},"primaryImageOfPage":{"@id":"https:\/\/raed.academy\/ca\/alimentacio-biblica-i-dieta-mediterrania\/#primaryimage"},"image":{"@id":"https:\/\/raed.academy\/ca\/alimentacio-biblica-i-dieta-mediterrania\/#primaryimage"},"thumbnailUrl":"https:\/\/raed.academy\/wp-content\/uploads\/2025\/06\/Alimentacion-biblica-antiguo-pueblo-Israel-cGPT-dst.webp","datePublished":"2025-06-16T09:29:21+00:00","description":"L'alimentaci\u00f3 de l'antic poble d'Israel i la relaci\u00f3 d'aquest per\u00edode amb la dieta mediterr\u00e0nia, a \"Alimentaci\u00f3 b\u00edblica: aliments purs i aliments impurs\"","breadcrumb":{"@id":"https:\/\/raed.academy\/ca\/alimentacio-biblica-i-dieta-mediterrania\/#breadcrumb"},"inLanguage":"ca-ES","potentialAction":[{"@type":"ReadAction","target":["https:\/\/raed.academy\/ca\/alimentacio-biblica-i-dieta-mediterrania\/"]}]},{"@type":"ImageObject","inLanguage":"ca-ES","@id":"https:\/\/raed.academy\/ca\/alimentacio-biblica-i-dieta-mediterrania\/#primaryimage","url":"https:\/\/raed.academy\/wp-content\/uploads\/2025\/06\/Alimentacion-biblica-antiguo-pueblo-Israel-cGPT-dst.webp","contentUrl":"https:\/\/raed.academy\/wp-content\/uploads\/2025\/06\/Alimentacion-biblica-antiguo-pueblo-Israel-cGPT-dst.webp","width":500,"height":300},{"@type":"BreadcrumbList","@id":"https:\/\/raed.academy\/ca\/alimentacio-biblica-i-dieta-mediterrania\/#breadcrumb","itemListElement":[{"@type":"ListItem","position":1,"name":"Inicio","item":"https:\/\/raed.academy\/ca\/"},{"@type":"ListItem","position":2,"name":"Alimentaci\u00f3 b\u00edblica i dieta mediterr\u00e0nia"}]},{"@type":"WebSite","@id":"https:\/\/raed.academy\/ca\/#website","url":"https:\/\/raed.academy\/ca\/","name":"Reial Acad\u00e8mia Europea de Doctors","description":"Corporaci\u00f3n de derecho p\u00fablico de car\u00e1cter cient\u00edfico, t\u00e9cnico y art\u00edstico, que tiene por objeto la investigaci\u00f3n, el estudio, el fomento y la extensi\u00f3n del conocimiento en su sentido m\u00e1s amplio","publisher":{"@id":"https:\/\/raed.academy\/ca\/#organization"},"potentialAction":[{"@type":"SearchAction","target":{"@type":"EntryPoint","urlTemplate":"https:\/\/raed.academy\/ca\/?s={search_term_string}"},"query-input":{"@type":"PropertyValueSpecification","valueRequired":true,"valueName":"search_term_string"}}],"inLanguage":"ca-ES"},{"@type":"Organization","@id":"https:\/\/raed.academy\/ca\/#organization","name":"Real Academia Europea de Doctores","url":"https:\/\/raed.academy\/ca\/","logo":{"@type":"ImageObject","inLanguage":"ca-ES","@id":"https:\/\/raed.academy\/ca\/#\/schema\/logo\/image\/","url":"https:\/\/raed.academy\/wp-content\/uploads\/2017\/01\/cropped-logo_raed.png","contentUrl":"https:\/\/raed.academy\/wp-content\/uploads\/2017\/01\/cropped-logo_raed.png","width":512,"height":512,"caption":"Real Academia Europea de Doctores"},"image":{"@id":"https:\/\/raed.academy\/ca\/#\/schema\/logo\/image\/"},"sameAs":["http:\/\/fb.me\/raed.academy","https:\/\/x.com\/raedacademy","https:\/\/www.instagram.com\/raed.academy\/","https:\/\/www.youtube.com\/channel\/UCUYQwW2KrdirNWihxMDObwg"]},{"@type":"Person","@id":"https:\/\/raed.academy\/ca\/#\/schema\/person\/5a755da80d1d979fd66ba745c8702927","name":"RAED","image":{"@type":"ImageObject","inLanguage":"ca-ES","@id":"https:\/\/secure.gravatar.com\/avatar\/19fdfdc0d67fb9c45714b703a2ac82251c4fcea3637f002ac3c9b74c0183583c?s=96&d=mm&r=g","url":"https:\/\/secure.gravatar.com\/avatar\/19fdfdc0d67fb9c45714b703a2ac82251c4fcea3637f002ac3c9b74c0183583c?s=96&d=mm&r=g","contentUrl":"https:\/\/secure.gravatar.com\/avatar\/19fdfdc0d67fb9c45714b703a2ac82251c4fcea3637f002ac3c9b74c0183583c?s=96&d=mm&r=g","caption":"RAED"}}]}},"_links":{"self":[{"href":"https:\/\/raed.academy\/ca\/wp-json\/wp\/v2\/posts\/165107","targetHints":{"allow":["GET"]}}],"collection":[{"href":"https:\/\/raed.academy\/ca\/wp-json\/wp\/v2\/posts"}],"about":[{"href":"https:\/\/raed.academy\/ca\/wp-json\/wp\/v2\/types\/post"}],"author":[{"embeddable":true,"href":"https:\/\/raed.academy\/ca\/wp-json\/wp\/v2\/users\/12"}],"replies":[{"embeddable":true,"href":"https:\/\/raed.academy\/ca\/wp-json\/wp\/v2\/comments?post=165107"}],"version-history":[{"count":0,"href":"https:\/\/raed.academy\/ca\/wp-json\/wp\/v2\/posts\/165107\/revisions"}],"wp:featuredmedia":[{"embeddable":true,"href":"https:\/\/raed.academy\/ca\/wp-json\/wp\/v2\/media\/165095"}],"wp:attachment":[{"href":"https:\/\/raed.academy\/ca\/wp-json\/wp\/v2\/media?parent=165107"}],"wp:term":[{"taxonomy":"category","embeddable":true,"href":"https:\/\/raed.academy\/ca\/wp-json\/wp\/v2\/categories?post=165107"},{"taxonomy":"post_tag","embeddable":true,"href":"https:\/\/raed.academy\/ca\/wp-json\/wp\/v2\/tags?post=165107"}],"curies":[{"name":"wp","href":"https:\/\/api.w.org\/{rel}","templated":true}]}}