{"id":164840,"date":"2025-06-06T13:49:07","date_gmt":"2025-06-06T13:49:07","guid":{"rendered":"https:\/\/raed.academy\/?p=164840"},"modified":"2025-06-07T10:26:17","modified_gmt":"2025-06-07T10:26:17","slug":"la-sostenibilitat-com-a-nova-clau-de-la-gestio-empresarial","status":"publish","type":"post","link":"https:\/\/raed.academy\/ca\/la-sostenibilitat-com-a-nova-clau-de-la-gestio-empresarial\/","title":{"rendered":"La sostenibilitat com a nova clau de la gesti\u00f3 empresarial"},"content":{"rendered":"<p>[et_pb_section fb_built=&#8221;1&#8243; fullwidth=&#8221;on&#8221; _builder_version=&#8221;4.27.4&#8243; _module_preset=&#8221;default&#8221; locked=&#8221;off&#8221; global_colors_info=&#8221;{}&#8221;][et_pb_fullwidth_image src=&#8221;https:\/\/raed.academy\/wp-content\/uploads\/2025\/05\/shutt-bombilla-naturaleza-energia-desarrollo-renovable-y-sostenible-2.91.webp&#8221; title_text=&#8221;shutt-bombilla-naturaleza-energia-desarrollo-renovable-y-sostenible-2.91&#8243; _builder_version=&#8221;4.27.4&#8243; _module_preset=&#8221;default&#8221; global_colors_info=&#8221;{}&#8221;][\/et_pb_fullwidth_image][\/et_pb_section][et_pb_section fb_built=&#8221;1&#8243; admin_label=&#8221;section&#8221; _builder_version=&#8221;4.16&#8243; global_colors_info=&#8221;{}&#8221;][et_pb_row use_custom_gutter=&#8221;on&#8221; gutter_width=&#8221;1&#8243; admin_label=&#8221;row&#8221; _builder_version=&#8221;4.27.4&#8243; background_size=&#8221;initial&#8221; background_position=&#8221;top_left&#8221; background_repeat=&#8221;repeat&#8221; max_width=&#8221;1400px&#8221; hover_enabled=&#8221;0&#8243; global_colors_info=&#8221;{}&#8221; sticky_enabled=&#8221;0&#8243;][et_pb_column type=&#8221;4_4&#8243; _builder_version=&#8221;4.16&#8243; custom_padding=&#8221;|||&#8221; global_colors_info=&#8221;{}&#8221; custom_padding__hover=&#8221;|||&#8221;][et_pb_text admin_label=&#8221;Text&#8221; _builder_version=&#8221;4.27.4&#8243; background_size=&#8221;initial&#8221; background_position=&#8221;top_left&#8221; background_repeat=&#8221;repeat&#8221; global_colors_info=&#8221;{}&#8221;]<\/p>\n<p><a href=\"https:\/\/raed.academy\/ca\/academics\/excma-sra-dra-maria-angela-jimenez-montanes\/\" target=\"_blank\" rel=\"noopener\"><em><strong>Mar\u00eda \u00c1ngela Jim\u00e9nez<\/strong><\/em><\/a>, doctora en Ci\u00e8ncies Econ\u00f2miques i Empresarials, va ingressar com a acad\u00e8mica numer\u00e0ria de la <strong>Reial Acad\u00e8mia Europea de Doctors<\/strong> (RAED) durant una solemne cerim\u00f2nia que es va celebrar el passat 5 de juny a Esgl\u00e9sia de Sant Pere M\u00e0rtir de la Facultat de Ci\u00e8ncies Jur\u00eddiques i Socials de la <strong>Universitat de Castella-la Marxa<\/strong>. La recipiend\u00e0ria va llegir el discurs d&#8217;ingr\u00e9s <a href=\"https:\/\/raed.academy\/wp-content\/uploads\/2025\/06\/La-sostenibilidad-y-su-implicacion-en-la-gestion-de-las-organizaciones-M-Angela-Jimenez-Montanes.pdf\" target=\"_blank\" rel=\"noopener\"><strong>&#8220;La sostenibilitat i la seva implicaci\u00f3 en la gesti\u00f3 de les organitzacions&#8221;<\/strong><\/a>, destacant que la sostenibilitat \u00e9s i ser\u00e0 un dels grans reptes per a les empreses i els empresaris. Li va respondre en nom de la Reial Corporaci\u00f3 l&#8217;acad\u00e8mic em\u00e8rit <a href=\"https:\/\/raed.academy\/ca\/academics\/dr-carlos-mallo-rodriguez\/\" target=\"_blank\" rel=\"noopener\"><em><strong>Carlos Mallo Rodr\u00edguez<\/strong><\/em><\/a>. La sessi\u00f3 va poder seguir-se per streaming a trav\u00e9s del canal de <strong>YouTube<\/strong> de la RAED, on pot visualitzar-se.<\/p>\n<p>La nova acad\u00e8mica va iniciar la seva intervenci\u00f3 definint el concepte de sostenibilitat empresarial des de les seves diferents \u00f2ptiques, ent\u00e8s tant com el conjunt d&#8217;accions que tenen per objectiu afavorir a les activitats socials i ambientals alhora i que al seu torn ajudin a millorar la situaci\u00f3 financera de l&#8217;empresa, com des d&#8217;uns par\u00e0metres estrictament mediambientals, fonamentat en l&#8217;equilibri que genera la relaci\u00f3 harm\u00f2nica entre l&#8217;\u00e9sser hum\u00e0 i la natura que l&#8217;envolta a fi que estigui al llarg del temps. Des de l&#8217;\u00f2ptica social, va afegir, suposa l&#8217;ajuda volunt\u00e0ria expressada en recursos econ\u00f2mics atorgada per les empreses a projectes externs de desenvolupament socioecon\u00f2mic.<\/p>\n<div id=\"attachment_164164\" style=\"width: 240px\" class=\"wp-caption alignright\"><img loading=\"lazy\" decoding=\"async\" aria-describedby=\"caption-attachment-164164\" class=\"wp-image-164164 size-full\" src=\"https:\/\/raed.academy\/wp-content\/uploads\/2025\/05\/Maria-Angela-Jimenez-Montanes-230x317px.jpg\" alt=\"Mar\u00eda \u00c1ngela Jim\u00e9nez\" width=\"230\" height=\"317\" aria-describedby=\"caption-attachment-164164\" \/><p id=\"caption-attachment-164164\" class=\"wp-caption-text\">Dra. Mar\u00eda \u00c1ngela Jim\u00e9nez<\/p><\/div>\n<p>&#8220;Les empreses que adopten pr\u00e0ctiques responsables i sostenibles i inverteixen en projectes estrat\u00e8gics dins de l&#8217;escenari de la sostenibilitat poden arribar a reduir els seus costos generals, a conseq\u00fc\u00e8ncia d&#8217;aspectes com la millora de la imatge davant els clients, el que incrementar\u00e0 les seves vendes, la millora de l&#8217;ambient de treball, l&#8217;atracci\u00f3 d&#8217;inversions a menors costos, el desenvolupament de les relacions amb la comunitat i la relaci\u00f3 amb els reguladors nacionals. El concepte de sostenibilitat ha estat considerat des d&#8217;aquestes tres \u00f2ptiques importants: l&#8217;econ\u00f2mica, la social i la mediambiental, tot i que atesa la repercussi\u00f3 de la sostenibilitat a l&#8217;activitat empresarial hem d&#8217;afegir la dimensi\u00f3 de la informaci\u00f3 sostenible&#8221;, va argumentar. Per aix\u00f2, la ponent va situar com a punt de partida la directiva europea 2014\/95 del <strong>Parlament Europeu<\/strong> i les recomanacions del <strong>Consell d&#8217;Europa<\/strong> de 22 d&#8217;octubre del 2014, que insten a la divulgaci\u00f3 d&#8217;informaci\u00f3 no financera i informaci\u00f3 sobre diversitat per part de determinades grans empreses i determinats grups.<\/p>\n<p>Jim\u00e9nez va desenvolupar tamb\u00e9 el principi de doble materialitat en la presentaci\u00f3 de la informaci\u00f3 corporativa per proporcionar dades veraces sobre com els problemes de sostenibilitat afecten l&#8217;empresa (materialitat financera), aix\u00ed com sobre com l&#8217;empresa impacta al medi ambient i la societat (materialitat d&#8217;impacte). La informaci\u00f3 generada, va assenyalar, incrementa la transpar\u00e8ncia de l&#8217;organitzaci\u00f3 aix\u00ed com el coneixement del seu acompliment en mat\u00e8ria de sostenibilitat considerant la seva dimensi\u00f3 econ\u00f2mica, social i mediambiental. &#8220;La preocupaci\u00f3 sobre els aspectes econ\u00f2mics, socials i mediambientals, aix\u00ed com l&#8217;elaboraci\u00f3 d&#8217;informaci\u00f3 que sigui utilitzada pels &#8216;stakeholders&#8217; al proc\u00e9s de presa de decisions en qu\u00e8 invertir i com generen riquesa, han modificat les obligacions informatives de les organitzacions. Les propostes informatives de car\u00e0cter qualitatiu i quantitatiu impliquen un canvi en el paradigma del proc\u00e9s de presa de decisions empresarials, ja que la sostenibilitat s&#8217;ha convertit en el nucli central de les activitats i decisions empresarials&#8221;, va concloure.<\/p>\n<p>Docent d&#8217;Economia Financera i Comptabilitat al Departament d&#8217;Economia i Empresa de la Universitat de Castella-la Manxa, Jim\u00e9nez \u00e9s autora de diversos estudis i monografies de refer\u00e8ncia en editorials espanyoles i internacionals, aix\u00ed com de comunicacions i pon\u00e8ncies en congressos de reconegut prestigi i ha format part de diversos comit\u00e8s cient\u00edfics, de direcci\u00f3 i d&#8217;organitzaci\u00f3 de tota mena d&#8217;esdeveniments cient\u00edfics. La seva tasca com a investigadora ha merescut diversos premis concedits per la<strong> Societat Italiana d&#8217;Hist\u00f2ria de la Comptabilitat<\/strong>, l&#8217;<strong>Institut de Socioeconomia d&#8217;Empreses i Organitzacions de Li\u00f3<\/strong>, l&#8217;<strong>Acad\u00e8mia de Gesti\u00f3 Empresarial dels Estats Units<\/strong>, la <strong>Universitat d&#8217;Alcal\u00e1 de Henares<\/strong>, l&#8217;<strong>Institut de Comptabilitat i Auditoria de Comptes<\/strong> d&#8217;Espanya i el <strong>Vicerectorat<\/strong> de la Universitat de Castella-la Manxa. Ha participat aix\u00ed mateix en diferents projectes d&#8217;innovaci\u00f3 docent.<\/p>\n<p>[\/et_pb_text][et_pb_code admin_label=&#8221;c\u00f3digo v\u00eddeo&#8221; _builder_version=&#8221;4.27.4&#8243; _module_preset=&#8221;default&#8221; locked=&#8221;off&#8221; global_colors_info=&#8221;{}&#8221;]<iframe loading=\"lazy\" width=\"1080\" height=\"588\" src=\"https:\/\/www.youtube.com\/embed\/gDn0sx9CI2A\" title=\"La sostenibilidad y su implicaci\u00f3n en la gesti\u00f3n de las organizaciones, por Mar\u00eda \u00c1ngela Jim\u00e9nez\" frameborder=\"0\" allow=\"accelerometer; autoplay; clipboard-write; encrypted-media; gyroscope; picture-in-picture; web-share\" referrerpolicy=\"strict-origin-when-cross-origin\" allowfullscreen><\/iframe>[\/et_pb_code][et_pb_divider show_divider=&#8221;off&#8221; _builder_version=&#8221;4.27.4&#8243; _module_preset=&#8221;default&#8221; min_height=&#8221;60px&#8221; locked=&#8221;off&#8221; global_colors_info=&#8221;{}&#8221;][\/et_pb_divider][et_pb_gallery gallery_ids=&#8221;164936,164939,164942,164945,164948,164951&#8243; posts_number=&#8221;6&#8243; show_title_and_caption=&#8221;off&#8221; show_pagination=&#8221;off&#8221; module_class=&#8221;galeria-pad-1&#8243; _builder_version=&#8221;4.27.4&#8243; _module_preset=&#8221;default&#8221; hover_enabled=&#8221;0&#8243; custom_css_gallery_item=&#8221;width: 33.33% !important;||margin: 0 !important;||clear: none !important;&#8221; locked=&#8221;off&#8221; global_colors_info=&#8221;{}&#8221; sticky_enabled=&#8221;0&#8243;][\/et_pb_gallery][\/et_pb_column][\/et_pb_row][\/et_pb_section]<\/p>\n","protected":false},"excerpt":{"rendered":"<p>Mar\u00eda \u00c1ngela Jim\u00e9nez defineix el concepte de sostenibilitat empresarial des de les diferents \u00f2ptiques: financera, social i mediambiental, durant el seu ingr\u00e9s com a acad\u00e8mica de la RAED<\/p>\n","protected":false},"author":12,"featured_media":164043,"comment_status":"closed","ping_status":"closed","sticky":false,"template":"","format":"standard","meta":{"_et_pb_use_builder":"on","_et_pb_old_content":"<a href=\"https:\/\/raed.academy\/ca\/academics\/excma-sra-dra-maria-angela-jimenez-montanes\/\" target=\"_blank\" rel=\"noopener\"><em><strong>Mar\u00eda \u00c1ngela Jim\u00e9nez<\/strong><\/em><\/a>, doctora en Ci\u00e8ncies Econ\u00f2miques i Empresarials, va ingressar com a acad\u00e8mica numer\u00e0ria de la <strong>Reial Acad\u00e8mia Europea de Doctors<\/strong> (RAED) durant una solemne cerim\u00f2nia que es va celebrar el passat 5 de juny a Esgl\u00e9sia de Sant Pere M\u00e0rtir de la Facultat de Ci\u00e8ncies Jur\u00eddiques i Socials de la <strong>Universitat de Castella-la Marxa<\/strong>. La recipiend\u00e0ria va llegir el discurs d'ingr\u00e9s <strong>\"La sostenibilitat i la seva implicaci\u00f3 en la gesti\u00f3 de les organitzacions\"<\/strong>, destacant que la sostenibilitat \u00e9s i ser\u00e0 un dels grans reptes per a les empreses i els empresaris. Li va respondre en nom de la Reial Corporaci\u00f3 l'acad\u00e8mic d'honor <a href=\"https:\/\/raed.academy\/ca\/academics\/sr-carlos-mallo-alvarez\/\"><em><strong>Carlos Mallo<\/strong><\/em><\/a>. La sessi\u00f3 va poder seguir-se per streaming a trav\u00e9s del canal de <strong>YouTube<\/strong> de la RAED, on pot visualitzar-se.\r\n\r\nLa nova acad\u00e8mica va iniciar la seva intervenci\u00f3 definint el concepte de sostenibilitat empresarial des de les seves diferents \u00f2ptiques, ent\u00e8s tant com el conjunt d'accions que tenen per objectiu afavorir a les activitats socials i ambientals alhora i que al seu torn ajudin a millorar la situaci\u00f3 financera de l'empresa, com des d'uns par\u00e0metres estrictament mediambientals, fonamentat en l'equilibri que genera la relaci\u00f3 harm\u00f2nica entre l'\u00e9sser hum\u00e0 i la natura que l'envolta a fi que estigui al llarg del temps. Des de l'\u00f2ptica social, va afegir, suposa l'ajuda volunt\u00e0ria expressada en recursos econ\u00f2mics atorgada per les empreses a projectes externs de desenvolupament socioecon\u00f2mic.\r\n\r\n\"Les empreses que adopten pr\u00e0ctiques responsables i sostenibles i inverteixen en projectes estrat\u00e8gics dins de l'escenari de la sostenibilitat poden arribar a reduir els seus costos generals, com a conseq\u00fc\u00e8ncia d'aspectes com la millora de la imatge davant els clients, el que incrementar\u00e0 les seves vendes, la millora de l'ambient de treball, l'atracci\u00f3 d'inversions a menors costos, el desenvolupament de les relacions amb la comunitat i la relaci\u00f3 amb els reguladors nacionals. El concepte de sostenibilitat ha estat considerat des d'aquestes tres \u00f2ptiques importants: l'econ\u00f2mica, la social i la mediambiental, tot i que atesa la repercussi\u00f3 de la sostenibilitat a l'activitat empresarial hem d'afegir la dimensi\u00f3 de la informaci\u00f3 sostenible\", va argumentar. Per aix\u00f2, la ponent va situar com a punt de partida la directiva europea 2014\/95 del <strong>Parlament Europeu<\/strong> i les recomanacions del <strong>Consell d'Europa<\/strong> de 22 d'octubre del 2014, que insten a la divulgaci\u00f3 d'informaci\u00f3 no financera i informaci\u00f3 sobre diversitat per part de determinades grans empreses i determinats grups.\r\n\r\nJim\u00e9nez va desenvolupar tamb\u00e9 el principi de doble materialitat en la presentaci\u00f3 de la informaci\u00f3 corporativa per proporcionar dades veraces sobre com els problemes de sostenibilitat afecten l'empresa (materialitat financera), aix\u00ed com sobre com l'empresa impacta al medi ambient i la societat (materialitat d'impacte). La informaci\u00f3 generada, va assenyalar, incrementa la transpar\u00e8ncia de l'organitzaci\u00f3 aix\u00ed com el coneixement del seu acompliment en mat\u00e8ria de sostenibilitat considerant la seva dimensi\u00f3 econ\u00f2mica, social i mediambiental. \"La preocupaci\u00f3 sobre els aspectes econ\u00f2mics, socials i mediambientals, aix\u00ed com l'elaboraci\u00f3 d'informaci\u00f3 que sigui utilitzada pels 'stakeholders' al proc\u00e9s de presa de decisions en qu\u00e8 invertir i com generen riquesa, han modificat les obligacions informatives de les organitzacions. Les propostes informatives de car\u00e0cter qualitatiu i quantitatiu impliquen un canvi en el paradigma del proc\u00e9s de presa de decisions empresarials, ja que la sostenibilitat s'ha convertit en el nucli central de les activitats i decisions empresarials\", va concloure.\r\n\r\nDocent d'Economia Financera i Comptabilitat al Departament d'Economia i Empresa de la Universitat de Castella-la Manxa, Jim\u00e9nez \u00e9s autora de diversos estudis i monografies de refer\u00e8ncia en editorials espanyoles i internacionals, aix\u00ed com de comunicacions i pon\u00e8ncies en congressos de reconegut prestigi i ha format part de diversos comit\u00e8s cient\u00edfics, de direcci\u00f3 i d'organitzaci\u00f3 de tota mena d'esdeveniments cient\u00edfics. La seva tasca com a investigadora ha merescut diversos premis concedits per la<strong> Societat Italiana d'Hist\u00f2ria de la Comptabilitat<\/strong>, l'<strong>Institut de Socioeconomia d'Empreses i Organitzacions de Li\u00f3<\/strong>, l'<strong>Acad\u00e8mia de Gesti\u00f3 Empresarial dels Estats Units<\/strong>, la <strong>Universitat d'Alcal\u00e1 de Henares<\/strong>, l'<strong>Institut de Comptabilitat i Auditoria de Comptes<\/strong> d'Espanya i el <strong>Vicerectorat<\/strong> de la Universitat de Castella-la Manxa. Ha participat aix\u00ed mateix en diferents projectes d'innovaci\u00f3 docent.","_et_gb_content_width":"","footnotes":""},"categories":[233],"tags":[],"class_list":["post-164840","post","type-post","status-publish","format-standard","has-post-thumbnail","hentry","category-economiques-i-empresarials","et-has-post-format-content","et_post_format-et-post-format-standard"],"yoast_head":"<!-- This site is optimized with the Yoast SEO plugin v27.4 - https:\/\/yoast.com\/product\/yoast-seo-wordpress\/ -->\n<title>La sostenibilitat com a nova clau de la gesti\u00f3 empresarial - Reial Acad\u00e8mia Europea de Doctors<\/title>\n<meta name=\"description\" content=\"Mar\u00eda \u00c1ngela Jim\u00e9nez defineix el concepte de sostenibilitat empresarial des de les diferents \u00f2ptiques: financera, social i mediambiental\" \/>\n<meta name=\"robots\" content=\"index, follow, max-snippet:-1, max-image-preview:large, max-video-preview:-1\" \/>\n<link rel=\"canonical\" href=\"https:\/\/raed.academy\/ca\/la-sostenibilitat-com-a-nova-clau-de-la-gestio-empresarial\/\" \/>\n<meta property=\"og:locale\" content=\"ca_ES\" \/>\n<meta property=\"og:type\" content=\"article\" \/>\n<meta property=\"og:title\" content=\"La sostenibilitat com a nova clau de la gesti\u00f3 empresarial - Reial Acad\u00e8mia Europea de Doctors\" \/>\n<meta property=\"og:description\" content=\"Mar\u00eda \u00c1ngela Jim\u00e9nez defineix el concepte de sostenibilitat empresarial des de les diferents \u00f2ptiques: financera, social i mediambiental\" \/>\n<meta property=\"og:url\" content=\"https:\/\/raed.academy\/ca\/la-sostenibilitat-com-a-nova-clau-de-la-gestio-empresarial\/\" \/>\n<meta property=\"og:site_name\" content=\"Reial Acad\u00e8mia Europea de Doctors\" \/>\n<meta property=\"article:publisher\" content=\"http:\/\/fb.me\/raed.academy\" \/>\n<meta property=\"article:published_time\" content=\"2025-06-06T13:49:07+00:00\" \/>\n<meta property=\"article:modified_time\" content=\"2025-06-07T10:26:17+00:00\" \/>\n<meta property=\"og:image\" content=\"https:\/\/raed.academy\/wp-content\/uploads\/2025\/05\/shutt-bombilla-naturaleza-energia-desarrollo-renovable-y-sostenible-1.17.webp\" \/>\n\t<meta property=\"og:image:width\" content=\"350\" \/>\n\t<meta property=\"og:image:height\" content=\"300\" \/>\n\t<meta property=\"og:image:type\" content=\"image\/webp\" \/>\n<meta name=\"author\" content=\"RAED\" \/>\n<meta name=\"twitter:card\" content=\"summary_large_image\" \/>\n<meta name=\"twitter:creator\" content=\"@raedacademy\" \/>\n<meta name=\"twitter:site\" content=\"@raedacademy\" \/>\n<meta name=\"twitter:label1\" content=\"Written by\" \/>\n\t<meta name=\"twitter:data1\" content=\"RAED\" \/>\n\t<meta name=\"twitter:label2\" content=\"Est. reading time\" \/>\n\t<meta name=\"twitter:data2\" content=\"5 minutes\" \/>\n<script type=\"application\/ld+json\" class=\"yoast-schema-graph\">{\"@context\":\"https:\\\/\\\/schema.org\",\"@graph\":[{\"@type\":\"Article\",\"@id\":\"https:\\\/\\\/raed.academy\\\/ca\\\/la-sostenibilitat-com-a-nova-clau-de-la-gestio-empresarial\\\/#article\",\"isPartOf\":{\"@id\":\"https:\\\/\\\/raed.academy\\\/ca\\\/la-sostenibilitat-com-a-nova-clau-de-la-gestio-empresarial\\\/\"},\"author\":{\"name\":\"RAED\",\"@id\":\"https:\\\/\\\/raed.academy\\\/ca\\\/#\\\/schema\\\/person\\\/5a755da80d1d979fd66ba745c8702927\"},\"headline\":\"La sostenibilitat com a nova clau de la gesti\u00f3 empresarial\",\"datePublished\":\"2025-06-06T13:49:07+00:00\",\"dateModified\":\"2025-06-07T10:26:17+00:00\",\"mainEntityOfPage\":{\"@id\":\"https:\\\/\\\/raed.academy\\\/ca\\\/la-sostenibilitat-com-a-nova-clau-de-la-gestio-empresarial\\\/\"},\"wordCount\":1002,\"publisher\":{\"@id\":\"https:\\\/\\\/raed.academy\\\/ca\\\/#organization\"},\"image\":{\"@id\":\"https:\\\/\\\/raed.academy\\\/ca\\\/la-sostenibilitat-com-a-nova-clau-de-la-gestio-empresarial\\\/#primaryimage\"},\"thumbnailUrl\":\"https:\\\/\\\/raed.academy\\\/wp-content\\\/uploads\\\/2025\\\/05\\\/shutt-bombilla-naturaleza-energia-desarrollo-renovable-y-sostenible-1.17.webp\",\"articleSection\":[\"Econ\u00f2miques i Empresarials\"],\"inLanguage\":\"ca-ES\"},{\"@type\":\"WebPage\",\"@id\":\"https:\\\/\\\/raed.academy\\\/ca\\\/la-sostenibilitat-com-a-nova-clau-de-la-gestio-empresarial\\\/\",\"url\":\"https:\\\/\\\/raed.academy\\\/ca\\\/la-sostenibilitat-com-a-nova-clau-de-la-gestio-empresarial\\\/\",\"name\":\"La sostenibilitat com a nova clau de la gesti\u00f3 empresarial - Reial Acad\u00e8mia Europea de Doctors\",\"isPartOf\":{\"@id\":\"https:\\\/\\\/raed.academy\\\/ca\\\/#website\"},\"primaryImageOfPage\":{\"@id\":\"https:\\\/\\\/raed.academy\\\/ca\\\/la-sostenibilitat-com-a-nova-clau-de-la-gestio-empresarial\\\/#primaryimage\"},\"image\":{\"@id\":\"https:\\\/\\\/raed.academy\\\/ca\\\/la-sostenibilitat-com-a-nova-clau-de-la-gestio-empresarial\\\/#primaryimage\"},\"thumbnailUrl\":\"https:\\\/\\\/raed.academy\\\/wp-content\\\/uploads\\\/2025\\\/05\\\/shutt-bombilla-naturaleza-energia-desarrollo-renovable-y-sostenible-1.17.webp\",\"datePublished\":\"2025-06-06T13:49:07+00:00\",\"dateModified\":\"2025-06-07T10:26:17+00:00\",\"description\":\"Mar\u00eda \u00c1ngela Jim\u00e9nez defineix el concepte de sostenibilitat empresarial des de les diferents \u00f2ptiques: financera, social i mediambiental\",\"breadcrumb\":{\"@id\":\"https:\\\/\\\/raed.academy\\\/ca\\\/la-sostenibilitat-com-a-nova-clau-de-la-gestio-empresarial\\\/#breadcrumb\"},\"inLanguage\":\"ca-ES\",\"potentialAction\":[{\"@type\":\"ReadAction\",\"target\":[\"https:\\\/\\\/raed.academy\\\/ca\\\/la-sostenibilitat-com-a-nova-clau-de-la-gestio-empresarial\\\/\"]}]},{\"@type\":\"ImageObject\",\"inLanguage\":\"ca-ES\",\"@id\":\"https:\\\/\\\/raed.academy\\\/ca\\\/la-sostenibilitat-com-a-nova-clau-de-la-gestio-empresarial\\\/#primaryimage\",\"url\":\"https:\\\/\\\/raed.academy\\\/wp-content\\\/uploads\\\/2025\\\/05\\\/shutt-bombilla-naturaleza-energia-desarrollo-renovable-y-sostenible-1.17.webp\",\"contentUrl\":\"https:\\\/\\\/raed.academy\\\/wp-content\\\/uploads\\\/2025\\\/05\\\/shutt-bombilla-naturaleza-energia-desarrollo-renovable-y-sostenible-1.17.webp\",\"width\":350,\"height\":300},{\"@type\":\"BreadcrumbList\",\"@id\":\"https:\\\/\\\/raed.academy\\\/ca\\\/la-sostenibilitat-com-a-nova-clau-de-la-gestio-empresarial\\\/#breadcrumb\",\"itemListElement\":[{\"@type\":\"ListItem\",\"position\":1,\"name\":\"Inicio\",\"item\":\"https:\\\/\\\/raed.academy\\\/ca\\\/\"},{\"@type\":\"ListItem\",\"position\":2,\"name\":\"La sostenibilitat com a nova clau de la gesti\u00f3 empresarial\"}]},{\"@type\":\"WebSite\",\"@id\":\"https:\\\/\\\/raed.academy\\\/ca\\\/#website\",\"url\":\"https:\\\/\\\/raed.academy\\\/ca\\\/\",\"name\":\"Reial Acad\u00e8mia Europea de Doctors\",\"description\":\"Corporaci\u00f3n de derecho p\u00fablico de car\u00e1cter cient\u00edfico, t\u00e9cnico y art\u00edstico, que tiene por objeto la investigaci\u00f3n, el estudio, el fomento y la extensi\u00f3n del conocimiento en su sentido m\u00e1s amplio\",\"publisher\":{\"@id\":\"https:\\\/\\\/raed.academy\\\/ca\\\/#organization\"},\"potentialAction\":[{\"@type\":\"SearchAction\",\"target\":{\"@type\":\"EntryPoint\",\"urlTemplate\":\"https:\\\/\\\/raed.academy\\\/ca\\\/?s={search_term_string}\"},\"query-input\":{\"@type\":\"PropertyValueSpecification\",\"valueRequired\":true,\"valueName\":\"search_term_string\"}}],\"inLanguage\":\"ca-ES\"},{\"@type\":\"Organization\",\"@id\":\"https:\\\/\\\/raed.academy\\\/ca\\\/#organization\",\"name\":\"Real Academia Europea de Doctores\",\"url\":\"https:\\\/\\\/raed.academy\\\/ca\\\/\",\"logo\":{\"@type\":\"ImageObject\",\"inLanguage\":\"ca-ES\",\"@id\":\"https:\\\/\\\/raed.academy\\\/ca\\\/#\\\/schema\\\/logo\\\/image\\\/\",\"url\":\"https:\\\/\\\/raed.academy\\\/wp-content\\\/uploads\\\/2017\\\/01\\\/cropped-logo_raed.png\",\"contentUrl\":\"https:\\\/\\\/raed.academy\\\/wp-content\\\/uploads\\\/2017\\\/01\\\/cropped-logo_raed.png\",\"width\":512,\"height\":512,\"caption\":\"Real Academia Europea de Doctores\"},\"image\":{\"@id\":\"https:\\\/\\\/raed.academy\\\/ca\\\/#\\\/schema\\\/logo\\\/image\\\/\"},\"sameAs\":[\"http:\\\/\\\/fb.me\\\/raed.academy\",\"https:\\\/\\\/x.com\\\/raedacademy\",\"https:\\\/\\\/www.instagram.com\\\/raed.academy\\\/\",\"https:\\\/\\\/www.youtube.com\\\/channel\\\/UCUYQwW2KrdirNWihxMDObwg\"]},{\"@type\":\"Person\",\"@id\":\"https:\\\/\\\/raed.academy\\\/ca\\\/#\\\/schema\\\/person\\\/5a755da80d1d979fd66ba745c8702927\",\"name\":\"RAED\",\"image\":{\"@type\":\"ImageObject\",\"inLanguage\":\"ca-ES\",\"@id\":\"https:\\\/\\\/secure.gravatar.com\\\/avatar\\\/19fdfdc0d67fb9c45714b703a2ac82251c4fcea3637f002ac3c9b74c0183583c?s=96&d=mm&r=g\",\"url\":\"https:\\\/\\\/secure.gravatar.com\\\/avatar\\\/19fdfdc0d67fb9c45714b703a2ac82251c4fcea3637f002ac3c9b74c0183583c?s=96&d=mm&r=g\",\"contentUrl\":\"https:\\\/\\\/secure.gravatar.com\\\/avatar\\\/19fdfdc0d67fb9c45714b703a2ac82251c4fcea3637f002ac3c9b74c0183583c?s=96&d=mm&r=g\",\"caption\":\"RAED\"}}]}<\/script>\n<!-- \/ Yoast SEO plugin. -->","yoast_head_json":{"title":"La sostenibilitat com a nova clau de la gesti\u00f3 empresarial - Reial Acad\u00e8mia Europea de Doctors","description":"Mar\u00eda \u00c1ngela Jim\u00e9nez defineix el concepte de sostenibilitat empresarial des de les diferents \u00f2ptiques: financera, social i mediambiental","robots":{"index":"index","follow":"follow","max-snippet":"max-snippet:-1","max-image-preview":"max-image-preview:large","max-video-preview":"max-video-preview:-1"},"canonical":"https:\/\/raed.academy\/ca\/la-sostenibilitat-com-a-nova-clau-de-la-gestio-empresarial\/","og_locale":"ca_ES","og_type":"article","og_title":"La sostenibilitat com a nova clau de la gesti\u00f3 empresarial - Reial Acad\u00e8mia Europea de Doctors","og_description":"Mar\u00eda \u00c1ngela Jim\u00e9nez defineix el concepte de sostenibilitat empresarial des de les diferents \u00f2ptiques: financera, social i mediambiental","og_url":"https:\/\/raed.academy\/ca\/la-sostenibilitat-com-a-nova-clau-de-la-gestio-empresarial\/","og_site_name":"Reial Acad\u00e8mia Europea de Doctors","article_publisher":"http:\/\/fb.me\/raed.academy","article_published_time":"2025-06-06T13:49:07+00:00","article_modified_time":"2025-06-07T10:26:17+00:00","og_image":[{"width":350,"height":300,"url":"https:\/\/raed.academy\/wp-content\/uploads\/2025\/05\/shutt-bombilla-naturaleza-energia-desarrollo-renovable-y-sostenible-1.17.webp","type":"image\/webp"}],"author":"RAED","twitter_card":"summary_large_image","twitter_creator":"@raedacademy","twitter_site":"@raedacademy","twitter_misc":{"Written by":"RAED","Est. reading time":"5 minutes"},"schema":{"@context":"https:\/\/schema.org","@graph":[{"@type":"Article","@id":"https:\/\/raed.academy\/ca\/la-sostenibilitat-com-a-nova-clau-de-la-gestio-empresarial\/#article","isPartOf":{"@id":"https:\/\/raed.academy\/ca\/la-sostenibilitat-com-a-nova-clau-de-la-gestio-empresarial\/"},"author":{"name":"RAED","@id":"https:\/\/raed.academy\/ca\/#\/schema\/person\/5a755da80d1d979fd66ba745c8702927"},"headline":"La sostenibilitat com a nova clau de la gesti\u00f3 empresarial","datePublished":"2025-06-06T13:49:07+00:00","dateModified":"2025-06-07T10:26:17+00:00","mainEntityOfPage":{"@id":"https:\/\/raed.academy\/ca\/la-sostenibilitat-com-a-nova-clau-de-la-gestio-empresarial\/"},"wordCount":1002,"publisher":{"@id":"https:\/\/raed.academy\/ca\/#organization"},"image":{"@id":"https:\/\/raed.academy\/ca\/la-sostenibilitat-com-a-nova-clau-de-la-gestio-empresarial\/#primaryimage"},"thumbnailUrl":"https:\/\/raed.academy\/wp-content\/uploads\/2025\/05\/shutt-bombilla-naturaleza-energia-desarrollo-renovable-y-sostenible-1.17.webp","articleSection":["Econ\u00f2miques i Empresarials"],"inLanguage":"ca-ES"},{"@type":"WebPage","@id":"https:\/\/raed.academy\/ca\/la-sostenibilitat-com-a-nova-clau-de-la-gestio-empresarial\/","url":"https:\/\/raed.academy\/ca\/la-sostenibilitat-com-a-nova-clau-de-la-gestio-empresarial\/","name":"La sostenibilitat com a nova clau de la gesti\u00f3 empresarial - Reial Acad\u00e8mia Europea de Doctors","isPartOf":{"@id":"https:\/\/raed.academy\/ca\/#website"},"primaryImageOfPage":{"@id":"https:\/\/raed.academy\/ca\/la-sostenibilitat-com-a-nova-clau-de-la-gestio-empresarial\/#primaryimage"},"image":{"@id":"https:\/\/raed.academy\/ca\/la-sostenibilitat-com-a-nova-clau-de-la-gestio-empresarial\/#primaryimage"},"thumbnailUrl":"https:\/\/raed.academy\/wp-content\/uploads\/2025\/05\/shutt-bombilla-naturaleza-energia-desarrollo-renovable-y-sostenible-1.17.webp","datePublished":"2025-06-06T13:49:07+00:00","dateModified":"2025-06-07T10:26:17+00:00","description":"Mar\u00eda \u00c1ngela Jim\u00e9nez defineix el concepte de sostenibilitat empresarial des de les diferents \u00f2ptiques: financera, social i mediambiental","breadcrumb":{"@id":"https:\/\/raed.academy\/ca\/la-sostenibilitat-com-a-nova-clau-de-la-gestio-empresarial\/#breadcrumb"},"inLanguage":"ca-ES","potentialAction":[{"@type":"ReadAction","target":["https:\/\/raed.academy\/ca\/la-sostenibilitat-com-a-nova-clau-de-la-gestio-empresarial\/"]}]},{"@type":"ImageObject","inLanguage":"ca-ES","@id":"https:\/\/raed.academy\/ca\/la-sostenibilitat-com-a-nova-clau-de-la-gestio-empresarial\/#primaryimage","url":"https:\/\/raed.academy\/wp-content\/uploads\/2025\/05\/shutt-bombilla-naturaleza-energia-desarrollo-renovable-y-sostenible-1.17.webp","contentUrl":"https:\/\/raed.academy\/wp-content\/uploads\/2025\/05\/shutt-bombilla-naturaleza-energia-desarrollo-renovable-y-sostenible-1.17.webp","width":350,"height":300},{"@type":"BreadcrumbList","@id":"https:\/\/raed.academy\/ca\/la-sostenibilitat-com-a-nova-clau-de-la-gestio-empresarial\/#breadcrumb","itemListElement":[{"@type":"ListItem","position":1,"name":"Inicio","item":"https:\/\/raed.academy\/ca\/"},{"@type":"ListItem","position":2,"name":"La sostenibilitat com a nova clau de la gesti\u00f3 empresarial"}]},{"@type":"WebSite","@id":"https:\/\/raed.academy\/ca\/#website","url":"https:\/\/raed.academy\/ca\/","name":"Reial Acad\u00e8mia Europea de Doctors","description":"Corporaci\u00f3n de derecho p\u00fablico de car\u00e1cter cient\u00edfico, t\u00e9cnico y art\u00edstico, que tiene por objeto la investigaci\u00f3n, el estudio, el fomento y la extensi\u00f3n del conocimiento en su sentido m\u00e1s amplio","publisher":{"@id":"https:\/\/raed.academy\/ca\/#organization"},"potentialAction":[{"@type":"SearchAction","target":{"@type":"EntryPoint","urlTemplate":"https:\/\/raed.academy\/ca\/?s={search_term_string}"},"query-input":{"@type":"PropertyValueSpecification","valueRequired":true,"valueName":"search_term_string"}}],"inLanguage":"ca-ES"},{"@type":"Organization","@id":"https:\/\/raed.academy\/ca\/#organization","name":"Real Academia Europea de Doctores","url":"https:\/\/raed.academy\/ca\/","logo":{"@type":"ImageObject","inLanguage":"ca-ES","@id":"https:\/\/raed.academy\/ca\/#\/schema\/logo\/image\/","url":"https:\/\/raed.academy\/wp-content\/uploads\/2017\/01\/cropped-logo_raed.png","contentUrl":"https:\/\/raed.academy\/wp-content\/uploads\/2017\/01\/cropped-logo_raed.png","width":512,"height":512,"caption":"Real Academia Europea de Doctores"},"image":{"@id":"https:\/\/raed.academy\/ca\/#\/schema\/logo\/image\/"},"sameAs":["http:\/\/fb.me\/raed.academy","https:\/\/x.com\/raedacademy","https:\/\/www.instagram.com\/raed.academy\/","https:\/\/www.youtube.com\/channel\/UCUYQwW2KrdirNWihxMDObwg"]},{"@type":"Person","@id":"https:\/\/raed.academy\/ca\/#\/schema\/person\/5a755da80d1d979fd66ba745c8702927","name":"RAED","image":{"@type":"ImageObject","inLanguage":"ca-ES","@id":"https:\/\/secure.gravatar.com\/avatar\/19fdfdc0d67fb9c45714b703a2ac82251c4fcea3637f002ac3c9b74c0183583c?s=96&d=mm&r=g","url":"https:\/\/secure.gravatar.com\/avatar\/19fdfdc0d67fb9c45714b703a2ac82251c4fcea3637f002ac3c9b74c0183583c?s=96&d=mm&r=g","contentUrl":"https:\/\/secure.gravatar.com\/avatar\/19fdfdc0d67fb9c45714b703a2ac82251c4fcea3637f002ac3c9b74c0183583c?s=96&d=mm&r=g","caption":"RAED"}}]}},"_links":{"self":[{"href":"https:\/\/raed.academy\/ca\/wp-json\/wp\/v2\/posts\/164840","targetHints":{"allow":["GET"]}}],"collection":[{"href":"https:\/\/raed.academy\/ca\/wp-json\/wp\/v2\/posts"}],"about":[{"href":"https:\/\/raed.academy\/ca\/wp-json\/wp\/v2\/types\/post"}],"author":[{"embeddable":true,"href":"https:\/\/raed.academy\/ca\/wp-json\/wp\/v2\/users\/12"}],"replies":[{"embeddable":true,"href":"https:\/\/raed.academy\/ca\/wp-json\/wp\/v2\/comments?post=164840"}],"version-history":[{"count":0,"href":"https:\/\/raed.academy\/ca\/wp-json\/wp\/v2\/posts\/164840\/revisions"}],"wp:featuredmedia":[{"embeddable":true,"href":"https:\/\/raed.academy\/ca\/wp-json\/wp\/v2\/media\/164043"}],"wp:attachment":[{"href":"https:\/\/raed.academy\/ca\/wp-json\/wp\/v2\/media?parent=164840"}],"wp:term":[{"taxonomy":"category","embeddable":true,"href":"https:\/\/raed.academy\/ca\/wp-json\/wp\/v2\/categories?post=164840"},{"taxonomy":"post_tag","embeddable":true,"href":"https:\/\/raed.academy\/ca\/wp-json\/wp\/v2\/tags?post=164840"}],"curies":[{"name":"wp","href":"https:\/\/api.w.org\/{rel}","templated":true}]}}