{"id":164632,"date":"2025-05-30T17:13:19","date_gmt":"2025-05-30T17:13:19","guid":{"rendered":"https:\/\/raed.academy\/?p=164632"},"modified":"2025-05-30T17:13:19","modified_gmt":"2025-05-30T17:13:19","slug":"passat-present-i-futur-de-la-guardia-civil","status":"publish","type":"post","link":"https:\/\/raed.academy\/ca\/passat-present-i-futur-de-la-guardia-civil\/","title":{"rendered":"Passat, present i futur de la Gu\u00e0rdia Civil"},"content":{"rendered":"<div id=\"attachment_156990\" style=\"width: 810px\" class=\"wp-caption aligncenter\"><img loading=\"lazy\" decoding=\"async\" aria-describedby=\"caption-attachment-156990\" class=\"wp-image-156990 size-full\" src=\"https:\/\/raed.academy\/wp-content\/uploads\/2024\/12\/Francisco-Lopez-Munoz-nombrado-Guardia-Civil-Honorario-dst.webp\" alt=\"El Dr. Francisco L\u00f3pez Mu\u00f1oz, en el momento de ser nombrado Guardia Civil Honorario\" width=\"800\" height=\"480\" srcset=\"https:\/\/raed.academy\/wp-content\/uploads\/2024\/12\/Francisco-Lopez-Munoz-nombrado-Guardia-Civil-Honorario-dst.webp 800w, https:\/\/raed.academy\/wp-content\/uploads\/2024\/12\/Francisco-Lopez-Munoz-nombrado-Guardia-Civil-Honorario-dst-768x461.webp 768w, https:\/\/raed.academy\/wp-content\/uploads\/2024\/12\/Francisco-Lopez-Munoz-nombrado-Guardia-Civil-Honorario-dst-627x376.webp 627w, https:\/\/raed.academy\/wp-content\/uploads\/2024\/12\/Francisco-Lopez-Munoz-nombrado-Guardia-Civil-Honorario-dst-440x264.webp 440w\" sizes=\"(max-width: 800px) 100vw, 800px\" \/><p id=\"caption-attachment-156990\" class=\"wp-caption-text\">El Dr. Francisco L\u00f3pez Mu\u00f1oz, en el moment de ser nomenat Gu\u00e0rdia Civil Honorari<\/p><\/div>\n<p><a href=\"https:\/\/raed.academy\/ca\/academics\/dr-francisco-lopez-munoz\/\" target=\"_blank\" rel=\"noopener\"><em><strong>Francisco L\u00f3pez Mu\u00f1oz<\/strong><\/em><\/a>, catedr\u00e0tic de\u00a0<span class=\"constant\">Farmacologia<\/span> i vicerector de Recerca,\u00a0<span class=\"constant\">Ci\u00e8ncia<\/span>\u00a0i\u00a0<span class=\"constant\">Doctorat<\/span>\u00a0de la\u00a0<strong><span class=\"constant\">Universitat<\/span>\u00a0<span class=\"constant\">Camilo Jos\u00e9 Cela<\/span><\/strong>, membre fundador del\u00a0<strong><span class=\"constant\">Comit\u00e8<\/span> d&#8217;<span class=\"constant\">Observaci\u00f3<\/span><\/strong> de l&#8217;<strong><span class=\"constant\">Observatori<\/span> de Drets Humans d&#8217;<span class=\"constant\">Espanya<\/span><\/strong>, acad\u00e8mic corresponent de la <strong>Reial Acad\u00e8mia de\u00a0<span class=\"alternative\">Medicina<\/span>\u00a0del\u00a0<span class=\"constant\">Pa\u00eds Basc<\/span><\/strong>\u00a0i acad\u00e8mic numerari de la <strong>Reial Acad\u00e8mia Europea de\u00a0<span class=\"constant\">Doctors<\/span>\u00a0<\/strong>(<span class=\"constant\">RAED<\/span>), valora al portal digital <strong>Tribuna\u00a0<span class=\"constant\">Benem\u00e9rita<\/span><\/strong>, dedicat a la <strong>Gu\u00e0rdia Civil<\/strong>, l&#8217;honor que suposa haver estat designat <strong>Gu\u00e0rdia Civil <span class=\"constant\">Honorari<\/span>\u00a0<\/strong>coincidint amb el 25\u00e8 aniversari de la creaci\u00f3 d&#8217;aquesta figura, la m\u00e0xima distinci\u00f3 civil del cos que s&#8217;atorga de forma excepcional. L&#8217;acad\u00e8mic va rebre aquest <span class=\"alternative\">reconeixement<\/span>\u00a0el desembre passat en una solemne cerim\u00f2nia. Ja era professor honor\u00edfic del cos.<\/p>\n<p>&#8220;A les meves paraules d&#8217;agra\u00efment no vaig poder per menys a recordar que la Gu\u00e0rdia Civil sempre ha format part de la meva fam\u00edlia. El meu pare, <strong>Sinforoso L\u00f3pez Gal\u00e1n<\/strong>, que em va acompanyar a l&#8217;acte als seus 90 anys, va dedicar 30 anys de la seva vida al servei al cos, des del seu ingr\u00e9s el maig del 1960. Els meus primers 26 anys van transc\u00f3rrer en una <span class=\"alternative\">caserna<\/span> de la Gu\u00e0rdia Civil. D&#8217;ells, els primers 17 anys, tota la meva infantesa i adolesc\u00e8ncia, vaig viure amb la meva fam\u00edlia en un pavell\u00f3 de la Casa Caserna, fins que em vaig traslladar a Madrid a cursar els meus estudis de <span class=\"constant\">Medicina<\/span>, i despr\u00e9s continuava sent la meva resid\u00e8ncia en els per\u00edodes vacacionals d&#8217;estudis. Dins de la <span class=\"alternative\">caserna<\/span> es vivia com en una gran fam\u00edlia i els fills de tots els gu\u00e0rdies, alguns d&#8217;ells gu\u00e0rdies civils en l&#8217;actualitat, <span class=\"alternative\">continuem<\/span> mantenint una relaci\u00f3 absolutament fraternal el dia d&#8217;avui. Els records d&#8217;infantesa i adolesc\u00e8ncia a la <span class=\"alternative\">caserna<\/span>, i els extraordinaris aprenentatges en aquest entorn, evidentment marcarien gran part del meu desenvolupament vital i professional, ja que els valors adquirits mai no s&#8217;obliden, inclosos els referents a esfor\u00e7, sacrifici i resili\u00e8ncia, que tots els dies v\u00e8iem a l&#8217;activitat dels nostres pares&#8221;, recorda l&#8217;acad\u00e8mic.<\/p>\n<p>L&#8217;entrevistat explica que, darrere del seu nomenament, hi ha una \u00e0mplia col\u00b7laboraci\u00f3 docent de molts anys amb tots els centres d&#8217;ensenyament de la Gu\u00e0rdia Civil, <strong><span class=\"constant\">Acad\u00e8mia<\/span>\u00a0de\u00a0<span class=\"constant\">Gu\u00e0rdies<\/span> de Baeza<\/strong>, <strong><span class=\"alternative\">Escola <\/span>de <span class=\"constant\">Gu\u00e0rdies <\/span><span class=\"constant\">Joves <\/span>de <span class=\"constant\">Valdemoro<\/span><\/strong>, <strong><span class=\"constant\">Acad\u00e8mia <\/span>de <span class=\"constant\">Sotsoficials <\/span>de la Gu\u00e0rdia Civil d&#8217;<span class=\"constant\">El Escorial <\/span><\/strong>i <strong><span class=\"constant\">Acad\u00e8mia <\/span>d&#8217;<span class=\"constant\">Oficials <\/span>de la Gu\u00e0rdia Civil d&#8217;<span class=\"constant\">Aranjuez<\/span><\/strong>, a m\u00e9s del <strong><span class=\"constant\">Centre <\/span><span class=\"constant\">Universitari <\/span>de la Gu\u00e0rdia Civil<\/strong>. D&#8217;altra banda, L\u00f3pez Mu\u00f1oz tamb\u00e9 forma part del <strong><span class=\"constant\">Consell de<\/span> <span class=\"constant\">Redacci\u00f3<\/span><\/strong>\u00a0de la <strong>&#8220;Revista Logos&#8221;<\/strong>, que edita la mateixa Gu\u00e0rdia Civil. \u00a0&#8220;La meva col\u00b7laboraci\u00f3 amb el\u00a0<span class=\"constant\">Benem\u00e8rit<\/span>\u00a0<span class=\"constant\">Institut<\/span> ve de molt enrere, i no nom\u00e9s en relaci\u00f3 amb l&#8217;activitat docent que he comentat pr\u00e8viament, sin\u00f3 tamb\u00e9 en relaci\u00f3 amb una de les meves l\u00ednies priorit\u00e0ries de treball com a catedr\u00e0tic de\u00a0<span class=\"constant\">Farmacologia<\/span>, com \u00e9s l&#8217;\u00e0mbit dels psicof\u00e0rmacs i drogues d&#8217;ab\u00fas. En aquest sentit, he assessorat unitats de <strong><span class=\"constant\">Policia<\/span>\u00a0Judicial<\/strong> de Gu\u00e0rdia Civil, durant diverses d\u00e8cades, en qualitat d&#8217;expert en mat\u00e8ria de drogues i estupefaents&#8221;, afegeix l&#8217;entrevistat.<\/p>\n<p>L\u00f3pez Mu\u00f1oz\u00a0<span class=\"alternative\">acaba<\/span> destacant els valors del cos: &#8220;Fa un parell d&#8217;anys vaig publicar un article, analitzant els valors que justifiquen l&#8217;enorme <span class=\"alternative\">estima<\/span> per part la ciutadania cap a la Gu\u00e0rdia Civil, que sempre la situa com una de les i<span class=\"constant\">nstitucions<\/span> m\u00e9s valorada del pa\u00eds, i les respostes crec que s\u00f3n m\u00faltiples: una hist\u00f2ria de 181 anys ininterromputs de servei p\u00fablic, defensant sempre la legalitat establerta; la seva proximitat als ciutadans; els seus alts \u00edndexs d\u2019efic\u00e0cia policial, que la situen entre els cossos m\u00e9s resolutius del m\u00f3n, i, fins i tot, el seu car\u00e0cter militar, amb valors associats d&#8217;abnegaci\u00f3, obedi\u00e8ncia i lleialtat. I, per descomptat, la seva capacitat de sacrifici. Els homes i dones componen l&#8217;<span class=\"constant\">Institut<\/span>\u00a0<span class=\"constant\">Armat<\/span> han vetllat constantment per garantir la protecci\u00f3 dels ciutadans davant els actes delictius, assegurar el compliment de les lleis, defensar el lliure exercici dels drets i les llibertats i preservar la seguretat ciutadana. Com a metge, sempre m&#8217;ha cridat l&#8217;atenci\u00f3 l&#8217;article 6 de la famosa <strong>Cartilla del Gu\u00e0rdia Civil<\/strong>: &#8216;ser\u00e0 sempre un pron\u00f2stic feli\u00e7 per a l&#8217;afligit'&#8221;.<\/p>\n<p>D&#8217;altra banda, l&#8217;acad\u00e8mic va participar en l\u2019acte de <span class=\"alternative\">lliurament<\/span>\u00a0del\u00a0<strong><span class=\"constant\">Distintiu<\/span>\u00a0de\u00a0<span class=\"constant\">Comprom\u00eds<\/span>\u00a0amb els Drets Humans i els\u00a0<span class=\"constant\">Objectius<\/span>\u00a0de\u00a0<span class=\"constant\">Desenvolupament<\/span>\u00a0Sostenible<\/strong> que atorga el\u00a0<span class=\"constant\">Comit\u00e8<\/span> d&#8217;<span class=\"constant\">Observaci\u00f3<\/span> de l&#8217;<span class=\"constant\">Observatori<\/span> de Drets Humans d&#8217;<span class=\"constant\">Espanya<\/span> al cos de la Gu\u00e0rdia Civil. L&#8217;organisme ha tingut en compte tant la tasca de la <span class=\"constant\">Gu\u00e0rdia Civil<\/span>\u00a0i el seu arrelament en la societat espanyola com el seu comprom\u00eds en la defensa de la seva seguretat i la seva funci\u00f3 essencial en operacions, nacionals i internacionals, de salvament, emerg\u00e8ncies, socors i auxili de v\u00edctimes de tota mena.<\/p>\n<p>Reconegut divulgador de la hist\u00f2ria contempor\u00e0nia, la literatura espanyola dels\u00a0<span class=\"constant\">Segles<\/span> d&#8217;<span class=\"constant\">Or<\/span>\u00a0i la\u00a0<span class=\"alternative\">medicina<\/span>\u00a0i farmacologia, L\u00f3pez Mu\u00f1oz \u00e9s doctor en\u00a0<span class=\"alternative\">Medicina<\/span>\u00a0i\u00a0<span class=\"constant\">Cirurgia<\/span>\u00a0i doctor en\u00a0<span class=\"constant\">Llengua<\/span>\u00a0i Literatura\u00a0<span class=\"constant\">Espanyoles<\/span>, especialista en\u00a0<span class=\"alternative\">Medicina<\/span>\u00a0<span class=\"constant\">Farmac\u00e8utica<\/span>\u00a0i diplomat en\u00a0<span class=\"constant\">Estudis<\/span> sobre l&#8217;<span class=\"constant\">Holocaust<\/span> per l&#8217;<strong><span class=\"constant\">Escola<\/span>\u00a0Internacional per als\u00a0<span class=\"constant\">Estudis<\/span> de l&#8217;<span class=\"constant\">Holocaust<\/span><\/strong> de I<span class=\"constant\">ad Vaixem<\/span>, a\u00a0<span class=\"constant\">Jerusalem<\/span>. \u00c9s investigador de l&#8217;<strong><span class=\"constant\">Institut<\/span> de Recerca Hospital 12 d&#8217;<span class=\"constant\">Octubre<\/span>\u00a0de Madrid<\/strong> i membre de prestigioses acad\u00e8mies cient\u00edfiques internacionals. Ha participat en nombroses investigacions i \u00e9s autor de monografies i articles en les seves \u00e0rees d&#8217;investigaci\u00f3. Recentment ha estat nomenat de forma honor\u00edfica coronel de Kentucky mitjan\u00e7ant carta patent atorgada el 29 de juliol del 2024 pel governador de l&#8217;<span class=\"constant\">Estat<\/span>\u00a0de Kentucky,\u00a0<strong><span class=\"constant\">Andy Beshear<\/span><\/strong>.<\/p>\n<h2><a href=\"https:\/\/tribunabenemerita.es\/index.php\/actualidad\/entrevistas\/21916-francisco-l%C3%B3pez-mu%C3%B1oz-ser-guardia-civil-honorario-es-un-compromiso-con-el-legado-del-benem%C3%A9rito-instituto.html\" target=\"_blank\" rel=\"noopener\">Llegiu l&#8217;entrevista<\/a><\/h2>\n","protected":false},"excerpt":{"rendered":"<p>Francisco L\u00f3pez Mu\u00f1oz valora l&#8217;honor que suposa haver estat designat Gu\u00e0rdia Civil Honorari, coincidint amb el 25\u00e8 aniversari de la creaci\u00f3 d&#8217;aquesta figura, la m\u00e0xima distinci\u00f3 civil del cos que s&#8217;atorga de manera excepcional<\/p>\n","protected":false},"author":12,"featured_media":156991,"comment_status":"closed","ping_status":"closed","sticky":false,"template":"","format":"standard","meta":{"_et_pb_use_builder":"","_et_pb_old_content":"","_et_gb_content_width":"","footnotes":""},"categories":[242,404,168],"tags":[],"class_list":["post-164632","post","type-post","status-publish","format-standard","has-post-thumbnail","hentry","category-categ-historia","category-historia-nacional-ca","category-premis-distincions-i-nomenaments","et-has-post-format-content","et_post_format-et-post-format-standard"],"yoast_head":"<!-- This site is optimized with the Yoast SEO plugin v27.4 - https:\/\/yoast.com\/product\/yoast-seo-wordpress\/ -->\n<title>Passat, present i futur de la Gu\u00e0rdia Civil - Reial Acad\u00e8mia Europea de Doctors<\/title>\n<meta name=\"description\" content=\"Francisco L\u00f3pez Mu\u00f1oz sobre l&#039;honor d&#039;haver estat designat Gu\u00e0rdia Civil Honorari, la m\u00e0xima distinci\u00f3 civil del cos que s&#039;atorga de manera excepcional\" \/>\n<meta name=\"robots\" content=\"index, follow, max-snippet:-1, max-image-preview:large, max-video-preview:-1\" \/>\n<link rel=\"canonical\" href=\"https:\/\/raed.academy\/ca\/passat-present-i-futur-de-la-guardia-civil\/\" \/>\n<meta property=\"og:locale\" content=\"ca_ES\" \/>\n<meta property=\"og:type\" content=\"article\" \/>\n<meta property=\"og:title\" content=\"Passat, present i futur de la Gu\u00e0rdia Civil - Reial Acad\u00e8mia Europea de Doctors\" \/>\n<meta property=\"og:description\" content=\"Francisco L\u00f3pez Mu\u00f1oz sobre l&#039;honor d&#039;haver estat designat Gu\u00e0rdia Civil Honorari, la m\u00e0xima distinci\u00f3 civil del cos que s&#039;atorga de manera excepcional\" \/>\n<meta property=\"og:url\" content=\"https:\/\/raed.academy\/ca\/passat-present-i-futur-de-la-guardia-civil\/\" \/>\n<meta property=\"og:site_name\" content=\"Reial Acad\u00e8mia Europea de Doctors\" \/>\n<meta property=\"article:publisher\" content=\"http:\/\/fb.me\/raed.academy\" \/>\n<meta property=\"article:published_time\" content=\"2025-05-30T17:13:19+00:00\" \/>\n<meta property=\"og:image\" content=\"https:\/\/raed.academy\/wp-content\/uploads\/2024\/12\/Francisco-Lopez-Munoz-nombrado-Guardia-Civil-Honorario-dst.webp\" \/>\n\t<meta property=\"og:image:width\" content=\"800\" \/>\n\t<meta property=\"og:image:height\" content=\"480\" \/>\n\t<meta property=\"og:image:type\" content=\"image\/webp\" \/>\n<meta name=\"author\" content=\"RAED\" \/>\n<meta name=\"twitter:card\" content=\"summary_large_image\" \/>\n<meta name=\"twitter:creator\" content=\"@raedacademy\" \/>\n<meta name=\"twitter:site\" content=\"@raedacademy\" \/>\n<meta name=\"twitter:label1\" content=\"Written by\" \/>\n\t<meta name=\"twitter:data1\" content=\"RAED\" \/>\n\t<meta name=\"twitter:label2\" content=\"Est. reading time\" \/>\n\t<meta name=\"twitter:data2\" content=\"5 minutes\" \/>\n<script type=\"application\/ld+json\" class=\"yoast-schema-graph\">{\"@context\":\"https:\\\/\\\/schema.org\",\"@graph\":[{\"@type\":\"Article\",\"@id\":\"https:\\\/\\\/raed.academy\\\/ca\\\/passat-present-i-futur-de-la-guardia-civil\\\/#article\",\"isPartOf\":{\"@id\":\"https:\\\/\\\/raed.academy\\\/ca\\\/passat-present-i-futur-de-la-guardia-civil\\\/\"},\"author\":{\"name\":\"RAED\",\"@id\":\"https:\\\/\\\/raed.academy\\\/ca\\\/#\\\/schema\\\/person\\\/5a755da80d1d979fd66ba745c8702927\"},\"headline\":\"Passat, present i futur de la Gu\u00e0rdia Civil\",\"datePublished\":\"2025-05-30T17:13:19+00:00\",\"mainEntityOfPage\":{\"@id\":\"https:\\\/\\\/raed.academy\\\/ca\\\/passat-present-i-futur-de-la-guardia-civil\\\/\"},\"wordCount\":1035,\"publisher\":{\"@id\":\"https:\\\/\\\/raed.academy\\\/ca\\\/#organization\"},\"image\":{\"@id\":\"https:\\\/\\\/raed.academy\\\/ca\\\/passat-present-i-futur-de-la-guardia-civil\\\/#primaryimage\"},\"thumbnailUrl\":\"https:\\\/\\\/raed.academy\\\/wp-content\\\/uploads\\\/2024\\\/12\\\/Francisco-Lopez-Munoz-nombrado-Guardia-Civil-Honorario-dst.webp\",\"articleSection\":[\"Hist\u00f2ria\",\"Hist\u00f2ria nacional\",\"Premis, distincions i nomenaments\"],\"inLanguage\":\"ca-ES\"},{\"@type\":\"WebPage\",\"@id\":\"https:\\\/\\\/raed.academy\\\/ca\\\/passat-present-i-futur-de-la-guardia-civil\\\/\",\"url\":\"https:\\\/\\\/raed.academy\\\/ca\\\/passat-present-i-futur-de-la-guardia-civil\\\/\",\"name\":\"Passat, present i futur de la Gu\u00e0rdia Civil - Reial Acad\u00e8mia Europea de Doctors\",\"isPartOf\":{\"@id\":\"https:\\\/\\\/raed.academy\\\/ca\\\/#website\"},\"primaryImageOfPage\":{\"@id\":\"https:\\\/\\\/raed.academy\\\/ca\\\/passat-present-i-futur-de-la-guardia-civil\\\/#primaryimage\"},\"image\":{\"@id\":\"https:\\\/\\\/raed.academy\\\/ca\\\/passat-present-i-futur-de-la-guardia-civil\\\/#primaryimage\"},\"thumbnailUrl\":\"https:\\\/\\\/raed.academy\\\/wp-content\\\/uploads\\\/2024\\\/12\\\/Francisco-Lopez-Munoz-nombrado-Guardia-Civil-Honorario-dst.webp\",\"datePublished\":\"2025-05-30T17:13:19+00:00\",\"description\":\"Francisco L\u00f3pez Mu\u00f1oz sobre l'honor d'haver estat designat Gu\u00e0rdia Civil Honorari, la m\u00e0xima distinci\u00f3 civil del cos que s'atorga de manera excepcional\",\"breadcrumb\":{\"@id\":\"https:\\\/\\\/raed.academy\\\/ca\\\/passat-present-i-futur-de-la-guardia-civil\\\/#breadcrumb\"},\"inLanguage\":\"ca-ES\",\"potentialAction\":[{\"@type\":\"ReadAction\",\"target\":[\"https:\\\/\\\/raed.academy\\\/ca\\\/passat-present-i-futur-de-la-guardia-civil\\\/\"]}]},{\"@type\":\"ImageObject\",\"inLanguage\":\"ca-ES\",\"@id\":\"https:\\\/\\\/raed.academy\\\/ca\\\/passat-present-i-futur-de-la-guardia-civil\\\/#primaryimage\",\"url\":\"https:\\\/\\\/raed.academy\\\/wp-content\\\/uploads\\\/2024\\\/12\\\/Francisco-Lopez-Munoz-nombrado-Guardia-Civil-Honorario-dst.webp\",\"contentUrl\":\"https:\\\/\\\/raed.academy\\\/wp-content\\\/uploads\\\/2024\\\/12\\\/Francisco-Lopez-Munoz-nombrado-Guardia-Civil-Honorario-dst.webp\",\"width\":800,\"height\":480},{\"@type\":\"BreadcrumbList\",\"@id\":\"https:\\\/\\\/raed.academy\\\/ca\\\/passat-present-i-futur-de-la-guardia-civil\\\/#breadcrumb\",\"itemListElement\":[{\"@type\":\"ListItem\",\"position\":1,\"name\":\"Inicio\",\"item\":\"https:\\\/\\\/raed.academy\\\/ca\\\/\"},{\"@type\":\"ListItem\",\"position\":2,\"name\":\"Passat, present i futur de la Gu\u00e0rdia Civil\"}]},{\"@type\":\"WebSite\",\"@id\":\"https:\\\/\\\/raed.academy\\\/ca\\\/#website\",\"url\":\"https:\\\/\\\/raed.academy\\\/ca\\\/\",\"name\":\"Reial Acad\u00e8mia Europea de Doctors\",\"description\":\"Corporaci\u00f3n de derecho p\u00fablico de car\u00e1cter cient\u00edfico, t\u00e9cnico y art\u00edstico, que tiene por objeto la investigaci\u00f3n, el estudio, el fomento y la extensi\u00f3n del conocimiento en su sentido m\u00e1s amplio\",\"publisher\":{\"@id\":\"https:\\\/\\\/raed.academy\\\/ca\\\/#organization\"},\"potentialAction\":[{\"@type\":\"SearchAction\",\"target\":{\"@type\":\"EntryPoint\",\"urlTemplate\":\"https:\\\/\\\/raed.academy\\\/ca\\\/?s={search_term_string}\"},\"query-input\":{\"@type\":\"PropertyValueSpecification\",\"valueRequired\":true,\"valueName\":\"search_term_string\"}}],\"inLanguage\":\"ca-ES\"},{\"@type\":\"Organization\",\"@id\":\"https:\\\/\\\/raed.academy\\\/ca\\\/#organization\",\"name\":\"Real Academia Europea de Doctores\",\"url\":\"https:\\\/\\\/raed.academy\\\/ca\\\/\",\"logo\":{\"@type\":\"ImageObject\",\"inLanguage\":\"ca-ES\",\"@id\":\"https:\\\/\\\/raed.academy\\\/ca\\\/#\\\/schema\\\/logo\\\/image\\\/\",\"url\":\"https:\\\/\\\/raed.academy\\\/wp-content\\\/uploads\\\/2017\\\/01\\\/cropped-logo_raed.png\",\"contentUrl\":\"https:\\\/\\\/raed.academy\\\/wp-content\\\/uploads\\\/2017\\\/01\\\/cropped-logo_raed.png\",\"width\":512,\"height\":512,\"caption\":\"Real Academia Europea de Doctores\"},\"image\":{\"@id\":\"https:\\\/\\\/raed.academy\\\/ca\\\/#\\\/schema\\\/logo\\\/image\\\/\"},\"sameAs\":[\"http:\\\/\\\/fb.me\\\/raed.academy\",\"https:\\\/\\\/x.com\\\/raedacademy\",\"https:\\\/\\\/www.instagram.com\\\/raed.academy\\\/\",\"https:\\\/\\\/www.youtube.com\\\/channel\\\/UCUYQwW2KrdirNWihxMDObwg\"]},{\"@type\":\"Person\",\"@id\":\"https:\\\/\\\/raed.academy\\\/ca\\\/#\\\/schema\\\/person\\\/5a755da80d1d979fd66ba745c8702927\",\"name\":\"RAED\",\"image\":{\"@type\":\"ImageObject\",\"inLanguage\":\"ca-ES\",\"@id\":\"https:\\\/\\\/secure.gravatar.com\\\/avatar\\\/19fdfdc0d67fb9c45714b703a2ac82251c4fcea3637f002ac3c9b74c0183583c?s=96&d=mm&r=g\",\"url\":\"https:\\\/\\\/secure.gravatar.com\\\/avatar\\\/19fdfdc0d67fb9c45714b703a2ac82251c4fcea3637f002ac3c9b74c0183583c?s=96&d=mm&r=g\",\"contentUrl\":\"https:\\\/\\\/secure.gravatar.com\\\/avatar\\\/19fdfdc0d67fb9c45714b703a2ac82251c4fcea3637f002ac3c9b74c0183583c?s=96&d=mm&r=g\",\"caption\":\"RAED\"}}]}<\/script>\n<!-- \/ Yoast SEO plugin. -->","yoast_head_json":{"title":"Passat, present i futur de la Gu\u00e0rdia Civil - Reial Acad\u00e8mia Europea de Doctors","description":"Francisco L\u00f3pez Mu\u00f1oz sobre l'honor d'haver estat designat Gu\u00e0rdia Civil Honorari, la m\u00e0xima distinci\u00f3 civil del cos que s'atorga de manera excepcional","robots":{"index":"index","follow":"follow","max-snippet":"max-snippet:-1","max-image-preview":"max-image-preview:large","max-video-preview":"max-video-preview:-1"},"canonical":"https:\/\/raed.academy\/ca\/passat-present-i-futur-de-la-guardia-civil\/","og_locale":"ca_ES","og_type":"article","og_title":"Passat, present i futur de la Gu\u00e0rdia Civil - Reial Acad\u00e8mia Europea de Doctors","og_description":"Francisco L\u00f3pez Mu\u00f1oz sobre l'honor d'haver estat designat Gu\u00e0rdia Civil Honorari, la m\u00e0xima distinci\u00f3 civil del cos que s'atorga de manera excepcional","og_url":"https:\/\/raed.academy\/ca\/passat-present-i-futur-de-la-guardia-civil\/","og_site_name":"Reial Acad\u00e8mia Europea de Doctors","article_publisher":"http:\/\/fb.me\/raed.academy","article_published_time":"2025-05-30T17:13:19+00:00","og_image":[{"width":800,"height":480,"url":"https:\/\/raed.academy\/wp-content\/uploads\/2024\/12\/Francisco-Lopez-Munoz-nombrado-Guardia-Civil-Honorario-dst.webp","type":"image\/webp"}],"author":"RAED","twitter_card":"summary_large_image","twitter_creator":"@raedacademy","twitter_site":"@raedacademy","twitter_misc":{"Written by":"RAED","Est. reading time":"5 minutes"},"schema":{"@context":"https:\/\/schema.org","@graph":[{"@type":"Article","@id":"https:\/\/raed.academy\/ca\/passat-present-i-futur-de-la-guardia-civil\/#article","isPartOf":{"@id":"https:\/\/raed.academy\/ca\/passat-present-i-futur-de-la-guardia-civil\/"},"author":{"name":"RAED","@id":"https:\/\/raed.academy\/ca\/#\/schema\/person\/5a755da80d1d979fd66ba745c8702927"},"headline":"Passat, present i futur de la Gu\u00e0rdia Civil","datePublished":"2025-05-30T17:13:19+00:00","mainEntityOfPage":{"@id":"https:\/\/raed.academy\/ca\/passat-present-i-futur-de-la-guardia-civil\/"},"wordCount":1035,"publisher":{"@id":"https:\/\/raed.academy\/ca\/#organization"},"image":{"@id":"https:\/\/raed.academy\/ca\/passat-present-i-futur-de-la-guardia-civil\/#primaryimage"},"thumbnailUrl":"https:\/\/raed.academy\/wp-content\/uploads\/2024\/12\/Francisco-Lopez-Munoz-nombrado-Guardia-Civil-Honorario-dst.webp","articleSection":["Hist\u00f2ria","Hist\u00f2ria nacional","Premis, distincions i nomenaments"],"inLanguage":"ca-ES"},{"@type":"WebPage","@id":"https:\/\/raed.academy\/ca\/passat-present-i-futur-de-la-guardia-civil\/","url":"https:\/\/raed.academy\/ca\/passat-present-i-futur-de-la-guardia-civil\/","name":"Passat, present i futur de la Gu\u00e0rdia Civil - Reial Acad\u00e8mia Europea de Doctors","isPartOf":{"@id":"https:\/\/raed.academy\/ca\/#website"},"primaryImageOfPage":{"@id":"https:\/\/raed.academy\/ca\/passat-present-i-futur-de-la-guardia-civil\/#primaryimage"},"image":{"@id":"https:\/\/raed.academy\/ca\/passat-present-i-futur-de-la-guardia-civil\/#primaryimage"},"thumbnailUrl":"https:\/\/raed.academy\/wp-content\/uploads\/2024\/12\/Francisco-Lopez-Munoz-nombrado-Guardia-Civil-Honorario-dst.webp","datePublished":"2025-05-30T17:13:19+00:00","description":"Francisco L\u00f3pez Mu\u00f1oz sobre l'honor d'haver estat designat Gu\u00e0rdia Civil Honorari, la m\u00e0xima distinci\u00f3 civil del cos que s'atorga de manera excepcional","breadcrumb":{"@id":"https:\/\/raed.academy\/ca\/passat-present-i-futur-de-la-guardia-civil\/#breadcrumb"},"inLanguage":"ca-ES","potentialAction":[{"@type":"ReadAction","target":["https:\/\/raed.academy\/ca\/passat-present-i-futur-de-la-guardia-civil\/"]}]},{"@type":"ImageObject","inLanguage":"ca-ES","@id":"https:\/\/raed.academy\/ca\/passat-present-i-futur-de-la-guardia-civil\/#primaryimage","url":"https:\/\/raed.academy\/wp-content\/uploads\/2024\/12\/Francisco-Lopez-Munoz-nombrado-Guardia-Civil-Honorario-dst.webp","contentUrl":"https:\/\/raed.academy\/wp-content\/uploads\/2024\/12\/Francisco-Lopez-Munoz-nombrado-Guardia-Civil-Honorario-dst.webp","width":800,"height":480},{"@type":"BreadcrumbList","@id":"https:\/\/raed.academy\/ca\/passat-present-i-futur-de-la-guardia-civil\/#breadcrumb","itemListElement":[{"@type":"ListItem","position":1,"name":"Inicio","item":"https:\/\/raed.academy\/ca\/"},{"@type":"ListItem","position":2,"name":"Passat, present i futur de la Gu\u00e0rdia Civil"}]},{"@type":"WebSite","@id":"https:\/\/raed.academy\/ca\/#website","url":"https:\/\/raed.academy\/ca\/","name":"Reial Acad\u00e8mia Europea de Doctors","description":"Corporaci\u00f3n de derecho p\u00fablico de car\u00e1cter cient\u00edfico, t\u00e9cnico y art\u00edstico, que tiene por objeto la investigaci\u00f3n, el estudio, el fomento y la extensi\u00f3n del conocimiento en su sentido m\u00e1s amplio","publisher":{"@id":"https:\/\/raed.academy\/ca\/#organization"},"potentialAction":[{"@type":"SearchAction","target":{"@type":"EntryPoint","urlTemplate":"https:\/\/raed.academy\/ca\/?s={search_term_string}"},"query-input":{"@type":"PropertyValueSpecification","valueRequired":true,"valueName":"search_term_string"}}],"inLanguage":"ca-ES"},{"@type":"Organization","@id":"https:\/\/raed.academy\/ca\/#organization","name":"Real Academia Europea de Doctores","url":"https:\/\/raed.academy\/ca\/","logo":{"@type":"ImageObject","inLanguage":"ca-ES","@id":"https:\/\/raed.academy\/ca\/#\/schema\/logo\/image\/","url":"https:\/\/raed.academy\/wp-content\/uploads\/2017\/01\/cropped-logo_raed.png","contentUrl":"https:\/\/raed.academy\/wp-content\/uploads\/2017\/01\/cropped-logo_raed.png","width":512,"height":512,"caption":"Real Academia Europea de Doctores"},"image":{"@id":"https:\/\/raed.academy\/ca\/#\/schema\/logo\/image\/"},"sameAs":["http:\/\/fb.me\/raed.academy","https:\/\/x.com\/raedacademy","https:\/\/www.instagram.com\/raed.academy\/","https:\/\/www.youtube.com\/channel\/UCUYQwW2KrdirNWihxMDObwg"]},{"@type":"Person","@id":"https:\/\/raed.academy\/ca\/#\/schema\/person\/5a755da80d1d979fd66ba745c8702927","name":"RAED","image":{"@type":"ImageObject","inLanguage":"ca-ES","@id":"https:\/\/secure.gravatar.com\/avatar\/19fdfdc0d67fb9c45714b703a2ac82251c4fcea3637f002ac3c9b74c0183583c?s=96&d=mm&r=g","url":"https:\/\/secure.gravatar.com\/avatar\/19fdfdc0d67fb9c45714b703a2ac82251c4fcea3637f002ac3c9b74c0183583c?s=96&d=mm&r=g","contentUrl":"https:\/\/secure.gravatar.com\/avatar\/19fdfdc0d67fb9c45714b703a2ac82251c4fcea3637f002ac3c9b74c0183583c?s=96&d=mm&r=g","caption":"RAED"}}]}},"_links":{"self":[{"href":"https:\/\/raed.academy\/ca\/wp-json\/wp\/v2\/posts\/164632","targetHints":{"allow":["GET"]}}],"collection":[{"href":"https:\/\/raed.academy\/ca\/wp-json\/wp\/v2\/posts"}],"about":[{"href":"https:\/\/raed.academy\/ca\/wp-json\/wp\/v2\/types\/post"}],"author":[{"embeddable":true,"href":"https:\/\/raed.academy\/ca\/wp-json\/wp\/v2\/users\/12"}],"replies":[{"embeddable":true,"href":"https:\/\/raed.academy\/ca\/wp-json\/wp\/v2\/comments?post=164632"}],"version-history":[{"count":0,"href":"https:\/\/raed.academy\/ca\/wp-json\/wp\/v2\/posts\/164632\/revisions"}],"wp:featuredmedia":[{"embeddable":true,"href":"https:\/\/raed.academy\/ca\/wp-json\/wp\/v2\/media\/156991"}],"wp:attachment":[{"href":"https:\/\/raed.academy\/ca\/wp-json\/wp\/v2\/media?parent=164632"}],"wp:term":[{"taxonomy":"category","embeddable":true,"href":"https:\/\/raed.academy\/ca\/wp-json\/wp\/v2\/categories?post=164632"},{"taxonomy":"post_tag","embeddable":true,"href":"https:\/\/raed.academy\/ca\/wp-json\/wp\/v2\/tags?post=164632"}],"curies":[{"name":"wp","href":"https:\/\/api.w.org\/{rel}","templated":true}]}}