{"id":164608,"date":"2025-05-30T16:44:03","date_gmt":"2025-05-30T16:44:03","guid":{"rendered":"https:\/\/raed.academy\/?p=164608"},"modified":"2025-05-30T17:01:54","modified_gmt":"2025-05-30T17:01:54","slug":"secrets-de-paris","status":"publish","type":"post","link":"https:\/\/raed.academy\/ca\/secrets-de-paris\/","title":{"rendered":"Secrets de Par\u00eds"},"content":{"rendered":"<div id=\"attachment_84013\" style=\"width: 617px\" class=\"wp-caption aligncenter\"><img loading=\"lazy\" decoding=\"async\" aria-describedby=\"caption-attachment-84013\" class=\" wp-image-84013\" src=\"https:\/\/raed.academy\/wp-content\/uploads\/2019\/11\/sesion-vacunas-en-el-siglo-XXI-aspectos-cientificos-y-sociales-3.Joaquin-Callabed.jpg\" alt=\"Joaqu\u00edn Callabed\" width=\"607\" height=\"405\" srcset=\"https:\/\/raed.academy\/wp-content\/uploads\/2019\/11\/sesion-vacunas-en-el-siglo-XXI-aspectos-cientificos-y-sociales-3.Joaquin-Callabed.jpg 800w, https:\/\/raed.academy\/wp-content\/uploads\/2019\/11\/sesion-vacunas-en-el-siglo-XXI-aspectos-cientificos-y-sociales-3.Joaquin-Callabed-768x513.jpg 768w\" sizes=\"(max-width: 607px) 100vw, 607px\" \/><p id=\"caption-attachment-84013\" class=\"wp-caption-text\">Dr. Joaqu\u00edn Callabed<\/p><\/div>\n<p><a href=\"https:\/\/raed.academy\/ca\/academics\/dr-joaquin-callabed-carracedo\/\" target=\"_blank\" rel=\"noopener\"><em><strong>Joaqu\u00edn Callabed<\/strong><\/em><\/a>, president del <strong>Club de\u00a0Pediatria\u00a0Social<\/strong>, acad\u00e8mic corresponent de la <strong>Reial Acad\u00e8mia de\u00a0Medicina\u00a0de\u00a0Catalunya<\/strong>\u00a0i de la <strong>Reial Acad\u00e8mia de\u00a0Farm\u00e0cia\u00a0de\u00a0Catalunya<\/strong> i acad\u00e8mic numerari i vicepresident de la Secci\u00f3 de Ci\u00e8ncies de la Salut de la <strong>Reial Acad\u00e8mia Europea de\u00a0Doctors\u00a0<\/strong>(RAED), repr\u00e8n els seus consells sobre all\u00f2 que qualsevol visitant inquiet pot trobar a la capital francesa, de la qual n&#8217;\u00e9s un admirador i viatger recurrent, als articles <em><strong>&#8220;<\/strong><\/em><span data-contrast=\"auto\"><em><strong>Paseo literario por Saint-Germain-des-Pr\u00e9s&#8221;<\/strong><\/em> i <em><strong>&#8220;El rinc\u00f3n de Par\u00eds donde siempre te escuchan&#8221;<\/strong><\/em><\/span>, publicats el mes d&#8217;octubre passat a la secci\u00f3<strong> &#8220;Lectores corresponsales&#8221;<\/strong> de l&#8217;edici\u00f3 digital del diari<strong> &#8220;La Vanguardia&#8221;<\/strong>, de la comunitat de lectors del qual forma part activa. L&#8217;expert, a m\u00e9s, complementa els seus articles amb una selecci\u00f3 d&#8217;imatges capturades in situ per ell mateix.<\/p>\n<p>A <em>&#8220;Paseo literario por Saint-Germain-des-Pr\u00e9s&#8221;<\/em>, l&#8217;acad\u00e8mic recorda com al llarg del segle XX el barri de Saint-Germain-des-Pr\u00e9s sempre va tenir una marcada efervesc\u00e8ncia cultural i la seva estaci\u00f3 de metro, que sempre ha tingut un estatut particular al si de la xarxa parisenca fins al punt d&#8217;esdevenir una sala d&#8217;exposicions amb una instal\u00b7laci\u00f3 que recorda a il\u00b7lustres del barri. &#8220;Hi ha l&#8217;escultura<strong> &#8216;Les Messagers&#8217;<\/strong>, de<strong> Gualtiero Bassato<\/strong>, un mosaic d&#8217;<strong>Andr\u00e9 Ropion<\/strong> homenatjant <strong>Johannes Gutenberg<\/strong>. Des de l&#8217;any 2000 acull regularment exposicions temporals. La nova instal\u00b7laci\u00f3<strong> &#8216;Le Mythe Saint Germain, un lexique amoureux&#8217;<\/strong> se celebra recordant a personalitats il\u00b7lustres o de vegades poc conegudes que han contribu\u00eft a la hist\u00f2ria del districte&#8221;, detalla l&#8217;autor.<\/p>\n<p>El president del Club de Pediatria Social cita els personatges del barri representats a l&#8217;estaci\u00f3, que proposa un recorregut literari des de la seva construcci\u00f3 fins al present mitjan\u00e7ant diverses hist\u00f2ries i an\u00e8cdotes. Es tracta, en concret, de <strong>Roland Topor<\/strong> (1938-1997), <strong>Simone de Beauvoir<\/strong> (1908-1986), <strong>Romain Gary<\/strong> (1914-1980),<strong> Miles Davis<\/strong> (1926-1991), <strong>Juliette Gr\u00e9co<\/strong> (1927-2020), <strong>Margueritte Duras<\/strong> (1914-1996) i <strong>Sonia Rykiel<\/strong> (1930-2016). &#8220;Estan representats amb imatge i text biogr\u00e0fic, mostra d&#8217;aquest districte \u00fanic que encarna sempre una idea de Par\u00eds lletrat, lliure i creatiu&#8221;, assenyala Callabed.<\/p>\n<p><img loading=\"lazy\" decoding=\"async\" class=\"wp-image-164579 size-full alignright\" src=\"https:\/\/raed.academy\/wp-content\/uploads\/2025\/05\/Paris-Torre-Eiffel-no-atrib-pixabay.com-dst.webp\" sizes=\"(max-width: 600px) 100vw, 600px\" srcset=\"https:\/\/raed.academy\/wp-content\/uploads\/2025\/05\/Paris-Torre-Eiffel-no-atrib-pixabay.com-dst.webp 600w, https:\/\/raed.academy\/wp-content\/uploads\/2025\/05\/Paris-Torre-Eiffel-no-atrib-pixabay.com-dst-440x264.webp 440w\" alt=\"Torre Eiffel de Par\u00eds\" width=\"600\" height=\"360\" aria-describedby=\"caption-attachment-164579\" \/>Per la seva part, a <em>&#8220;El rinc\u00f3n de Par\u00eds donde siempre te escuchan&#8221;<\/em>, el &#8216;lector corresponsal&#8217; parla de l&#8217;associaci\u00f3 <strong>La Porte Ouverte<\/strong>, ubicada a l&#8217;esgl\u00e9sia de Sant Severin de Par\u00eds, al barri llat\u00ed, que atresora una llarga traject\u00f2ria d&#8217;escolta atenta a les persones necessitades. &#8220;Als anys 70 del segle passat, l&#8217;escultor aragon\u00e8s <strong>Ricardo Santamar\u00eda<\/strong> em va cedir el seu apartament del carrer Galande de Par\u00eds unes setmanes. Vaig ser a la seva exposici\u00f3 d&#8217;escultura a Chateau des Braux i ens va acompanyar <strong>Margueritte<\/strong>, volunt\u00e0ria de La Porte Ouverte en aquella \u00e8poca, que em va informar de les activitats socials de l&#8217;associaci\u00f3&#8221;, inicia l&#8217;autor la presentaci\u00f3.<\/p>\n<p>&#8220;La peculiaritat de La Porte Ouverte \u00e9s que les consultes s\u00f3n cara a cara, diferent d&#8217;altres associacions que ho fan telef\u00f2nicament. Aquesta relaci\u00f3 de proximitat crea un intercanvi m\u00e9s intens. Durant la Covid moltes persones han utilitzat el tel\u00e8fon i han vist que no \u00e9s la mateixa proximitat. La seva vocaci\u00f3 \u00e9s rebre persones amb el denominador com\u00fa d&#8217;una solitud abismal, que freq\u00fcentment han patit maltractament infantil, agressions sexuals o pateixen problemes de depend\u00e8ncia. En general, tenen una salut mental fr\u00e0gil que oscil\u00b7la de la lleugera depressi\u00f3 a problemes mentals greus. La majoria de persones amb problemes mentals importants ja estan ateses en centres m\u00e8dics o psicol\u00f2gics, per\u00f2 a vegades el seguiment no \u00e9s suficient i estan molt medicalitzats&#8221;, resumeix l&#8217;acad\u00e8mic.<\/p>\n<ul>\n<li>\n<h3><a href=\"https:\/\/www.lavanguardia.com\/participacion\/lectores-corresponsales\/20241021\/10027719\/paseo-literario-saint-germain-des-pres.html\" target=\"_blank\" rel=\"noopener\">Llegiu\u00a0 &#8220;Paseo literario por Saint-Germain-des-Pr\u00e9s&#8221;<\/a><\/h3>\n<\/li>\n<li>\n<h3><a href=\"https:\/\/www.lavanguardia.com\/participacion\/lectores-corresponsales\/20241019\/10030349\/rincon-paris-siempre-te-escuchan.html\" target=\"_blank\" rel=\"noopener\">Llegiu &#8220;El rinc\u00f3n de Par\u00eds donde siempre te escuchan&#8221;<\/a><\/h3>\n<\/li>\n<\/ul>\n","protected":false},"excerpt":{"rendered":"<p>Recorregut cultural i espiritual per Par\u00eds de la m\u00e0 de Joaqu\u00edn Callabed, als articles  \u00abRecorrido literario por Saint-Germain-des-Pr\u00e9s\u00bb i \u00abEl rinc\u00f3n de Par\u00eds donde siempre te escucho\u00bb<\/p>\n","protected":false},"author":12,"featured_media":164580,"comment_status":"closed","ping_status":"closed","sticky":false,"template":"","format":"standard","meta":{"_et_pb_use_builder":"","_et_pb_old_content":"","_et_gb_content_width":"","footnotes":""},"categories":[229,455,242,401,451,472],"tags":[],"class_list":["post-164608","post","type-post","status-publish","format-standard","has-post-thumbnail","hentry","category-art","category-ciencies-de-la-salut","category-categ-historia","category-historia-de-lart-i-patrimoni-cultural","category-psicologia-ca","category-psiquiatria-i-psicologia","et-has-post-format-content","et_post_format-et-post-format-standard"],"yoast_head":"<!-- This site is optimized with the Yoast SEO plugin v27.4 - https:\/\/yoast.com\/product\/yoast-seo-wordpress\/ -->\n<title>Secrets de Par\u00eds - Reial Acad\u00e8mia Europea de Doctors<\/title>\n<meta name=\"description\" content=\"Passeig literari i espiritual per Par\u00eds de la m\u00e0 de Joaqu\u00edn Callabed, en els seus darrers articles\" \/>\n<meta name=\"robots\" content=\"index, follow, max-snippet:-1, max-image-preview:large, max-video-preview:-1\" \/>\n<link rel=\"canonical\" href=\"https:\/\/raed.academy\/ca\/secrets-de-paris\/\" \/>\n<meta property=\"og:locale\" content=\"ca_ES\" \/>\n<meta property=\"og:type\" content=\"article\" \/>\n<meta property=\"og:title\" content=\"Secrets de Par\u00eds - Reial Acad\u00e8mia Europea de Doctors\" \/>\n<meta property=\"og:description\" content=\"Passeig literari i espiritual per Par\u00eds de la m\u00e0 de Joaqu\u00edn Callabed, en els seus darrers articles\" \/>\n<meta property=\"og:url\" content=\"https:\/\/raed.academy\/ca\/secrets-de-paris\/\" \/>\n<meta property=\"og:site_name\" content=\"Reial Acad\u00e8mia Europea de Doctors\" \/>\n<meta property=\"article:publisher\" content=\"http:\/\/fb.me\/raed.academy\" \/>\n<meta property=\"article:published_time\" content=\"2025-05-30T16:44:03+00:00\" \/>\n<meta property=\"article:modified_time\" content=\"2025-05-30T17:01:54+00:00\" \/>\n<meta property=\"og:image\" content=\"https:\/\/raed.academy\/wp-content\/uploads\/2025\/05\/Paris-Torre-Eiffel-no-atrib-pixabay.com-dst.webp\" \/>\n\t<meta property=\"og:image:width\" content=\"600\" \/>\n\t<meta property=\"og:image:height\" content=\"360\" \/>\n\t<meta property=\"og:image:type\" content=\"image\/webp\" \/>\n<meta name=\"author\" content=\"RAED\" \/>\n<meta name=\"twitter:card\" content=\"summary_large_image\" \/>\n<meta name=\"twitter:creator\" content=\"@raedacademy\" \/>\n<meta name=\"twitter:site\" content=\"@raedacademy\" \/>\n<meta name=\"twitter:label1\" content=\"Written by\" \/>\n\t<meta name=\"twitter:data1\" content=\"RAED\" \/>\n\t<meta name=\"twitter:label2\" content=\"Est. reading time\" \/>\n\t<meta name=\"twitter:data2\" content=\"4 minutes\" \/>\n<script type=\"application\/ld+json\" class=\"yoast-schema-graph\">{\"@context\":\"https:\\\/\\\/schema.org\",\"@graph\":[{\"@type\":\"Article\",\"@id\":\"https:\\\/\\\/raed.academy\\\/ca\\\/secrets-de-paris\\\/#article\",\"isPartOf\":{\"@id\":\"https:\\\/\\\/raed.academy\\\/ca\\\/secrets-de-paris\\\/\"},\"author\":{\"name\":\"RAED\",\"@id\":\"https:\\\/\\\/raed.academy\\\/ca\\\/#\\\/schema\\\/person\\\/5a755da80d1d979fd66ba745c8702927\"},\"headline\":\"Secrets de Par\u00eds\",\"datePublished\":\"2025-05-30T16:44:03+00:00\",\"dateModified\":\"2025-05-30T17:01:54+00:00\",\"mainEntityOfPage\":{\"@id\":\"https:\\\/\\\/raed.academy\\\/ca\\\/secrets-de-paris\\\/\"},\"wordCount\":659,\"publisher\":{\"@id\":\"https:\\\/\\\/raed.academy\\\/ca\\\/#organization\"},\"image\":{\"@id\":\"https:\\\/\\\/raed.academy\\\/ca\\\/secrets-de-paris\\\/#primaryimage\"},\"thumbnailUrl\":\"https:\\\/\\\/raed.academy\\\/wp-content\\\/uploads\\\/2025\\\/05\\\/Paris-Torre-Eiffel-no-atrib-pixabay.com-dst.webp\",\"articleSection\":[\"Art\",\"Ci\u00e8ncies de la salut\",\"Hist\u00f2ria\",\"Hist\u00f2ria de l'art i patrimoni cultural\",\"Psicologia\",\"Psiquiatria i Psicologia\"],\"inLanguage\":\"ca-ES\"},{\"@type\":\"WebPage\",\"@id\":\"https:\\\/\\\/raed.academy\\\/ca\\\/secrets-de-paris\\\/\",\"url\":\"https:\\\/\\\/raed.academy\\\/ca\\\/secrets-de-paris\\\/\",\"name\":\"Secrets de Par\u00eds - Reial Acad\u00e8mia Europea de Doctors\",\"isPartOf\":{\"@id\":\"https:\\\/\\\/raed.academy\\\/ca\\\/#website\"},\"primaryImageOfPage\":{\"@id\":\"https:\\\/\\\/raed.academy\\\/ca\\\/secrets-de-paris\\\/#primaryimage\"},\"image\":{\"@id\":\"https:\\\/\\\/raed.academy\\\/ca\\\/secrets-de-paris\\\/#primaryimage\"},\"thumbnailUrl\":\"https:\\\/\\\/raed.academy\\\/wp-content\\\/uploads\\\/2025\\\/05\\\/Paris-Torre-Eiffel-no-atrib-pixabay.com-dst.webp\",\"datePublished\":\"2025-05-30T16:44:03+00:00\",\"dateModified\":\"2025-05-30T17:01:54+00:00\",\"description\":\"Passeig literari i espiritual per Par\u00eds de la m\u00e0 de Joaqu\u00edn Callabed, en els seus darrers articles\",\"breadcrumb\":{\"@id\":\"https:\\\/\\\/raed.academy\\\/ca\\\/secrets-de-paris\\\/#breadcrumb\"},\"inLanguage\":\"ca-ES\",\"potentialAction\":[{\"@type\":\"ReadAction\",\"target\":[\"https:\\\/\\\/raed.academy\\\/ca\\\/secrets-de-paris\\\/\"]}]},{\"@type\":\"ImageObject\",\"inLanguage\":\"ca-ES\",\"@id\":\"https:\\\/\\\/raed.academy\\\/ca\\\/secrets-de-paris\\\/#primaryimage\",\"url\":\"https:\\\/\\\/raed.academy\\\/wp-content\\\/uploads\\\/2025\\\/05\\\/Paris-Torre-Eiffel-no-atrib-pixabay.com-dst.webp\",\"contentUrl\":\"https:\\\/\\\/raed.academy\\\/wp-content\\\/uploads\\\/2025\\\/05\\\/Paris-Torre-Eiffel-no-atrib-pixabay.com-dst.webp\",\"width\":600,\"height\":360},{\"@type\":\"BreadcrumbList\",\"@id\":\"https:\\\/\\\/raed.academy\\\/ca\\\/secrets-de-paris\\\/#breadcrumb\",\"itemListElement\":[{\"@type\":\"ListItem\",\"position\":1,\"name\":\"Inicio\",\"item\":\"https:\\\/\\\/raed.academy\\\/ca\\\/\"},{\"@type\":\"ListItem\",\"position\":2,\"name\":\"Secrets de Par\u00eds\"}]},{\"@type\":\"WebSite\",\"@id\":\"https:\\\/\\\/raed.academy\\\/ca\\\/#website\",\"url\":\"https:\\\/\\\/raed.academy\\\/ca\\\/\",\"name\":\"Reial Acad\u00e8mia Europea de Doctors\",\"description\":\"Corporaci\u00f3n de derecho p\u00fablico de car\u00e1cter cient\u00edfico, t\u00e9cnico y art\u00edstico, que tiene por objeto la investigaci\u00f3n, el estudio, el fomento y la extensi\u00f3n del conocimiento en su sentido m\u00e1s amplio\",\"publisher\":{\"@id\":\"https:\\\/\\\/raed.academy\\\/ca\\\/#organization\"},\"potentialAction\":[{\"@type\":\"SearchAction\",\"target\":{\"@type\":\"EntryPoint\",\"urlTemplate\":\"https:\\\/\\\/raed.academy\\\/ca\\\/?s={search_term_string}\"},\"query-input\":{\"@type\":\"PropertyValueSpecification\",\"valueRequired\":true,\"valueName\":\"search_term_string\"}}],\"inLanguage\":\"ca-ES\"},{\"@type\":\"Organization\",\"@id\":\"https:\\\/\\\/raed.academy\\\/ca\\\/#organization\",\"name\":\"Real Academia Europea de Doctores\",\"url\":\"https:\\\/\\\/raed.academy\\\/ca\\\/\",\"logo\":{\"@type\":\"ImageObject\",\"inLanguage\":\"ca-ES\",\"@id\":\"https:\\\/\\\/raed.academy\\\/ca\\\/#\\\/schema\\\/logo\\\/image\\\/\",\"url\":\"https:\\\/\\\/raed.academy\\\/wp-content\\\/uploads\\\/2017\\\/01\\\/cropped-logo_raed.png\",\"contentUrl\":\"https:\\\/\\\/raed.academy\\\/wp-content\\\/uploads\\\/2017\\\/01\\\/cropped-logo_raed.png\",\"width\":512,\"height\":512,\"caption\":\"Real Academia Europea de Doctores\"},\"image\":{\"@id\":\"https:\\\/\\\/raed.academy\\\/ca\\\/#\\\/schema\\\/logo\\\/image\\\/\"},\"sameAs\":[\"http:\\\/\\\/fb.me\\\/raed.academy\",\"https:\\\/\\\/x.com\\\/raedacademy\",\"https:\\\/\\\/www.instagram.com\\\/raed.academy\\\/\",\"https:\\\/\\\/www.youtube.com\\\/channel\\\/UCUYQwW2KrdirNWihxMDObwg\"]},{\"@type\":\"Person\",\"@id\":\"https:\\\/\\\/raed.academy\\\/ca\\\/#\\\/schema\\\/person\\\/5a755da80d1d979fd66ba745c8702927\",\"name\":\"RAED\",\"image\":{\"@type\":\"ImageObject\",\"inLanguage\":\"ca-ES\",\"@id\":\"https:\\\/\\\/secure.gravatar.com\\\/avatar\\\/19fdfdc0d67fb9c45714b703a2ac82251c4fcea3637f002ac3c9b74c0183583c?s=96&d=mm&r=g\",\"url\":\"https:\\\/\\\/secure.gravatar.com\\\/avatar\\\/19fdfdc0d67fb9c45714b703a2ac82251c4fcea3637f002ac3c9b74c0183583c?s=96&d=mm&r=g\",\"contentUrl\":\"https:\\\/\\\/secure.gravatar.com\\\/avatar\\\/19fdfdc0d67fb9c45714b703a2ac82251c4fcea3637f002ac3c9b74c0183583c?s=96&d=mm&r=g\",\"caption\":\"RAED\"}}]}<\/script>\n<!-- \/ Yoast SEO plugin. -->","yoast_head_json":{"title":"Secrets de Par\u00eds - Reial Acad\u00e8mia Europea de Doctors","description":"Passeig literari i espiritual per Par\u00eds de la m\u00e0 de Joaqu\u00edn Callabed, en els seus darrers articles","robots":{"index":"index","follow":"follow","max-snippet":"max-snippet:-1","max-image-preview":"max-image-preview:large","max-video-preview":"max-video-preview:-1"},"canonical":"https:\/\/raed.academy\/ca\/secrets-de-paris\/","og_locale":"ca_ES","og_type":"article","og_title":"Secrets de Par\u00eds - Reial Acad\u00e8mia Europea de Doctors","og_description":"Passeig literari i espiritual per Par\u00eds de la m\u00e0 de Joaqu\u00edn Callabed, en els seus darrers articles","og_url":"https:\/\/raed.academy\/ca\/secrets-de-paris\/","og_site_name":"Reial Acad\u00e8mia Europea de Doctors","article_publisher":"http:\/\/fb.me\/raed.academy","article_published_time":"2025-05-30T16:44:03+00:00","article_modified_time":"2025-05-30T17:01:54+00:00","og_image":[{"width":600,"height":360,"url":"https:\/\/raed.academy\/wp-content\/uploads\/2025\/05\/Paris-Torre-Eiffel-no-atrib-pixabay.com-dst.webp","type":"image\/webp"}],"author":"RAED","twitter_card":"summary_large_image","twitter_creator":"@raedacademy","twitter_site":"@raedacademy","twitter_misc":{"Written by":"RAED","Est. reading time":"4 minutes"},"schema":{"@context":"https:\/\/schema.org","@graph":[{"@type":"Article","@id":"https:\/\/raed.academy\/ca\/secrets-de-paris\/#article","isPartOf":{"@id":"https:\/\/raed.academy\/ca\/secrets-de-paris\/"},"author":{"name":"RAED","@id":"https:\/\/raed.academy\/ca\/#\/schema\/person\/5a755da80d1d979fd66ba745c8702927"},"headline":"Secrets de Par\u00eds","datePublished":"2025-05-30T16:44:03+00:00","dateModified":"2025-05-30T17:01:54+00:00","mainEntityOfPage":{"@id":"https:\/\/raed.academy\/ca\/secrets-de-paris\/"},"wordCount":659,"publisher":{"@id":"https:\/\/raed.academy\/ca\/#organization"},"image":{"@id":"https:\/\/raed.academy\/ca\/secrets-de-paris\/#primaryimage"},"thumbnailUrl":"https:\/\/raed.academy\/wp-content\/uploads\/2025\/05\/Paris-Torre-Eiffel-no-atrib-pixabay.com-dst.webp","articleSection":["Art","Ci\u00e8ncies de la salut","Hist\u00f2ria","Hist\u00f2ria de l'art i patrimoni cultural","Psicologia","Psiquiatria i Psicologia"],"inLanguage":"ca-ES"},{"@type":"WebPage","@id":"https:\/\/raed.academy\/ca\/secrets-de-paris\/","url":"https:\/\/raed.academy\/ca\/secrets-de-paris\/","name":"Secrets de Par\u00eds - Reial Acad\u00e8mia Europea de Doctors","isPartOf":{"@id":"https:\/\/raed.academy\/ca\/#website"},"primaryImageOfPage":{"@id":"https:\/\/raed.academy\/ca\/secrets-de-paris\/#primaryimage"},"image":{"@id":"https:\/\/raed.academy\/ca\/secrets-de-paris\/#primaryimage"},"thumbnailUrl":"https:\/\/raed.academy\/wp-content\/uploads\/2025\/05\/Paris-Torre-Eiffel-no-atrib-pixabay.com-dst.webp","datePublished":"2025-05-30T16:44:03+00:00","dateModified":"2025-05-30T17:01:54+00:00","description":"Passeig literari i espiritual per Par\u00eds de la m\u00e0 de Joaqu\u00edn Callabed, en els seus darrers articles","breadcrumb":{"@id":"https:\/\/raed.academy\/ca\/secrets-de-paris\/#breadcrumb"},"inLanguage":"ca-ES","potentialAction":[{"@type":"ReadAction","target":["https:\/\/raed.academy\/ca\/secrets-de-paris\/"]}]},{"@type":"ImageObject","inLanguage":"ca-ES","@id":"https:\/\/raed.academy\/ca\/secrets-de-paris\/#primaryimage","url":"https:\/\/raed.academy\/wp-content\/uploads\/2025\/05\/Paris-Torre-Eiffel-no-atrib-pixabay.com-dst.webp","contentUrl":"https:\/\/raed.academy\/wp-content\/uploads\/2025\/05\/Paris-Torre-Eiffel-no-atrib-pixabay.com-dst.webp","width":600,"height":360},{"@type":"BreadcrumbList","@id":"https:\/\/raed.academy\/ca\/secrets-de-paris\/#breadcrumb","itemListElement":[{"@type":"ListItem","position":1,"name":"Inicio","item":"https:\/\/raed.academy\/ca\/"},{"@type":"ListItem","position":2,"name":"Secrets de Par\u00eds"}]},{"@type":"WebSite","@id":"https:\/\/raed.academy\/ca\/#website","url":"https:\/\/raed.academy\/ca\/","name":"Reial Acad\u00e8mia Europea de Doctors","description":"Corporaci\u00f3n de derecho p\u00fablico de car\u00e1cter cient\u00edfico, t\u00e9cnico y art\u00edstico, que tiene por objeto la investigaci\u00f3n, el estudio, el fomento y la extensi\u00f3n del conocimiento en su sentido m\u00e1s amplio","publisher":{"@id":"https:\/\/raed.academy\/ca\/#organization"},"potentialAction":[{"@type":"SearchAction","target":{"@type":"EntryPoint","urlTemplate":"https:\/\/raed.academy\/ca\/?s={search_term_string}"},"query-input":{"@type":"PropertyValueSpecification","valueRequired":true,"valueName":"search_term_string"}}],"inLanguage":"ca-ES"},{"@type":"Organization","@id":"https:\/\/raed.academy\/ca\/#organization","name":"Real Academia Europea de Doctores","url":"https:\/\/raed.academy\/ca\/","logo":{"@type":"ImageObject","inLanguage":"ca-ES","@id":"https:\/\/raed.academy\/ca\/#\/schema\/logo\/image\/","url":"https:\/\/raed.academy\/wp-content\/uploads\/2017\/01\/cropped-logo_raed.png","contentUrl":"https:\/\/raed.academy\/wp-content\/uploads\/2017\/01\/cropped-logo_raed.png","width":512,"height":512,"caption":"Real Academia Europea de Doctores"},"image":{"@id":"https:\/\/raed.academy\/ca\/#\/schema\/logo\/image\/"},"sameAs":["http:\/\/fb.me\/raed.academy","https:\/\/x.com\/raedacademy","https:\/\/www.instagram.com\/raed.academy\/","https:\/\/www.youtube.com\/channel\/UCUYQwW2KrdirNWihxMDObwg"]},{"@type":"Person","@id":"https:\/\/raed.academy\/ca\/#\/schema\/person\/5a755da80d1d979fd66ba745c8702927","name":"RAED","image":{"@type":"ImageObject","inLanguage":"ca-ES","@id":"https:\/\/secure.gravatar.com\/avatar\/19fdfdc0d67fb9c45714b703a2ac82251c4fcea3637f002ac3c9b74c0183583c?s=96&d=mm&r=g","url":"https:\/\/secure.gravatar.com\/avatar\/19fdfdc0d67fb9c45714b703a2ac82251c4fcea3637f002ac3c9b74c0183583c?s=96&d=mm&r=g","contentUrl":"https:\/\/secure.gravatar.com\/avatar\/19fdfdc0d67fb9c45714b703a2ac82251c4fcea3637f002ac3c9b74c0183583c?s=96&d=mm&r=g","caption":"RAED"}}]}},"_links":{"self":[{"href":"https:\/\/raed.academy\/ca\/wp-json\/wp\/v2\/posts\/164608","targetHints":{"allow":["GET"]}}],"collection":[{"href":"https:\/\/raed.academy\/ca\/wp-json\/wp\/v2\/posts"}],"about":[{"href":"https:\/\/raed.academy\/ca\/wp-json\/wp\/v2\/types\/post"}],"author":[{"embeddable":true,"href":"https:\/\/raed.academy\/ca\/wp-json\/wp\/v2\/users\/12"}],"replies":[{"embeddable":true,"href":"https:\/\/raed.academy\/ca\/wp-json\/wp\/v2\/comments?post=164608"}],"version-history":[{"count":0,"href":"https:\/\/raed.academy\/ca\/wp-json\/wp\/v2\/posts\/164608\/revisions"}],"wp:featuredmedia":[{"embeddable":true,"href":"https:\/\/raed.academy\/ca\/wp-json\/wp\/v2\/media\/164580"}],"wp:attachment":[{"href":"https:\/\/raed.academy\/ca\/wp-json\/wp\/v2\/media?parent=164608"}],"wp:term":[{"taxonomy":"category","embeddable":true,"href":"https:\/\/raed.academy\/ca\/wp-json\/wp\/v2\/categories?post=164608"},{"taxonomy":"post_tag","embeddable":true,"href":"https:\/\/raed.academy\/ca\/wp-json\/wp\/v2\/tags?post=164608"}],"curies":[{"name":"wp","href":"https:\/\/api.w.org\/{rel}","templated":true}]}}