{"id":163966,"date":"2025-05-12T08:56:58","date_gmt":"2025-05-12T08:56:58","guid":{"rendered":"https:\/\/raed.academy\/?p=163966"},"modified":"2025-05-12T08:57:25","modified_gmt":"2025-05-12T08:57:25","slug":"la-supraconsciencia-la-vida-mes-enlla-de-la-vida","status":"publish","type":"post","link":"https:\/\/raed.academy\/ca\/la-supraconsciencia-la-vida-mes-enlla-de-la-vida\/","title":{"rendered":"La supraconsci\u00e8ncia: la vida m\u00e9s enll\u00e0 de la vida"},"content":{"rendered":"<p>[et_pb_section fb_built=&#8221;1&#8243; fullwidth=&#8221;on&#8221; _builder_version=&#8221;4.27.4&#8243; _module_preset=&#8221;default&#8221; global_colors_info=&#8221;{}&#8221;][et_pb_fullwidth_image src=&#8221;https:\/\/raed.academy\/wp-content\/uploads\/2025\/04\/DALL\u00b7E-2025-04-03-transicion-conciencia-mas-alla-de-la-muerte-fisica-2.91.webp&#8221; title_text=&#8221;DALL\u00b7E-2025-04-03 Supraconciencia transicion conciencia mas alla de la muerte fisica 2.91. Vida despu\u00e9s de la muerte&#8221; _builder_version=&#8221;4.27.4&#8243; _module_preset=&#8221;default&#8221; global_colors_info=&#8221;{}&#8221;][\/et_pb_fullwidth_image][\/et_pb_section][et_pb_section fb_built=&#8221;1&#8243; _builder_version=&#8221;4.16&#8243; global_colors_info=&#8221;{}&#8221;][et_pb_row use_custom_gutter=&#8221;on&#8221; gutter_width=&#8221;1&#8243; _builder_version=&#8221;4.27.4&#8243; background_size=&#8221;initial&#8221; background_position=&#8221;top_left&#8221; background_repeat=&#8221;repeat&#8221; max_width=&#8221;1400px&#8221; global_colors_info=&#8221;{}&#8221;][et_pb_column type=&#8221;4_4&#8243; _builder_version=&#8221;4.16&#8243; custom_padding=&#8221;|||&#8221; global_colors_info=&#8221;{}&#8221; custom_padding__hover=&#8221;|||&#8221;][et_pb_text _builder_version=&#8221;4.27.4&#8243; background_size=&#8221;initial&#8221; background_position=&#8221;top_left&#8221; background_repeat=&#8221;repeat&#8221; hover_enabled=&#8221;0&#8243; global_colors_info=&#8221;{}&#8221; sticky_enabled=&#8221;0&#8243;]<\/p>\n<p><a href=\"https:\/\/raed.academy\/ca\/academics\/dr-manuel-sans-segarra\/\" target=\"_blank\" rel=\"noopener\"><em><strong>Manuel Sans Segarra<\/strong><\/em><\/a>, doctor en\u00a0Medicina\u00a0i\u00a0Cirurgia\u00a0i president de la\u00a0Secci\u00f3\u00a0S\u00e8nior\u00a0del\u00a0<strong>Col\u00b7legi\u00a0Oficial de\u00a0Metges\u00a0de Barcelona<\/strong>, va ingressar com a acad\u00e8mic numerari de la <strong>Reial Acad\u00e8mia Europea de\u00a0Doctors<\/strong> (RAED) durant una solemne cerim\u00f2nia que es va celebrar a la Sala d&#8217;Actes de <strong>Foment de Treball<\/strong>, seu acad\u00e8mica, el passat 6 de maig. El recipiendari va llegir el discurs d&#8217;ingr\u00e9s <a href=\"https:\/\/raed.academy\/wp-content\/uploads\/2025\/05\/La-supraconciencia-nuestra-realidad-existencial-por-Manuel-Sans-Segarra.pdf\" target=\"_blank\" rel=\"noopener\"><strong>&#8220;La supraconciencia. La nostra realitat existencial&#8221;<\/strong><\/a>. Li va respondre en nom de la Reial Corporaci\u00f3 l&#8217;acad\u00e8mic numerari i vicepresident de la <strong>Junta de Govern <a href=\"https:\/\/raed.academy\/ca\/academics\/dr-jaume-llopis-casellas\/\" target=\"_blank\" rel=\"noopener\"><em>Jaume Llopis<\/em><\/a><\/strong>. La sessi\u00f3 va poder seguir-se per streaming a trav\u00e9s del canal de <strong>YouTube<\/strong> de la RAED, on pot visualitzar-se.<\/p>\n<p>Referent internacional per investigar les experi\u00e8ncies properes a la mort des de la seva \u00e8poca com a facultatiu, que resumeix a l&#8217;obra divulgativa <strong>&#8220;La supraconciencia: vida despu\u00e9s de la vida&#8221;<\/strong> (Planeta), publicada l&#8217;any passat, el recipiendari va iniciar la seva intervenci\u00f3 assenyalant que la mort f\u00edsica no suposa el final de l&#8217;exist\u00e8ncia. &#8220;Avui disposem de proves objectives certificades i proves amb base cient\u00edfica que ens permeten afirmar que despr\u00e9s de la mort f\u00edsica, la nostra exist\u00e8ncia persisteix en una altra dimensi\u00f3. L&#8217;estudi de les experi\u00e8ncies properes a la mort amb el m\u00e8tode cient\u00edfic i la valoraci\u00f3 amb la biologia i la f\u00edsica qu\u00e0ntiques ens defineixen l&#8217;estructura de l&#8217;\u00e9sser hum\u00e0, en cos, ment i la supraconsci\u00e8ncia, la nostra aut\u00e8ntica realitat existencial, hol\u00edstica amb la consci\u00e8ncia primera. D&#8217;aquesta manera, s&#8217;estableix un nou paradigma que canvia profundament el concepte de la mort f\u00edsica com a final de la nostra exist\u00e8ncia i que hem d&#8217;interpretar com un tr\u00e0nsit a una altra dimensi\u00f3 energ\u00e8tica&#8221;, va assenyalar.<\/p>\n<div id=\"attachment_163386\" style=\"width: 204px\" class=\"wp-caption alignleft\"><img loading=\"lazy\" decoding=\"async\" aria-describedby=\"caption-attachment-163386\" class=\"wp-image-163386\" src=\"https:\/\/raed.academy\/wp-content\/uploads\/2025\/04\/Dr-Manuel-Sans-Segarra-230x317px.jpg\" alt=\"Dr. Manuel Sans Segarra\" width=\"194\" height=\"267\" aria-describedby=\"caption-attachment-163386\" \/><p id=\"caption-attachment-163386\" class=\"wp-caption-text\">Dr. Manuel Sans<\/p><\/div>\n<p>Pioner en l&#8217;\u00fas de la laparosc\u00f2pia en cirurgia general, antic cap de Cirurgia Digestiva de l&#8217;<strong>Hospital Universitari de Bellvitge<\/strong>, professor de Cirurgia General i Digestiva de la Facultat de Medicina i Ci\u00e8ncies de la Salut de la <strong>Universitat de Barcelona<\/strong> i<strong> Premi a l&#8217;Excel\u00b7l\u00e8ncia Professional<\/strong> del Col\u00b7legi Oficial de Metges de Barcelona, Sans Segarra va explicar com l&#8217;experi\u00e8ncia d&#8217;un dels seus pacients que havia aconseguit ser recuperat de l&#8217;estat de mort cl\u00ednica despr\u00e9s d&#8217;un accident de tr\u00e0nsit mentre exercia una gu\u00e0rdia al <strong>Servei d&#8217;Urg\u00e8ncies<\/strong> va canviar la seva perspectiva i es va interessar per estudiar aquest fenomen des d&#8217;un punt de vista estrictament cient\u00edfic. Des d&#8217;aleshores, ha aconseguit documentar cinc casos cl\u00ednics de pacients en estat de mort cl\u00ednica que van recobrar la vida en col\u00b7laboraci\u00f3 amb el seu equip m\u00e8dic.<\/p>\n<p>L&#8217;expert va abordar en la seva presentaci\u00f3 l&#8217;evoluci\u00f3 dels fen\u00f2mens relacionats amb el retorn a la vida i la seva interpretaci\u00f3 al llarg de la hist\u00f2ria en funci\u00f3 del context religi\u00f3s i cultural de cada \u00e8poca, les diverses hip\u00f2tesis sobre les al\u00b7lucinacions i altres fen\u00f2mens relacionats amb les experi\u00e8ncies properes a la mort la biologia qu\u00e0ntica, les diferents manifestacions de la supraconsci\u00e8ncia, les seves propietats i com descobrir-la, aix\u00ed com la primera consci\u00e8ncia i la primera intel\u00b7lig\u00e8ncia, per concloure que les experi\u00e8ncies properes a la mort s\u00f3n un fenomen freq\u00fcent i present al llarg de la hist\u00f2ria de la humanitat que no poden definir-se com simples al\u00b7lucinacions, com fa la medicina convencional sense anar m\u00e9s enll\u00e0 en el seu estudi.<\/p>\n<p>&#8220;Hi ha una s\u00e8rie de fen\u00f2mens en les experi\u00e8ncies properes a la mort que no tenen justificaci\u00f3 amb el m\u00e8tode cient\u00edfic: la transfer\u00e8ncia d&#8217;informaci\u00f3 independent de l&#8217;espai i del temps i la facilitat que presenten els pacients a travessar estructures s\u00f2lides i la resson\u00e0ncia magn\u00e8tica funcional ens evidencia que els objectes que el pacient observa durant aquestes experi\u00e8ncies condicionen mem\u00f2ria a les neurones mirall del l\u00f2bul occipital, confirmant que el pacient no menteix, realment va veure l&#8217;objecte. \u00c9s evident que el m\u00e8tode cient\u00edfic no ens permet definir la fisiopatologia, el mecanisme \u00edntim de producci\u00f3, d&#8217;aquestes experi\u00e8ncies. La f\u00edsica te\u00f2rica que estudia el m\u00f3n microsc\u00f2pic de les part\u00edcules subat\u00f2miques demostra que l&#8217;element estructural b\u00e0sic de l&#8217;univers no \u00e9s la mat\u00e8ria, sin\u00f3 l&#8217;energia&#8221;, va concloure Sans Segarra.<\/p>\n<h2><a href=\"https:\/\/raed.academy\/wp-content\/uploads\/2025\/05\/La-supraconciencia-nuestra-realidad-existencial-por-Manuel-Sans-Segarra.pdf\" target=\"_blank\" rel=\"noopener\">Veure &#8220;La supraconciencia. Nuestra realidad existencial&#8221;<\/a><\/h2>\n<p>[\/et_pb_text][et_pb_video src=&#8221;https:\/\/youtu.be\/chrW-WhyPj8&#8243; _builder_version=&#8221;4.27.4&#8243; _module_preset=&#8221;default&#8221; global_colors_info=&#8221;{}&#8221;][\/et_pb_video][et_pb_gallery gallery_ids=&#8221;163839,163836,163833,163830,163827,163824,163821,163818,163815,163812,163809,163806,163803,163800,163797,163794&#8243; posts_number=&#8221;16&#8243; show_title_and_caption=&#8221;off&#8221; show_pagination=&#8221;off&#8221; module_class=&#8221;galeria-pad-1&#8243; _builder_version=&#8221;4.27.4&#8243; _module_preset=&#8221;default&#8221; global_colors_info=&#8221;{}&#8221;][\/et_pb_gallery][\/et_pb_column][\/et_pb_row][\/et_pb_section]<\/p>\n","protected":false},"excerpt":{"rendered":"<p>Manuel Sans Segarra, referent internacional per investigar les experi\u00e8ncies properes a la mort, assenyala durant el discurs d&#8217;ingr\u00e9s a la RAED que la mort f\u00edsica no suposa la fi de l&#8217;exist\u00e8ncia, sin\u00f3 que aquesta persisteix en una altra dimensi\u00f3<\/p>\n","protected":false},"author":12,"featured_media":0,"comment_status":"closed","ping_status":"closed","sticky":false,"template":"","format":"standard","meta":{"_et_pb_use_builder":"on","_et_pb_old_content":"","_et_gb_content_width":"","footnotes":""},"categories":[332,455,298,344,213],"tags":[],"class_list":["post-163966","post","type-post","status-publish","format-standard","hentry","category-biologia-ca","category-ciencies-de-la-salut","category-fisica-ca","category-fisica-de-particules","category-medicina-i-cirurgia","et-doesnt-have-format-content","et_post_format-et-post-format-standard"],"yoast_head":"<!-- This site is optimized with the Yoast SEO plugin v27.4 - https:\/\/yoast.com\/product\/yoast-seo-wordpress\/ -->\n<title>La supraconsci\u00e8ncia: la vida m\u00e9s enll\u00e0 de la vida - Reial Acad\u00e8mia Europea de Doctors<\/title>\n<meta name=\"description\" content=\"Manuel Sans Segarra, referent internacional en experi\u00e8ncies properes a la mort, assenyala com la mort f\u00edsica no suposa la fi de l&#039;exist\u00e8ncia\" \/>\n<meta name=\"robots\" content=\"index, follow, max-snippet:-1, max-image-preview:large, max-video-preview:-1\" \/>\n<link rel=\"canonical\" href=\"https:\/\/raed.academy\/ca\/la-supraconsciencia-la-vida-mes-enlla-de-la-vida\/\" \/>\n<meta property=\"og:locale\" content=\"ca_ES\" \/>\n<meta property=\"og:type\" content=\"article\" \/>\n<meta property=\"og:title\" content=\"La supraconsci\u00e8ncia: la vida m\u00e9s enll\u00e0 de la vida - Reial Acad\u00e8mia Europea de Doctors\" \/>\n<meta property=\"og:description\" content=\"Manuel Sans Segarra, referent internacional en experi\u00e8ncies properes a la mort, assenyala com la mort f\u00edsica no suposa la fi de l&#039;exist\u00e8ncia\" \/>\n<meta property=\"og:url\" content=\"https:\/\/raed.academy\/ca\/la-supraconsciencia-la-vida-mes-enlla-de-la-vida\/\" \/>\n<meta property=\"og:site_name\" content=\"Reial Acad\u00e8mia Europea de Doctors\" \/>\n<meta property=\"article:publisher\" content=\"http:\/\/fb.me\/raed.academy\" \/>\n<meta property=\"article:published_time\" content=\"2025-05-12T08:56:58+00:00\" \/>\n<meta property=\"article:modified_time\" content=\"2025-05-12T08:57:25+00:00\" \/>\n<meta property=\"og:image\" content=\"https:\/\/raed.academy\/wp-content\/uploads\/2025\/04\/DALLE-2025-04-03-supraconciencia-transicion-conciencia-tras-la-muerte-fisica-1.17.webp\" \/>\n\t<meta property=\"og:image:width\" content=\"350\" \/>\n\t<meta property=\"og:image:height\" content=\"300\" \/>\n\t<meta property=\"og:image:type\" content=\"image\/webp\" \/>\n<meta name=\"author\" content=\"RAED\" \/>\n<meta name=\"twitter:card\" content=\"summary_large_image\" \/>\n<meta name=\"twitter:creator\" content=\"@raedacademy\" \/>\n<meta name=\"twitter:site\" content=\"@raedacademy\" \/>\n<meta name=\"twitter:label1\" content=\"Written by\" \/>\n\t<meta name=\"twitter:data1\" content=\"RAED\" \/>\n\t<meta name=\"twitter:label2\" content=\"Est. reading time\" \/>\n\t<meta name=\"twitter:data2\" content=\"7 minutes\" \/>\n<script type=\"application\/ld+json\" class=\"yoast-schema-graph\">{\"@context\":\"https:\\\/\\\/schema.org\",\"@graph\":[{\"@type\":\"Article\",\"@id\":\"https:\\\/\\\/raed.academy\\\/ca\\\/la-supraconsciencia-la-vida-mes-enlla-de-la-vida\\\/#article\",\"isPartOf\":{\"@id\":\"https:\\\/\\\/raed.academy\\\/ca\\\/la-supraconsciencia-la-vida-mes-enlla-de-la-vida\\\/\"},\"author\":{\"name\":\"RAED\",\"@id\":\"https:\\\/\\\/raed.academy\\\/ca\\\/#\\\/schema\\\/person\\\/5a755da80d1d979fd66ba745c8702927\"},\"headline\":\"La supraconsci\u00e8ncia: la vida m\u00e9s enll\u00e0 de la vida\",\"datePublished\":\"2025-05-12T08:56:58+00:00\",\"dateModified\":\"2025-05-12T08:57:25+00:00\",\"mainEntityOfPage\":{\"@id\":\"https:\\\/\\\/raed.academy\\\/ca\\\/la-supraconsciencia-la-vida-mes-enlla-de-la-vida\\\/\"},\"wordCount\":991,\"publisher\":{\"@id\":\"https:\\\/\\\/raed.academy\\\/ca\\\/#organization\"},\"image\":{\"@id\":\"https:\\\/\\\/raed.academy\\\/ca\\\/la-supraconsciencia-la-vida-mes-enlla-de-la-vida\\\/#primaryimage\"},\"thumbnailUrl\":\"https:\\\/\\\/raed.academy\\\/wp-content\\\/uploads\\\/2025\\\/04\\\/Dr-Manuel-Sans-Segarra-230x317px.jpg\",\"articleSection\":[\"Biologia\",\"Ci\u00e8ncies de la salut\",\"F\u00edsica\",\"F\u00edsica de part\u00edcules\",\"Medicina i cirurgia\"],\"inLanguage\":\"ca-ES\"},{\"@type\":\"WebPage\",\"@id\":\"https:\\\/\\\/raed.academy\\\/ca\\\/la-supraconsciencia-la-vida-mes-enlla-de-la-vida\\\/\",\"url\":\"https:\\\/\\\/raed.academy\\\/ca\\\/la-supraconsciencia-la-vida-mes-enlla-de-la-vida\\\/\",\"name\":\"La supraconsci\u00e8ncia: la vida m\u00e9s enll\u00e0 de la vida - Reial Acad\u00e8mia Europea de Doctors\",\"isPartOf\":{\"@id\":\"https:\\\/\\\/raed.academy\\\/ca\\\/#website\"},\"primaryImageOfPage\":{\"@id\":\"https:\\\/\\\/raed.academy\\\/ca\\\/la-supraconsciencia-la-vida-mes-enlla-de-la-vida\\\/#primaryimage\"},\"image\":{\"@id\":\"https:\\\/\\\/raed.academy\\\/ca\\\/la-supraconsciencia-la-vida-mes-enlla-de-la-vida\\\/#primaryimage\"},\"thumbnailUrl\":\"https:\\\/\\\/raed.academy\\\/wp-content\\\/uploads\\\/2025\\\/04\\\/Dr-Manuel-Sans-Segarra-230x317px.jpg\",\"datePublished\":\"2025-05-12T08:56:58+00:00\",\"dateModified\":\"2025-05-12T08:57:25+00:00\",\"description\":\"Manuel Sans Segarra, referent internacional en experi\u00e8ncies properes a la mort, assenyala com la mort f\u00edsica no suposa la fi de l'exist\u00e8ncia\",\"breadcrumb\":{\"@id\":\"https:\\\/\\\/raed.academy\\\/ca\\\/la-supraconsciencia-la-vida-mes-enlla-de-la-vida\\\/#breadcrumb\"},\"inLanguage\":\"ca-ES\",\"potentialAction\":[{\"@type\":\"ReadAction\",\"target\":[\"https:\\\/\\\/raed.academy\\\/ca\\\/la-supraconsciencia-la-vida-mes-enlla-de-la-vida\\\/\"]}]},{\"@type\":\"ImageObject\",\"inLanguage\":\"ca-ES\",\"@id\":\"https:\\\/\\\/raed.academy\\\/ca\\\/la-supraconsciencia-la-vida-mes-enlla-de-la-vida\\\/#primaryimage\",\"url\":\"https:\\\/\\\/raed.academy\\\/wp-content\\\/uploads\\\/2025\\\/04\\\/Dr-Manuel-Sans-Segarra-230x317px.jpg\",\"contentUrl\":\"https:\\\/\\\/raed.academy\\\/wp-content\\\/uploads\\\/2025\\\/04\\\/Dr-Manuel-Sans-Segarra-230x317px.jpg\"},{\"@type\":\"BreadcrumbList\",\"@id\":\"https:\\\/\\\/raed.academy\\\/ca\\\/la-supraconsciencia-la-vida-mes-enlla-de-la-vida\\\/#breadcrumb\",\"itemListElement\":[{\"@type\":\"ListItem\",\"position\":1,\"name\":\"Inicio\",\"item\":\"https:\\\/\\\/raed.academy\\\/ca\\\/\"},{\"@type\":\"ListItem\",\"position\":2,\"name\":\"La supraconsci\u00e8ncia: la vida m\u00e9s enll\u00e0 de la vida\"}]},{\"@type\":\"WebSite\",\"@id\":\"https:\\\/\\\/raed.academy\\\/ca\\\/#website\",\"url\":\"https:\\\/\\\/raed.academy\\\/ca\\\/\",\"name\":\"Reial Acad\u00e8mia Europea de Doctors\",\"description\":\"Corporaci\u00f3n de derecho p\u00fablico de car\u00e1cter cient\u00edfico, t\u00e9cnico y art\u00edstico, que tiene por objeto la investigaci\u00f3n, el estudio, el fomento y la extensi\u00f3n del conocimiento en su sentido m\u00e1s amplio\",\"publisher\":{\"@id\":\"https:\\\/\\\/raed.academy\\\/ca\\\/#organization\"},\"potentialAction\":[{\"@type\":\"SearchAction\",\"target\":{\"@type\":\"EntryPoint\",\"urlTemplate\":\"https:\\\/\\\/raed.academy\\\/ca\\\/?s={search_term_string}\"},\"query-input\":{\"@type\":\"PropertyValueSpecification\",\"valueRequired\":true,\"valueName\":\"search_term_string\"}}],\"inLanguage\":\"ca-ES\"},{\"@type\":\"Organization\",\"@id\":\"https:\\\/\\\/raed.academy\\\/ca\\\/#organization\",\"name\":\"Real Academia Europea de Doctores\",\"url\":\"https:\\\/\\\/raed.academy\\\/ca\\\/\",\"logo\":{\"@type\":\"ImageObject\",\"inLanguage\":\"ca-ES\",\"@id\":\"https:\\\/\\\/raed.academy\\\/ca\\\/#\\\/schema\\\/logo\\\/image\\\/\",\"url\":\"https:\\\/\\\/raed.academy\\\/wp-content\\\/uploads\\\/2017\\\/01\\\/cropped-logo_raed.png\",\"contentUrl\":\"https:\\\/\\\/raed.academy\\\/wp-content\\\/uploads\\\/2017\\\/01\\\/cropped-logo_raed.png\",\"width\":512,\"height\":512,\"caption\":\"Real Academia Europea de Doctores\"},\"image\":{\"@id\":\"https:\\\/\\\/raed.academy\\\/ca\\\/#\\\/schema\\\/logo\\\/image\\\/\"},\"sameAs\":[\"http:\\\/\\\/fb.me\\\/raed.academy\",\"https:\\\/\\\/x.com\\\/raedacademy\",\"https:\\\/\\\/www.instagram.com\\\/raed.academy\\\/\",\"https:\\\/\\\/www.youtube.com\\\/channel\\\/UCUYQwW2KrdirNWihxMDObwg\"]},{\"@type\":\"Person\",\"@id\":\"https:\\\/\\\/raed.academy\\\/ca\\\/#\\\/schema\\\/person\\\/5a755da80d1d979fd66ba745c8702927\",\"name\":\"RAED\",\"image\":{\"@type\":\"ImageObject\",\"inLanguage\":\"ca-ES\",\"@id\":\"https:\\\/\\\/secure.gravatar.com\\\/avatar\\\/19fdfdc0d67fb9c45714b703a2ac82251c4fcea3637f002ac3c9b74c0183583c?s=96&d=mm&r=g\",\"url\":\"https:\\\/\\\/secure.gravatar.com\\\/avatar\\\/19fdfdc0d67fb9c45714b703a2ac82251c4fcea3637f002ac3c9b74c0183583c?s=96&d=mm&r=g\",\"contentUrl\":\"https:\\\/\\\/secure.gravatar.com\\\/avatar\\\/19fdfdc0d67fb9c45714b703a2ac82251c4fcea3637f002ac3c9b74c0183583c?s=96&d=mm&r=g\",\"caption\":\"RAED\"}}]}<\/script>\n<!-- \/ Yoast SEO plugin. -->","yoast_head_json":{"title":"La supraconsci\u00e8ncia: la vida m\u00e9s enll\u00e0 de la vida - Reial Acad\u00e8mia Europea de Doctors","description":"Manuel Sans Segarra, referent internacional en experi\u00e8ncies properes a la mort, assenyala com la mort f\u00edsica no suposa la fi de l'exist\u00e8ncia","robots":{"index":"index","follow":"follow","max-snippet":"max-snippet:-1","max-image-preview":"max-image-preview:large","max-video-preview":"max-video-preview:-1"},"canonical":"https:\/\/raed.academy\/ca\/la-supraconsciencia-la-vida-mes-enlla-de-la-vida\/","og_locale":"ca_ES","og_type":"article","og_title":"La supraconsci\u00e8ncia: la vida m\u00e9s enll\u00e0 de la vida - Reial Acad\u00e8mia Europea de Doctors","og_description":"Manuel Sans Segarra, referent internacional en experi\u00e8ncies properes a la mort, assenyala com la mort f\u00edsica no suposa la fi de l'exist\u00e8ncia","og_url":"https:\/\/raed.academy\/ca\/la-supraconsciencia-la-vida-mes-enlla-de-la-vida\/","og_site_name":"Reial Acad\u00e8mia Europea de Doctors","article_publisher":"http:\/\/fb.me\/raed.academy","article_published_time":"2025-05-12T08:56:58+00:00","article_modified_time":"2025-05-12T08:57:25+00:00","og_image":[{"width":350,"height":300,"url":"https:\/\/raed.academy\/wp-content\/uploads\/2025\/04\/DALLE-2025-04-03-supraconciencia-transicion-conciencia-tras-la-muerte-fisica-1.17.webp","type":"image\/webp"}],"author":"RAED","twitter_card":"summary_large_image","twitter_creator":"@raedacademy","twitter_site":"@raedacademy","twitter_misc":{"Written by":"RAED","Est. reading time":"7 minutes"},"schema":{"@context":"https:\/\/schema.org","@graph":[{"@type":"Article","@id":"https:\/\/raed.academy\/ca\/la-supraconsciencia-la-vida-mes-enlla-de-la-vida\/#article","isPartOf":{"@id":"https:\/\/raed.academy\/ca\/la-supraconsciencia-la-vida-mes-enlla-de-la-vida\/"},"author":{"name":"RAED","@id":"https:\/\/raed.academy\/ca\/#\/schema\/person\/5a755da80d1d979fd66ba745c8702927"},"headline":"La supraconsci\u00e8ncia: la vida m\u00e9s enll\u00e0 de la vida","datePublished":"2025-05-12T08:56:58+00:00","dateModified":"2025-05-12T08:57:25+00:00","mainEntityOfPage":{"@id":"https:\/\/raed.academy\/ca\/la-supraconsciencia-la-vida-mes-enlla-de-la-vida\/"},"wordCount":991,"publisher":{"@id":"https:\/\/raed.academy\/ca\/#organization"},"image":{"@id":"https:\/\/raed.academy\/ca\/la-supraconsciencia-la-vida-mes-enlla-de-la-vida\/#primaryimage"},"thumbnailUrl":"https:\/\/raed.academy\/wp-content\/uploads\/2025\/04\/Dr-Manuel-Sans-Segarra-230x317px.jpg","articleSection":["Biologia","Ci\u00e8ncies de la salut","F\u00edsica","F\u00edsica de part\u00edcules","Medicina i cirurgia"],"inLanguage":"ca-ES"},{"@type":"WebPage","@id":"https:\/\/raed.academy\/ca\/la-supraconsciencia-la-vida-mes-enlla-de-la-vida\/","url":"https:\/\/raed.academy\/ca\/la-supraconsciencia-la-vida-mes-enlla-de-la-vida\/","name":"La supraconsci\u00e8ncia: la vida m\u00e9s enll\u00e0 de la vida - Reial Acad\u00e8mia Europea de Doctors","isPartOf":{"@id":"https:\/\/raed.academy\/ca\/#website"},"primaryImageOfPage":{"@id":"https:\/\/raed.academy\/ca\/la-supraconsciencia-la-vida-mes-enlla-de-la-vida\/#primaryimage"},"image":{"@id":"https:\/\/raed.academy\/ca\/la-supraconsciencia-la-vida-mes-enlla-de-la-vida\/#primaryimage"},"thumbnailUrl":"https:\/\/raed.academy\/wp-content\/uploads\/2025\/04\/Dr-Manuel-Sans-Segarra-230x317px.jpg","datePublished":"2025-05-12T08:56:58+00:00","dateModified":"2025-05-12T08:57:25+00:00","description":"Manuel Sans Segarra, referent internacional en experi\u00e8ncies properes a la mort, assenyala com la mort f\u00edsica no suposa la fi de l'exist\u00e8ncia","breadcrumb":{"@id":"https:\/\/raed.academy\/ca\/la-supraconsciencia-la-vida-mes-enlla-de-la-vida\/#breadcrumb"},"inLanguage":"ca-ES","potentialAction":[{"@type":"ReadAction","target":["https:\/\/raed.academy\/ca\/la-supraconsciencia-la-vida-mes-enlla-de-la-vida\/"]}]},{"@type":"ImageObject","inLanguage":"ca-ES","@id":"https:\/\/raed.academy\/ca\/la-supraconsciencia-la-vida-mes-enlla-de-la-vida\/#primaryimage","url":"https:\/\/raed.academy\/wp-content\/uploads\/2025\/04\/Dr-Manuel-Sans-Segarra-230x317px.jpg","contentUrl":"https:\/\/raed.academy\/wp-content\/uploads\/2025\/04\/Dr-Manuel-Sans-Segarra-230x317px.jpg"},{"@type":"BreadcrumbList","@id":"https:\/\/raed.academy\/ca\/la-supraconsciencia-la-vida-mes-enlla-de-la-vida\/#breadcrumb","itemListElement":[{"@type":"ListItem","position":1,"name":"Inicio","item":"https:\/\/raed.academy\/ca\/"},{"@type":"ListItem","position":2,"name":"La supraconsci\u00e8ncia: la vida m\u00e9s enll\u00e0 de la vida"}]},{"@type":"WebSite","@id":"https:\/\/raed.academy\/ca\/#website","url":"https:\/\/raed.academy\/ca\/","name":"Reial Acad\u00e8mia Europea de Doctors","description":"Corporaci\u00f3n de derecho p\u00fablico de car\u00e1cter cient\u00edfico, t\u00e9cnico y art\u00edstico, que tiene por objeto la investigaci\u00f3n, el estudio, el fomento y la extensi\u00f3n del conocimiento en su sentido m\u00e1s amplio","publisher":{"@id":"https:\/\/raed.academy\/ca\/#organization"},"potentialAction":[{"@type":"SearchAction","target":{"@type":"EntryPoint","urlTemplate":"https:\/\/raed.academy\/ca\/?s={search_term_string}"},"query-input":{"@type":"PropertyValueSpecification","valueRequired":true,"valueName":"search_term_string"}}],"inLanguage":"ca-ES"},{"@type":"Organization","@id":"https:\/\/raed.academy\/ca\/#organization","name":"Real Academia Europea de Doctores","url":"https:\/\/raed.academy\/ca\/","logo":{"@type":"ImageObject","inLanguage":"ca-ES","@id":"https:\/\/raed.academy\/ca\/#\/schema\/logo\/image\/","url":"https:\/\/raed.academy\/wp-content\/uploads\/2017\/01\/cropped-logo_raed.png","contentUrl":"https:\/\/raed.academy\/wp-content\/uploads\/2017\/01\/cropped-logo_raed.png","width":512,"height":512,"caption":"Real Academia Europea de Doctores"},"image":{"@id":"https:\/\/raed.academy\/ca\/#\/schema\/logo\/image\/"},"sameAs":["http:\/\/fb.me\/raed.academy","https:\/\/x.com\/raedacademy","https:\/\/www.instagram.com\/raed.academy\/","https:\/\/www.youtube.com\/channel\/UCUYQwW2KrdirNWihxMDObwg"]},{"@type":"Person","@id":"https:\/\/raed.academy\/ca\/#\/schema\/person\/5a755da80d1d979fd66ba745c8702927","name":"RAED","image":{"@type":"ImageObject","inLanguage":"ca-ES","@id":"https:\/\/secure.gravatar.com\/avatar\/19fdfdc0d67fb9c45714b703a2ac82251c4fcea3637f002ac3c9b74c0183583c?s=96&d=mm&r=g","url":"https:\/\/secure.gravatar.com\/avatar\/19fdfdc0d67fb9c45714b703a2ac82251c4fcea3637f002ac3c9b74c0183583c?s=96&d=mm&r=g","contentUrl":"https:\/\/secure.gravatar.com\/avatar\/19fdfdc0d67fb9c45714b703a2ac82251c4fcea3637f002ac3c9b74c0183583c?s=96&d=mm&r=g","caption":"RAED"}}]}},"_links":{"self":[{"href":"https:\/\/raed.academy\/ca\/wp-json\/wp\/v2\/posts\/163966","targetHints":{"allow":["GET"]}}],"collection":[{"href":"https:\/\/raed.academy\/ca\/wp-json\/wp\/v2\/posts"}],"about":[{"href":"https:\/\/raed.academy\/ca\/wp-json\/wp\/v2\/types\/post"}],"author":[{"embeddable":true,"href":"https:\/\/raed.academy\/ca\/wp-json\/wp\/v2\/users\/12"}],"replies":[{"embeddable":true,"href":"https:\/\/raed.academy\/ca\/wp-json\/wp\/v2\/comments?post=163966"}],"version-history":[{"count":0,"href":"https:\/\/raed.academy\/ca\/wp-json\/wp\/v2\/posts\/163966\/revisions"}],"wp:attachment":[{"href":"https:\/\/raed.academy\/ca\/wp-json\/wp\/v2\/media?parent=163966"}],"wp:term":[{"taxonomy":"category","embeddable":true,"href":"https:\/\/raed.academy\/ca\/wp-json\/wp\/v2\/categories?post=163966"},{"taxonomy":"post_tag","embeddable":true,"href":"https:\/\/raed.academy\/ca\/wp-json\/wp\/v2\/tags?post=163966"}],"curies":[{"name":"wp","href":"https:\/\/api.w.org\/{rel}","templated":true}]}}