{"id":163964,"date":"2025-05-12T08:50:00","date_gmt":"2025-05-12T08:50:00","guid":{"rendered":"https:\/\/raed.academy\/?p=163964"},"modified":"2025-05-12T08:50:26","modified_gmt":"2025-05-12T08:50:26","slug":"de-lexit-professional-a-la-felicitat-compartida","status":"publish","type":"post","link":"https:\/\/raed.academy\/ca\/de-lexit-professional-a-la-felicitat-compartida\/","title":{"rendered":"De l&#8217;\u00e8xit professional a la felicitat compartida"},"content":{"rendered":"<p>[et_pb_section fb_built=&#8221;1&#8243; admin_label=&#8221;section&#8221; _builder_version=&#8221;4.16&#8243; global_colors_info=&#8221;{}&#8221;][et_pb_row admin_label=&#8221;row&#8221; _builder_version=&#8221;4.27.4&#8243; background_size=&#8221;initial&#8221; background_position=&#8221;top_left&#8221; background_repeat=&#8221;repeat&#8221; hover_enabled=&#8221;0&#8243; global_colors_info=&#8221;{}&#8221; use_custom_gutter=&#8221;on&#8221; gutter_width=&#8221;1&#8243; max_width=&#8221;1400px&#8221; sticky_enabled=&#8221;0&#8243;][et_pb_column type=&#8221;4_4&#8243; _builder_version=&#8221;4.16&#8243; custom_padding=&#8221;|||&#8221; global_colors_info=&#8221;{}&#8221; custom_padding__hover=&#8221;|||&#8221;][et_pb_text admin_label=&#8221;Text&#8221; _builder_version=&#8221;4.27.4&#8243; background_size=&#8221;initial&#8221; background_position=&#8221;top_left&#8221; background_repeat=&#8221;repeat&#8221; hover_enabled=&#8221;0&#8243; global_colors_info=&#8221;{}&#8221; sticky_enabled=&#8221;0&#8243;]<\/p>\n<p><iframe loading=\"lazy\" title=\"Presentaci\u00f3n del libro Destino de una vida audaz y poli\u00e9drica [...] de Gabriel Masfrurroll\" src=\"https:\/\/www.youtube.com\/embed\/1ii3t0LN-RQ\" width=\"1083\" height=\"609\" frameborder=\"0\" allowfullscreen=\"allowfullscreen\"><\/iframe><\/p>\n<div id=\"attachment_152733\" style=\"width: 610px\" class=\"wp-caption alignright\"><img loading=\"lazy\" decoding=\"async\" aria-describedby=\"caption-attachment-152733\" class=\"wp-image-152733 size-full\" src=\"https:\/\/raed.academy\/wp-content\/uploads\/2024\/09\/Gabriel-Masfurroll-dst.webp\" sizes=\"(max-width: 600px) 100vw, 600px\" srcset=\"https:\/\/raed.academy\/wp-content\/uploads\/2024\/09\/Gabriel-Masfurroll-dst.webp 600w, https:\/\/raed.academy\/wp-content\/uploads\/2024\/09\/Gabriel-Masfurroll-dst-440x264.webp 440w\" alt=\"Gabriel Masfurroll\" width=\"600\" height=\"360\" aria-describedby=\"caption-attachment-152733\" \/><p id=\"caption-attachment-152733\" class=\"wp-caption-text\">Gabriel Masfurroll<\/p><\/div>\n<p><a href=\"https:\/\/raed.academy\/ca\/academics\/sr-gabriel-masfurroll-lacambra\/\" target=\"_blank\" rel=\"noopener\"><em><strong>Gabriel Masfurroll<\/strong><\/em><\/a>, economista, empresari, filantrop i acad\u00e8mic d&#8217;honor i ambaixador extraordinari de la <strong>Reial Acad\u00e8mia Europea de Doctors<\/strong> (RAED), va presentar el passat 8 de maig a l&#8217;Auditori del<strong> Banc Sabadell<\/strong> de Madrid l&#8217;obra <em><strong>&#8220;Destino de una vida audaz y poli\u00e9drica: de nadador de competici\u00f3n a empresario sanitario y abuelo feliz&#8221;<\/strong><\/em>, el discurs amb qu\u00e8 Masfurroll va ingressar fa un any en la Reial Corporaci\u00f3. A l&#8217;acte, que va estar presentat per la reconeguda periodista <strong>Susanna Griso<\/strong>, va participar l&#8217;acad\u00e8mic numerari i president de la <strong>Junta de Govern<\/strong> de la RAED, <a href=\"https:\/\/raed.academy\/ca\/academics\/dr-alfredo-rocafort-nicolau\/\" target=\"_blank\" rel=\"noopener\"><em><strong>Alfredo Rocafort<\/strong><\/em><\/a>, que va referir-se tant a la tasca professional com a l&#8217;altruista de l&#8217;autor i l&#8217;entusiasme amb el qual s&#8217;aboca a tots els seus projectes i que ara tamb\u00e9 ha focalitzat en la Reial Acad\u00e8mia.<\/p>\n<p>Al llibre, Masfurroll repassa els seus assoliments personals i laborals arrencant des dels seus or\u00edgens, les principals fites de la seva educaci\u00f3 i formaci\u00f3, la import\u00e0ncia capital de la figura del seu pare, el paper que va cobrar en el seu desenvolupament la nataci\u00f3, la primera feina que va marcar el futur de la seva vida a l&#8217;<strong>Hospital de Sant Pau<\/strong> de Barcelona, els seus mentors i primers suports professionals, la seva fam\u00edlia com a projecte vital de m\u00e0xima prioritat, el paper del Bar\u00e7a en la seva traject\u00f2ria professional, el que va definir com el seu proc\u00e9s de maduresa, el descobriment del Networking, l&#8217;amplitud de mires als negocis, l&#8217;assumpci\u00f3 del risc als seus projectes, la gesti\u00f3 d&#8217;equips professionals, l&#8217;emprenedoria com a meta laboral i vital, la import\u00e0ncia de la conciliaci\u00f3 laboral i familiar, la seva experi\u00e8ncia en <strong>USP Hospitales<\/strong>, la <strong>Fundaci\u00f3 \u00c0lex<\/strong>, l&#8217;inici de les seves reconegudes empreses i activitats filantr\u00f2piques, els primers premis i reconeixements, els pitjors moments de la pand\u00e8mia i les seves repercussions i les lli\u00e7ons que, a partir d\u2019aqu\u00ed, ha rebut de la vida.<\/p>\n<p><img loading=\"lazy\" decoding=\"async\" class=\"alignleft size-full wp-image-161970\" src=\"https:\/\/raed.academy\/wp-content\/uploads\/2025\/04\/portada-3D-libro-Destino-de-una-vida-audaz-y-poliedrica-de-Gabriel-Masfurroll.webp\" alt=\"\" width=\"224\" height=\"385\" \/>&#8220;Si aconsegueixes harmonitzar la teva vida familiar amb la teva feina, la de la teva parella amb tu, la vida et ser\u00e0 m\u00e9s bonica al llarg dels anys, i si aconsegueixes formar una fam\u00edlia unida, sabreu afrontar molt\u00edssim millor les ensopegades que solen apar\u00e8ixer sempre. Units sereu m\u00e9s forts i millors i arribareu m\u00e9s lluny, i la satisfacci\u00f3 \u00e9s infinita. \u00c9s el cam\u00ed de la vida i acabar-lo amb satisfacci\u00f3 no t\u00e9 preu&#8221;, conclou l&#8217;acad\u00e8mic i ambaixador de la RAED la seva reflexi\u00f3 despr\u00e9s d&#8217;oferir alguns consells apresos al llarg de la seva \u00e0mplia i exitosa traject\u00f2ria vital i professional. L&#8217;obra acaba amb el discurs de contestaci\u00f3 que, en nom de la Reial Acad\u00e8mia, va oferir el seu acad\u00e8mic numerari i vicepresident <a href=\"https:\/\/raed.academy\/ca\/academics\/dr-jaume-llopis-casellas\/\" target=\"_blank\" rel=\"noopener\"><em><strong>Jaume Llopis<\/strong><\/em><\/a>, a qui uneixen a l&#8217;autor quatre d\u00e8cades d&#8217;amistat i projectes professionals i personals en com\u00fa.<\/p>\n<p>Masfurroll va iniciar la seva carrera professional com a economista a l&#8217;\u00e0mbit sanitari i va participar en la creaci\u00f3 de la <strong>Fundaci\u00f3 Catalana S\u00edndrome de Down<\/strong>. Va presidir durant gaireb\u00e9 una d\u00e8cada el <strong>Consell Social<\/strong> de la <strong>Universitat Aut\u00f2noma de Barcelona<\/strong>, si b\u00e9 la seva notorietat va arribar com a membre de la directiva blaugrana. En l&#8217;actualitat \u00e9s assessor i membre dels consells d&#8217;administraci\u00f3 de diverses companyies, entre elles les empreses sueques<strong> Kreab Worldwide AB<\/strong> i <strong>EQT Capital Partners<\/strong>. Al llarg de la seva carrera professional ha intervingut com a professor convidat en reconegudes escoles de negocis com <strong>IESE<\/strong>, <strong>Esade<\/strong> i l&#8217;<strong>Institut d&#8217;Empresa<\/strong>. \u00c9s aix\u00ed mateix mentor, assessor i inversor en empreses de joves emprenedors, columnista a diversos mitjans i autor de diverses obres de refer\u00e8ncia al m\u00f3n dels negocis. Ha merescut diversos reconeixements, entre ells la <strong>Creu de Sant Jordi<\/strong> de la <strong>Generalitat de Catalunya<\/strong>, l&#8217;<strong>Ordre Civil en Sanitat<\/strong> o l&#8217;<strong>Estrella de la Solidaritat<\/strong> de la Rep\u00fablica Italiana.<\/p>\n<p>[\/et_pb_text][et_pb_divider show_divider=&#8221;off&#8221; _builder_version=&#8221;4.27.4&#8243; _module_preset=&#8221;default&#8221; min_height=&#8221;40px&#8221; global_colors_info=&#8221;{}&#8221; locked=&#8221;off&#8221;][\/et_pb_divider][et_pb_gallery gallery_ids=&#8221;163994,163997,164000,164003,164006,164009&#8243; posts_number=&#8221;6&#8243; show_title_and_caption=&#8221;off&#8221; show_pagination=&#8221;off&#8221; module_class=&#8221;galeria-pad-1&#8243; _builder_version=&#8221;4.27.4&#8243; _module_preset=&#8221;default&#8221; custom_css_gallery_item=&#8221;width: 33.33% !important;||margin: 0 !important;||clear: none !important;&#8221; global_colors_info=&#8221;{}&#8221; locked=&#8221;off&#8221;][\/et_pb_gallery][\/et_pb_column][\/et_pb_row][\/et_pb_section]<\/p>\n","protected":false},"excerpt":{"rendered":"<p>Gabriel Masfurroll presenta l&#8217;obra &#8220;Destino de una vida audaz y poli\u00e9drica: de nadador de competici\u00f3n a empresario sanitario y abuelo feliz&#8221;, el discurs amb qu\u00e8 Masfurroll va ingressar fa un any a la RAED<\/p>\n","protected":false},"author":12,"featured_media":150394,"comment_status":"closed","ping_status":"closed","sticky":false,"template":"","format":"standard","meta":{"_et_pb_use_builder":"on","_et_pb_old_content":"<iframe width=\"1083\" height=\"609\" src=\"https:\/\/www.youtube.com\/embed\/1ii3t0LN-RQ\" title=\"Presentaci\u00f3n del libro Destino de una vida audaz y poli\u00e9drica [...] de Gabriel Masfrurroll\" frameborder=\"0\" allow=\"accelerometer; autoplay; clipboard-write; encrypted-media; gyroscope; picture-in-picture; web-share\" referrerpolicy=\"strict-origin-when-cross-origin\" allowfullscreen><\/iframe>\r\n\r\n<a href=\"https:\/\/raed.academy\/ca\/academics\/sr-gabriel-masfurroll-lacambra\/\" target=\"_blank\" rel=\"noopener\"><em><strong>Gabriel Masfurroll<\/strong><\/em><\/a>, economista, empresari, filantrop i acad\u00e8mic d'honor i ambaixador extraordinari de la <strong>Reial Acad\u00e8mia Europea de Doctors<\/strong> (RAED), va presentar el passat 8 de maig a l'Auditori del<strong> Banc Sabadell<\/strong> de Madrid l'obra <strong>\"Destino de una vida audaz y poli\u00e9drica: de nadador de competici\u00f3n a empresario sanitario y abuelo feliz\"<\/strong>, el discurs amb qu\u00e8 Masfurroll va ingressar fa un any en la Reial Corporaci\u00f3. A l'acte, que va estar presentat per la reconeguda periodista <strong>Susanna Griso<\/strong>, va participar l'acad\u00e8mic numerari i president de la <strong>Junta de Govern<\/strong> de la RAED, <a href=\"https:\/\/raed.academy\/ca\/academics\/dr-alfredo-rocafort-nicolau\/\" target=\"_blank\" rel=\"noopener\"><em><strong>Alfredo Rocafort<\/strong><\/em><\/a>, que va referir-se tant a la tasca professional com a l'altruista de l'autor i l'entusiasme amb el qual s'aboca a tots els seus projectes i que ara tamb\u00e9 ha focalitzat en la Reial Acad\u00e8mia.\r\n\r\nAl llibre, Masfurroll repassa els seus assoliments personals i laborals arrencant des dels seus or\u00edgens, les principals fites de la seva educaci\u00f3 i formaci\u00f3, la import\u00e0ncia capital de la figura del seu pare, el paper que va cobrar en el seu desenvolupament la nataci\u00f3, la primera feina que va marcar el futur de la seva vida a l'<strong>Hospital de Sant Pau<\/strong> de Barcelona, els seus mentors i primers suports professionals, la seva fam\u00edlia com a projecte vital de m\u00e0xima prioritat, el paper del Bar\u00e7a en la seva traject\u00f2ria professional, el que va definir com el seu proc\u00e9s de maduresa, el descobriment del Networking, l'amplitud de mires als negocis, l'assumpci\u00f3 del risc als seus projectes, la gesti\u00f3 d'equips professionals, l'emprenedoria com a meta laboral i vital, la import\u00e0ncia de la conciliaci\u00f3 laboral i familiar, la seva experi\u00e8ncia en <strong>USP Hospitales<\/strong>, la <strong>Fundaci\u00f3 \u00c0lex<\/strong>, l'inici de les seves reconegudes empreses i activitats filantr\u00f2piques, els primers premis i reconeixements, els pitjors moments de la pand\u00e8mia i les seves repercussions i les lli\u00e7ons que, a partir d\u2019aqu\u00ed, ha rebut de la vida.\r\n\r\n\"Si aconsegueixes harmonitzar la teva vida familiar amb la teva feina, la de la teva parella amb tu, la vida et ser\u00e0 m\u00e9s bonica al llarg dels anys, i si aconsegueixes formar una fam\u00edlia unida, sabreu afrontar molt\u00edssim millor les ensopegades que solen apar\u00e8ixer sempre. Units sereu m\u00e9s forts i millors i arribareu m\u00e9s lluny, i la satisfacci\u00f3 \u00e9s infinita. \u00c9s el cam\u00ed de la vida i acabar-lo amb satisfacci\u00f3 no t\u00e9 preu\", conclou l'acad\u00e8mic i ambaixador de la RAED la seva reflexi\u00f3 despr\u00e9s d'oferir alguns consells apresos al llarg de la seva \u00e0mplia i exitosa traject\u00f2ria vital i professional. L'obra acaba amb el discurs de contestaci\u00f3 que, en nom de la Reial Acad\u00e8mia, va oferir el seu acad\u00e8mic numerari i vicepresident <a href=\"https:\/\/raed.academy\/ca\/academics\/dr-jaume-llopis-casellas\/\" target=\"_blank\" rel=\"noopener\"><em><strong>Jaume Llopis<\/strong><\/em><\/a>, a qui uneixen a l'autor quatre d\u00e8cades d'amistat i projectes professionals i personals en com\u00fa.\r\n\r\nMasfurroll va iniciar la seva carrera professional com a economista a l'\u00e0mbit sanitari i va participar en la creaci\u00f3 de la <strong>Fundaci\u00f3 Catalana S\u00edndrome de Down<\/strong>. Va presidir durant gaireb\u00e9 una d\u00e8cada el <strong>Consell Social<\/strong> de la <strong>Universitat Aut\u00f2noma de Barcelona<\/strong>, si b\u00e9 la seva notorietat va arribar com a membre de la directiva blaugrana. A l'actualitat \u00e9s assessor i membre dels consells d'administraci\u00f3 de diverses companyies, entre elles les empreses sueques<strong> Kreab Worldwide AB<\/strong> i <strong>EQT Capital Partners<\/strong>. Al llarg de la seva carrera professional ha intervingut com a professor convidat en reconegudes escoles de negocis com <strong>IESE<\/strong>, <strong>Esade<\/strong> i l'<strong>Institut d'Empresa<\/strong>. \u00c9s aix\u00ed mateix mentor, assessor i inversor en empreses de joves emprenedors, columnista a diversos mitjans i autor de diverses obres de refer\u00e8ncia al m\u00f3n dels negocis. Ha merescut diversos reconeixements, entre ells la <strong>Creu de Sant Jordi<\/strong> de la <strong>Generalitat de Catalunya<\/strong>, l'<strong>Ordre Civil en Sanitat<\/strong> o l'<strong>Estrella de la Solidaritat<\/strong> de la Rep\u00fablica Italiana.","_et_gb_content_width":"","footnotes":""},"categories":[176,233,496,217],"tags":[],"class_list":["post-163964","post","type-post","status-publish","format-standard","has-post-thumbnail","hentry","category-academics-a-la-societat","category-economiques-i-empresarials","category-educacio-etica-i-valors-ca","category-missions-humanitaries-ong-fundacions","et-has-post-format-content","et_post_format-et-post-format-standard"],"yoast_head":"<!-- This site is optimized with the Yoast SEO plugin v27.4 - https:\/\/yoast.com\/product\/yoast-seo-wordpress\/ -->\n<title>De l&#039;\u00e8xit professional a la felicitat compartida - Reial Acad\u00e8mia Europea de Doctors<\/title>\n<meta name=\"description\" content=\"Gabriel Masfurroll presenta l&#039;obra &quot;Destino de una vida audaz y poli\u00e9drica: de nadador de competici\u00f3n a empresario sanitario y abuelo feliz&quot;\" \/>\n<meta name=\"robots\" content=\"index, follow, max-snippet:-1, max-image-preview:large, max-video-preview:-1\" \/>\n<link rel=\"canonical\" href=\"https:\/\/raed.academy\/ca\/de-lexit-professional-a-la-felicitat-compartida\/\" \/>\n<meta property=\"og:locale\" content=\"ca_ES\" \/>\n<meta property=\"og:type\" content=\"article\" \/>\n<meta property=\"og:title\" content=\"De l&#039;\u00e8xit professional a la felicitat compartida - Reial Acad\u00e8mia Europea de Doctors\" \/>\n<meta property=\"og:description\" content=\"Gabriel Masfurroll presenta l&#039;obra &quot;Destino de una vida audaz y poli\u00e9drica: de nadador de competici\u00f3n a empresario sanitario y abuelo feliz&quot;\" \/>\n<meta property=\"og:url\" content=\"https:\/\/raed.academy\/ca\/de-lexit-professional-a-la-felicitat-compartida\/\" \/>\n<meta property=\"og:site_name\" content=\"Reial Acad\u00e8mia Europea de Doctors\" \/>\n<meta property=\"article:publisher\" content=\"http:\/\/fb.me\/raed.academy\" \/>\n<meta property=\"article:published_time\" content=\"2025-05-12T08:50:00+00:00\" \/>\n<meta property=\"article:modified_time\" content=\"2025-05-12T08:50:26+00:00\" \/>\n<meta property=\"og:image\" content=\"https:\/\/raed.academy\/wp-content\/uploads\/2024\/06\/Adolfo-Suarez-transicion-democracia-en-Espana-dst.webp\" \/>\n\t<meta property=\"og:image:width\" content=\"800\" \/>\n\t<meta property=\"og:image:height\" content=\"480\" \/>\n\t<meta property=\"og:image:type\" content=\"image\/webp\" \/>\n<meta name=\"author\" content=\"RAED\" \/>\n<meta name=\"twitter:card\" content=\"summary_large_image\" \/>\n<meta name=\"twitter:creator\" content=\"@raedacademy\" \/>\n<meta name=\"twitter:site\" content=\"@raedacademy\" \/>\n<meta name=\"twitter:label1\" content=\"Written by\" \/>\n\t<meta name=\"twitter:data1\" content=\"RAED\" \/>\n\t<meta name=\"twitter:label2\" content=\"Est. reading time\" \/>\n\t<meta name=\"twitter:data2\" content=\"5 minutes\" \/>\n<script type=\"application\/ld+json\" class=\"yoast-schema-graph\">{\"@context\":\"https:\\\/\\\/schema.org\",\"@graph\":[{\"@type\":\"Article\",\"@id\":\"https:\\\/\\\/raed.academy\\\/ca\\\/de-lexit-professional-a-la-felicitat-compartida\\\/#article\",\"isPartOf\":{\"@id\":\"https:\\\/\\\/raed.academy\\\/ca\\\/de-lexit-professional-a-la-felicitat-compartida\\\/\"},\"author\":{\"name\":\"RAED\",\"@id\":\"https:\\\/\\\/raed.academy\\\/ca\\\/#\\\/schema\\\/person\\\/5a755da80d1d979fd66ba745c8702927\"},\"headline\":\"De l&#8217;\u00e8xit professional a la felicitat compartida\",\"datePublished\":\"2025-05-12T08:50:00+00:00\",\"dateModified\":\"2025-05-12T08:50:26+00:00\",\"mainEntityOfPage\":{\"@id\":\"https:\\\/\\\/raed.academy\\\/ca\\\/de-lexit-professional-a-la-felicitat-compartida\\\/\"},\"wordCount\":845,\"publisher\":{\"@id\":\"https:\\\/\\\/raed.academy\\\/ca\\\/#organization\"},\"image\":{\"@id\":\"https:\\\/\\\/raed.academy\\\/ca\\\/de-lexit-professional-a-la-felicitat-compartida\\\/#primaryimage\"},\"thumbnailUrl\":\"https:\\\/\\\/raed.academy\\\/wp-content\\\/uploads\\\/2024\\\/06\\\/Adolfo-Suarez-transicion-democracia-en-Espana-dst.webp\",\"articleSection\":[\"Acad\u00e8mics a la societat\",\"Econ\u00f2miques i Empresarials\",\"Educaci\u00f3, \u00e8tica i valors\",\"Missions humanit\u00e0ries, ONGs y fundacions\"],\"inLanguage\":\"ca-ES\"},{\"@type\":\"WebPage\",\"@id\":\"https:\\\/\\\/raed.academy\\\/ca\\\/de-lexit-professional-a-la-felicitat-compartida\\\/\",\"url\":\"https:\\\/\\\/raed.academy\\\/ca\\\/de-lexit-professional-a-la-felicitat-compartida\\\/\",\"name\":\"De l'\u00e8xit professional a la felicitat compartida - Reial Acad\u00e8mia Europea de Doctors\",\"isPartOf\":{\"@id\":\"https:\\\/\\\/raed.academy\\\/ca\\\/#website\"},\"primaryImageOfPage\":{\"@id\":\"https:\\\/\\\/raed.academy\\\/ca\\\/de-lexit-professional-a-la-felicitat-compartida\\\/#primaryimage\"},\"image\":{\"@id\":\"https:\\\/\\\/raed.academy\\\/ca\\\/de-lexit-professional-a-la-felicitat-compartida\\\/#primaryimage\"},\"thumbnailUrl\":\"https:\\\/\\\/raed.academy\\\/wp-content\\\/uploads\\\/2024\\\/06\\\/Adolfo-Suarez-transicion-democracia-en-Espana-dst.webp\",\"datePublished\":\"2025-05-12T08:50:00+00:00\",\"dateModified\":\"2025-05-12T08:50:26+00:00\",\"description\":\"Gabriel Masfurroll presenta l'obra \\\"Destino de una vida audaz y poli\u00e9drica: de nadador de competici\u00f3n a empresario sanitario y abuelo feliz\\\"\",\"breadcrumb\":{\"@id\":\"https:\\\/\\\/raed.academy\\\/ca\\\/de-lexit-professional-a-la-felicitat-compartida\\\/#breadcrumb\"},\"inLanguage\":\"ca-ES\",\"potentialAction\":[{\"@type\":\"ReadAction\",\"target\":[\"https:\\\/\\\/raed.academy\\\/ca\\\/de-lexit-professional-a-la-felicitat-compartida\\\/\"]}]},{\"@type\":\"ImageObject\",\"inLanguage\":\"ca-ES\",\"@id\":\"https:\\\/\\\/raed.academy\\\/ca\\\/de-lexit-professional-a-la-felicitat-compartida\\\/#primaryimage\",\"url\":\"https:\\\/\\\/raed.academy\\\/wp-content\\\/uploads\\\/2024\\\/06\\\/Adolfo-Suarez-transicion-democracia-en-Espana-dst.webp\",\"contentUrl\":\"https:\\\/\\\/raed.academy\\\/wp-content\\\/uploads\\\/2024\\\/06\\\/Adolfo-Suarez-transicion-democracia-en-Espana-dst.webp\",\"width\":800,\"height\":480},{\"@type\":\"BreadcrumbList\",\"@id\":\"https:\\\/\\\/raed.academy\\\/ca\\\/de-lexit-professional-a-la-felicitat-compartida\\\/#breadcrumb\",\"itemListElement\":[{\"@type\":\"ListItem\",\"position\":1,\"name\":\"Inicio\",\"item\":\"https:\\\/\\\/raed.academy\\\/ca\\\/\"},{\"@type\":\"ListItem\",\"position\":2,\"name\":\"De l&#8217;\u00e8xit professional a la felicitat compartida\"}]},{\"@type\":\"WebSite\",\"@id\":\"https:\\\/\\\/raed.academy\\\/ca\\\/#website\",\"url\":\"https:\\\/\\\/raed.academy\\\/ca\\\/\",\"name\":\"Reial Acad\u00e8mia Europea de Doctors\",\"description\":\"Corporaci\u00f3n de derecho p\u00fablico de car\u00e1cter cient\u00edfico, t\u00e9cnico y art\u00edstico, que tiene por objeto la investigaci\u00f3n, el estudio, el fomento y la extensi\u00f3n del conocimiento en su sentido m\u00e1s amplio\",\"publisher\":{\"@id\":\"https:\\\/\\\/raed.academy\\\/ca\\\/#organization\"},\"potentialAction\":[{\"@type\":\"SearchAction\",\"target\":{\"@type\":\"EntryPoint\",\"urlTemplate\":\"https:\\\/\\\/raed.academy\\\/ca\\\/?s={search_term_string}\"},\"query-input\":{\"@type\":\"PropertyValueSpecification\",\"valueRequired\":true,\"valueName\":\"search_term_string\"}}],\"inLanguage\":\"ca-ES\"},{\"@type\":\"Organization\",\"@id\":\"https:\\\/\\\/raed.academy\\\/ca\\\/#organization\",\"name\":\"Real Academia Europea de Doctores\",\"url\":\"https:\\\/\\\/raed.academy\\\/ca\\\/\",\"logo\":{\"@type\":\"ImageObject\",\"inLanguage\":\"ca-ES\",\"@id\":\"https:\\\/\\\/raed.academy\\\/ca\\\/#\\\/schema\\\/logo\\\/image\\\/\",\"url\":\"https:\\\/\\\/raed.academy\\\/wp-content\\\/uploads\\\/2017\\\/01\\\/cropped-logo_raed.png\",\"contentUrl\":\"https:\\\/\\\/raed.academy\\\/wp-content\\\/uploads\\\/2017\\\/01\\\/cropped-logo_raed.png\",\"width\":512,\"height\":512,\"caption\":\"Real Academia Europea de Doctores\"},\"image\":{\"@id\":\"https:\\\/\\\/raed.academy\\\/ca\\\/#\\\/schema\\\/logo\\\/image\\\/\"},\"sameAs\":[\"http:\\\/\\\/fb.me\\\/raed.academy\",\"https:\\\/\\\/x.com\\\/raedacademy\",\"https:\\\/\\\/www.instagram.com\\\/raed.academy\\\/\",\"https:\\\/\\\/www.youtube.com\\\/channel\\\/UCUYQwW2KrdirNWihxMDObwg\"]},{\"@type\":\"Person\",\"@id\":\"https:\\\/\\\/raed.academy\\\/ca\\\/#\\\/schema\\\/person\\\/5a755da80d1d979fd66ba745c8702927\",\"name\":\"RAED\",\"image\":{\"@type\":\"ImageObject\",\"inLanguage\":\"ca-ES\",\"@id\":\"https:\\\/\\\/secure.gravatar.com\\\/avatar\\\/19fdfdc0d67fb9c45714b703a2ac82251c4fcea3637f002ac3c9b74c0183583c?s=96&d=mm&r=g\",\"url\":\"https:\\\/\\\/secure.gravatar.com\\\/avatar\\\/19fdfdc0d67fb9c45714b703a2ac82251c4fcea3637f002ac3c9b74c0183583c?s=96&d=mm&r=g\",\"contentUrl\":\"https:\\\/\\\/secure.gravatar.com\\\/avatar\\\/19fdfdc0d67fb9c45714b703a2ac82251c4fcea3637f002ac3c9b74c0183583c?s=96&d=mm&r=g\",\"caption\":\"RAED\"}}]}<\/script>\n<!-- \/ Yoast SEO plugin. -->","yoast_head_json":{"title":"De l'\u00e8xit professional a la felicitat compartida - Reial Acad\u00e8mia Europea de Doctors","description":"Gabriel Masfurroll presenta l'obra \"Destino de una vida audaz y poli\u00e9drica: de nadador de competici\u00f3n a empresario sanitario y abuelo feliz\"","robots":{"index":"index","follow":"follow","max-snippet":"max-snippet:-1","max-image-preview":"max-image-preview:large","max-video-preview":"max-video-preview:-1"},"canonical":"https:\/\/raed.academy\/ca\/de-lexit-professional-a-la-felicitat-compartida\/","og_locale":"ca_ES","og_type":"article","og_title":"De l'\u00e8xit professional a la felicitat compartida - Reial Acad\u00e8mia Europea de Doctors","og_description":"Gabriel Masfurroll presenta l'obra \"Destino de una vida audaz y poli\u00e9drica: de nadador de competici\u00f3n a empresario sanitario y abuelo feliz\"","og_url":"https:\/\/raed.academy\/ca\/de-lexit-professional-a-la-felicitat-compartida\/","og_site_name":"Reial Acad\u00e8mia Europea de Doctors","article_publisher":"http:\/\/fb.me\/raed.academy","article_published_time":"2025-05-12T08:50:00+00:00","article_modified_time":"2025-05-12T08:50:26+00:00","og_image":[{"width":800,"height":480,"url":"https:\/\/raed.academy\/wp-content\/uploads\/2024\/06\/Adolfo-Suarez-transicion-democracia-en-Espana-dst.webp","type":"image\/webp"}],"author":"RAED","twitter_card":"summary_large_image","twitter_creator":"@raedacademy","twitter_site":"@raedacademy","twitter_misc":{"Written by":"RAED","Est. reading time":"5 minutes"},"schema":{"@context":"https:\/\/schema.org","@graph":[{"@type":"Article","@id":"https:\/\/raed.academy\/ca\/de-lexit-professional-a-la-felicitat-compartida\/#article","isPartOf":{"@id":"https:\/\/raed.academy\/ca\/de-lexit-professional-a-la-felicitat-compartida\/"},"author":{"name":"RAED","@id":"https:\/\/raed.academy\/ca\/#\/schema\/person\/5a755da80d1d979fd66ba745c8702927"},"headline":"De l&#8217;\u00e8xit professional a la felicitat compartida","datePublished":"2025-05-12T08:50:00+00:00","dateModified":"2025-05-12T08:50:26+00:00","mainEntityOfPage":{"@id":"https:\/\/raed.academy\/ca\/de-lexit-professional-a-la-felicitat-compartida\/"},"wordCount":845,"publisher":{"@id":"https:\/\/raed.academy\/ca\/#organization"},"image":{"@id":"https:\/\/raed.academy\/ca\/de-lexit-professional-a-la-felicitat-compartida\/#primaryimage"},"thumbnailUrl":"https:\/\/raed.academy\/wp-content\/uploads\/2024\/06\/Adolfo-Suarez-transicion-democracia-en-Espana-dst.webp","articleSection":["Acad\u00e8mics a la societat","Econ\u00f2miques i Empresarials","Educaci\u00f3, \u00e8tica i valors","Missions humanit\u00e0ries, ONGs y fundacions"],"inLanguage":"ca-ES"},{"@type":"WebPage","@id":"https:\/\/raed.academy\/ca\/de-lexit-professional-a-la-felicitat-compartida\/","url":"https:\/\/raed.academy\/ca\/de-lexit-professional-a-la-felicitat-compartida\/","name":"De l'\u00e8xit professional a la felicitat compartida - Reial Acad\u00e8mia Europea de Doctors","isPartOf":{"@id":"https:\/\/raed.academy\/ca\/#website"},"primaryImageOfPage":{"@id":"https:\/\/raed.academy\/ca\/de-lexit-professional-a-la-felicitat-compartida\/#primaryimage"},"image":{"@id":"https:\/\/raed.academy\/ca\/de-lexit-professional-a-la-felicitat-compartida\/#primaryimage"},"thumbnailUrl":"https:\/\/raed.academy\/wp-content\/uploads\/2024\/06\/Adolfo-Suarez-transicion-democracia-en-Espana-dst.webp","datePublished":"2025-05-12T08:50:00+00:00","dateModified":"2025-05-12T08:50:26+00:00","description":"Gabriel Masfurroll presenta l'obra \"Destino de una vida audaz y poli\u00e9drica: de nadador de competici\u00f3n a empresario sanitario y abuelo feliz\"","breadcrumb":{"@id":"https:\/\/raed.academy\/ca\/de-lexit-professional-a-la-felicitat-compartida\/#breadcrumb"},"inLanguage":"ca-ES","potentialAction":[{"@type":"ReadAction","target":["https:\/\/raed.academy\/ca\/de-lexit-professional-a-la-felicitat-compartida\/"]}]},{"@type":"ImageObject","inLanguage":"ca-ES","@id":"https:\/\/raed.academy\/ca\/de-lexit-professional-a-la-felicitat-compartida\/#primaryimage","url":"https:\/\/raed.academy\/wp-content\/uploads\/2024\/06\/Adolfo-Suarez-transicion-democracia-en-Espana-dst.webp","contentUrl":"https:\/\/raed.academy\/wp-content\/uploads\/2024\/06\/Adolfo-Suarez-transicion-democracia-en-Espana-dst.webp","width":800,"height":480},{"@type":"BreadcrumbList","@id":"https:\/\/raed.academy\/ca\/de-lexit-professional-a-la-felicitat-compartida\/#breadcrumb","itemListElement":[{"@type":"ListItem","position":1,"name":"Inicio","item":"https:\/\/raed.academy\/ca\/"},{"@type":"ListItem","position":2,"name":"De l&#8217;\u00e8xit professional a la felicitat compartida"}]},{"@type":"WebSite","@id":"https:\/\/raed.academy\/ca\/#website","url":"https:\/\/raed.academy\/ca\/","name":"Reial Acad\u00e8mia Europea de Doctors","description":"Corporaci\u00f3n de derecho p\u00fablico de car\u00e1cter cient\u00edfico, t\u00e9cnico y art\u00edstico, que tiene por objeto la investigaci\u00f3n, el estudio, el fomento y la extensi\u00f3n del conocimiento en su sentido m\u00e1s amplio","publisher":{"@id":"https:\/\/raed.academy\/ca\/#organization"},"potentialAction":[{"@type":"SearchAction","target":{"@type":"EntryPoint","urlTemplate":"https:\/\/raed.academy\/ca\/?s={search_term_string}"},"query-input":{"@type":"PropertyValueSpecification","valueRequired":true,"valueName":"search_term_string"}}],"inLanguage":"ca-ES"},{"@type":"Organization","@id":"https:\/\/raed.academy\/ca\/#organization","name":"Real Academia Europea de Doctores","url":"https:\/\/raed.academy\/ca\/","logo":{"@type":"ImageObject","inLanguage":"ca-ES","@id":"https:\/\/raed.academy\/ca\/#\/schema\/logo\/image\/","url":"https:\/\/raed.academy\/wp-content\/uploads\/2017\/01\/cropped-logo_raed.png","contentUrl":"https:\/\/raed.academy\/wp-content\/uploads\/2017\/01\/cropped-logo_raed.png","width":512,"height":512,"caption":"Real Academia Europea de Doctores"},"image":{"@id":"https:\/\/raed.academy\/ca\/#\/schema\/logo\/image\/"},"sameAs":["http:\/\/fb.me\/raed.academy","https:\/\/x.com\/raedacademy","https:\/\/www.instagram.com\/raed.academy\/","https:\/\/www.youtube.com\/channel\/UCUYQwW2KrdirNWihxMDObwg"]},{"@type":"Person","@id":"https:\/\/raed.academy\/ca\/#\/schema\/person\/5a755da80d1d979fd66ba745c8702927","name":"RAED","image":{"@type":"ImageObject","inLanguage":"ca-ES","@id":"https:\/\/secure.gravatar.com\/avatar\/19fdfdc0d67fb9c45714b703a2ac82251c4fcea3637f002ac3c9b74c0183583c?s=96&d=mm&r=g","url":"https:\/\/secure.gravatar.com\/avatar\/19fdfdc0d67fb9c45714b703a2ac82251c4fcea3637f002ac3c9b74c0183583c?s=96&d=mm&r=g","contentUrl":"https:\/\/secure.gravatar.com\/avatar\/19fdfdc0d67fb9c45714b703a2ac82251c4fcea3637f002ac3c9b74c0183583c?s=96&d=mm&r=g","caption":"RAED"}}]}},"_links":{"self":[{"href":"https:\/\/raed.academy\/ca\/wp-json\/wp\/v2\/posts\/163964","targetHints":{"allow":["GET"]}}],"collection":[{"href":"https:\/\/raed.academy\/ca\/wp-json\/wp\/v2\/posts"}],"about":[{"href":"https:\/\/raed.academy\/ca\/wp-json\/wp\/v2\/types\/post"}],"author":[{"embeddable":true,"href":"https:\/\/raed.academy\/ca\/wp-json\/wp\/v2\/users\/12"}],"replies":[{"embeddable":true,"href":"https:\/\/raed.academy\/ca\/wp-json\/wp\/v2\/comments?post=163964"}],"version-history":[{"count":0,"href":"https:\/\/raed.academy\/ca\/wp-json\/wp\/v2\/posts\/163964\/revisions"}],"wp:featuredmedia":[{"embeddable":true,"href":"https:\/\/raed.academy\/ca\/wp-json\/wp\/v2\/media\/150394"}],"wp:attachment":[{"href":"https:\/\/raed.academy\/ca\/wp-json\/wp\/v2\/media?parent=163964"}],"wp:term":[{"taxonomy":"category","embeddable":true,"href":"https:\/\/raed.academy\/ca\/wp-json\/wp\/v2\/categories?post=163964"},{"taxonomy":"post_tag","embeddable":true,"href":"https:\/\/raed.academy\/ca\/wp-json\/wp\/v2\/tags?post=163964"}],"curies":[{"name":"wp","href":"https:\/\/api.w.org\/{rel}","templated":true}]}}