{"id":163937,"date":"2025-05-12T08:32:52","date_gmt":"2025-05-12T08:32:52","guid":{"rendered":"https:\/\/raed.academy\/?p=163937"},"modified":"2025-05-12T08:33:57","modified_gmt":"2025-05-12T08:33:57","slug":"lideratge-col%c2%b7laboratiu-en-un-context-dincertesa","status":"publish","type":"post","link":"https:\/\/raed.academy\/ca\/lideratge-col%c2%b7laboratiu-en-un-context-dincertesa\/","title":{"rendered":"Lideratge col\u00b7laboratiu en un context d&#8217;incertesa"},"content":{"rendered":"<div id=\"attachment_144400\" style=\"width: 710px\" class=\"wp-caption aligncenter\"><img loading=\"lazy\" decoding=\"async\" aria-describedby=\"caption-attachment-144400\" class=\"wp-image-144400 size-full\" src=\"https:\/\/raed.academy\/wp-content\/uploads\/2014\/07\/Jaume-Llopis-Casellas-700x420px.webp\" alt=\"Jaume Llopis\" width=\"700\" height=\"420\" srcset=\"https:\/\/raed.academy\/wp-content\/uploads\/2014\/07\/Jaume-Llopis-Casellas-700x420px.webp 700w, https:\/\/raed.academy\/wp-content\/uploads\/2014\/07\/Jaume-Llopis-Casellas-700x420px-627x376.webp 627w, https:\/\/raed.academy\/wp-content\/uploads\/2014\/07\/Jaume-Llopis-Casellas-700x420px-440x264.webp 440w\" sizes=\"(max-width: 700px) 100vw, 700px\" \/><p id=\"caption-attachment-144400\" class=\"wp-caption-text\">Dr. Jaume Llopis<\/p><\/div>\n<p><a href=\"https:\/\/raed.academy\/ca\/academics\/dr-jaume-llopis-casellas\/\" target=\"_blank\" rel=\"noopener\"><em><strong><span class=\"constant\">Jaume Llopis<\/span><\/strong><\/em><\/a>, professor em\u00e8rit d&#8217;<strong><span class=\"constant\">IESE<\/span>\u00a0<span class=\"constant\">Business<\/span>\u00a0<span class=\"constant\">School<\/span>\u00a0<\/strong>i acad\u00e8mic numerari i vicepresident de la <strong>Junta de\u00a0<span class=\"constant\">Govern<\/span><\/strong>\u00a0de la <strong>Reial Acad\u00e8mia Europea de\u00a0<span class=\"constant\">Doctors<\/span><\/strong>\u00a0(<span class=\"constant\">RAED<\/span>), ha participat al <strong><span class=\"constant\">M\u00f2dul<\/span>\u00a0de\u00a0<span class=\"constant\">Sessions<\/span>\u00a0<span class=\"constant\">Virtuals<\/span> en <span class=\"constant\">Viu<\/span>\u00a0<\/strong>del\u00a0<strong><span class=\"constant\">M\u00e0ster<\/span>\u00a0de\u00a0<span class=\"alternative\">Direcci\u00f3<\/span>\u00a0Corporativa\u00a0<span class=\"constant\">Lean Management<\/span>\u00a04.0<\/strong> de l&#8217;<strong><span class=\"constant\">UCAM<\/span>&#8211;<span class=\"constant\">Universitat<\/span>\u00a0<span class=\"constant\">Cat\u00f2lica<\/span>\u00a0<span class=\"constant\">San Antonio<\/span>\u00a0de\u00a0<span class=\"constant\">M\u00farcia<\/span><\/strong> amb la presentaci\u00f3 <strong>&#8220;Inteligencia directiva. Claves para un liderazgo colaborativo en entornos VUCA&#8221;<\/strong>, que va\u00a0<span class=\"alternative\">donar<\/span> el gener passat, exposant les tesis del seu \u00faltim llibre, <strong>&#8220;Inteligencia Directiva. Manual para liderar equipos&#8221;<\/strong>\u00a0(<span class=\"constant\">Marge Book<\/span>), un pr\u00e0ctic manual que analitza el nou lideratge empresarial, marcatge per les noves tend\u00e8ncies de gesti\u00f3 que tant la pand\u00e8mia com una nova generaci\u00f3 de consumidors i usuaris amb comprom\u00eds social han impulsat.<\/p>\n<p><span class=\"constant\"><img loading=\"lazy\" decoding=\"async\" class=\"alignleft wp-image-145743\" src=\"https:\/\/raed.academy\/wp-content\/uploads\/2024\/02\/Inteligencia-Directiva-Manual-para-liderar-equipos-libro-del-Dr-Jaume-Llopis.webp\" alt=\"\" width=\"397\" height=\"446\" \/>Llopis<\/span>, en concret, advoca per un nou model de lideratge col\u00b7laboratiu, fonamentat en una cultura basada en la confian\u00e7a i la responsabilitat, amb equips dotats dels recursos tecnol\u00f2gics necessaris per prendre de manera descentralitzada decisions informades. I per aix\u00f2 ofereix set propostes estrat\u00e8giques que permeten aconseguir-ho. L&#8217;expert parteix d&#8217;una visi\u00f3 pr\u00e0ctica, un punt de refer\u00e8ncia amb propostes per a la revisi\u00f3, actualitzaci\u00f3 i adaptaci\u00f3 dels rols i les prioritats directives a les noves <span class=\"unknown\">con\u00addiciones<\/span>\u00a0en les organitzacions del segle XXI.<\/p>\n<p>&#8220;En les \u00faltimes dues d\u00e8cades s&#8217;han produ\u00eft canvis de gran rellev\u00e0ncia al mercat global que han emp\u00e8s a les empreses a abordar grans transformacions en els seus sistemes de gesti\u00f3. Tot i aix\u00f2, poc se sap sobre l&#8217;impacte que han tingut sobre el dia a dia de la direcci\u00f3 general de les organitzacions, i sobre com aquesta adapta els seus rols, funcions i prioritats als nous escenaris. Es fa necessari repensar veritats tradicionalment acceptades sobre qu\u00e8 significa dirigir empreses i sobre com abordar aquella complexa tasca quan els entorns es caracteritzen per la volatilitat, incertesa, complexitat i ambig\u00fcitat&#8221;, considera el vicepresident de la <span class=\"constant\">RAED<\/span>, per a qui la transpar\u00e8ncia, responsabilitat i rendici\u00f3 de comptes s\u00f3n un valor fonamental en la nova gesti\u00f3 empresarial en la seva evoluci\u00f3 cap a un nou model de capitalisme, on el prop\u00f2sit cobra un paper central.<\/p>\n<p><span class=\"constant\">Llopis<\/span>\u00a0ha desenvolupat una llarga i\u00a0<span class=\"alternative\">exitosa<\/span>\u00a0traject\u00f2ria al m\u00f3n de la gesti\u00f3 empresarial en empreses com\u00a0<strong><span class=\"constant\">Moulinex<\/span><\/strong>, <strong>Nestl\u00e9<\/strong>,<strong>\u00a0<span class=\"constant\">La Uni\u00f3n<\/span> y el <span class=\"constant\">F\u00e8nix<\/span>\u00a0<span class=\"constant\">Espa\u00f1ol<\/span><\/strong>\u00a0i\u00a0<strong><span class=\"constant\">Borges International Group<\/span><\/strong>. De la seva vasta traject\u00f2ria acad\u00e8mica, al seu magisteri en IESE se sumen els seus cursos com a professor convidat a les escoles de negocis <strong>IPADE<\/strong> (M\u00e8xic), <strong>AESE<\/strong> (Portugal), <strong>IDE<\/strong> (l&#8217;Equador), <strong>INCAE<\/strong> (Nicaragua), <strong>IEEM<\/strong> (Uruguai), <strong>MDE<\/strong> (Costa d&#8217;Ivori), l&#8217;<strong>Institut San Telmo<\/strong> de Sevilla, i <strong>EADA<\/strong>, a Barcelona. \u00c9s autor de llibres de refer\u00e8ncia en l\u2019\u00e0mbit de la gesti\u00f3 empresarial.<\/p>\n","protected":false},"excerpt":{"rendered":"<p>Jaume Llopis exposa les tesis del seu darrer llibre, &#8220;Inteligencia Directiva. Manual para liderar equipos&#8221;, durant la seva participaci\u00f3 en el M\u00e0ster de Direcci\u00f3 Corporativa Lean Management 4.0 de la UCAM<\/p>\n","protected":false},"author":12,"featured_media":150879,"comment_status":"closed","ping_status":"closed","sticky":false,"template":"","format":"standard","meta":{"_et_pb_use_builder":"","_et_pb_old_content":"","_et_gb_content_width":"","footnotes":""},"categories":[316,233],"tags":[],"class_list":["post-163937","post","type-post","status-publish","format-standard","has-post-thumbnail","hentry","category-docencia-ca","category-economiques-i-empresarials","et-has-post-format-content","et_post_format-et-post-format-standard"],"yoast_head":"<!-- This site is optimized with the Yoast SEO plugin v27.4 - https:\/\/yoast.com\/product\/yoast-seo-wordpress\/ -->\n<title>Lideratge col\u00b7laboratiu en un context d&#039;incertesa - Reial Acad\u00e8mia Europea de Doctors<\/title>\n<meta name=\"description\" content=\"Jaume Llopis exposa les tesis del seu darrer llibre, &quot;Inteligencia Directiva. Manual para liderar equipos&quot;, durant el M\u00e0ster de Direcci\u00f3 Corporativa de la UCAM\" \/>\n<meta name=\"robots\" content=\"index, follow, max-snippet:-1, max-image-preview:large, max-video-preview:-1\" \/>\n<link rel=\"canonical\" href=\"https:\/\/raed.academy\/ca\/lideratge-col%c2%b7laboratiu-en-un-context-dincertesa\/\" \/>\n<meta property=\"og:locale\" content=\"ca_ES\" \/>\n<meta property=\"og:type\" content=\"article\" \/>\n<meta property=\"og:title\" content=\"Lideratge col\u00b7laboratiu en un context d&#039;incertesa - Reial Acad\u00e8mia Europea de Doctors\" \/>\n<meta property=\"og:description\" content=\"Jaume Llopis exposa les tesis del seu darrer llibre, &quot;Inteligencia Directiva. Manual para liderar equipos&quot;, durant el M\u00e0ster de Direcci\u00f3 Corporativa de la UCAM\" \/>\n<meta property=\"og:url\" content=\"https:\/\/raed.academy\/ca\/lideratge-col%c2%b7laboratiu-en-un-context-dincertesa\/\" \/>\n<meta property=\"og:site_name\" content=\"Reial Acad\u00e8mia Europea de Doctors\" \/>\n<meta property=\"article:publisher\" content=\"http:\/\/fb.me\/raed.academy\" \/>\n<meta property=\"article:published_time\" content=\"2025-05-12T08:32:52+00:00\" \/>\n<meta property=\"article:modified_time\" content=\"2025-05-12T08:33:57+00:00\" \/>\n<meta property=\"og:image\" content=\"https:\/\/raed.academy\/wp-content\/uploads\/2024\/06\/shutt-geoestrategia-ajedrez-juego-liderazgo-negocios-dst.webp\" \/>\n\t<meta property=\"og:image:width\" content=\"600\" \/>\n\t<meta property=\"og:image:height\" content=\"360\" \/>\n\t<meta property=\"og:image:type\" content=\"image\/webp\" \/>\n<meta name=\"author\" content=\"RAED\" \/>\n<meta name=\"twitter:card\" content=\"summary_large_image\" \/>\n<meta name=\"twitter:creator\" content=\"@raedacademy\" \/>\n<meta name=\"twitter:site\" content=\"@raedacademy\" \/>\n<meta name=\"twitter:label1\" content=\"Written by\" \/>\n\t<meta name=\"twitter:data1\" content=\"RAED\" \/>\n\t<meta name=\"twitter:label2\" content=\"Est. reading time\" \/>\n\t<meta name=\"twitter:data2\" content=\"3 minutes\" \/>\n<script type=\"application\/ld+json\" class=\"yoast-schema-graph\">{\"@context\":\"https:\\\/\\\/schema.org\",\"@graph\":[{\"@type\":\"Article\",\"@id\":\"https:\\\/\\\/raed.academy\\\/ca\\\/lideratge-col%c2%b7laboratiu-en-un-context-dincertesa\\\/#article\",\"isPartOf\":{\"@id\":\"https:\\\/\\\/raed.academy\\\/ca\\\/lideratge-col%c2%b7laboratiu-en-un-context-dincertesa\\\/\"},\"author\":{\"name\":\"RAED\",\"@id\":\"https:\\\/\\\/raed.academy\\\/ca\\\/#\\\/schema\\\/person\\\/5a755da80d1d979fd66ba745c8702927\"},\"headline\":\"Lideratge col\u00b7laboratiu en un context d&#8217;incertesa\",\"datePublished\":\"2025-05-12T08:32:52+00:00\",\"dateModified\":\"2025-05-12T08:33:57+00:00\",\"mainEntityOfPage\":{\"@id\":\"https:\\\/\\\/raed.academy\\\/ca\\\/lideratge-col%c2%b7laboratiu-en-un-context-dincertesa\\\/\"},\"wordCount\":487,\"publisher\":{\"@id\":\"https:\\\/\\\/raed.academy\\\/ca\\\/#organization\"},\"image\":{\"@id\":\"https:\\\/\\\/raed.academy\\\/ca\\\/lideratge-col%c2%b7laboratiu-en-un-context-dincertesa\\\/#primaryimage\"},\"thumbnailUrl\":\"https:\\\/\\\/raed.academy\\\/wp-content\\\/uploads\\\/2024\\\/06\\\/shutt-geoestrategia-ajedrez-juego-liderazgo-negocios-dst.webp\",\"articleSection\":[\"Doc\u00e8ncia\",\"Econ\u00f2miques i Empresarials\"],\"inLanguage\":\"ca-ES\"},{\"@type\":\"WebPage\",\"@id\":\"https:\\\/\\\/raed.academy\\\/ca\\\/lideratge-col%c2%b7laboratiu-en-un-context-dincertesa\\\/\",\"url\":\"https:\\\/\\\/raed.academy\\\/ca\\\/lideratge-col%c2%b7laboratiu-en-un-context-dincertesa\\\/\",\"name\":\"Lideratge col\u00b7laboratiu en un context d'incertesa - Reial Acad\u00e8mia Europea de Doctors\",\"isPartOf\":{\"@id\":\"https:\\\/\\\/raed.academy\\\/ca\\\/#website\"},\"primaryImageOfPage\":{\"@id\":\"https:\\\/\\\/raed.academy\\\/ca\\\/lideratge-col%c2%b7laboratiu-en-un-context-dincertesa\\\/#primaryimage\"},\"image\":{\"@id\":\"https:\\\/\\\/raed.academy\\\/ca\\\/lideratge-col%c2%b7laboratiu-en-un-context-dincertesa\\\/#primaryimage\"},\"thumbnailUrl\":\"https:\\\/\\\/raed.academy\\\/wp-content\\\/uploads\\\/2024\\\/06\\\/shutt-geoestrategia-ajedrez-juego-liderazgo-negocios-dst.webp\",\"datePublished\":\"2025-05-12T08:32:52+00:00\",\"dateModified\":\"2025-05-12T08:33:57+00:00\",\"description\":\"Jaume Llopis exposa les tesis del seu darrer llibre, \\\"Inteligencia Directiva. Manual para liderar equipos\\\", durant el M\u00e0ster de Direcci\u00f3 Corporativa de la UCAM\",\"breadcrumb\":{\"@id\":\"https:\\\/\\\/raed.academy\\\/ca\\\/lideratge-col%c2%b7laboratiu-en-un-context-dincertesa\\\/#breadcrumb\"},\"inLanguage\":\"ca-ES\",\"potentialAction\":[{\"@type\":\"ReadAction\",\"target\":[\"https:\\\/\\\/raed.academy\\\/ca\\\/lideratge-col%c2%b7laboratiu-en-un-context-dincertesa\\\/\"]}]},{\"@type\":\"ImageObject\",\"inLanguage\":\"ca-ES\",\"@id\":\"https:\\\/\\\/raed.academy\\\/ca\\\/lideratge-col%c2%b7laboratiu-en-un-context-dincertesa\\\/#primaryimage\",\"url\":\"https:\\\/\\\/raed.academy\\\/wp-content\\\/uploads\\\/2024\\\/06\\\/shutt-geoestrategia-ajedrez-juego-liderazgo-negocios-dst.webp\",\"contentUrl\":\"https:\\\/\\\/raed.academy\\\/wp-content\\\/uploads\\\/2024\\\/06\\\/shutt-geoestrategia-ajedrez-juego-liderazgo-negocios-dst.webp\",\"width\":600,\"height\":360},{\"@type\":\"BreadcrumbList\",\"@id\":\"https:\\\/\\\/raed.academy\\\/ca\\\/lideratge-col%c2%b7laboratiu-en-un-context-dincertesa\\\/#breadcrumb\",\"itemListElement\":[{\"@type\":\"ListItem\",\"position\":1,\"name\":\"Inicio\",\"item\":\"https:\\\/\\\/raed.academy\\\/ca\\\/\"},{\"@type\":\"ListItem\",\"position\":2,\"name\":\"Lideratge col\u00b7laboratiu en un context d&#8217;incertesa\"}]},{\"@type\":\"WebSite\",\"@id\":\"https:\\\/\\\/raed.academy\\\/ca\\\/#website\",\"url\":\"https:\\\/\\\/raed.academy\\\/ca\\\/\",\"name\":\"Reial Acad\u00e8mia Europea de Doctors\",\"description\":\"Corporaci\u00f3n de derecho p\u00fablico de car\u00e1cter cient\u00edfico, t\u00e9cnico y art\u00edstico, que tiene por objeto la investigaci\u00f3n, el estudio, el fomento y la extensi\u00f3n del conocimiento en su sentido m\u00e1s amplio\",\"publisher\":{\"@id\":\"https:\\\/\\\/raed.academy\\\/ca\\\/#organization\"},\"potentialAction\":[{\"@type\":\"SearchAction\",\"target\":{\"@type\":\"EntryPoint\",\"urlTemplate\":\"https:\\\/\\\/raed.academy\\\/ca\\\/?s={search_term_string}\"},\"query-input\":{\"@type\":\"PropertyValueSpecification\",\"valueRequired\":true,\"valueName\":\"search_term_string\"}}],\"inLanguage\":\"ca-ES\"},{\"@type\":\"Organization\",\"@id\":\"https:\\\/\\\/raed.academy\\\/ca\\\/#organization\",\"name\":\"Real Academia Europea de Doctores\",\"url\":\"https:\\\/\\\/raed.academy\\\/ca\\\/\",\"logo\":{\"@type\":\"ImageObject\",\"inLanguage\":\"ca-ES\",\"@id\":\"https:\\\/\\\/raed.academy\\\/ca\\\/#\\\/schema\\\/logo\\\/image\\\/\",\"url\":\"https:\\\/\\\/raed.academy\\\/wp-content\\\/uploads\\\/2017\\\/01\\\/cropped-logo_raed.png\",\"contentUrl\":\"https:\\\/\\\/raed.academy\\\/wp-content\\\/uploads\\\/2017\\\/01\\\/cropped-logo_raed.png\",\"width\":512,\"height\":512,\"caption\":\"Real Academia Europea de Doctores\"},\"image\":{\"@id\":\"https:\\\/\\\/raed.academy\\\/ca\\\/#\\\/schema\\\/logo\\\/image\\\/\"},\"sameAs\":[\"http:\\\/\\\/fb.me\\\/raed.academy\",\"https:\\\/\\\/x.com\\\/raedacademy\",\"https:\\\/\\\/www.instagram.com\\\/raed.academy\\\/\",\"https:\\\/\\\/www.youtube.com\\\/channel\\\/UCUYQwW2KrdirNWihxMDObwg\"]},{\"@type\":\"Person\",\"@id\":\"https:\\\/\\\/raed.academy\\\/ca\\\/#\\\/schema\\\/person\\\/5a755da80d1d979fd66ba745c8702927\",\"name\":\"RAED\",\"image\":{\"@type\":\"ImageObject\",\"inLanguage\":\"ca-ES\",\"@id\":\"https:\\\/\\\/secure.gravatar.com\\\/avatar\\\/19fdfdc0d67fb9c45714b703a2ac82251c4fcea3637f002ac3c9b74c0183583c?s=96&d=mm&r=g\",\"url\":\"https:\\\/\\\/secure.gravatar.com\\\/avatar\\\/19fdfdc0d67fb9c45714b703a2ac82251c4fcea3637f002ac3c9b74c0183583c?s=96&d=mm&r=g\",\"contentUrl\":\"https:\\\/\\\/secure.gravatar.com\\\/avatar\\\/19fdfdc0d67fb9c45714b703a2ac82251c4fcea3637f002ac3c9b74c0183583c?s=96&d=mm&r=g\",\"caption\":\"RAED\"}}]}<\/script>\n<!-- \/ Yoast SEO plugin. -->","yoast_head_json":{"title":"Lideratge col\u00b7laboratiu en un context d'incertesa - Reial Acad\u00e8mia Europea de Doctors","description":"Jaume Llopis exposa les tesis del seu darrer llibre, \"Inteligencia Directiva. Manual para liderar equipos\", durant el M\u00e0ster de Direcci\u00f3 Corporativa de la UCAM","robots":{"index":"index","follow":"follow","max-snippet":"max-snippet:-1","max-image-preview":"max-image-preview:large","max-video-preview":"max-video-preview:-1"},"canonical":"https:\/\/raed.academy\/ca\/lideratge-col%c2%b7laboratiu-en-un-context-dincertesa\/","og_locale":"ca_ES","og_type":"article","og_title":"Lideratge col\u00b7laboratiu en un context d'incertesa - Reial Acad\u00e8mia Europea de Doctors","og_description":"Jaume Llopis exposa les tesis del seu darrer llibre, \"Inteligencia Directiva. Manual para liderar equipos\", durant el M\u00e0ster de Direcci\u00f3 Corporativa de la UCAM","og_url":"https:\/\/raed.academy\/ca\/lideratge-col%c2%b7laboratiu-en-un-context-dincertesa\/","og_site_name":"Reial Acad\u00e8mia Europea de Doctors","article_publisher":"http:\/\/fb.me\/raed.academy","article_published_time":"2025-05-12T08:32:52+00:00","article_modified_time":"2025-05-12T08:33:57+00:00","og_image":[{"width":600,"height":360,"url":"https:\/\/raed.academy\/wp-content\/uploads\/2024\/06\/shutt-geoestrategia-ajedrez-juego-liderazgo-negocios-dst.webp","type":"image\/webp"}],"author":"RAED","twitter_card":"summary_large_image","twitter_creator":"@raedacademy","twitter_site":"@raedacademy","twitter_misc":{"Written by":"RAED","Est. reading time":"3 minutes"},"schema":{"@context":"https:\/\/schema.org","@graph":[{"@type":"Article","@id":"https:\/\/raed.academy\/ca\/lideratge-col%c2%b7laboratiu-en-un-context-dincertesa\/#article","isPartOf":{"@id":"https:\/\/raed.academy\/ca\/lideratge-col%c2%b7laboratiu-en-un-context-dincertesa\/"},"author":{"name":"RAED","@id":"https:\/\/raed.academy\/ca\/#\/schema\/person\/5a755da80d1d979fd66ba745c8702927"},"headline":"Lideratge col\u00b7laboratiu en un context d&#8217;incertesa","datePublished":"2025-05-12T08:32:52+00:00","dateModified":"2025-05-12T08:33:57+00:00","mainEntityOfPage":{"@id":"https:\/\/raed.academy\/ca\/lideratge-col%c2%b7laboratiu-en-un-context-dincertesa\/"},"wordCount":487,"publisher":{"@id":"https:\/\/raed.academy\/ca\/#organization"},"image":{"@id":"https:\/\/raed.academy\/ca\/lideratge-col%c2%b7laboratiu-en-un-context-dincertesa\/#primaryimage"},"thumbnailUrl":"https:\/\/raed.academy\/wp-content\/uploads\/2024\/06\/shutt-geoestrategia-ajedrez-juego-liderazgo-negocios-dst.webp","articleSection":["Doc\u00e8ncia","Econ\u00f2miques i Empresarials"],"inLanguage":"ca-ES"},{"@type":"WebPage","@id":"https:\/\/raed.academy\/ca\/lideratge-col%c2%b7laboratiu-en-un-context-dincertesa\/","url":"https:\/\/raed.academy\/ca\/lideratge-col%c2%b7laboratiu-en-un-context-dincertesa\/","name":"Lideratge col\u00b7laboratiu en un context d'incertesa - Reial Acad\u00e8mia Europea de Doctors","isPartOf":{"@id":"https:\/\/raed.academy\/ca\/#website"},"primaryImageOfPage":{"@id":"https:\/\/raed.academy\/ca\/lideratge-col%c2%b7laboratiu-en-un-context-dincertesa\/#primaryimage"},"image":{"@id":"https:\/\/raed.academy\/ca\/lideratge-col%c2%b7laboratiu-en-un-context-dincertesa\/#primaryimage"},"thumbnailUrl":"https:\/\/raed.academy\/wp-content\/uploads\/2024\/06\/shutt-geoestrategia-ajedrez-juego-liderazgo-negocios-dst.webp","datePublished":"2025-05-12T08:32:52+00:00","dateModified":"2025-05-12T08:33:57+00:00","description":"Jaume Llopis exposa les tesis del seu darrer llibre, \"Inteligencia Directiva. Manual para liderar equipos\", durant el M\u00e0ster de Direcci\u00f3 Corporativa de la UCAM","breadcrumb":{"@id":"https:\/\/raed.academy\/ca\/lideratge-col%c2%b7laboratiu-en-un-context-dincertesa\/#breadcrumb"},"inLanguage":"ca-ES","potentialAction":[{"@type":"ReadAction","target":["https:\/\/raed.academy\/ca\/lideratge-col%c2%b7laboratiu-en-un-context-dincertesa\/"]}]},{"@type":"ImageObject","inLanguage":"ca-ES","@id":"https:\/\/raed.academy\/ca\/lideratge-col%c2%b7laboratiu-en-un-context-dincertesa\/#primaryimage","url":"https:\/\/raed.academy\/wp-content\/uploads\/2024\/06\/shutt-geoestrategia-ajedrez-juego-liderazgo-negocios-dst.webp","contentUrl":"https:\/\/raed.academy\/wp-content\/uploads\/2024\/06\/shutt-geoestrategia-ajedrez-juego-liderazgo-negocios-dst.webp","width":600,"height":360},{"@type":"BreadcrumbList","@id":"https:\/\/raed.academy\/ca\/lideratge-col%c2%b7laboratiu-en-un-context-dincertesa\/#breadcrumb","itemListElement":[{"@type":"ListItem","position":1,"name":"Inicio","item":"https:\/\/raed.academy\/ca\/"},{"@type":"ListItem","position":2,"name":"Lideratge col\u00b7laboratiu en un context d&#8217;incertesa"}]},{"@type":"WebSite","@id":"https:\/\/raed.academy\/ca\/#website","url":"https:\/\/raed.academy\/ca\/","name":"Reial Acad\u00e8mia Europea de Doctors","description":"Corporaci\u00f3n de derecho p\u00fablico de car\u00e1cter cient\u00edfico, t\u00e9cnico y art\u00edstico, que tiene por objeto la investigaci\u00f3n, el estudio, el fomento y la extensi\u00f3n del conocimiento en su sentido m\u00e1s amplio","publisher":{"@id":"https:\/\/raed.academy\/ca\/#organization"},"potentialAction":[{"@type":"SearchAction","target":{"@type":"EntryPoint","urlTemplate":"https:\/\/raed.academy\/ca\/?s={search_term_string}"},"query-input":{"@type":"PropertyValueSpecification","valueRequired":true,"valueName":"search_term_string"}}],"inLanguage":"ca-ES"},{"@type":"Organization","@id":"https:\/\/raed.academy\/ca\/#organization","name":"Real Academia Europea de Doctores","url":"https:\/\/raed.academy\/ca\/","logo":{"@type":"ImageObject","inLanguage":"ca-ES","@id":"https:\/\/raed.academy\/ca\/#\/schema\/logo\/image\/","url":"https:\/\/raed.academy\/wp-content\/uploads\/2017\/01\/cropped-logo_raed.png","contentUrl":"https:\/\/raed.academy\/wp-content\/uploads\/2017\/01\/cropped-logo_raed.png","width":512,"height":512,"caption":"Real Academia Europea de Doctores"},"image":{"@id":"https:\/\/raed.academy\/ca\/#\/schema\/logo\/image\/"},"sameAs":["http:\/\/fb.me\/raed.academy","https:\/\/x.com\/raedacademy","https:\/\/www.instagram.com\/raed.academy\/","https:\/\/www.youtube.com\/channel\/UCUYQwW2KrdirNWihxMDObwg"]},{"@type":"Person","@id":"https:\/\/raed.academy\/ca\/#\/schema\/person\/5a755da80d1d979fd66ba745c8702927","name":"RAED","image":{"@type":"ImageObject","inLanguage":"ca-ES","@id":"https:\/\/secure.gravatar.com\/avatar\/19fdfdc0d67fb9c45714b703a2ac82251c4fcea3637f002ac3c9b74c0183583c?s=96&d=mm&r=g","url":"https:\/\/secure.gravatar.com\/avatar\/19fdfdc0d67fb9c45714b703a2ac82251c4fcea3637f002ac3c9b74c0183583c?s=96&d=mm&r=g","contentUrl":"https:\/\/secure.gravatar.com\/avatar\/19fdfdc0d67fb9c45714b703a2ac82251c4fcea3637f002ac3c9b74c0183583c?s=96&d=mm&r=g","caption":"RAED"}}]}},"_links":{"self":[{"href":"https:\/\/raed.academy\/ca\/wp-json\/wp\/v2\/posts\/163937","targetHints":{"allow":["GET"]}}],"collection":[{"href":"https:\/\/raed.academy\/ca\/wp-json\/wp\/v2\/posts"}],"about":[{"href":"https:\/\/raed.academy\/ca\/wp-json\/wp\/v2\/types\/post"}],"author":[{"embeddable":true,"href":"https:\/\/raed.academy\/ca\/wp-json\/wp\/v2\/users\/12"}],"replies":[{"embeddable":true,"href":"https:\/\/raed.academy\/ca\/wp-json\/wp\/v2\/comments?post=163937"}],"version-history":[{"count":0,"href":"https:\/\/raed.academy\/ca\/wp-json\/wp\/v2\/posts\/163937\/revisions"}],"wp:featuredmedia":[{"embeddable":true,"href":"https:\/\/raed.academy\/ca\/wp-json\/wp\/v2\/media\/150879"}],"wp:attachment":[{"href":"https:\/\/raed.academy\/ca\/wp-json\/wp\/v2\/media?parent=163937"}],"wp:term":[{"taxonomy":"category","embeddable":true,"href":"https:\/\/raed.academy\/ca\/wp-json\/wp\/v2\/categories?post=163937"},{"taxonomy":"post_tag","embeddable":true,"href":"https:\/\/raed.academy\/ca\/wp-json\/wp\/v2\/tags?post=163937"}],"curies":[{"name":"wp","href":"https:\/\/api.w.org\/{rel}","templated":true}]}}