{"id":161552,"date":"2025-04-08T11:51:41","date_gmt":"2025-04-08T11:51:41","guid":{"rendered":"https:\/\/raed.academy\/?p=161552"},"modified":"2025-04-08T11:51:41","modified_gmt":"2025-04-08T11:51:41","slug":"reflexions-des-de-la-manxa","status":"publish","type":"post","link":"https:\/\/raed.academy\/ca\/reflexions-des-de-la-manxa\/","title":{"rendered":"Reflexions des de la Manxa"},"content":{"rendered":"<div id=\"attachment_130955\" style=\"width: 565px\" class=\"wp-caption aligncenter\"><img loading=\"lazy\" decoding=\"async\" aria-describedby=\"caption-attachment-130955\" class=\"wp-image-130955\" src=\"https:\/\/raed.academy\/wp-content\/uploads\/2023\/03\/javier-lopez-galiacho-1.webp\" sizes=\"(max-width: 555px) 100vw, 555px\" srcset=\"https:\/\/raed.academy\/wp-content\/uploads\/2023\/03\/javier-lopez-galiacho-1.webp 1200w, https:\/\/raed.academy\/wp-content\/uploads\/2023\/03\/javier-lopez-galiacho-1-768x432.webp 768w, https:\/\/raed.academy\/wp-content\/uploads\/2023\/03\/javier-lopez-galiacho-1-1080x608.webp 1080w\" alt=\"Javier L\u00f3pez-Galiacho\" width=\"555\" height=\"312\" aria-describedby=\"caption-attachment-130955\" \/><p id=\"caption-attachment-130955\" class=\"wp-caption-text\">Dr. Javier L\u00f3pez-Galiacho<\/p><\/div>\n<p><a href=\"https:\/\/raed.academy\/ca\/academics\/dr-javier-lopez-galiacho-perona\/\" target=\"_blank\" rel=\"noopener\"><em><strong>Javier L\u00f3pez-Galiacho<\/strong><\/em><\/a>, professor titular de Dret Civil de la<strong> Universitat Rey Juan Carlos<\/strong>, director de Compliment i Sostenibilitat de <strong>Fomento de Construcciones y Contratas<\/strong> (FCC), president de l&#8217;<strong>Associaci\u00f3 d&#8217;Amics dels Teatres Hist\u00f2rics d&#8217;Espanya<\/strong> i del <strong>F\u00f2rum Mazzantini<\/strong> i acad\u00e8mic numerari de la <strong>Reial Acad\u00e8mia Europea de Doctors<\/strong> (RAED), comparteix amb la comunitat acad\u00e8mica els \u00faltims articles d&#8217;opini\u00f3 que ha publicat al diari <strong>&#8220;La Tribuna de Albacete&#8221;<\/strong>, on \u00e9s un dels analistes de refer\u00e8ncia. Es tracta, en concret dels articles <strong>&#8220;Rouco o el arte del buen juez&#8221;<\/strong>, <strong>&#8220;La camiseta 11-M&#8221;<\/strong>, <strong>&#8220;Con &#8216;olor a oveja'&#8221;<\/strong>, <strong>&#8220;El alquimista de la rodilla&#8221;<\/strong> i<strong>\u00a0&#8220;Gald\u00f3s regresa al Teatro Circo&#8221;<\/strong>, apareguts entre els passats 4 de mar\u00e7 i 1 d&#8217;abril. A les seves tribunes d&#8217;opini\u00f3 en premsa i r\u00e0dio, L\u00f3pez-Galiacho acostuma a fer refer\u00e8ncia i difondre l&#8217;activitat acad\u00e8mica.<\/p>\n<p>A &#8220;Rouco o el arte del buen juez&#8221;, l\u2019acad\u00e8mic felicita el magistrat <strong>Vicente Rouco<\/strong> per la seva tasca al capdavant del <strong>Tribunal Superior de Just\u00edcia de Castella-la Manxa<\/strong> en anunciar la seva jubilaci\u00f3. &#8220;Des que Vicente va comen\u00e7ar a estudiar Dret al <strong>CEU<\/strong> de Madrid fins al seu adeu com a president del TSJ, ha desenvolupat una carrera prol\u00edfica i exitosa que, amb la mateixa just\u00edcia que ha impartit, li hauria de portar a magistrat del <strong>Tribunal Suprem<\/strong>. Vicente s&#8217;ha sabut guanyar no nom\u00e9s el respecte de la seva professi\u00f3 i la del Dret, sin\u00f3 tamb\u00e9 el cor dels ciutadans d&#8217;Albacete. Ens llega el Palau de Just\u00edcia sobre el solar d\u2019aquell m\u00edtic Col\u00b7legi Salesi\u00e0 que no va haver de ser enderrocat mai. La seva pres\u00e8ncia sempre discreta en nombros\u00edssims actes institucionals ha donat al poder judicial a Albacete una representaci\u00f3 a l&#8217;altura de la seva important\u00edssima significaci\u00f3 a l&#8217;Estat social, democr\u00e0tic i de dret que \u00e9s Espanya&#8221;, explica.<\/p>\n<p>Per la seva part, a &#8220;La samarreta 11-M&#8221;, el jurista rememora, amb un record viu, la jornada de l\u201911-M a Madrid que li va tocar viure molt de prop. &#8220;Fa 21 anys, Madrid i els espanyols al seu conjunt, vam rebre l\u2019atemptat m\u00e9s gran de la hist\u00f2ria a Europa. El dia de la inf\u00e0mia. Un grup de hienes, diuen que humanes, es van emportar 193 vides, destrossant milers de fam\u00edlies. No hi va poder haver cap covardia pels seus executors. Trens atape\u00efts de treballadors i estudiants van volar pels aires. No oblidar\u00e9 mai les primeres hores de desconcert a Madrid. Les sirenes, els cotxes de policia avan\u00e7ant per les voreres mateixes, els plors al meu cotxe de la meva filla de quatre anys cap a l&#8217;escola: &#8216;Papi, tinc por'&#8221;, explica emocionat.<\/p>\n<p>A &#8220;Con &#8216;olor a oveja'&#8221;, l&#8217;acad\u00e8mic celebra el nomenament per part del papa del nou bisbe d&#8217;Albacete, <strong>\u00c1ngel Rom\u00e1n Id\u00edgoras<\/strong>. &#8220;Ja tenim bisbe. Habemus Episcopum. La <strong>Di\u00f2cesi d&#8217;Albacete<\/strong> ja no est\u00e0 vacant. El maig, el mes de la mare de D\u00e9u de Los Llanos, arribar\u00e0 des de la vella ciutat romana Complutum, avui Alcal\u00e1 de Henares, el nostre nou bisbe, \u00c1ngel Rom\u00e1n Id\u00edgoras. Des de l&#8217;hospital Gemelli de Roma, el Papa <strong>Francesc<\/strong> ha firmat el nomenament del pare Rom\u00e1n com a nou bisbe d&#8217;Albacete. Estem segurs que al Papa Bergoglio el nom se l\u2019ha suggerit <strong>Jos\u00e9 Cobo<\/strong>, cardenal arquebisbe de Madrid i vicepresident de la <strong>Confer\u00e8ncia Episcopal<\/strong>&#8220;, assenyala.<\/p>\n<div id=\"attachment_161774\" style=\"width: 610px\" class=\"wp-caption alignleft\"><img loading=\"lazy\" decoding=\"async\" aria-describedby=\"caption-attachment-161774\" class=\"wp-image-161774 size-full\" src=\"https:\/\/raed.academy\/wp-content\/uploads\/2025\/04\/Tribunal-Superior-de-Justicia-de-Castilla-la-Mancha-en-Albacete-dst.webp\" sizes=\"(max-width: 600px) 100vw, 600px\" srcset=\"https:\/\/raed.academy\/wp-content\/uploads\/2025\/04\/Tribunal-Superior-de-Justicia-de-Castilla-la-Mancha-en-Albacete-dst.webp 600w, https:\/\/raed.academy\/wp-content\/uploads\/2025\/04\/Tribunal-Superior-de-Justicia-de-Castilla-la-Mancha-en-Albacete-dst-440x264.webp 440w\" alt=\"Tribunal Superior de Justicia de Castilla-La Mancha, en la ciudad de Albacete\" width=\"600\" height=\"360\" aria-describedby=\"caption-attachment-161774\" \/><p id=\"caption-attachment-161774\" class=\"wp-caption-text\">Tribunal Superior de Just\u00edcia de Castella-la Manxa, a Albacete<\/p><\/div>\n<p>La Reial Acad\u00e8mia Europea de Doctors protagonitza &#8220;El alquimista de la rodilla&#8221;, un article en el qual L\u00f3pez-Galiancho refereix l&#8217;ingr\u00e9s del reconegut traumat\u00f2leg <a href=\"https:\/\/raed.academy\/ca\/academics\/dr-pedro-guillen-garcia\/\" target=\"_blank\" rel=\"noopener\"><em><strong>Pedro Guill\u00e9n<\/strong><\/em><\/a> a la Reial Corporaci\u00f3. &#8220;Guill\u00e9n va desenvolupar una lli\u00e7\u00f3 plena de coneixement i ci\u00e8ncia sobre com el diagn\u00f2stic del genoll, eix i cervell de la mobilitat humana, es comunica a trav\u00e9s dels seus sorolls o sons despr\u00e9s de l&#8217;exploraci\u00f3 cl\u00ednica. Aquesta complexa articulaci\u00f3, conformada per cart\u00edlags, meniscos, tendons i banyada pel l\u00edquid sinovial, \u00e9s lesiona freq\u00fcentment. Que els hi diguin als nostres futbolistes. Quan arriba la lesi\u00f3, el mag Guill\u00e9n, com un rellotger su\u00eds, ausculta amb deteniment el genoll i escolta les seves queixes&#8221;, recorda.<\/p>\n<p>Finalment, a &#8220;Gald\u00f3s regresa al Teatro Circo&#8221;, explica la intrahist\u00f2ria de la relaci\u00f3 de <strong>Benito P\u00e9rez Gald\u00f3s<\/strong> amb Albacete i el seu &#8220;retorn&#8221; gr\u00e0cies a una obra de la seva pr\u00f2pia autoria. &#8220;El gran <strong>Manuel Galiana<\/strong>, el deg\u00e0 dels actors espanyols, encarnar\u00e0 P\u00e9rrez Gald\u00f3s a l&#8217;obra <strong>&#8216;El lector de Gald\u00f3s&#8217;<\/strong>, que vaig escriure, precisament, en temps de pand\u00e8mia. Un Gald\u00f3s anci\u00e0, gaireb\u00e9 cec, que a l&#8217;\u00faltim any de la seva vida (1919) es confessa davant el seu lector privat, que va ser el meu besavi actor. La seva obra, la seva vida, els seus amors, la seva visi\u00f3 d&#8217;Espanya&#8230; tot est\u00e0 all\u00e0 condensat. La seva tasca per una Espanya fraternal, unida i no dividida xoca avui amb una Espanya interessadament polaritzada. Passeu i veieu&#8221;, resumeix.<\/p>\n<p>L\u00f3pez-Galiacho ha estat director del <strong>Col\u00b7legi Major San Pablo<\/strong> de Madrid i secretari general i cap de la divisi\u00f3 de Dret de la <strong>Fundaci\u00f3 Cisneros<\/strong> de la <strong>Universitat Complutense de Madrid<\/strong> i va ser director del <strong>M\u00e0ster Oficial d&#8217;Acc\u00e9s a l&#8217;Advocacia<\/strong> de la Facultat de Dret de la Universitat CEU San Pablo, centre del qual tamb\u00e9 va ser patr\u00f3. Atresora un dilatat comprom\u00eds amb la cultura, i a m\u00e9s d&#8217;investigador, escriptor i columnista en diversos mitjans de comunicaci\u00f3 \u00e9s autor de diversos llibres i d&#8217;una llarga llista de feines de recerca al camp del dret civil, bon govern corporatiu, fundacions i sostenibilitat i \u00e8tica empresarial.<\/p>\n<ul>\n<li><a href=\"https:\/\/www.latribunadealbacete.es\/opinion\/z9926168b-d53f-01f2-d9464d6cde65b747\/202503\/rouco-o-el-arte-del-buen-juez\" target=\"_blank\" rel=\"noopener\"><strong>Llegiu &#8220;Rouco o el arte del buen juez&#8221;<\/strong><\/a><\/li>\n<li><a href=\"https:\/\/www.latribunadealbacete.es\/opinion\/z13534f1e-c840-40cd-c4bcb9d5ab75fe6f\/202503\/la-camiseta-11-m\" target=\"_blank\" rel=\"noopener\"><strong>Llegiu &#8220;La camiseta 11-M&#8221;<\/strong><\/a><\/li>\n<li><a href=\"https:\/\/www.latribunadealbacete.es\/opinion\/z9664b6a7-f903-5fa8-441cfa1054530ee8\/202503\/con-olor-a-oveja\" target=\"_blank\" rel=\"noopener\"><strong>Llegiu &#8220;Con &#8216;olor a oveja'&#8221;<\/strong><\/a><\/li>\n<li><a href=\"https:\/\/www.latribunadealbacete.es\/opinion\/ze136406c-ab12-7642-98c77e38dc9d669f\/202503\/el-alquimista-de-la-rodilla\" target=\"_blank\" rel=\"noopener\"><strong>Llegiu &#8220;El alquimista de la rodilla&#8221;<\/strong><\/a><\/li>\n<li><a href=\"https:\/\/www.latribunadealbacete.es\/opinion\/z487d0b04-bddd-4fa2-b192857d1a545245\/202503\/galdos-regresa-al-teatro-circo\" target=\"_blank\" rel=\"noopener\"><strong>Llegiu &#8220;Gald\u00f3s regresa al Teatro Circo&#8221;<\/strong><\/a><\/li>\n<\/ul>\n","protected":false},"excerpt":{"rendered":"<p>Els \u00faltims articles d&#8217;opini\u00f3 de Javier L\u00f3pez-Galiacho al diari &#8220;La Tribuna de Albacete&#8221;<\/p>\n","protected":false},"author":12,"featured_media":161775,"comment_status":"closed","ping_status":"closed","sticky":false,"template":"","format":"standard","meta":{"_et_pb_use_builder":"","_et_pb_old_content":"","_et_gb_content_width":"","footnotes":""},"categories":[229,455,350,233,242,404,439,213],"tags":[],"class_list":["post-161552","post","type-post","status-publish","format-standard","has-post-thumbnail","hentry","category-art","category-ciencies-de-la-salut","category-ciencies-politiques","category-economiques-i-empresarials","category-categ-historia","category-historia-nacional-ca","category-literatura-ca","category-medicina-i-cirurgia","et-has-post-format-content","et_post_format-et-post-format-standard"],"yoast_head":"<!-- This site is optimized with the Yoast SEO plugin v27.5 - https:\/\/yoast.com\/product\/yoast-seo-wordpress\/ -->\n<title>Reflexions des de la Manxa - Reial Acad\u00e8mia Europea de Doctors<\/title>\n<meta name=\"description\" content=\"Els \u00faltims articles d&#039;opini\u00f3 de Javier L\u00f3pez-Galiacho al diari &quot;La Tribuna de Albacete&quot;\" \/>\n<meta name=\"robots\" content=\"index, follow, max-snippet:-1, max-image-preview:large, max-video-preview:-1\" \/>\n<link rel=\"canonical\" href=\"https:\/\/raed.academy\/ca\/reflexions-des-de-la-manxa\/\" \/>\n<meta property=\"og:locale\" content=\"ca_ES\" \/>\n<meta property=\"og:type\" content=\"article\" \/>\n<meta property=\"og:title\" content=\"Reflexions des de la Manxa - Reial Acad\u00e8mia Europea de Doctors\" \/>\n<meta property=\"og:description\" content=\"Els \u00faltims articles d&#039;opini\u00f3 de Javier L\u00f3pez-Galiacho al diari &quot;La Tribuna de Albacete&quot;\" \/>\n<meta property=\"og:url\" content=\"https:\/\/raed.academy\/ca\/reflexions-des-de-la-manxa\/\" \/>\n<meta property=\"og:site_name\" content=\"Reial Acad\u00e8mia Europea de Doctors\" \/>\n<meta property=\"article:publisher\" content=\"http:\/\/fb.me\/raed.academy\" \/>\n<meta property=\"article:published_time\" content=\"2025-04-08T11:51:41+00:00\" \/>\n<meta property=\"og:image\" content=\"https:\/\/raed.academy\/wp-content\/uploads\/2025\/04\/Tribunal-Superior-de-Justicia-de-Castilla-la-Mancha-en-Albacete-dst.webp\" \/>\n\t<meta property=\"og:image:width\" content=\"600\" \/>\n\t<meta property=\"og:image:height\" content=\"360\" \/>\n\t<meta property=\"og:image:type\" content=\"image\/webp\" \/>\n<meta name=\"author\" content=\"RAED\" \/>\n<meta name=\"twitter:card\" content=\"summary_large_image\" \/>\n<meta name=\"twitter:creator\" content=\"@raedacademy\" \/>\n<meta name=\"twitter:site\" content=\"@raedacademy\" \/>\n<meta name=\"twitter:label1\" content=\"Written by\" \/>\n\t<meta name=\"twitter:data1\" content=\"RAED\" \/>\n\t<meta name=\"twitter:label2\" content=\"Est. reading time\" \/>\n\t<meta name=\"twitter:data2\" content=\"5 minutes\" \/>\n<script type=\"application\/ld+json\" class=\"yoast-schema-graph\">{\"@context\":\"https:\\\/\\\/schema.org\",\"@graph\":[{\"@type\":\"Article\",\"@id\":\"https:\\\/\\\/raed.academy\\\/ca\\\/reflexions-des-de-la-manxa\\\/#article\",\"isPartOf\":{\"@id\":\"https:\\\/\\\/raed.academy\\\/ca\\\/reflexions-des-de-la-manxa\\\/\"},\"author\":{\"name\":\"RAED\",\"@id\":\"https:\\\/\\\/raed.academy\\\/ca\\\/#\\\/schema\\\/person\\\/5a755da80d1d979fd66ba745c8702927\"},\"headline\":\"Reflexions des de la Manxa\",\"datePublished\":\"2025-04-08T11:51:41+00:00\",\"mainEntityOfPage\":{\"@id\":\"https:\\\/\\\/raed.academy\\\/ca\\\/reflexions-des-de-la-manxa\\\/\"},\"wordCount\":1031,\"publisher\":{\"@id\":\"https:\\\/\\\/raed.academy\\\/ca\\\/#organization\"},\"image\":{\"@id\":\"https:\\\/\\\/raed.academy\\\/ca\\\/reflexions-des-de-la-manxa\\\/#primaryimage\"},\"thumbnailUrl\":\"https:\\\/\\\/raed.academy\\\/wp-content\\\/uploads\\\/2025\\\/04\\\/Tribunal-Superior-de-Justicia-de-Castilla-la-Mancha-en-Albacete-dst.webp\",\"articleSection\":[\"Art\",\"Ci\u00e8ncies de la salut\",\"Ci\u00e8ncies pol\u00edtiques\",\"Econ\u00f2miques i Empresarials\",\"Hist\u00f2ria\",\"Hist\u00f2ria nacional\",\"Literatura\",\"Medicina i cirurgia\"],\"inLanguage\":\"ca-ES\"},{\"@type\":\"WebPage\",\"@id\":\"https:\\\/\\\/raed.academy\\\/ca\\\/reflexions-des-de-la-manxa\\\/\",\"url\":\"https:\\\/\\\/raed.academy\\\/ca\\\/reflexions-des-de-la-manxa\\\/\",\"name\":\"Reflexions des de la Manxa - Reial Acad\u00e8mia Europea de Doctors\",\"isPartOf\":{\"@id\":\"https:\\\/\\\/raed.academy\\\/ca\\\/#website\"},\"primaryImageOfPage\":{\"@id\":\"https:\\\/\\\/raed.academy\\\/ca\\\/reflexions-des-de-la-manxa\\\/#primaryimage\"},\"image\":{\"@id\":\"https:\\\/\\\/raed.academy\\\/ca\\\/reflexions-des-de-la-manxa\\\/#primaryimage\"},\"thumbnailUrl\":\"https:\\\/\\\/raed.academy\\\/wp-content\\\/uploads\\\/2025\\\/04\\\/Tribunal-Superior-de-Justicia-de-Castilla-la-Mancha-en-Albacete-dst.webp\",\"datePublished\":\"2025-04-08T11:51:41+00:00\",\"description\":\"Els \u00faltims articles d'opini\u00f3 de Javier L\u00f3pez-Galiacho al diari \\\"La Tribuna de Albacete\\\"\",\"breadcrumb\":{\"@id\":\"https:\\\/\\\/raed.academy\\\/ca\\\/reflexions-des-de-la-manxa\\\/#breadcrumb\"},\"inLanguage\":\"ca-ES\",\"potentialAction\":[{\"@type\":\"ReadAction\",\"target\":[\"https:\\\/\\\/raed.academy\\\/ca\\\/reflexions-des-de-la-manxa\\\/\"]}]},{\"@type\":\"ImageObject\",\"inLanguage\":\"ca-ES\",\"@id\":\"https:\\\/\\\/raed.academy\\\/ca\\\/reflexions-des-de-la-manxa\\\/#primaryimage\",\"url\":\"https:\\\/\\\/raed.academy\\\/wp-content\\\/uploads\\\/2025\\\/04\\\/Tribunal-Superior-de-Justicia-de-Castilla-la-Mancha-en-Albacete-dst.webp\",\"contentUrl\":\"https:\\\/\\\/raed.academy\\\/wp-content\\\/uploads\\\/2025\\\/04\\\/Tribunal-Superior-de-Justicia-de-Castilla-la-Mancha-en-Albacete-dst.webp\",\"width\":600,\"height\":360},{\"@type\":\"BreadcrumbList\",\"@id\":\"https:\\\/\\\/raed.academy\\\/ca\\\/reflexions-des-de-la-manxa\\\/#breadcrumb\",\"itemListElement\":[{\"@type\":\"ListItem\",\"position\":1,\"name\":\"Inicio\",\"item\":\"https:\\\/\\\/raed.academy\\\/ca\\\/\"},{\"@type\":\"ListItem\",\"position\":2,\"name\":\"Reflexions des de la Manxa\"}]},{\"@type\":\"WebSite\",\"@id\":\"https:\\\/\\\/raed.academy\\\/ca\\\/#website\",\"url\":\"https:\\\/\\\/raed.academy\\\/ca\\\/\",\"name\":\"Reial Acad\u00e8mia Europea de Doctors\",\"description\":\"Corporaci\u00f3n de derecho p\u00fablico de car\u00e1cter cient\u00edfico, t\u00e9cnico y art\u00edstico, que tiene por objeto la investigaci\u00f3n, el estudio, el fomento y la extensi\u00f3n del conocimiento en su sentido m\u00e1s amplio\",\"publisher\":{\"@id\":\"https:\\\/\\\/raed.academy\\\/ca\\\/#organization\"},\"potentialAction\":[{\"@type\":\"SearchAction\",\"target\":{\"@type\":\"EntryPoint\",\"urlTemplate\":\"https:\\\/\\\/raed.academy\\\/ca\\\/?s={search_term_string}\"},\"query-input\":{\"@type\":\"PropertyValueSpecification\",\"valueRequired\":true,\"valueName\":\"search_term_string\"}}],\"inLanguage\":\"ca-ES\"},{\"@type\":\"Organization\",\"@id\":\"https:\\\/\\\/raed.academy\\\/ca\\\/#organization\",\"name\":\"Real Academia Europea de Doctores\",\"url\":\"https:\\\/\\\/raed.academy\\\/ca\\\/\",\"logo\":{\"@type\":\"ImageObject\",\"inLanguage\":\"ca-ES\",\"@id\":\"https:\\\/\\\/raed.academy\\\/ca\\\/#\\\/schema\\\/logo\\\/image\\\/\",\"url\":\"https:\\\/\\\/raed.academy\\\/wp-content\\\/uploads\\\/2017\\\/01\\\/cropped-logo_raed.png\",\"contentUrl\":\"https:\\\/\\\/raed.academy\\\/wp-content\\\/uploads\\\/2017\\\/01\\\/cropped-logo_raed.png\",\"width\":512,\"height\":512,\"caption\":\"Real Academia Europea de Doctores\"},\"image\":{\"@id\":\"https:\\\/\\\/raed.academy\\\/ca\\\/#\\\/schema\\\/logo\\\/image\\\/\"},\"sameAs\":[\"http:\\\/\\\/fb.me\\\/raed.academy\",\"https:\\\/\\\/x.com\\\/raedacademy\",\"https:\\\/\\\/www.instagram.com\\\/raed.academy\\\/\",\"https:\\\/\\\/www.youtube.com\\\/channel\\\/UCUYQwW2KrdirNWihxMDObwg\"]},{\"@type\":\"Person\",\"@id\":\"https:\\\/\\\/raed.academy\\\/ca\\\/#\\\/schema\\\/person\\\/5a755da80d1d979fd66ba745c8702927\",\"name\":\"RAED\",\"image\":{\"@type\":\"ImageObject\",\"inLanguage\":\"ca-ES\",\"@id\":\"https:\\\/\\\/secure.gravatar.com\\\/avatar\\\/19fdfdc0d67fb9c45714b703a2ac82251c4fcea3637f002ac3c9b74c0183583c?s=96&d=mm&r=g\",\"url\":\"https:\\\/\\\/secure.gravatar.com\\\/avatar\\\/19fdfdc0d67fb9c45714b703a2ac82251c4fcea3637f002ac3c9b74c0183583c?s=96&d=mm&r=g\",\"contentUrl\":\"https:\\\/\\\/secure.gravatar.com\\\/avatar\\\/19fdfdc0d67fb9c45714b703a2ac82251c4fcea3637f002ac3c9b74c0183583c?s=96&d=mm&r=g\",\"caption\":\"RAED\"}}]}<\/script>\n<!-- \/ Yoast SEO plugin. -->","yoast_head_json":{"title":"Reflexions des de la Manxa - Reial Acad\u00e8mia Europea de Doctors","description":"Els \u00faltims articles d'opini\u00f3 de Javier L\u00f3pez-Galiacho al diari \"La Tribuna de Albacete\"","robots":{"index":"index","follow":"follow","max-snippet":"max-snippet:-1","max-image-preview":"max-image-preview:large","max-video-preview":"max-video-preview:-1"},"canonical":"https:\/\/raed.academy\/ca\/reflexions-des-de-la-manxa\/","og_locale":"ca_ES","og_type":"article","og_title":"Reflexions des de la Manxa - Reial Acad\u00e8mia Europea de Doctors","og_description":"Els \u00faltims articles d'opini\u00f3 de Javier L\u00f3pez-Galiacho al diari \"La Tribuna de Albacete\"","og_url":"https:\/\/raed.academy\/ca\/reflexions-des-de-la-manxa\/","og_site_name":"Reial Acad\u00e8mia Europea de Doctors","article_publisher":"http:\/\/fb.me\/raed.academy","article_published_time":"2025-04-08T11:51:41+00:00","og_image":[{"width":600,"height":360,"url":"https:\/\/raed.academy\/wp-content\/uploads\/2025\/04\/Tribunal-Superior-de-Justicia-de-Castilla-la-Mancha-en-Albacete-dst.webp","type":"image\/webp"}],"author":"RAED","twitter_card":"summary_large_image","twitter_creator":"@raedacademy","twitter_site":"@raedacademy","twitter_misc":{"Written by":"RAED","Est. reading time":"5 minutes"},"schema":{"@context":"https:\/\/schema.org","@graph":[{"@type":"Article","@id":"https:\/\/raed.academy\/ca\/reflexions-des-de-la-manxa\/#article","isPartOf":{"@id":"https:\/\/raed.academy\/ca\/reflexions-des-de-la-manxa\/"},"author":{"name":"RAED","@id":"https:\/\/raed.academy\/ca\/#\/schema\/person\/5a755da80d1d979fd66ba745c8702927"},"headline":"Reflexions des de la Manxa","datePublished":"2025-04-08T11:51:41+00:00","mainEntityOfPage":{"@id":"https:\/\/raed.academy\/ca\/reflexions-des-de-la-manxa\/"},"wordCount":1031,"publisher":{"@id":"https:\/\/raed.academy\/ca\/#organization"},"image":{"@id":"https:\/\/raed.academy\/ca\/reflexions-des-de-la-manxa\/#primaryimage"},"thumbnailUrl":"https:\/\/raed.academy\/wp-content\/uploads\/2025\/04\/Tribunal-Superior-de-Justicia-de-Castilla-la-Mancha-en-Albacete-dst.webp","articleSection":["Art","Ci\u00e8ncies de la salut","Ci\u00e8ncies pol\u00edtiques","Econ\u00f2miques i Empresarials","Hist\u00f2ria","Hist\u00f2ria nacional","Literatura","Medicina i cirurgia"],"inLanguage":"ca-ES"},{"@type":"WebPage","@id":"https:\/\/raed.academy\/ca\/reflexions-des-de-la-manxa\/","url":"https:\/\/raed.academy\/ca\/reflexions-des-de-la-manxa\/","name":"Reflexions des de la Manxa - Reial Acad\u00e8mia Europea de Doctors","isPartOf":{"@id":"https:\/\/raed.academy\/ca\/#website"},"primaryImageOfPage":{"@id":"https:\/\/raed.academy\/ca\/reflexions-des-de-la-manxa\/#primaryimage"},"image":{"@id":"https:\/\/raed.academy\/ca\/reflexions-des-de-la-manxa\/#primaryimage"},"thumbnailUrl":"https:\/\/raed.academy\/wp-content\/uploads\/2025\/04\/Tribunal-Superior-de-Justicia-de-Castilla-la-Mancha-en-Albacete-dst.webp","datePublished":"2025-04-08T11:51:41+00:00","description":"Els \u00faltims articles d'opini\u00f3 de Javier L\u00f3pez-Galiacho al diari \"La Tribuna de Albacete\"","breadcrumb":{"@id":"https:\/\/raed.academy\/ca\/reflexions-des-de-la-manxa\/#breadcrumb"},"inLanguage":"ca-ES","potentialAction":[{"@type":"ReadAction","target":["https:\/\/raed.academy\/ca\/reflexions-des-de-la-manxa\/"]}]},{"@type":"ImageObject","inLanguage":"ca-ES","@id":"https:\/\/raed.academy\/ca\/reflexions-des-de-la-manxa\/#primaryimage","url":"https:\/\/raed.academy\/wp-content\/uploads\/2025\/04\/Tribunal-Superior-de-Justicia-de-Castilla-la-Mancha-en-Albacete-dst.webp","contentUrl":"https:\/\/raed.academy\/wp-content\/uploads\/2025\/04\/Tribunal-Superior-de-Justicia-de-Castilla-la-Mancha-en-Albacete-dst.webp","width":600,"height":360},{"@type":"BreadcrumbList","@id":"https:\/\/raed.academy\/ca\/reflexions-des-de-la-manxa\/#breadcrumb","itemListElement":[{"@type":"ListItem","position":1,"name":"Inicio","item":"https:\/\/raed.academy\/ca\/"},{"@type":"ListItem","position":2,"name":"Reflexions des de la Manxa"}]},{"@type":"WebSite","@id":"https:\/\/raed.academy\/ca\/#website","url":"https:\/\/raed.academy\/ca\/","name":"Reial Acad\u00e8mia Europea de Doctors","description":"Corporaci\u00f3n de derecho p\u00fablico de car\u00e1cter cient\u00edfico, t\u00e9cnico y art\u00edstico, que tiene por objeto la investigaci\u00f3n, el estudio, el fomento y la extensi\u00f3n del conocimiento en su sentido m\u00e1s amplio","publisher":{"@id":"https:\/\/raed.academy\/ca\/#organization"},"potentialAction":[{"@type":"SearchAction","target":{"@type":"EntryPoint","urlTemplate":"https:\/\/raed.academy\/ca\/?s={search_term_string}"},"query-input":{"@type":"PropertyValueSpecification","valueRequired":true,"valueName":"search_term_string"}}],"inLanguage":"ca-ES"},{"@type":"Organization","@id":"https:\/\/raed.academy\/ca\/#organization","name":"Real Academia Europea de Doctores","url":"https:\/\/raed.academy\/ca\/","logo":{"@type":"ImageObject","inLanguage":"ca-ES","@id":"https:\/\/raed.academy\/ca\/#\/schema\/logo\/image\/","url":"https:\/\/raed.academy\/wp-content\/uploads\/2017\/01\/cropped-logo_raed.png","contentUrl":"https:\/\/raed.academy\/wp-content\/uploads\/2017\/01\/cropped-logo_raed.png","width":512,"height":512,"caption":"Real Academia Europea de Doctores"},"image":{"@id":"https:\/\/raed.academy\/ca\/#\/schema\/logo\/image\/"},"sameAs":["http:\/\/fb.me\/raed.academy","https:\/\/x.com\/raedacademy","https:\/\/www.instagram.com\/raed.academy\/","https:\/\/www.youtube.com\/channel\/UCUYQwW2KrdirNWihxMDObwg"]},{"@type":"Person","@id":"https:\/\/raed.academy\/ca\/#\/schema\/person\/5a755da80d1d979fd66ba745c8702927","name":"RAED","image":{"@type":"ImageObject","inLanguage":"ca-ES","@id":"https:\/\/secure.gravatar.com\/avatar\/19fdfdc0d67fb9c45714b703a2ac82251c4fcea3637f002ac3c9b74c0183583c?s=96&d=mm&r=g","url":"https:\/\/secure.gravatar.com\/avatar\/19fdfdc0d67fb9c45714b703a2ac82251c4fcea3637f002ac3c9b74c0183583c?s=96&d=mm&r=g","contentUrl":"https:\/\/secure.gravatar.com\/avatar\/19fdfdc0d67fb9c45714b703a2ac82251c4fcea3637f002ac3c9b74c0183583c?s=96&d=mm&r=g","caption":"RAED"}}]}},"_links":{"self":[{"href":"https:\/\/raed.academy\/ca\/wp-json\/wp\/v2\/posts\/161552","targetHints":{"allow":["GET"]}}],"collection":[{"href":"https:\/\/raed.academy\/ca\/wp-json\/wp\/v2\/posts"}],"about":[{"href":"https:\/\/raed.academy\/ca\/wp-json\/wp\/v2\/types\/post"}],"author":[{"embeddable":true,"href":"https:\/\/raed.academy\/ca\/wp-json\/wp\/v2\/users\/12"}],"replies":[{"embeddable":true,"href":"https:\/\/raed.academy\/ca\/wp-json\/wp\/v2\/comments?post=161552"}],"version-history":[{"count":0,"href":"https:\/\/raed.academy\/ca\/wp-json\/wp\/v2\/posts\/161552\/revisions"}],"wp:featuredmedia":[{"embeddable":true,"href":"https:\/\/raed.academy\/ca\/wp-json\/wp\/v2\/media\/161775"}],"wp:attachment":[{"href":"https:\/\/raed.academy\/ca\/wp-json\/wp\/v2\/media?parent=161552"}],"wp:term":[{"taxonomy":"category","embeddable":true,"href":"https:\/\/raed.academy\/ca\/wp-json\/wp\/v2\/categories?post=161552"},{"taxonomy":"post_tag","embeddable":true,"href":"https:\/\/raed.academy\/ca\/wp-json\/wp\/v2\/tags?post=161552"}],"curies":[{"name":"wp","href":"https:\/\/api.w.org\/{rel}","templated":true}]}}