{"id":161208,"date":"2025-04-04T13:06:02","date_gmt":"2025-04-04T13:06:02","guid":{"rendered":"https:\/\/raed.academy\/?p=161208"},"modified":"2025-04-04T13:07:20","modified_gmt":"2025-04-04T13:07:20","slug":"els-horrors-de-lholocaust-sobre-les-dones-i-els-nens","status":"publish","type":"post","link":"https:\/\/raed.academy\/ca\/els-horrors-de-lholocaust-sobre-les-dones-i-els-nens\/","title":{"rendered":"Els horrors de l&#8217;Holocaust sobre les dones i els nens"},"content":{"rendered":"<p><img loading=\"lazy\" decoding=\"async\" class=\"aligncenter size-full wp-image-129789\" src=\"https:\/\/raed.academy\/wp-content\/uploads\/2023\/02\/Auschwitz-birkenau-holocausto-nazi-CC0-domn-publico-carrusel.webp\" sizes=\"(max-width: 1600px) 100vw, 1600px\" srcset=\"https:\/\/raed.academy\/wp-content\/uploads\/2023\/02\/Auschwitz-birkenau-holocausto-nazi-CC0-domn-publico-carrusel.webp 1600w, https:\/\/raed.academy\/wp-content\/uploads\/2023\/02\/Auschwitz-birkenau-holocausto-nazi-CC0-domn-publico-carrusel-768x264.webp 768w, https:\/\/raed.academy\/wp-content\/uploads\/2023\/02\/Auschwitz-birkenau-holocausto-nazi-CC0-domn-publico-carrusel-1536x528.webp 1536w, https:\/\/raed.academy\/wp-content\/uploads\/2023\/02\/Auschwitz-birkenau-holocausto-nazi-CC0-domn-publico-carrusel-1080x371.webp 1080w\" alt=\"\" width=\"1600\" height=\"550\" \/><\/p>\n<p><a href=\"https:\/\/raed.academy\/ca\/academics\/dr-jose-antonio-lejarcegui-fort\/\" target=\"_blank\" rel=\"noopener\"><em><strong>Jos\u00e9 Antonio Lej\u00e1rcegui<\/strong><\/em><\/a>, professor d&#8217;Obstetr\u00edcia i Ginecologia de la <strong>Universitat de Barcelona<\/strong> i acad\u00e8mic numerari de la <strong>Reial Acad\u00e8mia Europea de Doctors<\/strong> (RAED), va pronunciar el passat 20 de mar\u00e7 a la <strong>Sala de Juntes<\/strong> de la Reial Corporaci\u00f3 la confer\u00e8ncia <strong>&#8220;L&#8217;obstetr\u00edcia i la ginecologia en l&#8217;Holocaust&#8221;<\/strong>, en la qual va esbossar la relaci\u00f3 que es va establir durant el nazisme una relaci\u00f3 entre antisemitisme, racisme i sexisme. Com va detallar en un succint rep\u00e0s hist\u00f2ric, els metges adscrits al r\u00e8gim, d&#8217;acord amb l&#8217;ideari de preservaci\u00f3 de la puresa racial, van utilitzar els avortaments i l&#8217;esterilitzaci\u00f3 com un medi per seguir la directriu oficial d&#8217;un programa genocida. En el camp de la ginecologia els estudis eren patrocinats pel r\u00e8gim per motius ideol\u00f2gics o militars i altres per l'&#8221;inter\u00e8s cient\u00edfic&#8221; a qu\u00e8 van apel\u00b7lar alguns metges pr\u00f2xims o acr\u00edtics amb el r\u00e8gim.<\/p>\n<p>En nom de les lleis de segregaci\u00f3 racial i protecci\u00f3 de la ra\u00e7a \u00e0ria, aquests facultatius sense escr\u00fapols van posar en marxa i van participar als programes d&#8217;esterilitzaci\u00f3 for\u00e7ada i, en el marc de les lleis per a la prevenci\u00f3 de les malalties heredit\u00e0ries de la descend\u00e8ncia, als programes d&#8217;eutan\u00e0sia de discapacitats mentals i f\u00edsics, els experiments m\u00e8dics en discapacitats i en presoners sans internats en camps de concentraci\u00f3 i els processos de selecci\u00f3 dels camps i fins i tot en l&#8217;assassinat actiu de presoners innocents. Molts metges van acceptar que les lleis eugen\u00e8siques estaven concebudes per al benefici de la naci\u00f3 i deixar aix\u00ed un llegat de salut a les generacions venidores, molts altres sanitaris ho van justificar tot pel seu lliurament a la ci\u00e8ncia.<\/p>\n<p>El cas paradigm\u00e0tic i m\u00e9s conegut d\u2019aquestes pr\u00e0ctiques m\u00e8diques al servei de la neteja \u00e8tnica que preconitzava el nazisme va ser el del metge<strong>\u00a0Josef Mengele<\/strong>, que es va afiliar al partit nazi el 1937 i a les <strong>SS<\/strong> el 1938 i va ser assignat a l&#8217;<strong>Oficina de la Ra\u00e7a i el Reassentament<\/strong> de les SS a Posn\u00e0nia, on avaluava els candidats a la germanitzaci\u00f3. A fi de realitzar investigacions gen\u00e8tiques amb humans va sol\u00b7licitar el trasllat al servei de camps de concentraci\u00f3 i va ser destinat al camp d&#8217;Auschwitz. En resposta a una epid\u00e8mia de tifus en el camp de les dones, va enviar les 600 ocupants d&#8217;un barrac\u00f3 directament a la cambra de gas. Va ser nom\u00e9s una de les incomptables atrocitats que va realitzar, moltes d&#8217;elles sobre dones i nens. De fet, en la seva pol\u00edtica d&#8217;extermini i selecci\u00f3 \u00e8tnica, el r\u00e8gim va habilitar camps de concentraci\u00f3 espec\u00edficament per a dones. El maig del 1939, els nazis van obrir el camp de Ravensbrueck, el m\u00e9s gran creat per a dones. M\u00e9s de 100.000 van passar pels seus barracons fins a l&#8217;alliberament el 1945. El 1942, a Auschwitz tamb\u00e9 es va crear un camp femen\u00ed i a Bergen-Belsen, el 1944. Va ser en ells on obstetres i ginec\u00f2legs tamb\u00e9 van experimentar sense objeccions \u00e8tiques.<\/p>\n<p><img loading=\"lazy\" decoding=\"async\" class=\"size-full wp-image-160075 alignright\" src=\"https:\/\/raed.academy\/wp-content\/uploads\/2025\/03\/mujeres-judias-hungaras-embarazadas-tras-la-liberacion-Holocausto-Nazi-domn-publico-wikimedia.org-1.17.webp\" alt=\"\" width=\"350\" height=\"300\" \/>En resposta a les atrocitats comeses, va sorgir el primer codi internacional d&#8217;\u00e8tica per a la recerca amb \u00e9ssers humans, el <strong>Codi de N\u00faremberg<\/strong>, publicat el 19 d\u2019agost del 1947 sota el precepte hipocr\u00e0tic &#8216;primun non nocere&#8217; (el primer \u00e9s no fer mal). Aquest codi, impregnat de la mateixa filosofia que un any despr\u00e9s es va plasmar en la <strong>Declaraci\u00f3 Universal dels Drets Humans<\/strong>, va establir les normes per dur a terme experiments amb \u00e9ssers humans, incidint especialment en l&#8217;obtenci\u00f3 del consentiment voluntari de la persona, que des d&#8217;aleshores s&#8217;ha considerat com la pedra angular de la protecci\u00f3 dels drets dels pacients.<\/p>\n<p>Lej\u00e1rcegui ha publicat m\u00e9s d&#8217;un centenar d&#8217;articles en reconegudes revistes internacionals i nacionals i cap\u00edtols en llibres especialitzats. La seva tasca cient\u00edfica i tasca m\u00e8dica va mer\u00e8ixer el <strong>Premi d&#8217;Excel\u00b7l\u00e8ncia Professional<\/strong> del <strong>Col\u00b7legi de Metges de Catalunya<\/strong> i el <strong>Premi Mediterrani d&#8217;Excel\u00b7l\u00e8ncia<\/strong>. \u00c9s soci d\u2019honor de la<strong> Societat Espanyola d&#8217;Obstetr\u00edcia i Ginecologia<\/strong> i de l&#8217;<strong>Acad\u00e8mia de Ci\u00e8ncies M\u00e8diques de Catalunya i les Balears<\/strong>, on presideix la Secci\u00f3 d&#8217;Oncologia Ginecol\u00f2gica. \u00c9s aix\u00ed mateix de diferents societats m\u00e8diques internacionals. Entre les seves l\u00ednies d\u2019investigaci\u00f3 destaquen la fisiopatologia del coll uter\u00ed, la fisiopatologia de l&#8217;endometri, la patologia de la vulva, la malaltia trofobl\u00e1stica, la infusi\u00f3 quimioter\u00e0pica intraarterial, els marcadors tumorals i la cirurgia conservadora i irradiaci\u00f3 en c\u00e0ncer de mama.<\/p>\n<div id=\"attachment_161332\" style=\"width: 1210px\" class=\"wp-caption aligncenter\"><img loading=\"lazy\" decoding=\"async\" aria-describedby=\"caption-attachment-161332\" class=\"wp-image-161332 size-full\" src=\"https:\/\/raed.academy\/wp-content\/uploads\/2025\/03\/conferencia-la-obstetricia-y-la-ginecologia-en-el-Holocausto-por-Jose-A-Lejarcegui-01.webp\" sizes=\"(max-width: 1200px) 100vw, 1200px\" srcset=\"https:\/\/raed.academy\/wp-content\/uploads\/2025\/03\/conferencia-la-obstetricia-y-la-ginecologia-en-el-Holocausto-por-Jose-A-Lejarcegui-01.webp 1200w, https:\/\/raed.academy\/wp-content\/uploads\/2025\/03\/conferencia-la-obstetricia-y-la-ginecologia-en-el-Holocausto-por-Jose-A-Lejarcegui-01-768x576.webp 768w, https:\/\/raed.academy\/wp-content\/uploads\/2025\/03\/conferencia-la-obstetricia-y-la-ginecologia-en-el-Holocausto-por-Jose-A-Lejarcegui-01-1080x810.webp 1080w, https:\/\/raed.academy\/wp-content\/uploads\/2025\/03\/conferencia-la-obstetricia-y-la-ginecologia-en-el-Holocausto-por-Jose-A-Lejarcegui-01-400x300.webp 400w\" alt=\"Drs. M. \u00c0ngels Calvo i Jos\u00e9 Antonio Lej\u00e1rcegui\" width=\"1200\" height=\"900\" aria-describedby=\"caption-attachment-161332\" \/><p id=\"caption-attachment-161332\" class=\"wp-caption-text\">Drs. M. \u00c0ngels Calvo i Jos\u00e9 Antonio Lej\u00e1rcegui<\/p><\/div>\n<p><img loading=\"lazy\" decoding=\"async\" class=\"aligncenter size-full wp-image-161335\" src=\"https:\/\/raed.academy\/wp-content\/uploads\/2025\/03\/conferencia-la-obstetricia-y-la-ginecologia-en-el-Holocausto-por-Jose-A-Lejarcegui-02.webp\" sizes=\"(max-width: 1400px) 100vw, 1400px\" srcset=\"https:\/\/raed.academy\/wp-content\/uploads\/2025\/03\/conferencia-la-obstetricia-y-la-ginecologia-en-el-Holocausto-por-Jose-A-Lejarcegui-02.webp 1400w, https:\/\/raed.academy\/wp-content\/uploads\/2025\/03\/conferencia-la-obstetricia-y-la-ginecologia-en-el-Holocausto-por-Jose-A-Lejarcegui-02-768x576.webp 768w, https:\/\/raed.academy\/wp-content\/uploads\/2025\/03\/conferencia-la-obstetricia-y-la-ginecologia-en-el-Holocausto-por-Jose-A-Lejarcegui-02-1080x810.webp 1080w, https:\/\/raed.academy\/wp-content\/uploads\/2025\/03\/conferencia-la-obstetricia-y-la-ginecologia-en-el-Holocausto-por-Jose-A-Lejarcegui-02-400x300.webp 400w\" alt=\"\" width=\"1400\" height=\"1050\" \/><\/p>\n","protected":false},"excerpt":{"rendered":"<p>Jos\u00e9 Antonio Lej\u00e1rcegui exposa, durant la confer\u00e8ncia, la relaci\u00f3 que es va establir durant el nazisme entre antisemitisme, racisme i sexisme, i com els metges adscrits al r\u00e8gim, d&#8217;acord amb l&#8217;ideari de preservaci\u00f3 de la puresa racial, van utilitzar els avortaments i l&#8217;esterilitzaci\u00f3 com un mitj\u00e0 per seguir la directriu oficial d&#8217;un programa genocida<\/p>\n","protected":false},"author":12,"featured_media":160076,"comment_status":"closed","ping_status":"closed","sticky":false,"template":"","format":"standard","meta":{"_et_pb_use_builder":"","_et_pb_old_content":"","_et_gb_content_width":"","footnotes":""},"categories":[281,455,380,242,213,506],"tags":[],"class_list":["post-161208","post","type-post","status-publish","format-standard","has-post-thumbnail","hentry","category-categ-activitats","category-ciencies-de-la-salut","category-conflictes-bellics","category-categ-historia","category-medicina-i-cirurgia","category-medicina-legal-y-forense-ca","et-has-post-format-content","et_post_format-et-post-format-standard"],"yoast_head":"<!-- This site is optimized with the Yoast SEO plugin v27.4 - https:\/\/yoast.com\/product\/yoast-seo-wordpress\/ -->\n<title>Els horrors de l&#039;Holocaust sobre les dones i els nens - Reial Acad\u00e8mia Europea de Doctors<\/title>\n<meta name=\"description\" content=\"Sobre com els metges adscrits al r\u00e8gim van fer servir els avortaments i l&#039;esterilitzaci\u00f3 per seguir la directriu oficial d&#039;un programa genocida\" \/>\n<meta name=\"robots\" content=\"index, follow, max-snippet:-1, max-image-preview:large, max-video-preview:-1\" \/>\n<link rel=\"canonical\" href=\"https:\/\/raed.academy\/ca\/els-horrors-de-lholocaust-sobre-les-dones-i-els-nens\/\" \/>\n<meta property=\"og:locale\" content=\"ca_ES\" \/>\n<meta property=\"og:type\" content=\"article\" \/>\n<meta property=\"og:title\" content=\"Els horrors de l&#039;Holocaust sobre les dones i els nens - Reial Acad\u00e8mia Europea de Doctors\" \/>\n<meta property=\"og:description\" content=\"Sobre com els metges adscrits al r\u00e8gim van fer servir els avortaments i l&#039;esterilitzaci\u00f3 per seguir la directriu oficial d&#039;un programa genocida\" \/>\n<meta property=\"og:url\" content=\"https:\/\/raed.academy\/ca\/els-horrors-de-lholocaust-sobre-les-dones-i-els-nens\/\" \/>\n<meta property=\"og:site_name\" content=\"Reial Acad\u00e8mia Europea de Doctors\" \/>\n<meta property=\"article:publisher\" content=\"http:\/\/fb.me\/raed.academy\" \/>\n<meta property=\"article:published_time\" content=\"2025-04-04T13:06:02+00:00\" \/>\n<meta property=\"article:modified_time\" content=\"2025-04-04T13:07:20+00:00\" \/>\n<meta property=\"og:image\" content=\"https:\/\/raed.academy\/wp-content\/uploads\/2025\/03\/mujeres-judias-hungaras-embarazadas-tras-la-liberacion-Holocausto-Nazi-domn-publico-wikimedia.org-1.17.webp\" \/>\n\t<meta property=\"og:image:width\" content=\"350\" \/>\n\t<meta property=\"og:image:height\" content=\"300\" \/>\n\t<meta property=\"og:image:type\" content=\"image\/webp\" \/>\n<meta name=\"author\" content=\"RAED\" \/>\n<meta name=\"twitter:card\" content=\"summary_large_image\" \/>\n<meta name=\"twitter:creator\" content=\"@raedacademy\" \/>\n<meta name=\"twitter:site\" content=\"@raedacademy\" \/>\n<meta name=\"twitter:label1\" content=\"Written by\" \/>\n\t<meta name=\"twitter:data1\" content=\"RAED\" \/>\n\t<meta name=\"twitter:label2\" content=\"Est. reading time\" \/>\n\t<meta name=\"twitter:data2\" content=\"5 minutes\" \/>\n<script type=\"application\/ld+json\" class=\"yoast-schema-graph\">{\"@context\":\"https:\\\/\\\/schema.org\",\"@graph\":[{\"@type\":\"Article\",\"@id\":\"https:\\\/\\\/raed.academy\\\/ca\\\/els-horrors-de-lholocaust-sobre-les-dones-i-els-nens\\\/#article\",\"isPartOf\":{\"@id\":\"https:\\\/\\\/raed.academy\\\/ca\\\/els-horrors-de-lholocaust-sobre-les-dones-i-els-nens\\\/\"},\"author\":{\"name\":\"RAED\",\"@id\":\"https:\\\/\\\/raed.academy\\\/ca\\\/#\\\/schema\\\/person\\\/5a755da80d1d979fd66ba745c8702927\"},\"headline\":\"Els horrors de l&#8217;Holocaust sobre les dones i els nens\",\"datePublished\":\"2025-04-04T13:06:02+00:00\",\"dateModified\":\"2025-04-04T13:07:20+00:00\",\"mainEntityOfPage\":{\"@id\":\"https:\\\/\\\/raed.academy\\\/ca\\\/els-horrors-de-lholocaust-sobre-les-dones-i-els-nens\\\/\"},\"wordCount\":818,\"publisher\":{\"@id\":\"https:\\\/\\\/raed.academy\\\/ca\\\/#organization\"},\"image\":{\"@id\":\"https:\\\/\\\/raed.academy\\\/ca\\\/els-horrors-de-lholocaust-sobre-les-dones-i-els-nens\\\/#primaryimage\"},\"thumbnailUrl\":\"https:\\\/\\\/raed.academy\\\/wp-content\\\/uploads\\\/2025\\\/03\\\/mujeres-judias-hungaras-embarazadas-tras-la-liberacion-Holocausto-Nazi-domn-publico-wikimedia.org-1.17.webp\",\"articleSection\":[\"Activitats\",\"Ci\u00e8ncies de la salut\",\"Conflictes b\u00e8l\u00b7lics\",\"Hist\u00f2ria\",\"Medicina i cirurgia\",\"Medicina Legal y Forense\"],\"inLanguage\":\"ca-ES\"},{\"@type\":\"WebPage\",\"@id\":\"https:\\\/\\\/raed.academy\\\/ca\\\/els-horrors-de-lholocaust-sobre-les-dones-i-els-nens\\\/\",\"url\":\"https:\\\/\\\/raed.academy\\\/ca\\\/els-horrors-de-lholocaust-sobre-les-dones-i-els-nens\\\/\",\"name\":\"Els horrors de l'Holocaust sobre les dones i els nens - Reial Acad\u00e8mia Europea de Doctors\",\"isPartOf\":{\"@id\":\"https:\\\/\\\/raed.academy\\\/ca\\\/#website\"},\"primaryImageOfPage\":{\"@id\":\"https:\\\/\\\/raed.academy\\\/ca\\\/els-horrors-de-lholocaust-sobre-les-dones-i-els-nens\\\/#primaryimage\"},\"image\":{\"@id\":\"https:\\\/\\\/raed.academy\\\/ca\\\/els-horrors-de-lholocaust-sobre-les-dones-i-els-nens\\\/#primaryimage\"},\"thumbnailUrl\":\"https:\\\/\\\/raed.academy\\\/wp-content\\\/uploads\\\/2025\\\/03\\\/mujeres-judias-hungaras-embarazadas-tras-la-liberacion-Holocausto-Nazi-domn-publico-wikimedia.org-1.17.webp\",\"datePublished\":\"2025-04-04T13:06:02+00:00\",\"dateModified\":\"2025-04-04T13:07:20+00:00\",\"description\":\"Sobre com els metges adscrits al r\u00e8gim van fer servir els avortaments i l'esterilitzaci\u00f3 per seguir la directriu oficial d'un programa genocida\",\"breadcrumb\":{\"@id\":\"https:\\\/\\\/raed.academy\\\/ca\\\/els-horrors-de-lholocaust-sobre-les-dones-i-els-nens\\\/#breadcrumb\"},\"inLanguage\":\"ca-ES\",\"potentialAction\":[{\"@type\":\"ReadAction\",\"target\":[\"https:\\\/\\\/raed.academy\\\/ca\\\/els-horrors-de-lholocaust-sobre-les-dones-i-els-nens\\\/\"]}]},{\"@type\":\"ImageObject\",\"inLanguage\":\"ca-ES\",\"@id\":\"https:\\\/\\\/raed.academy\\\/ca\\\/els-horrors-de-lholocaust-sobre-les-dones-i-els-nens\\\/#primaryimage\",\"url\":\"https:\\\/\\\/raed.academy\\\/wp-content\\\/uploads\\\/2025\\\/03\\\/mujeres-judias-hungaras-embarazadas-tras-la-liberacion-Holocausto-Nazi-domn-publico-wikimedia.org-1.17.webp\",\"contentUrl\":\"https:\\\/\\\/raed.academy\\\/wp-content\\\/uploads\\\/2025\\\/03\\\/mujeres-judias-hungaras-embarazadas-tras-la-liberacion-Holocausto-Nazi-domn-publico-wikimedia.org-1.17.webp\",\"width\":350,\"height\":300},{\"@type\":\"BreadcrumbList\",\"@id\":\"https:\\\/\\\/raed.academy\\\/ca\\\/els-horrors-de-lholocaust-sobre-les-dones-i-els-nens\\\/#breadcrumb\",\"itemListElement\":[{\"@type\":\"ListItem\",\"position\":1,\"name\":\"Inicio\",\"item\":\"https:\\\/\\\/raed.academy\\\/ca\\\/\"},{\"@type\":\"ListItem\",\"position\":2,\"name\":\"Els horrors de l&#8217;Holocaust sobre les dones i els nens\"}]},{\"@type\":\"WebSite\",\"@id\":\"https:\\\/\\\/raed.academy\\\/ca\\\/#website\",\"url\":\"https:\\\/\\\/raed.academy\\\/ca\\\/\",\"name\":\"Reial Acad\u00e8mia Europea de Doctors\",\"description\":\"Corporaci\u00f3n de derecho p\u00fablico de car\u00e1cter cient\u00edfico, t\u00e9cnico y art\u00edstico, que tiene por objeto la investigaci\u00f3n, el estudio, el fomento y la extensi\u00f3n del conocimiento en su sentido m\u00e1s amplio\",\"publisher\":{\"@id\":\"https:\\\/\\\/raed.academy\\\/ca\\\/#organization\"},\"potentialAction\":[{\"@type\":\"SearchAction\",\"target\":{\"@type\":\"EntryPoint\",\"urlTemplate\":\"https:\\\/\\\/raed.academy\\\/ca\\\/?s={search_term_string}\"},\"query-input\":{\"@type\":\"PropertyValueSpecification\",\"valueRequired\":true,\"valueName\":\"search_term_string\"}}],\"inLanguage\":\"ca-ES\"},{\"@type\":\"Organization\",\"@id\":\"https:\\\/\\\/raed.academy\\\/ca\\\/#organization\",\"name\":\"Real Academia Europea de Doctores\",\"url\":\"https:\\\/\\\/raed.academy\\\/ca\\\/\",\"logo\":{\"@type\":\"ImageObject\",\"inLanguage\":\"ca-ES\",\"@id\":\"https:\\\/\\\/raed.academy\\\/ca\\\/#\\\/schema\\\/logo\\\/image\\\/\",\"url\":\"https:\\\/\\\/raed.academy\\\/wp-content\\\/uploads\\\/2017\\\/01\\\/cropped-logo_raed.png\",\"contentUrl\":\"https:\\\/\\\/raed.academy\\\/wp-content\\\/uploads\\\/2017\\\/01\\\/cropped-logo_raed.png\",\"width\":512,\"height\":512,\"caption\":\"Real Academia Europea de Doctores\"},\"image\":{\"@id\":\"https:\\\/\\\/raed.academy\\\/ca\\\/#\\\/schema\\\/logo\\\/image\\\/\"},\"sameAs\":[\"http:\\\/\\\/fb.me\\\/raed.academy\",\"https:\\\/\\\/x.com\\\/raedacademy\",\"https:\\\/\\\/www.instagram.com\\\/raed.academy\\\/\",\"https:\\\/\\\/www.youtube.com\\\/channel\\\/UCUYQwW2KrdirNWihxMDObwg\"]},{\"@type\":\"Person\",\"@id\":\"https:\\\/\\\/raed.academy\\\/ca\\\/#\\\/schema\\\/person\\\/5a755da80d1d979fd66ba745c8702927\",\"name\":\"RAED\",\"image\":{\"@type\":\"ImageObject\",\"inLanguage\":\"ca-ES\",\"@id\":\"https:\\\/\\\/secure.gravatar.com\\\/avatar\\\/19fdfdc0d67fb9c45714b703a2ac82251c4fcea3637f002ac3c9b74c0183583c?s=96&d=mm&r=g\",\"url\":\"https:\\\/\\\/secure.gravatar.com\\\/avatar\\\/19fdfdc0d67fb9c45714b703a2ac82251c4fcea3637f002ac3c9b74c0183583c?s=96&d=mm&r=g\",\"contentUrl\":\"https:\\\/\\\/secure.gravatar.com\\\/avatar\\\/19fdfdc0d67fb9c45714b703a2ac82251c4fcea3637f002ac3c9b74c0183583c?s=96&d=mm&r=g\",\"caption\":\"RAED\"}}]}<\/script>\n<!-- \/ Yoast SEO plugin. -->","yoast_head_json":{"title":"Els horrors de l'Holocaust sobre les dones i els nens - Reial Acad\u00e8mia Europea de Doctors","description":"Sobre com els metges adscrits al r\u00e8gim van fer servir els avortaments i l'esterilitzaci\u00f3 per seguir la directriu oficial d'un programa genocida","robots":{"index":"index","follow":"follow","max-snippet":"max-snippet:-1","max-image-preview":"max-image-preview:large","max-video-preview":"max-video-preview:-1"},"canonical":"https:\/\/raed.academy\/ca\/els-horrors-de-lholocaust-sobre-les-dones-i-els-nens\/","og_locale":"ca_ES","og_type":"article","og_title":"Els horrors de l'Holocaust sobre les dones i els nens - Reial Acad\u00e8mia Europea de Doctors","og_description":"Sobre com els metges adscrits al r\u00e8gim van fer servir els avortaments i l'esterilitzaci\u00f3 per seguir la directriu oficial d'un programa genocida","og_url":"https:\/\/raed.academy\/ca\/els-horrors-de-lholocaust-sobre-les-dones-i-els-nens\/","og_site_name":"Reial Acad\u00e8mia Europea de Doctors","article_publisher":"http:\/\/fb.me\/raed.academy","article_published_time":"2025-04-04T13:06:02+00:00","article_modified_time":"2025-04-04T13:07:20+00:00","og_image":[{"width":350,"height":300,"url":"https:\/\/raed.academy\/wp-content\/uploads\/2025\/03\/mujeres-judias-hungaras-embarazadas-tras-la-liberacion-Holocausto-Nazi-domn-publico-wikimedia.org-1.17.webp","type":"image\/webp"}],"author":"RAED","twitter_card":"summary_large_image","twitter_creator":"@raedacademy","twitter_site":"@raedacademy","twitter_misc":{"Written by":"RAED","Est. reading time":"5 minutes"},"schema":{"@context":"https:\/\/schema.org","@graph":[{"@type":"Article","@id":"https:\/\/raed.academy\/ca\/els-horrors-de-lholocaust-sobre-les-dones-i-els-nens\/#article","isPartOf":{"@id":"https:\/\/raed.academy\/ca\/els-horrors-de-lholocaust-sobre-les-dones-i-els-nens\/"},"author":{"name":"RAED","@id":"https:\/\/raed.academy\/ca\/#\/schema\/person\/5a755da80d1d979fd66ba745c8702927"},"headline":"Els horrors de l&#8217;Holocaust sobre les dones i els nens","datePublished":"2025-04-04T13:06:02+00:00","dateModified":"2025-04-04T13:07:20+00:00","mainEntityOfPage":{"@id":"https:\/\/raed.academy\/ca\/els-horrors-de-lholocaust-sobre-les-dones-i-els-nens\/"},"wordCount":818,"publisher":{"@id":"https:\/\/raed.academy\/ca\/#organization"},"image":{"@id":"https:\/\/raed.academy\/ca\/els-horrors-de-lholocaust-sobre-les-dones-i-els-nens\/#primaryimage"},"thumbnailUrl":"https:\/\/raed.academy\/wp-content\/uploads\/2025\/03\/mujeres-judias-hungaras-embarazadas-tras-la-liberacion-Holocausto-Nazi-domn-publico-wikimedia.org-1.17.webp","articleSection":["Activitats","Ci\u00e8ncies de la salut","Conflictes b\u00e8l\u00b7lics","Hist\u00f2ria","Medicina i cirurgia","Medicina Legal y Forense"],"inLanguage":"ca-ES"},{"@type":"WebPage","@id":"https:\/\/raed.academy\/ca\/els-horrors-de-lholocaust-sobre-les-dones-i-els-nens\/","url":"https:\/\/raed.academy\/ca\/els-horrors-de-lholocaust-sobre-les-dones-i-els-nens\/","name":"Els horrors de l'Holocaust sobre les dones i els nens - Reial Acad\u00e8mia Europea de Doctors","isPartOf":{"@id":"https:\/\/raed.academy\/ca\/#website"},"primaryImageOfPage":{"@id":"https:\/\/raed.academy\/ca\/els-horrors-de-lholocaust-sobre-les-dones-i-els-nens\/#primaryimage"},"image":{"@id":"https:\/\/raed.academy\/ca\/els-horrors-de-lholocaust-sobre-les-dones-i-els-nens\/#primaryimage"},"thumbnailUrl":"https:\/\/raed.academy\/wp-content\/uploads\/2025\/03\/mujeres-judias-hungaras-embarazadas-tras-la-liberacion-Holocausto-Nazi-domn-publico-wikimedia.org-1.17.webp","datePublished":"2025-04-04T13:06:02+00:00","dateModified":"2025-04-04T13:07:20+00:00","description":"Sobre com els metges adscrits al r\u00e8gim van fer servir els avortaments i l'esterilitzaci\u00f3 per seguir la directriu oficial d'un programa genocida","breadcrumb":{"@id":"https:\/\/raed.academy\/ca\/els-horrors-de-lholocaust-sobre-les-dones-i-els-nens\/#breadcrumb"},"inLanguage":"ca-ES","potentialAction":[{"@type":"ReadAction","target":["https:\/\/raed.academy\/ca\/els-horrors-de-lholocaust-sobre-les-dones-i-els-nens\/"]}]},{"@type":"ImageObject","inLanguage":"ca-ES","@id":"https:\/\/raed.academy\/ca\/els-horrors-de-lholocaust-sobre-les-dones-i-els-nens\/#primaryimage","url":"https:\/\/raed.academy\/wp-content\/uploads\/2025\/03\/mujeres-judias-hungaras-embarazadas-tras-la-liberacion-Holocausto-Nazi-domn-publico-wikimedia.org-1.17.webp","contentUrl":"https:\/\/raed.academy\/wp-content\/uploads\/2025\/03\/mujeres-judias-hungaras-embarazadas-tras-la-liberacion-Holocausto-Nazi-domn-publico-wikimedia.org-1.17.webp","width":350,"height":300},{"@type":"BreadcrumbList","@id":"https:\/\/raed.academy\/ca\/els-horrors-de-lholocaust-sobre-les-dones-i-els-nens\/#breadcrumb","itemListElement":[{"@type":"ListItem","position":1,"name":"Inicio","item":"https:\/\/raed.academy\/ca\/"},{"@type":"ListItem","position":2,"name":"Els horrors de l&#8217;Holocaust sobre les dones i els nens"}]},{"@type":"WebSite","@id":"https:\/\/raed.academy\/ca\/#website","url":"https:\/\/raed.academy\/ca\/","name":"Reial Acad\u00e8mia Europea de Doctors","description":"Corporaci\u00f3n de derecho p\u00fablico de car\u00e1cter cient\u00edfico, t\u00e9cnico y art\u00edstico, que tiene por objeto la investigaci\u00f3n, el estudio, el fomento y la extensi\u00f3n del conocimiento en su sentido m\u00e1s amplio","publisher":{"@id":"https:\/\/raed.academy\/ca\/#organization"},"potentialAction":[{"@type":"SearchAction","target":{"@type":"EntryPoint","urlTemplate":"https:\/\/raed.academy\/ca\/?s={search_term_string}"},"query-input":{"@type":"PropertyValueSpecification","valueRequired":true,"valueName":"search_term_string"}}],"inLanguage":"ca-ES"},{"@type":"Organization","@id":"https:\/\/raed.academy\/ca\/#organization","name":"Real Academia Europea de Doctores","url":"https:\/\/raed.academy\/ca\/","logo":{"@type":"ImageObject","inLanguage":"ca-ES","@id":"https:\/\/raed.academy\/ca\/#\/schema\/logo\/image\/","url":"https:\/\/raed.academy\/wp-content\/uploads\/2017\/01\/cropped-logo_raed.png","contentUrl":"https:\/\/raed.academy\/wp-content\/uploads\/2017\/01\/cropped-logo_raed.png","width":512,"height":512,"caption":"Real Academia Europea de Doctores"},"image":{"@id":"https:\/\/raed.academy\/ca\/#\/schema\/logo\/image\/"},"sameAs":["http:\/\/fb.me\/raed.academy","https:\/\/x.com\/raedacademy","https:\/\/www.instagram.com\/raed.academy\/","https:\/\/www.youtube.com\/channel\/UCUYQwW2KrdirNWihxMDObwg"]},{"@type":"Person","@id":"https:\/\/raed.academy\/ca\/#\/schema\/person\/5a755da80d1d979fd66ba745c8702927","name":"RAED","image":{"@type":"ImageObject","inLanguage":"ca-ES","@id":"https:\/\/secure.gravatar.com\/avatar\/19fdfdc0d67fb9c45714b703a2ac82251c4fcea3637f002ac3c9b74c0183583c?s=96&d=mm&r=g","url":"https:\/\/secure.gravatar.com\/avatar\/19fdfdc0d67fb9c45714b703a2ac82251c4fcea3637f002ac3c9b74c0183583c?s=96&d=mm&r=g","contentUrl":"https:\/\/secure.gravatar.com\/avatar\/19fdfdc0d67fb9c45714b703a2ac82251c4fcea3637f002ac3c9b74c0183583c?s=96&d=mm&r=g","caption":"RAED"}}]}},"_links":{"self":[{"href":"https:\/\/raed.academy\/ca\/wp-json\/wp\/v2\/posts\/161208","targetHints":{"allow":["GET"]}}],"collection":[{"href":"https:\/\/raed.academy\/ca\/wp-json\/wp\/v2\/posts"}],"about":[{"href":"https:\/\/raed.academy\/ca\/wp-json\/wp\/v2\/types\/post"}],"author":[{"embeddable":true,"href":"https:\/\/raed.academy\/ca\/wp-json\/wp\/v2\/users\/12"}],"replies":[{"embeddable":true,"href":"https:\/\/raed.academy\/ca\/wp-json\/wp\/v2\/comments?post=161208"}],"version-history":[{"count":0,"href":"https:\/\/raed.academy\/ca\/wp-json\/wp\/v2\/posts\/161208\/revisions"}],"wp:featuredmedia":[{"embeddable":true,"href":"https:\/\/raed.academy\/ca\/wp-json\/wp\/v2\/media\/160076"}],"wp:attachment":[{"href":"https:\/\/raed.academy\/ca\/wp-json\/wp\/v2\/media?parent=161208"}],"wp:term":[{"taxonomy":"category","embeddable":true,"href":"https:\/\/raed.academy\/ca\/wp-json\/wp\/v2\/categories?post=161208"},{"taxonomy":"post_tag","embeddable":true,"href":"https:\/\/raed.academy\/ca\/wp-json\/wp\/v2\/tags?post=161208"}],"curies":[{"name":"wp","href":"https:\/\/api.w.org\/{rel}","templated":true}]}}