{"id":161186,"date":"2025-04-04T12:42:22","date_gmt":"2025-04-04T12:42:22","guid":{"rendered":"https:\/\/raed.academy\/?p=161186"},"modified":"2025-04-04T12:42:22","modified_gmt":"2025-04-04T12:42:22","slug":"lenriquidor-dialeg-entre-la-musica-i-les-matematiques","status":"publish","type":"post","link":"https:\/\/raed.academy\/ca\/lenriquidor-dialeg-entre-la-musica-i-les-matematiques\/","title":{"rendered":"L&#8217;enriquidor di\u00e0leg entre la m\u00fasica i les matem\u00e0tiques"},"content":{"rendered":"<div id=\"attachment_120239\" style=\"width: 610px\" class=\"wp-caption aligncenter\"><img loading=\"lazy\" decoding=\"async\" aria-describedby=\"caption-attachment-120239\" class=\"wp-image-120239 size-full\" src=\"https:\/\/raed.academy\/wp-content\/uploads\/2022\/06\/Pilar-Bayer-dst.webp\" sizes=\"(max-width: 600px) 100vw, 600px\" srcset=\"https:\/\/raed.academy\/wp-content\/uploads\/2022\/06\/Pilar-Bayer-dst.webp 600w, https:\/\/raed.academy\/wp-content\/uploads\/2022\/06\/Pilar-Bayer-dst-440x264.webp 440w\" alt=\"Pilar Bayer\" width=\"600\" height=\"360\" aria-describedby=\"caption-attachment-120239\" \/><p id=\"caption-attachment-120239\" class=\"wp-caption-text\">Dra. Pilar Bayer<\/p><\/div>\n<p><a href=\"https:\/\/raed.academy\/ca\/academics\/dra-pilar-bayer-isant\/\" target=\"_blank\" rel=\"noopener\"><em><strong>Pilar Bayer<\/strong><\/em><\/a>, catedr\u00e0tica em\u00e8rita de la\u00a0<strong><span class=\"constant\">Universitat<\/span> de Barcelona<\/strong>, fundadora del <strong><span class=\"constant\">Seminari<\/span>\u00a0de\u00a0<span class=\"constant\">Teoria<\/span> de Nombres de Barcelona<\/strong>, membre de la<strong> Junta de\u00a0<span class=\"constant\">Govern<\/span>\u00a0<\/strong>de la\u00a0<strong><span class=\"constant\">Societat<\/span>\u00a0Catalana de\u00a0<span class=\"constant\">Matem\u00e0tiques<\/span><\/strong>\u00a0i acad\u00e8mica numer\u00e0ria i vicepresidenta de la\u00a0<span class=\"constant\">Secci\u00f3<\/span>\u00a0de\u00a0<span class=\"constant\">Ci\u00e8ncies<\/span>\u00a0<span class=\"constant\">Experimentals<\/span>\u00a0de la <strong>Reial Acad\u00e8mia Europea de\u00a0<span class=\"constant\">Doctors<\/span><\/strong>\u00a0(<span class=\"constant\">RAED<\/span>), va protagonitzar el passat 17 de mar\u00e7 la segona de les cinc sessions del cicle <strong>&#8220;<span class=\"constant\">Matem\u00e0tiques<\/span>\u00a0<span class=\"unknown\">i<\/span>\u00a0<span class=\"constant\">Art<\/span>&#8220;<\/strong> que ha organitzat l&#8217;<strong>Ajuntament de Barcelona<\/strong> a la seva xarxa de biblioteques al llarg de tot el mes. L&#8217;acad\u00e8mica va presentar la pon\u00e8ncia <strong>&#8220;M\u00fasica <span class=\"unknown\">i<\/span>\u00a0<span class=\"unknown\">matem\u00e0tiques<\/span>: un\u00a0<span class=\"unknown\">di\u00e0leg<\/span>\u00a0<span class=\"unknown\">permanent<\/span>&#8220;<\/strong> a la <strong>Biblioteca\u00a0<span class=\"constant\">Camp de l&#8217;Arpa-Caterina Albert<\/span><\/strong>, del districte barcelon\u00ed de Sant Mart\u00ed.<\/p>\n<p>Per a l&#8217;experta, les matem\u00e0tiques es manifesten en l&#8217;harmonia, el ritme i el timbre dels sons i, de forma rec\u00edproca, la m\u00fasica ha inspirat idees matem\u00e0tiques fonamentals. Es tracta d&#8217;una relaci\u00f3 que s&#8217;ha manifestat en diferent grau al llarg de la hist\u00f2ria i que dota actualment a les matem\u00e0tiques d&#8217;un paper crucial en el desenvolupament de les noves tecnologies de creaci\u00f3 i reproducci\u00f3 musical. Les altres xerrades, que han abordat la relaci\u00f3 de les matem\u00e0tiques amb altres arts, han portat per t\u00edtol <strong>&#8220;<span class=\"constant\">Matem\u00e0tiques<\/span>\u00a0o\u00a0<span class=\"unknown\">l&#8217;art<\/span> de modelar idees&#8221;<\/strong>, que va anar a c\u00e0rrec d&#8217;<strong><span class=\"constant\">Alessandro Maccarrone<\/span><\/strong>, autor del llibre <em><strong>&#8220;El infinito placer de las matem\u00e1ticas&#8221;<\/strong><\/em>; <strong>&#8220;<span class=\"constant\">Les<\/span>\u00a0<span class=\"unknown\">matem\u00e0tiques<\/span> al cinema <span class=\"unknown\">d\u2019animaci\u00f3<\/span>\u00a0(<span class=\"constant\">Pixar<\/span>)&#8221;<\/strong>, impartida\u00a0pel matem\u00e0tic\u00a0<strong><span class=\"constant\">Toni Sus\u00edn<\/span><\/strong>; <strong>&#8220;<span class=\"constant\">Art<\/span>\u00a0digital\u00a0<span class=\"unknown\">i<\/span>\u00a0<span class=\"unknown\">matem\u00e0tiques<\/span>&#8220;<\/strong>, de la m\u00e0 de la matem\u00e0tica i artista <strong><span class=\"constant\">Lali Barriere<\/span><\/strong>, i<strong> &#8220;<span class=\"constant\">Les<\/span>\u00a0<span class=\"unknown\">nostres<\/span>\u00a0<span class=\"unknown\">matem\u00e0tiques<\/span>\u00a0<span class=\"unknown\">amb<\/span>\u00a0<span class=\"unknown\">art<\/span>\u00a0<span class=\"unknown\">i<\/span>\u00a0<span class=\"unknown\">creativitat<\/span>: una <span class=\"unknown\">projecci\u00f3<\/span>\u00a0global&#8221;<\/strong>, per l&#8217;enginyer i artista <strong>Josep Tarr\u00e9s<\/strong>.<\/p>\n<p>Segons els organitzadors del cicle, que compta amb la col\u00b7laboraci\u00f3 de la\u00a0<span class=\"constant\">Societat<\/span>\u00a0Catalana de\u00a0<span class=\"constant\">Matem\u00e0tiques<\/span>, les matem\u00e0tiques i l\u2019art han anat lligats al llarg de la hist\u00f2ria, inspirant-se m\u00fatuament i donant lloc a creacions sorprenents. Aquest cicle de xerrades pret\u00e9n, per tant, aprofundir en aquesta relaci\u00f3, explorant com les matem\u00e0tiques estructuren la percepci\u00f3 de la realitat i es converteixen en motor de l&#8217;expressi\u00f3 art\u00edstica. &#8220;M\u00e9s enll\u00e0 de la simetria i les proporcions, les matem\u00e0tiques s\u00f3n en la base de la m\u00fasica i tamb\u00e9 del cinema d&#8217;animaci\u00f3, i inspiren i potencien la creativitat a l&#8217;era digital&#8221;, van assenyalar.<\/p>\n<p><img loading=\"lazy\" decoding=\"async\" class=\"alignright size-full wp-image-109093\" src=\"https:\/\/raed.academy\/wp-content\/uploads\/2021\/12\/Musica-algoritmica-dst.webp\" sizes=\"(max-width: 600px) 100vw, 600px\" srcset=\"https:\/\/raed.academy\/wp-content\/uploads\/2021\/12\/Musica-algoritmica-dst.webp 600w, https:\/\/raed.academy\/wp-content\/uploads\/2021\/12\/Musica-algoritmica-dst-440x264.webp 440w\" alt=\"\" width=\"600\" height=\"360\" \/>Reconeguda el mes de desembre passat amb la <strong>Creu de Sant Jordi<\/strong>, la m\u00e0xima distinci\u00f3 que atorga la <strong>Generalitat de\u00a0<span class=\"constant\">Catalunya<\/span><\/strong>, l&#8217;acad\u00e8mica protagonitza la campanya<strong> #cient\u00edficasCASIO<\/strong> donant la seva imatge a una calculadora cient\u00edfica d&#8217;aquesta reconeguda firma tecnol\u00f2gica sumant-se aix\u00ed a un projecte divulgatiu que la<strong> <span class=\"constant\">Divisi\u00f3<\/span>\u00a0Educativa<\/strong> de l&#8217;empresa va posar ja en marxa fa cinc anys per donar visibilitat a les investigadores coincidint amb el <strong><span class=\"constant\">Dia<\/span>\u00a0Internacional de la\u00a0<span class=\"constant\">Dona<\/span>\u00a0<span class=\"constant\">Matem\u00e0tica<\/span><\/strong>. Aix\u00ed mateix \u00e9s una de les principals protagonistes de les noves rutes tur\u00edstiques familiars basades en les matem\u00e0tiques i en la tecnologia liderades per dones que impulsa la Generalitat, en concret, \u00e9s la imatge de la proposta per a la ciutat de Barcelona.<\/p>\n<p>Bayer ha contribu\u00eft de forma crucial al desenvolupament de la teoria de nombres en la matem\u00e0tica espanyola. Va comen\u00e7ar els seus estudis de matem\u00e0tiques en una \u00e8poca en qu\u00e8 per a les dones no era gens f\u00e0cil iniciar una\u00a0<span class=\"alternative\">carrera<\/span> cient\u00edfica, i va ser l&#8217;\u00fanica dona de la seva promoci\u00f3 en prosseguir amb els estudis de doctorat. Va fer la seva tesi doctoral sobre aritm\u00e8tica de cossos de <span class=\"alternative\">nombres<\/span>, que va defensar el 1975, i es va convertir aix\u00ed en la segona dona en obtenir un doctorat en matem\u00e0tiques per la <span class=\"constant\">Universitat<\/span>\u00a0de Barcelona. Va treballar quatre anys com\u00a0<span class=\"unknown\">posdoctorada<\/span>\u00a0a la\u00a0<strong><span class=\"constant\">Universitat<\/span>\u00a0de Ratisbona<\/strong> (<span class=\"constant\">Alemanya<\/span>), ha publicat 30 articles d\u2019investigaci\u00f3 en revistes del m\u00e9s alt nivell (<strong>&#8220;<span class=\"constant\">Inventiones Math.<\/span>&#8220;<\/strong>, <strong>&#8220;<span class=\"constant\">J<\/span>.\u00a0<span class=\"constant\">Reine Angew Math.<\/span>&#8220;<\/strong> o <strong>&#8220;<span class=\"constant\">Math<\/span>.\u00a0<span class=\"constant\">Ann.<\/span>&#8220;<\/strong>) i \u00e9s autora o editora de 19 llibres, aix\u00ed com de diversos treballs de divulgaci\u00f3. Bayer \u00e9s aix\u00ed mateix acad\u00e8mica numer\u00e0ria de la <strong>Reial Acad\u00e8mia de\u00a0<span class=\"constant\">Ci\u00e8ncies<\/span>\u00a0i\u00a0<span class=\"constant\">Arts<\/span>\u00a0de Barcelona<\/strong> i de la <strong>Reial Acad\u00e8mia de Ci\u00e8ncies Exactesm F\u00edsiques i Naturals<\/strong>\u00a0i ha obtingut la <strong>Medalla\u00a0<span class=\"constant\">Narc\u00eds Monturiol<\/span>\u00a0<\/strong>al m\u00e8rit cient\u00edfic i tecnol\u00f2gic, entre d\u2019altres. Ha dirigit 15 tesis doctorals, totes de temes diferents, el que ha enriquit enormement un grup que actualment\u00a0<span class=\"alternative\">explica<\/span>\u00a0amb alguns dels especialistes m\u00e9s\u00a0<span class=\"alternative\">grans<\/span>\u00a0en teoria de\u00a0<span class=\"alternative\">nombres<\/span>.<\/p>\n","protected":false},"excerpt":{"rendered":"<p>Pilar Bayer protagonitza la segona de les cinc sessions del cicle &#8220;Matem\u00e0tiques i Art&#8221;, organitzat per l&#8217;Ajuntament de Barcelona a la seva xarxa de biblioteques, amb la pon\u00e8ncia &#8220;M\u00fasica i matem\u00e0tiques: un di\u00e0leg permanent&#8221;<\/p>\n","protected":false},"author":12,"featured_media":109094,"comment_status":"closed","ping_status":"closed","sticky":false,"template":"","format":"standard","meta":{"_et_pb_use_builder":"","_et_pb_old_content":"","_et_gb_content_width":"","footnotes":""},"categories":[176,229,242,301,410],"tags":[],"class_list":["post-161186","post","type-post","status-publish","format-standard","has-post-thumbnail","hentry","category-academics-a-la-societat","category-art","category-categ-historia","category-matematiques","category-musica-ca","et-has-post-format-content","et_post_format-et-post-format-standard"],"yoast_head":"<!-- This site is optimized with the Yoast SEO plugin v27.5 - https:\/\/yoast.com\/product\/yoast-seo-wordpress\/ -->\n<title>L&#039;enriquidor di\u00e0leg entre la m\u00fasica i les matem\u00e0tiques - Reial Acad\u00e8mia Europea de Doctors<\/title>\n<meta name=\"description\" content=\"Pilar Bayer protagonitza una de les sessions del cicle &quot;Matem\u00e0tiques i Art&quot;, amb la pon\u00e8ncia &quot;M\u00fasica i matem\u00e0tiques: un di\u00e0leg permanent&quot;\" \/>\n<meta name=\"robots\" content=\"index, follow, max-snippet:-1, max-image-preview:large, max-video-preview:-1\" \/>\n<link rel=\"canonical\" href=\"https:\/\/raed.academy\/ca\/lenriquidor-dialeg-entre-la-musica-i-les-matematiques\/\" \/>\n<meta property=\"og:locale\" content=\"ca_ES\" \/>\n<meta property=\"og:type\" content=\"article\" \/>\n<meta property=\"og:title\" content=\"L&#039;enriquidor di\u00e0leg entre la m\u00fasica i les matem\u00e0tiques - Reial Acad\u00e8mia Europea de Doctors\" \/>\n<meta property=\"og:description\" content=\"Pilar Bayer protagonitza una de les sessions del cicle &quot;Matem\u00e0tiques i Art&quot;, amb la pon\u00e8ncia &quot;M\u00fasica i matem\u00e0tiques: un di\u00e0leg permanent&quot;\" \/>\n<meta property=\"og:url\" content=\"https:\/\/raed.academy\/ca\/lenriquidor-dialeg-entre-la-musica-i-les-matematiques\/\" \/>\n<meta property=\"og:site_name\" content=\"Reial Acad\u00e8mia Europea de Doctors\" \/>\n<meta property=\"article:publisher\" content=\"http:\/\/fb.me\/raed.academy\" \/>\n<meta property=\"article:published_time\" content=\"2025-04-04T12:42:22+00:00\" \/>\n<meta property=\"og:image\" content=\"https:\/\/raed.academy\/wp-content\/uploads\/2021\/12\/Musica-algoritmica-dst.webp\" \/>\n\t<meta property=\"og:image:width\" content=\"600\" \/>\n\t<meta property=\"og:image:height\" content=\"360\" \/>\n\t<meta property=\"og:image:type\" content=\"image\/webp\" \/>\n<meta name=\"author\" content=\"RAED\" \/>\n<meta name=\"twitter:card\" content=\"summary_large_image\" \/>\n<meta name=\"twitter:creator\" content=\"@raedacademy\" \/>\n<meta name=\"twitter:site\" content=\"@raedacademy\" \/>\n<meta name=\"twitter:label1\" content=\"Written by\" \/>\n\t<meta name=\"twitter:data1\" content=\"RAED\" \/>\n\t<meta name=\"twitter:label2\" content=\"Est. reading time\" \/>\n\t<meta name=\"twitter:data2\" content=\"4 minutes\" \/>\n<script type=\"application\/ld+json\" class=\"yoast-schema-graph\">{\"@context\":\"https:\\\/\\\/schema.org\",\"@graph\":[{\"@type\":\"Article\",\"@id\":\"https:\\\/\\\/raed.academy\\\/ca\\\/lenriquidor-dialeg-entre-la-musica-i-les-matematiques\\\/#article\",\"isPartOf\":{\"@id\":\"https:\\\/\\\/raed.academy\\\/ca\\\/lenriquidor-dialeg-entre-la-musica-i-les-matematiques\\\/\"},\"author\":{\"name\":\"RAED\",\"@id\":\"https:\\\/\\\/raed.academy\\\/ca\\\/#\\\/schema\\\/person\\\/5a755da80d1d979fd66ba745c8702927\"},\"headline\":\"L&#8217;enriquidor di\u00e0leg entre la m\u00fasica i les matem\u00e0tiques\",\"datePublished\":\"2025-04-04T12:42:22+00:00\",\"mainEntityOfPage\":{\"@id\":\"https:\\\/\\\/raed.academy\\\/ca\\\/lenriquidor-dialeg-entre-la-musica-i-les-matematiques\\\/\"},\"wordCount\":791,\"publisher\":{\"@id\":\"https:\\\/\\\/raed.academy\\\/ca\\\/#organization\"},\"image\":{\"@id\":\"https:\\\/\\\/raed.academy\\\/ca\\\/lenriquidor-dialeg-entre-la-musica-i-les-matematiques\\\/#primaryimage\"},\"thumbnailUrl\":\"https:\\\/\\\/raed.academy\\\/wp-content\\\/uploads\\\/2021\\\/12\\\/Musica-algoritmica-dst.webp\",\"articleSection\":[\"Acad\u00e8mics a la societat\",\"Art\",\"Hist\u00f2ria\",\"Matem\u00e0tiques\",\"M\u00fasica\"],\"inLanguage\":\"ca-ES\"},{\"@type\":\"WebPage\",\"@id\":\"https:\\\/\\\/raed.academy\\\/ca\\\/lenriquidor-dialeg-entre-la-musica-i-les-matematiques\\\/\",\"url\":\"https:\\\/\\\/raed.academy\\\/ca\\\/lenriquidor-dialeg-entre-la-musica-i-les-matematiques\\\/\",\"name\":\"L'enriquidor di\u00e0leg entre la m\u00fasica i les matem\u00e0tiques - Reial Acad\u00e8mia Europea de Doctors\",\"isPartOf\":{\"@id\":\"https:\\\/\\\/raed.academy\\\/ca\\\/#website\"},\"primaryImageOfPage\":{\"@id\":\"https:\\\/\\\/raed.academy\\\/ca\\\/lenriquidor-dialeg-entre-la-musica-i-les-matematiques\\\/#primaryimage\"},\"image\":{\"@id\":\"https:\\\/\\\/raed.academy\\\/ca\\\/lenriquidor-dialeg-entre-la-musica-i-les-matematiques\\\/#primaryimage\"},\"thumbnailUrl\":\"https:\\\/\\\/raed.academy\\\/wp-content\\\/uploads\\\/2021\\\/12\\\/Musica-algoritmica-dst.webp\",\"datePublished\":\"2025-04-04T12:42:22+00:00\",\"description\":\"Pilar Bayer protagonitza una de les sessions del cicle \\\"Matem\u00e0tiques i Art\\\", amb la pon\u00e8ncia \\\"M\u00fasica i matem\u00e0tiques: un di\u00e0leg permanent\\\"\",\"breadcrumb\":{\"@id\":\"https:\\\/\\\/raed.academy\\\/ca\\\/lenriquidor-dialeg-entre-la-musica-i-les-matematiques\\\/#breadcrumb\"},\"inLanguage\":\"ca-ES\",\"potentialAction\":[{\"@type\":\"ReadAction\",\"target\":[\"https:\\\/\\\/raed.academy\\\/ca\\\/lenriquidor-dialeg-entre-la-musica-i-les-matematiques\\\/\"]}]},{\"@type\":\"ImageObject\",\"inLanguage\":\"ca-ES\",\"@id\":\"https:\\\/\\\/raed.academy\\\/ca\\\/lenriquidor-dialeg-entre-la-musica-i-les-matematiques\\\/#primaryimage\",\"url\":\"https:\\\/\\\/raed.academy\\\/wp-content\\\/uploads\\\/2021\\\/12\\\/Musica-algoritmica-dst.webp\",\"contentUrl\":\"https:\\\/\\\/raed.academy\\\/wp-content\\\/uploads\\\/2021\\\/12\\\/Musica-algoritmica-dst.webp\",\"width\":600,\"height\":360},{\"@type\":\"BreadcrumbList\",\"@id\":\"https:\\\/\\\/raed.academy\\\/ca\\\/lenriquidor-dialeg-entre-la-musica-i-les-matematiques\\\/#breadcrumb\",\"itemListElement\":[{\"@type\":\"ListItem\",\"position\":1,\"name\":\"Inicio\",\"item\":\"https:\\\/\\\/raed.academy\\\/ca\\\/\"},{\"@type\":\"ListItem\",\"position\":2,\"name\":\"L&#8217;enriquidor di\u00e0leg entre la m\u00fasica i les matem\u00e0tiques\"}]},{\"@type\":\"WebSite\",\"@id\":\"https:\\\/\\\/raed.academy\\\/ca\\\/#website\",\"url\":\"https:\\\/\\\/raed.academy\\\/ca\\\/\",\"name\":\"Reial Acad\u00e8mia Europea de Doctors\",\"description\":\"Corporaci\u00f3n de derecho p\u00fablico de car\u00e1cter cient\u00edfico, t\u00e9cnico y art\u00edstico, que tiene por objeto la investigaci\u00f3n, el estudio, el fomento y la extensi\u00f3n del conocimiento en su sentido m\u00e1s amplio\",\"publisher\":{\"@id\":\"https:\\\/\\\/raed.academy\\\/ca\\\/#organization\"},\"potentialAction\":[{\"@type\":\"SearchAction\",\"target\":{\"@type\":\"EntryPoint\",\"urlTemplate\":\"https:\\\/\\\/raed.academy\\\/ca\\\/?s={search_term_string}\"},\"query-input\":{\"@type\":\"PropertyValueSpecification\",\"valueRequired\":true,\"valueName\":\"search_term_string\"}}],\"inLanguage\":\"ca-ES\"},{\"@type\":\"Organization\",\"@id\":\"https:\\\/\\\/raed.academy\\\/ca\\\/#organization\",\"name\":\"Real Academia Europea de Doctores\",\"url\":\"https:\\\/\\\/raed.academy\\\/ca\\\/\",\"logo\":{\"@type\":\"ImageObject\",\"inLanguage\":\"ca-ES\",\"@id\":\"https:\\\/\\\/raed.academy\\\/ca\\\/#\\\/schema\\\/logo\\\/image\\\/\",\"url\":\"https:\\\/\\\/raed.academy\\\/wp-content\\\/uploads\\\/2017\\\/01\\\/cropped-logo_raed.png\",\"contentUrl\":\"https:\\\/\\\/raed.academy\\\/wp-content\\\/uploads\\\/2017\\\/01\\\/cropped-logo_raed.png\",\"width\":512,\"height\":512,\"caption\":\"Real Academia Europea de Doctores\"},\"image\":{\"@id\":\"https:\\\/\\\/raed.academy\\\/ca\\\/#\\\/schema\\\/logo\\\/image\\\/\"},\"sameAs\":[\"http:\\\/\\\/fb.me\\\/raed.academy\",\"https:\\\/\\\/x.com\\\/raedacademy\",\"https:\\\/\\\/www.instagram.com\\\/raed.academy\\\/\",\"https:\\\/\\\/www.youtube.com\\\/channel\\\/UCUYQwW2KrdirNWihxMDObwg\"]},{\"@type\":\"Person\",\"@id\":\"https:\\\/\\\/raed.academy\\\/ca\\\/#\\\/schema\\\/person\\\/5a755da80d1d979fd66ba745c8702927\",\"name\":\"RAED\",\"image\":{\"@type\":\"ImageObject\",\"inLanguage\":\"ca-ES\",\"@id\":\"https:\\\/\\\/secure.gravatar.com\\\/avatar\\\/19fdfdc0d67fb9c45714b703a2ac82251c4fcea3637f002ac3c9b74c0183583c?s=96&d=mm&r=g\",\"url\":\"https:\\\/\\\/secure.gravatar.com\\\/avatar\\\/19fdfdc0d67fb9c45714b703a2ac82251c4fcea3637f002ac3c9b74c0183583c?s=96&d=mm&r=g\",\"contentUrl\":\"https:\\\/\\\/secure.gravatar.com\\\/avatar\\\/19fdfdc0d67fb9c45714b703a2ac82251c4fcea3637f002ac3c9b74c0183583c?s=96&d=mm&r=g\",\"caption\":\"RAED\"}}]}<\/script>\n<!-- \/ Yoast SEO plugin. -->","yoast_head_json":{"title":"L'enriquidor di\u00e0leg entre la m\u00fasica i les matem\u00e0tiques - Reial Acad\u00e8mia Europea de Doctors","description":"Pilar Bayer protagonitza una de les sessions del cicle \"Matem\u00e0tiques i Art\", amb la pon\u00e8ncia \"M\u00fasica i matem\u00e0tiques: un di\u00e0leg permanent\"","robots":{"index":"index","follow":"follow","max-snippet":"max-snippet:-1","max-image-preview":"max-image-preview:large","max-video-preview":"max-video-preview:-1"},"canonical":"https:\/\/raed.academy\/ca\/lenriquidor-dialeg-entre-la-musica-i-les-matematiques\/","og_locale":"ca_ES","og_type":"article","og_title":"L'enriquidor di\u00e0leg entre la m\u00fasica i les matem\u00e0tiques - Reial Acad\u00e8mia Europea de Doctors","og_description":"Pilar Bayer protagonitza una de les sessions del cicle \"Matem\u00e0tiques i Art\", amb la pon\u00e8ncia \"M\u00fasica i matem\u00e0tiques: un di\u00e0leg permanent\"","og_url":"https:\/\/raed.academy\/ca\/lenriquidor-dialeg-entre-la-musica-i-les-matematiques\/","og_site_name":"Reial Acad\u00e8mia Europea de Doctors","article_publisher":"http:\/\/fb.me\/raed.academy","article_published_time":"2025-04-04T12:42:22+00:00","og_image":[{"width":600,"height":360,"url":"https:\/\/raed.academy\/wp-content\/uploads\/2021\/12\/Musica-algoritmica-dst.webp","type":"image\/webp"}],"author":"RAED","twitter_card":"summary_large_image","twitter_creator":"@raedacademy","twitter_site":"@raedacademy","twitter_misc":{"Written by":"RAED","Est. reading time":"4 minutes"},"schema":{"@context":"https:\/\/schema.org","@graph":[{"@type":"Article","@id":"https:\/\/raed.academy\/ca\/lenriquidor-dialeg-entre-la-musica-i-les-matematiques\/#article","isPartOf":{"@id":"https:\/\/raed.academy\/ca\/lenriquidor-dialeg-entre-la-musica-i-les-matematiques\/"},"author":{"name":"RAED","@id":"https:\/\/raed.academy\/ca\/#\/schema\/person\/5a755da80d1d979fd66ba745c8702927"},"headline":"L&#8217;enriquidor di\u00e0leg entre la m\u00fasica i les matem\u00e0tiques","datePublished":"2025-04-04T12:42:22+00:00","mainEntityOfPage":{"@id":"https:\/\/raed.academy\/ca\/lenriquidor-dialeg-entre-la-musica-i-les-matematiques\/"},"wordCount":791,"publisher":{"@id":"https:\/\/raed.academy\/ca\/#organization"},"image":{"@id":"https:\/\/raed.academy\/ca\/lenriquidor-dialeg-entre-la-musica-i-les-matematiques\/#primaryimage"},"thumbnailUrl":"https:\/\/raed.academy\/wp-content\/uploads\/2021\/12\/Musica-algoritmica-dst.webp","articleSection":["Acad\u00e8mics a la societat","Art","Hist\u00f2ria","Matem\u00e0tiques","M\u00fasica"],"inLanguage":"ca-ES"},{"@type":"WebPage","@id":"https:\/\/raed.academy\/ca\/lenriquidor-dialeg-entre-la-musica-i-les-matematiques\/","url":"https:\/\/raed.academy\/ca\/lenriquidor-dialeg-entre-la-musica-i-les-matematiques\/","name":"L'enriquidor di\u00e0leg entre la m\u00fasica i les matem\u00e0tiques - Reial Acad\u00e8mia Europea de Doctors","isPartOf":{"@id":"https:\/\/raed.academy\/ca\/#website"},"primaryImageOfPage":{"@id":"https:\/\/raed.academy\/ca\/lenriquidor-dialeg-entre-la-musica-i-les-matematiques\/#primaryimage"},"image":{"@id":"https:\/\/raed.academy\/ca\/lenriquidor-dialeg-entre-la-musica-i-les-matematiques\/#primaryimage"},"thumbnailUrl":"https:\/\/raed.academy\/wp-content\/uploads\/2021\/12\/Musica-algoritmica-dst.webp","datePublished":"2025-04-04T12:42:22+00:00","description":"Pilar Bayer protagonitza una de les sessions del cicle \"Matem\u00e0tiques i Art\", amb la pon\u00e8ncia \"M\u00fasica i matem\u00e0tiques: un di\u00e0leg permanent\"","breadcrumb":{"@id":"https:\/\/raed.academy\/ca\/lenriquidor-dialeg-entre-la-musica-i-les-matematiques\/#breadcrumb"},"inLanguage":"ca-ES","potentialAction":[{"@type":"ReadAction","target":["https:\/\/raed.academy\/ca\/lenriquidor-dialeg-entre-la-musica-i-les-matematiques\/"]}]},{"@type":"ImageObject","inLanguage":"ca-ES","@id":"https:\/\/raed.academy\/ca\/lenriquidor-dialeg-entre-la-musica-i-les-matematiques\/#primaryimage","url":"https:\/\/raed.academy\/wp-content\/uploads\/2021\/12\/Musica-algoritmica-dst.webp","contentUrl":"https:\/\/raed.academy\/wp-content\/uploads\/2021\/12\/Musica-algoritmica-dst.webp","width":600,"height":360},{"@type":"BreadcrumbList","@id":"https:\/\/raed.academy\/ca\/lenriquidor-dialeg-entre-la-musica-i-les-matematiques\/#breadcrumb","itemListElement":[{"@type":"ListItem","position":1,"name":"Inicio","item":"https:\/\/raed.academy\/ca\/"},{"@type":"ListItem","position":2,"name":"L&#8217;enriquidor di\u00e0leg entre la m\u00fasica i les matem\u00e0tiques"}]},{"@type":"WebSite","@id":"https:\/\/raed.academy\/ca\/#website","url":"https:\/\/raed.academy\/ca\/","name":"Reial Acad\u00e8mia Europea de Doctors","description":"Corporaci\u00f3n de derecho p\u00fablico de car\u00e1cter cient\u00edfico, t\u00e9cnico y art\u00edstico, que tiene por objeto la investigaci\u00f3n, el estudio, el fomento y la extensi\u00f3n del conocimiento en su sentido m\u00e1s amplio","publisher":{"@id":"https:\/\/raed.academy\/ca\/#organization"},"potentialAction":[{"@type":"SearchAction","target":{"@type":"EntryPoint","urlTemplate":"https:\/\/raed.academy\/ca\/?s={search_term_string}"},"query-input":{"@type":"PropertyValueSpecification","valueRequired":true,"valueName":"search_term_string"}}],"inLanguage":"ca-ES"},{"@type":"Organization","@id":"https:\/\/raed.academy\/ca\/#organization","name":"Real Academia Europea de Doctores","url":"https:\/\/raed.academy\/ca\/","logo":{"@type":"ImageObject","inLanguage":"ca-ES","@id":"https:\/\/raed.academy\/ca\/#\/schema\/logo\/image\/","url":"https:\/\/raed.academy\/wp-content\/uploads\/2017\/01\/cropped-logo_raed.png","contentUrl":"https:\/\/raed.academy\/wp-content\/uploads\/2017\/01\/cropped-logo_raed.png","width":512,"height":512,"caption":"Real Academia Europea de Doctores"},"image":{"@id":"https:\/\/raed.academy\/ca\/#\/schema\/logo\/image\/"},"sameAs":["http:\/\/fb.me\/raed.academy","https:\/\/x.com\/raedacademy","https:\/\/www.instagram.com\/raed.academy\/","https:\/\/www.youtube.com\/channel\/UCUYQwW2KrdirNWihxMDObwg"]},{"@type":"Person","@id":"https:\/\/raed.academy\/ca\/#\/schema\/person\/5a755da80d1d979fd66ba745c8702927","name":"RAED","image":{"@type":"ImageObject","inLanguage":"ca-ES","@id":"https:\/\/secure.gravatar.com\/avatar\/19fdfdc0d67fb9c45714b703a2ac82251c4fcea3637f002ac3c9b74c0183583c?s=96&d=mm&r=g","url":"https:\/\/secure.gravatar.com\/avatar\/19fdfdc0d67fb9c45714b703a2ac82251c4fcea3637f002ac3c9b74c0183583c?s=96&d=mm&r=g","contentUrl":"https:\/\/secure.gravatar.com\/avatar\/19fdfdc0d67fb9c45714b703a2ac82251c4fcea3637f002ac3c9b74c0183583c?s=96&d=mm&r=g","caption":"RAED"}}]}},"_links":{"self":[{"href":"https:\/\/raed.academy\/ca\/wp-json\/wp\/v2\/posts\/161186","targetHints":{"allow":["GET"]}}],"collection":[{"href":"https:\/\/raed.academy\/ca\/wp-json\/wp\/v2\/posts"}],"about":[{"href":"https:\/\/raed.academy\/ca\/wp-json\/wp\/v2\/types\/post"}],"author":[{"embeddable":true,"href":"https:\/\/raed.academy\/ca\/wp-json\/wp\/v2\/users\/12"}],"replies":[{"embeddable":true,"href":"https:\/\/raed.academy\/ca\/wp-json\/wp\/v2\/comments?post=161186"}],"version-history":[{"count":0,"href":"https:\/\/raed.academy\/ca\/wp-json\/wp\/v2\/posts\/161186\/revisions"}],"wp:featuredmedia":[{"embeddable":true,"href":"https:\/\/raed.academy\/ca\/wp-json\/wp\/v2\/media\/109094"}],"wp:attachment":[{"href":"https:\/\/raed.academy\/ca\/wp-json\/wp\/v2\/media?parent=161186"}],"wp:term":[{"taxonomy":"category","embeddable":true,"href":"https:\/\/raed.academy\/ca\/wp-json\/wp\/v2\/categories?post=161186"},{"taxonomy":"post_tag","embeddable":true,"href":"https:\/\/raed.academy\/ca\/wp-json\/wp\/v2\/tags?post=161186"}],"curies":[{"name":"wp","href":"https:\/\/api.w.org\/{rel}","templated":true}]}}