{"id":161124,"date":"2025-04-03T11:18:26","date_gmt":"2025-04-03T11:18:26","guid":{"rendered":"https:\/\/raed.academy\/?p=161124"},"modified":"2025-04-03T11:18:26","modified_gmt":"2025-04-03T11:18:26","slug":"louis-godin-jorge-juan-i-la-ciencia-moderna-a-espanya","status":"publish","type":"post","link":"https:\/\/raed.academy\/ca\/louis-godin-jorge-juan-i-la-ciencia-moderna-a-espanya\/","title":{"rendered":"Louis Godin, Jorge Juan i la ci\u00e8ncia moderna a Espanya"},"content":{"rendered":"<div id=\"attachment_157808\" style=\"width: 1010px\" class=\"wp-caption aligncenter\"><img loading=\"lazy\" decoding=\"async\" aria-describedby=\"caption-attachment-157808\" class=\"wp-image-157808 size-full\" src=\"https:\/\/raed.academy\/wp-content\/uploads\/2025\/01\/Francisco-Gonzalez-de-Posada-dst.webp\" sizes=\"(max-width: 1000px) 100vw, 1000px\" srcset=\"https:\/\/raed.academy\/wp-content\/uploads\/2025\/01\/Francisco-Gonzalez-de-Posada-dst.webp 1000w, https:\/\/raed.academy\/wp-content\/uploads\/2025\/01\/Francisco-Gonzalez-de-Posada-dst-768x461.webp 768w, https:\/\/raed.academy\/wp-content\/uploads\/2025\/01\/Francisco-Gonzalez-de-Posada-dst-627x376.webp 627w, https:\/\/raed.academy\/wp-content\/uploads\/2025\/01\/Francisco-Gonzalez-de-Posada-dst-440x264.webp 440w\" alt=\"Dr. Francisco Gonz\u00e1lez de Posada\" width=\"1000\" height=\"600\" aria-describedby=\"caption-attachment-157808\" \/><p id=\"caption-attachment-157808\" class=\"wp-caption-text\">Dr. Francisco Gonz\u00e1lez de Posada<\/p><\/div>\n<p><a href=\"https:\/\/raed.academy\/ca\/academics\/dr-francisco-gonzalez-de-posada\/\" target=\"_blank\" rel=\"noopener\"><em><strong>Francisco Gonz\u00e1lez de Posada<\/strong><\/em><\/a>, catedr\u00e0tic de\u00a0Fonaments\u00a0F\u00edsics\u00a0de la\u00a0<strong>Universitat\u00a0Polit\u00e8cnica\u00a0de Madrid<\/strong> i acad\u00e8mic d&#8217;honor de la <strong>Reial Acad\u00e8mia Europea de Doctors<\/strong> (RAED), ha publicat l&#8217;obra <em><strong>&#8220;Louis Godin y Jorge Juan, pioneros de la ciencia moderna en Espa\u00f1a&#8221;<\/strong><\/em> (Augusto Beltr\u00e1) amb motiu del 270\u00e8 aniversari de la fundaci\u00f3 de l&#8217;<strong>Assemblea Amistosa Liter\u00e0ria<\/strong> i va pronunciar el passat 12 de febrer a Novelda, localitat d\u2019origen de <strong>Jorge Juan<\/strong>, la confer\u00e8ncia inaugural d&#8217;aquesta celebraci\u00f3 a la seu de la <strong>Societat Cultural Casino<\/strong>. La xerrada va portar per t\u00edtol <strong>&#8220;La ciencia moderna en Espa\u00f1a: Jorge Juan y la Asamblea Amistosa Literaria&#8221;<\/strong>, i en ella l\u2019expert va analitzar tant la figura del reconegut enginyer, cient\u00edfic i matem\u00e0tic i el seu paper a la ci\u00e8ncia i el pensament de la Il\u00b7lustraci\u00f3 com els or\u00edgens i la hist\u00f2ria d&#8217;una instituci\u00f3 que va n\u00e9ixer a Cadis com un espai de trobada cultural cient\u00edfica que va aspirar a convertir-se en una llavors inexistent Acad\u00e8mia de Ci\u00e8ncies.<\/p>\n<p>Gran coneixedor de la figura i l&#8217;obra de Jorge Juan, a qui ha dedicat diversos estudis, Gonz\u00e1lez de Posada presenta tant al seu \u00faltim llibre com en la seva confer\u00e8ncia la traject\u00f2ria vital i cient\u00edfica i les principals aportacions al coneixement, com el mesurament de la longitud del meridi\u00e0 terrestre durant la missi\u00f3 geod\u00e8sica francesa del segle XVIII, que va demostrar que la Terra est\u00e0 aplatada als pols. Un assoliment que el pensador va aconseguir de la m\u00e0 de <strong>Louis Godin<\/strong>, considerat el pioner de la ci\u00e8ncia moderna a les Espanyes, i que es va plasmar a l\u2019obra que va publicar al costat d\u2019<strong>Antonio de Ulloa<\/strong>: les conegudes <em><strong>&#8220;Observaciones astron\u00f3micas y f\u00edsicas hechas de orden de Su Majestad de las cuales se deduce la figura y magnitud de la Tierra y se aplica a la navegaci\u00f3n&#8221;<\/strong><\/em>, basades en la llei de la gravitaci\u00f3 universal d&#8217;<strong>Isaac Newton<\/strong>. Tot i aix\u00f2, el cient\u00edfic va topar amb un pensament oficial fixat per la Inquisici\u00f3, que es va oposar a les tesis copernicanes, i amb un model universitari que no va acollir les seves tesis.<\/p>\n<div id=\"attachment_161230\" style=\"width: 610px\" class=\"wp-caption alignright\"><img loading=\"lazy\" decoding=\"async\" aria-describedby=\"caption-attachment-161230\" class=\"wp-image-161230 size-full\" src=\"https:\/\/raed.academy\/wp-content\/uploads\/2025\/03\/retrato-del-marino-espanol-Jorge-Juan-y-Santacilia-wikipedia.org-domn-publico-dst.webp\" sizes=\"(max-width: 600px) 100vw, 600px\" srcset=\"https:\/\/raed.academy\/wp-content\/uploads\/2025\/03\/retrato-del-marino-espanol-Jorge-Juan-y-Santacilia-wikipedia.org-domn-publico-dst.webp 600w, https:\/\/raed.academy\/wp-content\/uploads\/2025\/03\/retrato-del-marino-espanol-Jorge-Juan-y-Santacilia-wikipedia.org-domn-publico-dst-440x264.webp 440w\" alt=\"Retrat del mar\u00ed espanyol Jorge Juan i Santacilia (1713-1773)\" width=\"600\" height=\"360\" aria-describedby=\"caption-attachment-161230\" \/><p id=\"caption-attachment-161230\" class=\"wp-caption-text\">Retrat del mar\u00ed espanyol Jorge Juan i Santacilia (1713-1773)<\/p><\/div>\n<p>A Cadis, el cient\u00edfic va trobar un refugi que li va permetre fundar el 1755 l&#8217;Assemblea Amistosa Liter\u00e0ria. La cita aplegava tots els dijous professors de l&#8217;<strong>Acad\u00e8mia de Guardamarines<\/strong>, on es va construir tamb\u00e9 el primer observatori astron\u00f2mic d&#8217;Espanya, i de l&#8217;<strong>Escola de Cirurgia de Cadis<\/strong>, a m\u00e9s de diversos matem\u00e0tics i astr\u00f2noms, per repassar les \u00faltimes publicacions cient\u00edfiques. A la capital andalusa Jorge Juan tamb\u00e9 va contribuir de forma decisiva al desenvolupament de l&#8217;enginyeria naval i els estudis d&#8217;astronomia, a m\u00e9s de desenvolupar un paper innovador a l&#8217;educaci\u00f3 superior, que va dur a terme a les <strong>Acad\u00e8mies de l&#8217;Armada<\/strong>. Pel que fa a Godin, tamb\u00e9 considerat un pioner en la ci\u00e8ncia espanyola moderna, l&#8217;acad\u00e8mic d\u2019honor tra\u00e7a al llibre la seva traject\u00f2ria vital i acad\u00e8mica i narra el seu decisiu paper a l&#8217;expedici\u00f3 que va realitzar al costat de Jorge Juan i altres d\u2019il\u00b7lustrats a Quito i tota la regi\u00f3 que avui \u00e9s part de l\u2019Equador. Aquesta missi\u00f3 va determinar la mesura del meridi\u00e0 en la l\u00ednia equatorial i va determinar que el di\u00e0metre de la terra \u00e9s m\u00e9s gran a l\u2019equador que als pols, tal com havia conjecturat Newton.<\/p>\n<p>Gonz\u00e1lez de Posada \u00e9s enginyer i doctor de Camins, Canals i Ports per la Universitat Polit\u00e8cnica de Madrid, llicenciat en Filosofia i Lletres per la <strong>Universitat Pontif\u00edcia de Salamanca<\/strong> i llicenciat en Ci\u00e8ncies F\u00edsiques per la <strong>Universitat Complutense de Madrid<\/strong>. Fou reconegut amb la <strong>Medalla d&#8217;Honor al Foment de la Invenci\u00f3<\/strong> i fou aix\u00ed mateix rector de la Universitat de Cant\u00e0bria. \u00c9s acad\u00e8mic de n\u00famero de la <strong>Reial Acad\u00e8mia de Doctors d&#8217;Espanya<\/strong> i membre de l&#8217;<strong>Acad\u00e8mia Mundial d&#8217;Arts i Ci\u00e8ncies<\/strong>, acad\u00e8mic corresponent de la <strong>Reial Acad\u00e8mia de Belles Arts de Cadis<\/strong>, de la <strong>Reial Acad\u00e8mia de Belles Arts de San Fernando<\/strong> i la <strong>Reial Acad\u00e8mia de Ci\u00e8ncies, Belles Arts i Bones Lletres d&#8217;\u00c8cija<\/strong> i acad\u00e8mic d&#8217;honor de l&#8217;<strong>Acad\u00e8mia de Ci\u00e8ncies M\u00e8diques de Cant\u00e0bria<\/strong>, de la <strong>Reial Acad\u00e8mia de Cultura Valenciana<\/strong>, de la <strong>Reial Acad\u00e8mia de Medicina i Cirurgia de Cadis<\/strong> i de la <strong>Reial Acad\u00e8mia de Medicina de Can\u00e0ries<\/strong>. \u00c9s tamb\u00e9 acad\u00e8mic i presideix l&#8217;<strong>Acad\u00e8mia de Ci\u00e8ncias, Enginyeries i Humanitats de Lanzarote<\/strong>.<\/p>\n","protected":false},"excerpt":{"rendered":"<p>Francisco Gonz\u00e1lez de Posada publica l&#8217;obra &#8220;Louis Godin y Jorge Juan, pioneros de la ciencia moderna en Espa\u00f1a&#8221;, amb motiu del 270\u00e8 aniversari de la fundaci\u00f3 de l&#8217;Assemblea Amistosa Liter\u00e0ria, i pronuncia la confer\u00e8ncia inaugural d&#8217;aquesta celebraci\u00f3<\/p>\n","protected":false},"author":12,"featured_media":161231,"comment_status":"closed","ping_status":"closed","sticky":false,"template":"","format":"standard","meta":{"_et_pb_use_builder":"","_et_pb_old_content":"","_et_gb_content_width":"","footnotes":""},"categories":[313,325,503,242,404,301,492],"tags":[],"class_list":["post-161124","post","type-post","status-publish","format-standard","has-post-thumbnail","hentry","category-cosmologia-ca","category-enginyeria-industrial","category-enginyeria-nautica","category-categ-historia","category-historia-nacional-ca","category-matematiques","category-trobades-cientifiques-i-congressos","et-has-post-format-content","et_post_format-et-post-format-standard"],"yoast_head":"<!-- This site is optimized with the Yoast SEO plugin v27.4 - https:\/\/yoast.com\/product\/yoast-seo-wordpress\/ -->\n<title>Louis Godin, Jorge Juan i la ci\u00e8ncia moderna a Espanya - Reial Acad\u00e8mia Europea de Doctors<\/title>\n<meta name=\"description\" content=\"Francisco Gonz\u00e1lez de Posada publica l&#039;obra &quot;Louis Godin y Jorge Juan, pioneros de la ciencia moderna en Espa\u00f1a&quot;, amb motiu del 270\u00e8 aniversari de la fundaci\u00f3 de l&#039;Assemblea Amistosa Liter\u00e0ria\" \/>\n<meta name=\"robots\" content=\"index, follow, max-snippet:-1, max-image-preview:large, max-video-preview:-1\" \/>\n<link rel=\"canonical\" href=\"https:\/\/raed.academy\/ca\/louis-godin-jorge-juan-i-la-ciencia-moderna-a-espanya\/\" \/>\n<meta property=\"og:locale\" content=\"ca_ES\" \/>\n<meta property=\"og:type\" content=\"article\" \/>\n<meta property=\"og:title\" content=\"Louis Godin, Jorge Juan i la ci\u00e8ncia moderna a Espanya - Reial Acad\u00e8mia Europea de Doctors\" \/>\n<meta property=\"og:description\" content=\"Francisco Gonz\u00e1lez de Posada publica l&#039;obra &quot;Louis Godin y Jorge Juan, pioneros de la ciencia moderna en Espa\u00f1a&quot;, amb motiu del 270\u00e8 aniversari de la fundaci\u00f3 de l&#039;Assemblea Amistosa Liter\u00e0ria\" \/>\n<meta property=\"og:url\" content=\"https:\/\/raed.academy\/ca\/louis-godin-jorge-juan-i-la-ciencia-moderna-a-espanya\/\" \/>\n<meta property=\"og:site_name\" content=\"Reial Acad\u00e8mia Europea de Doctors\" \/>\n<meta property=\"article:publisher\" content=\"http:\/\/fb.me\/raed.academy\" \/>\n<meta property=\"article:published_time\" content=\"2025-04-03T11:18:26+00:00\" \/>\n<meta property=\"og:image\" content=\"https:\/\/raed.academy\/wp-content\/uploads\/2025\/03\/retrato-del-marino-espanol-Jorge-Juan-y-Santacilia-wikipedia.org-domn-publico-dst.webp\" \/>\n\t<meta property=\"og:image:width\" content=\"600\" \/>\n\t<meta property=\"og:image:height\" content=\"360\" \/>\n\t<meta property=\"og:image:type\" content=\"image\/webp\" \/>\n<meta name=\"author\" content=\"RAED\" \/>\n<meta name=\"twitter:card\" content=\"summary_large_image\" \/>\n<meta name=\"twitter:creator\" content=\"@raedacademy\" \/>\n<meta name=\"twitter:site\" content=\"@raedacademy\" \/>\n<meta name=\"twitter:label1\" content=\"Written by\" \/>\n\t<meta name=\"twitter:data1\" content=\"RAED\" \/>\n\t<meta name=\"twitter:label2\" content=\"Est. reading time\" \/>\n\t<meta name=\"twitter:data2\" content=\"4 minutes\" \/>\n<script type=\"application\/ld+json\" class=\"yoast-schema-graph\">{\"@context\":\"https:\\\/\\\/schema.org\",\"@graph\":[{\"@type\":\"Article\",\"@id\":\"https:\\\/\\\/raed.academy\\\/ca\\\/louis-godin-jorge-juan-i-la-ciencia-moderna-a-espanya\\\/#article\",\"isPartOf\":{\"@id\":\"https:\\\/\\\/raed.academy\\\/ca\\\/louis-godin-jorge-juan-i-la-ciencia-moderna-a-espanya\\\/\"},\"author\":{\"name\":\"RAED\",\"@id\":\"https:\\\/\\\/raed.academy\\\/ca\\\/#\\\/schema\\\/person\\\/5a755da80d1d979fd66ba745c8702927\"},\"headline\":\"Louis Godin, Jorge Juan i la ci\u00e8ncia moderna a Espanya\",\"datePublished\":\"2025-04-03T11:18:26+00:00\",\"mainEntityOfPage\":{\"@id\":\"https:\\\/\\\/raed.academy\\\/ca\\\/louis-godin-jorge-juan-i-la-ciencia-moderna-a-espanya\\\/\"},\"wordCount\":841,\"publisher\":{\"@id\":\"https:\\\/\\\/raed.academy\\\/ca\\\/#organization\"},\"image\":{\"@id\":\"https:\\\/\\\/raed.academy\\\/ca\\\/louis-godin-jorge-juan-i-la-ciencia-moderna-a-espanya\\\/#primaryimage\"},\"thumbnailUrl\":\"https:\\\/\\\/raed.academy\\\/wp-content\\\/uploads\\\/2025\\\/03\\\/retrato-del-marino-espanol-Jorge-Juan-y-Santacilia-wikipedia.org-domn-publico-dst.webp\",\"articleSection\":[\"Cosmologia\",\"Enginyeria industrial\",\"Enginyeria n\u00e0utica\",\"Hist\u00f2ria\",\"Hist\u00f2ria nacional\",\"Matem\u00e0tiques\",\"Trobades Cient\u00edfiques i Congressos\"],\"inLanguage\":\"ca-ES\"},{\"@type\":\"WebPage\",\"@id\":\"https:\\\/\\\/raed.academy\\\/ca\\\/louis-godin-jorge-juan-i-la-ciencia-moderna-a-espanya\\\/\",\"url\":\"https:\\\/\\\/raed.academy\\\/ca\\\/louis-godin-jorge-juan-i-la-ciencia-moderna-a-espanya\\\/\",\"name\":\"Louis Godin, Jorge Juan i la ci\u00e8ncia moderna a Espanya - Reial Acad\u00e8mia Europea de Doctors\",\"isPartOf\":{\"@id\":\"https:\\\/\\\/raed.academy\\\/ca\\\/#website\"},\"primaryImageOfPage\":{\"@id\":\"https:\\\/\\\/raed.academy\\\/ca\\\/louis-godin-jorge-juan-i-la-ciencia-moderna-a-espanya\\\/#primaryimage\"},\"image\":{\"@id\":\"https:\\\/\\\/raed.academy\\\/ca\\\/louis-godin-jorge-juan-i-la-ciencia-moderna-a-espanya\\\/#primaryimage\"},\"thumbnailUrl\":\"https:\\\/\\\/raed.academy\\\/wp-content\\\/uploads\\\/2025\\\/03\\\/retrato-del-marino-espanol-Jorge-Juan-y-Santacilia-wikipedia.org-domn-publico-dst.webp\",\"datePublished\":\"2025-04-03T11:18:26+00:00\",\"description\":\"Francisco Gonz\u00e1lez de Posada publica l'obra \\\"Louis Godin y Jorge Juan, pioneros de la ciencia moderna en Espa\u00f1a\\\", amb motiu del 270\u00e8 aniversari de la fundaci\u00f3 de l'Assemblea Amistosa Liter\u00e0ria\",\"breadcrumb\":{\"@id\":\"https:\\\/\\\/raed.academy\\\/ca\\\/louis-godin-jorge-juan-i-la-ciencia-moderna-a-espanya\\\/#breadcrumb\"},\"inLanguage\":\"ca-ES\",\"potentialAction\":[{\"@type\":\"ReadAction\",\"target\":[\"https:\\\/\\\/raed.academy\\\/ca\\\/louis-godin-jorge-juan-i-la-ciencia-moderna-a-espanya\\\/\"]}]},{\"@type\":\"ImageObject\",\"inLanguage\":\"ca-ES\",\"@id\":\"https:\\\/\\\/raed.academy\\\/ca\\\/louis-godin-jorge-juan-i-la-ciencia-moderna-a-espanya\\\/#primaryimage\",\"url\":\"https:\\\/\\\/raed.academy\\\/wp-content\\\/uploads\\\/2025\\\/03\\\/retrato-del-marino-espanol-Jorge-Juan-y-Santacilia-wikipedia.org-domn-publico-dst.webp\",\"contentUrl\":\"https:\\\/\\\/raed.academy\\\/wp-content\\\/uploads\\\/2025\\\/03\\\/retrato-del-marino-espanol-Jorge-Juan-y-Santacilia-wikipedia.org-domn-publico-dst.webp\",\"width\":600,\"height\":360},{\"@type\":\"BreadcrumbList\",\"@id\":\"https:\\\/\\\/raed.academy\\\/ca\\\/louis-godin-jorge-juan-i-la-ciencia-moderna-a-espanya\\\/#breadcrumb\",\"itemListElement\":[{\"@type\":\"ListItem\",\"position\":1,\"name\":\"Inicio\",\"item\":\"https:\\\/\\\/raed.academy\\\/ca\\\/\"},{\"@type\":\"ListItem\",\"position\":2,\"name\":\"Louis Godin, Jorge Juan i la ci\u00e8ncia moderna a Espanya\"}]},{\"@type\":\"WebSite\",\"@id\":\"https:\\\/\\\/raed.academy\\\/ca\\\/#website\",\"url\":\"https:\\\/\\\/raed.academy\\\/ca\\\/\",\"name\":\"Reial Acad\u00e8mia Europea de Doctors\",\"description\":\"Corporaci\u00f3n de derecho p\u00fablico de car\u00e1cter cient\u00edfico, t\u00e9cnico y art\u00edstico, que tiene por objeto la investigaci\u00f3n, el estudio, el fomento y la extensi\u00f3n del conocimiento en su sentido m\u00e1s amplio\",\"publisher\":{\"@id\":\"https:\\\/\\\/raed.academy\\\/ca\\\/#organization\"},\"potentialAction\":[{\"@type\":\"SearchAction\",\"target\":{\"@type\":\"EntryPoint\",\"urlTemplate\":\"https:\\\/\\\/raed.academy\\\/ca\\\/?s={search_term_string}\"},\"query-input\":{\"@type\":\"PropertyValueSpecification\",\"valueRequired\":true,\"valueName\":\"search_term_string\"}}],\"inLanguage\":\"ca-ES\"},{\"@type\":\"Organization\",\"@id\":\"https:\\\/\\\/raed.academy\\\/ca\\\/#organization\",\"name\":\"Real Academia Europea de Doctores\",\"url\":\"https:\\\/\\\/raed.academy\\\/ca\\\/\",\"logo\":{\"@type\":\"ImageObject\",\"inLanguage\":\"ca-ES\",\"@id\":\"https:\\\/\\\/raed.academy\\\/ca\\\/#\\\/schema\\\/logo\\\/image\\\/\",\"url\":\"https:\\\/\\\/raed.academy\\\/wp-content\\\/uploads\\\/2017\\\/01\\\/cropped-logo_raed.png\",\"contentUrl\":\"https:\\\/\\\/raed.academy\\\/wp-content\\\/uploads\\\/2017\\\/01\\\/cropped-logo_raed.png\",\"width\":512,\"height\":512,\"caption\":\"Real Academia Europea de Doctores\"},\"image\":{\"@id\":\"https:\\\/\\\/raed.academy\\\/ca\\\/#\\\/schema\\\/logo\\\/image\\\/\"},\"sameAs\":[\"http:\\\/\\\/fb.me\\\/raed.academy\",\"https:\\\/\\\/x.com\\\/raedacademy\",\"https:\\\/\\\/www.instagram.com\\\/raed.academy\\\/\",\"https:\\\/\\\/www.youtube.com\\\/channel\\\/UCUYQwW2KrdirNWihxMDObwg\"]},{\"@type\":\"Person\",\"@id\":\"https:\\\/\\\/raed.academy\\\/ca\\\/#\\\/schema\\\/person\\\/5a755da80d1d979fd66ba745c8702927\",\"name\":\"RAED\",\"image\":{\"@type\":\"ImageObject\",\"inLanguage\":\"ca-ES\",\"@id\":\"https:\\\/\\\/secure.gravatar.com\\\/avatar\\\/19fdfdc0d67fb9c45714b703a2ac82251c4fcea3637f002ac3c9b74c0183583c?s=96&d=mm&r=g\",\"url\":\"https:\\\/\\\/secure.gravatar.com\\\/avatar\\\/19fdfdc0d67fb9c45714b703a2ac82251c4fcea3637f002ac3c9b74c0183583c?s=96&d=mm&r=g\",\"contentUrl\":\"https:\\\/\\\/secure.gravatar.com\\\/avatar\\\/19fdfdc0d67fb9c45714b703a2ac82251c4fcea3637f002ac3c9b74c0183583c?s=96&d=mm&r=g\",\"caption\":\"RAED\"}}]}<\/script>\n<!-- \/ Yoast SEO plugin. -->","yoast_head_json":{"title":"Louis Godin, Jorge Juan i la ci\u00e8ncia moderna a Espanya - Reial Acad\u00e8mia Europea de Doctors","description":"Francisco Gonz\u00e1lez de Posada publica l'obra \"Louis Godin y Jorge Juan, pioneros de la ciencia moderna en Espa\u00f1a\", amb motiu del 270\u00e8 aniversari de la fundaci\u00f3 de l'Assemblea Amistosa Liter\u00e0ria","robots":{"index":"index","follow":"follow","max-snippet":"max-snippet:-1","max-image-preview":"max-image-preview:large","max-video-preview":"max-video-preview:-1"},"canonical":"https:\/\/raed.academy\/ca\/louis-godin-jorge-juan-i-la-ciencia-moderna-a-espanya\/","og_locale":"ca_ES","og_type":"article","og_title":"Louis Godin, Jorge Juan i la ci\u00e8ncia moderna a Espanya - Reial Acad\u00e8mia Europea de Doctors","og_description":"Francisco Gonz\u00e1lez de Posada publica l'obra \"Louis Godin y Jorge Juan, pioneros de la ciencia moderna en Espa\u00f1a\", amb motiu del 270\u00e8 aniversari de la fundaci\u00f3 de l'Assemblea Amistosa Liter\u00e0ria","og_url":"https:\/\/raed.academy\/ca\/louis-godin-jorge-juan-i-la-ciencia-moderna-a-espanya\/","og_site_name":"Reial Acad\u00e8mia Europea de Doctors","article_publisher":"http:\/\/fb.me\/raed.academy","article_published_time":"2025-04-03T11:18:26+00:00","og_image":[{"width":600,"height":360,"url":"https:\/\/raed.academy\/wp-content\/uploads\/2025\/03\/retrato-del-marino-espanol-Jorge-Juan-y-Santacilia-wikipedia.org-domn-publico-dst.webp","type":"image\/webp"}],"author":"RAED","twitter_card":"summary_large_image","twitter_creator":"@raedacademy","twitter_site":"@raedacademy","twitter_misc":{"Written by":"RAED","Est. reading time":"4 minutes"},"schema":{"@context":"https:\/\/schema.org","@graph":[{"@type":"Article","@id":"https:\/\/raed.academy\/ca\/louis-godin-jorge-juan-i-la-ciencia-moderna-a-espanya\/#article","isPartOf":{"@id":"https:\/\/raed.academy\/ca\/louis-godin-jorge-juan-i-la-ciencia-moderna-a-espanya\/"},"author":{"name":"RAED","@id":"https:\/\/raed.academy\/ca\/#\/schema\/person\/5a755da80d1d979fd66ba745c8702927"},"headline":"Louis Godin, Jorge Juan i la ci\u00e8ncia moderna a Espanya","datePublished":"2025-04-03T11:18:26+00:00","mainEntityOfPage":{"@id":"https:\/\/raed.academy\/ca\/louis-godin-jorge-juan-i-la-ciencia-moderna-a-espanya\/"},"wordCount":841,"publisher":{"@id":"https:\/\/raed.academy\/ca\/#organization"},"image":{"@id":"https:\/\/raed.academy\/ca\/louis-godin-jorge-juan-i-la-ciencia-moderna-a-espanya\/#primaryimage"},"thumbnailUrl":"https:\/\/raed.academy\/wp-content\/uploads\/2025\/03\/retrato-del-marino-espanol-Jorge-Juan-y-Santacilia-wikipedia.org-domn-publico-dst.webp","articleSection":["Cosmologia","Enginyeria industrial","Enginyeria n\u00e0utica","Hist\u00f2ria","Hist\u00f2ria nacional","Matem\u00e0tiques","Trobades Cient\u00edfiques i Congressos"],"inLanguage":"ca-ES"},{"@type":"WebPage","@id":"https:\/\/raed.academy\/ca\/louis-godin-jorge-juan-i-la-ciencia-moderna-a-espanya\/","url":"https:\/\/raed.academy\/ca\/louis-godin-jorge-juan-i-la-ciencia-moderna-a-espanya\/","name":"Louis Godin, Jorge Juan i la ci\u00e8ncia moderna a Espanya - Reial Acad\u00e8mia Europea de Doctors","isPartOf":{"@id":"https:\/\/raed.academy\/ca\/#website"},"primaryImageOfPage":{"@id":"https:\/\/raed.academy\/ca\/louis-godin-jorge-juan-i-la-ciencia-moderna-a-espanya\/#primaryimage"},"image":{"@id":"https:\/\/raed.academy\/ca\/louis-godin-jorge-juan-i-la-ciencia-moderna-a-espanya\/#primaryimage"},"thumbnailUrl":"https:\/\/raed.academy\/wp-content\/uploads\/2025\/03\/retrato-del-marino-espanol-Jorge-Juan-y-Santacilia-wikipedia.org-domn-publico-dst.webp","datePublished":"2025-04-03T11:18:26+00:00","description":"Francisco Gonz\u00e1lez de Posada publica l'obra \"Louis Godin y Jorge Juan, pioneros de la ciencia moderna en Espa\u00f1a\", amb motiu del 270\u00e8 aniversari de la fundaci\u00f3 de l'Assemblea Amistosa Liter\u00e0ria","breadcrumb":{"@id":"https:\/\/raed.academy\/ca\/louis-godin-jorge-juan-i-la-ciencia-moderna-a-espanya\/#breadcrumb"},"inLanguage":"ca-ES","potentialAction":[{"@type":"ReadAction","target":["https:\/\/raed.academy\/ca\/louis-godin-jorge-juan-i-la-ciencia-moderna-a-espanya\/"]}]},{"@type":"ImageObject","inLanguage":"ca-ES","@id":"https:\/\/raed.academy\/ca\/louis-godin-jorge-juan-i-la-ciencia-moderna-a-espanya\/#primaryimage","url":"https:\/\/raed.academy\/wp-content\/uploads\/2025\/03\/retrato-del-marino-espanol-Jorge-Juan-y-Santacilia-wikipedia.org-domn-publico-dst.webp","contentUrl":"https:\/\/raed.academy\/wp-content\/uploads\/2025\/03\/retrato-del-marino-espanol-Jorge-Juan-y-Santacilia-wikipedia.org-domn-publico-dst.webp","width":600,"height":360},{"@type":"BreadcrumbList","@id":"https:\/\/raed.academy\/ca\/louis-godin-jorge-juan-i-la-ciencia-moderna-a-espanya\/#breadcrumb","itemListElement":[{"@type":"ListItem","position":1,"name":"Inicio","item":"https:\/\/raed.academy\/ca\/"},{"@type":"ListItem","position":2,"name":"Louis Godin, Jorge Juan i la ci\u00e8ncia moderna a Espanya"}]},{"@type":"WebSite","@id":"https:\/\/raed.academy\/ca\/#website","url":"https:\/\/raed.academy\/ca\/","name":"Reial Acad\u00e8mia Europea de Doctors","description":"Corporaci\u00f3n de derecho p\u00fablico de car\u00e1cter cient\u00edfico, t\u00e9cnico y art\u00edstico, que tiene por objeto la investigaci\u00f3n, el estudio, el fomento y la extensi\u00f3n del conocimiento en su sentido m\u00e1s amplio","publisher":{"@id":"https:\/\/raed.academy\/ca\/#organization"},"potentialAction":[{"@type":"SearchAction","target":{"@type":"EntryPoint","urlTemplate":"https:\/\/raed.academy\/ca\/?s={search_term_string}"},"query-input":{"@type":"PropertyValueSpecification","valueRequired":true,"valueName":"search_term_string"}}],"inLanguage":"ca-ES"},{"@type":"Organization","@id":"https:\/\/raed.academy\/ca\/#organization","name":"Real Academia Europea de Doctores","url":"https:\/\/raed.academy\/ca\/","logo":{"@type":"ImageObject","inLanguage":"ca-ES","@id":"https:\/\/raed.academy\/ca\/#\/schema\/logo\/image\/","url":"https:\/\/raed.academy\/wp-content\/uploads\/2017\/01\/cropped-logo_raed.png","contentUrl":"https:\/\/raed.academy\/wp-content\/uploads\/2017\/01\/cropped-logo_raed.png","width":512,"height":512,"caption":"Real Academia Europea de Doctores"},"image":{"@id":"https:\/\/raed.academy\/ca\/#\/schema\/logo\/image\/"},"sameAs":["http:\/\/fb.me\/raed.academy","https:\/\/x.com\/raedacademy","https:\/\/www.instagram.com\/raed.academy\/","https:\/\/www.youtube.com\/channel\/UCUYQwW2KrdirNWihxMDObwg"]},{"@type":"Person","@id":"https:\/\/raed.academy\/ca\/#\/schema\/person\/5a755da80d1d979fd66ba745c8702927","name":"RAED","image":{"@type":"ImageObject","inLanguage":"ca-ES","@id":"https:\/\/secure.gravatar.com\/avatar\/19fdfdc0d67fb9c45714b703a2ac82251c4fcea3637f002ac3c9b74c0183583c?s=96&d=mm&r=g","url":"https:\/\/secure.gravatar.com\/avatar\/19fdfdc0d67fb9c45714b703a2ac82251c4fcea3637f002ac3c9b74c0183583c?s=96&d=mm&r=g","contentUrl":"https:\/\/secure.gravatar.com\/avatar\/19fdfdc0d67fb9c45714b703a2ac82251c4fcea3637f002ac3c9b74c0183583c?s=96&d=mm&r=g","caption":"RAED"}}]}},"_links":{"self":[{"href":"https:\/\/raed.academy\/ca\/wp-json\/wp\/v2\/posts\/161124","targetHints":{"allow":["GET"]}}],"collection":[{"href":"https:\/\/raed.academy\/ca\/wp-json\/wp\/v2\/posts"}],"about":[{"href":"https:\/\/raed.academy\/ca\/wp-json\/wp\/v2\/types\/post"}],"author":[{"embeddable":true,"href":"https:\/\/raed.academy\/ca\/wp-json\/wp\/v2\/users\/12"}],"replies":[{"embeddable":true,"href":"https:\/\/raed.academy\/ca\/wp-json\/wp\/v2\/comments?post=161124"}],"version-history":[{"count":0,"href":"https:\/\/raed.academy\/ca\/wp-json\/wp\/v2\/posts\/161124\/revisions"}],"wp:featuredmedia":[{"embeddable":true,"href":"https:\/\/raed.academy\/ca\/wp-json\/wp\/v2\/media\/161231"}],"wp:attachment":[{"href":"https:\/\/raed.academy\/ca\/wp-json\/wp\/v2\/media?parent=161124"}],"wp:term":[{"taxonomy":"category","embeddable":true,"href":"https:\/\/raed.academy\/ca\/wp-json\/wp\/v2\/categories?post=161124"},{"taxonomy":"post_tag","embeddable":true,"href":"https:\/\/raed.academy\/ca\/wp-json\/wp\/v2\/tags?post=161124"}],"curies":[{"name":"wp","href":"https:\/\/api.w.org\/{rel}","templated":true}]}}