{"id":161116,"date":"2025-04-03T10:57:00","date_gmt":"2025-04-03T10:57:00","guid":{"rendered":"https:\/\/raed.academy\/?p=161116"},"modified":"2025-04-03T10:57:00","modified_gmt":"2025-04-03T10:57:00","slug":"lexemple-del-negre-de-banyoles","status":"publish","type":"post","link":"https:\/\/raed.academy\/ca\/lexemple-del-negre-de-banyoles\/","title":{"rendered":"L&#8217;exemple del &#8216;negre de Banyoles&#8217;"},"content":{"rendered":"<div id=\"attachment_149325\" style=\"width: 510px\" class=\"wp-caption aligncenter\"><img loading=\"lazy\" decoding=\"async\" aria-describedby=\"caption-attachment-149325\" class=\"wp-image-149325 size-full\" src=\"https:\/\/raed.academy\/wp-content\/uploads\/2024\/05\/August-Corominas-Vilardell-dst.webp\" sizes=\"(max-width: 500px) 100vw, 500px\" srcset=\"https:\/\/raed.academy\/wp-content\/uploads\/2024\/05\/August-Corominas-Vilardell-dst.webp 500w, https:\/\/raed.academy\/wp-content\/uploads\/2024\/05\/August-Corominas-Vilardell-dst-440x264.webp 440w\" alt=\"Dr. August Corominas\" width=\"500\" height=\"300\" aria-describedby=\"caption-attachment-149325\" \/><p id=\"caption-attachment-149325\" class=\"wp-caption-text\">Dr. August Corominas<\/p><\/div>\n<p><a href=\"https:\/\/raed.academy\/ca\/academics\/dr-august-corominas-vilardell\/\" target=\"_blank\" rel=\"noopener\"><em><strong>August Corominas<\/strong><\/em><\/a>, professor de Fisiologia Humana de la <strong>Universitat de M\u00farcia<\/strong> i de la <strong>Universitat Aut\u00f2noma de Barcelona<\/strong> i acad\u00e8mic em\u00e8rit de la <strong>Reial Acad\u00e8mia Europea de Doctors<\/strong> (RAED), comparteix amb la comunitat acad\u00e8mica l&#8217;article <strong>&#8220;El negre de Banyoles (boixim\u00e0 o hotentot)&#8221;<\/strong>, en qu\u00e8 recorda la pol\u00e8mica que va generar l&#8217;exposici\u00f3 d&#8217;un aborigen afric\u00e0 al <strong>Museu Darder<\/strong> i el futur d&#8217;aquestes institucions. L&#8217;acad\u00e8mic ha compartit recentment en aquesta publicaci\u00f3 els articles <a href=\"https:\/\/raed.academy\/ca\/la-maldat-de-putin\/\" target=\"_blank\" rel=\"noopener\"><strong>&#8220;La maldat de Putin&#8221;<\/strong><\/a>, <a href=\"https:\/\/raed.academy\/ca\/nova-apocalipsi-i-batalla-de-larmagedo\/\" target=\"_blank\" rel=\"noopener\"><strong>&#8220;Nou apocalipsi i batalla d&#8217;Armagedon&#8221;<\/strong><\/a>, <a href=\"https:\/\/raed.academy\/ca\/ser-vell-o-no\/\" target=\"_blank\" rel=\"noopener\"><strong>&#8220;Ser vell o no&#8221;<\/strong><\/a>, <a href=\"https:\/\/raed.academy\/ca\/medicina-anti-aging-les-claus-de-la-longevitat\/\" target=\"_blank\" rel=\"noopener\"><strong>&#8220;Anti-Aging&#8221;<\/strong><\/a>,\u00a0 <a href=\"https:\/\/raed.academy\/ca\/el-grafe-i-la-millora-dels-diagnostics-medics\/\" target=\"_blank\" rel=\"noopener\"><strong>&#8220;Graf\u00e8: un element de gran futur tecnol\u00f2gic&#8221;<\/strong><\/a>, <a href=\"https:\/\/raed.academy\/ca\/estadistica-dhiroshima\/\" target=\"_blank\" rel=\"noopener\"><strong>&#8220;Estad\u00edstica d&#8217;Hiroshima&#8221;<\/strong><\/a>\u00a0i <a href=\"https:\/\/raed.academy\/ca\/viure-a-la-lluna\/\" target=\"_blank\" rel=\"noopener\"><strong>&#8220;Viure a la Lluna&#8221;<\/strong><\/a>, <a href=\"https:\/\/raed.academy\/ca\/els-beneficis-de-la-cultura-i-la-dieta-mediterranies\/\" target=\"_blank\" rel=\"noopener\"><strong>&#8220;La dieta mediter\u00e0nia&#8221;<\/strong><\/a>, <a href=\"https:\/\/raed.academy\/ca\/els-dificils-inicis-de-can-ruti\/\" target=\"_blank\" rel=\"noopener\"><strong>&#8220;Els dif\u00edcils inicis de Can Ruti&#8221;<\/strong><\/a>, <a href=\"https:\/\/raed.academy\/ca\/els-secrets-de-la-longevitat-i-les-zones-blaves\/\" target=\"_blank\" rel=\"noopener\"><strong>Els secrets de la longevitat i les &#8216;zones blaves&#8217;<\/strong><\/a>, <a href=\"https:\/\/raed.academy\/ca\/atencio-a-les-caigudes-de-nit-i-de-dia\/\" target=\"_blank\" rel=\"noopener\"><strong>&#8220;Atenci\u00f3 a les caigudes, de nit i de dia&#8221;<\/strong><\/a>,\u00a0<a href=\"https:\/\/raed.academy\/ca\/la-bona-vida-i-la-vida-bona\/\" target=\"_blank\" rel=\"noopener\"><strong>&#8220;La bona vida i la vida bona&#8221;<\/strong><\/a>, <a href=\"https:\/\/raed.academy\/ca\/vida-biologica-i-vida-quantica\/\" target=\"_blank\" rel=\"noopener\"><strong>&#8220;Vida biol\u00f2gica i Vida Qu\u00e0ntica&#8221;<\/strong><\/a>, <a href=\"https:\/\/raed.academy\/ca\/lera-dels-hospitals-intel%c2%b7ligents\/\" target=\"_blank\" rel=\"noopener\"><strong>&#8220;Hospitals intel\u00b7ligents&#8221;<\/strong><\/a>, <a href=\"https:\/\/raed.academy\/ca\/cosmonautica-i-medicina-espacial\/\" target=\"_blank\" rel=\"noopener\"><strong>&#8220;Cosmon\u00e0utica i medicina espacial&#8221;<\/strong><\/a>, <a href=\"https:\/\/raed.academy\/ca\/el-maltractament-i-la-seva-gestio\/\" target=\"_blank\" rel=\"noopener\"><strong>&#8220;El maltractament i la seva gesti\u00f3&#8221;<\/strong><\/a> i <a href=\"https:\/\/raed.academy\/ca\/biologia-quantica\/\" target=\"_blank\" rel=\"noopener\"><strong>&#8220;Biologia qu\u00e0ntica&#8221;<\/strong><\/a>. A m\u00e9s \u00e9s autor d&#8217;un dels cap\u00edtols del llibre <strong>&#8220;Vitalidad al envejecer. Si lo deseas, puedes vivir m\u00e1s a\u00f1os con salud&#8221;<\/strong>, editat per la Reial Corporaci\u00f3 amb el suport de <strong>Vichy Catal\u00e1n<\/strong>.<\/p>\n<h3>El negre de Banyoles (boixim\u00e0 o hotentot)<\/h3>\n<p><img loading=\"lazy\" decoding=\"async\" class=\"size-full wp-image-161190 alignleft\" src=\"https:\/\/raed.academy\/wp-content\/uploads\/2025\/03\/negro-de-Banyoles-Bosquimano-de-Banolas-dst.webp\" sizes=\"(max-width: 750px) 100vw, 750px\" srcset=\"https:\/\/raed.academy\/wp-content\/uploads\/2025\/03\/negro-de-Banyoles-Bosquimano-de-Banolas-dst.webp 750w, https:\/\/raed.academy\/wp-content\/uploads\/2025\/03\/negro-de-Banyoles-Bosquimano-de-Banolas-dst-627x376.webp 627w, https:\/\/raed.academy\/wp-content\/uploads\/2025\/03\/negro-de-Banyoles-Bosquimano-de-Banolas-dst-440x264.webp 440w\" alt=\"\" width=\"750\" height=\"450\" \/>Els museus retiren restes humanes de les seves vitrines, per comprom\u00eds \u00e8tic i per respecte i dignitat. Els temps canvien, i molt. I una pr\u00e0ctica comuna abans, avui \u00e9s una pr\u00e0ctica q\u00fcestionable. Es tracta de respectar les restes humanes que acullen diversos museus d\u2019<span class=\"constant\">Antropologia<\/span>\u00a0o\u00a0<span class=\"constant\">Ci\u00e8ncies<\/span>\u00a0<span class=\"constant\">Naturals<\/span>. A\u00a0<span class=\"constant\">Espanya<\/span>\u00a0<span class=\"alternative\">trobem<\/span>\u00a0exemples al\u00a0<strong><span class=\"constant\">Museu<\/span>\u00a0<span class=\"constant\">Arqueol\u00f2gic<\/span>\u00a0Nacional<\/strong> de Madrid, el\u00a0<strong><span class=\"constant\">Museu<\/span>\u00a0d\u2019<span class=\"constant\">Am\u00e8rica<\/span><\/strong>, el\u00a0<strong><span class=\"constant\">Museu<\/span> d&#8217;<span class=\"constant\">Arqueologia<\/span>\u00a0de\u00a0<span class=\"constant\">M\u00e8rida<\/span><\/strong>, el<strong>\u00a0<span class=\"constant\">Museu<\/span> Nacional d&#8217;<span class=\"constant\">Altamira<\/span><\/strong>&#8230; tots sota la titularitat del <strong>Ministeri de Cultura<\/strong>. Es calcula que es conserven unes 15.000 restes humanes, especialment m\u00f2mies eg\u00edpcies, mesoamericanes o guanxes en diferents museus de <span class=\"alternative\">tot el m\u00f3n<\/span>.<\/p>\n<p>El boixim\u00e0, o hotentot, del\u00a0<strong><span class=\"constant\">Museu<\/span>\u00a0<span class=\"constant\">Darder<\/span><\/strong> de Banyoles va ser dissecat el 1830 i va arribar al museu el 1916, comprat pel mateix <strong><span class=\"constant\">Francesc Darder<\/span><\/strong>, naturalista i antrop\u00f2leg.\u00a0<span class=\"constant\">Segons<\/span>\u00a0un estudi forense, l\u2019aborigen va morir de fibrosi pulmonar o de tuberculosi mal tractada als 22 anys, aproximadament. Al llarg de d\u00e8cades, el boixim\u00e0 tenia tant un inter\u00e8s tur\u00edstic\u00a0<span class=\"alternative\">com a<\/span>\u00a0educatiu per a tota classe d\u2019alumnes. El meu pare,\u00a0<strong><span class=\"constant\">Josep Maria Corominas<\/span><\/strong>, metge i prehistoriador, va dirigir el museu diversos anys. Jo mateix, el 1959, vaig fer un treball sobre algunes de les restes que es conserven. El pressupost del museu era molt petit per a una correcta reorganitzaci\u00f3. Fa cinc anys, gr\u00e0cies a les subvencions de l&#8217;<strong>Ajuntament de Banyoles<\/strong>, ha renovat les seves diferents plantes i pot acollir exposicions temporals i tota classe de confer\u00e8ncies i xerrades.<\/p>\n<p>Se&#8217;ns plantegen diversos interrogants a prop\u00f2sit d\u2019aquesta retirada de restes humanes de les vitrines dels museus de l&#8217;<span class=\"constant\">Estat<\/span> per ordre del Ministeri de Cultura. Crec que el concepte dep\u00e8n del que vulguem que sigui un museu: un magatzem de figures antigues o una muse\u00eftzaci\u00f3 dels vestigis de l&#8217;antiguitat. En el cas de Banyoles, es va aplicar en un museu d\u2019una ciutat de 15.000 habitants el mateix criteri que a les m\u00f2mies eg\u00edpcies dels museus del <span class=\"constant\">Caire<\/span>, Londres o Par\u00eds. I al <span class=\"constant\">Darder<\/span>, la supressi\u00f3 visual de boixim\u00e0 es va traduir en una disminuci\u00f3 radical del nombre de visites tur\u00edstiques, la qual cosa va afectar el seu funcionament.<\/p>\n<p>Qu\u00e8 passar\u00e0 si, com a Banyoles, desapareixen de la vista totes les restes humanes dels museus. L&#8217;exemple del <span class=\"constant\">Darder<\/span>\u00a0indica que instal\u00b7lacions similars poden desapar\u00e8ixer de les guies tur\u00edstiques i patir tamb\u00e9 una dr\u00e0stica disminuci\u00f3 del nombre de visitants. La m\u00f2mia guanxe de Tenerife que va ser traslladada al\u00a0<span class=\"constant\">Museu<\/span>\u00a0<span class=\"constant\">Arqueol\u00f2gic<\/span> Nacional ha estat reclamat insistentment pel govern local\u00a0i\u00a0<strong><span class=\"constant\">Coalici\u00f3 Can\u00e0ria<\/span><\/strong>. Es considera important per a la poblaci\u00f3 i la dignitat dels canaris. Per\u00f2 es podr\u00e0 exposar al seu lloc d&#8217;origen?<\/p>\n","protected":false},"excerpt":{"rendered":"<p>August Corominas comparteix l&#8217;article &#8220;El negre de Banyoles (boixim\u00e0 o hotentote)&#8221;, en qu\u00e8 recorda la pol\u00e8mica que va generar l&#8217;exposici\u00f3 d&#8217;un aborigen afric\u00e0 al Museu Darder i reflexiona sobre el futur d&#8217;aquestes institucions<\/p>\n","protected":false},"author":12,"featured_media":161191,"comment_status":"closed","ping_status":"closed","sticky":false,"template":"","format":"standard","meta":{"_et_pb_use_builder":"","_et_pb_old_content":"","_et_gb_content_width":"","footnotes":""},"categories":[247,229,242,401,404,407],"tags":[],"class_list":["post-161116","post","type-post","status-publish","format-standard","has-post-thumbnail","hentry","category-antropologia-ca","category-art","category-categ-historia","category-historia-de-lart-i-patrimoni-cultural","category-historia-nacional-ca","category-prehistoria-ca","et-has-post-format-content","et_post_format-et-post-format-standard"],"yoast_head":"<!-- This site is optimized with the Yoast SEO plugin v27.5 - https:\/\/yoast.com\/product\/yoast-seo-wordpress\/ -->\n<title>L&#039;exemple del &#039;negre de Banyoles&#039; - Reial Acad\u00e8mia Europea de Doctors<\/title>\n<meta name=\"description\" content=\"August Corominas recorda la pol\u00e8mica que va generar l&#039;exposici\u00f3 de &quot;El negre de Banyoles (boixim\u00e0 o hotentote)&quot; un aborigen afric\u00e0 al Museu Darder\" \/>\n<meta name=\"robots\" content=\"index, follow, max-snippet:-1, max-image-preview:large, max-video-preview:-1\" \/>\n<link rel=\"canonical\" href=\"https:\/\/raed.academy\/ca\/lexemple-del-negre-de-banyoles\/\" \/>\n<meta property=\"og:locale\" content=\"ca_ES\" \/>\n<meta property=\"og:type\" content=\"article\" \/>\n<meta property=\"og:title\" content=\"L&#039;exemple del &#039;negre de Banyoles&#039; - Reial Acad\u00e8mia Europea de Doctors\" \/>\n<meta property=\"og:description\" content=\"August Corominas recorda la pol\u00e8mica que va generar l&#039;exposici\u00f3 de &quot;El negre de Banyoles (boixim\u00e0 o hotentote)&quot; un aborigen afric\u00e0 al Museu Darder\" \/>\n<meta property=\"og:url\" content=\"https:\/\/raed.academy\/ca\/lexemple-del-negre-de-banyoles\/\" \/>\n<meta property=\"og:site_name\" content=\"Reial Acad\u00e8mia Europea de Doctors\" \/>\n<meta property=\"article:publisher\" content=\"http:\/\/fb.me\/raed.academy\" \/>\n<meta property=\"article:published_time\" content=\"2025-04-03T10:57:00+00:00\" \/>\n<meta property=\"og:image\" content=\"https:\/\/raed.academy\/wp-content\/uploads\/2025\/03\/negro-de-Banyoles-Bosquimano-de-Banolas-dst.webp\" \/>\n\t<meta property=\"og:image:width\" content=\"750\" \/>\n\t<meta property=\"og:image:height\" content=\"450\" \/>\n\t<meta property=\"og:image:type\" content=\"image\/webp\" \/>\n<meta name=\"author\" content=\"RAED\" \/>\n<meta name=\"twitter:card\" content=\"summary_large_image\" \/>\n<meta name=\"twitter:creator\" content=\"@raedacademy\" \/>\n<meta name=\"twitter:site\" content=\"@raedacademy\" \/>\n<meta name=\"twitter:label1\" content=\"Written by\" \/>\n\t<meta name=\"twitter:data1\" content=\"RAED\" \/>\n\t<meta name=\"twitter:label2\" content=\"Est. reading time\" \/>\n\t<meta name=\"twitter:data2\" content=\"4 minutes\" \/>\n<script type=\"application\/ld+json\" class=\"yoast-schema-graph\">{\"@context\":\"https:\\\/\\\/schema.org\",\"@graph\":[{\"@type\":\"Article\",\"@id\":\"https:\\\/\\\/raed.academy\\\/ca\\\/lexemple-del-negre-de-banyoles\\\/#article\",\"isPartOf\":{\"@id\":\"https:\\\/\\\/raed.academy\\\/ca\\\/lexemple-del-negre-de-banyoles\\\/\"},\"author\":{\"name\":\"RAED\",\"@id\":\"https:\\\/\\\/raed.academy\\\/ca\\\/#\\\/schema\\\/person\\\/5a755da80d1d979fd66ba745c8702927\"},\"headline\":\"L&#8217;exemple del &#8216;negre de Banyoles&#8217;\",\"datePublished\":\"2025-04-03T10:57:00+00:00\",\"mainEntityOfPage\":{\"@id\":\"https:\\\/\\\/raed.academy\\\/ca\\\/lexemple-del-negre-de-banyoles\\\/\"},\"wordCount\":704,\"publisher\":{\"@id\":\"https:\\\/\\\/raed.academy\\\/ca\\\/#organization\"},\"image\":{\"@id\":\"https:\\\/\\\/raed.academy\\\/ca\\\/lexemple-del-negre-de-banyoles\\\/#primaryimage\"},\"thumbnailUrl\":\"https:\\\/\\\/raed.academy\\\/wp-content\\\/uploads\\\/2025\\\/03\\\/negro-de-Banyoles-Bosquimano-de-Banolas-dst.webp\",\"articleSection\":[\"Antropologia\",\"Art\",\"Hist\u00f2ria\",\"Hist\u00f2ria de l'art i patrimoni cultural\",\"Hist\u00f2ria nacional\",\"Prehist\u00f2ria\"],\"inLanguage\":\"ca-ES\"},{\"@type\":\"WebPage\",\"@id\":\"https:\\\/\\\/raed.academy\\\/ca\\\/lexemple-del-negre-de-banyoles\\\/\",\"url\":\"https:\\\/\\\/raed.academy\\\/ca\\\/lexemple-del-negre-de-banyoles\\\/\",\"name\":\"L'exemple del 'negre de Banyoles' - Reial Acad\u00e8mia Europea de Doctors\",\"isPartOf\":{\"@id\":\"https:\\\/\\\/raed.academy\\\/ca\\\/#website\"},\"primaryImageOfPage\":{\"@id\":\"https:\\\/\\\/raed.academy\\\/ca\\\/lexemple-del-negre-de-banyoles\\\/#primaryimage\"},\"image\":{\"@id\":\"https:\\\/\\\/raed.academy\\\/ca\\\/lexemple-del-negre-de-banyoles\\\/#primaryimage\"},\"thumbnailUrl\":\"https:\\\/\\\/raed.academy\\\/wp-content\\\/uploads\\\/2025\\\/03\\\/negro-de-Banyoles-Bosquimano-de-Banolas-dst.webp\",\"datePublished\":\"2025-04-03T10:57:00+00:00\",\"description\":\"August Corominas recorda la pol\u00e8mica que va generar l'exposici\u00f3 de \\\"El negre de Banyoles (boixim\u00e0 o hotentote)\\\" un aborigen afric\u00e0 al Museu Darder\",\"breadcrumb\":{\"@id\":\"https:\\\/\\\/raed.academy\\\/ca\\\/lexemple-del-negre-de-banyoles\\\/#breadcrumb\"},\"inLanguage\":\"ca-ES\",\"potentialAction\":[{\"@type\":\"ReadAction\",\"target\":[\"https:\\\/\\\/raed.academy\\\/ca\\\/lexemple-del-negre-de-banyoles\\\/\"]}]},{\"@type\":\"ImageObject\",\"inLanguage\":\"ca-ES\",\"@id\":\"https:\\\/\\\/raed.academy\\\/ca\\\/lexemple-del-negre-de-banyoles\\\/#primaryimage\",\"url\":\"https:\\\/\\\/raed.academy\\\/wp-content\\\/uploads\\\/2025\\\/03\\\/negro-de-Banyoles-Bosquimano-de-Banolas-dst.webp\",\"contentUrl\":\"https:\\\/\\\/raed.academy\\\/wp-content\\\/uploads\\\/2025\\\/03\\\/negro-de-Banyoles-Bosquimano-de-Banolas-dst.webp\",\"width\":750,\"height\":450},{\"@type\":\"BreadcrumbList\",\"@id\":\"https:\\\/\\\/raed.academy\\\/ca\\\/lexemple-del-negre-de-banyoles\\\/#breadcrumb\",\"itemListElement\":[{\"@type\":\"ListItem\",\"position\":1,\"name\":\"Inicio\",\"item\":\"https:\\\/\\\/raed.academy\\\/ca\\\/\"},{\"@type\":\"ListItem\",\"position\":2,\"name\":\"L&#8217;exemple del &#8216;negre de Banyoles&#8217;\"}]},{\"@type\":\"WebSite\",\"@id\":\"https:\\\/\\\/raed.academy\\\/ca\\\/#website\",\"url\":\"https:\\\/\\\/raed.academy\\\/ca\\\/\",\"name\":\"Reial Acad\u00e8mia Europea de Doctors\",\"description\":\"Corporaci\u00f3n de derecho p\u00fablico de car\u00e1cter cient\u00edfico, t\u00e9cnico y art\u00edstico, que tiene por objeto la investigaci\u00f3n, el estudio, el fomento y la extensi\u00f3n del conocimiento en su sentido m\u00e1s amplio\",\"publisher\":{\"@id\":\"https:\\\/\\\/raed.academy\\\/ca\\\/#organization\"},\"potentialAction\":[{\"@type\":\"SearchAction\",\"target\":{\"@type\":\"EntryPoint\",\"urlTemplate\":\"https:\\\/\\\/raed.academy\\\/ca\\\/?s={search_term_string}\"},\"query-input\":{\"@type\":\"PropertyValueSpecification\",\"valueRequired\":true,\"valueName\":\"search_term_string\"}}],\"inLanguage\":\"ca-ES\"},{\"@type\":\"Organization\",\"@id\":\"https:\\\/\\\/raed.academy\\\/ca\\\/#organization\",\"name\":\"Real Academia Europea de Doctores\",\"url\":\"https:\\\/\\\/raed.academy\\\/ca\\\/\",\"logo\":{\"@type\":\"ImageObject\",\"inLanguage\":\"ca-ES\",\"@id\":\"https:\\\/\\\/raed.academy\\\/ca\\\/#\\\/schema\\\/logo\\\/image\\\/\",\"url\":\"https:\\\/\\\/raed.academy\\\/wp-content\\\/uploads\\\/2017\\\/01\\\/cropped-logo_raed.png\",\"contentUrl\":\"https:\\\/\\\/raed.academy\\\/wp-content\\\/uploads\\\/2017\\\/01\\\/cropped-logo_raed.png\",\"width\":512,\"height\":512,\"caption\":\"Real Academia Europea de Doctores\"},\"image\":{\"@id\":\"https:\\\/\\\/raed.academy\\\/ca\\\/#\\\/schema\\\/logo\\\/image\\\/\"},\"sameAs\":[\"http:\\\/\\\/fb.me\\\/raed.academy\",\"https:\\\/\\\/x.com\\\/raedacademy\",\"https:\\\/\\\/www.instagram.com\\\/raed.academy\\\/\",\"https:\\\/\\\/www.youtube.com\\\/channel\\\/UCUYQwW2KrdirNWihxMDObwg\"]},{\"@type\":\"Person\",\"@id\":\"https:\\\/\\\/raed.academy\\\/ca\\\/#\\\/schema\\\/person\\\/5a755da80d1d979fd66ba745c8702927\",\"name\":\"RAED\",\"image\":{\"@type\":\"ImageObject\",\"inLanguage\":\"ca-ES\",\"@id\":\"https:\\\/\\\/secure.gravatar.com\\\/avatar\\\/19fdfdc0d67fb9c45714b703a2ac82251c4fcea3637f002ac3c9b74c0183583c?s=96&d=mm&r=g\",\"url\":\"https:\\\/\\\/secure.gravatar.com\\\/avatar\\\/19fdfdc0d67fb9c45714b703a2ac82251c4fcea3637f002ac3c9b74c0183583c?s=96&d=mm&r=g\",\"contentUrl\":\"https:\\\/\\\/secure.gravatar.com\\\/avatar\\\/19fdfdc0d67fb9c45714b703a2ac82251c4fcea3637f002ac3c9b74c0183583c?s=96&d=mm&r=g\",\"caption\":\"RAED\"}}]}<\/script>\n<!-- \/ Yoast SEO plugin. -->","yoast_head_json":{"title":"L'exemple del 'negre de Banyoles' - Reial Acad\u00e8mia Europea de Doctors","description":"August Corominas recorda la pol\u00e8mica que va generar l'exposici\u00f3 de \"El negre de Banyoles (boixim\u00e0 o hotentote)\" un aborigen afric\u00e0 al Museu Darder","robots":{"index":"index","follow":"follow","max-snippet":"max-snippet:-1","max-image-preview":"max-image-preview:large","max-video-preview":"max-video-preview:-1"},"canonical":"https:\/\/raed.academy\/ca\/lexemple-del-negre-de-banyoles\/","og_locale":"ca_ES","og_type":"article","og_title":"L'exemple del 'negre de Banyoles' - Reial Acad\u00e8mia Europea de Doctors","og_description":"August Corominas recorda la pol\u00e8mica que va generar l'exposici\u00f3 de \"El negre de Banyoles (boixim\u00e0 o hotentote)\" un aborigen afric\u00e0 al Museu Darder","og_url":"https:\/\/raed.academy\/ca\/lexemple-del-negre-de-banyoles\/","og_site_name":"Reial Acad\u00e8mia Europea de Doctors","article_publisher":"http:\/\/fb.me\/raed.academy","article_published_time":"2025-04-03T10:57:00+00:00","og_image":[{"width":750,"height":450,"url":"https:\/\/raed.academy\/wp-content\/uploads\/2025\/03\/negro-de-Banyoles-Bosquimano-de-Banolas-dst.webp","type":"image\/webp"}],"author":"RAED","twitter_card":"summary_large_image","twitter_creator":"@raedacademy","twitter_site":"@raedacademy","twitter_misc":{"Written by":"RAED","Est. reading time":"4 minutes"},"schema":{"@context":"https:\/\/schema.org","@graph":[{"@type":"Article","@id":"https:\/\/raed.academy\/ca\/lexemple-del-negre-de-banyoles\/#article","isPartOf":{"@id":"https:\/\/raed.academy\/ca\/lexemple-del-negre-de-banyoles\/"},"author":{"name":"RAED","@id":"https:\/\/raed.academy\/ca\/#\/schema\/person\/5a755da80d1d979fd66ba745c8702927"},"headline":"L&#8217;exemple del &#8216;negre de Banyoles&#8217;","datePublished":"2025-04-03T10:57:00+00:00","mainEntityOfPage":{"@id":"https:\/\/raed.academy\/ca\/lexemple-del-negre-de-banyoles\/"},"wordCount":704,"publisher":{"@id":"https:\/\/raed.academy\/ca\/#organization"},"image":{"@id":"https:\/\/raed.academy\/ca\/lexemple-del-negre-de-banyoles\/#primaryimage"},"thumbnailUrl":"https:\/\/raed.academy\/wp-content\/uploads\/2025\/03\/negro-de-Banyoles-Bosquimano-de-Banolas-dst.webp","articleSection":["Antropologia","Art","Hist\u00f2ria","Hist\u00f2ria de l'art i patrimoni cultural","Hist\u00f2ria nacional","Prehist\u00f2ria"],"inLanguage":"ca-ES"},{"@type":"WebPage","@id":"https:\/\/raed.academy\/ca\/lexemple-del-negre-de-banyoles\/","url":"https:\/\/raed.academy\/ca\/lexemple-del-negre-de-banyoles\/","name":"L'exemple del 'negre de Banyoles' - Reial Acad\u00e8mia Europea de Doctors","isPartOf":{"@id":"https:\/\/raed.academy\/ca\/#website"},"primaryImageOfPage":{"@id":"https:\/\/raed.academy\/ca\/lexemple-del-negre-de-banyoles\/#primaryimage"},"image":{"@id":"https:\/\/raed.academy\/ca\/lexemple-del-negre-de-banyoles\/#primaryimage"},"thumbnailUrl":"https:\/\/raed.academy\/wp-content\/uploads\/2025\/03\/negro-de-Banyoles-Bosquimano-de-Banolas-dst.webp","datePublished":"2025-04-03T10:57:00+00:00","description":"August Corominas recorda la pol\u00e8mica que va generar l'exposici\u00f3 de \"El negre de Banyoles (boixim\u00e0 o hotentote)\" un aborigen afric\u00e0 al Museu Darder","breadcrumb":{"@id":"https:\/\/raed.academy\/ca\/lexemple-del-negre-de-banyoles\/#breadcrumb"},"inLanguage":"ca-ES","potentialAction":[{"@type":"ReadAction","target":["https:\/\/raed.academy\/ca\/lexemple-del-negre-de-banyoles\/"]}]},{"@type":"ImageObject","inLanguage":"ca-ES","@id":"https:\/\/raed.academy\/ca\/lexemple-del-negre-de-banyoles\/#primaryimage","url":"https:\/\/raed.academy\/wp-content\/uploads\/2025\/03\/negro-de-Banyoles-Bosquimano-de-Banolas-dst.webp","contentUrl":"https:\/\/raed.academy\/wp-content\/uploads\/2025\/03\/negro-de-Banyoles-Bosquimano-de-Banolas-dst.webp","width":750,"height":450},{"@type":"BreadcrumbList","@id":"https:\/\/raed.academy\/ca\/lexemple-del-negre-de-banyoles\/#breadcrumb","itemListElement":[{"@type":"ListItem","position":1,"name":"Inicio","item":"https:\/\/raed.academy\/ca\/"},{"@type":"ListItem","position":2,"name":"L&#8217;exemple del &#8216;negre de Banyoles&#8217;"}]},{"@type":"WebSite","@id":"https:\/\/raed.academy\/ca\/#website","url":"https:\/\/raed.academy\/ca\/","name":"Reial Acad\u00e8mia Europea de Doctors","description":"Corporaci\u00f3n de derecho p\u00fablico de car\u00e1cter cient\u00edfico, t\u00e9cnico y art\u00edstico, que tiene por objeto la investigaci\u00f3n, el estudio, el fomento y la extensi\u00f3n del conocimiento en su sentido m\u00e1s amplio","publisher":{"@id":"https:\/\/raed.academy\/ca\/#organization"},"potentialAction":[{"@type":"SearchAction","target":{"@type":"EntryPoint","urlTemplate":"https:\/\/raed.academy\/ca\/?s={search_term_string}"},"query-input":{"@type":"PropertyValueSpecification","valueRequired":true,"valueName":"search_term_string"}}],"inLanguage":"ca-ES"},{"@type":"Organization","@id":"https:\/\/raed.academy\/ca\/#organization","name":"Real Academia Europea de Doctores","url":"https:\/\/raed.academy\/ca\/","logo":{"@type":"ImageObject","inLanguage":"ca-ES","@id":"https:\/\/raed.academy\/ca\/#\/schema\/logo\/image\/","url":"https:\/\/raed.academy\/wp-content\/uploads\/2017\/01\/cropped-logo_raed.png","contentUrl":"https:\/\/raed.academy\/wp-content\/uploads\/2017\/01\/cropped-logo_raed.png","width":512,"height":512,"caption":"Real Academia Europea de Doctores"},"image":{"@id":"https:\/\/raed.academy\/ca\/#\/schema\/logo\/image\/"},"sameAs":["http:\/\/fb.me\/raed.academy","https:\/\/x.com\/raedacademy","https:\/\/www.instagram.com\/raed.academy\/","https:\/\/www.youtube.com\/channel\/UCUYQwW2KrdirNWihxMDObwg"]},{"@type":"Person","@id":"https:\/\/raed.academy\/ca\/#\/schema\/person\/5a755da80d1d979fd66ba745c8702927","name":"RAED","image":{"@type":"ImageObject","inLanguage":"ca-ES","@id":"https:\/\/secure.gravatar.com\/avatar\/19fdfdc0d67fb9c45714b703a2ac82251c4fcea3637f002ac3c9b74c0183583c?s=96&d=mm&r=g","url":"https:\/\/secure.gravatar.com\/avatar\/19fdfdc0d67fb9c45714b703a2ac82251c4fcea3637f002ac3c9b74c0183583c?s=96&d=mm&r=g","contentUrl":"https:\/\/secure.gravatar.com\/avatar\/19fdfdc0d67fb9c45714b703a2ac82251c4fcea3637f002ac3c9b74c0183583c?s=96&d=mm&r=g","caption":"RAED"}}]}},"_links":{"self":[{"href":"https:\/\/raed.academy\/ca\/wp-json\/wp\/v2\/posts\/161116","targetHints":{"allow":["GET"]}}],"collection":[{"href":"https:\/\/raed.academy\/ca\/wp-json\/wp\/v2\/posts"}],"about":[{"href":"https:\/\/raed.academy\/ca\/wp-json\/wp\/v2\/types\/post"}],"author":[{"embeddable":true,"href":"https:\/\/raed.academy\/ca\/wp-json\/wp\/v2\/users\/12"}],"replies":[{"embeddable":true,"href":"https:\/\/raed.academy\/ca\/wp-json\/wp\/v2\/comments?post=161116"}],"version-history":[{"count":0,"href":"https:\/\/raed.academy\/ca\/wp-json\/wp\/v2\/posts\/161116\/revisions"}],"wp:featuredmedia":[{"embeddable":true,"href":"https:\/\/raed.academy\/ca\/wp-json\/wp\/v2\/media\/161191"}],"wp:attachment":[{"href":"https:\/\/raed.academy\/ca\/wp-json\/wp\/v2\/media?parent=161116"}],"wp:term":[{"taxonomy":"category","embeddable":true,"href":"https:\/\/raed.academy\/ca\/wp-json\/wp\/v2\/categories?post=161116"},{"taxonomy":"post_tag","embeddable":true,"href":"https:\/\/raed.academy\/ca\/wp-json\/wp\/v2\/tags?post=161116"}],"curies":[{"name":"wp","href":"https:\/\/api.w.org\/{rel}","templated":true}]}}