{"id":161113,"date":"2025-04-03T10:11:10","date_gmt":"2025-04-03T10:11:10","guid":{"rendered":"https:\/\/raed.academy\/?p=161113"},"modified":"2025-04-03T10:11:10","modified_gmt":"2025-04-03T10:11:10","slug":"figures-que-van-marcar-la-historia-de-la-medicina","status":"publish","type":"post","link":"https:\/\/raed.academy\/ca\/figures-que-van-marcar-la-historia-de-la-medicina\/","title":{"rendered":"Figures que van marcar la hist\u00f2ria de la medicina"},"content":{"rendered":"<div id=\"attachment_149375\" style=\"width: 1210px\" class=\"wp-caption aligncenter\"><img loading=\"lazy\" decoding=\"async\" aria-describedby=\"caption-attachment-149375\" class=\"wp-image-149375 size-full\" src=\"https:\/\/raed.academy\/wp-content\/uploads\/2024\/05\/Joaquin-Callabed-conferencia-abordaje-bio-psico-social-consulta-a-los-adolescentes.webp\" sizes=\"(max-width: 1200px) 100vw, 1200px\" srcset=\"https:\/\/raed.academy\/wp-content\/uploads\/2024\/05\/Joaquin-Callabed-conferencia-abordaje-bio-psico-social-consulta-a-los-adolescentes.webp 1200w, https:\/\/raed.academy\/wp-content\/uploads\/2024\/05\/Joaquin-Callabed-conferencia-abordaje-bio-psico-social-consulta-a-los-adolescentes-768x461.webp 768w, https:\/\/raed.academy\/wp-content\/uploads\/2024\/05\/Joaquin-Callabed-conferencia-abordaje-bio-psico-social-consulta-a-los-adolescentes-1080x648.webp 1080w, https:\/\/raed.academy\/wp-content\/uploads\/2024\/05\/Joaquin-Callabed-conferencia-abordaje-bio-psico-social-consulta-a-los-adolescentes-627x376.webp 627w, https:\/\/raed.academy\/wp-content\/uploads\/2024\/05\/Joaquin-Callabed-conferencia-abordaje-bio-psico-social-consulta-a-los-adolescentes-440x264.webp 440w\" alt=\"Joaqu\u00edn Callabed\" width=\"1200\" height=\"720\" aria-describedby=\"caption-attachment-149375\" \/><p id=\"caption-attachment-149375\" class=\"wp-caption-text\">Dr. Joaqu\u00edn Callabed<\/p><\/div>\n<p><a href=\"https:\/\/raed.academy\/ca\/academics\/dr-joaquin-callabed-carracedo\/\" target=\"_blank\" rel=\"noopener\"><em><strong><span class=\"constant\">Joaqu\u00edn Callabed<\/span><\/strong><\/em><\/a>, president del <strong>Club de\u00a0<span class=\"constant\">Pediatria<\/span>\u00a0Social<\/strong>, acad\u00e8mic corresponent de la <strong>Reial Acad\u00e8mia de\u00a0<span class=\"alternative\">Medicina<\/span>\u00a0de\u00a0<span class=\"constant\">Catalunya<\/span>\u00a0<\/strong>i de la <strong>Reial Acad\u00e8mia de\u00a0<span class=\"constant\">Farm\u00e0cia<\/span>\u00a0de\u00a0<span class=\"constant\">Catalunya<\/span><\/strong>\u00a0i acad\u00e8mic numerari i vicepresident de la\u00a0<span class=\"constant\">Secci\u00f3<\/span>\u00a0de\u00a0<span class=\"constant\">Ci\u00e8ncies<\/span>\u00a0de la\u00a0<span class=\"constant\">Salut<\/span>\u00a0de la <strong>Reial Acad\u00e8mia Europea de\u00a0<span class=\"constant\">Doctors<\/span><\/strong>\u00a0(<span class=\"constant\">RAED<\/span>), reflexiona sobre el\u00a0<span class=\"alternative\">llegat<\/span>\u00a0que algunes de les principals figures de la\u00a0<span class=\"alternative\">medicina<\/span> han deixat per a la hist\u00f2ria, aix\u00ed com la tradici\u00f3 humanista que han forjat, als articles <strong>&#8220;Revoluci\u00f3n m\u00e9dica y farmac\u00e9utica de Paracelso&#8221;<\/strong>, <strong>&#8220;Con menos necesidades se es m\u00e1s libre y feliz&#8221;<\/strong>, <strong>&#8220;El legado del &#8216;m\u00e9dico de reyes y papas'&#8221;<\/strong>, <strong>&#8220;Luis Mercado, figura m\u00e9dica del Siglo de Oro&#8221; <\/strong>i<strong> &#8220;Andr\u00e9s Laguna, el m\u00e9dico de ricos y pobres&#8221;<\/strong><span class=\"TextRun SCXW130459763 BCX0\" lang=\"ES-ES\" xml:lang=\"ES-ES\" data-contrast=\"auto\"><span class=\"NormalTextRun SCXW130459763 BCX0\">,<\/span><\/span>\u00a0publicats al llarg dels \u00faltims mesos a la secci\u00f3 <strong>&#8220;<span class=\"constant\">Lectores<\/span> expertos&#8221;<\/strong> de l&#8217;edici\u00f3 digital del diari <strong>&#8220;<span class=\"constant\">La Vanguardia<\/span>&#8220;<\/strong>, de la comunitat del qual de lectors forma part activa.<\/p>\n<p>A <em>&#8220;Revoluci\u00f3n m\u00e9dica y farmac\u00e9utica de Paracelso&#8221;<\/em>, l&#8217;acad\u00e8mic presenta la figura del que \u00e9s considerat el principal autor de la revoluci\u00f3 medicofarmac\u00e8utica del <span class=\"constant\">Renaixement<\/span> davant el pensament establert del segle XVI. &#8220;Va ser un partidari absolut dels medicaments qu\u00edmics, que fins aleshores gaireb\u00e9 no s&#8217;havien fet servir. Va practicar una <span class=\"alternative\">medicina<\/span> integral, en la qual no admetia la separaci\u00f3 entre metge, cirurgi\u00e0 i farmac\u00e8utic, exigint en conseq\u00fc\u00e8ncia, a qui es\u00a0<span class=\"alternative\">dediqu\u00e9s<\/span> a aix\u00f2, un coneixement personal absolut de tot el necessari per curar la malaltia, i va acceptar, com a principal arma per lluitar contra la malaltia, el medicament, que el metge havia de saber buscar, preparar i utilitzar. Va ser abans que res un terapeuta, que va dedicar a l\u2019estudi del medicament les seves millors obres&#8221;, explica.<\/p>\n<p>D\u2019altra banda, a <em>&#8220;Con menos necesidades se es m\u00e1s libre y feliz&#8221;<\/em>, <span class=\"constant\">Callabed<\/span>\u00a0apunta els ensenyaments d\u2019<strong><span class=\"constant\">Ant\u00edstenes d&#8217;Atenes<\/span><\/strong>, considerat el fundador de l&#8217;escola c\u00ednica grega. &#8220;Tot el que el savi fa, diu <span class=\"constant\">Ant\u00edstenes<\/span>, es regeix per la virtut, i el plaer no nom\u00e9s no \u00e9s necessari, sin\u00f3 clarament perjudicial. Es diu que mantenia que el dolor i fins i tot la mala reputaci\u00f3 eren benediccions, i que va dir: &#8216;M&#8217;estimo m\u00e9s embogir a portar una vida regalada&#8217;. Aix\u00ed i tot, lloa els plaers que sorgeixen &#8216;del magatzem de la meva \u00e0nima&#8217; o del &#8216;tracte amb un amic s\u00e0viament escollit'&#8221;, assenyala.<\/p>\n<p>El president del Club de\u00a0<span class=\"constant\">Pediatria<\/span>\u00a0social se centra en la figura d\u2019<strong>Arnau de Vilanova<\/strong>, metge, te\u00f2leg i ambaixador espanyol de grans figures de la monarquia i del clergat de l\u2019Edat Mitjana, a <em>&#8220;El legado del &#8216;m\u00e9dico de reyes y papas'&#8221;<\/em>. &#8220;Arnau de Vilanova va tenir una activa intervenci\u00f3 en la vida pol\u00edtica del seu temps, gaireb\u00e9 sempre moguda pels seus ideals religiosos i\u00a0<span class=\"alternative\">basada<\/span> en el seu prestigi professional: en l&#8217;amistat de <strong><span class=\"constant\">Jaume<\/span>\u00a0II<\/strong>, en la toler\u00e0ncia de\u00a0<strong><span class=\"constant\">Bonifaci<\/span>\u00a0VIII<\/strong> o en la benevol\u00e8ncia de\u00a0<strong><span class=\"constant\">Climent<\/span>\u00a0V<\/strong> subjeu la gratitud del pacient efica\u00e7ment tractat, encara que es vegi tamb\u00e9 fomentada per la lleialtat del s\u00fabdit i la fidelitat del cristi\u00e0&#8221;, explica.<\/p>\n<p><img loading=\"lazy\" decoding=\"async\" class=\"alignright size-full wp-image-142869\" src=\"https:\/\/raed.academy\/wp-content\/uploads\/2023\/12\/historia-de-la-medicina-antigua-camilla-medico-dst.webp\" sizes=\"(max-width: 600px) 100vw, 600px\" srcset=\"https:\/\/raed.academy\/wp-content\/uploads\/2023\/12\/historia-de-la-medicina-antigua-camilla-medico-dst.webp 600w, https:\/\/raed.academy\/wp-content\/uploads\/2023\/12\/historia-de-la-medicina-antigua-camilla-medico-dst-440x264.webp 440w\" alt=\"\" width=\"600\" height=\"360\" \/>A <em>&#8220;<span class=\"constant\">Luis Mercado<\/span>, figura m\u00e9dica del <span class=\"constant\">Siglo<\/span> de <span class=\"constant\">Oro<\/span>&#8220;<\/em>,\u00a0<span class=\"constant\">Callabed<\/span> s&#8217;atura en la vida i l&#8217;obra d&#8217;aquest escriptor, cl\u00ednic i higienista que va publicar nombrosos llibres sobre la <span class=\"alternative\">medicina<\/span> de l&#8217;\u00e8poca del <span class=\"constant\">Renaixement<\/span> i \u00e9s considerat la figura que va sistematitzar el coneixement m\u00e8dic d&#8217;aquell moment. &#8220;Gran cl\u00ednic, va ser autor de la primera descripci\u00f3 de l&#8217;angina dift\u00e8rica sufocant, va ser un dels primers a escriure sobre el tifus i va ser pioner d\u2019especialitats com la ginecologia, l&#8217;obstetr\u00edcia i la gen\u00e8tica. L&#8217;obra de <span class=\"constant\">Mercado<\/span> va ser, sens dubte, la m\u00e9s influent sistematitzaci\u00f3 del saber m\u00e8dic realitzada a Europa des dels <span class=\"alternative\">suposats <\/span>escol\u00e0stics contrareformistes&#8221;, considera.<\/p>\n<p>Finalment, a &#8220;<span class=\"constant\">Andr\u00e9s Laguna<\/span>, el m\u00e9dico de ricos y pobres&#8221;, l\u2019expert es focalitza en la figura del reconegut metge humanista, anat\u00f2mic, farmac\u00f2leg, bot\u00e0nic, fil\u00f2sof, poliglot, viatger, poeta i pol\u00edtic que va ser metge personal de <strong><span class=\"constant\">Carles<\/span>\u00a0I<\/strong>. &#8220;<span class=\"constant\">Andr\u00e9s Laguna<\/span> va ser un dels grans personatges de la seva \u00e8poca, representant del per\u00edode en qu\u00e8 la ci\u00e8ncia espanyola ha tingut una repercussi\u00f3 m\u00e9s\u00a0<span class=\"alternative\">gran<\/span>. Va exercir un paper fonamental en el context europeu del segle XVI. Va ser fill de <strong>Diego Fern\u00e1ndez Laguna<\/strong>, un metge judeoconvers, i de <strong>Catalina Vel\u00e1zquez<\/strong>. Va estudiar dos anys d\u2019<span class=\"constant\">Arts<\/span>\u00a0a Salamanca i es va traslladar el 1530 a Par\u00eds, on es va graduar en\u00a0<span class=\"constant\">Arts<\/span>\u00a0i va estudiar\u00a0<span class=\"constant\">Medicina<\/span>. Es va formar tamb\u00e9 en lleng\u00fces cl\u00e0ssiques amb hel\u00b7lenistes i llatinistes de prestigi per poder llegir en llengua original a\u00a0<strong><span class=\"constant\">Diosc\u00f2rides<\/span><\/strong>&#8220;, explica.<\/p>\n<ul>\n<li><strong><a href=\"https:\/\/www.lavanguardia.com\/participacion\/red-lectores\/20240506\/9608375\/revolucion-medica-farmaceutica-paracelso.html\" target=\"_blank\" rel=\"noopener\">Llegiu &#8220;Revoluci\u00f3n m\u00e9dica y farmac\u00e9utica de Paracelso&#8221;<\/a><\/strong><\/li>\n<li><strong><a href=\"https:\/\/www.lavanguardia.com\/participacion\/red-lectores\/20240612\/9723264\/necesidades-mas-libre-feliz.html\" target=\"_blank\" rel=\"noopener\">Llegiu &#8220;Con menos necesidades se es m\u00e1s libre y feliz&#8221;<\/a><\/strong><\/li>\n<li><strong><a href=\"https:\/\/www.lavanguardia.com\/participacion\/red-lectores\/20240617\/9730474\/legado-medico-arnau-vilanova.html\" target=\"_blank\" rel=\"noopener\">Llegiu &#8220;El legado del &#8216;m\u00e9dico de reyes y papas'&#8221;<\/a><\/strong><\/li>\n<li><strong><a href=\"https:\/\/www.lavanguardia.com\/participacion\/red-lectores\/20240704\/9778126\/luis-mercado-figura-medica-siglo-oro.html\" target=\"_blank\" rel=\"noopener\">Llegiu &#8220;Luis Mercado, figura m\u00e9dica del Siglo de Oro&#8221;<\/a><\/strong><\/li>\n<li><strong><a href=\"https:\/\/www.lavanguardia.com\/participacion\/red-lectores\/20240705\/9780536\/andres-laguna-medico-carlos-i.html\" target=\"_blank\" rel=\"noopener\">Llegiu &#8220;Andr\u00e9s Laguna, el m\u00e9dico de ricos y pobres&#8221;<\/a><\/strong><\/li>\n<\/ul>\n","protected":false},"excerpt":{"rendered":"<p>Joaqu\u00edn Callabed reflexiona, als seus \u00faltims articles, sobre el llegat que algunes de les principals figures de la medicina han deixat per a la hist\u00f2ria, i la tradici\u00f3 humanista que han forjat<\/p>\n","protected":false},"author":12,"featured_media":142870,"comment_status":"closed","ping_status":"closed","sticky":false,"template":"","format":"standard","meta":{"_et_pb_use_builder":"","_et_pb_old_content":"","_et_gb_content_width":"","footnotes":""},"categories":[455,442,242,213],"tags":[],"class_list":["post-161113","post","type-post","status-publish","format-standard","has-post-thumbnail","hentry","category-ciencies-de-la-salut","category-ciencies-farmaceutiques-ciencies-de-la-salut","category-categ-historia","category-medicina-i-cirurgia","et-has-post-format-content","et_post_format-et-post-format-standard"],"yoast_head":"<!-- This site is optimized with the Yoast SEO plugin v27.4 - https:\/\/yoast.com\/product\/yoast-seo-wordpress\/ -->\n<title>Figures que van marcar la hist\u00f2ria de la medicina - Reial Acad\u00e8mia Europea de Doctors<\/title>\n<meta name=\"description\" content=\"Joaqu\u00edn Callabed, sobre el llegat per a la hist\u00f2ria i la tradici\u00f3 humanista que han forjat figures de la medicina, als seus \u00faltims articles\" \/>\n<meta name=\"robots\" content=\"index, follow, max-snippet:-1, max-image-preview:large, max-video-preview:-1\" \/>\n<link rel=\"canonical\" href=\"https:\/\/raed.academy\/ca\/figures-que-van-marcar-la-historia-de-la-medicina\/\" \/>\n<meta property=\"og:locale\" content=\"ca_ES\" \/>\n<meta property=\"og:type\" content=\"article\" \/>\n<meta property=\"og:title\" content=\"Figures que van marcar la hist\u00f2ria de la medicina - Reial Acad\u00e8mia Europea de Doctors\" \/>\n<meta property=\"og:description\" content=\"Joaqu\u00edn Callabed, sobre el llegat per a la hist\u00f2ria i la tradici\u00f3 humanista que han forjat figures de la medicina, als seus \u00faltims articles\" \/>\n<meta property=\"og:url\" content=\"https:\/\/raed.academy\/ca\/figures-que-van-marcar-la-historia-de-la-medicina\/\" \/>\n<meta property=\"og:site_name\" content=\"Reial Acad\u00e8mia Europea de Doctors\" \/>\n<meta property=\"article:publisher\" content=\"http:\/\/fb.me\/raed.academy\" \/>\n<meta property=\"article:published_time\" content=\"2025-04-03T10:11:10+00:00\" \/>\n<meta property=\"og:image\" content=\"https:\/\/raed.academy\/wp-content\/uploads\/2023\/12\/historia-de-la-medicina-antigua-camilla-medico-dst.webp\" \/>\n\t<meta property=\"og:image:width\" content=\"600\" \/>\n\t<meta property=\"og:image:height\" content=\"360\" \/>\n\t<meta property=\"og:image:type\" content=\"image\/webp\" \/>\n<meta name=\"author\" content=\"RAED\" \/>\n<meta name=\"twitter:card\" content=\"summary_large_image\" \/>\n<meta name=\"twitter:creator\" content=\"@raedacademy\" \/>\n<meta name=\"twitter:site\" content=\"@raedacademy\" \/>\n<meta name=\"twitter:label1\" content=\"Written by\" \/>\n\t<meta name=\"twitter:data1\" content=\"RAED\" \/>\n\t<meta name=\"twitter:label2\" content=\"Est. reading time\" \/>\n\t<meta name=\"twitter:data2\" content=\"5 minutes\" \/>\n<script type=\"application\/ld+json\" class=\"yoast-schema-graph\">{\"@context\":\"https:\\\/\\\/schema.org\",\"@graph\":[{\"@type\":\"Article\",\"@id\":\"https:\\\/\\\/raed.academy\\\/ca\\\/figures-que-van-marcar-la-historia-de-la-medicina\\\/#article\",\"isPartOf\":{\"@id\":\"https:\\\/\\\/raed.academy\\\/ca\\\/figures-que-van-marcar-la-historia-de-la-medicina\\\/\"},\"author\":{\"name\":\"RAED\",\"@id\":\"https:\\\/\\\/raed.academy\\\/ca\\\/#\\\/schema\\\/person\\\/5a755da80d1d979fd66ba745c8702927\"},\"headline\":\"Figures que van marcar la hist\u00f2ria de la medicina\",\"datePublished\":\"2025-04-03T10:11:10+00:00\",\"mainEntityOfPage\":{\"@id\":\"https:\\\/\\\/raed.academy\\\/ca\\\/figures-que-van-marcar-la-historia-de-la-medicina\\\/\"},\"wordCount\":888,\"publisher\":{\"@id\":\"https:\\\/\\\/raed.academy\\\/ca\\\/#organization\"},\"image\":{\"@id\":\"https:\\\/\\\/raed.academy\\\/ca\\\/figures-que-van-marcar-la-historia-de-la-medicina\\\/#primaryimage\"},\"thumbnailUrl\":\"https:\\\/\\\/raed.academy\\\/wp-content\\\/uploads\\\/2023\\\/12\\\/historia-de-la-medicina-antigua-camilla-medico-dst.webp\",\"articleSection\":[\"Ci\u00e8ncies de la salut\",\"Ci\u00e8ncies Farmac\u00e8utiques\",\"Hist\u00f2ria\",\"Medicina i cirurgia\"],\"inLanguage\":\"ca-ES\"},{\"@type\":\"WebPage\",\"@id\":\"https:\\\/\\\/raed.academy\\\/ca\\\/figures-que-van-marcar-la-historia-de-la-medicina\\\/\",\"url\":\"https:\\\/\\\/raed.academy\\\/ca\\\/figures-que-van-marcar-la-historia-de-la-medicina\\\/\",\"name\":\"Figures que van marcar la hist\u00f2ria de la medicina - Reial Acad\u00e8mia Europea de Doctors\",\"isPartOf\":{\"@id\":\"https:\\\/\\\/raed.academy\\\/ca\\\/#website\"},\"primaryImageOfPage\":{\"@id\":\"https:\\\/\\\/raed.academy\\\/ca\\\/figures-que-van-marcar-la-historia-de-la-medicina\\\/#primaryimage\"},\"image\":{\"@id\":\"https:\\\/\\\/raed.academy\\\/ca\\\/figures-que-van-marcar-la-historia-de-la-medicina\\\/#primaryimage\"},\"thumbnailUrl\":\"https:\\\/\\\/raed.academy\\\/wp-content\\\/uploads\\\/2023\\\/12\\\/historia-de-la-medicina-antigua-camilla-medico-dst.webp\",\"datePublished\":\"2025-04-03T10:11:10+00:00\",\"description\":\"Joaqu\u00edn Callabed, sobre el llegat per a la hist\u00f2ria i la tradici\u00f3 humanista que han forjat figures de la medicina, als seus \u00faltims articles\",\"breadcrumb\":{\"@id\":\"https:\\\/\\\/raed.academy\\\/ca\\\/figures-que-van-marcar-la-historia-de-la-medicina\\\/#breadcrumb\"},\"inLanguage\":\"ca-ES\",\"potentialAction\":[{\"@type\":\"ReadAction\",\"target\":[\"https:\\\/\\\/raed.academy\\\/ca\\\/figures-que-van-marcar-la-historia-de-la-medicina\\\/\"]}]},{\"@type\":\"ImageObject\",\"inLanguage\":\"ca-ES\",\"@id\":\"https:\\\/\\\/raed.academy\\\/ca\\\/figures-que-van-marcar-la-historia-de-la-medicina\\\/#primaryimage\",\"url\":\"https:\\\/\\\/raed.academy\\\/wp-content\\\/uploads\\\/2023\\\/12\\\/historia-de-la-medicina-antigua-camilla-medico-dst.webp\",\"contentUrl\":\"https:\\\/\\\/raed.academy\\\/wp-content\\\/uploads\\\/2023\\\/12\\\/historia-de-la-medicina-antigua-camilla-medico-dst.webp\",\"width\":600,\"height\":360},{\"@type\":\"BreadcrumbList\",\"@id\":\"https:\\\/\\\/raed.academy\\\/ca\\\/figures-que-van-marcar-la-historia-de-la-medicina\\\/#breadcrumb\",\"itemListElement\":[{\"@type\":\"ListItem\",\"position\":1,\"name\":\"Inicio\",\"item\":\"https:\\\/\\\/raed.academy\\\/ca\\\/\"},{\"@type\":\"ListItem\",\"position\":2,\"name\":\"Figures que van marcar la hist\u00f2ria de la medicina\"}]},{\"@type\":\"WebSite\",\"@id\":\"https:\\\/\\\/raed.academy\\\/ca\\\/#website\",\"url\":\"https:\\\/\\\/raed.academy\\\/ca\\\/\",\"name\":\"Reial Acad\u00e8mia Europea de Doctors\",\"description\":\"Corporaci\u00f3n de derecho p\u00fablico de car\u00e1cter cient\u00edfico, t\u00e9cnico y art\u00edstico, que tiene por objeto la investigaci\u00f3n, el estudio, el fomento y la extensi\u00f3n del conocimiento en su sentido m\u00e1s amplio\",\"publisher\":{\"@id\":\"https:\\\/\\\/raed.academy\\\/ca\\\/#organization\"},\"potentialAction\":[{\"@type\":\"SearchAction\",\"target\":{\"@type\":\"EntryPoint\",\"urlTemplate\":\"https:\\\/\\\/raed.academy\\\/ca\\\/?s={search_term_string}\"},\"query-input\":{\"@type\":\"PropertyValueSpecification\",\"valueRequired\":true,\"valueName\":\"search_term_string\"}}],\"inLanguage\":\"ca-ES\"},{\"@type\":\"Organization\",\"@id\":\"https:\\\/\\\/raed.academy\\\/ca\\\/#organization\",\"name\":\"Real Academia Europea de Doctores\",\"url\":\"https:\\\/\\\/raed.academy\\\/ca\\\/\",\"logo\":{\"@type\":\"ImageObject\",\"inLanguage\":\"ca-ES\",\"@id\":\"https:\\\/\\\/raed.academy\\\/ca\\\/#\\\/schema\\\/logo\\\/image\\\/\",\"url\":\"https:\\\/\\\/raed.academy\\\/wp-content\\\/uploads\\\/2017\\\/01\\\/cropped-logo_raed.png\",\"contentUrl\":\"https:\\\/\\\/raed.academy\\\/wp-content\\\/uploads\\\/2017\\\/01\\\/cropped-logo_raed.png\",\"width\":512,\"height\":512,\"caption\":\"Real Academia Europea de Doctores\"},\"image\":{\"@id\":\"https:\\\/\\\/raed.academy\\\/ca\\\/#\\\/schema\\\/logo\\\/image\\\/\"},\"sameAs\":[\"http:\\\/\\\/fb.me\\\/raed.academy\",\"https:\\\/\\\/x.com\\\/raedacademy\",\"https:\\\/\\\/www.instagram.com\\\/raed.academy\\\/\",\"https:\\\/\\\/www.youtube.com\\\/channel\\\/UCUYQwW2KrdirNWihxMDObwg\"]},{\"@type\":\"Person\",\"@id\":\"https:\\\/\\\/raed.academy\\\/ca\\\/#\\\/schema\\\/person\\\/5a755da80d1d979fd66ba745c8702927\",\"name\":\"RAED\",\"image\":{\"@type\":\"ImageObject\",\"inLanguage\":\"ca-ES\",\"@id\":\"https:\\\/\\\/secure.gravatar.com\\\/avatar\\\/19fdfdc0d67fb9c45714b703a2ac82251c4fcea3637f002ac3c9b74c0183583c?s=96&d=mm&r=g\",\"url\":\"https:\\\/\\\/secure.gravatar.com\\\/avatar\\\/19fdfdc0d67fb9c45714b703a2ac82251c4fcea3637f002ac3c9b74c0183583c?s=96&d=mm&r=g\",\"contentUrl\":\"https:\\\/\\\/secure.gravatar.com\\\/avatar\\\/19fdfdc0d67fb9c45714b703a2ac82251c4fcea3637f002ac3c9b74c0183583c?s=96&d=mm&r=g\",\"caption\":\"RAED\"}}]}<\/script>\n<!-- \/ Yoast SEO plugin. -->","yoast_head_json":{"title":"Figures que van marcar la hist\u00f2ria de la medicina - Reial Acad\u00e8mia Europea de Doctors","description":"Joaqu\u00edn Callabed, sobre el llegat per a la hist\u00f2ria i la tradici\u00f3 humanista que han forjat figures de la medicina, als seus \u00faltims articles","robots":{"index":"index","follow":"follow","max-snippet":"max-snippet:-1","max-image-preview":"max-image-preview:large","max-video-preview":"max-video-preview:-1"},"canonical":"https:\/\/raed.academy\/ca\/figures-que-van-marcar-la-historia-de-la-medicina\/","og_locale":"ca_ES","og_type":"article","og_title":"Figures que van marcar la hist\u00f2ria de la medicina - Reial Acad\u00e8mia Europea de Doctors","og_description":"Joaqu\u00edn Callabed, sobre el llegat per a la hist\u00f2ria i la tradici\u00f3 humanista que han forjat figures de la medicina, als seus \u00faltims articles","og_url":"https:\/\/raed.academy\/ca\/figures-que-van-marcar-la-historia-de-la-medicina\/","og_site_name":"Reial Acad\u00e8mia Europea de Doctors","article_publisher":"http:\/\/fb.me\/raed.academy","article_published_time":"2025-04-03T10:11:10+00:00","og_image":[{"width":600,"height":360,"url":"https:\/\/raed.academy\/wp-content\/uploads\/2023\/12\/historia-de-la-medicina-antigua-camilla-medico-dst.webp","type":"image\/webp"}],"author":"RAED","twitter_card":"summary_large_image","twitter_creator":"@raedacademy","twitter_site":"@raedacademy","twitter_misc":{"Written by":"RAED","Est. reading time":"5 minutes"},"schema":{"@context":"https:\/\/schema.org","@graph":[{"@type":"Article","@id":"https:\/\/raed.academy\/ca\/figures-que-van-marcar-la-historia-de-la-medicina\/#article","isPartOf":{"@id":"https:\/\/raed.academy\/ca\/figures-que-van-marcar-la-historia-de-la-medicina\/"},"author":{"name":"RAED","@id":"https:\/\/raed.academy\/ca\/#\/schema\/person\/5a755da80d1d979fd66ba745c8702927"},"headline":"Figures que van marcar la hist\u00f2ria de la medicina","datePublished":"2025-04-03T10:11:10+00:00","mainEntityOfPage":{"@id":"https:\/\/raed.academy\/ca\/figures-que-van-marcar-la-historia-de-la-medicina\/"},"wordCount":888,"publisher":{"@id":"https:\/\/raed.academy\/ca\/#organization"},"image":{"@id":"https:\/\/raed.academy\/ca\/figures-que-van-marcar-la-historia-de-la-medicina\/#primaryimage"},"thumbnailUrl":"https:\/\/raed.academy\/wp-content\/uploads\/2023\/12\/historia-de-la-medicina-antigua-camilla-medico-dst.webp","articleSection":["Ci\u00e8ncies de la salut","Ci\u00e8ncies Farmac\u00e8utiques","Hist\u00f2ria","Medicina i cirurgia"],"inLanguage":"ca-ES"},{"@type":"WebPage","@id":"https:\/\/raed.academy\/ca\/figures-que-van-marcar-la-historia-de-la-medicina\/","url":"https:\/\/raed.academy\/ca\/figures-que-van-marcar-la-historia-de-la-medicina\/","name":"Figures que van marcar la hist\u00f2ria de la medicina - Reial Acad\u00e8mia Europea de Doctors","isPartOf":{"@id":"https:\/\/raed.academy\/ca\/#website"},"primaryImageOfPage":{"@id":"https:\/\/raed.academy\/ca\/figures-que-van-marcar-la-historia-de-la-medicina\/#primaryimage"},"image":{"@id":"https:\/\/raed.academy\/ca\/figures-que-van-marcar-la-historia-de-la-medicina\/#primaryimage"},"thumbnailUrl":"https:\/\/raed.academy\/wp-content\/uploads\/2023\/12\/historia-de-la-medicina-antigua-camilla-medico-dst.webp","datePublished":"2025-04-03T10:11:10+00:00","description":"Joaqu\u00edn Callabed, sobre el llegat per a la hist\u00f2ria i la tradici\u00f3 humanista que han forjat figures de la medicina, als seus \u00faltims articles","breadcrumb":{"@id":"https:\/\/raed.academy\/ca\/figures-que-van-marcar-la-historia-de-la-medicina\/#breadcrumb"},"inLanguage":"ca-ES","potentialAction":[{"@type":"ReadAction","target":["https:\/\/raed.academy\/ca\/figures-que-van-marcar-la-historia-de-la-medicina\/"]}]},{"@type":"ImageObject","inLanguage":"ca-ES","@id":"https:\/\/raed.academy\/ca\/figures-que-van-marcar-la-historia-de-la-medicina\/#primaryimage","url":"https:\/\/raed.academy\/wp-content\/uploads\/2023\/12\/historia-de-la-medicina-antigua-camilla-medico-dst.webp","contentUrl":"https:\/\/raed.academy\/wp-content\/uploads\/2023\/12\/historia-de-la-medicina-antigua-camilla-medico-dst.webp","width":600,"height":360},{"@type":"BreadcrumbList","@id":"https:\/\/raed.academy\/ca\/figures-que-van-marcar-la-historia-de-la-medicina\/#breadcrumb","itemListElement":[{"@type":"ListItem","position":1,"name":"Inicio","item":"https:\/\/raed.academy\/ca\/"},{"@type":"ListItem","position":2,"name":"Figures que van marcar la hist\u00f2ria de la medicina"}]},{"@type":"WebSite","@id":"https:\/\/raed.academy\/ca\/#website","url":"https:\/\/raed.academy\/ca\/","name":"Reial Acad\u00e8mia Europea de Doctors","description":"Corporaci\u00f3n de derecho p\u00fablico de car\u00e1cter cient\u00edfico, t\u00e9cnico y art\u00edstico, que tiene por objeto la investigaci\u00f3n, el estudio, el fomento y la extensi\u00f3n del conocimiento en su sentido m\u00e1s amplio","publisher":{"@id":"https:\/\/raed.academy\/ca\/#organization"},"potentialAction":[{"@type":"SearchAction","target":{"@type":"EntryPoint","urlTemplate":"https:\/\/raed.academy\/ca\/?s={search_term_string}"},"query-input":{"@type":"PropertyValueSpecification","valueRequired":true,"valueName":"search_term_string"}}],"inLanguage":"ca-ES"},{"@type":"Organization","@id":"https:\/\/raed.academy\/ca\/#organization","name":"Real Academia Europea de Doctores","url":"https:\/\/raed.academy\/ca\/","logo":{"@type":"ImageObject","inLanguage":"ca-ES","@id":"https:\/\/raed.academy\/ca\/#\/schema\/logo\/image\/","url":"https:\/\/raed.academy\/wp-content\/uploads\/2017\/01\/cropped-logo_raed.png","contentUrl":"https:\/\/raed.academy\/wp-content\/uploads\/2017\/01\/cropped-logo_raed.png","width":512,"height":512,"caption":"Real Academia Europea de Doctores"},"image":{"@id":"https:\/\/raed.academy\/ca\/#\/schema\/logo\/image\/"},"sameAs":["http:\/\/fb.me\/raed.academy","https:\/\/x.com\/raedacademy","https:\/\/www.instagram.com\/raed.academy\/","https:\/\/www.youtube.com\/channel\/UCUYQwW2KrdirNWihxMDObwg"]},{"@type":"Person","@id":"https:\/\/raed.academy\/ca\/#\/schema\/person\/5a755da80d1d979fd66ba745c8702927","name":"RAED","image":{"@type":"ImageObject","inLanguage":"ca-ES","@id":"https:\/\/secure.gravatar.com\/avatar\/19fdfdc0d67fb9c45714b703a2ac82251c4fcea3637f002ac3c9b74c0183583c?s=96&d=mm&r=g","url":"https:\/\/secure.gravatar.com\/avatar\/19fdfdc0d67fb9c45714b703a2ac82251c4fcea3637f002ac3c9b74c0183583c?s=96&d=mm&r=g","contentUrl":"https:\/\/secure.gravatar.com\/avatar\/19fdfdc0d67fb9c45714b703a2ac82251c4fcea3637f002ac3c9b74c0183583c?s=96&d=mm&r=g","caption":"RAED"}}]}},"_links":{"self":[{"href":"https:\/\/raed.academy\/ca\/wp-json\/wp\/v2\/posts\/161113","targetHints":{"allow":["GET"]}}],"collection":[{"href":"https:\/\/raed.academy\/ca\/wp-json\/wp\/v2\/posts"}],"about":[{"href":"https:\/\/raed.academy\/ca\/wp-json\/wp\/v2\/types\/post"}],"author":[{"embeddable":true,"href":"https:\/\/raed.academy\/ca\/wp-json\/wp\/v2\/users\/12"}],"replies":[{"embeddable":true,"href":"https:\/\/raed.academy\/ca\/wp-json\/wp\/v2\/comments?post=161113"}],"version-history":[{"count":0,"href":"https:\/\/raed.academy\/ca\/wp-json\/wp\/v2\/posts\/161113\/revisions"}],"wp:featuredmedia":[{"embeddable":true,"href":"https:\/\/raed.academy\/ca\/wp-json\/wp\/v2\/media\/142870"}],"wp:attachment":[{"href":"https:\/\/raed.academy\/ca\/wp-json\/wp\/v2\/media?parent=161113"}],"wp:term":[{"taxonomy":"category","embeddable":true,"href":"https:\/\/raed.academy\/ca\/wp-json\/wp\/v2\/categories?post=161113"},{"taxonomy":"post_tag","embeddable":true,"href":"https:\/\/raed.academy\/ca\/wp-json\/wp\/v2\/tags?post=161113"}],"curies":[{"name":"wp","href":"https:\/\/api.w.org\/{rel}","templated":true}]}}