{"id":160700,"date":"2025-03-17T09:57:25","date_gmt":"2025-03-17T09:57:25","guid":{"rendered":"https:\/\/raed.academy\/?p=160700"},"modified":"2025-03-17T09:57:25","modified_gmt":"2025-03-17T09:57:25","slug":"les-matematiques-de-la-prehistoria","status":"publish","type":"post","link":"https:\/\/raed.academy\/ca\/les-matematiques-de-la-prehistoria\/","title":{"rendered":"Les matem\u00e0tiques de la Prehist\u00f2ria"},"content":{"rendered":"<div id=\"attachment_147215\" style=\"width: 236px\" class=\"wp-caption alignleft\"><img loading=\"lazy\" decoding=\"async\" aria-describedby=\"caption-attachment-147215\" class=\"wp-image-147215 size-full\" src=\"https:\/\/raed.academy\/wp-content\/uploads\/2024\/04\/Francisco-Gonzalez-Redondo.webp\" alt=\"Francisco Gonz\u00e1lez Redondo\" width=\"226\" height=\"301\" aria-describedby=\"caption-attachment-147215\" \/><p id=\"caption-attachment-147215\" class=\"wp-caption-text\">Francisco Gonz\u00e1lez Redondo<\/p><\/div>\n<p><strong>Francisco Gonz\u00e1lez Redondo<\/strong>, professor d&#8217;Hist\u00f2ria de la Ci\u00e8ncia a la Facultat d\u2019Educaci\u00f3 de la <strong>Universitat\u00a0Complutense\u00a0de Madrid<\/strong> i col\u00b7laborador de la <strong>Reial Acad\u00e8mia Europea de\u00a0Doctors<\/strong> (RAED), comparteix amb la comunitat acad\u00e8mica l\u2019\u00faltima exposici\u00f3 que ha organitzat, <strong>&#8220;Arte, matem\u00e1tica y g\u00e9nero en la Prehistoria&#8221;<\/strong>, que pot visitar-se fins a finals de maig al <strong>Parc de la Prehist\u00f2ria<\/strong> de Teverga, a Ast\u00faries, despr\u00e9s d\u2019haver recorregut diversos empla\u00e7aments i haver estat un dels principals atractius de la <strong>XIII Fira Madrid \u00e9s Ci\u00e8ncia<\/strong>. Composta per una s\u00e8rie de plafons que exposen la hip\u00f2tesi que els m\u00e9s significatius registres matem\u00e0tics del Paleol\u00edtic Superior hagin estat realitzats per dones, la mostra s\u2019acompanya de la confer\u00e8ncia <strong>&#8220;\u00bfFueron mujeres los &#8216;primeros matem\u00e1ticos&#8217;?&#8221;<\/strong>, que el mateix Gonz\u00e1lez Redondo ha pronunciat en diversos auditoris amb una finalitat divulgativa.<\/p>\n<p>L&#8217;expert assenyala que existeixen nombroses manifestacions prehist\u00f2riques simb\u00f2liques abstractes que contenen un tipus de registre no-figuratiu interpretable des d\u2019una perspectiva matem\u00e0tica i podrien tractar-se d\u2019anotacions comptables i fins i tot registres de calendaris astron\u00f2mics. &#8220;Els nostres avantpassats demostrarien estar dotats ja de la capacitat de registrar simb\u00f2licament el pensament, una evid\u00e8ncia de la modernitat en la nostra esp\u00e8cie que ens distingiria de totes les anteriors&#8221;, explica el docent.<\/p>\n<p><img loading=\"lazy\" decoding=\"async\" class=\"alignright size-full wp-image-114372\" src=\"https:\/\/raed.academy\/wp-content\/uploads\/2022\/03\/shutterstock_evolucion-del-hombre-dominio-del-fuego-prehistoria-dst.webp\" sizes=\"(max-width: 600px) 100vw, 600px\" srcset=\"https:\/\/raed.academy\/wp-content\/uploads\/2022\/03\/shutterstock_evolucion-del-hombre-dominio-del-fuego-prehistoria-dst.webp 600w, https:\/\/raed.academy\/wp-content\/uploads\/2022\/03\/shutterstock_evolucion-del-hombre-dominio-del-fuego-prehistoria-dst-440x264.webp 440w\" alt=\"Evoluci\u00f3n del hombre dominio del fuego, Prehistoria\" width=\"600\" height=\"360\" \/>D\u2019acord amb les visions usuals, en el Paleol\u00edtic Superior, els avantpassats de l\u2019\u00e9sser hum\u00e0 actual demostrarien estar dotats ja de la capacitat de registrar simb\u00f2licament el pensament, una evid\u00e8ncia de la modernitat de l\u2019esp\u00e8cie que la distingiria amb claredat de totes les anteriors. Tot i aix\u00f2, al costat de cavalls, c\u00e9rvoles, cabres o bisons pintats a les parets de les coves o gravats a os, en la Prehist\u00f2ria tamb\u00e9 apareixen aquelles manifestacions de registre no-figuratiu que, aparentment, nom\u00e9s podrien entendre&#8217;s des d&#8217;una perspectiva matem\u00e0tica.<\/p>\n<p>&#8220;El 2021,\u00a0<strong>Marylene Patou-Mathis<\/strong> publicava un llibre a\u00a0Fran\u00e7a\u00a0(<strong>&#8216;El hombre prehist\u00f3rico es tambi\u00e9n una mujer&#8217;<\/strong>), reivindicant que, davant les tradicionals atribucions als homes exclusivament, les dones tamb\u00e9 podien haver estat pintores, ca\u00e7adores&#8230; a la Prehist\u00f2ria. L\u2019any seg\u00fcent, <strong>Marga S\u00e1nchez Romero<\/strong> publicava una mirada an\u00e0loga en espanyol (<strong>&#8216;Prehistoria de mujeres&#8217;<\/strong>) presentant nombroses evid\u00e8ncies de contribucions essencials realitzades per les nostres avantpassades m\u00e9s llunyanes en les seves vides quotidianes. Francisco Gonz\u00e1lez Redondo presenta ara una perspectiva d&#8217;una naturalesa qualitativament molt m\u00e9s singular que va comen\u00e7ar a publicar fa ja m\u00e9s de vint anys: potser no serien dones les primeres en registrar simb\u00f2licament el pensament matem\u00e0tic?&#8221;, assenyala la presentaci\u00f3 que d\u2019aquesta exposici\u00f3 va fer <strong>La Estaci\u00f3n de la Ciencia y la Tecnolog\u00eda<\/strong>, l\u2019espai de divulgaci\u00f3 cient\u00edfica i cultural de Burgos on el col\u00b7laborador de la RAED va oferir la xerrada el passat 7 de febrer.<\/p>\n","protected":false},"excerpt":{"rendered":"<p>Francisco Gonz\u00e1lez Redondo comparteix l&#8217;\u00faltima exposici\u00f3 que ha organitzat, &#8220;Arte, matem\u00e1tica y g\u00e9nero en la Prehistoria&#8221;, que es pot visitar fins a finals de maig al Parc de la Prehist\u00f2ria de Teverga, a Ast\u00faries<\/p>\n","protected":false},"author":12,"featured_media":0,"comment_status":"closed","ping_status":"closed","sticky":false,"template":"","format":"standard","meta":{"_et_pb_use_builder":"","_et_pb_old_content":"","_et_gb_content_width":"","footnotes":""},"categories":[247,313,242,301,407],"tags":[],"class_list":["post-160700","post","type-post","status-publish","format-standard","hentry","category-antropologia-ca","category-cosmologia-ca","category-categ-historia","category-matematiques","category-prehistoria-ca","et-doesnt-have-format-content","et_post_format-et-post-format-standard"],"yoast_head":"<!-- This site is optimized with the Yoast SEO plugin v27.4 - https:\/\/yoast.com\/product\/yoast-seo-wordpress\/ -->\n<title>Les matem\u00e0tiques de la Prehist\u00f2ria - Reial Acad\u00e8mia Europea de Doctors<\/title>\n<meta name=\"description\" content=\"Francisco Gonz\u00e1lez Redondo comparteix l&#039;\u00faltima exposici\u00f3 que ha organitzat, &quot;Arte, matem\u00e1tica y g\u00e9nero en la Prehistoria&quot;, que es pot visitar al Parc de la Prehist\u00f2ria de Teverga, a Ast\u00faries\" \/>\n<meta name=\"robots\" content=\"index, follow, max-snippet:-1, max-image-preview:large, max-video-preview:-1\" \/>\n<link rel=\"canonical\" href=\"https:\/\/raed.academy\/ca\/les-matematiques-de-la-prehistoria\/\" \/>\n<meta property=\"og:locale\" content=\"ca_ES\" \/>\n<meta property=\"og:type\" content=\"article\" \/>\n<meta property=\"og:title\" content=\"Les matem\u00e0tiques de la Prehist\u00f2ria - Reial Acad\u00e8mia Europea de Doctors\" \/>\n<meta property=\"og:description\" content=\"Francisco Gonz\u00e1lez Redondo comparteix l&#039;\u00faltima exposici\u00f3 que ha organitzat, &quot;Arte, matem\u00e1tica y g\u00e9nero en la Prehistoria&quot;, que es pot visitar al Parc de la Prehist\u00f2ria de Teverga, a Ast\u00faries\" \/>\n<meta property=\"og:url\" content=\"https:\/\/raed.academy\/ca\/les-matematiques-de-la-prehistoria\/\" \/>\n<meta property=\"og:site_name\" content=\"Reial Acad\u00e8mia Europea de Doctors\" \/>\n<meta property=\"article:publisher\" content=\"http:\/\/fb.me\/raed.academy\" \/>\n<meta property=\"article:published_time\" content=\"2025-03-17T09:57:25+00:00\" \/>\n<meta property=\"og:image\" content=\"https:\/\/raed.academy\/wp-content\/uploads\/2022\/03\/shutterstock_evolucion-del-hombre-dominio-del-fuego-prehistoria-dst.webp\" \/>\n\t<meta property=\"og:image:width\" content=\"600\" \/>\n\t<meta property=\"og:image:height\" content=\"360\" \/>\n\t<meta property=\"og:image:type\" content=\"image\/webp\" \/>\n<meta name=\"author\" content=\"RAED\" \/>\n<meta name=\"twitter:card\" content=\"summary_large_image\" \/>\n<meta name=\"twitter:creator\" content=\"@raedacademy\" \/>\n<meta name=\"twitter:site\" content=\"@raedacademy\" \/>\n<meta name=\"twitter:label1\" content=\"Written by\" \/>\n\t<meta name=\"twitter:data1\" content=\"RAED\" \/>\n\t<meta name=\"twitter:label2\" content=\"Est. reading time\" \/>\n\t<meta name=\"twitter:data2\" content=\"3 minutes\" \/>\n<script type=\"application\/ld+json\" class=\"yoast-schema-graph\">{\"@context\":\"https:\\\/\\\/schema.org\",\"@graph\":[{\"@type\":\"Article\",\"@id\":\"https:\\\/\\\/raed.academy\\\/ca\\\/les-matematiques-de-la-prehistoria\\\/#article\",\"isPartOf\":{\"@id\":\"https:\\\/\\\/raed.academy\\\/ca\\\/les-matematiques-de-la-prehistoria\\\/\"},\"author\":{\"name\":\"RAED\",\"@id\":\"https:\\\/\\\/raed.academy\\\/ca\\\/#\\\/schema\\\/person\\\/5a755da80d1d979fd66ba745c8702927\"},\"headline\":\"Les matem\u00e0tiques de la Prehist\u00f2ria\",\"datePublished\":\"2025-03-17T09:57:25+00:00\",\"mainEntityOfPage\":{\"@id\":\"https:\\\/\\\/raed.academy\\\/ca\\\/les-matematiques-de-la-prehistoria\\\/\"},\"wordCount\":514,\"publisher\":{\"@id\":\"https:\\\/\\\/raed.academy\\\/ca\\\/#organization\"},\"image\":{\"@id\":\"https:\\\/\\\/raed.academy\\\/ca\\\/les-matematiques-de-la-prehistoria\\\/#primaryimage\"},\"thumbnailUrl\":\"https:\\\/\\\/raed.academy\\\/wp-content\\\/uploads\\\/2024\\\/04\\\/Francisco-Gonzalez-Redondo.webp\",\"articleSection\":[\"Antropologia\",\"Cosmologia\",\"Hist\u00f2ria\",\"Matem\u00e0tiques\",\"Prehist\u00f2ria\"],\"inLanguage\":\"ca-ES\"},{\"@type\":\"WebPage\",\"@id\":\"https:\\\/\\\/raed.academy\\\/ca\\\/les-matematiques-de-la-prehistoria\\\/\",\"url\":\"https:\\\/\\\/raed.academy\\\/ca\\\/les-matematiques-de-la-prehistoria\\\/\",\"name\":\"Les matem\u00e0tiques de la Prehist\u00f2ria - Reial Acad\u00e8mia Europea de Doctors\",\"isPartOf\":{\"@id\":\"https:\\\/\\\/raed.academy\\\/ca\\\/#website\"},\"primaryImageOfPage\":{\"@id\":\"https:\\\/\\\/raed.academy\\\/ca\\\/les-matematiques-de-la-prehistoria\\\/#primaryimage\"},\"image\":{\"@id\":\"https:\\\/\\\/raed.academy\\\/ca\\\/les-matematiques-de-la-prehistoria\\\/#primaryimage\"},\"thumbnailUrl\":\"https:\\\/\\\/raed.academy\\\/wp-content\\\/uploads\\\/2024\\\/04\\\/Francisco-Gonzalez-Redondo.webp\",\"datePublished\":\"2025-03-17T09:57:25+00:00\",\"description\":\"Francisco Gonz\u00e1lez Redondo comparteix l'\u00faltima exposici\u00f3 que ha organitzat, \\\"Arte, matem\u00e1tica y g\u00e9nero en la Prehistoria\\\", que es pot visitar al Parc de la Prehist\u00f2ria de Teverga, a Ast\u00faries\",\"breadcrumb\":{\"@id\":\"https:\\\/\\\/raed.academy\\\/ca\\\/les-matematiques-de-la-prehistoria\\\/#breadcrumb\"},\"inLanguage\":\"ca-ES\",\"potentialAction\":[{\"@type\":\"ReadAction\",\"target\":[\"https:\\\/\\\/raed.academy\\\/ca\\\/les-matematiques-de-la-prehistoria\\\/\"]}]},{\"@type\":\"ImageObject\",\"inLanguage\":\"ca-ES\",\"@id\":\"https:\\\/\\\/raed.academy\\\/ca\\\/les-matematiques-de-la-prehistoria\\\/#primaryimage\",\"url\":\"https:\\\/\\\/raed.academy\\\/wp-content\\\/uploads\\\/2024\\\/04\\\/Francisco-Gonzalez-Redondo.webp\",\"contentUrl\":\"https:\\\/\\\/raed.academy\\\/wp-content\\\/uploads\\\/2024\\\/04\\\/Francisco-Gonzalez-Redondo.webp\"},{\"@type\":\"BreadcrumbList\",\"@id\":\"https:\\\/\\\/raed.academy\\\/ca\\\/les-matematiques-de-la-prehistoria\\\/#breadcrumb\",\"itemListElement\":[{\"@type\":\"ListItem\",\"position\":1,\"name\":\"Inicio\",\"item\":\"https:\\\/\\\/raed.academy\\\/ca\\\/\"},{\"@type\":\"ListItem\",\"position\":2,\"name\":\"Les matem\u00e0tiques de la Prehist\u00f2ria\"}]},{\"@type\":\"WebSite\",\"@id\":\"https:\\\/\\\/raed.academy\\\/ca\\\/#website\",\"url\":\"https:\\\/\\\/raed.academy\\\/ca\\\/\",\"name\":\"Reial Acad\u00e8mia Europea de Doctors\",\"description\":\"Corporaci\u00f3n de derecho p\u00fablico de car\u00e1cter cient\u00edfico, t\u00e9cnico y art\u00edstico, que tiene por objeto la investigaci\u00f3n, el estudio, el fomento y la extensi\u00f3n del conocimiento en su sentido m\u00e1s amplio\",\"publisher\":{\"@id\":\"https:\\\/\\\/raed.academy\\\/ca\\\/#organization\"},\"potentialAction\":[{\"@type\":\"SearchAction\",\"target\":{\"@type\":\"EntryPoint\",\"urlTemplate\":\"https:\\\/\\\/raed.academy\\\/ca\\\/?s={search_term_string}\"},\"query-input\":{\"@type\":\"PropertyValueSpecification\",\"valueRequired\":true,\"valueName\":\"search_term_string\"}}],\"inLanguage\":\"ca-ES\"},{\"@type\":\"Organization\",\"@id\":\"https:\\\/\\\/raed.academy\\\/ca\\\/#organization\",\"name\":\"Real Academia Europea de Doctores\",\"url\":\"https:\\\/\\\/raed.academy\\\/ca\\\/\",\"logo\":{\"@type\":\"ImageObject\",\"inLanguage\":\"ca-ES\",\"@id\":\"https:\\\/\\\/raed.academy\\\/ca\\\/#\\\/schema\\\/logo\\\/image\\\/\",\"url\":\"https:\\\/\\\/raed.academy\\\/wp-content\\\/uploads\\\/2017\\\/01\\\/cropped-logo_raed.png\",\"contentUrl\":\"https:\\\/\\\/raed.academy\\\/wp-content\\\/uploads\\\/2017\\\/01\\\/cropped-logo_raed.png\",\"width\":512,\"height\":512,\"caption\":\"Real Academia Europea de Doctores\"},\"image\":{\"@id\":\"https:\\\/\\\/raed.academy\\\/ca\\\/#\\\/schema\\\/logo\\\/image\\\/\"},\"sameAs\":[\"http:\\\/\\\/fb.me\\\/raed.academy\",\"https:\\\/\\\/x.com\\\/raedacademy\",\"https:\\\/\\\/www.instagram.com\\\/raed.academy\\\/\",\"https:\\\/\\\/www.youtube.com\\\/channel\\\/UCUYQwW2KrdirNWihxMDObwg\"]},{\"@type\":\"Person\",\"@id\":\"https:\\\/\\\/raed.academy\\\/ca\\\/#\\\/schema\\\/person\\\/5a755da80d1d979fd66ba745c8702927\",\"name\":\"RAED\",\"image\":{\"@type\":\"ImageObject\",\"inLanguage\":\"ca-ES\",\"@id\":\"https:\\\/\\\/secure.gravatar.com\\\/avatar\\\/19fdfdc0d67fb9c45714b703a2ac82251c4fcea3637f002ac3c9b74c0183583c?s=96&d=mm&r=g\",\"url\":\"https:\\\/\\\/secure.gravatar.com\\\/avatar\\\/19fdfdc0d67fb9c45714b703a2ac82251c4fcea3637f002ac3c9b74c0183583c?s=96&d=mm&r=g\",\"contentUrl\":\"https:\\\/\\\/secure.gravatar.com\\\/avatar\\\/19fdfdc0d67fb9c45714b703a2ac82251c4fcea3637f002ac3c9b74c0183583c?s=96&d=mm&r=g\",\"caption\":\"RAED\"}}]}<\/script>\n<!-- \/ Yoast SEO plugin. -->","yoast_head_json":{"title":"Les matem\u00e0tiques de la Prehist\u00f2ria - Reial Acad\u00e8mia Europea de Doctors","description":"Francisco Gonz\u00e1lez Redondo comparteix l'\u00faltima exposici\u00f3 que ha organitzat, \"Arte, matem\u00e1tica y g\u00e9nero en la Prehistoria\", que es pot visitar al Parc de la Prehist\u00f2ria de Teverga, a Ast\u00faries","robots":{"index":"index","follow":"follow","max-snippet":"max-snippet:-1","max-image-preview":"max-image-preview:large","max-video-preview":"max-video-preview:-1"},"canonical":"https:\/\/raed.academy\/ca\/les-matematiques-de-la-prehistoria\/","og_locale":"ca_ES","og_type":"article","og_title":"Les matem\u00e0tiques de la Prehist\u00f2ria - Reial Acad\u00e8mia Europea de Doctors","og_description":"Francisco Gonz\u00e1lez Redondo comparteix l'\u00faltima exposici\u00f3 que ha organitzat, \"Arte, matem\u00e1tica y g\u00e9nero en la Prehistoria\", que es pot visitar al Parc de la Prehist\u00f2ria de Teverga, a Ast\u00faries","og_url":"https:\/\/raed.academy\/ca\/les-matematiques-de-la-prehistoria\/","og_site_name":"Reial Acad\u00e8mia Europea de Doctors","article_publisher":"http:\/\/fb.me\/raed.academy","article_published_time":"2025-03-17T09:57:25+00:00","og_image":[{"width":600,"height":360,"url":"https:\/\/raed.academy\/wp-content\/uploads\/2022\/03\/shutterstock_evolucion-del-hombre-dominio-del-fuego-prehistoria-dst.webp","type":"image\/webp"}],"author":"RAED","twitter_card":"summary_large_image","twitter_creator":"@raedacademy","twitter_site":"@raedacademy","twitter_misc":{"Written by":"RAED","Est. reading time":"3 minutes"},"schema":{"@context":"https:\/\/schema.org","@graph":[{"@type":"Article","@id":"https:\/\/raed.academy\/ca\/les-matematiques-de-la-prehistoria\/#article","isPartOf":{"@id":"https:\/\/raed.academy\/ca\/les-matematiques-de-la-prehistoria\/"},"author":{"name":"RAED","@id":"https:\/\/raed.academy\/ca\/#\/schema\/person\/5a755da80d1d979fd66ba745c8702927"},"headline":"Les matem\u00e0tiques de la Prehist\u00f2ria","datePublished":"2025-03-17T09:57:25+00:00","mainEntityOfPage":{"@id":"https:\/\/raed.academy\/ca\/les-matematiques-de-la-prehistoria\/"},"wordCount":514,"publisher":{"@id":"https:\/\/raed.academy\/ca\/#organization"},"image":{"@id":"https:\/\/raed.academy\/ca\/les-matematiques-de-la-prehistoria\/#primaryimage"},"thumbnailUrl":"https:\/\/raed.academy\/wp-content\/uploads\/2024\/04\/Francisco-Gonzalez-Redondo.webp","articleSection":["Antropologia","Cosmologia","Hist\u00f2ria","Matem\u00e0tiques","Prehist\u00f2ria"],"inLanguage":"ca-ES"},{"@type":"WebPage","@id":"https:\/\/raed.academy\/ca\/les-matematiques-de-la-prehistoria\/","url":"https:\/\/raed.academy\/ca\/les-matematiques-de-la-prehistoria\/","name":"Les matem\u00e0tiques de la Prehist\u00f2ria - Reial Acad\u00e8mia Europea de Doctors","isPartOf":{"@id":"https:\/\/raed.academy\/ca\/#website"},"primaryImageOfPage":{"@id":"https:\/\/raed.academy\/ca\/les-matematiques-de-la-prehistoria\/#primaryimage"},"image":{"@id":"https:\/\/raed.academy\/ca\/les-matematiques-de-la-prehistoria\/#primaryimage"},"thumbnailUrl":"https:\/\/raed.academy\/wp-content\/uploads\/2024\/04\/Francisco-Gonzalez-Redondo.webp","datePublished":"2025-03-17T09:57:25+00:00","description":"Francisco Gonz\u00e1lez Redondo comparteix l'\u00faltima exposici\u00f3 que ha organitzat, \"Arte, matem\u00e1tica y g\u00e9nero en la Prehistoria\", que es pot visitar al Parc de la Prehist\u00f2ria de Teverga, a Ast\u00faries","breadcrumb":{"@id":"https:\/\/raed.academy\/ca\/les-matematiques-de-la-prehistoria\/#breadcrumb"},"inLanguage":"ca-ES","potentialAction":[{"@type":"ReadAction","target":["https:\/\/raed.academy\/ca\/les-matematiques-de-la-prehistoria\/"]}]},{"@type":"ImageObject","inLanguage":"ca-ES","@id":"https:\/\/raed.academy\/ca\/les-matematiques-de-la-prehistoria\/#primaryimage","url":"https:\/\/raed.academy\/wp-content\/uploads\/2024\/04\/Francisco-Gonzalez-Redondo.webp","contentUrl":"https:\/\/raed.academy\/wp-content\/uploads\/2024\/04\/Francisco-Gonzalez-Redondo.webp"},{"@type":"BreadcrumbList","@id":"https:\/\/raed.academy\/ca\/les-matematiques-de-la-prehistoria\/#breadcrumb","itemListElement":[{"@type":"ListItem","position":1,"name":"Inicio","item":"https:\/\/raed.academy\/ca\/"},{"@type":"ListItem","position":2,"name":"Les matem\u00e0tiques de la Prehist\u00f2ria"}]},{"@type":"WebSite","@id":"https:\/\/raed.academy\/ca\/#website","url":"https:\/\/raed.academy\/ca\/","name":"Reial Acad\u00e8mia Europea de Doctors","description":"Corporaci\u00f3n de derecho p\u00fablico de car\u00e1cter cient\u00edfico, t\u00e9cnico y art\u00edstico, que tiene por objeto la investigaci\u00f3n, el estudio, el fomento y la extensi\u00f3n del conocimiento en su sentido m\u00e1s amplio","publisher":{"@id":"https:\/\/raed.academy\/ca\/#organization"},"potentialAction":[{"@type":"SearchAction","target":{"@type":"EntryPoint","urlTemplate":"https:\/\/raed.academy\/ca\/?s={search_term_string}"},"query-input":{"@type":"PropertyValueSpecification","valueRequired":true,"valueName":"search_term_string"}}],"inLanguage":"ca-ES"},{"@type":"Organization","@id":"https:\/\/raed.academy\/ca\/#organization","name":"Real Academia Europea de Doctores","url":"https:\/\/raed.academy\/ca\/","logo":{"@type":"ImageObject","inLanguage":"ca-ES","@id":"https:\/\/raed.academy\/ca\/#\/schema\/logo\/image\/","url":"https:\/\/raed.academy\/wp-content\/uploads\/2017\/01\/cropped-logo_raed.png","contentUrl":"https:\/\/raed.academy\/wp-content\/uploads\/2017\/01\/cropped-logo_raed.png","width":512,"height":512,"caption":"Real Academia Europea de Doctores"},"image":{"@id":"https:\/\/raed.academy\/ca\/#\/schema\/logo\/image\/"},"sameAs":["http:\/\/fb.me\/raed.academy","https:\/\/x.com\/raedacademy","https:\/\/www.instagram.com\/raed.academy\/","https:\/\/www.youtube.com\/channel\/UCUYQwW2KrdirNWihxMDObwg"]},{"@type":"Person","@id":"https:\/\/raed.academy\/ca\/#\/schema\/person\/5a755da80d1d979fd66ba745c8702927","name":"RAED","image":{"@type":"ImageObject","inLanguage":"ca-ES","@id":"https:\/\/secure.gravatar.com\/avatar\/19fdfdc0d67fb9c45714b703a2ac82251c4fcea3637f002ac3c9b74c0183583c?s=96&d=mm&r=g","url":"https:\/\/secure.gravatar.com\/avatar\/19fdfdc0d67fb9c45714b703a2ac82251c4fcea3637f002ac3c9b74c0183583c?s=96&d=mm&r=g","contentUrl":"https:\/\/secure.gravatar.com\/avatar\/19fdfdc0d67fb9c45714b703a2ac82251c4fcea3637f002ac3c9b74c0183583c?s=96&d=mm&r=g","caption":"RAED"}}]}},"_links":{"self":[{"href":"https:\/\/raed.academy\/ca\/wp-json\/wp\/v2\/posts\/160700","targetHints":{"allow":["GET"]}}],"collection":[{"href":"https:\/\/raed.academy\/ca\/wp-json\/wp\/v2\/posts"}],"about":[{"href":"https:\/\/raed.academy\/ca\/wp-json\/wp\/v2\/types\/post"}],"author":[{"embeddable":true,"href":"https:\/\/raed.academy\/ca\/wp-json\/wp\/v2\/users\/12"}],"replies":[{"embeddable":true,"href":"https:\/\/raed.academy\/ca\/wp-json\/wp\/v2\/comments?post=160700"}],"version-history":[{"count":1,"href":"https:\/\/raed.academy\/ca\/wp-json\/wp\/v2\/posts\/160700\/revisions"}],"predecessor-version":[{"id":180212,"href":"https:\/\/raed.academy\/ca\/wp-json\/wp\/v2\/posts\/160700\/revisions\/180212"}],"wp:attachment":[{"href":"https:\/\/raed.academy\/ca\/wp-json\/wp\/v2\/media?parent=160700"}],"wp:term":[{"taxonomy":"category","embeddable":true,"href":"https:\/\/raed.academy\/ca\/wp-json\/wp\/v2\/categories?post=160700"},{"taxonomy":"post_tag","embeddable":true,"href":"https:\/\/raed.academy\/ca\/wp-json\/wp\/v2\/tags?post=160700"}],"curies":[{"name":"wp","href":"https:\/\/api.w.org\/{rel}","templated":true}]}}