{"id":160693,"date":"2025-03-14T10:18:40","date_gmt":"2025-03-14T10:18:40","guid":{"rendered":"https:\/\/raed.academy\/?p=160693"},"modified":"2025-03-17T09:36:08","modified_gmt":"2025-03-17T09:36:08","slug":"les-ordres-dinastiques-de-la-casa-reial-de-saboia-es-reafirmen-a-roma","status":"publish","type":"post","link":"https:\/\/raed.academy\/ca\/les-ordres-dinastiques-de-la-casa-reial-de-saboia-es-reafirmen-a-roma\/","title":{"rendered":"Les Ordres Din\u00e0stiques de la Casa Reial de Saboia es reafirmen a Roma"},"content":{"rendered":"<div id=\"attachment_134397\" style=\"width: 610px\" class=\"wp-caption aligncenter\"><img loading=\"lazy\" decoding=\"async\" aria-describedby=\"caption-attachment-134397\" class=\"wp-image-134397 size-full\" src=\"https:\/\/raed.academy\/wp-content\/uploads\/2023\/06\/Carles-Cortina-Riu-DST.webp\" alt=\"Dr. Carlos Cortina\" width=\"600\" height=\"359\" srcset=\"https:\/\/raed.academy\/wp-content\/uploads\/2023\/06\/Carles-Cortina-Riu-DST.webp 600w, https:\/\/raed.academy\/wp-content\/uploads\/2023\/06\/Carles-Cortina-Riu-DST-440x264.webp 440w\" sizes=\"(max-width: 600px) 100vw, 600px\" \/><p id=\"caption-attachment-134397\" class=\"wp-caption-text\">Dr. Carlos Cortina<\/p><\/div>\n<p><a href=\"https:\/\/raed.academy\/ca\/academics\/dr-carlos-cortina-riu\/\" target=\"_blank\" rel=\"noopener\"><em><strong>Carlos Cortina<\/strong><\/em><\/a>, delegat per a\u00a0Espanya\u00a0de les\u00a0<strong>Ordres\u00a0Din\u00e0stiques\u00a0de la Casa\u00a0Reial\u00a0de\u00a0Savoia<\/strong> i acad\u00e8mic de n\u00famero de la <strong>Reial Acad\u00e8mia Europea de\u00a0Doctors\u00a0<\/strong>(RAED), va liderar la delegaci\u00f3 espanyola que va participar els passats 5 i 6 d\u2019octubre al <strong>Cap\u00edtol General de les Ordres Din\u00e0stiques de la Casa Reial de Savoia<\/strong> que es va celebrar en tres llocs emblem\u00e0tics de la ciutat de Roma: la <strong>Pontif\u00edcia Universitat Lateranense<\/strong>, el Palazzo Colonna i la Bas\u00edlica de Sant Joan del Later\u00e0. Els solemnes actes van incloure cerim\u00f2nies d\u2019investidura i admissi\u00f3 de nous cavallers i dames de les ordres i homenatges on es van reafirmar els valors de la Casa de Savoia, destacant la import\u00e0ncia de la fe i l\u2019her\u00e8ncia cultural d\u2019It\u00e0lia. El Cap\u00edtol va estar presidit pel pr\u00edncep <strong>Manuel Filiberto<\/strong> i la seva filla, la princesa <strong>Vict\u00f2ria<\/strong>, emfatitzant el sentit de comunitat i fraternitat entre els assistents. Aquest Cap\u00edtol General va ser especialment rellevant a causa de la recent successi\u00f3 de Manuel Filiberto de Saboia com a nou cap de la Casa Reial despr\u00e9s de la mort del seu pare, <strong>V\u00edctor Manuel de Saboia<\/strong>, el febrer del 2024.<\/p>\n<p>La Bas\u00edlica de Sant Joan del Later\u00e0 va acollir una Missa d\u2019Acci\u00f3 de Gr\u00e0cies, ressaltant la connexi\u00f3 hist\u00f2rica i religiosa de la bas\u00edlica amb la tradici\u00f3 de l\u2019Esgl\u00e9sia Cat\u00f2lica i la fam\u00edlia reial, pr\u00e8via al sopar ben\u00e8fic al Palazzo Colonna, focalitzat en la solidaritat cap a la infantesa a trav\u00e9s del <strong>Projecte Peter Pan<\/strong>. Al resum de les activitats que el propi Cortina comparteix amb la comunitat acad\u00e8mica, l\u2019acad\u00e8mic destaca, m\u00e9s enll\u00e0 de la solemnitat i sentit cultural i hist\u00f2ric del Cap\u00edtol, la bellesa arquitect\u00f2nica del Palazzo Colonna i la seva Galeria, aix\u00ed com l\u2019atmosfera de l\u2019esdeveniment, que va incloure discursos inspiradors, i una experi\u00e8ncia culin\u00e0ria que va connectar emocional i culturalment als assistents amb la hist\u00f2ria d\u2019It\u00e0lia.<\/p>\n<div id=\"attachment_115488\" style=\"width: 510px\" class=\"wp-caption alignright\"><img loading=\"lazy\" decoding=\"async\" aria-describedby=\"caption-attachment-115488\" class=\"wp-image-115488 size-full\" src=\"https:\/\/raed.academy\/wp-content\/uploads\/2022\/03\/Armas-grandes-de-la-casa-de-Saboya-dst.webp\" sizes=\"(max-width: 500px) 100vw, 500px\" srcset=\"https:\/\/raed.academy\/wp-content\/uploads\/2022\/03\/Armas-grandes-de-la-casa-de-Saboya-dst.webp 500w, https:\/\/raed.academy\/wp-content\/uploads\/2022\/03\/Armas-grandes-de-la-casa-de-Saboya-dst-440x264.webp 440w\" alt=\"Armes grans de la casa de Savoia\" width=\"500\" height=\"300\" aria-describedby=\"caption-attachment-115488\" \/><p id=\"caption-attachment-115488\" class=\"wp-caption-text\">Armes grans de la casa de Savoia<\/p><\/div>\n<p>El delegat per a\u00a0Espanya\u00a0de les\u00a0Ordres\u00a0Din\u00e0stiques\u00a0de la Casa\u00a0Reial\u00a0de\u00a0Savoia\u00a0tamb\u00e9 fa menci\u00f3 de la hist\u00f2ria i el simbolisme dels set turons de Roma, aix\u00ed com la rellev\u00e0ncia del riu T\u00edber en la hist\u00f2ria de la ciutat. Aquests elements hist\u00f2rics s\u2019entrellacen amb la celebraci\u00f3 de les\u00a0Ordres\u00a0Din\u00e0stiques, subratllant la continu\u00eftat de la tradici\u00f3 mon\u00e0rquica i l\u2019her\u00e8ncia cultural d\u2019It\u00e0lia. Com assenyala\u00a0Cortina, el\u00a0Cap\u00edtol\u00a0General de les\u00a0Ordres\u00a0Din\u00e0stiques\u00a0de la Casa de\u00a0Savoia\u00a0no nom\u00e9s \u00e9s un esdeveniment de commemoraci\u00f3 i celebraci\u00f3, sin\u00f3 tamb\u00e9 una reafirmaci\u00f3 dels valors i la hist\u00f2ria que representen. La\u00a0barreja\u00a0de rituals lit\u00fargics, cerim\u00f2nies d\u2019investidura i esdeveniments ben\u00e8fics reflecteix un comprom\u00eds amb la comunitat i la cultura, assegurant que la tradici\u00f3 mon\u00e0rquica continu\u00ef viva en el context contemporani.<\/p>\n<p>Cortina ha desenvolupat la seva activitat professional i investigadora en les disciplines de cerimonial, protocol i relacions p\u00fabliques, exercint el c\u00e0rrec de cap de Relacions Institucionals i de Protocol a diverses empreses i institucions p\u00fabliques. \u00c9s autor d&#8217;obres de refer\u00e8ncia en l&#8217;\u00e0mbit del protocol com el <strong>&#8220;Reglament de Protocol, Cerimonial, Honors i Distincions per als Ajuntaments&#8221;<\/strong> (2010). Soci fundador de l&#8217;<strong>Associaci\u00f3 Catalana de Protocol i Relacions Institucionals<\/strong>, ha estat distingit amb la <strong>Medalla de Plata <\/strong>i la <strong>Medalla de la Const\u00e0ncia de la Creu Roja<\/strong> (1991 i 1992), la<strong> Creu Oficial de l&#8217;Ordre del M\u00e8rit Civil<\/strong> (2000), el<strong> Premi Nacional de Cerimonial i Protocol Marqu\u00e8s de Mond\u00e9jar<\/strong> (2001), el<strong> Premi Nacional de Protocol i Relacions Institucionals<\/strong> (2017), la<strong> Medalla d&#8217;Or del Papa Lle\u00f3 XIII per a la Cust\u00f2dia de Terra Santa<\/strong> (2019) i la <strong>Medalla Benemerenza d&#8217;Or de l&#8217;Ordre Constantiniana <\/strong>(2021).<\/p>\n","protected":false},"excerpt":{"rendered":"<p>Carlos Cortina lidera la delegaci\u00f3 espanyola que va participar en el Cap\u00edtol General de les Ordres Din\u00e0stiques de la Casa Reial de Savoia, celebrada a tres llocs de la ciutat de Roma: la Pontif\u00edcia Universitat Lateranense, el Palazzo Colonna i la Bas\u00edlica de Sant Joan de Later\u00e0<\/p>\n","protected":false},"author":12,"featured_media":115489,"comment_status":"closed","ping_status":"closed","sticky":false,"template":"","format":"standard","meta":{"_et_pb_use_builder":"","_et_pb_old_content":"","_et_gb_content_width":"","footnotes":""},"categories":[229,350,242,401,487],"tags":[],"class_list":["post-160693","post","type-post","status-publish","format-standard","has-post-thumbnail","hentry","category-art","category-ciencies-politiques","category-categ-historia","category-historia-de-lart-i-patrimoni-cultural","category-monarquia-ca","et-has-post-format-content","et_post_format-et-post-format-standard"],"yoast_head":"<!-- This site is optimized with the Yoast SEO plugin v27.5 - https:\/\/yoast.com\/product\/yoast-seo-wordpress\/ -->\n<title>Les Ordres Din\u00e0stiques de la Casa Reial de Saboia es reafirmen a Roma - Reial Acad\u00e8mia Europea de Doctors<\/title>\n<meta name=\"description\" content=\"Carlos Cortina lidera la delegaci\u00f3 espanyola que va participar en el Cap\u00edtol General de les Ordres Din\u00e0stiques de la Casa Reial de Savoia, celebrada la ciutat de Roma\" \/>\n<meta name=\"robots\" content=\"index, follow, max-snippet:-1, max-image-preview:large, max-video-preview:-1\" \/>\n<link rel=\"canonical\" href=\"https:\/\/raed.academy\/ca\/les-ordres-dinastiques-de-la-casa-reial-de-saboia-es-reafirmen-a-roma\/\" \/>\n<meta property=\"og:locale\" content=\"ca_ES\" \/>\n<meta property=\"og:type\" content=\"article\" \/>\n<meta property=\"og:title\" content=\"Les Ordres Din\u00e0stiques de la Casa Reial de Saboia es reafirmen a Roma - Reial Acad\u00e8mia Europea de Doctors\" \/>\n<meta property=\"og:description\" content=\"Carlos Cortina lidera la delegaci\u00f3 espanyola que va participar en el Cap\u00edtol General de les Ordres Din\u00e0stiques de la Casa Reial de Savoia, celebrada la ciutat de Roma\" \/>\n<meta property=\"og:url\" content=\"https:\/\/raed.academy\/ca\/les-ordres-dinastiques-de-la-casa-reial-de-saboia-es-reafirmen-a-roma\/\" \/>\n<meta property=\"og:site_name\" content=\"Reial Acad\u00e8mia Europea de Doctors\" \/>\n<meta property=\"article:publisher\" content=\"http:\/\/fb.me\/raed.academy\" \/>\n<meta property=\"article:published_time\" content=\"2025-03-14T10:18:40+00:00\" \/>\n<meta property=\"article:modified_time\" content=\"2025-03-17T09:36:08+00:00\" \/>\n<meta property=\"og:image\" content=\"https:\/\/raed.academy\/wp-content\/uploads\/2022\/03\/Armas-grandes-de-la-casa-de-Saboya-dst.webp\" \/>\n\t<meta property=\"og:image:width\" content=\"500\" \/>\n\t<meta property=\"og:image:height\" content=\"300\" \/>\n\t<meta property=\"og:image:type\" content=\"image\/webp\" \/>\n<meta name=\"author\" content=\"RAED\" \/>\n<meta name=\"twitter:card\" content=\"summary_large_image\" \/>\n<meta name=\"twitter:creator\" content=\"@raedacademy\" \/>\n<meta name=\"twitter:site\" content=\"@raedacademy\" \/>\n<meta name=\"twitter:label1\" content=\"Written by\" \/>\n\t<meta name=\"twitter:data1\" content=\"RAED\" \/>\n\t<meta name=\"twitter:label2\" content=\"Est. reading time\" \/>\n\t<meta name=\"twitter:data2\" content=\"4 minutes\" \/>\n<script type=\"application\/ld+json\" class=\"yoast-schema-graph\">{\"@context\":\"https:\\\/\\\/schema.org\",\"@graph\":[{\"@type\":\"Article\",\"@id\":\"https:\\\/\\\/raed.academy\\\/ca\\\/les-ordres-dinastiques-de-la-casa-reial-de-saboia-es-reafirmen-a-roma\\\/#article\",\"isPartOf\":{\"@id\":\"https:\\\/\\\/raed.academy\\\/ca\\\/les-ordres-dinastiques-de-la-casa-reial-de-saboia-es-reafirmen-a-roma\\\/\"},\"author\":{\"name\":\"RAED\",\"@id\":\"https:\\\/\\\/raed.academy\\\/ca\\\/#\\\/schema\\\/person\\\/5a755da80d1d979fd66ba745c8702927\"},\"headline\":\"Les Ordres Din\u00e0stiques de la Casa Reial de Saboia es reafirmen a Roma\",\"datePublished\":\"2025-03-14T10:18:40+00:00\",\"dateModified\":\"2025-03-17T09:36:08+00:00\",\"mainEntityOfPage\":{\"@id\":\"https:\\\/\\\/raed.academy\\\/ca\\\/les-ordres-dinastiques-de-la-casa-reial-de-saboia-es-reafirmen-a-roma\\\/\"},\"wordCount\":694,\"publisher\":{\"@id\":\"https:\\\/\\\/raed.academy\\\/ca\\\/#organization\"},\"image\":{\"@id\":\"https:\\\/\\\/raed.academy\\\/ca\\\/les-ordres-dinastiques-de-la-casa-reial-de-saboia-es-reafirmen-a-roma\\\/#primaryimage\"},\"thumbnailUrl\":\"https:\\\/\\\/raed.academy\\\/wp-content\\\/uploads\\\/2022\\\/03\\\/Armas-grandes-de-la-casa-de-Saboya-dst.webp\",\"articleSection\":[\"Art\",\"Ci\u00e8ncies pol\u00edtiques\",\"Hist\u00f2ria\",\"Hist\u00f2ria de l'art i patrimoni cultural\",\"Monarquia\"],\"inLanguage\":\"ca-ES\"},{\"@type\":\"WebPage\",\"@id\":\"https:\\\/\\\/raed.academy\\\/ca\\\/les-ordres-dinastiques-de-la-casa-reial-de-saboia-es-reafirmen-a-roma\\\/\",\"url\":\"https:\\\/\\\/raed.academy\\\/ca\\\/les-ordres-dinastiques-de-la-casa-reial-de-saboia-es-reafirmen-a-roma\\\/\",\"name\":\"Les Ordres Din\u00e0stiques de la Casa Reial de Saboia es reafirmen a Roma - Reial Acad\u00e8mia Europea de Doctors\",\"isPartOf\":{\"@id\":\"https:\\\/\\\/raed.academy\\\/ca\\\/#website\"},\"primaryImageOfPage\":{\"@id\":\"https:\\\/\\\/raed.academy\\\/ca\\\/les-ordres-dinastiques-de-la-casa-reial-de-saboia-es-reafirmen-a-roma\\\/#primaryimage\"},\"image\":{\"@id\":\"https:\\\/\\\/raed.academy\\\/ca\\\/les-ordres-dinastiques-de-la-casa-reial-de-saboia-es-reafirmen-a-roma\\\/#primaryimage\"},\"thumbnailUrl\":\"https:\\\/\\\/raed.academy\\\/wp-content\\\/uploads\\\/2022\\\/03\\\/Armas-grandes-de-la-casa-de-Saboya-dst.webp\",\"datePublished\":\"2025-03-14T10:18:40+00:00\",\"dateModified\":\"2025-03-17T09:36:08+00:00\",\"description\":\"Carlos Cortina lidera la delegaci\u00f3 espanyola que va participar en el Cap\u00edtol General de les Ordres Din\u00e0stiques de la Casa Reial de Savoia, celebrada la ciutat de Roma\",\"breadcrumb\":{\"@id\":\"https:\\\/\\\/raed.academy\\\/ca\\\/les-ordres-dinastiques-de-la-casa-reial-de-saboia-es-reafirmen-a-roma\\\/#breadcrumb\"},\"inLanguage\":\"ca-ES\",\"potentialAction\":[{\"@type\":\"ReadAction\",\"target\":[\"https:\\\/\\\/raed.academy\\\/ca\\\/les-ordres-dinastiques-de-la-casa-reial-de-saboia-es-reafirmen-a-roma\\\/\"]}]},{\"@type\":\"ImageObject\",\"inLanguage\":\"ca-ES\",\"@id\":\"https:\\\/\\\/raed.academy\\\/ca\\\/les-ordres-dinastiques-de-la-casa-reial-de-saboia-es-reafirmen-a-roma\\\/#primaryimage\",\"url\":\"https:\\\/\\\/raed.academy\\\/wp-content\\\/uploads\\\/2022\\\/03\\\/Armas-grandes-de-la-casa-de-Saboya-dst.webp\",\"contentUrl\":\"https:\\\/\\\/raed.academy\\\/wp-content\\\/uploads\\\/2022\\\/03\\\/Armas-grandes-de-la-casa-de-Saboya-dst.webp\",\"width\":500,\"height\":300,\"caption\":\"Armas-grandes-de-la-casa-de-Saboya\"},{\"@type\":\"BreadcrumbList\",\"@id\":\"https:\\\/\\\/raed.academy\\\/ca\\\/les-ordres-dinastiques-de-la-casa-reial-de-saboia-es-reafirmen-a-roma\\\/#breadcrumb\",\"itemListElement\":[{\"@type\":\"ListItem\",\"position\":1,\"name\":\"Inicio\",\"item\":\"https:\\\/\\\/raed.academy\\\/ca\\\/\"},{\"@type\":\"ListItem\",\"position\":2,\"name\":\"Les Ordres Din\u00e0stiques de la Casa Reial de Saboia es reafirmen a Roma\"}]},{\"@type\":\"WebSite\",\"@id\":\"https:\\\/\\\/raed.academy\\\/ca\\\/#website\",\"url\":\"https:\\\/\\\/raed.academy\\\/ca\\\/\",\"name\":\"Reial Acad\u00e8mia Europea de Doctors\",\"description\":\"Corporaci\u00f3n de derecho p\u00fablico de car\u00e1cter cient\u00edfico, t\u00e9cnico y art\u00edstico, que tiene por objeto la investigaci\u00f3n, el estudio, el fomento y la extensi\u00f3n del conocimiento en su sentido m\u00e1s amplio\",\"publisher\":{\"@id\":\"https:\\\/\\\/raed.academy\\\/ca\\\/#organization\"},\"potentialAction\":[{\"@type\":\"SearchAction\",\"target\":{\"@type\":\"EntryPoint\",\"urlTemplate\":\"https:\\\/\\\/raed.academy\\\/ca\\\/?s={search_term_string}\"},\"query-input\":{\"@type\":\"PropertyValueSpecification\",\"valueRequired\":true,\"valueName\":\"search_term_string\"}}],\"inLanguage\":\"ca-ES\"},{\"@type\":\"Organization\",\"@id\":\"https:\\\/\\\/raed.academy\\\/ca\\\/#organization\",\"name\":\"Real Academia Europea de Doctores\",\"url\":\"https:\\\/\\\/raed.academy\\\/ca\\\/\",\"logo\":{\"@type\":\"ImageObject\",\"inLanguage\":\"ca-ES\",\"@id\":\"https:\\\/\\\/raed.academy\\\/ca\\\/#\\\/schema\\\/logo\\\/image\\\/\",\"url\":\"https:\\\/\\\/raed.academy\\\/wp-content\\\/uploads\\\/2017\\\/01\\\/cropped-logo_raed.png\",\"contentUrl\":\"https:\\\/\\\/raed.academy\\\/wp-content\\\/uploads\\\/2017\\\/01\\\/cropped-logo_raed.png\",\"width\":512,\"height\":512,\"caption\":\"Real Academia Europea de Doctores\"},\"image\":{\"@id\":\"https:\\\/\\\/raed.academy\\\/ca\\\/#\\\/schema\\\/logo\\\/image\\\/\"},\"sameAs\":[\"http:\\\/\\\/fb.me\\\/raed.academy\",\"https:\\\/\\\/x.com\\\/raedacademy\",\"https:\\\/\\\/www.instagram.com\\\/raed.academy\\\/\",\"https:\\\/\\\/www.youtube.com\\\/channel\\\/UCUYQwW2KrdirNWihxMDObwg\"]},{\"@type\":\"Person\",\"@id\":\"https:\\\/\\\/raed.academy\\\/ca\\\/#\\\/schema\\\/person\\\/5a755da80d1d979fd66ba745c8702927\",\"name\":\"RAED\",\"image\":{\"@type\":\"ImageObject\",\"inLanguage\":\"ca-ES\",\"@id\":\"https:\\\/\\\/secure.gravatar.com\\\/avatar\\\/19fdfdc0d67fb9c45714b703a2ac82251c4fcea3637f002ac3c9b74c0183583c?s=96&d=mm&r=g\",\"url\":\"https:\\\/\\\/secure.gravatar.com\\\/avatar\\\/19fdfdc0d67fb9c45714b703a2ac82251c4fcea3637f002ac3c9b74c0183583c?s=96&d=mm&r=g\",\"contentUrl\":\"https:\\\/\\\/secure.gravatar.com\\\/avatar\\\/19fdfdc0d67fb9c45714b703a2ac82251c4fcea3637f002ac3c9b74c0183583c?s=96&d=mm&r=g\",\"caption\":\"RAED\"}}]}<\/script>\n<!-- \/ Yoast SEO plugin. -->","yoast_head_json":{"title":"Les Ordres Din\u00e0stiques de la Casa Reial de Saboia es reafirmen a Roma - Reial Acad\u00e8mia Europea de Doctors","description":"Carlos Cortina lidera la delegaci\u00f3 espanyola que va participar en el Cap\u00edtol General de les Ordres Din\u00e0stiques de la Casa Reial de Savoia, celebrada la ciutat de Roma","robots":{"index":"index","follow":"follow","max-snippet":"max-snippet:-1","max-image-preview":"max-image-preview:large","max-video-preview":"max-video-preview:-1"},"canonical":"https:\/\/raed.academy\/ca\/les-ordres-dinastiques-de-la-casa-reial-de-saboia-es-reafirmen-a-roma\/","og_locale":"ca_ES","og_type":"article","og_title":"Les Ordres Din\u00e0stiques de la Casa Reial de Saboia es reafirmen a Roma - Reial Acad\u00e8mia Europea de Doctors","og_description":"Carlos Cortina lidera la delegaci\u00f3 espanyola que va participar en el Cap\u00edtol General de les Ordres Din\u00e0stiques de la Casa Reial de Savoia, celebrada la ciutat de Roma","og_url":"https:\/\/raed.academy\/ca\/les-ordres-dinastiques-de-la-casa-reial-de-saboia-es-reafirmen-a-roma\/","og_site_name":"Reial Acad\u00e8mia Europea de Doctors","article_publisher":"http:\/\/fb.me\/raed.academy","article_published_time":"2025-03-14T10:18:40+00:00","article_modified_time":"2025-03-17T09:36:08+00:00","og_image":[{"width":500,"height":300,"url":"https:\/\/raed.academy\/wp-content\/uploads\/2022\/03\/Armas-grandes-de-la-casa-de-Saboya-dst.webp","type":"image\/webp"}],"author":"RAED","twitter_card":"summary_large_image","twitter_creator":"@raedacademy","twitter_site":"@raedacademy","twitter_misc":{"Written by":"RAED","Est. reading time":"4 minutes"},"schema":{"@context":"https:\/\/schema.org","@graph":[{"@type":"Article","@id":"https:\/\/raed.academy\/ca\/les-ordres-dinastiques-de-la-casa-reial-de-saboia-es-reafirmen-a-roma\/#article","isPartOf":{"@id":"https:\/\/raed.academy\/ca\/les-ordres-dinastiques-de-la-casa-reial-de-saboia-es-reafirmen-a-roma\/"},"author":{"name":"RAED","@id":"https:\/\/raed.academy\/ca\/#\/schema\/person\/5a755da80d1d979fd66ba745c8702927"},"headline":"Les Ordres Din\u00e0stiques de la Casa Reial de Saboia es reafirmen a Roma","datePublished":"2025-03-14T10:18:40+00:00","dateModified":"2025-03-17T09:36:08+00:00","mainEntityOfPage":{"@id":"https:\/\/raed.academy\/ca\/les-ordres-dinastiques-de-la-casa-reial-de-saboia-es-reafirmen-a-roma\/"},"wordCount":694,"publisher":{"@id":"https:\/\/raed.academy\/ca\/#organization"},"image":{"@id":"https:\/\/raed.academy\/ca\/les-ordres-dinastiques-de-la-casa-reial-de-saboia-es-reafirmen-a-roma\/#primaryimage"},"thumbnailUrl":"https:\/\/raed.academy\/wp-content\/uploads\/2022\/03\/Armas-grandes-de-la-casa-de-Saboya-dst.webp","articleSection":["Art","Ci\u00e8ncies pol\u00edtiques","Hist\u00f2ria","Hist\u00f2ria de l'art i patrimoni cultural","Monarquia"],"inLanguage":"ca-ES"},{"@type":"WebPage","@id":"https:\/\/raed.academy\/ca\/les-ordres-dinastiques-de-la-casa-reial-de-saboia-es-reafirmen-a-roma\/","url":"https:\/\/raed.academy\/ca\/les-ordres-dinastiques-de-la-casa-reial-de-saboia-es-reafirmen-a-roma\/","name":"Les Ordres Din\u00e0stiques de la Casa Reial de Saboia es reafirmen a Roma - Reial Acad\u00e8mia Europea de Doctors","isPartOf":{"@id":"https:\/\/raed.academy\/ca\/#website"},"primaryImageOfPage":{"@id":"https:\/\/raed.academy\/ca\/les-ordres-dinastiques-de-la-casa-reial-de-saboia-es-reafirmen-a-roma\/#primaryimage"},"image":{"@id":"https:\/\/raed.academy\/ca\/les-ordres-dinastiques-de-la-casa-reial-de-saboia-es-reafirmen-a-roma\/#primaryimage"},"thumbnailUrl":"https:\/\/raed.academy\/wp-content\/uploads\/2022\/03\/Armas-grandes-de-la-casa-de-Saboya-dst.webp","datePublished":"2025-03-14T10:18:40+00:00","dateModified":"2025-03-17T09:36:08+00:00","description":"Carlos Cortina lidera la delegaci\u00f3 espanyola que va participar en el Cap\u00edtol General de les Ordres Din\u00e0stiques de la Casa Reial de Savoia, celebrada la ciutat de Roma","breadcrumb":{"@id":"https:\/\/raed.academy\/ca\/les-ordres-dinastiques-de-la-casa-reial-de-saboia-es-reafirmen-a-roma\/#breadcrumb"},"inLanguage":"ca-ES","potentialAction":[{"@type":"ReadAction","target":["https:\/\/raed.academy\/ca\/les-ordres-dinastiques-de-la-casa-reial-de-saboia-es-reafirmen-a-roma\/"]}]},{"@type":"ImageObject","inLanguage":"ca-ES","@id":"https:\/\/raed.academy\/ca\/les-ordres-dinastiques-de-la-casa-reial-de-saboia-es-reafirmen-a-roma\/#primaryimage","url":"https:\/\/raed.academy\/wp-content\/uploads\/2022\/03\/Armas-grandes-de-la-casa-de-Saboya-dst.webp","contentUrl":"https:\/\/raed.academy\/wp-content\/uploads\/2022\/03\/Armas-grandes-de-la-casa-de-Saboya-dst.webp","width":500,"height":300,"caption":"Armas-grandes-de-la-casa-de-Saboya"},{"@type":"BreadcrumbList","@id":"https:\/\/raed.academy\/ca\/les-ordres-dinastiques-de-la-casa-reial-de-saboia-es-reafirmen-a-roma\/#breadcrumb","itemListElement":[{"@type":"ListItem","position":1,"name":"Inicio","item":"https:\/\/raed.academy\/ca\/"},{"@type":"ListItem","position":2,"name":"Les Ordres Din\u00e0stiques de la Casa Reial de Saboia es reafirmen a Roma"}]},{"@type":"WebSite","@id":"https:\/\/raed.academy\/ca\/#website","url":"https:\/\/raed.academy\/ca\/","name":"Reial Acad\u00e8mia Europea de Doctors","description":"Corporaci\u00f3n de derecho p\u00fablico de car\u00e1cter cient\u00edfico, t\u00e9cnico y art\u00edstico, que tiene por objeto la investigaci\u00f3n, el estudio, el fomento y la extensi\u00f3n del conocimiento en su sentido m\u00e1s amplio","publisher":{"@id":"https:\/\/raed.academy\/ca\/#organization"},"potentialAction":[{"@type":"SearchAction","target":{"@type":"EntryPoint","urlTemplate":"https:\/\/raed.academy\/ca\/?s={search_term_string}"},"query-input":{"@type":"PropertyValueSpecification","valueRequired":true,"valueName":"search_term_string"}}],"inLanguage":"ca-ES"},{"@type":"Organization","@id":"https:\/\/raed.academy\/ca\/#organization","name":"Real Academia Europea de Doctores","url":"https:\/\/raed.academy\/ca\/","logo":{"@type":"ImageObject","inLanguage":"ca-ES","@id":"https:\/\/raed.academy\/ca\/#\/schema\/logo\/image\/","url":"https:\/\/raed.academy\/wp-content\/uploads\/2017\/01\/cropped-logo_raed.png","contentUrl":"https:\/\/raed.academy\/wp-content\/uploads\/2017\/01\/cropped-logo_raed.png","width":512,"height":512,"caption":"Real Academia Europea de Doctores"},"image":{"@id":"https:\/\/raed.academy\/ca\/#\/schema\/logo\/image\/"},"sameAs":["http:\/\/fb.me\/raed.academy","https:\/\/x.com\/raedacademy","https:\/\/www.instagram.com\/raed.academy\/","https:\/\/www.youtube.com\/channel\/UCUYQwW2KrdirNWihxMDObwg"]},{"@type":"Person","@id":"https:\/\/raed.academy\/ca\/#\/schema\/person\/5a755da80d1d979fd66ba745c8702927","name":"RAED","image":{"@type":"ImageObject","inLanguage":"ca-ES","@id":"https:\/\/secure.gravatar.com\/avatar\/19fdfdc0d67fb9c45714b703a2ac82251c4fcea3637f002ac3c9b74c0183583c?s=96&d=mm&r=g","url":"https:\/\/secure.gravatar.com\/avatar\/19fdfdc0d67fb9c45714b703a2ac82251c4fcea3637f002ac3c9b74c0183583c?s=96&d=mm&r=g","contentUrl":"https:\/\/secure.gravatar.com\/avatar\/19fdfdc0d67fb9c45714b703a2ac82251c4fcea3637f002ac3c9b74c0183583c?s=96&d=mm&r=g","caption":"RAED"}}]}},"_links":{"self":[{"href":"https:\/\/raed.academy\/ca\/wp-json\/wp\/v2\/posts\/160693","targetHints":{"allow":["GET"]}}],"collection":[{"href":"https:\/\/raed.academy\/ca\/wp-json\/wp\/v2\/posts"}],"about":[{"href":"https:\/\/raed.academy\/ca\/wp-json\/wp\/v2\/types\/post"}],"author":[{"embeddable":true,"href":"https:\/\/raed.academy\/ca\/wp-json\/wp\/v2\/users\/12"}],"replies":[{"embeddable":true,"href":"https:\/\/raed.academy\/ca\/wp-json\/wp\/v2\/comments?post=160693"}],"version-history":[{"count":0,"href":"https:\/\/raed.academy\/ca\/wp-json\/wp\/v2\/posts\/160693\/revisions"}],"wp:featuredmedia":[{"embeddable":true,"href":"https:\/\/raed.academy\/ca\/wp-json\/wp\/v2\/media\/115489"}],"wp:attachment":[{"href":"https:\/\/raed.academy\/ca\/wp-json\/wp\/v2\/media?parent=160693"}],"wp:term":[{"taxonomy":"category","embeddable":true,"href":"https:\/\/raed.academy\/ca\/wp-json\/wp\/v2\/categories?post=160693"},{"taxonomy":"post_tag","embeddable":true,"href":"https:\/\/raed.academy\/ca\/wp-json\/wp\/v2\/tags?post=160693"}],"curies":[{"name":"wp","href":"https:\/\/api.w.org\/{rel}","templated":true}]}}