{"id":159950,"date":"2025-02-27T15:47:36","date_gmt":"2025-02-27T15:47:36","guid":{"rendered":"https:\/\/raed.academy\/?p=159950"},"modified":"2025-02-27T15:55:33","modified_gmt":"2025-02-27T15:55:33","slug":"biologia-quantica","status":"publish","type":"post","link":"https:\/\/raed.academy\/ca\/biologia-quantica\/","title":{"rendered":"Biologia qu\u00e0ntica"},"content":{"rendered":"<div id=\"attachment_94351\" style=\"width: 306px\" class=\"wp-caption alignright\"><img loading=\"lazy\" decoding=\"async\" aria-describedby=\"caption-attachment-94351\" class=\"wp-image-94351 size-full\" src=\"https:\/\/raed.academy\/wp-content\/uploads\/2020\/10\/August-Corominas.jpeg\" alt=\"August Corominas\" width=\"296\" height=\"169\" aria-describedby=\"caption-attachment-94351\" \/><p id=\"caption-attachment-94351\" class=\"wp-caption-text\">Dr. August Corominas<\/p><\/div>\n<p><a href=\"https:\/\/raed.academy\/ca\/academics\/dr-august-corominas-vilardell\/\" target=\"_blank\" rel=\"noopener\"><em><strong>August Corominas<\/strong><\/em><\/a>, professor de Fisiologia Humana de la <strong>Universitat de M\u00farcia<\/strong> i de la <strong>Universitat Aut\u00f2noma de Barcelona<\/strong> i acad\u00e8mic em\u00e8rit de la <strong>Reial Acad\u00e8mia Europea de Doctors<\/strong> (RAED), comparteix amb la comunitat acad\u00e8mica l&#8217;article <strong>&#8220;Biologia qu\u00e0ntica&#8221;<\/strong>, en qu\u00e8 aborda els aven\u00e7os en la investigaci\u00f3 de la f\u00edsica de part\u00edcules i la seva implicaci\u00f3 en les ci\u00e8ncies de la vida.\u00a0L&#8217;acad\u00e8mic ha compartit recentment en aquesta publicaci\u00f3 els articles <a href=\"https:\/\/raed.academy\/ca\/la-fragilitat-de-la-gent-gran\/\" target=\"_blank\" rel=\"noopener\"><strong>&#8220;La fragilitat de la gent gran&#8221;<\/strong><\/a>, <a href=\"https:\/\/raed.academy\/ca\/les-cares-del-mal\/\" target=\"_blank\" rel=\"noopener\"><strong>&#8220;Les cares del mal&#8221;<\/strong><\/a>, <a href=\"https:\/\/raed.academy\/ca\/maldat-i-crueltat\/\" target=\"_blank\" rel=\"noopener\"><strong>&#8220;Maldat i crueltat. Apocalipsi destructiu a les guerres actuals&#8221;<\/strong><\/a>, <a href=\"https:\/\/raed.academy\/ca\/la-furia-dels-deus\/\" target=\"_blank\" rel=\"noopener\"><strong>&#8220;La f\u00faria dels d\u00e9us&#8221;<\/strong><\/a>, <a href=\"https:\/\/raed.academy\/ca\/atencio-amb-la-fragilitat-i-les-caigudes-de-la-gent-gran\/\" target=\"_blank\" rel=\"noopener\"><strong>&#8220;Atenci\u00f3 amb la fragilitat i les caigudes de la gent gran&#8221;<\/strong><\/a>,\u00a0<a href=\"https:\/\/raed.academy\/ca\/la-salut-dels-refugiats\/\" target=\"_blank\" rel=\"noopener\"><strong>&#8220;La salut dels refugiats&#8221;<\/strong><\/a> i <a href=\"https:\/\/raed.academy\/ca\/?p=145300\" target=\"_blank\" rel=\"noopener\"><strong>&#8220;Fragilitat i antifragilitat&#8221;<\/strong><\/a>, <a href=\"https:\/\/raed.academy\/ca\/la-maldat-de-putin\/\" target=\"_blank\" rel=\"noopener\"><strong>&#8220;La maldat de Putin&#8221;<\/strong><\/a>, <a href=\"https:\/\/raed.academy\/ca\/nova-apocalipsi-i-batalla-de-larmagedo\/\" target=\"_blank\" rel=\"noopener\"><strong>&#8220;Nou apocalipsi i batalla d&#8217;Armagedon&#8221;<\/strong><\/a>, <a href=\"https:\/\/raed.academy\/ca\/ser-vell-o-no\/\" target=\"_blank\" rel=\"noopener\"><strong>&#8220;Ser vell o no&#8221;<\/strong><\/a>, <a href=\"https:\/\/raed.academy\/ca\/medicina-anti-aging-les-claus-de-la-longevitat\/\" target=\"_blank\" rel=\"noopener\"><strong>&#8220;Anti-Aging&#8221;<\/strong><\/a>,\u00a0 <a href=\"https:\/\/raed.academy\/ca\/el-grafe-i-la-millora-dels-diagnostics-medics\/\" target=\"_blank\" rel=\"noopener\"><strong>&#8220;Graf\u00e8: un element de gran futur tecnol\u00f2gic&#8221;<\/strong><\/a>, <a href=\"https:\/\/raed.academy\/ca\/estadistica-dhiroshima\/\" target=\"_blank\" rel=\"noopener\"><strong>&#8220;Estad\u00edstica d&#8217;Hiroshima&#8221;<\/strong><\/a>\u00a0i <a href=\"https:\/\/raed.academy\/ca\/viure-a-la-lluna\/\" target=\"_blank\" rel=\"noopener\"><strong>&#8220;Viure a la Lluna&#8221;<\/strong><\/a>, <a href=\"https:\/\/raed.academy\/ca\/els-beneficis-de-la-cultura-i-la-dieta-mediterranies\/\" target=\"_blank\" rel=\"noopener\"><strong>&#8220;La dieta mediter\u00e0nia&#8221;<\/strong><\/a>, <a href=\"https:\/\/raed.academy\/ca\/els-dificils-inicis-de-can-ruti\/\" target=\"_blank\" rel=\"noopener\"><strong>&#8220;Els dif\u00edcils inicis de Can Ruti&#8221;<\/strong><\/a>, <a href=\"https:\/\/raed.academy\/ca\/els-secrets-de-la-longevitat-i-les-zones-blaves\/\" target=\"_blank\" rel=\"noopener\"><strong>Els secrets de la longevitat i les &#8216;zones blaves&#8217;<\/strong><\/a>, <a href=\"https:\/\/raed.academy\/ca\/atencio-a-les-caigudes-de-nit-i-de-dia\/\" target=\"_blank\" rel=\"noopener\"><strong>&#8220;Atenci\u00f3 a les caigudes, de nit i de dia&#8221;<\/strong><\/a>,\u00a0<a href=\"https:\/\/raed.academy\/ca\/la-bona-vida-i-la-vida-bona\/\" target=\"_blank\" rel=\"noopener\"><strong>&#8220;La bona vida i la vida bona&#8221;<\/strong><\/a>, <a href=\"https:\/\/raed.academy\/ca\/vida-biologica-i-vida-quantica\/\" target=\"_blank\" rel=\"noopener\"><strong>&#8220;Vida biol\u00f2gica i Vida Qu\u00e0ntica&#8221;<\/strong><\/a>, <a href=\"https:\/\/raed.academy\/ca\/lera-dels-hospitals-intel%c2%b7ligents\/\" target=\"_blank\" rel=\"noopener\"><strong>&#8220;Hospitals intel\u00b7ligents&#8221;<\/strong><\/a>, <a href=\"https:\/\/raed.academy\/ca\/cosmonautica-i-medicina-espacial\/\" target=\"_blank\" rel=\"noopener\"><strong>&#8220;Cosmon\u00e0utica i medicina espacial&#8221;<\/strong><\/a> i <a href=\"https:\/\/raed.academy\/ca\/el-maltractament-i-la-seva-gestio\/\" target=\"_blank\" rel=\"noopener\"><strong>&#8220;El maltractament i la seva gesti\u00f3&#8221;<\/strong><\/a>. A m\u00e9s \u00e9s autor d&#8217;un dels cap\u00edtols del llibre <strong>&#8220;Vitalidad al envejecer. Si lo deseas, puedes vivir m\u00e1s a\u00f1os con salud&#8221;<\/strong>, editat per la Reial Corporaci\u00f3 amb el suport de <strong>Vichy Catal\u00e1n<\/strong>.<\/p>\n<p>&nbsp;<\/p>\n<p><img loading=\"lazy\" decoding=\"async\" class=\"aligncenter size-full wp-image-156198\" src=\"https:\/\/raed.academy\/wp-content\/uploads\/2024\/11\/singularidad-biologia-cuantica-fisica-cuantica-no-atrib-licencia-Pixabay.com-dst.webp\" alt=\"\" width=\"600\" height=\"360\" srcset=\"https:\/\/raed.academy\/wp-content\/uploads\/2024\/11\/singularidad-biologia-cuantica-fisica-cuantica-no-atrib-licencia-Pixabay.com-dst.webp 600w, https:\/\/raed.academy\/wp-content\/uploads\/2024\/11\/singularidad-biologia-cuantica-fisica-cuantica-no-atrib-licencia-Pixabay.com-dst-440x264.webp 440w\" sizes=\"(max-width: 600px) 100vw, 600px\" \/><\/p>\n<h2>Biologia qu\u00e0ntica<\/h2>\n<p>Hi ha diversos models de part\u00edcules, cadascun dels quals ha evolucionat al llarg del temps. Aqu\u00ed presento alguns dels m\u00e9s destacats:<\/p>\n<ul>\n<li>Model at\u00f2mic de <strong>Dem\u00f2crit<\/strong> (segle V a.C.):<br \/>\nDem\u00f2crit d&#8217;Abdera, un fil\u00f2sof grec, va proposar l&#8217;exist\u00e8ncia d&#8217;una part\u00edcula molt petita i indivisible anomenada \u00e0tom. Segons ell, l&#8217;\u00e0tom era indestructible, incompressible, etern i invisible. Aquesta idea es basava en exercicis de raonament l\u00f2gic i de filosofia.<br \/>\nL&#8217;\u00e0tom de Dem\u00f2crit era una esfera compacta, s\u00f2lida i diminuta.<\/li>\n<li>Model at\u00f2mic de <strong>John Dalton<\/strong> (1803-1807):<br \/>\nDalton va proposar que l&#8217;\u00e0tom era una esfera compacta, s\u00f2lida, diminuta, indestructible i indivisible. Aquesta teoria es basava en l&#8217;observaci\u00f3 de les proporcions a les reaccions qu\u00edmiques.<\/li>\n<li>Model at\u00f2mic de <strong>Niels Bohr<\/strong> (1913):<br \/>\nBohr va introduir la idea que els electrons orbiten al voltant del nucli en nivells energ\u00e8tics diferents. Aquests nivells estan determinats per la quantitat denergia que els electrons absorbeixen o emeten. El seu model va ajudar a explicar les l\u00ednies espectrals de l&#8217;hidrogen.<\/li>\n<li>Model at\u00f2mic d&#8217;<strong>Erwin Schr\u00f6dinger<\/strong> (1926):<br \/>\nSchr\u00f6dinger va proposar que els electrons es comporten com a ones i estan posicionats al voltant del nucli en orbitals. El seu model es basa en la mec\u00e0nica qu\u00e0ntica i descriu la probabilitat de trobar un electr\u00f3 en una regi\u00f3 espec\u00edfica.<\/li>\n<li>Model est\u00e0ndard (actualitat):<br \/>\nSegons el model est\u00e0ndard, hi ha 12 tipus de part\u00edcules de mat\u00e8ria. Aquestes part\u00edcules poden combinar-se de diverses maneres, generant la complexa diversitat de fen\u00f2mens i elements que trobem a l&#8217;univers.<\/li>\n<li>Model de part\u00edcules supersim\u00e8triques (SUSY):<br \/>\nProposa una simetria entre les part\u00edcules fermions i bosons. Tot i que encara no s&#8217;ha confirmat experimentalment, \u00e9s una extensi\u00f3 del model est\u00e0ndard.<\/li>\n<\/ul>\n<p>En resum, la comprensi\u00f3 de l&#8217;estructura i la composici\u00f3 de les part\u00edcules ha evolucionat significativament al llarg de la hist\u00f2ria, des de les idees filos\u00f2fiques de Dem\u00f2crit fins als models qu\u00e0ntics actuals. Cada model ha contribu\u00eft a la nostra comprensi\u00f3 de la mat\u00e8ria i de les seves interaccions.<\/p>\n<p>La biologia qu\u00e0ntica \u00e9s una disciplina emergent que combina els principis de la mec\u00e0nica qu\u00e0ntica amb els processos biol\u00f2gics. Tot i que durant molt de temps es va considerar poc rellevant, avui sabem que la mec\u00e0nica qu\u00e0ntica t\u00e9 un paper crucial a la vida mateixa. \u00bfCom pot alguna cosa tan diminut com el m\u00f3n qu\u00e0ntic ajudar-nos a entendre per qu\u00e8 estem vius? Aquesta pregunta intrigant ens porta a explorar la intersecci\u00f3 entre la f\u00edsica qu\u00e0ntica i la biologia.<\/p>\n<p>Aqu\u00ed hi ha algunes claus sobre la biologia qu\u00e0ntica:<\/p>\n<ol>\n<li>Relaci\u00f3 amb la f\u00edsica qu\u00e0ntica: la biologia qu\u00e0ntica es basa en els principis de la mec\u00e0nica qu\u00e0ntica, que descriu el comportament de part\u00edcules subat\u00f2miques. Tot i que inicialment es creia que aquestes idees no tenien aplicacions en biologia, ara sabem que s\u00f3n fonamentals per a processos com la fotos\u00edntesi a les plantes i la respiraci\u00f3 cel\u00b7lular.<\/li>\n<li>Import\u00e0ncia a la vida cel\u00b7lular: la mec\u00e0nica qu\u00e0ntica influeix en els processos biol\u00f2gics a nivell molecular. Per exemple, la fotos\u00edntesi dep\u00e8n de la transfer\u00e8ncia d&#8217;energia qu\u00e0ntica als pigments de les plantes. A m\u00e9s, la respiraci\u00f3 cel\u00b7lular i les reaccions qu\u00edmiques tamb\u00e9 estan influenciades per efectes qu\u00e0ntics.<\/li>\n<li>Misteris per resoldre: la biologia qu\u00e0ntica planteja preguntes fascinants. Com afecten les fluctuacions qu\u00e0ntiques les mutacions gen\u00e8tiques? Podria ajudar-nos a desenvolupar nous medicaments o millorar la computaci\u00f3 qu\u00e0ntica? Els cient\u00edfics estan explorant aquestes inc\u00f2gnites i desentranyant un misteri important.<\/li>\n<\/ol>\n<p>En resum, la biologia qu\u00e0ntica \u00e9s un camp emocionant que podria revolucionar la nostra comprensi\u00f3 de la vida i obrir noves portes cap al coneixement. Tot i que encara queda molt per descobrir, el seu potencial \u00e9s prometedor.<\/p>\n<p>Hi ha teories que suggereixen que la consci\u00e8ncia i l&#8217;\u00e0nima podrien estar relacionats amb la mec\u00e0nica qu\u00e0ntica. Segons un article de <strong>Xataka<\/strong>, alguns cient\u00edfics creuen que la ment podria sorgir d&#8217;un efecte qu\u00e0ntic. No obstant aix\u00f2, no hi ha evid\u00e8ncia cient\u00edfica concloent que recolzi aquesta idea.<\/p>\n<p>D&#8217;altra banda, un article d&#8217;<strong>Infobae<\/strong> esmenta que els doctors <strong>Stuart Hameroff<\/strong> i <strong>Roger Penrose<\/strong> treballen en una teoria qu\u00e0ntica de la consci\u00e8ncia, segons la qual l&#8217;\u00e0nima es troba continguda en estructures anomenades microt\u00fabuls, allotjades a les c\u00e8l\u00b7lules cerebrals.<\/p>\n<p>En resum, encara que hi ha algunes teories interessants sobre la relaci\u00f3 entre la mec\u00e0nica qu\u00e0ntica i l&#8217;\u00e0nima, no hi ha evid\u00e8ncia concloent que recolzi aquestes idees.<\/p>\n<h2>Quina diferencia bosons i fermions?<\/h2>\n<p>A causa del principi d&#8217;exclusi\u00f3 de<strong> Wolfgang Ernst Pauli<\/strong>, els fermions es van combinant en part\u00edcules compostes, \u00e0toms i mol\u00e8cules, i formen la mat\u00e8ria densa que coneixem. Els bosons no estan sotmesos a aquest principi d&#8217;exclusi\u00f3.<\/p>\n<p>Tota part\u00edcula coneguda est\u00e0 composta per dos tipus de part\u00edcules elementals: fermions i bosons. Ambdues part\u00edcules es caracteritzen per certes\u00a0propietats intr\u00ednseques: massa, c\u00e0rrega el\u00e8ctrica i moment angular intr\u00ednsec o esp\u00ed.<\/p>\n<p>Les part\u00edcules amb un valor d&#8217;esp\u00edn donat en m\u00faltiples de nombres semi-sencers (\u00b11\/2, \u00b13\/2, \u00b15\/2, etc), es coneixen com a fermions. Les part\u00edcules amb esp\u00ed\u00a0m\u00faltiple de nombres enters\u00a0(0, \u00b11, \u00b12, etc) es coneixen com a bosons.<\/p>\n<p>Totes les altres part\u00edcules que es coneixen estan formades per la combinaci\u00f3 i la interacci\u00f3 entre fermions i bosons.<\/p>\n<p>Tot i que el valor de l&#8217;esp\u00edn i el corresponent tipus de part\u00edcula pugui semblar una classificaci\u00f3 arbitr\u00e0ria o trivial, hi ha dues grans difer\u00e8ncies en el comportament de fermions i bosons associades a l&#8217;esp\u00edn:<\/p>\n<ol>\n<li>Els fermions estan sotmesos al principi d&#8217;exclusi\u00f3 de Pauli i segueixen les estad\u00edstiques de Fermi-Dirac. Descriuen funcions d&#8217;ona asim\u00e8triques. Exemples: electrons, quarks, neutrins, etc.<\/li>\n<li>Els bosons no estan sotmesos al principi d&#8217;exclusi\u00f3 de Pauli i segueixen les estad\u00edstiques de Bose-Einstein. Descriuen funcions d&#8217;ona sim\u00e8triques. Exemple: fot\u00f3, glu\u00f3, gravit\u00f3, etc.<\/li>\n<\/ol>\n<p>Aquestes difer\u00e8ncies, que s&#8217;associen a l&#8217;esp\u00edn, fan que els fermions siguin les part\u00edcules massives, \u00e9s a dir, les que generen la densitat de la mat\u00e8ria ordin\u00e0ria que coneixem.<\/p>\n<p>Els bosons, per la seva banda, s\u00f3n part\u00edcules no massives i el seu intercanvi \u00e9s responsable de la interacci\u00f3 entre fermions. Per exemple, el fot\u00f3 \u00e9s un tipus de bos\u00f3 responsable de for\u00e7a electromagn\u00e8tica, una de les forces fonamentals.<\/p>\n<p>Per aix\u00f2 se sol dir que els bosons s\u00f3n les part\u00edcules portadores de for\u00e7a i que els fermions s\u00f3n les part\u00edcules portadores de massa.<\/p>\n<p>Per alguna ra\u00f3 no completament entesa, els fermions obeeixen el principi d&#8217;exclusi\u00f3 de Pauli: en qualsevol sistema qu\u00e0ntic donat, dos fermions no poden ocupar el mateix estat qu\u00e0ntic. Els bosons no tenen aquesta restricci\u00f3.<\/p>\n<p>Els electrons s\u00f3n fermions, ja que s\u00f3n part\u00edcules amb un valor d&#8217;esp\u00ed semienter. L&#8217;esp\u00ed dels electrons pot ser +1\/2 o -1\/2.<\/p>\n<p>Si prenem un nucli at\u00f2mic i comencem a afegir electrons, el primer tendir\u00e0 a ocupar l&#8217;estat fonamental, que \u00e9s l&#8217;estat energ\u00e8tic m\u00e9s baix perm\u00e8s (orbital 1s). L&#8217;esp\u00ed d&#8217;aquest electr\u00f3 pot ser de +1\/2 o -1\/2.<\/p>\n<p>Si hi afegim un segon electr\u00f3, el seu esp\u00ed ha de ser obligat\u00f2riament de signe oposat per ocupar tamb\u00e9 l&#8217;estat fonamental. Si l&#8217;esp\u00ed no fos de signe oposat, els dos electrons estarien al mateix estat qu\u00e0ntic i, seguint el principi d&#8217;exclusi\u00f3 de Pauli, no podrien coexistir al mateix orbital at\u00f2mic.<\/p>\n<p>Com que els electrons s\u00f3n fermions, no bosons, i segueixen el principi d&#8217;exclusi\u00f3 de Pauli, no tothom pot ocupar l&#8217;estat fonamental (orbital 1s)<\/p>\n<p>Si continuem afegint electrons, el seg\u00fcent ja no podr\u00e0 ocupar l&#8217;orbital 1s, sin\u00f3 que haur\u00e0 de pujar a l&#8217;estat energ\u00e8tic perm\u00e8s seg\u00fcent, l&#8217;orbital 2s, i aix\u00ed successivament en seguir afegint electrons.<\/p>\n<p>En definitiva, el fet que els electrons siguin fermions i que estiguin sotmesos al principi d&#8217;exclusi\u00f3 de Pauli \u00e9s el responsable que els diferents elements de la taula peri\u00f2dica es vagin construint.<\/p>\n<p>Els bosons, per contra, no estan sotmesos al principi d&#8217;exclusi\u00f3 de Pauli i poden ocupar el mateix estat qu\u00e0ntic de forma indefinida. Per exemple, un nombre indefinit de fotons poden coexistir en el mateix estat qu\u00e0ntic, \u00e9s a dir, poden ocupar el mateix espai i alhora.<\/p>\n<h2>M\u00e9s difer\u00e8ncies entre fermions i bosons: antipart\u00edcules i anihilaci\u00f3<\/h2>\n<p>Com hem vist, el principi d&#8217;exclusi\u00f3 de Pauli associat a l&#8217;esp\u00edn semi-sencer \u00e9s molt important perqu\u00e8 els fermions vagin formant la mat\u00e8ria massiva.<\/p>\n<p>De la mateixa manera que en anar afegint electrons a un \u00e0tom aquests van ocupant diferents orbitals i es van formant els diferents elements, es poden combinar altres fermions per formar les part\u00edcules compostes.<\/p>\n<p>Els barions s\u00f3n un tipus de part\u00edcules compostes formades per la combinaci\u00f3 de tres fermions. Entre ells hi ha els\u00a0neutrons\u00a0i els\u00a0protons: dos quarks up i un quark down formen un prot\u00f3, mentre que un quark up i dos quarks down formen un neutr\u00f3.<\/p>\n<p>Alhora, protons i neutrons es combinen i formen els nuclis at\u00f2mics.<\/p>\n<p>Una cosa molt cridanera de les part\u00edcules compostes per fermions \u00e9s que es poden seguir comportant com a fermions, per\u00f2 tamb\u00e9 com a bosons\u00a0segons l&#8217;esp\u00ed resultant:<\/p>\n<ul>\n<li>Barions (protons, neutrons, etc): es formen per tres fermions, cadascun d&#8217;ells amb esp\u00ed \u00b11\/2 , en sumar l&#8217;esp\u00ed dels tres el resultat ser\u00e0 tamb\u00e9 un valor semi-sencer (-3\/2, -1\/2, +1\/2, or +3\/2), per la qual cosa es comporten com tamb\u00e9 com a fermions.<\/li>\n<li>Mesons: s\u00f3n part\u00edcules compostes formades per dos fermions. En sumar dos esp\u00edn de \u00b11\/2, el resultat podr\u00e0 ser -1, 0 o +1, \u00e9s a dir, un esp\u00ed de valor sencer. El resultat \u00e9s que els mesons, tot i estar formades per fermions, es comporten com a bosons. Per exemple, un nucli de Heli-4 es comporta com un bos\u00f3, cosa que s&#8217;ha pogut demostrar a temperatures molt baixes quan es forma el condensat de Bose-Einstein i arriba a l&#8217;estat de superflu\u00efdesa.<\/li>\n<\/ul>\n<p>A m\u00e9s, nom\u00e9s els fermions existeixen tamb\u00e9 com a antipart\u00edcules (antimat\u00e8ria, no confondre amb la mat\u00e8ria fosca), que s\u00f3n el mateix tipus de part\u00edcula per\u00f2 amb c\u00e0rrega oposada. Per exemple, hi ha el quark i l&#8217;antiquark, o l&#8217;electr\u00f3 i el positr\u00f3 (o antielectr\u00f3).<\/p>\n<p>Les part\u00edcules i les antipart\u00edcules poden aniquilar-se m\u00fatuament en processos de desintegraci\u00f3 o deca\u00efment, com la desintegraci\u00f3 beta, i produir altres fermions i bosons.<\/p>\n","protected":false},"excerpt":{"rendered":"<p>August Corominas aborda els aven\u00e7os en la investigaci\u00f3 de la f\u00edsica de part\u00edcules i la seva implicaci\u00f3 en les ci\u00e8ncies de la vida a l&#8217;article &#8220;Biologia cuantica&#8221;<\/p>\n","protected":false},"author":12,"featured_media":156199,"comment_status":"closed","ping_status":"closed","sticky":false,"template":"","format":"standard","meta":{"_et_pb_use_builder":"","_et_pb_old_content":"","_et_gb_content_width":"","footnotes":""},"categories":[332,298,344],"tags":[],"class_list":["post-159950","post","type-post","status-publish","format-standard","has-post-thumbnail","hentry","category-biologia-ca","category-fisica-ca","category-fisica-de-particules","et-has-post-format-content","et_post_format-et-post-format-standard"],"yoast_head":"<!-- This site is optimized with the Yoast SEO plugin v27.4 - https:\/\/yoast.com\/product\/yoast-seo-wordpress\/ -->\n<title>Biologia qu\u00e0ntica - Reial Acad\u00e8mia Europea de Doctors<\/title>\n<meta name=\"description\" content=\"August Corominas aborda els aven\u00e7os en la investigaci\u00f3 de la f\u00edsica de part\u00edcules i la seva implicaci\u00f3 en les ci\u00e8ncies de la vida a l&#039;article &quot;Biologia cuantica&quot;\" \/>\n<meta name=\"robots\" content=\"index, follow, max-snippet:-1, max-image-preview:large, max-video-preview:-1\" \/>\n<link rel=\"canonical\" href=\"https:\/\/raed.academy\/ca\/biologia-quantica\/\" \/>\n<meta property=\"og:locale\" content=\"ca_ES\" \/>\n<meta property=\"og:type\" content=\"article\" \/>\n<meta property=\"og:title\" content=\"Biologia qu\u00e0ntica - Reial Acad\u00e8mia Europea de Doctors\" \/>\n<meta property=\"og:description\" content=\"August Corominas aborda els aven\u00e7os en la investigaci\u00f3 de la f\u00edsica de part\u00edcules i la seva implicaci\u00f3 en les ci\u00e8ncies de la vida a l&#039;article &quot;Biologia cuantica&quot;\" \/>\n<meta property=\"og:url\" content=\"https:\/\/raed.academy\/ca\/biologia-quantica\/\" \/>\n<meta property=\"og:site_name\" content=\"Reial Acad\u00e8mia Europea de Doctors\" \/>\n<meta property=\"article:publisher\" content=\"http:\/\/fb.me\/raed.academy\" \/>\n<meta property=\"article:published_time\" content=\"2025-02-27T15:47:36+00:00\" \/>\n<meta property=\"article:modified_time\" content=\"2025-02-27T15:55:33+00:00\" \/>\n<meta property=\"og:image\" content=\"https:\/\/raed.academy\/wp-content\/uploads\/2024\/11\/singularidad-biologia-cuantica-fisica-cuantica-no-atrib-licencia-Pixabay.com-dst.webp\" \/>\n\t<meta property=\"og:image:width\" content=\"600\" \/>\n\t<meta property=\"og:image:height\" content=\"360\" \/>\n\t<meta property=\"og:image:type\" content=\"image\/webp\" \/>\n<meta name=\"author\" content=\"RAED\" \/>\n<meta name=\"twitter:card\" content=\"summary_large_image\" \/>\n<meta name=\"twitter:creator\" content=\"@raedacademy\" \/>\n<meta name=\"twitter:site\" content=\"@raedacademy\" \/>\n<meta name=\"twitter:label1\" content=\"Written by\" \/>\n\t<meta name=\"twitter:data1\" content=\"RAED\" \/>\n\t<meta name=\"twitter:label2\" content=\"Est. reading time\" \/>\n\t<meta name=\"twitter:data2\" content=\"10 minutes\" \/>\n<script type=\"application\/ld+json\" class=\"yoast-schema-graph\">{\"@context\":\"https:\\\/\\\/schema.org\",\"@graph\":[{\"@type\":\"Article\",\"@id\":\"https:\\\/\\\/raed.academy\\\/ca\\\/biologia-quantica\\\/#article\",\"isPartOf\":{\"@id\":\"https:\\\/\\\/raed.academy\\\/ca\\\/biologia-quantica\\\/\"},\"author\":{\"name\":\"RAED\",\"@id\":\"https:\\\/\\\/raed.academy\\\/ca\\\/#\\\/schema\\\/person\\\/5a755da80d1d979fd66ba745c8702927\"},\"headline\":\"Biologia qu\u00e0ntica\",\"datePublished\":\"2025-02-27T15:47:36+00:00\",\"dateModified\":\"2025-02-27T15:55:33+00:00\",\"mainEntityOfPage\":{\"@id\":\"https:\\\/\\\/raed.academy\\\/ca\\\/biologia-quantica\\\/\"},\"wordCount\":2098,\"publisher\":{\"@id\":\"https:\\\/\\\/raed.academy\\\/ca\\\/#organization\"},\"image\":{\"@id\":\"https:\\\/\\\/raed.academy\\\/ca\\\/biologia-quantica\\\/#primaryimage\"},\"thumbnailUrl\":\"https:\\\/\\\/raed.academy\\\/wp-content\\\/uploads\\\/2024\\\/11\\\/singularidad-biologia-cuantica-fisica-cuantica-no-atrib-licencia-Pixabay.com-dst.webp\",\"articleSection\":[\"Biologia\",\"F\u00edsica\",\"F\u00edsica de part\u00edcules\"],\"inLanguage\":\"ca-ES\"},{\"@type\":\"WebPage\",\"@id\":\"https:\\\/\\\/raed.academy\\\/ca\\\/biologia-quantica\\\/\",\"url\":\"https:\\\/\\\/raed.academy\\\/ca\\\/biologia-quantica\\\/\",\"name\":\"Biologia qu\u00e0ntica - Reial Acad\u00e8mia Europea de Doctors\",\"isPartOf\":{\"@id\":\"https:\\\/\\\/raed.academy\\\/ca\\\/#website\"},\"primaryImageOfPage\":{\"@id\":\"https:\\\/\\\/raed.academy\\\/ca\\\/biologia-quantica\\\/#primaryimage\"},\"image\":{\"@id\":\"https:\\\/\\\/raed.academy\\\/ca\\\/biologia-quantica\\\/#primaryimage\"},\"thumbnailUrl\":\"https:\\\/\\\/raed.academy\\\/wp-content\\\/uploads\\\/2024\\\/11\\\/singularidad-biologia-cuantica-fisica-cuantica-no-atrib-licencia-Pixabay.com-dst.webp\",\"datePublished\":\"2025-02-27T15:47:36+00:00\",\"dateModified\":\"2025-02-27T15:55:33+00:00\",\"description\":\"August Corominas aborda els aven\u00e7os en la investigaci\u00f3 de la f\u00edsica de part\u00edcules i la seva implicaci\u00f3 en les ci\u00e8ncies de la vida a l'article \\\"Biologia cuantica\\\"\",\"breadcrumb\":{\"@id\":\"https:\\\/\\\/raed.academy\\\/ca\\\/biologia-quantica\\\/#breadcrumb\"},\"inLanguage\":\"ca-ES\",\"potentialAction\":[{\"@type\":\"ReadAction\",\"target\":[\"https:\\\/\\\/raed.academy\\\/ca\\\/biologia-quantica\\\/\"]}]},{\"@type\":\"ImageObject\",\"inLanguage\":\"ca-ES\",\"@id\":\"https:\\\/\\\/raed.academy\\\/ca\\\/biologia-quantica\\\/#primaryimage\",\"url\":\"https:\\\/\\\/raed.academy\\\/wp-content\\\/uploads\\\/2024\\\/11\\\/singularidad-biologia-cuantica-fisica-cuantica-no-atrib-licencia-Pixabay.com-dst.webp\",\"contentUrl\":\"https:\\\/\\\/raed.academy\\\/wp-content\\\/uploads\\\/2024\\\/11\\\/singularidad-biologia-cuantica-fisica-cuantica-no-atrib-licencia-Pixabay.com-dst.webp\",\"width\":600,\"height\":360},{\"@type\":\"BreadcrumbList\",\"@id\":\"https:\\\/\\\/raed.academy\\\/ca\\\/biologia-quantica\\\/#breadcrumb\",\"itemListElement\":[{\"@type\":\"ListItem\",\"position\":1,\"name\":\"Inicio\",\"item\":\"https:\\\/\\\/raed.academy\\\/ca\\\/\"},{\"@type\":\"ListItem\",\"position\":2,\"name\":\"Biologia qu\u00e0ntica\"}]},{\"@type\":\"WebSite\",\"@id\":\"https:\\\/\\\/raed.academy\\\/ca\\\/#website\",\"url\":\"https:\\\/\\\/raed.academy\\\/ca\\\/\",\"name\":\"Reial Acad\u00e8mia Europea de Doctors\",\"description\":\"Corporaci\u00f3n de derecho p\u00fablico de car\u00e1cter cient\u00edfico, t\u00e9cnico y art\u00edstico, que tiene por objeto la investigaci\u00f3n, el estudio, el fomento y la extensi\u00f3n del conocimiento en su sentido m\u00e1s amplio\",\"publisher\":{\"@id\":\"https:\\\/\\\/raed.academy\\\/ca\\\/#organization\"},\"potentialAction\":[{\"@type\":\"SearchAction\",\"target\":{\"@type\":\"EntryPoint\",\"urlTemplate\":\"https:\\\/\\\/raed.academy\\\/ca\\\/?s={search_term_string}\"},\"query-input\":{\"@type\":\"PropertyValueSpecification\",\"valueRequired\":true,\"valueName\":\"search_term_string\"}}],\"inLanguage\":\"ca-ES\"},{\"@type\":\"Organization\",\"@id\":\"https:\\\/\\\/raed.academy\\\/ca\\\/#organization\",\"name\":\"Real Academia Europea de Doctores\",\"url\":\"https:\\\/\\\/raed.academy\\\/ca\\\/\",\"logo\":{\"@type\":\"ImageObject\",\"inLanguage\":\"ca-ES\",\"@id\":\"https:\\\/\\\/raed.academy\\\/ca\\\/#\\\/schema\\\/logo\\\/image\\\/\",\"url\":\"https:\\\/\\\/raed.academy\\\/wp-content\\\/uploads\\\/2017\\\/01\\\/cropped-logo_raed.png\",\"contentUrl\":\"https:\\\/\\\/raed.academy\\\/wp-content\\\/uploads\\\/2017\\\/01\\\/cropped-logo_raed.png\",\"width\":512,\"height\":512,\"caption\":\"Real Academia Europea de Doctores\"},\"image\":{\"@id\":\"https:\\\/\\\/raed.academy\\\/ca\\\/#\\\/schema\\\/logo\\\/image\\\/\"},\"sameAs\":[\"http:\\\/\\\/fb.me\\\/raed.academy\",\"https:\\\/\\\/x.com\\\/raedacademy\",\"https:\\\/\\\/www.instagram.com\\\/raed.academy\\\/\",\"https:\\\/\\\/www.youtube.com\\\/channel\\\/UCUYQwW2KrdirNWihxMDObwg\"]},{\"@type\":\"Person\",\"@id\":\"https:\\\/\\\/raed.academy\\\/ca\\\/#\\\/schema\\\/person\\\/5a755da80d1d979fd66ba745c8702927\",\"name\":\"RAED\",\"image\":{\"@type\":\"ImageObject\",\"inLanguage\":\"ca-ES\",\"@id\":\"https:\\\/\\\/secure.gravatar.com\\\/avatar\\\/19fdfdc0d67fb9c45714b703a2ac82251c4fcea3637f002ac3c9b74c0183583c?s=96&d=mm&r=g\",\"url\":\"https:\\\/\\\/secure.gravatar.com\\\/avatar\\\/19fdfdc0d67fb9c45714b703a2ac82251c4fcea3637f002ac3c9b74c0183583c?s=96&d=mm&r=g\",\"contentUrl\":\"https:\\\/\\\/secure.gravatar.com\\\/avatar\\\/19fdfdc0d67fb9c45714b703a2ac82251c4fcea3637f002ac3c9b74c0183583c?s=96&d=mm&r=g\",\"caption\":\"RAED\"}}]}<\/script>\n<!-- \/ Yoast SEO plugin. -->","yoast_head_json":{"title":"Biologia qu\u00e0ntica - Reial Acad\u00e8mia Europea de Doctors","description":"August Corominas aborda els aven\u00e7os en la investigaci\u00f3 de la f\u00edsica de part\u00edcules i la seva implicaci\u00f3 en les ci\u00e8ncies de la vida a l'article \"Biologia cuantica\"","robots":{"index":"index","follow":"follow","max-snippet":"max-snippet:-1","max-image-preview":"max-image-preview:large","max-video-preview":"max-video-preview:-1"},"canonical":"https:\/\/raed.academy\/ca\/biologia-quantica\/","og_locale":"ca_ES","og_type":"article","og_title":"Biologia qu\u00e0ntica - Reial Acad\u00e8mia Europea de Doctors","og_description":"August Corominas aborda els aven\u00e7os en la investigaci\u00f3 de la f\u00edsica de part\u00edcules i la seva implicaci\u00f3 en les ci\u00e8ncies de la vida a l'article \"Biologia cuantica\"","og_url":"https:\/\/raed.academy\/ca\/biologia-quantica\/","og_site_name":"Reial Acad\u00e8mia Europea de Doctors","article_publisher":"http:\/\/fb.me\/raed.academy","article_published_time":"2025-02-27T15:47:36+00:00","article_modified_time":"2025-02-27T15:55:33+00:00","og_image":[{"width":600,"height":360,"url":"https:\/\/raed.academy\/wp-content\/uploads\/2024\/11\/singularidad-biologia-cuantica-fisica-cuantica-no-atrib-licencia-Pixabay.com-dst.webp","type":"image\/webp"}],"author":"RAED","twitter_card":"summary_large_image","twitter_creator":"@raedacademy","twitter_site":"@raedacademy","twitter_misc":{"Written by":"RAED","Est. reading time":"10 minutes"},"schema":{"@context":"https:\/\/schema.org","@graph":[{"@type":"Article","@id":"https:\/\/raed.academy\/ca\/biologia-quantica\/#article","isPartOf":{"@id":"https:\/\/raed.academy\/ca\/biologia-quantica\/"},"author":{"name":"RAED","@id":"https:\/\/raed.academy\/ca\/#\/schema\/person\/5a755da80d1d979fd66ba745c8702927"},"headline":"Biologia qu\u00e0ntica","datePublished":"2025-02-27T15:47:36+00:00","dateModified":"2025-02-27T15:55:33+00:00","mainEntityOfPage":{"@id":"https:\/\/raed.academy\/ca\/biologia-quantica\/"},"wordCount":2098,"publisher":{"@id":"https:\/\/raed.academy\/ca\/#organization"},"image":{"@id":"https:\/\/raed.academy\/ca\/biologia-quantica\/#primaryimage"},"thumbnailUrl":"https:\/\/raed.academy\/wp-content\/uploads\/2024\/11\/singularidad-biologia-cuantica-fisica-cuantica-no-atrib-licencia-Pixabay.com-dst.webp","articleSection":["Biologia","F\u00edsica","F\u00edsica de part\u00edcules"],"inLanguage":"ca-ES"},{"@type":"WebPage","@id":"https:\/\/raed.academy\/ca\/biologia-quantica\/","url":"https:\/\/raed.academy\/ca\/biologia-quantica\/","name":"Biologia qu\u00e0ntica - Reial Acad\u00e8mia Europea de Doctors","isPartOf":{"@id":"https:\/\/raed.academy\/ca\/#website"},"primaryImageOfPage":{"@id":"https:\/\/raed.academy\/ca\/biologia-quantica\/#primaryimage"},"image":{"@id":"https:\/\/raed.academy\/ca\/biologia-quantica\/#primaryimage"},"thumbnailUrl":"https:\/\/raed.academy\/wp-content\/uploads\/2024\/11\/singularidad-biologia-cuantica-fisica-cuantica-no-atrib-licencia-Pixabay.com-dst.webp","datePublished":"2025-02-27T15:47:36+00:00","dateModified":"2025-02-27T15:55:33+00:00","description":"August Corominas aborda els aven\u00e7os en la investigaci\u00f3 de la f\u00edsica de part\u00edcules i la seva implicaci\u00f3 en les ci\u00e8ncies de la vida a l'article \"Biologia cuantica\"","breadcrumb":{"@id":"https:\/\/raed.academy\/ca\/biologia-quantica\/#breadcrumb"},"inLanguage":"ca-ES","potentialAction":[{"@type":"ReadAction","target":["https:\/\/raed.academy\/ca\/biologia-quantica\/"]}]},{"@type":"ImageObject","inLanguage":"ca-ES","@id":"https:\/\/raed.academy\/ca\/biologia-quantica\/#primaryimage","url":"https:\/\/raed.academy\/wp-content\/uploads\/2024\/11\/singularidad-biologia-cuantica-fisica-cuantica-no-atrib-licencia-Pixabay.com-dst.webp","contentUrl":"https:\/\/raed.academy\/wp-content\/uploads\/2024\/11\/singularidad-biologia-cuantica-fisica-cuantica-no-atrib-licencia-Pixabay.com-dst.webp","width":600,"height":360},{"@type":"BreadcrumbList","@id":"https:\/\/raed.academy\/ca\/biologia-quantica\/#breadcrumb","itemListElement":[{"@type":"ListItem","position":1,"name":"Inicio","item":"https:\/\/raed.academy\/ca\/"},{"@type":"ListItem","position":2,"name":"Biologia qu\u00e0ntica"}]},{"@type":"WebSite","@id":"https:\/\/raed.academy\/ca\/#website","url":"https:\/\/raed.academy\/ca\/","name":"Reial Acad\u00e8mia Europea de Doctors","description":"Corporaci\u00f3n de derecho p\u00fablico de car\u00e1cter cient\u00edfico, t\u00e9cnico y art\u00edstico, que tiene por objeto la investigaci\u00f3n, el estudio, el fomento y la extensi\u00f3n del conocimiento en su sentido m\u00e1s amplio","publisher":{"@id":"https:\/\/raed.academy\/ca\/#organization"},"potentialAction":[{"@type":"SearchAction","target":{"@type":"EntryPoint","urlTemplate":"https:\/\/raed.academy\/ca\/?s={search_term_string}"},"query-input":{"@type":"PropertyValueSpecification","valueRequired":true,"valueName":"search_term_string"}}],"inLanguage":"ca-ES"},{"@type":"Organization","@id":"https:\/\/raed.academy\/ca\/#organization","name":"Real Academia Europea de Doctores","url":"https:\/\/raed.academy\/ca\/","logo":{"@type":"ImageObject","inLanguage":"ca-ES","@id":"https:\/\/raed.academy\/ca\/#\/schema\/logo\/image\/","url":"https:\/\/raed.academy\/wp-content\/uploads\/2017\/01\/cropped-logo_raed.png","contentUrl":"https:\/\/raed.academy\/wp-content\/uploads\/2017\/01\/cropped-logo_raed.png","width":512,"height":512,"caption":"Real Academia Europea de Doctores"},"image":{"@id":"https:\/\/raed.academy\/ca\/#\/schema\/logo\/image\/"},"sameAs":["http:\/\/fb.me\/raed.academy","https:\/\/x.com\/raedacademy","https:\/\/www.instagram.com\/raed.academy\/","https:\/\/www.youtube.com\/channel\/UCUYQwW2KrdirNWihxMDObwg"]},{"@type":"Person","@id":"https:\/\/raed.academy\/ca\/#\/schema\/person\/5a755da80d1d979fd66ba745c8702927","name":"RAED","image":{"@type":"ImageObject","inLanguage":"ca-ES","@id":"https:\/\/secure.gravatar.com\/avatar\/19fdfdc0d67fb9c45714b703a2ac82251c4fcea3637f002ac3c9b74c0183583c?s=96&d=mm&r=g","url":"https:\/\/secure.gravatar.com\/avatar\/19fdfdc0d67fb9c45714b703a2ac82251c4fcea3637f002ac3c9b74c0183583c?s=96&d=mm&r=g","contentUrl":"https:\/\/secure.gravatar.com\/avatar\/19fdfdc0d67fb9c45714b703a2ac82251c4fcea3637f002ac3c9b74c0183583c?s=96&d=mm&r=g","caption":"RAED"}}]}},"_links":{"self":[{"href":"https:\/\/raed.academy\/ca\/wp-json\/wp\/v2\/posts\/159950","targetHints":{"allow":["GET"]}}],"collection":[{"href":"https:\/\/raed.academy\/ca\/wp-json\/wp\/v2\/posts"}],"about":[{"href":"https:\/\/raed.academy\/ca\/wp-json\/wp\/v2\/types\/post"}],"author":[{"embeddable":true,"href":"https:\/\/raed.academy\/ca\/wp-json\/wp\/v2\/users\/12"}],"replies":[{"embeddable":true,"href":"https:\/\/raed.academy\/ca\/wp-json\/wp\/v2\/comments?post=159950"}],"version-history":[{"count":0,"href":"https:\/\/raed.academy\/ca\/wp-json\/wp\/v2\/posts\/159950\/revisions"}],"wp:featuredmedia":[{"embeddable":true,"href":"https:\/\/raed.academy\/ca\/wp-json\/wp\/v2\/media\/156199"}],"wp:attachment":[{"href":"https:\/\/raed.academy\/ca\/wp-json\/wp\/v2\/media?parent=159950"}],"wp:term":[{"taxonomy":"category","embeddable":true,"href":"https:\/\/raed.academy\/ca\/wp-json\/wp\/v2\/categories?post=159950"},{"taxonomy":"post_tag","embeddable":true,"href":"https:\/\/raed.academy\/ca\/wp-json\/wp\/v2\/tags?post=159950"}],"curies":[{"name":"wp","href":"https:\/\/api.w.org\/{rel}","templated":true}]}}