{"id":157865,"date":"2025-01-17T14:53:50","date_gmt":"2025-01-17T14:53:50","guid":{"rendered":"https:\/\/raed.academy\/?p=157865"},"modified":"2025-01-17T14:53:50","modified_gmt":"2025-01-17T14:53:50","slug":"estela-dor-de-les-lletres-cantabres","status":"publish","type":"post","link":"https:\/\/raed.academy\/ca\/estela-dor-de-les-lletres-cantabres\/","title":{"rendered":"Estela d&#8217;Or de les lletres c\u00e0ntabres"},"content":{"rendered":"<div id=\"attachment_157808\" style=\"width: 1010px\" class=\"wp-caption alignleft\"><img loading=\"lazy\" decoding=\"async\" aria-describedby=\"caption-attachment-157808\" class=\"wp-image-157808 size-full\" src=\"https:\/\/raed.academy\/wp-content\/uploads\/2025\/01\/Francisco-Gonzalez-de-Posada-dst.webp\" sizes=\"(max-width: 1000px) 100vw, 1000px\" srcset=\"https:\/\/raed.academy\/wp-content\/uploads\/2025\/01\/Francisco-Gonzalez-de-Posada-dst.webp 1000w, https:\/\/raed.academy\/wp-content\/uploads\/2025\/01\/Francisco-Gonzalez-de-Posada-dst-768x461.webp 768w, https:\/\/raed.academy\/wp-content\/uploads\/2025\/01\/Francisco-Gonzalez-de-Posada-dst-627x376.webp 627w, https:\/\/raed.academy\/wp-content\/uploads\/2025\/01\/Francisco-Gonzalez-de-Posada-dst-440x264.webp 440w\" alt=\"Francisco Gonz\u00e1lez de Posada\" width=\"1000\" height=\"600\" aria-describedby=\"caption-attachment-157808\" \/><p id=\"caption-attachment-157808\" class=\"wp-caption-text\">Dr. Francisco Gonz\u00e1lez de Posada<\/p><\/div>\n<p><a href=\"https:\/\/raed.academy\/ca\/academics\/dr-francisco-gonzalez-de-posada\/\" target=\"_blank\" rel=\"noopener\"><em><strong>Francisco Gonz\u00e1lez de Posada<\/strong><\/em><\/a>, catedr\u00e0tic de Fonaments F\u00edsics de la <strong>Universitat Polit\u00e8cnica de Madrid<\/strong> i acad\u00e8mic d&#8217;honor de la <strong>Reial Acad\u00e8mia Europea de Doctors<\/strong>\u00a0(RAED), ha estat reconegut per la <strong>Societat C\u00e0ntabra d&#8217;Escriptors<\/strong> amb la seva <strong>Estela d&#8217;Or<\/strong>, m\u00e0xima distinci\u00f3 de l&#8217;entitat, per la seva intensa i fecunda tasca investigadora i creativa de tota una vida. L&#8217;homenatjat recollir\u00e0 aquesta nova distinci\u00f3 durant una solemne cerim\u00f2nia que se celebrar\u00e0 el pr\u00f2xim 19 de febrer, festivitat del beat de Li\u00e9bana, considerat el primer escriptor c\u00e0ntabre, a Vega de Pas. Aquest dia se celebra el <strong>Dia de les Lletres C\u00e0ntabres<\/strong>.<\/p>\n<p>Per a la Societat C\u00e0ntabra d&#8217;Escriptors, Gonz\u00e1lez de Posada es caracteritza per mantenir una estreta vinculaci\u00f3 intel\u00b7lectual amb Santander, la ciutat on se&#8217;l considera un destacat humanista des de la seva \u00e8poca de rector de la <strong>Universitat de Cant\u00e0bria<\/strong>. A m\u00e9s, l&#8217;entitat destaca que \u00e9s autor de m\u00e9s de 60 llibres cient\u00edfics d&#8217;\u00e0mbits del coneixement que van des de la filosofia a la hist\u00f2ria de la ci\u00e8ncia. Ha publicat diversos treballs en revistes especialitzades i ha estat president de nombrosos congressos, simposis i reunions cient\u00edfiques i ostenta el r\u00e8cord mundial de doctorats, amb les seves deu tesis en diferents especialitats.<\/p>\n<p>Aquest 2025, durant la celebraci\u00f3, es recordaran tamb\u00e9 els noms de recordats autors c\u00e0ntabres com <strong>Ana Mar\u00eda Cagigal<\/strong>, <strong>Pedro Calder\u00f3n de la Barca<\/strong>, <strong>Carmen Gonz\u00e1lez Echegaray<\/strong>, <strong>Rafael Guti\u00e9rrez Colomer<\/strong>, <strong>Jos\u00e9 Montero Alonso<\/strong> o <strong>Matilde Gonz\u00e1lez-Serna<\/strong>, entre d&#8217;altres. Membres d&#8217;aquest col\u00b7lectiu, autoritats i altres representants del sector cultural faran amb una lectura continuada d&#8217;alguns textos. Els assistents a la gala, a m\u00e9s, rebran un exemplar del <strong>&#8220;Cuaderno de las Letras&#8221;<\/strong> que edita la Societat C\u00e0ntabra d&#8217;Escriptors amb informaci\u00f3 d&#8217;aquests autors i els seus textos. Aquesta publicaci\u00f3, a m\u00e9s, es far\u00e0 arribar tamb\u00e9 als centres culturals i educatius de la regi\u00f3.<\/p>\n<p>Gonz\u00e1lez de Posada \u00e9s enginyer i doctor de Camins, Canals i Ports per la Universitat Polit\u00e8cnica de Madrid, llicenciat en Filosofia i Lletres per la <strong>Universitat Pontif\u00edcia de Salamanca<\/strong> i llicenciat en Ci\u00e8ncies F\u00edsiques per la <strong>Universitat Complutense de Madrid<\/strong>. Fou reconegut amb la <strong>Medalla d&#8217;Honor al Foment de la Invenci\u00f3<\/strong> i fou aix\u00ed mateix rector de la Universitat de Cant\u00e0bria. \u00c9s acad\u00e8mic de n\u00famero de la <strong>Reial Acad\u00e8mia de Doctors d&#8217;Espanya<\/strong> i membre de l&#8217;<strong>Acad\u00e8mia Mundial d&#8217;Arts i Ci\u00e8ncies<\/strong>, acad\u00e8mic corresponent de la <strong>Reial Acad\u00e8mia de Belles Arts de Cadis<\/strong>, de la <strong>Reial Acad\u00e8mia de Belles Arts de San Fernando<\/strong> i la <strong>Reial Acad\u00e8mia de Ci\u00e8ncies, Belles Arts i Bones Lletres d&#8217;\u00c8cija<\/strong> i acad\u00e8mic d&#8217;honor de l&#8217;<strong>Acad\u00e8mia de Ci\u00e8ncies M\u00e8diques de Cant\u00e0bria<\/strong>, de la <strong>Reial Acad\u00e8mia de Cultura Valenciana<\/strong>, de la <strong>Reial Acad\u00e8mia de Medicina i Cirurgia de Cadis<\/strong> i de la <strong>Reial Acad\u00e8mia de Medicina de Can\u00e0ries<\/strong>. \u00c9s tamb\u00e9 acad\u00e8mic i presideix l&#8217;<strong>Acad\u00e8mia de Ci\u00e8ncies, Enginyeries i Humanitats de Lanzarote<\/strong>.<\/p>\n","protected":false},"excerpt":{"rendered":"<p>Francisco Gonz\u00e1lez de Posada, reconegut per la Societat C\u00e0ntabra d&#8217;Escriptors amb la seva Estela d&#8217;Or, m\u00e0xima distinci\u00f3 de l&#8217;entitat, per la seva intensa i fecunda tasca investigadora i creativa de tota una vida<\/p>\n","protected":false},"author":12,"featured_media":157809,"comment_status":"closed","ping_status":"closed","sticky":false,"template":"","format":"standard","meta":{"_et_pb_use_builder":"","_et_pb_old_content":"","_et_gb_content_width":"","footnotes":""},"categories":[176,229,242,404,439,168],"tags":[],"class_list":["post-157865","post","type-post","status-publish","format-standard","has-post-thumbnail","hentry","category-academics-a-la-societat","category-art","category-categ-historia","category-historia-nacional-ca","category-literatura-ca","category-premis-distincions-i-nomenaments","et-has-post-format-content","et_post_format-et-post-format-standard"],"yoast_head":"<!-- This site is optimized with the Yoast SEO plugin v27.4 - https:\/\/yoast.com\/product\/yoast-seo-wordpress\/ -->\n<title>Estela d&#039;Or de les lletres c\u00e0ntabres - Reial Acad\u00e8mia Europea de Doctors<\/title>\n<meta name=\"description\" content=\"Francisco Gonz\u00e1lez de Posada, reconegut per la Societat C\u00e0ntabra d&#039;Escriptors amb la seva Estela d&#039;Or, per la tasca investigadora i creativa de tota una vida\" \/>\n<meta name=\"robots\" content=\"index, follow, max-snippet:-1, max-image-preview:large, max-video-preview:-1\" \/>\n<link rel=\"canonical\" href=\"https:\/\/raed.academy\/ca\/estela-dor-de-les-lletres-cantabres\/\" \/>\n<meta property=\"og:locale\" content=\"ca_ES\" \/>\n<meta property=\"og:type\" content=\"article\" \/>\n<meta property=\"og:title\" content=\"Estela d&#039;Or de les lletres c\u00e0ntabres - Reial Acad\u00e8mia Europea de Doctors\" \/>\n<meta property=\"og:description\" content=\"Francisco Gonz\u00e1lez de Posada, reconegut per la Societat C\u00e0ntabra d&#039;Escriptors amb la seva Estela d&#039;Or, per la tasca investigadora i creativa de tota una vida\" \/>\n<meta property=\"og:url\" content=\"https:\/\/raed.academy\/ca\/estela-dor-de-les-lletres-cantabres\/\" \/>\n<meta property=\"og:site_name\" content=\"Reial Acad\u00e8mia Europea de Doctors\" \/>\n<meta property=\"article:publisher\" content=\"http:\/\/fb.me\/raed.academy\" \/>\n<meta property=\"article:published_time\" content=\"2025-01-17T14:53:50+00:00\" \/>\n<meta property=\"og:image\" content=\"https:\/\/raed.academy\/wp-content\/uploads\/2025\/01\/Francisco-Gonzalez-de-Posada-dst.webp\" \/>\n\t<meta property=\"og:image:width\" content=\"1000\" \/>\n\t<meta property=\"og:image:height\" content=\"600\" \/>\n\t<meta property=\"og:image:type\" content=\"image\/webp\" \/>\n<meta name=\"author\" content=\"RAED\" \/>\n<meta name=\"twitter:card\" content=\"summary_large_image\" \/>\n<meta name=\"twitter:creator\" content=\"@raedacademy\" \/>\n<meta name=\"twitter:site\" content=\"@raedacademy\" \/>\n<meta name=\"twitter:label1\" content=\"Written by\" \/>\n\t<meta name=\"twitter:data1\" content=\"RAED\" \/>\n\t<meta name=\"twitter:label2\" content=\"Est. reading time\" \/>\n\t<meta name=\"twitter:data2\" content=\"3 minutes\" \/>\n<script type=\"application\/ld+json\" class=\"yoast-schema-graph\">{\"@context\":\"https:\\\/\\\/schema.org\",\"@graph\":[{\"@type\":\"Article\",\"@id\":\"https:\\\/\\\/raed.academy\\\/ca\\\/estela-dor-de-les-lletres-cantabres\\\/#article\",\"isPartOf\":{\"@id\":\"https:\\\/\\\/raed.academy\\\/ca\\\/estela-dor-de-les-lletres-cantabres\\\/\"},\"author\":{\"name\":\"RAED\",\"@id\":\"https:\\\/\\\/raed.academy\\\/ca\\\/#\\\/schema\\\/person\\\/5a755da80d1d979fd66ba745c8702927\"},\"headline\":\"Estela d&#8217;Or de les lletres c\u00e0ntabres\",\"datePublished\":\"2025-01-17T14:53:50+00:00\",\"mainEntityOfPage\":{\"@id\":\"https:\\\/\\\/raed.academy\\\/ca\\\/estela-dor-de-les-lletres-cantabres\\\/\"},\"wordCount\":560,\"publisher\":{\"@id\":\"https:\\\/\\\/raed.academy\\\/ca\\\/#organization\"},\"image\":{\"@id\":\"https:\\\/\\\/raed.academy\\\/ca\\\/estela-dor-de-les-lletres-cantabres\\\/#primaryimage\"},\"thumbnailUrl\":\"https:\\\/\\\/raed.academy\\\/wp-content\\\/uploads\\\/2025\\\/01\\\/Francisco-Gonzalez-de-Posada-dst.webp\",\"articleSection\":[\"Acad\u00e8mics a la societat\",\"Art\",\"Hist\u00f2ria\",\"Hist\u00f2ria nacional\",\"Literatura\",\"Premis, distincions i nomenaments\"],\"inLanguage\":\"ca-ES\"},{\"@type\":\"WebPage\",\"@id\":\"https:\\\/\\\/raed.academy\\\/ca\\\/estela-dor-de-les-lletres-cantabres\\\/\",\"url\":\"https:\\\/\\\/raed.academy\\\/ca\\\/estela-dor-de-les-lletres-cantabres\\\/\",\"name\":\"Estela d'Or de les lletres c\u00e0ntabres - Reial Acad\u00e8mia Europea de Doctors\",\"isPartOf\":{\"@id\":\"https:\\\/\\\/raed.academy\\\/ca\\\/#website\"},\"primaryImageOfPage\":{\"@id\":\"https:\\\/\\\/raed.academy\\\/ca\\\/estela-dor-de-les-lletres-cantabres\\\/#primaryimage\"},\"image\":{\"@id\":\"https:\\\/\\\/raed.academy\\\/ca\\\/estela-dor-de-les-lletres-cantabres\\\/#primaryimage\"},\"thumbnailUrl\":\"https:\\\/\\\/raed.academy\\\/wp-content\\\/uploads\\\/2025\\\/01\\\/Francisco-Gonzalez-de-Posada-dst.webp\",\"datePublished\":\"2025-01-17T14:53:50+00:00\",\"description\":\"Francisco Gonz\u00e1lez de Posada, reconegut per la Societat C\u00e0ntabra d'Escriptors amb la seva Estela d'Or, per la tasca investigadora i creativa de tota una vida\",\"breadcrumb\":{\"@id\":\"https:\\\/\\\/raed.academy\\\/ca\\\/estela-dor-de-les-lletres-cantabres\\\/#breadcrumb\"},\"inLanguage\":\"ca-ES\",\"potentialAction\":[{\"@type\":\"ReadAction\",\"target\":[\"https:\\\/\\\/raed.academy\\\/ca\\\/estela-dor-de-les-lletres-cantabres\\\/\"]}]},{\"@type\":\"ImageObject\",\"inLanguage\":\"ca-ES\",\"@id\":\"https:\\\/\\\/raed.academy\\\/ca\\\/estela-dor-de-les-lletres-cantabres\\\/#primaryimage\",\"url\":\"https:\\\/\\\/raed.academy\\\/wp-content\\\/uploads\\\/2025\\\/01\\\/Francisco-Gonzalez-de-Posada-dst.webp\",\"contentUrl\":\"https:\\\/\\\/raed.academy\\\/wp-content\\\/uploads\\\/2025\\\/01\\\/Francisco-Gonzalez-de-Posada-dst.webp\",\"width\":1000,\"height\":600},{\"@type\":\"BreadcrumbList\",\"@id\":\"https:\\\/\\\/raed.academy\\\/ca\\\/estela-dor-de-les-lletres-cantabres\\\/#breadcrumb\",\"itemListElement\":[{\"@type\":\"ListItem\",\"position\":1,\"name\":\"Inicio\",\"item\":\"https:\\\/\\\/raed.academy\\\/ca\\\/\"},{\"@type\":\"ListItem\",\"position\":2,\"name\":\"Estela d&#8217;Or de les lletres c\u00e0ntabres\"}]},{\"@type\":\"WebSite\",\"@id\":\"https:\\\/\\\/raed.academy\\\/ca\\\/#website\",\"url\":\"https:\\\/\\\/raed.academy\\\/ca\\\/\",\"name\":\"Reial Acad\u00e8mia Europea de Doctors\",\"description\":\"Corporaci\u00f3n de derecho p\u00fablico de car\u00e1cter cient\u00edfico, t\u00e9cnico y art\u00edstico, que tiene por objeto la investigaci\u00f3n, el estudio, el fomento y la extensi\u00f3n del conocimiento en su sentido m\u00e1s amplio\",\"publisher\":{\"@id\":\"https:\\\/\\\/raed.academy\\\/ca\\\/#organization\"},\"potentialAction\":[{\"@type\":\"SearchAction\",\"target\":{\"@type\":\"EntryPoint\",\"urlTemplate\":\"https:\\\/\\\/raed.academy\\\/ca\\\/?s={search_term_string}\"},\"query-input\":{\"@type\":\"PropertyValueSpecification\",\"valueRequired\":true,\"valueName\":\"search_term_string\"}}],\"inLanguage\":\"ca-ES\"},{\"@type\":\"Organization\",\"@id\":\"https:\\\/\\\/raed.academy\\\/ca\\\/#organization\",\"name\":\"Real Academia Europea de Doctores\",\"url\":\"https:\\\/\\\/raed.academy\\\/ca\\\/\",\"logo\":{\"@type\":\"ImageObject\",\"inLanguage\":\"ca-ES\",\"@id\":\"https:\\\/\\\/raed.academy\\\/ca\\\/#\\\/schema\\\/logo\\\/image\\\/\",\"url\":\"https:\\\/\\\/raed.academy\\\/wp-content\\\/uploads\\\/2017\\\/01\\\/cropped-logo_raed.png\",\"contentUrl\":\"https:\\\/\\\/raed.academy\\\/wp-content\\\/uploads\\\/2017\\\/01\\\/cropped-logo_raed.png\",\"width\":512,\"height\":512,\"caption\":\"Real Academia Europea de Doctores\"},\"image\":{\"@id\":\"https:\\\/\\\/raed.academy\\\/ca\\\/#\\\/schema\\\/logo\\\/image\\\/\"},\"sameAs\":[\"http:\\\/\\\/fb.me\\\/raed.academy\",\"https:\\\/\\\/x.com\\\/raedacademy\",\"https:\\\/\\\/www.instagram.com\\\/raed.academy\\\/\",\"https:\\\/\\\/www.youtube.com\\\/channel\\\/UCUYQwW2KrdirNWihxMDObwg\"]},{\"@type\":\"Person\",\"@id\":\"https:\\\/\\\/raed.academy\\\/ca\\\/#\\\/schema\\\/person\\\/5a755da80d1d979fd66ba745c8702927\",\"name\":\"RAED\",\"image\":{\"@type\":\"ImageObject\",\"inLanguage\":\"ca-ES\",\"@id\":\"https:\\\/\\\/secure.gravatar.com\\\/avatar\\\/19fdfdc0d67fb9c45714b703a2ac82251c4fcea3637f002ac3c9b74c0183583c?s=96&d=mm&r=g\",\"url\":\"https:\\\/\\\/secure.gravatar.com\\\/avatar\\\/19fdfdc0d67fb9c45714b703a2ac82251c4fcea3637f002ac3c9b74c0183583c?s=96&d=mm&r=g\",\"contentUrl\":\"https:\\\/\\\/secure.gravatar.com\\\/avatar\\\/19fdfdc0d67fb9c45714b703a2ac82251c4fcea3637f002ac3c9b74c0183583c?s=96&d=mm&r=g\",\"caption\":\"RAED\"}}]}<\/script>\n<!-- \/ Yoast SEO plugin. -->","yoast_head_json":{"title":"Estela d'Or de les lletres c\u00e0ntabres - Reial Acad\u00e8mia Europea de Doctors","description":"Francisco Gonz\u00e1lez de Posada, reconegut per la Societat C\u00e0ntabra d'Escriptors amb la seva Estela d'Or, per la tasca investigadora i creativa de tota una vida","robots":{"index":"index","follow":"follow","max-snippet":"max-snippet:-1","max-image-preview":"max-image-preview:large","max-video-preview":"max-video-preview:-1"},"canonical":"https:\/\/raed.academy\/ca\/estela-dor-de-les-lletres-cantabres\/","og_locale":"ca_ES","og_type":"article","og_title":"Estela d'Or de les lletres c\u00e0ntabres - Reial Acad\u00e8mia Europea de Doctors","og_description":"Francisco Gonz\u00e1lez de Posada, reconegut per la Societat C\u00e0ntabra d'Escriptors amb la seva Estela d'Or, per la tasca investigadora i creativa de tota una vida","og_url":"https:\/\/raed.academy\/ca\/estela-dor-de-les-lletres-cantabres\/","og_site_name":"Reial Acad\u00e8mia Europea de Doctors","article_publisher":"http:\/\/fb.me\/raed.academy","article_published_time":"2025-01-17T14:53:50+00:00","og_image":[{"width":1000,"height":600,"url":"https:\/\/raed.academy\/wp-content\/uploads\/2025\/01\/Francisco-Gonzalez-de-Posada-dst.webp","type":"image\/webp"}],"author":"RAED","twitter_card":"summary_large_image","twitter_creator":"@raedacademy","twitter_site":"@raedacademy","twitter_misc":{"Written by":"RAED","Est. reading time":"3 minutes"},"schema":{"@context":"https:\/\/schema.org","@graph":[{"@type":"Article","@id":"https:\/\/raed.academy\/ca\/estela-dor-de-les-lletres-cantabres\/#article","isPartOf":{"@id":"https:\/\/raed.academy\/ca\/estela-dor-de-les-lletres-cantabres\/"},"author":{"name":"RAED","@id":"https:\/\/raed.academy\/ca\/#\/schema\/person\/5a755da80d1d979fd66ba745c8702927"},"headline":"Estela d&#8217;Or de les lletres c\u00e0ntabres","datePublished":"2025-01-17T14:53:50+00:00","mainEntityOfPage":{"@id":"https:\/\/raed.academy\/ca\/estela-dor-de-les-lletres-cantabres\/"},"wordCount":560,"publisher":{"@id":"https:\/\/raed.academy\/ca\/#organization"},"image":{"@id":"https:\/\/raed.academy\/ca\/estela-dor-de-les-lletres-cantabres\/#primaryimage"},"thumbnailUrl":"https:\/\/raed.academy\/wp-content\/uploads\/2025\/01\/Francisco-Gonzalez-de-Posada-dst.webp","articleSection":["Acad\u00e8mics a la societat","Art","Hist\u00f2ria","Hist\u00f2ria nacional","Literatura","Premis, distincions i nomenaments"],"inLanguage":"ca-ES"},{"@type":"WebPage","@id":"https:\/\/raed.academy\/ca\/estela-dor-de-les-lletres-cantabres\/","url":"https:\/\/raed.academy\/ca\/estela-dor-de-les-lletres-cantabres\/","name":"Estela d'Or de les lletres c\u00e0ntabres - Reial Acad\u00e8mia Europea de Doctors","isPartOf":{"@id":"https:\/\/raed.academy\/ca\/#website"},"primaryImageOfPage":{"@id":"https:\/\/raed.academy\/ca\/estela-dor-de-les-lletres-cantabres\/#primaryimage"},"image":{"@id":"https:\/\/raed.academy\/ca\/estela-dor-de-les-lletres-cantabres\/#primaryimage"},"thumbnailUrl":"https:\/\/raed.academy\/wp-content\/uploads\/2025\/01\/Francisco-Gonzalez-de-Posada-dst.webp","datePublished":"2025-01-17T14:53:50+00:00","description":"Francisco Gonz\u00e1lez de Posada, reconegut per la Societat C\u00e0ntabra d'Escriptors amb la seva Estela d'Or, per la tasca investigadora i creativa de tota una vida","breadcrumb":{"@id":"https:\/\/raed.academy\/ca\/estela-dor-de-les-lletres-cantabres\/#breadcrumb"},"inLanguage":"ca-ES","potentialAction":[{"@type":"ReadAction","target":["https:\/\/raed.academy\/ca\/estela-dor-de-les-lletres-cantabres\/"]}]},{"@type":"ImageObject","inLanguage":"ca-ES","@id":"https:\/\/raed.academy\/ca\/estela-dor-de-les-lletres-cantabres\/#primaryimage","url":"https:\/\/raed.academy\/wp-content\/uploads\/2025\/01\/Francisco-Gonzalez-de-Posada-dst.webp","contentUrl":"https:\/\/raed.academy\/wp-content\/uploads\/2025\/01\/Francisco-Gonzalez-de-Posada-dst.webp","width":1000,"height":600},{"@type":"BreadcrumbList","@id":"https:\/\/raed.academy\/ca\/estela-dor-de-les-lletres-cantabres\/#breadcrumb","itemListElement":[{"@type":"ListItem","position":1,"name":"Inicio","item":"https:\/\/raed.academy\/ca\/"},{"@type":"ListItem","position":2,"name":"Estela d&#8217;Or de les lletres c\u00e0ntabres"}]},{"@type":"WebSite","@id":"https:\/\/raed.academy\/ca\/#website","url":"https:\/\/raed.academy\/ca\/","name":"Reial Acad\u00e8mia Europea de Doctors","description":"Corporaci\u00f3n de derecho p\u00fablico de car\u00e1cter cient\u00edfico, t\u00e9cnico y art\u00edstico, que tiene por objeto la investigaci\u00f3n, el estudio, el fomento y la extensi\u00f3n del conocimiento en su sentido m\u00e1s amplio","publisher":{"@id":"https:\/\/raed.academy\/ca\/#organization"},"potentialAction":[{"@type":"SearchAction","target":{"@type":"EntryPoint","urlTemplate":"https:\/\/raed.academy\/ca\/?s={search_term_string}"},"query-input":{"@type":"PropertyValueSpecification","valueRequired":true,"valueName":"search_term_string"}}],"inLanguage":"ca-ES"},{"@type":"Organization","@id":"https:\/\/raed.academy\/ca\/#organization","name":"Real Academia Europea de Doctores","url":"https:\/\/raed.academy\/ca\/","logo":{"@type":"ImageObject","inLanguage":"ca-ES","@id":"https:\/\/raed.academy\/ca\/#\/schema\/logo\/image\/","url":"https:\/\/raed.academy\/wp-content\/uploads\/2017\/01\/cropped-logo_raed.png","contentUrl":"https:\/\/raed.academy\/wp-content\/uploads\/2017\/01\/cropped-logo_raed.png","width":512,"height":512,"caption":"Real Academia Europea de Doctores"},"image":{"@id":"https:\/\/raed.academy\/ca\/#\/schema\/logo\/image\/"},"sameAs":["http:\/\/fb.me\/raed.academy","https:\/\/x.com\/raedacademy","https:\/\/www.instagram.com\/raed.academy\/","https:\/\/www.youtube.com\/channel\/UCUYQwW2KrdirNWihxMDObwg"]},{"@type":"Person","@id":"https:\/\/raed.academy\/ca\/#\/schema\/person\/5a755da80d1d979fd66ba745c8702927","name":"RAED","image":{"@type":"ImageObject","inLanguage":"ca-ES","@id":"https:\/\/secure.gravatar.com\/avatar\/19fdfdc0d67fb9c45714b703a2ac82251c4fcea3637f002ac3c9b74c0183583c?s=96&d=mm&r=g","url":"https:\/\/secure.gravatar.com\/avatar\/19fdfdc0d67fb9c45714b703a2ac82251c4fcea3637f002ac3c9b74c0183583c?s=96&d=mm&r=g","contentUrl":"https:\/\/secure.gravatar.com\/avatar\/19fdfdc0d67fb9c45714b703a2ac82251c4fcea3637f002ac3c9b74c0183583c?s=96&d=mm&r=g","caption":"RAED"}}]}},"_links":{"self":[{"href":"https:\/\/raed.academy\/ca\/wp-json\/wp\/v2\/posts\/157865","targetHints":{"allow":["GET"]}}],"collection":[{"href":"https:\/\/raed.academy\/ca\/wp-json\/wp\/v2\/posts"}],"about":[{"href":"https:\/\/raed.academy\/ca\/wp-json\/wp\/v2\/types\/post"}],"author":[{"embeddable":true,"href":"https:\/\/raed.academy\/ca\/wp-json\/wp\/v2\/users\/12"}],"replies":[{"embeddable":true,"href":"https:\/\/raed.academy\/ca\/wp-json\/wp\/v2\/comments?post=157865"}],"version-history":[{"count":0,"href":"https:\/\/raed.academy\/ca\/wp-json\/wp\/v2\/posts\/157865\/revisions"}],"wp:featuredmedia":[{"embeddable":true,"href":"https:\/\/raed.academy\/ca\/wp-json\/wp\/v2\/media\/157809"}],"wp:attachment":[{"href":"https:\/\/raed.academy\/ca\/wp-json\/wp\/v2\/media?parent=157865"}],"wp:term":[{"taxonomy":"category","embeddable":true,"href":"https:\/\/raed.academy\/ca\/wp-json\/wp\/v2\/categories?post=157865"},{"taxonomy":"post_tag","embeddable":true,"href":"https:\/\/raed.academy\/ca\/wp-json\/wp\/v2\/tags?post=157865"}],"curies":[{"name":"wp","href":"https:\/\/api.w.org\/{rel}","templated":true}]}}