{"id":157571,"date":"2025-01-13T13:24:42","date_gmt":"2025-01-13T13:24:42","guid":{"rendered":"https:\/\/raed.academy\/?p=157571"},"modified":"2025-01-13T15:18:00","modified_gmt":"2025-01-13T15:18:00","slug":"el-paper-de-la-innovacio-a-lempresa-familiar","status":"publish","type":"post","link":"https:\/\/raed.academy\/ca\/el-paper-de-la-innovacio-a-lempresa-familiar\/","title":{"rendered":"El paper de la innovaci\u00f3 a l&#8217;empresa familiar"},"content":{"rendered":"<p data-wp-editing=\"1\"><img loading=\"lazy\" decoding=\"async\" class=\"aligncenter wp-image-134103\" src=\"https:\/\/raed.academy\/wp-content\/uploads\/2023\/06\/Felipe-Hernandez-Perlines-DST.webp\" sizes=\"(max-width: 562px) 100vw, 562px\" srcset=\"https:\/\/raed.academy\/wp-content\/uploads\/2023\/06\/Felipe-Hernandez-Perlines-DST.webp 600w, https:\/\/raed.academy\/wp-content\/uploads\/2023\/06\/Felipe-Hernandez-Perlines-DST-440x264.webp 440w\" alt=\"Dr. Felipe Hern\u00e1ndez Perlines\" width=\"562\" height=\"336\" aria-describedby=\"caption-attachment-134103\" \/><\/p>\n<p><a href=\"https:\/\/raed.academy\/ca\/academics\/dr-felipe-hernandez-perlines\/\" target=\"_blank\" rel=\"noopener\"><em><strong>Felipe Hern\u00e1ndez Perlines<\/strong><\/em><\/a>, catedr\u00e0tic d&#8217;Organitzaci\u00f3 d&#8217;Empreses de la <strong>Universitat de Castella-la Manxa<\/strong>, vicepresident de l&#8217;<strong>Acad\u00e8mia Europea de Direcci\u00f3 i Economia de l&#8217;Empresa<\/strong> i acad\u00e8mic de n\u00famero de la <strong>Reial Acad\u00e8mia Europea de Doctors<\/strong> (RAED), ha publicat al volum 9, n\u00famero 4, de la<strong> &#8220;Revista de Innovaci\u00f3n y Conocimiento&#8221;<\/strong>, corresponent al per\u00edode octubre-desembre de 2024, l&#8217;estudi <strong>&#8220;La innovaci\u00f3n en las empresas familiares: exploraci\u00f3n de la influencia de la orientaci\u00f3n empresarial y la capacidad de absorci\u00f3n en la capacidad innovadora&#8221;<\/strong>, en qu\u00e8 analitza juntament amb les tamb\u00e9 expertes en la mat\u00e8ria <strong>Alicia Blanco<\/strong> i<strong> Giorgia Miotto<\/strong> com l&#8217;orientaci\u00f3 empresarial i la capacitat d&#8217;absorci\u00f3 influeixen en la capacitat innovadora de les empreses familiars.<\/p>\n<p>Al seu treball, els experts analitzen les dades de 156 empreses familiars utilitzant el marc te\u00f2ric de les capacitats din\u00e0miques i el modelatge d&#8217;equacions estructurals. Com ells mateixos indiquen al resum de l&#8217;article, els resultats revelen que tant l&#8217;orientaci\u00f3 empresarial com la capacitat d&#8217;absorci\u00f3 influeixen en la capacitat innovadora i que aquesta influ\u00e8ncia \u00e9s m\u00e9s gran quan les dues capacitats actuen juntes que quan actuen individualment. L&#8217;estudi confirma, a m\u00e9s, que l&#8217;orientaci\u00f3 empresarial t\u00e9 m\u00e9s influ\u00e8ncia en la capacitat innovadora que la capacitat d&#8217;absorci\u00f3.<\/p>\n<p>&#8220;La innovaci\u00f3 continua sent un factor clau per millorar la competitivitat i el rendiment de les empreses familiars. Per millorar la seva capacitat innovadora, les empreses familiars han de centrar-se en l&#8217;orientaci\u00f3 empresarial, fomentant aix\u00ed el comportament empresarial a trav\u00e9s de la innovaci\u00f3. En termes de capacitat d&#8217;absorci\u00f3, han de considerar quin tipus de coneixement cal adquirir i com s&#8217;han d&#8217;utilitzar per millorar els seus resultats i competitivitat. Tant la innovaci\u00f3 de processos com la innovaci\u00f3 de productes s\u00f3n igualment importants per a les empreses familiars. En innovar, cal centrar-se en millorar tant els productes com els processos. La gesti\u00f3 de les empreses familiars ha de tenir en compte que la capacitat innovadora est\u00e0 molt estesa i \u00e9s rellevant per generar valor, independentment del sector, l&#8217;edat o la mida de l&#8217;empresa&#8221;, conclouen Hern\u00e1ndez Perlines, Blanco i Miotto.<\/p>\n<div id=\"attachment_157607\" style=\"width: 610px\" class=\"wp-caption alignleft\"><img loading=\"lazy\" decoding=\"async\" aria-describedby=\"caption-attachment-157607\" class=\"wp-image-157607 size-full\" src=\"https:\/\/raed.academy\/wp-content\/uploads\/2025\/01\/empresa-familiar-trabajo-oficina-no-atrib-pixabay.com-dst.webp\" sizes=\"(max-width: 600px) 100vw, 600px\" srcset=\"https:\/\/raed.academy\/wp-content\/uploads\/2025\/01\/empresa-familiar-trabajo-oficina-no-atrib-pixabay.com-dst.webp 600w, https:\/\/raed.academy\/wp-content\/uploads\/2025\/01\/empresa-familiar-trabajo-oficina-no-atrib-pixabay.com-dst-440x264.webp 440w\" alt=\"\" width=\"600\" height=\"360\" \/><p id=\"caption-attachment-157607\" class=\"wp-caption-text\">Imatge de <a href=\"https:\/\/pixabay.com\/es\/users\/ronaldcandonga-17383039\/?utm_source=link-attribution&amp;utm_medium=referral&amp;utm_campaign=image&amp;utm_content=5382501\">Ronald Carre\u00f1o<\/a> a <a href=\"https:\/\/pixabay.com\/es\/\/?utm_source=link-attribution&amp;utm_medium=referral&amp;utm_campaign=image&amp;utm_content=5382501\">Pixabay<\/a><\/p><\/div>\n<p>L&#8217;acad\u00e8mic va ser incl\u00f2s l&#8217;any passat al prestigi\u00f3s <strong>Ranking Top 2% dels Millors Investigadors del M\u00f3n<\/strong> que elabora la <strong>Universitat d&#8217;Stanford<\/strong> i la firma <strong>Elsevier<\/strong> tenint el compte m\u00e8triques d&#8217;impacte i influ\u00e8ncia cient\u00edfica per avaluar investigadors de totes les disciplines que s\u00f3n un referent per a la comunitat acad\u00e8mica mundial. El reconeixement a Hern\u00e1ndez Perlines destaca la seva excepcional traject\u00f2ria en recerca i la seva contribuci\u00f3 a l&#8217;aven\u00e7 del coneixement al seu camp d&#8217;estudi. L&#8217;expert, aix\u00ed mateix, va presidir el passat estiu el <strong>Comit\u00e8 Organitzador<\/strong> del <strong>XXXVIII Congr\u00e9s Anual de l&#8217;Acad\u00e8mia Europea de Direcci\u00f3 i Economia de l&#8217;Empresa<\/strong>, que es va celebrar a Toledo amb la col\u00b7laboraci\u00f3 de la Universitat de Castella-la Manxa sota el t\u00edtol <strong>&#8220;Emprendimiento generativo, prioridades empresariales y retos digitales&#8221;<\/strong>. L&#8217;acad\u00e8mic tamb\u00e9 va presentar a la capital castellana el nou<strong> Portal Estad\u00edstic de l&#8217;Economia Social de Castella-la Manxa<\/strong>, desenvolupat per un grup multidisciplinari de professors especialistes en economia social.<\/p>\n<p>Expert en empresa familiar, Hern\u00e1ndez Perlines va ingressar a la RAED el juny de 2023 amb el discurs <strong>&#8220;La riquesa socioemocional: factor clau en la investigaci\u00f3 sobre empresa familiar&#8221;<\/strong>, en qu\u00e8 va analitzar la situaci\u00f3 d&#8217;aquest model empresarial i va avan\u00e7ar tant els seus reptes de futur com les noves l\u00ednies de recerca sobre aquest model corporatiu que presenta enormes avantatges competitius al mercat malgrat els seus recurrents problemes de m\u00fascul econ\u00f2mic. Aix\u00ed mateix, va ingressar l&#8217;abril passat a l&#8217;<strong>Acad\u00e8mia de Ci\u00e8ncies, Enginyeries i Humanitats de Lanzarote\u00a0<\/strong>en el marc de la <strong>VII Trobada Cient\u00edfica Nacional<\/strong> de la RAED, aquesta vegada amb el discurs <strong>&#8220;L&#8217;\u00e8tica com a valor fonamental de les empreses familiars&#8221;<\/strong>, en qu\u00e8 va tra\u00e7ar els reptes d&#8217;aquestes societats mercantils a una era marcada per una nova consci\u00e8ncia del consumidor i del client en tota mena de negocis.<\/p>\n<h2><a href=\"https:\/\/www.sciencedirect.com\/science\/article\/pii\/S2444569X24001392\" target=\"_blank\" rel=\"noopener\">Llegiu l&#8217;article<\/a><\/h2>\n","protected":false},"excerpt":{"rendered":"<p>Felipe Hern\u00e1ndez Perlines analitza, juntament amb Alicia Blanco i Giorgia Miotto, com l&#8217;orientaci\u00f3 empresarial i la capacitat d&#8217;absorci\u00f3 influeixen en la capacitat innovadora de les empreses familiars, a l&#8217;estudi &#8220;La innovaci\u00f3n en las empresas familiares: exploraci\u00f3n de la influencia de la orientaci\u00f3n empresarial y la capacidad de absorci\u00f3n en la capacidad innovadora&#8221;<\/p>\n","protected":false},"author":12,"featured_media":157608,"comment_status":"closed","ping_status":"closed","sticky":false,"template":"","format":"standard","meta":{"_et_pb_use_builder":"","_et_pb_old_content":"","_et_gb_content_width":"","footnotes":""},"categories":[233],"tags":[],"class_list":["post-157571","post","type-post","status-publish","format-standard","has-post-thumbnail","hentry","category-economiques-i-empresarials","et-has-post-format-content","et_post_format-et-post-format-standard"],"yoast_head":"<!-- This site is optimized with the Yoast SEO plugin v27.4 - https:\/\/yoast.com\/product\/yoast-seo-wordpress\/ -->\n<title>El paper de la innovaci\u00f3 a l&#039;empresa familiar - Reial Acad\u00e8mia Europea de Doctors<\/title>\n<meta name=\"description\" content=\"Com l&#039;orientaci\u00f3 empresarial i la capacitat d&#039;absorci\u00f3 influeixen en la capacitat innovadora de les empreses familiars\" \/>\n<meta name=\"robots\" content=\"index, follow, max-snippet:-1, max-image-preview:large, max-video-preview:-1\" \/>\n<link rel=\"canonical\" href=\"https:\/\/raed.academy\/ca\/el-paper-de-la-innovacio-a-lempresa-familiar\/\" \/>\n<meta property=\"og:locale\" content=\"ca_ES\" \/>\n<meta property=\"og:type\" content=\"article\" \/>\n<meta property=\"og:title\" content=\"El paper de la innovaci\u00f3 a l&#039;empresa familiar - Reial Acad\u00e8mia Europea de Doctors\" \/>\n<meta property=\"og:description\" content=\"Com l&#039;orientaci\u00f3 empresarial i la capacitat d&#039;absorci\u00f3 influeixen en la capacitat innovadora de les empreses familiars\" \/>\n<meta property=\"og:url\" content=\"https:\/\/raed.academy\/ca\/el-paper-de-la-innovacio-a-lempresa-familiar\/\" \/>\n<meta property=\"og:site_name\" content=\"Reial Acad\u00e8mia Europea de Doctors\" \/>\n<meta property=\"article:publisher\" content=\"http:\/\/fb.me\/raed.academy\" \/>\n<meta property=\"article:published_time\" content=\"2025-01-13T13:24:42+00:00\" \/>\n<meta property=\"article:modified_time\" content=\"2025-01-13T15:18:00+00:00\" \/>\n<meta property=\"og:image\" content=\"https:\/\/raed.academy\/wp-content\/uploads\/2025\/01\/empresa-familiar-trabajo-oficina-no-atrib-pixabay.com-dst.webp\" \/>\n\t<meta property=\"og:image:width\" content=\"600\" \/>\n\t<meta property=\"og:image:height\" content=\"360\" \/>\n\t<meta property=\"og:image:type\" content=\"image\/webp\" \/>\n<meta name=\"author\" content=\"RAED\" \/>\n<meta name=\"twitter:card\" content=\"summary_large_image\" \/>\n<meta name=\"twitter:creator\" content=\"@raedacademy\" \/>\n<meta name=\"twitter:site\" content=\"@raedacademy\" \/>\n<meta name=\"twitter:label1\" content=\"Written by\" \/>\n\t<meta name=\"twitter:data1\" content=\"RAED\" \/>\n\t<meta name=\"twitter:label2\" content=\"Est. reading time\" \/>\n\t<meta name=\"twitter:data2\" content=\"4 minutes\" \/>\n<script type=\"application\/ld+json\" class=\"yoast-schema-graph\">{\"@context\":\"https:\\\/\\\/schema.org\",\"@graph\":[{\"@type\":\"Article\",\"@id\":\"https:\\\/\\\/raed.academy\\\/ca\\\/el-paper-de-la-innovacio-a-lempresa-familiar\\\/#article\",\"isPartOf\":{\"@id\":\"https:\\\/\\\/raed.academy\\\/ca\\\/el-paper-de-la-innovacio-a-lempresa-familiar\\\/\"},\"author\":{\"name\":\"RAED\",\"@id\":\"https:\\\/\\\/raed.academy\\\/ca\\\/#\\\/schema\\\/person\\\/5a755da80d1d979fd66ba745c8702927\"},\"headline\":\"El paper de la innovaci\u00f3 a l&#8217;empresa familiar\",\"datePublished\":\"2025-01-13T13:24:42+00:00\",\"dateModified\":\"2025-01-13T15:18:00+00:00\",\"mainEntityOfPage\":{\"@id\":\"https:\\\/\\\/raed.academy\\\/ca\\\/el-paper-de-la-innovacio-a-lempresa-familiar\\\/\"},\"wordCount\":730,\"publisher\":{\"@id\":\"https:\\\/\\\/raed.academy\\\/ca\\\/#organization\"},\"image\":{\"@id\":\"https:\\\/\\\/raed.academy\\\/ca\\\/el-paper-de-la-innovacio-a-lempresa-familiar\\\/#primaryimage\"},\"thumbnailUrl\":\"https:\\\/\\\/raed.academy\\\/wp-content\\\/uploads\\\/2025\\\/01\\\/empresa-familiar-trabajo-oficina-no-atrib-pixabay.com-dst.webp\",\"articleSection\":[\"Econ\u00f2miques i Empresarials\"],\"inLanguage\":\"ca-ES\"},{\"@type\":\"WebPage\",\"@id\":\"https:\\\/\\\/raed.academy\\\/ca\\\/el-paper-de-la-innovacio-a-lempresa-familiar\\\/\",\"url\":\"https:\\\/\\\/raed.academy\\\/ca\\\/el-paper-de-la-innovacio-a-lempresa-familiar\\\/\",\"name\":\"El paper de la innovaci\u00f3 a l'empresa familiar - Reial Acad\u00e8mia Europea de Doctors\",\"isPartOf\":{\"@id\":\"https:\\\/\\\/raed.academy\\\/ca\\\/#website\"},\"primaryImageOfPage\":{\"@id\":\"https:\\\/\\\/raed.academy\\\/ca\\\/el-paper-de-la-innovacio-a-lempresa-familiar\\\/#primaryimage\"},\"image\":{\"@id\":\"https:\\\/\\\/raed.academy\\\/ca\\\/el-paper-de-la-innovacio-a-lempresa-familiar\\\/#primaryimage\"},\"thumbnailUrl\":\"https:\\\/\\\/raed.academy\\\/wp-content\\\/uploads\\\/2025\\\/01\\\/empresa-familiar-trabajo-oficina-no-atrib-pixabay.com-dst.webp\",\"datePublished\":\"2025-01-13T13:24:42+00:00\",\"dateModified\":\"2025-01-13T15:18:00+00:00\",\"description\":\"Com l'orientaci\u00f3 empresarial i la capacitat d'absorci\u00f3 influeixen en la capacitat innovadora de les empreses familiars\",\"breadcrumb\":{\"@id\":\"https:\\\/\\\/raed.academy\\\/ca\\\/el-paper-de-la-innovacio-a-lempresa-familiar\\\/#breadcrumb\"},\"inLanguage\":\"ca-ES\",\"potentialAction\":[{\"@type\":\"ReadAction\",\"target\":[\"https:\\\/\\\/raed.academy\\\/ca\\\/el-paper-de-la-innovacio-a-lempresa-familiar\\\/\"]}]},{\"@type\":\"ImageObject\",\"inLanguage\":\"ca-ES\",\"@id\":\"https:\\\/\\\/raed.academy\\\/ca\\\/el-paper-de-la-innovacio-a-lempresa-familiar\\\/#primaryimage\",\"url\":\"https:\\\/\\\/raed.academy\\\/wp-content\\\/uploads\\\/2025\\\/01\\\/empresa-familiar-trabajo-oficina-no-atrib-pixabay.com-dst.webp\",\"contentUrl\":\"https:\\\/\\\/raed.academy\\\/wp-content\\\/uploads\\\/2025\\\/01\\\/empresa-familiar-trabajo-oficina-no-atrib-pixabay.com-dst.webp\",\"width\":600,\"height\":360},{\"@type\":\"BreadcrumbList\",\"@id\":\"https:\\\/\\\/raed.academy\\\/ca\\\/el-paper-de-la-innovacio-a-lempresa-familiar\\\/#breadcrumb\",\"itemListElement\":[{\"@type\":\"ListItem\",\"position\":1,\"name\":\"Inicio\",\"item\":\"https:\\\/\\\/raed.academy\\\/ca\\\/\"},{\"@type\":\"ListItem\",\"position\":2,\"name\":\"El paper de la innovaci\u00f3 a l&#8217;empresa familiar\"}]},{\"@type\":\"WebSite\",\"@id\":\"https:\\\/\\\/raed.academy\\\/ca\\\/#website\",\"url\":\"https:\\\/\\\/raed.academy\\\/ca\\\/\",\"name\":\"Reial Acad\u00e8mia Europea de Doctors\",\"description\":\"Corporaci\u00f3n de derecho p\u00fablico de car\u00e1cter cient\u00edfico, t\u00e9cnico y art\u00edstico, que tiene por objeto la investigaci\u00f3n, el estudio, el fomento y la extensi\u00f3n del conocimiento en su sentido m\u00e1s amplio\",\"publisher\":{\"@id\":\"https:\\\/\\\/raed.academy\\\/ca\\\/#organization\"},\"potentialAction\":[{\"@type\":\"SearchAction\",\"target\":{\"@type\":\"EntryPoint\",\"urlTemplate\":\"https:\\\/\\\/raed.academy\\\/ca\\\/?s={search_term_string}\"},\"query-input\":{\"@type\":\"PropertyValueSpecification\",\"valueRequired\":true,\"valueName\":\"search_term_string\"}}],\"inLanguage\":\"ca-ES\"},{\"@type\":\"Organization\",\"@id\":\"https:\\\/\\\/raed.academy\\\/ca\\\/#organization\",\"name\":\"Real Academia Europea de Doctores\",\"url\":\"https:\\\/\\\/raed.academy\\\/ca\\\/\",\"logo\":{\"@type\":\"ImageObject\",\"inLanguage\":\"ca-ES\",\"@id\":\"https:\\\/\\\/raed.academy\\\/ca\\\/#\\\/schema\\\/logo\\\/image\\\/\",\"url\":\"https:\\\/\\\/raed.academy\\\/wp-content\\\/uploads\\\/2017\\\/01\\\/cropped-logo_raed.png\",\"contentUrl\":\"https:\\\/\\\/raed.academy\\\/wp-content\\\/uploads\\\/2017\\\/01\\\/cropped-logo_raed.png\",\"width\":512,\"height\":512,\"caption\":\"Real Academia Europea de Doctores\"},\"image\":{\"@id\":\"https:\\\/\\\/raed.academy\\\/ca\\\/#\\\/schema\\\/logo\\\/image\\\/\"},\"sameAs\":[\"http:\\\/\\\/fb.me\\\/raed.academy\",\"https:\\\/\\\/x.com\\\/raedacademy\",\"https:\\\/\\\/www.instagram.com\\\/raed.academy\\\/\",\"https:\\\/\\\/www.youtube.com\\\/channel\\\/UCUYQwW2KrdirNWihxMDObwg\"]},{\"@type\":\"Person\",\"@id\":\"https:\\\/\\\/raed.academy\\\/ca\\\/#\\\/schema\\\/person\\\/5a755da80d1d979fd66ba745c8702927\",\"name\":\"RAED\",\"image\":{\"@type\":\"ImageObject\",\"inLanguage\":\"ca-ES\",\"@id\":\"https:\\\/\\\/secure.gravatar.com\\\/avatar\\\/19fdfdc0d67fb9c45714b703a2ac82251c4fcea3637f002ac3c9b74c0183583c?s=96&d=mm&r=g\",\"url\":\"https:\\\/\\\/secure.gravatar.com\\\/avatar\\\/19fdfdc0d67fb9c45714b703a2ac82251c4fcea3637f002ac3c9b74c0183583c?s=96&d=mm&r=g\",\"contentUrl\":\"https:\\\/\\\/secure.gravatar.com\\\/avatar\\\/19fdfdc0d67fb9c45714b703a2ac82251c4fcea3637f002ac3c9b74c0183583c?s=96&d=mm&r=g\",\"caption\":\"RAED\"}}]}<\/script>\n<!-- \/ Yoast SEO plugin. -->","yoast_head_json":{"title":"El paper de la innovaci\u00f3 a l'empresa familiar - Reial Acad\u00e8mia Europea de Doctors","description":"Com l'orientaci\u00f3 empresarial i la capacitat d'absorci\u00f3 influeixen en la capacitat innovadora de les empreses familiars","robots":{"index":"index","follow":"follow","max-snippet":"max-snippet:-1","max-image-preview":"max-image-preview:large","max-video-preview":"max-video-preview:-1"},"canonical":"https:\/\/raed.academy\/ca\/el-paper-de-la-innovacio-a-lempresa-familiar\/","og_locale":"ca_ES","og_type":"article","og_title":"El paper de la innovaci\u00f3 a l'empresa familiar - Reial Acad\u00e8mia Europea de Doctors","og_description":"Com l'orientaci\u00f3 empresarial i la capacitat d'absorci\u00f3 influeixen en la capacitat innovadora de les empreses familiars","og_url":"https:\/\/raed.academy\/ca\/el-paper-de-la-innovacio-a-lempresa-familiar\/","og_site_name":"Reial Acad\u00e8mia Europea de Doctors","article_publisher":"http:\/\/fb.me\/raed.academy","article_published_time":"2025-01-13T13:24:42+00:00","article_modified_time":"2025-01-13T15:18:00+00:00","og_image":[{"width":600,"height":360,"url":"https:\/\/raed.academy\/wp-content\/uploads\/2025\/01\/empresa-familiar-trabajo-oficina-no-atrib-pixabay.com-dst.webp","type":"image\/webp"}],"author":"RAED","twitter_card":"summary_large_image","twitter_creator":"@raedacademy","twitter_site":"@raedacademy","twitter_misc":{"Written by":"RAED","Est. reading time":"4 minutes"},"schema":{"@context":"https:\/\/schema.org","@graph":[{"@type":"Article","@id":"https:\/\/raed.academy\/ca\/el-paper-de-la-innovacio-a-lempresa-familiar\/#article","isPartOf":{"@id":"https:\/\/raed.academy\/ca\/el-paper-de-la-innovacio-a-lempresa-familiar\/"},"author":{"name":"RAED","@id":"https:\/\/raed.academy\/ca\/#\/schema\/person\/5a755da80d1d979fd66ba745c8702927"},"headline":"El paper de la innovaci\u00f3 a l&#8217;empresa familiar","datePublished":"2025-01-13T13:24:42+00:00","dateModified":"2025-01-13T15:18:00+00:00","mainEntityOfPage":{"@id":"https:\/\/raed.academy\/ca\/el-paper-de-la-innovacio-a-lempresa-familiar\/"},"wordCount":730,"publisher":{"@id":"https:\/\/raed.academy\/ca\/#organization"},"image":{"@id":"https:\/\/raed.academy\/ca\/el-paper-de-la-innovacio-a-lempresa-familiar\/#primaryimage"},"thumbnailUrl":"https:\/\/raed.academy\/wp-content\/uploads\/2025\/01\/empresa-familiar-trabajo-oficina-no-atrib-pixabay.com-dst.webp","articleSection":["Econ\u00f2miques i Empresarials"],"inLanguage":"ca-ES"},{"@type":"WebPage","@id":"https:\/\/raed.academy\/ca\/el-paper-de-la-innovacio-a-lempresa-familiar\/","url":"https:\/\/raed.academy\/ca\/el-paper-de-la-innovacio-a-lempresa-familiar\/","name":"El paper de la innovaci\u00f3 a l'empresa familiar - Reial Acad\u00e8mia Europea de Doctors","isPartOf":{"@id":"https:\/\/raed.academy\/ca\/#website"},"primaryImageOfPage":{"@id":"https:\/\/raed.academy\/ca\/el-paper-de-la-innovacio-a-lempresa-familiar\/#primaryimage"},"image":{"@id":"https:\/\/raed.academy\/ca\/el-paper-de-la-innovacio-a-lempresa-familiar\/#primaryimage"},"thumbnailUrl":"https:\/\/raed.academy\/wp-content\/uploads\/2025\/01\/empresa-familiar-trabajo-oficina-no-atrib-pixabay.com-dst.webp","datePublished":"2025-01-13T13:24:42+00:00","dateModified":"2025-01-13T15:18:00+00:00","description":"Com l'orientaci\u00f3 empresarial i la capacitat d'absorci\u00f3 influeixen en la capacitat innovadora de les empreses familiars","breadcrumb":{"@id":"https:\/\/raed.academy\/ca\/el-paper-de-la-innovacio-a-lempresa-familiar\/#breadcrumb"},"inLanguage":"ca-ES","potentialAction":[{"@type":"ReadAction","target":["https:\/\/raed.academy\/ca\/el-paper-de-la-innovacio-a-lempresa-familiar\/"]}]},{"@type":"ImageObject","inLanguage":"ca-ES","@id":"https:\/\/raed.academy\/ca\/el-paper-de-la-innovacio-a-lempresa-familiar\/#primaryimage","url":"https:\/\/raed.academy\/wp-content\/uploads\/2025\/01\/empresa-familiar-trabajo-oficina-no-atrib-pixabay.com-dst.webp","contentUrl":"https:\/\/raed.academy\/wp-content\/uploads\/2025\/01\/empresa-familiar-trabajo-oficina-no-atrib-pixabay.com-dst.webp","width":600,"height":360},{"@type":"BreadcrumbList","@id":"https:\/\/raed.academy\/ca\/el-paper-de-la-innovacio-a-lempresa-familiar\/#breadcrumb","itemListElement":[{"@type":"ListItem","position":1,"name":"Inicio","item":"https:\/\/raed.academy\/ca\/"},{"@type":"ListItem","position":2,"name":"El paper de la innovaci\u00f3 a l&#8217;empresa familiar"}]},{"@type":"WebSite","@id":"https:\/\/raed.academy\/ca\/#website","url":"https:\/\/raed.academy\/ca\/","name":"Reial Acad\u00e8mia Europea de Doctors","description":"Corporaci\u00f3n de derecho p\u00fablico de car\u00e1cter cient\u00edfico, t\u00e9cnico y art\u00edstico, que tiene por objeto la investigaci\u00f3n, el estudio, el fomento y la extensi\u00f3n del conocimiento en su sentido m\u00e1s amplio","publisher":{"@id":"https:\/\/raed.academy\/ca\/#organization"},"potentialAction":[{"@type":"SearchAction","target":{"@type":"EntryPoint","urlTemplate":"https:\/\/raed.academy\/ca\/?s={search_term_string}"},"query-input":{"@type":"PropertyValueSpecification","valueRequired":true,"valueName":"search_term_string"}}],"inLanguage":"ca-ES"},{"@type":"Organization","@id":"https:\/\/raed.academy\/ca\/#organization","name":"Real Academia Europea de Doctores","url":"https:\/\/raed.academy\/ca\/","logo":{"@type":"ImageObject","inLanguage":"ca-ES","@id":"https:\/\/raed.academy\/ca\/#\/schema\/logo\/image\/","url":"https:\/\/raed.academy\/wp-content\/uploads\/2017\/01\/cropped-logo_raed.png","contentUrl":"https:\/\/raed.academy\/wp-content\/uploads\/2017\/01\/cropped-logo_raed.png","width":512,"height":512,"caption":"Real Academia Europea de Doctores"},"image":{"@id":"https:\/\/raed.academy\/ca\/#\/schema\/logo\/image\/"},"sameAs":["http:\/\/fb.me\/raed.academy","https:\/\/x.com\/raedacademy","https:\/\/www.instagram.com\/raed.academy\/","https:\/\/www.youtube.com\/channel\/UCUYQwW2KrdirNWihxMDObwg"]},{"@type":"Person","@id":"https:\/\/raed.academy\/ca\/#\/schema\/person\/5a755da80d1d979fd66ba745c8702927","name":"RAED","image":{"@type":"ImageObject","inLanguage":"ca-ES","@id":"https:\/\/secure.gravatar.com\/avatar\/19fdfdc0d67fb9c45714b703a2ac82251c4fcea3637f002ac3c9b74c0183583c?s=96&d=mm&r=g","url":"https:\/\/secure.gravatar.com\/avatar\/19fdfdc0d67fb9c45714b703a2ac82251c4fcea3637f002ac3c9b74c0183583c?s=96&d=mm&r=g","contentUrl":"https:\/\/secure.gravatar.com\/avatar\/19fdfdc0d67fb9c45714b703a2ac82251c4fcea3637f002ac3c9b74c0183583c?s=96&d=mm&r=g","caption":"RAED"}}]}},"_links":{"self":[{"href":"https:\/\/raed.academy\/ca\/wp-json\/wp\/v2\/posts\/157571","targetHints":{"allow":["GET"]}}],"collection":[{"href":"https:\/\/raed.academy\/ca\/wp-json\/wp\/v2\/posts"}],"about":[{"href":"https:\/\/raed.academy\/ca\/wp-json\/wp\/v2\/types\/post"}],"author":[{"embeddable":true,"href":"https:\/\/raed.academy\/ca\/wp-json\/wp\/v2\/users\/12"}],"replies":[{"embeddable":true,"href":"https:\/\/raed.academy\/ca\/wp-json\/wp\/v2\/comments?post=157571"}],"version-history":[{"count":0,"href":"https:\/\/raed.academy\/ca\/wp-json\/wp\/v2\/posts\/157571\/revisions"}],"wp:featuredmedia":[{"embeddable":true,"href":"https:\/\/raed.academy\/ca\/wp-json\/wp\/v2\/media\/157608"}],"wp:attachment":[{"href":"https:\/\/raed.academy\/ca\/wp-json\/wp\/v2\/media?parent=157571"}],"wp:term":[{"taxonomy":"category","embeddable":true,"href":"https:\/\/raed.academy\/ca\/wp-json\/wp\/v2\/categories?post=157571"},{"taxonomy":"post_tag","embeddable":true,"href":"https:\/\/raed.academy\/ca\/wp-json\/wp\/v2\/tags?post=157571"}],"curies":[{"name":"wp","href":"https:\/\/api.w.org\/{rel}","templated":true}]}}