{"id":157415,"date":"2025-01-05T13:16:33","date_gmt":"2025-01-05T13:16:33","guid":{"rendered":"https:\/\/raed.academy\/?p=157415"},"modified":"2025-01-05T13:16:33","modified_gmt":"2025-01-05T13:16:33","slug":"la-tensio-entre-politica-i-dret-a-espanya","status":"publish","type":"post","link":"https:\/\/raed.academy\/ca\/la-tensio-entre-politica-i-dret-a-espanya\/","title":{"rendered":"La tensi\u00f3 entre pol\u00edtica i dret a Espanya"},"content":{"rendered":"<div id=\"attachment_116679\" style=\"width: 410px\" class=\"wp-caption aligncenter\"><img loading=\"lazy\" decoding=\"async\" aria-describedby=\"caption-attachment-116679\" class=\"wp-image-116679 size-full\" src=\"https:\/\/raed.academy\/wp-content\/uploads\/2022\/04\/Teresa-Freixes.webp\" alt=\"Teresa Freixes\" width=\"400\" height=\"308\" aria-describedby=\"caption-attachment-116679\" \/><p id=\"caption-attachment-116679\" class=\"wp-caption-text\">Dra. Teresa Freixes<\/p><\/div>\n<p><a href=\"https:\/\/raed.academy\/ca\/academics\/dra-teresa-freixes-sanjuan\/\" target=\"_blank\" rel=\"noopener\"><em><strong>Teresa Freixes<\/strong><\/em><\/a>, catedr\u00e0tica Jean Monnet ad personam, presidenta de l&#8217;organitzaci\u00f3 internacional <strong>Citizens pro Europe<\/strong> i acad\u00e8mica de n\u00famero i vicepresidenta de la <strong>Junta de Govern<\/strong> de la <strong>Reial Acad\u00e8mia Europea de Doctors<\/strong> (RAED), va oferir el 27 de novembre passat la pon\u00e8ncia <strong>&#8220;La tensi\u00f3n entre pol\u00edtica y derecho&#8221;<\/strong> en un webinar organitzat per l&#8217;<strong>Associaci\u00f3 Estudiants del M\u00f3n<\/strong> que va estar moderat per la pedagoga <strong>Pilar Barriendos<\/strong>, qui va mantenir una llarga conversa amb la ponent. L&#8217;experta jurista va reflexionar sobre la tensi\u00f3 que, segons ell, est\u00e0 posant en perill l&#8217;Estat de dret a Espanya a causa del continu intent de deslegitimaci\u00f3 del poder judicial des del <strong>Govern<\/strong> i els representants pol\u00edtics.<\/p>\n<p>&#8220;Hi ha una clara tensi\u00f3 entre dret i pol\u00edtica, en aquests \u00faltims anys i en el marc de l&#8217;anomenat proc\u00e9s ha estat a l&#8217;ordre del dia, ja que es va convertir en una mena de mantra que la just\u00edcia no podia interferir en les decisions pol\u00edtiques. El fet, per\u00f2, ve de m\u00e9s enrere perqu\u00e8 des de la primera d\u00e8cada del segle XXI es va comen\u00e7ar a q\u00fcestionar la transici\u00f3 i l&#8217;actual model de l&#8217;Estat de dret que vam construir entre tots, que per mi ha estat l&#8217;aven\u00e7 m\u00e9s gran que ha aconseguit la humanitat&#8221;, va iniciar la vicepresidenta de la RAED la seva intervenci\u00f3. Freixes va recordar que la <strong>Constituci\u00f3<\/strong> del 1978 va ser fruit d&#8217;un gran acord que va cristal\u00b7litzar en un consens d&#8217;ampli espectre que ha portat a Espanya la seva \u00e8poca m\u00e9s gran de progr\u00e9s econ\u00f2mic i social.<\/p>\n<p><img loading=\"lazy\" decoding=\"async\" class=\"alignright size-full wp-image-143690\" src=\"https:\/\/raed.academy\/wp-content\/uploads\/2024\/01\/shutt-leyes-derecho-penal-tribunal-constitucional-1.17.webp\" alt=\"\" width=\"350\" height=\"300\" \/>L&#8217;experta va explicar que despr\u00e9s de l&#8217;aprovaci\u00f3 de la Carta Magna i l&#8217;<strong>Estatut d&#8217;Autonomia<\/strong> de Catalunya, des de sectors nacionalistes ja es va comen\u00e7ar a treballar, amb deslleialtat a aquests textos, a favor de la ruptura, amb l&#8217;elaboraci\u00f3 de documents com el <strong>&#8220;Programa 2000&#8221;<\/strong> redactat per un partit que va venir afavorint la governabilitat a Espanya i van governar durant diverses legislatures a Catalunya com era <strong>Converg\u00e8ncia i Uni\u00f3<\/strong>. &#8220;Una constant dels que no creuen en la democr\u00e0cia participativa i en l&#8217;Estat de dret que ens va salvar de l&#8217;arbitrarietat i creuen que la pol\u00edtica ha de sobrepassar el dret han vist que la just\u00edcia hi ha intervingut, i aix\u00f2 no ho poden tolerar. Tota la seva pol\u00edtica de comunicaci\u00f3 es basa a desacreditar el poder judicial i a retallar funcions dels tribunals des de la pol\u00edtica.<\/p>\n<p>Freixes va assenyalar que les institucions europees s&#8217;han mostrat molt cr\u00edtica amb aquest tipus d&#8217;actituds que des de la pol\u00edtica i el poder executiu limiten els drets dels ciutadans i les garanties jur\u00eddiques. &#8220;Els atacs al poder judicial s\u00f3n atacs molt profunds a la democr\u00e0cia, sobretot quan arriben des de persones que estan governant i fan dubtar el ciutad\u00e0 de la just\u00edcia. En una societat, a m\u00e9s, en qu\u00e8 no es forma els ciutadans des del coneixement i la cr\u00edtica de les institucions. I aix\u00f2 ens porta a la facilitat amb qu\u00e8 des del populisme, s&#8217;aconsegueixen modular l&#8217;opini\u00f3 p\u00fablica&#8221;, va considerar. En aquesta l\u00ednia, l&#8217;experta va denunciar la creaci\u00f3 d&#8217;organismes pol\u00edtics paral\u00b7lels als establerts legalment en qu\u00e8 es prenen decisions des de l&#8217;aritm\u00e8tica parlament\u00e0ria i els acords partidistes en lloc des de l&#8217;inter\u00e8s ciutad\u00e0.<\/p>\n<p>Freixes va destacar el paper de la Uni\u00f3 Europea, especialment per a la recuperaci\u00f3 econ\u00f2mica de la pand\u00e8mia, tot i que va lamentar el paper del Govern en la seva gesti\u00f3, ja que avui dia el 80% dels fons <strong>Next Generation<\/strong> a Espanya no s&#8217;han executat. &#8220;Europa haur\u00e0 d&#8217;investigar qu\u00e8 ha passat i depurar les responsabilitats que consideri&#8221;, va afirmar. La sessi\u00f3 va concloure amb una sessi\u00f3 de preguntes dels assistents que va abordar aspectes d&#8217;actualitat com ara la reforma constitucional, els models de govern al si de la Uni\u00f3 Europea o les sancions europees per l&#8217;incompliment de normes i criteris comuns.<\/p>\n<p><iframe loading=\"lazy\" title=\"LA TENSI\u00d3N ENTRE POL\u00cdTICA Y DERECHO\" width=\"1080\" height=\"608\" src=\"https:\/\/www.youtube.com\/embed\/AKpZdaT9m7M?feature=oembed\" frameborder=\"0\" allow=\"accelerometer; autoplay; clipboard-write; encrypted-media; gyroscope; picture-in-picture; web-share\" referrerpolicy=\"strict-origin-when-cross-origin\" allowfullscreen><\/iframe><\/p>\n","protected":false},"excerpt":{"rendered":"<p>Teresa Freixes reflexiona sobre la tensi\u00f3 que, segons la seva opini\u00f3, est\u00e0 posant en perill l&#8217;Estat de dret a Espanya a causa del continu intent de deslegitimaci\u00f3 del poder judicial des del Govern i els representants pol\u00edtics<\/p>\n","protected":false},"author":12,"featured_media":143688,"comment_status":"closed","ping_status":"closed","sticky":false,"template":"","format":"standard","meta":{"_et_pb_use_builder":"","_et_pb_old_content":"","_et_gb_content_width":"","footnotes":""},"categories":[350,225,242,404],"tags":[],"class_list":["post-157415","post","type-post","status-publish","format-standard","has-post-thumbnail","hentry","category-ciencies-politiques","category-dret","category-categ-historia","category-historia-nacional-ca","et-has-post-format-content","et_post_format-et-post-format-standard"],"yoast_head":"<!-- This site is optimized with the Yoast SEO plugin v27.5 - https:\/\/yoast.com\/product\/yoast-seo-wordpress\/ -->\n<title>La tensi\u00f3 entre pol\u00edtica i dret a Espanya - Reial Acad\u00e8mia Europea de Doctors<\/title>\n<meta name=\"description\" content=\"Teresa Freixes sobre la tensi\u00f3 que est\u00e0 posant en perill l&#039;Estat de dret a Espanya a causa del continu intent de deslegitimaci\u00f3 del poder judicial\" \/>\n<meta name=\"robots\" content=\"index, follow, max-snippet:-1, max-image-preview:large, max-video-preview:-1\" \/>\n<link rel=\"canonical\" href=\"https:\/\/raed.academy\/ca\/la-tensio-entre-politica-i-dret-a-espanya\/\" \/>\n<meta property=\"og:locale\" content=\"ca_ES\" \/>\n<meta property=\"og:type\" content=\"article\" \/>\n<meta property=\"og:title\" content=\"La tensi\u00f3 entre pol\u00edtica i dret a Espanya - Reial Acad\u00e8mia Europea de Doctors\" \/>\n<meta property=\"og:description\" content=\"Teresa Freixes sobre la tensi\u00f3 que est\u00e0 posant en perill l&#039;Estat de dret a Espanya a causa del continu intent de deslegitimaci\u00f3 del poder judicial\" \/>\n<meta property=\"og:url\" content=\"https:\/\/raed.academy\/ca\/la-tensio-entre-politica-i-dret-a-espanya\/\" \/>\n<meta property=\"og:site_name\" content=\"Reial Acad\u00e8mia Europea de Doctors\" \/>\n<meta property=\"article:publisher\" content=\"http:\/\/fb.me\/raed.academy\" \/>\n<meta property=\"article:published_time\" content=\"2025-01-05T13:16:33+00:00\" \/>\n<meta property=\"og:image\" content=\"https:\/\/raed.academy\/wp-content\/uploads\/2024\/01\/shutt-leyes-derecho-penal-tribunal-constitucional-1.17.webp\" \/>\n\t<meta property=\"og:image:width\" content=\"350\" \/>\n\t<meta property=\"og:image:height\" content=\"300\" \/>\n\t<meta property=\"og:image:type\" content=\"image\/webp\" \/>\n<meta name=\"author\" content=\"RAED\" \/>\n<meta name=\"twitter:card\" content=\"summary_large_image\" \/>\n<meta name=\"twitter:creator\" content=\"@raedacademy\" \/>\n<meta name=\"twitter:site\" content=\"@raedacademy\" \/>\n<meta name=\"twitter:label1\" content=\"Written by\" \/>\n\t<meta name=\"twitter:data1\" content=\"RAED\" \/>\n\t<meta name=\"twitter:label2\" content=\"Est. reading time\" \/>\n\t<meta name=\"twitter:data2\" content=\"4 minutes\" \/>\n<script type=\"application\/ld+json\" class=\"yoast-schema-graph\">{\"@context\":\"https:\\\/\\\/schema.org\",\"@graph\":[{\"@type\":\"Article\",\"@id\":\"https:\\\/\\\/raed.academy\\\/ca\\\/la-tensio-entre-politica-i-dret-a-espanya\\\/#article\",\"isPartOf\":{\"@id\":\"https:\\\/\\\/raed.academy\\\/ca\\\/la-tensio-entre-politica-i-dret-a-espanya\\\/\"},\"author\":{\"name\":\"RAED\",\"@id\":\"https:\\\/\\\/raed.academy\\\/ca\\\/#\\\/schema\\\/person\\\/5a755da80d1d979fd66ba745c8702927\"},\"headline\":\"La tensi\u00f3 entre pol\u00edtica i dret a Espanya\",\"datePublished\":\"2025-01-05T13:16:33+00:00\",\"mainEntityOfPage\":{\"@id\":\"https:\\\/\\\/raed.academy\\\/ca\\\/la-tensio-entre-politica-i-dret-a-espanya\\\/\"},\"wordCount\":728,\"publisher\":{\"@id\":\"https:\\\/\\\/raed.academy\\\/ca\\\/#organization\"},\"image\":{\"@id\":\"https:\\\/\\\/raed.academy\\\/ca\\\/la-tensio-entre-politica-i-dret-a-espanya\\\/#primaryimage\"},\"thumbnailUrl\":\"https:\\\/\\\/raed.academy\\\/wp-content\\\/uploads\\\/2024\\\/01\\\/shutt-leyes-derecho-penal-tribunal-constitucional-1.17.webp\",\"articleSection\":[\"Ci\u00e8ncies pol\u00edtiques\",\"Dret\",\"Hist\u00f2ria\",\"Hist\u00f2ria nacional\"],\"inLanguage\":\"ca-ES\"},{\"@type\":\"WebPage\",\"@id\":\"https:\\\/\\\/raed.academy\\\/ca\\\/la-tensio-entre-politica-i-dret-a-espanya\\\/\",\"url\":\"https:\\\/\\\/raed.academy\\\/ca\\\/la-tensio-entre-politica-i-dret-a-espanya\\\/\",\"name\":\"La tensi\u00f3 entre pol\u00edtica i dret a Espanya - Reial Acad\u00e8mia Europea de Doctors\",\"isPartOf\":{\"@id\":\"https:\\\/\\\/raed.academy\\\/ca\\\/#website\"},\"primaryImageOfPage\":{\"@id\":\"https:\\\/\\\/raed.academy\\\/ca\\\/la-tensio-entre-politica-i-dret-a-espanya\\\/#primaryimage\"},\"image\":{\"@id\":\"https:\\\/\\\/raed.academy\\\/ca\\\/la-tensio-entre-politica-i-dret-a-espanya\\\/#primaryimage\"},\"thumbnailUrl\":\"https:\\\/\\\/raed.academy\\\/wp-content\\\/uploads\\\/2024\\\/01\\\/shutt-leyes-derecho-penal-tribunal-constitucional-1.17.webp\",\"datePublished\":\"2025-01-05T13:16:33+00:00\",\"description\":\"Teresa Freixes sobre la tensi\u00f3 que est\u00e0 posant en perill l'Estat de dret a Espanya a causa del continu intent de deslegitimaci\u00f3 del poder judicial\",\"breadcrumb\":{\"@id\":\"https:\\\/\\\/raed.academy\\\/ca\\\/la-tensio-entre-politica-i-dret-a-espanya\\\/#breadcrumb\"},\"inLanguage\":\"ca-ES\",\"potentialAction\":[{\"@type\":\"ReadAction\",\"target\":[\"https:\\\/\\\/raed.academy\\\/ca\\\/la-tensio-entre-politica-i-dret-a-espanya\\\/\"]}]},{\"@type\":\"ImageObject\",\"inLanguage\":\"ca-ES\",\"@id\":\"https:\\\/\\\/raed.academy\\\/ca\\\/la-tensio-entre-politica-i-dret-a-espanya\\\/#primaryimage\",\"url\":\"https:\\\/\\\/raed.academy\\\/wp-content\\\/uploads\\\/2024\\\/01\\\/shutt-leyes-derecho-penal-tribunal-constitucional-1.17.webp\",\"contentUrl\":\"https:\\\/\\\/raed.academy\\\/wp-content\\\/uploads\\\/2024\\\/01\\\/shutt-leyes-derecho-penal-tribunal-constitucional-1.17.webp\",\"width\":350,\"height\":300},{\"@type\":\"BreadcrumbList\",\"@id\":\"https:\\\/\\\/raed.academy\\\/ca\\\/la-tensio-entre-politica-i-dret-a-espanya\\\/#breadcrumb\",\"itemListElement\":[{\"@type\":\"ListItem\",\"position\":1,\"name\":\"Inicio\",\"item\":\"https:\\\/\\\/raed.academy\\\/ca\\\/\"},{\"@type\":\"ListItem\",\"position\":2,\"name\":\"La tensi\u00f3 entre pol\u00edtica i dret a Espanya\"}]},{\"@type\":\"WebSite\",\"@id\":\"https:\\\/\\\/raed.academy\\\/ca\\\/#website\",\"url\":\"https:\\\/\\\/raed.academy\\\/ca\\\/\",\"name\":\"Reial Acad\u00e8mia Europea de Doctors\",\"description\":\"Corporaci\u00f3n de derecho p\u00fablico de car\u00e1cter cient\u00edfico, t\u00e9cnico y art\u00edstico, que tiene por objeto la investigaci\u00f3n, el estudio, el fomento y la extensi\u00f3n del conocimiento en su sentido m\u00e1s amplio\",\"publisher\":{\"@id\":\"https:\\\/\\\/raed.academy\\\/ca\\\/#organization\"},\"potentialAction\":[{\"@type\":\"SearchAction\",\"target\":{\"@type\":\"EntryPoint\",\"urlTemplate\":\"https:\\\/\\\/raed.academy\\\/ca\\\/?s={search_term_string}\"},\"query-input\":{\"@type\":\"PropertyValueSpecification\",\"valueRequired\":true,\"valueName\":\"search_term_string\"}}],\"inLanguage\":\"ca-ES\"},{\"@type\":\"Organization\",\"@id\":\"https:\\\/\\\/raed.academy\\\/ca\\\/#organization\",\"name\":\"Real Academia Europea de Doctores\",\"url\":\"https:\\\/\\\/raed.academy\\\/ca\\\/\",\"logo\":{\"@type\":\"ImageObject\",\"inLanguage\":\"ca-ES\",\"@id\":\"https:\\\/\\\/raed.academy\\\/ca\\\/#\\\/schema\\\/logo\\\/image\\\/\",\"url\":\"https:\\\/\\\/raed.academy\\\/wp-content\\\/uploads\\\/2017\\\/01\\\/cropped-logo_raed.png\",\"contentUrl\":\"https:\\\/\\\/raed.academy\\\/wp-content\\\/uploads\\\/2017\\\/01\\\/cropped-logo_raed.png\",\"width\":512,\"height\":512,\"caption\":\"Real Academia Europea de Doctores\"},\"image\":{\"@id\":\"https:\\\/\\\/raed.academy\\\/ca\\\/#\\\/schema\\\/logo\\\/image\\\/\"},\"sameAs\":[\"http:\\\/\\\/fb.me\\\/raed.academy\",\"https:\\\/\\\/x.com\\\/raedacademy\",\"https:\\\/\\\/www.instagram.com\\\/raed.academy\\\/\",\"https:\\\/\\\/www.youtube.com\\\/channel\\\/UCUYQwW2KrdirNWihxMDObwg\"]},{\"@type\":\"Person\",\"@id\":\"https:\\\/\\\/raed.academy\\\/ca\\\/#\\\/schema\\\/person\\\/5a755da80d1d979fd66ba745c8702927\",\"name\":\"RAED\",\"image\":{\"@type\":\"ImageObject\",\"inLanguage\":\"ca-ES\",\"@id\":\"https:\\\/\\\/secure.gravatar.com\\\/avatar\\\/19fdfdc0d67fb9c45714b703a2ac82251c4fcea3637f002ac3c9b74c0183583c?s=96&d=mm&r=g\",\"url\":\"https:\\\/\\\/secure.gravatar.com\\\/avatar\\\/19fdfdc0d67fb9c45714b703a2ac82251c4fcea3637f002ac3c9b74c0183583c?s=96&d=mm&r=g\",\"contentUrl\":\"https:\\\/\\\/secure.gravatar.com\\\/avatar\\\/19fdfdc0d67fb9c45714b703a2ac82251c4fcea3637f002ac3c9b74c0183583c?s=96&d=mm&r=g\",\"caption\":\"RAED\"}}]}<\/script>\n<!-- \/ Yoast SEO plugin. -->","yoast_head_json":{"title":"La tensi\u00f3 entre pol\u00edtica i dret a Espanya - Reial Acad\u00e8mia Europea de Doctors","description":"Teresa Freixes sobre la tensi\u00f3 que est\u00e0 posant en perill l'Estat de dret a Espanya a causa del continu intent de deslegitimaci\u00f3 del poder judicial","robots":{"index":"index","follow":"follow","max-snippet":"max-snippet:-1","max-image-preview":"max-image-preview:large","max-video-preview":"max-video-preview:-1"},"canonical":"https:\/\/raed.academy\/ca\/la-tensio-entre-politica-i-dret-a-espanya\/","og_locale":"ca_ES","og_type":"article","og_title":"La tensi\u00f3 entre pol\u00edtica i dret a Espanya - Reial Acad\u00e8mia Europea de Doctors","og_description":"Teresa Freixes sobre la tensi\u00f3 que est\u00e0 posant en perill l'Estat de dret a Espanya a causa del continu intent de deslegitimaci\u00f3 del poder judicial","og_url":"https:\/\/raed.academy\/ca\/la-tensio-entre-politica-i-dret-a-espanya\/","og_site_name":"Reial Acad\u00e8mia Europea de Doctors","article_publisher":"http:\/\/fb.me\/raed.academy","article_published_time":"2025-01-05T13:16:33+00:00","og_image":[{"width":350,"height":300,"url":"https:\/\/raed.academy\/wp-content\/uploads\/2024\/01\/shutt-leyes-derecho-penal-tribunal-constitucional-1.17.webp","type":"image\/webp"}],"author":"RAED","twitter_card":"summary_large_image","twitter_creator":"@raedacademy","twitter_site":"@raedacademy","twitter_misc":{"Written by":"RAED","Est. reading time":"4 minutes"},"schema":{"@context":"https:\/\/schema.org","@graph":[{"@type":"Article","@id":"https:\/\/raed.academy\/ca\/la-tensio-entre-politica-i-dret-a-espanya\/#article","isPartOf":{"@id":"https:\/\/raed.academy\/ca\/la-tensio-entre-politica-i-dret-a-espanya\/"},"author":{"name":"RAED","@id":"https:\/\/raed.academy\/ca\/#\/schema\/person\/5a755da80d1d979fd66ba745c8702927"},"headline":"La tensi\u00f3 entre pol\u00edtica i dret a Espanya","datePublished":"2025-01-05T13:16:33+00:00","mainEntityOfPage":{"@id":"https:\/\/raed.academy\/ca\/la-tensio-entre-politica-i-dret-a-espanya\/"},"wordCount":728,"publisher":{"@id":"https:\/\/raed.academy\/ca\/#organization"},"image":{"@id":"https:\/\/raed.academy\/ca\/la-tensio-entre-politica-i-dret-a-espanya\/#primaryimage"},"thumbnailUrl":"https:\/\/raed.academy\/wp-content\/uploads\/2024\/01\/shutt-leyes-derecho-penal-tribunal-constitucional-1.17.webp","articleSection":["Ci\u00e8ncies pol\u00edtiques","Dret","Hist\u00f2ria","Hist\u00f2ria nacional"],"inLanguage":"ca-ES"},{"@type":"WebPage","@id":"https:\/\/raed.academy\/ca\/la-tensio-entre-politica-i-dret-a-espanya\/","url":"https:\/\/raed.academy\/ca\/la-tensio-entre-politica-i-dret-a-espanya\/","name":"La tensi\u00f3 entre pol\u00edtica i dret a Espanya - Reial Acad\u00e8mia Europea de Doctors","isPartOf":{"@id":"https:\/\/raed.academy\/ca\/#website"},"primaryImageOfPage":{"@id":"https:\/\/raed.academy\/ca\/la-tensio-entre-politica-i-dret-a-espanya\/#primaryimage"},"image":{"@id":"https:\/\/raed.academy\/ca\/la-tensio-entre-politica-i-dret-a-espanya\/#primaryimage"},"thumbnailUrl":"https:\/\/raed.academy\/wp-content\/uploads\/2024\/01\/shutt-leyes-derecho-penal-tribunal-constitucional-1.17.webp","datePublished":"2025-01-05T13:16:33+00:00","description":"Teresa Freixes sobre la tensi\u00f3 que est\u00e0 posant en perill l'Estat de dret a Espanya a causa del continu intent de deslegitimaci\u00f3 del poder judicial","breadcrumb":{"@id":"https:\/\/raed.academy\/ca\/la-tensio-entre-politica-i-dret-a-espanya\/#breadcrumb"},"inLanguage":"ca-ES","potentialAction":[{"@type":"ReadAction","target":["https:\/\/raed.academy\/ca\/la-tensio-entre-politica-i-dret-a-espanya\/"]}]},{"@type":"ImageObject","inLanguage":"ca-ES","@id":"https:\/\/raed.academy\/ca\/la-tensio-entre-politica-i-dret-a-espanya\/#primaryimage","url":"https:\/\/raed.academy\/wp-content\/uploads\/2024\/01\/shutt-leyes-derecho-penal-tribunal-constitucional-1.17.webp","contentUrl":"https:\/\/raed.academy\/wp-content\/uploads\/2024\/01\/shutt-leyes-derecho-penal-tribunal-constitucional-1.17.webp","width":350,"height":300},{"@type":"BreadcrumbList","@id":"https:\/\/raed.academy\/ca\/la-tensio-entre-politica-i-dret-a-espanya\/#breadcrumb","itemListElement":[{"@type":"ListItem","position":1,"name":"Inicio","item":"https:\/\/raed.academy\/ca\/"},{"@type":"ListItem","position":2,"name":"La tensi\u00f3 entre pol\u00edtica i dret a Espanya"}]},{"@type":"WebSite","@id":"https:\/\/raed.academy\/ca\/#website","url":"https:\/\/raed.academy\/ca\/","name":"Reial Acad\u00e8mia Europea de Doctors","description":"Corporaci\u00f3n de derecho p\u00fablico de car\u00e1cter cient\u00edfico, t\u00e9cnico y art\u00edstico, que tiene por objeto la investigaci\u00f3n, el estudio, el fomento y la extensi\u00f3n del conocimiento en su sentido m\u00e1s amplio","publisher":{"@id":"https:\/\/raed.academy\/ca\/#organization"},"potentialAction":[{"@type":"SearchAction","target":{"@type":"EntryPoint","urlTemplate":"https:\/\/raed.academy\/ca\/?s={search_term_string}"},"query-input":{"@type":"PropertyValueSpecification","valueRequired":true,"valueName":"search_term_string"}}],"inLanguage":"ca-ES"},{"@type":"Organization","@id":"https:\/\/raed.academy\/ca\/#organization","name":"Real Academia Europea de Doctores","url":"https:\/\/raed.academy\/ca\/","logo":{"@type":"ImageObject","inLanguage":"ca-ES","@id":"https:\/\/raed.academy\/ca\/#\/schema\/logo\/image\/","url":"https:\/\/raed.academy\/wp-content\/uploads\/2017\/01\/cropped-logo_raed.png","contentUrl":"https:\/\/raed.academy\/wp-content\/uploads\/2017\/01\/cropped-logo_raed.png","width":512,"height":512,"caption":"Real Academia Europea de Doctores"},"image":{"@id":"https:\/\/raed.academy\/ca\/#\/schema\/logo\/image\/"},"sameAs":["http:\/\/fb.me\/raed.academy","https:\/\/x.com\/raedacademy","https:\/\/www.instagram.com\/raed.academy\/","https:\/\/www.youtube.com\/channel\/UCUYQwW2KrdirNWihxMDObwg"]},{"@type":"Person","@id":"https:\/\/raed.academy\/ca\/#\/schema\/person\/5a755da80d1d979fd66ba745c8702927","name":"RAED","image":{"@type":"ImageObject","inLanguage":"ca-ES","@id":"https:\/\/secure.gravatar.com\/avatar\/19fdfdc0d67fb9c45714b703a2ac82251c4fcea3637f002ac3c9b74c0183583c?s=96&d=mm&r=g","url":"https:\/\/secure.gravatar.com\/avatar\/19fdfdc0d67fb9c45714b703a2ac82251c4fcea3637f002ac3c9b74c0183583c?s=96&d=mm&r=g","contentUrl":"https:\/\/secure.gravatar.com\/avatar\/19fdfdc0d67fb9c45714b703a2ac82251c4fcea3637f002ac3c9b74c0183583c?s=96&d=mm&r=g","caption":"RAED"}}]}},"_links":{"self":[{"href":"https:\/\/raed.academy\/ca\/wp-json\/wp\/v2\/posts\/157415","targetHints":{"allow":["GET"]}}],"collection":[{"href":"https:\/\/raed.academy\/ca\/wp-json\/wp\/v2\/posts"}],"about":[{"href":"https:\/\/raed.academy\/ca\/wp-json\/wp\/v2\/types\/post"}],"author":[{"embeddable":true,"href":"https:\/\/raed.academy\/ca\/wp-json\/wp\/v2\/users\/12"}],"replies":[{"embeddable":true,"href":"https:\/\/raed.academy\/ca\/wp-json\/wp\/v2\/comments?post=157415"}],"version-history":[{"count":0,"href":"https:\/\/raed.academy\/ca\/wp-json\/wp\/v2\/posts\/157415\/revisions"}],"wp:featuredmedia":[{"embeddable":true,"href":"https:\/\/raed.academy\/ca\/wp-json\/wp\/v2\/media\/143688"}],"wp:attachment":[{"href":"https:\/\/raed.academy\/ca\/wp-json\/wp\/v2\/media?parent=157415"}],"wp:term":[{"taxonomy":"category","embeddable":true,"href":"https:\/\/raed.academy\/ca\/wp-json\/wp\/v2\/categories?post=157415"},{"taxonomy":"post_tag","embeddable":true,"href":"https:\/\/raed.academy\/ca\/wp-json\/wp\/v2\/tags?post=157415"}],"curies":[{"name":"wp","href":"https:\/\/api.w.org\/{rel}","templated":true}]}}