{"id":157024,"date":"2024-12-19T10:35:12","date_gmt":"2024-12-19T10:35:12","guid":{"rendered":"https:\/\/raed.academy\/?p=157024"},"modified":"2024-12-19T10:36:40","modified_gmt":"2024-12-19T10:36:40","slug":"els-paisatges-que-van-inspirar-becquer","status":"publish","type":"post","link":"https:\/\/raed.academy\/ca\/els-paisatges-que-van-inspirar-becquer\/","title":{"rendered":"Els paisatges que van inspirar B\u00e9cquer"},"content":{"rendered":"<p><a href=\"https:\/\/raed.academy\/ca\/academics\/dr-luis-pons-puiggros\/\" target=\"_blank\" rel=\"noopener\"><em><strong>Luis Pons<\/strong><\/em><\/a>, acad\u00e8mic corresponent de la <strong>Reial Acad\u00e8mia Europea de Doctors<\/strong> (RAED), comparteix amb la comunitat acad\u00e8mica la fotogaleria<strong> &#8220;Los escenarios de &#8216;El rayo de luna&#8217; de B\u00e9cquer&#8221;<\/strong>, publicada el 10 de desembre passat a la secci\u00f3 <strong>&#8220;Las fotos de los lectores&#8221;<\/strong> de l&#8217;edici\u00f3 digital del diari <strong>&#8220;La Vanguardia&#8221;<\/strong>. El fot\u00f2graf fa una ruta per S\u00f2ria i visita les restes del claustre rom\u00e0nic de San Juan del Duero i l&#8217;esgl\u00e9sia de San Saturio, escenaris que van inspirar el poeta rom\u00e0ntic. Les instant\u00e0nies de l&#8217;acad\u00e8mic i fot\u00f2graf apassionat han esdevingut un referent d&#8217;aquest espai i ja l&#8217;han portat a mer\u00e8ixer el reconeixement a la millor foto del mes. S\u00f3n especialment reconegudes les seves s\u00e8ries fotogr\u00e0fiques sobre la lluna, com la fotogaleria <a href=\"https:\/\/www.lavanguardia.com\/participacion\/las-fotos-de-los-lectores\/20231211\/9439571\/visita-diaria-luna.html\" target=\"_blank\" rel=\"noopener\"><strong>&#8220;La visita diaria de la luna&#8221;<\/strong><\/a>, a la que se sumen <strong><a href=\"https:\/\/www.lavanguardia.com\/participacion\/las-fotos-de-los-lectores\/20231021\/9317733\/luna-creciente-recibe-nubes-viento.html\">&#8220;La luna creciente levita entre nubes de viento&#8221;<\/a><\/strong>,\u00a0 <a href=\"https:\/\/www.lavanguardia.com\/participacion\/las-fotos-de-los-lectores\/20221226\/8658832\/descubre-lenguaje-luna.html\" target=\"_blank\" rel=\"noopener\"><strong>&#8220;Descubre el lenguaje de la luna&#8221;<\/strong><\/a> o <a href=\"https:\/\/www.lavanguardia.com\/participacion\/las-fotos-de-los-lectores\/20220403\/8173431\/luna-nueva-luce-nunca-barcelona.html\" target=\"_blank\" rel=\"noopener\"><strong>&#8220;La luna nueva luce como nunca en Barcelona&#8221;<\/strong><\/a>.<\/p>\n<p>&#8220;El meu raig d&#8217;inspiraci\u00f3 per a aquest reportatge fotogr\u00e0fic parteix de l&#8217;obra <strong>&#8216;El rayo de luna&#8217;<\/strong>, text que es troba a les <strong>&#8216;Rimas y leyendas&#8217;<\/strong> de <strong>Gustavo Adolfo B\u00e9cquer<\/strong>, obra publicada el 1862. Vaig gaudir de la lectura de les obres de l&#8217;autor, de molt jove, just abans de la meva adolesc\u00e8ncia. Des de llavors, i durant gaireb\u00e9 sis d\u00e8cades, guardava el meu desig de visitar els llocs o escenaris que servien perqu\u00e8 la meva imaginaci\u00f3 com a lector se situ\u00e9s de nou al relat&#8221;, explica al text que acompanya les fotografies.<\/p>\n<div id=\"attachment_119950\" style=\"width: 413px\" class=\"wp-caption alignright\"><img loading=\"lazy\" decoding=\"async\" aria-describedby=\"caption-attachment-119950\" class=\"wp-image-119950\" src=\"https:\/\/raed.academy\/wp-content\/uploads\/2022\/06\/Luis-Pons-Puiggros-dst.webp\" sizes=\"(max-width: 463px) 100vw, 463px\" srcset=\"https:\/\/raed.academy\/wp-content\/uploads\/2022\/06\/Luis-Pons-Puiggros-dst.webp 500w, https:\/\/raed.academy\/wp-content\/uploads\/2022\/06\/Luis-Pons-Puiggros-dst-440x264.webp 440w\" alt=\"Luis Pons Puiggros\" width=\"403\" height=\"242\" aria-describedby=\"caption-attachment-119950\" \/><p id=\"caption-attachment-119950\" class=\"wp-caption-text\">Dr. Luis Pons<\/p><\/div>\n<p>Recordant els versos del poeta, Pons replica: &#8220;No quiero nada&#8230; es decir, s\u00ed quiero&#8230; quiero que me dej\u00e9is solo&#8230; Cantigas&#8230; mujeres&#8230; glorias&#8230; felicidad&#8230; mentiras todo, fantasmas vanos que formamos en nuestra imaginaci\u00f3n y vestimos a nuestro antojo, y los amamos y corremos tras ellos, \u00bfpara qu\u00e9?, \u00bfpara qu\u00e9?, para encontrar un rayo de luna&#8221;. &#8220;Gr\u00e0cies a buscar aquest llamp, vaig poder gaudir dels paratges de somni d&#8217;aquesta bell\u00edssima prov\u00edncia de S\u00f2ria&#8221;, conclou despr\u00e9s de mostrar la seva pr\u00f2pia visi\u00f3 d&#8217;aquests paratges hist\u00f2rics i agrestos.<\/p>\n<p>L&#8217;acad\u00e8mic \u00e9s un dels fot\u00f2grafs habituals en aquesta secci\u00f3, on ha publicat diverses s\u00e8ries fotogr\u00e0fiques, de diverses tem\u00e0tiques, per\u00f2 sempre ubicades a algun escenari barcelon\u00ed, que han tingut una gran acollida entre els lectors del diari. Entre les seves darreres galeries destaquen, m\u00e9s enll\u00e0 de les dedicades a la lluna, <a href=\"https:\/\/www.lavanguardia.com\/participacion\/las-fotos-de-los-lectores\/20220218\/8067671\/torre-calatrava.html\" target=\"_blank\" rel=\"noopener\"><strong>&#8220;El Chupa Chups de la torre de Collserola&#8221;<\/strong><\/a>, <a href=\"https:\/\/raed.academy\/ca\/els-llums-i-colors-que-va-deixar-la-revetlla-de-sant-joan-a-barcelona\/\"><strong>&#8220;Las im\u00e1genes de la verbena de Sant Joan&#8221;<\/strong><\/a>, <a href=\"https:\/\/raed.academy\/ca\/un-espectacle-unic-per-acomiadar-el-2020\/\"><strong>&#8220;\u00bfC\u00f3mo se vieron los fuegos artificiales de A\u00f1o Nuevo en Barcelona?&#8221;<\/strong><\/a>, <a href=\"https:\/\/raed.academy\/ca\/diagonal-mar-refugi-de-la-biodiversitat\/\"><strong>&#8220;Gu\u00eda para identificar las aves de Diagonal Mar&#8221;<\/strong><\/a>, <a href=\"https:\/\/raed.academy\/ca\/la-lluna-i-la-torre-glories\/\"><strong>&#8220;Cuando la luna crece junto a la Torre Gl\u00f2ries&#8221;<\/strong><\/a>, <strong><a href=\"https:\/\/www.lavanguardia.com\/participacion\/las-fotos-de-los-lectores\/20220313\/8115528\/exposicion-barcelona-frida-kahlo.html\" target=\"_blank\" rel=\"noopener\">&#8220;El universo creativo de Frida Kahlo, en monocrom\u00eda y en color&#8221;<\/a><\/strong>, <a href=\"https:\/\/www.lavanguardia.com\/participacion\/las-fotos-de-los-lectores\/20220422\/8214338\/resurgen-carteristas-barcelona.html\" target=\"_blank\" rel=\"noopener\"><strong>&#8220;\u00bfResurgen los carteristas en Barcelona?&#8221;<\/strong><\/a>, <a href=\"https:\/\/www.lavanguardia.com\/participacion\/las-fotos-de-los-lectores\/20220609\/8325995\/libelulas-vuelven-barcelona.html\" target=\"_blank\" rel=\"noopener\"><strong>&#8220;Las lib\u00e9lulas vuelven a Barcelona&#8221;<\/strong><\/a> o <strong><a href=\"https:\/\/raed.academy\/ca\/una-espectacular-pluja-destels\/\" target=\"_blank\" rel=\"noopener\">&#8220;La V\u00eda L\u00e1ctea con meteoritos en la Cerdanya&#8221;<\/a><\/strong>.<\/p>\n<p>Luis Pons va descobrir la fotografia a la d\u00e8cada dels anys 80 del segle passat, portat tant pel seu inter\u00e8s pel proc\u00e9s qu\u00edmic que suposava la revelaci\u00f3 dels negatius en la fotografia de paper com per la seva proximitat amb les seccions de fotografia dels diaris <strong>&#8220;El Pa\u00eds&#8221;<\/strong> i<strong> &#8220;Avui&#8221;<\/strong>, on va treballar com a directiu, com explicava als acad\u00e8mics que al llarg d&#8217;aquests darrers anys han seguit de prop la seva feina. D&#8217;aqu\u00ed va fer el salt a la fotografia digital.<\/p>\n<h2><a href=\"https:\/\/www.lavanguardia.com\/participacion\/las-fotos-de-los-lectores\/20241210\/10182497\/escenarios-rayo-luna-becquer.html\" target=\"_blank\" rel=\"noopener\">Veieu la fotogaleria<\/a><\/h2>\n","protected":false},"excerpt":{"rendered":"<p>Luis Pons comparteix la fotogaleria &#8220;Los escenarios de &#8216;El rayo de luna&#8217; de B\u00e9cquer&#8221;, per a la qual va realitzar una ruta per S\u00f2ria i va visitar les restes del claustre rom\u00e0nic de Sant Joan del Duero i l&#8217;esgl\u00e9sia de Sant Saturi, escenaris que van inspirar el poeta rom\u00e0ntic Gustavo Adolfo B\u00e9cquer<\/p>\n","protected":false},"author":12,"featured_media":156982,"comment_status":"closed","ping_status":"closed","sticky":false,"template":"","format":"standard","meta":{"_et_pb_use_builder":"","_et_pb_old_content":"","_et_gb_content_width":"","footnotes":""},"categories":[229,430,242,404,439],"tags":[],"class_list":["post-157024","post","type-post","status-publish","format-standard","has-post-thumbnail","hentry","category-art","category-fotografia-ca","category-categ-historia","category-historia-nacional-ca","category-literatura-ca","et-has-post-format-content","et_post_format-et-post-format-standard"],"yoast_head":"<!-- This site is optimized with the Yoast SEO plugin v27.4 - https:\/\/yoast.com\/product\/yoast-seo-wordpress\/ -->\n<title>Els paisatges que van inspirar B\u00e9cquer - Reial Acad\u00e8mia Europea de Doctors<\/title>\n<meta name=\"description\" content=\"Luis Pons comparteix la fotogaleria &quot;Los escenarios de &#039;El rayo de luna&#039; de B\u00e9cquer&quot;, per a la qual va realitzar una ruta per S\u00f2ria, en escenaris que van inspirar el poeta rom\u00e0ntic\" \/>\n<meta name=\"robots\" content=\"index, follow, max-snippet:-1, max-image-preview:large, max-video-preview:-1\" \/>\n<link rel=\"canonical\" href=\"https:\/\/raed.academy\/ca\/els-paisatges-que-van-inspirar-becquer\/\" \/>\n<meta property=\"og:locale\" content=\"ca_ES\" \/>\n<meta property=\"og:type\" content=\"article\" \/>\n<meta property=\"og:title\" content=\"Els paisatges que van inspirar B\u00e9cquer - Reial Acad\u00e8mia Europea de Doctors\" \/>\n<meta property=\"og:description\" content=\"Luis Pons comparteix la fotogaleria &quot;Los escenarios de &#039;El rayo de luna&#039; de B\u00e9cquer&quot;, per a la qual va realitzar una ruta per S\u00f2ria, en escenaris que van inspirar el poeta rom\u00e0ntic\" \/>\n<meta property=\"og:url\" content=\"https:\/\/raed.academy\/ca\/els-paisatges-que-van-inspirar-becquer\/\" \/>\n<meta property=\"og:site_name\" content=\"Reial Acad\u00e8mia Europea de Doctors\" \/>\n<meta property=\"article:publisher\" content=\"http:\/\/fb.me\/raed.academy\" \/>\n<meta property=\"article:published_time\" content=\"2024-12-19T10:35:12+00:00\" \/>\n<meta property=\"article:modified_time\" content=\"2024-12-19T10:36:40+00:00\" \/>\n<meta property=\"og:image\" content=\"https:\/\/raed.academy\/wp-content\/uploads\/2024\/12\/El-santuario-junto-al-Duero-fotografia-Luis-Pons-dst.webp\" \/>\n\t<meta property=\"og:image:width\" content=\"1400\" \/>\n\t<meta property=\"og:image:height\" content=\"840\" \/>\n\t<meta property=\"og:image:type\" content=\"image\/webp\" \/>\n<meta name=\"author\" content=\"RAED\" \/>\n<meta name=\"twitter:card\" content=\"summary_large_image\" \/>\n<meta name=\"twitter:creator\" content=\"@raedacademy\" \/>\n<meta name=\"twitter:site\" content=\"@raedacademy\" \/>\n<meta name=\"twitter:label1\" content=\"Written by\" \/>\n\t<meta name=\"twitter:data1\" content=\"RAED\" \/>\n\t<meta name=\"twitter:label2\" content=\"Est. reading time\" \/>\n\t<meta name=\"twitter:data2\" content=\"3 minutes\" \/>\n<script type=\"application\/ld+json\" class=\"yoast-schema-graph\">{\"@context\":\"https:\\\/\\\/schema.org\",\"@graph\":[{\"@type\":\"Article\",\"@id\":\"https:\\\/\\\/raed.academy\\\/ca\\\/els-paisatges-que-van-inspirar-becquer\\\/#article\",\"isPartOf\":{\"@id\":\"https:\\\/\\\/raed.academy\\\/ca\\\/els-paisatges-que-van-inspirar-becquer\\\/\"},\"author\":{\"name\":\"RAED\",\"@id\":\"https:\\\/\\\/raed.academy\\\/ca\\\/#\\\/schema\\\/person\\\/5a755da80d1d979fd66ba745c8702927\"},\"headline\":\"Els paisatges que van inspirar B\u00e9cquer\",\"datePublished\":\"2024-12-19T10:35:12+00:00\",\"dateModified\":\"2024-12-19T10:36:40+00:00\",\"mainEntityOfPage\":{\"@id\":\"https:\\\/\\\/raed.academy\\\/ca\\\/els-paisatges-que-van-inspirar-becquer\\\/\"},\"wordCount\":617,\"publisher\":{\"@id\":\"https:\\\/\\\/raed.academy\\\/ca\\\/#organization\"},\"image\":{\"@id\":\"https:\\\/\\\/raed.academy\\\/ca\\\/els-paisatges-que-van-inspirar-becquer\\\/#primaryimage\"},\"thumbnailUrl\":\"https:\\\/\\\/raed.academy\\\/wp-content\\\/uploads\\\/2024\\\/12\\\/El-santuario-junto-al-Duero-fotografia-Luis-Pons-dst.webp\",\"articleSection\":[\"Art\",\"Fotografia\",\"Hist\u00f2ria\",\"Hist\u00f2ria nacional\",\"Literatura\"],\"inLanguage\":\"ca-ES\"},{\"@type\":\"WebPage\",\"@id\":\"https:\\\/\\\/raed.academy\\\/ca\\\/els-paisatges-que-van-inspirar-becquer\\\/\",\"url\":\"https:\\\/\\\/raed.academy\\\/ca\\\/els-paisatges-que-van-inspirar-becquer\\\/\",\"name\":\"Els paisatges que van inspirar B\u00e9cquer - Reial Acad\u00e8mia Europea de Doctors\",\"isPartOf\":{\"@id\":\"https:\\\/\\\/raed.academy\\\/ca\\\/#website\"},\"primaryImageOfPage\":{\"@id\":\"https:\\\/\\\/raed.academy\\\/ca\\\/els-paisatges-que-van-inspirar-becquer\\\/#primaryimage\"},\"image\":{\"@id\":\"https:\\\/\\\/raed.academy\\\/ca\\\/els-paisatges-que-van-inspirar-becquer\\\/#primaryimage\"},\"thumbnailUrl\":\"https:\\\/\\\/raed.academy\\\/wp-content\\\/uploads\\\/2024\\\/12\\\/El-santuario-junto-al-Duero-fotografia-Luis-Pons-dst.webp\",\"datePublished\":\"2024-12-19T10:35:12+00:00\",\"dateModified\":\"2024-12-19T10:36:40+00:00\",\"description\":\"Luis Pons comparteix la fotogaleria \\\"Los escenarios de 'El rayo de luna' de B\u00e9cquer\\\", per a la qual va realitzar una ruta per S\u00f2ria, en escenaris que van inspirar el poeta rom\u00e0ntic\",\"breadcrumb\":{\"@id\":\"https:\\\/\\\/raed.academy\\\/ca\\\/els-paisatges-que-van-inspirar-becquer\\\/#breadcrumb\"},\"inLanguage\":\"ca-ES\",\"potentialAction\":[{\"@type\":\"ReadAction\",\"target\":[\"https:\\\/\\\/raed.academy\\\/ca\\\/els-paisatges-que-van-inspirar-becquer\\\/\"]}]},{\"@type\":\"ImageObject\",\"inLanguage\":\"ca-ES\",\"@id\":\"https:\\\/\\\/raed.academy\\\/ca\\\/els-paisatges-que-van-inspirar-becquer\\\/#primaryimage\",\"url\":\"https:\\\/\\\/raed.academy\\\/wp-content\\\/uploads\\\/2024\\\/12\\\/El-santuario-junto-al-Duero-fotografia-Luis-Pons-dst.webp\",\"contentUrl\":\"https:\\\/\\\/raed.academy\\\/wp-content\\\/uploads\\\/2024\\\/12\\\/El-santuario-junto-al-Duero-fotografia-Luis-Pons-dst.webp\",\"width\":1400,\"height\":840},{\"@type\":\"BreadcrumbList\",\"@id\":\"https:\\\/\\\/raed.academy\\\/ca\\\/els-paisatges-que-van-inspirar-becquer\\\/#breadcrumb\",\"itemListElement\":[{\"@type\":\"ListItem\",\"position\":1,\"name\":\"Inicio\",\"item\":\"https:\\\/\\\/raed.academy\\\/ca\\\/\"},{\"@type\":\"ListItem\",\"position\":2,\"name\":\"Els paisatges que van inspirar B\u00e9cquer\"}]},{\"@type\":\"WebSite\",\"@id\":\"https:\\\/\\\/raed.academy\\\/ca\\\/#website\",\"url\":\"https:\\\/\\\/raed.academy\\\/ca\\\/\",\"name\":\"Reial Acad\u00e8mia Europea de Doctors\",\"description\":\"Corporaci\u00f3n de derecho p\u00fablico de car\u00e1cter cient\u00edfico, t\u00e9cnico y art\u00edstico, que tiene por objeto la investigaci\u00f3n, el estudio, el fomento y la extensi\u00f3n del conocimiento en su sentido m\u00e1s amplio\",\"publisher\":{\"@id\":\"https:\\\/\\\/raed.academy\\\/ca\\\/#organization\"},\"potentialAction\":[{\"@type\":\"SearchAction\",\"target\":{\"@type\":\"EntryPoint\",\"urlTemplate\":\"https:\\\/\\\/raed.academy\\\/ca\\\/?s={search_term_string}\"},\"query-input\":{\"@type\":\"PropertyValueSpecification\",\"valueRequired\":true,\"valueName\":\"search_term_string\"}}],\"inLanguage\":\"ca-ES\"},{\"@type\":\"Organization\",\"@id\":\"https:\\\/\\\/raed.academy\\\/ca\\\/#organization\",\"name\":\"Real Academia Europea de Doctores\",\"url\":\"https:\\\/\\\/raed.academy\\\/ca\\\/\",\"logo\":{\"@type\":\"ImageObject\",\"inLanguage\":\"ca-ES\",\"@id\":\"https:\\\/\\\/raed.academy\\\/ca\\\/#\\\/schema\\\/logo\\\/image\\\/\",\"url\":\"https:\\\/\\\/raed.academy\\\/wp-content\\\/uploads\\\/2017\\\/01\\\/cropped-logo_raed.png\",\"contentUrl\":\"https:\\\/\\\/raed.academy\\\/wp-content\\\/uploads\\\/2017\\\/01\\\/cropped-logo_raed.png\",\"width\":512,\"height\":512,\"caption\":\"Real Academia Europea de Doctores\"},\"image\":{\"@id\":\"https:\\\/\\\/raed.academy\\\/ca\\\/#\\\/schema\\\/logo\\\/image\\\/\"},\"sameAs\":[\"http:\\\/\\\/fb.me\\\/raed.academy\",\"https:\\\/\\\/x.com\\\/raedacademy\",\"https:\\\/\\\/www.instagram.com\\\/raed.academy\\\/\",\"https:\\\/\\\/www.youtube.com\\\/channel\\\/UCUYQwW2KrdirNWihxMDObwg\"]},{\"@type\":\"Person\",\"@id\":\"https:\\\/\\\/raed.academy\\\/ca\\\/#\\\/schema\\\/person\\\/5a755da80d1d979fd66ba745c8702927\",\"name\":\"RAED\",\"image\":{\"@type\":\"ImageObject\",\"inLanguage\":\"ca-ES\",\"@id\":\"https:\\\/\\\/secure.gravatar.com\\\/avatar\\\/19fdfdc0d67fb9c45714b703a2ac82251c4fcea3637f002ac3c9b74c0183583c?s=96&d=mm&r=g\",\"url\":\"https:\\\/\\\/secure.gravatar.com\\\/avatar\\\/19fdfdc0d67fb9c45714b703a2ac82251c4fcea3637f002ac3c9b74c0183583c?s=96&d=mm&r=g\",\"contentUrl\":\"https:\\\/\\\/secure.gravatar.com\\\/avatar\\\/19fdfdc0d67fb9c45714b703a2ac82251c4fcea3637f002ac3c9b74c0183583c?s=96&d=mm&r=g\",\"caption\":\"RAED\"}}]}<\/script>\n<!-- \/ Yoast SEO plugin. -->","yoast_head_json":{"title":"Els paisatges que van inspirar B\u00e9cquer - Reial Acad\u00e8mia Europea de Doctors","description":"Luis Pons comparteix la fotogaleria \"Los escenarios de 'El rayo de luna' de B\u00e9cquer\", per a la qual va realitzar una ruta per S\u00f2ria, en escenaris que van inspirar el poeta rom\u00e0ntic","robots":{"index":"index","follow":"follow","max-snippet":"max-snippet:-1","max-image-preview":"max-image-preview:large","max-video-preview":"max-video-preview:-1"},"canonical":"https:\/\/raed.academy\/ca\/els-paisatges-que-van-inspirar-becquer\/","og_locale":"ca_ES","og_type":"article","og_title":"Els paisatges que van inspirar B\u00e9cquer - Reial Acad\u00e8mia Europea de Doctors","og_description":"Luis Pons comparteix la fotogaleria \"Los escenarios de 'El rayo de luna' de B\u00e9cquer\", per a la qual va realitzar una ruta per S\u00f2ria, en escenaris que van inspirar el poeta rom\u00e0ntic","og_url":"https:\/\/raed.academy\/ca\/els-paisatges-que-van-inspirar-becquer\/","og_site_name":"Reial Acad\u00e8mia Europea de Doctors","article_publisher":"http:\/\/fb.me\/raed.academy","article_published_time":"2024-12-19T10:35:12+00:00","article_modified_time":"2024-12-19T10:36:40+00:00","og_image":[{"width":1400,"height":840,"url":"https:\/\/raed.academy\/wp-content\/uploads\/2024\/12\/El-santuario-junto-al-Duero-fotografia-Luis-Pons-dst.webp","type":"image\/webp"}],"author":"RAED","twitter_card":"summary_large_image","twitter_creator":"@raedacademy","twitter_site":"@raedacademy","twitter_misc":{"Written by":"RAED","Est. reading time":"3 minutes"},"schema":{"@context":"https:\/\/schema.org","@graph":[{"@type":"Article","@id":"https:\/\/raed.academy\/ca\/els-paisatges-que-van-inspirar-becquer\/#article","isPartOf":{"@id":"https:\/\/raed.academy\/ca\/els-paisatges-que-van-inspirar-becquer\/"},"author":{"name":"RAED","@id":"https:\/\/raed.academy\/ca\/#\/schema\/person\/5a755da80d1d979fd66ba745c8702927"},"headline":"Els paisatges que van inspirar B\u00e9cquer","datePublished":"2024-12-19T10:35:12+00:00","dateModified":"2024-12-19T10:36:40+00:00","mainEntityOfPage":{"@id":"https:\/\/raed.academy\/ca\/els-paisatges-que-van-inspirar-becquer\/"},"wordCount":617,"publisher":{"@id":"https:\/\/raed.academy\/ca\/#organization"},"image":{"@id":"https:\/\/raed.academy\/ca\/els-paisatges-que-van-inspirar-becquer\/#primaryimage"},"thumbnailUrl":"https:\/\/raed.academy\/wp-content\/uploads\/2024\/12\/El-santuario-junto-al-Duero-fotografia-Luis-Pons-dst.webp","articleSection":["Art","Fotografia","Hist\u00f2ria","Hist\u00f2ria nacional","Literatura"],"inLanguage":"ca-ES"},{"@type":"WebPage","@id":"https:\/\/raed.academy\/ca\/els-paisatges-que-van-inspirar-becquer\/","url":"https:\/\/raed.academy\/ca\/els-paisatges-que-van-inspirar-becquer\/","name":"Els paisatges que van inspirar B\u00e9cquer - Reial Acad\u00e8mia Europea de Doctors","isPartOf":{"@id":"https:\/\/raed.academy\/ca\/#website"},"primaryImageOfPage":{"@id":"https:\/\/raed.academy\/ca\/els-paisatges-que-van-inspirar-becquer\/#primaryimage"},"image":{"@id":"https:\/\/raed.academy\/ca\/els-paisatges-que-van-inspirar-becquer\/#primaryimage"},"thumbnailUrl":"https:\/\/raed.academy\/wp-content\/uploads\/2024\/12\/El-santuario-junto-al-Duero-fotografia-Luis-Pons-dst.webp","datePublished":"2024-12-19T10:35:12+00:00","dateModified":"2024-12-19T10:36:40+00:00","description":"Luis Pons comparteix la fotogaleria \"Los escenarios de 'El rayo de luna' de B\u00e9cquer\", per a la qual va realitzar una ruta per S\u00f2ria, en escenaris que van inspirar el poeta rom\u00e0ntic","breadcrumb":{"@id":"https:\/\/raed.academy\/ca\/els-paisatges-que-van-inspirar-becquer\/#breadcrumb"},"inLanguage":"ca-ES","potentialAction":[{"@type":"ReadAction","target":["https:\/\/raed.academy\/ca\/els-paisatges-que-van-inspirar-becquer\/"]}]},{"@type":"ImageObject","inLanguage":"ca-ES","@id":"https:\/\/raed.academy\/ca\/els-paisatges-que-van-inspirar-becquer\/#primaryimage","url":"https:\/\/raed.academy\/wp-content\/uploads\/2024\/12\/El-santuario-junto-al-Duero-fotografia-Luis-Pons-dst.webp","contentUrl":"https:\/\/raed.academy\/wp-content\/uploads\/2024\/12\/El-santuario-junto-al-Duero-fotografia-Luis-Pons-dst.webp","width":1400,"height":840},{"@type":"BreadcrumbList","@id":"https:\/\/raed.academy\/ca\/els-paisatges-que-van-inspirar-becquer\/#breadcrumb","itemListElement":[{"@type":"ListItem","position":1,"name":"Inicio","item":"https:\/\/raed.academy\/ca\/"},{"@type":"ListItem","position":2,"name":"Els paisatges que van inspirar B\u00e9cquer"}]},{"@type":"WebSite","@id":"https:\/\/raed.academy\/ca\/#website","url":"https:\/\/raed.academy\/ca\/","name":"Reial Acad\u00e8mia Europea de Doctors","description":"Corporaci\u00f3n de derecho p\u00fablico de car\u00e1cter cient\u00edfico, t\u00e9cnico y art\u00edstico, que tiene por objeto la investigaci\u00f3n, el estudio, el fomento y la extensi\u00f3n del conocimiento en su sentido m\u00e1s amplio","publisher":{"@id":"https:\/\/raed.academy\/ca\/#organization"},"potentialAction":[{"@type":"SearchAction","target":{"@type":"EntryPoint","urlTemplate":"https:\/\/raed.academy\/ca\/?s={search_term_string}"},"query-input":{"@type":"PropertyValueSpecification","valueRequired":true,"valueName":"search_term_string"}}],"inLanguage":"ca-ES"},{"@type":"Organization","@id":"https:\/\/raed.academy\/ca\/#organization","name":"Real Academia Europea de Doctores","url":"https:\/\/raed.academy\/ca\/","logo":{"@type":"ImageObject","inLanguage":"ca-ES","@id":"https:\/\/raed.academy\/ca\/#\/schema\/logo\/image\/","url":"https:\/\/raed.academy\/wp-content\/uploads\/2017\/01\/cropped-logo_raed.png","contentUrl":"https:\/\/raed.academy\/wp-content\/uploads\/2017\/01\/cropped-logo_raed.png","width":512,"height":512,"caption":"Real Academia Europea de Doctores"},"image":{"@id":"https:\/\/raed.academy\/ca\/#\/schema\/logo\/image\/"},"sameAs":["http:\/\/fb.me\/raed.academy","https:\/\/x.com\/raedacademy","https:\/\/www.instagram.com\/raed.academy\/","https:\/\/www.youtube.com\/channel\/UCUYQwW2KrdirNWihxMDObwg"]},{"@type":"Person","@id":"https:\/\/raed.academy\/ca\/#\/schema\/person\/5a755da80d1d979fd66ba745c8702927","name":"RAED","image":{"@type":"ImageObject","inLanguage":"ca-ES","@id":"https:\/\/secure.gravatar.com\/avatar\/19fdfdc0d67fb9c45714b703a2ac82251c4fcea3637f002ac3c9b74c0183583c?s=96&d=mm&r=g","url":"https:\/\/secure.gravatar.com\/avatar\/19fdfdc0d67fb9c45714b703a2ac82251c4fcea3637f002ac3c9b74c0183583c?s=96&d=mm&r=g","contentUrl":"https:\/\/secure.gravatar.com\/avatar\/19fdfdc0d67fb9c45714b703a2ac82251c4fcea3637f002ac3c9b74c0183583c?s=96&d=mm&r=g","caption":"RAED"}}]}},"_links":{"self":[{"href":"https:\/\/raed.academy\/ca\/wp-json\/wp\/v2\/posts\/157024","targetHints":{"allow":["GET"]}}],"collection":[{"href":"https:\/\/raed.academy\/ca\/wp-json\/wp\/v2\/posts"}],"about":[{"href":"https:\/\/raed.academy\/ca\/wp-json\/wp\/v2\/types\/post"}],"author":[{"embeddable":true,"href":"https:\/\/raed.academy\/ca\/wp-json\/wp\/v2\/users\/12"}],"replies":[{"embeddable":true,"href":"https:\/\/raed.academy\/ca\/wp-json\/wp\/v2\/comments?post=157024"}],"version-history":[{"count":0,"href":"https:\/\/raed.academy\/ca\/wp-json\/wp\/v2\/posts\/157024\/revisions"}],"wp:featuredmedia":[{"embeddable":true,"href":"https:\/\/raed.academy\/ca\/wp-json\/wp\/v2\/media\/156982"}],"wp:attachment":[{"href":"https:\/\/raed.academy\/ca\/wp-json\/wp\/v2\/media?parent=157024"}],"wp:term":[{"taxonomy":"category","embeddable":true,"href":"https:\/\/raed.academy\/ca\/wp-json\/wp\/v2\/categories?post=157024"},{"taxonomy":"post_tag","embeddable":true,"href":"https:\/\/raed.academy\/ca\/wp-json\/wp\/v2\/tags?post=157024"}],"curies":[{"name":"wp","href":"https:\/\/api.w.org\/{rel}","templated":true}]}}