{"id":156504,"date":"2024-12-05T17:56:18","date_gmt":"2024-12-05T17:56:18","guid":{"rendered":"https:\/\/raed.academy\/?p=156504"},"modified":"2024-12-05T17:56:18","modified_gmt":"2024-12-05T17:56:18","slug":"lanalisi-del-risc-en-la-seguretat-alimentaria","status":"publish","type":"post","link":"https:\/\/raed.academy\/ca\/lanalisi-del-risc-en-la-seguretat-alimentaria\/","title":{"rendered":"L&#8217;an\u00e0lisi del risc en la seguretat aliment\u00e0ria"},"content":{"rendered":"<div id=\"attachment_145089\" style=\"width: 276px\" class=\"wp-caption alignright\"><img loading=\"lazy\" decoding=\"async\" aria-describedby=\"caption-attachment-145089\" class=\"wp-image-145089 size-full\" src=\"https:\/\/raed.academy\/wp-content\/uploads\/2024\/02\/Rafael-Urrialde-de-Andres-Academico-Numerario.webp\" alt=\"Rafael Urrialde\" width=\"266\" height=\"427\" aria-describedby=\"caption-attachment-145089\" \/><p id=\"caption-attachment-145089\" class=\"wp-caption-text\">Dr. Rafael Urrialde<\/p><\/div>\n<p><a href=\"https:\/\/raed.academy\/ca\/academics\/dr-rafael-urrialde-de-andres\/\" target=\"_blank\" rel=\"noopener\"><em><strong>Rafael Urrialde<\/strong><\/em><\/a>, professor del Departament de Gen\u00e8tica, Fisiologia i Microbiologia de la <strong>Universitat Complutense de Madrid<\/strong> i del Departament de Ci\u00e8ncies Farmac\u00e8utiques i de la Salut de la <strong>Universitat CEU-San Pablo<\/strong>, president de la <strong>Comissi\u00f3 Cient\u00edfica<\/strong> de la<strong> Societat Espanyola de Medicina de l&#8217;Esport<\/strong>, secretari de la\u00a0<strong>Fundaci\u00f3 Espanyola de Nutrici\u00f3<\/strong>, acad\u00e8mic d&#8217;honor de l&#8217;<strong>Acad\u00e8mia Espanyola de Nutrici\u00f3 i Ci\u00e8ncies de l&#8217;Alimentaci\u00f3<\/strong> i acad\u00e8mic de n\u00famero i membre de la <strong>Junta de Govern<\/strong> de la <strong>Reial Acad\u00e8mia Europea de Doctors-Barcelona 1914<\/strong> (RAED), presenta a la comunitat acad\u00e8mica la <strong>&#8220;Gu\u00eda sobre seguridad alimentaria: an\u00e1lisis del riesgo&#8221;<\/strong> elaborada pel <strong>Grup de Treball de Seguretat Aliment\u00e0ria i Nutrici\u00f3 i R+D+i<\/strong> de l&#8217;Acad\u00e8mia Espanyola de Nutrici\u00f3 i Diet\u00e8tica que ell mateix coordina, difosa aquest mateix mes de novembre.<\/p>\n<p>El document \u00e9s un full informatiu que signen els investigadors <strong>Eva Espona<\/strong>, <strong>Laura Gonz\u00e1lez<\/strong>, <strong>Ana Molina<\/strong>, <strong>Anna Montany\u00e0<\/strong>, <strong>Yaiza Quevedo<\/strong> i el mateix Urrialde com a coordinador que pot ser molt \u00fatil per con\u00e8ixer el fonament, l&#8217;activitat i la resoluci\u00f3 d&#8217;aspectes relacionats amb l&#8217;an\u00e0lisi risc en els aspectes de la seva determinaci\u00f3, gesti\u00f3 i comunicaci\u00f3, incloses les alertes aliment\u00e0ries. La nota ajuda a comprendre els processos de treball en seguretat aliment\u00e0ria basats en aquest model d&#8217;an\u00e0lisi sota els criteris aprovats a la Uni\u00f3 Europea com a millor eina i proc\u00e9s per garantir la seguretat aliment\u00e0ria i com a formaci\u00f3 per al dietista i nutricionista per dur a terme la seva activitat i desenvolupament professional.<\/p>\n<p><img loading=\"lazy\" decoding=\"async\" class=\" wp-image-113281 alignleft\" src=\"https:\/\/raed.academy\/wp-content\/uploads\/2022\/02\/seguridad-alimentaria-dst.webp\" sizes=\"(max-width: 453px) 100vw, 453px\" srcset=\"https:\/\/raed.academy\/wp-content\/uploads\/2022\/02\/seguridad-alimentaria-dst.webp 600w, https:\/\/raed.academy\/wp-content\/uploads\/2022\/02\/seguridad-alimentaria-dst-440x264.webp 440w\" alt=\"\" width=\"453\" height=\"272\" \/>El coneixement de com cal treballar cadascun d&#8217;aquests aspectes, tant de forma individual com conjunta, \u00e9s b\u00e0sic per poder entendre els processos, continguts i valors de la seguretat aliment\u00e0ria i poder treballar tots els par\u00e0metres necessaris per desenvolupar valoracions i avaluacions sobre seguretat aliment\u00e0ria, en aquest \u00e0mbit la formaci\u00f3 continuada \u00e9s crucial per poder emetre opinions que s&#8217;ajustin a la veracitat dels continguts reals i als territoris o camps de compet\u00e8ncia, assenyalen els investigadors del Grup de Treball de Seguretat Aliment\u00e0ria i Nutrici\u00f3 i R+D+i.<\/p>\n<p>El full informatiu assenyala que aquesta formaci\u00f3 i coneixement sobre an\u00e0lisi del risc per a implementaci\u00f3 de les estrat\u00e8gies, accions i activitats de seguretat aliment\u00e0ria \u00e9s m\u00e9s f\u00e0cil traslladar a totes les escales el referit a cultura de seguretat aliment\u00e0ria que cal tenir en compte en totes les relacions, institucions o entitats que tinguin a veure amb la producci\u00f3, la transformaci\u00f3, la distribuci\u00f3 i el consum de productes alimentaris.<\/p>\n<h2><a href=\"https:\/\/www.academianutricionydietetica.org\/pro\/uploads\/NOTICIAS\/Documentos\/GruposEspecializacion\/SANIDi\/AEND_hoja_informativa_seguridad_alimentaria.pdf\" target=\"_blank\" rel=\"noopener\">Llegiu el document<\/a><\/h2>\n","protected":false},"excerpt":{"rendered":"<p>Rafael Urrialde presenta la &#8220;Gu\u00eda sobre seguridad alimentaria: an\u00e1lisis del riesgo&#8221;, un full informatiu per con\u00e8ixer aspectes relacionats amb l&#8217;an\u00e0lisi del risc en els aspectes de la seva determinaci\u00f3, gesti\u00f3 i comunicaci\u00f3, incloses les alertes aliment\u00e0ries<\/p>\n","protected":false},"author":12,"featured_media":113282,"comment_status":"closed","ping_status":"closed","sticky":false,"template":"","format":"standard","meta":{"_et_pb_use_builder":"","_et_pb_old_content":"","_et_gb_content_width":"","footnotes":""},"categories":[237,225],"tags":[],"class_list":["post-156504","post","type-post","status-publish","format-standard","has-post-thumbnail","hentry","category-alimentacio-i-nutricio","category-dret","et-has-post-format-content","et_post_format-et-post-format-standard"],"yoast_head":"<!-- This site is optimized with the Yoast SEO plugin v27.4 - https:\/\/yoast.com\/product\/yoast-seo-wordpress\/ -->\n<title>L&#039;an\u00e0lisi del risc en la seguretat aliment\u00e0ria - Reial Acad\u00e8mia Europea de Doctors<\/title>\n<meta name=\"description\" content=\"Rafael Urrialde presenta la &quot;Gu\u00eda sobre seguridad alimentaria: an\u00e1lisis del riesgo&quot;, per tal de con\u00e8ixer aspectes relacionats amb l&#039;an\u00e0lisi del risc als aliments\" \/>\n<meta name=\"robots\" content=\"index, follow, max-snippet:-1, max-image-preview:large, max-video-preview:-1\" \/>\n<link rel=\"canonical\" href=\"https:\/\/raed.academy\/ca\/lanalisi-del-risc-en-la-seguretat-alimentaria\/\" \/>\n<meta property=\"og:locale\" content=\"ca_ES\" \/>\n<meta property=\"og:type\" content=\"article\" \/>\n<meta property=\"og:title\" content=\"L&#039;an\u00e0lisi del risc en la seguretat aliment\u00e0ria - Reial Acad\u00e8mia Europea de Doctors\" \/>\n<meta property=\"og:description\" content=\"Rafael Urrialde presenta la &quot;Gu\u00eda sobre seguridad alimentaria: an\u00e1lisis del riesgo&quot;, per tal de con\u00e8ixer aspectes relacionats amb l&#039;an\u00e0lisi del risc als aliments\" \/>\n<meta property=\"og:url\" content=\"https:\/\/raed.academy\/ca\/lanalisi-del-risc-en-la-seguretat-alimentaria\/\" \/>\n<meta property=\"og:site_name\" content=\"Reial Acad\u00e8mia Europea de Doctors\" \/>\n<meta property=\"article:publisher\" content=\"http:\/\/fb.me\/raed.academy\" \/>\n<meta property=\"article:published_time\" content=\"2024-12-05T17:56:18+00:00\" \/>\n<meta property=\"og:image\" content=\"https:\/\/raed.academy\/wp-content\/uploads\/2022\/02\/seguridad-alimentaria-dst.webp\" \/>\n\t<meta property=\"og:image:width\" content=\"600\" \/>\n\t<meta property=\"og:image:height\" content=\"360\" \/>\n\t<meta property=\"og:image:type\" content=\"image\/webp\" \/>\n<meta name=\"author\" content=\"RAED\" \/>\n<meta name=\"twitter:card\" content=\"summary_large_image\" \/>\n<meta name=\"twitter:creator\" content=\"@raedacademy\" \/>\n<meta name=\"twitter:site\" content=\"@raedacademy\" \/>\n<meta name=\"twitter:label1\" content=\"Written by\" \/>\n\t<meta name=\"twitter:data1\" content=\"RAED\" \/>\n\t<meta name=\"twitter:label2\" content=\"Est. reading time\" \/>\n\t<meta name=\"twitter:data2\" content=\"3 minutes\" \/>\n<script type=\"application\/ld+json\" class=\"yoast-schema-graph\">{\"@context\":\"https:\\\/\\\/schema.org\",\"@graph\":[{\"@type\":\"Article\",\"@id\":\"https:\\\/\\\/raed.academy\\\/ca\\\/lanalisi-del-risc-en-la-seguretat-alimentaria\\\/#article\",\"isPartOf\":{\"@id\":\"https:\\\/\\\/raed.academy\\\/ca\\\/lanalisi-del-risc-en-la-seguretat-alimentaria\\\/\"},\"author\":{\"name\":\"RAED\",\"@id\":\"https:\\\/\\\/raed.academy\\\/ca\\\/#\\\/schema\\\/person\\\/5a755da80d1d979fd66ba745c8702927\"},\"headline\":\"L&#8217;an\u00e0lisi del risc en la seguretat aliment\u00e0ria\",\"datePublished\":\"2024-12-05T17:56:18+00:00\",\"mainEntityOfPage\":{\"@id\":\"https:\\\/\\\/raed.academy\\\/ca\\\/lanalisi-del-risc-en-la-seguretat-alimentaria\\\/\"},\"wordCount\":465,\"publisher\":{\"@id\":\"https:\\\/\\\/raed.academy\\\/ca\\\/#organization\"},\"image\":{\"@id\":\"https:\\\/\\\/raed.academy\\\/ca\\\/lanalisi-del-risc-en-la-seguretat-alimentaria\\\/#primaryimage\"},\"thumbnailUrl\":\"https:\\\/\\\/raed.academy\\\/wp-content\\\/uploads\\\/2022\\\/02\\\/seguridad-alimentaria-dst.webp\",\"articleSection\":[\"Alimentaci\u00f3 i nutrici\u00f3\",\"Dret\"],\"inLanguage\":\"ca-ES\"},{\"@type\":\"WebPage\",\"@id\":\"https:\\\/\\\/raed.academy\\\/ca\\\/lanalisi-del-risc-en-la-seguretat-alimentaria\\\/\",\"url\":\"https:\\\/\\\/raed.academy\\\/ca\\\/lanalisi-del-risc-en-la-seguretat-alimentaria\\\/\",\"name\":\"L'an\u00e0lisi del risc en la seguretat aliment\u00e0ria - Reial Acad\u00e8mia Europea de Doctors\",\"isPartOf\":{\"@id\":\"https:\\\/\\\/raed.academy\\\/ca\\\/#website\"},\"primaryImageOfPage\":{\"@id\":\"https:\\\/\\\/raed.academy\\\/ca\\\/lanalisi-del-risc-en-la-seguretat-alimentaria\\\/#primaryimage\"},\"image\":{\"@id\":\"https:\\\/\\\/raed.academy\\\/ca\\\/lanalisi-del-risc-en-la-seguretat-alimentaria\\\/#primaryimage\"},\"thumbnailUrl\":\"https:\\\/\\\/raed.academy\\\/wp-content\\\/uploads\\\/2022\\\/02\\\/seguridad-alimentaria-dst.webp\",\"datePublished\":\"2024-12-05T17:56:18+00:00\",\"description\":\"Rafael Urrialde presenta la \\\"Gu\u00eda sobre seguridad alimentaria: an\u00e1lisis del riesgo\\\", per tal de con\u00e8ixer aspectes relacionats amb l'an\u00e0lisi del risc als aliments\",\"breadcrumb\":{\"@id\":\"https:\\\/\\\/raed.academy\\\/ca\\\/lanalisi-del-risc-en-la-seguretat-alimentaria\\\/#breadcrumb\"},\"inLanguage\":\"ca-ES\",\"potentialAction\":[{\"@type\":\"ReadAction\",\"target\":[\"https:\\\/\\\/raed.academy\\\/ca\\\/lanalisi-del-risc-en-la-seguretat-alimentaria\\\/\"]}]},{\"@type\":\"ImageObject\",\"inLanguage\":\"ca-ES\",\"@id\":\"https:\\\/\\\/raed.academy\\\/ca\\\/lanalisi-del-risc-en-la-seguretat-alimentaria\\\/#primaryimage\",\"url\":\"https:\\\/\\\/raed.academy\\\/wp-content\\\/uploads\\\/2022\\\/02\\\/seguridad-alimentaria-dst.webp\",\"contentUrl\":\"https:\\\/\\\/raed.academy\\\/wp-content\\\/uploads\\\/2022\\\/02\\\/seguridad-alimentaria-dst.webp\",\"width\":600,\"height\":360},{\"@type\":\"BreadcrumbList\",\"@id\":\"https:\\\/\\\/raed.academy\\\/ca\\\/lanalisi-del-risc-en-la-seguretat-alimentaria\\\/#breadcrumb\",\"itemListElement\":[{\"@type\":\"ListItem\",\"position\":1,\"name\":\"Inicio\",\"item\":\"https:\\\/\\\/raed.academy\\\/ca\\\/\"},{\"@type\":\"ListItem\",\"position\":2,\"name\":\"L&#8217;an\u00e0lisi del risc en la seguretat aliment\u00e0ria\"}]},{\"@type\":\"WebSite\",\"@id\":\"https:\\\/\\\/raed.academy\\\/ca\\\/#website\",\"url\":\"https:\\\/\\\/raed.academy\\\/ca\\\/\",\"name\":\"Reial Acad\u00e8mia Europea de Doctors\",\"description\":\"Corporaci\u00f3n de derecho p\u00fablico de car\u00e1cter cient\u00edfico, t\u00e9cnico y art\u00edstico, que tiene por objeto la investigaci\u00f3n, el estudio, el fomento y la extensi\u00f3n del conocimiento en su sentido m\u00e1s amplio\",\"publisher\":{\"@id\":\"https:\\\/\\\/raed.academy\\\/ca\\\/#organization\"},\"potentialAction\":[{\"@type\":\"SearchAction\",\"target\":{\"@type\":\"EntryPoint\",\"urlTemplate\":\"https:\\\/\\\/raed.academy\\\/ca\\\/?s={search_term_string}\"},\"query-input\":{\"@type\":\"PropertyValueSpecification\",\"valueRequired\":true,\"valueName\":\"search_term_string\"}}],\"inLanguage\":\"ca-ES\"},{\"@type\":\"Organization\",\"@id\":\"https:\\\/\\\/raed.academy\\\/ca\\\/#organization\",\"name\":\"Real Academia Europea de Doctores\",\"url\":\"https:\\\/\\\/raed.academy\\\/ca\\\/\",\"logo\":{\"@type\":\"ImageObject\",\"inLanguage\":\"ca-ES\",\"@id\":\"https:\\\/\\\/raed.academy\\\/ca\\\/#\\\/schema\\\/logo\\\/image\\\/\",\"url\":\"https:\\\/\\\/raed.academy\\\/wp-content\\\/uploads\\\/2017\\\/01\\\/cropped-logo_raed.png\",\"contentUrl\":\"https:\\\/\\\/raed.academy\\\/wp-content\\\/uploads\\\/2017\\\/01\\\/cropped-logo_raed.png\",\"width\":512,\"height\":512,\"caption\":\"Real Academia Europea de Doctores\"},\"image\":{\"@id\":\"https:\\\/\\\/raed.academy\\\/ca\\\/#\\\/schema\\\/logo\\\/image\\\/\"},\"sameAs\":[\"http:\\\/\\\/fb.me\\\/raed.academy\",\"https:\\\/\\\/x.com\\\/raedacademy\",\"https:\\\/\\\/www.instagram.com\\\/raed.academy\\\/\",\"https:\\\/\\\/www.youtube.com\\\/channel\\\/UCUYQwW2KrdirNWihxMDObwg\"]},{\"@type\":\"Person\",\"@id\":\"https:\\\/\\\/raed.academy\\\/ca\\\/#\\\/schema\\\/person\\\/5a755da80d1d979fd66ba745c8702927\",\"name\":\"RAED\",\"image\":{\"@type\":\"ImageObject\",\"inLanguage\":\"ca-ES\",\"@id\":\"https:\\\/\\\/secure.gravatar.com\\\/avatar\\\/19fdfdc0d67fb9c45714b703a2ac82251c4fcea3637f002ac3c9b74c0183583c?s=96&d=mm&r=g\",\"url\":\"https:\\\/\\\/secure.gravatar.com\\\/avatar\\\/19fdfdc0d67fb9c45714b703a2ac82251c4fcea3637f002ac3c9b74c0183583c?s=96&d=mm&r=g\",\"contentUrl\":\"https:\\\/\\\/secure.gravatar.com\\\/avatar\\\/19fdfdc0d67fb9c45714b703a2ac82251c4fcea3637f002ac3c9b74c0183583c?s=96&d=mm&r=g\",\"caption\":\"RAED\"}}]}<\/script>\n<!-- \/ Yoast SEO plugin. -->","yoast_head_json":{"title":"L'an\u00e0lisi del risc en la seguretat aliment\u00e0ria - Reial Acad\u00e8mia Europea de Doctors","description":"Rafael Urrialde presenta la \"Gu\u00eda sobre seguridad alimentaria: an\u00e1lisis del riesgo\", per tal de con\u00e8ixer aspectes relacionats amb l'an\u00e0lisi del risc als aliments","robots":{"index":"index","follow":"follow","max-snippet":"max-snippet:-1","max-image-preview":"max-image-preview:large","max-video-preview":"max-video-preview:-1"},"canonical":"https:\/\/raed.academy\/ca\/lanalisi-del-risc-en-la-seguretat-alimentaria\/","og_locale":"ca_ES","og_type":"article","og_title":"L'an\u00e0lisi del risc en la seguretat aliment\u00e0ria - Reial Acad\u00e8mia Europea de Doctors","og_description":"Rafael Urrialde presenta la \"Gu\u00eda sobre seguridad alimentaria: an\u00e1lisis del riesgo\", per tal de con\u00e8ixer aspectes relacionats amb l'an\u00e0lisi del risc als aliments","og_url":"https:\/\/raed.academy\/ca\/lanalisi-del-risc-en-la-seguretat-alimentaria\/","og_site_name":"Reial Acad\u00e8mia Europea de Doctors","article_publisher":"http:\/\/fb.me\/raed.academy","article_published_time":"2024-12-05T17:56:18+00:00","og_image":[{"width":600,"height":360,"url":"https:\/\/raed.academy\/wp-content\/uploads\/2022\/02\/seguridad-alimentaria-dst.webp","type":"image\/webp"}],"author":"RAED","twitter_card":"summary_large_image","twitter_creator":"@raedacademy","twitter_site":"@raedacademy","twitter_misc":{"Written by":"RAED","Est. reading time":"3 minutes"},"schema":{"@context":"https:\/\/schema.org","@graph":[{"@type":"Article","@id":"https:\/\/raed.academy\/ca\/lanalisi-del-risc-en-la-seguretat-alimentaria\/#article","isPartOf":{"@id":"https:\/\/raed.academy\/ca\/lanalisi-del-risc-en-la-seguretat-alimentaria\/"},"author":{"name":"RAED","@id":"https:\/\/raed.academy\/ca\/#\/schema\/person\/5a755da80d1d979fd66ba745c8702927"},"headline":"L&#8217;an\u00e0lisi del risc en la seguretat aliment\u00e0ria","datePublished":"2024-12-05T17:56:18+00:00","mainEntityOfPage":{"@id":"https:\/\/raed.academy\/ca\/lanalisi-del-risc-en-la-seguretat-alimentaria\/"},"wordCount":465,"publisher":{"@id":"https:\/\/raed.academy\/ca\/#organization"},"image":{"@id":"https:\/\/raed.academy\/ca\/lanalisi-del-risc-en-la-seguretat-alimentaria\/#primaryimage"},"thumbnailUrl":"https:\/\/raed.academy\/wp-content\/uploads\/2022\/02\/seguridad-alimentaria-dst.webp","articleSection":["Alimentaci\u00f3 i nutrici\u00f3","Dret"],"inLanguage":"ca-ES"},{"@type":"WebPage","@id":"https:\/\/raed.academy\/ca\/lanalisi-del-risc-en-la-seguretat-alimentaria\/","url":"https:\/\/raed.academy\/ca\/lanalisi-del-risc-en-la-seguretat-alimentaria\/","name":"L'an\u00e0lisi del risc en la seguretat aliment\u00e0ria - Reial Acad\u00e8mia Europea de Doctors","isPartOf":{"@id":"https:\/\/raed.academy\/ca\/#website"},"primaryImageOfPage":{"@id":"https:\/\/raed.academy\/ca\/lanalisi-del-risc-en-la-seguretat-alimentaria\/#primaryimage"},"image":{"@id":"https:\/\/raed.academy\/ca\/lanalisi-del-risc-en-la-seguretat-alimentaria\/#primaryimage"},"thumbnailUrl":"https:\/\/raed.academy\/wp-content\/uploads\/2022\/02\/seguridad-alimentaria-dst.webp","datePublished":"2024-12-05T17:56:18+00:00","description":"Rafael Urrialde presenta la \"Gu\u00eda sobre seguridad alimentaria: an\u00e1lisis del riesgo\", per tal de con\u00e8ixer aspectes relacionats amb l'an\u00e0lisi del risc als aliments","breadcrumb":{"@id":"https:\/\/raed.academy\/ca\/lanalisi-del-risc-en-la-seguretat-alimentaria\/#breadcrumb"},"inLanguage":"ca-ES","potentialAction":[{"@type":"ReadAction","target":["https:\/\/raed.academy\/ca\/lanalisi-del-risc-en-la-seguretat-alimentaria\/"]}]},{"@type":"ImageObject","inLanguage":"ca-ES","@id":"https:\/\/raed.academy\/ca\/lanalisi-del-risc-en-la-seguretat-alimentaria\/#primaryimage","url":"https:\/\/raed.academy\/wp-content\/uploads\/2022\/02\/seguridad-alimentaria-dst.webp","contentUrl":"https:\/\/raed.academy\/wp-content\/uploads\/2022\/02\/seguridad-alimentaria-dst.webp","width":600,"height":360},{"@type":"BreadcrumbList","@id":"https:\/\/raed.academy\/ca\/lanalisi-del-risc-en-la-seguretat-alimentaria\/#breadcrumb","itemListElement":[{"@type":"ListItem","position":1,"name":"Inicio","item":"https:\/\/raed.academy\/ca\/"},{"@type":"ListItem","position":2,"name":"L&#8217;an\u00e0lisi del risc en la seguretat aliment\u00e0ria"}]},{"@type":"WebSite","@id":"https:\/\/raed.academy\/ca\/#website","url":"https:\/\/raed.academy\/ca\/","name":"Reial Acad\u00e8mia Europea de Doctors","description":"Corporaci\u00f3n de derecho p\u00fablico de car\u00e1cter cient\u00edfico, t\u00e9cnico y art\u00edstico, que tiene por objeto la investigaci\u00f3n, el estudio, el fomento y la extensi\u00f3n del conocimiento en su sentido m\u00e1s amplio","publisher":{"@id":"https:\/\/raed.academy\/ca\/#organization"},"potentialAction":[{"@type":"SearchAction","target":{"@type":"EntryPoint","urlTemplate":"https:\/\/raed.academy\/ca\/?s={search_term_string}"},"query-input":{"@type":"PropertyValueSpecification","valueRequired":true,"valueName":"search_term_string"}}],"inLanguage":"ca-ES"},{"@type":"Organization","@id":"https:\/\/raed.academy\/ca\/#organization","name":"Real Academia Europea de Doctores","url":"https:\/\/raed.academy\/ca\/","logo":{"@type":"ImageObject","inLanguage":"ca-ES","@id":"https:\/\/raed.academy\/ca\/#\/schema\/logo\/image\/","url":"https:\/\/raed.academy\/wp-content\/uploads\/2017\/01\/cropped-logo_raed.png","contentUrl":"https:\/\/raed.academy\/wp-content\/uploads\/2017\/01\/cropped-logo_raed.png","width":512,"height":512,"caption":"Real Academia Europea de Doctores"},"image":{"@id":"https:\/\/raed.academy\/ca\/#\/schema\/logo\/image\/"},"sameAs":["http:\/\/fb.me\/raed.academy","https:\/\/x.com\/raedacademy","https:\/\/www.instagram.com\/raed.academy\/","https:\/\/www.youtube.com\/channel\/UCUYQwW2KrdirNWihxMDObwg"]},{"@type":"Person","@id":"https:\/\/raed.academy\/ca\/#\/schema\/person\/5a755da80d1d979fd66ba745c8702927","name":"RAED","image":{"@type":"ImageObject","inLanguage":"ca-ES","@id":"https:\/\/secure.gravatar.com\/avatar\/19fdfdc0d67fb9c45714b703a2ac82251c4fcea3637f002ac3c9b74c0183583c?s=96&d=mm&r=g","url":"https:\/\/secure.gravatar.com\/avatar\/19fdfdc0d67fb9c45714b703a2ac82251c4fcea3637f002ac3c9b74c0183583c?s=96&d=mm&r=g","contentUrl":"https:\/\/secure.gravatar.com\/avatar\/19fdfdc0d67fb9c45714b703a2ac82251c4fcea3637f002ac3c9b74c0183583c?s=96&d=mm&r=g","caption":"RAED"}}]}},"_links":{"self":[{"href":"https:\/\/raed.academy\/ca\/wp-json\/wp\/v2\/posts\/156504","targetHints":{"allow":["GET"]}}],"collection":[{"href":"https:\/\/raed.academy\/ca\/wp-json\/wp\/v2\/posts"}],"about":[{"href":"https:\/\/raed.academy\/ca\/wp-json\/wp\/v2\/types\/post"}],"author":[{"embeddable":true,"href":"https:\/\/raed.academy\/ca\/wp-json\/wp\/v2\/users\/12"}],"replies":[{"embeddable":true,"href":"https:\/\/raed.academy\/ca\/wp-json\/wp\/v2\/comments?post=156504"}],"version-history":[{"count":0,"href":"https:\/\/raed.academy\/ca\/wp-json\/wp\/v2\/posts\/156504\/revisions"}],"wp:featuredmedia":[{"embeddable":true,"href":"https:\/\/raed.academy\/ca\/wp-json\/wp\/v2\/media\/113282"}],"wp:attachment":[{"href":"https:\/\/raed.academy\/ca\/wp-json\/wp\/v2\/media?parent=156504"}],"wp:term":[{"taxonomy":"category","embeddable":true,"href":"https:\/\/raed.academy\/ca\/wp-json\/wp\/v2\/categories?post=156504"},{"taxonomy":"post_tag","embeddable":true,"href":"https:\/\/raed.academy\/ca\/wp-json\/wp\/v2\/tags?post=156504"}],"curies":[{"name":"wp","href":"https:\/\/api.w.org\/{rel}","templated":true}]}}