{"id":156497,"date":"2024-12-05T17:36:30","date_gmt":"2024-12-05T17:36:30","guid":{"rendered":"https:\/\/raed.academy\/?p=156497"},"modified":"2024-12-05T17:36:30","modified_gmt":"2024-12-05T17:36:30","slug":"la-persona-per-davant-del-pacient","status":"publish","type":"post","link":"https:\/\/raed.academy\/ca\/la-persona-per-davant-del-pacient\/","title":{"rendered":"La persona, per davant del pacient"},"content":{"rendered":"<div id=\"attachment_100490\" style=\"width: 200px\" class=\"wp-caption alignleft\"><img loading=\"lazy\" decoding=\"async\" aria-describedby=\"caption-attachment-100490\" class=\"wp-image-100490 size-full\" src=\"https:\/\/raed.academy\/wp-content\/uploads\/2021\/03\/Juan-Manuel-Soriano-Llovera-190px.jpeg\" sizes=\"(max-width: 190px) 100vw, 190px\" srcset=\"https:\/\/raed.academy\/wp-content\/uploads\/2021\/03\/Juan-Manuel-Soriano-Llovera-190px.jpeg 190w, https:\/\/raed.academy\/wp-content\/uploads\/2021\/03\/Juan-Manuel-Soriano-Llovera-190px-150x150.jpeg 150w\" alt=\"Juan Manuel Soriano Llovera\" width=\"190\" height=\"190\" aria-describedby=\"caption-attachment-100490\" \/><p id=\"caption-attachment-100490\" class=\"wp-caption-text\">Dr. Juan Manuel Soriano<\/p><\/div>\n<p><a href=\"https:\/\/raed.academy\/ca\/academics\/dr-juan-manuel-soriano-llobera\/\" target=\"_blank\" rel=\"noopener\"><em><strong>Juan Manuel Soriano<\/strong><\/em><\/a>, director de l&#8217;<strong>Institut d&#8217;Estudis de Dret i Economia Aplicada<\/strong> i professor d&#8217;Organitzaci\u00f3 d&#8217;Empreses de la<strong> Universitat Polit\u00e8cnica de Catalunya<\/strong>, president de l&#8217;<strong>Associaci\u00f3 de Professors i Investigadors Universitaris de Catalunya<\/strong>, secretari general de la <strong>Fundaci\u00f3 Barcelona Salut<\/strong> i acad\u00e8mic de n\u00famero de la <strong>Reial Acad\u00e8mia Europea de Doctors-Barcelona 1914<\/strong> (RAED), va ser un dels art\u00edfexs de la celebraci\u00f3 del <strong>VIII Congr\u00e9s Internacional de Pacients amb Artrosi &#8211; #OAFICongress24<\/strong>, organitzat per la <strong>Fundaci\u00f3 Internacional d&#8217;Osteoartritis <\/strong>amb el suport de Barcelona Salut, que es va celebrar a l&#8217;Auditori de l&#8217;<strong>Illa Diagonal<\/strong> de Barcelona entre els 23 i 25 d&#8217;octubre passat sota el lema<strong> &#8220;Molt m\u00e9s que pacients&#8221;<\/strong>.<\/p>\n<p>Al llarg d&#8217;aquestes tres jornades, una setantena de ponents van incidir en diferents aspectes relacionats amb l&#8217;artrosi, l&#8217;osteoporosi i la salut articular des del punt de vista del pacient i del seu entorn destacant la import\u00e0ncia d&#8217;informar, conscienciar i compartir entre professionals les millors pr\u00e0ctiques de prevenci\u00f3, recerca i tractament d&#8217;aquestes patologies sense estigmatitzar els qui les pateixen. &#8220;Som pacients, per\u00f2 som molt m\u00e9s que la nostra malaltia i durant aquesta vuitena edici\u00f3 continuarem demostrant que l&#8217;artrosi no ens defineix&#8221;, van explicar els organitzadors.<\/p>\n<p>La cita va comptar amb reconeguts experts al m\u00f3n de la salut, economia i benestar com ara l&#8217;economista i divulgador <strong>Santiago Ni\u00f1o Becerra<\/strong>; <strong>Sol Ruiz<\/strong>, cap de l&#8217;\u00e0rea de Medicaments Biol\u00f2gics, Biotecnologia i Ter\u00e0pies Avan\u00e7ades de l&#8217;<strong>Ag\u00e8ncia Espanyola de Medicaments i Productes Sanitaris<\/strong>; <strong>Steven Taylor<\/strong>, president de la <strong>Fundaci\u00f3 Artritis<\/strong>; <strong>Marta Villanueva<\/strong>, regidora de Salut de l&#8217;<strong>Ajuntament de Barcelona<\/strong>; <strong>Ingrid M\u00f6ller<\/strong>, directora de l&#8217;<strong>Institut Poal<\/strong>; <strong>Gil Rodas<\/strong>, cap de la <strong>Unitat Medicina de l&#8217;Esport<\/strong> de l&#8217;<strong>Hospital Cl\u00ednic<\/strong> de Barcelona i de l&#8217;<strong>Hospital Sant Joan de D\u00e9u<\/strong> de Barcelona, \u200b\u200bo <strong>Cinta Pascual<\/strong>, presidenta de l&#8217;<strong>Associaci\u00f3 Catalana de Recursos Assistencials<\/strong>, entre d&#8217;altres.<\/p>\n<p>Els experts van explicar que l&#8217;artrosi afecta actualment m\u00e9s de set milions de persones a Espanya, produint dolor i afectant directament la mobilitat i l&#8217;autonomia de la persona que la pateix. Majorit\u00e0riament s\u00f3n dones, fins a un 70% dels malalts. Tamb\u00e9 van destacar la seva \u00e0mplia incid\u00e8ncia social: en joves de m\u00e9s de 15 anys, el 24% ja la pateix. A partir dels 50, el percentatge puja al 60%, i a partir dels 80, arriba al 80%. A m\u00e9s, un 95% dels pacients pateix una comorbiditat, com ara insomni, depressi\u00f3, ansietat o risc cardiovascular, que fan de l&#8217;artrosi una malaltia incapacitant, convertint la tasca m\u00e9s senzilla en un gran obstacle. Es calcula que el 80% de les dones que pateixen una fractura no tenen diagn\u00f2stic i el 64% amb risc de patir-la no rep tractament preventiu. Com \u00e9s una malaltia silent, cr\u00f2nica i progressiva que provoca que els ossos es tornin m\u00e9s porosos, amb quatre vegades m\u00e9s risc a fracturar-se per un traumatisme de baix impacte. A m\u00e9s, el 20% de les dones m\u00e9s grans de 65 anys que pateixen una fractura mor al primer any.<\/p>\n<p><img loading=\"lazy\" decoding=\"async\" class=\"wp-image-156473 alignright\" src=\"https:\/\/raed.academy\/wp-content\/uploads\/2024\/12\/osteoartritis-OA-enfermedad-articular-degenerativa-artrosis-o-artritis-hipertrofica-no-atrib-licencia-pixabay.com_.webp\" sizes=\"(max-width: 495px) 100vw, 495px\" srcset=\"https:\/\/raed.academy\/wp-content\/uploads\/2024\/12\/osteoartritis-OA-enfermedad-articular-degenerativa-artrosis-o-artritis-hipertrofica-no-atrib-licencia-pixabay.com_.webp 600w, https:\/\/raed.academy\/wp-content\/uploads\/2024\/12\/osteoartritis-OA-enfermedad-articular-degenerativa-artrosis-o-artritis-hipertrofica-no-atrib-licencia-pixabay.com_-440x264.webp 440w\" alt=\"Osteoartritis (OA), enfermedad articular degenerativa, artrosis o artritis hipertrofica\" width=\"495\" height=\"297\" aria-describedby=\"caption-attachment-156473\" \/>D&#8217;altra banda, Barcelona Salut ha merescut la <strong>Creu al M\u00e8rit Policial<\/strong> que atorga la <strong>Direcci\u00f3 General de la Policia<\/strong> per les pol\u00edtiques de prevenci\u00f3 sanit\u00e0ria i formaci\u00f3. El president de la fundaci\u00f3, <strong>Luis Donoso<\/strong>, va recollir la distinci\u00f3 a Barcelona el 10 d&#8217;octubre passat de mans del director general de la Policia, <strong>Francisco Pardo Piqueras<\/strong>. L&#8217;entitat ha renovat un any m\u00e9s l&#8217;acord que mant\u00e9 des de l&#8217;any 2016 amb l&#8217;Ajuntament de Barcelona per cardioprotegir amb sistemes especialitzats els 41 mercats municipals de la ciutat. Gr\u00e0cies a aquests dispositius s&#8217;han revertit un total d&#8217;11 morts sobtades en aquest per\u00edode a diferents instal\u00b7lacions.<\/p>\n<p>La Fundaci\u00f3 Barcelona Salut \u00e9s una instituci\u00f3 privada sense \u00e0nim de lucre que t\u00e9 com a objectiu fundacional la millora, l&#8217;educaci\u00f3 i la prevenci\u00f3 sanit\u00e0ria, a m\u00e9s de la promoci\u00f3 dels h\u00e0bits saludables, el coneixement de les ci\u00e8ncies de la salut i la recerca. En aquest sentit, es fixa el repte de contribuir amb campanyes i accions concretes a la disminuci\u00f3 de la incid\u00e8ncia de les malalties m\u00e9s freq\u00fcents a la societat actual que impulsa de la m\u00e0 d&#8217;un grup de professionals m\u00e8dics i investigadors de reconegut prestigi internacional. Els seus membres tenen una acreditada traject\u00f2ria professional a les \u00e0rees m\u00e8diques, sanit\u00e0ries, tecnol\u00f2giques, de recerca i de gesti\u00f3 hospital\u00e0ria. Aquesta caracter\u00edstica converteix els membres de Barcelona Salut en un grup multidisciplinari i especialitzat que d\u00f3na resposta a les necessitats dels diferents grups socials.<\/p>\n","protected":false},"excerpt":{"rendered":"<p>Juan Manuel Soriano, un dels art\u00edfexs de la celebraci\u00f3 del VIII Congr\u00e9s Internacional de Pacients amb Artrosi &#8211; #OAFICongress24, organitzat per la Fundaci\u00f3 Internacional d&#8217;Osteoartritis<\/p>\n","protected":false},"author":12,"featured_media":0,"comment_status":"closed","ping_status":"closed","sticky":false,"template":"","format":"standard","meta":{"_et_pb_use_builder":"","_et_pb_old_content":"","_et_gb_content_width":"","footnotes":""},"categories":[455,213,217,492],"tags":[],"class_list":["post-156497","post","type-post","status-publish","format-standard","hentry","category-ciencies-de-la-salut","category-medicina-i-cirurgia","category-missions-humanitaries-ong-fundacions","category-trobades-cientifiques-i-congressos","et-doesnt-have-format-content","et_post_format-et-post-format-standard"],"yoast_head":"<!-- This site is optimized with the Yoast SEO plugin v27.4 - https:\/\/yoast.com\/product\/yoast-seo-wordpress\/ -->\n<title>La persona, per davant del pacient - Reial Acad\u00e8mia Europea de Doctors<\/title>\n<meta name=\"description\" content=\"Juan Manuel Soriano, un dels art\u00edfexs de la celebraci\u00f3 del VIII Congr\u00e9s Internacional de Pacients amb Artrosi - #OAFICongress24, organitzat per la Fundaci\u00f3 Internacional d&#039;Osteoartritis\" \/>\n<meta name=\"robots\" content=\"index, follow, max-snippet:-1, max-image-preview:large, max-video-preview:-1\" \/>\n<link rel=\"canonical\" href=\"https:\/\/raed.academy\/ca\/la-persona-per-davant-del-pacient\/\" \/>\n<meta property=\"og:locale\" content=\"ca_ES\" \/>\n<meta property=\"og:type\" content=\"article\" \/>\n<meta property=\"og:title\" content=\"La persona, per davant del pacient - Reial Acad\u00e8mia Europea de Doctors\" \/>\n<meta property=\"og:description\" content=\"Juan Manuel Soriano, un dels art\u00edfexs de la celebraci\u00f3 del VIII Congr\u00e9s Internacional de Pacients amb Artrosi - #OAFICongress24, organitzat per la Fundaci\u00f3 Internacional d&#039;Osteoartritis\" \/>\n<meta property=\"og:url\" content=\"https:\/\/raed.academy\/ca\/la-persona-per-davant-del-pacient\/\" \/>\n<meta property=\"og:site_name\" content=\"Reial Acad\u00e8mia Europea de Doctors\" \/>\n<meta property=\"article:publisher\" content=\"http:\/\/fb.me\/raed.academy\" \/>\n<meta property=\"article:published_time\" content=\"2024-12-05T17:36:30+00:00\" \/>\n<meta property=\"og:image\" content=\"https:\/\/raed.academy\/wp-content\/uploads\/2024\/12\/osteoartritis-OA-enfermedad-articular-degenerativa-artrosis-o-artritis-hipertrofica-no-atrib-licencia-pixabay.com_.webp\" \/>\n\t<meta property=\"og:image:width\" content=\"600\" \/>\n\t<meta property=\"og:image:height\" content=\"360\" \/>\n\t<meta property=\"og:image:type\" content=\"image\/webp\" \/>\n<meta name=\"author\" content=\"RAED\" \/>\n<meta name=\"twitter:card\" content=\"summary_large_image\" \/>\n<meta name=\"twitter:creator\" content=\"@raedacademy\" \/>\n<meta name=\"twitter:site\" content=\"@raedacademy\" \/>\n<meta name=\"twitter:label1\" content=\"Written by\" \/>\n\t<meta name=\"twitter:data1\" content=\"RAED\" \/>\n\t<meta name=\"twitter:label2\" content=\"Est. reading time\" \/>\n\t<meta name=\"twitter:data2\" content=\"4 minutes\" \/>\n<script type=\"application\/ld+json\" class=\"yoast-schema-graph\">{\"@context\":\"https:\\\/\\\/schema.org\",\"@graph\":[{\"@type\":\"Article\",\"@id\":\"https:\\\/\\\/raed.academy\\\/ca\\\/la-persona-per-davant-del-pacient\\\/#article\",\"isPartOf\":{\"@id\":\"https:\\\/\\\/raed.academy\\\/ca\\\/la-persona-per-davant-del-pacient\\\/\"},\"author\":{\"name\":\"RAED\",\"@id\":\"https:\\\/\\\/raed.academy\\\/ca\\\/#\\\/schema\\\/person\\\/5a755da80d1d979fd66ba745c8702927\"},\"headline\":\"La persona, per davant del pacient\",\"datePublished\":\"2024-12-05T17:36:30+00:00\",\"mainEntityOfPage\":{\"@id\":\"https:\\\/\\\/raed.academy\\\/ca\\\/la-persona-per-davant-del-pacient\\\/\"},\"wordCount\":801,\"publisher\":{\"@id\":\"https:\\\/\\\/raed.academy\\\/ca\\\/#organization\"},\"image\":{\"@id\":\"https:\\\/\\\/raed.academy\\\/ca\\\/la-persona-per-davant-del-pacient\\\/#primaryimage\"},\"thumbnailUrl\":\"https:\\\/\\\/raed.academy\\\/wp-content\\\/uploads\\\/2021\\\/03\\\/Juan-Manuel-Soriano-Llovera-190px.jpeg\",\"articleSection\":[\"Ci\u00e8ncies de la salut\",\"Medicina i cirurgia\",\"Missions humanit\u00e0ries, ONGs y fundacions\",\"Trobades Cient\u00edfiques i Congressos\"],\"inLanguage\":\"ca-ES\"},{\"@type\":\"WebPage\",\"@id\":\"https:\\\/\\\/raed.academy\\\/ca\\\/la-persona-per-davant-del-pacient\\\/\",\"url\":\"https:\\\/\\\/raed.academy\\\/ca\\\/la-persona-per-davant-del-pacient\\\/\",\"name\":\"La persona, per davant del pacient - Reial Acad\u00e8mia Europea de Doctors\",\"isPartOf\":{\"@id\":\"https:\\\/\\\/raed.academy\\\/ca\\\/#website\"},\"primaryImageOfPage\":{\"@id\":\"https:\\\/\\\/raed.academy\\\/ca\\\/la-persona-per-davant-del-pacient\\\/#primaryimage\"},\"image\":{\"@id\":\"https:\\\/\\\/raed.academy\\\/ca\\\/la-persona-per-davant-del-pacient\\\/#primaryimage\"},\"thumbnailUrl\":\"https:\\\/\\\/raed.academy\\\/wp-content\\\/uploads\\\/2021\\\/03\\\/Juan-Manuel-Soriano-Llovera-190px.jpeg\",\"datePublished\":\"2024-12-05T17:36:30+00:00\",\"description\":\"Juan Manuel Soriano, un dels art\u00edfexs de la celebraci\u00f3 del VIII Congr\u00e9s Internacional de Pacients amb Artrosi - #OAFICongress24, organitzat per la Fundaci\u00f3 Internacional d'Osteoartritis\",\"breadcrumb\":{\"@id\":\"https:\\\/\\\/raed.academy\\\/ca\\\/la-persona-per-davant-del-pacient\\\/#breadcrumb\"},\"inLanguage\":\"ca-ES\",\"potentialAction\":[{\"@type\":\"ReadAction\",\"target\":[\"https:\\\/\\\/raed.academy\\\/ca\\\/la-persona-per-davant-del-pacient\\\/\"]}]},{\"@type\":\"ImageObject\",\"inLanguage\":\"ca-ES\",\"@id\":\"https:\\\/\\\/raed.academy\\\/ca\\\/la-persona-per-davant-del-pacient\\\/#primaryimage\",\"url\":\"https:\\\/\\\/raed.academy\\\/wp-content\\\/uploads\\\/2021\\\/03\\\/Juan-Manuel-Soriano-Llovera-190px.jpeg\",\"contentUrl\":\"https:\\\/\\\/raed.academy\\\/wp-content\\\/uploads\\\/2021\\\/03\\\/Juan-Manuel-Soriano-Llovera-190px.jpeg\"},{\"@type\":\"BreadcrumbList\",\"@id\":\"https:\\\/\\\/raed.academy\\\/ca\\\/la-persona-per-davant-del-pacient\\\/#breadcrumb\",\"itemListElement\":[{\"@type\":\"ListItem\",\"position\":1,\"name\":\"Inicio\",\"item\":\"https:\\\/\\\/raed.academy\\\/ca\\\/\"},{\"@type\":\"ListItem\",\"position\":2,\"name\":\"La persona, per davant del pacient\"}]},{\"@type\":\"WebSite\",\"@id\":\"https:\\\/\\\/raed.academy\\\/ca\\\/#website\",\"url\":\"https:\\\/\\\/raed.academy\\\/ca\\\/\",\"name\":\"Reial Acad\u00e8mia Europea de Doctors\",\"description\":\"Corporaci\u00f3n de derecho p\u00fablico de car\u00e1cter cient\u00edfico, t\u00e9cnico y art\u00edstico, que tiene por objeto la investigaci\u00f3n, el estudio, el fomento y la extensi\u00f3n del conocimiento en su sentido m\u00e1s amplio\",\"publisher\":{\"@id\":\"https:\\\/\\\/raed.academy\\\/ca\\\/#organization\"},\"potentialAction\":[{\"@type\":\"SearchAction\",\"target\":{\"@type\":\"EntryPoint\",\"urlTemplate\":\"https:\\\/\\\/raed.academy\\\/ca\\\/?s={search_term_string}\"},\"query-input\":{\"@type\":\"PropertyValueSpecification\",\"valueRequired\":true,\"valueName\":\"search_term_string\"}}],\"inLanguage\":\"ca-ES\"},{\"@type\":\"Organization\",\"@id\":\"https:\\\/\\\/raed.academy\\\/ca\\\/#organization\",\"name\":\"Real Academia Europea de Doctores\",\"url\":\"https:\\\/\\\/raed.academy\\\/ca\\\/\",\"logo\":{\"@type\":\"ImageObject\",\"inLanguage\":\"ca-ES\",\"@id\":\"https:\\\/\\\/raed.academy\\\/ca\\\/#\\\/schema\\\/logo\\\/image\\\/\",\"url\":\"https:\\\/\\\/raed.academy\\\/wp-content\\\/uploads\\\/2017\\\/01\\\/cropped-logo_raed.png\",\"contentUrl\":\"https:\\\/\\\/raed.academy\\\/wp-content\\\/uploads\\\/2017\\\/01\\\/cropped-logo_raed.png\",\"width\":512,\"height\":512,\"caption\":\"Real Academia Europea de Doctores\"},\"image\":{\"@id\":\"https:\\\/\\\/raed.academy\\\/ca\\\/#\\\/schema\\\/logo\\\/image\\\/\"},\"sameAs\":[\"http:\\\/\\\/fb.me\\\/raed.academy\",\"https:\\\/\\\/x.com\\\/raedacademy\",\"https:\\\/\\\/www.instagram.com\\\/raed.academy\\\/\",\"https:\\\/\\\/www.youtube.com\\\/channel\\\/UCUYQwW2KrdirNWihxMDObwg\"]},{\"@type\":\"Person\",\"@id\":\"https:\\\/\\\/raed.academy\\\/ca\\\/#\\\/schema\\\/person\\\/5a755da80d1d979fd66ba745c8702927\",\"name\":\"RAED\",\"image\":{\"@type\":\"ImageObject\",\"inLanguage\":\"ca-ES\",\"@id\":\"https:\\\/\\\/secure.gravatar.com\\\/avatar\\\/19fdfdc0d67fb9c45714b703a2ac82251c4fcea3637f002ac3c9b74c0183583c?s=96&d=mm&r=g\",\"url\":\"https:\\\/\\\/secure.gravatar.com\\\/avatar\\\/19fdfdc0d67fb9c45714b703a2ac82251c4fcea3637f002ac3c9b74c0183583c?s=96&d=mm&r=g\",\"contentUrl\":\"https:\\\/\\\/secure.gravatar.com\\\/avatar\\\/19fdfdc0d67fb9c45714b703a2ac82251c4fcea3637f002ac3c9b74c0183583c?s=96&d=mm&r=g\",\"caption\":\"RAED\"}}]}<\/script>\n<!-- \/ Yoast SEO plugin. -->","yoast_head_json":{"title":"La persona, per davant del pacient - Reial Acad\u00e8mia Europea de Doctors","description":"Juan Manuel Soriano, un dels art\u00edfexs de la celebraci\u00f3 del VIII Congr\u00e9s Internacional de Pacients amb Artrosi - #OAFICongress24, organitzat per la Fundaci\u00f3 Internacional d'Osteoartritis","robots":{"index":"index","follow":"follow","max-snippet":"max-snippet:-1","max-image-preview":"max-image-preview:large","max-video-preview":"max-video-preview:-1"},"canonical":"https:\/\/raed.academy\/ca\/la-persona-per-davant-del-pacient\/","og_locale":"ca_ES","og_type":"article","og_title":"La persona, per davant del pacient - Reial Acad\u00e8mia Europea de Doctors","og_description":"Juan Manuel Soriano, un dels art\u00edfexs de la celebraci\u00f3 del VIII Congr\u00e9s Internacional de Pacients amb Artrosi - #OAFICongress24, organitzat per la Fundaci\u00f3 Internacional d'Osteoartritis","og_url":"https:\/\/raed.academy\/ca\/la-persona-per-davant-del-pacient\/","og_site_name":"Reial Acad\u00e8mia Europea de Doctors","article_publisher":"http:\/\/fb.me\/raed.academy","article_published_time":"2024-12-05T17:36:30+00:00","og_image":[{"width":600,"height":360,"url":"https:\/\/raed.academy\/wp-content\/uploads\/2024\/12\/osteoartritis-OA-enfermedad-articular-degenerativa-artrosis-o-artritis-hipertrofica-no-atrib-licencia-pixabay.com_.webp","type":"image\/webp"}],"author":"RAED","twitter_card":"summary_large_image","twitter_creator":"@raedacademy","twitter_site":"@raedacademy","twitter_misc":{"Written by":"RAED","Est. reading time":"4 minutes"},"schema":{"@context":"https:\/\/schema.org","@graph":[{"@type":"Article","@id":"https:\/\/raed.academy\/ca\/la-persona-per-davant-del-pacient\/#article","isPartOf":{"@id":"https:\/\/raed.academy\/ca\/la-persona-per-davant-del-pacient\/"},"author":{"name":"RAED","@id":"https:\/\/raed.academy\/ca\/#\/schema\/person\/5a755da80d1d979fd66ba745c8702927"},"headline":"La persona, per davant del pacient","datePublished":"2024-12-05T17:36:30+00:00","mainEntityOfPage":{"@id":"https:\/\/raed.academy\/ca\/la-persona-per-davant-del-pacient\/"},"wordCount":801,"publisher":{"@id":"https:\/\/raed.academy\/ca\/#organization"},"image":{"@id":"https:\/\/raed.academy\/ca\/la-persona-per-davant-del-pacient\/#primaryimage"},"thumbnailUrl":"https:\/\/raed.academy\/wp-content\/uploads\/2021\/03\/Juan-Manuel-Soriano-Llovera-190px.jpeg","articleSection":["Ci\u00e8ncies de la salut","Medicina i cirurgia","Missions humanit\u00e0ries, ONGs y fundacions","Trobades Cient\u00edfiques i Congressos"],"inLanguage":"ca-ES"},{"@type":"WebPage","@id":"https:\/\/raed.academy\/ca\/la-persona-per-davant-del-pacient\/","url":"https:\/\/raed.academy\/ca\/la-persona-per-davant-del-pacient\/","name":"La persona, per davant del pacient - Reial Acad\u00e8mia Europea de Doctors","isPartOf":{"@id":"https:\/\/raed.academy\/ca\/#website"},"primaryImageOfPage":{"@id":"https:\/\/raed.academy\/ca\/la-persona-per-davant-del-pacient\/#primaryimage"},"image":{"@id":"https:\/\/raed.academy\/ca\/la-persona-per-davant-del-pacient\/#primaryimage"},"thumbnailUrl":"https:\/\/raed.academy\/wp-content\/uploads\/2021\/03\/Juan-Manuel-Soriano-Llovera-190px.jpeg","datePublished":"2024-12-05T17:36:30+00:00","description":"Juan Manuel Soriano, un dels art\u00edfexs de la celebraci\u00f3 del VIII Congr\u00e9s Internacional de Pacients amb Artrosi - #OAFICongress24, organitzat per la Fundaci\u00f3 Internacional d'Osteoartritis","breadcrumb":{"@id":"https:\/\/raed.academy\/ca\/la-persona-per-davant-del-pacient\/#breadcrumb"},"inLanguage":"ca-ES","potentialAction":[{"@type":"ReadAction","target":["https:\/\/raed.academy\/ca\/la-persona-per-davant-del-pacient\/"]}]},{"@type":"ImageObject","inLanguage":"ca-ES","@id":"https:\/\/raed.academy\/ca\/la-persona-per-davant-del-pacient\/#primaryimage","url":"https:\/\/raed.academy\/wp-content\/uploads\/2021\/03\/Juan-Manuel-Soriano-Llovera-190px.jpeg","contentUrl":"https:\/\/raed.academy\/wp-content\/uploads\/2021\/03\/Juan-Manuel-Soriano-Llovera-190px.jpeg"},{"@type":"BreadcrumbList","@id":"https:\/\/raed.academy\/ca\/la-persona-per-davant-del-pacient\/#breadcrumb","itemListElement":[{"@type":"ListItem","position":1,"name":"Inicio","item":"https:\/\/raed.academy\/ca\/"},{"@type":"ListItem","position":2,"name":"La persona, per davant del pacient"}]},{"@type":"WebSite","@id":"https:\/\/raed.academy\/ca\/#website","url":"https:\/\/raed.academy\/ca\/","name":"Reial Acad\u00e8mia Europea de Doctors","description":"Corporaci\u00f3n de derecho p\u00fablico de car\u00e1cter cient\u00edfico, t\u00e9cnico y art\u00edstico, que tiene por objeto la investigaci\u00f3n, el estudio, el fomento y la extensi\u00f3n del conocimiento en su sentido m\u00e1s amplio","publisher":{"@id":"https:\/\/raed.academy\/ca\/#organization"},"potentialAction":[{"@type":"SearchAction","target":{"@type":"EntryPoint","urlTemplate":"https:\/\/raed.academy\/ca\/?s={search_term_string}"},"query-input":{"@type":"PropertyValueSpecification","valueRequired":true,"valueName":"search_term_string"}}],"inLanguage":"ca-ES"},{"@type":"Organization","@id":"https:\/\/raed.academy\/ca\/#organization","name":"Real Academia Europea de Doctores","url":"https:\/\/raed.academy\/ca\/","logo":{"@type":"ImageObject","inLanguage":"ca-ES","@id":"https:\/\/raed.academy\/ca\/#\/schema\/logo\/image\/","url":"https:\/\/raed.academy\/wp-content\/uploads\/2017\/01\/cropped-logo_raed.png","contentUrl":"https:\/\/raed.academy\/wp-content\/uploads\/2017\/01\/cropped-logo_raed.png","width":512,"height":512,"caption":"Real Academia Europea de Doctores"},"image":{"@id":"https:\/\/raed.academy\/ca\/#\/schema\/logo\/image\/"},"sameAs":["http:\/\/fb.me\/raed.academy","https:\/\/x.com\/raedacademy","https:\/\/www.instagram.com\/raed.academy\/","https:\/\/www.youtube.com\/channel\/UCUYQwW2KrdirNWihxMDObwg"]},{"@type":"Person","@id":"https:\/\/raed.academy\/ca\/#\/schema\/person\/5a755da80d1d979fd66ba745c8702927","name":"RAED","image":{"@type":"ImageObject","inLanguage":"ca-ES","@id":"https:\/\/secure.gravatar.com\/avatar\/19fdfdc0d67fb9c45714b703a2ac82251c4fcea3637f002ac3c9b74c0183583c?s=96&d=mm&r=g","url":"https:\/\/secure.gravatar.com\/avatar\/19fdfdc0d67fb9c45714b703a2ac82251c4fcea3637f002ac3c9b74c0183583c?s=96&d=mm&r=g","contentUrl":"https:\/\/secure.gravatar.com\/avatar\/19fdfdc0d67fb9c45714b703a2ac82251c4fcea3637f002ac3c9b74c0183583c?s=96&d=mm&r=g","caption":"RAED"}}]}},"_links":{"self":[{"href":"https:\/\/raed.academy\/ca\/wp-json\/wp\/v2\/posts\/156497","targetHints":{"allow":["GET"]}}],"collection":[{"href":"https:\/\/raed.academy\/ca\/wp-json\/wp\/v2\/posts"}],"about":[{"href":"https:\/\/raed.academy\/ca\/wp-json\/wp\/v2\/types\/post"}],"author":[{"embeddable":true,"href":"https:\/\/raed.academy\/ca\/wp-json\/wp\/v2\/users\/12"}],"replies":[{"embeddable":true,"href":"https:\/\/raed.academy\/ca\/wp-json\/wp\/v2\/comments?post=156497"}],"version-history":[{"count":0,"href":"https:\/\/raed.academy\/ca\/wp-json\/wp\/v2\/posts\/156497\/revisions"}],"wp:attachment":[{"href":"https:\/\/raed.academy\/ca\/wp-json\/wp\/v2\/media?parent=156497"}],"wp:term":[{"taxonomy":"category","embeddable":true,"href":"https:\/\/raed.academy\/ca\/wp-json\/wp\/v2\/categories?post=156497"},{"taxonomy":"post_tag","embeddable":true,"href":"https:\/\/raed.academy\/ca\/wp-json\/wp\/v2\/tags?post=156497"}],"curies":[{"name":"wp","href":"https:\/\/api.w.org\/{rel}","templated":true}]}}