{"id":156258,"date":"2024-11-29T16:14:49","date_gmt":"2024-11-29T16:14:49","guid":{"rendered":"https:\/\/raed.academy\/?p=156258"},"modified":"2024-11-29T16:19:58","modified_gmt":"2024-11-29T16:19:58","slug":"mexic-els-estats-units-espanya","status":"publish","type":"post","link":"https:\/\/raed.academy\/ca\/mexic-els-estats-units-espanya\/","title":{"rendered":"M\u00e8xic, els Estats Units, Espanya"},"content":{"rendered":"<div id=\"attachment_156189\" style=\"width: 310px\" class=\"wp-caption alignleft\"><img loading=\"lazy\" decoding=\"async\" aria-describedby=\"caption-attachment-156189\" class=\"wp-image-156189 size-full\" src=\"https:\/\/raed.academy\/wp-content\/uploads\/2024\/11\/Enrique-Sada.webp\" sizes=\"(max-width: 300px) 100vw, 300px\" srcset=\"https:\/\/raed.academy\/wp-content\/uploads\/2024\/11\/Enrique-Sada.webp 300w, https:\/\/raed.academy\/wp-content\/uploads\/2024\/11\/Enrique-Sada-150x150.webp 150w\" alt=\"Enrique Sada\" width=\"300\" height=\"300\" aria-describedby=\"caption-attachment-156189\" \/><p id=\"caption-attachment-156189\" class=\"wp-caption-text\">Enrique Sada<\/p><\/div>\n<p>L&#8217;historiador mexic\u00e0 <strong>Enrique Sada<\/strong>, col\u00b7laborador habitual de la <strong>Reial Acad\u00e8mia Europea de Doctors-Barcelona 1914<\/strong> (RAED), comparteix amb la comunitat acad\u00e8mica diverses reflexions sobre la hist\u00f2ria i l&#8217;actualitat mexicana i internacional als articles <strong>&#8220;<span class=\"TextRun SCXW200147570 BCX0\" lang=\"ES-ES\" xml:lang=\"ES-ES\" data-contrast=\"auto\"><span class=\"NormalTextRun SCXW200147570 BCX0\">El odio a lo mexicano&#8221;<\/span><\/span><\/strong><span class=\"TextRun SCXW200147570 BCX0\" lang=\"ES-ES\" xml:lang=\"ES-ES\" data-contrast=\"auto\"><span class=\"NormalTextRun SCXW200147570 BCX0\">, <\/span><\/span><strong><span class=\"TextRun SCXW200147570 BCX0\" lang=\"ES-ES\" xml:lang=\"ES-ES\" data-contrast=\"auto\"><span class=\"NormalTextRun SCXW200147570 BCX0\">&#8220;Nada por qu\u00e9 volver a pedir perd\u00f3n&#8221;<\/span><\/span><\/strong><span class=\"TextRun SCXW200147570 BCX0\" lang=\"ES-ES\" xml:lang=\"ES-ES\" data-contrast=\"auto\"><span class=\"NormalTextRun SCXW200147570 BCX0\">, <\/span><\/span><strong><span class=\"TextRun SCXW200147570 BCX0\" lang=\"ES-ES\" xml:lang=\"ES-ES\" data-contrast=\"auto\"><span class=\"NormalTextRun SCXW200147570 BCX0\">&#8220;<\/span><span class=\"NormalTextRun SCXW200147570 BCX0\">D\u00eda de muertos: de origen hisp\u00e1nico y medieval&#8221;<\/span><\/span><\/strong><span class=\"TextRun SCXW200147570 BCX0\" lang=\"ES-ES\" xml:lang=\"ES-ES\" data-contrast=\"auto\"><span class=\"NormalTextRun SCXW200147570 BCX0\">, <\/span><\/span><strong><span class=\"TextRun SCXW200147570 BCX0\" lang=\"ES-ES\" xml:lang=\"ES-ES\" data-contrast=\"auto\"><span class=\"NormalTextRun SCXW200147570 BCX0\">&#8220;Estados Unidos y su elecci\u00f3n <\/span><span class=\"SpellingError SCXW200147570 BCX0\">polarizante&#8221;<\/span><\/span><\/strong><span class=\"TextRun SCXW200147570 BCX0\" lang=\"ES-ES\" xml:lang=\"ES-ES\" data-contrast=\"auto\"><span class=\"NormalTextRun SCXW200147570 BCX0\"> i<\/span><\/span><strong><span class=\"TextRun SCXW200147570 BCX0\" lang=\"ES-ES\" xml:lang=\"ES-ES\" data-contrast=\"auto\"><span class=\"NormalTextRun SCXW200147570 BCX0\">\u00a0&#8220;\u00bfPor qu\u00e9 gan\u00f3 Trump y perdi\u00f3 Harris?&#8221;<\/span><\/span><\/strong>, publicats entre els passats 12 d&#8217;octubre i 16 de novembre al diari digital <strong>El Siglo de Torre\u00f3n<\/strong> i al portal <strong>C\u00f3digo Libre<\/strong>.<\/p>\n<p>A &#8220;El odio a lo mexicano&#8221;, Sada lamenta el discurs oficial que s&#8217;ha instal\u00b7lat al seu pa\u00eds a bona part d&#8217;Hispanoam\u00e8rica, fomentant la llegenda negra espanyola, creada i fomentada des del m\u00f3n anglosax\u00f3, i reivindicant un indigenisme parcial i distorsionat. &#8220;L&#8217;odi contra tot all\u00f2 espanyol es va traduir alhora en odi cap a tot all\u00f2 mexic\u00e0 no nom\u00e9s al nostre pa\u00eds, com s&#8217;esperava, ja que si els fills propis d&#8217;aquella gran barreja dels hispans peninsulars i els nadius americans no van ser capa\u00e7os de advertir que aix\u00f2 era en detriment de la seva poblaci\u00f3, els fills d&#8217;Anglaterra al nord del riu Bravo si ho van fer saber a trav\u00e9s de linxaments p\u00fablics tant com a mesures discriminat\u00f2ries imposades des d&#8217;establiments, hotels i negocis on p\u00fablicament se&#8217;ls negava entrada o servei a mexicans, espanyols i negres igual fins a la promulgaci\u00f3 dels drets civils l&#8217;any del 1970&#8221;, explica.<\/p>\n<p>Per la seva banda, a &#8220;Nada por qu\u00e9 volver a pedir perd\u00f3n&#8221;, l&#8217;historiador incideix en aquesta lectura esbiaixada de la Conquesta, que arriba des de les dues ribes de l&#8217;Atl\u00e0ntic, i recorda la visita de <strong>Joan Carles I<\/strong> a M\u00e8xic el 1990, on va abordar el tema sense embuts. &#8220;Pretendre equiparar els genocidis perpetrats criminalment per les nacions saxones amb la gesta que va emancipar totes les tribus de l&#8217;<strong>An\u00e1huac<\/strong> despr\u00e9s de 200 anys de l&#8217;esclavitud i el canibalisme mexica; fet que va imposar una pau al final de comptes, va fomentar l&#8217;agermanament des del mestissatge del millor dels dos mons i els drets ind\u00edgenes consagrats a les lleis de Burgos i les lleis d&#8217;\u00cdndies, des d&#8217;<strong>Isabel la Cat\u00f2lica<\/strong>, <strong>Carles V<\/strong> i <strong>Felip II<\/strong>, es pot entendre fins a cert punt als nostres paisans adoctrinats sota la revoluci\u00f3 triomfant durant d\u00e8cades per l&#8217;<strong>Institut Smithsoni\u00e0<\/strong>, per\u00f2 resulta inconcebible i trist en un peninsular que com representant pol\u00edtic del seu pa\u00eds ha perdut tota noci\u00f3 d&#8217;identitat i dignitat pr\u00f2pia al grau de descon\u00e8ixer-se, repudiant-se a si mateix per politiqueria, des de la seva ignor\u00e0ncia hist\u00f2rica&#8221;, considera.<\/p>\n<p>A &#8220;D\u00eda de muertos: de origen hisp\u00e1nico y medieval&#8221;, l&#8217;expert aprofita la celebraci\u00f3 del <strong>Dia de Tots Sants<\/strong> i el <strong>Dia dels Sants Difunts<\/strong> per assenyalar els or\u00edgens d&#8217;una de les celebracions m\u00e9s populars i significatives del seu pa\u00eds. &#8220;Tot i que aquesta celebraci\u00f3 que ens uneix no ha estat exempta de ser v\u00edctima del populisme oficialista i fins i tot de noves modes estrangeres, pr\u00f2pies del marxisme cultural com l&#8217;etnolatria i el fals indigenisme, al nostre pa\u00eds, on s&#8217;ha volgut vendre la idea de ser una festa exclusiva d&#8217;origen prehisp\u00e0nic, cosa que \u00e9s falsa, tal com ho demostra tamb\u00e9 l&#8217;arque\u00f2leg mexic\u00e0 <strong>V\u00edctor Joel Santos Ram\u00edrez<\/strong>, qui subratlla que aquestes festes neixen ni m\u00e9s ni menys que de l&#8217;Europa medieval i els seus rituals cristians, i per aix\u00f2 no s\u00f3n resultat del sincretisme ind\u00edgena i europeu&#8221;, explica.<\/p>\n<div id=\"attachment_93118\" style=\"width: 510px\" class=\"wp-caption alignright\"><img loading=\"lazy\" decoding=\"async\" aria-describedby=\"caption-attachment-93118\" class=\"wp-image-93118 size-full\" src=\"https:\/\/raed.academy\/wp-content\/uploads\/2020\/09\/Desembarco_de_Colon_de_Dioscoro_Puebla-dstNtc.jpg\" sizes=\"(max-width: 500px) 100vw, 500px\" srcset=\"https:\/\/raed.academy\/wp-content\/uploads\/2020\/09\/Desembarco_de_Colon_de_Dioscoro_Puebla-dstNtc.jpg 500w, https:\/\/raed.academy\/wp-content\/uploads\/2020\/09\/Desembarco_de_Colon_de_Dioscoro_Puebla-dstNtc-440x264.jpg 440w\" alt=\"Primer desembarco de Crist\u00f3bal Col\u00f3n en Am\u00e9rica, por el artista Di\u00f3scoro Puebla\" width=\"500\" height=\"300\" aria-describedby=\"caption-attachment-93118\" \/><p id=\"caption-attachment-93118\" class=\"wp-caption-text\">Primer desembarcament de Crist\u00f3bal Col\u00f3n a Am\u00e8rica, per l&#8217;artista Di\u00f3scoro Puebla<\/p><\/div>\n<p>Les recents eleccions presidencials als Estats Units central l&#8217;article &#8220;Estados Unidos y su elecci\u00f3n polarizante&#8221;, en qu\u00e8 l&#8217;expert destaca el paper dels electors hispans en la vict\u00f2ria de<strong> Donald Trump<\/strong> i va apuntar com poden afectar aquests resultats les relacions entre els Estats Units i M\u00e8xic. &#8220;La naci\u00f3 de les barres i les estrelles ha enfrontat ni m\u00e9s ni menys que una de les eleccions m\u00e9s polaritzants de la seva hist\u00f2ria. Una elecci\u00f3 tan singular en qu\u00e8 el vot dels hispans i les dones va venir a definir el resultat a la balan\u00e7a al final del dia entre Donald Trump i la vicepresidenta <strong>Kamala Harris<\/strong> com a contendents. Mentre la candidata republicana es degodia amb els magnats de la ind\u00fastria musical i hollywoodenca acusats de ab\u00fas sexual, viol\u00e8ncia i pedof\u00edlia, amb els quals va emprendre una campanya medi\u00e0tica proabortista multimilion\u00e0ria, Trump votava despr\u00e9s de rec\u00f3rrer tot el pa\u00eds a Florida&#8221;, va iniciar la seva reflexi\u00f3.<\/p>\n<p>Finalment, a &#8220;\u00bfPor qu\u00e9 gan\u00f3 Trump y perdi\u00f3 Harris?&#8221;, apunta les claus de la vict\u00f2ria del candidat republic\u00e0 a les eleccions presidencials nord-americanes. &#8220;Amb 78 anys i vuit anys despr\u00e9s del seu primer triomf, Donald Trump tornar\u00e0 a la<strong> Casa Blanca<\/strong> en obtenir una vict\u00f2ria aclaparadora pel gran impuls del 45 al 47% que aquest va rebre dels entre votants hispans (coneixedors de sobres dels perills del socialisme als seus pa\u00efsos d&#8217;origen), entre el 42 i el 43% dels afroamericans i les dones en general, amb una empenta tan singular com no es veia des de la d\u00e8cada dels 60&#8243;, va concloure.<\/p>\n<ul>\n<li>\n<h3><a href=\"https:\/\/www.elsiglodetorreon.com.mx\/noticia\/2024\/el-odio-a-lo-mexicano.html\" target=\"_blank\" rel=\"noopener\">Llegiu &#8220;El odio a lo mexicano&#8221;<\/a><\/h3>\n<\/li>\n<li>\n<h3><a href=\"https:\/\/codigolibre.mx\/2024\/10\/16\/nada-por-que-volver-a-pedir-perdon\/\" target=\"_blank\" rel=\"noopener\"><span class=\"TextRun SCXW200147570 BCX0\" lang=\"ES-ES\" xml:lang=\"ES-ES\" data-contrast=\"auto\"><span class=\"NormalTextRun SCXW200147570 BCX0\">Llegiu &#8220;Nada por qu\u00e9 volver a pedir perd\u00f3n&#8221;<\/span><\/span><\/a><\/h3>\n<\/li>\n<li>\n<h3><span class=\"TextRun SCXW200147570 BCX0\" lang=\"ES-ES\" xml:lang=\"ES-ES\" data-contrast=\"auto\"><span class=\"NormalTextRun SCXW200147570 BCX0\"><a href=\"https:\/\/codigolibre.mx\/2024\/10\/31\/dia-de-muertos-de-origen-hispanico-y-medieval\/\" target=\"_blank\" rel=\"noopener\">Llegiu &#8220;D\u00eda de los Muertos: de origen hisp\u00e1nico y medieval&#8221;<\/a><\/span><\/span><\/h3>\n<\/li>\n<li>\n<h3><span class=\"TextRun SCXW200147570 BCX0\" lang=\"ES-ES\" xml:lang=\"ES-ES\" data-contrast=\"auto\"><span class=\"NormalTextRun SCXW200147570 BCX0\"><a href=\"https:\/\/www.elsiglodetorreon.com.mx\/noticia\/2024\/estados-unidos-y-su-eleccion-polarizante.html\" target=\"_blank\" rel=\"noopener\">Llegiu &#8220;Estados Unidos y su elecci\u00f3n polarizante&#8221;<\/a><\/span><\/span><\/h3>\n<\/li>\n<li>\n<h3><span class=\"TextRun SCXW200147570 BCX0\" lang=\"ES-ES\" xml:lang=\"ES-ES\" data-contrast=\"auto\"><span class=\"NormalTextRun SCXW200147570 BCX0\"><a href=\"https:\/\/www.elsiglodetorreon.com.mx\/noticia\/2024\/por-que-gano-trump-y-perdio-harris.html\" target=\"_blank\" rel=\"noopener\">Llegiu &#8220;\u00bfPor qu\u00e9 gan\u00f3 Trump y perdi\u00f3 Harris?&#8221;<\/a><\/span><\/span><\/h3>\n<\/li>\n<\/ul>\n","protected":false},"excerpt":{"rendered":"<p>Reflexions sobre la hist\u00f2ria i l&#8217;actualitat mexicana i internacional en els \u00faltims articles de l&#8217;historiador mexic\u00e0 Enrique Sada:: &#8220;El odio a lo mexicano&#8221;, &#8220;Nada por qu\u00e9 volver a pedir perd\u00f3n&#8221;, &#8220;D\u00eda de muertos: de origen hisp\u00e1nico y medieval&#8221;, &#8230;<\/p>\n","protected":false},"author":12,"featured_media":93119,"comment_status":"closed","ping_status":"closed","sticky":false,"template":"","format":"standard","meta":{"_et_pb_use_builder":"","_et_pb_old_content":"","_et_gb_content_width":"","footnotes":""},"categories":[350,242,404],"tags":[],"class_list":["post-156258","post","type-post","status-publish","format-standard","has-post-thumbnail","hentry","category-ciencies-politiques","category-categ-historia","category-historia-nacional-ca","et-has-post-format-content","et_post_format-et-post-format-standard"],"yoast_head":"<!-- This site is optimized with the Yoast SEO plugin v27.4 - https:\/\/yoast.com\/product\/yoast-seo-wordpress\/ -->\n<title>M\u00e8xic, els Estats Units, Espanya - Reial Acad\u00e8mia Europea de Doctors<\/title>\n<meta name=\"description\" content=\"Reflexions sobre la hist\u00f2ria i l&#039;actualitat mexicana i internacional en els \u00faltims articles de l&#039;historiador mexic\u00e0 Enrique Sada\" \/>\n<meta name=\"robots\" content=\"index, follow, max-snippet:-1, max-image-preview:large, max-video-preview:-1\" \/>\n<link rel=\"canonical\" href=\"https:\/\/raed.academy\/ca\/mexic-els-estats-units-espanya\/\" \/>\n<meta property=\"og:locale\" content=\"ca_ES\" \/>\n<meta property=\"og:type\" content=\"article\" \/>\n<meta property=\"og:title\" content=\"M\u00e8xic, els Estats Units, Espanya - Reial Acad\u00e8mia Europea de Doctors\" \/>\n<meta property=\"og:description\" content=\"Reflexions sobre la hist\u00f2ria i l&#039;actualitat mexicana i internacional en els \u00faltims articles de l&#039;historiador mexic\u00e0 Enrique Sada\" \/>\n<meta property=\"og:url\" content=\"https:\/\/raed.academy\/ca\/mexic-els-estats-units-espanya\/\" \/>\n<meta property=\"og:site_name\" content=\"Reial Acad\u00e8mia Europea de Doctors\" \/>\n<meta property=\"article:publisher\" content=\"http:\/\/fb.me\/raed.academy\" \/>\n<meta property=\"article:published_time\" content=\"2024-11-29T16:14:49+00:00\" \/>\n<meta property=\"article:modified_time\" content=\"2024-11-29T16:19:58+00:00\" \/>\n<meta property=\"og:image\" content=\"https:\/\/raed.academy\/wp-content\/uploads\/2020\/09\/Desembarco_de_Colon_de_Dioscoro_Puebla-dstNtc.jpg\" \/>\n\t<meta property=\"og:image:width\" content=\"500\" \/>\n\t<meta property=\"og:image:height\" content=\"300\" \/>\n\t<meta property=\"og:image:type\" content=\"image\/jpeg\" \/>\n<meta name=\"author\" content=\"RAED\" \/>\n<meta name=\"twitter:card\" content=\"summary_large_image\" \/>\n<meta name=\"twitter:creator\" content=\"@raedacademy\" \/>\n<meta name=\"twitter:site\" content=\"@raedacademy\" \/>\n<meta name=\"twitter:label1\" content=\"Written by\" \/>\n\t<meta name=\"twitter:data1\" content=\"RAED\" \/>\n\t<meta name=\"twitter:label2\" content=\"Est. reading time\" \/>\n\t<meta name=\"twitter:data2\" content=\"5 minutes\" \/>\n<script type=\"application\/ld+json\" class=\"yoast-schema-graph\">{\"@context\":\"https:\\\/\\\/schema.org\",\"@graph\":[{\"@type\":\"Article\",\"@id\":\"https:\\\/\\\/raed.academy\\\/ca\\\/mexic-els-estats-units-espanya\\\/#article\",\"isPartOf\":{\"@id\":\"https:\\\/\\\/raed.academy\\\/ca\\\/mexic-els-estats-units-espanya\\\/\"},\"author\":{\"name\":\"RAED\",\"@id\":\"https:\\\/\\\/raed.academy\\\/ca\\\/#\\\/schema\\\/person\\\/5a755da80d1d979fd66ba745c8702927\"},\"headline\":\"M\u00e8xic, els Estats Units, Espanya\",\"datePublished\":\"2024-11-29T16:14:49+00:00\",\"dateModified\":\"2024-11-29T16:19:58+00:00\",\"mainEntityOfPage\":{\"@id\":\"https:\\\/\\\/raed.academy\\\/ca\\\/mexic-els-estats-units-espanya\\\/\"},\"wordCount\":984,\"publisher\":{\"@id\":\"https:\\\/\\\/raed.academy\\\/ca\\\/#organization\"},\"image\":{\"@id\":\"https:\\\/\\\/raed.academy\\\/ca\\\/mexic-els-estats-units-espanya\\\/#primaryimage\"},\"thumbnailUrl\":\"https:\\\/\\\/raed.academy\\\/wp-content\\\/uploads\\\/2020\\\/09\\\/Desembarco_de_Colon_de_Dioscoro_Puebla-dstNtc.jpg\",\"articleSection\":[\"Ci\u00e8ncies pol\u00edtiques\",\"Hist\u00f2ria\",\"Hist\u00f2ria nacional\"],\"inLanguage\":\"ca-ES\"},{\"@type\":\"WebPage\",\"@id\":\"https:\\\/\\\/raed.academy\\\/ca\\\/mexic-els-estats-units-espanya\\\/\",\"url\":\"https:\\\/\\\/raed.academy\\\/ca\\\/mexic-els-estats-units-espanya\\\/\",\"name\":\"M\u00e8xic, els Estats Units, Espanya - Reial Acad\u00e8mia Europea de Doctors\",\"isPartOf\":{\"@id\":\"https:\\\/\\\/raed.academy\\\/ca\\\/#website\"},\"primaryImageOfPage\":{\"@id\":\"https:\\\/\\\/raed.academy\\\/ca\\\/mexic-els-estats-units-espanya\\\/#primaryimage\"},\"image\":{\"@id\":\"https:\\\/\\\/raed.academy\\\/ca\\\/mexic-els-estats-units-espanya\\\/#primaryimage\"},\"thumbnailUrl\":\"https:\\\/\\\/raed.academy\\\/wp-content\\\/uploads\\\/2020\\\/09\\\/Desembarco_de_Colon_de_Dioscoro_Puebla-dstNtc.jpg\",\"datePublished\":\"2024-11-29T16:14:49+00:00\",\"dateModified\":\"2024-11-29T16:19:58+00:00\",\"description\":\"Reflexions sobre la hist\u00f2ria i l'actualitat mexicana i internacional en els \u00faltims articles de l'historiador mexic\u00e0 Enrique Sada\",\"breadcrumb\":{\"@id\":\"https:\\\/\\\/raed.academy\\\/ca\\\/mexic-els-estats-units-espanya\\\/#breadcrumb\"},\"inLanguage\":\"ca-ES\",\"potentialAction\":[{\"@type\":\"ReadAction\",\"target\":[\"https:\\\/\\\/raed.academy\\\/ca\\\/mexic-els-estats-units-espanya\\\/\"]}]},{\"@type\":\"ImageObject\",\"inLanguage\":\"ca-ES\",\"@id\":\"https:\\\/\\\/raed.academy\\\/ca\\\/mexic-els-estats-units-espanya\\\/#primaryimage\",\"url\":\"https:\\\/\\\/raed.academy\\\/wp-content\\\/uploads\\\/2020\\\/09\\\/Desembarco_de_Colon_de_Dioscoro_Puebla-dstNtc.jpg\",\"contentUrl\":\"https:\\\/\\\/raed.academy\\\/wp-content\\\/uploads\\\/2020\\\/09\\\/Desembarco_de_Colon_de_Dioscoro_Puebla-dstNtc.jpg\",\"width\":500,\"height\":300,\"caption\":\"Desembarco de Col\u00f3n de Di\u00f3scoro Puebla\"},{\"@type\":\"BreadcrumbList\",\"@id\":\"https:\\\/\\\/raed.academy\\\/ca\\\/mexic-els-estats-units-espanya\\\/#breadcrumb\",\"itemListElement\":[{\"@type\":\"ListItem\",\"position\":1,\"name\":\"Inicio\",\"item\":\"https:\\\/\\\/raed.academy\\\/ca\\\/\"},{\"@type\":\"ListItem\",\"position\":2,\"name\":\"M\u00e8xic, els Estats Units, Espanya\"}]},{\"@type\":\"WebSite\",\"@id\":\"https:\\\/\\\/raed.academy\\\/ca\\\/#website\",\"url\":\"https:\\\/\\\/raed.academy\\\/ca\\\/\",\"name\":\"Reial Acad\u00e8mia Europea de Doctors\",\"description\":\"Corporaci\u00f3n de derecho p\u00fablico de car\u00e1cter cient\u00edfico, t\u00e9cnico y art\u00edstico, que tiene por objeto la investigaci\u00f3n, el estudio, el fomento y la extensi\u00f3n del conocimiento en su sentido m\u00e1s amplio\",\"publisher\":{\"@id\":\"https:\\\/\\\/raed.academy\\\/ca\\\/#organization\"},\"potentialAction\":[{\"@type\":\"SearchAction\",\"target\":{\"@type\":\"EntryPoint\",\"urlTemplate\":\"https:\\\/\\\/raed.academy\\\/ca\\\/?s={search_term_string}\"},\"query-input\":{\"@type\":\"PropertyValueSpecification\",\"valueRequired\":true,\"valueName\":\"search_term_string\"}}],\"inLanguage\":\"ca-ES\"},{\"@type\":\"Organization\",\"@id\":\"https:\\\/\\\/raed.academy\\\/ca\\\/#organization\",\"name\":\"Real Academia Europea de Doctores\",\"url\":\"https:\\\/\\\/raed.academy\\\/ca\\\/\",\"logo\":{\"@type\":\"ImageObject\",\"inLanguage\":\"ca-ES\",\"@id\":\"https:\\\/\\\/raed.academy\\\/ca\\\/#\\\/schema\\\/logo\\\/image\\\/\",\"url\":\"https:\\\/\\\/raed.academy\\\/wp-content\\\/uploads\\\/2017\\\/01\\\/cropped-logo_raed.png\",\"contentUrl\":\"https:\\\/\\\/raed.academy\\\/wp-content\\\/uploads\\\/2017\\\/01\\\/cropped-logo_raed.png\",\"width\":512,\"height\":512,\"caption\":\"Real Academia Europea de Doctores\"},\"image\":{\"@id\":\"https:\\\/\\\/raed.academy\\\/ca\\\/#\\\/schema\\\/logo\\\/image\\\/\"},\"sameAs\":[\"http:\\\/\\\/fb.me\\\/raed.academy\",\"https:\\\/\\\/x.com\\\/raedacademy\",\"https:\\\/\\\/www.instagram.com\\\/raed.academy\\\/\",\"https:\\\/\\\/www.youtube.com\\\/channel\\\/UCUYQwW2KrdirNWihxMDObwg\"]},{\"@type\":\"Person\",\"@id\":\"https:\\\/\\\/raed.academy\\\/ca\\\/#\\\/schema\\\/person\\\/5a755da80d1d979fd66ba745c8702927\",\"name\":\"RAED\",\"image\":{\"@type\":\"ImageObject\",\"inLanguage\":\"ca-ES\",\"@id\":\"https:\\\/\\\/secure.gravatar.com\\\/avatar\\\/19fdfdc0d67fb9c45714b703a2ac82251c4fcea3637f002ac3c9b74c0183583c?s=96&d=mm&r=g\",\"url\":\"https:\\\/\\\/secure.gravatar.com\\\/avatar\\\/19fdfdc0d67fb9c45714b703a2ac82251c4fcea3637f002ac3c9b74c0183583c?s=96&d=mm&r=g\",\"contentUrl\":\"https:\\\/\\\/secure.gravatar.com\\\/avatar\\\/19fdfdc0d67fb9c45714b703a2ac82251c4fcea3637f002ac3c9b74c0183583c?s=96&d=mm&r=g\",\"caption\":\"RAED\"}}]}<\/script>\n<!-- \/ Yoast SEO plugin. -->","yoast_head_json":{"title":"M\u00e8xic, els Estats Units, Espanya - Reial Acad\u00e8mia Europea de Doctors","description":"Reflexions sobre la hist\u00f2ria i l'actualitat mexicana i internacional en els \u00faltims articles de l'historiador mexic\u00e0 Enrique Sada","robots":{"index":"index","follow":"follow","max-snippet":"max-snippet:-1","max-image-preview":"max-image-preview:large","max-video-preview":"max-video-preview:-1"},"canonical":"https:\/\/raed.academy\/ca\/mexic-els-estats-units-espanya\/","og_locale":"ca_ES","og_type":"article","og_title":"M\u00e8xic, els Estats Units, Espanya - Reial Acad\u00e8mia Europea de Doctors","og_description":"Reflexions sobre la hist\u00f2ria i l'actualitat mexicana i internacional en els \u00faltims articles de l'historiador mexic\u00e0 Enrique Sada","og_url":"https:\/\/raed.academy\/ca\/mexic-els-estats-units-espanya\/","og_site_name":"Reial Acad\u00e8mia Europea de Doctors","article_publisher":"http:\/\/fb.me\/raed.academy","article_published_time":"2024-11-29T16:14:49+00:00","article_modified_time":"2024-11-29T16:19:58+00:00","og_image":[{"width":500,"height":300,"url":"https:\/\/raed.academy\/wp-content\/uploads\/2020\/09\/Desembarco_de_Colon_de_Dioscoro_Puebla-dstNtc.jpg","type":"image\/jpeg"}],"author":"RAED","twitter_card":"summary_large_image","twitter_creator":"@raedacademy","twitter_site":"@raedacademy","twitter_misc":{"Written by":"RAED","Est. reading time":"5 minutes"},"schema":{"@context":"https:\/\/schema.org","@graph":[{"@type":"Article","@id":"https:\/\/raed.academy\/ca\/mexic-els-estats-units-espanya\/#article","isPartOf":{"@id":"https:\/\/raed.academy\/ca\/mexic-els-estats-units-espanya\/"},"author":{"name":"RAED","@id":"https:\/\/raed.academy\/ca\/#\/schema\/person\/5a755da80d1d979fd66ba745c8702927"},"headline":"M\u00e8xic, els Estats Units, Espanya","datePublished":"2024-11-29T16:14:49+00:00","dateModified":"2024-11-29T16:19:58+00:00","mainEntityOfPage":{"@id":"https:\/\/raed.academy\/ca\/mexic-els-estats-units-espanya\/"},"wordCount":984,"publisher":{"@id":"https:\/\/raed.academy\/ca\/#organization"},"image":{"@id":"https:\/\/raed.academy\/ca\/mexic-els-estats-units-espanya\/#primaryimage"},"thumbnailUrl":"https:\/\/raed.academy\/wp-content\/uploads\/2020\/09\/Desembarco_de_Colon_de_Dioscoro_Puebla-dstNtc.jpg","articleSection":["Ci\u00e8ncies pol\u00edtiques","Hist\u00f2ria","Hist\u00f2ria nacional"],"inLanguage":"ca-ES"},{"@type":"WebPage","@id":"https:\/\/raed.academy\/ca\/mexic-els-estats-units-espanya\/","url":"https:\/\/raed.academy\/ca\/mexic-els-estats-units-espanya\/","name":"M\u00e8xic, els Estats Units, Espanya - Reial Acad\u00e8mia Europea de Doctors","isPartOf":{"@id":"https:\/\/raed.academy\/ca\/#website"},"primaryImageOfPage":{"@id":"https:\/\/raed.academy\/ca\/mexic-els-estats-units-espanya\/#primaryimage"},"image":{"@id":"https:\/\/raed.academy\/ca\/mexic-els-estats-units-espanya\/#primaryimage"},"thumbnailUrl":"https:\/\/raed.academy\/wp-content\/uploads\/2020\/09\/Desembarco_de_Colon_de_Dioscoro_Puebla-dstNtc.jpg","datePublished":"2024-11-29T16:14:49+00:00","dateModified":"2024-11-29T16:19:58+00:00","description":"Reflexions sobre la hist\u00f2ria i l'actualitat mexicana i internacional en els \u00faltims articles de l'historiador mexic\u00e0 Enrique Sada","breadcrumb":{"@id":"https:\/\/raed.academy\/ca\/mexic-els-estats-units-espanya\/#breadcrumb"},"inLanguage":"ca-ES","potentialAction":[{"@type":"ReadAction","target":["https:\/\/raed.academy\/ca\/mexic-els-estats-units-espanya\/"]}]},{"@type":"ImageObject","inLanguage":"ca-ES","@id":"https:\/\/raed.academy\/ca\/mexic-els-estats-units-espanya\/#primaryimage","url":"https:\/\/raed.academy\/wp-content\/uploads\/2020\/09\/Desembarco_de_Colon_de_Dioscoro_Puebla-dstNtc.jpg","contentUrl":"https:\/\/raed.academy\/wp-content\/uploads\/2020\/09\/Desembarco_de_Colon_de_Dioscoro_Puebla-dstNtc.jpg","width":500,"height":300,"caption":"Desembarco de Col\u00f3n de Di\u00f3scoro Puebla"},{"@type":"BreadcrumbList","@id":"https:\/\/raed.academy\/ca\/mexic-els-estats-units-espanya\/#breadcrumb","itemListElement":[{"@type":"ListItem","position":1,"name":"Inicio","item":"https:\/\/raed.academy\/ca\/"},{"@type":"ListItem","position":2,"name":"M\u00e8xic, els Estats Units, Espanya"}]},{"@type":"WebSite","@id":"https:\/\/raed.academy\/ca\/#website","url":"https:\/\/raed.academy\/ca\/","name":"Reial Acad\u00e8mia Europea de Doctors","description":"Corporaci\u00f3n de derecho p\u00fablico de car\u00e1cter cient\u00edfico, t\u00e9cnico y art\u00edstico, que tiene por objeto la investigaci\u00f3n, el estudio, el fomento y la extensi\u00f3n del conocimiento en su sentido m\u00e1s amplio","publisher":{"@id":"https:\/\/raed.academy\/ca\/#organization"},"potentialAction":[{"@type":"SearchAction","target":{"@type":"EntryPoint","urlTemplate":"https:\/\/raed.academy\/ca\/?s={search_term_string}"},"query-input":{"@type":"PropertyValueSpecification","valueRequired":true,"valueName":"search_term_string"}}],"inLanguage":"ca-ES"},{"@type":"Organization","@id":"https:\/\/raed.academy\/ca\/#organization","name":"Real Academia Europea de Doctores","url":"https:\/\/raed.academy\/ca\/","logo":{"@type":"ImageObject","inLanguage":"ca-ES","@id":"https:\/\/raed.academy\/ca\/#\/schema\/logo\/image\/","url":"https:\/\/raed.academy\/wp-content\/uploads\/2017\/01\/cropped-logo_raed.png","contentUrl":"https:\/\/raed.academy\/wp-content\/uploads\/2017\/01\/cropped-logo_raed.png","width":512,"height":512,"caption":"Real Academia Europea de Doctores"},"image":{"@id":"https:\/\/raed.academy\/ca\/#\/schema\/logo\/image\/"},"sameAs":["http:\/\/fb.me\/raed.academy","https:\/\/x.com\/raedacademy","https:\/\/www.instagram.com\/raed.academy\/","https:\/\/www.youtube.com\/channel\/UCUYQwW2KrdirNWihxMDObwg"]},{"@type":"Person","@id":"https:\/\/raed.academy\/ca\/#\/schema\/person\/5a755da80d1d979fd66ba745c8702927","name":"RAED","image":{"@type":"ImageObject","inLanguage":"ca-ES","@id":"https:\/\/secure.gravatar.com\/avatar\/19fdfdc0d67fb9c45714b703a2ac82251c4fcea3637f002ac3c9b74c0183583c?s=96&d=mm&r=g","url":"https:\/\/secure.gravatar.com\/avatar\/19fdfdc0d67fb9c45714b703a2ac82251c4fcea3637f002ac3c9b74c0183583c?s=96&d=mm&r=g","contentUrl":"https:\/\/secure.gravatar.com\/avatar\/19fdfdc0d67fb9c45714b703a2ac82251c4fcea3637f002ac3c9b74c0183583c?s=96&d=mm&r=g","caption":"RAED"}}]}},"_links":{"self":[{"href":"https:\/\/raed.academy\/ca\/wp-json\/wp\/v2\/posts\/156258","targetHints":{"allow":["GET"]}}],"collection":[{"href":"https:\/\/raed.academy\/ca\/wp-json\/wp\/v2\/posts"}],"about":[{"href":"https:\/\/raed.academy\/ca\/wp-json\/wp\/v2\/types\/post"}],"author":[{"embeddable":true,"href":"https:\/\/raed.academy\/ca\/wp-json\/wp\/v2\/users\/12"}],"replies":[{"embeddable":true,"href":"https:\/\/raed.academy\/ca\/wp-json\/wp\/v2\/comments?post=156258"}],"version-history":[{"count":0,"href":"https:\/\/raed.academy\/ca\/wp-json\/wp\/v2\/posts\/156258\/revisions"}],"wp:featuredmedia":[{"embeddable":true,"href":"https:\/\/raed.academy\/ca\/wp-json\/wp\/v2\/media\/93119"}],"wp:attachment":[{"href":"https:\/\/raed.academy\/ca\/wp-json\/wp\/v2\/media?parent=156258"}],"wp:term":[{"taxonomy":"category","embeddable":true,"href":"https:\/\/raed.academy\/ca\/wp-json\/wp\/v2\/categories?post=156258"},{"taxonomy":"post_tag","embeddable":true,"href":"https:\/\/raed.academy\/ca\/wp-json\/wp\/v2\/tags?post=156258"}],"curies":[{"name":"wp","href":"https:\/\/api.w.org\/{rel}","templated":true}]}}