{"id":155819,"date":"2024-11-22T17:08:39","date_gmt":"2024-11-22T17:08:39","guid":{"rendered":"https:\/\/raed.academy\/?p=155819"},"modified":"2024-11-22T17:08:39","modified_gmt":"2024-11-22T17:08:39","slug":"el-repte-de-desmentir-les-fake-news","status":"publish","type":"post","link":"https:\/\/raed.academy\/ca\/el-repte-de-desmentir-les-fake-news\/","title":{"rendered":"El repte de desmentir les &#8216;fake news&#8217;"},"content":{"rendered":"<div id=\"attachment_55868\" style=\"width: 275px\" class=\"wp-caption alignleft\"><img loading=\"lazy\" decoding=\"async\" aria-describedby=\"caption-attachment-55868\" class=\"wp-image-55868\" src=\"https:\/\/raed.academy\/wp-content\/uploads\/2018\/09\/Ernesto-Kahan.jpg\" alt=\"Dr. Ernesto Kahan\" width=\"265\" height=\"316\" aria-describedby=\"caption-attachment-55868\" \/><p id=\"caption-attachment-55868\" class=\"wp-caption-text\">Dr. Ernesto Kahan<\/p><\/div>\n<p><a href=\"https:\/\/raed.academy\/ca\/academics\/dr-ernesto-kahan\/\" target=\"_blank\" rel=\"noopener\"><em><strong>Ernesto Kahan<\/strong><\/em><\/a>, premi Nobel de la Pau en representaci\u00f3 de l&#8217;<strong>Associaci\u00f3 Internacional de Metges Contra la Guerra Nuclear<\/strong>, director de l&#8217;<strong>Organitzaci\u00f3 Mundial d&#8217;Escriptors<\/strong> i acad\u00e8mic d&#8217;honor de la <strong>Reial Acad\u00e8mia Europea de Doctors-Barcelona 1914<\/strong> (RAED), explica en un article publicat el passat 4 de novembre a la publicaci\u00f3 digital <strong>El Diario de Madrid<\/strong> el projecte <strong>Reptes Vitals per a una Nova Era<\/strong>, que impulsa tant la RAED com la <strong>Fundaci\u00f3 Pro Reial Acad\u00e8mia Europea de Doctors<\/strong>, i presenta la seva aportaci\u00f3 a la darrera edici\u00f3, que porta per t\u00edtol <strong>&#8220;El problema de la veritat a mitges en ci\u00e8ncies socials i biol\u00f2giques&#8221;<\/strong>.<\/p>\n<p>&#8220;En aquest article, sobre la base de recents publicacions del segle XXI, s&#8217;analitzen els conceptes &#8216;veritat&#8217; i &#8216;veritat parcial&#8217;, en les seves implicacions socials i biol\u00f2giques i en els aspectes filos\u00f2fics d&#8217;\u00e8tica i moral, legals, abast, visi\u00f3 futura i necessitat de canvis.\u00a0 El resultat \u00e9s que la realitat existent i pateix una an\u00e0rquica i perillosa situaci\u00f3 que es manifesta en informaci\u00f3 falsa, malintencionada i parcialitzada i que demana intensificar l&#8217;an\u00e0lisi d&#8217;aquesta problem\u00e0tica, en termes d&#8217;abast i de gravetat i definir els mecanismes per enfrontar i prevenir els seus problemes per mitj\u00e0 de nous organismes responsables i fiables. En la discussi\u00f3 d&#8217;aquests mecanismes, l&#8217;article presenta nous horitzons i marcs per a un millor tractament i prevenci\u00f3 d&#8217;aquest tipus d&#8217;informaci\u00f3, incloent-hi aspectes espec\u00edfics que haurien de ser tractats per aquests organismes, per a l&#8217;an\u00e0lisi, el control i la legislaci\u00f3 corresponents&#8221;, explica sobre la seva aportaci\u00f3.<\/p>\n<p><img loading=\"lazy\" decoding=\"async\" class=\"wp-image-100486 alignright\" src=\"https:\/\/raed.academy\/wp-content\/uploads\/2021\/03\/shutterstock_fake-news-manipulacion-informativa-dstNtc.jpg\" sizes=\"(max-width: 458px) 100vw, 458px\" srcset=\"https:\/\/raed.academy\/wp-content\/uploads\/2021\/03\/shutterstock_fake-news-manipulacion-informativa-dstNtc.jpg 600w, https:\/\/raed.academy\/wp-content\/uploads\/2021\/03\/shutterstock_fake-news-manipulacion-informativa-dstNtc-440x264.jpg 440w\" alt=\"\" width=\"458\" height=\"275\" \/>Kahan lloa la iniciativa de Reptes Vitals, que aquesta edici\u00f3 compta amb col\u00b7laboraci\u00f3 de m\u00e9s de 100 autors, inclosos els premis Nobel de la Reial Acad\u00e8mia, que s&#8217;han sumat al projecte per oferir els seus coneixements i an\u00e0lisis als temes m\u00e9s rellevants de l&#8217;actualitat des de un vessant cient\u00edfic, enfrontant una s\u00e8rie de reptes que abasten des de la transformaci\u00f3 digital i el canvi clim\u00e0tic fins a la igualtat social i els aven\u00e7os en la biotecnologia. &#8220;Entre altres dels temes tractats en el projecte es troba, a m\u00e9s, la religi\u00f3 i la pau al m\u00f3n que ve, \u00a0qualitat i futur de l&#8217;educaci\u00f3, desafiaments i realitats en la investigaci\u00f3 moderna, sostenibilitat i geobiodiversitat, desafiaments i futur de l&#8217;alimentaci\u00f3, l&#8217;objectiu d&#8217;una sola salut, innovaci\u00f3 i salut a l&#8217;era digital, l&#8217;amena\u00e7a que plana sobre les democr\u00e0cies europees, etc&#8230;&#8221;, afegeix.<\/p>\n<p>Reptes Vitals 2024 va ser presentat a l&#8217;<strong>Oficina del Parlament Europeu<\/strong> a Madrid de la m\u00e0 de l&#8217;eurodiputada i acad\u00e8mica electa de la RAED <strong>Eva Poptcheva<\/strong> i del <strong>Departament d&#8217;Acci\u00f3 Exterior i Uni\u00f3 Europea<\/strong> de la <strong>Generalitat de Catalunya<\/strong> i al <strong>Centre d&#8217;Acci\u00f3 Laica <\/strong>de la <strong>Universitat Lliure<\/strong> de Brussel\u00b7les en un acte liderat per <a href=\"https:\/\/raed.academy\/ca\/academics\/dr-jose-ramon-calvo-fernandez\/\" target=\"_blank\" rel=\"noopener\"><em><strong>Jos\u00e9 Ram\u00f3n Calvo<\/strong><\/em><\/a>, acad\u00e8mic de n\u00famero i president de l&#8217;<strong>Institut de Cooperaci\u00f3 Internacional<\/strong> de la RAED. El pr\u00f2xim 19 de desembre es presentar\u00e0 tamb\u00e9 a Barcelona, \u200b\u200ba l&#8217;auditori del <strong>C\u00edrculo Ecuestre<\/strong>. Aquests esdeveniments apleguen alguns dels autors destacats d&#8217;aquesta edici\u00f3, que comparteixen les seves investigacions i reflexions sobre els temes abordats al llibre. Una oportunitat \u00fanica perqu\u00e8 acad\u00e8mics, professionals i el p\u00fablic en general participin en debats enriquidors, ampli\u00efn la seva comprensi\u00f3 dels desafiaments actuals i col\u00b7laborin en la cerca de solucions innovadores.<\/p>\n<h2><a href=\"https:\/\/www.eldiariodemadrid.es\/articulo\/opinion\/proyecto-impresionados-europa-mundo\/20241104142420082261.html\" target=\"_blank\" rel=\"noopener\">Llegiu l&#8217;article<\/a><\/h2>\n","protected":false},"excerpt":{"rendered":"<p>Ernesto Kahan presenta la seva aportaci\u00f3 a la darrera edici\u00f3 del projecte Reptes Vitals per a una Nova Era, que porta per t\u00edtol &#8220;El problema de la verdad a medias en ciencias sociales y biol\u00f3gicas&#8221;<\/p>\n","protected":false},"author":12,"featured_media":0,"comment_status":"closed","ping_status":"closed","sticky":false,"template":"","format":"standard","meta":{"_et_pb_use_builder":"","_et_pb_old_content":"","_et_gb_content_width":"","footnotes":""},"categories":[496,371,354],"tags":[],"class_list":["post-155819","post","type-post","status-publish","format-standard","hentry","category-educacio-etica-i-valors-ca","category-reptes-vitals-per-a-una-nova-era","category-tecnologies-de-la-informacio-i-de-la-comunicacio","et-doesnt-have-format-content","et_post_format-et-post-format-standard"],"yoast_head":"<!-- This site is optimized with the Yoast SEO plugin v27.4 - https:\/\/yoast.com\/product\/yoast-seo-wordpress\/ -->\n<title>El repte de desmentir les &#039;fake news&#039; - Reial Acad\u00e8mia Europea de Doctors<\/title>\n<meta name=\"description\" content=\"Ernesto Kahan presenta la seva aportaci\u00f3 al projecte Retos Vitales per a una Nova Era, t\u00edtulada &quot;El problema de la verdad a medias en ciencias sociales y biol\u00f3gicas&quot;\" \/>\n<meta name=\"robots\" content=\"index, follow, max-snippet:-1, max-image-preview:large, max-video-preview:-1\" \/>\n<link rel=\"canonical\" href=\"https:\/\/raed.academy\/ca\/el-repte-de-desmentir-les-fake-news\/\" \/>\n<meta property=\"og:locale\" content=\"ca_ES\" \/>\n<meta property=\"og:type\" content=\"article\" \/>\n<meta property=\"og:title\" content=\"El repte de desmentir les &#039;fake news&#039; - Reial Acad\u00e8mia Europea de Doctors\" \/>\n<meta property=\"og:description\" content=\"Ernesto Kahan presenta la seva aportaci\u00f3 al projecte Retos Vitales per a una Nova Era, t\u00edtulada &quot;El problema de la verdad a medias en ciencias sociales y biol\u00f3gicas&quot;\" \/>\n<meta property=\"og:url\" content=\"https:\/\/raed.academy\/ca\/el-repte-de-desmentir-les-fake-news\/\" \/>\n<meta property=\"og:site_name\" content=\"Reial Acad\u00e8mia Europea de Doctors\" \/>\n<meta property=\"article:publisher\" content=\"http:\/\/fb.me\/raed.academy\" \/>\n<meta property=\"article:published_time\" content=\"2024-11-22T17:08:39+00:00\" \/>\n<meta property=\"og:image\" content=\"https:\/\/raed.academy\/wp-content\/uploads\/2021\/03\/shutterstock_fake-news-manipulacion-informativa-dstNtc.jpg\" \/>\n\t<meta property=\"og:image:width\" content=\"600\" \/>\n\t<meta property=\"og:image:height\" content=\"360\" \/>\n\t<meta property=\"og:image:type\" content=\"image\/jpeg\" \/>\n<meta name=\"author\" content=\"RAED\" \/>\n<meta name=\"twitter:card\" content=\"summary_large_image\" \/>\n<meta name=\"twitter:creator\" content=\"@raedacademy\" \/>\n<meta name=\"twitter:site\" content=\"@raedacademy\" \/>\n<meta name=\"twitter:label1\" content=\"Written by\" \/>\n\t<meta name=\"twitter:data1\" content=\"RAED\" \/>\n\t<meta name=\"twitter:label2\" content=\"Est. reading time\" \/>\n\t<meta name=\"twitter:data2\" content=\"4 minutes\" \/>\n<script type=\"application\/ld+json\" class=\"yoast-schema-graph\">{\"@context\":\"https:\\\/\\\/schema.org\",\"@graph\":[{\"@type\":\"Article\",\"@id\":\"https:\\\/\\\/raed.academy\\\/ca\\\/el-repte-de-desmentir-les-fake-news\\\/#article\",\"isPartOf\":{\"@id\":\"https:\\\/\\\/raed.academy\\\/ca\\\/el-repte-de-desmentir-les-fake-news\\\/\"},\"author\":{\"name\":\"RAED\",\"@id\":\"https:\\\/\\\/raed.academy\\\/ca\\\/#\\\/schema\\\/person\\\/5a755da80d1d979fd66ba745c8702927\"},\"headline\":\"El repte de desmentir les &#8216;fake news&#8217;\",\"datePublished\":\"2024-11-22T17:08:39+00:00\",\"mainEntityOfPage\":{\"@id\":\"https:\\\/\\\/raed.academy\\\/ca\\\/el-repte-de-desmentir-les-fake-news\\\/\"},\"wordCount\":599,\"publisher\":{\"@id\":\"https:\\\/\\\/raed.academy\\\/ca\\\/#organization\"},\"image\":{\"@id\":\"https:\\\/\\\/raed.academy\\\/ca\\\/el-repte-de-desmentir-les-fake-news\\\/#primaryimage\"},\"thumbnailUrl\":\"https:\\\/\\\/raed.academy\\\/wp-content\\\/uploads\\\/2018\\\/09\\\/Ernesto-Kahan.jpg\",\"articleSection\":[\"Educaci\u00f3, \u00e8tica i valors\",\"Reptes Vitals per a una nova era\",\"Tecnologies de la informaci\u00f3 i de la comunicaci\u00f3\"],\"inLanguage\":\"ca-ES\"},{\"@type\":\"WebPage\",\"@id\":\"https:\\\/\\\/raed.academy\\\/ca\\\/el-repte-de-desmentir-les-fake-news\\\/\",\"url\":\"https:\\\/\\\/raed.academy\\\/ca\\\/el-repte-de-desmentir-les-fake-news\\\/\",\"name\":\"El repte de desmentir les 'fake news' - Reial Acad\u00e8mia Europea de Doctors\",\"isPartOf\":{\"@id\":\"https:\\\/\\\/raed.academy\\\/ca\\\/#website\"},\"primaryImageOfPage\":{\"@id\":\"https:\\\/\\\/raed.academy\\\/ca\\\/el-repte-de-desmentir-les-fake-news\\\/#primaryimage\"},\"image\":{\"@id\":\"https:\\\/\\\/raed.academy\\\/ca\\\/el-repte-de-desmentir-les-fake-news\\\/#primaryimage\"},\"thumbnailUrl\":\"https:\\\/\\\/raed.academy\\\/wp-content\\\/uploads\\\/2018\\\/09\\\/Ernesto-Kahan.jpg\",\"datePublished\":\"2024-11-22T17:08:39+00:00\",\"description\":\"Ernesto Kahan presenta la seva aportaci\u00f3 al projecte Retos Vitales per a una Nova Era, t\u00edtulada \\\"El problema de la verdad a medias en ciencias sociales y biol\u00f3gicas\\\"\",\"breadcrumb\":{\"@id\":\"https:\\\/\\\/raed.academy\\\/ca\\\/el-repte-de-desmentir-les-fake-news\\\/#breadcrumb\"},\"inLanguage\":\"ca-ES\",\"potentialAction\":[{\"@type\":\"ReadAction\",\"target\":[\"https:\\\/\\\/raed.academy\\\/ca\\\/el-repte-de-desmentir-les-fake-news\\\/\"]}]},{\"@type\":\"ImageObject\",\"inLanguage\":\"ca-ES\",\"@id\":\"https:\\\/\\\/raed.academy\\\/ca\\\/el-repte-de-desmentir-les-fake-news\\\/#primaryimage\",\"url\":\"https:\\\/\\\/raed.academy\\\/wp-content\\\/uploads\\\/2018\\\/09\\\/Ernesto-Kahan.jpg\",\"contentUrl\":\"https:\\\/\\\/raed.academy\\\/wp-content\\\/uploads\\\/2018\\\/09\\\/Ernesto-Kahan.jpg\"},{\"@type\":\"BreadcrumbList\",\"@id\":\"https:\\\/\\\/raed.academy\\\/ca\\\/el-repte-de-desmentir-les-fake-news\\\/#breadcrumb\",\"itemListElement\":[{\"@type\":\"ListItem\",\"position\":1,\"name\":\"Inicio\",\"item\":\"https:\\\/\\\/raed.academy\\\/ca\\\/\"},{\"@type\":\"ListItem\",\"position\":2,\"name\":\"El repte de desmentir les &#8216;fake news&#8217;\"}]},{\"@type\":\"WebSite\",\"@id\":\"https:\\\/\\\/raed.academy\\\/ca\\\/#website\",\"url\":\"https:\\\/\\\/raed.academy\\\/ca\\\/\",\"name\":\"Reial Acad\u00e8mia Europea de Doctors\",\"description\":\"Corporaci\u00f3n de derecho p\u00fablico de car\u00e1cter cient\u00edfico, t\u00e9cnico y art\u00edstico, que tiene por objeto la investigaci\u00f3n, el estudio, el fomento y la extensi\u00f3n del conocimiento en su sentido m\u00e1s amplio\",\"publisher\":{\"@id\":\"https:\\\/\\\/raed.academy\\\/ca\\\/#organization\"},\"potentialAction\":[{\"@type\":\"SearchAction\",\"target\":{\"@type\":\"EntryPoint\",\"urlTemplate\":\"https:\\\/\\\/raed.academy\\\/ca\\\/?s={search_term_string}\"},\"query-input\":{\"@type\":\"PropertyValueSpecification\",\"valueRequired\":true,\"valueName\":\"search_term_string\"}}],\"inLanguage\":\"ca-ES\"},{\"@type\":\"Organization\",\"@id\":\"https:\\\/\\\/raed.academy\\\/ca\\\/#organization\",\"name\":\"Real Academia Europea de Doctores\",\"url\":\"https:\\\/\\\/raed.academy\\\/ca\\\/\",\"logo\":{\"@type\":\"ImageObject\",\"inLanguage\":\"ca-ES\",\"@id\":\"https:\\\/\\\/raed.academy\\\/ca\\\/#\\\/schema\\\/logo\\\/image\\\/\",\"url\":\"https:\\\/\\\/raed.academy\\\/wp-content\\\/uploads\\\/2017\\\/01\\\/cropped-logo_raed.png\",\"contentUrl\":\"https:\\\/\\\/raed.academy\\\/wp-content\\\/uploads\\\/2017\\\/01\\\/cropped-logo_raed.png\",\"width\":512,\"height\":512,\"caption\":\"Real Academia Europea de Doctores\"},\"image\":{\"@id\":\"https:\\\/\\\/raed.academy\\\/ca\\\/#\\\/schema\\\/logo\\\/image\\\/\"},\"sameAs\":[\"http:\\\/\\\/fb.me\\\/raed.academy\",\"https:\\\/\\\/x.com\\\/raedacademy\",\"https:\\\/\\\/www.instagram.com\\\/raed.academy\\\/\",\"https:\\\/\\\/www.youtube.com\\\/channel\\\/UCUYQwW2KrdirNWihxMDObwg\"]},{\"@type\":\"Person\",\"@id\":\"https:\\\/\\\/raed.academy\\\/ca\\\/#\\\/schema\\\/person\\\/5a755da80d1d979fd66ba745c8702927\",\"name\":\"RAED\",\"image\":{\"@type\":\"ImageObject\",\"inLanguage\":\"ca-ES\",\"@id\":\"https:\\\/\\\/secure.gravatar.com\\\/avatar\\\/19fdfdc0d67fb9c45714b703a2ac82251c4fcea3637f002ac3c9b74c0183583c?s=96&d=mm&r=g\",\"url\":\"https:\\\/\\\/secure.gravatar.com\\\/avatar\\\/19fdfdc0d67fb9c45714b703a2ac82251c4fcea3637f002ac3c9b74c0183583c?s=96&d=mm&r=g\",\"contentUrl\":\"https:\\\/\\\/secure.gravatar.com\\\/avatar\\\/19fdfdc0d67fb9c45714b703a2ac82251c4fcea3637f002ac3c9b74c0183583c?s=96&d=mm&r=g\",\"caption\":\"RAED\"}}]}<\/script>\n<!-- \/ Yoast SEO plugin. -->","yoast_head_json":{"title":"El repte de desmentir les 'fake news' - Reial Acad\u00e8mia Europea de Doctors","description":"Ernesto Kahan presenta la seva aportaci\u00f3 al projecte Retos Vitales per a una Nova Era, t\u00edtulada \"El problema de la verdad a medias en ciencias sociales y biol\u00f3gicas\"","robots":{"index":"index","follow":"follow","max-snippet":"max-snippet:-1","max-image-preview":"max-image-preview:large","max-video-preview":"max-video-preview:-1"},"canonical":"https:\/\/raed.academy\/ca\/el-repte-de-desmentir-les-fake-news\/","og_locale":"ca_ES","og_type":"article","og_title":"El repte de desmentir les 'fake news' - Reial Acad\u00e8mia Europea de Doctors","og_description":"Ernesto Kahan presenta la seva aportaci\u00f3 al projecte Retos Vitales per a una Nova Era, t\u00edtulada \"El problema de la verdad a medias en ciencias sociales y biol\u00f3gicas\"","og_url":"https:\/\/raed.academy\/ca\/el-repte-de-desmentir-les-fake-news\/","og_site_name":"Reial Acad\u00e8mia Europea de Doctors","article_publisher":"http:\/\/fb.me\/raed.academy","article_published_time":"2024-11-22T17:08:39+00:00","og_image":[{"width":600,"height":360,"url":"https:\/\/raed.academy\/wp-content\/uploads\/2021\/03\/shutterstock_fake-news-manipulacion-informativa-dstNtc.jpg","type":"image\/jpeg"}],"author":"RAED","twitter_card":"summary_large_image","twitter_creator":"@raedacademy","twitter_site":"@raedacademy","twitter_misc":{"Written by":"RAED","Est. reading time":"4 minutes"},"schema":{"@context":"https:\/\/schema.org","@graph":[{"@type":"Article","@id":"https:\/\/raed.academy\/ca\/el-repte-de-desmentir-les-fake-news\/#article","isPartOf":{"@id":"https:\/\/raed.academy\/ca\/el-repte-de-desmentir-les-fake-news\/"},"author":{"name":"RAED","@id":"https:\/\/raed.academy\/ca\/#\/schema\/person\/5a755da80d1d979fd66ba745c8702927"},"headline":"El repte de desmentir les &#8216;fake news&#8217;","datePublished":"2024-11-22T17:08:39+00:00","mainEntityOfPage":{"@id":"https:\/\/raed.academy\/ca\/el-repte-de-desmentir-les-fake-news\/"},"wordCount":599,"publisher":{"@id":"https:\/\/raed.academy\/ca\/#organization"},"image":{"@id":"https:\/\/raed.academy\/ca\/el-repte-de-desmentir-les-fake-news\/#primaryimage"},"thumbnailUrl":"https:\/\/raed.academy\/wp-content\/uploads\/2018\/09\/Ernesto-Kahan.jpg","articleSection":["Educaci\u00f3, \u00e8tica i valors","Reptes Vitals per a una nova era","Tecnologies de la informaci\u00f3 i de la comunicaci\u00f3"],"inLanguage":"ca-ES"},{"@type":"WebPage","@id":"https:\/\/raed.academy\/ca\/el-repte-de-desmentir-les-fake-news\/","url":"https:\/\/raed.academy\/ca\/el-repte-de-desmentir-les-fake-news\/","name":"El repte de desmentir les 'fake news' - Reial Acad\u00e8mia Europea de Doctors","isPartOf":{"@id":"https:\/\/raed.academy\/ca\/#website"},"primaryImageOfPage":{"@id":"https:\/\/raed.academy\/ca\/el-repte-de-desmentir-les-fake-news\/#primaryimage"},"image":{"@id":"https:\/\/raed.academy\/ca\/el-repte-de-desmentir-les-fake-news\/#primaryimage"},"thumbnailUrl":"https:\/\/raed.academy\/wp-content\/uploads\/2018\/09\/Ernesto-Kahan.jpg","datePublished":"2024-11-22T17:08:39+00:00","description":"Ernesto Kahan presenta la seva aportaci\u00f3 al projecte Retos Vitales per a una Nova Era, t\u00edtulada \"El problema de la verdad a medias en ciencias sociales y biol\u00f3gicas\"","breadcrumb":{"@id":"https:\/\/raed.academy\/ca\/el-repte-de-desmentir-les-fake-news\/#breadcrumb"},"inLanguage":"ca-ES","potentialAction":[{"@type":"ReadAction","target":["https:\/\/raed.academy\/ca\/el-repte-de-desmentir-les-fake-news\/"]}]},{"@type":"ImageObject","inLanguage":"ca-ES","@id":"https:\/\/raed.academy\/ca\/el-repte-de-desmentir-les-fake-news\/#primaryimage","url":"https:\/\/raed.academy\/wp-content\/uploads\/2018\/09\/Ernesto-Kahan.jpg","contentUrl":"https:\/\/raed.academy\/wp-content\/uploads\/2018\/09\/Ernesto-Kahan.jpg"},{"@type":"BreadcrumbList","@id":"https:\/\/raed.academy\/ca\/el-repte-de-desmentir-les-fake-news\/#breadcrumb","itemListElement":[{"@type":"ListItem","position":1,"name":"Inicio","item":"https:\/\/raed.academy\/ca\/"},{"@type":"ListItem","position":2,"name":"El repte de desmentir les &#8216;fake news&#8217;"}]},{"@type":"WebSite","@id":"https:\/\/raed.academy\/ca\/#website","url":"https:\/\/raed.academy\/ca\/","name":"Reial Acad\u00e8mia Europea de Doctors","description":"Corporaci\u00f3n de derecho p\u00fablico de car\u00e1cter cient\u00edfico, t\u00e9cnico y art\u00edstico, que tiene por objeto la investigaci\u00f3n, el estudio, el fomento y la extensi\u00f3n del conocimiento en su sentido m\u00e1s amplio","publisher":{"@id":"https:\/\/raed.academy\/ca\/#organization"},"potentialAction":[{"@type":"SearchAction","target":{"@type":"EntryPoint","urlTemplate":"https:\/\/raed.academy\/ca\/?s={search_term_string}"},"query-input":{"@type":"PropertyValueSpecification","valueRequired":true,"valueName":"search_term_string"}}],"inLanguage":"ca-ES"},{"@type":"Organization","@id":"https:\/\/raed.academy\/ca\/#organization","name":"Real Academia Europea de Doctores","url":"https:\/\/raed.academy\/ca\/","logo":{"@type":"ImageObject","inLanguage":"ca-ES","@id":"https:\/\/raed.academy\/ca\/#\/schema\/logo\/image\/","url":"https:\/\/raed.academy\/wp-content\/uploads\/2017\/01\/cropped-logo_raed.png","contentUrl":"https:\/\/raed.academy\/wp-content\/uploads\/2017\/01\/cropped-logo_raed.png","width":512,"height":512,"caption":"Real Academia Europea de Doctores"},"image":{"@id":"https:\/\/raed.academy\/ca\/#\/schema\/logo\/image\/"},"sameAs":["http:\/\/fb.me\/raed.academy","https:\/\/x.com\/raedacademy","https:\/\/www.instagram.com\/raed.academy\/","https:\/\/www.youtube.com\/channel\/UCUYQwW2KrdirNWihxMDObwg"]},{"@type":"Person","@id":"https:\/\/raed.academy\/ca\/#\/schema\/person\/5a755da80d1d979fd66ba745c8702927","name":"RAED","image":{"@type":"ImageObject","inLanguage":"ca-ES","@id":"https:\/\/secure.gravatar.com\/avatar\/19fdfdc0d67fb9c45714b703a2ac82251c4fcea3637f002ac3c9b74c0183583c?s=96&d=mm&r=g","url":"https:\/\/secure.gravatar.com\/avatar\/19fdfdc0d67fb9c45714b703a2ac82251c4fcea3637f002ac3c9b74c0183583c?s=96&d=mm&r=g","contentUrl":"https:\/\/secure.gravatar.com\/avatar\/19fdfdc0d67fb9c45714b703a2ac82251c4fcea3637f002ac3c9b74c0183583c?s=96&d=mm&r=g","caption":"RAED"}}]}},"_links":{"self":[{"href":"https:\/\/raed.academy\/ca\/wp-json\/wp\/v2\/posts\/155819","targetHints":{"allow":["GET"]}}],"collection":[{"href":"https:\/\/raed.academy\/ca\/wp-json\/wp\/v2\/posts"}],"about":[{"href":"https:\/\/raed.academy\/ca\/wp-json\/wp\/v2\/types\/post"}],"author":[{"embeddable":true,"href":"https:\/\/raed.academy\/ca\/wp-json\/wp\/v2\/users\/12"}],"replies":[{"embeddable":true,"href":"https:\/\/raed.academy\/ca\/wp-json\/wp\/v2\/comments?post=155819"}],"version-history":[{"count":0,"href":"https:\/\/raed.academy\/ca\/wp-json\/wp\/v2\/posts\/155819\/revisions"}],"wp:attachment":[{"href":"https:\/\/raed.academy\/ca\/wp-json\/wp\/v2\/media?parent=155819"}],"wp:term":[{"taxonomy":"category","embeddable":true,"href":"https:\/\/raed.academy\/ca\/wp-json\/wp\/v2\/categories?post=155819"},{"taxonomy":"post_tag","embeddable":true,"href":"https:\/\/raed.academy\/ca\/wp-json\/wp\/v2\/tags?post=155819"}],"curies":[{"name":"wp","href":"https:\/\/api.w.org\/{rel}","templated":true}]}}